{"id":34711,"date":"2021-05-10T12:23:14","date_gmt":"2021-05-10T10:23:14","guid":{"rendered":"https:\/\/www.laguiadepamplona.com\/actualidad\/?p=34711"},"modified":"2023-04-11T11:49:34","modified_gmt":"2023-04-11T09:49:34","slug":"publicadas-las-listas-provisionales-de-ninos-y-ninas-admitidos-en-las-escuelas-infantiles-publicas-de-pamplona","status":"publish","type":"post","link":"https:\/\/www.laguiadepamplona.com\/actualidad\/publicadas-las-listas-provisionales-de-ninos-y-ninas-admitidos-en-las-escuelas-infantiles-publicas-de-pamplona\/","title":{"rendered":"Publicadas las listas provisionales de ni\u00f1os y ni\u00f1as admitidos en las Escuelas Infantiles P\u00fablicas de Pamplona"},"content":{"rendered":"<h5>Para garantizar la confidencialidad cada familia s\u00f3lo puede consultar su expediente, un n\u00famero que les ha llegado por SMS<\/h5>\n<p><!--more--><\/p>\n<p>El Ayuntamiento de Pamplona, a trav\u00e9s del Organismo Aut\u00f3nomo Escuelas Infantiles, ha publicado hoy las listas provisionales de ni\u00f1os y ni\u00f1as admitidos en la red de Escuelas Infantiles P\u00fablicas de Pamplona. La relaci\u00f3n de menores admitidos y el orden en lista de espera en el que quedan los no admitidos se encuentran ya disponibles para consulta en cada una de las escuelas infantiles y en los tablones de anuncios del organismo aut\u00f3nomo municipal (avenida Conde Oliveto 4 2\u00ba izquierda) y de la Agencia Navarra de Autonom\u00eda y Desarrollo de las Personas (calle Abejeras 1).<\/p>\n<p>Asimismo toda esta informaci\u00f3n se puede consultar en las direcciones web <a href=\"http:\/\/www.pamplona.es\/escuelasinfantiles\/\" target=\"_blank\" rel=\"noopener\">www.pamplona.es\/escuelasinfantiles\/<\/a> y en <a href=\"http:\/\/www.navarra.es\" target=\"_blank\" rel=\"noopener\">www.navarra.es<\/a> o llamando al Tel\u00e9fono de Atenci\u00f3n Ciudadana 010 \/ 948 420100. Para garantizar la confidencialidad de los datos publicados, cada familia s\u00f3lo podr\u00e1 consultar su propio expediente de solicitad, cuyo n\u00famero les ha llegado a trav\u00e9s de un SMS. La red municipal suma un total de 873 plazas, de las que est\u00e1n vacantes para el pr\u00f3ximo curso 546 (327 menores han renovado matr\u00edcula). De ellas, 756 son plazas en jornada completa y 117 en media jornada. Las solicitudes aceptadas sin plaza entran en lista de espera, en el orden establecido por el baremo de acceso.<\/p>\n<p><script async src=\"\/\/pagead2.googlesyndication.com\/pagead\/js\/adsbygoogle.js\"><\/script><br \/>\n<!-- Noticias La Guia de Pamplona --><br \/>\n<ins class=\"adsbygoogle\"\nstyle=\"display:block\"\ndata-ad-client=\"ca-pub-6943679897239327\"\ndata-ad-slot=\"7048180777\"\ndata-ad-format=\"auto\"><\/ins><br \/>\n<script>\n(adsbygoogle = window.adsbygoogle || []).push({});\n<\/script><\/p>\n<p><strong>Pr\u00f3ximos plazos<\/strong><\/p>\n<p>A partir de hoy, y hasta el 14 de mayo, se abre el plazo de reclamaci\u00f3n para que quien as\u00ed lo considere, pueda hacerlo mediante instancia. Las reclamaciones se podr\u00e1n presentar digitalmente a trav\u00e9s de las sedes electr\u00f3nicas del Ayuntamiento de Pamplona o del Gobierno de Navarra, o de forma presencial en las sedes del Organismo Aut\u00f3nomo Escuelas Infantiles o la Agencia Navarra de Autonom\u00eda y Desarrollo de las Personas.<\/p>\n<p>Tras el periodo de reclamaci\u00f3n y el estudio de las solicitudes, la publicaci\u00f3n de las listas definitivas se har\u00e1 el 24 mayo por las mismas v\u00edas y en id\u00e9nticos lugares donde se han publicado las listas provisionales. Tambi\u00e9n se conocer\u00e1n en esa fecha las listas de espera que servir\u00e1n para cubrir las vacantes que se puedan producir durante el curso. No se realizar\u00e1 comunicaci\u00f3n individual de la admisi\u00f3n.<\/p>\n<p>Las familias que finalmente dispongan de plaza deber\u00e1n realizar la matr\u00edcula del 24 al 28 de mayo en la correspondiente escuela infantil, teniendo en cuenta que la formalizaci\u00f3n de la matr\u00edcula, salvo casos de baja voluntaria, conlleva el compromiso de asistencia y el pago de las tarifas establecidas (en el caso de las escuelas dependientes del Ayuntamiento de Pamplona \u00fanicamente el comedor en las plazas de jornada completa). El curso se iniciar\u00e1 el 16 de agosto.<\/p>\n<p><script async src=\"\/\/pagead2.googlesyndication.com\/pagead\/js\/adsbygoogle.js\"><\/script><br \/>\n<!-- Noticias La Guia de Pamplona --><br \/>\n<ins class=\"adsbygoogle\"\nstyle=\"display:block\"\ndata-ad-client=\"ca-pub-6943679897239327\"\ndata-ad-slot=\"7048180777\"\ndata-ad-format=\"auto\"><\/ins><br \/>\n<script>\n(adsbygoogle = window.adsbygoogle || []).push({});\n<\/script><\/p>\n<p>&nbsp;<\/p>\n<h3>Escuelas Infantiles P\u00fablicas de Pamplona<\/h3>\n<ul>\n<li><strong>Dependientes del Ayuntamiento de Pamplona<\/strong><\/li>\n<\/ul>\n<p><u>\u00a0\u00a0\u00a0\u00a0\u00a0\u00a0\u00a0\u00a0\u00a0\u00a0\u00a0\u00a0\u00a0\u00a0\u00a0\u00a0\u00a0\u00a0\u00a0\u00a0\u00a0\u00a0\u00a0\u00a0\u00a0\u00a0\u00a0\u00a0\u00a0\u00a0\u00a0\u00a0\u00a0\u00a0\u00a0 BARRIO \u00a0\u00a0\u00a0\u00a0\u00a0\u00a0\u00a0\u00a0\u00a0\u00a0\u00a0\u00a0\u00a0\u00a0\u00a0\u00a0\u00a0\u00a0 DIRECCI\u00d3N \u00a0\u00a0\u00a0\u00a0\u00a0\u00a0\u00a0\u00a0\u00a0\u00a0\u00a0\u00a0\u00a0\u00a0\u00a0\u00a0\u00a0\u00a0\u00a0\u00a0\u00a0\u00a0\u00a0\u00a0 TEL\u00c9FONO <\/u><\/p>\n<p>Hello Azpilaga\u00f1a\u00a0\u00a0\u00a0\u00a0\u00a0\u00a0\u00a0\u00a0 Azpilaga\u00f1a \u00a0\u00a0\u00a0\u00a0\u00a0\u00a0\u00a0\u00a0\u00a0\u00a0\u00a0\u00a0\u00a0\u00a0\u00a0 R\u00edo Alzania, 24 \u00a0\u00a0\u00a0\u00a0\u00a0\u00a0\u00a0\u00a0\u00a0\u00a0\u00a0\u00a0\u00a0\u00a0\u00a0\u00a0\u00a0\u00a0\u00a0\u00a0\u00a0 948 244 644<\/p>\n<p>Hello Buztintxuri \u00a0\u00a0\u00a0\u00a0\u00a0\u00a0\u00a0 Buztintxuri\u00a0\u00a0\u00a0\u00a0\u00a0\u00a0\u00a0\u00a0\u00a0\u00a0\u00a0\u00a0\u00a0\u00a0\u00a0\u00a0\u00a0 Mart\u00ednez de Ubago s\/n\u00a0\u00a0\u00a0\u00a0\u00a0\u00a0\u00a0\u00a0\u00a0 948 773 132<\/p>\n<p>Mendillorri \u00a0\u00a0\u00a0\u00a0\u00a0\u00a0\u00a0\u00a0\u00a0\u00a0\u00a0\u00a0\u00a0\u00a0\u00a0\u00a0\u00a0 Mendillorri \u00a0\u00a0\u00a0\u00a0\u00a0\u00a0\u00a0\u00a0\u00a0\u00a0\u00a0\u00a0\u00a0\u00a0\u00a0\u00a0 Se\u00f1or\u00edo de Egulbati, 26\u00a0\u00a0\u00a0\u00a0\u00a0\u00a0\u00a0\u00a0 948 162 567<\/p>\n<p>Printzearen Harresi\/ \u00a0 Milagrosa\u00a0\u00a0\u00a0\u00a0\u00a0\u00a0\u00a0\u00a0\u00a0\u00a0\u00a0\u00a0\u00a0\u00a0\u00a0\u00a0\u00a0\u00a0\u00a0 Alfredo Floristan, s\/n \u00a0\u00a0\u00a0\u00a0\u00a0\u00a0\u00a0\u00a0\u00a0\u00a0\u00a0\u00a0 948 247 788<\/p>\n<p>Fuerte del Pr\u00edncipe<\/p>\n<p>Hello Egunsenti \u00a0\u00a0\u00a0\u00a0\u00a0\u00a0\u00a0\u00a0 Orvina\u00a0\u00a0\u00a0\u00a0\u00a0\u00a0\u00a0\u00a0\u00a0\u00a0\u00a0\u00a0\u00a0\u00a0\u00a0\u00a0\u00a0\u00a0\u00a0\u00a0\u00a0\u00a0\u00a0 Miravalles, s\/n\u00a0\u00a0\u00a0\u00a0\u00a0\u00a0\u00a0\u00a0\u00a0\u00a0\u00a0\u00a0\u00a0\u00a0\u00a0\u00a0\u00a0\u00a0\u00a0\u00a0\u00a0\u00a0\u00a0 948 146 928<\/p>\n<p>Goiz Eder \u00a0\u00a0\u00a0\u00a0\u00a0\u00a0\u00a0\u00a0\u00a0\u00a0\u00a0\u00a0\u00a0\u00a0\u00a0\u00a0\u00a0 Rochapea\u00a0\u00a0\u00a0\u00a0\u00a0\u00a0\u00a0\u00a0\u00a0\u00a0\u00a0\u00a0\u00a0\u00a0\u00a0\u00a0\u00a0\u00a0 Traves\u00eda Tom\u00e1s de Burgui,9 948 355 763<\/p>\n<p>Haurtzaro \u00a0\u00a0\u00a0\u00a0\u00a0\u00a0\u00a0\u00a0\u00a0\u00a0\u00a0\u00a0\u00a0\u00a0\u00a0\u00a0\u00a0\u00a0 Rochapea\u00a0\u00a0\u00a0\u00a0\u00a0\u00a0\u00a0\u00a0\u00a0\u00a0\u00a0\u00a0\u00a0\u00a0\u00a0\u00a0\u00a0\u00a0 Artica, 1 Bis\u00a0\u00a0\u00a0\u00a0\u00a0\u00a0\u00a0\u00a0\u00a0\u00a0\u00a0\u00a0\u00a0\u00a0\u00a0\u00a0\u00a0\u00a0\u00a0\u00a0\u00a0\u00a0\u00a0\u00a0\u00a0\u00a0\u00a0 948 145 607<\/p>\n<p>Donibane \u00a0\u00a0\u00a0\u00a0\u00a0\u00a0\u00a0\u00a0\u00a0\u00a0\u00a0\u00a0\u00a0\u00a0\u00a0\u00a0\u00a0\u00a0 San Juan\u00a0\u00a0\u00a0\u00a0\u00a0\u00a0\u00a0\u00a0\u00a0\u00a0\u00a0\u00a0\u00a0\u00a0\u00a0\u00a0\u00a0\u00a0\u00a0 Monasterio Ecoyen, 1\u00a0\u00a0\u00a0\u00a0\u00a0\u00a0\u00a0\u00a0\u00a0\u00a0\u00a0 948 269 155<\/p>\n<p>Jos\u00e9 M\u00aa Huarte \u00a0\u00a0\u00a0\u00a0\u00a0\u00a0\u00a0\u00a0 San Juan\u00a0\u00a0\u00a0\u00a0\u00a0\u00a0\u00a0\u00a0\u00a0\u00a0\u00a0\u00a0\u00a0\u00a0\u00a0\u00a0\u00a0\u00a0\u00a0 Sancho el Fuerte, 40 \u00a0\u00a0\u00a0\u00a0\u00a0\u00a0\u00a0\u00a0\u00a0\u00a0\u00a0 948 253 528<\/p>\n<p>Izartegi \u00a0\u00a0\u00a0\u00a0\u00a0\u00a0\u00a0\u00a0\u00a0\u00a0\u00a0\u00a0\u00a0\u00a0\u00a0\u00a0\u00a0\u00a0\u00a0\u00a0\u00a0\u00a0 Txantrea\u00a0\u00a0\u00a0\u00a0\u00a0\u00a0\u00a0\u00a0\u00a0\u00a0\u00a0\u00a0\u00a0\u00a0\u00a0\u00a0\u00a0\u00a0\u00a0\u00a0 Subiza s\/\/n \u00a0\u00a0\u00a0\u00a0\u00a0\u00a0\u00a0\u00a0\u00a0\u00a0\u00a0\u00a0\u00a0\u00a0\u00a0\u00a0\u00a0\u00a0\u00a0\u00a0\u00a0\u00a0\u00a0\u00a0\u00a0\u00a0\u00a0 948 123 817<\/p>\n<ul>\n<li><strong>Dependientes de Gobierno de Navarra<\/strong><\/li>\n<\/ul>\n<p><u>\u00a0\u00a0\u00a0\u00a0\u00a0\u00a0\u00a0\u00a0\u00a0\u00a0\u00a0\u00a0\u00a0\u00a0\u00a0\u00a0\u00a0\u00a0\u00a0\u00a0\u00a0\u00a0\u00a0\u00a0\u00a0\u00a0\u00a0\u00a0\u00a0\u00a0\u00a0\u00a0\u00a0\u00a0\u00a0\u00a0\u00a0\u00a0\u00a0\u00a0\u00a0\u00a0\u00a0\u00a0\u00a0\u00a0 BARRIO \u00a0\u00a0\u00a0\u00a0\u00a0\u00a0\u00a0\u00a0\u00a0\u00a0\u00a0\u00a0\u00a0\u00a0\u00a0\u00a0\u00a0\u00a0\u00a0 DIRECCI\u00d3N\u00a0\u00a0\u00a0\u00a0\u00a0\u00a0\u00a0\u00a0\u00a0\u00a0\u00a0\u00a0\u00a0\u00a0\u00a0\u00a0\u00a0\u00a0\u00a0\u00a0\u00a0\u00a0\u00a0\u00a0\u00a0 TEL\u00c9FONO <\/u><\/p>\n<p>Nuestra Sra. de los \u00c1ngeles\u00a0 Casco Antiguo\u00a0\u00a0\u00a0\u00a0\u00a0\u00a0\u00a0\u00a0\u00a0\u00a0 Descalzos, 2 \u00a0\u00a0\u00a0\u00a0\u00a0\u00a0\u00a0\u00a0\u00a0\u00a0\u00a0\u00a0\u00a0\u00a0\u00a0\u00a0\u00a0\u00a0\u00a0\u00a0\u00a0\u00a0\u00a0\u00a0 948 221 351<\/p>\n<p>Ninia Etxea \u00a0\u00a0\u00a0\u00a0\u00a0\u00a0\u00a0\u00a0\u00a0\u00a0\u00a0\u00a0\u00a0\u00a0\u00a0\u00a0\u00a0\u00a0\u00a0\u00a0\u00a0\u00a0\u00a0\u00a0\u00a0\u00a0\u00a0 II Ensanche\u00a0\u00a0\u00a0\u00a0\u00a0\u00a0\u00a0\u00a0\u00a0\u00a0\u00a0\u00a0\u00a0\u00a0\u00a0 Aoiz, s\/n \u00a0\u00a0\u00a0\u00a0\u00a0\u00a0\u00a0\u00a0\u00a0\u00a0\u00a0\u00a0\u00a0\u00a0\u00a0\u00a0\u00a0\u00a0\u00a0\u00a0\u00a0\u00a0\u00a0\u00a0\u00a0\u00a0\u00a0\u00a0\u00a0\u00a0\u00a0 948 249 394<\/p>\n<p>Nta. Sra. de Roncesvalles \u00a0\u00a0\u00a0 Etxabakoitz\u00a0\u00a0\u00a0\u00a0\u00a0\u00a0\u00a0\u00a0\u00a0\u00a0\u00a0\u00a0\u00a0\u00a0\u00a0 Grupo Urd\u00e1noz s\/n\u00a0\u00a0\u00a0\u00a0\u00a0\u00a0\u00a0\u00a0\u00a0\u00a0\u00a0\u00a0\u00a0\u00a0\u00a0\u00a0 948 252 048<\/p>\n<p>San Jorge \u00a0\u00a0\u00a0\u00a0\u00a0\u00a0\u00a0\u00a0\u00a0\u00a0\u00a0\u00a0\u00a0\u00a0\u00a0\u00a0\u00a0\u00a0\u00a0\u00a0\u00a0\u00a0\u00a0\u00a0\u00a0\u00a0\u00a0\u00a0\u00a0 San Jorge\u00a0\u00a0\u00a0\u00a0\u00a0\u00a0\u00a0\u00a0\u00a0\u00a0\u00a0\u00a0\u00a0\u00a0\u00a0\u00a0\u00a0\u00a0 Dr. Rep\u00e1raz s\/n \u00a0\u00a0\u00a0\u00a0\u00a0\u00a0\u00a0\u00a0\u00a0\u00a0\u00a0\u00a0\u00a0\u00a0\u00a0\u00a0\u00a0\u00a0\u00a0\u00a0 948 264 573<\/p>\n<p>Santa Teresa \u00a0\u00a0\u00a0\u00a0\u00a0\u00a0\u00a0\u00a0\u00a0\u00a0\u00a0\u00a0\u00a0\u00a0\u00a0\u00a0\u00a0\u00a0\u00a0\u00a0\u00a0\u00a0\u00a0 Txantrea\u00a0\u00a0\u00a0\u00a0\u00a0\u00a0\u00a0\u00a0\u00a0\u00a0\u00a0\u00a0\u00a0\u00a0\u00a0\u00a0\u00a0\u00a0\u00a0\u00a0 Mar\u00eda Auxiliadora s\/n\u00a0\u00a0\u00a0\u00a0\u00a0\u00a0\u00a0\u00a0\u00a0\u00a0\u00a0 948 123 260<\/p>\n","protected":false},"excerpt":{"rendered":"<p>Para garantizar la confidencialidad cada familia s\u00f3lo puede consultar su expediente, un n\u00famero que les ha llegado por SMS<\/p>\n","protected":false},"author":1,"featured_media":34353,"comment_status":"open","ping_status":"closed","sticky":false,"template":"","format":"standard","meta":{"footnotes":""},"categories":[2],"tags":[],"class_list":["post-34711","post","type-post","status-publish","format-standard","has-post-thumbnail","hentry","category-ayuntamiento-pamplona"],"yoast_head":"<!-- This site is optimized with the Yoast SEO plugin v27.3 - https:\/\/yoast.com\/product\/yoast-seo-wordpress\/ -->\n<title>Publicadas las listas provisionales de ni\u00f1os y ni\u00f1as admitidos en las Escuelas Infantiles P\u00fablicas de Pamplona<\/title>\n<meta name=\"description\" content=\"Para garantizar la confidencialidad cada familia s\u00f3lo puede consultar su expediente, un n\u00famero que les ha llegado por SMS\" \/>\n<meta name=\"robots\" content=\"index, follow, max-snippet:-1, max-image-preview:large, max-video-preview:-1\" \/>\n<link rel=\"canonical\" href=\"https:\/\/www.laguiadepamplona.com\/actualidad\/publicadas-las-listas-provisionales-de-ninos-y-ninas-admitidos-en-las-escuelas-infantiles-publicas-de-pamplona\/\" \/>\n<meta property=\"og:locale\" content=\"es_ES\" \/>\n<meta property=\"og:type\" content=\"article\" \/>\n<meta property=\"og:title\" content=\"Publicadas las listas provisionales de ni\u00f1os y ni\u00f1as admitidos en las Escuelas Infantiles P\u00fablicas de Pamplona\" \/>\n<meta property=\"og:description\" content=\"Para garantizar la confidencialidad cada familia s\u00f3lo puede consultar su expediente, un n\u00famero que les ha llegado por SMS\" \/>\n<meta property=\"og:url\" content=\"https:\/\/www.laguiadepamplona.com\/actualidad\/publicadas-las-listas-provisionales-de-ninos-y-ninas-admitidos-en-las-escuelas-infantiles-publicas-de-pamplona\/\" \/>\n<meta property=\"og:site_name\" content=\"La Gu\u00eda de Pamplona\" \/>\n<meta property=\"article:publisher\" content=\"https:\/\/www.facebook.com\/laguiadepamplonacom-133175176762273\/?ref=hl\" \/>\n<meta property=\"article:published_time\" content=\"2021-05-10T10:23:14+00:00\" \/>\n<meta property=\"article:modified_time\" content=\"2023-04-11T09:49:34+00:00\" \/>\n<meta property=\"og:image\" content=\"https:\/\/www.laguiadepamplona.com\/actualidad\/wp-content\/uploads\/2021\/04\/escuelas-infantiles.jpg\" \/>\n\t<meta property=\"og:image:width\" content=\"1920\" \/>\n\t<meta property=\"og:image:height\" content=\"1080\" \/>\n\t<meta property=\"og:image:type\" content=\"image\/jpeg\" \/>\n<meta name=\"author\" content=\"La Gu\u00eda de Pamplona\" \/>\n<meta name=\"twitter:card\" content=\"summary_large_image\" \/>\n<meta name=\"twitter:creator\" content=\"@LaGuiadPamplona\" \/>\n<meta name=\"twitter:site\" content=\"@LaGuiadPamplona\" \/>\n<meta name=\"twitter:label1\" content=\"Escrito por\" \/>\n\t<meta name=\"twitter:data1\" content=\"La Gu\u00eda de Pamplona\" \/>\n\t<meta name=\"twitter:label2\" content=\"Tiempo de lectura\" \/>\n\t<meta name=\"twitter:data2\" content=\"3 minutos\" \/>\n<script type=\"application\/ld+json\" class=\"yoast-schema-graph\">{\"@context\":\"https:\\\/\\\/schema.org\",\"@graph\":[{\"@type\":\"Article\",\"@id\":\"https:\\\/\\\/www.laguiadepamplona.com\\\/actualidad\\\/publicadas-las-listas-provisionales-de-ninos-y-ninas-admitidos-en-las-escuelas-infantiles-publicas-de-pamplona\\\/#article\",\"isPartOf\":{\"@id\":\"https:\\\/\\\/www.laguiadepamplona.com\\\/actualidad\\\/publicadas-las-listas-provisionales-de-ninos-y-ninas-admitidos-en-las-escuelas-infantiles-publicas-de-pamplona\\\/\"},\"author\":{\"name\":\"La Gu\u00eda de Pamplona\",\"@id\":\"https:\\\/\\\/www.laguiadepamplona.com\\\/actualidad\\\/#\\\/schema\\\/person\\\/efe887376f0213d4657c93adc50b1fdb\"},\"headline\":\"Publicadas las listas provisionales de ni\u00f1os y ni\u00f1as admitidos en las Escuelas Infantiles P\u00fablicas de Pamplona\",\"datePublished\":\"2021-05-10T10:23:14+00:00\",\"dateModified\":\"2023-04-11T09:49:34+00:00\",\"mainEntityOfPage\":{\"@id\":\"https:\\\/\\\/www.laguiadepamplona.com\\\/actualidad\\\/publicadas-las-listas-provisionales-de-ninos-y-ninas-admitidos-en-las-escuelas-infantiles-publicas-de-pamplona\\\/\"},\"wordCount\":626,\"commentCount\":0,\"publisher\":{\"@id\":\"https:\\\/\\\/www.laguiadepamplona.com\\\/actualidad\\\/#organization\"},\"image\":{\"@id\":\"https:\\\/\\\/www.laguiadepamplona.com\\\/actualidad\\\/publicadas-las-listas-provisionales-de-ninos-y-ninas-admitidos-en-las-escuelas-infantiles-publicas-de-pamplona\\\/#primaryimage\"},\"thumbnailUrl\":\"https:\\\/\\\/www.laguiadepamplona.com\\\/actualidad\\\/wp-content\\\/uploads\\\/2021\\\/04\\\/escuelas-infantiles.jpg\",\"articleSection\":[\"Ayto Pamplona\"],\"inLanguage\":\"es\",\"potentialAction\":[{\"@type\":\"CommentAction\",\"name\":\"Comment\",\"target\":[\"https:\\\/\\\/www.laguiadepamplona.com\\\/actualidad\\\/publicadas-las-listas-provisionales-de-ninos-y-ninas-admitidos-en-las-escuelas-infantiles-publicas-de-pamplona\\\/#respond\"]}]},{\"@type\":\"WebPage\",\"@id\":\"https:\\\/\\\/www.laguiadepamplona.com\\\/actualidad\\\/publicadas-las-listas-provisionales-de-ninos-y-ninas-admitidos-en-las-escuelas-infantiles-publicas-de-pamplona\\\/\",\"url\":\"https:\\\/\\\/www.laguiadepamplona.com\\\/actualidad\\\/publicadas-las-listas-provisionales-de-ninos-y-ninas-admitidos-en-las-escuelas-infantiles-publicas-de-pamplona\\\/\",\"name\":\"Publicadas las listas provisionales de ni\u00f1os y ni\u00f1as admitidos en las Escuelas Infantiles P\u00fablicas de Pamplona\",\"isPartOf\":{\"@id\":\"https:\\\/\\\/www.laguiadepamplona.com\\\/actualidad\\\/#website\"},\"primaryImageOfPage\":{\"@id\":\"https:\\\/\\\/www.laguiadepamplona.com\\\/actualidad\\\/publicadas-las-listas-provisionales-de-ninos-y-ninas-admitidos-en-las-escuelas-infantiles-publicas-de-pamplona\\\/#primaryimage\"},\"image\":{\"@id\":\"https:\\\/\\\/www.laguiadepamplona.com\\\/actualidad\\\/publicadas-las-listas-provisionales-de-ninos-y-ninas-admitidos-en-las-escuelas-infantiles-publicas-de-pamplona\\\/#primaryimage\"},\"thumbnailUrl\":\"https:\\\/\\\/www.laguiadepamplona.com\\\/actualidad\\\/wp-content\\\/uploads\\\/2021\\\/04\\\/escuelas-infantiles.jpg\",\"datePublished\":\"2021-05-10T10:23:14+00:00\",\"dateModified\":\"2023-04-11T09:49:34+00:00\",\"description\":\"Para garantizar la confidencialidad cada familia s\u00f3lo puede consultar su expediente, un n\u00famero que les ha llegado por SMS\",\"breadcrumb\":{\"@id\":\"https:\\\/\\\/www.laguiadepamplona.com\\\/actualidad\\\/publicadas-las-listas-provisionales-de-ninos-y-ninas-admitidos-en-las-escuelas-infantiles-publicas-de-pamplona\\\/#breadcrumb\"},\"inLanguage\":\"es\",\"potentialAction\":[{\"@type\":\"ReadAction\",\"target\":[\"https:\\\/\\\/www.laguiadepamplona.com\\\/actualidad\\\/publicadas-las-listas-provisionales-de-ninos-y-ninas-admitidos-en-las-escuelas-infantiles-publicas-de-pamplona\\\/\"]}]},{\"@type\":\"ImageObject\",\"inLanguage\":\"es\",\"@id\":\"https:\\\/\\\/www.laguiadepamplona.com\\\/actualidad\\\/publicadas-las-listas-provisionales-de-ninos-y-ninas-admitidos-en-las-escuelas-infantiles-publicas-de-pamplona\\\/#primaryimage\",\"url\":\"https:\\\/\\\/www.laguiadepamplona.com\\\/actualidad\\\/wp-content\\\/uploads\\\/2021\\\/04\\\/escuelas-infantiles.jpg\",\"contentUrl\":\"https:\\\/\\\/www.laguiadepamplona.com\\\/actualidad\\\/wp-content\\\/uploads\\\/2021\\\/04\\\/escuelas-infantiles.jpg\",\"width\":1920,\"height\":1080},{\"@type\":\"BreadcrumbList\",\"@id\":\"https:\\\/\\\/www.laguiadepamplona.com\\\/actualidad\\\/publicadas-las-listas-provisionales-de-ninos-y-ninas-admitidos-en-las-escuelas-infantiles-publicas-de-pamplona\\\/#breadcrumb\",\"itemListElement\":[{\"@type\":\"ListItem\",\"position\":1,\"name\":\"Portada\",\"item\":\"https:\\\/\\\/www.laguiadepamplona.com\\\/actualidad\\\/\"},{\"@type\":\"ListItem\",\"position\":2,\"name\":\"Publicadas las listas provisionales de ni\u00f1os y ni\u00f1as admitidos en las Escuelas Infantiles P\u00fablicas de Pamplona\"}]},{\"@type\":\"WebSite\",\"@id\":\"https:\\\/\\\/www.laguiadepamplona.com\\\/actualidad\\\/#website\",\"url\":\"https:\\\/\\\/www.laguiadepamplona.com\\\/actualidad\\\/\",\"name\":\"La gu\u00eda de Pamplona\",\"description\":\"Noticias de Pamplona\",\"publisher\":{\"@id\":\"https:\\\/\\\/www.laguiadepamplona.com\\\/actualidad\\\/#organization\"},\"potentialAction\":[{\"@type\":\"SearchAction\",\"target\":{\"@type\":\"EntryPoint\",\"urlTemplate\":\"https:\\\/\\\/www.laguiadepamplona.com\\\/actualidad\\\/?s={search_term_string}\"},\"query-input\":{\"@type\":\"PropertyValueSpecification\",\"valueRequired\":true,\"valueName\":\"search_term_string\"}}],\"inLanguage\":\"es\"},{\"@type\":\"Organization\",\"@id\":\"https:\\\/\\\/www.laguiadepamplona.com\\\/actualidad\\\/#organization\",\"name\":\"La Gu\u00eda de Pamplona \\\/ Noticias\",\"url\":\"https:\\\/\\\/www.laguiadepamplona.com\\\/actualidad\\\/\",\"logo\":{\"@type\":\"ImageObject\",\"inLanguage\":\"es\",\"@id\":\"https:\\\/\\\/www.laguiadepamplona.com\\\/actualidad\\\/#\\\/schema\\\/logo\\\/image\\\/\",\"url\":\"https:\\\/\\\/www.laguiadepamplona.com\\\/actualidad\\\/wp-content\\\/uploads\\\/2018\\\/11\\\/logo-laguiadepamplona18-web1.png\",\"contentUrl\":\"https:\\\/\\\/www.laguiadepamplona.com\\\/actualidad\\\/wp-content\\\/uploads\\\/2018\\\/11\\\/logo-laguiadepamplona18-web1.png\",\"width\":600,\"height\":196,\"caption\":\"La Gu\u00eda de Pamplona \\\/ Noticias\"},\"image\":{\"@id\":\"https:\\\/\\\/www.laguiadepamplona.com\\\/actualidad\\\/#\\\/schema\\\/logo\\\/image\\\/\"},\"sameAs\":[\"https:\\\/\\\/www.facebook.com\\\/laguiadepamplonacom-133175176762273\\\/?ref=hl\",\"https:\\\/\\\/x.com\\\/LaGuiadPamplona\",\"https:\\\/\\\/www.instagram.com\\\/la_guia_de_pamplona\\\/\",\"https:\\\/\\\/www.youtube.com\\\/user\\\/laguiadepamplona\"]},{\"@type\":\"Person\",\"@id\":\"https:\\\/\\\/www.laguiadepamplona.com\\\/actualidad\\\/#\\\/schema\\\/person\\\/efe887376f0213d4657c93adc50b1fdb\",\"name\":\"La Gu\u00eda de Pamplona\",\"image\":{\"@type\":\"ImageObject\",\"inLanguage\":\"es\",\"@id\":\"https:\\\/\\\/secure.gravatar.com\\\/avatar\\\/b6992f131dc8d30ab0dff15446e9d346d9dbd95992de0fef795073f5ea83a81c?s=96&d=mm&r=g\",\"url\":\"https:\\\/\\\/secure.gravatar.com\\\/avatar\\\/b6992f131dc8d30ab0dff15446e9d346d9dbd95992de0fef795073f5ea83a81c?s=96&d=mm&r=g\",\"contentUrl\":\"https:\\\/\\\/secure.gravatar.com\\\/avatar\\\/b6992f131dc8d30ab0dff15446e9d346d9dbd95992de0fef795073f5ea83a81c?s=96&d=mm&r=g\",\"caption\":\"La Gu\u00eda de Pamplona\"}}]}<\/script>\n<!-- \/ Yoast SEO plugin. -->","yoast_head_json":{"title":"Publicadas las listas provisionales de ni\u00f1os y ni\u00f1as admitidos en las Escuelas Infantiles P\u00fablicas de Pamplona","description":"Para garantizar la confidencialidad cada familia s\u00f3lo puede consultar su expediente, un n\u00famero que les ha llegado por SMS","robots":{"index":"index","follow":"follow","max-snippet":"max-snippet:-1","max-image-preview":"max-image-preview:large","max-video-preview":"max-video-preview:-1"},"canonical":"https:\/\/www.laguiadepamplona.com\/actualidad\/publicadas-las-listas-provisionales-de-ninos-y-ninas-admitidos-en-las-escuelas-infantiles-publicas-de-pamplona\/","og_locale":"es_ES","og_type":"article","og_title":"Publicadas las listas provisionales de ni\u00f1os y ni\u00f1as admitidos en las Escuelas Infantiles P\u00fablicas de Pamplona","og_description":"Para garantizar la confidencialidad cada familia s\u00f3lo puede consultar su expediente, un n\u00famero que les ha llegado por SMS","og_url":"https:\/\/www.laguiadepamplona.com\/actualidad\/publicadas-las-listas-provisionales-de-ninos-y-ninas-admitidos-en-las-escuelas-infantiles-publicas-de-pamplona\/","og_site_name":"La Gu\u00eda de Pamplona","article_publisher":"https:\/\/www.facebook.com\/laguiadepamplonacom-133175176762273\/?ref=hl","article_published_time":"2021-05-10T10:23:14+00:00","article_modified_time":"2023-04-11T09:49:34+00:00","og_image":[{"width":1920,"height":1080,"url":"https:\/\/www.laguiadepamplona.com\/actualidad\/wp-content\/uploads\/2021\/04\/escuelas-infantiles.jpg","type":"image\/jpeg"}],"author":"La Gu\u00eda de Pamplona","twitter_card":"summary_large_image","twitter_creator":"@LaGuiadPamplona","twitter_site":"@LaGuiadPamplona","twitter_misc":{"Escrito por":"La Gu\u00eda de Pamplona","Tiempo de lectura":"3 minutos"},"schema":{"@context":"https:\/\/schema.org","@graph":[{"@type":"Article","@id":"https:\/\/www.laguiadepamplona.com\/actualidad\/publicadas-las-listas-provisionales-de-ninos-y-ninas-admitidos-en-las-escuelas-infantiles-publicas-de-pamplona\/#article","isPartOf":{"@id":"https:\/\/www.laguiadepamplona.com\/actualidad\/publicadas-las-listas-provisionales-de-ninos-y-ninas-admitidos-en-las-escuelas-infantiles-publicas-de-pamplona\/"},"author":{"name":"La Gu\u00eda de Pamplona","@id":"https:\/\/www.laguiadepamplona.com\/actualidad\/#\/schema\/person\/efe887376f0213d4657c93adc50b1fdb"},"headline":"Publicadas las listas provisionales de ni\u00f1os y ni\u00f1as admitidos en las Escuelas Infantiles P\u00fablicas de Pamplona","datePublished":"2021-05-10T10:23:14+00:00","dateModified":"2023-04-11T09:49:34+00:00","mainEntityOfPage":{"@id":"https:\/\/www.laguiadepamplona.com\/actualidad\/publicadas-las-listas-provisionales-de-ninos-y-ninas-admitidos-en-las-escuelas-infantiles-publicas-de-pamplona\/"},"wordCount":626,"commentCount":0,"publisher":{"@id":"https:\/\/www.laguiadepamplona.com\/actualidad\/#organization"},"image":{"@id":"https:\/\/www.laguiadepamplona.com\/actualidad\/publicadas-las-listas-provisionales-de-ninos-y-ninas-admitidos-en-las-escuelas-infantiles-publicas-de-pamplona\/#primaryimage"},"thumbnailUrl":"https:\/\/www.laguiadepamplona.com\/actualidad\/wp-content\/uploads\/2021\/04\/escuelas-infantiles.jpg","articleSection":["Ayto Pamplona"],"inLanguage":"es","potentialAction":[{"@type":"CommentAction","name":"Comment","target":["https:\/\/www.laguiadepamplona.com\/actualidad\/publicadas-las-listas-provisionales-de-ninos-y-ninas-admitidos-en-las-escuelas-infantiles-publicas-de-pamplona\/#respond"]}]},{"@type":"WebPage","@id":"https:\/\/www.laguiadepamplona.com\/actualidad\/publicadas-las-listas-provisionales-de-ninos-y-ninas-admitidos-en-las-escuelas-infantiles-publicas-de-pamplona\/","url":"https:\/\/www.laguiadepamplona.com\/actualidad\/publicadas-las-listas-provisionales-de-ninos-y-ninas-admitidos-en-las-escuelas-infantiles-publicas-de-pamplona\/","name":"Publicadas las listas provisionales de ni\u00f1os y ni\u00f1as admitidos en las Escuelas Infantiles P\u00fablicas de Pamplona","isPartOf":{"@id":"https:\/\/www.laguiadepamplona.com\/actualidad\/#website"},"primaryImageOfPage":{"@id":"https:\/\/www.laguiadepamplona.com\/actualidad\/publicadas-las-listas-provisionales-de-ninos-y-ninas-admitidos-en-las-escuelas-infantiles-publicas-de-pamplona\/#primaryimage"},"image":{"@id":"https:\/\/www.laguiadepamplona.com\/actualidad\/publicadas-las-listas-provisionales-de-ninos-y-ninas-admitidos-en-las-escuelas-infantiles-publicas-de-pamplona\/#primaryimage"},"thumbnailUrl":"https:\/\/www.laguiadepamplona.com\/actualidad\/wp-content\/uploads\/2021\/04\/escuelas-infantiles.jpg","datePublished":"2021-05-10T10:23:14+00:00","dateModified":"2023-04-11T09:49:34+00:00","description":"Para garantizar la confidencialidad cada familia s\u00f3lo puede consultar su expediente, un n\u00famero que les ha llegado por SMS","breadcrumb":{"@id":"https:\/\/www.laguiadepamplona.com\/actualidad\/publicadas-las-listas-provisionales-de-ninos-y-ninas-admitidos-en-las-escuelas-infantiles-publicas-de-pamplona\/#breadcrumb"},"inLanguage":"es","potentialAction":[{"@type":"ReadAction","target":["https:\/\/www.laguiadepamplona.com\/actualidad\/publicadas-las-listas-provisionales-de-ninos-y-ninas-admitidos-en-las-escuelas-infantiles-publicas-de-pamplona\/"]}]},{"@type":"ImageObject","inLanguage":"es","@id":"https:\/\/www.laguiadepamplona.com\/actualidad\/publicadas-las-listas-provisionales-de-ninos-y-ninas-admitidos-en-las-escuelas-infantiles-publicas-de-pamplona\/#primaryimage","url":"https:\/\/www.laguiadepamplona.com\/actualidad\/wp-content\/uploads\/2021\/04\/escuelas-infantiles.jpg","contentUrl":"https:\/\/www.laguiadepamplona.com\/actualidad\/wp-content\/uploads\/2021\/04\/escuelas-infantiles.jpg","width":1920,"height":1080},{"@type":"BreadcrumbList","@id":"https:\/\/www.laguiadepamplona.com\/actualidad\/publicadas-las-listas-provisionales-de-ninos-y-ninas-admitidos-en-las-escuelas-infantiles-publicas-de-pamplona\/#breadcrumb","itemListElement":[{"@type":"ListItem","position":1,"name":"Portada","item":"https:\/\/www.laguiadepamplona.com\/actualidad\/"},{"@type":"ListItem","position":2,"name":"Publicadas las listas provisionales de ni\u00f1os y ni\u00f1as admitidos en las Escuelas Infantiles P\u00fablicas de Pamplona"}]},{"@type":"WebSite","@id":"https:\/\/www.laguiadepamplona.com\/actualidad\/#website","url":"https:\/\/www.laguiadepamplona.com\/actualidad\/","name":"La gu\u00eda de Pamplona","description":"Noticias de Pamplona","publisher":{"@id":"https:\/\/www.laguiadepamplona.com\/actualidad\/#organization"},"potentialAction":[{"@type":"SearchAction","target":{"@type":"EntryPoint","urlTemplate":"https:\/\/www.laguiadepamplona.com\/actualidad\/?s={search_term_string}"},"query-input":{"@type":"PropertyValueSpecification","valueRequired":true,"valueName":"search_term_string"}}],"inLanguage":"es"},{"@type":"Organization","@id":"https:\/\/www.laguiadepamplona.com\/actualidad\/#organization","name":"La Gu\u00eda de Pamplona \/ Noticias","url":"https:\/\/www.laguiadepamplona.com\/actualidad\/","logo":{"@type":"ImageObject","inLanguage":"es","@id":"https:\/\/www.laguiadepamplona.com\/actualidad\/#\/schema\/logo\/image\/","url":"https:\/\/www.laguiadepamplona.com\/actualidad\/wp-content\/uploads\/2018\/11\/logo-laguiadepamplona18-web1.png","contentUrl":"https:\/\/www.laguiadepamplona.com\/actualidad\/wp-content\/uploads\/2018\/11\/logo-laguiadepamplona18-web1.png","width":600,"height":196,"caption":"La Gu\u00eda de Pamplona \/ Noticias"},"image":{"@id":"https:\/\/www.laguiadepamplona.com\/actualidad\/#\/schema\/logo\/image\/"},"sameAs":["https:\/\/www.facebook.com\/laguiadepamplonacom-133175176762273\/?ref=hl","https:\/\/x.com\/LaGuiadPamplona","https:\/\/www.instagram.com\/la_guia_de_pamplona\/","https:\/\/www.youtube.com\/user\/laguiadepamplona"]},{"@type":"Person","@id":"https:\/\/www.laguiadepamplona.com\/actualidad\/#\/schema\/person\/efe887376f0213d4657c93adc50b1fdb","name":"La Gu\u00eda de Pamplona","image":{"@type":"ImageObject","inLanguage":"es","@id":"https:\/\/secure.gravatar.com\/avatar\/b6992f131dc8d30ab0dff15446e9d346d9dbd95992de0fef795073f5ea83a81c?s=96&d=mm&r=g","url":"https:\/\/secure.gravatar.com\/avatar\/b6992f131dc8d30ab0dff15446e9d346d9dbd95992de0fef795073f5ea83a81c?s=96&d=mm&r=g","contentUrl":"https:\/\/secure.gravatar.com\/avatar\/b6992f131dc8d30ab0dff15446e9d346d9dbd95992de0fef795073f5ea83a81c?s=96&d=mm&r=g","caption":"La Gu\u00eda de Pamplona"}}]}},"post_mailing_queue_ids":[],"_links":{"self":[{"href":"https:\/\/www.laguiadepamplona.com\/actualidad\/wp-json\/wp\/v2\/posts\/34711","targetHints":{"allow":["GET"]}}],"collection":[{"href":"https:\/\/www.laguiadepamplona.com\/actualidad\/wp-json\/wp\/v2\/posts"}],"about":[{"href":"https:\/\/www.laguiadepamplona.com\/actualidad\/wp-json\/wp\/v2\/types\/post"}],"author":[{"embeddable":true,"href":"https:\/\/www.laguiadepamplona.com\/actualidad\/wp-json\/wp\/v2\/users\/1"}],"replies":[{"embeddable":true,"href":"https:\/\/www.laguiadepamplona.com\/actualidad\/wp-json\/wp\/v2\/comments?post=34711"}],"version-history":[{"count":0,"href":"https:\/\/www.laguiadepamplona.com\/actualidad\/wp-json\/wp\/v2\/posts\/34711\/revisions"}],"wp:featuredmedia":[{"embeddable":true,"href":"https:\/\/www.laguiadepamplona.com\/actualidad\/wp-json\/wp\/v2\/media\/34353"}],"wp:attachment":[{"href":"https:\/\/www.laguiadepamplona.com\/actualidad\/wp-json\/wp\/v2\/media?parent=34711"}],"wp:term":[{"taxonomy":"category","embeddable":true,"href":"https:\/\/www.laguiadepamplona.com\/actualidad\/wp-json\/wp\/v2\/categories?post=34711"},{"taxonomy":"post_tag","embeddable":true,"href":"https:\/\/www.laguiadepamplona.com\/actualidad\/wp-json\/wp\/v2\/tags?post=34711"}],"curies":[{"name":"wp","href":"https:\/\/api.w.org\/{rel}","templated":true}]}}