{"id":34693,"date":"2021-05-07T17:53:50","date_gmt":"2021-05-07T15:53:50","guid":{"rendered":"https:\/\/www.laguiadepamplona.com\/actualidad\/?p=34693"},"modified":"2023-04-11T11:49:34","modified_gmt":"2023-04-11T09:49:34","slug":"pamplona-plantara-el-domingo-un-arbol-por-europa-en-el-parque-de-las-pioneras-para-concienciar-sobre-el-desarrollo-sostenible-en-el-ambito-local","status":"publish","type":"post","link":"https:\/\/www.laguiadepamplona.com\/actualidad\/pamplona-plantara-el-domingo-un-arbol-por-europa-en-el-parque-de-las-pioneras-para-concienciar-sobre-el-desarrollo-sostenible-en-el-ambito-local\/","title":{"rendered":"Pamplona plantar\u00e1 el domingo \u2018Un \u00c1rbol Por Europa\u2019 en el parque de las Pioneras para concienciar sobre el desarrollo sostenible en el \u00e1mbito local"},"content":{"rendered":"<h5>El Ayuntamiento ratificar\u00e1 as\u00ed su adhesi\u00f3n a esta campa\u00f1a promovida por Equipo Europa, a propuesta del presidente del Parlamento Europeo<\/h5>\n<p><!--more--><\/p>\n<p>El Ayuntamiento de Pamplona se sumar\u00e1 este domingo a la iniciativa \u2018Un \u00c1rbol Por Europa\u2019, plantando un ejemplar de <em>Quercus humilis<\/em> en el <strong>parque las Pioneras<\/strong> en el barrio de Lezkairu<u>. <\/u>El acto tendr\u00e1 lugar <strong><u>a las 10.30 horas<\/u><\/strong> en la <strong>intersecci\u00f3n entre las calles Soto de Lezkairu y Valle de Eg\u00fc\u00e9s<\/strong>. Participar\u00e1n <strong>el concejal delegado de Proyectos Estrat\u00e9gicos, Movilidad y Sostenibilidad, Ferm\u00edn Alonso, miembros de la Corporaci\u00f3n municipal y la embajadora de Equipo Europa en Navarra, Nerea P\u00e9rez,<\/strong> entre otras personas.<\/p>\n<p><script async src=\"\/\/pagead2.googlesyndication.com\/pagead\/js\/adsbygoogle.js\"><\/script><br \/>\n<!-- Noticias La Guia de Pamplona --><br \/>\n<ins class=\"adsbygoogle\"\nstyle=\"display:block\"\ndata-ad-client=\"ca-pub-6943679897239327\"\ndata-ad-slot=\"7048180777\"\ndata-ad-format=\"auto\"><\/ins><br \/>\n<script>\n(adsbygoogle = window.adsbygoogle || []).push({});\n<\/script><\/p>\n<p>\u2018Un \u00c1rbol Por Europa\u2019 es un manifiesto que naci\u00f3 por iniciativa de\u00a0Equipo Europa,\u00a0a ra\u00edz de una propuesta de\u00a0David Sassoli, presidente del Parlamento Europeo. En \u00e9l, los ayuntamientos participantes, en las figuras de sus alcaldes o alcaldesas asumen el compromiso de plantar al menos un \u00e1rbol en su municipio, visibilizar la importancia del desarrollo sostenible en el \u00e1mbito local e involucrar a los j\u00f3venes en los procesos de toma de decisiones en materia de sostenibilidad local. En enero de 2020, el Ayuntamiento de Pamplona se adhiri\u00f3 al manifiesto #Un\u00c1rbolPorEuropa, a trav\u00e9s de una declaraci\u00f3n institucional en la Comisi\u00f3n de Urbanismo, y se comprometi\u00f3 a plantar un \u00e1rbol antes del 5 de junio de ese a\u00f1o. La pandemia de la COVID-19 ha provocado una pr\u00f3rroga de esa fecha, hasta el 5 de junio de 2021.<\/p>\n<p>El domingo por la ma\u00f1ana el Ayuntamiento de Pamplona escenificar\u00e1 esa adhesi\u00f3n con la plantaci\u00f3n de un \u00e1rbol, procedente del vivero municipal, en el parque de las Pioneras coincidiendo, adem\u00e1s, con la celebraci\u00f3n el 9 de mayo del D\u00eda de Europa. El acto contar\u00e1 con la participaci\u00f3n del grupo de trombones de la Escuela de M\u00fasica Joaqu\u00edn Maya, que interpretar\u00e1 diferentes piezas para amenizar el momento, entre ellas el himno de Europa. Las primeras paladas tras colocar el \u00e1rbol las dar\u00e1n el concejal y la embajadora de Equipo Europa en Navarra y, a continuaci\u00f3n, podr\u00e1 sumarse todas las personas que lo deseen. Se ha colocado tambi\u00e9n una placa conmemorativa de esta plantaci\u00f3n.<\/p>\n<p><script async src=\"\/\/pagead2.googlesyndication.com\/pagead\/js\/adsbygoogle.js\"><\/script><br \/>\n<!-- Noticias La Guia de Pamplona --><br \/>\n<ins class=\"adsbygoogle\"\nstyle=\"display:block\"\ndata-ad-client=\"ca-pub-6943679897239327\"\ndata-ad-slot=\"7048180777\"\ndata-ad-format=\"auto\"><\/ins><br \/>\n<script>\n(adsbygoogle = window.adsbygoogle || []).push({});\n<\/script><\/p>\n<p>Equipo Europa es una asociaci\u00f3n compuesta por j\u00f3venes entre 14 y 30 a\u00f1os, comprometidos con los valores de la Uni\u00f3n Europea. #Un\u00c1rbolPorEuropa, como recoge su manifiesto, busca \u201caumentar la conciencia social acerca de la sostenibilidad en el \u00e1mbito local\u201d y \u201cfomentar la colaboraci\u00f3n entre las autoridades locales y la sociedad civil, y en especial la juventud, a la hora de promover el desarrollo sostenible\u201d. Asimismo, se reconoce \u201cel papel fundamental de la juventud en la consecuci\u00f3n de la sostenibilidad local, pues su inter\u00e9s en el desarrollo sostenible, la reducci\u00f3n de las emisiones de gases de efecto invernadero y la conservaci\u00f3n ecol\u00f3gica se ha hecho patente en el \u00faltimo a\u00f1o\u201d. A esta campa\u00f1a se han adherido ya m\u00e1s de 500 ayuntamientos de toda Espa\u00f1a y se han plantado m\u00e1s de 14.500 \u00e1rboles.<\/p>\n","protected":false},"excerpt":{"rendered":"<p>El Ayuntamiento ratificar\u00e1 as\u00ed su adhesi\u00f3n a esta campa\u00f1a promovida por Equipo Europa, a propuesta del presidente del Parlamento Europeo<\/p>\n","protected":false},"author":1,"featured_media":34694,"comment_status":"open","ping_status":"closed","sticky":false,"template":"","format":"standard","meta":{"footnotes":""},"categories":[2],"tags":[],"class_list":["post-34693","post","type-post","status-publish","format-standard","has-post-thumbnail","hentry","category-ayuntamiento-pamplona"],"yoast_head":"<!-- This site is optimized with the Yoast SEO plugin v27.3 - https:\/\/yoast.com\/product\/yoast-seo-wordpress\/ -->\n<title>Pamplona plantar\u00e1 el domingo \u2018Un \u00c1rbol Por Europa\u2019 en el parque de las Pioneras para concienciar sobre el desarrollo sostenible en el \u00e1mbito local<\/title>\n<meta name=\"description\" content=\"El Ayuntamiento ratificar\u00e1 as\u00ed su adhesi\u00f3n a esta campa\u00f1a promovida por Equipo Europa, a propuesta del presidente del Parlamento Europeo\" \/>\n<meta name=\"robots\" content=\"index, follow, max-snippet:-1, max-image-preview:large, max-video-preview:-1\" \/>\n<link rel=\"canonical\" href=\"https:\/\/www.laguiadepamplona.com\/actualidad\/pamplona-plantara-el-domingo-un-arbol-por-europa-en-el-parque-de-las-pioneras-para-concienciar-sobre-el-desarrollo-sostenible-en-el-ambito-local\/\" \/>\n<meta property=\"og:locale\" content=\"es_ES\" \/>\n<meta property=\"og:type\" content=\"article\" \/>\n<meta property=\"og:title\" content=\"Pamplona plantar\u00e1 el domingo \u2018Un \u00c1rbol Por Europa\u2019 en el parque de las Pioneras para concienciar sobre el desarrollo sostenible en el \u00e1mbito local\" \/>\n<meta property=\"og:description\" content=\"El Ayuntamiento ratificar\u00e1 as\u00ed su adhesi\u00f3n a esta campa\u00f1a promovida por Equipo Europa, a propuesta del presidente del Parlamento Europeo\" \/>\n<meta property=\"og:url\" content=\"https:\/\/www.laguiadepamplona.com\/actualidad\/pamplona-plantara-el-domingo-un-arbol-por-europa-en-el-parque-de-las-pioneras-para-concienciar-sobre-el-desarrollo-sostenible-en-el-ambito-local\/\" \/>\n<meta property=\"og:site_name\" content=\"La Gu\u00eda de Pamplona\" \/>\n<meta property=\"article:publisher\" content=\"https:\/\/www.facebook.com\/laguiadepamplonacom-133175176762273\/?ref=hl\" \/>\n<meta property=\"article:published_time\" content=\"2021-05-07T15:53:50+00:00\" \/>\n<meta property=\"article:modified_time\" content=\"2023-04-11T09:49:34+00:00\" \/>\n<meta property=\"og:image\" content=\"https:\/\/www.laguiadepamplona.com\/actualidad\/wp-content\/uploads\/2021\/05\/un_arbol_por_europa.png\" \/>\n\t<meta property=\"og:image:width\" content=\"500\" \/>\n\t<meta property=\"og:image:height\" content=\"264\" \/>\n\t<meta property=\"og:image:type\" content=\"image\/png\" \/>\n<meta name=\"author\" content=\"La Gu\u00eda de Pamplona\" \/>\n<meta name=\"twitter:card\" content=\"summary_large_image\" \/>\n<meta name=\"twitter:creator\" content=\"@LaGuiadPamplona\" \/>\n<meta name=\"twitter:site\" content=\"@LaGuiadPamplona\" \/>\n<meta name=\"twitter:label1\" content=\"Escrito por\" \/>\n\t<meta name=\"twitter:data1\" content=\"La Gu\u00eda de Pamplona\" \/>\n\t<meta name=\"twitter:label2\" content=\"Tiempo de lectura\" \/>\n\t<meta name=\"twitter:data2\" content=\"3 minutos\" \/>\n<script type=\"application\/ld+json\" class=\"yoast-schema-graph\">{\"@context\":\"https:\\\/\\\/schema.org\",\"@graph\":[{\"@type\":\"Article\",\"@id\":\"https:\\\/\\\/www.laguiadepamplona.com\\\/actualidad\\\/pamplona-plantara-el-domingo-un-arbol-por-europa-en-el-parque-de-las-pioneras-para-concienciar-sobre-el-desarrollo-sostenible-en-el-ambito-local\\\/#article\",\"isPartOf\":{\"@id\":\"https:\\\/\\\/www.laguiadepamplona.com\\\/actualidad\\\/pamplona-plantara-el-domingo-un-arbol-por-europa-en-el-parque-de-las-pioneras-para-concienciar-sobre-el-desarrollo-sostenible-en-el-ambito-local\\\/\"},\"author\":{\"name\":\"La Gu\u00eda de Pamplona\",\"@id\":\"https:\\\/\\\/www.laguiadepamplona.com\\\/actualidad\\\/#\\\/schema\\\/person\\\/efe887376f0213d4657c93adc50b1fdb\"},\"headline\":\"Pamplona plantar\u00e1 el domingo \u2018Un \u00c1rbol Por Europa\u2019 en el parque de las Pioneras para concienciar sobre el desarrollo sostenible en el \u00e1mbito local\",\"datePublished\":\"2021-05-07T15:53:50+00:00\",\"dateModified\":\"2023-04-11T09:49:34+00:00\",\"mainEntityOfPage\":{\"@id\":\"https:\\\/\\\/www.laguiadepamplona.com\\\/actualidad\\\/pamplona-plantara-el-domingo-un-arbol-por-europa-en-el-parque-de-las-pioneras-para-concienciar-sobre-el-desarrollo-sostenible-en-el-ambito-local\\\/\"},\"wordCount\":541,\"commentCount\":0,\"publisher\":{\"@id\":\"https:\\\/\\\/www.laguiadepamplona.com\\\/actualidad\\\/#organization\"},\"image\":{\"@id\":\"https:\\\/\\\/www.laguiadepamplona.com\\\/actualidad\\\/pamplona-plantara-el-domingo-un-arbol-por-europa-en-el-parque-de-las-pioneras-para-concienciar-sobre-el-desarrollo-sostenible-en-el-ambito-local\\\/#primaryimage\"},\"thumbnailUrl\":\"https:\\\/\\\/www.laguiadepamplona.com\\\/actualidad\\\/wp-content\\\/uploads\\\/2021\\\/05\\\/un_arbol_por_europa.png\",\"articleSection\":[\"Ayto Pamplona\"],\"inLanguage\":\"es\",\"potentialAction\":[{\"@type\":\"CommentAction\",\"name\":\"Comment\",\"target\":[\"https:\\\/\\\/www.laguiadepamplona.com\\\/actualidad\\\/pamplona-plantara-el-domingo-un-arbol-por-europa-en-el-parque-de-las-pioneras-para-concienciar-sobre-el-desarrollo-sostenible-en-el-ambito-local\\\/#respond\"]}]},{\"@type\":\"WebPage\",\"@id\":\"https:\\\/\\\/www.laguiadepamplona.com\\\/actualidad\\\/pamplona-plantara-el-domingo-un-arbol-por-europa-en-el-parque-de-las-pioneras-para-concienciar-sobre-el-desarrollo-sostenible-en-el-ambito-local\\\/\",\"url\":\"https:\\\/\\\/www.laguiadepamplona.com\\\/actualidad\\\/pamplona-plantara-el-domingo-un-arbol-por-europa-en-el-parque-de-las-pioneras-para-concienciar-sobre-el-desarrollo-sostenible-en-el-ambito-local\\\/\",\"name\":\"Pamplona plantar\u00e1 el domingo \u2018Un \u00c1rbol Por Europa\u2019 en el parque de las Pioneras para concienciar sobre el desarrollo sostenible en el \u00e1mbito local\",\"isPartOf\":{\"@id\":\"https:\\\/\\\/www.laguiadepamplona.com\\\/actualidad\\\/#website\"},\"primaryImageOfPage\":{\"@id\":\"https:\\\/\\\/www.laguiadepamplona.com\\\/actualidad\\\/pamplona-plantara-el-domingo-un-arbol-por-europa-en-el-parque-de-las-pioneras-para-concienciar-sobre-el-desarrollo-sostenible-en-el-ambito-local\\\/#primaryimage\"},\"image\":{\"@id\":\"https:\\\/\\\/www.laguiadepamplona.com\\\/actualidad\\\/pamplona-plantara-el-domingo-un-arbol-por-europa-en-el-parque-de-las-pioneras-para-concienciar-sobre-el-desarrollo-sostenible-en-el-ambito-local\\\/#primaryimage\"},\"thumbnailUrl\":\"https:\\\/\\\/www.laguiadepamplona.com\\\/actualidad\\\/wp-content\\\/uploads\\\/2021\\\/05\\\/un_arbol_por_europa.png\",\"datePublished\":\"2021-05-07T15:53:50+00:00\",\"dateModified\":\"2023-04-11T09:49:34+00:00\",\"description\":\"El Ayuntamiento ratificar\u00e1 as\u00ed su adhesi\u00f3n a esta campa\u00f1a promovida por Equipo Europa, a propuesta del presidente del Parlamento Europeo\",\"breadcrumb\":{\"@id\":\"https:\\\/\\\/www.laguiadepamplona.com\\\/actualidad\\\/pamplona-plantara-el-domingo-un-arbol-por-europa-en-el-parque-de-las-pioneras-para-concienciar-sobre-el-desarrollo-sostenible-en-el-ambito-local\\\/#breadcrumb\"},\"inLanguage\":\"es\",\"potentialAction\":[{\"@type\":\"ReadAction\",\"target\":[\"https:\\\/\\\/www.laguiadepamplona.com\\\/actualidad\\\/pamplona-plantara-el-domingo-un-arbol-por-europa-en-el-parque-de-las-pioneras-para-concienciar-sobre-el-desarrollo-sostenible-en-el-ambito-local\\\/\"]}]},{\"@type\":\"ImageObject\",\"inLanguage\":\"es\",\"@id\":\"https:\\\/\\\/www.laguiadepamplona.com\\\/actualidad\\\/pamplona-plantara-el-domingo-un-arbol-por-europa-en-el-parque-de-las-pioneras-para-concienciar-sobre-el-desarrollo-sostenible-en-el-ambito-local\\\/#primaryimage\",\"url\":\"https:\\\/\\\/www.laguiadepamplona.com\\\/actualidad\\\/wp-content\\\/uploads\\\/2021\\\/05\\\/un_arbol_por_europa.png\",\"contentUrl\":\"https:\\\/\\\/www.laguiadepamplona.com\\\/actualidad\\\/wp-content\\\/uploads\\\/2021\\\/05\\\/un_arbol_por_europa.png\",\"width\":500,\"height\":264},{\"@type\":\"BreadcrumbList\",\"@id\":\"https:\\\/\\\/www.laguiadepamplona.com\\\/actualidad\\\/pamplona-plantara-el-domingo-un-arbol-por-europa-en-el-parque-de-las-pioneras-para-concienciar-sobre-el-desarrollo-sostenible-en-el-ambito-local\\\/#breadcrumb\",\"itemListElement\":[{\"@type\":\"ListItem\",\"position\":1,\"name\":\"Portada\",\"item\":\"https:\\\/\\\/www.laguiadepamplona.com\\\/actualidad\\\/\"},{\"@type\":\"ListItem\",\"position\":2,\"name\":\"Pamplona plantar\u00e1 el domingo \u2018Un \u00c1rbol Por Europa\u2019 en el parque de las Pioneras para concienciar sobre el desarrollo sostenible en el \u00e1mbito local\"}]},{\"@type\":\"WebSite\",\"@id\":\"https:\\\/\\\/www.laguiadepamplona.com\\\/actualidad\\\/#website\",\"url\":\"https:\\\/\\\/www.laguiadepamplona.com\\\/actualidad\\\/\",\"name\":\"La gu\u00eda de Pamplona\",\"description\":\"Noticias de Pamplona\",\"publisher\":{\"@id\":\"https:\\\/\\\/www.laguiadepamplona.com\\\/actualidad\\\/#organization\"},\"potentialAction\":[{\"@type\":\"SearchAction\",\"target\":{\"@type\":\"EntryPoint\",\"urlTemplate\":\"https:\\\/\\\/www.laguiadepamplona.com\\\/actualidad\\\/?s={search_term_string}\"},\"query-input\":{\"@type\":\"PropertyValueSpecification\",\"valueRequired\":true,\"valueName\":\"search_term_string\"}}],\"inLanguage\":\"es\"},{\"@type\":\"Organization\",\"@id\":\"https:\\\/\\\/www.laguiadepamplona.com\\\/actualidad\\\/#organization\",\"name\":\"La Gu\u00eda de Pamplona \\\/ Noticias\",\"url\":\"https:\\\/\\\/www.laguiadepamplona.com\\\/actualidad\\\/\",\"logo\":{\"@type\":\"ImageObject\",\"inLanguage\":\"es\",\"@id\":\"https:\\\/\\\/www.laguiadepamplona.com\\\/actualidad\\\/#\\\/schema\\\/logo\\\/image\\\/\",\"url\":\"https:\\\/\\\/www.laguiadepamplona.com\\\/actualidad\\\/wp-content\\\/uploads\\\/2018\\\/11\\\/logo-laguiadepamplona18-web1.png\",\"contentUrl\":\"https:\\\/\\\/www.laguiadepamplona.com\\\/actualidad\\\/wp-content\\\/uploads\\\/2018\\\/11\\\/logo-laguiadepamplona18-web1.png\",\"width\":600,\"height\":196,\"caption\":\"La Gu\u00eda de Pamplona \\\/ Noticias\"},\"image\":{\"@id\":\"https:\\\/\\\/www.laguiadepamplona.com\\\/actualidad\\\/#\\\/schema\\\/logo\\\/image\\\/\"},\"sameAs\":[\"https:\\\/\\\/www.facebook.com\\\/laguiadepamplonacom-133175176762273\\\/?ref=hl\",\"https:\\\/\\\/x.com\\\/LaGuiadPamplona\",\"https:\\\/\\\/www.instagram.com\\\/la_guia_de_pamplona\\\/\",\"https:\\\/\\\/www.youtube.com\\\/user\\\/laguiadepamplona\"]},{\"@type\":\"Person\",\"@id\":\"https:\\\/\\\/www.laguiadepamplona.com\\\/actualidad\\\/#\\\/schema\\\/person\\\/efe887376f0213d4657c93adc50b1fdb\",\"name\":\"La Gu\u00eda de Pamplona\",\"image\":{\"@type\":\"ImageObject\",\"inLanguage\":\"es\",\"@id\":\"https:\\\/\\\/secure.gravatar.com\\\/avatar\\\/b6992f131dc8d30ab0dff15446e9d346d9dbd95992de0fef795073f5ea83a81c?s=96&d=mm&r=g\",\"url\":\"https:\\\/\\\/secure.gravatar.com\\\/avatar\\\/b6992f131dc8d30ab0dff15446e9d346d9dbd95992de0fef795073f5ea83a81c?s=96&d=mm&r=g\",\"contentUrl\":\"https:\\\/\\\/secure.gravatar.com\\\/avatar\\\/b6992f131dc8d30ab0dff15446e9d346d9dbd95992de0fef795073f5ea83a81c?s=96&d=mm&r=g\",\"caption\":\"La Gu\u00eda de Pamplona\"}}]}<\/script>\n<!-- \/ Yoast SEO plugin. -->","yoast_head_json":{"title":"Pamplona plantar\u00e1 el domingo \u2018Un \u00c1rbol Por Europa\u2019 en el parque de las Pioneras para concienciar sobre el desarrollo sostenible en el \u00e1mbito local","description":"El Ayuntamiento ratificar\u00e1 as\u00ed su adhesi\u00f3n a esta campa\u00f1a promovida por Equipo Europa, a propuesta del presidente del Parlamento Europeo","robots":{"index":"index","follow":"follow","max-snippet":"max-snippet:-1","max-image-preview":"max-image-preview:large","max-video-preview":"max-video-preview:-1"},"canonical":"https:\/\/www.laguiadepamplona.com\/actualidad\/pamplona-plantara-el-domingo-un-arbol-por-europa-en-el-parque-de-las-pioneras-para-concienciar-sobre-el-desarrollo-sostenible-en-el-ambito-local\/","og_locale":"es_ES","og_type":"article","og_title":"Pamplona plantar\u00e1 el domingo \u2018Un \u00c1rbol Por Europa\u2019 en el parque de las Pioneras para concienciar sobre el desarrollo sostenible en el \u00e1mbito local","og_description":"El Ayuntamiento ratificar\u00e1 as\u00ed su adhesi\u00f3n a esta campa\u00f1a promovida por Equipo Europa, a propuesta del presidente del Parlamento Europeo","og_url":"https:\/\/www.laguiadepamplona.com\/actualidad\/pamplona-plantara-el-domingo-un-arbol-por-europa-en-el-parque-de-las-pioneras-para-concienciar-sobre-el-desarrollo-sostenible-en-el-ambito-local\/","og_site_name":"La Gu\u00eda de Pamplona","article_publisher":"https:\/\/www.facebook.com\/laguiadepamplonacom-133175176762273\/?ref=hl","article_published_time":"2021-05-07T15:53:50+00:00","article_modified_time":"2023-04-11T09:49:34+00:00","og_image":[{"width":500,"height":264,"url":"https:\/\/www.laguiadepamplona.com\/actualidad\/wp-content\/uploads\/2021\/05\/un_arbol_por_europa.png","type":"image\/png"}],"author":"La Gu\u00eda de Pamplona","twitter_card":"summary_large_image","twitter_creator":"@LaGuiadPamplona","twitter_site":"@LaGuiadPamplona","twitter_misc":{"Escrito por":"La Gu\u00eda de Pamplona","Tiempo de lectura":"3 minutos"},"schema":{"@context":"https:\/\/schema.org","@graph":[{"@type":"Article","@id":"https:\/\/www.laguiadepamplona.com\/actualidad\/pamplona-plantara-el-domingo-un-arbol-por-europa-en-el-parque-de-las-pioneras-para-concienciar-sobre-el-desarrollo-sostenible-en-el-ambito-local\/#article","isPartOf":{"@id":"https:\/\/www.laguiadepamplona.com\/actualidad\/pamplona-plantara-el-domingo-un-arbol-por-europa-en-el-parque-de-las-pioneras-para-concienciar-sobre-el-desarrollo-sostenible-en-el-ambito-local\/"},"author":{"name":"La Gu\u00eda de Pamplona","@id":"https:\/\/www.laguiadepamplona.com\/actualidad\/#\/schema\/person\/efe887376f0213d4657c93adc50b1fdb"},"headline":"Pamplona plantar\u00e1 el domingo \u2018Un \u00c1rbol Por Europa\u2019 en el parque de las Pioneras para concienciar sobre el desarrollo sostenible en el \u00e1mbito local","datePublished":"2021-05-07T15:53:50+00:00","dateModified":"2023-04-11T09:49:34+00:00","mainEntityOfPage":{"@id":"https:\/\/www.laguiadepamplona.com\/actualidad\/pamplona-plantara-el-domingo-un-arbol-por-europa-en-el-parque-de-las-pioneras-para-concienciar-sobre-el-desarrollo-sostenible-en-el-ambito-local\/"},"wordCount":541,"commentCount":0,"publisher":{"@id":"https:\/\/www.laguiadepamplona.com\/actualidad\/#organization"},"image":{"@id":"https:\/\/www.laguiadepamplona.com\/actualidad\/pamplona-plantara-el-domingo-un-arbol-por-europa-en-el-parque-de-las-pioneras-para-concienciar-sobre-el-desarrollo-sostenible-en-el-ambito-local\/#primaryimage"},"thumbnailUrl":"https:\/\/www.laguiadepamplona.com\/actualidad\/wp-content\/uploads\/2021\/05\/un_arbol_por_europa.png","articleSection":["Ayto Pamplona"],"inLanguage":"es","potentialAction":[{"@type":"CommentAction","name":"Comment","target":["https:\/\/www.laguiadepamplona.com\/actualidad\/pamplona-plantara-el-domingo-un-arbol-por-europa-en-el-parque-de-las-pioneras-para-concienciar-sobre-el-desarrollo-sostenible-en-el-ambito-local\/#respond"]}]},{"@type":"WebPage","@id":"https:\/\/www.laguiadepamplona.com\/actualidad\/pamplona-plantara-el-domingo-un-arbol-por-europa-en-el-parque-de-las-pioneras-para-concienciar-sobre-el-desarrollo-sostenible-en-el-ambito-local\/","url":"https:\/\/www.laguiadepamplona.com\/actualidad\/pamplona-plantara-el-domingo-un-arbol-por-europa-en-el-parque-de-las-pioneras-para-concienciar-sobre-el-desarrollo-sostenible-en-el-ambito-local\/","name":"Pamplona plantar\u00e1 el domingo \u2018Un \u00c1rbol Por Europa\u2019 en el parque de las Pioneras para concienciar sobre el desarrollo sostenible en el \u00e1mbito local","isPartOf":{"@id":"https:\/\/www.laguiadepamplona.com\/actualidad\/#website"},"primaryImageOfPage":{"@id":"https:\/\/www.laguiadepamplona.com\/actualidad\/pamplona-plantara-el-domingo-un-arbol-por-europa-en-el-parque-de-las-pioneras-para-concienciar-sobre-el-desarrollo-sostenible-en-el-ambito-local\/#primaryimage"},"image":{"@id":"https:\/\/www.laguiadepamplona.com\/actualidad\/pamplona-plantara-el-domingo-un-arbol-por-europa-en-el-parque-de-las-pioneras-para-concienciar-sobre-el-desarrollo-sostenible-en-el-ambito-local\/#primaryimage"},"thumbnailUrl":"https:\/\/www.laguiadepamplona.com\/actualidad\/wp-content\/uploads\/2021\/05\/un_arbol_por_europa.png","datePublished":"2021-05-07T15:53:50+00:00","dateModified":"2023-04-11T09:49:34+00:00","description":"El Ayuntamiento ratificar\u00e1 as\u00ed su adhesi\u00f3n a esta campa\u00f1a promovida por Equipo Europa, a propuesta del presidente del Parlamento Europeo","breadcrumb":{"@id":"https:\/\/www.laguiadepamplona.com\/actualidad\/pamplona-plantara-el-domingo-un-arbol-por-europa-en-el-parque-de-las-pioneras-para-concienciar-sobre-el-desarrollo-sostenible-en-el-ambito-local\/#breadcrumb"},"inLanguage":"es","potentialAction":[{"@type":"ReadAction","target":["https:\/\/www.laguiadepamplona.com\/actualidad\/pamplona-plantara-el-domingo-un-arbol-por-europa-en-el-parque-de-las-pioneras-para-concienciar-sobre-el-desarrollo-sostenible-en-el-ambito-local\/"]}]},{"@type":"ImageObject","inLanguage":"es","@id":"https:\/\/www.laguiadepamplona.com\/actualidad\/pamplona-plantara-el-domingo-un-arbol-por-europa-en-el-parque-de-las-pioneras-para-concienciar-sobre-el-desarrollo-sostenible-en-el-ambito-local\/#primaryimage","url":"https:\/\/www.laguiadepamplona.com\/actualidad\/wp-content\/uploads\/2021\/05\/un_arbol_por_europa.png","contentUrl":"https:\/\/www.laguiadepamplona.com\/actualidad\/wp-content\/uploads\/2021\/05\/un_arbol_por_europa.png","width":500,"height":264},{"@type":"BreadcrumbList","@id":"https:\/\/www.laguiadepamplona.com\/actualidad\/pamplona-plantara-el-domingo-un-arbol-por-europa-en-el-parque-de-las-pioneras-para-concienciar-sobre-el-desarrollo-sostenible-en-el-ambito-local\/#breadcrumb","itemListElement":[{"@type":"ListItem","position":1,"name":"Portada","item":"https:\/\/www.laguiadepamplona.com\/actualidad\/"},{"@type":"ListItem","position":2,"name":"Pamplona plantar\u00e1 el domingo \u2018Un \u00c1rbol Por Europa\u2019 en el parque de las Pioneras para concienciar sobre el desarrollo sostenible en el \u00e1mbito local"}]},{"@type":"WebSite","@id":"https:\/\/www.laguiadepamplona.com\/actualidad\/#website","url":"https:\/\/www.laguiadepamplona.com\/actualidad\/","name":"La gu\u00eda de Pamplona","description":"Noticias de Pamplona","publisher":{"@id":"https:\/\/www.laguiadepamplona.com\/actualidad\/#organization"},"potentialAction":[{"@type":"SearchAction","target":{"@type":"EntryPoint","urlTemplate":"https:\/\/www.laguiadepamplona.com\/actualidad\/?s={search_term_string}"},"query-input":{"@type":"PropertyValueSpecification","valueRequired":true,"valueName":"search_term_string"}}],"inLanguage":"es"},{"@type":"Organization","@id":"https:\/\/www.laguiadepamplona.com\/actualidad\/#organization","name":"La Gu\u00eda de Pamplona \/ Noticias","url":"https:\/\/www.laguiadepamplona.com\/actualidad\/","logo":{"@type":"ImageObject","inLanguage":"es","@id":"https:\/\/www.laguiadepamplona.com\/actualidad\/#\/schema\/logo\/image\/","url":"https:\/\/www.laguiadepamplona.com\/actualidad\/wp-content\/uploads\/2018\/11\/logo-laguiadepamplona18-web1.png","contentUrl":"https:\/\/www.laguiadepamplona.com\/actualidad\/wp-content\/uploads\/2018\/11\/logo-laguiadepamplona18-web1.png","width":600,"height":196,"caption":"La Gu\u00eda de Pamplona \/ Noticias"},"image":{"@id":"https:\/\/www.laguiadepamplona.com\/actualidad\/#\/schema\/logo\/image\/"},"sameAs":["https:\/\/www.facebook.com\/laguiadepamplonacom-133175176762273\/?ref=hl","https:\/\/x.com\/LaGuiadPamplona","https:\/\/www.instagram.com\/la_guia_de_pamplona\/","https:\/\/www.youtube.com\/user\/laguiadepamplona"]},{"@type":"Person","@id":"https:\/\/www.laguiadepamplona.com\/actualidad\/#\/schema\/person\/efe887376f0213d4657c93adc50b1fdb","name":"La Gu\u00eda de Pamplona","image":{"@type":"ImageObject","inLanguage":"es","@id":"https:\/\/secure.gravatar.com\/avatar\/b6992f131dc8d30ab0dff15446e9d346d9dbd95992de0fef795073f5ea83a81c?s=96&d=mm&r=g","url":"https:\/\/secure.gravatar.com\/avatar\/b6992f131dc8d30ab0dff15446e9d346d9dbd95992de0fef795073f5ea83a81c?s=96&d=mm&r=g","contentUrl":"https:\/\/secure.gravatar.com\/avatar\/b6992f131dc8d30ab0dff15446e9d346d9dbd95992de0fef795073f5ea83a81c?s=96&d=mm&r=g","caption":"La Gu\u00eda de Pamplona"}}]}},"post_mailing_queue_ids":[],"_links":{"self":[{"href":"https:\/\/www.laguiadepamplona.com\/actualidad\/wp-json\/wp\/v2\/posts\/34693","targetHints":{"allow":["GET"]}}],"collection":[{"href":"https:\/\/www.laguiadepamplona.com\/actualidad\/wp-json\/wp\/v2\/posts"}],"about":[{"href":"https:\/\/www.laguiadepamplona.com\/actualidad\/wp-json\/wp\/v2\/types\/post"}],"author":[{"embeddable":true,"href":"https:\/\/www.laguiadepamplona.com\/actualidad\/wp-json\/wp\/v2\/users\/1"}],"replies":[{"embeddable":true,"href":"https:\/\/www.laguiadepamplona.com\/actualidad\/wp-json\/wp\/v2\/comments?post=34693"}],"version-history":[{"count":0,"href":"https:\/\/www.laguiadepamplona.com\/actualidad\/wp-json\/wp\/v2\/posts\/34693\/revisions"}],"wp:featuredmedia":[{"embeddable":true,"href":"https:\/\/www.laguiadepamplona.com\/actualidad\/wp-json\/wp\/v2\/media\/34694"}],"wp:attachment":[{"href":"https:\/\/www.laguiadepamplona.com\/actualidad\/wp-json\/wp\/v2\/media?parent=34693"}],"wp:term":[{"taxonomy":"category","embeddable":true,"href":"https:\/\/www.laguiadepamplona.com\/actualidad\/wp-json\/wp\/v2\/categories?post=34693"},{"taxonomy":"post_tag","embeddable":true,"href":"https:\/\/www.laguiadepamplona.com\/actualidad\/wp-json\/wp\/v2\/tags?post=34693"}],"curies":[{"name":"wp","href":"https:\/\/api.w.org\/{rel}","templated":true}]}}