{"id":34687,"date":"2021-05-07T17:47:05","date_gmt":"2021-05-07T15:47:05","guid":{"rendered":"https:\/\/www.laguiadepamplona.com\/actualidad\/?p=34687"},"modified":"2023-04-11T11:49:35","modified_gmt":"2023-04-11T09:49:35","slug":"el-alcalde-recibe-a-una-representacion-de-anfas-en-el-60-aniversario-de-su-presencia-en-pamplona","status":"publish","type":"post","link":"https:\/\/www.laguiadepamplona.com\/actualidad\/el-alcalde-recibe-a-una-representacion-de-anfas-en-el-60-aniversario-de-su-presencia-en-pamplona\/","title":{"rendered":"El alcalde recibe a una representaci\u00f3n de ANFAS en el 60 aniversario de su presencia en Pamplona"},"content":{"rendered":"<h5>En la reuni\u00f3n se han analizado las subvenciones que desde el Consistorio llegan a la asociaci\u00f3n, as\u00ed como la situaci\u00f3n generada por la pandemia<\/h5>\n<p><!--more--><\/p>\n<p>El alcalde Enrique Maya ha recibido en su despacho a una representaci\u00f3n de la Asociaci\u00f3n navarra en favor de las personas con discapacidad intelectual o del desarrollo (ANFAS), que este a\u00f1o celebra seis d\u00e9cadas de presencia en Pamplona. Por parte de la asociaci\u00f3n, han asistido a la reuni\u00f3n su presidente Javier Gold\u00e1raz, as\u00ed como su coordinadora de responsabilidad social Helena Gallego y la responsable de zona y coordinadora del \u00e1rea de desarrollo, Lourdes Cuesta.<\/p>\n<p><script async src=\"\/\/pagead2.googlesyndication.com\/pagead\/js\/adsbygoogle.js\"><\/script><br \/>\n<!-- Noticias La Guia de Pamplona --><br \/>\n<ins class=\"adsbygoogle\"\nstyle=\"display:block\"\ndata-ad-client=\"ca-pub-6943679897239327\"\ndata-ad-slot=\"7048180777\"\ndata-ad-format=\"auto\"><\/ins><br \/>\n<script>\n(adsbygoogle = window.adsbygoogle || []).push({});\n<\/script><\/p>\n<p>Los representantes de ANFAS han expuesto al alcalde los puntos clave de su actividad en Pamplona, tanto a lo largo de su historia en la capital como en la actualidad, con importantes cambios condicionados por las necesidades extra generadas por las consecuencias de la pandemia. Adem\u00e1s, se ha analizado la evoluci\u00f3n de las subvenciones que cada a\u00f1o llegan a la asociaci\u00f3n desde el Consistorio para permitir el cumplimiento de sus objetivos. Entre ellos se encuentra en la actualidad la puesta en marcha del Programa de Accesibilidad Cognitiva, que desde ANFAS han querido presentar al alcalde.<\/p>\n<p><strong>60 a\u00f1os trabajando en Pamplona con las personas con discapacidad intelectual o del desarrollo<\/strong><\/p>\n<p>ANFAS se constituy\u00f3 en Pamplona en 1961 y desde entonces ha trabajado mejorando la calidad de vida de las personas con discapacidad intelectual o del desarrollo defendiendo siempre sus derechos. Esta asociaci\u00f3n fue declarada de Utilidad P\u00fablica en 1970 y en 1999 fue distinguida por el Gobierno de Navarra con la Medalla de Oro de Navarra por su trayectoria. En este mismo a\u00f1o han recibido el premio al voluntariado por el Instituto Navarro de Deporte y Juventud. En 2009 tambi\u00e9n recibieron un Acc\u00e9sit en el Premio a la calidad de los servicios sociales. Desde sus or\u00edgenes ANFAS<\/p>\n<p><script async src=\"\/\/pagead2.googlesyndication.com\/pagead\/js\/adsbygoogle.js\"><\/script><br \/>\n<!-- Noticias La Guia de Pamplona --><br \/>\n<ins class=\"adsbygoogle\"\nstyle=\"display:block\"\ndata-ad-client=\"ca-pub-6943679897239327\"\ndata-ad-slot=\"7048180777\"\ndata-ad-format=\"auto\"><\/ins><br \/>\n<script>\n(adsbygoogle = window.adsbygoogle || []).push({});\n<\/script><\/p>\n<p><strong>ANFAS es una organizaci\u00f3n cohesionada y referente en la provisi\u00f3n de apoyos y soluciones avanzadas a las personas con discapacidad intelectual de Navarra y sus familias, orientada hacia la excelencia desde un compromiso con la calidad en un marco \u00e9tico.<\/strong> La misi\u00f3n que defienden es\u00a0<strong>\u201ccontribuir, desde su compromiso \u00e9tico, a garantizar los apoyos y servicios necesarios, en un contexto de ejercicio de derechos e inclusi\u00f3n social, para que cada persona con discapacidad intelectual o del desarrollo y sus familias desarrollen sus proyectos de vida personales y mejoren su calidad de vida como ciudadanos y ciudadanas en una Navarra justa y solidaria\u201d<\/strong>.<\/p>\n","protected":false},"excerpt":{"rendered":"<p>En la reuni\u00f3n se han analizado las subvenciones que desde el Consistorio llegan a la asociaci\u00f3n, as\u00ed como la situaci\u00f3n generada por la pandemia<\/p>\n","protected":false},"author":1,"featured_media":34688,"comment_status":"open","ping_status":"closed","sticky":false,"template":"","format":"standard","meta":{"footnotes":""},"categories":[2],"tags":[],"class_list":["post-34687","post","type-post","status-publish","format-standard","has-post-thumbnail","hentry","category-ayuntamiento-pamplona"],"yoast_head":"<!-- This site is optimized with the Yoast SEO plugin v27.3 - https:\/\/yoast.com\/product\/yoast-seo-wordpress\/ -->\n<title>El alcalde recibe a una representaci\u00f3n de ANFAS en el 60 aniversario de su presencia en Pamplona<\/title>\n<meta name=\"description\" content=\"En la reuni\u00f3n se han analizado las subvenciones que desde el Consistorio llegan a la asociaci\u00f3n, as\u00ed como la situaci\u00f3n generada por la pandemia\" \/>\n<meta name=\"robots\" content=\"index, follow, max-snippet:-1, max-image-preview:large, max-video-preview:-1\" \/>\n<link rel=\"canonical\" href=\"https:\/\/www.laguiadepamplona.com\/actualidad\/el-alcalde-recibe-a-una-representacion-de-anfas-en-el-60-aniversario-de-su-presencia-en-pamplona\/\" \/>\n<meta property=\"og:locale\" content=\"es_ES\" \/>\n<meta property=\"og:type\" content=\"article\" \/>\n<meta property=\"og:title\" content=\"El alcalde recibe a una representaci\u00f3n de ANFAS en el 60 aniversario de su presencia en Pamplona\" \/>\n<meta property=\"og:description\" content=\"En la reuni\u00f3n se han analizado las subvenciones que desde el Consistorio llegan a la asociaci\u00f3n, as\u00ed como la situaci\u00f3n generada por la pandemia\" \/>\n<meta property=\"og:url\" content=\"https:\/\/www.laguiadepamplona.com\/actualidad\/el-alcalde-recibe-a-una-representacion-de-anfas-en-el-60-aniversario-de-su-presencia-en-pamplona\/\" \/>\n<meta property=\"og:site_name\" content=\"La Gu\u00eda de Pamplona\" \/>\n<meta property=\"article:publisher\" content=\"https:\/\/www.facebook.com\/laguiadepamplonacom-133175176762273\/?ref=hl\" \/>\n<meta property=\"article:published_time\" content=\"2021-05-07T15:47:05+00:00\" \/>\n<meta property=\"article:modified_time\" content=\"2023-04-11T09:49:35+00:00\" \/>\n<meta property=\"og:image\" content=\"https:\/\/www.laguiadepamplona.com\/actualidad\/wp-content\/uploads\/2021\/05\/VISITA-ANFAS_EE5A9862.jpg\" \/>\n\t<meta property=\"og:image:width\" content=\"1920\" \/>\n\t<meta property=\"og:image:height\" content=\"1193\" \/>\n\t<meta property=\"og:image:type\" content=\"image\/jpeg\" \/>\n<meta name=\"author\" content=\"La Gu\u00eda de Pamplona\" \/>\n<meta name=\"twitter:card\" content=\"summary_large_image\" \/>\n<meta name=\"twitter:creator\" content=\"@LaGuiadPamplona\" \/>\n<meta name=\"twitter:site\" content=\"@LaGuiadPamplona\" \/>\n<meta name=\"twitter:label1\" content=\"Escrito por\" \/>\n\t<meta name=\"twitter:data1\" content=\"La Gu\u00eda de Pamplona\" \/>\n\t<meta name=\"twitter:label2\" content=\"Tiempo de lectura\" \/>\n\t<meta name=\"twitter:data2\" content=\"2 minutos\" \/>\n<script type=\"application\/ld+json\" class=\"yoast-schema-graph\">{\"@context\":\"https:\\\/\\\/schema.org\",\"@graph\":[{\"@type\":\"Article\",\"@id\":\"https:\\\/\\\/www.laguiadepamplona.com\\\/actualidad\\\/el-alcalde-recibe-a-una-representacion-de-anfas-en-el-60-aniversario-de-su-presencia-en-pamplona\\\/#article\",\"isPartOf\":{\"@id\":\"https:\\\/\\\/www.laguiadepamplona.com\\\/actualidad\\\/el-alcalde-recibe-a-una-representacion-de-anfas-en-el-60-aniversario-de-su-presencia-en-pamplona\\\/\"},\"author\":{\"name\":\"La Gu\u00eda de Pamplona\",\"@id\":\"https:\\\/\\\/www.laguiadepamplona.com\\\/actualidad\\\/#\\\/schema\\\/person\\\/efe887376f0213d4657c93adc50b1fdb\"},\"headline\":\"El alcalde recibe a una representaci\u00f3n de ANFAS en el 60 aniversario de su presencia en Pamplona\",\"datePublished\":\"2021-05-07T15:47:05+00:00\",\"dateModified\":\"2023-04-11T09:49:35+00:00\",\"mainEntityOfPage\":{\"@id\":\"https:\\\/\\\/www.laguiadepamplona.com\\\/actualidad\\\/el-alcalde-recibe-a-una-representacion-de-anfas-en-el-60-aniversario-de-su-presencia-en-pamplona\\\/\"},\"wordCount\":443,\"commentCount\":0,\"publisher\":{\"@id\":\"https:\\\/\\\/www.laguiadepamplona.com\\\/actualidad\\\/#organization\"},\"image\":{\"@id\":\"https:\\\/\\\/www.laguiadepamplona.com\\\/actualidad\\\/el-alcalde-recibe-a-una-representacion-de-anfas-en-el-60-aniversario-de-su-presencia-en-pamplona\\\/#primaryimage\"},\"thumbnailUrl\":\"https:\\\/\\\/www.laguiadepamplona.com\\\/actualidad\\\/wp-content\\\/uploads\\\/2021\\\/05\\\/VISITA-ANFAS_EE5A9862.jpg\",\"articleSection\":[\"Ayto Pamplona\"],\"inLanguage\":\"es\",\"potentialAction\":[{\"@type\":\"CommentAction\",\"name\":\"Comment\",\"target\":[\"https:\\\/\\\/www.laguiadepamplona.com\\\/actualidad\\\/el-alcalde-recibe-a-una-representacion-de-anfas-en-el-60-aniversario-de-su-presencia-en-pamplona\\\/#respond\"]}]},{\"@type\":\"WebPage\",\"@id\":\"https:\\\/\\\/www.laguiadepamplona.com\\\/actualidad\\\/el-alcalde-recibe-a-una-representacion-de-anfas-en-el-60-aniversario-de-su-presencia-en-pamplona\\\/\",\"url\":\"https:\\\/\\\/www.laguiadepamplona.com\\\/actualidad\\\/el-alcalde-recibe-a-una-representacion-de-anfas-en-el-60-aniversario-de-su-presencia-en-pamplona\\\/\",\"name\":\"El alcalde recibe a una representaci\u00f3n de ANFAS en el 60 aniversario de su presencia en Pamplona\",\"isPartOf\":{\"@id\":\"https:\\\/\\\/www.laguiadepamplona.com\\\/actualidad\\\/#website\"},\"primaryImageOfPage\":{\"@id\":\"https:\\\/\\\/www.laguiadepamplona.com\\\/actualidad\\\/el-alcalde-recibe-a-una-representacion-de-anfas-en-el-60-aniversario-de-su-presencia-en-pamplona\\\/#primaryimage\"},\"image\":{\"@id\":\"https:\\\/\\\/www.laguiadepamplona.com\\\/actualidad\\\/el-alcalde-recibe-a-una-representacion-de-anfas-en-el-60-aniversario-de-su-presencia-en-pamplona\\\/#primaryimage\"},\"thumbnailUrl\":\"https:\\\/\\\/www.laguiadepamplona.com\\\/actualidad\\\/wp-content\\\/uploads\\\/2021\\\/05\\\/VISITA-ANFAS_EE5A9862.jpg\",\"datePublished\":\"2021-05-07T15:47:05+00:00\",\"dateModified\":\"2023-04-11T09:49:35+00:00\",\"description\":\"En la reuni\u00f3n se han analizado las subvenciones que desde el Consistorio llegan a la asociaci\u00f3n, as\u00ed como la situaci\u00f3n generada por la pandemia\",\"breadcrumb\":{\"@id\":\"https:\\\/\\\/www.laguiadepamplona.com\\\/actualidad\\\/el-alcalde-recibe-a-una-representacion-de-anfas-en-el-60-aniversario-de-su-presencia-en-pamplona\\\/#breadcrumb\"},\"inLanguage\":\"es\",\"potentialAction\":[{\"@type\":\"ReadAction\",\"target\":[\"https:\\\/\\\/www.laguiadepamplona.com\\\/actualidad\\\/el-alcalde-recibe-a-una-representacion-de-anfas-en-el-60-aniversario-de-su-presencia-en-pamplona\\\/\"]}]},{\"@type\":\"ImageObject\",\"inLanguage\":\"es\",\"@id\":\"https:\\\/\\\/www.laguiadepamplona.com\\\/actualidad\\\/el-alcalde-recibe-a-una-representacion-de-anfas-en-el-60-aniversario-de-su-presencia-en-pamplona\\\/#primaryimage\",\"url\":\"https:\\\/\\\/www.laguiadepamplona.com\\\/actualidad\\\/wp-content\\\/uploads\\\/2021\\\/05\\\/VISITA-ANFAS_EE5A9862.jpg\",\"contentUrl\":\"https:\\\/\\\/www.laguiadepamplona.com\\\/actualidad\\\/wp-content\\\/uploads\\\/2021\\\/05\\\/VISITA-ANFAS_EE5A9862.jpg\",\"width\":1920,\"height\":1193},{\"@type\":\"BreadcrumbList\",\"@id\":\"https:\\\/\\\/www.laguiadepamplona.com\\\/actualidad\\\/el-alcalde-recibe-a-una-representacion-de-anfas-en-el-60-aniversario-de-su-presencia-en-pamplona\\\/#breadcrumb\",\"itemListElement\":[{\"@type\":\"ListItem\",\"position\":1,\"name\":\"Portada\",\"item\":\"https:\\\/\\\/www.laguiadepamplona.com\\\/actualidad\\\/\"},{\"@type\":\"ListItem\",\"position\":2,\"name\":\"El alcalde recibe a una representaci\u00f3n de ANFAS en el 60 aniversario de su presencia en Pamplona\"}]},{\"@type\":\"WebSite\",\"@id\":\"https:\\\/\\\/www.laguiadepamplona.com\\\/actualidad\\\/#website\",\"url\":\"https:\\\/\\\/www.laguiadepamplona.com\\\/actualidad\\\/\",\"name\":\"La gu\u00eda de Pamplona\",\"description\":\"Noticias de Pamplona\",\"publisher\":{\"@id\":\"https:\\\/\\\/www.laguiadepamplona.com\\\/actualidad\\\/#organization\"},\"potentialAction\":[{\"@type\":\"SearchAction\",\"target\":{\"@type\":\"EntryPoint\",\"urlTemplate\":\"https:\\\/\\\/www.laguiadepamplona.com\\\/actualidad\\\/?s={search_term_string}\"},\"query-input\":{\"@type\":\"PropertyValueSpecification\",\"valueRequired\":true,\"valueName\":\"search_term_string\"}}],\"inLanguage\":\"es\"},{\"@type\":\"Organization\",\"@id\":\"https:\\\/\\\/www.laguiadepamplona.com\\\/actualidad\\\/#organization\",\"name\":\"La Gu\u00eda de Pamplona \\\/ Noticias\",\"url\":\"https:\\\/\\\/www.laguiadepamplona.com\\\/actualidad\\\/\",\"logo\":{\"@type\":\"ImageObject\",\"inLanguage\":\"es\",\"@id\":\"https:\\\/\\\/www.laguiadepamplona.com\\\/actualidad\\\/#\\\/schema\\\/logo\\\/image\\\/\",\"url\":\"https:\\\/\\\/www.laguiadepamplona.com\\\/actualidad\\\/wp-content\\\/uploads\\\/2018\\\/11\\\/logo-laguiadepamplona18-web1.png\",\"contentUrl\":\"https:\\\/\\\/www.laguiadepamplona.com\\\/actualidad\\\/wp-content\\\/uploads\\\/2018\\\/11\\\/logo-laguiadepamplona18-web1.png\",\"width\":600,\"height\":196,\"caption\":\"La Gu\u00eda de Pamplona \\\/ Noticias\"},\"image\":{\"@id\":\"https:\\\/\\\/www.laguiadepamplona.com\\\/actualidad\\\/#\\\/schema\\\/logo\\\/image\\\/\"},\"sameAs\":[\"https:\\\/\\\/www.facebook.com\\\/laguiadepamplonacom-133175176762273\\\/?ref=hl\",\"https:\\\/\\\/x.com\\\/LaGuiadPamplona\",\"https:\\\/\\\/www.instagram.com\\\/la_guia_de_pamplona\\\/\",\"https:\\\/\\\/www.youtube.com\\\/user\\\/laguiadepamplona\"]},{\"@type\":\"Person\",\"@id\":\"https:\\\/\\\/www.laguiadepamplona.com\\\/actualidad\\\/#\\\/schema\\\/person\\\/efe887376f0213d4657c93adc50b1fdb\",\"name\":\"La Gu\u00eda de Pamplona\",\"image\":{\"@type\":\"ImageObject\",\"inLanguage\":\"es\",\"@id\":\"https:\\\/\\\/secure.gravatar.com\\\/avatar\\\/b6992f131dc8d30ab0dff15446e9d346d9dbd95992de0fef795073f5ea83a81c?s=96&d=mm&r=g\",\"url\":\"https:\\\/\\\/secure.gravatar.com\\\/avatar\\\/b6992f131dc8d30ab0dff15446e9d346d9dbd95992de0fef795073f5ea83a81c?s=96&d=mm&r=g\",\"contentUrl\":\"https:\\\/\\\/secure.gravatar.com\\\/avatar\\\/b6992f131dc8d30ab0dff15446e9d346d9dbd95992de0fef795073f5ea83a81c?s=96&d=mm&r=g\",\"caption\":\"La Gu\u00eda de Pamplona\"}}]}<\/script>\n<!-- \/ Yoast SEO plugin. -->","yoast_head_json":{"title":"El alcalde recibe a una representaci\u00f3n de ANFAS en el 60 aniversario de su presencia en Pamplona","description":"En la reuni\u00f3n se han analizado las subvenciones que desde el Consistorio llegan a la asociaci\u00f3n, as\u00ed como la situaci\u00f3n generada por la pandemia","robots":{"index":"index","follow":"follow","max-snippet":"max-snippet:-1","max-image-preview":"max-image-preview:large","max-video-preview":"max-video-preview:-1"},"canonical":"https:\/\/www.laguiadepamplona.com\/actualidad\/el-alcalde-recibe-a-una-representacion-de-anfas-en-el-60-aniversario-de-su-presencia-en-pamplona\/","og_locale":"es_ES","og_type":"article","og_title":"El alcalde recibe a una representaci\u00f3n de ANFAS en el 60 aniversario de su presencia en Pamplona","og_description":"En la reuni\u00f3n se han analizado las subvenciones que desde el Consistorio llegan a la asociaci\u00f3n, as\u00ed como la situaci\u00f3n generada por la pandemia","og_url":"https:\/\/www.laguiadepamplona.com\/actualidad\/el-alcalde-recibe-a-una-representacion-de-anfas-en-el-60-aniversario-de-su-presencia-en-pamplona\/","og_site_name":"La Gu\u00eda de Pamplona","article_publisher":"https:\/\/www.facebook.com\/laguiadepamplonacom-133175176762273\/?ref=hl","article_published_time":"2021-05-07T15:47:05+00:00","article_modified_time":"2023-04-11T09:49:35+00:00","og_image":[{"width":1920,"height":1193,"url":"https:\/\/www.laguiadepamplona.com\/actualidad\/wp-content\/uploads\/2021\/05\/VISITA-ANFAS_EE5A9862.jpg","type":"image\/jpeg"}],"author":"La Gu\u00eda de Pamplona","twitter_card":"summary_large_image","twitter_creator":"@LaGuiadPamplona","twitter_site":"@LaGuiadPamplona","twitter_misc":{"Escrito por":"La Gu\u00eda de Pamplona","Tiempo de lectura":"2 minutos"},"schema":{"@context":"https:\/\/schema.org","@graph":[{"@type":"Article","@id":"https:\/\/www.laguiadepamplona.com\/actualidad\/el-alcalde-recibe-a-una-representacion-de-anfas-en-el-60-aniversario-de-su-presencia-en-pamplona\/#article","isPartOf":{"@id":"https:\/\/www.laguiadepamplona.com\/actualidad\/el-alcalde-recibe-a-una-representacion-de-anfas-en-el-60-aniversario-de-su-presencia-en-pamplona\/"},"author":{"name":"La Gu\u00eda de Pamplona","@id":"https:\/\/www.laguiadepamplona.com\/actualidad\/#\/schema\/person\/efe887376f0213d4657c93adc50b1fdb"},"headline":"El alcalde recibe a una representaci\u00f3n de ANFAS en el 60 aniversario de su presencia en Pamplona","datePublished":"2021-05-07T15:47:05+00:00","dateModified":"2023-04-11T09:49:35+00:00","mainEntityOfPage":{"@id":"https:\/\/www.laguiadepamplona.com\/actualidad\/el-alcalde-recibe-a-una-representacion-de-anfas-en-el-60-aniversario-de-su-presencia-en-pamplona\/"},"wordCount":443,"commentCount":0,"publisher":{"@id":"https:\/\/www.laguiadepamplona.com\/actualidad\/#organization"},"image":{"@id":"https:\/\/www.laguiadepamplona.com\/actualidad\/el-alcalde-recibe-a-una-representacion-de-anfas-en-el-60-aniversario-de-su-presencia-en-pamplona\/#primaryimage"},"thumbnailUrl":"https:\/\/www.laguiadepamplona.com\/actualidad\/wp-content\/uploads\/2021\/05\/VISITA-ANFAS_EE5A9862.jpg","articleSection":["Ayto Pamplona"],"inLanguage":"es","potentialAction":[{"@type":"CommentAction","name":"Comment","target":["https:\/\/www.laguiadepamplona.com\/actualidad\/el-alcalde-recibe-a-una-representacion-de-anfas-en-el-60-aniversario-de-su-presencia-en-pamplona\/#respond"]}]},{"@type":"WebPage","@id":"https:\/\/www.laguiadepamplona.com\/actualidad\/el-alcalde-recibe-a-una-representacion-de-anfas-en-el-60-aniversario-de-su-presencia-en-pamplona\/","url":"https:\/\/www.laguiadepamplona.com\/actualidad\/el-alcalde-recibe-a-una-representacion-de-anfas-en-el-60-aniversario-de-su-presencia-en-pamplona\/","name":"El alcalde recibe a una representaci\u00f3n de ANFAS en el 60 aniversario de su presencia en Pamplona","isPartOf":{"@id":"https:\/\/www.laguiadepamplona.com\/actualidad\/#website"},"primaryImageOfPage":{"@id":"https:\/\/www.laguiadepamplona.com\/actualidad\/el-alcalde-recibe-a-una-representacion-de-anfas-en-el-60-aniversario-de-su-presencia-en-pamplona\/#primaryimage"},"image":{"@id":"https:\/\/www.laguiadepamplona.com\/actualidad\/el-alcalde-recibe-a-una-representacion-de-anfas-en-el-60-aniversario-de-su-presencia-en-pamplona\/#primaryimage"},"thumbnailUrl":"https:\/\/www.laguiadepamplona.com\/actualidad\/wp-content\/uploads\/2021\/05\/VISITA-ANFAS_EE5A9862.jpg","datePublished":"2021-05-07T15:47:05+00:00","dateModified":"2023-04-11T09:49:35+00:00","description":"En la reuni\u00f3n se han analizado las subvenciones que desde el Consistorio llegan a la asociaci\u00f3n, as\u00ed como la situaci\u00f3n generada por la pandemia","breadcrumb":{"@id":"https:\/\/www.laguiadepamplona.com\/actualidad\/el-alcalde-recibe-a-una-representacion-de-anfas-en-el-60-aniversario-de-su-presencia-en-pamplona\/#breadcrumb"},"inLanguage":"es","potentialAction":[{"@type":"ReadAction","target":["https:\/\/www.laguiadepamplona.com\/actualidad\/el-alcalde-recibe-a-una-representacion-de-anfas-en-el-60-aniversario-de-su-presencia-en-pamplona\/"]}]},{"@type":"ImageObject","inLanguage":"es","@id":"https:\/\/www.laguiadepamplona.com\/actualidad\/el-alcalde-recibe-a-una-representacion-de-anfas-en-el-60-aniversario-de-su-presencia-en-pamplona\/#primaryimage","url":"https:\/\/www.laguiadepamplona.com\/actualidad\/wp-content\/uploads\/2021\/05\/VISITA-ANFAS_EE5A9862.jpg","contentUrl":"https:\/\/www.laguiadepamplona.com\/actualidad\/wp-content\/uploads\/2021\/05\/VISITA-ANFAS_EE5A9862.jpg","width":1920,"height":1193},{"@type":"BreadcrumbList","@id":"https:\/\/www.laguiadepamplona.com\/actualidad\/el-alcalde-recibe-a-una-representacion-de-anfas-en-el-60-aniversario-de-su-presencia-en-pamplona\/#breadcrumb","itemListElement":[{"@type":"ListItem","position":1,"name":"Portada","item":"https:\/\/www.laguiadepamplona.com\/actualidad\/"},{"@type":"ListItem","position":2,"name":"El alcalde recibe a una representaci\u00f3n de ANFAS en el 60 aniversario de su presencia en Pamplona"}]},{"@type":"WebSite","@id":"https:\/\/www.laguiadepamplona.com\/actualidad\/#website","url":"https:\/\/www.laguiadepamplona.com\/actualidad\/","name":"La gu\u00eda de Pamplona","description":"Noticias de Pamplona","publisher":{"@id":"https:\/\/www.laguiadepamplona.com\/actualidad\/#organization"},"potentialAction":[{"@type":"SearchAction","target":{"@type":"EntryPoint","urlTemplate":"https:\/\/www.laguiadepamplona.com\/actualidad\/?s={search_term_string}"},"query-input":{"@type":"PropertyValueSpecification","valueRequired":true,"valueName":"search_term_string"}}],"inLanguage":"es"},{"@type":"Organization","@id":"https:\/\/www.laguiadepamplona.com\/actualidad\/#organization","name":"La Gu\u00eda de Pamplona \/ Noticias","url":"https:\/\/www.laguiadepamplona.com\/actualidad\/","logo":{"@type":"ImageObject","inLanguage":"es","@id":"https:\/\/www.laguiadepamplona.com\/actualidad\/#\/schema\/logo\/image\/","url":"https:\/\/www.laguiadepamplona.com\/actualidad\/wp-content\/uploads\/2018\/11\/logo-laguiadepamplona18-web1.png","contentUrl":"https:\/\/www.laguiadepamplona.com\/actualidad\/wp-content\/uploads\/2018\/11\/logo-laguiadepamplona18-web1.png","width":600,"height":196,"caption":"La Gu\u00eda de Pamplona \/ Noticias"},"image":{"@id":"https:\/\/www.laguiadepamplona.com\/actualidad\/#\/schema\/logo\/image\/"},"sameAs":["https:\/\/www.facebook.com\/laguiadepamplonacom-133175176762273\/?ref=hl","https:\/\/x.com\/LaGuiadPamplona","https:\/\/www.instagram.com\/la_guia_de_pamplona\/","https:\/\/www.youtube.com\/user\/laguiadepamplona"]},{"@type":"Person","@id":"https:\/\/www.laguiadepamplona.com\/actualidad\/#\/schema\/person\/efe887376f0213d4657c93adc50b1fdb","name":"La Gu\u00eda de Pamplona","image":{"@type":"ImageObject","inLanguage":"es","@id":"https:\/\/secure.gravatar.com\/avatar\/b6992f131dc8d30ab0dff15446e9d346d9dbd95992de0fef795073f5ea83a81c?s=96&d=mm&r=g","url":"https:\/\/secure.gravatar.com\/avatar\/b6992f131dc8d30ab0dff15446e9d346d9dbd95992de0fef795073f5ea83a81c?s=96&d=mm&r=g","contentUrl":"https:\/\/secure.gravatar.com\/avatar\/b6992f131dc8d30ab0dff15446e9d346d9dbd95992de0fef795073f5ea83a81c?s=96&d=mm&r=g","caption":"La Gu\u00eda de Pamplona"}}]}},"post_mailing_queue_ids":[],"_links":{"self":[{"href":"https:\/\/www.laguiadepamplona.com\/actualidad\/wp-json\/wp\/v2\/posts\/34687","targetHints":{"allow":["GET"]}}],"collection":[{"href":"https:\/\/www.laguiadepamplona.com\/actualidad\/wp-json\/wp\/v2\/posts"}],"about":[{"href":"https:\/\/www.laguiadepamplona.com\/actualidad\/wp-json\/wp\/v2\/types\/post"}],"author":[{"embeddable":true,"href":"https:\/\/www.laguiadepamplona.com\/actualidad\/wp-json\/wp\/v2\/users\/1"}],"replies":[{"embeddable":true,"href":"https:\/\/www.laguiadepamplona.com\/actualidad\/wp-json\/wp\/v2\/comments?post=34687"}],"version-history":[{"count":0,"href":"https:\/\/www.laguiadepamplona.com\/actualidad\/wp-json\/wp\/v2\/posts\/34687\/revisions"}],"wp:featuredmedia":[{"embeddable":true,"href":"https:\/\/www.laguiadepamplona.com\/actualidad\/wp-json\/wp\/v2\/media\/34688"}],"wp:attachment":[{"href":"https:\/\/www.laguiadepamplona.com\/actualidad\/wp-json\/wp\/v2\/media?parent=34687"}],"wp:term":[{"taxonomy":"category","embeddable":true,"href":"https:\/\/www.laguiadepamplona.com\/actualidad\/wp-json\/wp\/v2\/categories?post=34687"},{"taxonomy":"post_tag","embeddable":true,"href":"https:\/\/www.laguiadepamplona.com\/actualidad\/wp-json\/wp\/v2\/tags?post=34687"}],"curies":[{"name":"wp","href":"https:\/\/api.w.org\/{rel}","templated":true}]}}