{"id":34683,"date":"2021-05-07T17:45:00","date_gmt":"2021-05-07T15:45:00","guid":{"rendered":"https:\/\/www.laguiadepamplona.com\/actualidad\/?p=34683"},"modified":"2023-04-11T11:49:35","modified_gmt":"2023-04-11T09:49:35","slug":"la-cultura-y-la-gastronomia-de-pamplona-llegaran-a-todo-el-mundo-junto-con-los-sanfermines-a-traves-del-festival-cultural-online-san-fermin-mundial-la-fiesta-inteligente","status":"publish","type":"post","link":"https:\/\/www.laguiadepamplona.com\/actualidad\/la-cultura-y-la-gastronomia-de-pamplona-llegaran-a-todo-el-mundo-junto-con-los-sanfermines-a-traves-del-festival-cultural-online-san-fermin-mundial-la-fiesta-inteligente\/","title":{"rendered":"La cultura y la gastronom\u00eda de Pamplona llegar\u00e1n a todo el mundo junto con los Sanfermines a trav\u00e9s del Festival cultural online San Ferm\u00edn Mundial \u2018La fiesta inteligente\u2019"},"content":{"rendered":"<h5>El festival acoge un gran campeonato internacional de ajedrez con la presencia de Magnus Carlsen en Pamplona y diversas actividades al aire libre<\/h5>\n<p><!--more--><\/p>\n<p><a href=\"https:\/\/www.laguiadepamplona.com\/actualidad\/wp-content\/uploads\/2021\/05\/cartel-vertical.jpg\"><img loading=\"lazy\" decoding=\"async\" class=\"alignleft size-medium wp-image-34685\" src=\"https:\/\/www.laguiadepamplona.com\/actualidad\/wp-content\/uploads\/2021\/05\/cartel-vertical-171x300.jpg\" alt=\"\" width=\"171\" height=\"300\" srcset=\"https:\/\/www.laguiadepamplona.com\/actualidad\/wp-content\/uploads\/2021\/05\/cartel-vertical-171x300.jpg 171w, https:\/\/www.laguiadepamplona.com\/actualidad\/wp-content\/uploads\/2021\/05\/cartel-vertical-389x682.jpg 389w, https:\/\/www.laguiadepamplona.com\/actualidad\/wp-content\/uploads\/2021\/05\/cartel-vertical-768x1347.jpg 768w, https:\/\/www.laguiadepamplona.com\/actualidad\/wp-content\/uploads\/2021\/05\/cartel-vertical-876x1536.jpg 876w, https:\/\/www.laguiadepamplona.com\/actualidad\/wp-content\/uploads\/2021\/05\/cartel-vertical-640x1122.jpg 640w, https:\/\/www.laguiadepamplona.com\/actualidad\/wp-content\/uploads\/2021\/05\/cartel-vertical.jpg 898w\" sizes=\"auto, (max-width: 171px) 100vw, 171px\" \/><\/a>El Festival cultural online San Ferm\u00edn Mundial, cuyo lema es \u201cLa Fiesta Inteligente\u201d, promocionar\u00e1 la cultura y la gastronom\u00eda de Pamplona por todo el mundo de la mano de los Sanfermines a trav\u00e9s de un programa mayoritariamente online que acoger\u00e1 un gran campeonato internacional de ajedrez y diversas actividades al aire libre seg\u00fan las restricciones sanitarias del momento.<\/p>\n<p>Todos los detalles de esta iniciativa, que traer\u00e1 a la ciudad al campe\u00f3n mundial de ajedrez Magnus Carlsen, han sido presentados por la concejala delegada de Cultura e Igualdad, Mar\u00eda Garc\u00eda-Barberena, junto con Mikel Urmeneta, fundador y director de arte de Sanferfood; Pepe Cuenca, GM de ajedrez y presentador estrella de Chess24, e I\u00f1aki Andradas, fundador de Sanferfood y cocinero.<\/p>\n<p>De acuerdo a los datos de la plataforma Chess24, durante estos dos meses se sumar\u00e1n 35 millones de visualizaciones y un total de 13 millones de horas que tendr\u00e1n como punto de referencia a San Ferm\u00edn y a Pamplona. Se estima que el alcance ser\u00e1 de 17 millones de personas a los que se podr\u00edan unir otros 11 millones adicionales no suscritos ni registrados.<\/p>\n<p>El festival se encuadra en \u2018\u00a1Viva Pamplona viva!\u2019, el amplio programa de cultura y ocio seguro con m\u00e1s 400 actividades organizado por el Ayuntamiento de Pamplona. La suspensi\u00f3n de los Sanfermines por segundo a\u00f1o consecutivo y la situaci\u00f3n sanitaria han llevado al Consistorio pamplon\u00e9s a poner en marcha un nuevo programa cultural que de vida a las calles de la ciudad. Se desarrollar\u00e1 a lo largo de todo el verano impulsado las actividades al aire libre.<\/p>\n<p><script async src=\"\/\/pagead2.googlesyndication.com\/pagead\/js\/adsbygoogle.js\"><\/script><br \/>\n<!-- Noticias La Guia de Pamplona --><br \/>\n<ins class=\"adsbygoogle\"\nstyle=\"display:block\"\ndata-ad-client=\"ca-pub-6943679897239327\"\ndata-ad-slot=\"7048180777\"\ndata-ad-format=\"auto\"><\/ins><br \/>\n<script>\n(adsbygoogle = window.adsbygoogle || []).push({});\n<\/script><\/p>\n<p><strong>Entrevistas en las que se conocer\u00e1n lugares, tradiciones y espacios gastron\u00f3micos<\/strong><\/p>\n<p>El festival comenzar\u00e1 de manera informal de inmediato con torneos clasificatorios de ajedrez y tomar\u00e1 cuerpo de programa a partir del d\u00eda 26 de junio y hasta el 15 de julio, emiti\u00e9ndose todos los d\u00edas y durante pr\u00e1cticamente toda la tarde, de 16 a 21 horas. Se desarrollar\u00e1 a trav\u00e9s de la plataforma internacional de ajedrez <a href=\"chess24.com\" target=\"_blank\" rel=\"noopener\">Chess24<\/a>, un espacio virtual gratuito y de libre acceso. Podr\u00e1n acceder todas las personas interesadas, ya que adem\u00e1s de partidas de ajedrez, durante todo el d\u00eda se organizar\u00e1n las actividades al aire libre posibles en cada momento que ser\u00e1n grabadas y emitidas en <em>streaming<\/em> o en diferido.<\/p>\n<p>Existir\u00e1n distintas secciones dedicadas principalmente a la cultura y a la gastronom\u00eda. Los comentaristas del ajedrez, \u201cEl Divis\u201d y Pepe Cuenca, adem\u00e1s de retransmitir en directos las partidas clasificatorias y el torneo San Ferm\u00edn Mundial, pasear\u00e1n por Pamplona acompa\u00f1ados de personas interesantes de la ciudad que les ense\u00f1ar\u00e1n, por ejemplo, lugares emblem\u00e1ticos, tradiciones o establecimientos de hosteler\u00eda. As\u00ed, se emitir\u00e1n entrevistas, conferencias en la universidad, concursos gastro-humor\u00edsticos de I\u00f1aki Andradas y otras actividades con el fin de ofrecer una programaci\u00f3n atractiva para quienes accedan a la plataforma.<\/p>\n<p>De esta manera, se podr\u00e1 ense\u00f1ar la ciudad, la fiesta, la cultura, las tradiciones y la gastronom\u00eda a un p\u00fablico diferente, que tiene en su afici\u00f3n al ajedrez un punto en com\u00fan. El Ayuntamiento est\u00e1 colaborando para la puesta en marcha de la iniciativa con la productora agroalimentaria Sanferfood, formada por Mikel Urmeneta e I\u00f1aki Andradas, y la plataforma internacional de ajedrez Chess24 en la que toman parte David Mart\u00ednez \u201cEl Divis\u201d y Pepe Cuenca.<\/p>\n<p><script async src=\"\/\/pagead2.googlesyndication.com\/pagead\/js\/adsbygoogle.js\"><\/script><br \/>\n<!-- Noticias La Guia de Pamplona --><br \/>\n<ins class=\"adsbygoogle\"\nstyle=\"display:block\"\ndata-ad-client=\"ca-pub-6943679897239327\"\ndata-ad-slot=\"7048180777\"\ndata-ad-format=\"auto\"><\/ins><br \/>\n<script>\n(adsbygoogle = window.adsbygoogle || []).push({});\n<\/script><\/p>\n<p><strong>Participaci\u00f3n de Magnus Carlsen y otras personas de la \u00e9lite mundial del ajedrez<\/strong><\/p>\n<p>El torneo se organiza con cuatro fases clasificatorias, algunas abiertas y otras con grandes maestros internacionales. Del 6 al 11 de julio se celebrar\u00e1n las finales, quedando una persona ganadora por fase. Las 4 personas clasificadas competir\u00e1n los d\u00edas 13 y 14 de julio contra otras 4 invitadas de la \u00e9lite mundial. Entre estas \u00faltimas estar\u00e1 incluido Magnus Carlsen, actual campe\u00f3n mundial y considerado como el mejor jugador de ajedrez de todos los tiempos, que jugar\u00e1 en directo desde Pamplona.<\/p>\n<p>A nivel gastron\u00f3mico, I\u00f1aki Andradas mostrar\u00e1 diariamente y de forma original, bares, restaurantes, pinchos, platos y productos de la tierra interactuando con \u201cEl Divis\u201d, Pepe Cuenca y las personas invitadas. Lo har\u00e1 desde Pamplona y otros puntos de Navarra. Su participaci\u00f3n incluir\u00e1 tanto un aspecto m\u00e1s serio con la elaboraci\u00f3n de un plato en la cocina como con un lado m\u00e1s informal en un concurso gastron\u00f3mico en mitad de una partida de ajedrez. De esta forma, se quiere apoyar tambi\u00e9n al sector de la hosteler\u00eda que se ha visto gravemente afectado en la crisis sanitaria actual.<\/p>\n<p><script async src=\"\/\/pagead2.googlesyndication.com\/pagead\/js\/adsbygoogle.js\"><\/script><br \/>\n<!-- Noticias La Guia de Pamplona --><br \/>\n<ins class=\"adsbygoogle\"\nstyle=\"display:block\"\ndata-ad-client=\"ca-pub-6943679897239327\"\ndata-ad-slot=\"7048180777\"\ndata-ad-format=\"auto\"><\/ins><br \/>\n<script>\n(adsbygoogle = window.adsbygoogle || []).push({});\n<\/script><\/p>\n<p><strong>Campa\u00f1a gr\u00e1fica para poner en valor aspectos estrat\u00e9gicos de Pamplona<\/strong><\/p>\n<p>La imagen del festival, dirigida por Mikel Urmeneta, ha querido ser llamativa y han participado en su elaboraci\u00f3n personas reconocidas en distintos \u00e1mbitos, desde el director de arte Fernando Rapa hasta los m\u00fasicos Javier Colina o Manuel Blanco. Tiene de base un logotipo que define todos los aspectos del festival: un pe\u00f3n con cuernos que a su vez es un pincho y que evoca cultura, San Ferm\u00edn, gastronom\u00eda y ajedrez.<\/p>\n<p>Ese logotipo aparecer\u00e1 reflejado en diferentes im\u00e1genes en una campa\u00f1a gr\u00e1fica que vincular\u00e1 a Pamplona con San Ferm\u00edn, el Encierro, la gastronom\u00eda, el Camino de Santiago, las Murallas, Hemingway o el turismo de salud, para poner en valor aspectos estrat\u00e9gicos de la ciudad en su posicionamiento internacional. Ser\u00e1n carteles en los que primar\u00e1 la imagen, la fotograf\u00eda o el dibujo, lenguajes en s\u00ed mismos que no necesitan ser traducidos. Los textos que aparezcan ser\u00e1n, en todo caso, traducidos a 8 idiomas.<\/p>\n<p>La campa\u00f1a tambi\u00e9n incorporar\u00e1 im\u00e1genes en las que se ver\u00e1 c\u00f3mo el ajedrez es un veh\u00edculo cultural que conlleva pensamiento, ciencia y arte, adem\u00e1s de ser intergeneracional, intercultural y asequible. No requiere infraestructura ni un desembolso econ\u00f3mico importante. Puede jugarse pr\u00e1cticamente en cualquier lugar, y, adem\u00e1s, en un momento en el que est\u00e1 de moda, entre otros motivos, por el \u00e9xito de la serie de televisi\u00f3n \u2018Gambito de dama\u2019.<\/p>\n","protected":false},"excerpt":{"rendered":"<p>El festival acoge un gran campeonato internacional de ajedrez con la presencia de Magnus Carlsen en Pamplona y diversas actividades al aire libre<\/p>\n","protected":false},"author":1,"featured_media":34684,"comment_status":"open","ping_status":"closed","sticky":false,"template":"","format":"standard","meta":{"footnotes":""},"categories":[2],"tags":[],"class_list":["post-34683","post","type-post","status-publish","format-standard","has-post-thumbnail","hentry","category-ayuntamiento-pamplona"],"yoast_head":"<!-- This site is optimized with the Yoast SEO plugin v27.3 - https:\/\/yoast.com\/product\/yoast-seo-wordpress\/ -->\n<title>La cultura y la gastronom\u00eda de Pamplona llegar\u00e1n a todo el mundo junto con los Sanfermines a trav\u00e9s del Festival cultural online San Ferm\u00edn Mundial \u2018La fiesta inteligente\u2019<\/title>\n<meta name=\"description\" content=\"El festival acoge un gran campeonato internacional de ajedrez con la presencia de Magnus Carlsen en Pamplona y diversas actividades al aire libre\" \/>\n<meta name=\"robots\" content=\"index, follow, max-snippet:-1, max-image-preview:large, max-video-preview:-1\" \/>\n<link rel=\"canonical\" href=\"https:\/\/www.laguiadepamplona.com\/actualidad\/la-cultura-y-la-gastronomia-de-pamplona-llegaran-a-todo-el-mundo-junto-con-los-sanfermines-a-traves-del-festival-cultural-online-san-fermin-mundial-la-fiesta-inteligente\/\" \/>\n<meta property=\"og:locale\" content=\"es_ES\" \/>\n<meta property=\"og:type\" content=\"article\" \/>\n<meta property=\"og:title\" content=\"La cultura y la gastronom\u00eda de Pamplona llegar\u00e1n a todo el mundo junto con los Sanfermines a trav\u00e9s del Festival cultural online San Ferm\u00edn Mundial \u2018La fiesta inteligente\u2019\" \/>\n<meta property=\"og:description\" content=\"El festival acoge un gran campeonato internacional de ajedrez con la presencia de Magnus Carlsen en Pamplona y diversas actividades al aire libre\" \/>\n<meta property=\"og:url\" content=\"https:\/\/www.laguiadepamplona.com\/actualidad\/la-cultura-y-la-gastronomia-de-pamplona-llegaran-a-todo-el-mundo-junto-con-los-sanfermines-a-traves-del-festival-cultural-online-san-fermin-mundial-la-fiesta-inteligente\/\" \/>\n<meta property=\"og:site_name\" content=\"La Gu\u00eda de Pamplona\" \/>\n<meta property=\"article:publisher\" content=\"https:\/\/www.facebook.com\/laguiadepamplonacom-133175176762273\/?ref=hl\" \/>\n<meta property=\"article:published_time\" content=\"2021-05-07T15:45:00+00:00\" \/>\n<meta property=\"article:modified_time\" content=\"2023-04-11T09:49:35+00:00\" \/>\n<meta property=\"og:image\" content=\"https:\/\/www.laguiadepamplona.com\/actualidad\/wp-content\/uploads\/2021\/05\/ajedrez_JGV5810.jpg\" \/>\n\t<meta property=\"og:image:width\" content=\"1920\" \/>\n\t<meta property=\"og:image:height\" content=\"1280\" \/>\n\t<meta property=\"og:image:type\" content=\"image\/jpeg\" \/>\n<meta name=\"author\" content=\"La Gu\u00eda de Pamplona\" \/>\n<meta name=\"twitter:card\" content=\"summary_large_image\" \/>\n<meta name=\"twitter:creator\" content=\"@LaGuiadPamplona\" \/>\n<meta name=\"twitter:site\" content=\"@LaGuiadPamplona\" \/>\n<meta name=\"twitter:label1\" content=\"Escrito por\" \/>\n\t<meta name=\"twitter:data1\" content=\"La Gu\u00eda de Pamplona\" \/>\n\t<meta name=\"twitter:label2\" content=\"Tiempo de lectura\" \/>\n\t<meta name=\"twitter:data2\" content=\"5 minutos\" \/>\n<script type=\"application\/ld+json\" class=\"yoast-schema-graph\">{\"@context\":\"https:\\\/\\\/schema.org\",\"@graph\":[{\"@type\":\"Article\",\"@id\":\"https:\\\/\\\/www.laguiadepamplona.com\\\/actualidad\\\/la-cultura-y-la-gastronomia-de-pamplona-llegaran-a-todo-el-mundo-junto-con-los-sanfermines-a-traves-del-festival-cultural-online-san-fermin-mundial-la-fiesta-inteligente\\\/#article\",\"isPartOf\":{\"@id\":\"https:\\\/\\\/www.laguiadepamplona.com\\\/actualidad\\\/la-cultura-y-la-gastronomia-de-pamplona-llegaran-a-todo-el-mundo-junto-con-los-sanfermines-a-traves-del-festival-cultural-online-san-fermin-mundial-la-fiesta-inteligente\\\/\"},\"author\":{\"name\":\"La Gu\u00eda de Pamplona\",\"@id\":\"https:\\\/\\\/www.laguiadepamplona.com\\\/actualidad\\\/#\\\/schema\\\/person\\\/efe887376f0213d4657c93adc50b1fdb\"},\"headline\":\"La cultura y la gastronom\u00eda de Pamplona llegar\u00e1n a todo el mundo junto con los Sanfermines a trav\u00e9s del Festival cultural online San Ferm\u00edn Mundial \u2018La fiesta inteligente\u2019\",\"datePublished\":\"2021-05-07T15:45:00+00:00\",\"dateModified\":\"2023-04-11T09:49:35+00:00\",\"mainEntityOfPage\":{\"@id\":\"https:\\\/\\\/www.laguiadepamplona.com\\\/actualidad\\\/la-cultura-y-la-gastronomia-de-pamplona-llegaran-a-todo-el-mundo-junto-con-los-sanfermines-a-traves-del-festival-cultural-online-san-fermin-mundial-la-fiesta-inteligente\\\/\"},\"wordCount\":1083,\"commentCount\":0,\"publisher\":{\"@id\":\"https:\\\/\\\/www.laguiadepamplona.com\\\/actualidad\\\/#organization\"},\"image\":{\"@id\":\"https:\\\/\\\/www.laguiadepamplona.com\\\/actualidad\\\/la-cultura-y-la-gastronomia-de-pamplona-llegaran-a-todo-el-mundo-junto-con-los-sanfermines-a-traves-del-festival-cultural-online-san-fermin-mundial-la-fiesta-inteligente\\\/#primaryimage\"},\"thumbnailUrl\":\"https:\\\/\\\/www.laguiadepamplona.com\\\/actualidad\\\/wp-content\\\/uploads\\\/2021\\\/05\\\/ajedrez_JGV5810.jpg\",\"articleSection\":[\"Ayto Pamplona\"],\"inLanguage\":\"es\",\"potentialAction\":[{\"@type\":\"CommentAction\",\"name\":\"Comment\",\"target\":[\"https:\\\/\\\/www.laguiadepamplona.com\\\/actualidad\\\/la-cultura-y-la-gastronomia-de-pamplona-llegaran-a-todo-el-mundo-junto-con-los-sanfermines-a-traves-del-festival-cultural-online-san-fermin-mundial-la-fiesta-inteligente\\\/#respond\"]}]},{\"@type\":\"WebPage\",\"@id\":\"https:\\\/\\\/www.laguiadepamplona.com\\\/actualidad\\\/la-cultura-y-la-gastronomia-de-pamplona-llegaran-a-todo-el-mundo-junto-con-los-sanfermines-a-traves-del-festival-cultural-online-san-fermin-mundial-la-fiesta-inteligente\\\/\",\"url\":\"https:\\\/\\\/www.laguiadepamplona.com\\\/actualidad\\\/la-cultura-y-la-gastronomia-de-pamplona-llegaran-a-todo-el-mundo-junto-con-los-sanfermines-a-traves-del-festival-cultural-online-san-fermin-mundial-la-fiesta-inteligente\\\/\",\"name\":\"La cultura y la gastronom\u00eda de Pamplona llegar\u00e1n a todo el mundo junto con los Sanfermines a trav\u00e9s del Festival cultural online San Ferm\u00edn Mundial \u2018La fiesta inteligente\u2019\",\"isPartOf\":{\"@id\":\"https:\\\/\\\/www.laguiadepamplona.com\\\/actualidad\\\/#website\"},\"primaryImageOfPage\":{\"@id\":\"https:\\\/\\\/www.laguiadepamplona.com\\\/actualidad\\\/la-cultura-y-la-gastronomia-de-pamplona-llegaran-a-todo-el-mundo-junto-con-los-sanfermines-a-traves-del-festival-cultural-online-san-fermin-mundial-la-fiesta-inteligente\\\/#primaryimage\"},\"image\":{\"@id\":\"https:\\\/\\\/www.laguiadepamplona.com\\\/actualidad\\\/la-cultura-y-la-gastronomia-de-pamplona-llegaran-a-todo-el-mundo-junto-con-los-sanfermines-a-traves-del-festival-cultural-online-san-fermin-mundial-la-fiesta-inteligente\\\/#primaryimage\"},\"thumbnailUrl\":\"https:\\\/\\\/www.laguiadepamplona.com\\\/actualidad\\\/wp-content\\\/uploads\\\/2021\\\/05\\\/ajedrez_JGV5810.jpg\",\"datePublished\":\"2021-05-07T15:45:00+00:00\",\"dateModified\":\"2023-04-11T09:49:35+00:00\",\"description\":\"El festival acoge un gran campeonato internacional de ajedrez con la presencia de Magnus Carlsen en Pamplona y diversas actividades al aire libre\",\"breadcrumb\":{\"@id\":\"https:\\\/\\\/www.laguiadepamplona.com\\\/actualidad\\\/la-cultura-y-la-gastronomia-de-pamplona-llegaran-a-todo-el-mundo-junto-con-los-sanfermines-a-traves-del-festival-cultural-online-san-fermin-mundial-la-fiesta-inteligente\\\/#breadcrumb\"},\"inLanguage\":\"es\",\"potentialAction\":[{\"@type\":\"ReadAction\",\"target\":[\"https:\\\/\\\/www.laguiadepamplona.com\\\/actualidad\\\/la-cultura-y-la-gastronomia-de-pamplona-llegaran-a-todo-el-mundo-junto-con-los-sanfermines-a-traves-del-festival-cultural-online-san-fermin-mundial-la-fiesta-inteligente\\\/\"]}]},{\"@type\":\"ImageObject\",\"inLanguage\":\"es\",\"@id\":\"https:\\\/\\\/www.laguiadepamplona.com\\\/actualidad\\\/la-cultura-y-la-gastronomia-de-pamplona-llegaran-a-todo-el-mundo-junto-con-los-sanfermines-a-traves-del-festival-cultural-online-san-fermin-mundial-la-fiesta-inteligente\\\/#primaryimage\",\"url\":\"https:\\\/\\\/www.laguiadepamplona.com\\\/actualidad\\\/wp-content\\\/uploads\\\/2021\\\/05\\\/ajedrez_JGV5810.jpg\",\"contentUrl\":\"https:\\\/\\\/www.laguiadepamplona.com\\\/actualidad\\\/wp-content\\\/uploads\\\/2021\\\/05\\\/ajedrez_JGV5810.jpg\",\"width\":1920,\"height\":1280,\"caption\":\"A* Jes\u00fas Garzaron F* 2021_05_07 T* Presentaci\u00f3n del campeonato de ajedrez San Ferm\u00edn mundial. L* Sala de Armas, Ciudadela, Pamplona\"},{\"@type\":\"BreadcrumbList\",\"@id\":\"https:\\\/\\\/www.laguiadepamplona.com\\\/actualidad\\\/la-cultura-y-la-gastronomia-de-pamplona-llegaran-a-todo-el-mundo-junto-con-los-sanfermines-a-traves-del-festival-cultural-online-san-fermin-mundial-la-fiesta-inteligente\\\/#breadcrumb\",\"itemListElement\":[{\"@type\":\"ListItem\",\"position\":1,\"name\":\"Portada\",\"item\":\"https:\\\/\\\/www.laguiadepamplona.com\\\/actualidad\\\/\"},{\"@type\":\"ListItem\",\"position\":2,\"name\":\"La cultura y la gastronom\u00eda de Pamplona llegar\u00e1n a todo el mundo junto con los Sanfermines a trav\u00e9s del Festival cultural online San Ferm\u00edn Mundial \u2018La fiesta inteligente\u2019\"}]},{\"@type\":\"WebSite\",\"@id\":\"https:\\\/\\\/www.laguiadepamplona.com\\\/actualidad\\\/#website\",\"url\":\"https:\\\/\\\/www.laguiadepamplona.com\\\/actualidad\\\/\",\"name\":\"La gu\u00eda de Pamplona\",\"description\":\"Noticias de Pamplona\",\"publisher\":{\"@id\":\"https:\\\/\\\/www.laguiadepamplona.com\\\/actualidad\\\/#organization\"},\"potentialAction\":[{\"@type\":\"SearchAction\",\"target\":{\"@type\":\"EntryPoint\",\"urlTemplate\":\"https:\\\/\\\/www.laguiadepamplona.com\\\/actualidad\\\/?s={search_term_string}\"},\"query-input\":{\"@type\":\"PropertyValueSpecification\",\"valueRequired\":true,\"valueName\":\"search_term_string\"}}],\"inLanguage\":\"es\"},{\"@type\":\"Organization\",\"@id\":\"https:\\\/\\\/www.laguiadepamplona.com\\\/actualidad\\\/#organization\",\"name\":\"La Gu\u00eda de Pamplona \\\/ Noticias\",\"url\":\"https:\\\/\\\/www.laguiadepamplona.com\\\/actualidad\\\/\",\"logo\":{\"@type\":\"ImageObject\",\"inLanguage\":\"es\",\"@id\":\"https:\\\/\\\/www.laguiadepamplona.com\\\/actualidad\\\/#\\\/schema\\\/logo\\\/image\\\/\",\"url\":\"https:\\\/\\\/www.laguiadepamplona.com\\\/actualidad\\\/wp-content\\\/uploads\\\/2018\\\/11\\\/logo-laguiadepamplona18-web1.png\",\"contentUrl\":\"https:\\\/\\\/www.laguiadepamplona.com\\\/actualidad\\\/wp-content\\\/uploads\\\/2018\\\/11\\\/logo-laguiadepamplona18-web1.png\",\"width\":600,\"height\":196,\"caption\":\"La Gu\u00eda de Pamplona \\\/ Noticias\"},\"image\":{\"@id\":\"https:\\\/\\\/www.laguiadepamplona.com\\\/actualidad\\\/#\\\/schema\\\/logo\\\/image\\\/\"},\"sameAs\":[\"https:\\\/\\\/www.facebook.com\\\/laguiadepamplonacom-133175176762273\\\/?ref=hl\",\"https:\\\/\\\/x.com\\\/LaGuiadPamplona\",\"https:\\\/\\\/www.instagram.com\\\/la_guia_de_pamplona\\\/\",\"https:\\\/\\\/www.youtube.com\\\/user\\\/laguiadepamplona\"]},{\"@type\":\"Person\",\"@id\":\"https:\\\/\\\/www.laguiadepamplona.com\\\/actualidad\\\/#\\\/schema\\\/person\\\/efe887376f0213d4657c93adc50b1fdb\",\"name\":\"La Gu\u00eda de Pamplona\",\"image\":{\"@type\":\"ImageObject\",\"inLanguage\":\"es\",\"@id\":\"https:\\\/\\\/secure.gravatar.com\\\/avatar\\\/b6992f131dc8d30ab0dff15446e9d346d9dbd95992de0fef795073f5ea83a81c?s=96&d=mm&r=g\",\"url\":\"https:\\\/\\\/secure.gravatar.com\\\/avatar\\\/b6992f131dc8d30ab0dff15446e9d346d9dbd95992de0fef795073f5ea83a81c?s=96&d=mm&r=g\",\"contentUrl\":\"https:\\\/\\\/secure.gravatar.com\\\/avatar\\\/b6992f131dc8d30ab0dff15446e9d346d9dbd95992de0fef795073f5ea83a81c?s=96&d=mm&r=g\",\"caption\":\"La Gu\u00eda de Pamplona\"}}]}<\/script>\n<!-- \/ Yoast SEO plugin. -->","yoast_head_json":{"title":"La cultura y la gastronom\u00eda de Pamplona llegar\u00e1n a todo el mundo junto con los Sanfermines a trav\u00e9s del Festival cultural online San Ferm\u00edn Mundial \u2018La fiesta inteligente\u2019","description":"El festival acoge un gran campeonato internacional de ajedrez con la presencia de Magnus Carlsen en Pamplona y diversas actividades al aire libre","robots":{"index":"index","follow":"follow","max-snippet":"max-snippet:-1","max-image-preview":"max-image-preview:large","max-video-preview":"max-video-preview:-1"},"canonical":"https:\/\/www.laguiadepamplona.com\/actualidad\/la-cultura-y-la-gastronomia-de-pamplona-llegaran-a-todo-el-mundo-junto-con-los-sanfermines-a-traves-del-festival-cultural-online-san-fermin-mundial-la-fiesta-inteligente\/","og_locale":"es_ES","og_type":"article","og_title":"La cultura y la gastronom\u00eda de Pamplona llegar\u00e1n a todo el mundo junto con los Sanfermines a trav\u00e9s del Festival cultural online San Ferm\u00edn Mundial \u2018La fiesta inteligente\u2019","og_description":"El festival acoge un gran campeonato internacional de ajedrez con la presencia de Magnus Carlsen en Pamplona y diversas actividades al aire libre","og_url":"https:\/\/www.laguiadepamplona.com\/actualidad\/la-cultura-y-la-gastronomia-de-pamplona-llegaran-a-todo-el-mundo-junto-con-los-sanfermines-a-traves-del-festival-cultural-online-san-fermin-mundial-la-fiesta-inteligente\/","og_site_name":"La Gu\u00eda de Pamplona","article_publisher":"https:\/\/www.facebook.com\/laguiadepamplonacom-133175176762273\/?ref=hl","article_published_time":"2021-05-07T15:45:00+00:00","article_modified_time":"2023-04-11T09:49:35+00:00","og_image":[{"width":1920,"height":1280,"url":"https:\/\/www.laguiadepamplona.com\/actualidad\/wp-content\/uploads\/2021\/05\/ajedrez_JGV5810.jpg","type":"image\/jpeg"}],"author":"La Gu\u00eda de Pamplona","twitter_card":"summary_large_image","twitter_creator":"@LaGuiadPamplona","twitter_site":"@LaGuiadPamplona","twitter_misc":{"Escrito por":"La Gu\u00eda de Pamplona","Tiempo de lectura":"5 minutos"},"schema":{"@context":"https:\/\/schema.org","@graph":[{"@type":"Article","@id":"https:\/\/www.laguiadepamplona.com\/actualidad\/la-cultura-y-la-gastronomia-de-pamplona-llegaran-a-todo-el-mundo-junto-con-los-sanfermines-a-traves-del-festival-cultural-online-san-fermin-mundial-la-fiesta-inteligente\/#article","isPartOf":{"@id":"https:\/\/www.laguiadepamplona.com\/actualidad\/la-cultura-y-la-gastronomia-de-pamplona-llegaran-a-todo-el-mundo-junto-con-los-sanfermines-a-traves-del-festival-cultural-online-san-fermin-mundial-la-fiesta-inteligente\/"},"author":{"name":"La Gu\u00eda de Pamplona","@id":"https:\/\/www.laguiadepamplona.com\/actualidad\/#\/schema\/person\/efe887376f0213d4657c93adc50b1fdb"},"headline":"La cultura y la gastronom\u00eda de Pamplona llegar\u00e1n a todo el mundo junto con los Sanfermines a trav\u00e9s del Festival cultural online San Ferm\u00edn Mundial \u2018La fiesta inteligente\u2019","datePublished":"2021-05-07T15:45:00+00:00","dateModified":"2023-04-11T09:49:35+00:00","mainEntityOfPage":{"@id":"https:\/\/www.laguiadepamplona.com\/actualidad\/la-cultura-y-la-gastronomia-de-pamplona-llegaran-a-todo-el-mundo-junto-con-los-sanfermines-a-traves-del-festival-cultural-online-san-fermin-mundial-la-fiesta-inteligente\/"},"wordCount":1083,"commentCount":0,"publisher":{"@id":"https:\/\/www.laguiadepamplona.com\/actualidad\/#organization"},"image":{"@id":"https:\/\/www.laguiadepamplona.com\/actualidad\/la-cultura-y-la-gastronomia-de-pamplona-llegaran-a-todo-el-mundo-junto-con-los-sanfermines-a-traves-del-festival-cultural-online-san-fermin-mundial-la-fiesta-inteligente\/#primaryimage"},"thumbnailUrl":"https:\/\/www.laguiadepamplona.com\/actualidad\/wp-content\/uploads\/2021\/05\/ajedrez_JGV5810.jpg","articleSection":["Ayto Pamplona"],"inLanguage":"es","potentialAction":[{"@type":"CommentAction","name":"Comment","target":["https:\/\/www.laguiadepamplona.com\/actualidad\/la-cultura-y-la-gastronomia-de-pamplona-llegaran-a-todo-el-mundo-junto-con-los-sanfermines-a-traves-del-festival-cultural-online-san-fermin-mundial-la-fiesta-inteligente\/#respond"]}]},{"@type":"WebPage","@id":"https:\/\/www.laguiadepamplona.com\/actualidad\/la-cultura-y-la-gastronomia-de-pamplona-llegaran-a-todo-el-mundo-junto-con-los-sanfermines-a-traves-del-festival-cultural-online-san-fermin-mundial-la-fiesta-inteligente\/","url":"https:\/\/www.laguiadepamplona.com\/actualidad\/la-cultura-y-la-gastronomia-de-pamplona-llegaran-a-todo-el-mundo-junto-con-los-sanfermines-a-traves-del-festival-cultural-online-san-fermin-mundial-la-fiesta-inteligente\/","name":"La cultura y la gastronom\u00eda de Pamplona llegar\u00e1n a todo el mundo junto con los Sanfermines a trav\u00e9s del Festival cultural online San Ferm\u00edn Mundial \u2018La fiesta inteligente\u2019","isPartOf":{"@id":"https:\/\/www.laguiadepamplona.com\/actualidad\/#website"},"primaryImageOfPage":{"@id":"https:\/\/www.laguiadepamplona.com\/actualidad\/la-cultura-y-la-gastronomia-de-pamplona-llegaran-a-todo-el-mundo-junto-con-los-sanfermines-a-traves-del-festival-cultural-online-san-fermin-mundial-la-fiesta-inteligente\/#primaryimage"},"image":{"@id":"https:\/\/www.laguiadepamplona.com\/actualidad\/la-cultura-y-la-gastronomia-de-pamplona-llegaran-a-todo-el-mundo-junto-con-los-sanfermines-a-traves-del-festival-cultural-online-san-fermin-mundial-la-fiesta-inteligente\/#primaryimage"},"thumbnailUrl":"https:\/\/www.laguiadepamplona.com\/actualidad\/wp-content\/uploads\/2021\/05\/ajedrez_JGV5810.jpg","datePublished":"2021-05-07T15:45:00+00:00","dateModified":"2023-04-11T09:49:35+00:00","description":"El festival acoge un gran campeonato internacional de ajedrez con la presencia de Magnus Carlsen en Pamplona y diversas actividades al aire libre","breadcrumb":{"@id":"https:\/\/www.laguiadepamplona.com\/actualidad\/la-cultura-y-la-gastronomia-de-pamplona-llegaran-a-todo-el-mundo-junto-con-los-sanfermines-a-traves-del-festival-cultural-online-san-fermin-mundial-la-fiesta-inteligente\/#breadcrumb"},"inLanguage":"es","potentialAction":[{"@type":"ReadAction","target":["https:\/\/www.laguiadepamplona.com\/actualidad\/la-cultura-y-la-gastronomia-de-pamplona-llegaran-a-todo-el-mundo-junto-con-los-sanfermines-a-traves-del-festival-cultural-online-san-fermin-mundial-la-fiesta-inteligente\/"]}]},{"@type":"ImageObject","inLanguage":"es","@id":"https:\/\/www.laguiadepamplona.com\/actualidad\/la-cultura-y-la-gastronomia-de-pamplona-llegaran-a-todo-el-mundo-junto-con-los-sanfermines-a-traves-del-festival-cultural-online-san-fermin-mundial-la-fiesta-inteligente\/#primaryimage","url":"https:\/\/www.laguiadepamplona.com\/actualidad\/wp-content\/uploads\/2021\/05\/ajedrez_JGV5810.jpg","contentUrl":"https:\/\/www.laguiadepamplona.com\/actualidad\/wp-content\/uploads\/2021\/05\/ajedrez_JGV5810.jpg","width":1920,"height":1280,"caption":"A* Jes\u00fas Garzaron F* 2021_05_07 T* Presentaci\u00f3n del campeonato de ajedrez San Ferm\u00edn mundial. L* Sala de Armas, Ciudadela, Pamplona"},{"@type":"BreadcrumbList","@id":"https:\/\/www.laguiadepamplona.com\/actualidad\/la-cultura-y-la-gastronomia-de-pamplona-llegaran-a-todo-el-mundo-junto-con-los-sanfermines-a-traves-del-festival-cultural-online-san-fermin-mundial-la-fiesta-inteligente\/#breadcrumb","itemListElement":[{"@type":"ListItem","position":1,"name":"Portada","item":"https:\/\/www.laguiadepamplona.com\/actualidad\/"},{"@type":"ListItem","position":2,"name":"La cultura y la gastronom\u00eda de Pamplona llegar\u00e1n a todo el mundo junto con los Sanfermines a trav\u00e9s del Festival cultural online San Ferm\u00edn Mundial \u2018La fiesta inteligente\u2019"}]},{"@type":"WebSite","@id":"https:\/\/www.laguiadepamplona.com\/actualidad\/#website","url":"https:\/\/www.laguiadepamplona.com\/actualidad\/","name":"La gu\u00eda de Pamplona","description":"Noticias de Pamplona","publisher":{"@id":"https:\/\/www.laguiadepamplona.com\/actualidad\/#organization"},"potentialAction":[{"@type":"SearchAction","target":{"@type":"EntryPoint","urlTemplate":"https:\/\/www.laguiadepamplona.com\/actualidad\/?s={search_term_string}"},"query-input":{"@type":"PropertyValueSpecification","valueRequired":true,"valueName":"search_term_string"}}],"inLanguage":"es"},{"@type":"Organization","@id":"https:\/\/www.laguiadepamplona.com\/actualidad\/#organization","name":"La Gu\u00eda de Pamplona \/ Noticias","url":"https:\/\/www.laguiadepamplona.com\/actualidad\/","logo":{"@type":"ImageObject","inLanguage":"es","@id":"https:\/\/www.laguiadepamplona.com\/actualidad\/#\/schema\/logo\/image\/","url":"https:\/\/www.laguiadepamplona.com\/actualidad\/wp-content\/uploads\/2018\/11\/logo-laguiadepamplona18-web1.png","contentUrl":"https:\/\/www.laguiadepamplona.com\/actualidad\/wp-content\/uploads\/2018\/11\/logo-laguiadepamplona18-web1.png","width":600,"height":196,"caption":"La Gu\u00eda de Pamplona \/ Noticias"},"image":{"@id":"https:\/\/www.laguiadepamplona.com\/actualidad\/#\/schema\/logo\/image\/"},"sameAs":["https:\/\/www.facebook.com\/laguiadepamplonacom-133175176762273\/?ref=hl","https:\/\/x.com\/LaGuiadPamplona","https:\/\/www.instagram.com\/la_guia_de_pamplona\/","https:\/\/www.youtube.com\/user\/laguiadepamplona"]},{"@type":"Person","@id":"https:\/\/www.laguiadepamplona.com\/actualidad\/#\/schema\/person\/efe887376f0213d4657c93adc50b1fdb","name":"La Gu\u00eda de Pamplona","image":{"@type":"ImageObject","inLanguage":"es","@id":"https:\/\/secure.gravatar.com\/avatar\/b6992f131dc8d30ab0dff15446e9d346d9dbd95992de0fef795073f5ea83a81c?s=96&d=mm&r=g","url":"https:\/\/secure.gravatar.com\/avatar\/b6992f131dc8d30ab0dff15446e9d346d9dbd95992de0fef795073f5ea83a81c?s=96&d=mm&r=g","contentUrl":"https:\/\/secure.gravatar.com\/avatar\/b6992f131dc8d30ab0dff15446e9d346d9dbd95992de0fef795073f5ea83a81c?s=96&d=mm&r=g","caption":"La Gu\u00eda de Pamplona"}}]}},"post_mailing_queue_ids":[],"_links":{"self":[{"href":"https:\/\/www.laguiadepamplona.com\/actualidad\/wp-json\/wp\/v2\/posts\/34683","targetHints":{"allow":["GET"]}}],"collection":[{"href":"https:\/\/www.laguiadepamplona.com\/actualidad\/wp-json\/wp\/v2\/posts"}],"about":[{"href":"https:\/\/www.laguiadepamplona.com\/actualidad\/wp-json\/wp\/v2\/types\/post"}],"author":[{"embeddable":true,"href":"https:\/\/www.laguiadepamplona.com\/actualidad\/wp-json\/wp\/v2\/users\/1"}],"replies":[{"embeddable":true,"href":"https:\/\/www.laguiadepamplona.com\/actualidad\/wp-json\/wp\/v2\/comments?post=34683"}],"version-history":[{"count":0,"href":"https:\/\/www.laguiadepamplona.com\/actualidad\/wp-json\/wp\/v2\/posts\/34683\/revisions"}],"wp:featuredmedia":[{"embeddable":true,"href":"https:\/\/www.laguiadepamplona.com\/actualidad\/wp-json\/wp\/v2\/media\/34684"}],"wp:attachment":[{"href":"https:\/\/www.laguiadepamplona.com\/actualidad\/wp-json\/wp\/v2\/media?parent=34683"}],"wp:term":[{"taxonomy":"category","embeddable":true,"href":"https:\/\/www.laguiadepamplona.com\/actualidad\/wp-json\/wp\/v2\/categories?post=34683"},{"taxonomy":"post_tag","embeddable":true,"href":"https:\/\/www.laguiadepamplona.com\/actualidad\/wp-json\/wp\/v2\/tags?post=34683"}],"curies":[{"name":"wp","href":"https:\/\/api.w.org\/{rel}","templated":true}]}}