{"id":34677,"date":"2021-05-07T17:37:32","date_gmt":"2021-05-07T15:37:32","guid":{"rendered":"https:\/\/www.laguiadepamplona.com\/actualidad\/?p=34677"},"modified":"2023-04-11T11:49:35","modified_gmt":"2023-04-11T09:49:35","slug":"el-polvorin-acogera-hasta-el-27-de-junio-la-muestra-imagenes-para-una-memoria-del-mundo-del-ilustrador-javier-saez-castan","status":"publish","type":"post","link":"https:\/\/www.laguiadepamplona.com\/actualidad\/el-polvorin-acogera-hasta-el-27-de-junio-la-muestra-imagenes-para-una-memoria-del-mundo-del-ilustrador-javier-saez-castan\/","title":{"rendered":"El Polvor\u00edn acoger\u00e1, hasta el 27 de junio, la muestra \u2018Im\u00e1genes para una memoria del mundo\u2019 del ilustrador Javier S\u00e1ez Cast\u00e1n"},"content":{"rendered":"<h5>El autor, Premio Nacional de Ilustraci\u00f3n 2016, plantea en la exposici\u00f3n tres proyectos creativos diferenciados<\/h5>\n<p><!--more--><\/p>\n<p>El Polvor\u00edn de la Ciudadela acoge, desde este viernes 7 de mayo y hasta el 27 de junio, la exposici\u00f3n \u2018Im\u00e1genes para una memoria del mundo\u2019 de Javier S\u00e1ez Cast\u00e1n (Huesca, 1964). El autor ilustrador de \u00e1lbumes, c\u00f3mics y novelas, especializado en libros ilustrados, fue galardonado en 2016 con el Premio Nacional de Ilustraci\u00f3n a su trayectoria art\u00edstica. El creador estudi\u00f3 Bellas Artes, especialidad de Dibujo, por la Universidad Polit\u00e9cnica de Valencia y hoy conjuga su tarea creativa con sus facetas como profesor y conferenciante.<\/p>\n<p><script async src=\"\/\/pagead2.googlesyndication.com\/pagead\/js\/adsbygoogle.js\"><\/script><br \/>\n<!-- Noticias La Guia de Pamplona --><br \/>\n<ins class=\"adsbygoogle\"\nstyle=\"display:block\"\ndata-ad-client=\"ca-pub-6943679897239327\"\ndata-ad-slot=\"7048180777\"\ndata-ad-format=\"auto\"><\/ins><br \/>\n<script>\n(adsbygoogle = window.adsbygoogle || []).push({});\n<\/script><\/p>\n<p>Esta ma\u00f1ana el autor y el director del \u00e1rea de Cultura e Igualdad del Ayuntamiento de Pamplona, Jorge Urd\u00e1noz han presentado la muestra \u2018Im\u00e1genes para una memoria del mundo\u2019, una exposici\u00f3n que va m\u00e1s all\u00e1 de los cl\u00e1sicos dibujos con trabaz\u00f3n secuencial, aunque los dise\u00f1os u objetos expuestos s\u00ed se presentan en tres grandes conjuntos. Por un lado, est\u00e1 el trabajo \u2018La mosca y las cosas\u2019 una especie de cuento silencioso en dibujos en blanco y negro que refleja los objetos dom\u00e9sticos a trav\u00e9s del reposo de una mosca. Esta serie es parte de \u2018La vida de mosca\u2019, un proyecto realizado en el marco de las Becas MAEC-AECID de Arte, Educaci\u00f3n y Cultura para el curso acad\u00e9mico 2017-2018 dentro del programa de becas para la Real Academia de Espa\u00f1a en Roma. Por otro lado, la muestra de Saez Cast\u00e1n presenta \u2018Cartas encontradas\u2019, una colecci\u00f3n heterog\u00e9nea de naipes de distintos tipos de barajas recogidos por el creador en diferentes lugares a lo largo de ocho a\u00f1os.<\/p>\n<p>Finalmente, el trabajo con mayor peso en la exposici\u00f3n se titula \u2018Im\u00e1genes para una memoria del mundo\u2019 (IMM) y est\u00e1 constituido por una serie de dibujos realizados a partir de fotograf\u00edas y que se presentan en forma de una \u00fanica composici\u00f3n de gran tama\u00f1o. No son copias en el sentido digital, sino dibujos realizados a mano sobre im\u00e1genes de or\u00edgenes diversos y en los que rara vez queda clara la autor\u00eda, bien por formar parte de viejas publicaciones, bien por tratarse de fot\u00f3grafos an\u00f3nimos. Esta serie, que aspira a llegar a los 100 dibujos, cuenta con un precedente compuesto por ocho dibujos que, a diferencia de los anteriores, proponen alteraciones en las im\u00e1genes de las que proceden. El tramo inicial de la serie IMM ha sido financiado por el Fondo Asistencial y Cultural de VEGAP (Visual Entidad de Gesti\u00f3n de Artistas Pl\u00e1sticos), una organizaci\u00f3n sin \u00e1nimo de lucro que representa en Espa\u00f1a a m\u00e1s de ciento veinte mil autores de todo el mundo.<\/p>\n<p><script async src=\"\/\/pagead2.googlesyndication.com\/pagead\/js\/adsbygoogle.js\"><\/script><br \/>\n<!-- Noticias La Guia de Pamplona --><br \/>\n<ins class=\"adsbygoogle\"\nstyle=\"display:block\"\ndata-ad-client=\"ca-pub-6943679897239327\"\ndata-ad-slot=\"7048180777\"\ndata-ad-format=\"auto\"><\/ins><br \/>\n<script>\n(adsbygoogle = window.adsbygoogle || []).push({});\n<\/script><\/p>\n<p>La exposici\u00f3n \u2018Javier S\u00e1ez Cast\u00e1n \u2013 Im\u00e1genes para una memoria del mundo\u2019 se podr\u00e1 visitar hasta el 27 de junio en el Polvor\u00edn en horario de martes a s\u00e1bado de 11.30 a 13.30 horas y de 18.30 a 21 horas; domingos y festivos de 11.30 a 13.30 horas.<\/p>\n","protected":false},"excerpt":{"rendered":"<p>El autor, Premio Nacional de Ilustraci\u00f3n 2016, plantea en la exposici\u00f3n tres proyectos creativos diferenciados<\/p>\n","protected":false},"author":1,"featured_media":34678,"comment_status":"open","ping_status":"closed","sticky":false,"template":"","format":"standard","meta":{"footnotes":""},"categories":[2],"tags":[],"class_list":["post-34677","post","type-post","status-publish","format-standard","has-post-thumbnail","hentry","category-ayuntamiento-pamplona"],"yoast_head":"<!-- This site is optimized with the Yoast SEO plugin v27.3 - https:\/\/yoast.com\/product\/yoast-seo-wordpress\/ -->\n<title>El Polvor\u00edn acoger\u00e1, hasta el 27 de junio, la muestra \u2018Im\u00e1genes para una memoria del mundo\u2019 del ilustrador Javier S\u00e1ez Cast\u00e1n<\/title>\n<meta name=\"description\" content=\"El autor, Premio Nacional de Ilustraci\u00f3n 2016, plantea en la exposici\u00f3n tres proyectos creativos diferenciados\" \/>\n<meta name=\"robots\" content=\"index, follow, max-snippet:-1, max-image-preview:large, max-video-preview:-1\" \/>\n<link rel=\"canonical\" href=\"https:\/\/www.laguiadepamplona.com\/actualidad\/el-polvorin-acogera-hasta-el-27-de-junio-la-muestra-imagenes-para-una-memoria-del-mundo-del-ilustrador-javier-saez-castan\/\" \/>\n<meta property=\"og:locale\" content=\"es_ES\" \/>\n<meta property=\"og:type\" content=\"article\" \/>\n<meta property=\"og:title\" content=\"El Polvor\u00edn acoger\u00e1, hasta el 27 de junio, la muestra \u2018Im\u00e1genes para una memoria del mundo\u2019 del ilustrador Javier S\u00e1ez Cast\u00e1n\" \/>\n<meta property=\"og:description\" content=\"El autor, Premio Nacional de Ilustraci\u00f3n 2016, plantea en la exposici\u00f3n tres proyectos creativos diferenciados\" \/>\n<meta property=\"og:url\" content=\"https:\/\/www.laguiadepamplona.com\/actualidad\/el-polvorin-acogera-hasta-el-27-de-junio-la-muestra-imagenes-para-una-memoria-del-mundo-del-ilustrador-javier-saez-castan\/\" \/>\n<meta property=\"og:site_name\" content=\"La Gu\u00eda de Pamplona\" \/>\n<meta property=\"article:publisher\" content=\"https:\/\/www.facebook.com\/laguiadepamplonacom-133175176762273\/?ref=hl\" \/>\n<meta property=\"article:published_time\" content=\"2021-05-07T15:37:32+00:00\" \/>\n<meta property=\"article:modified_time\" content=\"2023-04-11T09:49:35+00:00\" \/>\n<meta property=\"og:image\" content=\"https:\/\/www.laguiadepamplona.com\/actualidad\/wp-content\/uploads\/2021\/05\/exposicion-javier-saez-castan.jpg\" \/>\n\t<meta property=\"og:image:width\" content=\"1344\" \/>\n\t<meta property=\"og:image:height\" content=\"756\" \/>\n\t<meta property=\"og:image:type\" content=\"image\/jpeg\" \/>\n<meta name=\"author\" content=\"La Gu\u00eda de Pamplona\" \/>\n<meta name=\"twitter:card\" content=\"summary_large_image\" \/>\n<meta name=\"twitter:creator\" content=\"@LaGuiadPamplona\" \/>\n<meta name=\"twitter:site\" content=\"@LaGuiadPamplona\" \/>\n<meta name=\"twitter:label1\" content=\"Escrito por\" \/>\n\t<meta name=\"twitter:data1\" content=\"La Gu\u00eda de Pamplona\" \/>\n\t<meta name=\"twitter:label2\" content=\"Tiempo de lectura\" \/>\n\t<meta name=\"twitter:data2\" content=\"3 minutos\" \/>\n<script type=\"application\/ld+json\" class=\"yoast-schema-graph\">{\"@context\":\"https:\\\/\\\/schema.org\",\"@graph\":[{\"@type\":\"Article\",\"@id\":\"https:\\\/\\\/www.laguiadepamplona.com\\\/actualidad\\\/el-polvorin-acogera-hasta-el-27-de-junio-la-muestra-imagenes-para-una-memoria-del-mundo-del-ilustrador-javier-saez-castan\\\/#article\",\"isPartOf\":{\"@id\":\"https:\\\/\\\/www.laguiadepamplona.com\\\/actualidad\\\/el-polvorin-acogera-hasta-el-27-de-junio-la-muestra-imagenes-para-una-memoria-del-mundo-del-ilustrador-javier-saez-castan\\\/\"},\"author\":{\"name\":\"La Gu\u00eda de Pamplona\",\"@id\":\"https:\\\/\\\/www.laguiadepamplona.com\\\/actualidad\\\/#\\\/schema\\\/person\\\/efe887376f0213d4657c93adc50b1fdb\"},\"headline\":\"El Polvor\u00edn acoger\u00e1, hasta el 27 de junio, la muestra \u2018Im\u00e1genes para una memoria del mundo\u2019 del ilustrador Javier S\u00e1ez Cast\u00e1n\",\"datePublished\":\"2021-05-07T15:37:32+00:00\",\"dateModified\":\"2023-04-11T09:49:35+00:00\",\"mainEntityOfPage\":{\"@id\":\"https:\\\/\\\/www.laguiadepamplona.com\\\/actualidad\\\/el-polvorin-acogera-hasta-el-27-de-junio-la-muestra-imagenes-para-una-memoria-del-mundo-del-ilustrador-javier-saez-castan\\\/\"},\"wordCount\":536,\"commentCount\":0,\"publisher\":{\"@id\":\"https:\\\/\\\/www.laguiadepamplona.com\\\/actualidad\\\/#organization\"},\"image\":{\"@id\":\"https:\\\/\\\/www.laguiadepamplona.com\\\/actualidad\\\/el-polvorin-acogera-hasta-el-27-de-junio-la-muestra-imagenes-para-una-memoria-del-mundo-del-ilustrador-javier-saez-castan\\\/#primaryimage\"},\"thumbnailUrl\":\"https:\\\/\\\/www.laguiadepamplona.com\\\/actualidad\\\/wp-content\\\/uploads\\\/2021\\\/05\\\/exposicion-javier-saez-castan.jpg\",\"articleSection\":[\"Ayto Pamplona\"],\"inLanguage\":\"es\",\"potentialAction\":[{\"@type\":\"CommentAction\",\"name\":\"Comment\",\"target\":[\"https:\\\/\\\/www.laguiadepamplona.com\\\/actualidad\\\/el-polvorin-acogera-hasta-el-27-de-junio-la-muestra-imagenes-para-una-memoria-del-mundo-del-ilustrador-javier-saez-castan\\\/#respond\"]}]},{\"@type\":\"WebPage\",\"@id\":\"https:\\\/\\\/www.laguiadepamplona.com\\\/actualidad\\\/el-polvorin-acogera-hasta-el-27-de-junio-la-muestra-imagenes-para-una-memoria-del-mundo-del-ilustrador-javier-saez-castan\\\/\",\"url\":\"https:\\\/\\\/www.laguiadepamplona.com\\\/actualidad\\\/el-polvorin-acogera-hasta-el-27-de-junio-la-muestra-imagenes-para-una-memoria-del-mundo-del-ilustrador-javier-saez-castan\\\/\",\"name\":\"El Polvor\u00edn acoger\u00e1, hasta el 27 de junio, la muestra \u2018Im\u00e1genes para una memoria del mundo\u2019 del ilustrador Javier S\u00e1ez Cast\u00e1n\",\"isPartOf\":{\"@id\":\"https:\\\/\\\/www.laguiadepamplona.com\\\/actualidad\\\/#website\"},\"primaryImageOfPage\":{\"@id\":\"https:\\\/\\\/www.laguiadepamplona.com\\\/actualidad\\\/el-polvorin-acogera-hasta-el-27-de-junio-la-muestra-imagenes-para-una-memoria-del-mundo-del-ilustrador-javier-saez-castan\\\/#primaryimage\"},\"image\":{\"@id\":\"https:\\\/\\\/www.laguiadepamplona.com\\\/actualidad\\\/el-polvorin-acogera-hasta-el-27-de-junio-la-muestra-imagenes-para-una-memoria-del-mundo-del-ilustrador-javier-saez-castan\\\/#primaryimage\"},\"thumbnailUrl\":\"https:\\\/\\\/www.laguiadepamplona.com\\\/actualidad\\\/wp-content\\\/uploads\\\/2021\\\/05\\\/exposicion-javier-saez-castan.jpg\",\"datePublished\":\"2021-05-07T15:37:32+00:00\",\"dateModified\":\"2023-04-11T09:49:35+00:00\",\"description\":\"El autor, Premio Nacional de Ilustraci\u00f3n 2016, plantea en la exposici\u00f3n tres proyectos creativos diferenciados\",\"breadcrumb\":{\"@id\":\"https:\\\/\\\/www.laguiadepamplona.com\\\/actualidad\\\/el-polvorin-acogera-hasta-el-27-de-junio-la-muestra-imagenes-para-una-memoria-del-mundo-del-ilustrador-javier-saez-castan\\\/#breadcrumb\"},\"inLanguage\":\"es\",\"potentialAction\":[{\"@type\":\"ReadAction\",\"target\":[\"https:\\\/\\\/www.laguiadepamplona.com\\\/actualidad\\\/el-polvorin-acogera-hasta-el-27-de-junio-la-muestra-imagenes-para-una-memoria-del-mundo-del-ilustrador-javier-saez-castan\\\/\"]}]},{\"@type\":\"ImageObject\",\"inLanguage\":\"es\",\"@id\":\"https:\\\/\\\/www.laguiadepamplona.com\\\/actualidad\\\/el-polvorin-acogera-hasta-el-27-de-junio-la-muestra-imagenes-para-una-memoria-del-mundo-del-ilustrador-javier-saez-castan\\\/#primaryimage\",\"url\":\"https:\\\/\\\/www.laguiadepamplona.com\\\/actualidad\\\/wp-content\\\/uploads\\\/2021\\\/05\\\/exposicion-javier-saez-castan.jpg\",\"contentUrl\":\"https:\\\/\\\/www.laguiadepamplona.com\\\/actualidad\\\/wp-content\\\/uploads\\\/2021\\\/05\\\/exposicion-javier-saez-castan.jpg\",\"width\":1344,\"height\":756},{\"@type\":\"BreadcrumbList\",\"@id\":\"https:\\\/\\\/www.laguiadepamplona.com\\\/actualidad\\\/el-polvorin-acogera-hasta-el-27-de-junio-la-muestra-imagenes-para-una-memoria-del-mundo-del-ilustrador-javier-saez-castan\\\/#breadcrumb\",\"itemListElement\":[{\"@type\":\"ListItem\",\"position\":1,\"name\":\"Portada\",\"item\":\"https:\\\/\\\/www.laguiadepamplona.com\\\/actualidad\\\/\"},{\"@type\":\"ListItem\",\"position\":2,\"name\":\"El Polvor\u00edn acoger\u00e1, hasta el 27 de junio, la muestra \u2018Im\u00e1genes para una memoria del mundo\u2019 del ilustrador Javier S\u00e1ez Cast\u00e1n\"}]},{\"@type\":\"WebSite\",\"@id\":\"https:\\\/\\\/www.laguiadepamplona.com\\\/actualidad\\\/#website\",\"url\":\"https:\\\/\\\/www.laguiadepamplona.com\\\/actualidad\\\/\",\"name\":\"La gu\u00eda de Pamplona\",\"description\":\"Noticias de Pamplona\",\"publisher\":{\"@id\":\"https:\\\/\\\/www.laguiadepamplona.com\\\/actualidad\\\/#organization\"},\"potentialAction\":[{\"@type\":\"SearchAction\",\"target\":{\"@type\":\"EntryPoint\",\"urlTemplate\":\"https:\\\/\\\/www.laguiadepamplona.com\\\/actualidad\\\/?s={search_term_string}\"},\"query-input\":{\"@type\":\"PropertyValueSpecification\",\"valueRequired\":true,\"valueName\":\"search_term_string\"}}],\"inLanguage\":\"es\"},{\"@type\":\"Organization\",\"@id\":\"https:\\\/\\\/www.laguiadepamplona.com\\\/actualidad\\\/#organization\",\"name\":\"La Gu\u00eda de Pamplona \\\/ Noticias\",\"url\":\"https:\\\/\\\/www.laguiadepamplona.com\\\/actualidad\\\/\",\"logo\":{\"@type\":\"ImageObject\",\"inLanguage\":\"es\",\"@id\":\"https:\\\/\\\/www.laguiadepamplona.com\\\/actualidad\\\/#\\\/schema\\\/logo\\\/image\\\/\",\"url\":\"https:\\\/\\\/www.laguiadepamplona.com\\\/actualidad\\\/wp-content\\\/uploads\\\/2018\\\/11\\\/logo-laguiadepamplona18-web1.png\",\"contentUrl\":\"https:\\\/\\\/www.laguiadepamplona.com\\\/actualidad\\\/wp-content\\\/uploads\\\/2018\\\/11\\\/logo-laguiadepamplona18-web1.png\",\"width\":600,\"height\":196,\"caption\":\"La Gu\u00eda de Pamplona \\\/ Noticias\"},\"image\":{\"@id\":\"https:\\\/\\\/www.laguiadepamplona.com\\\/actualidad\\\/#\\\/schema\\\/logo\\\/image\\\/\"},\"sameAs\":[\"https:\\\/\\\/www.facebook.com\\\/laguiadepamplonacom-133175176762273\\\/?ref=hl\",\"https:\\\/\\\/x.com\\\/LaGuiadPamplona\",\"https:\\\/\\\/www.instagram.com\\\/la_guia_de_pamplona\\\/\",\"https:\\\/\\\/www.youtube.com\\\/user\\\/laguiadepamplona\"]},{\"@type\":\"Person\",\"@id\":\"https:\\\/\\\/www.laguiadepamplona.com\\\/actualidad\\\/#\\\/schema\\\/person\\\/efe887376f0213d4657c93adc50b1fdb\",\"name\":\"La Gu\u00eda de Pamplona\",\"image\":{\"@type\":\"ImageObject\",\"inLanguage\":\"es\",\"@id\":\"https:\\\/\\\/secure.gravatar.com\\\/avatar\\\/b6992f131dc8d30ab0dff15446e9d346d9dbd95992de0fef795073f5ea83a81c?s=96&d=mm&r=g\",\"url\":\"https:\\\/\\\/secure.gravatar.com\\\/avatar\\\/b6992f131dc8d30ab0dff15446e9d346d9dbd95992de0fef795073f5ea83a81c?s=96&d=mm&r=g\",\"contentUrl\":\"https:\\\/\\\/secure.gravatar.com\\\/avatar\\\/b6992f131dc8d30ab0dff15446e9d346d9dbd95992de0fef795073f5ea83a81c?s=96&d=mm&r=g\",\"caption\":\"La Gu\u00eda de Pamplona\"}}]}<\/script>\n<!-- \/ Yoast SEO plugin. -->","yoast_head_json":{"title":"El Polvor\u00edn acoger\u00e1, hasta el 27 de junio, la muestra \u2018Im\u00e1genes para una memoria del mundo\u2019 del ilustrador Javier S\u00e1ez Cast\u00e1n","description":"El autor, Premio Nacional de Ilustraci\u00f3n 2016, plantea en la exposici\u00f3n tres proyectos creativos diferenciados","robots":{"index":"index","follow":"follow","max-snippet":"max-snippet:-1","max-image-preview":"max-image-preview:large","max-video-preview":"max-video-preview:-1"},"canonical":"https:\/\/www.laguiadepamplona.com\/actualidad\/el-polvorin-acogera-hasta-el-27-de-junio-la-muestra-imagenes-para-una-memoria-del-mundo-del-ilustrador-javier-saez-castan\/","og_locale":"es_ES","og_type":"article","og_title":"El Polvor\u00edn acoger\u00e1, hasta el 27 de junio, la muestra \u2018Im\u00e1genes para una memoria del mundo\u2019 del ilustrador Javier S\u00e1ez Cast\u00e1n","og_description":"El autor, Premio Nacional de Ilustraci\u00f3n 2016, plantea en la exposici\u00f3n tres proyectos creativos diferenciados","og_url":"https:\/\/www.laguiadepamplona.com\/actualidad\/el-polvorin-acogera-hasta-el-27-de-junio-la-muestra-imagenes-para-una-memoria-del-mundo-del-ilustrador-javier-saez-castan\/","og_site_name":"La Gu\u00eda de Pamplona","article_publisher":"https:\/\/www.facebook.com\/laguiadepamplonacom-133175176762273\/?ref=hl","article_published_time":"2021-05-07T15:37:32+00:00","article_modified_time":"2023-04-11T09:49:35+00:00","og_image":[{"width":1344,"height":756,"url":"https:\/\/www.laguiadepamplona.com\/actualidad\/wp-content\/uploads\/2021\/05\/exposicion-javier-saez-castan.jpg","type":"image\/jpeg"}],"author":"La Gu\u00eda de Pamplona","twitter_card":"summary_large_image","twitter_creator":"@LaGuiadPamplona","twitter_site":"@LaGuiadPamplona","twitter_misc":{"Escrito por":"La Gu\u00eda de Pamplona","Tiempo de lectura":"3 minutos"},"schema":{"@context":"https:\/\/schema.org","@graph":[{"@type":"Article","@id":"https:\/\/www.laguiadepamplona.com\/actualidad\/el-polvorin-acogera-hasta-el-27-de-junio-la-muestra-imagenes-para-una-memoria-del-mundo-del-ilustrador-javier-saez-castan\/#article","isPartOf":{"@id":"https:\/\/www.laguiadepamplona.com\/actualidad\/el-polvorin-acogera-hasta-el-27-de-junio-la-muestra-imagenes-para-una-memoria-del-mundo-del-ilustrador-javier-saez-castan\/"},"author":{"name":"La Gu\u00eda de Pamplona","@id":"https:\/\/www.laguiadepamplona.com\/actualidad\/#\/schema\/person\/efe887376f0213d4657c93adc50b1fdb"},"headline":"El Polvor\u00edn acoger\u00e1, hasta el 27 de junio, la muestra \u2018Im\u00e1genes para una memoria del mundo\u2019 del ilustrador Javier S\u00e1ez Cast\u00e1n","datePublished":"2021-05-07T15:37:32+00:00","dateModified":"2023-04-11T09:49:35+00:00","mainEntityOfPage":{"@id":"https:\/\/www.laguiadepamplona.com\/actualidad\/el-polvorin-acogera-hasta-el-27-de-junio-la-muestra-imagenes-para-una-memoria-del-mundo-del-ilustrador-javier-saez-castan\/"},"wordCount":536,"commentCount":0,"publisher":{"@id":"https:\/\/www.laguiadepamplona.com\/actualidad\/#organization"},"image":{"@id":"https:\/\/www.laguiadepamplona.com\/actualidad\/el-polvorin-acogera-hasta-el-27-de-junio-la-muestra-imagenes-para-una-memoria-del-mundo-del-ilustrador-javier-saez-castan\/#primaryimage"},"thumbnailUrl":"https:\/\/www.laguiadepamplona.com\/actualidad\/wp-content\/uploads\/2021\/05\/exposicion-javier-saez-castan.jpg","articleSection":["Ayto Pamplona"],"inLanguage":"es","potentialAction":[{"@type":"CommentAction","name":"Comment","target":["https:\/\/www.laguiadepamplona.com\/actualidad\/el-polvorin-acogera-hasta-el-27-de-junio-la-muestra-imagenes-para-una-memoria-del-mundo-del-ilustrador-javier-saez-castan\/#respond"]}]},{"@type":"WebPage","@id":"https:\/\/www.laguiadepamplona.com\/actualidad\/el-polvorin-acogera-hasta-el-27-de-junio-la-muestra-imagenes-para-una-memoria-del-mundo-del-ilustrador-javier-saez-castan\/","url":"https:\/\/www.laguiadepamplona.com\/actualidad\/el-polvorin-acogera-hasta-el-27-de-junio-la-muestra-imagenes-para-una-memoria-del-mundo-del-ilustrador-javier-saez-castan\/","name":"El Polvor\u00edn acoger\u00e1, hasta el 27 de junio, la muestra \u2018Im\u00e1genes para una memoria del mundo\u2019 del ilustrador Javier S\u00e1ez Cast\u00e1n","isPartOf":{"@id":"https:\/\/www.laguiadepamplona.com\/actualidad\/#website"},"primaryImageOfPage":{"@id":"https:\/\/www.laguiadepamplona.com\/actualidad\/el-polvorin-acogera-hasta-el-27-de-junio-la-muestra-imagenes-para-una-memoria-del-mundo-del-ilustrador-javier-saez-castan\/#primaryimage"},"image":{"@id":"https:\/\/www.laguiadepamplona.com\/actualidad\/el-polvorin-acogera-hasta-el-27-de-junio-la-muestra-imagenes-para-una-memoria-del-mundo-del-ilustrador-javier-saez-castan\/#primaryimage"},"thumbnailUrl":"https:\/\/www.laguiadepamplona.com\/actualidad\/wp-content\/uploads\/2021\/05\/exposicion-javier-saez-castan.jpg","datePublished":"2021-05-07T15:37:32+00:00","dateModified":"2023-04-11T09:49:35+00:00","description":"El autor, Premio Nacional de Ilustraci\u00f3n 2016, plantea en la exposici\u00f3n tres proyectos creativos diferenciados","breadcrumb":{"@id":"https:\/\/www.laguiadepamplona.com\/actualidad\/el-polvorin-acogera-hasta-el-27-de-junio-la-muestra-imagenes-para-una-memoria-del-mundo-del-ilustrador-javier-saez-castan\/#breadcrumb"},"inLanguage":"es","potentialAction":[{"@type":"ReadAction","target":["https:\/\/www.laguiadepamplona.com\/actualidad\/el-polvorin-acogera-hasta-el-27-de-junio-la-muestra-imagenes-para-una-memoria-del-mundo-del-ilustrador-javier-saez-castan\/"]}]},{"@type":"ImageObject","inLanguage":"es","@id":"https:\/\/www.laguiadepamplona.com\/actualidad\/el-polvorin-acogera-hasta-el-27-de-junio-la-muestra-imagenes-para-una-memoria-del-mundo-del-ilustrador-javier-saez-castan\/#primaryimage","url":"https:\/\/www.laguiadepamplona.com\/actualidad\/wp-content\/uploads\/2021\/05\/exposicion-javier-saez-castan.jpg","contentUrl":"https:\/\/www.laguiadepamplona.com\/actualidad\/wp-content\/uploads\/2021\/05\/exposicion-javier-saez-castan.jpg","width":1344,"height":756},{"@type":"BreadcrumbList","@id":"https:\/\/www.laguiadepamplona.com\/actualidad\/el-polvorin-acogera-hasta-el-27-de-junio-la-muestra-imagenes-para-una-memoria-del-mundo-del-ilustrador-javier-saez-castan\/#breadcrumb","itemListElement":[{"@type":"ListItem","position":1,"name":"Portada","item":"https:\/\/www.laguiadepamplona.com\/actualidad\/"},{"@type":"ListItem","position":2,"name":"El Polvor\u00edn acoger\u00e1, hasta el 27 de junio, la muestra \u2018Im\u00e1genes para una memoria del mundo\u2019 del ilustrador Javier S\u00e1ez Cast\u00e1n"}]},{"@type":"WebSite","@id":"https:\/\/www.laguiadepamplona.com\/actualidad\/#website","url":"https:\/\/www.laguiadepamplona.com\/actualidad\/","name":"La gu\u00eda de Pamplona","description":"Noticias de Pamplona","publisher":{"@id":"https:\/\/www.laguiadepamplona.com\/actualidad\/#organization"},"potentialAction":[{"@type":"SearchAction","target":{"@type":"EntryPoint","urlTemplate":"https:\/\/www.laguiadepamplona.com\/actualidad\/?s={search_term_string}"},"query-input":{"@type":"PropertyValueSpecification","valueRequired":true,"valueName":"search_term_string"}}],"inLanguage":"es"},{"@type":"Organization","@id":"https:\/\/www.laguiadepamplona.com\/actualidad\/#organization","name":"La Gu\u00eda de Pamplona \/ Noticias","url":"https:\/\/www.laguiadepamplona.com\/actualidad\/","logo":{"@type":"ImageObject","inLanguage":"es","@id":"https:\/\/www.laguiadepamplona.com\/actualidad\/#\/schema\/logo\/image\/","url":"https:\/\/www.laguiadepamplona.com\/actualidad\/wp-content\/uploads\/2018\/11\/logo-laguiadepamplona18-web1.png","contentUrl":"https:\/\/www.laguiadepamplona.com\/actualidad\/wp-content\/uploads\/2018\/11\/logo-laguiadepamplona18-web1.png","width":600,"height":196,"caption":"La Gu\u00eda de Pamplona \/ Noticias"},"image":{"@id":"https:\/\/www.laguiadepamplona.com\/actualidad\/#\/schema\/logo\/image\/"},"sameAs":["https:\/\/www.facebook.com\/laguiadepamplonacom-133175176762273\/?ref=hl","https:\/\/x.com\/LaGuiadPamplona","https:\/\/www.instagram.com\/la_guia_de_pamplona\/","https:\/\/www.youtube.com\/user\/laguiadepamplona"]},{"@type":"Person","@id":"https:\/\/www.laguiadepamplona.com\/actualidad\/#\/schema\/person\/efe887376f0213d4657c93adc50b1fdb","name":"La Gu\u00eda de Pamplona","image":{"@type":"ImageObject","inLanguage":"es","@id":"https:\/\/secure.gravatar.com\/avatar\/b6992f131dc8d30ab0dff15446e9d346d9dbd95992de0fef795073f5ea83a81c?s=96&d=mm&r=g","url":"https:\/\/secure.gravatar.com\/avatar\/b6992f131dc8d30ab0dff15446e9d346d9dbd95992de0fef795073f5ea83a81c?s=96&d=mm&r=g","contentUrl":"https:\/\/secure.gravatar.com\/avatar\/b6992f131dc8d30ab0dff15446e9d346d9dbd95992de0fef795073f5ea83a81c?s=96&d=mm&r=g","caption":"La Gu\u00eda de Pamplona"}}]}},"post_mailing_queue_ids":[],"_links":{"self":[{"href":"https:\/\/www.laguiadepamplona.com\/actualidad\/wp-json\/wp\/v2\/posts\/34677","targetHints":{"allow":["GET"]}}],"collection":[{"href":"https:\/\/www.laguiadepamplona.com\/actualidad\/wp-json\/wp\/v2\/posts"}],"about":[{"href":"https:\/\/www.laguiadepamplona.com\/actualidad\/wp-json\/wp\/v2\/types\/post"}],"author":[{"embeddable":true,"href":"https:\/\/www.laguiadepamplona.com\/actualidad\/wp-json\/wp\/v2\/users\/1"}],"replies":[{"embeddable":true,"href":"https:\/\/www.laguiadepamplona.com\/actualidad\/wp-json\/wp\/v2\/comments?post=34677"}],"version-history":[{"count":0,"href":"https:\/\/www.laguiadepamplona.com\/actualidad\/wp-json\/wp\/v2\/posts\/34677\/revisions"}],"wp:featuredmedia":[{"embeddable":true,"href":"https:\/\/www.laguiadepamplona.com\/actualidad\/wp-json\/wp\/v2\/media\/34678"}],"wp:attachment":[{"href":"https:\/\/www.laguiadepamplona.com\/actualidad\/wp-json\/wp\/v2\/media?parent=34677"}],"wp:term":[{"taxonomy":"category","embeddable":true,"href":"https:\/\/www.laguiadepamplona.com\/actualidad\/wp-json\/wp\/v2\/categories?post=34677"},{"taxonomy":"post_tag","embeddable":true,"href":"https:\/\/www.laguiadepamplona.com\/actualidad\/wp-json\/wp\/v2\/tags?post=34677"}],"curies":[{"name":"wp","href":"https:\/\/api.w.org\/{rel}","templated":true}]}}