{"id":34667,"date":"2021-05-06T17:19:08","date_gmt":"2021-05-06T15:19:08","guid":{"rendered":"https:\/\/www.laguiadepamplona.com\/actualidad\/?p=34667"},"modified":"2023-04-11T11:49:35","modified_gmt":"2023-04-11T09:49:35","slug":"el-ayuntamiento-de-pamplona-solicitara-la-declaracion-del-cuerpo-de-ciudad-como-bien-de-interes-cultural-de-la-comunidad-foral-de-navarra","status":"publish","type":"post","link":"https:\/\/www.laguiadepamplona.com\/actualidad\/el-ayuntamiento-de-pamplona-solicitara-la-declaracion-del-cuerpo-de-ciudad-como-bien-de-interes-cultural-de-la-comunidad-foral-de-navarra\/","title":{"rendered":"El Ayuntamiento de Pamplona solicitar\u00e1 la declaraci\u00f3n del \u2018Cuerpo de Ciudad\u2019 como Bien de Inter\u00e9s Cultural de la Comunidad Foral de Navarra"},"content":{"rendered":"<h5>El Pleno ha aprobado una declaraci\u00f3n un\u00e1nime a favor de esta manifestaci\u00f3n de Patrimonio Cultural Inmaterial que encarna la uni\u00f3n de la ciudad<\/h5>\n<p><!--more--><\/p>\n<p>El Ayuntamiento de Pamplona solicitar\u00e1 a Gobierno de Navarra la declaraci\u00f3n del \u2018Cuerpo de Ciudad\u2019 como Bien de Inter\u00e9s Cultural de la Comunidad Foral de Navarra. As\u00ed lo ha aprobado esta tarde el Pleno del Consistorio en una declaraci\u00f3n institucional. La solicitud municipal argumenta que el \u2018Cuerpo de Ciudad\u2019 es una manifestaci\u00f3n del Patrimonio Cultural Inmaterial (PCI) de la ciudad, concretamente en el \u00e1mbito de las \u2018Formas de sociabilidad colectiva y de organizaci\u00f3n social\u2019.<\/p>\n<p>La calificaci\u00f3n que se quiere obtener reconocer\u00eda el valor de este conjunto de creencias, rituales y formas de participaci\u00f3n de la ciudadan\u00eda y de sus organizaciones que se enra\u00edza en el origen de la unificaci\u00f3n de Pamplona. Adem\u00e1s, conllevar\u00eda la declaraci\u00f3n como BIC de los bienes materiales a \u00e9l asociados, como las mazas, banderas, veneras, timbales&#8230; Esta solicitud por parte del Consistorio llega en un momento de especial vulnerabilidad para todas las manifestaciones patrimoniales de car\u00e1cter inmaterial, ya que la COVID-19 y las normas de seguridad sanitaria est\u00e1n afectando a tradiciones que dif\u00edcilmente se pueden reproducir en su entorno real en estos momentos.<\/p>\n<p><script async src=\"\/\/pagead2.googlesyndication.com\/pagead\/js\/adsbygoogle.js\"><\/script><br \/>\n<!-- Noticias La Guia de Pamplona --><br \/>\n<ins class=\"adsbygoogle\"\nstyle=\"display:block\"\ndata-ad-client=\"ca-pub-6943679897239327\"\ndata-ad-slot=\"7048180777\"\ndata-ad-format=\"auto\"><\/ins><br \/>\n<script>\n(adsbygoogle = window.adsbygoogle || []).push({});\n<\/script><\/p>\n<p>El Cuerpo de Ciudad es manifestaci\u00f3n cultural que tiene lugar en fechas se\u00f1aladas, por la que el consistorio se presenta a la ciudadan\u00eda en forma de cortejo en base a un ceremonial, unas indumentarias, unos s\u00edmbolos y unos atributos espec\u00edficos -como la bandera de Pamplona, las mazas, los clarines y timbales, libreas, la corporaci\u00f3n y la Polic\u00eda Municipal con traje de gala, la comparsa de gigantes y cabezudos del Ayuntamiento, y los grupos de dantzaris, gaiteros, txistularis, as\u00ed como la banda de m\u00fasica municipales-, y que en su conjunto simbolizan a la propia Ciudad.<\/p>\n<p>La puesta en escena de este ceremonial con todo su protocolo, junto con el p\u00fablico que se congrega para contemplarlo y con el que interact\u00faan los diferentes elementos del cortejo, forman una unidad que le otorga al Cuerpo de Ciudad el gran valor patrimonial que tiene. El \u2018Cuerpo de Ciudad\u2019 representa y revalida en cada una de sus manifestaciones el esp\u00edritu de uni\u00f3n de la ciudad, ya que el concepto se remonta precisamente a la uni\u00f3n de los tres burgos medievales en una nueva ciudad consolidada gracias al Privilegio de la Uni\u00f3n otorgado por Carlos III el Noble (1423).<\/p>\n<p>El Ayuntamiento de Pamplona considera que la defensa de este patrimonio y sus perfiles encaja en todas las normas internacionales, nacionales y del \u00e1mbito de la Comunidad Aut\u00f3noma que regulan el Patrimonio Cultural Inmaterial. Como argumentos a su favor, la solicitud detalla que el \u2018Cuerpo de Ciudad\u2019 tiene unos marcos temporales y espaciales propios, sigue en evoluci\u00f3n continua, es una manifestaci\u00f3n compleja en su composici\u00f3n y relevante para el p\u00fablico y las entidades que participan, y fortalece la cohesi\u00f3n social de la ciudad. Adem\u00e1s, recoge el informe, se transmite entre generaciones un concepto que aglutina multitud de registros y valores culturales identitarios de Pamplona que se manifiestan de forma din\u00e1mica. Finalmente, el \u2018Cuerpo de Ciudad\u2019 se vincula a numerosos materiales y objetos muebles, m\u00fasica y literatura oral, desde las medallas de la Corporaci\u00f3n, a la Bandera de la Ciudad o los trajes oficiales de los distintos participantes.<\/p>\n<p><script async src=\"\/\/pagead2.googlesyndication.com\/pagead\/js\/adsbygoogle.js\"><\/script><br \/>\n<!-- Noticias La Guia de Pamplona --><br \/>\n<ins class=\"adsbygoogle\"\nstyle=\"display:block\"\ndata-ad-client=\"ca-pub-6943679897239327\"\ndata-ad-slot=\"7048180777\"\ndata-ad-format=\"auto\"><\/ins><br \/>\n<script>\n(adsbygoogle = window.adsbygoogle || []).push({});\n<\/script><\/p>\n<p><strong>La encarnaci\u00f3n de la ciudad en los Actos Institucionales<\/strong><\/p>\n<p>Seg\u00fan el \u2018Reglamento de Protocolo, Ceremonial, Honores y Distinciones del Ayuntamiento de Pamplona\u2019, \u201cla Corporaci\u00f3n se constituye en Cuerpo de Ciudad para asistir a los actos institucionales y es la forma en que la Corporaci\u00f3n asiste, con etiqueta determinada y formando parte de un cortejo\u201d.<\/p>\n<p>Los actos que han ido estableci\u00e9ndose a lo largo de la historia para esta representaci\u00f3n p\u00fablica solemne son seis durante del a\u00f1o: la Funci\u00f3n de las Cinco Llagas en Semana Santa; la Marcha a V\u00edsperas, la Procesi\u00f3n del 7 de julio y la Funci\u00f3n de la Octava (las tres en las fiestas de San Ferm\u00edn), as\u00ed como el desfile del Privilegio de la Uni\u00f3n (septiembre) y la Procesi\u00f3n de San Saturnino, patr\u00f3n de la ciudad (noviembre). Prueba de su vitalidad es que en la propia norma se especifica su posible ampliaci\u00f3n con la frase \u201cotras que se puedan establecer por acuerdo de Pleno\u201d.<\/p>\n<p>La Corporaci\u00f3n \u2013representaci\u00f3n p\u00fablica democr\u00e1tica de la ciudadan\u00eda- en traje de gala, para formar el Cuerpo de Ciudad es el n\u00facleo del Cortejo, un desfile formado por clarines, timbales, abanderado y portaborlas, maceros, librea, jefatura de la Polic\u00eda Municipal y Polic\u00eda Municipal en guardia de gala; es habitual, aunque no en todas las ocasiones es as\u00ed, que participen en el acto y formen parte de \u00e9l la Comparsa de Gigantes y Cabezudos, el grupo municipal de danzas, la banda municipal de txistularis y la banda de m\u00fasica La Pamplonesa. En cada ocasi\u00f3n en que se manifiesta a lo largo del a\u00f1o el \u2018Cuerpo de Ciudad\u2019 el vecindario de Pamplona sale a la calle y participa, como un elemento m\u00e1s, en la renovaci\u00f3n del inter\u00e9s c\u00edvico por una ciudad unida que se lleva produciendo siete siglos.<\/p>\n<p><script async src=\"\/\/pagead2.googlesyndication.com\/pagead\/js\/adsbygoogle.js\"><\/script><br \/>\n<!-- Noticias La Guia de Pamplona --><br \/>\n<ins class=\"adsbygoogle\"\nstyle=\"display:block\"\ndata-ad-client=\"ca-pub-6943679897239327\"\ndata-ad-slot=\"7048180777\"\ndata-ad-format=\"auto\"><\/ins><br \/>\n<script>\n(adsbygoogle = window.adsbygoogle || []).push({});\n<\/script><\/p>\n<p><strong>Una declaraci\u00f3n que salvaguarda<\/strong><\/p>\n<p>La declaraci\u00f3n BIC reconocer\u00eda el valor de esta manifestaci\u00f3n cultural y dar\u00eda paso a diferentes acciones encaminadas a la salvaguarda de este bien, como la posible creaci\u00f3n de una comisi\u00f3n de especialistas que tratasen los posibles cambios que se deseen realizar de una forma reflexiva y justificada, ya que la conservaci\u00f3n de este tipo de patrimonio debe ser flexible, y debe evitar que se fosilice y deje de evolucionar.<\/p>\n<p>Son numerosos los retos a los que se enfrenta todo patrimonio inmaterial. El \u2018Cuerpo de Ciudad\u2019, como PCI, aunque ya recogido en el \u2018Reglamento de Protocolo, Ceremonial, Honores y Distinciones del Ayuntamiento de Pamplona\u2019, requiere de actuaciones complementarias que garanticen su natural desarrollo y evoluci\u00f3n. Por un lado, se ha buscado garantizar el papel activo de quienes lo protagonizan a la hora de definirlo, integrando sus percepciones en la documentaci\u00f3n elaborada. Adem\u00e1s, se plantea la elaboraci\u00f3n de documentaci\u00f3n detallada y peri\u00f3dica que facilite su conservaci\u00f3n y fomentar su investigaci\u00f3n a trav\u00e9s de su inclusi\u00f3n en el Inventario de Bienes Inmateriales del Departamento de Cultura de Gobierno de Navarra.<\/p>\n<p>Por otra parte, la propuesta municipal apoya proyectar comunicativamente esta manifestaci\u00f3n cultural a trav\u00e9s del \u00e1mbito educativo (talleres, etc.), de los medios de comunicaci\u00f3n y las redes sociales.<\/p>\n","protected":false},"excerpt":{"rendered":"<p>El Pleno ha aprobado una declaraci\u00f3n un\u00e1nime a favor de esta manifestaci\u00f3n de Patrimonio Cultural Inmaterial que encarna la uni\u00f3n de la ciudad<\/p>\n","protected":false},"author":1,"featured_media":34668,"comment_status":"open","ping_status":"closed","sticky":false,"template":"","format":"standard","meta":{"footnotes":""},"categories":[2],"tags":[],"class_list":["post-34667","post","type-post","status-publish","format-standard","has-post-thumbnail","hentry","category-ayuntamiento-pamplona"],"yoast_head":"<!-- This site is optimized with the Yoast SEO plugin v27.3 - https:\/\/yoast.com\/product\/yoast-seo-wordpress\/ -->\n<title>El Ayuntamiento de Pamplona solicitar\u00e1 la declaraci\u00f3n del \u2018Cuerpo de Ciudad\u2019 como Bien de Inter\u00e9s Cultural de la Comunidad Foral de Navarra<\/title>\n<meta name=\"robots\" content=\"index, follow, max-snippet:-1, max-image-preview:large, max-video-preview:-1\" \/>\n<link rel=\"canonical\" href=\"https:\/\/www.laguiadepamplona.com\/actualidad\/el-ayuntamiento-de-pamplona-solicitara-la-declaracion-del-cuerpo-de-ciudad-como-bien-de-interes-cultural-de-la-comunidad-foral-de-navarra\/\" \/>\n<meta property=\"og:locale\" content=\"es_ES\" \/>\n<meta property=\"og:type\" content=\"article\" \/>\n<meta property=\"og:title\" content=\"El Ayuntamiento de Pamplona solicitar\u00e1 la declaraci\u00f3n del \u2018Cuerpo de Ciudad\u2019 como Bien de Inter\u00e9s Cultural de la Comunidad Foral de Navarra\" \/>\n<meta property=\"og:description\" content=\"El Pleno ha aprobado una declaraci\u00f3n un\u00e1nime a favor de esta manifestaci\u00f3n de Patrimonio Cultural Inmaterial que encarna la uni\u00f3n de la ciudad\" \/>\n<meta property=\"og:url\" content=\"https:\/\/www.laguiadepamplona.com\/actualidad\/el-ayuntamiento-de-pamplona-solicitara-la-declaracion-del-cuerpo-de-ciudad-como-bien-de-interes-cultural-de-la-comunidad-foral-de-navarra\/\" \/>\n<meta property=\"og:site_name\" content=\"La Gu\u00eda de Pamplona\" \/>\n<meta property=\"article:publisher\" content=\"https:\/\/www.facebook.com\/laguiadepamplonacom-133175176762273\/?ref=hl\" \/>\n<meta property=\"article:published_time\" content=\"2021-05-06T15:19:08+00:00\" \/>\n<meta property=\"article:modified_time\" content=\"2023-04-11T09:49:35+00:00\" \/>\n<meta property=\"og:image\" content=\"https:\/\/www.laguiadepamplona.com\/actualidad\/wp-content\/uploads\/2021\/05\/despedida-gigantes.jpg\" \/>\n\t<meta property=\"og:image:width\" content=\"1771\" \/>\n\t<meta property=\"og:image:height\" content=\"1181\" \/>\n\t<meta property=\"og:image:type\" content=\"image\/jpeg\" \/>\n<meta name=\"author\" content=\"La Gu\u00eda de Pamplona\" \/>\n<meta name=\"twitter:card\" content=\"summary_large_image\" \/>\n<meta name=\"twitter:creator\" content=\"@LaGuiadPamplona\" \/>\n<meta name=\"twitter:site\" content=\"@LaGuiadPamplona\" \/>\n<meta name=\"twitter:label1\" content=\"Escrito por\" \/>\n\t<meta name=\"twitter:data1\" content=\"La Gu\u00eda de Pamplona\" \/>\n\t<meta name=\"twitter:label2\" content=\"Tiempo de lectura\" \/>\n\t<meta name=\"twitter:data2\" content=\"5 minutos\" \/>\n<script type=\"application\/ld+json\" class=\"yoast-schema-graph\">{\"@context\":\"https:\\\/\\\/schema.org\",\"@graph\":[{\"@type\":\"Article\",\"@id\":\"https:\\\/\\\/www.laguiadepamplona.com\\\/actualidad\\\/el-ayuntamiento-de-pamplona-solicitara-la-declaracion-del-cuerpo-de-ciudad-como-bien-de-interes-cultural-de-la-comunidad-foral-de-navarra\\\/#article\",\"isPartOf\":{\"@id\":\"https:\\\/\\\/www.laguiadepamplona.com\\\/actualidad\\\/el-ayuntamiento-de-pamplona-solicitara-la-declaracion-del-cuerpo-de-ciudad-como-bien-de-interes-cultural-de-la-comunidad-foral-de-navarra\\\/\"},\"author\":{\"name\":\"La Gu\u00eda de Pamplona\",\"@id\":\"https:\\\/\\\/www.laguiadepamplona.com\\\/actualidad\\\/#\\\/schema\\\/person\\\/efe887376f0213d4657c93adc50b1fdb\"},\"headline\":\"El Ayuntamiento de Pamplona solicitar\u00e1 la declaraci\u00f3n del \u2018Cuerpo de Ciudad\u2019 como Bien de Inter\u00e9s Cultural de la Comunidad Foral de Navarra\",\"datePublished\":\"2021-05-06T15:19:08+00:00\",\"dateModified\":\"2023-04-11T09:49:35+00:00\",\"mainEntityOfPage\":{\"@id\":\"https:\\\/\\\/www.laguiadepamplona.com\\\/actualidad\\\/el-ayuntamiento-de-pamplona-solicitara-la-declaracion-del-cuerpo-de-ciudad-como-bien-de-interes-cultural-de-la-comunidad-foral-de-navarra\\\/\"},\"wordCount\":1161,\"commentCount\":0,\"publisher\":{\"@id\":\"https:\\\/\\\/www.laguiadepamplona.com\\\/actualidad\\\/#organization\"},\"image\":{\"@id\":\"https:\\\/\\\/www.laguiadepamplona.com\\\/actualidad\\\/el-ayuntamiento-de-pamplona-solicitara-la-declaracion-del-cuerpo-de-ciudad-como-bien-de-interes-cultural-de-la-comunidad-foral-de-navarra\\\/#primaryimage\"},\"thumbnailUrl\":\"https:\\\/\\\/www.laguiadepamplona.com\\\/actualidad\\\/wp-content\\\/uploads\\\/2021\\\/05\\\/despedida-gigantes.jpg\",\"articleSection\":[\"Ayto Pamplona\"],\"inLanguage\":\"es\",\"potentialAction\":[{\"@type\":\"CommentAction\",\"name\":\"Comment\",\"target\":[\"https:\\\/\\\/www.laguiadepamplona.com\\\/actualidad\\\/el-ayuntamiento-de-pamplona-solicitara-la-declaracion-del-cuerpo-de-ciudad-como-bien-de-interes-cultural-de-la-comunidad-foral-de-navarra\\\/#respond\"]}]},{\"@type\":\"WebPage\",\"@id\":\"https:\\\/\\\/www.laguiadepamplona.com\\\/actualidad\\\/el-ayuntamiento-de-pamplona-solicitara-la-declaracion-del-cuerpo-de-ciudad-como-bien-de-interes-cultural-de-la-comunidad-foral-de-navarra\\\/\",\"url\":\"https:\\\/\\\/www.laguiadepamplona.com\\\/actualidad\\\/el-ayuntamiento-de-pamplona-solicitara-la-declaracion-del-cuerpo-de-ciudad-como-bien-de-interes-cultural-de-la-comunidad-foral-de-navarra\\\/\",\"name\":\"El Ayuntamiento de Pamplona solicitar\u00e1 la declaraci\u00f3n del \u2018Cuerpo de Ciudad\u2019 como Bien de Inter\u00e9s Cultural de la Comunidad Foral de Navarra\",\"isPartOf\":{\"@id\":\"https:\\\/\\\/www.laguiadepamplona.com\\\/actualidad\\\/#website\"},\"primaryImageOfPage\":{\"@id\":\"https:\\\/\\\/www.laguiadepamplona.com\\\/actualidad\\\/el-ayuntamiento-de-pamplona-solicitara-la-declaracion-del-cuerpo-de-ciudad-como-bien-de-interes-cultural-de-la-comunidad-foral-de-navarra\\\/#primaryimage\"},\"image\":{\"@id\":\"https:\\\/\\\/www.laguiadepamplona.com\\\/actualidad\\\/el-ayuntamiento-de-pamplona-solicitara-la-declaracion-del-cuerpo-de-ciudad-como-bien-de-interes-cultural-de-la-comunidad-foral-de-navarra\\\/#primaryimage\"},\"thumbnailUrl\":\"https:\\\/\\\/www.laguiadepamplona.com\\\/actualidad\\\/wp-content\\\/uploads\\\/2021\\\/05\\\/despedida-gigantes.jpg\",\"datePublished\":\"2021-05-06T15:19:08+00:00\",\"dateModified\":\"2023-04-11T09:49:35+00:00\",\"breadcrumb\":{\"@id\":\"https:\\\/\\\/www.laguiadepamplona.com\\\/actualidad\\\/el-ayuntamiento-de-pamplona-solicitara-la-declaracion-del-cuerpo-de-ciudad-como-bien-de-interes-cultural-de-la-comunidad-foral-de-navarra\\\/#breadcrumb\"},\"inLanguage\":\"es\",\"potentialAction\":[{\"@type\":\"ReadAction\",\"target\":[\"https:\\\/\\\/www.laguiadepamplona.com\\\/actualidad\\\/el-ayuntamiento-de-pamplona-solicitara-la-declaracion-del-cuerpo-de-ciudad-como-bien-de-interes-cultural-de-la-comunidad-foral-de-navarra\\\/\"]}]},{\"@type\":\"ImageObject\",\"inLanguage\":\"es\",\"@id\":\"https:\\\/\\\/www.laguiadepamplona.com\\\/actualidad\\\/el-ayuntamiento-de-pamplona-solicitara-la-declaracion-del-cuerpo-de-ciudad-como-bien-de-interes-cultural-de-la-comunidad-foral-de-navarra\\\/#primaryimage\",\"url\":\"https:\\\/\\\/www.laguiadepamplona.com\\\/actualidad\\\/wp-content\\\/uploads\\\/2021\\\/05\\\/despedida-gigantes.jpg\",\"contentUrl\":\"https:\\\/\\\/www.laguiadepamplona.com\\\/actualidad\\\/wp-content\\\/uploads\\\/2021\\\/05\\\/despedida-gigantes.jpg\",\"width\":1771,\"height\":1181,\"caption\":\"A: Jes\u00fas Caso F: 29-11-2019 P: L: Pamplona T: Procesi\u00f3n de San Saturnino.\"},{\"@type\":\"BreadcrumbList\",\"@id\":\"https:\\\/\\\/www.laguiadepamplona.com\\\/actualidad\\\/el-ayuntamiento-de-pamplona-solicitara-la-declaracion-del-cuerpo-de-ciudad-como-bien-de-interes-cultural-de-la-comunidad-foral-de-navarra\\\/#breadcrumb\",\"itemListElement\":[{\"@type\":\"ListItem\",\"position\":1,\"name\":\"Portada\",\"item\":\"https:\\\/\\\/www.laguiadepamplona.com\\\/actualidad\\\/\"},{\"@type\":\"ListItem\",\"position\":2,\"name\":\"El Ayuntamiento de Pamplona solicitar\u00e1 la declaraci\u00f3n del \u2018Cuerpo de Ciudad\u2019 como Bien de Inter\u00e9s Cultural de la Comunidad Foral de Navarra\"}]},{\"@type\":\"WebSite\",\"@id\":\"https:\\\/\\\/www.laguiadepamplona.com\\\/actualidad\\\/#website\",\"url\":\"https:\\\/\\\/www.laguiadepamplona.com\\\/actualidad\\\/\",\"name\":\"La gu\u00eda de Pamplona\",\"description\":\"Noticias de Pamplona\",\"publisher\":{\"@id\":\"https:\\\/\\\/www.laguiadepamplona.com\\\/actualidad\\\/#organization\"},\"potentialAction\":[{\"@type\":\"SearchAction\",\"target\":{\"@type\":\"EntryPoint\",\"urlTemplate\":\"https:\\\/\\\/www.laguiadepamplona.com\\\/actualidad\\\/?s={search_term_string}\"},\"query-input\":{\"@type\":\"PropertyValueSpecification\",\"valueRequired\":true,\"valueName\":\"search_term_string\"}}],\"inLanguage\":\"es\"},{\"@type\":\"Organization\",\"@id\":\"https:\\\/\\\/www.laguiadepamplona.com\\\/actualidad\\\/#organization\",\"name\":\"La Gu\u00eda de Pamplona \\\/ Noticias\",\"url\":\"https:\\\/\\\/www.laguiadepamplona.com\\\/actualidad\\\/\",\"logo\":{\"@type\":\"ImageObject\",\"inLanguage\":\"es\",\"@id\":\"https:\\\/\\\/www.laguiadepamplona.com\\\/actualidad\\\/#\\\/schema\\\/logo\\\/image\\\/\",\"url\":\"https:\\\/\\\/www.laguiadepamplona.com\\\/actualidad\\\/wp-content\\\/uploads\\\/2018\\\/11\\\/logo-laguiadepamplona18-web1.png\",\"contentUrl\":\"https:\\\/\\\/www.laguiadepamplona.com\\\/actualidad\\\/wp-content\\\/uploads\\\/2018\\\/11\\\/logo-laguiadepamplona18-web1.png\",\"width\":600,\"height\":196,\"caption\":\"La Gu\u00eda de Pamplona \\\/ Noticias\"},\"image\":{\"@id\":\"https:\\\/\\\/www.laguiadepamplona.com\\\/actualidad\\\/#\\\/schema\\\/logo\\\/image\\\/\"},\"sameAs\":[\"https:\\\/\\\/www.facebook.com\\\/laguiadepamplonacom-133175176762273\\\/?ref=hl\",\"https:\\\/\\\/x.com\\\/LaGuiadPamplona\",\"https:\\\/\\\/www.instagram.com\\\/la_guia_de_pamplona\\\/\",\"https:\\\/\\\/www.youtube.com\\\/user\\\/laguiadepamplona\"]},{\"@type\":\"Person\",\"@id\":\"https:\\\/\\\/www.laguiadepamplona.com\\\/actualidad\\\/#\\\/schema\\\/person\\\/efe887376f0213d4657c93adc50b1fdb\",\"name\":\"La Gu\u00eda de Pamplona\",\"image\":{\"@type\":\"ImageObject\",\"inLanguage\":\"es\",\"@id\":\"https:\\\/\\\/secure.gravatar.com\\\/avatar\\\/b6992f131dc8d30ab0dff15446e9d346d9dbd95992de0fef795073f5ea83a81c?s=96&d=mm&r=g\",\"url\":\"https:\\\/\\\/secure.gravatar.com\\\/avatar\\\/b6992f131dc8d30ab0dff15446e9d346d9dbd95992de0fef795073f5ea83a81c?s=96&d=mm&r=g\",\"contentUrl\":\"https:\\\/\\\/secure.gravatar.com\\\/avatar\\\/b6992f131dc8d30ab0dff15446e9d346d9dbd95992de0fef795073f5ea83a81c?s=96&d=mm&r=g\",\"caption\":\"La Gu\u00eda de Pamplona\"}}]}<\/script>\n<!-- \/ Yoast SEO plugin. -->","yoast_head_json":{"title":"El Ayuntamiento de Pamplona solicitar\u00e1 la declaraci\u00f3n del \u2018Cuerpo de Ciudad\u2019 como Bien de Inter\u00e9s Cultural de la Comunidad Foral de Navarra","robots":{"index":"index","follow":"follow","max-snippet":"max-snippet:-1","max-image-preview":"max-image-preview:large","max-video-preview":"max-video-preview:-1"},"canonical":"https:\/\/www.laguiadepamplona.com\/actualidad\/el-ayuntamiento-de-pamplona-solicitara-la-declaracion-del-cuerpo-de-ciudad-como-bien-de-interes-cultural-de-la-comunidad-foral-de-navarra\/","og_locale":"es_ES","og_type":"article","og_title":"El Ayuntamiento de Pamplona solicitar\u00e1 la declaraci\u00f3n del \u2018Cuerpo de Ciudad\u2019 como Bien de Inter\u00e9s Cultural de la Comunidad Foral de Navarra","og_description":"El Pleno ha aprobado una declaraci\u00f3n un\u00e1nime a favor de esta manifestaci\u00f3n de Patrimonio Cultural Inmaterial que encarna la uni\u00f3n de la ciudad","og_url":"https:\/\/www.laguiadepamplona.com\/actualidad\/el-ayuntamiento-de-pamplona-solicitara-la-declaracion-del-cuerpo-de-ciudad-como-bien-de-interes-cultural-de-la-comunidad-foral-de-navarra\/","og_site_name":"La Gu\u00eda de Pamplona","article_publisher":"https:\/\/www.facebook.com\/laguiadepamplonacom-133175176762273\/?ref=hl","article_published_time":"2021-05-06T15:19:08+00:00","article_modified_time":"2023-04-11T09:49:35+00:00","og_image":[{"width":1771,"height":1181,"url":"https:\/\/www.laguiadepamplona.com\/actualidad\/wp-content\/uploads\/2021\/05\/despedida-gigantes.jpg","type":"image\/jpeg"}],"author":"La Gu\u00eda de Pamplona","twitter_card":"summary_large_image","twitter_creator":"@LaGuiadPamplona","twitter_site":"@LaGuiadPamplona","twitter_misc":{"Escrito por":"La Gu\u00eda de Pamplona","Tiempo de lectura":"5 minutos"},"schema":{"@context":"https:\/\/schema.org","@graph":[{"@type":"Article","@id":"https:\/\/www.laguiadepamplona.com\/actualidad\/el-ayuntamiento-de-pamplona-solicitara-la-declaracion-del-cuerpo-de-ciudad-como-bien-de-interes-cultural-de-la-comunidad-foral-de-navarra\/#article","isPartOf":{"@id":"https:\/\/www.laguiadepamplona.com\/actualidad\/el-ayuntamiento-de-pamplona-solicitara-la-declaracion-del-cuerpo-de-ciudad-como-bien-de-interes-cultural-de-la-comunidad-foral-de-navarra\/"},"author":{"name":"La Gu\u00eda de Pamplona","@id":"https:\/\/www.laguiadepamplona.com\/actualidad\/#\/schema\/person\/efe887376f0213d4657c93adc50b1fdb"},"headline":"El Ayuntamiento de Pamplona solicitar\u00e1 la declaraci\u00f3n del \u2018Cuerpo de Ciudad\u2019 como Bien de Inter\u00e9s Cultural de la Comunidad Foral de Navarra","datePublished":"2021-05-06T15:19:08+00:00","dateModified":"2023-04-11T09:49:35+00:00","mainEntityOfPage":{"@id":"https:\/\/www.laguiadepamplona.com\/actualidad\/el-ayuntamiento-de-pamplona-solicitara-la-declaracion-del-cuerpo-de-ciudad-como-bien-de-interes-cultural-de-la-comunidad-foral-de-navarra\/"},"wordCount":1161,"commentCount":0,"publisher":{"@id":"https:\/\/www.laguiadepamplona.com\/actualidad\/#organization"},"image":{"@id":"https:\/\/www.laguiadepamplona.com\/actualidad\/el-ayuntamiento-de-pamplona-solicitara-la-declaracion-del-cuerpo-de-ciudad-como-bien-de-interes-cultural-de-la-comunidad-foral-de-navarra\/#primaryimage"},"thumbnailUrl":"https:\/\/www.laguiadepamplona.com\/actualidad\/wp-content\/uploads\/2021\/05\/despedida-gigantes.jpg","articleSection":["Ayto Pamplona"],"inLanguage":"es","potentialAction":[{"@type":"CommentAction","name":"Comment","target":["https:\/\/www.laguiadepamplona.com\/actualidad\/el-ayuntamiento-de-pamplona-solicitara-la-declaracion-del-cuerpo-de-ciudad-como-bien-de-interes-cultural-de-la-comunidad-foral-de-navarra\/#respond"]}]},{"@type":"WebPage","@id":"https:\/\/www.laguiadepamplona.com\/actualidad\/el-ayuntamiento-de-pamplona-solicitara-la-declaracion-del-cuerpo-de-ciudad-como-bien-de-interes-cultural-de-la-comunidad-foral-de-navarra\/","url":"https:\/\/www.laguiadepamplona.com\/actualidad\/el-ayuntamiento-de-pamplona-solicitara-la-declaracion-del-cuerpo-de-ciudad-como-bien-de-interes-cultural-de-la-comunidad-foral-de-navarra\/","name":"El Ayuntamiento de Pamplona solicitar\u00e1 la declaraci\u00f3n del \u2018Cuerpo de Ciudad\u2019 como Bien de Inter\u00e9s Cultural de la Comunidad Foral de Navarra","isPartOf":{"@id":"https:\/\/www.laguiadepamplona.com\/actualidad\/#website"},"primaryImageOfPage":{"@id":"https:\/\/www.laguiadepamplona.com\/actualidad\/el-ayuntamiento-de-pamplona-solicitara-la-declaracion-del-cuerpo-de-ciudad-como-bien-de-interes-cultural-de-la-comunidad-foral-de-navarra\/#primaryimage"},"image":{"@id":"https:\/\/www.laguiadepamplona.com\/actualidad\/el-ayuntamiento-de-pamplona-solicitara-la-declaracion-del-cuerpo-de-ciudad-como-bien-de-interes-cultural-de-la-comunidad-foral-de-navarra\/#primaryimage"},"thumbnailUrl":"https:\/\/www.laguiadepamplona.com\/actualidad\/wp-content\/uploads\/2021\/05\/despedida-gigantes.jpg","datePublished":"2021-05-06T15:19:08+00:00","dateModified":"2023-04-11T09:49:35+00:00","breadcrumb":{"@id":"https:\/\/www.laguiadepamplona.com\/actualidad\/el-ayuntamiento-de-pamplona-solicitara-la-declaracion-del-cuerpo-de-ciudad-como-bien-de-interes-cultural-de-la-comunidad-foral-de-navarra\/#breadcrumb"},"inLanguage":"es","potentialAction":[{"@type":"ReadAction","target":["https:\/\/www.laguiadepamplona.com\/actualidad\/el-ayuntamiento-de-pamplona-solicitara-la-declaracion-del-cuerpo-de-ciudad-como-bien-de-interes-cultural-de-la-comunidad-foral-de-navarra\/"]}]},{"@type":"ImageObject","inLanguage":"es","@id":"https:\/\/www.laguiadepamplona.com\/actualidad\/el-ayuntamiento-de-pamplona-solicitara-la-declaracion-del-cuerpo-de-ciudad-como-bien-de-interes-cultural-de-la-comunidad-foral-de-navarra\/#primaryimage","url":"https:\/\/www.laguiadepamplona.com\/actualidad\/wp-content\/uploads\/2021\/05\/despedida-gigantes.jpg","contentUrl":"https:\/\/www.laguiadepamplona.com\/actualidad\/wp-content\/uploads\/2021\/05\/despedida-gigantes.jpg","width":1771,"height":1181,"caption":"A: Jes\u00fas Caso F: 29-11-2019 P: L: Pamplona T: Procesi\u00f3n de San Saturnino."},{"@type":"BreadcrumbList","@id":"https:\/\/www.laguiadepamplona.com\/actualidad\/el-ayuntamiento-de-pamplona-solicitara-la-declaracion-del-cuerpo-de-ciudad-como-bien-de-interes-cultural-de-la-comunidad-foral-de-navarra\/#breadcrumb","itemListElement":[{"@type":"ListItem","position":1,"name":"Portada","item":"https:\/\/www.laguiadepamplona.com\/actualidad\/"},{"@type":"ListItem","position":2,"name":"El Ayuntamiento de Pamplona solicitar\u00e1 la declaraci\u00f3n del \u2018Cuerpo de Ciudad\u2019 como Bien de Inter\u00e9s Cultural de la Comunidad Foral de Navarra"}]},{"@type":"WebSite","@id":"https:\/\/www.laguiadepamplona.com\/actualidad\/#website","url":"https:\/\/www.laguiadepamplona.com\/actualidad\/","name":"La gu\u00eda de Pamplona","description":"Noticias de Pamplona","publisher":{"@id":"https:\/\/www.laguiadepamplona.com\/actualidad\/#organization"},"potentialAction":[{"@type":"SearchAction","target":{"@type":"EntryPoint","urlTemplate":"https:\/\/www.laguiadepamplona.com\/actualidad\/?s={search_term_string}"},"query-input":{"@type":"PropertyValueSpecification","valueRequired":true,"valueName":"search_term_string"}}],"inLanguage":"es"},{"@type":"Organization","@id":"https:\/\/www.laguiadepamplona.com\/actualidad\/#organization","name":"La Gu\u00eda de Pamplona \/ Noticias","url":"https:\/\/www.laguiadepamplona.com\/actualidad\/","logo":{"@type":"ImageObject","inLanguage":"es","@id":"https:\/\/www.laguiadepamplona.com\/actualidad\/#\/schema\/logo\/image\/","url":"https:\/\/www.laguiadepamplona.com\/actualidad\/wp-content\/uploads\/2018\/11\/logo-laguiadepamplona18-web1.png","contentUrl":"https:\/\/www.laguiadepamplona.com\/actualidad\/wp-content\/uploads\/2018\/11\/logo-laguiadepamplona18-web1.png","width":600,"height":196,"caption":"La Gu\u00eda de Pamplona \/ Noticias"},"image":{"@id":"https:\/\/www.laguiadepamplona.com\/actualidad\/#\/schema\/logo\/image\/"},"sameAs":["https:\/\/www.facebook.com\/laguiadepamplonacom-133175176762273\/?ref=hl","https:\/\/x.com\/LaGuiadPamplona","https:\/\/www.instagram.com\/la_guia_de_pamplona\/","https:\/\/www.youtube.com\/user\/laguiadepamplona"]},{"@type":"Person","@id":"https:\/\/www.laguiadepamplona.com\/actualidad\/#\/schema\/person\/efe887376f0213d4657c93adc50b1fdb","name":"La Gu\u00eda de Pamplona","image":{"@type":"ImageObject","inLanguage":"es","@id":"https:\/\/secure.gravatar.com\/avatar\/b6992f131dc8d30ab0dff15446e9d346d9dbd95992de0fef795073f5ea83a81c?s=96&d=mm&r=g","url":"https:\/\/secure.gravatar.com\/avatar\/b6992f131dc8d30ab0dff15446e9d346d9dbd95992de0fef795073f5ea83a81c?s=96&d=mm&r=g","contentUrl":"https:\/\/secure.gravatar.com\/avatar\/b6992f131dc8d30ab0dff15446e9d346d9dbd95992de0fef795073f5ea83a81c?s=96&d=mm&r=g","caption":"La Gu\u00eda de Pamplona"}}]}},"post_mailing_queue_ids":[],"_links":{"self":[{"href":"https:\/\/www.laguiadepamplona.com\/actualidad\/wp-json\/wp\/v2\/posts\/34667","targetHints":{"allow":["GET"]}}],"collection":[{"href":"https:\/\/www.laguiadepamplona.com\/actualidad\/wp-json\/wp\/v2\/posts"}],"about":[{"href":"https:\/\/www.laguiadepamplona.com\/actualidad\/wp-json\/wp\/v2\/types\/post"}],"author":[{"embeddable":true,"href":"https:\/\/www.laguiadepamplona.com\/actualidad\/wp-json\/wp\/v2\/users\/1"}],"replies":[{"embeddable":true,"href":"https:\/\/www.laguiadepamplona.com\/actualidad\/wp-json\/wp\/v2\/comments?post=34667"}],"version-history":[{"count":0,"href":"https:\/\/www.laguiadepamplona.com\/actualidad\/wp-json\/wp\/v2\/posts\/34667\/revisions"}],"wp:featuredmedia":[{"embeddable":true,"href":"https:\/\/www.laguiadepamplona.com\/actualidad\/wp-json\/wp\/v2\/media\/34668"}],"wp:attachment":[{"href":"https:\/\/www.laguiadepamplona.com\/actualidad\/wp-json\/wp\/v2\/media?parent=34667"}],"wp:term":[{"taxonomy":"category","embeddable":true,"href":"https:\/\/www.laguiadepamplona.com\/actualidad\/wp-json\/wp\/v2\/categories?post=34667"},{"taxonomy":"post_tag","embeddable":true,"href":"https:\/\/www.laguiadepamplona.com\/actualidad\/wp-json\/wp\/v2\/tags?post=34667"}],"curies":[{"name":"wp","href":"https:\/\/api.w.org\/{rel}","templated":true}]}}