{"id":34652,"date":"2021-05-06T17:01:40","date_gmt":"2021-05-06T15:01:40","guid":{"rendered":"https:\/\/www.laguiadepamplona.com\/actualidad\/?p=34652"},"modified":"2023-04-11T11:49:35","modified_gmt":"2023-04-11T09:49:35","slug":"un-proyecto-del-alumnado-del-instituto-navarro-villoslada-para-reducir-la-brecha-digital-recibe-el-reconocimiento-del-ayuntamiento-de-pamplona","status":"publish","type":"post","link":"https:\/\/www.laguiadepamplona.com\/actualidad\/un-proyecto-del-alumnado-del-instituto-navarro-villoslada-para-reducir-la-brecha-digital-recibe-el-reconocimiento-del-ayuntamiento-de-pamplona\/","title":{"rendered":"Un proyecto del alumnado del Instituto Navarro Villoslada para reducir la brecha digital recibe el reconocimiento del Ayuntamiento de Pamplona"},"content":{"rendered":"<h5>A trav\u00e9s de peque\u00f1os video tutoriales, ense\u00f1an a manejar herramientas b\u00e1sicas online de procesamiento de textos o almacenamiento de archivos<\/h5>\n<p><!--more--><\/p>\n<p>Los alumnos y alumnas del Instituto Navarro Villoslada de Pamplona han recibido el primer premio de los proyectos de Aprendizaje-Servicio del Ayuntamiento de Pamplona gracias a una propuesta en la que, a trav\u00e9s de p\u00edldoras audiovisuales a las que se puede acceder gracias a c\u00f3digos QR, ense\u00f1an de manera sencilla y pr\u00e1ctica a realizar tareas relacionadas con las nuevas tecnolog\u00edas e internet. El objetivo de esta iniciativa es reducir la brecha digital, ayudando a las personas que no han tenido tanto contacto con estas tecnolog\u00edas a familiarizarse con ellas. Como reconocimiento al trabajo, el concejal delegado de Educaci\u00f3n, Participaci\u00f3n Ciudadana y Juventud Fernando Sesma, ha recibido en el Sal\u00f3n de Recepciones de la Casa Consistorial a una representaci\u00f3n de los alumnos, que le han podido presentar los detalles de su proyecto.<\/p>\n<p><script async src=\"\/\/pagead2.googlesyndication.com\/pagead\/js\/adsbygoogle.js\"><\/script><br \/>\n<!-- Noticias La Guia de Pamplona --><br \/>\n<ins class=\"adsbygoogle\"\nstyle=\"display:block\"\ndata-ad-client=\"ca-pub-6943679897239327\"\ndata-ad-slot=\"7048180777\"\ndata-ad-format=\"auto\"><\/ins><br \/>\n<script>\n(adsbygoogle = window.adsbygoogle || []).push({});\n<\/script><\/p>\n<p>Los 68 videos que los cerca de 80 alumnos y alumnas de tecnolog\u00eda del Instituto Navarro Villoslada realizaron para este proyecto est\u00e1n divididos en \u00e1reas tem\u00e1ticas, de tal forma que cada persona pueda acceder de manera sencilla a la explicaci\u00f3n que necesite en cada momento. \u2018Google y chromebook\u2019, \u2018Google classroom\u2019, \u2018Google docs\u2019, \u2018Google slides\u2019, \u2018Google drive\u2019 y \u2018Google meet\u2019 son las \u00e1reas tem\u00e1ticas seleccionadas, todas en torno a las herramientas que los propios alumnos tuvieron que utilizar para trabajar desde casa durante el periodo de confinamiento domiciliario.<\/p>\n<p>El acceso a las p\u00edldoras audiovisuales est\u00e1 recopilado en cuatro carteles, que muestran de manera did\u00e1ctica e intuitiva a trav\u00e9s de c\u00f3digos QRs los videos disponibles de cada \u00e1rea tem\u00e1tica. Estos carteles est\u00e1n a disposici\u00f3n de instituciones, empresas y la ciudadan\u00eda en general en el apartado de educaci\u00f3n de la web municipal, en el siguiente enlace: <a href=\"https:\/\/www.pamplona.es\/temas\/educacion\/programas-educativos\/mejora-de-la-competencia-cientifica-informatica\" target=\"_blank\" rel=\"noopener\">https:\/\/www.pamplona.es\/temas\/educacion\/programas-educativos\/mejora-de-la-competencia-cientifica-informatica<\/a>. Se convierten as\u00ed en un recurso \u00fatil tanto online como en formato impreso, para su colocaci\u00f3n en todos aquellos lugares donde se le d\u00e9 a la ciudadan\u00eda la posibilidad de acceder a internet. Adem\u00e1s, cada uno de los videos est\u00e1 colgado y accesible a trav\u00e9s del canal del instituto en Youtube.<\/p>\n<p><script async src=\"\/\/pagead2.googlesyndication.com\/pagead\/js\/adsbygoogle.js\"><\/script><br \/>\n<!-- Noticias La Guia de Pamplona --><br \/>\n<ins class=\"adsbygoogle\"\nstyle=\"display:block\"\ndata-ad-client=\"ca-pub-6943679897239327\"\ndata-ad-slot=\"7048180777\"\ndata-ad-format=\"auto\"><\/ins><br \/>\n<script>\n(adsbygoogle = window.adsbygoogle || []).push({});\n<\/script><\/p>\n<p><strong>Un proyecto para aprender a la vez que se da servicio a la sociedad<\/strong><\/p>\n<p>Este proyecto realizado por los alumnos y alumnas del Instituto Navarro Villoslada de Pamplona ha obtenido el primer premio en la modalidad 2 (Proyectos de centros de ESO-Bachillerato) del certamen de proyectos de Aprendizaje Servicio del Ayuntamiento de Pamplona del pasado a\u00f1o. Los profesores de tecnolog\u00eda de 1\u00ba de Bachiller de este centro educativo lo han desarrollado con la metodolog\u00eda de Aprendizaje Servicio, una propuesta educativa que combina procesos de aprendizaje y de servicio a la comunidad donde los alumnos y las alumnas aprenden a trabajar en necesidades reales de entorno con la finalidad de mejorarlo.<\/p>\n<p>La idea surge durante el confinamiento domiciliario, que tuvo lugar en la recta final del curso 2019-2020.\u00a0 La nueva situaci\u00f3n oblig\u00f3 tanto al profesorado como a los alumnos a adaptarse y a manejar herramientas inform\u00e1ticas que para algunos hasta el momento eran desconocidas. Familiarizarse con ellas permiti\u00f3 que desarrollaran la idea de elaborar peque\u00f1os video tutoriales de acciones que cada vez de manera m\u00e1s habitual se realizan a trav\u00e9s de internet. Tras ordenar y presentar de manera visual todos esos contenidos, ahora su trabajo puede contribuir a resolver las dudas que a cualquier ciudadano le puedan surgir a la hora de utilizar cualquiera de las herramientas utilizadas.<\/p>\n<p><script async src=\"\/\/pagead2.googlesyndication.com\/pagead\/js\/adsbygoogle.js\"><\/script><br \/>\n<!-- Noticias La Guia de Pamplona --><br \/>\n<ins class=\"adsbygoogle\"\nstyle=\"display:block\"\ndata-ad-client=\"ca-pub-6943679897239327\"\ndata-ad-slot=\"7048180777\"\ndata-ad-format=\"auto\"><\/ins><br \/>\n<script>\n(adsbygoogle = window.adsbygoogle || []).push({});\n<\/script><\/p>\n<p>Los contenidos curriculares trabajados en el proyecto, son, entre otros, la edici\u00f3n de v\u00eddeo para la creaci\u00f3n de video tutoriales; la edici\u00f3n gr\u00e1fica para la edici\u00f3n de los documentos digitales e impresos; el manejo del Chromebook en el entorno G-Suite y sus aplicaciones; o el funcionamiento b\u00e1sico de un ordenador; as\u00ed como conocimientos en torno al software libre y de licencia, a Google Drive y las aplicaciones G-Suite, a los procesadores de textos, o a las hojas de c\u00e1lculo.<\/p>\n","protected":false},"excerpt":{"rendered":"<p>A trav\u00e9s de peque\u00f1os video tutoriales, ense\u00f1an a manejar herramientas b\u00e1sicas online de procesamiento de textos o almacenamiento de archivos<\/p>\n","protected":false},"author":1,"featured_media":34653,"comment_status":"open","ping_status":"closed","sticky":false,"template":"","format":"standard","meta":{"footnotes":""},"categories":[2],"tags":[],"class_list":["post-34652","post","type-post","status-publish","format-standard","has-post-thumbnail","hentry","category-ayuntamiento-pamplona"],"yoast_head":"<!-- This site is optimized with the Yoast SEO plugin v27.3 - https:\/\/yoast.com\/product\/yoast-seo-wordpress\/ -->\n<title>Un proyecto del alumnado del Instituto Navarro Villoslada para reducir la brecha digital recibe el reconocimiento del Ayuntamiento de Pamplona<\/title>\n<meta name=\"description\" content=\"Un proyecto del alumnado del Instituto Navarro Villoslada para reducir la brecha digital recibe el reconocimiento del Ayuntamiento de Pamplona\" \/>\n<meta name=\"robots\" content=\"index, follow, max-snippet:-1, max-image-preview:large, max-video-preview:-1\" \/>\n<link rel=\"canonical\" href=\"https:\/\/www.laguiadepamplona.com\/actualidad\/un-proyecto-del-alumnado-del-instituto-navarro-villoslada-para-reducir-la-brecha-digital-recibe-el-reconocimiento-del-ayuntamiento-de-pamplona\/\" \/>\n<meta property=\"og:locale\" content=\"es_ES\" \/>\n<meta property=\"og:type\" content=\"article\" \/>\n<meta property=\"og:title\" content=\"Un proyecto del alumnado del Instituto Navarro Villoslada para reducir la brecha digital recibe el reconocimiento del Ayuntamiento de Pamplona\" \/>\n<meta property=\"og:description\" content=\"Un proyecto del alumnado del Instituto Navarro Villoslada para reducir la brecha digital recibe el reconocimiento del Ayuntamiento de Pamplona\" \/>\n<meta property=\"og:url\" content=\"https:\/\/www.laguiadepamplona.com\/actualidad\/un-proyecto-del-alumnado-del-instituto-navarro-villoslada-para-reducir-la-brecha-digital-recibe-el-reconocimiento-del-ayuntamiento-de-pamplona\/\" \/>\n<meta property=\"og:site_name\" content=\"La Gu\u00eda de Pamplona\" \/>\n<meta property=\"article:publisher\" content=\"https:\/\/www.facebook.com\/laguiadepamplonacom-133175176762273\/?ref=hl\" \/>\n<meta property=\"article:published_time\" content=\"2021-05-06T15:01:40+00:00\" \/>\n<meta property=\"article:modified_time\" content=\"2023-04-11T09:49:35+00:00\" \/>\n<meta property=\"og:image\" content=\"https:\/\/www.laguiadepamplona.com\/actualidad\/wp-content\/uploads\/2021\/05\/navarrovilloslada_JMG5609.jpg\" \/>\n\t<meta property=\"og:image:width\" content=\"1920\" \/>\n\t<meta property=\"og:image:height\" content=\"1280\" \/>\n\t<meta property=\"og:image:type\" content=\"image\/jpeg\" \/>\n<meta name=\"author\" content=\"La Gu\u00eda de Pamplona\" \/>\n<meta name=\"twitter:card\" content=\"summary_large_image\" \/>\n<meta name=\"twitter:creator\" content=\"@LaGuiadPamplona\" \/>\n<meta name=\"twitter:site\" content=\"@LaGuiadPamplona\" \/>\n<meta name=\"twitter:label1\" content=\"Escrito por\" \/>\n\t<meta name=\"twitter:data1\" content=\"La Gu\u00eda de Pamplona\" \/>\n\t<meta name=\"twitter:label2\" content=\"Tiempo de lectura\" \/>\n\t<meta name=\"twitter:data2\" content=\"3 minutos\" \/>\n<script type=\"application\/ld+json\" class=\"yoast-schema-graph\">{\"@context\":\"https:\\\/\\\/schema.org\",\"@graph\":[{\"@type\":\"Article\",\"@id\":\"https:\\\/\\\/www.laguiadepamplona.com\\\/actualidad\\\/un-proyecto-del-alumnado-del-instituto-navarro-villoslada-para-reducir-la-brecha-digital-recibe-el-reconocimiento-del-ayuntamiento-de-pamplona\\\/#article\",\"isPartOf\":{\"@id\":\"https:\\\/\\\/www.laguiadepamplona.com\\\/actualidad\\\/un-proyecto-del-alumnado-del-instituto-navarro-villoslada-para-reducir-la-brecha-digital-recibe-el-reconocimiento-del-ayuntamiento-de-pamplona\\\/\"},\"author\":{\"name\":\"La Gu\u00eda de Pamplona\",\"@id\":\"https:\\\/\\\/www.laguiadepamplona.com\\\/actualidad\\\/#\\\/schema\\\/person\\\/efe887376f0213d4657c93adc50b1fdb\"},\"headline\":\"Un proyecto del alumnado del Instituto Navarro Villoslada para reducir la brecha digital recibe el reconocimiento del Ayuntamiento de Pamplona\",\"datePublished\":\"2021-05-06T15:01:40+00:00\",\"dateModified\":\"2023-04-11T09:49:35+00:00\",\"mainEntityOfPage\":{\"@id\":\"https:\\\/\\\/www.laguiadepamplona.com\\\/actualidad\\\/un-proyecto-del-alumnado-del-instituto-navarro-villoslada-para-reducir-la-brecha-digital-recibe-el-reconocimiento-del-ayuntamiento-de-pamplona\\\/\"},\"wordCount\":714,\"commentCount\":0,\"publisher\":{\"@id\":\"https:\\\/\\\/www.laguiadepamplona.com\\\/actualidad\\\/#organization\"},\"image\":{\"@id\":\"https:\\\/\\\/www.laguiadepamplona.com\\\/actualidad\\\/un-proyecto-del-alumnado-del-instituto-navarro-villoslada-para-reducir-la-brecha-digital-recibe-el-reconocimiento-del-ayuntamiento-de-pamplona\\\/#primaryimage\"},\"thumbnailUrl\":\"https:\\\/\\\/www.laguiadepamplona.com\\\/actualidad\\\/wp-content\\\/uploads\\\/2021\\\/05\\\/navarrovilloslada_JMG5609.jpg\",\"articleSection\":[\"Ayto Pamplona\"],\"inLanguage\":\"es\",\"potentialAction\":[{\"@type\":\"CommentAction\",\"name\":\"Comment\",\"target\":[\"https:\\\/\\\/www.laguiadepamplona.com\\\/actualidad\\\/un-proyecto-del-alumnado-del-instituto-navarro-villoslada-para-reducir-la-brecha-digital-recibe-el-reconocimiento-del-ayuntamiento-de-pamplona\\\/#respond\"]}]},{\"@type\":\"WebPage\",\"@id\":\"https:\\\/\\\/www.laguiadepamplona.com\\\/actualidad\\\/un-proyecto-del-alumnado-del-instituto-navarro-villoslada-para-reducir-la-brecha-digital-recibe-el-reconocimiento-del-ayuntamiento-de-pamplona\\\/\",\"url\":\"https:\\\/\\\/www.laguiadepamplona.com\\\/actualidad\\\/un-proyecto-del-alumnado-del-instituto-navarro-villoslada-para-reducir-la-brecha-digital-recibe-el-reconocimiento-del-ayuntamiento-de-pamplona\\\/\",\"name\":\"Un proyecto del alumnado del Instituto Navarro Villoslada para reducir la brecha digital recibe el reconocimiento del Ayuntamiento de Pamplona\",\"isPartOf\":{\"@id\":\"https:\\\/\\\/www.laguiadepamplona.com\\\/actualidad\\\/#website\"},\"primaryImageOfPage\":{\"@id\":\"https:\\\/\\\/www.laguiadepamplona.com\\\/actualidad\\\/un-proyecto-del-alumnado-del-instituto-navarro-villoslada-para-reducir-la-brecha-digital-recibe-el-reconocimiento-del-ayuntamiento-de-pamplona\\\/#primaryimage\"},\"image\":{\"@id\":\"https:\\\/\\\/www.laguiadepamplona.com\\\/actualidad\\\/un-proyecto-del-alumnado-del-instituto-navarro-villoslada-para-reducir-la-brecha-digital-recibe-el-reconocimiento-del-ayuntamiento-de-pamplona\\\/#primaryimage\"},\"thumbnailUrl\":\"https:\\\/\\\/www.laguiadepamplona.com\\\/actualidad\\\/wp-content\\\/uploads\\\/2021\\\/05\\\/navarrovilloslada_JMG5609.jpg\",\"datePublished\":\"2021-05-06T15:01:40+00:00\",\"dateModified\":\"2023-04-11T09:49:35+00:00\",\"description\":\"Un proyecto del alumnado del Instituto Navarro Villoslada para reducir la brecha digital recibe el reconocimiento del Ayuntamiento de Pamplona\",\"breadcrumb\":{\"@id\":\"https:\\\/\\\/www.laguiadepamplona.com\\\/actualidad\\\/un-proyecto-del-alumnado-del-instituto-navarro-villoslada-para-reducir-la-brecha-digital-recibe-el-reconocimiento-del-ayuntamiento-de-pamplona\\\/#breadcrumb\"},\"inLanguage\":\"es\",\"potentialAction\":[{\"@type\":\"ReadAction\",\"target\":[\"https:\\\/\\\/www.laguiadepamplona.com\\\/actualidad\\\/un-proyecto-del-alumnado-del-instituto-navarro-villoslada-para-reducir-la-brecha-digital-recibe-el-reconocimiento-del-ayuntamiento-de-pamplona\\\/\"]}]},{\"@type\":\"ImageObject\",\"inLanguage\":\"es\",\"@id\":\"https:\\\/\\\/www.laguiadepamplona.com\\\/actualidad\\\/un-proyecto-del-alumnado-del-instituto-navarro-villoslada-para-reducir-la-brecha-digital-recibe-el-reconocimiento-del-ayuntamiento-de-pamplona\\\/#primaryimage\",\"url\":\"https:\\\/\\\/www.laguiadepamplona.com\\\/actualidad\\\/wp-content\\\/uploads\\\/2021\\\/05\\\/navarrovilloslada_JMG5609.jpg\",\"contentUrl\":\"https:\\\/\\\/www.laguiadepamplona.com\\\/actualidad\\\/wp-content\\\/uploads\\\/2021\\\/05\\\/navarrovilloslada_JMG5609.jpg\",\"width\":1920,\"height\":1280,\"caption\":\"A* Jes\u00fas Garzaron F* 2021_05_05 T* Recepci\u00f3n a alumnos del instituto Navarro Villoslada. Trabajos sobre la brecha digital. L* Ayuntamiento de Pamplona\"},{\"@type\":\"BreadcrumbList\",\"@id\":\"https:\\\/\\\/www.laguiadepamplona.com\\\/actualidad\\\/un-proyecto-del-alumnado-del-instituto-navarro-villoslada-para-reducir-la-brecha-digital-recibe-el-reconocimiento-del-ayuntamiento-de-pamplona\\\/#breadcrumb\",\"itemListElement\":[{\"@type\":\"ListItem\",\"position\":1,\"name\":\"Portada\",\"item\":\"https:\\\/\\\/www.laguiadepamplona.com\\\/actualidad\\\/\"},{\"@type\":\"ListItem\",\"position\":2,\"name\":\"Un proyecto del alumnado del Instituto Navarro Villoslada para reducir la brecha digital recibe el reconocimiento del Ayuntamiento de Pamplona\"}]},{\"@type\":\"WebSite\",\"@id\":\"https:\\\/\\\/www.laguiadepamplona.com\\\/actualidad\\\/#website\",\"url\":\"https:\\\/\\\/www.laguiadepamplona.com\\\/actualidad\\\/\",\"name\":\"La gu\u00eda de Pamplona\",\"description\":\"Noticias de Pamplona\",\"publisher\":{\"@id\":\"https:\\\/\\\/www.laguiadepamplona.com\\\/actualidad\\\/#organization\"},\"potentialAction\":[{\"@type\":\"SearchAction\",\"target\":{\"@type\":\"EntryPoint\",\"urlTemplate\":\"https:\\\/\\\/www.laguiadepamplona.com\\\/actualidad\\\/?s={search_term_string}\"},\"query-input\":{\"@type\":\"PropertyValueSpecification\",\"valueRequired\":true,\"valueName\":\"search_term_string\"}}],\"inLanguage\":\"es\"},{\"@type\":\"Organization\",\"@id\":\"https:\\\/\\\/www.laguiadepamplona.com\\\/actualidad\\\/#organization\",\"name\":\"La Gu\u00eda de Pamplona \\\/ Noticias\",\"url\":\"https:\\\/\\\/www.laguiadepamplona.com\\\/actualidad\\\/\",\"logo\":{\"@type\":\"ImageObject\",\"inLanguage\":\"es\",\"@id\":\"https:\\\/\\\/www.laguiadepamplona.com\\\/actualidad\\\/#\\\/schema\\\/logo\\\/image\\\/\",\"url\":\"https:\\\/\\\/www.laguiadepamplona.com\\\/actualidad\\\/wp-content\\\/uploads\\\/2018\\\/11\\\/logo-laguiadepamplona18-web1.png\",\"contentUrl\":\"https:\\\/\\\/www.laguiadepamplona.com\\\/actualidad\\\/wp-content\\\/uploads\\\/2018\\\/11\\\/logo-laguiadepamplona18-web1.png\",\"width\":600,\"height\":196,\"caption\":\"La Gu\u00eda de Pamplona \\\/ Noticias\"},\"image\":{\"@id\":\"https:\\\/\\\/www.laguiadepamplona.com\\\/actualidad\\\/#\\\/schema\\\/logo\\\/image\\\/\"},\"sameAs\":[\"https:\\\/\\\/www.facebook.com\\\/laguiadepamplonacom-133175176762273\\\/?ref=hl\",\"https:\\\/\\\/x.com\\\/LaGuiadPamplona\",\"https:\\\/\\\/www.instagram.com\\\/la_guia_de_pamplona\\\/\",\"https:\\\/\\\/www.youtube.com\\\/user\\\/laguiadepamplona\"]},{\"@type\":\"Person\",\"@id\":\"https:\\\/\\\/www.laguiadepamplona.com\\\/actualidad\\\/#\\\/schema\\\/person\\\/efe887376f0213d4657c93adc50b1fdb\",\"name\":\"La Gu\u00eda de Pamplona\",\"image\":{\"@type\":\"ImageObject\",\"inLanguage\":\"es\",\"@id\":\"https:\\\/\\\/secure.gravatar.com\\\/avatar\\\/b6992f131dc8d30ab0dff15446e9d346d9dbd95992de0fef795073f5ea83a81c?s=96&d=mm&r=g\",\"url\":\"https:\\\/\\\/secure.gravatar.com\\\/avatar\\\/b6992f131dc8d30ab0dff15446e9d346d9dbd95992de0fef795073f5ea83a81c?s=96&d=mm&r=g\",\"contentUrl\":\"https:\\\/\\\/secure.gravatar.com\\\/avatar\\\/b6992f131dc8d30ab0dff15446e9d346d9dbd95992de0fef795073f5ea83a81c?s=96&d=mm&r=g\",\"caption\":\"La Gu\u00eda de Pamplona\"}}]}<\/script>\n<!-- \/ Yoast SEO plugin. -->","yoast_head_json":{"title":"Un proyecto del alumnado del Instituto Navarro Villoslada para reducir la brecha digital recibe el reconocimiento del Ayuntamiento de Pamplona","description":"Un proyecto del alumnado del Instituto Navarro Villoslada para reducir la brecha digital recibe el reconocimiento del Ayuntamiento de Pamplona","robots":{"index":"index","follow":"follow","max-snippet":"max-snippet:-1","max-image-preview":"max-image-preview:large","max-video-preview":"max-video-preview:-1"},"canonical":"https:\/\/www.laguiadepamplona.com\/actualidad\/un-proyecto-del-alumnado-del-instituto-navarro-villoslada-para-reducir-la-brecha-digital-recibe-el-reconocimiento-del-ayuntamiento-de-pamplona\/","og_locale":"es_ES","og_type":"article","og_title":"Un proyecto del alumnado del Instituto Navarro Villoslada para reducir la brecha digital recibe el reconocimiento del Ayuntamiento de Pamplona","og_description":"Un proyecto del alumnado del Instituto Navarro Villoslada para reducir la brecha digital recibe el reconocimiento del Ayuntamiento de Pamplona","og_url":"https:\/\/www.laguiadepamplona.com\/actualidad\/un-proyecto-del-alumnado-del-instituto-navarro-villoslada-para-reducir-la-brecha-digital-recibe-el-reconocimiento-del-ayuntamiento-de-pamplona\/","og_site_name":"La Gu\u00eda de Pamplona","article_publisher":"https:\/\/www.facebook.com\/laguiadepamplonacom-133175176762273\/?ref=hl","article_published_time":"2021-05-06T15:01:40+00:00","article_modified_time":"2023-04-11T09:49:35+00:00","og_image":[{"width":1920,"height":1280,"url":"https:\/\/www.laguiadepamplona.com\/actualidad\/wp-content\/uploads\/2021\/05\/navarrovilloslada_JMG5609.jpg","type":"image\/jpeg"}],"author":"La Gu\u00eda de Pamplona","twitter_card":"summary_large_image","twitter_creator":"@LaGuiadPamplona","twitter_site":"@LaGuiadPamplona","twitter_misc":{"Escrito por":"La Gu\u00eda de Pamplona","Tiempo de lectura":"3 minutos"},"schema":{"@context":"https:\/\/schema.org","@graph":[{"@type":"Article","@id":"https:\/\/www.laguiadepamplona.com\/actualidad\/un-proyecto-del-alumnado-del-instituto-navarro-villoslada-para-reducir-la-brecha-digital-recibe-el-reconocimiento-del-ayuntamiento-de-pamplona\/#article","isPartOf":{"@id":"https:\/\/www.laguiadepamplona.com\/actualidad\/un-proyecto-del-alumnado-del-instituto-navarro-villoslada-para-reducir-la-brecha-digital-recibe-el-reconocimiento-del-ayuntamiento-de-pamplona\/"},"author":{"name":"La Gu\u00eda de Pamplona","@id":"https:\/\/www.laguiadepamplona.com\/actualidad\/#\/schema\/person\/efe887376f0213d4657c93adc50b1fdb"},"headline":"Un proyecto del alumnado del Instituto Navarro Villoslada para reducir la brecha digital recibe el reconocimiento del Ayuntamiento de Pamplona","datePublished":"2021-05-06T15:01:40+00:00","dateModified":"2023-04-11T09:49:35+00:00","mainEntityOfPage":{"@id":"https:\/\/www.laguiadepamplona.com\/actualidad\/un-proyecto-del-alumnado-del-instituto-navarro-villoslada-para-reducir-la-brecha-digital-recibe-el-reconocimiento-del-ayuntamiento-de-pamplona\/"},"wordCount":714,"commentCount":0,"publisher":{"@id":"https:\/\/www.laguiadepamplona.com\/actualidad\/#organization"},"image":{"@id":"https:\/\/www.laguiadepamplona.com\/actualidad\/un-proyecto-del-alumnado-del-instituto-navarro-villoslada-para-reducir-la-brecha-digital-recibe-el-reconocimiento-del-ayuntamiento-de-pamplona\/#primaryimage"},"thumbnailUrl":"https:\/\/www.laguiadepamplona.com\/actualidad\/wp-content\/uploads\/2021\/05\/navarrovilloslada_JMG5609.jpg","articleSection":["Ayto Pamplona"],"inLanguage":"es","potentialAction":[{"@type":"CommentAction","name":"Comment","target":["https:\/\/www.laguiadepamplona.com\/actualidad\/un-proyecto-del-alumnado-del-instituto-navarro-villoslada-para-reducir-la-brecha-digital-recibe-el-reconocimiento-del-ayuntamiento-de-pamplona\/#respond"]}]},{"@type":"WebPage","@id":"https:\/\/www.laguiadepamplona.com\/actualidad\/un-proyecto-del-alumnado-del-instituto-navarro-villoslada-para-reducir-la-brecha-digital-recibe-el-reconocimiento-del-ayuntamiento-de-pamplona\/","url":"https:\/\/www.laguiadepamplona.com\/actualidad\/un-proyecto-del-alumnado-del-instituto-navarro-villoslada-para-reducir-la-brecha-digital-recibe-el-reconocimiento-del-ayuntamiento-de-pamplona\/","name":"Un proyecto del alumnado del Instituto Navarro Villoslada para reducir la brecha digital recibe el reconocimiento del Ayuntamiento de Pamplona","isPartOf":{"@id":"https:\/\/www.laguiadepamplona.com\/actualidad\/#website"},"primaryImageOfPage":{"@id":"https:\/\/www.laguiadepamplona.com\/actualidad\/un-proyecto-del-alumnado-del-instituto-navarro-villoslada-para-reducir-la-brecha-digital-recibe-el-reconocimiento-del-ayuntamiento-de-pamplona\/#primaryimage"},"image":{"@id":"https:\/\/www.laguiadepamplona.com\/actualidad\/un-proyecto-del-alumnado-del-instituto-navarro-villoslada-para-reducir-la-brecha-digital-recibe-el-reconocimiento-del-ayuntamiento-de-pamplona\/#primaryimage"},"thumbnailUrl":"https:\/\/www.laguiadepamplona.com\/actualidad\/wp-content\/uploads\/2021\/05\/navarrovilloslada_JMG5609.jpg","datePublished":"2021-05-06T15:01:40+00:00","dateModified":"2023-04-11T09:49:35+00:00","description":"Un proyecto del alumnado del Instituto Navarro Villoslada para reducir la brecha digital recibe el reconocimiento del Ayuntamiento de Pamplona","breadcrumb":{"@id":"https:\/\/www.laguiadepamplona.com\/actualidad\/un-proyecto-del-alumnado-del-instituto-navarro-villoslada-para-reducir-la-brecha-digital-recibe-el-reconocimiento-del-ayuntamiento-de-pamplona\/#breadcrumb"},"inLanguage":"es","potentialAction":[{"@type":"ReadAction","target":["https:\/\/www.laguiadepamplona.com\/actualidad\/un-proyecto-del-alumnado-del-instituto-navarro-villoslada-para-reducir-la-brecha-digital-recibe-el-reconocimiento-del-ayuntamiento-de-pamplona\/"]}]},{"@type":"ImageObject","inLanguage":"es","@id":"https:\/\/www.laguiadepamplona.com\/actualidad\/un-proyecto-del-alumnado-del-instituto-navarro-villoslada-para-reducir-la-brecha-digital-recibe-el-reconocimiento-del-ayuntamiento-de-pamplona\/#primaryimage","url":"https:\/\/www.laguiadepamplona.com\/actualidad\/wp-content\/uploads\/2021\/05\/navarrovilloslada_JMG5609.jpg","contentUrl":"https:\/\/www.laguiadepamplona.com\/actualidad\/wp-content\/uploads\/2021\/05\/navarrovilloslada_JMG5609.jpg","width":1920,"height":1280,"caption":"A* Jes\u00fas Garzaron F* 2021_05_05 T* Recepci\u00f3n a alumnos del instituto Navarro Villoslada. Trabajos sobre la brecha digital. L* Ayuntamiento de Pamplona"},{"@type":"BreadcrumbList","@id":"https:\/\/www.laguiadepamplona.com\/actualidad\/un-proyecto-del-alumnado-del-instituto-navarro-villoslada-para-reducir-la-brecha-digital-recibe-el-reconocimiento-del-ayuntamiento-de-pamplona\/#breadcrumb","itemListElement":[{"@type":"ListItem","position":1,"name":"Portada","item":"https:\/\/www.laguiadepamplona.com\/actualidad\/"},{"@type":"ListItem","position":2,"name":"Un proyecto del alumnado del Instituto Navarro Villoslada para reducir la brecha digital recibe el reconocimiento del Ayuntamiento de Pamplona"}]},{"@type":"WebSite","@id":"https:\/\/www.laguiadepamplona.com\/actualidad\/#website","url":"https:\/\/www.laguiadepamplona.com\/actualidad\/","name":"La gu\u00eda de Pamplona","description":"Noticias de Pamplona","publisher":{"@id":"https:\/\/www.laguiadepamplona.com\/actualidad\/#organization"},"potentialAction":[{"@type":"SearchAction","target":{"@type":"EntryPoint","urlTemplate":"https:\/\/www.laguiadepamplona.com\/actualidad\/?s={search_term_string}"},"query-input":{"@type":"PropertyValueSpecification","valueRequired":true,"valueName":"search_term_string"}}],"inLanguage":"es"},{"@type":"Organization","@id":"https:\/\/www.laguiadepamplona.com\/actualidad\/#organization","name":"La Gu\u00eda de Pamplona \/ Noticias","url":"https:\/\/www.laguiadepamplona.com\/actualidad\/","logo":{"@type":"ImageObject","inLanguage":"es","@id":"https:\/\/www.laguiadepamplona.com\/actualidad\/#\/schema\/logo\/image\/","url":"https:\/\/www.laguiadepamplona.com\/actualidad\/wp-content\/uploads\/2018\/11\/logo-laguiadepamplona18-web1.png","contentUrl":"https:\/\/www.laguiadepamplona.com\/actualidad\/wp-content\/uploads\/2018\/11\/logo-laguiadepamplona18-web1.png","width":600,"height":196,"caption":"La Gu\u00eda de Pamplona \/ Noticias"},"image":{"@id":"https:\/\/www.laguiadepamplona.com\/actualidad\/#\/schema\/logo\/image\/"},"sameAs":["https:\/\/www.facebook.com\/laguiadepamplonacom-133175176762273\/?ref=hl","https:\/\/x.com\/LaGuiadPamplona","https:\/\/www.instagram.com\/la_guia_de_pamplona\/","https:\/\/www.youtube.com\/user\/laguiadepamplona"]},{"@type":"Person","@id":"https:\/\/www.laguiadepamplona.com\/actualidad\/#\/schema\/person\/efe887376f0213d4657c93adc50b1fdb","name":"La Gu\u00eda de Pamplona","image":{"@type":"ImageObject","inLanguage":"es","@id":"https:\/\/secure.gravatar.com\/avatar\/b6992f131dc8d30ab0dff15446e9d346d9dbd95992de0fef795073f5ea83a81c?s=96&d=mm&r=g","url":"https:\/\/secure.gravatar.com\/avatar\/b6992f131dc8d30ab0dff15446e9d346d9dbd95992de0fef795073f5ea83a81c?s=96&d=mm&r=g","contentUrl":"https:\/\/secure.gravatar.com\/avatar\/b6992f131dc8d30ab0dff15446e9d346d9dbd95992de0fef795073f5ea83a81c?s=96&d=mm&r=g","caption":"La Gu\u00eda de Pamplona"}}]}},"post_mailing_queue_ids":[],"_links":{"self":[{"href":"https:\/\/www.laguiadepamplona.com\/actualidad\/wp-json\/wp\/v2\/posts\/34652","targetHints":{"allow":["GET"]}}],"collection":[{"href":"https:\/\/www.laguiadepamplona.com\/actualidad\/wp-json\/wp\/v2\/posts"}],"about":[{"href":"https:\/\/www.laguiadepamplona.com\/actualidad\/wp-json\/wp\/v2\/types\/post"}],"author":[{"embeddable":true,"href":"https:\/\/www.laguiadepamplona.com\/actualidad\/wp-json\/wp\/v2\/users\/1"}],"replies":[{"embeddable":true,"href":"https:\/\/www.laguiadepamplona.com\/actualidad\/wp-json\/wp\/v2\/comments?post=34652"}],"version-history":[{"count":0,"href":"https:\/\/www.laguiadepamplona.com\/actualidad\/wp-json\/wp\/v2\/posts\/34652\/revisions"}],"wp:featuredmedia":[{"embeddable":true,"href":"https:\/\/www.laguiadepamplona.com\/actualidad\/wp-json\/wp\/v2\/media\/34653"}],"wp:attachment":[{"href":"https:\/\/www.laguiadepamplona.com\/actualidad\/wp-json\/wp\/v2\/media?parent=34652"}],"wp:term":[{"taxonomy":"category","embeddable":true,"href":"https:\/\/www.laguiadepamplona.com\/actualidad\/wp-json\/wp\/v2\/categories?post=34652"},{"taxonomy":"post_tag","embeddable":true,"href":"https:\/\/www.laguiadepamplona.com\/actualidad\/wp-json\/wp\/v2\/tags?post=34652"}],"curies":[{"name":"wp","href":"https:\/\/api.w.org\/{rel}","templated":true}]}}