{"id":34648,"date":"2021-05-05T17:34:20","date_gmt":"2021-05-05T15:34:20","guid":{"rendered":"https:\/\/www.laguiadepamplona.com\/actualidad\/?p=34648"},"modified":"2023-04-11T11:49:35","modified_gmt":"2023-04-11T09:49:35","slug":"la-fachada-de-la-casa-consistorial-se-iluminara-manana-de-amarillo-en-solidaridad-con-las-personas-afectadas-por-la-enfermedad-llamada-de-los-huesos-de-cristal","status":"publish","type":"post","link":"https:\/\/www.laguiadepamplona.com\/actualidad\/la-fachada-de-la-casa-consistorial-se-iluminara-manana-de-amarillo-en-solidaridad-con-las-personas-afectadas-por-la-enfermedad-llamada-de-los-huesos-de-cristal\/","title":{"rendered":"La fachada de la Casa Consistorial se iluminar\u00e1 ma\u00f1ana de amarillo en solidaridad con las personas afectadas por la enfermedad llamada de los huesos de cristal"},"content":{"rendered":"<p><!--more--><\/p>\n<p>La fachada de la Casa Consistorial se iluminar\u00e1 de amarillo, ma\u00f1ana 6 de mayo, en solidaridad con las v\u00edctimas de osteog\u00e9nesis imperfecta y la fecha escogida coincide con el d\u00eda que se dedica a visibilizar esa dolencia en todo el mundo.<\/p>\n<p><script async src=\"\/\/pagead2.googlesyndication.com\/pagead\/js\/adsbygoogle.js\"><\/script><br \/>\n<!-- Noticias La Guia de Pamplona --><br \/>\n<ins class=\"adsbygoogle\"\nstyle=\"display:block\"\ndata-ad-client=\"ca-pub-6943679897239327\"\ndata-ad-slot=\"7048180777\"\ndata-ad-format=\"auto\"><\/ins><br \/>\n<script>\n(adsbygoogle = window.adsbygoogle || []).push({});\n<\/script><\/p>\n<p>Esta enfermedad es un trastorno gen\u00e9tico en el que los huesos se fracturan con facilidad y, en muchos casos, sin motivo aparente, por ello es conocida coloquialmente como enfermedad de los huesos de cristal. La causa de la dolencia es un funcionamiento imperfecto de la producci\u00f3n de col\u00e1geno que se distribuye por la mayor\u00eda de los tejidos conectivos (hueso, ligamentos, tendones\u2026) lo que, adem\u00e1s de roturas de huesos, puede llevar aparejada la debilidad de la musculatura, dientes quebradizos, una columna desviada y p\u00e9rdida del sentido del o\u00eddo, entre otros efectos.<\/p>\n<p><script async src=\"\/\/pagead2.googlesyndication.com\/pagead\/js\/adsbygoogle.js\"><\/script><br \/>\n<!-- Noticias La Guia de Pamplona --><br \/>\n<ins class=\"adsbygoogle\"\nstyle=\"display:block\"\ndata-ad-client=\"ca-pub-6943679897239327\"\ndata-ad-slot=\"7048180777\"\ndata-ad-format=\"auto\"><\/ins><br \/>\n<script>\n(adsbygoogle = window.adsbygoogle || []).push({});\n<\/script><\/p>\n<p>La asociaci\u00f3n AMOI, Asociaci\u00f3n de Huesos de Cristal de Madrid se puso en contacto con el Consistorio para solicitar su apoyo en su tarea de sensibilizaci\u00f3n sobre la osteog\u00e9nesis imperfecta en esta jornada y quiere recordar en este d\u00eda que la amplia distribuci\u00f3n de los s\u00edntomas por el organismo hace que la calidad de vida de las personas afectadas sea muy baja. Hoy no existe un tratamiento curativo para esta enfermedad de baja prevalencia, as\u00ed que la tendencia es aplicar terapias paliativas multidisciplinares para controlar los s\u00edntomas.<\/p>\n","protected":false},"excerpt":{"rendered":"","protected":false},"author":1,"featured_media":34649,"comment_status":"open","ping_status":"closed","sticky":false,"template":"","format":"standard","meta":{"footnotes":""},"categories":[2],"tags":[],"class_list":["post-34648","post","type-post","status-publish","format-standard","has-post-thumbnail","hentry","category-ayuntamiento-pamplona"],"yoast_head":"<!-- This site is optimized with the Yoast SEO plugin v27.3 - https:\/\/yoast.com\/product\/yoast-seo-wordpress\/ -->\n<title>La fachada de la Casa Consistorial se iluminar\u00e1 ma\u00f1ana de amarillo en solidaridad con las personas afectadas por la enfermedad llamada de los huesos de cristal<\/title>\n<meta name=\"robots\" content=\"index, follow, max-snippet:-1, max-image-preview:large, max-video-preview:-1\" \/>\n<link rel=\"canonical\" href=\"https:\/\/www.laguiadepamplona.com\/actualidad\/la-fachada-de-la-casa-consistorial-se-iluminara-manana-de-amarillo-en-solidaridad-con-las-personas-afectadas-por-la-enfermedad-llamada-de-los-huesos-de-cristal\/\" \/>\n<meta property=\"og:locale\" content=\"es_ES\" \/>\n<meta property=\"og:type\" content=\"article\" \/>\n<meta property=\"og:title\" content=\"La fachada de la Casa Consistorial se iluminar\u00e1 ma\u00f1ana de amarillo en solidaridad con las personas afectadas por la enfermedad llamada de los huesos de cristal\" \/>\n<meta property=\"og:url\" content=\"https:\/\/www.laguiadepamplona.com\/actualidad\/la-fachada-de-la-casa-consistorial-se-iluminara-manana-de-amarillo-en-solidaridad-con-las-personas-afectadas-por-la-enfermedad-llamada-de-los-huesos-de-cristal\/\" \/>\n<meta property=\"og:site_name\" content=\"La Gu\u00eda de Pamplona\" \/>\n<meta property=\"article:publisher\" content=\"https:\/\/www.facebook.com\/laguiadepamplonacom-133175176762273\/?ref=hl\" \/>\n<meta property=\"article:published_time\" content=\"2021-05-05T15:34:20+00:00\" \/>\n<meta property=\"article:modified_time\" content=\"2023-04-11T09:49:35+00:00\" \/>\n<meta property=\"og:image\" content=\"https:\/\/www.laguiadepamplona.com\/actualidad\/wp-content\/uploads\/2021\/05\/Ayuntamiento_iluminacion_amarillo_nocturna.jpg\" \/>\n\t<meta property=\"og:image:width\" content=\"1529\" \/>\n\t<meta property=\"og:image:height\" content=\"1019\" \/>\n\t<meta property=\"og:image:type\" content=\"image\/jpeg\" \/>\n<meta name=\"author\" content=\"La Gu\u00eda de Pamplona\" \/>\n<meta name=\"twitter:card\" content=\"summary_large_image\" \/>\n<meta name=\"twitter:creator\" content=\"@LaGuiadPamplona\" \/>\n<meta name=\"twitter:site\" content=\"@LaGuiadPamplona\" \/>\n<meta name=\"twitter:label1\" content=\"Escrito por\" \/>\n\t<meta name=\"twitter:data1\" content=\"La Gu\u00eda de Pamplona\" \/>\n\t<meta name=\"twitter:label2\" content=\"Tiempo de lectura\" \/>\n\t<meta name=\"twitter:data2\" content=\"1 minuto\" \/>\n<script type=\"application\/ld+json\" class=\"yoast-schema-graph\">{\"@context\":\"https:\\\/\\\/schema.org\",\"@graph\":[{\"@type\":\"Article\",\"@id\":\"https:\\\/\\\/www.laguiadepamplona.com\\\/actualidad\\\/la-fachada-de-la-casa-consistorial-se-iluminara-manana-de-amarillo-en-solidaridad-con-las-personas-afectadas-por-la-enfermedad-llamada-de-los-huesos-de-cristal\\\/#article\",\"isPartOf\":{\"@id\":\"https:\\\/\\\/www.laguiadepamplona.com\\\/actualidad\\\/la-fachada-de-la-casa-consistorial-se-iluminara-manana-de-amarillo-en-solidaridad-con-las-personas-afectadas-por-la-enfermedad-llamada-de-los-huesos-de-cristal\\\/\"},\"author\":{\"name\":\"La Gu\u00eda de Pamplona\",\"@id\":\"https:\\\/\\\/www.laguiadepamplona.com\\\/actualidad\\\/#\\\/schema\\\/person\\\/efe887376f0213d4657c93adc50b1fdb\"},\"headline\":\"La fachada de la Casa Consistorial se iluminar\u00e1 ma\u00f1ana de amarillo en solidaridad con las personas afectadas por la enfermedad llamada de los huesos de cristal\",\"datePublished\":\"2021-05-05T15:34:20+00:00\",\"dateModified\":\"2023-04-11T09:49:35+00:00\",\"mainEntityOfPage\":{\"@id\":\"https:\\\/\\\/www.laguiadepamplona.com\\\/actualidad\\\/la-fachada-de-la-casa-consistorial-se-iluminara-manana-de-amarillo-en-solidaridad-con-las-personas-afectadas-por-la-enfermedad-llamada-de-los-huesos-de-cristal\\\/\"},\"wordCount\":263,\"commentCount\":0,\"publisher\":{\"@id\":\"https:\\\/\\\/www.laguiadepamplona.com\\\/actualidad\\\/#organization\"},\"image\":{\"@id\":\"https:\\\/\\\/www.laguiadepamplona.com\\\/actualidad\\\/la-fachada-de-la-casa-consistorial-se-iluminara-manana-de-amarillo-en-solidaridad-con-las-personas-afectadas-por-la-enfermedad-llamada-de-los-huesos-de-cristal\\\/#primaryimage\"},\"thumbnailUrl\":\"https:\\\/\\\/www.laguiadepamplona.com\\\/actualidad\\\/wp-content\\\/uploads\\\/2021\\\/05\\\/Ayuntamiento_iluminacion_amarillo_nocturna.jpg\",\"articleSection\":[\"Ayto Pamplona\"],\"inLanguage\":\"es\",\"potentialAction\":[{\"@type\":\"CommentAction\",\"name\":\"Comment\",\"target\":[\"https:\\\/\\\/www.laguiadepamplona.com\\\/actualidad\\\/la-fachada-de-la-casa-consistorial-se-iluminara-manana-de-amarillo-en-solidaridad-con-las-personas-afectadas-por-la-enfermedad-llamada-de-los-huesos-de-cristal\\\/#respond\"]}]},{\"@type\":\"WebPage\",\"@id\":\"https:\\\/\\\/www.laguiadepamplona.com\\\/actualidad\\\/la-fachada-de-la-casa-consistorial-se-iluminara-manana-de-amarillo-en-solidaridad-con-las-personas-afectadas-por-la-enfermedad-llamada-de-los-huesos-de-cristal\\\/\",\"url\":\"https:\\\/\\\/www.laguiadepamplona.com\\\/actualidad\\\/la-fachada-de-la-casa-consistorial-se-iluminara-manana-de-amarillo-en-solidaridad-con-las-personas-afectadas-por-la-enfermedad-llamada-de-los-huesos-de-cristal\\\/\",\"name\":\"La fachada de la Casa Consistorial se iluminar\u00e1 ma\u00f1ana de amarillo en solidaridad con las personas afectadas por la enfermedad llamada de los huesos de cristal\",\"isPartOf\":{\"@id\":\"https:\\\/\\\/www.laguiadepamplona.com\\\/actualidad\\\/#website\"},\"primaryImageOfPage\":{\"@id\":\"https:\\\/\\\/www.laguiadepamplona.com\\\/actualidad\\\/la-fachada-de-la-casa-consistorial-se-iluminara-manana-de-amarillo-en-solidaridad-con-las-personas-afectadas-por-la-enfermedad-llamada-de-los-huesos-de-cristal\\\/#primaryimage\"},\"image\":{\"@id\":\"https:\\\/\\\/www.laguiadepamplona.com\\\/actualidad\\\/la-fachada-de-la-casa-consistorial-se-iluminara-manana-de-amarillo-en-solidaridad-con-las-personas-afectadas-por-la-enfermedad-llamada-de-los-huesos-de-cristal\\\/#primaryimage\"},\"thumbnailUrl\":\"https:\\\/\\\/www.laguiadepamplona.com\\\/actualidad\\\/wp-content\\\/uploads\\\/2021\\\/05\\\/Ayuntamiento_iluminacion_amarillo_nocturna.jpg\",\"datePublished\":\"2021-05-05T15:34:20+00:00\",\"dateModified\":\"2023-04-11T09:49:35+00:00\",\"breadcrumb\":{\"@id\":\"https:\\\/\\\/www.laguiadepamplona.com\\\/actualidad\\\/la-fachada-de-la-casa-consistorial-se-iluminara-manana-de-amarillo-en-solidaridad-con-las-personas-afectadas-por-la-enfermedad-llamada-de-los-huesos-de-cristal\\\/#breadcrumb\"},\"inLanguage\":\"es\",\"potentialAction\":[{\"@type\":\"ReadAction\",\"target\":[\"https:\\\/\\\/www.laguiadepamplona.com\\\/actualidad\\\/la-fachada-de-la-casa-consistorial-se-iluminara-manana-de-amarillo-en-solidaridad-con-las-personas-afectadas-por-la-enfermedad-llamada-de-los-huesos-de-cristal\\\/\"]}]},{\"@type\":\"ImageObject\",\"inLanguage\":\"es\",\"@id\":\"https:\\\/\\\/www.laguiadepamplona.com\\\/actualidad\\\/la-fachada-de-la-casa-consistorial-se-iluminara-manana-de-amarillo-en-solidaridad-con-las-personas-afectadas-por-la-enfermedad-llamada-de-los-huesos-de-cristal\\\/#primaryimage\",\"url\":\"https:\\\/\\\/www.laguiadepamplona.com\\\/actualidad\\\/wp-content\\\/uploads\\\/2021\\\/05\\\/Ayuntamiento_iluminacion_amarillo_nocturna.jpg\",\"contentUrl\":\"https:\\\/\\\/www.laguiadepamplona.com\\\/actualidad\\\/wp-content\\\/uploads\\\/2021\\\/05\\\/Ayuntamiento_iluminacion_amarillo_nocturna.jpg\",\"width\":1529,\"height\":1019},{\"@type\":\"BreadcrumbList\",\"@id\":\"https:\\\/\\\/www.laguiadepamplona.com\\\/actualidad\\\/la-fachada-de-la-casa-consistorial-se-iluminara-manana-de-amarillo-en-solidaridad-con-las-personas-afectadas-por-la-enfermedad-llamada-de-los-huesos-de-cristal\\\/#breadcrumb\",\"itemListElement\":[{\"@type\":\"ListItem\",\"position\":1,\"name\":\"Portada\",\"item\":\"https:\\\/\\\/www.laguiadepamplona.com\\\/actualidad\\\/\"},{\"@type\":\"ListItem\",\"position\":2,\"name\":\"La fachada de la Casa Consistorial se iluminar\u00e1 ma\u00f1ana de amarillo en solidaridad con las personas afectadas por la enfermedad llamada de los huesos de cristal\"}]},{\"@type\":\"WebSite\",\"@id\":\"https:\\\/\\\/www.laguiadepamplona.com\\\/actualidad\\\/#website\",\"url\":\"https:\\\/\\\/www.laguiadepamplona.com\\\/actualidad\\\/\",\"name\":\"La gu\u00eda de Pamplona\",\"description\":\"Noticias de Pamplona\",\"publisher\":{\"@id\":\"https:\\\/\\\/www.laguiadepamplona.com\\\/actualidad\\\/#organization\"},\"potentialAction\":[{\"@type\":\"SearchAction\",\"target\":{\"@type\":\"EntryPoint\",\"urlTemplate\":\"https:\\\/\\\/www.laguiadepamplona.com\\\/actualidad\\\/?s={search_term_string}\"},\"query-input\":{\"@type\":\"PropertyValueSpecification\",\"valueRequired\":true,\"valueName\":\"search_term_string\"}}],\"inLanguage\":\"es\"},{\"@type\":\"Organization\",\"@id\":\"https:\\\/\\\/www.laguiadepamplona.com\\\/actualidad\\\/#organization\",\"name\":\"La Gu\u00eda de Pamplona \\\/ Noticias\",\"url\":\"https:\\\/\\\/www.laguiadepamplona.com\\\/actualidad\\\/\",\"logo\":{\"@type\":\"ImageObject\",\"inLanguage\":\"es\",\"@id\":\"https:\\\/\\\/www.laguiadepamplona.com\\\/actualidad\\\/#\\\/schema\\\/logo\\\/image\\\/\",\"url\":\"https:\\\/\\\/www.laguiadepamplona.com\\\/actualidad\\\/wp-content\\\/uploads\\\/2018\\\/11\\\/logo-laguiadepamplona18-web1.png\",\"contentUrl\":\"https:\\\/\\\/www.laguiadepamplona.com\\\/actualidad\\\/wp-content\\\/uploads\\\/2018\\\/11\\\/logo-laguiadepamplona18-web1.png\",\"width\":600,\"height\":196,\"caption\":\"La Gu\u00eda de Pamplona \\\/ Noticias\"},\"image\":{\"@id\":\"https:\\\/\\\/www.laguiadepamplona.com\\\/actualidad\\\/#\\\/schema\\\/logo\\\/image\\\/\"},\"sameAs\":[\"https:\\\/\\\/www.facebook.com\\\/laguiadepamplonacom-133175176762273\\\/?ref=hl\",\"https:\\\/\\\/x.com\\\/LaGuiadPamplona\",\"https:\\\/\\\/www.instagram.com\\\/la_guia_de_pamplona\\\/\",\"https:\\\/\\\/www.youtube.com\\\/user\\\/laguiadepamplona\"]},{\"@type\":\"Person\",\"@id\":\"https:\\\/\\\/www.laguiadepamplona.com\\\/actualidad\\\/#\\\/schema\\\/person\\\/efe887376f0213d4657c93adc50b1fdb\",\"name\":\"La Gu\u00eda de Pamplona\",\"image\":{\"@type\":\"ImageObject\",\"inLanguage\":\"es\",\"@id\":\"https:\\\/\\\/secure.gravatar.com\\\/avatar\\\/b6992f131dc8d30ab0dff15446e9d346d9dbd95992de0fef795073f5ea83a81c?s=96&d=mm&r=g\",\"url\":\"https:\\\/\\\/secure.gravatar.com\\\/avatar\\\/b6992f131dc8d30ab0dff15446e9d346d9dbd95992de0fef795073f5ea83a81c?s=96&d=mm&r=g\",\"contentUrl\":\"https:\\\/\\\/secure.gravatar.com\\\/avatar\\\/b6992f131dc8d30ab0dff15446e9d346d9dbd95992de0fef795073f5ea83a81c?s=96&d=mm&r=g\",\"caption\":\"La Gu\u00eda de Pamplona\"}}]}<\/script>\n<!-- \/ Yoast SEO plugin. -->","yoast_head_json":{"title":"La fachada de la Casa Consistorial se iluminar\u00e1 ma\u00f1ana de amarillo en solidaridad con las personas afectadas por la enfermedad llamada de los huesos de cristal","robots":{"index":"index","follow":"follow","max-snippet":"max-snippet:-1","max-image-preview":"max-image-preview:large","max-video-preview":"max-video-preview:-1"},"canonical":"https:\/\/www.laguiadepamplona.com\/actualidad\/la-fachada-de-la-casa-consistorial-se-iluminara-manana-de-amarillo-en-solidaridad-con-las-personas-afectadas-por-la-enfermedad-llamada-de-los-huesos-de-cristal\/","og_locale":"es_ES","og_type":"article","og_title":"La fachada de la Casa Consistorial se iluminar\u00e1 ma\u00f1ana de amarillo en solidaridad con las personas afectadas por la enfermedad llamada de los huesos de cristal","og_url":"https:\/\/www.laguiadepamplona.com\/actualidad\/la-fachada-de-la-casa-consistorial-se-iluminara-manana-de-amarillo-en-solidaridad-con-las-personas-afectadas-por-la-enfermedad-llamada-de-los-huesos-de-cristal\/","og_site_name":"La Gu\u00eda de Pamplona","article_publisher":"https:\/\/www.facebook.com\/laguiadepamplonacom-133175176762273\/?ref=hl","article_published_time":"2021-05-05T15:34:20+00:00","article_modified_time":"2023-04-11T09:49:35+00:00","og_image":[{"width":1529,"height":1019,"url":"https:\/\/www.laguiadepamplona.com\/actualidad\/wp-content\/uploads\/2021\/05\/Ayuntamiento_iluminacion_amarillo_nocturna.jpg","type":"image\/jpeg"}],"author":"La Gu\u00eda de Pamplona","twitter_card":"summary_large_image","twitter_creator":"@LaGuiadPamplona","twitter_site":"@LaGuiadPamplona","twitter_misc":{"Escrito por":"La Gu\u00eda de Pamplona","Tiempo de lectura":"1 minuto"},"schema":{"@context":"https:\/\/schema.org","@graph":[{"@type":"Article","@id":"https:\/\/www.laguiadepamplona.com\/actualidad\/la-fachada-de-la-casa-consistorial-se-iluminara-manana-de-amarillo-en-solidaridad-con-las-personas-afectadas-por-la-enfermedad-llamada-de-los-huesos-de-cristal\/#article","isPartOf":{"@id":"https:\/\/www.laguiadepamplona.com\/actualidad\/la-fachada-de-la-casa-consistorial-se-iluminara-manana-de-amarillo-en-solidaridad-con-las-personas-afectadas-por-la-enfermedad-llamada-de-los-huesos-de-cristal\/"},"author":{"name":"La Gu\u00eda de Pamplona","@id":"https:\/\/www.laguiadepamplona.com\/actualidad\/#\/schema\/person\/efe887376f0213d4657c93adc50b1fdb"},"headline":"La fachada de la Casa Consistorial se iluminar\u00e1 ma\u00f1ana de amarillo en solidaridad con las personas afectadas por la enfermedad llamada de los huesos de cristal","datePublished":"2021-05-05T15:34:20+00:00","dateModified":"2023-04-11T09:49:35+00:00","mainEntityOfPage":{"@id":"https:\/\/www.laguiadepamplona.com\/actualidad\/la-fachada-de-la-casa-consistorial-se-iluminara-manana-de-amarillo-en-solidaridad-con-las-personas-afectadas-por-la-enfermedad-llamada-de-los-huesos-de-cristal\/"},"wordCount":263,"commentCount":0,"publisher":{"@id":"https:\/\/www.laguiadepamplona.com\/actualidad\/#organization"},"image":{"@id":"https:\/\/www.laguiadepamplona.com\/actualidad\/la-fachada-de-la-casa-consistorial-se-iluminara-manana-de-amarillo-en-solidaridad-con-las-personas-afectadas-por-la-enfermedad-llamada-de-los-huesos-de-cristal\/#primaryimage"},"thumbnailUrl":"https:\/\/www.laguiadepamplona.com\/actualidad\/wp-content\/uploads\/2021\/05\/Ayuntamiento_iluminacion_amarillo_nocturna.jpg","articleSection":["Ayto Pamplona"],"inLanguage":"es","potentialAction":[{"@type":"CommentAction","name":"Comment","target":["https:\/\/www.laguiadepamplona.com\/actualidad\/la-fachada-de-la-casa-consistorial-se-iluminara-manana-de-amarillo-en-solidaridad-con-las-personas-afectadas-por-la-enfermedad-llamada-de-los-huesos-de-cristal\/#respond"]}]},{"@type":"WebPage","@id":"https:\/\/www.laguiadepamplona.com\/actualidad\/la-fachada-de-la-casa-consistorial-se-iluminara-manana-de-amarillo-en-solidaridad-con-las-personas-afectadas-por-la-enfermedad-llamada-de-los-huesos-de-cristal\/","url":"https:\/\/www.laguiadepamplona.com\/actualidad\/la-fachada-de-la-casa-consistorial-se-iluminara-manana-de-amarillo-en-solidaridad-con-las-personas-afectadas-por-la-enfermedad-llamada-de-los-huesos-de-cristal\/","name":"La fachada de la Casa Consistorial se iluminar\u00e1 ma\u00f1ana de amarillo en solidaridad con las personas afectadas por la enfermedad llamada de los huesos de cristal","isPartOf":{"@id":"https:\/\/www.laguiadepamplona.com\/actualidad\/#website"},"primaryImageOfPage":{"@id":"https:\/\/www.laguiadepamplona.com\/actualidad\/la-fachada-de-la-casa-consistorial-se-iluminara-manana-de-amarillo-en-solidaridad-con-las-personas-afectadas-por-la-enfermedad-llamada-de-los-huesos-de-cristal\/#primaryimage"},"image":{"@id":"https:\/\/www.laguiadepamplona.com\/actualidad\/la-fachada-de-la-casa-consistorial-se-iluminara-manana-de-amarillo-en-solidaridad-con-las-personas-afectadas-por-la-enfermedad-llamada-de-los-huesos-de-cristal\/#primaryimage"},"thumbnailUrl":"https:\/\/www.laguiadepamplona.com\/actualidad\/wp-content\/uploads\/2021\/05\/Ayuntamiento_iluminacion_amarillo_nocturna.jpg","datePublished":"2021-05-05T15:34:20+00:00","dateModified":"2023-04-11T09:49:35+00:00","breadcrumb":{"@id":"https:\/\/www.laguiadepamplona.com\/actualidad\/la-fachada-de-la-casa-consistorial-se-iluminara-manana-de-amarillo-en-solidaridad-con-las-personas-afectadas-por-la-enfermedad-llamada-de-los-huesos-de-cristal\/#breadcrumb"},"inLanguage":"es","potentialAction":[{"@type":"ReadAction","target":["https:\/\/www.laguiadepamplona.com\/actualidad\/la-fachada-de-la-casa-consistorial-se-iluminara-manana-de-amarillo-en-solidaridad-con-las-personas-afectadas-por-la-enfermedad-llamada-de-los-huesos-de-cristal\/"]}]},{"@type":"ImageObject","inLanguage":"es","@id":"https:\/\/www.laguiadepamplona.com\/actualidad\/la-fachada-de-la-casa-consistorial-se-iluminara-manana-de-amarillo-en-solidaridad-con-las-personas-afectadas-por-la-enfermedad-llamada-de-los-huesos-de-cristal\/#primaryimage","url":"https:\/\/www.laguiadepamplona.com\/actualidad\/wp-content\/uploads\/2021\/05\/Ayuntamiento_iluminacion_amarillo_nocturna.jpg","contentUrl":"https:\/\/www.laguiadepamplona.com\/actualidad\/wp-content\/uploads\/2021\/05\/Ayuntamiento_iluminacion_amarillo_nocturna.jpg","width":1529,"height":1019},{"@type":"BreadcrumbList","@id":"https:\/\/www.laguiadepamplona.com\/actualidad\/la-fachada-de-la-casa-consistorial-se-iluminara-manana-de-amarillo-en-solidaridad-con-las-personas-afectadas-por-la-enfermedad-llamada-de-los-huesos-de-cristal\/#breadcrumb","itemListElement":[{"@type":"ListItem","position":1,"name":"Portada","item":"https:\/\/www.laguiadepamplona.com\/actualidad\/"},{"@type":"ListItem","position":2,"name":"La fachada de la Casa Consistorial se iluminar\u00e1 ma\u00f1ana de amarillo en solidaridad con las personas afectadas por la enfermedad llamada de los huesos de cristal"}]},{"@type":"WebSite","@id":"https:\/\/www.laguiadepamplona.com\/actualidad\/#website","url":"https:\/\/www.laguiadepamplona.com\/actualidad\/","name":"La gu\u00eda de Pamplona","description":"Noticias de Pamplona","publisher":{"@id":"https:\/\/www.laguiadepamplona.com\/actualidad\/#organization"},"potentialAction":[{"@type":"SearchAction","target":{"@type":"EntryPoint","urlTemplate":"https:\/\/www.laguiadepamplona.com\/actualidad\/?s={search_term_string}"},"query-input":{"@type":"PropertyValueSpecification","valueRequired":true,"valueName":"search_term_string"}}],"inLanguage":"es"},{"@type":"Organization","@id":"https:\/\/www.laguiadepamplona.com\/actualidad\/#organization","name":"La Gu\u00eda de Pamplona \/ Noticias","url":"https:\/\/www.laguiadepamplona.com\/actualidad\/","logo":{"@type":"ImageObject","inLanguage":"es","@id":"https:\/\/www.laguiadepamplona.com\/actualidad\/#\/schema\/logo\/image\/","url":"https:\/\/www.laguiadepamplona.com\/actualidad\/wp-content\/uploads\/2018\/11\/logo-laguiadepamplona18-web1.png","contentUrl":"https:\/\/www.laguiadepamplona.com\/actualidad\/wp-content\/uploads\/2018\/11\/logo-laguiadepamplona18-web1.png","width":600,"height":196,"caption":"La Gu\u00eda de Pamplona \/ Noticias"},"image":{"@id":"https:\/\/www.laguiadepamplona.com\/actualidad\/#\/schema\/logo\/image\/"},"sameAs":["https:\/\/www.facebook.com\/laguiadepamplonacom-133175176762273\/?ref=hl","https:\/\/x.com\/LaGuiadPamplona","https:\/\/www.instagram.com\/la_guia_de_pamplona\/","https:\/\/www.youtube.com\/user\/laguiadepamplona"]},{"@type":"Person","@id":"https:\/\/www.laguiadepamplona.com\/actualidad\/#\/schema\/person\/efe887376f0213d4657c93adc50b1fdb","name":"La Gu\u00eda de Pamplona","image":{"@type":"ImageObject","inLanguage":"es","@id":"https:\/\/secure.gravatar.com\/avatar\/b6992f131dc8d30ab0dff15446e9d346d9dbd95992de0fef795073f5ea83a81c?s=96&d=mm&r=g","url":"https:\/\/secure.gravatar.com\/avatar\/b6992f131dc8d30ab0dff15446e9d346d9dbd95992de0fef795073f5ea83a81c?s=96&d=mm&r=g","contentUrl":"https:\/\/secure.gravatar.com\/avatar\/b6992f131dc8d30ab0dff15446e9d346d9dbd95992de0fef795073f5ea83a81c?s=96&d=mm&r=g","caption":"La Gu\u00eda de Pamplona"}}]}},"post_mailing_queue_ids":[],"_links":{"self":[{"href":"https:\/\/www.laguiadepamplona.com\/actualidad\/wp-json\/wp\/v2\/posts\/34648","targetHints":{"allow":["GET"]}}],"collection":[{"href":"https:\/\/www.laguiadepamplona.com\/actualidad\/wp-json\/wp\/v2\/posts"}],"about":[{"href":"https:\/\/www.laguiadepamplona.com\/actualidad\/wp-json\/wp\/v2\/types\/post"}],"author":[{"embeddable":true,"href":"https:\/\/www.laguiadepamplona.com\/actualidad\/wp-json\/wp\/v2\/users\/1"}],"replies":[{"embeddable":true,"href":"https:\/\/www.laguiadepamplona.com\/actualidad\/wp-json\/wp\/v2\/comments?post=34648"}],"version-history":[{"count":0,"href":"https:\/\/www.laguiadepamplona.com\/actualidad\/wp-json\/wp\/v2\/posts\/34648\/revisions"}],"wp:featuredmedia":[{"embeddable":true,"href":"https:\/\/www.laguiadepamplona.com\/actualidad\/wp-json\/wp\/v2\/media\/34649"}],"wp:attachment":[{"href":"https:\/\/www.laguiadepamplona.com\/actualidad\/wp-json\/wp\/v2\/media?parent=34648"}],"wp:term":[{"taxonomy":"category","embeddable":true,"href":"https:\/\/www.laguiadepamplona.com\/actualidad\/wp-json\/wp\/v2\/categories?post=34648"},{"taxonomy":"post_tag","embeddable":true,"href":"https:\/\/www.laguiadepamplona.com\/actualidad\/wp-json\/wp\/v2\/tags?post=34648"}],"curies":[{"name":"wp","href":"https:\/\/api.w.org\/{rel}","templated":true}]}}