{"id":34645,"date":"2021-05-05T17:29:24","date_gmt":"2021-05-05T15:29:24","guid":{"rendered":"https:\/\/www.laguiadepamplona.com\/actualidad\/?p=34645"},"modified":"2023-04-11T11:49:35","modified_gmt":"2023-04-11T09:49:35","slug":"pamplona-comenzara-a-plantar-el-proximo-otono-665-arboles-y-arbustos-para-crear-un-bosque-autoctono-en-el-poligono-de-agustinos","status":"publish","type":"post","link":"https:\/\/www.laguiadepamplona.com\/actualidad\/pamplona-comenzara-a-plantar-el-proximo-otono-665-arboles-y-arbustos-para-crear-un-bosque-autoctono-en-el-poligono-de-agustinos\/","title":{"rendered":"Pamplona comenzar\u00e1 a plantar el pr\u00f3ximo oto\u00f1o 665 \u00e1rboles y arbustos para crear un bosque aut\u00f3ctono en el pol\u00edgono de Agustinos"},"content":{"rendered":"<h5>Esta masa arb\u00f3rea servir\u00e1 para compensar una parte de las emisiones de CO<sub>2<\/sub> del Ayuntamiento<\/h5>\n<p><!--more--><\/p>\n<p>El Ayuntamiento de Pamplona plantar\u00e1, dentro de la estrategia <em>Go Green Pamplona<\/em>, un bosque aut\u00f3ctono en una parcela p\u00fablica de 4,1 hect\u00e1reas del pol\u00edgono de Agustinos (Comarca 1), actualmente ocupada por vegetaci\u00f3n herb\u00e1cea espont\u00e1nea. En un plazo de tres a\u00f1os y comenzando en 2021 con la plantaci\u00f3n en una hect\u00e1rea de 665 ejemplares, as\u00ed como especies arbustivas, esta dotaci\u00f3n conseguir\u00e1 progresar en la absorci\u00f3n de CO<sub>2<\/sub> en Pamplona, mejorando el balance de emisiones de gases de efecto invernadero de la ciudad, la llamada \u2018huella de carbono\u2019, adem\u00e1s de generar una nueva zona arb\u00f3rea, favoreciendo la biodiversidad.<\/p>\n<p>Lo previsto es renaturalizar ese espacio (parcela 7- 2.069) calificado como parque urbano, generando un bosque de roble pubescente, olmos, arces, abedules, nogales y servales, entre otras especies arb\u00f3reas, adem\u00e1s de matorral, tambi\u00e9n aut\u00f3ctono. Atendiendo a los requisitos del proyecto de compensaci\u00f3n de emisiones, este bosque est\u00e1 dotado de su propio plan de gesti\u00f3n forestal realizado con el apoyo t\u00e9cnico de la Federaci\u00f3n Espa\u00f1ola de Municipios y Provincias.<\/p>\n<p>Los trabajos comenzar\u00e1n el pr\u00f3ximo oto\u00f1o en la zona Sur de la parcela y, este a\u00f1o, se plantar\u00e1n alrededor de 700 \u00e1rboles. La masa forestal se ir\u00eda incrementando en 1,5 hect\u00e1reas en los dos a\u00f1os siguientes hasta completar las cuatro hect\u00e1reas plantadas. La inversi\u00f3n prevista para 2021 es de 10.000 euros y esta dotaci\u00f3n tendr\u00e1 tambi\u00e9n como efectos positivos a\u00f1adidos la rehabilitaci\u00f3n de un \u00e1rea sin uso, la reducci\u00f3n de la erosi\u00f3n de suelos, la mejora de la biodiversidad y la recuperaci\u00f3n paisaj\u00edstica del entorno. Finalmente, la creaci\u00f3n del bosque y la consiguiente reducci\u00f3n de las emisiones de Gases de Efecto Invernadero (GEI) contribuye a la Estrategia <em>Go Green Pamplona<\/em> de lucha contra el cambio clim\u00e1tico en la ciudad a medio-largo plazo. Adem\u00e1s, la disminuci\u00f3n sostenida de la huella de carbono permitir\u00e1 a Pamplona obtener sellos oficiales que acreditan el compromiso de la entidad en la lucha contra el cambio clim\u00e1tico y posicionan a Pamplona como ciudad verde. Por el momento, el esfuerzo de an\u00e1lisis que se viene realizando desde 2008 le permite a la ciudad contar con el sello \u201cCalculo\u201d.<\/p>\n<p><script async src=\"\/\/pagead2.googlesyndication.com\/pagead\/js\/adsbygoogle.js\"><\/script><br \/>\n<!-- Noticias La Guia de Pamplona --><br \/>\n<ins class=\"adsbygoogle\"\nstyle=\"display:block\"\ndata-ad-client=\"ca-pub-6943679897239327\"\ndata-ad-slot=\"7048180777\"\ndata-ad-format=\"auto\"><\/ins><br \/>\n<script>\n(adsbygoogle = window.adsbygoogle || []).push({});\n<\/script><\/p>\n<p><strong>Compensar la \u2018Huella de carbono\u2019<\/strong><\/p>\n<p>Este proyecto est\u00e1 incluido en el \u2018Registro nacional de huella de carbono, compensaci\u00f3n y proyectos de absorci\u00f3n de di\u00f3xido de carbono\u2019 de la Oficina Espa\u00f1ola de Cambio Clim\u00e1tico dependiente del Ministerio para la Transici\u00f3n Ecol\u00f3gica y Reto Demogr\u00e1fico\u2019<\/p>\n<p>Desde el a\u00f1o 2008 el Ayuntamiento de Pamplona calcula la huella de carbono con car\u00e1cter general para todo el t\u00e9rmino municipal, tanto del sector p\u00fablico, como del privado. Este a\u00f1o el Consistorio adem\u00e1s de calcularla, ha registrado formalmente la huella de emisiones que dejan sus propias instalaciones y servicios (consumos el\u00e9ctricos de todo el Ayuntamiento y sus organismos aut\u00f3nomos y empresas p\u00fablicas, adem\u00e1s del combustible que emplea en calefacci\u00f3n y parque m\u00f3vil municipal). Seg\u00fan los \u00faltimos datos recogidos (2019) el resultado es que el Ayuntamiento de Pamplona realiza una emisi\u00f3n anual de 5.168 tCO<sub>2<\/sub>.<\/p>\n<p>Este el segundo registro de emisiones de la propia instituci\u00f3n, tras el que en 2013 arrojaba la cifra de 12.147,8 tCO<sub>2<\/sub>. Medidas como la certificaci\u00f3n de la energ\u00eda el\u00e9ctrica con garant\u00eda de origen permite que las emisiones asociadas al consumo el\u00e9ctrico no se contabilicen como emisiones propias, por lo que la huella de carbono del Ayuntamiento ha disminuido en m\u00e1s de un 50% (casi 7.000 toneladas menos).<\/p>\n<p>El bosque permitir\u00e1 seguir bajando esa cifra oficial durante 30 a\u00f1os. La cantidad de CO<sub>2 <\/sub>compensada con la primera hect\u00e1rea de bosque plantada se ha establecido en un m\u00ednimo de 21 tCO<sub>2<\/sub> (el programa \u00fanicamente computa para la compensaci\u00f3n el 20% del CO<sub>2<\/sub> absorbido por la plantaci\u00f3n) y la cifra se puede revisar al alza seg\u00fan vaya siendo el crecimiento y la evoluci\u00f3n del bosque. Se han descartado especies de crecimiento m\u00e1s r\u00e1pido, como el pino laricio, que mejorar\u00edan los datos de absorci\u00f3n porque, con este proyecto, se buscan otros beneficios ambientales.<\/p>\n<p><script async src=\"\/\/pagead2.googlesyndication.com\/pagead\/js\/adsbygoogle.js\"><\/script><br \/>\n<!-- Noticias La Guia de Pamplona --><br \/>\n<ins class=\"adsbygoogle\"\nstyle=\"display:block\"\ndata-ad-client=\"ca-pub-6943679897239327\"\ndata-ad-slot=\"7048180777\"\ndata-ad-format=\"auto\"><\/ins><br \/>\n<script>\n(adsbygoogle = window.adsbygoogle || []).push({});\n<\/script><\/p>\n<p><strong>Un sistema de sellos \u201cverdes\u201d<\/strong><\/p>\n<p>Pamplona desde el a\u00f1o 2015 comenz\u00f3 a reducir sus gases de efecto invernadero mediante un sistema de medidas que se puso en marcha en 2009, en el marco de la adhesi\u00f3n de la ciudad al Pacto de Alcald\u00edas. El a\u00f1o pasado el Pleno renov\u00f3, por unanimidad, este compromiso institucional con el Pacto. Gracias a esa labor de an\u00e1lisis y control de sus emisiones, el Ayuntamiento de Pamplona tiene ya el sello \u2018Calculo\u2019.<\/p>\n<p>La gesti\u00f3n de medidas de compensaci\u00f3n de emisiones, como este proyecto boscoso de Agustinos, permitir\u00eda a Pamplona logar el siguiente sello: \u2018Compenso\u2019. Si los par\u00e1metros de reducci\u00f3n de emisiones se mantienen, la siguiente acreditaci\u00f3n a solicitar ser\u00e1 el sello \u2018Reduzco\u2019. Todas estas certificaciones suponen un impulso oficial al posicionamiento de Pamplona como \u2018Ciudad verde\u2019 y a su imagen de ciudad sostenible, mejorando no solo la calidad de vida de la ciudadan\u00eda, sino tambi\u00e9n su atractivo de cara al exterior.<\/p>\n","protected":false},"excerpt":{"rendered":"<p>Esta masa arb\u00f3rea servir\u00e1 para compensar una parte de las emisiones de CO2 del Ayuntamiento<\/p>\n","protected":false},"author":1,"featured_media":34646,"comment_status":"open","ping_status":"closed","sticky":false,"template":"","format":"standard","meta":{"footnotes":""},"categories":[2],"tags":[],"class_list":["post-34645","post","type-post","status-publish","format-standard","has-post-thumbnail","hentry","category-ayuntamiento-pamplona"],"yoast_head":"<!-- This site is optimized with the Yoast SEO plugin v27.3 - https:\/\/yoast.com\/product\/yoast-seo-wordpress\/ -->\n<title>Pamplona comenzar\u00e1 a plantar el pr\u00f3ximo oto\u00f1o 665 \u00e1rboles y arbustos para crear un bosque aut\u00f3ctono en el pol\u00edgono de Agustinos<\/title>\n<meta name=\"description\" content=\"Esta masa arb\u00f3rea servir\u00e1 para compensar una parte de las emisiones de CO2 del Ayuntamiento\" \/>\n<meta name=\"robots\" content=\"index, follow, max-snippet:-1, max-image-preview:large, max-video-preview:-1\" \/>\n<link rel=\"canonical\" href=\"https:\/\/www.laguiadepamplona.com\/actualidad\/pamplona-comenzara-a-plantar-el-proximo-otono-665-arboles-y-arbustos-para-crear-un-bosque-autoctono-en-el-poligono-de-agustinos\/\" \/>\n<meta property=\"og:locale\" content=\"es_ES\" \/>\n<meta property=\"og:type\" content=\"article\" \/>\n<meta property=\"og:title\" content=\"Pamplona comenzar\u00e1 a plantar el pr\u00f3ximo oto\u00f1o 665 \u00e1rboles y arbustos para crear un bosque aut\u00f3ctono en el pol\u00edgono de Agustinos\" \/>\n<meta property=\"og:description\" content=\"Esta masa arb\u00f3rea servir\u00e1 para compensar una parte de las emisiones de CO2 del Ayuntamiento\" \/>\n<meta property=\"og:url\" content=\"https:\/\/www.laguiadepamplona.com\/actualidad\/pamplona-comenzara-a-plantar-el-proximo-otono-665-arboles-y-arbustos-para-crear-un-bosque-autoctono-en-el-poligono-de-agustinos\/\" \/>\n<meta property=\"og:site_name\" content=\"La Gu\u00eda de Pamplona\" \/>\n<meta property=\"article:publisher\" content=\"https:\/\/www.facebook.com\/laguiadepamplonacom-133175176762273\/?ref=hl\" \/>\n<meta property=\"article:published_time\" content=\"2021-05-05T15:29:24+00:00\" \/>\n<meta property=\"article:modified_time\" content=\"2023-04-11T09:49:35+00:00\" \/>\n<meta property=\"og:image\" content=\"https:\/\/www.laguiadepamplona.com\/actualidad\/wp-content\/uploads\/2021\/05\/plantar-668-arboles.jpg\" \/>\n\t<meta property=\"og:image:width\" content=\"1920\" \/>\n\t<meta property=\"og:image:height\" content=\"1280\" \/>\n\t<meta property=\"og:image:type\" content=\"image\/jpeg\" \/>\n<meta name=\"author\" content=\"La Gu\u00eda de Pamplona\" \/>\n<meta name=\"twitter:card\" content=\"summary_large_image\" \/>\n<meta name=\"twitter:creator\" content=\"@LaGuiadPamplona\" \/>\n<meta name=\"twitter:site\" content=\"@LaGuiadPamplona\" \/>\n<meta name=\"twitter:label1\" content=\"Escrito por\" \/>\n\t<meta name=\"twitter:data1\" content=\"La Gu\u00eda de Pamplona\" \/>\n\t<meta name=\"twitter:label2\" content=\"Tiempo de lectura\" \/>\n\t<meta name=\"twitter:data2\" content=\"4 minutos\" \/>\n<script type=\"application\/ld+json\" class=\"yoast-schema-graph\">{\"@context\":\"https:\\\/\\\/schema.org\",\"@graph\":[{\"@type\":\"Article\",\"@id\":\"https:\\\/\\\/www.laguiadepamplona.com\\\/actualidad\\\/pamplona-comenzara-a-plantar-el-proximo-otono-665-arboles-y-arbustos-para-crear-un-bosque-autoctono-en-el-poligono-de-agustinos\\\/#article\",\"isPartOf\":{\"@id\":\"https:\\\/\\\/www.laguiadepamplona.com\\\/actualidad\\\/pamplona-comenzara-a-plantar-el-proximo-otono-665-arboles-y-arbustos-para-crear-un-bosque-autoctono-en-el-poligono-de-agustinos\\\/\"},\"author\":{\"name\":\"La Gu\u00eda de Pamplona\",\"@id\":\"https:\\\/\\\/www.laguiadepamplona.com\\\/actualidad\\\/#\\\/schema\\\/person\\\/efe887376f0213d4657c93adc50b1fdb\"},\"headline\":\"Pamplona comenzar\u00e1 a plantar el pr\u00f3ximo oto\u00f1o 665 \u00e1rboles y arbustos para crear un bosque aut\u00f3ctono en el pol\u00edgono de Agustinos\",\"datePublished\":\"2021-05-05T15:29:24+00:00\",\"dateModified\":\"2023-04-11T09:49:35+00:00\",\"mainEntityOfPage\":{\"@id\":\"https:\\\/\\\/www.laguiadepamplona.com\\\/actualidad\\\/pamplona-comenzara-a-plantar-el-proximo-otono-665-arboles-y-arbustos-para-crear-un-bosque-autoctono-en-el-poligono-de-agustinos\\\/\"},\"wordCount\":916,\"commentCount\":0,\"publisher\":{\"@id\":\"https:\\\/\\\/www.laguiadepamplona.com\\\/actualidad\\\/#organization\"},\"image\":{\"@id\":\"https:\\\/\\\/www.laguiadepamplona.com\\\/actualidad\\\/pamplona-comenzara-a-plantar-el-proximo-otono-665-arboles-y-arbustos-para-crear-un-bosque-autoctono-en-el-poligono-de-agustinos\\\/#primaryimage\"},\"thumbnailUrl\":\"https:\\\/\\\/www.laguiadepamplona.com\\\/actualidad\\\/wp-content\\\/uploads\\\/2021\\\/05\\\/plantar-668-arboles.jpg\",\"articleSection\":[\"Ayto Pamplona\"],\"inLanguage\":\"es\",\"potentialAction\":[{\"@type\":\"CommentAction\",\"name\":\"Comment\",\"target\":[\"https:\\\/\\\/www.laguiadepamplona.com\\\/actualidad\\\/pamplona-comenzara-a-plantar-el-proximo-otono-665-arboles-y-arbustos-para-crear-un-bosque-autoctono-en-el-poligono-de-agustinos\\\/#respond\"]}]},{\"@type\":\"WebPage\",\"@id\":\"https:\\\/\\\/www.laguiadepamplona.com\\\/actualidad\\\/pamplona-comenzara-a-plantar-el-proximo-otono-665-arboles-y-arbustos-para-crear-un-bosque-autoctono-en-el-poligono-de-agustinos\\\/\",\"url\":\"https:\\\/\\\/www.laguiadepamplona.com\\\/actualidad\\\/pamplona-comenzara-a-plantar-el-proximo-otono-665-arboles-y-arbustos-para-crear-un-bosque-autoctono-en-el-poligono-de-agustinos\\\/\",\"name\":\"Pamplona comenzar\u00e1 a plantar el pr\u00f3ximo oto\u00f1o 665 \u00e1rboles y arbustos para crear un bosque aut\u00f3ctono en el pol\u00edgono de Agustinos\",\"isPartOf\":{\"@id\":\"https:\\\/\\\/www.laguiadepamplona.com\\\/actualidad\\\/#website\"},\"primaryImageOfPage\":{\"@id\":\"https:\\\/\\\/www.laguiadepamplona.com\\\/actualidad\\\/pamplona-comenzara-a-plantar-el-proximo-otono-665-arboles-y-arbustos-para-crear-un-bosque-autoctono-en-el-poligono-de-agustinos\\\/#primaryimage\"},\"image\":{\"@id\":\"https:\\\/\\\/www.laguiadepamplona.com\\\/actualidad\\\/pamplona-comenzara-a-plantar-el-proximo-otono-665-arboles-y-arbustos-para-crear-un-bosque-autoctono-en-el-poligono-de-agustinos\\\/#primaryimage\"},\"thumbnailUrl\":\"https:\\\/\\\/www.laguiadepamplona.com\\\/actualidad\\\/wp-content\\\/uploads\\\/2021\\\/05\\\/plantar-668-arboles.jpg\",\"datePublished\":\"2021-05-05T15:29:24+00:00\",\"dateModified\":\"2023-04-11T09:49:35+00:00\",\"description\":\"Esta masa arb\u00f3rea servir\u00e1 para compensar una parte de las emisiones de CO2 del Ayuntamiento\",\"breadcrumb\":{\"@id\":\"https:\\\/\\\/www.laguiadepamplona.com\\\/actualidad\\\/pamplona-comenzara-a-plantar-el-proximo-otono-665-arboles-y-arbustos-para-crear-un-bosque-autoctono-en-el-poligono-de-agustinos\\\/#breadcrumb\"},\"inLanguage\":\"es\",\"potentialAction\":[{\"@type\":\"ReadAction\",\"target\":[\"https:\\\/\\\/www.laguiadepamplona.com\\\/actualidad\\\/pamplona-comenzara-a-plantar-el-proximo-otono-665-arboles-y-arbustos-para-crear-un-bosque-autoctono-en-el-poligono-de-agustinos\\\/\"]}]},{\"@type\":\"ImageObject\",\"inLanguage\":\"es\",\"@id\":\"https:\\\/\\\/www.laguiadepamplona.com\\\/actualidad\\\/pamplona-comenzara-a-plantar-el-proximo-otono-665-arboles-y-arbustos-para-crear-un-bosque-autoctono-en-el-poligono-de-agustinos\\\/#primaryimage\",\"url\":\"https:\\\/\\\/www.laguiadepamplona.com\\\/actualidad\\\/wp-content\\\/uploads\\\/2021\\\/05\\\/plantar-668-arboles.jpg\",\"contentUrl\":\"https:\\\/\\\/www.laguiadepamplona.com\\\/actualidad\\\/wp-content\\\/uploads\\\/2021\\\/05\\\/plantar-668-arboles.jpg\",\"width\":1920,\"height\":1280},{\"@type\":\"BreadcrumbList\",\"@id\":\"https:\\\/\\\/www.laguiadepamplona.com\\\/actualidad\\\/pamplona-comenzara-a-plantar-el-proximo-otono-665-arboles-y-arbustos-para-crear-un-bosque-autoctono-en-el-poligono-de-agustinos\\\/#breadcrumb\",\"itemListElement\":[{\"@type\":\"ListItem\",\"position\":1,\"name\":\"Portada\",\"item\":\"https:\\\/\\\/www.laguiadepamplona.com\\\/actualidad\\\/\"},{\"@type\":\"ListItem\",\"position\":2,\"name\":\"Pamplona comenzar\u00e1 a plantar el pr\u00f3ximo oto\u00f1o 665 \u00e1rboles y arbustos para crear un bosque aut\u00f3ctono en el pol\u00edgono de Agustinos\"}]},{\"@type\":\"WebSite\",\"@id\":\"https:\\\/\\\/www.laguiadepamplona.com\\\/actualidad\\\/#website\",\"url\":\"https:\\\/\\\/www.laguiadepamplona.com\\\/actualidad\\\/\",\"name\":\"La gu\u00eda de Pamplona\",\"description\":\"Noticias de Pamplona\",\"publisher\":{\"@id\":\"https:\\\/\\\/www.laguiadepamplona.com\\\/actualidad\\\/#organization\"},\"potentialAction\":[{\"@type\":\"SearchAction\",\"target\":{\"@type\":\"EntryPoint\",\"urlTemplate\":\"https:\\\/\\\/www.laguiadepamplona.com\\\/actualidad\\\/?s={search_term_string}\"},\"query-input\":{\"@type\":\"PropertyValueSpecification\",\"valueRequired\":true,\"valueName\":\"search_term_string\"}}],\"inLanguage\":\"es\"},{\"@type\":\"Organization\",\"@id\":\"https:\\\/\\\/www.laguiadepamplona.com\\\/actualidad\\\/#organization\",\"name\":\"La Gu\u00eda de Pamplona \\\/ Noticias\",\"url\":\"https:\\\/\\\/www.laguiadepamplona.com\\\/actualidad\\\/\",\"logo\":{\"@type\":\"ImageObject\",\"inLanguage\":\"es\",\"@id\":\"https:\\\/\\\/www.laguiadepamplona.com\\\/actualidad\\\/#\\\/schema\\\/logo\\\/image\\\/\",\"url\":\"https:\\\/\\\/www.laguiadepamplona.com\\\/actualidad\\\/wp-content\\\/uploads\\\/2018\\\/11\\\/logo-laguiadepamplona18-web1.png\",\"contentUrl\":\"https:\\\/\\\/www.laguiadepamplona.com\\\/actualidad\\\/wp-content\\\/uploads\\\/2018\\\/11\\\/logo-laguiadepamplona18-web1.png\",\"width\":600,\"height\":196,\"caption\":\"La Gu\u00eda de Pamplona \\\/ Noticias\"},\"image\":{\"@id\":\"https:\\\/\\\/www.laguiadepamplona.com\\\/actualidad\\\/#\\\/schema\\\/logo\\\/image\\\/\"},\"sameAs\":[\"https:\\\/\\\/www.facebook.com\\\/laguiadepamplonacom-133175176762273\\\/?ref=hl\",\"https:\\\/\\\/x.com\\\/LaGuiadPamplona\",\"https:\\\/\\\/www.instagram.com\\\/la_guia_de_pamplona\\\/\",\"https:\\\/\\\/www.youtube.com\\\/user\\\/laguiadepamplona\"]},{\"@type\":\"Person\",\"@id\":\"https:\\\/\\\/www.laguiadepamplona.com\\\/actualidad\\\/#\\\/schema\\\/person\\\/efe887376f0213d4657c93adc50b1fdb\",\"name\":\"La Gu\u00eda de Pamplona\",\"image\":{\"@type\":\"ImageObject\",\"inLanguage\":\"es\",\"@id\":\"https:\\\/\\\/secure.gravatar.com\\\/avatar\\\/b6992f131dc8d30ab0dff15446e9d346d9dbd95992de0fef795073f5ea83a81c?s=96&d=mm&r=g\",\"url\":\"https:\\\/\\\/secure.gravatar.com\\\/avatar\\\/b6992f131dc8d30ab0dff15446e9d346d9dbd95992de0fef795073f5ea83a81c?s=96&d=mm&r=g\",\"contentUrl\":\"https:\\\/\\\/secure.gravatar.com\\\/avatar\\\/b6992f131dc8d30ab0dff15446e9d346d9dbd95992de0fef795073f5ea83a81c?s=96&d=mm&r=g\",\"caption\":\"La Gu\u00eda de Pamplona\"}}]}<\/script>\n<!-- \/ Yoast SEO plugin. -->","yoast_head_json":{"title":"Pamplona comenzar\u00e1 a plantar el pr\u00f3ximo oto\u00f1o 665 \u00e1rboles y arbustos para crear un bosque aut\u00f3ctono en el pol\u00edgono de Agustinos","description":"Esta masa arb\u00f3rea servir\u00e1 para compensar una parte de las emisiones de CO2 del Ayuntamiento","robots":{"index":"index","follow":"follow","max-snippet":"max-snippet:-1","max-image-preview":"max-image-preview:large","max-video-preview":"max-video-preview:-1"},"canonical":"https:\/\/www.laguiadepamplona.com\/actualidad\/pamplona-comenzara-a-plantar-el-proximo-otono-665-arboles-y-arbustos-para-crear-un-bosque-autoctono-en-el-poligono-de-agustinos\/","og_locale":"es_ES","og_type":"article","og_title":"Pamplona comenzar\u00e1 a plantar el pr\u00f3ximo oto\u00f1o 665 \u00e1rboles y arbustos para crear un bosque aut\u00f3ctono en el pol\u00edgono de Agustinos","og_description":"Esta masa arb\u00f3rea servir\u00e1 para compensar una parte de las emisiones de CO2 del Ayuntamiento","og_url":"https:\/\/www.laguiadepamplona.com\/actualidad\/pamplona-comenzara-a-plantar-el-proximo-otono-665-arboles-y-arbustos-para-crear-un-bosque-autoctono-en-el-poligono-de-agustinos\/","og_site_name":"La Gu\u00eda de Pamplona","article_publisher":"https:\/\/www.facebook.com\/laguiadepamplonacom-133175176762273\/?ref=hl","article_published_time":"2021-05-05T15:29:24+00:00","article_modified_time":"2023-04-11T09:49:35+00:00","og_image":[{"width":1920,"height":1280,"url":"https:\/\/www.laguiadepamplona.com\/actualidad\/wp-content\/uploads\/2021\/05\/plantar-668-arboles.jpg","type":"image\/jpeg"}],"author":"La Gu\u00eda de Pamplona","twitter_card":"summary_large_image","twitter_creator":"@LaGuiadPamplona","twitter_site":"@LaGuiadPamplona","twitter_misc":{"Escrito por":"La Gu\u00eda de Pamplona","Tiempo de lectura":"4 minutos"},"schema":{"@context":"https:\/\/schema.org","@graph":[{"@type":"Article","@id":"https:\/\/www.laguiadepamplona.com\/actualidad\/pamplona-comenzara-a-plantar-el-proximo-otono-665-arboles-y-arbustos-para-crear-un-bosque-autoctono-en-el-poligono-de-agustinos\/#article","isPartOf":{"@id":"https:\/\/www.laguiadepamplona.com\/actualidad\/pamplona-comenzara-a-plantar-el-proximo-otono-665-arboles-y-arbustos-para-crear-un-bosque-autoctono-en-el-poligono-de-agustinos\/"},"author":{"name":"La Gu\u00eda de Pamplona","@id":"https:\/\/www.laguiadepamplona.com\/actualidad\/#\/schema\/person\/efe887376f0213d4657c93adc50b1fdb"},"headline":"Pamplona comenzar\u00e1 a plantar el pr\u00f3ximo oto\u00f1o 665 \u00e1rboles y arbustos para crear un bosque aut\u00f3ctono en el pol\u00edgono de Agustinos","datePublished":"2021-05-05T15:29:24+00:00","dateModified":"2023-04-11T09:49:35+00:00","mainEntityOfPage":{"@id":"https:\/\/www.laguiadepamplona.com\/actualidad\/pamplona-comenzara-a-plantar-el-proximo-otono-665-arboles-y-arbustos-para-crear-un-bosque-autoctono-en-el-poligono-de-agustinos\/"},"wordCount":916,"commentCount":0,"publisher":{"@id":"https:\/\/www.laguiadepamplona.com\/actualidad\/#organization"},"image":{"@id":"https:\/\/www.laguiadepamplona.com\/actualidad\/pamplona-comenzara-a-plantar-el-proximo-otono-665-arboles-y-arbustos-para-crear-un-bosque-autoctono-en-el-poligono-de-agustinos\/#primaryimage"},"thumbnailUrl":"https:\/\/www.laguiadepamplona.com\/actualidad\/wp-content\/uploads\/2021\/05\/plantar-668-arboles.jpg","articleSection":["Ayto Pamplona"],"inLanguage":"es","potentialAction":[{"@type":"CommentAction","name":"Comment","target":["https:\/\/www.laguiadepamplona.com\/actualidad\/pamplona-comenzara-a-plantar-el-proximo-otono-665-arboles-y-arbustos-para-crear-un-bosque-autoctono-en-el-poligono-de-agustinos\/#respond"]}]},{"@type":"WebPage","@id":"https:\/\/www.laguiadepamplona.com\/actualidad\/pamplona-comenzara-a-plantar-el-proximo-otono-665-arboles-y-arbustos-para-crear-un-bosque-autoctono-en-el-poligono-de-agustinos\/","url":"https:\/\/www.laguiadepamplona.com\/actualidad\/pamplona-comenzara-a-plantar-el-proximo-otono-665-arboles-y-arbustos-para-crear-un-bosque-autoctono-en-el-poligono-de-agustinos\/","name":"Pamplona comenzar\u00e1 a plantar el pr\u00f3ximo oto\u00f1o 665 \u00e1rboles y arbustos para crear un bosque aut\u00f3ctono en el pol\u00edgono de Agustinos","isPartOf":{"@id":"https:\/\/www.laguiadepamplona.com\/actualidad\/#website"},"primaryImageOfPage":{"@id":"https:\/\/www.laguiadepamplona.com\/actualidad\/pamplona-comenzara-a-plantar-el-proximo-otono-665-arboles-y-arbustos-para-crear-un-bosque-autoctono-en-el-poligono-de-agustinos\/#primaryimage"},"image":{"@id":"https:\/\/www.laguiadepamplona.com\/actualidad\/pamplona-comenzara-a-plantar-el-proximo-otono-665-arboles-y-arbustos-para-crear-un-bosque-autoctono-en-el-poligono-de-agustinos\/#primaryimage"},"thumbnailUrl":"https:\/\/www.laguiadepamplona.com\/actualidad\/wp-content\/uploads\/2021\/05\/plantar-668-arboles.jpg","datePublished":"2021-05-05T15:29:24+00:00","dateModified":"2023-04-11T09:49:35+00:00","description":"Esta masa arb\u00f3rea servir\u00e1 para compensar una parte de las emisiones de CO2 del Ayuntamiento","breadcrumb":{"@id":"https:\/\/www.laguiadepamplona.com\/actualidad\/pamplona-comenzara-a-plantar-el-proximo-otono-665-arboles-y-arbustos-para-crear-un-bosque-autoctono-en-el-poligono-de-agustinos\/#breadcrumb"},"inLanguage":"es","potentialAction":[{"@type":"ReadAction","target":["https:\/\/www.laguiadepamplona.com\/actualidad\/pamplona-comenzara-a-plantar-el-proximo-otono-665-arboles-y-arbustos-para-crear-un-bosque-autoctono-en-el-poligono-de-agustinos\/"]}]},{"@type":"ImageObject","inLanguage":"es","@id":"https:\/\/www.laguiadepamplona.com\/actualidad\/pamplona-comenzara-a-plantar-el-proximo-otono-665-arboles-y-arbustos-para-crear-un-bosque-autoctono-en-el-poligono-de-agustinos\/#primaryimage","url":"https:\/\/www.laguiadepamplona.com\/actualidad\/wp-content\/uploads\/2021\/05\/plantar-668-arboles.jpg","contentUrl":"https:\/\/www.laguiadepamplona.com\/actualidad\/wp-content\/uploads\/2021\/05\/plantar-668-arboles.jpg","width":1920,"height":1280},{"@type":"BreadcrumbList","@id":"https:\/\/www.laguiadepamplona.com\/actualidad\/pamplona-comenzara-a-plantar-el-proximo-otono-665-arboles-y-arbustos-para-crear-un-bosque-autoctono-en-el-poligono-de-agustinos\/#breadcrumb","itemListElement":[{"@type":"ListItem","position":1,"name":"Portada","item":"https:\/\/www.laguiadepamplona.com\/actualidad\/"},{"@type":"ListItem","position":2,"name":"Pamplona comenzar\u00e1 a plantar el pr\u00f3ximo oto\u00f1o 665 \u00e1rboles y arbustos para crear un bosque aut\u00f3ctono en el pol\u00edgono de Agustinos"}]},{"@type":"WebSite","@id":"https:\/\/www.laguiadepamplona.com\/actualidad\/#website","url":"https:\/\/www.laguiadepamplona.com\/actualidad\/","name":"La gu\u00eda de Pamplona","description":"Noticias de Pamplona","publisher":{"@id":"https:\/\/www.laguiadepamplona.com\/actualidad\/#organization"},"potentialAction":[{"@type":"SearchAction","target":{"@type":"EntryPoint","urlTemplate":"https:\/\/www.laguiadepamplona.com\/actualidad\/?s={search_term_string}"},"query-input":{"@type":"PropertyValueSpecification","valueRequired":true,"valueName":"search_term_string"}}],"inLanguage":"es"},{"@type":"Organization","@id":"https:\/\/www.laguiadepamplona.com\/actualidad\/#organization","name":"La Gu\u00eda de Pamplona \/ Noticias","url":"https:\/\/www.laguiadepamplona.com\/actualidad\/","logo":{"@type":"ImageObject","inLanguage":"es","@id":"https:\/\/www.laguiadepamplona.com\/actualidad\/#\/schema\/logo\/image\/","url":"https:\/\/www.laguiadepamplona.com\/actualidad\/wp-content\/uploads\/2018\/11\/logo-laguiadepamplona18-web1.png","contentUrl":"https:\/\/www.laguiadepamplona.com\/actualidad\/wp-content\/uploads\/2018\/11\/logo-laguiadepamplona18-web1.png","width":600,"height":196,"caption":"La Gu\u00eda de Pamplona \/ Noticias"},"image":{"@id":"https:\/\/www.laguiadepamplona.com\/actualidad\/#\/schema\/logo\/image\/"},"sameAs":["https:\/\/www.facebook.com\/laguiadepamplonacom-133175176762273\/?ref=hl","https:\/\/x.com\/LaGuiadPamplona","https:\/\/www.instagram.com\/la_guia_de_pamplona\/","https:\/\/www.youtube.com\/user\/laguiadepamplona"]},{"@type":"Person","@id":"https:\/\/www.laguiadepamplona.com\/actualidad\/#\/schema\/person\/efe887376f0213d4657c93adc50b1fdb","name":"La Gu\u00eda de Pamplona","image":{"@type":"ImageObject","inLanguage":"es","@id":"https:\/\/secure.gravatar.com\/avatar\/b6992f131dc8d30ab0dff15446e9d346d9dbd95992de0fef795073f5ea83a81c?s=96&d=mm&r=g","url":"https:\/\/secure.gravatar.com\/avatar\/b6992f131dc8d30ab0dff15446e9d346d9dbd95992de0fef795073f5ea83a81c?s=96&d=mm&r=g","contentUrl":"https:\/\/secure.gravatar.com\/avatar\/b6992f131dc8d30ab0dff15446e9d346d9dbd95992de0fef795073f5ea83a81c?s=96&d=mm&r=g","caption":"La Gu\u00eda de Pamplona"}}]}},"post_mailing_queue_ids":[],"_links":{"self":[{"href":"https:\/\/www.laguiadepamplona.com\/actualidad\/wp-json\/wp\/v2\/posts\/34645","targetHints":{"allow":["GET"]}}],"collection":[{"href":"https:\/\/www.laguiadepamplona.com\/actualidad\/wp-json\/wp\/v2\/posts"}],"about":[{"href":"https:\/\/www.laguiadepamplona.com\/actualidad\/wp-json\/wp\/v2\/types\/post"}],"author":[{"embeddable":true,"href":"https:\/\/www.laguiadepamplona.com\/actualidad\/wp-json\/wp\/v2\/users\/1"}],"replies":[{"embeddable":true,"href":"https:\/\/www.laguiadepamplona.com\/actualidad\/wp-json\/wp\/v2\/comments?post=34645"}],"version-history":[{"count":0,"href":"https:\/\/www.laguiadepamplona.com\/actualidad\/wp-json\/wp\/v2\/posts\/34645\/revisions"}],"wp:featuredmedia":[{"embeddable":true,"href":"https:\/\/www.laguiadepamplona.com\/actualidad\/wp-json\/wp\/v2\/media\/34646"}],"wp:attachment":[{"href":"https:\/\/www.laguiadepamplona.com\/actualidad\/wp-json\/wp\/v2\/media?parent=34645"}],"wp:term":[{"taxonomy":"category","embeddable":true,"href":"https:\/\/www.laguiadepamplona.com\/actualidad\/wp-json\/wp\/v2\/categories?post=34645"},{"taxonomy":"post_tag","embeddable":true,"href":"https:\/\/www.laguiadepamplona.com\/actualidad\/wp-json\/wp\/v2\/tags?post=34645"}],"curies":[{"name":"wp","href":"https:\/\/api.w.org\/{rel}","templated":true}]}}