{"id":34637,"date":"2021-05-05T12:43:34","date_gmt":"2021-05-05T10:43:34","guid":{"rendered":"https:\/\/www.laguiadepamplona.com\/actualidad\/?p=34637"},"modified":"2023-04-11T11:49:35","modified_gmt":"2023-04-11T09:49:35","slug":"el-ayuntamiento-de-pamplona-recuerda-este-jueves-al-concejal-tomas-caballero-asesinado-por-eta-hace-23-anos","status":"publish","type":"post","link":"https:\/\/www.laguiadepamplona.com\/actualidad\/el-ayuntamiento-de-pamplona-recuerda-este-jueves-al-concejal-tomas-caballero-asesinado-por-eta-hace-23-anos\/","title":{"rendered":"El Ayuntamiento de Pamplona recuerda este jueves al concejal Tom\u00e1s Caballero, asesinado por ETA hace 23 a\u00f1os"},"content":{"rendered":"<h5>A las 11 horas se celebrar\u00e1 un acto en el cementerio de San Jos\u00e9 con presencia \u00fanicamente de familiares y representantes institucionales<\/h5>\n<p><!--more--><\/p>\n<p>El Ayuntamiento de Pamplona recordar\u00e1 ma\u00f1ana jueves al concejal de UPN Tom\u00e1s Caballero Pastor asesinado por la banda terrorista ETA el 6 de mayo de 1998. Se cumple, por tanto, el vigesimotercer aniversario de su muerte. Como homenaje, el Ayuntamiento celebrar\u00e1 <strong><u>a las 11 horas <\/u><\/strong>un responso frente a su tumba en el cementerio municipal de San Jos\u00e9.<\/p>\n<p><script async src=\"\/\/pagead2.googlesyndication.com\/pagead\/js\/adsbygoogle.js\"><\/script><br \/>\n<!-- Noticias La Guia de Pamplona --><br \/>\n<ins class=\"adsbygoogle\"\nstyle=\"display:block\"\ndata-ad-client=\"ca-pub-6943679897239327\"\ndata-ad-slot=\"7048180777\"\ndata-ad-format=\"auto\"><\/ins><br \/>\n<script>\n(adsbygoogle = window.adsbygoogle || []).push({});\n<\/script><\/p>\n<p>Debido a las restricciones derivadas de la actual situaci\u00f3n sanitaria por la COVID-19, este acto en su memoria se celebrar\u00e1 con la asistencia \u00fanicamente de familiares y representantes institucionales, entre ellos el alcalde de Pamplona, Enrique Maya, y miembros de la Corporaci\u00f3n municipal. Al igual que el a\u00f1o pasado, cuando la pandemia no permiti\u00f3 siquiera la celebraci\u00f3n de este acto, el Ayuntamiento de Pamplona invita a la ciudadan\u00eda a unirse de forma individual, no de forma presencial, al recuerdo por Tom\u00e1s Caballero y al sentimiento de la familia.<\/p>\n<p><script async src=\"\/\/pagead2.googlesyndication.com\/pagead\/js\/adsbygoogle.js\"><\/script><br \/>\n<!-- Noticias La Guia de Pamplona --><br \/>\n<ins class=\"adsbygoogle\"\nstyle=\"display:block\"\ndata-ad-client=\"ca-pub-6943679897239327\"\ndata-ad-slot=\"7048180777\"\ndata-ad-format=\"auto\"><\/ins><br \/>\n<script>\n(adsbygoogle = window.adsbygoogle || []).push({});\n<\/script><\/p>\n<p>Tom\u00e1s Caballero Pastor era en 1998 el portavoz del grupo municipal de UPN en el Ayuntamiento de Pamplona. Fue asesinado a tiros en las inmediaciones de su casa, cuando se dirig\u00eda coger el coche para acudir a su trabajo en el Ayuntamiento.<\/p>\n","protected":false},"excerpt":{"rendered":"<p>A las 11 horas se celebrar\u00e1 un acto en el cementerio de San Jos\u00e9 con presencia \u00fanicamente de familiares y representantes institucionales<\/p>\n","protected":false},"author":1,"featured_media":34638,"comment_status":"open","ping_status":"closed","sticky":false,"template":"","format":"standard","meta":{"footnotes":""},"categories":[2],"tags":[],"class_list":["post-34637","post","type-post","status-publish","format-standard","has-post-thumbnail","hentry","category-ayuntamiento-pamplona"],"yoast_head":"<!-- This site is optimized with the Yoast SEO plugin v27.3 - https:\/\/yoast.com\/product\/yoast-seo-wordpress\/ -->\n<title>El Ayuntamiento de Pamplona recuerda este jueves al concejal Tom\u00e1s Caballero, asesinado por ETA hace 23 a\u00f1os<\/title>\n<meta name=\"description\" content=\"A las 11 horas se celebrar\u00e1 un acto en el cementerio de San Jos\u00e9 con presencia \u00fanicamente de familiares y representantes institucionales\" \/>\n<meta name=\"robots\" content=\"index, follow, max-snippet:-1, max-image-preview:large, max-video-preview:-1\" \/>\n<link rel=\"canonical\" href=\"https:\/\/www.laguiadepamplona.com\/actualidad\/el-ayuntamiento-de-pamplona-recuerda-este-jueves-al-concejal-tomas-caballero-asesinado-por-eta-hace-23-anos\/\" \/>\n<meta property=\"og:locale\" content=\"es_ES\" \/>\n<meta property=\"og:type\" content=\"article\" \/>\n<meta property=\"og:title\" content=\"El Ayuntamiento de Pamplona recuerda este jueves al concejal Tom\u00e1s Caballero, asesinado por ETA hace 23 a\u00f1os\" \/>\n<meta property=\"og:description\" content=\"A las 11 horas se celebrar\u00e1 un acto en el cementerio de San Jos\u00e9 con presencia \u00fanicamente de familiares y representantes institucionales\" \/>\n<meta property=\"og:url\" content=\"https:\/\/www.laguiadepamplona.com\/actualidad\/el-ayuntamiento-de-pamplona-recuerda-este-jueves-al-concejal-tomas-caballero-asesinado-por-eta-hace-23-anos\/\" \/>\n<meta property=\"og:site_name\" content=\"La Gu\u00eda de Pamplona\" \/>\n<meta property=\"article:publisher\" content=\"https:\/\/www.facebook.com\/laguiadepamplonacom-133175176762273\/?ref=hl\" \/>\n<meta property=\"article:published_time\" content=\"2021-05-05T10:43:34+00:00\" \/>\n<meta property=\"article:modified_time\" content=\"2023-04-11T09:49:35+00:00\" \/>\n<meta property=\"og:image\" content=\"https:\/\/www.laguiadepamplona.com\/actualidad\/wp-content\/uploads\/2021\/05\/placasETA-tomas-caballero_JGV2972.jpg\" \/>\n\t<meta property=\"og:image:width\" content=\"1920\" \/>\n\t<meta property=\"og:image:height\" content=\"1280\" \/>\n\t<meta property=\"og:image:type\" content=\"image\/jpeg\" \/>\n<meta name=\"author\" content=\"La Gu\u00eda de Pamplona\" \/>\n<meta name=\"twitter:card\" content=\"summary_large_image\" \/>\n<meta name=\"twitter:creator\" content=\"@LaGuiadPamplona\" \/>\n<meta name=\"twitter:site\" content=\"@LaGuiadPamplona\" \/>\n<meta name=\"twitter:label1\" content=\"Escrito por\" \/>\n\t<meta name=\"twitter:data1\" content=\"La Gu\u00eda de Pamplona\" \/>\n\t<meta name=\"twitter:label2\" content=\"Tiempo de lectura\" \/>\n\t<meta name=\"twitter:data2\" content=\"1 minuto\" \/>\n<script type=\"application\/ld+json\" class=\"yoast-schema-graph\">{\"@context\":\"https:\\\/\\\/schema.org\",\"@graph\":[{\"@type\":\"Article\",\"@id\":\"https:\\\/\\\/www.laguiadepamplona.com\\\/actualidad\\\/el-ayuntamiento-de-pamplona-recuerda-este-jueves-al-concejal-tomas-caballero-asesinado-por-eta-hace-23-anos\\\/#article\",\"isPartOf\":{\"@id\":\"https:\\\/\\\/www.laguiadepamplona.com\\\/actualidad\\\/el-ayuntamiento-de-pamplona-recuerda-este-jueves-al-concejal-tomas-caballero-asesinado-por-eta-hace-23-anos\\\/\"},\"author\":{\"name\":\"La Gu\u00eda de Pamplona\",\"@id\":\"https:\\\/\\\/www.laguiadepamplona.com\\\/actualidad\\\/#\\\/schema\\\/person\\\/efe887376f0213d4657c93adc50b1fdb\"},\"headline\":\"El Ayuntamiento de Pamplona recuerda este jueves al concejal Tom\u00e1s Caballero, asesinado por ETA hace 23 a\u00f1os\",\"datePublished\":\"2021-05-05T10:43:34+00:00\",\"dateModified\":\"2023-04-11T09:49:35+00:00\",\"mainEntityOfPage\":{\"@id\":\"https:\\\/\\\/www.laguiadepamplona.com\\\/actualidad\\\/el-ayuntamiento-de-pamplona-recuerda-este-jueves-al-concejal-tomas-caballero-asesinado-por-eta-hace-23-anos\\\/\"},\"wordCount\":233,\"commentCount\":0,\"publisher\":{\"@id\":\"https:\\\/\\\/www.laguiadepamplona.com\\\/actualidad\\\/#organization\"},\"image\":{\"@id\":\"https:\\\/\\\/www.laguiadepamplona.com\\\/actualidad\\\/el-ayuntamiento-de-pamplona-recuerda-este-jueves-al-concejal-tomas-caballero-asesinado-por-eta-hace-23-anos\\\/#primaryimage\"},\"thumbnailUrl\":\"https:\\\/\\\/www.laguiadepamplona.com\\\/actualidad\\\/wp-content\\\/uploads\\\/2021\\\/05\\\/placasETA-tomas-caballero_JGV2972.jpg\",\"articleSection\":[\"Ayto Pamplona\"],\"inLanguage\":\"es\",\"potentialAction\":[{\"@type\":\"CommentAction\",\"name\":\"Comment\",\"target\":[\"https:\\\/\\\/www.laguiadepamplona.com\\\/actualidad\\\/el-ayuntamiento-de-pamplona-recuerda-este-jueves-al-concejal-tomas-caballero-asesinado-por-eta-hace-23-anos\\\/#respond\"]}]},{\"@type\":\"WebPage\",\"@id\":\"https:\\\/\\\/www.laguiadepamplona.com\\\/actualidad\\\/el-ayuntamiento-de-pamplona-recuerda-este-jueves-al-concejal-tomas-caballero-asesinado-por-eta-hace-23-anos\\\/\",\"url\":\"https:\\\/\\\/www.laguiadepamplona.com\\\/actualidad\\\/el-ayuntamiento-de-pamplona-recuerda-este-jueves-al-concejal-tomas-caballero-asesinado-por-eta-hace-23-anos\\\/\",\"name\":\"El Ayuntamiento de Pamplona recuerda este jueves al concejal Tom\u00e1s Caballero, asesinado por ETA hace 23 a\u00f1os\",\"isPartOf\":{\"@id\":\"https:\\\/\\\/www.laguiadepamplona.com\\\/actualidad\\\/#website\"},\"primaryImageOfPage\":{\"@id\":\"https:\\\/\\\/www.laguiadepamplona.com\\\/actualidad\\\/el-ayuntamiento-de-pamplona-recuerda-este-jueves-al-concejal-tomas-caballero-asesinado-por-eta-hace-23-anos\\\/#primaryimage\"},\"image\":{\"@id\":\"https:\\\/\\\/www.laguiadepamplona.com\\\/actualidad\\\/el-ayuntamiento-de-pamplona-recuerda-este-jueves-al-concejal-tomas-caballero-asesinado-por-eta-hace-23-anos\\\/#primaryimage\"},\"thumbnailUrl\":\"https:\\\/\\\/www.laguiadepamplona.com\\\/actualidad\\\/wp-content\\\/uploads\\\/2021\\\/05\\\/placasETA-tomas-caballero_JGV2972.jpg\",\"datePublished\":\"2021-05-05T10:43:34+00:00\",\"dateModified\":\"2023-04-11T09:49:35+00:00\",\"description\":\"A las 11 horas se celebrar\u00e1 un acto en el cementerio de San Jos\u00e9 con presencia \u00fanicamente de familiares y representantes institucionales\",\"breadcrumb\":{\"@id\":\"https:\\\/\\\/www.laguiadepamplona.com\\\/actualidad\\\/el-ayuntamiento-de-pamplona-recuerda-este-jueves-al-concejal-tomas-caballero-asesinado-por-eta-hace-23-anos\\\/#breadcrumb\"},\"inLanguage\":\"es\",\"potentialAction\":[{\"@type\":\"ReadAction\",\"target\":[\"https:\\\/\\\/www.laguiadepamplona.com\\\/actualidad\\\/el-ayuntamiento-de-pamplona-recuerda-este-jueves-al-concejal-tomas-caballero-asesinado-por-eta-hace-23-anos\\\/\"]}]},{\"@type\":\"ImageObject\",\"inLanguage\":\"es\",\"@id\":\"https:\\\/\\\/www.laguiadepamplona.com\\\/actualidad\\\/el-ayuntamiento-de-pamplona-recuerda-este-jueves-al-concejal-tomas-caballero-asesinado-por-eta-hace-23-anos\\\/#primaryimage\",\"url\":\"https:\\\/\\\/www.laguiadepamplona.com\\\/actualidad\\\/wp-content\\\/uploads\\\/2021\\\/05\\\/placasETA-tomas-caballero_JGV2972.jpg\",\"contentUrl\":\"https:\\\/\\\/www.laguiadepamplona.com\\\/actualidad\\\/wp-content\\\/uploads\\\/2021\\\/05\\\/placasETA-tomas-caballero_JGV2972.jpg\",\"width\":1920,\"height\":1280,\"caption\":\"A* Jes\u00fas Garzaron F* 2021_04_17 T* Placas por las v\u00edctimas de ETA. Homenaje a Vicente Luis Garcera L\u00f3pez(Puente de la Magdalena), Jos\u00e9 Manuel Baena Mart\u00edn (Av. San Jorge), Jes\u00fas Vidaurre Olleta y Jos\u00e9 Oyaga Mara\u00f1\u00f3n (Calle San Miguel con Plaza San Francisco), Alberto Toca Echeverr\u00eda (Castillo de Maya 42), Diego Torrente Reverte (Edificio de los Madro\u00f1os, UPNA), Tom\u00e1s Caballero Pastor (Calle Mutilva Baja 38) L* Pamplona\"},{\"@type\":\"BreadcrumbList\",\"@id\":\"https:\\\/\\\/www.laguiadepamplona.com\\\/actualidad\\\/el-ayuntamiento-de-pamplona-recuerda-este-jueves-al-concejal-tomas-caballero-asesinado-por-eta-hace-23-anos\\\/#breadcrumb\",\"itemListElement\":[{\"@type\":\"ListItem\",\"position\":1,\"name\":\"Portada\",\"item\":\"https:\\\/\\\/www.laguiadepamplona.com\\\/actualidad\\\/\"},{\"@type\":\"ListItem\",\"position\":2,\"name\":\"El Ayuntamiento de Pamplona recuerda este jueves al concejal Tom\u00e1s Caballero, asesinado por ETA hace 23 a\u00f1os\"}]},{\"@type\":\"WebSite\",\"@id\":\"https:\\\/\\\/www.laguiadepamplona.com\\\/actualidad\\\/#website\",\"url\":\"https:\\\/\\\/www.laguiadepamplona.com\\\/actualidad\\\/\",\"name\":\"La gu\u00eda de Pamplona\",\"description\":\"Noticias de Pamplona\",\"publisher\":{\"@id\":\"https:\\\/\\\/www.laguiadepamplona.com\\\/actualidad\\\/#organization\"},\"potentialAction\":[{\"@type\":\"SearchAction\",\"target\":{\"@type\":\"EntryPoint\",\"urlTemplate\":\"https:\\\/\\\/www.laguiadepamplona.com\\\/actualidad\\\/?s={search_term_string}\"},\"query-input\":{\"@type\":\"PropertyValueSpecification\",\"valueRequired\":true,\"valueName\":\"search_term_string\"}}],\"inLanguage\":\"es\"},{\"@type\":\"Organization\",\"@id\":\"https:\\\/\\\/www.laguiadepamplona.com\\\/actualidad\\\/#organization\",\"name\":\"La Gu\u00eda de Pamplona \\\/ Noticias\",\"url\":\"https:\\\/\\\/www.laguiadepamplona.com\\\/actualidad\\\/\",\"logo\":{\"@type\":\"ImageObject\",\"inLanguage\":\"es\",\"@id\":\"https:\\\/\\\/www.laguiadepamplona.com\\\/actualidad\\\/#\\\/schema\\\/logo\\\/image\\\/\",\"url\":\"https:\\\/\\\/www.laguiadepamplona.com\\\/actualidad\\\/wp-content\\\/uploads\\\/2018\\\/11\\\/logo-laguiadepamplona18-web1.png\",\"contentUrl\":\"https:\\\/\\\/www.laguiadepamplona.com\\\/actualidad\\\/wp-content\\\/uploads\\\/2018\\\/11\\\/logo-laguiadepamplona18-web1.png\",\"width\":600,\"height\":196,\"caption\":\"La Gu\u00eda de Pamplona \\\/ Noticias\"},\"image\":{\"@id\":\"https:\\\/\\\/www.laguiadepamplona.com\\\/actualidad\\\/#\\\/schema\\\/logo\\\/image\\\/\"},\"sameAs\":[\"https:\\\/\\\/www.facebook.com\\\/laguiadepamplonacom-133175176762273\\\/?ref=hl\",\"https:\\\/\\\/x.com\\\/LaGuiadPamplona\",\"https:\\\/\\\/www.instagram.com\\\/la_guia_de_pamplona\\\/\",\"https:\\\/\\\/www.youtube.com\\\/user\\\/laguiadepamplona\"]},{\"@type\":\"Person\",\"@id\":\"https:\\\/\\\/www.laguiadepamplona.com\\\/actualidad\\\/#\\\/schema\\\/person\\\/efe887376f0213d4657c93adc50b1fdb\",\"name\":\"La Gu\u00eda de Pamplona\",\"image\":{\"@type\":\"ImageObject\",\"inLanguage\":\"es\",\"@id\":\"https:\\\/\\\/secure.gravatar.com\\\/avatar\\\/b6992f131dc8d30ab0dff15446e9d346d9dbd95992de0fef795073f5ea83a81c?s=96&d=mm&r=g\",\"url\":\"https:\\\/\\\/secure.gravatar.com\\\/avatar\\\/b6992f131dc8d30ab0dff15446e9d346d9dbd95992de0fef795073f5ea83a81c?s=96&d=mm&r=g\",\"contentUrl\":\"https:\\\/\\\/secure.gravatar.com\\\/avatar\\\/b6992f131dc8d30ab0dff15446e9d346d9dbd95992de0fef795073f5ea83a81c?s=96&d=mm&r=g\",\"caption\":\"La Gu\u00eda de Pamplona\"}}]}<\/script>\n<!-- \/ Yoast SEO plugin. -->","yoast_head_json":{"title":"El Ayuntamiento de Pamplona recuerda este jueves al concejal Tom\u00e1s Caballero, asesinado por ETA hace 23 a\u00f1os","description":"A las 11 horas se celebrar\u00e1 un acto en el cementerio de San Jos\u00e9 con presencia \u00fanicamente de familiares y representantes institucionales","robots":{"index":"index","follow":"follow","max-snippet":"max-snippet:-1","max-image-preview":"max-image-preview:large","max-video-preview":"max-video-preview:-1"},"canonical":"https:\/\/www.laguiadepamplona.com\/actualidad\/el-ayuntamiento-de-pamplona-recuerda-este-jueves-al-concejal-tomas-caballero-asesinado-por-eta-hace-23-anos\/","og_locale":"es_ES","og_type":"article","og_title":"El Ayuntamiento de Pamplona recuerda este jueves al concejal Tom\u00e1s Caballero, asesinado por ETA hace 23 a\u00f1os","og_description":"A las 11 horas se celebrar\u00e1 un acto en el cementerio de San Jos\u00e9 con presencia \u00fanicamente de familiares y representantes institucionales","og_url":"https:\/\/www.laguiadepamplona.com\/actualidad\/el-ayuntamiento-de-pamplona-recuerda-este-jueves-al-concejal-tomas-caballero-asesinado-por-eta-hace-23-anos\/","og_site_name":"La Gu\u00eda de Pamplona","article_publisher":"https:\/\/www.facebook.com\/laguiadepamplonacom-133175176762273\/?ref=hl","article_published_time":"2021-05-05T10:43:34+00:00","article_modified_time":"2023-04-11T09:49:35+00:00","og_image":[{"width":1920,"height":1280,"url":"https:\/\/www.laguiadepamplona.com\/actualidad\/wp-content\/uploads\/2021\/05\/placasETA-tomas-caballero_JGV2972.jpg","type":"image\/jpeg"}],"author":"La Gu\u00eda de Pamplona","twitter_card":"summary_large_image","twitter_creator":"@LaGuiadPamplona","twitter_site":"@LaGuiadPamplona","twitter_misc":{"Escrito por":"La Gu\u00eda de Pamplona","Tiempo de lectura":"1 minuto"},"schema":{"@context":"https:\/\/schema.org","@graph":[{"@type":"Article","@id":"https:\/\/www.laguiadepamplona.com\/actualidad\/el-ayuntamiento-de-pamplona-recuerda-este-jueves-al-concejal-tomas-caballero-asesinado-por-eta-hace-23-anos\/#article","isPartOf":{"@id":"https:\/\/www.laguiadepamplona.com\/actualidad\/el-ayuntamiento-de-pamplona-recuerda-este-jueves-al-concejal-tomas-caballero-asesinado-por-eta-hace-23-anos\/"},"author":{"name":"La Gu\u00eda de Pamplona","@id":"https:\/\/www.laguiadepamplona.com\/actualidad\/#\/schema\/person\/efe887376f0213d4657c93adc50b1fdb"},"headline":"El Ayuntamiento de Pamplona recuerda este jueves al concejal Tom\u00e1s Caballero, asesinado por ETA hace 23 a\u00f1os","datePublished":"2021-05-05T10:43:34+00:00","dateModified":"2023-04-11T09:49:35+00:00","mainEntityOfPage":{"@id":"https:\/\/www.laguiadepamplona.com\/actualidad\/el-ayuntamiento-de-pamplona-recuerda-este-jueves-al-concejal-tomas-caballero-asesinado-por-eta-hace-23-anos\/"},"wordCount":233,"commentCount":0,"publisher":{"@id":"https:\/\/www.laguiadepamplona.com\/actualidad\/#organization"},"image":{"@id":"https:\/\/www.laguiadepamplona.com\/actualidad\/el-ayuntamiento-de-pamplona-recuerda-este-jueves-al-concejal-tomas-caballero-asesinado-por-eta-hace-23-anos\/#primaryimage"},"thumbnailUrl":"https:\/\/www.laguiadepamplona.com\/actualidad\/wp-content\/uploads\/2021\/05\/placasETA-tomas-caballero_JGV2972.jpg","articleSection":["Ayto Pamplona"],"inLanguage":"es","potentialAction":[{"@type":"CommentAction","name":"Comment","target":["https:\/\/www.laguiadepamplona.com\/actualidad\/el-ayuntamiento-de-pamplona-recuerda-este-jueves-al-concejal-tomas-caballero-asesinado-por-eta-hace-23-anos\/#respond"]}]},{"@type":"WebPage","@id":"https:\/\/www.laguiadepamplona.com\/actualidad\/el-ayuntamiento-de-pamplona-recuerda-este-jueves-al-concejal-tomas-caballero-asesinado-por-eta-hace-23-anos\/","url":"https:\/\/www.laguiadepamplona.com\/actualidad\/el-ayuntamiento-de-pamplona-recuerda-este-jueves-al-concejal-tomas-caballero-asesinado-por-eta-hace-23-anos\/","name":"El Ayuntamiento de Pamplona recuerda este jueves al concejal Tom\u00e1s Caballero, asesinado por ETA hace 23 a\u00f1os","isPartOf":{"@id":"https:\/\/www.laguiadepamplona.com\/actualidad\/#website"},"primaryImageOfPage":{"@id":"https:\/\/www.laguiadepamplona.com\/actualidad\/el-ayuntamiento-de-pamplona-recuerda-este-jueves-al-concejal-tomas-caballero-asesinado-por-eta-hace-23-anos\/#primaryimage"},"image":{"@id":"https:\/\/www.laguiadepamplona.com\/actualidad\/el-ayuntamiento-de-pamplona-recuerda-este-jueves-al-concejal-tomas-caballero-asesinado-por-eta-hace-23-anos\/#primaryimage"},"thumbnailUrl":"https:\/\/www.laguiadepamplona.com\/actualidad\/wp-content\/uploads\/2021\/05\/placasETA-tomas-caballero_JGV2972.jpg","datePublished":"2021-05-05T10:43:34+00:00","dateModified":"2023-04-11T09:49:35+00:00","description":"A las 11 horas se celebrar\u00e1 un acto en el cementerio de San Jos\u00e9 con presencia \u00fanicamente de familiares y representantes institucionales","breadcrumb":{"@id":"https:\/\/www.laguiadepamplona.com\/actualidad\/el-ayuntamiento-de-pamplona-recuerda-este-jueves-al-concejal-tomas-caballero-asesinado-por-eta-hace-23-anos\/#breadcrumb"},"inLanguage":"es","potentialAction":[{"@type":"ReadAction","target":["https:\/\/www.laguiadepamplona.com\/actualidad\/el-ayuntamiento-de-pamplona-recuerda-este-jueves-al-concejal-tomas-caballero-asesinado-por-eta-hace-23-anos\/"]}]},{"@type":"ImageObject","inLanguage":"es","@id":"https:\/\/www.laguiadepamplona.com\/actualidad\/el-ayuntamiento-de-pamplona-recuerda-este-jueves-al-concejal-tomas-caballero-asesinado-por-eta-hace-23-anos\/#primaryimage","url":"https:\/\/www.laguiadepamplona.com\/actualidad\/wp-content\/uploads\/2021\/05\/placasETA-tomas-caballero_JGV2972.jpg","contentUrl":"https:\/\/www.laguiadepamplona.com\/actualidad\/wp-content\/uploads\/2021\/05\/placasETA-tomas-caballero_JGV2972.jpg","width":1920,"height":1280,"caption":"A* Jes\u00fas Garzaron F* 2021_04_17 T* Placas por las v\u00edctimas de ETA. Homenaje a Vicente Luis Garcera L\u00f3pez(Puente de la Magdalena), Jos\u00e9 Manuel Baena Mart\u00edn (Av. San Jorge), Jes\u00fas Vidaurre Olleta y Jos\u00e9 Oyaga Mara\u00f1\u00f3n (Calle San Miguel con Plaza San Francisco), Alberto Toca Echeverr\u00eda (Castillo de Maya 42), Diego Torrente Reverte (Edificio de los Madro\u00f1os, UPNA), Tom\u00e1s Caballero Pastor (Calle Mutilva Baja 38) L* Pamplona"},{"@type":"BreadcrumbList","@id":"https:\/\/www.laguiadepamplona.com\/actualidad\/el-ayuntamiento-de-pamplona-recuerda-este-jueves-al-concejal-tomas-caballero-asesinado-por-eta-hace-23-anos\/#breadcrumb","itemListElement":[{"@type":"ListItem","position":1,"name":"Portada","item":"https:\/\/www.laguiadepamplona.com\/actualidad\/"},{"@type":"ListItem","position":2,"name":"El Ayuntamiento de Pamplona recuerda este jueves al concejal Tom\u00e1s Caballero, asesinado por ETA hace 23 a\u00f1os"}]},{"@type":"WebSite","@id":"https:\/\/www.laguiadepamplona.com\/actualidad\/#website","url":"https:\/\/www.laguiadepamplona.com\/actualidad\/","name":"La gu\u00eda de Pamplona","description":"Noticias de Pamplona","publisher":{"@id":"https:\/\/www.laguiadepamplona.com\/actualidad\/#organization"},"potentialAction":[{"@type":"SearchAction","target":{"@type":"EntryPoint","urlTemplate":"https:\/\/www.laguiadepamplona.com\/actualidad\/?s={search_term_string}"},"query-input":{"@type":"PropertyValueSpecification","valueRequired":true,"valueName":"search_term_string"}}],"inLanguage":"es"},{"@type":"Organization","@id":"https:\/\/www.laguiadepamplona.com\/actualidad\/#organization","name":"La Gu\u00eda de Pamplona \/ Noticias","url":"https:\/\/www.laguiadepamplona.com\/actualidad\/","logo":{"@type":"ImageObject","inLanguage":"es","@id":"https:\/\/www.laguiadepamplona.com\/actualidad\/#\/schema\/logo\/image\/","url":"https:\/\/www.laguiadepamplona.com\/actualidad\/wp-content\/uploads\/2018\/11\/logo-laguiadepamplona18-web1.png","contentUrl":"https:\/\/www.laguiadepamplona.com\/actualidad\/wp-content\/uploads\/2018\/11\/logo-laguiadepamplona18-web1.png","width":600,"height":196,"caption":"La Gu\u00eda de Pamplona \/ Noticias"},"image":{"@id":"https:\/\/www.laguiadepamplona.com\/actualidad\/#\/schema\/logo\/image\/"},"sameAs":["https:\/\/www.facebook.com\/laguiadepamplonacom-133175176762273\/?ref=hl","https:\/\/x.com\/LaGuiadPamplona","https:\/\/www.instagram.com\/la_guia_de_pamplona\/","https:\/\/www.youtube.com\/user\/laguiadepamplona"]},{"@type":"Person","@id":"https:\/\/www.laguiadepamplona.com\/actualidad\/#\/schema\/person\/efe887376f0213d4657c93adc50b1fdb","name":"La Gu\u00eda de Pamplona","image":{"@type":"ImageObject","inLanguage":"es","@id":"https:\/\/secure.gravatar.com\/avatar\/b6992f131dc8d30ab0dff15446e9d346d9dbd95992de0fef795073f5ea83a81c?s=96&d=mm&r=g","url":"https:\/\/secure.gravatar.com\/avatar\/b6992f131dc8d30ab0dff15446e9d346d9dbd95992de0fef795073f5ea83a81c?s=96&d=mm&r=g","contentUrl":"https:\/\/secure.gravatar.com\/avatar\/b6992f131dc8d30ab0dff15446e9d346d9dbd95992de0fef795073f5ea83a81c?s=96&d=mm&r=g","caption":"La Gu\u00eda de Pamplona"}}]}},"post_mailing_queue_ids":[],"_links":{"self":[{"href":"https:\/\/www.laguiadepamplona.com\/actualidad\/wp-json\/wp\/v2\/posts\/34637","targetHints":{"allow":["GET"]}}],"collection":[{"href":"https:\/\/www.laguiadepamplona.com\/actualidad\/wp-json\/wp\/v2\/posts"}],"about":[{"href":"https:\/\/www.laguiadepamplona.com\/actualidad\/wp-json\/wp\/v2\/types\/post"}],"author":[{"embeddable":true,"href":"https:\/\/www.laguiadepamplona.com\/actualidad\/wp-json\/wp\/v2\/users\/1"}],"replies":[{"embeddable":true,"href":"https:\/\/www.laguiadepamplona.com\/actualidad\/wp-json\/wp\/v2\/comments?post=34637"}],"version-history":[{"count":0,"href":"https:\/\/www.laguiadepamplona.com\/actualidad\/wp-json\/wp\/v2\/posts\/34637\/revisions"}],"wp:featuredmedia":[{"embeddable":true,"href":"https:\/\/www.laguiadepamplona.com\/actualidad\/wp-json\/wp\/v2\/media\/34638"}],"wp:attachment":[{"href":"https:\/\/www.laguiadepamplona.com\/actualidad\/wp-json\/wp\/v2\/media?parent=34637"}],"wp:term":[{"taxonomy":"category","embeddable":true,"href":"https:\/\/www.laguiadepamplona.com\/actualidad\/wp-json\/wp\/v2\/categories?post=34637"},{"taxonomy":"post_tag","embeddable":true,"href":"https:\/\/www.laguiadepamplona.com\/actualidad\/wp-json\/wp\/v2\/tags?post=34637"}],"curies":[{"name":"wp","href":"https:\/\/api.w.org\/{rel}","templated":true}]}}