{"id":34635,"date":"2021-05-05T12:41:35","date_gmt":"2021-05-05T10:41:35","guid":{"rendered":"https:\/\/www.laguiadepamplona.com\/actualidad\/?p=34635"},"modified":"2023-04-11T11:49:35","modified_gmt":"2023-04-11T09:49:35","slug":"adjudicadas-las-obras-para-la-ampliacion-del-comedor-del-c-p-san-juan-de-la-cadena-que-se-preve-que-esten-concluidas-para-el-comienzo-del-proximo-curso","status":"publish","type":"post","link":"https:\/\/www.laguiadepamplona.com\/actualidad\/adjudicadas-las-obras-para-la-ampliacion-del-comedor-del-c-p-san-juan-de-la-cadena-que-se-preve-que-esten-concluidas-para-el-comienzo-del-proximo-curso\/","title":{"rendered":"Adjudicadas las obras para la ampliaci\u00f3n del comedor del C.P. San Juan de la Cadena, que se prev\u00e9 que est\u00e9n concluidas para el comienzo del pr\u00f3ximo curso"},"content":{"rendered":"<h5>El presupuesto ser\u00e1 de 186.327,90 euros para una actuaci\u00f3n que forma parte de las inversiones anuales en colegios p\u00fablicos de Infantil y Primaria<\/h5>\n<p><!--more--><\/p>\n<p>La Junta de Gobierno Local aprob\u00f3 el lunes la adjudicaci\u00f3n de las obras para la ampliaci\u00f3n del comedor del C.P. San Juan de la Cadena y la creaci\u00f3n de una nueva aula en la primera planta. Se prev\u00e9 que los trabajos comiencen en el mes de junio y se desarrollen durante el verano para que puedan estar listas al inicio del pr\u00f3ximo curso. Las obras las llevar\u00e1 a cabo la empresa Erki Construcci\u00f3n Sostenible S.L. por 186.327,90 euros, con un 3% de baja respecto al previo de licitaci\u00f3n, que fue de 192.184,35 euros.<\/p>\n<p><script async src=\"\/\/pagead2.googlesyndication.com\/pagead\/js\/adsbygoogle.js\"><\/script><br \/>\n<!-- Noticias La Guia de Pamplona --><br \/>\n<ins class=\"adsbygoogle\"\nstyle=\"display:block\"\ndata-ad-client=\"ca-pub-6943679897239327\"\ndata-ad-slot=\"7048180777\"\ndata-ad-format=\"auto\"><\/ins><br \/>\n<script>\n(adsbygoogle = window.adsbygoogle || []).push({});\n<\/script><\/p>\n<p>En esta intervenci\u00f3n se abrir\u00e1 un hueco en la fachada del patio junto al actual comedor para permitir el paso del comedor existente hacia la ampliaci\u00f3n de \u00e9ste. Se realizar\u00e1 una nueva estructura formada por pilares met\u00e1licos sobre zapatas de hormig\u00f3n aisladas, vigas de acero y forjado de chapa colaborante. Se utilizar\u00e1 la cubierta de la ampliaci\u00f3n para colocar las unidades exteriores para la ventilaci\u00f3n de las nuevas estancias. Con la ampliaci\u00f3n no se ocupar\u00e1 todo el espacio del patio. Se crea un peque\u00f1o patio junto al ascensor, que permitir\u00e1 mantener la iluminaci\u00f3n y ventilaci\u00f3n natural de las zonas de circulaci\u00f3n.<\/p>\n<p>El resto de cambios en distribuci\u00f3n ser\u00e1n m\u00ednimos, aunque ser\u00e1 necesario actuar en la secretar\u00eda de la planta primera, pues se crear\u00e1 un pasillo de acceso a la nueva aula, disminuyendo un poco la superficie del espacio de secretar\u00eda. La nueva fachada de la ampliaci\u00f3n, estar\u00e1 formada por grandes huecos acristalados con carpinter\u00edas con rotura de puente t\u00e9rmico.<\/p>\n<p><script async src=\"\/\/pagead2.googlesyndication.com\/pagead\/js\/adsbygoogle.js\"><\/script><br \/>\n<!-- Noticias La Guia de Pamplona --><br \/>\n<ins class=\"adsbygoogle\"\nstyle=\"display:block\"\ndata-ad-client=\"ca-pub-6943679897239327\"\ndata-ad-slot=\"7048180777\"\ndata-ad-format=\"auto\"><\/ins><br \/>\n<script>\n(adsbygoogle = window.adsbygoogle || []).push({});\n<\/script><\/p>\n<p>Estas obras en el C.P. San Juan de la Cadena se enmarcan en las inversiones anuales que el Ayuntamiento de Pamplona realiza para la mejora de las instalaciones en los colegios p\u00fablicos de la ciudad. En el primer trimestre del a\u00f1o se licitaron cuatro contratos, con un importe total de 993.000 euros, para llevar a cabo trabajos de reforma de aseos y ba\u00f1os o sustituci\u00f3n de ventanas y carpinter\u00edas, entre otros, en siete centros p\u00fablicos de Infantil y Primaria de la ciudad, San Francisco, Sanduzelai, Hegoalde, Amaiur, Iturrama, Garc\u00eda Galdeano y San Juan de la Cadena.<\/p>\n","protected":false},"excerpt":{"rendered":"<p>El presupuesto ser\u00e1 de 186.327,90 euros para una actuaci\u00f3n que forma parte de las inversiones anuales en colegios p\u00fablicos de Infantil y Primaria<\/p>\n","protected":false},"author":1,"featured_media":33021,"comment_status":"open","ping_status":"closed","sticky":false,"template":"","format":"standard","meta":{"footnotes":""},"categories":[2],"tags":[],"class_list":["post-34635","post","type-post","status-publish","format-standard","has-post-thumbnail","hentry","category-ayuntamiento-pamplona"],"yoast_head":"<!-- This site is optimized with the Yoast SEO plugin v27.5 - https:\/\/yoast.com\/product\/yoast-seo-wordpress\/ -->\n<title>Adjudicadas las obras para la ampliaci\u00f3n del comedor del C.P. San Juan de la Cadena, que se prev\u00e9 que est\u00e9n concluidas para el comienzo del pr\u00f3ximo curso<\/title>\n<meta name=\"description\" content=\"El presupuesto ser\u00e1 de 186.327,90 euros para una actuaci\u00f3n que forma parte de las inversiones anuales en colegios p\u00fablicos de Infantil y Primaria\" \/>\n<meta name=\"robots\" content=\"index, follow, max-snippet:-1, max-image-preview:large, max-video-preview:-1\" \/>\n<link rel=\"canonical\" href=\"https:\/\/www.laguiadepamplona.com\/actualidad\/adjudicadas-las-obras-para-la-ampliacion-del-comedor-del-c-p-san-juan-de-la-cadena-que-se-preve-que-esten-concluidas-para-el-comienzo-del-proximo-curso\/\" \/>\n<meta property=\"og:locale\" content=\"es_ES\" \/>\n<meta property=\"og:type\" content=\"article\" \/>\n<meta property=\"og:title\" content=\"Adjudicadas las obras para la ampliaci\u00f3n del comedor del C.P. San Juan de la Cadena, que se prev\u00e9 que est\u00e9n concluidas para el comienzo del pr\u00f3ximo curso\" \/>\n<meta property=\"og:description\" content=\"El presupuesto ser\u00e1 de 186.327,90 euros para una actuaci\u00f3n que forma parte de las inversiones anuales en colegios p\u00fablicos de Infantil y Primaria\" \/>\n<meta property=\"og:url\" content=\"https:\/\/www.laguiadepamplona.com\/actualidad\/adjudicadas-las-obras-para-la-ampliacion-del-comedor-del-c-p-san-juan-de-la-cadena-que-se-preve-que-esten-concluidas-para-el-comienzo-del-proximo-curso\/\" \/>\n<meta property=\"og:site_name\" content=\"La Gu\u00eda de Pamplona\" \/>\n<meta property=\"article:publisher\" content=\"https:\/\/www.facebook.com\/laguiadepamplonacom-133175176762273\/?ref=hl\" \/>\n<meta property=\"article:published_time\" content=\"2021-05-05T10:41:35+00:00\" \/>\n<meta property=\"article:modified_time\" content=\"2023-04-11T09:49:35+00:00\" \/>\n<meta property=\"og:image\" content=\"https:\/\/www.laguiadepamplona.com\/actualidad\/wp-content\/uploads\/2021\/02\/ayuntamiento-pamplona.jpg\" \/>\n\t<meta property=\"og:image:width\" content=\"1920\" \/>\n\t<meta property=\"og:image:height\" content=\"1080\" \/>\n\t<meta property=\"og:image:type\" content=\"image\/jpeg\" \/>\n<meta name=\"author\" content=\"La Gu\u00eda de Pamplona\" \/>\n<meta name=\"twitter:card\" content=\"summary_large_image\" \/>\n<meta name=\"twitter:creator\" content=\"@LaGuiadPamplona\" \/>\n<meta name=\"twitter:site\" content=\"@LaGuiadPamplona\" \/>\n<meta name=\"twitter:label1\" content=\"Escrito por\" \/>\n\t<meta name=\"twitter:data1\" content=\"La Gu\u00eda de Pamplona\" \/>\n\t<meta name=\"twitter:label2\" content=\"Tiempo de lectura\" \/>\n\t<meta name=\"twitter:data2\" content=\"2 minutos\" \/>\n<script type=\"application\/ld+json\" class=\"yoast-schema-graph\">{\"@context\":\"https:\\\/\\\/schema.org\",\"@graph\":[{\"@type\":\"Article\",\"@id\":\"https:\\\/\\\/www.laguiadepamplona.com\\\/actualidad\\\/adjudicadas-las-obras-para-la-ampliacion-del-comedor-del-c-p-san-juan-de-la-cadena-que-se-preve-que-esten-concluidas-para-el-comienzo-del-proximo-curso\\\/#article\",\"isPartOf\":{\"@id\":\"https:\\\/\\\/www.laguiadepamplona.com\\\/actualidad\\\/adjudicadas-las-obras-para-la-ampliacion-del-comedor-del-c-p-san-juan-de-la-cadena-que-se-preve-que-esten-concluidas-para-el-comienzo-del-proximo-curso\\\/\"},\"author\":{\"name\":\"La Gu\u00eda de Pamplona\",\"@id\":\"https:\\\/\\\/www.laguiadepamplona.com\\\/actualidad\\\/#\\\/schema\\\/person\\\/efe887376f0213d4657c93adc50b1fdb\"},\"headline\":\"Adjudicadas las obras para la ampliaci\u00f3n del comedor del C.P. San Juan de la Cadena, que se prev\u00e9 que est\u00e9n concluidas para el comienzo del pr\u00f3ximo curso\",\"datePublished\":\"2021-05-05T10:41:35+00:00\",\"dateModified\":\"2023-04-11T09:49:35+00:00\",\"mainEntityOfPage\":{\"@id\":\"https:\\\/\\\/www.laguiadepamplona.com\\\/actualidad\\\/adjudicadas-las-obras-para-la-ampliacion-del-comedor-del-c-p-san-juan-de-la-cadena-que-se-preve-que-esten-concluidas-para-el-comienzo-del-proximo-curso\\\/\"},\"wordCount\":434,\"commentCount\":0,\"publisher\":{\"@id\":\"https:\\\/\\\/www.laguiadepamplona.com\\\/actualidad\\\/#organization\"},\"image\":{\"@id\":\"https:\\\/\\\/www.laguiadepamplona.com\\\/actualidad\\\/adjudicadas-las-obras-para-la-ampliacion-del-comedor-del-c-p-san-juan-de-la-cadena-que-se-preve-que-esten-concluidas-para-el-comienzo-del-proximo-curso\\\/#primaryimage\"},\"thumbnailUrl\":\"https:\\\/\\\/www.laguiadepamplona.com\\\/actualidad\\\/wp-content\\\/uploads\\\/2021\\\/02\\\/ayuntamiento-pamplona.jpg\",\"articleSection\":[\"Ayto Pamplona\"],\"inLanguage\":\"es\",\"potentialAction\":[{\"@type\":\"CommentAction\",\"name\":\"Comment\",\"target\":[\"https:\\\/\\\/www.laguiadepamplona.com\\\/actualidad\\\/adjudicadas-las-obras-para-la-ampliacion-del-comedor-del-c-p-san-juan-de-la-cadena-que-se-preve-que-esten-concluidas-para-el-comienzo-del-proximo-curso\\\/#respond\"]}]},{\"@type\":\"WebPage\",\"@id\":\"https:\\\/\\\/www.laguiadepamplona.com\\\/actualidad\\\/adjudicadas-las-obras-para-la-ampliacion-del-comedor-del-c-p-san-juan-de-la-cadena-que-se-preve-que-esten-concluidas-para-el-comienzo-del-proximo-curso\\\/\",\"url\":\"https:\\\/\\\/www.laguiadepamplona.com\\\/actualidad\\\/adjudicadas-las-obras-para-la-ampliacion-del-comedor-del-c-p-san-juan-de-la-cadena-que-se-preve-que-esten-concluidas-para-el-comienzo-del-proximo-curso\\\/\",\"name\":\"Adjudicadas las obras para la ampliaci\u00f3n del comedor del C.P. San Juan de la Cadena, que se prev\u00e9 que est\u00e9n concluidas para el comienzo del pr\u00f3ximo curso\",\"isPartOf\":{\"@id\":\"https:\\\/\\\/www.laguiadepamplona.com\\\/actualidad\\\/#website\"},\"primaryImageOfPage\":{\"@id\":\"https:\\\/\\\/www.laguiadepamplona.com\\\/actualidad\\\/adjudicadas-las-obras-para-la-ampliacion-del-comedor-del-c-p-san-juan-de-la-cadena-que-se-preve-que-esten-concluidas-para-el-comienzo-del-proximo-curso\\\/#primaryimage\"},\"image\":{\"@id\":\"https:\\\/\\\/www.laguiadepamplona.com\\\/actualidad\\\/adjudicadas-las-obras-para-la-ampliacion-del-comedor-del-c-p-san-juan-de-la-cadena-que-se-preve-que-esten-concluidas-para-el-comienzo-del-proximo-curso\\\/#primaryimage\"},\"thumbnailUrl\":\"https:\\\/\\\/www.laguiadepamplona.com\\\/actualidad\\\/wp-content\\\/uploads\\\/2021\\\/02\\\/ayuntamiento-pamplona.jpg\",\"datePublished\":\"2021-05-05T10:41:35+00:00\",\"dateModified\":\"2023-04-11T09:49:35+00:00\",\"description\":\"El presupuesto ser\u00e1 de 186.327,90 euros para una actuaci\u00f3n que forma parte de las inversiones anuales en colegios p\u00fablicos de Infantil y Primaria\",\"breadcrumb\":{\"@id\":\"https:\\\/\\\/www.laguiadepamplona.com\\\/actualidad\\\/adjudicadas-las-obras-para-la-ampliacion-del-comedor-del-c-p-san-juan-de-la-cadena-que-se-preve-que-esten-concluidas-para-el-comienzo-del-proximo-curso\\\/#breadcrumb\"},\"inLanguage\":\"es\",\"potentialAction\":[{\"@type\":\"ReadAction\",\"target\":[\"https:\\\/\\\/www.laguiadepamplona.com\\\/actualidad\\\/adjudicadas-las-obras-para-la-ampliacion-del-comedor-del-c-p-san-juan-de-la-cadena-que-se-preve-que-esten-concluidas-para-el-comienzo-del-proximo-curso\\\/\"]}]},{\"@type\":\"ImageObject\",\"inLanguage\":\"es\",\"@id\":\"https:\\\/\\\/www.laguiadepamplona.com\\\/actualidad\\\/adjudicadas-las-obras-para-la-ampliacion-del-comedor-del-c-p-san-juan-de-la-cadena-que-se-preve-que-esten-concluidas-para-el-comienzo-del-proximo-curso\\\/#primaryimage\",\"url\":\"https:\\\/\\\/www.laguiadepamplona.com\\\/actualidad\\\/wp-content\\\/uploads\\\/2021\\\/02\\\/ayuntamiento-pamplona.jpg\",\"contentUrl\":\"https:\\\/\\\/www.laguiadepamplona.com\\\/actualidad\\\/wp-content\\\/uploads\\\/2021\\\/02\\\/ayuntamiento-pamplona.jpg\",\"width\":1920,\"height\":1080},{\"@type\":\"BreadcrumbList\",\"@id\":\"https:\\\/\\\/www.laguiadepamplona.com\\\/actualidad\\\/adjudicadas-las-obras-para-la-ampliacion-del-comedor-del-c-p-san-juan-de-la-cadena-que-se-preve-que-esten-concluidas-para-el-comienzo-del-proximo-curso\\\/#breadcrumb\",\"itemListElement\":[{\"@type\":\"ListItem\",\"position\":1,\"name\":\"Portada\",\"item\":\"https:\\\/\\\/www.laguiadepamplona.com\\\/actualidad\\\/\"},{\"@type\":\"ListItem\",\"position\":2,\"name\":\"Adjudicadas las obras para la ampliaci\u00f3n del comedor del C.P. San Juan de la Cadena, que se prev\u00e9 que est\u00e9n concluidas para el comienzo del pr\u00f3ximo curso\"}]},{\"@type\":\"WebSite\",\"@id\":\"https:\\\/\\\/www.laguiadepamplona.com\\\/actualidad\\\/#website\",\"url\":\"https:\\\/\\\/www.laguiadepamplona.com\\\/actualidad\\\/\",\"name\":\"La gu\u00eda de Pamplona\",\"description\":\"Noticias de Pamplona\",\"publisher\":{\"@id\":\"https:\\\/\\\/www.laguiadepamplona.com\\\/actualidad\\\/#organization\"},\"potentialAction\":[{\"@type\":\"SearchAction\",\"target\":{\"@type\":\"EntryPoint\",\"urlTemplate\":\"https:\\\/\\\/www.laguiadepamplona.com\\\/actualidad\\\/?s={search_term_string}\"},\"query-input\":{\"@type\":\"PropertyValueSpecification\",\"valueRequired\":true,\"valueName\":\"search_term_string\"}}],\"inLanguage\":\"es\"},{\"@type\":\"Organization\",\"@id\":\"https:\\\/\\\/www.laguiadepamplona.com\\\/actualidad\\\/#organization\",\"name\":\"La Gu\u00eda de Pamplona \\\/ Noticias\",\"url\":\"https:\\\/\\\/www.laguiadepamplona.com\\\/actualidad\\\/\",\"logo\":{\"@type\":\"ImageObject\",\"inLanguage\":\"es\",\"@id\":\"https:\\\/\\\/www.laguiadepamplona.com\\\/actualidad\\\/#\\\/schema\\\/logo\\\/image\\\/\",\"url\":\"https:\\\/\\\/www.laguiadepamplona.com\\\/actualidad\\\/wp-content\\\/uploads\\\/2018\\\/11\\\/logo-laguiadepamplona18-web1.png\",\"contentUrl\":\"https:\\\/\\\/www.laguiadepamplona.com\\\/actualidad\\\/wp-content\\\/uploads\\\/2018\\\/11\\\/logo-laguiadepamplona18-web1.png\",\"width\":600,\"height\":196,\"caption\":\"La Gu\u00eda de Pamplona \\\/ Noticias\"},\"image\":{\"@id\":\"https:\\\/\\\/www.laguiadepamplona.com\\\/actualidad\\\/#\\\/schema\\\/logo\\\/image\\\/\"},\"sameAs\":[\"https:\\\/\\\/www.facebook.com\\\/laguiadepamplonacom-133175176762273\\\/?ref=hl\",\"https:\\\/\\\/x.com\\\/LaGuiadPamplona\",\"https:\\\/\\\/www.instagram.com\\\/la_guia_de_pamplona\\\/\",\"https:\\\/\\\/www.youtube.com\\\/user\\\/laguiadepamplona\"]},{\"@type\":\"Person\",\"@id\":\"https:\\\/\\\/www.laguiadepamplona.com\\\/actualidad\\\/#\\\/schema\\\/person\\\/efe887376f0213d4657c93adc50b1fdb\",\"name\":\"La Gu\u00eda de Pamplona\",\"image\":{\"@type\":\"ImageObject\",\"inLanguage\":\"es\",\"@id\":\"https:\\\/\\\/secure.gravatar.com\\\/avatar\\\/b6992f131dc8d30ab0dff15446e9d346d9dbd95992de0fef795073f5ea83a81c?s=96&d=mm&r=g\",\"url\":\"https:\\\/\\\/secure.gravatar.com\\\/avatar\\\/b6992f131dc8d30ab0dff15446e9d346d9dbd95992de0fef795073f5ea83a81c?s=96&d=mm&r=g\",\"contentUrl\":\"https:\\\/\\\/secure.gravatar.com\\\/avatar\\\/b6992f131dc8d30ab0dff15446e9d346d9dbd95992de0fef795073f5ea83a81c?s=96&d=mm&r=g\",\"caption\":\"La Gu\u00eda de Pamplona\"}}]}<\/script>\n<!-- \/ Yoast SEO plugin. -->","yoast_head_json":{"title":"Adjudicadas las obras para la ampliaci\u00f3n del comedor del C.P. San Juan de la Cadena, que se prev\u00e9 que est\u00e9n concluidas para el comienzo del pr\u00f3ximo curso","description":"El presupuesto ser\u00e1 de 186.327,90 euros para una actuaci\u00f3n que forma parte de las inversiones anuales en colegios p\u00fablicos de Infantil y Primaria","robots":{"index":"index","follow":"follow","max-snippet":"max-snippet:-1","max-image-preview":"max-image-preview:large","max-video-preview":"max-video-preview:-1"},"canonical":"https:\/\/www.laguiadepamplona.com\/actualidad\/adjudicadas-las-obras-para-la-ampliacion-del-comedor-del-c-p-san-juan-de-la-cadena-que-se-preve-que-esten-concluidas-para-el-comienzo-del-proximo-curso\/","og_locale":"es_ES","og_type":"article","og_title":"Adjudicadas las obras para la ampliaci\u00f3n del comedor del C.P. San Juan de la Cadena, que se prev\u00e9 que est\u00e9n concluidas para el comienzo del pr\u00f3ximo curso","og_description":"El presupuesto ser\u00e1 de 186.327,90 euros para una actuaci\u00f3n que forma parte de las inversiones anuales en colegios p\u00fablicos de Infantil y Primaria","og_url":"https:\/\/www.laguiadepamplona.com\/actualidad\/adjudicadas-las-obras-para-la-ampliacion-del-comedor-del-c-p-san-juan-de-la-cadena-que-se-preve-que-esten-concluidas-para-el-comienzo-del-proximo-curso\/","og_site_name":"La Gu\u00eda de Pamplona","article_publisher":"https:\/\/www.facebook.com\/laguiadepamplonacom-133175176762273\/?ref=hl","article_published_time":"2021-05-05T10:41:35+00:00","article_modified_time":"2023-04-11T09:49:35+00:00","og_image":[{"width":1920,"height":1080,"url":"https:\/\/www.laguiadepamplona.com\/actualidad\/wp-content\/uploads\/2021\/02\/ayuntamiento-pamplona.jpg","type":"image\/jpeg"}],"author":"La Gu\u00eda de Pamplona","twitter_card":"summary_large_image","twitter_creator":"@LaGuiadPamplona","twitter_site":"@LaGuiadPamplona","twitter_misc":{"Escrito por":"La Gu\u00eda de Pamplona","Tiempo de lectura":"2 minutos"},"schema":{"@context":"https:\/\/schema.org","@graph":[{"@type":"Article","@id":"https:\/\/www.laguiadepamplona.com\/actualidad\/adjudicadas-las-obras-para-la-ampliacion-del-comedor-del-c-p-san-juan-de-la-cadena-que-se-preve-que-esten-concluidas-para-el-comienzo-del-proximo-curso\/#article","isPartOf":{"@id":"https:\/\/www.laguiadepamplona.com\/actualidad\/adjudicadas-las-obras-para-la-ampliacion-del-comedor-del-c-p-san-juan-de-la-cadena-que-se-preve-que-esten-concluidas-para-el-comienzo-del-proximo-curso\/"},"author":{"name":"La Gu\u00eda de Pamplona","@id":"https:\/\/www.laguiadepamplona.com\/actualidad\/#\/schema\/person\/efe887376f0213d4657c93adc50b1fdb"},"headline":"Adjudicadas las obras para la ampliaci\u00f3n del comedor del C.P. San Juan de la Cadena, que se prev\u00e9 que est\u00e9n concluidas para el comienzo del pr\u00f3ximo curso","datePublished":"2021-05-05T10:41:35+00:00","dateModified":"2023-04-11T09:49:35+00:00","mainEntityOfPage":{"@id":"https:\/\/www.laguiadepamplona.com\/actualidad\/adjudicadas-las-obras-para-la-ampliacion-del-comedor-del-c-p-san-juan-de-la-cadena-que-se-preve-que-esten-concluidas-para-el-comienzo-del-proximo-curso\/"},"wordCount":434,"commentCount":0,"publisher":{"@id":"https:\/\/www.laguiadepamplona.com\/actualidad\/#organization"},"image":{"@id":"https:\/\/www.laguiadepamplona.com\/actualidad\/adjudicadas-las-obras-para-la-ampliacion-del-comedor-del-c-p-san-juan-de-la-cadena-que-se-preve-que-esten-concluidas-para-el-comienzo-del-proximo-curso\/#primaryimage"},"thumbnailUrl":"https:\/\/www.laguiadepamplona.com\/actualidad\/wp-content\/uploads\/2021\/02\/ayuntamiento-pamplona.jpg","articleSection":["Ayto Pamplona"],"inLanguage":"es","potentialAction":[{"@type":"CommentAction","name":"Comment","target":["https:\/\/www.laguiadepamplona.com\/actualidad\/adjudicadas-las-obras-para-la-ampliacion-del-comedor-del-c-p-san-juan-de-la-cadena-que-se-preve-que-esten-concluidas-para-el-comienzo-del-proximo-curso\/#respond"]}]},{"@type":"WebPage","@id":"https:\/\/www.laguiadepamplona.com\/actualidad\/adjudicadas-las-obras-para-la-ampliacion-del-comedor-del-c-p-san-juan-de-la-cadena-que-se-preve-que-esten-concluidas-para-el-comienzo-del-proximo-curso\/","url":"https:\/\/www.laguiadepamplona.com\/actualidad\/adjudicadas-las-obras-para-la-ampliacion-del-comedor-del-c-p-san-juan-de-la-cadena-que-se-preve-que-esten-concluidas-para-el-comienzo-del-proximo-curso\/","name":"Adjudicadas las obras para la ampliaci\u00f3n del comedor del C.P. San Juan de la Cadena, que se prev\u00e9 que est\u00e9n concluidas para el comienzo del pr\u00f3ximo curso","isPartOf":{"@id":"https:\/\/www.laguiadepamplona.com\/actualidad\/#website"},"primaryImageOfPage":{"@id":"https:\/\/www.laguiadepamplona.com\/actualidad\/adjudicadas-las-obras-para-la-ampliacion-del-comedor-del-c-p-san-juan-de-la-cadena-que-se-preve-que-esten-concluidas-para-el-comienzo-del-proximo-curso\/#primaryimage"},"image":{"@id":"https:\/\/www.laguiadepamplona.com\/actualidad\/adjudicadas-las-obras-para-la-ampliacion-del-comedor-del-c-p-san-juan-de-la-cadena-que-se-preve-que-esten-concluidas-para-el-comienzo-del-proximo-curso\/#primaryimage"},"thumbnailUrl":"https:\/\/www.laguiadepamplona.com\/actualidad\/wp-content\/uploads\/2021\/02\/ayuntamiento-pamplona.jpg","datePublished":"2021-05-05T10:41:35+00:00","dateModified":"2023-04-11T09:49:35+00:00","description":"El presupuesto ser\u00e1 de 186.327,90 euros para una actuaci\u00f3n que forma parte de las inversiones anuales en colegios p\u00fablicos de Infantil y Primaria","breadcrumb":{"@id":"https:\/\/www.laguiadepamplona.com\/actualidad\/adjudicadas-las-obras-para-la-ampliacion-del-comedor-del-c-p-san-juan-de-la-cadena-que-se-preve-que-esten-concluidas-para-el-comienzo-del-proximo-curso\/#breadcrumb"},"inLanguage":"es","potentialAction":[{"@type":"ReadAction","target":["https:\/\/www.laguiadepamplona.com\/actualidad\/adjudicadas-las-obras-para-la-ampliacion-del-comedor-del-c-p-san-juan-de-la-cadena-que-se-preve-que-esten-concluidas-para-el-comienzo-del-proximo-curso\/"]}]},{"@type":"ImageObject","inLanguage":"es","@id":"https:\/\/www.laguiadepamplona.com\/actualidad\/adjudicadas-las-obras-para-la-ampliacion-del-comedor-del-c-p-san-juan-de-la-cadena-que-se-preve-que-esten-concluidas-para-el-comienzo-del-proximo-curso\/#primaryimage","url":"https:\/\/www.laguiadepamplona.com\/actualidad\/wp-content\/uploads\/2021\/02\/ayuntamiento-pamplona.jpg","contentUrl":"https:\/\/www.laguiadepamplona.com\/actualidad\/wp-content\/uploads\/2021\/02\/ayuntamiento-pamplona.jpg","width":1920,"height":1080},{"@type":"BreadcrumbList","@id":"https:\/\/www.laguiadepamplona.com\/actualidad\/adjudicadas-las-obras-para-la-ampliacion-del-comedor-del-c-p-san-juan-de-la-cadena-que-se-preve-que-esten-concluidas-para-el-comienzo-del-proximo-curso\/#breadcrumb","itemListElement":[{"@type":"ListItem","position":1,"name":"Portada","item":"https:\/\/www.laguiadepamplona.com\/actualidad\/"},{"@type":"ListItem","position":2,"name":"Adjudicadas las obras para la ampliaci\u00f3n del comedor del C.P. San Juan de la Cadena, que se prev\u00e9 que est\u00e9n concluidas para el comienzo del pr\u00f3ximo curso"}]},{"@type":"WebSite","@id":"https:\/\/www.laguiadepamplona.com\/actualidad\/#website","url":"https:\/\/www.laguiadepamplona.com\/actualidad\/","name":"La gu\u00eda de Pamplona","description":"Noticias de Pamplona","publisher":{"@id":"https:\/\/www.laguiadepamplona.com\/actualidad\/#organization"},"potentialAction":[{"@type":"SearchAction","target":{"@type":"EntryPoint","urlTemplate":"https:\/\/www.laguiadepamplona.com\/actualidad\/?s={search_term_string}"},"query-input":{"@type":"PropertyValueSpecification","valueRequired":true,"valueName":"search_term_string"}}],"inLanguage":"es"},{"@type":"Organization","@id":"https:\/\/www.laguiadepamplona.com\/actualidad\/#organization","name":"La Gu\u00eda de Pamplona \/ Noticias","url":"https:\/\/www.laguiadepamplona.com\/actualidad\/","logo":{"@type":"ImageObject","inLanguage":"es","@id":"https:\/\/www.laguiadepamplona.com\/actualidad\/#\/schema\/logo\/image\/","url":"https:\/\/www.laguiadepamplona.com\/actualidad\/wp-content\/uploads\/2018\/11\/logo-laguiadepamplona18-web1.png","contentUrl":"https:\/\/www.laguiadepamplona.com\/actualidad\/wp-content\/uploads\/2018\/11\/logo-laguiadepamplona18-web1.png","width":600,"height":196,"caption":"La Gu\u00eda de Pamplona \/ Noticias"},"image":{"@id":"https:\/\/www.laguiadepamplona.com\/actualidad\/#\/schema\/logo\/image\/"},"sameAs":["https:\/\/www.facebook.com\/laguiadepamplonacom-133175176762273\/?ref=hl","https:\/\/x.com\/LaGuiadPamplona","https:\/\/www.instagram.com\/la_guia_de_pamplona\/","https:\/\/www.youtube.com\/user\/laguiadepamplona"]},{"@type":"Person","@id":"https:\/\/www.laguiadepamplona.com\/actualidad\/#\/schema\/person\/efe887376f0213d4657c93adc50b1fdb","name":"La Gu\u00eda de Pamplona","image":{"@type":"ImageObject","inLanguage":"es","@id":"https:\/\/secure.gravatar.com\/avatar\/b6992f131dc8d30ab0dff15446e9d346d9dbd95992de0fef795073f5ea83a81c?s=96&d=mm&r=g","url":"https:\/\/secure.gravatar.com\/avatar\/b6992f131dc8d30ab0dff15446e9d346d9dbd95992de0fef795073f5ea83a81c?s=96&d=mm&r=g","contentUrl":"https:\/\/secure.gravatar.com\/avatar\/b6992f131dc8d30ab0dff15446e9d346d9dbd95992de0fef795073f5ea83a81c?s=96&d=mm&r=g","caption":"La Gu\u00eda de Pamplona"}}]}},"post_mailing_queue_ids":[],"_links":{"self":[{"href":"https:\/\/www.laguiadepamplona.com\/actualidad\/wp-json\/wp\/v2\/posts\/34635","targetHints":{"allow":["GET"]}}],"collection":[{"href":"https:\/\/www.laguiadepamplona.com\/actualidad\/wp-json\/wp\/v2\/posts"}],"about":[{"href":"https:\/\/www.laguiadepamplona.com\/actualidad\/wp-json\/wp\/v2\/types\/post"}],"author":[{"embeddable":true,"href":"https:\/\/www.laguiadepamplona.com\/actualidad\/wp-json\/wp\/v2\/users\/1"}],"replies":[{"embeddable":true,"href":"https:\/\/www.laguiadepamplona.com\/actualidad\/wp-json\/wp\/v2\/comments?post=34635"}],"version-history":[{"count":0,"href":"https:\/\/www.laguiadepamplona.com\/actualidad\/wp-json\/wp\/v2\/posts\/34635\/revisions"}],"wp:featuredmedia":[{"embeddable":true,"href":"https:\/\/www.laguiadepamplona.com\/actualidad\/wp-json\/wp\/v2\/media\/33021"}],"wp:attachment":[{"href":"https:\/\/www.laguiadepamplona.com\/actualidad\/wp-json\/wp\/v2\/media?parent=34635"}],"wp:term":[{"taxonomy":"category","embeddable":true,"href":"https:\/\/www.laguiadepamplona.com\/actualidad\/wp-json\/wp\/v2\/categories?post=34635"},{"taxonomy":"post_tag","embeddable":true,"href":"https:\/\/www.laguiadepamplona.com\/actualidad\/wp-json\/wp\/v2\/tags?post=34635"}],"curies":[{"name":"wp","href":"https:\/\/api.w.org\/{rel}","templated":true}]}}