{"id":34631,"date":"2021-05-05T12:40:35","date_gmt":"2021-05-05T10:40:35","guid":{"rendered":"https:\/\/www.laguiadepamplona.com\/actualidad\/?p=34631"},"modified":"2023-04-11T11:49:35","modified_gmt":"2023-04-11T09:49:35","slug":"el-comercio-de-pamplona-sale-a-la-calle-la-nueva-iniciativa-del-ayuntamiento-para-apoyar-al-comercio-local-que-se-pone-en-marcha-este-fin-de-semana","status":"publish","type":"post","link":"https:\/\/www.laguiadepamplona.com\/actualidad\/el-comercio-de-pamplona-sale-a-la-calle-la-nueva-iniciativa-del-ayuntamiento-para-apoyar-al-comercio-local-que-se-pone-en-marcha-este-fin-de-semana\/","title":{"rendered":"\u2018El comercio de Pamplona sale a la calle\u2019, la nueva iniciativa del Ayuntamiento para apoyar al comercio local que se pone en marcha este fin de semana"},"content":{"rendered":"<h5>Hasta octubre, un fin de semana al mes, los comercios de Pamplona que se apunten podr\u00e1n sacar sus productos a la puerta de sus establecimientos<\/h5>\n<p><!--more--><\/p>\n<p><a href=\"https:\/\/www.laguiadepamplona.com\/actualidad\/wp-content\/uploads\/2021\/05\/EL-COMERCIO-SALE-A-LA-CALLE_CASTELLANO.jpg\"><img loading=\"lazy\" decoding=\"async\" class=\"alignleft size-medium wp-image-34632\" src=\"https:\/\/www.laguiadepamplona.com\/actualidad\/wp-content\/uploads\/2021\/05\/EL-COMERCIO-SALE-A-LA-CALLE_CASTELLANO-212x300.jpg\" alt=\"\" width=\"212\" height=\"300\" srcset=\"https:\/\/www.laguiadepamplona.com\/actualidad\/wp-content\/uploads\/2021\/05\/EL-COMERCIO-SALE-A-LA-CALLE_CASTELLANO-212x300.jpg 212w, https:\/\/www.laguiadepamplona.com\/actualidad\/wp-content\/uploads\/2021\/05\/EL-COMERCIO-SALE-A-LA-CALLE_CASTELLANO-482x682.jpg 482w, https:\/\/www.laguiadepamplona.com\/actualidad\/wp-content\/uploads\/2021\/05\/EL-COMERCIO-SALE-A-LA-CALLE_CASTELLANO-768x1086.jpg 768w, https:\/\/www.laguiadepamplona.com\/actualidad\/wp-content\/uploads\/2021\/05\/EL-COMERCIO-SALE-A-LA-CALLE_CASTELLANO-640x905.jpg 640w, https:\/\/www.laguiadepamplona.com\/actualidad\/wp-content\/uploads\/2021\/05\/EL-COMERCIO-SALE-A-LA-CALLE_CASTELLANO.jpg 1061w\" sizes=\"auto, (max-width: 212px) 100vw, 212px\" \/><\/a>El Ayuntamiento de Pamplona pone en marcha este mes de mayo una nueva iniciativa para apoyar al comercio local, <strong>\u2018<\/strong>El comercio de Pamplona sale a la calle\u2019. El programa arrancar\u00e1 este fin de semana y est\u00e1 previsto que se celebre, en colaboraci\u00f3n con las asociaciones de comerciantes de la ciudad, una vez al mes durante el viernes por la tarde y el s\u00e1bado por la ma\u00f1ana. De esta manera, los d\u00edas 7 y 8 de mayo, los comercios de Pamplona que se apunten podr\u00e1n sacar sus productos a la calle en la puerta de los establecimientos para visilibilizar su oferta comercial, ya que contar\u00e1n con el permiso del Ayuntamiento para hacerlo.<\/p>\n<p><script async src=\"\/\/pagead2.googlesyndication.com\/pagead\/js\/adsbygoogle.js\"><\/script><br \/>\n<!-- Noticias La Guia de Pamplona --><br \/>\n<ins class=\"adsbygoogle\"\nstyle=\"display:block\"\ndata-ad-client=\"ca-pub-6943679897239327\"\ndata-ad-slot=\"7048180777\"\ndata-ad-format=\"auto\"><\/ins><br \/>\n<script>\n(adsbygoogle = window.adsbygoogle || []).push({});\n<\/script><\/p>\n<p><strong>\u2018<\/strong>El comercio de Pamplona sale a la calle\u2019 comienza a celebrarse el mismo mes en el que, antes de la crisis sanitaria, se hab\u00eda desarrollado durante 16 a\u00f1os el programa \u2018Comercio hace ciudad\u2019. Ofrec\u00eda actividades para todos los p\u00fablicos en las calles de diferentes zonas comerciales del centro y los barrios de Pamplona. El a\u00f1o pasado, debido a la pandemia y el confinamiento, fue imposible programar eventos en la calle. La situaci\u00f3n sanitaria actual tampoco permite dise\u00f1ar acciones que inviten a concentraciones de personas por las calles y plazas, por lo que se ha optado por una idea que conjugue el impulso comercial y la protecci\u00f3n de la salud.<\/p>\n<p>Los comercios pueden apuntarse para participar a trav\u00e9s de su asociaci\u00f3n y quienes no est\u00e9n asociados han de contactar con el \u00e1rea de Comercio y Turismo para inscribirse, enviando un correo electr\u00f3nico a <a href=\"mailto:comercioyturismo@pamplona.es\">comercioyturismo@pamplona.es<\/a>. Los datos que hay que facilitar son el nombre del comercio, la calle en la que est\u00e1 ubicado y el n\u00famero, c\u00f3digo postal, zona comercial y subsector.<\/p>\n<p><script async src=\"\/\/pagead2.googlesyndication.com\/pagead\/js\/adsbygoogle.js\"><\/script><br \/>\n<!-- Noticias La Guia de Pamplona --><br \/>\n<ins class=\"adsbygoogle\"\nstyle=\"display:block\"\ndata-ad-client=\"ca-pub-6943679897239327\"\ndata-ad-slot=\"7048180777\"\ndata-ad-format=\"auto\"><\/ins><br \/>\n<script>\n(adsbygoogle = window.adsbygoogle || []).push({});\n<\/script><\/p>\n<p><strong>Fomentar las compras sin concentraciones en el interior de los establecimientos<\/strong><\/p>\n<p>\u2018El comercio de Pamplona sale a la calle\u2019 consiste en exponer el producto a las puertas del establecimiento, como forma de llamar la atenci\u00f3n y tambi\u00e9n acercar la oferta de los comercios de proximidad a la ciudadan\u00eda. De esta forma se fomentan las compras en espacios abiertos y se minimizan concentraciones de clientela en el interior de los establecimientos.<\/p>\n<p>Las condiciones que deben cumplir los negocios interesados en participar de la actividad son no ocupar m\u00e1s metros lineales de los que tiene la fachada del local ni m\u00e1s de dos metros de profundidad. Como se organiza en \u00e9poca de buenas condiciones climatol\u00f3gicas, no se permitir\u00e1 instalar carpas ni megafon\u00eda o sonido ambiente. La recomendaci\u00f3n es sacar mobiliario ligero como percheros, mesitas y peque\u00f1os expositores y que no obstaculicen el acceso a portales u otros locales. Tendr\u00e1n que retirarse cuando concluya la jornada comercial.<\/p>\n<p><script async src=\"\/\/pagead2.googlesyndication.com\/pagead\/js\/adsbygoogle.js\"><\/script><br \/>\n<!-- Noticias La Guia de Pamplona --><br \/>\n<ins class=\"adsbygoogle\"\nstyle=\"display:block\"\ndata-ad-client=\"ca-pub-6943679897239327\"\ndata-ad-slot=\"7048180777\"\ndata-ad-format=\"auto\"><\/ins><br \/>\n<script>\n(adsbygoogle = window.adsbygoogle || []).push({});\n<\/script><\/p>\n<p>La anchura m\u00ednima libre de paso para los peatones por la acera ser\u00e1 de 2 metros por lo que las aceras de menos de 2 metros no podr\u00e1n usarse. La distancia entre las personas compradoras ser\u00e1 de 1,5 metros. Por \u00faltimo, no se podr\u00e1 exponer ni vender en v\u00eda p\u00fablica productos de alimentaci\u00f3n frescos que requieran refrigeraci\u00f3n. Los establecimientos de alimentaci\u00f3n que se inscriban a esta iniciativa deber\u00e1n atender a las instrucciones complementarias que en cada caso se consideren procedentes desde la inspecci\u00f3n de Sanidad.<\/p>\n<p>Polic\u00eda Municipal comprobar\u00e1 que todos los establecimientos con presencia en la calle forman parte de la iniciativa. La actividad se desarrollar\u00e1 en todos los barrios, pero est\u00e1 prevista mayor presencia de establecimientos en aquellos que cuentan con asociaci\u00f3n de comerciantes: Casco Antiguo, Ensanche, Iturrama, Zona Comercial Mart\u00edn Azpilcueta San Juan, Ermitaga\u00f1a y Mendebaldea, San Jorge-Sanduzelai, Rochapea, Txantrea y Mendillorri.<\/p>\n","protected":false},"excerpt":{"rendered":"<p>Hasta octubre, un fin de semana al mes, los comercios de Pamplona que se apunten podr\u00e1n sacar sus productos a la puerta de sus establecimientos<\/p>\n","protected":false},"author":1,"featured_media":34633,"comment_status":"open","ping_status":"closed","sticky":false,"template":"","format":"standard","meta":{"footnotes":""},"categories":[2],"tags":[],"class_list":["post-34631","post","type-post","status-publish","format-standard","has-post-thumbnail","hentry","category-ayuntamiento-pamplona"],"yoast_head":"<!-- This site is optimized with the Yoast SEO plugin v27.5 - https:\/\/yoast.com\/product\/yoast-seo-wordpress\/ -->\n<title>\u2018El comercio de Pamplona sale a la calle\u2019, la nueva iniciativa del Ayuntamiento para apoyar al comercio local que se pone en marcha este fin de semana<\/title>\n<meta name=\"description\" content=\"Hasta octubre, un fin de semana al mes, los comercios de Pamplona que se apunten podr\u00e1n sacar sus productos a la puerta de sus establecimientos\" \/>\n<meta name=\"robots\" content=\"index, follow, max-snippet:-1, max-image-preview:large, max-video-preview:-1\" \/>\n<link rel=\"canonical\" href=\"https:\/\/www.laguiadepamplona.com\/actualidad\/el-comercio-de-pamplona-sale-a-la-calle-la-nueva-iniciativa-del-ayuntamiento-para-apoyar-al-comercio-local-que-se-pone-en-marcha-este-fin-de-semana\/\" \/>\n<meta property=\"og:locale\" content=\"es_ES\" \/>\n<meta property=\"og:type\" content=\"article\" \/>\n<meta property=\"og:title\" content=\"\u2018El comercio de Pamplona sale a la calle\u2019, la nueva iniciativa del Ayuntamiento para apoyar al comercio local que se pone en marcha este fin de semana\" \/>\n<meta property=\"og:description\" content=\"Hasta octubre, un fin de semana al mes, los comercios de Pamplona que se apunten podr\u00e1n sacar sus productos a la puerta de sus establecimientos\" \/>\n<meta property=\"og:url\" content=\"https:\/\/www.laguiadepamplona.com\/actualidad\/el-comercio-de-pamplona-sale-a-la-calle-la-nueva-iniciativa-del-ayuntamiento-para-apoyar-al-comercio-local-que-se-pone-en-marcha-este-fin-de-semana\/\" \/>\n<meta property=\"og:site_name\" content=\"La Gu\u00eda de Pamplona\" \/>\n<meta property=\"article:publisher\" content=\"https:\/\/www.facebook.com\/laguiadepamplonacom-133175176762273\/?ref=hl\" \/>\n<meta property=\"article:published_time\" content=\"2021-05-05T10:40:35+00:00\" \/>\n<meta property=\"article:modified_time\" content=\"2023-04-11T09:49:35+00:00\" \/>\n<meta property=\"og:image\" content=\"https:\/\/www.laguiadepamplona.com\/actualidad\/wp-content\/uploads\/2021\/05\/EL-COMERCIO-SALE-A-LA-CALLE_CASTELLANO1.jpg\" \/>\n\t<meta property=\"og:image:width\" content=\"1755\" \/>\n\t<meta property=\"og:image:height\" content=\"1275\" \/>\n\t<meta property=\"og:image:type\" content=\"image\/jpeg\" \/>\n<meta name=\"author\" content=\"La Gu\u00eda de Pamplona\" \/>\n<meta name=\"twitter:card\" content=\"summary_large_image\" \/>\n<meta name=\"twitter:creator\" content=\"@LaGuiadPamplona\" \/>\n<meta name=\"twitter:site\" content=\"@LaGuiadPamplona\" \/>\n<meta name=\"twitter:label1\" content=\"Escrito por\" \/>\n\t<meta name=\"twitter:data1\" content=\"La Gu\u00eda de Pamplona\" \/>\n\t<meta name=\"twitter:label2\" content=\"Tiempo de lectura\" \/>\n\t<meta name=\"twitter:data2\" content=\"3 minutos\" \/>\n<script type=\"application\/ld+json\" class=\"yoast-schema-graph\">{\"@context\":\"https:\\\/\\\/schema.org\",\"@graph\":[{\"@type\":\"Article\",\"@id\":\"https:\\\/\\\/www.laguiadepamplona.com\\\/actualidad\\\/el-comercio-de-pamplona-sale-a-la-calle-la-nueva-iniciativa-del-ayuntamiento-para-apoyar-al-comercio-local-que-se-pone-en-marcha-este-fin-de-semana\\\/#article\",\"isPartOf\":{\"@id\":\"https:\\\/\\\/www.laguiadepamplona.com\\\/actualidad\\\/el-comercio-de-pamplona-sale-a-la-calle-la-nueva-iniciativa-del-ayuntamiento-para-apoyar-al-comercio-local-que-se-pone-en-marcha-este-fin-de-semana\\\/\"},\"author\":{\"name\":\"La Gu\u00eda de Pamplona\",\"@id\":\"https:\\\/\\\/www.laguiadepamplona.com\\\/actualidad\\\/#\\\/schema\\\/person\\\/efe887376f0213d4657c93adc50b1fdb\"},\"headline\":\"\u2018El comercio de Pamplona sale a la calle\u2019, la nueva iniciativa del Ayuntamiento para apoyar al comercio local que se pone en marcha este fin de semana\",\"datePublished\":\"2021-05-05T10:40:35+00:00\",\"dateModified\":\"2023-04-11T09:49:35+00:00\",\"mainEntityOfPage\":{\"@id\":\"https:\\\/\\\/www.laguiadepamplona.com\\\/actualidad\\\/el-comercio-de-pamplona-sale-a-la-calle-la-nueva-iniciativa-del-ayuntamiento-para-apoyar-al-comercio-local-que-se-pone-en-marcha-este-fin-de-semana\\\/\"},\"wordCount\":671,\"commentCount\":0,\"publisher\":{\"@id\":\"https:\\\/\\\/www.laguiadepamplona.com\\\/actualidad\\\/#organization\"},\"image\":{\"@id\":\"https:\\\/\\\/www.laguiadepamplona.com\\\/actualidad\\\/el-comercio-de-pamplona-sale-a-la-calle-la-nueva-iniciativa-del-ayuntamiento-para-apoyar-al-comercio-local-que-se-pone-en-marcha-este-fin-de-semana\\\/#primaryimage\"},\"thumbnailUrl\":\"https:\\\/\\\/www.laguiadepamplona.com\\\/actualidad\\\/wp-content\\\/uploads\\\/2021\\\/05\\\/EL-COMERCIO-SALE-A-LA-CALLE_CASTELLANO1.jpg\",\"articleSection\":[\"Ayto Pamplona\"],\"inLanguage\":\"es\",\"potentialAction\":[{\"@type\":\"CommentAction\",\"name\":\"Comment\",\"target\":[\"https:\\\/\\\/www.laguiadepamplona.com\\\/actualidad\\\/el-comercio-de-pamplona-sale-a-la-calle-la-nueva-iniciativa-del-ayuntamiento-para-apoyar-al-comercio-local-que-se-pone-en-marcha-este-fin-de-semana\\\/#respond\"]}]},{\"@type\":\"WebPage\",\"@id\":\"https:\\\/\\\/www.laguiadepamplona.com\\\/actualidad\\\/el-comercio-de-pamplona-sale-a-la-calle-la-nueva-iniciativa-del-ayuntamiento-para-apoyar-al-comercio-local-que-se-pone-en-marcha-este-fin-de-semana\\\/\",\"url\":\"https:\\\/\\\/www.laguiadepamplona.com\\\/actualidad\\\/el-comercio-de-pamplona-sale-a-la-calle-la-nueva-iniciativa-del-ayuntamiento-para-apoyar-al-comercio-local-que-se-pone-en-marcha-este-fin-de-semana\\\/\",\"name\":\"\u2018El comercio de Pamplona sale a la calle\u2019, la nueva iniciativa del Ayuntamiento para apoyar al comercio local que se pone en marcha este fin de semana\",\"isPartOf\":{\"@id\":\"https:\\\/\\\/www.laguiadepamplona.com\\\/actualidad\\\/#website\"},\"primaryImageOfPage\":{\"@id\":\"https:\\\/\\\/www.laguiadepamplona.com\\\/actualidad\\\/el-comercio-de-pamplona-sale-a-la-calle-la-nueva-iniciativa-del-ayuntamiento-para-apoyar-al-comercio-local-que-se-pone-en-marcha-este-fin-de-semana\\\/#primaryimage\"},\"image\":{\"@id\":\"https:\\\/\\\/www.laguiadepamplona.com\\\/actualidad\\\/el-comercio-de-pamplona-sale-a-la-calle-la-nueva-iniciativa-del-ayuntamiento-para-apoyar-al-comercio-local-que-se-pone-en-marcha-este-fin-de-semana\\\/#primaryimage\"},\"thumbnailUrl\":\"https:\\\/\\\/www.laguiadepamplona.com\\\/actualidad\\\/wp-content\\\/uploads\\\/2021\\\/05\\\/EL-COMERCIO-SALE-A-LA-CALLE_CASTELLANO1.jpg\",\"datePublished\":\"2021-05-05T10:40:35+00:00\",\"dateModified\":\"2023-04-11T09:49:35+00:00\",\"description\":\"Hasta octubre, un fin de semana al mes, los comercios de Pamplona que se apunten podr\u00e1n sacar sus productos a la puerta de sus establecimientos\",\"breadcrumb\":{\"@id\":\"https:\\\/\\\/www.laguiadepamplona.com\\\/actualidad\\\/el-comercio-de-pamplona-sale-a-la-calle-la-nueva-iniciativa-del-ayuntamiento-para-apoyar-al-comercio-local-que-se-pone-en-marcha-este-fin-de-semana\\\/#breadcrumb\"},\"inLanguage\":\"es\",\"potentialAction\":[{\"@type\":\"ReadAction\",\"target\":[\"https:\\\/\\\/www.laguiadepamplona.com\\\/actualidad\\\/el-comercio-de-pamplona-sale-a-la-calle-la-nueva-iniciativa-del-ayuntamiento-para-apoyar-al-comercio-local-que-se-pone-en-marcha-este-fin-de-semana\\\/\"]}]},{\"@type\":\"ImageObject\",\"inLanguage\":\"es\",\"@id\":\"https:\\\/\\\/www.laguiadepamplona.com\\\/actualidad\\\/el-comercio-de-pamplona-sale-a-la-calle-la-nueva-iniciativa-del-ayuntamiento-para-apoyar-al-comercio-local-que-se-pone-en-marcha-este-fin-de-semana\\\/#primaryimage\",\"url\":\"https:\\\/\\\/www.laguiadepamplona.com\\\/actualidad\\\/wp-content\\\/uploads\\\/2021\\\/05\\\/EL-COMERCIO-SALE-A-LA-CALLE_CASTELLANO1.jpg\",\"contentUrl\":\"https:\\\/\\\/www.laguiadepamplona.com\\\/actualidad\\\/wp-content\\\/uploads\\\/2021\\\/05\\\/EL-COMERCIO-SALE-A-LA-CALLE_CASTELLANO1.jpg\",\"width\":1755,\"height\":1275},{\"@type\":\"BreadcrumbList\",\"@id\":\"https:\\\/\\\/www.laguiadepamplona.com\\\/actualidad\\\/el-comercio-de-pamplona-sale-a-la-calle-la-nueva-iniciativa-del-ayuntamiento-para-apoyar-al-comercio-local-que-se-pone-en-marcha-este-fin-de-semana\\\/#breadcrumb\",\"itemListElement\":[{\"@type\":\"ListItem\",\"position\":1,\"name\":\"Portada\",\"item\":\"https:\\\/\\\/www.laguiadepamplona.com\\\/actualidad\\\/\"},{\"@type\":\"ListItem\",\"position\":2,\"name\":\"\u2018El comercio de Pamplona sale a la calle\u2019, la nueva iniciativa del Ayuntamiento para apoyar al comercio local que se pone en marcha este fin de semana\"}]},{\"@type\":\"WebSite\",\"@id\":\"https:\\\/\\\/www.laguiadepamplona.com\\\/actualidad\\\/#website\",\"url\":\"https:\\\/\\\/www.laguiadepamplona.com\\\/actualidad\\\/\",\"name\":\"La gu\u00eda de Pamplona\",\"description\":\"Noticias de Pamplona\",\"publisher\":{\"@id\":\"https:\\\/\\\/www.laguiadepamplona.com\\\/actualidad\\\/#organization\"},\"potentialAction\":[{\"@type\":\"SearchAction\",\"target\":{\"@type\":\"EntryPoint\",\"urlTemplate\":\"https:\\\/\\\/www.laguiadepamplona.com\\\/actualidad\\\/?s={search_term_string}\"},\"query-input\":{\"@type\":\"PropertyValueSpecification\",\"valueRequired\":true,\"valueName\":\"search_term_string\"}}],\"inLanguage\":\"es\"},{\"@type\":\"Organization\",\"@id\":\"https:\\\/\\\/www.laguiadepamplona.com\\\/actualidad\\\/#organization\",\"name\":\"La Gu\u00eda de Pamplona \\\/ Noticias\",\"url\":\"https:\\\/\\\/www.laguiadepamplona.com\\\/actualidad\\\/\",\"logo\":{\"@type\":\"ImageObject\",\"inLanguage\":\"es\",\"@id\":\"https:\\\/\\\/www.laguiadepamplona.com\\\/actualidad\\\/#\\\/schema\\\/logo\\\/image\\\/\",\"url\":\"https:\\\/\\\/www.laguiadepamplona.com\\\/actualidad\\\/wp-content\\\/uploads\\\/2018\\\/11\\\/logo-laguiadepamplona18-web1.png\",\"contentUrl\":\"https:\\\/\\\/www.laguiadepamplona.com\\\/actualidad\\\/wp-content\\\/uploads\\\/2018\\\/11\\\/logo-laguiadepamplona18-web1.png\",\"width\":600,\"height\":196,\"caption\":\"La Gu\u00eda de Pamplona \\\/ Noticias\"},\"image\":{\"@id\":\"https:\\\/\\\/www.laguiadepamplona.com\\\/actualidad\\\/#\\\/schema\\\/logo\\\/image\\\/\"},\"sameAs\":[\"https:\\\/\\\/www.facebook.com\\\/laguiadepamplonacom-133175176762273\\\/?ref=hl\",\"https:\\\/\\\/x.com\\\/LaGuiadPamplona\",\"https:\\\/\\\/www.instagram.com\\\/la_guia_de_pamplona\\\/\",\"https:\\\/\\\/www.youtube.com\\\/user\\\/laguiadepamplona\"]},{\"@type\":\"Person\",\"@id\":\"https:\\\/\\\/www.laguiadepamplona.com\\\/actualidad\\\/#\\\/schema\\\/person\\\/efe887376f0213d4657c93adc50b1fdb\",\"name\":\"La Gu\u00eda de Pamplona\",\"image\":{\"@type\":\"ImageObject\",\"inLanguage\":\"es\",\"@id\":\"https:\\\/\\\/secure.gravatar.com\\\/avatar\\\/b6992f131dc8d30ab0dff15446e9d346d9dbd95992de0fef795073f5ea83a81c?s=96&d=mm&r=g\",\"url\":\"https:\\\/\\\/secure.gravatar.com\\\/avatar\\\/b6992f131dc8d30ab0dff15446e9d346d9dbd95992de0fef795073f5ea83a81c?s=96&d=mm&r=g\",\"contentUrl\":\"https:\\\/\\\/secure.gravatar.com\\\/avatar\\\/b6992f131dc8d30ab0dff15446e9d346d9dbd95992de0fef795073f5ea83a81c?s=96&d=mm&r=g\",\"caption\":\"La Gu\u00eda de Pamplona\"}}]}<\/script>\n<!-- \/ Yoast SEO plugin. -->","yoast_head_json":{"title":"\u2018El comercio de Pamplona sale a la calle\u2019, la nueva iniciativa del Ayuntamiento para apoyar al comercio local que se pone en marcha este fin de semana","description":"Hasta octubre, un fin de semana al mes, los comercios de Pamplona que se apunten podr\u00e1n sacar sus productos a la puerta de sus establecimientos","robots":{"index":"index","follow":"follow","max-snippet":"max-snippet:-1","max-image-preview":"max-image-preview:large","max-video-preview":"max-video-preview:-1"},"canonical":"https:\/\/www.laguiadepamplona.com\/actualidad\/el-comercio-de-pamplona-sale-a-la-calle-la-nueva-iniciativa-del-ayuntamiento-para-apoyar-al-comercio-local-que-se-pone-en-marcha-este-fin-de-semana\/","og_locale":"es_ES","og_type":"article","og_title":"\u2018El comercio de Pamplona sale a la calle\u2019, la nueva iniciativa del Ayuntamiento para apoyar al comercio local que se pone en marcha este fin de semana","og_description":"Hasta octubre, un fin de semana al mes, los comercios de Pamplona que se apunten podr\u00e1n sacar sus productos a la puerta de sus establecimientos","og_url":"https:\/\/www.laguiadepamplona.com\/actualidad\/el-comercio-de-pamplona-sale-a-la-calle-la-nueva-iniciativa-del-ayuntamiento-para-apoyar-al-comercio-local-que-se-pone-en-marcha-este-fin-de-semana\/","og_site_name":"La Gu\u00eda de Pamplona","article_publisher":"https:\/\/www.facebook.com\/laguiadepamplonacom-133175176762273\/?ref=hl","article_published_time":"2021-05-05T10:40:35+00:00","article_modified_time":"2023-04-11T09:49:35+00:00","og_image":[{"width":1755,"height":1275,"url":"https:\/\/www.laguiadepamplona.com\/actualidad\/wp-content\/uploads\/2021\/05\/EL-COMERCIO-SALE-A-LA-CALLE_CASTELLANO1.jpg","type":"image\/jpeg"}],"author":"La Gu\u00eda de Pamplona","twitter_card":"summary_large_image","twitter_creator":"@LaGuiadPamplona","twitter_site":"@LaGuiadPamplona","twitter_misc":{"Escrito por":"La Gu\u00eda de Pamplona","Tiempo de lectura":"3 minutos"},"schema":{"@context":"https:\/\/schema.org","@graph":[{"@type":"Article","@id":"https:\/\/www.laguiadepamplona.com\/actualidad\/el-comercio-de-pamplona-sale-a-la-calle-la-nueva-iniciativa-del-ayuntamiento-para-apoyar-al-comercio-local-que-se-pone-en-marcha-este-fin-de-semana\/#article","isPartOf":{"@id":"https:\/\/www.laguiadepamplona.com\/actualidad\/el-comercio-de-pamplona-sale-a-la-calle-la-nueva-iniciativa-del-ayuntamiento-para-apoyar-al-comercio-local-que-se-pone-en-marcha-este-fin-de-semana\/"},"author":{"name":"La Gu\u00eda de Pamplona","@id":"https:\/\/www.laguiadepamplona.com\/actualidad\/#\/schema\/person\/efe887376f0213d4657c93adc50b1fdb"},"headline":"\u2018El comercio de Pamplona sale a la calle\u2019, la nueva iniciativa del Ayuntamiento para apoyar al comercio local que se pone en marcha este fin de semana","datePublished":"2021-05-05T10:40:35+00:00","dateModified":"2023-04-11T09:49:35+00:00","mainEntityOfPage":{"@id":"https:\/\/www.laguiadepamplona.com\/actualidad\/el-comercio-de-pamplona-sale-a-la-calle-la-nueva-iniciativa-del-ayuntamiento-para-apoyar-al-comercio-local-que-se-pone-en-marcha-este-fin-de-semana\/"},"wordCount":671,"commentCount":0,"publisher":{"@id":"https:\/\/www.laguiadepamplona.com\/actualidad\/#organization"},"image":{"@id":"https:\/\/www.laguiadepamplona.com\/actualidad\/el-comercio-de-pamplona-sale-a-la-calle-la-nueva-iniciativa-del-ayuntamiento-para-apoyar-al-comercio-local-que-se-pone-en-marcha-este-fin-de-semana\/#primaryimage"},"thumbnailUrl":"https:\/\/www.laguiadepamplona.com\/actualidad\/wp-content\/uploads\/2021\/05\/EL-COMERCIO-SALE-A-LA-CALLE_CASTELLANO1.jpg","articleSection":["Ayto Pamplona"],"inLanguage":"es","potentialAction":[{"@type":"CommentAction","name":"Comment","target":["https:\/\/www.laguiadepamplona.com\/actualidad\/el-comercio-de-pamplona-sale-a-la-calle-la-nueva-iniciativa-del-ayuntamiento-para-apoyar-al-comercio-local-que-se-pone-en-marcha-este-fin-de-semana\/#respond"]}]},{"@type":"WebPage","@id":"https:\/\/www.laguiadepamplona.com\/actualidad\/el-comercio-de-pamplona-sale-a-la-calle-la-nueva-iniciativa-del-ayuntamiento-para-apoyar-al-comercio-local-que-se-pone-en-marcha-este-fin-de-semana\/","url":"https:\/\/www.laguiadepamplona.com\/actualidad\/el-comercio-de-pamplona-sale-a-la-calle-la-nueva-iniciativa-del-ayuntamiento-para-apoyar-al-comercio-local-que-se-pone-en-marcha-este-fin-de-semana\/","name":"\u2018El comercio de Pamplona sale a la calle\u2019, la nueva iniciativa del Ayuntamiento para apoyar al comercio local que se pone en marcha este fin de semana","isPartOf":{"@id":"https:\/\/www.laguiadepamplona.com\/actualidad\/#website"},"primaryImageOfPage":{"@id":"https:\/\/www.laguiadepamplona.com\/actualidad\/el-comercio-de-pamplona-sale-a-la-calle-la-nueva-iniciativa-del-ayuntamiento-para-apoyar-al-comercio-local-que-se-pone-en-marcha-este-fin-de-semana\/#primaryimage"},"image":{"@id":"https:\/\/www.laguiadepamplona.com\/actualidad\/el-comercio-de-pamplona-sale-a-la-calle-la-nueva-iniciativa-del-ayuntamiento-para-apoyar-al-comercio-local-que-se-pone-en-marcha-este-fin-de-semana\/#primaryimage"},"thumbnailUrl":"https:\/\/www.laguiadepamplona.com\/actualidad\/wp-content\/uploads\/2021\/05\/EL-COMERCIO-SALE-A-LA-CALLE_CASTELLANO1.jpg","datePublished":"2021-05-05T10:40:35+00:00","dateModified":"2023-04-11T09:49:35+00:00","description":"Hasta octubre, un fin de semana al mes, los comercios de Pamplona que se apunten podr\u00e1n sacar sus productos a la puerta de sus establecimientos","breadcrumb":{"@id":"https:\/\/www.laguiadepamplona.com\/actualidad\/el-comercio-de-pamplona-sale-a-la-calle-la-nueva-iniciativa-del-ayuntamiento-para-apoyar-al-comercio-local-que-se-pone-en-marcha-este-fin-de-semana\/#breadcrumb"},"inLanguage":"es","potentialAction":[{"@type":"ReadAction","target":["https:\/\/www.laguiadepamplona.com\/actualidad\/el-comercio-de-pamplona-sale-a-la-calle-la-nueva-iniciativa-del-ayuntamiento-para-apoyar-al-comercio-local-que-se-pone-en-marcha-este-fin-de-semana\/"]}]},{"@type":"ImageObject","inLanguage":"es","@id":"https:\/\/www.laguiadepamplona.com\/actualidad\/el-comercio-de-pamplona-sale-a-la-calle-la-nueva-iniciativa-del-ayuntamiento-para-apoyar-al-comercio-local-que-se-pone-en-marcha-este-fin-de-semana\/#primaryimage","url":"https:\/\/www.laguiadepamplona.com\/actualidad\/wp-content\/uploads\/2021\/05\/EL-COMERCIO-SALE-A-LA-CALLE_CASTELLANO1.jpg","contentUrl":"https:\/\/www.laguiadepamplona.com\/actualidad\/wp-content\/uploads\/2021\/05\/EL-COMERCIO-SALE-A-LA-CALLE_CASTELLANO1.jpg","width":1755,"height":1275},{"@type":"BreadcrumbList","@id":"https:\/\/www.laguiadepamplona.com\/actualidad\/el-comercio-de-pamplona-sale-a-la-calle-la-nueva-iniciativa-del-ayuntamiento-para-apoyar-al-comercio-local-que-se-pone-en-marcha-este-fin-de-semana\/#breadcrumb","itemListElement":[{"@type":"ListItem","position":1,"name":"Portada","item":"https:\/\/www.laguiadepamplona.com\/actualidad\/"},{"@type":"ListItem","position":2,"name":"\u2018El comercio de Pamplona sale a la calle\u2019, la nueva iniciativa del Ayuntamiento para apoyar al comercio local que se pone en marcha este fin de semana"}]},{"@type":"WebSite","@id":"https:\/\/www.laguiadepamplona.com\/actualidad\/#website","url":"https:\/\/www.laguiadepamplona.com\/actualidad\/","name":"La gu\u00eda de Pamplona","description":"Noticias de Pamplona","publisher":{"@id":"https:\/\/www.laguiadepamplona.com\/actualidad\/#organization"},"potentialAction":[{"@type":"SearchAction","target":{"@type":"EntryPoint","urlTemplate":"https:\/\/www.laguiadepamplona.com\/actualidad\/?s={search_term_string}"},"query-input":{"@type":"PropertyValueSpecification","valueRequired":true,"valueName":"search_term_string"}}],"inLanguage":"es"},{"@type":"Organization","@id":"https:\/\/www.laguiadepamplona.com\/actualidad\/#organization","name":"La Gu\u00eda de Pamplona \/ Noticias","url":"https:\/\/www.laguiadepamplona.com\/actualidad\/","logo":{"@type":"ImageObject","inLanguage":"es","@id":"https:\/\/www.laguiadepamplona.com\/actualidad\/#\/schema\/logo\/image\/","url":"https:\/\/www.laguiadepamplona.com\/actualidad\/wp-content\/uploads\/2018\/11\/logo-laguiadepamplona18-web1.png","contentUrl":"https:\/\/www.laguiadepamplona.com\/actualidad\/wp-content\/uploads\/2018\/11\/logo-laguiadepamplona18-web1.png","width":600,"height":196,"caption":"La Gu\u00eda de Pamplona \/ Noticias"},"image":{"@id":"https:\/\/www.laguiadepamplona.com\/actualidad\/#\/schema\/logo\/image\/"},"sameAs":["https:\/\/www.facebook.com\/laguiadepamplonacom-133175176762273\/?ref=hl","https:\/\/x.com\/LaGuiadPamplona","https:\/\/www.instagram.com\/la_guia_de_pamplona\/","https:\/\/www.youtube.com\/user\/laguiadepamplona"]},{"@type":"Person","@id":"https:\/\/www.laguiadepamplona.com\/actualidad\/#\/schema\/person\/efe887376f0213d4657c93adc50b1fdb","name":"La Gu\u00eda de Pamplona","image":{"@type":"ImageObject","inLanguage":"es","@id":"https:\/\/secure.gravatar.com\/avatar\/b6992f131dc8d30ab0dff15446e9d346d9dbd95992de0fef795073f5ea83a81c?s=96&d=mm&r=g","url":"https:\/\/secure.gravatar.com\/avatar\/b6992f131dc8d30ab0dff15446e9d346d9dbd95992de0fef795073f5ea83a81c?s=96&d=mm&r=g","contentUrl":"https:\/\/secure.gravatar.com\/avatar\/b6992f131dc8d30ab0dff15446e9d346d9dbd95992de0fef795073f5ea83a81c?s=96&d=mm&r=g","caption":"La Gu\u00eda de Pamplona"}}]}},"post_mailing_queue_ids":[],"_links":{"self":[{"href":"https:\/\/www.laguiadepamplona.com\/actualidad\/wp-json\/wp\/v2\/posts\/34631","targetHints":{"allow":["GET"]}}],"collection":[{"href":"https:\/\/www.laguiadepamplona.com\/actualidad\/wp-json\/wp\/v2\/posts"}],"about":[{"href":"https:\/\/www.laguiadepamplona.com\/actualidad\/wp-json\/wp\/v2\/types\/post"}],"author":[{"embeddable":true,"href":"https:\/\/www.laguiadepamplona.com\/actualidad\/wp-json\/wp\/v2\/users\/1"}],"replies":[{"embeddable":true,"href":"https:\/\/www.laguiadepamplona.com\/actualidad\/wp-json\/wp\/v2\/comments?post=34631"}],"version-history":[{"count":0,"href":"https:\/\/www.laguiadepamplona.com\/actualidad\/wp-json\/wp\/v2\/posts\/34631\/revisions"}],"wp:featuredmedia":[{"embeddable":true,"href":"https:\/\/www.laguiadepamplona.com\/actualidad\/wp-json\/wp\/v2\/media\/34633"}],"wp:attachment":[{"href":"https:\/\/www.laguiadepamplona.com\/actualidad\/wp-json\/wp\/v2\/media?parent=34631"}],"wp:term":[{"taxonomy":"category","embeddable":true,"href":"https:\/\/www.laguiadepamplona.com\/actualidad\/wp-json\/wp\/v2\/categories?post=34631"},{"taxonomy":"post_tag","embeddable":true,"href":"https:\/\/www.laguiadepamplona.com\/actualidad\/wp-json\/wp\/v2\/tags?post=34631"}],"curies":[{"name":"wp","href":"https:\/\/api.w.org\/{rel}","templated":true}]}}