{"id":34627,"date":"2021-05-05T12:36:50","date_gmt":"2021-05-05T10:36:50","guid":{"rendered":"https:\/\/www.laguiadepamplona.com\/actualidad\/?p=34627"},"modified":"2023-04-11T11:49:36","modified_gmt":"2023-04-11T09:49:36","slug":"pamplona-coordina-un-proyecto-europeo-erasmus-en-el-que-25-jovenes-participaran-en-un-campamento-itinerante-recorriendo-varias-etapas-del-camino-de-santiago","status":"publish","type":"post","link":"https:\/\/www.laguiadepamplona.com\/actualidad\/pamplona-coordina-un-proyecto-europeo-erasmus-en-el-que-25-jovenes-participaran-en-un-campamento-itinerante-recorriendo-varias-etapas-del-camino-de-santiago\/","title":{"rendered":"Pamplona coordina un proyecto europeo Erasmus+ en el que 25 j\u00f3venes participar\u00e1n en un campamento itinerante recorriendo varias etapas del Camino de Santiago"},"content":{"rendered":"<h5>Adem\u00e1s de Pamplona, \u2018Naturaconexion+\u2019 pasar\u00e1 por Estella y la regi\u00f3n francesa de Pays de Nays, que tambi\u00e9n participan en el proyecto<\/h5>\n<p><!--more--><\/p>\n<p><a href=\"https:\/\/www.laguiadepamplona.com\/actualidad\/wp-content\/uploads\/2021\/05\/naturaconexion-pamplona-cast_0.jpg\"><img loading=\"lazy\" decoding=\"async\" class=\"alignleft size-medium wp-image-34629\" src=\"https:\/\/www.laguiadepamplona.com\/actualidad\/wp-content\/uploads\/2021\/05\/naturaconexion-pamplona-cast_0-212x300.jpg\" alt=\"\" width=\"212\" height=\"300\" srcset=\"https:\/\/www.laguiadepamplona.com\/actualidad\/wp-content\/uploads\/2021\/05\/naturaconexion-pamplona-cast_0-212x300.jpg 212w, https:\/\/www.laguiadepamplona.com\/actualidad\/wp-content\/uploads\/2021\/05\/naturaconexion-pamplona-cast_0-482x682.jpg 482w, https:\/\/www.laguiadepamplona.com\/actualidad\/wp-content\/uploads\/2021\/05\/naturaconexion-pamplona-cast_0.jpg 600w\" sizes=\"auto, (max-width: 212px) 100vw, 212px\" \/><\/a>El Ayuntamiento de Pamplona coordina la puesta en marcha del proyecto europeo \u2018Naturaconexion+\u2019, en el que tambi\u00e9n participan la regi\u00f3n francesa de Pays de Nays y la localidad navarra de Estella. Coincidiendo con la celebraci\u00f3n del a\u00f1o Jacobeo 2021, siete j\u00f3venes de cada municipio formar\u00e1n parte de este campamento itinerante, que recorrer\u00e1 varias etapas de Camino de Santiago a su paso por \u00e9stos municipios. En cada uno de los lugares donde se haga parada se organizar\u00e1n actividades con el objetivo de dar a conocer las peculiaridades de la historia, el medio ambiente y la geograf\u00eda de la zona. Este proyecto, enmarcado dentro del programa Erasmus+, est\u00e1 abierto a j\u00f3venes de entre 15 y 17 a\u00f1os. Las preinscripciones para optar a participar en el grupo de Pamplona de \u2018Naturaconexion+\u2019 se podr\u00e1n realizar en la Casa de la Juventud entre el 1 y el 10 de junio.<\/p>\n<p><script async src=\"\/\/pagead2.googlesyndication.com\/pagead\/js\/adsbygoogle.js\"><\/script><br \/>\n<!-- Noticias La Guia de Pamplona --><br \/>\n<ins class=\"adsbygoogle\"\nstyle=\"display:block\"\ndata-ad-client=\"ca-pub-6943679897239327\"\ndata-ad-slot=\"7048180777\"\ndata-ad-format=\"auto\"><\/ins><br \/>\n<script>\n(adsbygoogle = window.adsbygoogle || []).push({});\n<\/script><\/p>\n<p>El campamento itinerante tendr\u00e1 una duraci\u00f3n de diez d\u00edas y recorrer\u00e1 la parte del Camino de Santiago que transcurre entre las tres localidades participantes. Cada una de ellas aportar\u00e1 a la actividad siete participantes, que durante el mes de julio no solo peregrinar\u00e1n, sino tambi\u00e9n realizar\u00e1n actividades en los puntos clave de esta zona para conocer sus tradiciones y su historia. Para que puedan sacar el mayor partido posible de la experiencia, se requiere que los j\u00f3venes tengan conocimientos de ingl\u00e9s y franc\u00e9s, y que est\u00e9n preparados para caminar durante varias horas a lo largo de varias jornadas. Un autob\u00fas seguir\u00e1 su traves\u00eda para ayudarles si lo necesitan o trasladarles en algunas de las etapas si fuera necesario.<\/p>\n<p>\u2018Naturaconexion+\u2019 arrancar\u00e1 el 20 de julio con una jornada de recepci\u00f3n a los participantes en Lestelle B\u00e9tharram. A partir de entonces, se iniciar\u00e1 un recorrido que pasar\u00e1 por las localidades francesas de Asson, Arudy y San Juan Pie de Port y, tras atravesar la frontera, seguir\u00e1 el trazado de la ruta Jacobea desde Roncesvalles hasta Estella. En cada una de las localidades se realizar\u00e1n actividades variadas, entre las que se encuentran visitas a monumentos y museos, actividades l\u00fadicas y deportivas, o recepciones de los Ayuntamientos participantes para dar a conocer a los participantes las instituciones desde dentro.<\/p>\n<p><script async src=\"\/\/pagead2.googlesyndication.com\/pagead\/js\/adsbygoogle.js\"><\/script><br \/>\n<!-- Noticias La Guia de Pamplona --><br \/>\n<ins class=\"adsbygoogle\"\nstyle=\"display:block\"\ndata-ad-client=\"ca-pub-6943679897239327\"\ndata-ad-slot=\"7048180777\"\ndata-ad-format=\"auto\"><\/ins><br \/>\n<script>\n(adsbygoogle = window.adsbygoogle || []).push({});\n<\/script><\/p>\n<p><strong>Una forma de ense\u00f1ar y transmitir conocimiento sobre el terreno<\/strong><\/p>\n<p>La realizaci\u00f3n de esta actividad permitir\u00e1 a los participantes reconectar con el medio natural y con ellos mismos, as\u00ed como reflexionar y mejorar el uso de las conexiones digitales. Todo ello en el marco de uno de los principales nexos de uni\u00f3n de las tres localidades participantes, que no es otro que el trazado del Camino de Santiago. Aprovechando la celebraci\u00f3n del a\u00f1o Jacobeo 2021, se pretende poner en valor la riqueza cultural, natural y humana con la que cuenta la ruta, y en especial este tramo que ocupa los \u00faltimos kil\u00f3metros de Francia y las primeras etapas de Espa\u00f1a. Acciones como este campamento itinerante permiten fomentar el conocimiento del patrimonio relacionado con el Camino, especialmente entre un p\u00fablico importante como son los m\u00e1s j\u00f3venes.<\/p>\n<p>\u2018Naturaconexion+\u2019 se enmarca dentro del objetivo espec\u00edfico del proyecto europeo Erasmus+ que fomenta la movilidad de las personas por motivos de educaci\u00f3n, formaci\u00f3n y juventud. En este sentido, los intercambios juveniles ofrecen a los j\u00f3venes la posibilidad de desarrollar sus habilidades, ganar experiencias interculturales, obtener nuevas formas de conocimiento y aprender sobre la sociedad y la cooperaci\u00f3n europea. Objetivos que en esta ocasi\u00f3n pueden apoyarse y complementarse con la geograf\u00eda, el medio ambiente, la historia y la cultura con las que cuentan Navarra y la regi\u00f3n de Pays de Nays. As\u00ed, propuestas como \u2018Naturaconexion+\u2019 ponen en valor la educaci\u00f3n no formal, promoviendo un espacio a trav\u00e9s del cual la juventud pueda adquirir capacidades, recursos, conocimientos y los pueda desarrollar personalmente.<\/p>\n","protected":false},"excerpt":{"rendered":"<p>Adem\u00e1s de Pamplona, \u2018Naturaconexion+\u2019 pasar\u00e1 por Estella y la regi\u00f3n francesa de Pays de Nays, que tambi\u00e9n participan en el proyecto<\/p>\n","protected":false},"author":1,"featured_media":34628,"comment_status":"open","ping_status":"closed","sticky":false,"template":"","format":"standard","meta":{"footnotes":""},"categories":[2],"tags":[],"class_list":["post-34627","post","type-post","status-publish","format-standard","has-post-thumbnail","hentry","category-ayuntamiento-pamplona"],"yoast_head":"<!-- This site is optimized with the Yoast SEO plugin v27.5 - https:\/\/yoast.com\/product\/yoast-seo-wordpress\/ -->\n<title>Pamplona coordina un proyecto europeo Erasmus+ en el que 25 j\u00f3venes participar\u00e1n en un campamento itinerante recorriendo varias etapas del Camino de Santiago<\/title>\n<meta name=\"description\" content=\"Adem\u00e1s de Pamplona, \u2018Naturaconexion+\u2019 pasar\u00e1 por Estella y la regi\u00f3n francesa de Pays de Nays, que tambi\u00e9n participan en el proyecto\" \/>\n<meta name=\"robots\" content=\"index, follow, max-snippet:-1, max-image-preview:large, max-video-preview:-1\" \/>\n<link rel=\"canonical\" href=\"https:\/\/www.laguiadepamplona.com\/actualidad\/pamplona-coordina-un-proyecto-europeo-erasmus-en-el-que-25-jovenes-participaran-en-un-campamento-itinerante-recorriendo-varias-etapas-del-camino-de-santiago\/\" \/>\n<meta property=\"og:locale\" content=\"es_ES\" \/>\n<meta property=\"og:type\" content=\"article\" \/>\n<meta property=\"og:title\" content=\"Pamplona coordina un proyecto europeo Erasmus+ en el que 25 j\u00f3venes participar\u00e1n en un campamento itinerante recorriendo varias etapas del Camino de Santiago\" \/>\n<meta property=\"og:description\" content=\"Adem\u00e1s de Pamplona, \u2018Naturaconexion+\u2019 pasar\u00e1 por Estella y la regi\u00f3n francesa de Pays de Nays, que tambi\u00e9n participan en el proyecto\" \/>\n<meta property=\"og:url\" content=\"https:\/\/www.laguiadepamplona.com\/actualidad\/pamplona-coordina-un-proyecto-europeo-erasmus-en-el-que-25-jovenes-participaran-en-un-campamento-itinerante-recorriendo-varias-etapas-del-camino-de-santiago\/\" \/>\n<meta property=\"og:site_name\" content=\"La Gu\u00eda de Pamplona\" \/>\n<meta property=\"article:publisher\" content=\"https:\/\/www.facebook.com\/laguiadepamplonacom-133175176762273\/?ref=hl\" \/>\n<meta property=\"article:published_time\" content=\"2021-05-05T10:36:50+00:00\" \/>\n<meta property=\"article:modified_time\" content=\"2023-04-11T09:49:36+00:00\" \/>\n<meta property=\"og:image\" content=\"https:\/\/www.laguiadepamplona.com\/actualidad\/wp-content\/uploads\/2021\/05\/naturaconexion-pamplona-cast.jpg\" \/>\n\t<meta property=\"og:image:width\" content=\"600\" \/>\n\t<meta property=\"og:image:height\" content=\"438\" \/>\n\t<meta property=\"og:image:type\" content=\"image\/jpeg\" \/>\n<meta name=\"author\" content=\"La Gu\u00eda de Pamplona\" \/>\n<meta name=\"twitter:card\" content=\"summary_large_image\" \/>\n<meta name=\"twitter:creator\" content=\"@LaGuiadPamplona\" \/>\n<meta name=\"twitter:site\" content=\"@LaGuiadPamplona\" \/>\n<meta name=\"twitter:label1\" content=\"Escrito por\" \/>\n\t<meta name=\"twitter:data1\" content=\"La Gu\u00eda de Pamplona\" \/>\n\t<meta name=\"twitter:label2\" content=\"Tiempo de lectura\" \/>\n\t<meta name=\"twitter:data2\" content=\"4 minutos\" \/>\n<script type=\"application\/ld+json\" class=\"yoast-schema-graph\">{\"@context\":\"https:\\\/\\\/schema.org\",\"@graph\":[{\"@type\":\"Article\",\"@id\":\"https:\\\/\\\/www.laguiadepamplona.com\\\/actualidad\\\/pamplona-coordina-un-proyecto-europeo-erasmus-en-el-que-25-jovenes-participaran-en-un-campamento-itinerante-recorriendo-varias-etapas-del-camino-de-santiago\\\/#article\",\"isPartOf\":{\"@id\":\"https:\\\/\\\/www.laguiadepamplona.com\\\/actualidad\\\/pamplona-coordina-un-proyecto-europeo-erasmus-en-el-que-25-jovenes-participaran-en-un-campamento-itinerante-recorriendo-varias-etapas-del-camino-de-santiago\\\/\"},\"author\":{\"name\":\"La Gu\u00eda de Pamplona\",\"@id\":\"https:\\\/\\\/www.laguiadepamplona.com\\\/actualidad\\\/#\\\/schema\\\/person\\\/efe887376f0213d4657c93adc50b1fdb\"},\"headline\":\"Pamplona coordina un proyecto europeo Erasmus+ en el que 25 j\u00f3venes participar\u00e1n en un campamento itinerante recorriendo varias etapas del Camino de Santiago\",\"datePublished\":\"2021-05-05T10:36:50+00:00\",\"dateModified\":\"2023-04-11T09:49:36+00:00\",\"mainEntityOfPage\":{\"@id\":\"https:\\\/\\\/www.laguiadepamplona.com\\\/actualidad\\\/pamplona-coordina-un-proyecto-europeo-erasmus-en-el-que-25-jovenes-participaran-en-un-campamento-itinerante-recorriendo-varias-etapas-del-camino-de-santiago\\\/\"},\"wordCount\":702,\"commentCount\":0,\"publisher\":{\"@id\":\"https:\\\/\\\/www.laguiadepamplona.com\\\/actualidad\\\/#organization\"},\"image\":{\"@id\":\"https:\\\/\\\/www.laguiadepamplona.com\\\/actualidad\\\/pamplona-coordina-un-proyecto-europeo-erasmus-en-el-que-25-jovenes-participaran-en-un-campamento-itinerante-recorriendo-varias-etapas-del-camino-de-santiago\\\/#primaryimage\"},\"thumbnailUrl\":\"https:\\\/\\\/www.laguiadepamplona.com\\\/actualidad\\\/wp-content\\\/uploads\\\/2021\\\/05\\\/naturaconexion-pamplona-cast.jpg\",\"articleSection\":[\"Ayto Pamplona\"],\"inLanguage\":\"es\",\"potentialAction\":[{\"@type\":\"CommentAction\",\"name\":\"Comment\",\"target\":[\"https:\\\/\\\/www.laguiadepamplona.com\\\/actualidad\\\/pamplona-coordina-un-proyecto-europeo-erasmus-en-el-que-25-jovenes-participaran-en-un-campamento-itinerante-recorriendo-varias-etapas-del-camino-de-santiago\\\/#respond\"]}]},{\"@type\":\"WebPage\",\"@id\":\"https:\\\/\\\/www.laguiadepamplona.com\\\/actualidad\\\/pamplona-coordina-un-proyecto-europeo-erasmus-en-el-que-25-jovenes-participaran-en-un-campamento-itinerante-recorriendo-varias-etapas-del-camino-de-santiago\\\/\",\"url\":\"https:\\\/\\\/www.laguiadepamplona.com\\\/actualidad\\\/pamplona-coordina-un-proyecto-europeo-erasmus-en-el-que-25-jovenes-participaran-en-un-campamento-itinerante-recorriendo-varias-etapas-del-camino-de-santiago\\\/\",\"name\":\"Pamplona coordina un proyecto europeo Erasmus+ en el que 25 j\u00f3venes participar\u00e1n en un campamento itinerante recorriendo varias etapas del Camino de Santiago\",\"isPartOf\":{\"@id\":\"https:\\\/\\\/www.laguiadepamplona.com\\\/actualidad\\\/#website\"},\"primaryImageOfPage\":{\"@id\":\"https:\\\/\\\/www.laguiadepamplona.com\\\/actualidad\\\/pamplona-coordina-un-proyecto-europeo-erasmus-en-el-que-25-jovenes-participaran-en-un-campamento-itinerante-recorriendo-varias-etapas-del-camino-de-santiago\\\/#primaryimage\"},\"image\":{\"@id\":\"https:\\\/\\\/www.laguiadepamplona.com\\\/actualidad\\\/pamplona-coordina-un-proyecto-europeo-erasmus-en-el-que-25-jovenes-participaran-en-un-campamento-itinerante-recorriendo-varias-etapas-del-camino-de-santiago\\\/#primaryimage\"},\"thumbnailUrl\":\"https:\\\/\\\/www.laguiadepamplona.com\\\/actualidad\\\/wp-content\\\/uploads\\\/2021\\\/05\\\/naturaconexion-pamplona-cast.jpg\",\"datePublished\":\"2021-05-05T10:36:50+00:00\",\"dateModified\":\"2023-04-11T09:49:36+00:00\",\"description\":\"Adem\u00e1s de Pamplona, \u2018Naturaconexion+\u2019 pasar\u00e1 por Estella y la regi\u00f3n francesa de Pays de Nays, que tambi\u00e9n participan en el proyecto\",\"breadcrumb\":{\"@id\":\"https:\\\/\\\/www.laguiadepamplona.com\\\/actualidad\\\/pamplona-coordina-un-proyecto-europeo-erasmus-en-el-que-25-jovenes-participaran-en-un-campamento-itinerante-recorriendo-varias-etapas-del-camino-de-santiago\\\/#breadcrumb\"},\"inLanguage\":\"es\",\"potentialAction\":[{\"@type\":\"ReadAction\",\"target\":[\"https:\\\/\\\/www.laguiadepamplona.com\\\/actualidad\\\/pamplona-coordina-un-proyecto-europeo-erasmus-en-el-que-25-jovenes-participaran-en-un-campamento-itinerante-recorriendo-varias-etapas-del-camino-de-santiago\\\/\"]}]},{\"@type\":\"ImageObject\",\"inLanguage\":\"es\",\"@id\":\"https:\\\/\\\/www.laguiadepamplona.com\\\/actualidad\\\/pamplona-coordina-un-proyecto-europeo-erasmus-en-el-que-25-jovenes-participaran-en-un-campamento-itinerante-recorriendo-varias-etapas-del-camino-de-santiago\\\/#primaryimage\",\"url\":\"https:\\\/\\\/www.laguiadepamplona.com\\\/actualidad\\\/wp-content\\\/uploads\\\/2021\\\/05\\\/naturaconexion-pamplona-cast.jpg\",\"contentUrl\":\"https:\\\/\\\/www.laguiadepamplona.com\\\/actualidad\\\/wp-content\\\/uploads\\\/2021\\\/05\\\/naturaconexion-pamplona-cast.jpg\",\"width\":600,\"height\":438},{\"@type\":\"BreadcrumbList\",\"@id\":\"https:\\\/\\\/www.laguiadepamplona.com\\\/actualidad\\\/pamplona-coordina-un-proyecto-europeo-erasmus-en-el-que-25-jovenes-participaran-en-un-campamento-itinerante-recorriendo-varias-etapas-del-camino-de-santiago\\\/#breadcrumb\",\"itemListElement\":[{\"@type\":\"ListItem\",\"position\":1,\"name\":\"Portada\",\"item\":\"https:\\\/\\\/www.laguiadepamplona.com\\\/actualidad\\\/\"},{\"@type\":\"ListItem\",\"position\":2,\"name\":\"Pamplona coordina un proyecto europeo Erasmus+ en el que 25 j\u00f3venes participar\u00e1n en un campamento itinerante recorriendo varias etapas del Camino de Santiago\"}]},{\"@type\":\"WebSite\",\"@id\":\"https:\\\/\\\/www.laguiadepamplona.com\\\/actualidad\\\/#website\",\"url\":\"https:\\\/\\\/www.laguiadepamplona.com\\\/actualidad\\\/\",\"name\":\"La gu\u00eda de Pamplona\",\"description\":\"Noticias de Pamplona\",\"publisher\":{\"@id\":\"https:\\\/\\\/www.laguiadepamplona.com\\\/actualidad\\\/#organization\"},\"potentialAction\":[{\"@type\":\"SearchAction\",\"target\":{\"@type\":\"EntryPoint\",\"urlTemplate\":\"https:\\\/\\\/www.laguiadepamplona.com\\\/actualidad\\\/?s={search_term_string}\"},\"query-input\":{\"@type\":\"PropertyValueSpecification\",\"valueRequired\":true,\"valueName\":\"search_term_string\"}}],\"inLanguage\":\"es\"},{\"@type\":\"Organization\",\"@id\":\"https:\\\/\\\/www.laguiadepamplona.com\\\/actualidad\\\/#organization\",\"name\":\"La Gu\u00eda de Pamplona \\\/ Noticias\",\"url\":\"https:\\\/\\\/www.laguiadepamplona.com\\\/actualidad\\\/\",\"logo\":{\"@type\":\"ImageObject\",\"inLanguage\":\"es\",\"@id\":\"https:\\\/\\\/www.laguiadepamplona.com\\\/actualidad\\\/#\\\/schema\\\/logo\\\/image\\\/\",\"url\":\"https:\\\/\\\/www.laguiadepamplona.com\\\/actualidad\\\/wp-content\\\/uploads\\\/2018\\\/11\\\/logo-laguiadepamplona18-web1.png\",\"contentUrl\":\"https:\\\/\\\/www.laguiadepamplona.com\\\/actualidad\\\/wp-content\\\/uploads\\\/2018\\\/11\\\/logo-laguiadepamplona18-web1.png\",\"width\":600,\"height\":196,\"caption\":\"La Gu\u00eda de Pamplona \\\/ Noticias\"},\"image\":{\"@id\":\"https:\\\/\\\/www.laguiadepamplona.com\\\/actualidad\\\/#\\\/schema\\\/logo\\\/image\\\/\"},\"sameAs\":[\"https:\\\/\\\/www.facebook.com\\\/laguiadepamplonacom-133175176762273\\\/?ref=hl\",\"https:\\\/\\\/x.com\\\/LaGuiadPamplona\",\"https:\\\/\\\/www.instagram.com\\\/la_guia_de_pamplona\\\/\",\"https:\\\/\\\/www.youtube.com\\\/user\\\/laguiadepamplona\"]},{\"@type\":\"Person\",\"@id\":\"https:\\\/\\\/www.laguiadepamplona.com\\\/actualidad\\\/#\\\/schema\\\/person\\\/efe887376f0213d4657c93adc50b1fdb\",\"name\":\"La Gu\u00eda de Pamplona\",\"image\":{\"@type\":\"ImageObject\",\"inLanguage\":\"es\",\"@id\":\"https:\\\/\\\/secure.gravatar.com\\\/avatar\\\/b6992f131dc8d30ab0dff15446e9d346d9dbd95992de0fef795073f5ea83a81c?s=96&d=mm&r=g\",\"url\":\"https:\\\/\\\/secure.gravatar.com\\\/avatar\\\/b6992f131dc8d30ab0dff15446e9d346d9dbd95992de0fef795073f5ea83a81c?s=96&d=mm&r=g\",\"contentUrl\":\"https:\\\/\\\/secure.gravatar.com\\\/avatar\\\/b6992f131dc8d30ab0dff15446e9d346d9dbd95992de0fef795073f5ea83a81c?s=96&d=mm&r=g\",\"caption\":\"La Gu\u00eda de Pamplona\"}}]}<\/script>\n<!-- \/ Yoast SEO plugin. -->","yoast_head_json":{"title":"Pamplona coordina un proyecto europeo Erasmus+ en el que 25 j\u00f3venes participar\u00e1n en un campamento itinerante recorriendo varias etapas del Camino de Santiago","description":"Adem\u00e1s de Pamplona, \u2018Naturaconexion+\u2019 pasar\u00e1 por Estella y la regi\u00f3n francesa de Pays de Nays, que tambi\u00e9n participan en el proyecto","robots":{"index":"index","follow":"follow","max-snippet":"max-snippet:-1","max-image-preview":"max-image-preview:large","max-video-preview":"max-video-preview:-1"},"canonical":"https:\/\/www.laguiadepamplona.com\/actualidad\/pamplona-coordina-un-proyecto-europeo-erasmus-en-el-que-25-jovenes-participaran-en-un-campamento-itinerante-recorriendo-varias-etapas-del-camino-de-santiago\/","og_locale":"es_ES","og_type":"article","og_title":"Pamplona coordina un proyecto europeo Erasmus+ en el que 25 j\u00f3venes participar\u00e1n en un campamento itinerante recorriendo varias etapas del Camino de Santiago","og_description":"Adem\u00e1s de Pamplona, \u2018Naturaconexion+\u2019 pasar\u00e1 por Estella y la regi\u00f3n francesa de Pays de Nays, que tambi\u00e9n participan en el proyecto","og_url":"https:\/\/www.laguiadepamplona.com\/actualidad\/pamplona-coordina-un-proyecto-europeo-erasmus-en-el-que-25-jovenes-participaran-en-un-campamento-itinerante-recorriendo-varias-etapas-del-camino-de-santiago\/","og_site_name":"La Gu\u00eda de Pamplona","article_publisher":"https:\/\/www.facebook.com\/laguiadepamplonacom-133175176762273\/?ref=hl","article_published_time":"2021-05-05T10:36:50+00:00","article_modified_time":"2023-04-11T09:49:36+00:00","og_image":[{"width":600,"height":438,"url":"https:\/\/www.laguiadepamplona.com\/actualidad\/wp-content\/uploads\/2021\/05\/naturaconexion-pamplona-cast.jpg","type":"image\/jpeg"}],"author":"La Gu\u00eda de Pamplona","twitter_card":"summary_large_image","twitter_creator":"@LaGuiadPamplona","twitter_site":"@LaGuiadPamplona","twitter_misc":{"Escrito por":"La Gu\u00eda de Pamplona","Tiempo de lectura":"4 minutos"},"schema":{"@context":"https:\/\/schema.org","@graph":[{"@type":"Article","@id":"https:\/\/www.laguiadepamplona.com\/actualidad\/pamplona-coordina-un-proyecto-europeo-erasmus-en-el-que-25-jovenes-participaran-en-un-campamento-itinerante-recorriendo-varias-etapas-del-camino-de-santiago\/#article","isPartOf":{"@id":"https:\/\/www.laguiadepamplona.com\/actualidad\/pamplona-coordina-un-proyecto-europeo-erasmus-en-el-que-25-jovenes-participaran-en-un-campamento-itinerante-recorriendo-varias-etapas-del-camino-de-santiago\/"},"author":{"name":"La Gu\u00eda de Pamplona","@id":"https:\/\/www.laguiadepamplona.com\/actualidad\/#\/schema\/person\/efe887376f0213d4657c93adc50b1fdb"},"headline":"Pamplona coordina un proyecto europeo Erasmus+ en el que 25 j\u00f3venes participar\u00e1n en un campamento itinerante recorriendo varias etapas del Camino de Santiago","datePublished":"2021-05-05T10:36:50+00:00","dateModified":"2023-04-11T09:49:36+00:00","mainEntityOfPage":{"@id":"https:\/\/www.laguiadepamplona.com\/actualidad\/pamplona-coordina-un-proyecto-europeo-erasmus-en-el-que-25-jovenes-participaran-en-un-campamento-itinerante-recorriendo-varias-etapas-del-camino-de-santiago\/"},"wordCount":702,"commentCount":0,"publisher":{"@id":"https:\/\/www.laguiadepamplona.com\/actualidad\/#organization"},"image":{"@id":"https:\/\/www.laguiadepamplona.com\/actualidad\/pamplona-coordina-un-proyecto-europeo-erasmus-en-el-que-25-jovenes-participaran-en-un-campamento-itinerante-recorriendo-varias-etapas-del-camino-de-santiago\/#primaryimage"},"thumbnailUrl":"https:\/\/www.laguiadepamplona.com\/actualidad\/wp-content\/uploads\/2021\/05\/naturaconexion-pamplona-cast.jpg","articleSection":["Ayto Pamplona"],"inLanguage":"es","potentialAction":[{"@type":"CommentAction","name":"Comment","target":["https:\/\/www.laguiadepamplona.com\/actualidad\/pamplona-coordina-un-proyecto-europeo-erasmus-en-el-que-25-jovenes-participaran-en-un-campamento-itinerante-recorriendo-varias-etapas-del-camino-de-santiago\/#respond"]}]},{"@type":"WebPage","@id":"https:\/\/www.laguiadepamplona.com\/actualidad\/pamplona-coordina-un-proyecto-europeo-erasmus-en-el-que-25-jovenes-participaran-en-un-campamento-itinerante-recorriendo-varias-etapas-del-camino-de-santiago\/","url":"https:\/\/www.laguiadepamplona.com\/actualidad\/pamplona-coordina-un-proyecto-europeo-erasmus-en-el-que-25-jovenes-participaran-en-un-campamento-itinerante-recorriendo-varias-etapas-del-camino-de-santiago\/","name":"Pamplona coordina un proyecto europeo Erasmus+ en el que 25 j\u00f3venes participar\u00e1n en un campamento itinerante recorriendo varias etapas del Camino de Santiago","isPartOf":{"@id":"https:\/\/www.laguiadepamplona.com\/actualidad\/#website"},"primaryImageOfPage":{"@id":"https:\/\/www.laguiadepamplona.com\/actualidad\/pamplona-coordina-un-proyecto-europeo-erasmus-en-el-que-25-jovenes-participaran-en-un-campamento-itinerante-recorriendo-varias-etapas-del-camino-de-santiago\/#primaryimage"},"image":{"@id":"https:\/\/www.laguiadepamplona.com\/actualidad\/pamplona-coordina-un-proyecto-europeo-erasmus-en-el-que-25-jovenes-participaran-en-un-campamento-itinerante-recorriendo-varias-etapas-del-camino-de-santiago\/#primaryimage"},"thumbnailUrl":"https:\/\/www.laguiadepamplona.com\/actualidad\/wp-content\/uploads\/2021\/05\/naturaconexion-pamplona-cast.jpg","datePublished":"2021-05-05T10:36:50+00:00","dateModified":"2023-04-11T09:49:36+00:00","description":"Adem\u00e1s de Pamplona, \u2018Naturaconexion+\u2019 pasar\u00e1 por Estella y la regi\u00f3n francesa de Pays de Nays, que tambi\u00e9n participan en el proyecto","breadcrumb":{"@id":"https:\/\/www.laguiadepamplona.com\/actualidad\/pamplona-coordina-un-proyecto-europeo-erasmus-en-el-que-25-jovenes-participaran-en-un-campamento-itinerante-recorriendo-varias-etapas-del-camino-de-santiago\/#breadcrumb"},"inLanguage":"es","potentialAction":[{"@type":"ReadAction","target":["https:\/\/www.laguiadepamplona.com\/actualidad\/pamplona-coordina-un-proyecto-europeo-erasmus-en-el-que-25-jovenes-participaran-en-un-campamento-itinerante-recorriendo-varias-etapas-del-camino-de-santiago\/"]}]},{"@type":"ImageObject","inLanguage":"es","@id":"https:\/\/www.laguiadepamplona.com\/actualidad\/pamplona-coordina-un-proyecto-europeo-erasmus-en-el-que-25-jovenes-participaran-en-un-campamento-itinerante-recorriendo-varias-etapas-del-camino-de-santiago\/#primaryimage","url":"https:\/\/www.laguiadepamplona.com\/actualidad\/wp-content\/uploads\/2021\/05\/naturaconexion-pamplona-cast.jpg","contentUrl":"https:\/\/www.laguiadepamplona.com\/actualidad\/wp-content\/uploads\/2021\/05\/naturaconexion-pamplona-cast.jpg","width":600,"height":438},{"@type":"BreadcrumbList","@id":"https:\/\/www.laguiadepamplona.com\/actualidad\/pamplona-coordina-un-proyecto-europeo-erasmus-en-el-que-25-jovenes-participaran-en-un-campamento-itinerante-recorriendo-varias-etapas-del-camino-de-santiago\/#breadcrumb","itemListElement":[{"@type":"ListItem","position":1,"name":"Portada","item":"https:\/\/www.laguiadepamplona.com\/actualidad\/"},{"@type":"ListItem","position":2,"name":"Pamplona coordina un proyecto europeo Erasmus+ en el que 25 j\u00f3venes participar\u00e1n en un campamento itinerante recorriendo varias etapas del Camino de Santiago"}]},{"@type":"WebSite","@id":"https:\/\/www.laguiadepamplona.com\/actualidad\/#website","url":"https:\/\/www.laguiadepamplona.com\/actualidad\/","name":"La gu\u00eda de Pamplona","description":"Noticias de Pamplona","publisher":{"@id":"https:\/\/www.laguiadepamplona.com\/actualidad\/#organization"},"potentialAction":[{"@type":"SearchAction","target":{"@type":"EntryPoint","urlTemplate":"https:\/\/www.laguiadepamplona.com\/actualidad\/?s={search_term_string}"},"query-input":{"@type":"PropertyValueSpecification","valueRequired":true,"valueName":"search_term_string"}}],"inLanguage":"es"},{"@type":"Organization","@id":"https:\/\/www.laguiadepamplona.com\/actualidad\/#organization","name":"La Gu\u00eda de Pamplona \/ Noticias","url":"https:\/\/www.laguiadepamplona.com\/actualidad\/","logo":{"@type":"ImageObject","inLanguage":"es","@id":"https:\/\/www.laguiadepamplona.com\/actualidad\/#\/schema\/logo\/image\/","url":"https:\/\/www.laguiadepamplona.com\/actualidad\/wp-content\/uploads\/2018\/11\/logo-laguiadepamplona18-web1.png","contentUrl":"https:\/\/www.laguiadepamplona.com\/actualidad\/wp-content\/uploads\/2018\/11\/logo-laguiadepamplona18-web1.png","width":600,"height":196,"caption":"La Gu\u00eda de Pamplona \/ Noticias"},"image":{"@id":"https:\/\/www.laguiadepamplona.com\/actualidad\/#\/schema\/logo\/image\/"},"sameAs":["https:\/\/www.facebook.com\/laguiadepamplonacom-133175176762273\/?ref=hl","https:\/\/x.com\/LaGuiadPamplona","https:\/\/www.instagram.com\/la_guia_de_pamplona\/","https:\/\/www.youtube.com\/user\/laguiadepamplona"]},{"@type":"Person","@id":"https:\/\/www.laguiadepamplona.com\/actualidad\/#\/schema\/person\/efe887376f0213d4657c93adc50b1fdb","name":"La Gu\u00eda de Pamplona","image":{"@type":"ImageObject","inLanguage":"es","@id":"https:\/\/secure.gravatar.com\/avatar\/b6992f131dc8d30ab0dff15446e9d346d9dbd95992de0fef795073f5ea83a81c?s=96&d=mm&r=g","url":"https:\/\/secure.gravatar.com\/avatar\/b6992f131dc8d30ab0dff15446e9d346d9dbd95992de0fef795073f5ea83a81c?s=96&d=mm&r=g","contentUrl":"https:\/\/secure.gravatar.com\/avatar\/b6992f131dc8d30ab0dff15446e9d346d9dbd95992de0fef795073f5ea83a81c?s=96&d=mm&r=g","caption":"La Gu\u00eda de Pamplona"}}]}},"post_mailing_queue_ids":[],"_links":{"self":[{"href":"https:\/\/www.laguiadepamplona.com\/actualidad\/wp-json\/wp\/v2\/posts\/34627","targetHints":{"allow":["GET"]}}],"collection":[{"href":"https:\/\/www.laguiadepamplona.com\/actualidad\/wp-json\/wp\/v2\/posts"}],"about":[{"href":"https:\/\/www.laguiadepamplona.com\/actualidad\/wp-json\/wp\/v2\/types\/post"}],"author":[{"embeddable":true,"href":"https:\/\/www.laguiadepamplona.com\/actualidad\/wp-json\/wp\/v2\/users\/1"}],"replies":[{"embeddable":true,"href":"https:\/\/www.laguiadepamplona.com\/actualidad\/wp-json\/wp\/v2\/comments?post=34627"}],"version-history":[{"count":0,"href":"https:\/\/www.laguiadepamplona.com\/actualidad\/wp-json\/wp\/v2\/posts\/34627\/revisions"}],"wp:featuredmedia":[{"embeddable":true,"href":"https:\/\/www.laguiadepamplona.com\/actualidad\/wp-json\/wp\/v2\/media\/34628"}],"wp:attachment":[{"href":"https:\/\/www.laguiadepamplona.com\/actualidad\/wp-json\/wp\/v2\/media?parent=34627"}],"wp:term":[{"taxonomy":"category","embeddable":true,"href":"https:\/\/www.laguiadepamplona.com\/actualidad\/wp-json\/wp\/v2\/categories?post=34627"},{"taxonomy":"post_tag","embeddable":true,"href":"https:\/\/www.laguiadepamplona.com\/actualidad\/wp-json\/wp\/v2\/tags?post=34627"}],"curies":[{"name":"wp","href":"https:\/\/api.w.org\/{rel}","templated":true}]}}