{"id":34622,"date":"2021-05-04T16:16:41","date_gmt":"2021-05-04T14:16:41","guid":{"rendered":"https:\/\/www.laguiadepamplona.com\/actualidad\/?p=34622"},"modified":"2023-04-11T11:49:36","modified_gmt":"2023-04-11T09:49:36","slug":"adjudicadas-las-obras-de-la-segunda-fase-de-la-reforma-de-la-e-i-goiz-eder-que-contempla-cambios-en-aulas-y-talleres-y-mejoras-en-la-accesibilidad-de-los-espacios-exteriores","status":"publish","type":"post","link":"https:\/\/www.laguiadepamplona.com\/actualidad\/adjudicadas-las-obras-de-la-segunda-fase-de-la-reforma-de-la-e-i-goiz-eder-que-contempla-cambios-en-aulas-y-talleres-y-mejoras-en-la-accesibilidad-de-los-espacios-exteriores\/","title":{"rendered":"Adjudicadas las obras de la segunda fase de la reforma de la E.I. Goiz Eder, que contempla cambios en aulas y talleres y mejoras en la accesibilidad de los espacios exteriores"},"content":{"rendered":"<h5>Se invertir\u00e1n 297.717,14 euros para dar continuidad a los trabajos ya desarrollados en una primera fase el verano pasado<\/h5>\n<p><!--more--><\/p>\n<p>El organismo aut\u00f3nomo Escuelas Infantiles Municipales de Pamplona ha adjudicado en su reuni\u00f3n de esta ma\u00f1ana las obras de la segunda fase de la reforma que se est\u00e1 acometiendo en la E.I. Goiz Eder. Se trata de trabajos que afectan tanto a espacios interiores, como aulas y talleres, como a espacios exteriores, con mejoras en la su accesibilidad. Las obras las llevar\u00e1 a cabo la empresa Erki Construcciones Sostenibles S.L. por un importe de 297.717,14 euros, un 11,5% por debajo del precio de licitaci\u00f3n, fue de 336.744 euros.<\/p>\n<p><script async src=\"\/\/pagead2.googlesyndication.com\/pagead\/js\/adsbygoogle.js\"><\/script><br \/>\n<!-- Noticias La Guia de Pamplona --><br \/>\n<ins class=\"adsbygoogle\"\nstyle=\"display:block\"\ndata-ad-client=\"ca-pub-6943679897239327\"\ndata-ad-slot=\"7048180777\"\ndata-ad-format=\"auto\"><\/ins><br \/>\n<script>\n(adsbygoogle = window.adsbygoogle || []).push({});\n<\/script><\/p>\n<p>Esta intervenci\u00f3n est\u00e1 prevista que se inicie en julio, una vez que acabe el actual curso, y que se prolongue durante cuatro meses. Parte de las obras se desarrollar\u00e1n con el pr\u00f3ximo curso ya empezado, aunque se han planificado los trabajos para que no interfieran en el correcto devenir de las clases con los menores. Esta actuaci\u00f3n da continuidad a la realizada durante 2020. En el caso de los trabajos en interiores, se trata de adaptar los talleres tanto en Medianos como en Mayores, tal y como se hizo en la primera fase en Lactantes y Caminantes. Para ello se plantea la ejecuci\u00f3n de un tabique separador con puerta anti-atrapa dedos y la disposici\u00f3n de los lavabos tanto de alumnos como de profesores.<\/p>\n<p>Se colocar\u00e1 pavimento continuo de PVC en aquellos espacios que no cuenten con \u00e9l como el aula de medianos y su comedor, as\u00ed como la totalidad de los dormitorios. Tambi\u00e9n se mejorar\u00e1n los techos de aulas y comedores, proporcionando una mejor absorci\u00f3n ac\u00fastica y un techo desmontable que permitir\u00e1 un mejor mantenimiento. Tambi\u00e9n se proceder\u00e1 a la motorizaci\u00f3n de todas las ventanas de los dormitorios, a la sustituci\u00f3n de iluminaci\u00f3n por equipos con tecnolog\u00eda Led y al pintado de las paredes de aquellas zonas donde se act\u00faa. Se incorporar\u00e1 el mobiliario necesario para la trasformaci\u00f3n, consistente en unos muebles separadores entre aula y comedor que, aun siendo f\u00edsicamente el mismo espacio, necesitan de dicha posibilidad de diferenciaci\u00f3n.<\/p>\n<p><script async src=\"\/\/pagead2.googlesyndication.com\/pagead\/js\/adsbygoogle.js\"><\/script><br \/>\n<!-- Noticias La Guia de Pamplona --><br \/>\n<ins class=\"adsbygoogle\"\nstyle=\"display:block\"\ndata-ad-client=\"ca-pub-6943679897239327\"\ndata-ad-slot=\"7048180777\"\ndata-ad-format=\"auto\"><\/ins><br \/>\n<script>\n(adsbygoogle = window.adsbygoogle || []).push({});\n<\/script><\/p>\n<p><strong>Actuaciones de mayor calado en la zona exterior<\/strong><\/p>\n<p>En el entorno exterior del edificio, se proceder\u00e1 a la adecuaci\u00f3n de los laterales de las plataformas de salida de Lactantes-Caminantes, construyendo la parte inferior de los vuelos de las rampas y cerrando por completo dichos laterales por medio de piedra caliza para evitar que los ni\u00f1os puedan entrar en dichos espacios. Se construir\u00e1n tambi\u00e9n desde cero las plataformas de salida de medianos y mayores, como r\u00e9plica a las anteriores, en el lado oeste de la escuela. Se modificar\u00e1n las carpinter\u00edas de acceso a dichas plataformas, para conseguir un acceso con eliminaci\u00f3n de barreras f\u00edsicas.<\/p>\n<p>Para la utilizaci\u00f3n \u00f3ptima de las zonas exteriores, se proceder\u00e1 al cierre de los espacios perimetrales del edificio que vuelan sobre el pavimento de grava y que en la actualidad han sido cerrados temporalmente mediante diferentes elementos, como cajas de pl\u00e1stico, policarbonatos, pal\u00e9s de madera\u2026. Tambi\u00e9n se prev\u00e9 el cierre perimetral de la actual valla de cierre de la escuela, mediante bandejas de chapa perforada hasta la altura determinada por la normativa, para evitar riesgos de atrapamiento. Finalmente se plantean algunos cierres en espacios exteriores (jardines o superficies duras) mediante el mismo sistema actual de cierre de barrotes. Por \u00faltimo, se ejecutar\u00e1 una nueva cubierta de patio exterior que da continuidad a la existente, permitiendo una discriminaci\u00f3n de grupos en el espacio exterior, debido al cierre parcial del mismo.<\/p>\n","protected":false},"excerpt":{"rendered":"<p>Se invertir\u00e1n 297.717,14 euros para dar continuidad a los trabajos ya desarrollados en una primera fase el verano pasado<\/p>\n","protected":false},"author":1,"featured_media":34623,"comment_status":"open","ping_status":"closed","sticky":false,"template":"","format":"standard","meta":{"footnotes":""},"categories":[2],"tags":[],"class_list":["post-34622","post","type-post","status-publish","format-standard","has-post-thumbnail","hentry","category-ayuntamiento-pamplona"],"yoast_head":"<!-- This site is optimized with the Yoast SEO plugin v27.5 - https:\/\/yoast.com\/product\/yoast-seo-wordpress\/ -->\n<title>Adjudicadas las obras de la segunda fase de la reforma de la E.I. Goiz Eder, que contempla cambios en aulas y talleres y mejoras en la accesibilidad de los espacios exteriores<\/title>\n<meta name=\"description\" content=\"Se invertir\u00e1n 297.717,14 euros para dar continuidad a los trabajos ya desarrollados en una primera fase el verano pasado\" \/>\n<meta name=\"robots\" content=\"index, follow, max-snippet:-1, max-image-preview:large, max-video-preview:-1\" \/>\n<link rel=\"canonical\" href=\"https:\/\/www.laguiadepamplona.com\/actualidad\/adjudicadas-las-obras-de-la-segunda-fase-de-la-reforma-de-la-e-i-goiz-eder-que-contempla-cambios-en-aulas-y-talleres-y-mejoras-en-la-accesibilidad-de-los-espacios-exteriores\/\" \/>\n<meta property=\"og:locale\" content=\"es_ES\" \/>\n<meta property=\"og:type\" content=\"article\" \/>\n<meta property=\"og:title\" content=\"Adjudicadas las obras de la segunda fase de la reforma de la E.I. Goiz Eder, que contempla cambios en aulas y talleres y mejoras en la accesibilidad de los espacios exteriores\" \/>\n<meta property=\"og:description\" content=\"Se invertir\u00e1n 297.717,14 euros para dar continuidad a los trabajos ya desarrollados en una primera fase el verano pasado\" \/>\n<meta property=\"og:url\" content=\"https:\/\/www.laguiadepamplona.com\/actualidad\/adjudicadas-las-obras-de-la-segunda-fase-de-la-reforma-de-la-e-i-goiz-eder-que-contempla-cambios-en-aulas-y-talleres-y-mejoras-en-la-accesibilidad-de-los-espacios-exteriores\/\" \/>\n<meta property=\"og:site_name\" content=\"La Gu\u00eda de Pamplona\" \/>\n<meta property=\"article:publisher\" content=\"https:\/\/www.facebook.com\/laguiadepamplonacom-133175176762273\/?ref=hl\" \/>\n<meta property=\"article:published_time\" content=\"2021-05-04T14:16:41+00:00\" \/>\n<meta property=\"article:modified_time\" content=\"2023-04-11T09:49:36+00:00\" \/>\n<meta property=\"og:image\" content=\"https:\/\/www.laguiadepamplona.com\/actualidad\/wp-content\/uploads\/2021\/05\/20.08.23_obras_goiz_eder3_0.jpg\" \/>\n\t<meta property=\"og:image:width\" content=\"1920\" \/>\n\t<meta property=\"og:image:height\" content=\"1440\" \/>\n\t<meta property=\"og:image:type\" content=\"image\/jpeg\" \/>\n<meta name=\"author\" content=\"La Gu\u00eda de Pamplona\" \/>\n<meta name=\"twitter:card\" content=\"summary_large_image\" \/>\n<meta name=\"twitter:creator\" content=\"@LaGuiadPamplona\" \/>\n<meta name=\"twitter:site\" content=\"@LaGuiadPamplona\" \/>\n<meta name=\"twitter:label1\" content=\"Escrito por\" \/>\n\t<meta name=\"twitter:data1\" content=\"La Gu\u00eda de Pamplona\" \/>\n\t<meta name=\"twitter:label2\" content=\"Tiempo de lectura\" \/>\n\t<meta name=\"twitter:data2\" content=\"3 minutos\" \/>\n<script type=\"application\/ld+json\" class=\"yoast-schema-graph\">{\"@context\":\"https:\\\/\\\/schema.org\",\"@graph\":[{\"@type\":\"Article\",\"@id\":\"https:\\\/\\\/www.laguiadepamplona.com\\\/actualidad\\\/adjudicadas-las-obras-de-la-segunda-fase-de-la-reforma-de-la-e-i-goiz-eder-que-contempla-cambios-en-aulas-y-talleres-y-mejoras-en-la-accesibilidad-de-los-espacios-exteriores\\\/#article\",\"isPartOf\":{\"@id\":\"https:\\\/\\\/www.laguiadepamplona.com\\\/actualidad\\\/adjudicadas-las-obras-de-la-segunda-fase-de-la-reforma-de-la-e-i-goiz-eder-que-contempla-cambios-en-aulas-y-talleres-y-mejoras-en-la-accesibilidad-de-los-espacios-exteriores\\\/\"},\"author\":{\"name\":\"La Gu\u00eda de Pamplona\",\"@id\":\"https:\\\/\\\/www.laguiadepamplona.com\\\/actualidad\\\/#\\\/schema\\\/person\\\/efe887376f0213d4657c93adc50b1fdb\"},\"headline\":\"Adjudicadas las obras de la segunda fase de la reforma de la E.I. Goiz Eder, que contempla cambios en aulas y talleres y mejoras en la accesibilidad de los espacios exteriores\",\"datePublished\":\"2021-05-04T14:16:41+00:00\",\"dateModified\":\"2023-04-11T09:49:36+00:00\",\"mainEntityOfPage\":{\"@id\":\"https:\\\/\\\/www.laguiadepamplona.com\\\/actualidad\\\/adjudicadas-las-obras-de-la-segunda-fase-de-la-reforma-de-la-e-i-goiz-eder-que-contempla-cambios-en-aulas-y-talleres-y-mejoras-en-la-accesibilidad-de-los-espacios-exteriores\\\/\"},\"wordCount\":646,\"commentCount\":0,\"publisher\":{\"@id\":\"https:\\\/\\\/www.laguiadepamplona.com\\\/actualidad\\\/#organization\"},\"image\":{\"@id\":\"https:\\\/\\\/www.laguiadepamplona.com\\\/actualidad\\\/adjudicadas-las-obras-de-la-segunda-fase-de-la-reforma-de-la-e-i-goiz-eder-que-contempla-cambios-en-aulas-y-talleres-y-mejoras-en-la-accesibilidad-de-los-espacios-exteriores\\\/#primaryimage\"},\"thumbnailUrl\":\"https:\\\/\\\/www.laguiadepamplona.com\\\/actualidad\\\/wp-content\\\/uploads\\\/2021\\\/05\\\/20.08.23_obras_goiz_eder3_0.jpg\",\"articleSection\":[\"Ayto Pamplona\"],\"inLanguage\":\"es\",\"potentialAction\":[{\"@type\":\"CommentAction\",\"name\":\"Comment\",\"target\":[\"https:\\\/\\\/www.laguiadepamplona.com\\\/actualidad\\\/adjudicadas-las-obras-de-la-segunda-fase-de-la-reforma-de-la-e-i-goiz-eder-que-contempla-cambios-en-aulas-y-talleres-y-mejoras-en-la-accesibilidad-de-los-espacios-exteriores\\\/#respond\"]}]},{\"@type\":\"WebPage\",\"@id\":\"https:\\\/\\\/www.laguiadepamplona.com\\\/actualidad\\\/adjudicadas-las-obras-de-la-segunda-fase-de-la-reforma-de-la-e-i-goiz-eder-que-contempla-cambios-en-aulas-y-talleres-y-mejoras-en-la-accesibilidad-de-los-espacios-exteriores\\\/\",\"url\":\"https:\\\/\\\/www.laguiadepamplona.com\\\/actualidad\\\/adjudicadas-las-obras-de-la-segunda-fase-de-la-reforma-de-la-e-i-goiz-eder-que-contempla-cambios-en-aulas-y-talleres-y-mejoras-en-la-accesibilidad-de-los-espacios-exteriores\\\/\",\"name\":\"Adjudicadas las obras de la segunda fase de la reforma de la E.I. Goiz Eder, que contempla cambios en aulas y talleres y mejoras en la accesibilidad de los espacios exteriores\",\"isPartOf\":{\"@id\":\"https:\\\/\\\/www.laguiadepamplona.com\\\/actualidad\\\/#website\"},\"primaryImageOfPage\":{\"@id\":\"https:\\\/\\\/www.laguiadepamplona.com\\\/actualidad\\\/adjudicadas-las-obras-de-la-segunda-fase-de-la-reforma-de-la-e-i-goiz-eder-que-contempla-cambios-en-aulas-y-talleres-y-mejoras-en-la-accesibilidad-de-los-espacios-exteriores\\\/#primaryimage\"},\"image\":{\"@id\":\"https:\\\/\\\/www.laguiadepamplona.com\\\/actualidad\\\/adjudicadas-las-obras-de-la-segunda-fase-de-la-reforma-de-la-e-i-goiz-eder-que-contempla-cambios-en-aulas-y-talleres-y-mejoras-en-la-accesibilidad-de-los-espacios-exteriores\\\/#primaryimage\"},\"thumbnailUrl\":\"https:\\\/\\\/www.laguiadepamplona.com\\\/actualidad\\\/wp-content\\\/uploads\\\/2021\\\/05\\\/20.08.23_obras_goiz_eder3_0.jpg\",\"datePublished\":\"2021-05-04T14:16:41+00:00\",\"dateModified\":\"2023-04-11T09:49:36+00:00\",\"description\":\"Se invertir\u00e1n 297.717,14 euros para dar continuidad a los trabajos ya desarrollados en una primera fase el verano pasado\",\"breadcrumb\":{\"@id\":\"https:\\\/\\\/www.laguiadepamplona.com\\\/actualidad\\\/adjudicadas-las-obras-de-la-segunda-fase-de-la-reforma-de-la-e-i-goiz-eder-que-contempla-cambios-en-aulas-y-talleres-y-mejoras-en-la-accesibilidad-de-los-espacios-exteriores\\\/#breadcrumb\"},\"inLanguage\":\"es\",\"potentialAction\":[{\"@type\":\"ReadAction\",\"target\":[\"https:\\\/\\\/www.laguiadepamplona.com\\\/actualidad\\\/adjudicadas-las-obras-de-la-segunda-fase-de-la-reforma-de-la-e-i-goiz-eder-que-contempla-cambios-en-aulas-y-talleres-y-mejoras-en-la-accesibilidad-de-los-espacios-exteriores\\\/\"]}]},{\"@type\":\"ImageObject\",\"inLanguage\":\"es\",\"@id\":\"https:\\\/\\\/www.laguiadepamplona.com\\\/actualidad\\\/adjudicadas-las-obras-de-la-segunda-fase-de-la-reforma-de-la-e-i-goiz-eder-que-contempla-cambios-en-aulas-y-talleres-y-mejoras-en-la-accesibilidad-de-los-espacios-exteriores\\\/#primaryimage\",\"url\":\"https:\\\/\\\/www.laguiadepamplona.com\\\/actualidad\\\/wp-content\\\/uploads\\\/2021\\\/05\\\/20.08.23_obras_goiz_eder3_0.jpg\",\"contentUrl\":\"https:\\\/\\\/www.laguiadepamplona.com\\\/actualidad\\\/wp-content\\\/uploads\\\/2021\\\/05\\\/20.08.23_obras_goiz_eder3_0.jpg\",\"width\":1920,\"height\":1440},{\"@type\":\"BreadcrumbList\",\"@id\":\"https:\\\/\\\/www.laguiadepamplona.com\\\/actualidad\\\/adjudicadas-las-obras-de-la-segunda-fase-de-la-reforma-de-la-e-i-goiz-eder-que-contempla-cambios-en-aulas-y-talleres-y-mejoras-en-la-accesibilidad-de-los-espacios-exteriores\\\/#breadcrumb\",\"itemListElement\":[{\"@type\":\"ListItem\",\"position\":1,\"name\":\"Portada\",\"item\":\"https:\\\/\\\/www.laguiadepamplona.com\\\/actualidad\\\/\"},{\"@type\":\"ListItem\",\"position\":2,\"name\":\"Adjudicadas las obras de la segunda fase de la reforma de la E.I. Goiz Eder, que contempla cambios en aulas y talleres y mejoras en la accesibilidad de los espacios exteriores\"}]},{\"@type\":\"WebSite\",\"@id\":\"https:\\\/\\\/www.laguiadepamplona.com\\\/actualidad\\\/#website\",\"url\":\"https:\\\/\\\/www.laguiadepamplona.com\\\/actualidad\\\/\",\"name\":\"La gu\u00eda de Pamplona\",\"description\":\"Noticias de Pamplona\",\"publisher\":{\"@id\":\"https:\\\/\\\/www.laguiadepamplona.com\\\/actualidad\\\/#organization\"},\"potentialAction\":[{\"@type\":\"SearchAction\",\"target\":{\"@type\":\"EntryPoint\",\"urlTemplate\":\"https:\\\/\\\/www.laguiadepamplona.com\\\/actualidad\\\/?s={search_term_string}\"},\"query-input\":{\"@type\":\"PropertyValueSpecification\",\"valueRequired\":true,\"valueName\":\"search_term_string\"}}],\"inLanguage\":\"es\"},{\"@type\":\"Organization\",\"@id\":\"https:\\\/\\\/www.laguiadepamplona.com\\\/actualidad\\\/#organization\",\"name\":\"La Gu\u00eda de Pamplona \\\/ Noticias\",\"url\":\"https:\\\/\\\/www.laguiadepamplona.com\\\/actualidad\\\/\",\"logo\":{\"@type\":\"ImageObject\",\"inLanguage\":\"es\",\"@id\":\"https:\\\/\\\/www.laguiadepamplona.com\\\/actualidad\\\/#\\\/schema\\\/logo\\\/image\\\/\",\"url\":\"https:\\\/\\\/www.laguiadepamplona.com\\\/actualidad\\\/wp-content\\\/uploads\\\/2018\\\/11\\\/logo-laguiadepamplona18-web1.png\",\"contentUrl\":\"https:\\\/\\\/www.laguiadepamplona.com\\\/actualidad\\\/wp-content\\\/uploads\\\/2018\\\/11\\\/logo-laguiadepamplona18-web1.png\",\"width\":600,\"height\":196,\"caption\":\"La Gu\u00eda de Pamplona \\\/ Noticias\"},\"image\":{\"@id\":\"https:\\\/\\\/www.laguiadepamplona.com\\\/actualidad\\\/#\\\/schema\\\/logo\\\/image\\\/\"},\"sameAs\":[\"https:\\\/\\\/www.facebook.com\\\/laguiadepamplonacom-133175176762273\\\/?ref=hl\",\"https:\\\/\\\/x.com\\\/LaGuiadPamplona\",\"https:\\\/\\\/www.instagram.com\\\/la_guia_de_pamplona\\\/\",\"https:\\\/\\\/www.youtube.com\\\/user\\\/laguiadepamplona\"]},{\"@type\":\"Person\",\"@id\":\"https:\\\/\\\/www.laguiadepamplona.com\\\/actualidad\\\/#\\\/schema\\\/person\\\/efe887376f0213d4657c93adc50b1fdb\",\"name\":\"La Gu\u00eda de Pamplona\",\"image\":{\"@type\":\"ImageObject\",\"inLanguage\":\"es\",\"@id\":\"https:\\\/\\\/secure.gravatar.com\\\/avatar\\\/b6992f131dc8d30ab0dff15446e9d346d9dbd95992de0fef795073f5ea83a81c?s=96&d=mm&r=g\",\"url\":\"https:\\\/\\\/secure.gravatar.com\\\/avatar\\\/b6992f131dc8d30ab0dff15446e9d346d9dbd95992de0fef795073f5ea83a81c?s=96&d=mm&r=g\",\"contentUrl\":\"https:\\\/\\\/secure.gravatar.com\\\/avatar\\\/b6992f131dc8d30ab0dff15446e9d346d9dbd95992de0fef795073f5ea83a81c?s=96&d=mm&r=g\",\"caption\":\"La Gu\u00eda de Pamplona\"}}]}<\/script>\n<!-- \/ Yoast SEO plugin. -->","yoast_head_json":{"title":"Adjudicadas las obras de la segunda fase de la reforma de la E.I. Goiz Eder, que contempla cambios en aulas y talleres y mejoras en la accesibilidad de los espacios exteriores","description":"Se invertir\u00e1n 297.717,14 euros para dar continuidad a los trabajos ya desarrollados en una primera fase el verano pasado","robots":{"index":"index","follow":"follow","max-snippet":"max-snippet:-1","max-image-preview":"max-image-preview:large","max-video-preview":"max-video-preview:-1"},"canonical":"https:\/\/www.laguiadepamplona.com\/actualidad\/adjudicadas-las-obras-de-la-segunda-fase-de-la-reforma-de-la-e-i-goiz-eder-que-contempla-cambios-en-aulas-y-talleres-y-mejoras-en-la-accesibilidad-de-los-espacios-exteriores\/","og_locale":"es_ES","og_type":"article","og_title":"Adjudicadas las obras de la segunda fase de la reforma de la E.I. Goiz Eder, que contempla cambios en aulas y talleres y mejoras en la accesibilidad de los espacios exteriores","og_description":"Se invertir\u00e1n 297.717,14 euros para dar continuidad a los trabajos ya desarrollados en una primera fase el verano pasado","og_url":"https:\/\/www.laguiadepamplona.com\/actualidad\/adjudicadas-las-obras-de-la-segunda-fase-de-la-reforma-de-la-e-i-goiz-eder-que-contempla-cambios-en-aulas-y-talleres-y-mejoras-en-la-accesibilidad-de-los-espacios-exteriores\/","og_site_name":"La Gu\u00eda de Pamplona","article_publisher":"https:\/\/www.facebook.com\/laguiadepamplonacom-133175176762273\/?ref=hl","article_published_time":"2021-05-04T14:16:41+00:00","article_modified_time":"2023-04-11T09:49:36+00:00","og_image":[{"width":1920,"height":1440,"url":"https:\/\/www.laguiadepamplona.com\/actualidad\/wp-content\/uploads\/2021\/05\/20.08.23_obras_goiz_eder3_0.jpg","type":"image\/jpeg"}],"author":"La Gu\u00eda de Pamplona","twitter_card":"summary_large_image","twitter_creator":"@LaGuiadPamplona","twitter_site":"@LaGuiadPamplona","twitter_misc":{"Escrito por":"La Gu\u00eda de Pamplona","Tiempo de lectura":"3 minutos"},"schema":{"@context":"https:\/\/schema.org","@graph":[{"@type":"Article","@id":"https:\/\/www.laguiadepamplona.com\/actualidad\/adjudicadas-las-obras-de-la-segunda-fase-de-la-reforma-de-la-e-i-goiz-eder-que-contempla-cambios-en-aulas-y-talleres-y-mejoras-en-la-accesibilidad-de-los-espacios-exteriores\/#article","isPartOf":{"@id":"https:\/\/www.laguiadepamplona.com\/actualidad\/adjudicadas-las-obras-de-la-segunda-fase-de-la-reforma-de-la-e-i-goiz-eder-que-contempla-cambios-en-aulas-y-talleres-y-mejoras-en-la-accesibilidad-de-los-espacios-exteriores\/"},"author":{"name":"La Gu\u00eda de Pamplona","@id":"https:\/\/www.laguiadepamplona.com\/actualidad\/#\/schema\/person\/efe887376f0213d4657c93adc50b1fdb"},"headline":"Adjudicadas las obras de la segunda fase de la reforma de la E.I. Goiz Eder, que contempla cambios en aulas y talleres y mejoras en la accesibilidad de los espacios exteriores","datePublished":"2021-05-04T14:16:41+00:00","dateModified":"2023-04-11T09:49:36+00:00","mainEntityOfPage":{"@id":"https:\/\/www.laguiadepamplona.com\/actualidad\/adjudicadas-las-obras-de-la-segunda-fase-de-la-reforma-de-la-e-i-goiz-eder-que-contempla-cambios-en-aulas-y-talleres-y-mejoras-en-la-accesibilidad-de-los-espacios-exteriores\/"},"wordCount":646,"commentCount":0,"publisher":{"@id":"https:\/\/www.laguiadepamplona.com\/actualidad\/#organization"},"image":{"@id":"https:\/\/www.laguiadepamplona.com\/actualidad\/adjudicadas-las-obras-de-la-segunda-fase-de-la-reforma-de-la-e-i-goiz-eder-que-contempla-cambios-en-aulas-y-talleres-y-mejoras-en-la-accesibilidad-de-los-espacios-exteriores\/#primaryimage"},"thumbnailUrl":"https:\/\/www.laguiadepamplona.com\/actualidad\/wp-content\/uploads\/2021\/05\/20.08.23_obras_goiz_eder3_0.jpg","articleSection":["Ayto Pamplona"],"inLanguage":"es","potentialAction":[{"@type":"CommentAction","name":"Comment","target":["https:\/\/www.laguiadepamplona.com\/actualidad\/adjudicadas-las-obras-de-la-segunda-fase-de-la-reforma-de-la-e-i-goiz-eder-que-contempla-cambios-en-aulas-y-talleres-y-mejoras-en-la-accesibilidad-de-los-espacios-exteriores\/#respond"]}]},{"@type":"WebPage","@id":"https:\/\/www.laguiadepamplona.com\/actualidad\/adjudicadas-las-obras-de-la-segunda-fase-de-la-reforma-de-la-e-i-goiz-eder-que-contempla-cambios-en-aulas-y-talleres-y-mejoras-en-la-accesibilidad-de-los-espacios-exteriores\/","url":"https:\/\/www.laguiadepamplona.com\/actualidad\/adjudicadas-las-obras-de-la-segunda-fase-de-la-reforma-de-la-e-i-goiz-eder-que-contempla-cambios-en-aulas-y-talleres-y-mejoras-en-la-accesibilidad-de-los-espacios-exteriores\/","name":"Adjudicadas las obras de la segunda fase de la reforma de la E.I. Goiz Eder, que contempla cambios en aulas y talleres y mejoras en la accesibilidad de los espacios exteriores","isPartOf":{"@id":"https:\/\/www.laguiadepamplona.com\/actualidad\/#website"},"primaryImageOfPage":{"@id":"https:\/\/www.laguiadepamplona.com\/actualidad\/adjudicadas-las-obras-de-la-segunda-fase-de-la-reforma-de-la-e-i-goiz-eder-que-contempla-cambios-en-aulas-y-talleres-y-mejoras-en-la-accesibilidad-de-los-espacios-exteriores\/#primaryimage"},"image":{"@id":"https:\/\/www.laguiadepamplona.com\/actualidad\/adjudicadas-las-obras-de-la-segunda-fase-de-la-reforma-de-la-e-i-goiz-eder-que-contempla-cambios-en-aulas-y-talleres-y-mejoras-en-la-accesibilidad-de-los-espacios-exteriores\/#primaryimage"},"thumbnailUrl":"https:\/\/www.laguiadepamplona.com\/actualidad\/wp-content\/uploads\/2021\/05\/20.08.23_obras_goiz_eder3_0.jpg","datePublished":"2021-05-04T14:16:41+00:00","dateModified":"2023-04-11T09:49:36+00:00","description":"Se invertir\u00e1n 297.717,14 euros para dar continuidad a los trabajos ya desarrollados en una primera fase el verano pasado","breadcrumb":{"@id":"https:\/\/www.laguiadepamplona.com\/actualidad\/adjudicadas-las-obras-de-la-segunda-fase-de-la-reforma-de-la-e-i-goiz-eder-que-contempla-cambios-en-aulas-y-talleres-y-mejoras-en-la-accesibilidad-de-los-espacios-exteriores\/#breadcrumb"},"inLanguage":"es","potentialAction":[{"@type":"ReadAction","target":["https:\/\/www.laguiadepamplona.com\/actualidad\/adjudicadas-las-obras-de-la-segunda-fase-de-la-reforma-de-la-e-i-goiz-eder-que-contempla-cambios-en-aulas-y-talleres-y-mejoras-en-la-accesibilidad-de-los-espacios-exteriores\/"]}]},{"@type":"ImageObject","inLanguage":"es","@id":"https:\/\/www.laguiadepamplona.com\/actualidad\/adjudicadas-las-obras-de-la-segunda-fase-de-la-reforma-de-la-e-i-goiz-eder-que-contempla-cambios-en-aulas-y-talleres-y-mejoras-en-la-accesibilidad-de-los-espacios-exteriores\/#primaryimage","url":"https:\/\/www.laguiadepamplona.com\/actualidad\/wp-content\/uploads\/2021\/05\/20.08.23_obras_goiz_eder3_0.jpg","contentUrl":"https:\/\/www.laguiadepamplona.com\/actualidad\/wp-content\/uploads\/2021\/05\/20.08.23_obras_goiz_eder3_0.jpg","width":1920,"height":1440},{"@type":"BreadcrumbList","@id":"https:\/\/www.laguiadepamplona.com\/actualidad\/adjudicadas-las-obras-de-la-segunda-fase-de-la-reforma-de-la-e-i-goiz-eder-que-contempla-cambios-en-aulas-y-talleres-y-mejoras-en-la-accesibilidad-de-los-espacios-exteriores\/#breadcrumb","itemListElement":[{"@type":"ListItem","position":1,"name":"Portada","item":"https:\/\/www.laguiadepamplona.com\/actualidad\/"},{"@type":"ListItem","position":2,"name":"Adjudicadas las obras de la segunda fase de la reforma de la E.I. Goiz Eder, que contempla cambios en aulas y talleres y mejoras en la accesibilidad de los espacios exteriores"}]},{"@type":"WebSite","@id":"https:\/\/www.laguiadepamplona.com\/actualidad\/#website","url":"https:\/\/www.laguiadepamplona.com\/actualidad\/","name":"La gu\u00eda de Pamplona","description":"Noticias de Pamplona","publisher":{"@id":"https:\/\/www.laguiadepamplona.com\/actualidad\/#organization"},"potentialAction":[{"@type":"SearchAction","target":{"@type":"EntryPoint","urlTemplate":"https:\/\/www.laguiadepamplona.com\/actualidad\/?s={search_term_string}"},"query-input":{"@type":"PropertyValueSpecification","valueRequired":true,"valueName":"search_term_string"}}],"inLanguage":"es"},{"@type":"Organization","@id":"https:\/\/www.laguiadepamplona.com\/actualidad\/#organization","name":"La Gu\u00eda de Pamplona \/ Noticias","url":"https:\/\/www.laguiadepamplona.com\/actualidad\/","logo":{"@type":"ImageObject","inLanguage":"es","@id":"https:\/\/www.laguiadepamplona.com\/actualidad\/#\/schema\/logo\/image\/","url":"https:\/\/www.laguiadepamplona.com\/actualidad\/wp-content\/uploads\/2018\/11\/logo-laguiadepamplona18-web1.png","contentUrl":"https:\/\/www.laguiadepamplona.com\/actualidad\/wp-content\/uploads\/2018\/11\/logo-laguiadepamplona18-web1.png","width":600,"height":196,"caption":"La Gu\u00eda de Pamplona \/ Noticias"},"image":{"@id":"https:\/\/www.laguiadepamplona.com\/actualidad\/#\/schema\/logo\/image\/"},"sameAs":["https:\/\/www.facebook.com\/laguiadepamplonacom-133175176762273\/?ref=hl","https:\/\/x.com\/LaGuiadPamplona","https:\/\/www.instagram.com\/la_guia_de_pamplona\/","https:\/\/www.youtube.com\/user\/laguiadepamplona"]},{"@type":"Person","@id":"https:\/\/www.laguiadepamplona.com\/actualidad\/#\/schema\/person\/efe887376f0213d4657c93adc50b1fdb","name":"La Gu\u00eda de Pamplona","image":{"@type":"ImageObject","inLanguage":"es","@id":"https:\/\/secure.gravatar.com\/avatar\/b6992f131dc8d30ab0dff15446e9d346d9dbd95992de0fef795073f5ea83a81c?s=96&d=mm&r=g","url":"https:\/\/secure.gravatar.com\/avatar\/b6992f131dc8d30ab0dff15446e9d346d9dbd95992de0fef795073f5ea83a81c?s=96&d=mm&r=g","contentUrl":"https:\/\/secure.gravatar.com\/avatar\/b6992f131dc8d30ab0dff15446e9d346d9dbd95992de0fef795073f5ea83a81c?s=96&d=mm&r=g","caption":"La Gu\u00eda de Pamplona"}}]}},"post_mailing_queue_ids":[],"_links":{"self":[{"href":"https:\/\/www.laguiadepamplona.com\/actualidad\/wp-json\/wp\/v2\/posts\/34622","targetHints":{"allow":["GET"]}}],"collection":[{"href":"https:\/\/www.laguiadepamplona.com\/actualidad\/wp-json\/wp\/v2\/posts"}],"about":[{"href":"https:\/\/www.laguiadepamplona.com\/actualidad\/wp-json\/wp\/v2\/types\/post"}],"author":[{"embeddable":true,"href":"https:\/\/www.laguiadepamplona.com\/actualidad\/wp-json\/wp\/v2\/users\/1"}],"replies":[{"embeddable":true,"href":"https:\/\/www.laguiadepamplona.com\/actualidad\/wp-json\/wp\/v2\/comments?post=34622"}],"version-history":[{"count":0,"href":"https:\/\/www.laguiadepamplona.com\/actualidad\/wp-json\/wp\/v2\/posts\/34622\/revisions"}],"wp:featuredmedia":[{"embeddable":true,"href":"https:\/\/www.laguiadepamplona.com\/actualidad\/wp-json\/wp\/v2\/media\/34623"}],"wp:attachment":[{"href":"https:\/\/www.laguiadepamplona.com\/actualidad\/wp-json\/wp\/v2\/media?parent=34622"}],"wp:term":[{"taxonomy":"category","embeddable":true,"href":"https:\/\/www.laguiadepamplona.com\/actualidad\/wp-json\/wp\/v2\/categories?post=34622"},{"taxonomy":"post_tag","embeddable":true,"href":"https:\/\/www.laguiadepamplona.com\/actualidad\/wp-json\/wp\/v2\/tags?post=34622"}],"curies":[{"name":"wp","href":"https:\/\/api.w.org\/{rel}","templated":true}]}}