{"id":34617,"date":"2021-05-04T16:13:04","date_gmt":"2021-05-04T14:13:04","guid":{"rendered":"https:\/\/www.laguiadepamplona.com\/actualidad\/?p=34617"},"modified":"2023-04-11T11:49:36","modified_gmt":"2023-04-11T09:49:36","slug":"ayuntamiento-de-pamplona-y-nasuvinsa-firmaran-un-convenio-para-construir-apartamentos-tutelados-de-proteccion-oficial-de-alquiler-para-mayores-de-60-anos-en-azpilagana","status":"publish","type":"post","link":"https:\/\/www.laguiadepamplona.com\/actualidad\/ayuntamiento-de-pamplona-y-nasuvinsa-firmaran-un-convenio-para-construir-apartamentos-tutelados-de-proteccion-oficial-de-alquiler-para-mayores-de-60-anos-en-azpilagana\/","title":{"rendered":"Ayuntamiento de Pamplona y Nasuvinsa firmar\u00e1n un convenio para construir apartamentos tutelados de protecci\u00f3n oficial de alquiler para mayores de 60 a\u00f1os en Azpilaga\u00f1a"},"content":{"rendered":"<h5>Gerencia de Urbanismo conocer\u00e1 el mi\u00e9rcoles el convenio para la construcci\u00f3n del edificio que contempla jubiloteca y centro comunitario<\/h5>\n<p><!--more--><\/p>\n<p>El Ayuntamiento de Pamplona y Nasuvinsa van a firmar un convenio por el que se levantar\u00e1 en Azpilaga\u00f1a un edificio de apartamentos tutelados de protecci\u00f3n oficial destinados al alquiler para personas mayores de 60 a\u00f1os. El edificio acoger\u00e1 tambi\u00e9n un centro comunitario para el barrio y una jubiloteca, que tras la construcci\u00f3n quedar\u00e1n de titularidad municipal. Se levantar\u00e1 un bloque de 9 plantas con 36 apartamentos, de los que 34 tendr\u00e1n dos habitaciones y dos, una habitaci\u00f3n.<\/p>\n<p><script async src=\"\/\/pagead2.googlesyndication.com\/pagead\/js\/adsbygoogle.js\"><\/script><br \/>\n<!-- Noticias La Guia de Pamplona --><br \/>\n<ins class=\"adsbygoogle\"\nstyle=\"display:block\"\ndata-ad-client=\"ca-pub-6943679897239327\"\ndata-ad-slot=\"7048180777\"\ndata-ad-format=\"auto\"><\/ins><br \/>\n<script>\n(adsbygoogle = window.adsbygoogle || []).push({});\n<\/script><\/p>\n<p>Gerencia de Urbanismo conocer\u00e1 el mi\u00e9rcoles el texto del convenio por el que el Consistorio pamplon\u00e9s har\u00e1 una cesi\u00f3n gratuita del derecho de superficie de la parcela y Nasuvinsa dise\u00f1ar\u00e1 el proyecto, se encargar\u00e1 de llevar a cabo las obras y gestionar\u00e1 despu\u00e9s el alquiler, que se reservar\u00e1 a personas empadronadas en Pamplona. Los criterios para la adjudicaci\u00f3n ser\u00e1n conforme a los aplicados a las viviendas de protecci\u00f3n oficial. Est\u00e1 previsto que Nasuvinsa complete el proyecto y solicite licencia de obras a final de mayo o en el mes de junio.<\/p>\n<p>La parcela municipal objeto de la cesi\u00f3n del derecho de superficie est\u00e1 ubicada en la calle R\u00edo Alzania n\u00famero 18, frente a la plaza Manuel Turrillas, junto a la Escuela Infantil y una zona verde. De 510 m\u00b2, es de uso dotacional p\u00fablico, calificaci\u00f3n que permite destinarla a residencia comunitaria. La jubiloteca tendr\u00e1 una superficie \u00fatil aproximada de 280 m\u00b2 y el centro comunitario de 265 m\u00b2. De acuerdo al convenio, el Ayuntamiento deber\u00e1 dar el visto bueno al dise\u00f1o de los espacios antes del inicio de las obras y se encargar\u00e1 de la dotaci\u00f3n del mobiliario. El plazo de cesi\u00f3n de la parcela es de 75 a\u00f1os.<\/p>\n<p><script async src=\"\/\/pagead2.googlesyndication.com\/pagead\/js\/adsbygoogle.js\"><\/script><br \/>\n<!-- Noticias La Guia de Pamplona --><br \/>\n<ins class=\"adsbygoogle\"\nstyle=\"display:block\"\ndata-ad-client=\"ca-pub-6943679897239327\"\ndata-ad-slot=\"7048180777\"\ndata-ad-format=\"auto\"><\/ins><br \/>\n<script>\n(adsbygoogle = window.adsbygoogle || []).push({});\n<\/script><\/p>\n<p>El objetivo de la firma del convenio es desarrollar una pol\u00edtica de vivienda encaminada a potenciar la vivienda social en arrendamiento, as\u00ed como el compromiso de fomentar el acceso a la vivienda protegida de personas mayores. El plazo para la construcci\u00f3n del edificio y la obtenci\u00f3n de la licencia de primera ocupaci\u00f3n es de cinco a\u00f1os desde la firma de la escritura p\u00fablica del suelo en favor de Nasuvinsa.<\/p>\n","protected":false},"excerpt":{"rendered":"<p>Gerencia de Urbanismo conocer\u00e1 el mi\u00e9rcoles el convenio para la construcci\u00f3n del edificio que contempla jubiloteca y centro comunitario<\/p>\n","protected":false},"author":1,"featured_media":34618,"comment_status":"open","ping_status":"closed","sticky":false,"template":"","format":"standard","meta":{"footnotes":""},"categories":[2],"tags":[],"class_list":["post-34617","post","type-post","status-publish","format-standard","has-post-thumbnail","hentry","category-ayuntamiento-pamplona"],"yoast_head":"<!-- This site is optimized with the Yoast SEO plugin v27.5 - https:\/\/yoast.com\/product\/yoast-seo-wordpress\/ -->\n<title>Ayuntamiento de Pamplona y Nasuvinsa firmar\u00e1n un convenio para construir apartamentos tutelados de protecci\u00f3n oficial de alquiler para mayores de 60 a\u00f1os en Azpilaga\u00f1a<\/title>\n<meta name=\"description\" content=\"Gerencia de Urbanismo conocer\u00e1 el mi\u00e9rcoles el convenio para la construcci\u00f3n del edificio que contempla jubiloteca y centro comunitario\" \/>\n<meta name=\"robots\" content=\"index, follow, max-snippet:-1, max-image-preview:large, max-video-preview:-1\" \/>\n<link rel=\"canonical\" href=\"https:\/\/www.laguiadepamplona.com\/actualidad\/ayuntamiento-de-pamplona-y-nasuvinsa-firmaran-un-convenio-para-construir-apartamentos-tutelados-de-proteccion-oficial-de-alquiler-para-mayores-de-60-anos-en-azpilagana\/\" \/>\n<meta property=\"og:locale\" content=\"es_ES\" \/>\n<meta property=\"og:type\" content=\"article\" \/>\n<meta property=\"og:title\" content=\"Ayuntamiento de Pamplona y Nasuvinsa firmar\u00e1n un convenio para construir apartamentos tutelados de protecci\u00f3n oficial de alquiler para mayores de 60 a\u00f1os en Azpilaga\u00f1a\" \/>\n<meta property=\"og:description\" content=\"Gerencia de Urbanismo conocer\u00e1 el mi\u00e9rcoles el convenio para la construcci\u00f3n del edificio que contempla jubiloteca y centro comunitario\" \/>\n<meta property=\"og:url\" content=\"https:\/\/www.laguiadepamplona.com\/actualidad\/ayuntamiento-de-pamplona-y-nasuvinsa-firmaran-un-convenio-para-construir-apartamentos-tutelados-de-proteccion-oficial-de-alquiler-para-mayores-de-60-anos-en-azpilagana\/\" \/>\n<meta property=\"og:site_name\" content=\"La Gu\u00eda de Pamplona\" \/>\n<meta property=\"article:publisher\" content=\"https:\/\/www.facebook.com\/laguiadepamplonacom-133175176762273\/?ref=hl\" \/>\n<meta property=\"article:published_time\" content=\"2021-05-04T14:13:04+00:00\" \/>\n<meta property=\"article:modified_time\" content=\"2023-04-11T09:49:36+00:00\" \/>\n<meta property=\"og:image\" content=\"https:\/\/www.laguiadepamplona.com\/actualidad\/wp-content\/uploads\/2021\/05\/azpilagana-2.jpg\" \/>\n\t<meta property=\"og:image:width\" content=\"1417\" \/>\n\t<meta property=\"og:image:height\" content=\"837\" \/>\n\t<meta property=\"og:image:type\" content=\"image\/jpeg\" \/>\n<meta name=\"author\" content=\"La Gu\u00eda de Pamplona\" \/>\n<meta name=\"twitter:card\" content=\"summary_large_image\" \/>\n<meta name=\"twitter:creator\" content=\"@LaGuiadPamplona\" \/>\n<meta name=\"twitter:site\" content=\"@LaGuiadPamplona\" \/>\n<meta name=\"twitter:label1\" content=\"Escrito por\" \/>\n\t<meta name=\"twitter:data1\" content=\"La Gu\u00eda de Pamplona\" \/>\n\t<meta name=\"twitter:label2\" content=\"Tiempo de lectura\" \/>\n\t<meta name=\"twitter:data2\" content=\"2 minutos\" \/>\n<script type=\"application\/ld+json\" class=\"yoast-schema-graph\">{\"@context\":\"https:\\\/\\\/schema.org\",\"@graph\":[{\"@type\":\"Article\",\"@id\":\"https:\\\/\\\/www.laguiadepamplona.com\\\/actualidad\\\/ayuntamiento-de-pamplona-y-nasuvinsa-firmaran-un-convenio-para-construir-apartamentos-tutelados-de-proteccion-oficial-de-alquiler-para-mayores-de-60-anos-en-azpilagana\\\/#article\",\"isPartOf\":{\"@id\":\"https:\\\/\\\/www.laguiadepamplona.com\\\/actualidad\\\/ayuntamiento-de-pamplona-y-nasuvinsa-firmaran-un-convenio-para-construir-apartamentos-tutelados-de-proteccion-oficial-de-alquiler-para-mayores-de-60-anos-en-azpilagana\\\/\"},\"author\":{\"name\":\"La Gu\u00eda de Pamplona\",\"@id\":\"https:\\\/\\\/www.laguiadepamplona.com\\\/actualidad\\\/#\\\/schema\\\/person\\\/efe887376f0213d4657c93adc50b1fdb\"},\"headline\":\"Ayuntamiento de Pamplona y Nasuvinsa firmar\u00e1n un convenio para construir apartamentos tutelados de protecci\u00f3n oficial de alquiler para mayores de 60 a\u00f1os en Azpilaga\u00f1a\",\"datePublished\":\"2021-05-04T14:13:04+00:00\",\"dateModified\":\"2023-04-11T09:49:36+00:00\",\"mainEntityOfPage\":{\"@id\":\"https:\\\/\\\/www.laguiadepamplona.com\\\/actualidad\\\/ayuntamiento-de-pamplona-y-nasuvinsa-firmaran-un-convenio-para-construir-apartamentos-tutelados-de-proteccion-oficial-de-alquiler-para-mayores-de-60-anos-en-azpilagana\\\/\"},\"wordCount\":415,\"commentCount\":0,\"publisher\":{\"@id\":\"https:\\\/\\\/www.laguiadepamplona.com\\\/actualidad\\\/#organization\"},\"image\":{\"@id\":\"https:\\\/\\\/www.laguiadepamplona.com\\\/actualidad\\\/ayuntamiento-de-pamplona-y-nasuvinsa-firmaran-un-convenio-para-construir-apartamentos-tutelados-de-proteccion-oficial-de-alquiler-para-mayores-de-60-anos-en-azpilagana\\\/#primaryimage\"},\"thumbnailUrl\":\"https:\\\/\\\/www.laguiadepamplona.com\\\/actualidad\\\/wp-content\\\/uploads\\\/2021\\\/05\\\/azpilagana-2.jpg\",\"articleSection\":[\"Ayto Pamplona\"],\"inLanguage\":\"es\",\"potentialAction\":[{\"@type\":\"CommentAction\",\"name\":\"Comment\",\"target\":[\"https:\\\/\\\/www.laguiadepamplona.com\\\/actualidad\\\/ayuntamiento-de-pamplona-y-nasuvinsa-firmaran-un-convenio-para-construir-apartamentos-tutelados-de-proteccion-oficial-de-alquiler-para-mayores-de-60-anos-en-azpilagana\\\/#respond\"]}]},{\"@type\":\"WebPage\",\"@id\":\"https:\\\/\\\/www.laguiadepamplona.com\\\/actualidad\\\/ayuntamiento-de-pamplona-y-nasuvinsa-firmaran-un-convenio-para-construir-apartamentos-tutelados-de-proteccion-oficial-de-alquiler-para-mayores-de-60-anos-en-azpilagana\\\/\",\"url\":\"https:\\\/\\\/www.laguiadepamplona.com\\\/actualidad\\\/ayuntamiento-de-pamplona-y-nasuvinsa-firmaran-un-convenio-para-construir-apartamentos-tutelados-de-proteccion-oficial-de-alquiler-para-mayores-de-60-anos-en-azpilagana\\\/\",\"name\":\"Ayuntamiento de Pamplona y Nasuvinsa firmar\u00e1n un convenio para construir apartamentos tutelados de protecci\u00f3n oficial de alquiler para mayores de 60 a\u00f1os en Azpilaga\u00f1a\",\"isPartOf\":{\"@id\":\"https:\\\/\\\/www.laguiadepamplona.com\\\/actualidad\\\/#website\"},\"primaryImageOfPage\":{\"@id\":\"https:\\\/\\\/www.laguiadepamplona.com\\\/actualidad\\\/ayuntamiento-de-pamplona-y-nasuvinsa-firmaran-un-convenio-para-construir-apartamentos-tutelados-de-proteccion-oficial-de-alquiler-para-mayores-de-60-anos-en-azpilagana\\\/#primaryimage\"},\"image\":{\"@id\":\"https:\\\/\\\/www.laguiadepamplona.com\\\/actualidad\\\/ayuntamiento-de-pamplona-y-nasuvinsa-firmaran-un-convenio-para-construir-apartamentos-tutelados-de-proteccion-oficial-de-alquiler-para-mayores-de-60-anos-en-azpilagana\\\/#primaryimage\"},\"thumbnailUrl\":\"https:\\\/\\\/www.laguiadepamplona.com\\\/actualidad\\\/wp-content\\\/uploads\\\/2021\\\/05\\\/azpilagana-2.jpg\",\"datePublished\":\"2021-05-04T14:13:04+00:00\",\"dateModified\":\"2023-04-11T09:49:36+00:00\",\"description\":\"Gerencia de Urbanismo conocer\u00e1 el mi\u00e9rcoles el convenio para la construcci\u00f3n del edificio que contempla jubiloteca y centro comunitario\",\"breadcrumb\":{\"@id\":\"https:\\\/\\\/www.laguiadepamplona.com\\\/actualidad\\\/ayuntamiento-de-pamplona-y-nasuvinsa-firmaran-un-convenio-para-construir-apartamentos-tutelados-de-proteccion-oficial-de-alquiler-para-mayores-de-60-anos-en-azpilagana\\\/#breadcrumb\"},\"inLanguage\":\"es\",\"potentialAction\":[{\"@type\":\"ReadAction\",\"target\":[\"https:\\\/\\\/www.laguiadepamplona.com\\\/actualidad\\\/ayuntamiento-de-pamplona-y-nasuvinsa-firmaran-un-convenio-para-construir-apartamentos-tutelados-de-proteccion-oficial-de-alquiler-para-mayores-de-60-anos-en-azpilagana\\\/\"]}]},{\"@type\":\"ImageObject\",\"inLanguage\":\"es\",\"@id\":\"https:\\\/\\\/www.laguiadepamplona.com\\\/actualidad\\\/ayuntamiento-de-pamplona-y-nasuvinsa-firmaran-un-convenio-para-construir-apartamentos-tutelados-de-proteccion-oficial-de-alquiler-para-mayores-de-60-anos-en-azpilagana\\\/#primaryimage\",\"url\":\"https:\\\/\\\/www.laguiadepamplona.com\\\/actualidad\\\/wp-content\\\/uploads\\\/2021\\\/05\\\/azpilagana-2.jpg\",\"contentUrl\":\"https:\\\/\\\/www.laguiadepamplona.com\\\/actualidad\\\/wp-content\\\/uploads\\\/2021\\\/05\\\/azpilagana-2.jpg\",\"width\":1417,\"height\":837},{\"@type\":\"BreadcrumbList\",\"@id\":\"https:\\\/\\\/www.laguiadepamplona.com\\\/actualidad\\\/ayuntamiento-de-pamplona-y-nasuvinsa-firmaran-un-convenio-para-construir-apartamentos-tutelados-de-proteccion-oficial-de-alquiler-para-mayores-de-60-anos-en-azpilagana\\\/#breadcrumb\",\"itemListElement\":[{\"@type\":\"ListItem\",\"position\":1,\"name\":\"Portada\",\"item\":\"https:\\\/\\\/www.laguiadepamplona.com\\\/actualidad\\\/\"},{\"@type\":\"ListItem\",\"position\":2,\"name\":\"Ayuntamiento de Pamplona y Nasuvinsa firmar\u00e1n un convenio para construir apartamentos tutelados de protecci\u00f3n oficial de alquiler para mayores de 60 a\u00f1os en Azpilaga\u00f1a\"}]},{\"@type\":\"WebSite\",\"@id\":\"https:\\\/\\\/www.laguiadepamplona.com\\\/actualidad\\\/#website\",\"url\":\"https:\\\/\\\/www.laguiadepamplona.com\\\/actualidad\\\/\",\"name\":\"La gu\u00eda de Pamplona\",\"description\":\"Noticias de Pamplona\",\"publisher\":{\"@id\":\"https:\\\/\\\/www.laguiadepamplona.com\\\/actualidad\\\/#organization\"},\"potentialAction\":[{\"@type\":\"SearchAction\",\"target\":{\"@type\":\"EntryPoint\",\"urlTemplate\":\"https:\\\/\\\/www.laguiadepamplona.com\\\/actualidad\\\/?s={search_term_string}\"},\"query-input\":{\"@type\":\"PropertyValueSpecification\",\"valueRequired\":true,\"valueName\":\"search_term_string\"}}],\"inLanguage\":\"es\"},{\"@type\":\"Organization\",\"@id\":\"https:\\\/\\\/www.laguiadepamplona.com\\\/actualidad\\\/#organization\",\"name\":\"La Gu\u00eda de Pamplona \\\/ Noticias\",\"url\":\"https:\\\/\\\/www.laguiadepamplona.com\\\/actualidad\\\/\",\"logo\":{\"@type\":\"ImageObject\",\"inLanguage\":\"es\",\"@id\":\"https:\\\/\\\/www.laguiadepamplona.com\\\/actualidad\\\/#\\\/schema\\\/logo\\\/image\\\/\",\"url\":\"https:\\\/\\\/www.laguiadepamplona.com\\\/actualidad\\\/wp-content\\\/uploads\\\/2018\\\/11\\\/logo-laguiadepamplona18-web1.png\",\"contentUrl\":\"https:\\\/\\\/www.laguiadepamplona.com\\\/actualidad\\\/wp-content\\\/uploads\\\/2018\\\/11\\\/logo-laguiadepamplona18-web1.png\",\"width\":600,\"height\":196,\"caption\":\"La Gu\u00eda de Pamplona \\\/ Noticias\"},\"image\":{\"@id\":\"https:\\\/\\\/www.laguiadepamplona.com\\\/actualidad\\\/#\\\/schema\\\/logo\\\/image\\\/\"},\"sameAs\":[\"https:\\\/\\\/www.facebook.com\\\/laguiadepamplonacom-133175176762273\\\/?ref=hl\",\"https:\\\/\\\/x.com\\\/LaGuiadPamplona\",\"https:\\\/\\\/www.instagram.com\\\/la_guia_de_pamplona\\\/\",\"https:\\\/\\\/www.youtube.com\\\/user\\\/laguiadepamplona\"]},{\"@type\":\"Person\",\"@id\":\"https:\\\/\\\/www.laguiadepamplona.com\\\/actualidad\\\/#\\\/schema\\\/person\\\/efe887376f0213d4657c93adc50b1fdb\",\"name\":\"La Gu\u00eda de Pamplona\",\"image\":{\"@type\":\"ImageObject\",\"inLanguage\":\"es\",\"@id\":\"https:\\\/\\\/secure.gravatar.com\\\/avatar\\\/b6992f131dc8d30ab0dff15446e9d346d9dbd95992de0fef795073f5ea83a81c?s=96&d=mm&r=g\",\"url\":\"https:\\\/\\\/secure.gravatar.com\\\/avatar\\\/b6992f131dc8d30ab0dff15446e9d346d9dbd95992de0fef795073f5ea83a81c?s=96&d=mm&r=g\",\"contentUrl\":\"https:\\\/\\\/secure.gravatar.com\\\/avatar\\\/b6992f131dc8d30ab0dff15446e9d346d9dbd95992de0fef795073f5ea83a81c?s=96&d=mm&r=g\",\"caption\":\"La Gu\u00eda de Pamplona\"}}]}<\/script>\n<!-- \/ Yoast SEO plugin. -->","yoast_head_json":{"title":"Ayuntamiento de Pamplona y Nasuvinsa firmar\u00e1n un convenio para construir apartamentos tutelados de protecci\u00f3n oficial de alquiler para mayores de 60 a\u00f1os en Azpilaga\u00f1a","description":"Gerencia de Urbanismo conocer\u00e1 el mi\u00e9rcoles el convenio para la construcci\u00f3n del edificio que contempla jubiloteca y centro comunitario","robots":{"index":"index","follow":"follow","max-snippet":"max-snippet:-1","max-image-preview":"max-image-preview:large","max-video-preview":"max-video-preview:-1"},"canonical":"https:\/\/www.laguiadepamplona.com\/actualidad\/ayuntamiento-de-pamplona-y-nasuvinsa-firmaran-un-convenio-para-construir-apartamentos-tutelados-de-proteccion-oficial-de-alquiler-para-mayores-de-60-anos-en-azpilagana\/","og_locale":"es_ES","og_type":"article","og_title":"Ayuntamiento de Pamplona y Nasuvinsa firmar\u00e1n un convenio para construir apartamentos tutelados de protecci\u00f3n oficial de alquiler para mayores de 60 a\u00f1os en Azpilaga\u00f1a","og_description":"Gerencia de Urbanismo conocer\u00e1 el mi\u00e9rcoles el convenio para la construcci\u00f3n del edificio que contempla jubiloteca y centro comunitario","og_url":"https:\/\/www.laguiadepamplona.com\/actualidad\/ayuntamiento-de-pamplona-y-nasuvinsa-firmaran-un-convenio-para-construir-apartamentos-tutelados-de-proteccion-oficial-de-alquiler-para-mayores-de-60-anos-en-azpilagana\/","og_site_name":"La Gu\u00eda de Pamplona","article_publisher":"https:\/\/www.facebook.com\/laguiadepamplonacom-133175176762273\/?ref=hl","article_published_time":"2021-05-04T14:13:04+00:00","article_modified_time":"2023-04-11T09:49:36+00:00","og_image":[{"width":1417,"height":837,"url":"https:\/\/www.laguiadepamplona.com\/actualidad\/wp-content\/uploads\/2021\/05\/azpilagana-2.jpg","type":"image\/jpeg"}],"author":"La Gu\u00eda de Pamplona","twitter_card":"summary_large_image","twitter_creator":"@LaGuiadPamplona","twitter_site":"@LaGuiadPamplona","twitter_misc":{"Escrito por":"La Gu\u00eda de Pamplona","Tiempo de lectura":"2 minutos"},"schema":{"@context":"https:\/\/schema.org","@graph":[{"@type":"Article","@id":"https:\/\/www.laguiadepamplona.com\/actualidad\/ayuntamiento-de-pamplona-y-nasuvinsa-firmaran-un-convenio-para-construir-apartamentos-tutelados-de-proteccion-oficial-de-alquiler-para-mayores-de-60-anos-en-azpilagana\/#article","isPartOf":{"@id":"https:\/\/www.laguiadepamplona.com\/actualidad\/ayuntamiento-de-pamplona-y-nasuvinsa-firmaran-un-convenio-para-construir-apartamentos-tutelados-de-proteccion-oficial-de-alquiler-para-mayores-de-60-anos-en-azpilagana\/"},"author":{"name":"La Gu\u00eda de Pamplona","@id":"https:\/\/www.laguiadepamplona.com\/actualidad\/#\/schema\/person\/efe887376f0213d4657c93adc50b1fdb"},"headline":"Ayuntamiento de Pamplona y Nasuvinsa firmar\u00e1n un convenio para construir apartamentos tutelados de protecci\u00f3n oficial de alquiler para mayores de 60 a\u00f1os en Azpilaga\u00f1a","datePublished":"2021-05-04T14:13:04+00:00","dateModified":"2023-04-11T09:49:36+00:00","mainEntityOfPage":{"@id":"https:\/\/www.laguiadepamplona.com\/actualidad\/ayuntamiento-de-pamplona-y-nasuvinsa-firmaran-un-convenio-para-construir-apartamentos-tutelados-de-proteccion-oficial-de-alquiler-para-mayores-de-60-anos-en-azpilagana\/"},"wordCount":415,"commentCount":0,"publisher":{"@id":"https:\/\/www.laguiadepamplona.com\/actualidad\/#organization"},"image":{"@id":"https:\/\/www.laguiadepamplona.com\/actualidad\/ayuntamiento-de-pamplona-y-nasuvinsa-firmaran-un-convenio-para-construir-apartamentos-tutelados-de-proteccion-oficial-de-alquiler-para-mayores-de-60-anos-en-azpilagana\/#primaryimage"},"thumbnailUrl":"https:\/\/www.laguiadepamplona.com\/actualidad\/wp-content\/uploads\/2021\/05\/azpilagana-2.jpg","articleSection":["Ayto Pamplona"],"inLanguage":"es","potentialAction":[{"@type":"CommentAction","name":"Comment","target":["https:\/\/www.laguiadepamplona.com\/actualidad\/ayuntamiento-de-pamplona-y-nasuvinsa-firmaran-un-convenio-para-construir-apartamentos-tutelados-de-proteccion-oficial-de-alquiler-para-mayores-de-60-anos-en-azpilagana\/#respond"]}]},{"@type":"WebPage","@id":"https:\/\/www.laguiadepamplona.com\/actualidad\/ayuntamiento-de-pamplona-y-nasuvinsa-firmaran-un-convenio-para-construir-apartamentos-tutelados-de-proteccion-oficial-de-alquiler-para-mayores-de-60-anos-en-azpilagana\/","url":"https:\/\/www.laguiadepamplona.com\/actualidad\/ayuntamiento-de-pamplona-y-nasuvinsa-firmaran-un-convenio-para-construir-apartamentos-tutelados-de-proteccion-oficial-de-alquiler-para-mayores-de-60-anos-en-azpilagana\/","name":"Ayuntamiento de Pamplona y Nasuvinsa firmar\u00e1n un convenio para construir apartamentos tutelados de protecci\u00f3n oficial de alquiler para mayores de 60 a\u00f1os en Azpilaga\u00f1a","isPartOf":{"@id":"https:\/\/www.laguiadepamplona.com\/actualidad\/#website"},"primaryImageOfPage":{"@id":"https:\/\/www.laguiadepamplona.com\/actualidad\/ayuntamiento-de-pamplona-y-nasuvinsa-firmaran-un-convenio-para-construir-apartamentos-tutelados-de-proteccion-oficial-de-alquiler-para-mayores-de-60-anos-en-azpilagana\/#primaryimage"},"image":{"@id":"https:\/\/www.laguiadepamplona.com\/actualidad\/ayuntamiento-de-pamplona-y-nasuvinsa-firmaran-un-convenio-para-construir-apartamentos-tutelados-de-proteccion-oficial-de-alquiler-para-mayores-de-60-anos-en-azpilagana\/#primaryimage"},"thumbnailUrl":"https:\/\/www.laguiadepamplona.com\/actualidad\/wp-content\/uploads\/2021\/05\/azpilagana-2.jpg","datePublished":"2021-05-04T14:13:04+00:00","dateModified":"2023-04-11T09:49:36+00:00","description":"Gerencia de Urbanismo conocer\u00e1 el mi\u00e9rcoles el convenio para la construcci\u00f3n del edificio que contempla jubiloteca y centro comunitario","breadcrumb":{"@id":"https:\/\/www.laguiadepamplona.com\/actualidad\/ayuntamiento-de-pamplona-y-nasuvinsa-firmaran-un-convenio-para-construir-apartamentos-tutelados-de-proteccion-oficial-de-alquiler-para-mayores-de-60-anos-en-azpilagana\/#breadcrumb"},"inLanguage":"es","potentialAction":[{"@type":"ReadAction","target":["https:\/\/www.laguiadepamplona.com\/actualidad\/ayuntamiento-de-pamplona-y-nasuvinsa-firmaran-un-convenio-para-construir-apartamentos-tutelados-de-proteccion-oficial-de-alquiler-para-mayores-de-60-anos-en-azpilagana\/"]}]},{"@type":"ImageObject","inLanguage":"es","@id":"https:\/\/www.laguiadepamplona.com\/actualidad\/ayuntamiento-de-pamplona-y-nasuvinsa-firmaran-un-convenio-para-construir-apartamentos-tutelados-de-proteccion-oficial-de-alquiler-para-mayores-de-60-anos-en-azpilagana\/#primaryimage","url":"https:\/\/www.laguiadepamplona.com\/actualidad\/wp-content\/uploads\/2021\/05\/azpilagana-2.jpg","contentUrl":"https:\/\/www.laguiadepamplona.com\/actualidad\/wp-content\/uploads\/2021\/05\/azpilagana-2.jpg","width":1417,"height":837},{"@type":"BreadcrumbList","@id":"https:\/\/www.laguiadepamplona.com\/actualidad\/ayuntamiento-de-pamplona-y-nasuvinsa-firmaran-un-convenio-para-construir-apartamentos-tutelados-de-proteccion-oficial-de-alquiler-para-mayores-de-60-anos-en-azpilagana\/#breadcrumb","itemListElement":[{"@type":"ListItem","position":1,"name":"Portada","item":"https:\/\/www.laguiadepamplona.com\/actualidad\/"},{"@type":"ListItem","position":2,"name":"Ayuntamiento de Pamplona y Nasuvinsa firmar\u00e1n un convenio para construir apartamentos tutelados de protecci\u00f3n oficial de alquiler para mayores de 60 a\u00f1os en Azpilaga\u00f1a"}]},{"@type":"WebSite","@id":"https:\/\/www.laguiadepamplona.com\/actualidad\/#website","url":"https:\/\/www.laguiadepamplona.com\/actualidad\/","name":"La gu\u00eda de Pamplona","description":"Noticias de Pamplona","publisher":{"@id":"https:\/\/www.laguiadepamplona.com\/actualidad\/#organization"},"potentialAction":[{"@type":"SearchAction","target":{"@type":"EntryPoint","urlTemplate":"https:\/\/www.laguiadepamplona.com\/actualidad\/?s={search_term_string}"},"query-input":{"@type":"PropertyValueSpecification","valueRequired":true,"valueName":"search_term_string"}}],"inLanguage":"es"},{"@type":"Organization","@id":"https:\/\/www.laguiadepamplona.com\/actualidad\/#organization","name":"La Gu\u00eda de Pamplona \/ Noticias","url":"https:\/\/www.laguiadepamplona.com\/actualidad\/","logo":{"@type":"ImageObject","inLanguage":"es","@id":"https:\/\/www.laguiadepamplona.com\/actualidad\/#\/schema\/logo\/image\/","url":"https:\/\/www.laguiadepamplona.com\/actualidad\/wp-content\/uploads\/2018\/11\/logo-laguiadepamplona18-web1.png","contentUrl":"https:\/\/www.laguiadepamplona.com\/actualidad\/wp-content\/uploads\/2018\/11\/logo-laguiadepamplona18-web1.png","width":600,"height":196,"caption":"La Gu\u00eda de Pamplona \/ Noticias"},"image":{"@id":"https:\/\/www.laguiadepamplona.com\/actualidad\/#\/schema\/logo\/image\/"},"sameAs":["https:\/\/www.facebook.com\/laguiadepamplonacom-133175176762273\/?ref=hl","https:\/\/x.com\/LaGuiadPamplona","https:\/\/www.instagram.com\/la_guia_de_pamplona\/","https:\/\/www.youtube.com\/user\/laguiadepamplona"]},{"@type":"Person","@id":"https:\/\/www.laguiadepamplona.com\/actualidad\/#\/schema\/person\/efe887376f0213d4657c93adc50b1fdb","name":"La Gu\u00eda de Pamplona","image":{"@type":"ImageObject","inLanguage":"es","@id":"https:\/\/secure.gravatar.com\/avatar\/b6992f131dc8d30ab0dff15446e9d346d9dbd95992de0fef795073f5ea83a81c?s=96&d=mm&r=g","url":"https:\/\/secure.gravatar.com\/avatar\/b6992f131dc8d30ab0dff15446e9d346d9dbd95992de0fef795073f5ea83a81c?s=96&d=mm&r=g","contentUrl":"https:\/\/secure.gravatar.com\/avatar\/b6992f131dc8d30ab0dff15446e9d346d9dbd95992de0fef795073f5ea83a81c?s=96&d=mm&r=g","caption":"La Gu\u00eda de Pamplona"}}]}},"post_mailing_queue_ids":[],"_links":{"self":[{"href":"https:\/\/www.laguiadepamplona.com\/actualidad\/wp-json\/wp\/v2\/posts\/34617","targetHints":{"allow":["GET"]}}],"collection":[{"href":"https:\/\/www.laguiadepamplona.com\/actualidad\/wp-json\/wp\/v2\/posts"}],"about":[{"href":"https:\/\/www.laguiadepamplona.com\/actualidad\/wp-json\/wp\/v2\/types\/post"}],"author":[{"embeddable":true,"href":"https:\/\/www.laguiadepamplona.com\/actualidad\/wp-json\/wp\/v2\/users\/1"}],"replies":[{"embeddable":true,"href":"https:\/\/www.laguiadepamplona.com\/actualidad\/wp-json\/wp\/v2\/comments?post=34617"}],"version-history":[{"count":0,"href":"https:\/\/www.laguiadepamplona.com\/actualidad\/wp-json\/wp\/v2\/posts\/34617\/revisions"}],"wp:featuredmedia":[{"embeddable":true,"href":"https:\/\/www.laguiadepamplona.com\/actualidad\/wp-json\/wp\/v2\/media\/34618"}],"wp:attachment":[{"href":"https:\/\/www.laguiadepamplona.com\/actualidad\/wp-json\/wp\/v2\/media?parent=34617"}],"wp:term":[{"taxonomy":"category","embeddable":true,"href":"https:\/\/www.laguiadepamplona.com\/actualidad\/wp-json\/wp\/v2\/categories?post=34617"},{"taxonomy":"post_tag","embeddable":true,"href":"https:\/\/www.laguiadepamplona.com\/actualidad\/wp-json\/wp\/v2\/tags?post=34617"}],"curies":[{"name":"wp","href":"https:\/\/api.w.org\/{rel}","templated":true}]}}