{"id":34615,"date":"2021-05-04T16:11:07","date_gmt":"2021-05-04T14:11:07","guid":{"rendered":"https:\/\/www.laguiadepamplona.com\/actualidad\/?p=34615"},"modified":"2023-04-11T11:49:36","modified_gmt":"2023-04-11T09:49:36","slug":"urbanismo-conocera-el-miercoles-la-aprobacion-inicial-del-estudio-de-detalle-del-c-d-larraina-que-demolera-algun-pequeno-edificio-y-modificara-otros-sin-aumentar-la-edificabilidad","status":"publish","type":"post","link":"https:\/\/www.laguiadepamplona.com\/actualidad\/urbanismo-conocera-el-miercoles-la-aprobacion-inicial-del-estudio-de-detalle-del-c-d-larraina-que-demolera-algun-pequeno-edificio-y-modificara-otros-sin-aumentar-la-edificabilidad\/","title":{"rendered":"Urbanismo conocer\u00e1 el mi\u00e9rcoles la aprobaci\u00f3n inicial del Estudio de Detalle del C.D. Larraina que demoler\u00e1 alg\u00fan peque\u00f1o edificio y modificar\u00e1 otros sin aumentar la edificabilidad"},"content":{"rendered":"<h5>Se quiere adecuar el actual edificio de accesos a las instalaciones deportivas<\/h5>\n<p><!--more--><\/p>\n<p>El Consejo de Gerencia de Urbanismo conocer\u00e1 el mi\u00e9rcoles la aprobaci\u00f3n inicial del Estudio de Detalle presentado por el Campo de Deportes Larraina que plantea demoler alg\u00fan peque\u00f1o edificio y modificar otros sin que eso suponga aumentar la edificabilidad total del \u00e1mbito. El objetivo es adecuar el actual edificio de accesos a las instalaciones deportivas, cuya configuraci\u00f3n ha quedado obsoleta e insuficiente para dar servicio a los socios con que cuenta actualmente el club.<\/p>\n<p><script async src=\"\/\/pagead2.googlesyndication.com\/pagead\/js\/adsbygoogle.js\"><\/script><br \/>\n<!-- Noticias La Guia de Pamplona --><br \/>\n<ins class=\"adsbygoogle\"\nstyle=\"display:block\"\ndata-ad-client=\"ca-pub-6943679897239327\"\ndata-ad-slot=\"7048180777\"\ndata-ad-format=\"auto\"><\/ins><br \/>\n<script>\n(adsbygoogle = window.adsbygoogle || []).push({});\n<\/script><\/p>\n<p>El Estudio de Detalle afecta a la zona Z-1 de la de la Unidad Integrada XIV (Taconera) y su objeto es regular las actuaciones constructivas que puedan darse en ese \u00e1mbito. Establece la ocupaci\u00f3n y la edificabilidad m\u00e1xima que puede darse en la parcela. Tambi\u00e9n se\u00f1ala las alineaciones. En concreto, afecta a la parcela 470 del pol\u00edgono 3 del catastro de Pamplona que est\u00e1 calificada de equipamiento deportivo privado. En ella, el Plan Municipal consolida los usos y las edificaciones existentes legalizadas.<\/p>\n<p>El Plan Municipal establece que la superficie edificable m\u00e1xima autorizada debe ser menor o igual que la actual. No se permite la ampliaci\u00f3n, pero s\u00ed la sustituci\u00f3n. Teniendo esto en cuenta, el Estudio de Detalle plantea la demolici\u00f3n de algunas peque\u00f1as construcciones existentes. Se trata de tres edificaciones anexas a\u00f1adidas a los vol\u00famenes principales. A cambio, ampl\u00eda las edificaciones en id\u00e9ntica cuant\u00eda en el espacio situado junto a la entrada al club, para agrandar el vest\u00edbulo de acceso y la zona de taquillas y servicios. De esta manera, la edificabilidad no ser\u00e1 superior a la de 2.993 m2 existentes.<\/p>\n<p><script async src=\"\/\/pagead2.googlesyndication.com\/pagead\/js\/adsbygoogle.js\"><\/script><br \/>\n<!-- Noticias La Guia de Pamplona --><br \/>\n<ins class=\"adsbygoogle\"\nstyle=\"display:block\"\ndata-ad-client=\"ca-pub-6943679897239327\"\ndata-ad-slot=\"7048180777\"\ndata-ad-format=\"auto\"><\/ins><br \/>\n<script>\n(adsbygoogle = window.adsbygoogle || []).push({});\n<\/script><\/p>\n<p>El Campo de Deportes Larraina naci\u00f3 como club deportivo y de ocio en 1932, creando la primera piscina comunitaria de Pamplona. En los \u00faltimos a\u00f1os ha pasado de 1.000 socios en 2012 a 1.300 en 2016, lo que, seg\u00fan la documentaci\u00f3n presentada en el Estudio de Detalle, ha permitido acometer diferentes actuaciones de mejora y renovaci\u00f3n de las instalaciones, comenzando por el cambio total de la zona de vestuarios o zona de aguas.<\/p>\n<p>El expediente tratado hoy en Gerencia de Urbanismo se someter\u00e1 a informaci\u00f3n p\u00fablica durante el plazo de veinte d\u00edas h\u00e1biles, contados a partir del siguiente a la publicaci\u00f3n en el Bolet\u00edn Oficial de Navarra.<\/p>\n","protected":false},"excerpt":{"rendered":"<p>Se quiere adecuar el actual edificio de accesos a las instalaciones deportivas<\/p>\n","protected":false},"author":1,"featured_media":33021,"comment_status":"open","ping_status":"closed","sticky":false,"template":"","format":"standard","meta":{"footnotes":""},"categories":[2],"tags":[],"class_list":["post-34615","post","type-post","status-publish","format-standard","has-post-thumbnail","hentry","category-ayuntamiento-pamplona"],"yoast_head":"<!-- This site is optimized with the Yoast SEO plugin v27.5 - https:\/\/yoast.com\/product\/yoast-seo-wordpress\/ -->\n<title>Urbanismo conocer\u00e1 el mi\u00e9rcoles la aprobaci\u00f3n inicial del Estudio de Detalle del C.D. Larraina que demoler\u00e1 alg\u00fan peque\u00f1o edificio y modificar\u00e1 otros sin aumentar la edificabilidad<\/title>\n<meta name=\"description\" content=\"Se quiere adecuar el actual edificio de accesos a las instalaciones deportivas\" \/>\n<meta name=\"robots\" content=\"index, follow, max-snippet:-1, max-image-preview:large, max-video-preview:-1\" \/>\n<link rel=\"canonical\" href=\"https:\/\/www.laguiadepamplona.com\/actualidad\/urbanismo-conocera-el-miercoles-la-aprobacion-inicial-del-estudio-de-detalle-del-c-d-larraina-que-demolera-algun-pequeno-edificio-y-modificara-otros-sin-aumentar-la-edificabilidad\/\" \/>\n<meta property=\"og:locale\" content=\"es_ES\" \/>\n<meta property=\"og:type\" content=\"article\" \/>\n<meta property=\"og:title\" content=\"Urbanismo conocer\u00e1 el mi\u00e9rcoles la aprobaci\u00f3n inicial del Estudio de Detalle del C.D. Larraina que demoler\u00e1 alg\u00fan peque\u00f1o edificio y modificar\u00e1 otros sin aumentar la edificabilidad\" \/>\n<meta property=\"og:description\" content=\"Se quiere adecuar el actual edificio de accesos a las instalaciones deportivas\" \/>\n<meta property=\"og:url\" content=\"https:\/\/www.laguiadepamplona.com\/actualidad\/urbanismo-conocera-el-miercoles-la-aprobacion-inicial-del-estudio-de-detalle-del-c-d-larraina-que-demolera-algun-pequeno-edificio-y-modificara-otros-sin-aumentar-la-edificabilidad\/\" \/>\n<meta property=\"og:site_name\" content=\"La Gu\u00eda de Pamplona\" \/>\n<meta property=\"article:publisher\" content=\"https:\/\/www.facebook.com\/laguiadepamplonacom-133175176762273\/?ref=hl\" \/>\n<meta property=\"article:published_time\" content=\"2021-05-04T14:11:07+00:00\" \/>\n<meta property=\"article:modified_time\" content=\"2023-04-11T09:49:36+00:00\" \/>\n<meta property=\"og:image\" content=\"https:\/\/www.laguiadepamplona.com\/actualidad\/wp-content\/uploads\/2021\/02\/ayuntamiento-pamplona.jpg\" \/>\n\t<meta property=\"og:image:width\" content=\"1920\" \/>\n\t<meta property=\"og:image:height\" content=\"1080\" \/>\n\t<meta property=\"og:image:type\" content=\"image\/jpeg\" \/>\n<meta name=\"author\" content=\"La Gu\u00eda de Pamplona\" \/>\n<meta name=\"twitter:card\" content=\"summary_large_image\" \/>\n<meta name=\"twitter:creator\" content=\"@LaGuiadPamplona\" \/>\n<meta name=\"twitter:site\" content=\"@LaGuiadPamplona\" \/>\n<meta name=\"twitter:label1\" content=\"Escrito por\" \/>\n\t<meta name=\"twitter:data1\" content=\"La Gu\u00eda de Pamplona\" \/>\n\t<meta name=\"twitter:label2\" content=\"Tiempo de lectura\" \/>\n\t<meta name=\"twitter:data2\" content=\"2 minutos\" \/>\n<script type=\"application\/ld+json\" class=\"yoast-schema-graph\">{\"@context\":\"https:\\\/\\\/schema.org\",\"@graph\":[{\"@type\":\"Article\",\"@id\":\"https:\\\/\\\/www.laguiadepamplona.com\\\/actualidad\\\/urbanismo-conocera-el-miercoles-la-aprobacion-inicial-del-estudio-de-detalle-del-c-d-larraina-que-demolera-algun-pequeno-edificio-y-modificara-otros-sin-aumentar-la-edificabilidad\\\/#article\",\"isPartOf\":{\"@id\":\"https:\\\/\\\/www.laguiadepamplona.com\\\/actualidad\\\/urbanismo-conocera-el-miercoles-la-aprobacion-inicial-del-estudio-de-detalle-del-c-d-larraina-que-demolera-algun-pequeno-edificio-y-modificara-otros-sin-aumentar-la-edificabilidad\\\/\"},\"author\":{\"name\":\"La Gu\u00eda de Pamplona\",\"@id\":\"https:\\\/\\\/www.laguiadepamplona.com\\\/actualidad\\\/#\\\/schema\\\/person\\\/efe887376f0213d4657c93adc50b1fdb\"},\"headline\":\"Urbanismo conocer\u00e1 el mi\u00e9rcoles la aprobaci\u00f3n inicial del Estudio de Detalle del C.D. Larraina que demoler\u00e1 alg\u00fan peque\u00f1o edificio y modificar\u00e1 otros sin aumentar la edificabilidad\",\"datePublished\":\"2021-05-04T14:11:07+00:00\",\"dateModified\":\"2023-04-11T09:49:36+00:00\",\"mainEntityOfPage\":{\"@id\":\"https:\\\/\\\/www.laguiadepamplona.com\\\/actualidad\\\/urbanismo-conocera-el-miercoles-la-aprobacion-inicial-del-estudio-de-detalle-del-c-d-larraina-que-demolera-algun-pequeno-edificio-y-modificara-otros-sin-aumentar-la-edificabilidad\\\/\"},\"wordCount\":428,\"commentCount\":0,\"publisher\":{\"@id\":\"https:\\\/\\\/www.laguiadepamplona.com\\\/actualidad\\\/#organization\"},\"image\":{\"@id\":\"https:\\\/\\\/www.laguiadepamplona.com\\\/actualidad\\\/urbanismo-conocera-el-miercoles-la-aprobacion-inicial-del-estudio-de-detalle-del-c-d-larraina-que-demolera-algun-pequeno-edificio-y-modificara-otros-sin-aumentar-la-edificabilidad\\\/#primaryimage\"},\"thumbnailUrl\":\"https:\\\/\\\/www.laguiadepamplona.com\\\/actualidad\\\/wp-content\\\/uploads\\\/2021\\\/02\\\/ayuntamiento-pamplona.jpg\",\"articleSection\":[\"Ayto Pamplona\"],\"inLanguage\":\"es\",\"potentialAction\":[{\"@type\":\"CommentAction\",\"name\":\"Comment\",\"target\":[\"https:\\\/\\\/www.laguiadepamplona.com\\\/actualidad\\\/urbanismo-conocera-el-miercoles-la-aprobacion-inicial-del-estudio-de-detalle-del-c-d-larraina-que-demolera-algun-pequeno-edificio-y-modificara-otros-sin-aumentar-la-edificabilidad\\\/#respond\"]}]},{\"@type\":\"WebPage\",\"@id\":\"https:\\\/\\\/www.laguiadepamplona.com\\\/actualidad\\\/urbanismo-conocera-el-miercoles-la-aprobacion-inicial-del-estudio-de-detalle-del-c-d-larraina-que-demolera-algun-pequeno-edificio-y-modificara-otros-sin-aumentar-la-edificabilidad\\\/\",\"url\":\"https:\\\/\\\/www.laguiadepamplona.com\\\/actualidad\\\/urbanismo-conocera-el-miercoles-la-aprobacion-inicial-del-estudio-de-detalle-del-c-d-larraina-que-demolera-algun-pequeno-edificio-y-modificara-otros-sin-aumentar-la-edificabilidad\\\/\",\"name\":\"Urbanismo conocer\u00e1 el mi\u00e9rcoles la aprobaci\u00f3n inicial del Estudio de Detalle del C.D. Larraina que demoler\u00e1 alg\u00fan peque\u00f1o edificio y modificar\u00e1 otros sin aumentar la edificabilidad\",\"isPartOf\":{\"@id\":\"https:\\\/\\\/www.laguiadepamplona.com\\\/actualidad\\\/#website\"},\"primaryImageOfPage\":{\"@id\":\"https:\\\/\\\/www.laguiadepamplona.com\\\/actualidad\\\/urbanismo-conocera-el-miercoles-la-aprobacion-inicial-del-estudio-de-detalle-del-c-d-larraina-que-demolera-algun-pequeno-edificio-y-modificara-otros-sin-aumentar-la-edificabilidad\\\/#primaryimage\"},\"image\":{\"@id\":\"https:\\\/\\\/www.laguiadepamplona.com\\\/actualidad\\\/urbanismo-conocera-el-miercoles-la-aprobacion-inicial-del-estudio-de-detalle-del-c-d-larraina-que-demolera-algun-pequeno-edificio-y-modificara-otros-sin-aumentar-la-edificabilidad\\\/#primaryimage\"},\"thumbnailUrl\":\"https:\\\/\\\/www.laguiadepamplona.com\\\/actualidad\\\/wp-content\\\/uploads\\\/2021\\\/02\\\/ayuntamiento-pamplona.jpg\",\"datePublished\":\"2021-05-04T14:11:07+00:00\",\"dateModified\":\"2023-04-11T09:49:36+00:00\",\"description\":\"Se quiere adecuar el actual edificio de accesos a las instalaciones deportivas\",\"breadcrumb\":{\"@id\":\"https:\\\/\\\/www.laguiadepamplona.com\\\/actualidad\\\/urbanismo-conocera-el-miercoles-la-aprobacion-inicial-del-estudio-de-detalle-del-c-d-larraina-que-demolera-algun-pequeno-edificio-y-modificara-otros-sin-aumentar-la-edificabilidad\\\/#breadcrumb\"},\"inLanguage\":\"es\",\"potentialAction\":[{\"@type\":\"ReadAction\",\"target\":[\"https:\\\/\\\/www.laguiadepamplona.com\\\/actualidad\\\/urbanismo-conocera-el-miercoles-la-aprobacion-inicial-del-estudio-de-detalle-del-c-d-larraina-que-demolera-algun-pequeno-edificio-y-modificara-otros-sin-aumentar-la-edificabilidad\\\/\"]}]},{\"@type\":\"ImageObject\",\"inLanguage\":\"es\",\"@id\":\"https:\\\/\\\/www.laguiadepamplona.com\\\/actualidad\\\/urbanismo-conocera-el-miercoles-la-aprobacion-inicial-del-estudio-de-detalle-del-c-d-larraina-que-demolera-algun-pequeno-edificio-y-modificara-otros-sin-aumentar-la-edificabilidad\\\/#primaryimage\",\"url\":\"https:\\\/\\\/www.laguiadepamplona.com\\\/actualidad\\\/wp-content\\\/uploads\\\/2021\\\/02\\\/ayuntamiento-pamplona.jpg\",\"contentUrl\":\"https:\\\/\\\/www.laguiadepamplona.com\\\/actualidad\\\/wp-content\\\/uploads\\\/2021\\\/02\\\/ayuntamiento-pamplona.jpg\",\"width\":1920,\"height\":1080},{\"@type\":\"BreadcrumbList\",\"@id\":\"https:\\\/\\\/www.laguiadepamplona.com\\\/actualidad\\\/urbanismo-conocera-el-miercoles-la-aprobacion-inicial-del-estudio-de-detalle-del-c-d-larraina-que-demolera-algun-pequeno-edificio-y-modificara-otros-sin-aumentar-la-edificabilidad\\\/#breadcrumb\",\"itemListElement\":[{\"@type\":\"ListItem\",\"position\":1,\"name\":\"Portada\",\"item\":\"https:\\\/\\\/www.laguiadepamplona.com\\\/actualidad\\\/\"},{\"@type\":\"ListItem\",\"position\":2,\"name\":\"Urbanismo conocer\u00e1 el mi\u00e9rcoles la aprobaci\u00f3n inicial del Estudio de Detalle del C.D. Larraina que demoler\u00e1 alg\u00fan peque\u00f1o edificio y modificar\u00e1 otros sin aumentar la edificabilidad\"}]},{\"@type\":\"WebSite\",\"@id\":\"https:\\\/\\\/www.laguiadepamplona.com\\\/actualidad\\\/#website\",\"url\":\"https:\\\/\\\/www.laguiadepamplona.com\\\/actualidad\\\/\",\"name\":\"La gu\u00eda de Pamplona\",\"description\":\"Noticias de Pamplona\",\"publisher\":{\"@id\":\"https:\\\/\\\/www.laguiadepamplona.com\\\/actualidad\\\/#organization\"},\"potentialAction\":[{\"@type\":\"SearchAction\",\"target\":{\"@type\":\"EntryPoint\",\"urlTemplate\":\"https:\\\/\\\/www.laguiadepamplona.com\\\/actualidad\\\/?s={search_term_string}\"},\"query-input\":{\"@type\":\"PropertyValueSpecification\",\"valueRequired\":true,\"valueName\":\"search_term_string\"}}],\"inLanguage\":\"es\"},{\"@type\":\"Organization\",\"@id\":\"https:\\\/\\\/www.laguiadepamplona.com\\\/actualidad\\\/#organization\",\"name\":\"La Gu\u00eda de Pamplona \\\/ Noticias\",\"url\":\"https:\\\/\\\/www.laguiadepamplona.com\\\/actualidad\\\/\",\"logo\":{\"@type\":\"ImageObject\",\"inLanguage\":\"es\",\"@id\":\"https:\\\/\\\/www.laguiadepamplona.com\\\/actualidad\\\/#\\\/schema\\\/logo\\\/image\\\/\",\"url\":\"https:\\\/\\\/www.laguiadepamplona.com\\\/actualidad\\\/wp-content\\\/uploads\\\/2018\\\/11\\\/logo-laguiadepamplona18-web1.png\",\"contentUrl\":\"https:\\\/\\\/www.laguiadepamplona.com\\\/actualidad\\\/wp-content\\\/uploads\\\/2018\\\/11\\\/logo-laguiadepamplona18-web1.png\",\"width\":600,\"height\":196,\"caption\":\"La Gu\u00eda de Pamplona \\\/ Noticias\"},\"image\":{\"@id\":\"https:\\\/\\\/www.laguiadepamplona.com\\\/actualidad\\\/#\\\/schema\\\/logo\\\/image\\\/\"},\"sameAs\":[\"https:\\\/\\\/www.facebook.com\\\/laguiadepamplonacom-133175176762273\\\/?ref=hl\",\"https:\\\/\\\/x.com\\\/LaGuiadPamplona\",\"https:\\\/\\\/www.instagram.com\\\/la_guia_de_pamplona\\\/\",\"https:\\\/\\\/www.youtube.com\\\/user\\\/laguiadepamplona\"]},{\"@type\":\"Person\",\"@id\":\"https:\\\/\\\/www.laguiadepamplona.com\\\/actualidad\\\/#\\\/schema\\\/person\\\/efe887376f0213d4657c93adc50b1fdb\",\"name\":\"La Gu\u00eda de Pamplona\",\"image\":{\"@type\":\"ImageObject\",\"inLanguage\":\"es\",\"@id\":\"https:\\\/\\\/secure.gravatar.com\\\/avatar\\\/b6992f131dc8d30ab0dff15446e9d346d9dbd95992de0fef795073f5ea83a81c?s=96&d=mm&r=g\",\"url\":\"https:\\\/\\\/secure.gravatar.com\\\/avatar\\\/b6992f131dc8d30ab0dff15446e9d346d9dbd95992de0fef795073f5ea83a81c?s=96&d=mm&r=g\",\"contentUrl\":\"https:\\\/\\\/secure.gravatar.com\\\/avatar\\\/b6992f131dc8d30ab0dff15446e9d346d9dbd95992de0fef795073f5ea83a81c?s=96&d=mm&r=g\",\"caption\":\"La Gu\u00eda de Pamplona\"}}]}<\/script>\n<!-- \/ Yoast SEO plugin. -->","yoast_head_json":{"title":"Urbanismo conocer\u00e1 el mi\u00e9rcoles la aprobaci\u00f3n inicial del Estudio de Detalle del C.D. Larraina que demoler\u00e1 alg\u00fan peque\u00f1o edificio y modificar\u00e1 otros sin aumentar la edificabilidad","description":"Se quiere adecuar el actual edificio de accesos a las instalaciones deportivas","robots":{"index":"index","follow":"follow","max-snippet":"max-snippet:-1","max-image-preview":"max-image-preview:large","max-video-preview":"max-video-preview:-1"},"canonical":"https:\/\/www.laguiadepamplona.com\/actualidad\/urbanismo-conocera-el-miercoles-la-aprobacion-inicial-del-estudio-de-detalle-del-c-d-larraina-que-demolera-algun-pequeno-edificio-y-modificara-otros-sin-aumentar-la-edificabilidad\/","og_locale":"es_ES","og_type":"article","og_title":"Urbanismo conocer\u00e1 el mi\u00e9rcoles la aprobaci\u00f3n inicial del Estudio de Detalle del C.D. Larraina que demoler\u00e1 alg\u00fan peque\u00f1o edificio y modificar\u00e1 otros sin aumentar la edificabilidad","og_description":"Se quiere adecuar el actual edificio de accesos a las instalaciones deportivas","og_url":"https:\/\/www.laguiadepamplona.com\/actualidad\/urbanismo-conocera-el-miercoles-la-aprobacion-inicial-del-estudio-de-detalle-del-c-d-larraina-que-demolera-algun-pequeno-edificio-y-modificara-otros-sin-aumentar-la-edificabilidad\/","og_site_name":"La Gu\u00eda de Pamplona","article_publisher":"https:\/\/www.facebook.com\/laguiadepamplonacom-133175176762273\/?ref=hl","article_published_time":"2021-05-04T14:11:07+00:00","article_modified_time":"2023-04-11T09:49:36+00:00","og_image":[{"width":1920,"height":1080,"url":"https:\/\/www.laguiadepamplona.com\/actualidad\/wp-content\/uploads\/2021\/02\/ayuntamiento-pamplona.jpg","type":"image\/jpeg"}],"author":"La Gu\u00eda de Pamplona","twitter_card":"summary_large_image","twitter_creator":"@LaGuiadPamplona","twitter_site":"@LaGuiadPamplona","twitter_misc":{"Escrito por":"La Gu\u00eda de Pamplona","Tiempo de lectura":"2 minutos"},"schema":{"@context":"https:\/\/schema.org","@graph":[{"@type":"Article","@id":"https:\/\/www.laguiadepamplona.com\/actualidad\/urbanismo-conocera-el-miercoles-la-aprobacion-inicial-del-estudio-de-detalle-del-c-d-larraina-que-demolera-algun-pequeno-edificio-y-modificara-otros-sin-aumentar-la-edificabilidad\/#article","isPartOf":{"@id":"https:\/\/www.laguiadepamplona.com\/actualidad\/urbanismo-conocera-el-miercoles-la-aprobacion-inicial-del-estudio-de-detalle-del-c-d-larraina-que-demolera-algun-pequeno-edificio-y-modificara-otros-sin-aumentar-la-edificabilidad\/"},"author":{"name":"La Gu\u00eda de Pamplona","@id":"https:\/\/www.laguiadepamplona.com\/actualidad\/#\/schema\/person\/efe887376f0213d4657c93adc50b1fdb"},"headline":"Urbanismo conocer\u00e1 el mi\u00e9rcoles la aprobaci\u00f3n inicial del Estudio de Detalle del C.D. Larraina que demoler\u00e1 alg\u00fan peque\u00f1o edificio y modificar\u00e1 otros sin aumentar la edificabilidad","datePublished":"2021-05-04T14:11:07+00:00","dateModified":"2023-04-11T09:49:36+00:00","mainEntityOfPage":{"@id":"https:\/\/www.laguiadepamplona.com\/actualidad\/urbanismo-conocera-el-miercoles-la-aprobacion-inicial-del-estudio-de-detalle-del-c-d-larraina-que-demolera-algun-pequeno-edificio-y-modificara-otros-sin-aumentar-la-edificabilidad\/"},"wordCount":428,"commentCount":0,"publisher":{"@id":"https:\/\/www.laguiadepamplona.com\/actualidad\/#organization"},"image":{"@id":"https:\/\/www.laguiadepamplona.com\/actualidad\/urbanismo-conocera-el-miercoles-la-aprobacion-inicial-del-estudio-de-detalle-del-c-d-larraina-que-demolera-algun-pequeno-edificio-y-modificara-otros-sin-aumentar-la-edificabilidad\/#primaryimage"},"thumbnailUrl":"https:\/\/www.laguiadepamplona.com\/actualidad\/wp-content\/uploads\/2021\/02\/ayuntamiento-pamplona.jpg","articleSection":["Ayto Pamplona"],"inLanguage":"es","potentialAction":[{"@type":"CommentAction","name":"Comment","target":["https:\/\/www.laguiadepamplona.com\/actualidad\/urbanismo-conocera-el-miercoles-la-aprobacion-inicial-del-estudio-de-detalle-del-c-d-larraina-que-demolera-algun-pequeno-edificio-y-modificara-otros-sin-aumentar-la-edificabilidad\/#respond"]}]},{"@type":"WebPage","@id":"https:\/\/www.laguiadepamplona.com\/actualidad\/urbanismo-conocera-el-miercoles-la-aprobacion-inicial-del-estudio-de-detalle-del-c-d-larraina-que-demolera-algun-pequeno-edificio-y-modificara-otros-sin-aumentar-la-edificabilidad\/","url":"https:\/\/www.laguiadepamplona.com\/actualidad\/urbanismo-conocera-el-miercoles-la-aprobacion-inicial-del-estudio-de-detalle-del-c-d-larraina-que-demolera-algun-pequeno-edificio-y-modificara-otros-sin-aumentar-la-edificabilidad\/","name":"Urbanismo conocer\u00e1 el mi\u00e9rcoles la aprobaci\u00f3n inicial del Estudio de Detalle del C.D. Larraina que demoler\u00e1 alg\u00fan peque\u00f1o edificio y modificar\u00e1 otros sin aumentar la edificabilidad","isPartOf":{"@id":"https:\/\/www.laguiadepamplona.com\/actualidad\/#website"},"primaryImageOfPage":{"@id":"https:\/\/www.laguiadepamplona.com\/actualidad\/urbanismo-conocera-el-miercoles-la-aprobacion-inicial-del-estudio-de-detalle-del-c-d-larraina-que-demolera-algun-pequeno-edificio-y-modificara-otros-sin-aumentar-la-edificabilidad\/#primaryimage"},"image":{"@id":"https:\/\/www.laguiadepamplona.com\/actualidad\/urbanismo-conocera-el-miercoles-la-aprobacion-inicial-del-estudio-de-detalle-del-c-d-larraina-que-demolera-algun-pequeno-edificio-y-modificara-otros-sin-aumentar-la-edificabilidad\/#primaryimage"},"thumbnailUrl":"https:\/\/www.laguiadepamplona.com\/actualidad\/wp-content\/uploads\/2021\/02\/ayuntamiento-pamplona.jpg","datePublished":"2021-05-04T14:11:07+00:00","dateModified":"2023-04-11T09:49:36+00:00","description":"Se quiere adecuar el actual edificio de accesos a las instalaciones deportivas","breadcrumb":{"@id":"https:\/\/www.laguiadepamplona.com\/actualidad\/urbanismo-conocera-el-miercoles-la-aprobacion-inicial-del-estudio-de-detalle-del-c-d-larraina-que-demolera-algun-pequeno-edificio-y-modificara-otros-sin-aumentar-la-edificabilidad\/#breadcrumb"},"inLanguage":"es","potentialAction":[{"@type":"ReadAction","target":["https:\/\/www.laguiadepamplona.com\/actualidad\/urbanismo-conocera-el-miercoles-la-aprobacion-inicial-del-estudio-de-detalle-del-c-d-larraina-que-demolera-algun-pequeno-edificio-y-modificara-otros-sin-aumentar-la-edificabilidad\/"]}]},{"@type":"ImageObject","inLanguage":"es","@id":"https:\/\/www.laguiadepamplona.com\/actualidad\/urbanismo-conocera-el-miercoles-la-aprobacion-inicial-del-estudio-de-detalle-del-c-d-larraina-que-demolera-algun-pequeno-edificio-y-modificara-otros-sin-aumentar-la-edificabilidad\/#primaryimage","url":"https:\/\/www.laguiadepamplona.com\/actualidad\/wp-content\/uploads\/2021\/02\/ayuntamiento-pamplona.jpg","contentUrl":"https:\/\/www.laguiadepamplona.com\/actualidad\/wp-content\/uploads\/2021\/02\/ayuntamiento-pamplona.jpg","width":1920,"height":1080},{"@type":"BreadcrumbList","@id":"https:\/\/www.laguiadepamplona.com\/actualidad\/urbanismo-conocera-el-miercoles-la-aprobacion-inicial-del-estudio-de-detalle-del-c-d-larraina-que-demolera-algun-pequeno-edificio-y-modificara-otros-sin-aumentar-la-edificabilidad\/#breadcrumb","itemListElement":[{"@type":"ListItem","position":1,"name":"Portada","item":"https:\/\/www.laguiadepamplona.com\/actualidad\/"},{"@type":"ListItem","position":2,"name":"Urbanismo conocer\u00e1 el mi\u00e9rcoles la aprobaci\u00f3n inicial del Estudio de Detalle del C.D. Larraina que demoler\u00e1 alg\u00fan peque\u00f1o edificio y modificar\u00e1 otros sin aumentar la edificabilidad"}]},{"@type":"WebSite","@id":"https:\/\/www.laguiadepamplona.com\/actualidad\/#website","url":"https:\/\/www.laguiadepamplona.com\/actualidad\/","name":"La gu\u00eda de Pamplona","description":"Noticias de Pamplona","publisher":{"@id":"https:\/\/www.laguiadepamplona.com\/actualidad\/#organization"},"potentialAction":[{"@type":"SearchAction","target":{"@type":"EntryPoint","urlTemplate":"https:\/\/www.laguiadepamplona.com\/actualidad\/?s={search_term_string}"},"query-input":{"@type":"PropertyValueSpecification","valueRequired":true,"valueName":"search_term_string"}}],"inLanguage":"es"},{"@type":"Organization","@id":"https:\/\/www.laguiadepamplona.com\/actualidad\/#organization","name":"La Gu\u00eda de Pamplona \/ Noticias","url":"https:\/\/www.laguiadepamplona.com\/actualidad\/","logo":{"@type":"ImageObject","inLanguage":"es","@id":"https:\/\/www.laguiadepamplona.com\/actualidad\/#\/schema\/logo\/image\/","url":"https:\/\/www.laguiadepamplona.com\/actualidad\/wp-content\/uploads\/2018\/11\/logo-laguiadepamplona18-web1.png","contentUrl":"https:\/\/www.laguiadepamplona.com\/actualidad\/wp-content\/uploads\/2018\/11\/logo-laguiadepamplona18-web1.png","width":600,"height":196,"caption":"La Gu\u00eda de Pamplona \/ Noticias"},"image":{"@id":"https:\/\/www.laguiadepamplona.com\/actualidad\/#\/schema\/logo\/image\/"},"sameAs":["https:\/\/www.facebook.com\/laguiadepamplonacom-133175176762273\/?ref=hl","https:\/\/x.com\/LaGuiadPamplona","https:\/\/www.instagram.com\/la_guia_de_pamplona\/","https:\/\/www.youtube.com\/user\/laguiadepamplona"]},{"@type":"Person","@id":"https:\/\/www.laguiadepamplona.com\/actualidad\/#\/schema\/person\/efe887376f0213d4657c93adc50b1fdb","name":"La Gu\u00eda de Pamplona","image":{"@type":"ImageObject","inLanguage":"es","@id":"https:\/\/secure.gravatar.com\/avatar\/b6992f131dc8d30ab0dff15446e9d346d9dbd95992de0fef795073f5ea83a81c?s=96&d=mm&r=g","url":"https:\/\/secure.gravatar.com\/avatar\/b6992f131dc8d30ab0dff15446e9d346d9dbd95992de0fef795073f5ea83a81c?s=96&d=mm&r=g","contentUrl":"https:\/\/secure.gravatar.com\/avatar\/b6992f131dc8d30ab0dff15446e9d346d9dbd95992de0fef795073f5ea83a81c?s=96&d=mm&r=g","caption":"La Gu\u00eda de Pamplona"}}]}},"post_mailing_queue_ids":[],"_links":{"self":[{"href":"https:\/\/www.laguiadepamplona.com\/actualidad\/wp-json\/wp\/v2\/posts\/34615","targetHints":{"allow":["GET"]}}],"collection":[{"href":"https:\/\/www.laguiadepamplona.com\/actualidad\/wp-json\/wp\/v2\/posts"}],"about":[{"href":"https:\/\/www.laguiadepamplona.com\/actualidad\/wp-json\/wp\/v2\/types\/post"}],"author":[{"embeddable":true,"href":"https:\/\/www.laguiadepamplona.com\/actualidad\/wp-json\/wp\/v2\/users\/1"}],"replies":[{"embeddable":true,"href":"https:\/\/www.laguiadepamplona.com\/actualidad\/wp-json\/wp\/v2\/comments?post=34615"}],"version-history":[{"count":0,"href":"https:\/\/www.laguiadepamplona.com\/actualidad\/wp-json\/wp\/v2\/posts\/34615\/revisions"}],"wp:featuredmedia":[{"embeddable":true,"href":"https:\/\/www.laguiadepamplona.com\/actualidad\/wp-json\/wp\/v2\/media\/33021"}],"wp:attachment":[{"href":"https:\/\/www.laguiadepamplona.com\/actualidad\/wp-json\/wp\/v2\/media?parent=34615"}],"wp:term":[{"taxonomy":"category","embeddable":true,"href":"https:\/\/www.laguiadepamplona.com\/actualidad\/wp-json\/wp\/v2\/categories?post=34615"},{"taxonomy":"post_tag","embeddable":true,"href":"https:\/\/www.laguiadepamplona.com\/actualidad\/wp-json\/wp\/v2\/tags?post=34615"}],"curies":[{"name":"wp","href":"https:\/\/api.w.org\/{rel}","templated":true}]}}