{"id":3404,"date":"2014-10-14T14:20:21","date_gmt":"2014-10-14T12:20:21","guid":{"rendered":"http:\/\/laguiadepamplona.com\/actualidad\/?p=3404"},"modified":"2014-10-14T14:20:21","modified_gmt":"2014-10-14T12:20:21","slug":"las-fortalezas-abaluartadas-de-los-pirineos-son-a-partir-de-esta-tarde-el-centro-de-una-amplia-exposicion-dividida-en-dos-sedes-fisicas-condestable-y-la-ciudadela","status":"publish","type":"post","link":"https:\/\/www.laguiadepamplona.com\/actualidad\/las-fortalezas-abaluartadas-de-los-pirineos-son-a-partir-de-esta-tarde-el-centro-de-una-amplia-exposicion-dividida-en-dos-sedes-fisicas-condestable-y-la-ciudadela\/","title":{"rendered":"Las fortalezas abaluartadas de los Pirineos son, a partir de esta tarde, el centro de una amplia exposici\u00f3n dividida en dos sedes f\u00edsicas: Condestable y la Ciudadela"},"content":{"rendered":"<h4>Esta muestra, enmarcada en FORTIUS, abre sus puertas coincidiendo con el inicio del Congreso Internacional sobre Patrimonio Fortificado<\/h4>\n<p><a href=\"http:\/\/laguiadepamplona.com\/actualidad\/wp-content\/uploads\/2014\/10\/fortius1.jpg\"><img loading=\"lazy\" decoding=\"async\" class=\"alignleft size-medium wp-image-3405\" src=\"http:\/\/laguiadepamplona.com\/actualidad\/wp-content\/uploads\/2014\/10\/fortius1-300x161.jpg\" alt=\"fortius1\" width=\"300\" height=\"161\" \/><\/a>Del 14 de octubre al 9 de noviembre la ciudad acoger\u00e1 la muestra \u2018Bastions \u2013 Fortalezas del Pirineo\u2019, una exposici\u00f3n sobre las fortificaciones abaluartadas de los Pirineos que recoge una selecci\u00f3n de 44 de las construcciones que tuvieron por objeto defender la frontera entre los siglos XVI y XIX, hasta que los avances de la artiller\u00eda y el empleo de la aviaci\u00f3n las dejaron sin uso militar. El siglo XXI llega con nuevos usos para los bastiones defensivos mientras se identifica, entre sus fortalezas, las posibilidades que permiten como espacios aglutinantes y de encuentro cultural y social, una vez desaparecidas las fronteras.<\/p>\n<p>La muestra, organizada por el Ayuntamiento de Pamplona, estar\u00e1 abierta a partir de las 19 horas de hoy en dos sedes distintas: en la Casa Palacio del Condestable, en la que se instalar\u00e1 la parte m\u00e1s internacional de la exposici\u00f3n y en la Sala de Armas de la Ciudadela, donde estar\u00e1 dispuesto el material m\u00e1s vinculado al Patrimonio Fortificado de Pamplona.<\/p>\n<p>El concejal delegado de Educaci\u00f3n y Cultura, Ferm\u00edn Alonso, y el coordinador de la muestra Miguel Pueyo, han explicado c\u00f3mo el conjunto de materiales, su tratamiento did\u00e1ctico con vertiente educativa, el criterio de accesibilidad universal de su presentaci\u00f3n y los distintos niveles de profundizaci\u00f3n que permiten, hacen esta exposici\u00f3n id\u00f3nea para hacerse una idea global. Concretamente la amplia panor\u00e1mica se traslada al visitante a trav\u00e9s de informaci\u00f3n escrita, planos, maquetas, aplicaciones interactivas de Google Earth, videos grabados a trav\u00e9s de c\u00e1maras sustentadas en drones, postproducciones, materiales y documentos hist\u00f3ricos del Archivo Municipal de Pamplona, el Archivo General de Simancas y otros materiales del Centro de Interpretaci\u00f3n de las Fortificaciones, e incluso muestras de armamento de \u00e9poca.<\/p>\n<p>Esta muestra est\u00e1 dentro del proyecto FORTIUS | Valorizaci\u00f3n tur\u00edstica y cultural del patrimonio fortificado de Pamplona y Bayona, que encara su recta final, por lo que proyecto expositivo est\u00e1 subvencionado por la Uni\u00f3n Europea a trav\u00e9s de Programa Operativo Territorial Espa\u00f1a-Francia-Andorra (POCTEFA), que se gestiona en la Comunidad de Trabajo de los Pirineos (CTP).<\/p>\n<p><strong>Los contenidos de Condestable<\/strong><\/p>\n<p>La Casa-Palacio de la calle Mayor, 2, en la que se inaugurar\u00e1 el Congreso Internacional sobre Patrimonio Fortificado: Gesti\u00f3n y Desarrollo Sostenible, recoger\u00e1 la parte m\u00e1s internacional de la muestra. All\u00e1, entre el Zagu\u00e1n y el Patio Renacentista, se podr\u00e1 hacer un recorrido territorial y temporal por los Pirineos, una frontera que en la que hist\u00f3ricamente se percibe la relaci\u00f3n inversamente proporcional que existe entre la facilidad del paso natural y la entidad de la defensa fortificada. Prueba de esa tendencia sostenida son, por ejemplo los trazados de los caminos \u2013desde calzadas romanas a actuales carreteras.<\/p>\n<p>El Zagu\u00e1n, por obra de la coordinaci\u00f3n de oficinas de informaci\u00f3n y turismo de ambos lados de los Pirineos se convertir\u00e1 en un recibidor, pleno de informaci\u00f3n y folletos, para que el visitante pueda planificar una ruta propia haciendo zig-zag por la cordillera. A disposici\u00f3n del p\u00fablico en esta zona habr\u00e1 carpetas que permitan organizar y clasificar la documentaci\u00f3n recogida. En ese espacio habr\u00e1, adem\u00e1s, im\u00e1genes de gran formato de las ciudades y las fortificaciones que forma parte de la exposici\u00f3n.<\/p>\n<p>La muestra explicar\u00e1 c\u00f3mo la evoluci\u00f3n de la poliorc\u00e9tica y la artiller\u00eda est\u00e1n ligadas, de forma que no se comprende una sin la otra. El centro del Patio estar\u00e1 ocupado por una maqueta-escultura del perfil pirenaico (de 2&#215;6 metros) ubicando en ella fortificaciones, ciudades y caminos principales que, usando calzas, podr\u00e1 pisarse y seguirse al tacto. En los laterales dos v\u00eddeos: \u2018Fortificaciones\u2019 de 40 minutos de duraci\u00f3n que recoge im\u00e1genes y testimonios sobre el patrimonio militar de Pamplona, Bayona, Navarrenx, Jaca y San Fernando de Figueres; el segundo v\u00eddeo, basado en la tecnolog\u00eda de Google Earth permite acceder \u201cdesde el espacio\u201d hasta la ubicaci\u00f3n exacta de cada una de las 44 fortalezas. Toda la zona expositiva estar\u00e1 salpicada de informaciones que, bajo el ep\u00edgrafe \u201c\u00bfsab\u00edas que?\u201d, trasladar\u00e1n p\u00edldoras de informaci\u00f3n y an\u00e9cdotas.<\/p>\n<p>Esta ser\u00e1 la informaci\u00f3n que arrope el desarrollo, entre el 15 y el 17 de octubre, del Congreso Internacional sobre Patrimonio Fortificado: Gesti\u00f3n y Desarrollo Sostenible, que tendr\u00e1 lugar en la Sala de Conferencias y la Sala de los Arquillos del Condestable, entre otras dependencias.<\/p>\n<p><strong>La Sala de Armas de la Ciudadela<\/strong><\/p>\n<p>A la Sala de Armas de la Ciudadela, uno de los edificios de origen militar que subsisten dentro del recinto pentagonal abaluartado, ira la parte m\u00e1s \u201clocal\u201d de la exposici\u00f3n. All\u00e1 estar\u00e1 recogida la historia de las fortificaciones de Pamplona a trav\u00e9s de ocho hitos constructivos, hasta llegar al conjunto actual, y los t\u00e9rminos del debate sostenido en la ciudad sobre sus usos hasta llegar a las diversas declaraciones de protecci\u00f3n. Tambi\u00e9n podr\u00e1n verse tres maquetas tiflol\u00f3gicas de distintos elementos de este patrimonio, dibujos, grabados, elementos fotogr\u00e1ficos y planos antiguos y recientes, as\u00ed como informaci\u00f3n gr\u00e1fica y videogr\u00e1fica sobre sus usos actuales y las actividades que el municipio programa anualmente con las murallas como marco.<\/p>\n<p>Entre los v\u00eddeos previstos en esta sala, se podr\u00e1 ver uno modelado en volumen sobre la evoluci\u00f3n de la ciudad en relaci\u00f3n a sus defensas, o un minireportaje de entrevistas a ciudadanos an\u00f3nimos sobre sus vivencias en torno a la fortificaci\u00f3n. De nuevo la zona expositiva estar\u00e1 salpicada de informaciones breves del tipo \u201c\u00bfsab\u00edas que?\u201d.<\/p>\n<p>Adem\u00e1s est\u00e1 previsto un espacio para la realizaci\u00f3n de un taller con alumnos de Primaria de centros escolares en el que, usando sus propios cuerpos, los menores comprendan el porqu\u00e9 del dise\u00f1o de las fortificaciones abaluartadas. Tambi\u00e9n habra talleres gratuitos para familias\u00a0 los domingos de 12 a 14 horas en este mismo espacio.<\/p>\n<p><strong>Una muestra itinerante y accesible<\/strong><\/p>\n<p>La muestra \u2018Bastions \u2013 Fortalezas del Pirineo\u2019 se podr\u00e1 ver en Pamplona de 14 de octubre al 9 de noviembre, con entrada gratuita en ambas sedes. El horario de visita en el Palacio del Condestable ser\u00e1 de lunes a s\u00e1bado, de 9 a 14 horas y de 17 a 21 horas. En la Sala de Armas de la Ciudadela los horarios de apertura al p\u00fablico ser\u00e1n de martes a viernes de 18.30 a 21 horas; los s\u00e1bados de 12 a 14 horas y de 18.30 a 21 horas, y domingos y festivos de 12 a 14 horas. La exposici\u00f3n nace con vocaci\u00f3n de itinerancia, por lo que se trasladar\u00e1 a otras sedes vinculadas a fortalezas de los Pirineos.<\/p>\n<p>La muestra se rige por criterios de accesibilidad universal, con el fin de favorecer la comprensi\u00f3n y disfrute por parte de todo el p\u00fablico, evitando barreras f\u00edsicas, sensoriales y de comunicaci\u00f3n. Las medidas de accesibilidad, recogidas en el plan general, han sido coordinadas por Cal\u00edcrates y cuenta con el apoyo de varias entidades y empresas para implementar dichas medidas: Acci\u00f3n Accesible, Asociaci\u00f3n Eunate de Familias de Personas con Discapacidad Auditiva de Navarra, ASORNA &#8211; Asociaci\u00f3n de Personas Sordas de Navarra, Dilof\u00e1cil, Diper, Mira lo Que te Digo y ONCE.<\/p>\n<p>El mobiliario expositivo permite la aproximaci\u00f3n y lectura por parte de personas en silla de ruedas, asimismo los recorridos tienen el ancho de paso suficiente y permiten los cambios de direcci\u00f3n. Adem\u00e1s los paneles y la gr\u00e1fica tienen en cuenta las necesidades de personas con resto visual (contrastes altos, tama\u00f1os y tipos de letra de f\u00e1cil lectura y un interlineado adecuado). Se cuenta con una hoja en braille que resume el contenido expositivo y que se entregar\u00e1 a las personas que lo soliciten y se permitir\u00e1 tocar objetos dentro de la visita guiada y de forma permanente se han instalado planos h\u00e1pticos (planos con altorrelieve).<\/p>\n<p>Para las personas sordas hay instalado un bucle de inducci\u00f3n magn\u00e9tica en un v\u00eddeo con audio y est\u00e1 programada dentro de la exposici\u00f3n la realizaci\u00f3n de una visita guiada con int\u00e9rprete de lengua de signos espa\u00f1ola (LSE). El folleto incluye un texto explicativo en \u2018lectura f\u00e1cil\u2019, una t\u00e9cnica de redacci\u00f3n que hace m\u00e1s compresibles los textos y que beneficia a personas con problemas cognitivos, que no dominen el idioma, etc. Finalmente, el personal de atenci\u00f3n al p\u00fablico ha recibido formaci\u00f3n en trato adecuado para p\u00fablico con discapacidad.<\/p>\n","protected":false},"excerpt":{"rendered":"<p>Esta muestra, enmarcada en FORTIUS, abre sus puertas coincidiendo con el inicio del Congreso Internacional sobre Patrimonio Fortificado Del 14 de octubre al 9 de noviembre la ciudad acoger\u00e1 la&#8230;<\/p>\n","protected":false},"author":1,"featured_media":3405,"comment_status":"closed","ping_status":"open","sticky":false,"template":"","format":"standard","meta":{"footnotes":""},"categories":[2],"tags":[5,6,509,2866,2334,2869,8,9],"class_list":["post-3404","post","type-post","status-publish","format-standard","has-post-thumbnail","hentry","category-ayuntamiento-pamplona","tag-actualidad","tag-ayto-pamplona","tag-ayuntamiento-de-pamplona","tag-bastions-fortalezas-del-pirineo","tag-fortius","tag-las-fortalezas-abaluartadas-de-los-pirineos","tag-noticias","tag-pamplona"],"yoast_head":"<!-- This site is optimized with the Yoast SEO plugin v27.5 - https:\/\/yoast.com\/product\/yoast-seo-wordpress\/ -->\n<title>Las fortalezas abaluartadas de los Pirineos son, a partir de esta tarde, el centro de una amplia exposici\u00f3n dividida en dos sedes f\u00edsicas: Condestable y la Ciudadela<\/title>\n<meta name=\"robots\" content=\"index, follow, max-snippet:-1, max-image-preview:large, max-video-preview:-1\" \/>\n<link rel=\"canonical\" href=\"https:\/\/www.laguiadepamplona.com\/actualidad\/las-fortalezas-abaluartadas-de-los-pirineos-son-a-partir-de-esta-tarde-el-centro-de-una-amplia-exposicion-dividida-en-dos-sedes-fisicas-condestable-y-la-ciudadela\/\" \/>\n<meta property=\"og:locale\" content=\"es_ES\" \/>\n<meta property=\"og:type\" content=\"article\" \/>\n<meta property=\"og:title\" content=\"Las fortalezas abaluartadas de los Pirineos son, a partir de esta tarde, el centro de una amplia exposici\u00f3n dividida en dos sedes f\u00edsicas: Condestable y la Ciudadela\" \/>\n<meta property=\"og:description\" content=\"Esta muestra, enmarcada en FORTIUS, abre sus puertas coincidiendo con el inicio del Congreso Internacional sobre Patrimonio Fortificado Del 14 de octubre al 9 de noviembre la ciudad acoger\u00e1 la...\" \/>\n<meta property=\"og:url\" content=\"https:\/\/www.laguiadepamplona.com\/actualidad\/las-fortalezas-abaluartadas-de-los-pirineos-son-a-partir-de-esta-tarde-el-centro-de-una-amplia-exposicion-dividida-en-dos-sedes-fisicas-condestable-y-la-ciudadela\/\" \/>\n<meta property=\"og:site_name\" content=\"La Gu\u00eda de Pamplona\" \/>\n<meta property=\"article:publisher\" content=\"https:\/\/www.facebook.com\/laguiadepamplonacom-133175176762273\/?ref=hl\" \/>\n<meta property=\"article:published_time\" content=\"2014-10-14T12:20:21+00:00\" \/>\n<meta name=\"author\" content=\"La Gu\u00eda de Pamplona\" \/>\n<meta name=\"twitter:card\" content=\"summary_large_image\" \/>\n<meta name=\"twitter:creator\" content=\"@LaGuiadPamplona\" \/>\n<meta name=\"twitter:site\" content=\"@LaGuiadPamplona\" \/>\n<meta name=\"twitter:label1\" content=\"Escrito por\" \/>\n\t<meta name=\"twitter:data1\" content=\"La Gu\u00eda de Pamplona\" \/>\n\t<meta name=\"twitter:label2\" content=\"Tiempo de lectura\" \/>\n\t<meta name=\"twitter:data2\" content=\"7 minutos\" \/>\n<script type=\"application\/ld+json\" class=\"yoast-schema-graph\">{\"@context\":\"https:\\\/\\\/schema.org\",\"@graph\":[{\"@type\":\"Article\",\"@id\":\"https:\\\/\\\/www.laguiadepamplona.com\\\/actualidad\\\/las-fortalezas-abaluartadas-de-los-pirineos-son-a-partir-de-esta-tarde-el-centro-de-una-amplia-exposicion-dividida-en-dos-sedes-fisicas-condestable-y-la-ciudadela\\\/#article\",\"isPartOf\":{\"@id\":\"https:\\\/\\\/www.laguiadepamplona.com\\\/actualidad\\\/las-fortalezas-abaluartadas-de-los-pirineos-son-a-partir-de-esta-tarde-el-centro-de-una-amplia-exposicion-dividida-en-dos-sedes-fisicas-condestable-y-la-ciudadela\\\/\"},\"author\":{\"name\":\"La Gu\u00eda de Pamplona\",\"@id\":\"https:\\\/\\\/www.laguiadepamplona.com\\\/actualidad\\\/#\\\/schema\\\/person\\\/efe887376f0213d4657c93adc50b1fdb\"},\"headline\":\"Las fortalezas abaluartadas de los Pirineos son, a partir de esta tarde, el centro de una amplia exposici\u00f3n dividida en dos sedes f\u00edsicas: Condestable y la Ciudadela\",\"datePublished\":\"2014-10-14T12:20:21+00:00\",\"mainEntityOfPage\":{\"@id\":\"https:\\\/\\\/www.laguiadepamplona.com\\\/actualidad\\\/las-fortalezas-abaluartadas-de-los-pirineos-son-a-partir-de-esta-tarde-el-centro-de-una-amplia-exposicion-dividida-en-dos-sedes-fisicas-condestable-y-la-ciudadela\\\/\"},\"wordCount\":1465,\"publisher\":{\"@id\":\"https:\\\/\\\/www.laguiadepamplona.com\\\/actualidad\\\/#organization\"},\"image\":{\"@id\":\"https:\\\/\\\/www.laguiadepamplona.com\\\/actualidad\\\/las-fortalezas-abaluartadas-de-los-pirineos-son-a-partir-de-esta-tarde-el-centro-de-una-amplia-exposicion-dividida-en-dos-sedes-fisicas-condestable-y-la-ciudadela\\\/#primaryimage\"},\"thumbnailUrl\":\"\",\"keywords\":[\"actualidad\",\"ayto pamplona\",\"Ayuntamiento de Pamplona\",\"Bastions \u2013 Fortalezas del Pirineo\",\"fortius\",\"Las fortalezas abaluartadas de los Pirineos\",\"noticias\",\"pamplona\"],\"articleSection\":[\"Ayto Pamplona\"],\"inLanguage\":\"es\"},{\"@type\":\"WebPage\",\"@id\":\"https:\\\/\\\/www.laguiadepamplona.com\\\/actualidad\\\/las-fortalezas-abaluartadas-de-los-pirineos-son-a-partir-de-esta-tarde-el-centro-de-una-amplia-exposicion-dividida-en-dos-sedes-fisicas-condestable-y-la-ciudadela\\\/\",\"url\":\"https:\\\/\\\/www.laguiadepamplona.com\\\/actualidad\\\/las-fortalezas-abaluartadas-de-los-pirineos-son-a-partir-de-esta-tarde-el-centro-de-una-amplia-exposicion-dividida-en-dos-sedes-fisicas-condestable-y-la-ciudadela\\\/\",\"name\":\"Las fortalezas abaluartadas de los Pirineos son, a partir de esta tarde, el centro de una amplia exposici\u00f3n dividida en dos sedes f\u00edsicas: Condestable y la Ciudadela\",\"isPartOf\":{\"@id\":\"https:\\\/\\\/www.laguiadepamplona.com\\\/actualidad\\\/#website\"},\"primaryImageOfPage\":{\"@id\":\"https:\\\/\\\/www.laguiadepamplona.com\\\/actualidad\\\/las-fortalezas-abaluartadas-de-los-pirineos-son-a-partir-de-esta-tarde-el-centro-de-una-amplia-exposicion-dividida-en-dos-sedes-fisicas-condestable-y-la-ciudadela\\\/#primaryimage\"},\"image\":{\"@id\":\"https:\\\/\\\/www.laguiadepamplona.com\\\/actualidad\\\/las-fortalezas-abaluartadas-de-los-pirineos-son-a-partir-de-esta-tarde-el-centro-de-una-amplia-exposicion-dividida-en-dos-sedes-fisicas-condestable-y-la-ciudadela\\\/#primaryimage\"},\"thumbnailUrl\":\"\",\"datePublished\":\"2014-10-14T12:20:21+00:00\",\"breadcrumb\":{\"@id\":\"https:\\\/\\\/www.laguiadepamplona.com\\\/actualidad\\\/las-fortalezas-abaluartadas-de-los-pirineos-son-a-partir-de-esta-tarde-el-centro-de-una-amplia-exposicion-dividida-en-dos-sedes-fisicas-condestable-y-la-ciudadela\\\/#breadcrumb\"},\"inLanguage\":\"es\",\"potentialAction\":[{\"@type\":\"ReadAction\",\"target\":[\"https:\\\/\\\/www.laguiadepamplona.com\\\/actualidad\\\/las-fortalezas-abaluartadas-de-los-pirineos-son-a-partir-de-esta-tarde-el-centro-de-una-amplia-exposicion-dividida-en-dos-sedes-fisicas-condestable-y-la-ciudadela\\\/\"]}]},{\"@type\":\"ImageObject\",\"inLanguage\":\"es\",\"@id\":\"https:\\\/\\\/www.laguiadepamplona.com\\\/actualidad\\\/las-fortalezas-abaluartadas-de-los-pirineos-son-a-partir-de-esta-tarde-el-centro-de-una-amplia-exposicion-dividida-en-dos-sedes-fisicas-condestable-y-la-ciudadela\\\/#primaryimage\",\"url\":\"\",\"contentUrl\":\"\"},{\"@type\":\"BreadcrumbList\",\"@id\":\"https:\\\/\\\/www.laguiadepamplona.com\\\/actualidad\\\/las-fortalezas-abaluartadas-de-los-pirineos-son-a-partir-de-esta-tarde-el-centro-de-una-amplia-exposicion-dividida-en-dos-sedes-fisicas-condestable-y-la-ciudadela\\\/#breadcrumb\",\"itemListElement\":[{\"@type\":\"ListItem\",\"position\":1,\"name\":\"Portada\",\"item\":\"https:\\\/\\\/www.laguiadepamplona.com\\\/actualidad\\\/\"},{\"@type\":\"ListItem\",\"position\":2,\"name\":\"Las fortalezas abaluartadas de los Pirineos son, a partir de esta tarde, el centro de una amplia exposici\u00f3n dividida en dos sedes f\u00edsicas: Condestable y la Ciudadela\"}]},{\"@type\":\"WebSite\",\"@id\":\"https:\\\/\\\/www.laguiadepamplona.com\\\/actualidad\\\/#website\",\"url\":\"https:\\\/\\\/www.laguiadepamplona.com\\\/actualidad\\\/\",\"name\":\"La gu\u00eda de Pamplona\",\"description\":\"Noticias de Pamplona\",\"publisher\":{\"@id\":\"https:\\\/\\\/www.laguiadepamplona.com\\\/actualidad\\\/#organization\"},\"potentialAction\":[{\"@type\":\"SearchAction\",\"target\":{\"@type\":\"EntryPoint\",\"urlTemplate\":\"https:\\\/\\\/www.laguiadepamplona.com\\\/actualidad\\\/?s={search_term_string}\"},\"query-input\":{\"@type\":\"PropertyValueSpecification\",\"valueRequired\":true,\"valueName\":\"search_term_string\"}}],\"inLanguage\":\"es\"},{\"@type\":\"Organization\",\"@id\":\"https:\\\/\\\/www.laguiadepamplona.com\\\/actualidad\\\/#organization\",\"name\":\"La Gu\u00eda de Pamplona \\\/ Noticias\",\"url\":\"https:\\\/\\\/www.laguiadepamplona.com\\\/actualidad\\\/\",\"logo\":{\"@type\":\"ImageObject\",\"inLanguage\":\"es\",\"@id\":\"https:\\\/\\\/www.laguiadepamplona.com\\\/actualidad\\\/#\\\/schema\\\/logo\\\/image\\\/\",\"url\":\"https:\\\/\\\/www.laguiadepamplona.com\\\/actualidad\\\/wp-content\\\/uploads\\\/2018\\\/11\\\/logo-laguiadepamplona18-web1.png\",\"contentUrl\":\"https:\\\/\\\/www.laguiadepamplona.com\\\/actualidad\\\/wp-content\\\/uploads\\\/2018\\\/11\\\/logo-laguiadepamplona18-web1.png\",\"width\":600,\"height\":196,\"caption\":\"La Gu\u00eda de Pamplona \\\/ Noticias\"},\"image\":{\"@id\":\"https:\\\/\\\/www.laguiadepamplona.com\\\/actualidad\\\/#\\\/schema\\\/logo\\\/image\\\/\"},\"sameAs\":[\"https:\\\/\\\/www.facebook.com\\\/laguiadepamplonacom-133175176762273\\\/?ref=hl\",\"https:\\\/\\\/x.com\\\/LaGuiadPamplona\",\"https:\\\/\\\/www.instagram.com\\\/la_guia_de_pamplona\\\/\",\"https:\\\/\\\/www.youtube.com\\\/user\\\/laguiadepamplona\"]},{\"@type\":\"Person\",\"@id\":\"https:\\\/\\\/www.laguiadepamplona.com\\\/actualidad\\\/#\\\/schema\\\/person\\\/efe887376f0213d4657c93adc50b1fdb\",\"name\":\"La Gu\u00eda de Pamplona\",\"image\":{\"@type\":\"ImageObject\",\"inLanguage\":\"es\",\"@id\":\"https:\\\/\\\/secure.gravatar.com\\\/avatar\\\/b6992f131dc8d30ab0dff15446e9d346d9dbd95992de0fef795073f5ea83a81c?s=96&d=mm&r=g\",\"url\":\"https:\\\/\\\/secure.gravatar.com\\\/avatar\\\/b6992f131dc8d30ab0dff15446e9d346d9dbd95992de0fef795073f5ea83a81c?s=96&d=mm&r=g\",\"contentUrl\":\"https:\\\/\\\/secure.gravatar.com\\\/avatar\\\/b6992f131dc8d30ab0dff15446e9d346d9dbd95992de0fef795073f5ea83a81c?s=96&d=mm&r=g\",\"caption\":\"La Gu\u00eda de Pamplona\"}}]}<\/script>\n<!-- \/ Yoast SEO plugin. -->","yoast_head_json":{"title":"Las fortalezas abaluartadas de los Pirineos son, a partir de esta tarde, el centro de una amplia exposici\u00f3n dividida en dos sedes f\u00edsicas: Condestable y la Ciudadela","robots":{"index":"index","follow":"follow","max-snippet":"max-snippet:-1","max-image-preview":"max-image-preview:large","max-video-preview":"max-video-preview:-1"},"canonical":"https:\/\/www.laguiadepamplona.com\/actualidad\/las-fortalezas-abaluartadas-de-los-pirineos-son-a-partir-de-esta-tarde-el-centro-de-una-amplia-exposicion-dividida-en-dos-sedes-fisicas-condestable-y-la-ciudadela\/","og_locale":"es_ES","og_type":"article","og_title":"Las fortalezas abaluartadas de los Pirineos son, a partir de esta tarde, el centro de una amplia exposici\u00f3n dividida en dos sedes f\u00edsicas: Condestable y la Ciudadela","og_description":"Esta muestra, enmarcada en FORTIUS, abre sus puertas coincidiendo con el inicio del Congreso Internacional sobre Patrimonio Fortificado Del 14 de octubre al 9 de noviembre la ciudad acoger\u00e1 la...","og_url":"https:\/\/www.laguiadepamplona.com\/actualidad\/las-fortalezas-abaluartadas-de-los-pirineos-son-a-partir-de-esta-tarde-el-centro-de-una-amplia-exposicion-dividida-en-dos-sedes-fisicas-condestable-y-la-ciudadela\/","og_site_name":"La Gu\u00eda de Pamplona","article_publisher":"https:\/\/www.facebook.com\/laguiadepamplonacom-133175176762273\/?ref=hl","article_published_time":"2014-10-14T12:20:21+00:00","author":"La Gu\u00eda de Pamplona","twitter_card":"summary_large_image","twitter_creator":"@LaGuiadPamplona","twitter_site":"@LaGuiadPamplona","twitter_misc":{"Escrito por":"La Gu\u00eda de Pamplona","Tiempo de lectura":"7 minutos"},"schema":{"@context":"https:\/\/schema.org","@graph":[{"@type":"Article","@id":"https:\/\/www.laguiadepamplona.com\/actualidad\/las-fortalezas-abaluartadas-de-los-pirineos-son-a-partir-de-esta-tarde-el-centro-de-una-amplia-exposicion-dividida-en-dos-sedes-fisicas-condestable-y-la-ciudadela\/#article","isPartOf":{"@id":"https:\/\/www.laguiadepamplona.com\/actualidad\/las-fortalezas-abaluartadas-de-los-pirineos-son-a-partir-de-esta-tarde-el-centro-de-una-amplia-exposicion-dividida-en-dos-sedes-fisicas-condestable-y-la-ciudadela\/"},"author":{"name":"La Gu\u00eda de Pamplona","@id":"https:\/\/www.laguiadepamplona.com\/actualidad\/#\/schema\/person\/efe887376f0213d4657c93adc50b1fdb"},"headline":"Las fortalezas abaluartadas de los Pirineos son, a partir de esta tarde, el centro de una amplia exposici\u00f3n dividida en dos sedes f\u00edsicas: Condestable y la Ciudadela","datePublished":"2014-10-14T12:20:21+00:00","mainEntityOfPage":{"@id":"https:\/\/www.laguiadepamplona.com\/actualidad\/las-fortalezas-abaluartadas-de-los-pirineos-son-a-partir-de-esta-tarde-el-centro-de-una-amplia-exposicion-dividida-en-dos-sedes-fisicas-condestable-y-la-ciudadela\/"},"wordCount":1465,"publisher":{"@id":"https:\/\/www.laguiadepamplona.com\/actualidad\/#organization"},"image":{"@id":"https:\/\/www.laguiadepamplona.com\/actualidad\/las-fortalezas-abaluartadas-de-los-pirineos-son-a-partir-de-esta-tarde-el-centro-de-una-amplia-exposicion-dividida-en-dos-sedes-fisicas-condestable-y-la-ciudadela\/#primaryimage"},"thumbnailUrl":"","keywords":["actualidad","ayto pamplona","Ayuntamiento de Pamplona","Bastions \u2013 Fortalezas del Pirineo","fortius","Las fortalezas abaluartadas de los Pirineos","noticias","pamplona"],"articleSection":["Ayto Pamplona"],"inLanguage":"es"},{"@type":"WebPage","@id":"https:\/\/www.laguiadepamplona.com\/actualidad\/las-fortalezas-abaluartadas-de-los-pirineos-son-a-partir-de-esta-tarde-el-centro-de-una-amplia-exposicion-dividida-en-dos-sedes-fisicas-condestable-y-la-ciudadela\/","url":"https:\/\/www.laguiadepamplona.com\/actualidad\/las-fortalezas-abaluartadas-de-los-pirineos-son-a-partir-de-esta-tarde-el-centro-de-una-amplia-exposicion-dividida-en-dos-sedes-fisicas-condestable-y-la-ciudadela\/","name":"Las fortalezas abaluartadas de los Pirineos son, a partir de esta tarde, el centro de una amplia exposici\u00f3n dividida en dos sedes f\u00edsicas: Condestable y la Ciudadela","isPartOf":{"@id":"https:\/\/www.laguiadepamplona.com\/actualidad\/#website"},"primaryImageOfPage":{"@id":"https:\/\/www.laguiadepamplona.com\/actualidad\/las-fortalezas-abaluartadas-de-los-pirineos-son-a-partir-de-esta-tarde-el-centro-de-una-amplia-exposicion-dividida-en-dos-sedes-fisicas-condestable-y-la-ciudadela\/#primaryimage"},"image":{"@id":"https:\/\/www.laguiadepamplona.com\/actualidad\/las-fortalezas-abaluartadas-de-los-pirineos-son-a-partir-de-esta-tarde-el-centro-de-una-amplia-exposicion-dividida-en-dos-sedes-fisicas-condestable-y-la-ciudadela\/#primaryimage"},"thumbnailUrl":"","datePublished":"2014-10-14T12:20:21+00:00","breadcrumb":{"@id":"https:\/\/www.laguiadepamplona.com\/actualidad\/las-fortalezas-abaluartadas-de-los-pirineos-son-a-partir-de-esta-tarde-el-centro-de-una-amplia-exposicion-dividida-en-dos-sedes-fisicas-condestable-y-la-ciudadela\/#breadcrumb"},"inLanguage":"es","potentialAction":[{"@type":"ReadAction","target":["https:\/\/www.laguiadepamplona.com\/actualidad\/las-fortalezas-abaluartadas-de-los-pirineos-son-a-partir-de-esta-tarde-el-centro-de-una-amplia-exposicion-dividida-en-dos-sedes-fisicas-condestable-y-la-ciudadela\/"]}]},{"@type":"ImageObject","inLanguage":"es","@id":"https:\/\/www.laguiadepamplona.com\/actualidad\/las-fortalezas-abaluartadas-de-los-pirineos-son-a-partir-de-esta-tarde-el-centro-de-una-amplia-exposicion-dividida-en-dos-sedes-fisicas-condestable-y-la-ciudadela\/#primaryimage","url":"","contentUrl":""},{"@type":"BreadcrumbList","@id":"https:\/\/www.laguiadepamplona.com\/actualidad\/las-fortalezas-abaluartadas-de-los-pirineos-son-a-partir-de-esta-tarde-el-centro-de-una-amplia-exposicion-dividida-en-dos-sedes-fisicas-condestable-y-la-ciudadela\/#breadcrumb","itemListElement":[{"@type":"ListItem","position":1,"name":"Portada","item":"https:\/\/www.laguiadepamplona.com\/actualidad\/"},{"@type":"ListItem","position":2,"name":"Las fortalezas abaluartadas de los Pirineos son, a partir de esta tarde, el centro de una amplia exposici\u00f3n dividida en dos sedes f\u00edsicas: Condestable y la Ciudadela"}]},{"@type":"WebSite","@id":"https:\/\/www.laguiadepamplona.com\/actualidad\/#website","url":"https:\/\/www.laguiadepamplona.com\/actualidad\/","name":"La gu\u00eda de Pamplona","description":"Noticias de Pamplona","publisher":{"@id":"https:\/\/www.laguiadepamplona.com\/actualidad\/#organization"},"potentialAction":[{"@type":"SearchAction","target":{"@type":"EntryPoint","urlTemplate":"https:\/\/www.laguiadepamplona.com\/actualidad\/?s={search_term_string}"},"query-input":{"@type":"PropertyValueSpecification","valueRequired":true,"valueName":"search_term_string"}}],"inLanguage":"es"},{"@type":"Organization","@id":"https:\/\/www.laguiadepamplona.com\/actualidad\/#organization","name":"La Gu\u00eda de Pamplona \/ Noticias","url":"https:\/\/www.laguiadepamplona.com\/actualidad\/","logo":{"@type":"ImageObject","inLanguage":"es","@id":"https:\/\/www.laguiadepamplona.com\/actualidad\/#\/schema\/logo\/image\/","url":"https:\/\/www.laguiadepamplona.com\/actualidad\/wp-content\/uploads\/2018\/11\/logo-laguiadepamplona18-web1.png","contentUrl":"https:\/\/www.laguiadepamplona.com\/actualidad\/wp-content\/uploads\/2018\/11\/logo-laguiadepamplona18-web1.png","width":600,"height":196,"caption":"La Gu\u00eda de Pamplona \/ Noticias"},"image":{"@id":"https:\/\/www.laguiadepamplona.com\/actualidad\/#\/schema\/logo\/image\/"},"sameAs":["https:\/\/www.facebook.com\/laguiadepamplonacom-133175176762273\/?ref=hl","https:\/\/x.com\/LaGuiadPamplona","https:\/\/www.instagram.com\/la_guia_de_pamplona\/","https:\/\/www.youtube.com\/user\/laguiadepamplona"]},{"@type":"Person","@id":"https:\/\/www.laguiadepamplona.com\/actualidad\/#\/schema\/person\/efe887376f0213d4657c93adc50b1fdb","name":"La Gu\u00eda de Pamplona","image":{"@type":"ImageObject","inLanguage":"es","@id":"https:\/\/secure.gravatar.com\/avatar\/b6992f131dc8d30ab0dff15446e9d346d9dbd95992de0fef795073f5ea83a81c?s=96&d=mm&r=g","url":"https:\/\/secure.gravatar.com\/avatar\/b6992f131dc8d30ab0dff15446e9d346d9dbd95992de0fef795073f5ea83a81c?s=96&d=mm&r=g","contentUrl":"https:\/\/secure.gravatar.com\/avatar\/b6992f131dc8d30ab0dff15446e9d346d9dbd95992de0fef795073f5ea83a81c?s=96&d=mm&r=g","caption":"La Gu\u00eda de Pamplona"}}]}},"post_mailing_queue_ids":[],"_links":{"self":[{"href":"https:\/\/www.laguiadepamplona.com\/actualidad\/wp-json\/wp\/v2\/posts\/3404","targetHints":{"allow":["GET"]}}],"collection":[{"href":"https:\/\/www.laguiadepamplona.com\/actualidad\/wp-json\/wp\/v2\/posts"}],"about":[{"href":"https:\/\/www.laguiadepamplona.com\/actualidad\/wp-json\/wp\/v2\/types\/post"}],"author":[{"embeddable":true,"href":"https:\/\/www.laguiadepamplona.com\/actualidad\/wp-json\/wp\/v2\/users\/1"}],"replies":[{"embeddable":true,"href":"https:\/\/www.laguiadepamplona.com\/actualidad\/wp-json\/wp\/v2\/comments?post=3404"}],"version-history":[{"count":0,"href":"https:\/\/www.laguiadepamplona.com\/actualidad\/wp-json\/wp\/v2\/posts\/3404\/revisions"}],"wp:featuredmedia":[{"embeddable":true,"href":"https:\/\/www.laguiadepamplona.com\/actualidad\/wp-json\/"}],"wp:attachment":[{"href":"https:\/\/www.laguiadepamplona.com\/actualidad\/wp-json\/wp\/v2\/media?parent=3404"}],"wp:term":[{"taxonomy":"category","embeddable":true,"href":"https:\/\/www.laguiadepamplona.com\/actualidad\/wp-json\/wp\/v2\/categories?post=3404"},{"taxonomy":"post_tag","embeddable":true,"href":"https:\/\/www.laguiadepamplona.com\/actualidad\/wp-json\/wp\/v2\/tags?post=3404"}],"curies":[{"name":"wp","href":"https:\/\/api.w.org\/{rel}","templated":true}]}}