{"id":3402,"date":"2014-10-14T14:15:26","date_gmt":"2014-10-14T12:15:26","guid":{"rendered":"http:\/\/laguiadepamplona.com\/actualidad\/?p=3402"},"modified":"2014-10-14T14:15:26","modified_gmt":"2014-10-14T12:15:26","slug":"el-monumento-militar-su-integracion-paisajistica-y-la-necesidad-de-un-estudio-cientifico-de-los-sistemas-defensivos-ejes-del-inicio-del-congreso-internacional","status":"publish","type":"post","link":"https:\/\/www.laguiadepamplona.com\/actualidad\/el-monumento-militar-su-integracion-paisajistica-y-la-necesidad-de-un-estudio-cientifico-de-los-sistemas-defensivos-ejes-del-inicio-del-congreso-internacional\/","title":{"rendered":"El monumento militar, su integraci\u00f3n paisaj\u00edstica y la necesidad de un estudio cient\u00edfico de los sistemas defensivos, ejes del inicio del congreso internacional"},"content":{"rendered":"<h4>El Proyecto Fortius como ejemplo de buena pr\u00e1ctica inaugura esta cita cient\u00edfica que se desarrollar\u00e1 en Pamplona hasta el 17 de octubre<\/h4>\n<p><a href=\"http:\/\/laguiadepamplona.com\/actualidad\/wp-content\/uploads\/2014\/09\/palacio-condestable-civivox.jpg\"><img loading=\"lazy\" decoding=\"async\" class=\"alignleft size-medium wp-image-3085\" src=\"http:\/\/laguiadepamplona.com\/actualidad\/wp-content\/uploads\/2014\/09\/palacio-condestable-civivox-300x225.jpg\" alt=\"palacio condestable-civivox\" width=\"300\" height=\"225\" \/><\/a>Esta tarde, en Condestable, se dar\u00e1 la bienvenida oficial a los participantes en el Congreso Internacional sobre Patrimonio Fortificado: Gesti\u00f3n y Desarrollo Sostenible\/ International Conference on Fortified Heritage: Management and Sustainable Development coincidiendo a la inauguraci\u00f3n oficial de \u2018Bastions \u2013 Fortalezas del Pirineo\u2019 (<a href=\"http:\/\/congress.fortiuspamplonabayonne.eu\/es\/\" target=\"_blank\">http:\/\/congress.fortiuspamplonabayonne.eu\/es\/<\/a>). Finalmente 150 asistentes podr\u00e1n disfrutar a lo largo de tres d\u00edas, en este edificio, de 90 intervenciones especializadas divididas en ponencias magistrales, mesas redondas con coloquio y comunicaciones.<\/p>\n<p>La primera jornada se dedica a \u201cEl monumento militar\u201d desde sus vertientes de conservaci\u00f3n y restauraci\u00f3n, historia y planes de gesti\u00f3n, hasta gobernanza y paisajismo. La ceremonia de apertura tendr\u00e1 lugar a las 10 horas a cargo de la presidenta del Gobierno de Navarra, <strong>Yolanda Barcina<\/strong>, el alcalde de Pamplona, <strong>Enrique Maya<\/strong> y el Teniente de Alcalde de Cultura del Ayuntamiento de Bayona, <strong>Ives Hugalde<\/strong>.<\/p>\n<p>La primera presentaci\u00f3n a cargo de <strong>Enrique Maya Miranda<\/strong>, alcalde de la ciudad, se centrar\u00e1 en los logros de Pamplona a trav\u00e9s del proyecto FORTIUS | Valorizaci\u00f3n tur\u00edstica y cultural del patrimonio fortificado de Pamplona y Bayona, una iniciativa que encara su recta final y en la que se enmarca tambi\u00e9n este congreso, dentro de la parte de divulgaci\u00f3n y puesta en valor del Patrimonio Fortificado. FORTIUS est\u00e1 subvencionado por la Uni\u00f3n Europea a trav\u00e9s de Programa Operativo Territorial Espa\u00f1a-Francia-Andorra (POCTEFA), que se gestiona en la Comunidad de Trabajo de los Pirineos (CTP).<\/p>\n<p><strong>Las sesiones t\u00e9cnicas de la ma\u00f1ana<\/strong><\/p>\n<p>Las sesiones te\u00f3ricas comenzar\u00e1n al las 11. 30 horas con la sesi\u00f3n magistral de <strong>Milagros Flores Rom\u00e1n<\/strong>. Flores es desde 2008 Presidenta de ICOFORT (Comit\u00e9 Internacional del ICOMOS sobre Fortificaciones y Patrimonio Militar) que, entre sus variadas funciones, tiene el brindar apoyo a la UNESCO\/ONU y su programa de Convenci\u00f3n de Patrimonio Mundial, en todo lo relacionado con el patrimonio militar. Su ponencia se centrar\u00e1, precisamente en la supervisi\u00f3n de este organismo internacional como uno de los elementos de preservaci\u00f3n patrimonial. Autora de diversos libros sobre las fortificaciones del Caribe y de C\u00e1diz, fue galardonada en 1998 con la Cruz Blanca del Merito Militar del Ejercito Espa\u00f1ol por el Ministerio de Defensa, por su \u201ccontribuci\u00f3n a la identificaci\u00f3n e inventario de documentos existentes en los archivos espa\u00f1oles relacionados con la Guerra Hispanoamericana\u201d.<\/p>\n<p>A las 12.30, en una estructura que se repetir\u00e1 todos los d\u00edas, llegar\u00e1 la primera mesa redonda del congreso, tras la que se establecer\u00e1 un coloquio. Bajo la coordinaci\u00f3n del miembro del Comit\u00e9 Cient\u00edfico del congreso, <strong>V\u00edctor Echarri<\/strong>, doctor arquitecto y profesor universitario, en la mesa participar\u00e1n <strong>Fernando Cobos Guerra<\/strong> (arquitecto y miembro de ICOFORT Espa\u00f1a), el portugu\u00e9s <strong>Joao Campos<\/strong> (arquitecto y miembro del Centro de Estudios Almeida de Arquitectura Militar); <strong>Salvador Moreno Peralta<\/strong> (arquitecto y redactor del PERI de Melilla la Vieja) y <strong>Mar\u00eda Cruz Villal\u00f3n<\/strong> (catedr\u00e1tica de Historia del Arte en la Universidad de Extremadura).<\/p>\n<p>Entre todos, usando sus experiencias profesionales en ciudades como M\u00e1laga, Melilla, M\u00e9rida y Badajoz, la zona del Alentejo portugu\u00e9s o Almeida, analizar\u00e1n la importancia real que para las ciudades tiene su Patrimonio Militar, consolidado, rehabilitado y en uso ciudadano. Tambi\u00e9n reparar\u00e1n los resultados de las experiencias de cooperaci\u00f3n transfronteriza en este \u00e1mbito, abordadas por Espa\u00f1a y Portugal. Adem\u00e1s har\u00e1n hincapi\u00e9 en que cient\u00edficamente las fortificaciones no deben ser consideradas aisladamente, sino como parte de un sistema defensivo y territorial en el que se integran, para recuperar ante la historia la imagen de lo que un d\u00eda fueron: motores del arte, la ciencia, la t\u00e9cnica, la ingenier\u00eda y en definitiva, la cultura.<\/p>\n<p><strong>La tarde: proyecto AT-FORT y el Patrimonio Fortificado en el paisaje<\/strong><\/p>\n<p>La tarde comenzar\u00e1 en el congreso, a las 15 horas, con la <em>master class<\/em> de <strong>Peter Ros<\/strong>, director del proyecto AT FORT (Atelier European Fortresses) como responsable del socio l\u00edder: Holanda. Este licenciado en Derecho y Geograf\u00eda Humana gestiona proyectos con socios de 11 pa\u00edses distintos, especialistas en financiaci\u00f3n de la Uni\u00f3n Europea. Ros, hablar\u00e1 de esos proyectos y los logros alcanzados.<\/p>\n<p>Tras la sesi\u00f3n magistral, a las 16 horas, llegar\u00e1 la segunda mesa redonda. El tema: la reutilizaci\u00f3n y sostenibilidad de las fortalezas y el paisajismo y la ordenaci\u00f3n del territorio, moderada por <strong>Juan Jos\u00e9 Pons Izquierdo<\/strong>, ge\u00f3grafo, doctor y profesor del a Universidad de Navarra. Los participantes ser\u00e1n <strong>Ana Luengo A\u00f1\u00f3n<\/strong> (arquitecta y presidenta de la Federaci\u00f3n Europea de Arquitectos Paisajistas); <strong>Juan<\/strong> <strong>Antonio Rodr\u00edguez-Villasante<\/strong> (Coronel de intendencia retirado y redactor de planes directores sobre patrimonio, dentro del Centro Internacional de Estudios de Fortificaci\u00f3n y Apoyo Logistico \u2013que dirige-). La tercera ponente ser\u00e1 la polaca <strong>Lidia Klupsz<\/strong> (arquitecta paisajista y fundadora y primera presidente de ICOFORT).<\/p>\n<p>La mesa se centrara en c\u00f3mo el concepto mundial de patrimonio, as\u00ed como los Convenios de Recomendaciones internacionales, han introducido en la definici\u00f3n, no solo valores inmateriales, sino tambi\u00e9n factores de cambio ligados el medio f\u00edsico. Desde ese punto de vista el paisaje, las vistas, el entorno pr\u00f3ximo de los sitios, pasa a ser relevante y forma parte de la valoraci\u00f3n y gesti\u00f3n del patrimonio fortificado. En muchos de los casos, el paisaje es el urbano. Las ciudades se encuentran con el reto de integrar, respetando el monumento.<\/p>\n<p><strong>Presentaci\u00f3n de comunicaciones y visita cultural<\/strong><\/p>\n<p>Entre las 17 y las 19 horas, tanto en la Sala de Conferencias, como en la llamada Sala de los Arquillos, tendr\u00e1 lugar la presentaci\u00f3n de ponencias cient\u00edficas, a raz\u00f3n de entre 7 y 10 minutos por interviniente. En los tres d\u00edas se presentar\u00e1n un total de 53, las aprobadas tras su revisi\u00f3n por los expertos que integran el Comit\u00e9 Cient\u00edfico del congreso.<\/p>\n<p>Por otra parte la tarde concluir\u00e1 con una visita cultural de los participantes en el congreso. La idea es dedicar una hora a recorrer algunos de los rincones del per\u00edmetro amurallado de la ciudad, para acabar en el Centro de Interpretaci\u00f3n de las Fortificaciones de Pamplona, donde est\u00e1 previsto que act\u00fae el cuarteto de cuerda Nebari.<\/p>\n<p>El programa de ma\u00f1ana 15 de octubre<\/p>\n<p>El programa actualizado de actividades previstas se encuentra en los enlaces <a href=\"http:\/\/congress.fortiuspamplonabayonne.eu\/es\/programa\/\" target=\"_blank\">http:\/\/congress.fortiuspamplonabayonne.eu\/es\/programa\/<\/a><\/p>\n<p>&nbsp;<\/p>\n","protected":false},"excerpt":{"rendered":"<p>El Proyecto Fortius como ejemplo de buena pr\u00e1ctica inaugura esta cita cient\u00edfica que se desarrollar\u00e1 en Pamplona hasta el 17 de octubre Esta tarde, en Condestable, se dar\u00e1 la bienvenida&#8230;<\/p>\n","protected":false},"author":1,"featured_media":3085,"comment_status":"open","ping_status":"open","sticky":false,"template":"","format":"standard","meta":{"footnotes":""},"categories":[2],"tags":[5,6,509,2866,441,645,2867,8,9,647,2868],"class_list":["post-3402","post","type-post","status-publish","format-standard","has-post-thumbnail","hentry","category-ayuntamiento-pamplona","tag-actualidad","tag-ayto-pamplona","tag-ayuntamiento-de-pamplona","tag-bastions-fortalezas-del-pirineo","tag-condestable","tag-congreso-internacional","tag-gestion-y-desarrollo","tag-noticias","tag-pamplona","tag-patrimonio-fortificado","tag-sostenible"],"yoast_head":"<!-- This site is optimized with the Yoast SEO plugin v27.5 - https:\/\/yoast.com\/product\/yoast-seo-wordpress\/ -->\n<title>El monumento militar, su integraci\u00f3n paisaj\u00edstica y la necesidad de un estudio cient\u00edfico de los sistemas defensivos, ejes del inicio del congreso internacional<\/title>\n<meta name=\"robots\" content=\"index, follow, max-snippet:-1, max-image-preview:large, max-video-preview:-1\" \/>\n<link rel=\"canonical\" href=\"https:\/\/www.laguiadepamplona.com\/actualidad\/el-monumento-militar-su-integracion-paisajistica-y-la-necesidad-de-un-estudio-cientifico-de-los-sistemas-defensivos-ejes-del-inicio-del-congreso-internacional\/\" \/>\n<meta property=\"og:locale\" content=\"es_ES\" \/>\n<meta property=\"og:type\" content=\"article\" \/>\n<meta property=\"og:title\" content=\"El monumento militar, su integraci\u00f3n paisaj\u00edstica y la necesidad de un estudio cient\u00edfico de los sistemas defensivos, ejes del inicio del congreso internacional\" \/>\n<meta property=\"og:description\" content=\"El Proyecto Fortius como ejemplo de buena pr\u00e1ctica inaugura esta cita cient\u00edfica que se desarrollar\u00e1 en Pamplona hasta el 17 de octubre Esta tarde, en Condestable, se dar\u00e1 la bienvenida...\" \/>\n<meta property=\"og:url\" content=\"https:\/\/www.laguiadepamplona.com\/actualidad\/el-monumento-militar-su-integracion-paisajistica-y-la-necesidad-de-un-estudio-cientifico-de-los-sistemas-defensivos-ejes-del-inicio-del-congreso-internacional\/\" \/>\n<meta property=\"og:site_name\" content=\"La Gu\u00eda de Pamplona\" \/>\n<meta property=\"article:publisher\" content=\"https:\/\/www.facebook.com\/laguiadepamplonacom-133175176762273\/?ref=hl\" \/>\n<meta property=\"article:published_time\" content=\"2014-10-14T12:15:26+00:00\" \/>\n<meta name=\"author\" content=\"La Gu\u00eda de Pamplona\" \/>\n<meta name=\"twitter:card\" content=\"summary_large_image\" \/>\n<meta name=\"twitter:creator\" content=\"@LaGuiadPamplona\" \/>\n<meta name=\"twitter:site\" content=\"@LaGuiadPamplona\" \/>\n<meta name=\"twitter:label1\" content=\"Escrito por\" \/>\n\t<meta name=\"twitter:data1\" content=\"La Gu\u00eda de Pamplona\" \/>\n\t<meta name=\"twitter:label2\" content=\"Tiempo de lectura\" \/>\n\t<meta name=\"twitter:data2\" content=\"5 minutos\" \/>\n<script type=\"application\/ld+json\" class=\"yoast-schema-graph\">{\"@context\":\"https:\\\/\\\/schema.org\",\"@graph\":[{\"@type\":\"Article\",\"@id\":\"https:\\\/\\\/www.laguiadepamplona.com\\\/actualidad\\\/el-monumento-militar-su-integracion-paisajistica-y-la-necesidad-de-un-estudio-cientifico-de-los-sistemas-defensivos-ejes-del-inicio-del-congreso-internacional\\\/#article\",\"isPartOf\":{\"@id\":\"https:\\\/\\\/www.laguiadepamplona.com\\\/actualidad\\\/el-monumento-militar-su-integracion-paisajistica-y-la-necesidad-de-un-estudio-cientifico-de-los-sistemas-defensivos-ejes-del-inicio-del-congreso-internacional\\\/\"},\"author\":{\"name\":\"La Gu\u00eda de Pamplona\",\"@id\":\"https:\\\/\\\/www.laguiadepamplona.com\\\/actualidad\\\/#\\\/schema\\\/person\\\/efe887376f0213d4657c93adc50b1fdb\"},\"headline\":\"El monumento militar, su integraci\u00f3n paisaj\u00edstica y la necesidad de un estudio cient\u00edfico de los sistemas defensivos, ejes del inicio del congreso internacional\",\"datePublished\":\"2014-10-14T12:15:26+00:00\",\"mainEntityOfPage\":{\"@id\":\"https:\\\/\\\/www.laguiadepamplona.com\\\/actualidad\\\/el-monumento-militar-su-integracion-paisajistica-y-la-necesidad-de-un-estudio-cientifico-de-los-sistemas-defensivos-ejes-del-inicio-del-congreso-internacional\\\/\"},\"wordCount\":1114,\"commentCount\":0,\"publisher\":{\"@id\":\"https:\\\/\\\/www.laguiadepamplona.com\\\/actualidad\\\/#organization\"},\"image\":{\"@id\":\"https:\\\/\\\/www.laguiadepamplona.com\\\/actualidad\\\/el-monumento-militar-su-integracion-paisajistica-y-la-necesidad-de-un-estudio-cientifico-de-los-sistemas-defensivos-ejes-del-inicio-del-congreso-internacional\\\/#primaryimage\"},\"thumbnailUrl\":\"\",\"keywords\":[\"actualidad\",\"ayto pamplona\",\"Ayuntamiento de Pamplona\",\"Bastions \u2013 Fortalezas del Pirineo\",\"Condestable\",\"Congreso Internacional\",\"gesti\u00f3n y desarrollo\",\"noticias\",\"pamplona\",\"Patrimonio Fortificado\",\"sostenible\"],\"articleSection\":[\"Ayto Pamplona\"],\"inLanguage\":\"es\",\"potentialAction\":[{\"@type\":\"CommentAction\",\"name\":\"Comment\",\"target\":[\"https:\\\/\\\/www.laguiadepamplona.com\\\/actualidad\\\/el-monumento-militar-su-integracion-paisajistica-y-la-necesidad-de-un-estudio-cientifico-de-los-sistemas-defensivos-ejes-del-inicio-del-congreso-internacional\\\/#respond\"]}]},{\"@type\":\"WebPage\",\"@id\":\"https:\\\/\\\/www.laguiadepamplona.com\\\/actualidad\\\/el-monumento-militar-su-integracion-paisajistica-y-la-necesidad-de-un-estudio-cientifico-de-los-sistemas-defensivos-ejes-del-inicio-del-congreso-internacional\\\/\",\"url\":\"https:\\\/\\\/www.laguiadepamplona.com\\\/actualidad\\\/el-monumento-militar-su-integracion-paisajistica-y-la-necesidad-de-un-estudio-cientifico-de-los-sistemas-defensivos-ejes-del-inicio-del-congreso-internacional\\\/\",\"name\":\"El monumento militar, su integraci\u00f3n paisaj\u00edstica y la necesidad de un estudio cient\u00edfico de los sistemas defensivos, ejes del inicio del congreso internacional\",\"isPartOf\":{\"@id\":\"https:\\\/\\\/www.laguiadepamplona.com\\\/actualidad\\\/#website\"},\"primaryImageOfPage\":{\"@id\":\"https:\\\/\\\/www.laguiadepamplona.com\\\/actualidad\\\/el-monumento-militar-su-integracion-paisajistica-y-la-necesidad-de-un-estudio-cientifico-de-los-sistemas-defensivos-ejes-del-inicio-del-congreso-internacional\\\/#primaryimage\"},\"image\":{\"@id\":\"https:\\\/\\\/www.laguiadepamplona.com\\\/actualidad\\\/el-monumento-militar-su-integracion-paisajistica-y-la-necesidad-de-un-estudio-cientifico-de-los-sistemas-defensivos-ejes-del-inicio-del-congreso-internacional\\\/#primaryimage\"},\"thumbnailUrl\":\"\",\"datePublished\":\"2014-10-14T12:15:26+00:00\",\"breadcrumb\":{\"@id\":\"https:\\\/\\\/www.laguiadepamplona.com\\\/actualidad\\\/el-monumento-militar-su-integracion-paisajistica-y-la-necesidad-de-un-estudio-cientifico-de-los-sistemas-defensivos-ejes-del-inicio-del-congreso-internacional\\\/#breadcrumb\"},\"inLanguage\":\"es\",\"potentialAction\":[{\"@type\":\"ReadAction\",\"target\":[\"https:\\\/\\\/www.laguiadepamplona.com\\\/actualidad\\\/el-monumento-militar-su-integracion-paisajistica-y-la-necesidad-de-un-estudio-cientifico-de-los-sistemas-defensivos-ejes-del-inicio-del-congreso-internacional\\\/\"]}]},{\"@type\":\"ImageObject\",\"inLanguage\":\"es\",\"@id\":\"https:\\\/\\\/www.laguiadepamplona.com\\\/actualidad\\\/el-monumento-militar-su-integracion-paisajistica-y-la-necesidad-de-un-estudio-cientifico-de-los-sistemas-defensivos-ejes-del-inicio-del-congreso-internacional\\\/#primaryimage\",\"url\":\"\",\"contentUrl\":\"\"},{\"@type\":\"BreadcrumbList\",\"@id\":\"https:\\\/\\\/www.laguiadepamplona.com\\\/actualidad\\\/el-monumento-militar-su-integracion-paisajistica-y-la-necesidad-de-un-estudio-cientifico-de-los-sistemas-defensivos-ejes-del-inicio-del-congreso-internacional\\\/#breadcrumb\",\"itemListElement\":[{\"@type\":\"ListItem\",\"position\":1,\"name\":\"Portada\",\"item\":\"https:\\\/\\\/www.laguiadepamplona.com\\\/actualidad\\\/\"},{\"@type\":\"ListItem\",\"position\":2,\"name\":\"El monumento militar, su integraci\u00f3n paisaj\u00edstica y la necesidad de un estudio cient\u00edfico de los sistemas defensivos, ejes del inicio del congreso internacional\"}]},{\"@type\":\"WebSite\",\"@id\":\"https:\\\/\\\/www.laguiadepamplona.com\\\/actualidad\\\/#website\",\"url\":\"https:\\\/\\\/www.laguiadepamplona.com\\\/actualidad\\\/\",\"name\":\"La gu\u00eda de Pamplona\",\"description\":\"Noticias de Pamplona\",\"publisher\":{\"@id\":\"https:\\\/\\\/www.laguiadepamplona.com\\\/actualidad\\\/#organization\"},\"potentialAction\":[{\"@type\":\"SearchAction\",\"target\":{\"@type\":\"EntryPoint\",\"urlTemplate\":\"https:\\\/\\\/www.laguiadepamplona.com\\\/actualidad\\\/?s={search_term_string}\"},\"query-input\":{\"@type\":\"PropertyValueSpecification\",\"valueRequired\":true,\"valueName\":\"search_term_string\"}}],\"inLanguage\":\"es\"},{\"@type\":\"Organization\",\"@id\":\"https:\\\/\\\/www.laguiadepamplona.com\\\/actualidad\\\/#organization\",\"name\":\"La Gu\u00eda de Pamplona \\\/ Noticias\",\"url\":\"https:\\\/\\\/www.laguiadepamplona.com\\\/actualidad\\\/\",\"logo\":{\"@type\":\"ImageObject\",\"inLanguage\":\"es\",\"@id\":\"https:\\\/\\\/www.laguiadepamplona.com\\\/actualidad\\\/#\\\/schema\\\/logo\\\/image\\\/\",\"url\":\"https:\\\/\\\/www.laguiadepamplona.com\\\/actualidad\\\/wp-content\\\/uploads\\\/2018\\\/11\\\/logo-laguiadepamplona18-web1.png\",\"contentUrl\":\"https:\\\/\\\/www.laguiadepamplona.com\\\/actualidad\\\/wp-content\\\/uploads\\\/2018\\\/11\\\/logo-laguiadepamplona18-web1.png\",\"width\":600,\"height\":196,\"caption\":\"La Gu\u00eda de Pamplona \\\/ Noticias\"},\"image\":{\"@id\":\"https:\\\/\\\/www.laguiadepamplona.com\\\/actualidad\\\/#\\\/schema\\\/logo\\\/image\\\/\"},\"sameAs\":[\"https:\\\/\\\/www.facebook.com\\\/laguiadepamplonacom-133175176762273\\\/?ref=hl\",\"https:\\\/\\\/x.com\\\/LaGuiadPamplona\",\"https:\\\/\\\/www.instagram.com\\\/la_guia_de_pamplona\\\/\",\"https:\\\/\\\/www.youtube.com\\\/user\\\/laguiadepamplona\"]},{\"@type\":\"Person\",\"@id\":\"https:\\\/\\\/www.laguiadepamplona.com\\\/actualidad\\\/#\\\/schema\\\/person\\\/efe887376f0213d4657c93adc50b1fdb\",\"name\":\"La Gu\u00eda de Pamplona\",\"image\":{\"@type\":\"ImageObject\",\"inLanguage\":\"es\",\"@id\":\"https:\\\/\\\/secure.gravatar.com\\\/avatar\\\/b6992f131dc8d30ab0dff15446e9d346d9dbd95992de0fef795073f5ea83a81c?s=96&d=mm&r=g\",\"url\":\"https:\\\/\\\/secure.gravatar.com\\\/avatar\\\/b6992f131dc8d30ab0dff15446e9d346d9dbd95992de0fef795073f5ea83a81c?s=96&d=mm&r=g\",\"contentUrl\":\"https:\\\/\\\/secure.gravatar.com\\\/avatar\\\/b6992f131dc8d30ab0dff15446e9d346d9dbd95992de0fef795073f5ea83a81c?s=96&d=mm&r=g\",\"caption\":\"La Gu\u00eda de Pamplona\"}}]}<\/script>\n<!-- \/ Yoast SEO plugin. -->","yoast_head_json":{"title":"El monumento militar, su integraci\u00f3n paisaj\u00edstica y la necesidad de un estudio cient\u00edfico de los sistemas defensivos, ejes del inicio del congreso internacional","robots":{"index":"index","follow":"follow","max-snippet":"max-snippet:-1","max-image-preview":"max-image-preview:large","max-video-preview":"max-video-preview:-1"},"canonical":"https:\/\/www.laguiadepamplona.com\/actualidad\/el-monumento-militar-su-integracion-paisajistica-y-la-necesidad-de-un-estudio-cientifico-de-los-sistemas-defensivos-ejes-del-inicio-del-congreso-internacional\/","og_locale":"es_ES","og_type":"article","og_title":"El monumento militar, su integraci\u00f3n paisaj\u00edstica y la necesidad de un estudio cient\u00edfico de los sistemas defensivos, ejes del inicio del congreso internacional","og_description":"El Proyecto Fortius como ejemplo de buena pr\u00e1ctica inaugura esta cita cient\u00edfica que se desarrollar\u00e1 en Pamplona hasta el 17 de octubre Esta tarde, en Condestable, se dar\u00e1 la bienvenida...","og_url":"https:\/\/www.laguiadepamplona.com\/actualidad\/el-monumento-militar-su-integracion-paisajistica-y-la-necesidad-de-un-estudio-cientifico-de-los-sistemas-defensivos-ejes-del-inicio-del-congreso-internacional\/","og_site_name":"La Gu\u00eda de Pamplona","article_publisher":"https:\/\/www.facebook.com\/laguiadepamplonacom-133175176762273\/?ref=hl","article_published_time":"2014-10-14T12:15:26+00:00","author":"La Gu\u00eda de Pamplona","twitter_card":"summary_large_image","twitter_creator":"@LaGuiadPamplona","twitter_site":"@LaGuiadPamplona","twitter_misc":{"Escrito por":"La Gu\u00eda de Pamplona","Tiempo de lectura":"5 minutos"},"schema":{"@context":"https:\/\/schema.org","@graph":[{"@type":"Article","@id":"https:\/\/www.laguiadepamplona.com\/actualidad\/el-monumento-militar-su-integracion-paisajistica-y-la-necesidad-de-un-estudio-cientifico-de-los-sistemas-defensivos-ejes-del-inicio-del-congreso-internacional\/#article","isPartOf":{"@id":"https:\/\/www.laguiadepamplona.com\/actualidad\/el-monumento-militar-su-integracion-paisajistica-y-la-necesidad-de-un-estudio-cientifico-de-los-sistemas-defensivos-ejes-del-inicio-del-congreso-internacional\/"},"author":{"name":"La Gu\u00eda de Pamplona","@id":"https:\/\/www.laguiadepamplona.com\/actualidad\/#\/schema\/person\/efe887376f0213d4657c93adc50b1fdb"},"headline":"El monumento militar, su integraci\u00f3n paisaj\u00edstica y la necesidad de un estudio cient\u00edfico de los sistemas defensivos, ejes del inicio del congreso internacional","datePublished":"2014-10-14T12:15:26+00:00","mainEntityOfPage":{"@id":"https:\/\/www.laguiadepamplona.com\/actualidad\/el-monumento-militar-su-integracion-paisajistica-y-la-necesidad-de-un-estudio-cientifico-de-los-sistemas-defensivos-ejes-del-inicio-del-congreso-internacional\/"},"wordCount":1114,"commentCount":0,"publisher":{"@id":"https:\/\/www.laguiadepamplona.com\/actualidad\/#organization"},"image":{"@id":"https:\/\/www.laguiadepamplona.com\/actualidad\/el-monumento-militar-su-integracion-paisajistica-y-la-necesidad-de-un-estudio-cientifico-de-los-sistemas-defensivos-ejes-del-inicio-del-congreso-internacional\/#primaryimage"},"thumbnailUrl":"","keywords":["actualidad","ayto pamplona","Ayuntamiento de Pamplona","Bastions \u2013 Fortalezas del Pirineo","Condestable","Congreso Internacional","gesti\u00f3n y desarrollo","noticias","pamplona","Patrimonio Fortificado","sostenible"],"articleSection":["Ayto Pamplona"],"inLanguage":"es","potentialAction":[{"@type":"CommentAction","name":"Comment","target":["https:\/\/www.laguiadepamplona.com\/actualidad\/el-monumento-militar-su-integracion-paisajistica-y-la-necesidad-de-un-estudio-cientifico-de-los-sistemas-defensivos-ejes-del-inicio-del-congreso-internacional\/#respond"]}]},{"@type":"WebPage","@id":"https:\/\/www.laguiadepamplona.com\/actualidad\/el-monumento-militar-su-integracion-paisajistica-y-la-necesidad-de-un-estudio-cientifico-de-los-sistemas-defensivos-ejes-del-inicio-del-congreso-internacional\/","url":"https:\/\/www.laguiadepamplona.com\/actualidad\/el-monumento-militar-su-integracion-paisajistica-y-la-necesidad-de-un-estudio-cientifico-de-los-sistemas-defensivos-ejes-del-inicio-del-congreso-internacional\/","name":"El monumento militar, su integraci\u00f3n paisaj\u00edstica y la necesidad de un estudio cient\u00edfico de los sistemas defensivos, ejes del inicio del congreso internacional","isPartOf":{"@id":"https:\/\/www.laguiadepamplona.com\/actualidad\/#website"},"primaryImageOfPage":{"@id":"https:\/\/www.laguiadepamplona.com\/actualidad\/el-monumento-militar-su-integracion-paisajistica-y-la-necesidad-de-un-estudio-cientifico-de-los-sistemas-defensivos-ejes-del-inicio-del-congreso-internacional\/#primaryimage"},"image":{"@id":"https:\/\/www.laguiadepamplona.com\/actualidad\/el-monumento-militar-su-integracion-paisajistica-y-la-necesidad-de-un-estudio-cientifico-de-los-sistemas-defensivos-ejes-del-inicio-del-congreso-internacional\/#primaryimage"},"thumbnailUrl":"","datePublished":"2014-10-14T12:15:26+00:00","breadcrumb":{"@id":"https:\/\/www.laguiadepamplona.com\/actualidad\/el-monumento-militar-su-integracion-paisajistica-y-la-necesidad-de-un-estudio-cientifico-de-los-sistemas-defensivos-ejes-del-inicio-del-congreso-internacional\/#breadcrumb"},"inLanguage":"es","potentialAction":[{"@type":"ReadAction","target":["https:\/\/www.laguiadepamplona.com\/actualidad\/el-monumento-militar-su-integracion-paisajistica-y-la-necesidad-de-un-estudio-cientifico-de-los-sistemas-defensivos-ejes-del-inicio-del-congreso-internacional\/"]}]},{"@type":"ImageObject","inLanguage":"es","@id":"https:\/\/www.laguiadepamplona.com\/actualidad\/el-monumento-militar-su-integracion-paisajistica-y-la-necesidad-de-un-estudio-cientifico-de-los-sistemas-defensivos-ejes-del-inicio-del-congreso-internacional\/#primaryimage","url":"","contentUrl":""},{"@type":"BreadcrumbList","@id":"https:\/\/www.laguiadepamplona.com\/actualidad\/el-monumento-militar-su-integracion-paisajistica-y-la-necesidad-de-un-estudio-cientifico-de-los-sistemas-defensivos-ejes-del-inicio-del-congreso-internacional\/#breadcrumb","itemListElement":[{"@type":"ListItem","position":1,"name":"Portada","item":"https:\/\/www.laguiadepamplona.com\/actualidad\/"},{"@type":"ListItem","position":2,"name":"El monumento militar, su integraci\u00f3n paisaj\u00edstica y la necesidad de un estudio cient\u00edfico de los sistemas defensivos, ejes del inicio del congreso internacional"}]},{"@type":"WebSite","@id":"https:\/\/www.laguiadepamplona.com\/actualidad\/#website","url":"https:\/\/www.laguiadepamplona.com\/actualidad\/","name":"La gu\u00eda de Pamplona","description":"Noticias de Pamplona","publisher":{"@id":"https:\/\/www.laguiadepamplona.com\/actualidad\/#organization"},"potentialAction":[{"@type":"SearchAction","target":{"@type":"EntryPoint","urlTemplate":"https:\/\/www.laguiadepamplona.com\/actualidad\/?s={search_term_string}"},"query-input":{"@type":"PropertyValueSpecification","valueRequired":true,"valueName":"search_term_string"}}],"inLanguage":"es"},{"@type":"Organization","@id":"https:\/\/www.laguiadepamplona.com\/actualidad\/#organization","name":"La Gu\u00eda de Pamplona \/ Noticias","url":"https:\/\/www.laguiadepamplona.com\/actualidad\/","logo":{"@type":"ImageObject","inLanguage":"es","@id":"https:\/\/www.laguiadepamplona.com\/actualidad\/#\/schema\/logo\/image\/","url":"https:\/\/www.laguiadepamplona.com\/actualidad\/wp-content\/uploads\/2018\/11\/logo-laguiadepamplona18-web1.png","contentUrl":"https:\/\/www.laguiadepamplona.com\/actualidad\/wp-content\/uploads\/2018\/11\/logo-laguiadepamplona18-web1.png","width":600,"height":196,"caption":"La Gu\u00eda de Pamplona \/ Noticias"},"image":{"@id":"https:\/\/www.laguiadepamplona.com\/actualidad\/#\/schema\/logo\/image\/"},"sameAs":["https:\/\/www.facebook.com\/laguiadepamplonacom-133175176762273\/?ref=hl","https:\/\/x.com\/LaGuiadPamplona","https:\/\/www.instagram.com\/la_guia_de_pamplona\/","https:\/\/www.youtube.com\/user\/laguiadepamplona"]},{"@type":"Person","@id":"https:\/\/www.laguiadepamplona.com\/actualidad\/#\/schema\/person\/efe887376f0213d4657c93adc50b1fdb","name":"La Gu\u00eda de Pamplona","image":{"@type":"ImageObject","inLanguage":"es","@id":"https:\/\/secure.gravatar.com\/avatar\/b6992f131dc8d30ab0dff15446e9d346d9dbd95992de0fef795073f5ea83a81c?s=96&d=mm&r=g","url":"https:\/\/secure.gravatar.com\/avatar\/b6992f131dc8d30ab0dff15446e9d346d9dbd95992de0fef795073f5ea83a81c?s=96&d=mm&r=g","contentUrl":"https:\/\/secure.gravatar.com\/avatar\/b6992f131dc8d30ab0dff15446e9d346d9dbd95992de0fef795073f5ea83a81c?s=96&d=mm&r=g","caption":"La Gu\u00eda de Pamplona"}}]}},"post_mailing_queue_ids":[],"_links":{"self":[{"href":"https:\/\/www.laguiadepamplona.com\/actualidad\/wp-json\/wp\/v2\/posts\/3402","targetHints":{"allow":["GET"]}}],"collection":[{"href":"https:\/\/www.laguiadepamplona.com\/actualidad\/wp-json\/wp\/v2\/posts"}],"about":[{"href":"https:\/\/www.laguiadepamplona.com\/actualidad\/wp-json\/wp\/v2\/types\/post"}],"author":[{"embeddable":true,"href":"https:\/\/www.laguiadepamplona.com\/actualidad\/wp-json\/wp\/v2\/users\/1"}],"replies":[{"embeddable":true,"href":"https:\/\/www.laguiadepamplona.com\/actualidad\/wp-json\/wp\/v2\/comments?post=3402"}],"version-history":[{"count":0,"href":"https:\/\/www.laguiadepamplona.com\/actualidad\/wp-json\/wp\/v2\/posts\/3402\/revisions"}],"wp:featuredmedia":[{"embeddable":true,"href":"https:\/\/www.laguiadepamplona.com\/actualidad\/wp-json\/"}],"wp:attachment":[{"href":"https:\/\/www.laguiadepamplona.com\/actualidad\/wp-json\/wp\/v2\/media?parent=3402"}],"wp:term":[{"taxonomy":"category","embeddable":true,"href":"https:\/\/www.laguiadepamplona.com\/actualidad\/wp-json\/wp\/v2\/categories?post=3402"},{"taxonomy":"post_tag","embeddable":true,"href":"https:\/\/www.laguiadepamplona.com\/actualidad\/wp-json\/wp\/v2\/tags?post=3402"}],"curies":[{"name":"wp","href":"https:\/\/api.w.org\/{rel}","templated":true}]}}