{"id":3319,"date":"2014-10-07T13:01:20","date_gmt":"2014-10-07T11:01:20","guid":{"rendered":"http:\/\/laguiadepamplona.com\/actualidad\/?p=3319"},"modified":"2014-10-07T13:01:20","modified_gmt":"2014-10-07T11:01:20","slug":"el-debate-internacional-sobre-las-buenas-practicas-de-las-ciudades-en-sus-fortificaciones-militares-se-trasladara-a-pamplona-la-semana-que-viene","status":"publish","type":"post","link":"https:\/\/www.laguiadepamplona.com\/actualidad\/el-debate-internacional-sobre-las-buenas-practicas-de-las-ciudades-en-sus-fortificaciones-militares-se-trasladara-a-pamplona-la-semana-que-viene\/","title":{"rendered":"El debate internacional sobre las buenas pr\u00e1cticas de las ciudades en sus fortificaciones militares se trasladar\u00e1 a Pamplona la semana que viene"},"content":{"rendered":"<h4>Estudiosos, investigadores, asociaciones y fundaciones, entre otros, abordar\u00e1n la oportunidad que este patrimonio supone para las ciudades<\/h4>\n<p><a href=\"http:\/\/laguiadepamplona.com\/actualidad\/wp-content\/uploads\/2014\/09\/palacio-condestable-civivox.jpg\"><img loading=\"lazy\" decoding=\"async\" class=\"alignleft size-medium wp-image-3085\" src=\"http:\/\/laguiadepamplona.com\/actualidad\/wp-content\/uploads\/2014\/09\/palacio-condestable-civivox-300x225.jpg\" alt=\"palacio condestable-civivox\" width=\"300\" height=\"225\" \/><\/a>El pr\u00f3ximo mi\u00e9rcoles comenzar\u00e1 en el Palacio del Condestable el Congreso Internacional sobre Patrimonio Fortificado: Gesti\u00f3n y Desarrollo Sostenible\/ International Conference on Fortified Heritage: Management and Sustainable Development (<a href=\"http:\/\/congress.fortiuspamplonabayonne.eu\/es\/\" target=\"_blank\">http:\/\/congress.fortiuspamplonabayonne.eu\/es\/<\/a>). Un total de 90 intervenciones especializadas divididas en ponencias magistrales, mesas redondas con coloquio y comunicaciones, servir\u00e1n de marco conceptual para que, alrededor de 150 asistentes, debatan la pr\u00f3xima semana en Pamplona sobre el patrimonio militar como oportunidad de futuro (econ\u00f3mica, cultural, tur\u00edstica, pedag\u00f3gica, etc.) para las ciudades de las que forma parte como una se\u00f1a de identidad.<\/p>\n<p>Entre el 15 y el 17 de octubre Pamplona ser\u00e1 sede de un debate en el que habr\u00e1 representaci\u00f3n de 21 pa\u00edses y en el que se combinar\u00e1n ponencias magistrales (6), mesas redondas (6) y comunicaciones de investigadores (53). Los participantes podr\u00e1n, adem\u00e1s, conocer espacios emblem\u00e1ticos de la ciudad, como el Centro de Interpretaci\u00f3n de las Fortificaciones de Pamplona o la Ciudadela.<\/p>\n<p>El alcalde de Pamplona, Enrique Maya, y el gerente de Consistorio y coordinador del proyecto FORTIUS, Jos\u00e9 Vicente Valdenebro, han presentado esta ma\u00f1ana los ponentes y contenidos de una cita cient\u00edfica que pretende, adem\u00e1s, servir de espacio de networking en el que se proceder\u00e1 a la divulgaci\u00f3n y an\u00e1lisis de buenas pr\u00e1cticas con personas e instituciones que tienen las mismas oportunidades que Pamplona de convertir construcciones defensivas, a menudo olvidadas y descuidadas, en focos dinamizadores de la vida de la ciudad.<\/p>\n<p>Este congreso se realiza dentro del proyecto FORTIUS | Valorizaci\u00f3n tur\u00edstica y cultural del patrimonio fortificado de Pamplona y Bayona, por lo que est\u00e1 subvencionado por la Uni\u00f3n Europea a trav\u00e9s de Programa Operativo Territorial Espa\u00f1a-Francia-Andorra (POCTEFA), que se gestiona en la Comunidad de Trabajo de los Pirineos (CTP).<\/p>\n<p><strong>Un amplio espectro de puntos de vista<\/strong><\/p>\n<p>Entre las autoridades cient\u00edficas que estar\u00e1n presentes est\u00e1 ya confirmada la participaci\u00f3n de seis ponentes principales: Milagros Flores (presidenta de ICOFORT), William Clements (presidente del Fortress Study Group), Hans Rudolf Neumann (Vicepresidente ECCOFORT) y Peter Ros (director del Proyecto AT FUERTE), Tamara Blanes (ICOFORT Cuba) y Nicolas Faucherre (profesor de la Universidad de Marsella, Francia). Todos ellos conocen la primera mano el resultado ventajoso para las ciudades que puede tener la apuesta sobre el patrimonio fortificado como resultado de su restauraci\u00f3n y de la incorporaci\u00f3n de mejoras funcionales en materia de vivienda, dotaciones y accesibilidad.<\/p>\n<p>Entre las instituciones, fundaciones o universidades con representantes en las seis mesas redondas del congreso estar\u00e1n la Federaci\u00f3n Internacional de Arquitectos paisajistas, ICOMOS, ICOFORT, ECCOFORT, el Plan Nacional de Arquitectura defensiva del Ministerio de Educaci\u00f3n Cultura y Deporte, Fortress Study Group, Arma Plaza Fundazioa, Les Fortaleses Catalanes, Hispania Nostra, Fundaci\u00f3n Hospital Isla del Rey (Menorca), Asociaci\u00f3n Espa\u00f1ola de Amigos de los Castillos o Asociaci\u00f3n Nationale des Villes et Pays d&#8217;Art et d&#8217;Histoire y Villes et \u00e0 secteurs Sauvegard\u00e9s protegidos, entre otros.<\/p>\n<p>Las cifras del encuentro se siguen desgranando en 93 inscritos (de Alemania, Argelia, Colombia, Espa\u00f1a, Estados Unidos, Francia, Italia, M\u00e9xico, Polonia, Portugal, Reino Unido, Serbia, Turqu\u00eda, etc.); 42 ponentes y 15 integrantes de los comit\u00e9s Cient\u00edfico y T\u00e9cnico del congreso. En estos tres d\u00edas, presentar\u00e1n en varias sesiones simult\u00e1neas de 90 minutos, se presentar\u00e1n 53 ponencias cient\u00edficas, las aprobadas tras su revisi\u00f3n por los expertos que integran el Comit\u00e9 Cient\u00edfico del congreso.<\/p>\n<p><strong>Un an\u00e1lisis de oportunidades y fortalezas<\/strong><\/p>\n<p>En el congreso se abordar\u00e1n contenidos que van desde las metodolog\u00edas de restauraci\u00f3n y conservaci\u00f3n hasta el impacto econ\u00f3mico y social de la conservaci\u00f3n o la oportunidad que representan los monumentos militares en diferentes sectores de las ciudades como son el tur\u00edstico y socio-cultural.<\/p>\n<p>Los ejes conductores del an\u00e1lisis ser\u00e1n tres, coincidiendo con cada una de las jornadas: \u201cEl monumento militar\u201d (conservaci\u00f3n y restauraci\u00f3n, planes de gesti\u00f3n y gobernanza, seguridad y accesibilidad); \u201cEl monumento y su escala urbana\u201d (reutilizaci\u00f3n de las fortificaciones y sostenibilidad social y econ\u00f3mica, paisajismo, mantenimiento y ordenaci\u00f3n del territorio en torno al patrimonio militar) y \u201cEl monumento como oportunidad\u201d (financiaci\u00f3n, trabajo de fundaciones y voluntariado, comunicaci\u00f3n, marketing y branding y valorizaci\u00f3n educativa, cultural y tur\u00edstica).<\/p>\n<p>El programa de actividades previstas, a falta de los \u00faltimos retoques, puede visitarse en <a href=\"http:\/\/congress.fortiuspamplonabayonne.eu\/es\/\" target=\"_blank\">http:\/\/congress.fortiuspamplonabayonne.eu\/es\/<\/a>. Habr\u00e1 un espacio especial en este encuentro para lo relativo a la cooperaci\u00f3n entre diferentes ciudades y pa\u00edses en el \u00e1mbito del Patrimonio Fortificado, del que es ejemplo del proyecto Fortius. Este proyecto de trabajo, integrado por Pamplona y Bayona, est\u00e1 siendo una oportunidad de compartir conocimientos y experiencias y emprender acciones conjuntas de valorizaci\u00f3n y promoci\u00f3n destinadas a amplificar el potencial de su patrimonio. Los participantes tendr\u00e1n un programa de visitas en el que, adem\u00e1s de recorridos generales a la ciudad, contempla la visita a espacios fortificados emblem\u00e1ticos como son la Ciudadela, el conjunto de murallas y el Centro de Interpretaci\u00f3n de las Fortificaciones de Pamplona.<\/p>\n<p>&nbsp;<\/p>\n","protected":false},"excerpt":{"rendered":"<p>Estudiosos, investigadores, asociaciones y fundaciones, entre otros, abordar\u00e1n la oportunidad que este patrimonio supone para las ciudades El pr\u00f3ximo mi\u00e9rcoles comenzar\u00e1 en el Palacio del Condestable el Congreso Internacional sobre&#8230;<\/p>\n","protected":false},"author":1,"featured_media":3085,"comment_status":"closed","ping_status":"open","sticky":false,"template":"","format":"standard","meta":{"footnotes":""},"categories":[2],"tags":[5,6,509,645,2791,1612,2792,2793,8,9,647],"class_list":["post-3319","post","type-post","status-publish","format-standard","has-post-thumbnail","hentry","category-ayuntamiento-pamplona","tag-actualidad","tag-ayto-pamplona","tag-ayuntamiento-de-pamplona","tag-congreso-internacional","tag-debate-internacional","tag-fortificaciones","tag-gestion-y-desarrollo-sostenible","tag-militares","tag-noticias","tag-pamplona","tag-patrimonio-fortificado"],"yoast_head":"<!-- This site is optimized with the Yoast SEO plugin v27.5 - https:\/\/yoast.com\/product\/yoast-seo-wordpress\/ -->\n<title>El debate internacional sobre las buenas pr\u00e1cticas de las ciudades en sus fortificaciones militares se trasladar\u00e1 a Pamplona la semana que viene<\/title>\n<meta name=\"robots\" content=\"index, follow, max-snippet:-1, max-image-preview:large, max-video-preview:-1\" \/>\n<link rel=\"canonical\" href=\"https:\/\/www.laguiadepamplona.com\/actualidad\/el-debate-internacional-sobre-las-buenas-practicas-de-las-ciudades-en-sus-fortificaciones-militares-se-trasladara-a-pamplona-la-semana-que-viene\/\" \/>\n<meta property=\"og:locale\" content=\"es_ES\" \/>\n<meta property=\"og:type\" content=\"article\" \/>\n<meta property=\"og:title\" content=\"El debate internacional sobre las buenas pr\u00e1cticas de las ciudades en sus fortificaciones militares se trasladar\u00e1 a Pamplona la semana que viene\" \/>\n<meta property=\"og:description\" content=\"Estudiosos, investigadores, asociaciones y fundaciones, entre otros, abordar\u00e1n la oportunidad que este patrimonio supone para las ciudades El pr\u00f3ximo mi\u00e9rcoles comenzar\u00e1 en el Palacio del Condestable el Congreso Internacional sobre...\" \/>\n<meta property=\"og:url\" content=\"https:\/\/www.laguiadepamplona.com\/actualidad\/el-debate-internacional-sobre-las-buenas-practicas-de-las-ciudades-en-sus-fortificaciones-militares-se-trasladara-a-pamplona-la-semana-que-viene\/\" \/>\n<meta property=\"og:site_name\" content=\"La Gu\u00eda de Pamplona\" \/>\n<meta property=\"article:publisher\" content=\"https:\/\/www.facebook.com\/laguiadepamplonacom-133175176762273\/?ref=hl\" \/>\n<meta property=\"article:published_time\" content=\"2014-10-07T11:01:20+00:00\" \/>\n<meta name=\"author\" content=\"La Gu\u00eda de Pamplona\" \/>\n<meta name=\"twitter:card\" content=\"summary_large_image\" \/>\n<meta name=\"twitter:creator\" content=\"@LaGuiadPamplona\" \/>\n<meta name=\"twitter:site\" content=\"@LaGuiadPamplona\" \/>\n<meta name=\"twitter:label1\" content=\"Escrito por\" \/>\n\t<meta name=\"twitter:data1\" content=\"La Gu\u00eda de Pamplona\" \/>\n\t<meta name=\"twitter:label2\" content=\"Tiempo de lectura\" \/>\n\t<meta name=\"twitter:data2\" content=\"4 minutos\" \/>\n<script type=\"application\/ld+json\" class=\"yoast-schema-graph\">{\"@context\":\"https:\\\/\\\/schema.org\",\"@graph\":[{\"@type\":\"Article\",\"@id\":\"https:\\\/\\\/www.laguiadepamplona.com\\\/actualidad\\\/el-debate-internacional-sobre-las-buenas-practicas-de-las-ciudades-en-sus-fortificaciones-militares-se-trasladara-a-pamplona-la-semana-que-viene\\\/#article\",\"isPartOf\":{\"@id\":\"https:\\\/\\\/www.laguiadepamplona.com\\\/actualidad\\\/el-debate-internacional-sobre-las-buenas-practicas-de-las-ciudades-en-sus-fortificaciones-militares-se-trasladara-a-pamplona-la-semana-que-viene\\\/\"},\"author\":{\"name\":\"La Gu\u00eda de Pamplona\",\"@id\":\"https:\\\/\\\/www.laguiadepamplona.com\\\/actualidad\\\/#\\\/schema\\\/person\\\/efe887376f0213d4657c93adc50b1fdb\"},\"headline\":\"El debate internacional sobre las buenas pr\u00e1cticas de las ciudades en sus fortificaciones militares se trasladar\u00e1 a Pamplona la semana que viene\",\"datePublished\":\"2014-10-07T11:01:20+00:00\",\"mainEntityOfPage\":{\"@id\":\"https:\\\/\\\/www.laguiadepamplona.com\\\/actualidad\\\/el-debate-internacional-sobre-las-buenas-practicas-de-las-ciudades-en-sus-fortificaciones-militares-se-trasladara-a-pamplona-la-semana-que-viene\\\/\"},\"wordCount\":899,\"publisher\":{\"@id\":\"https:\\\/\\\/www.laguiadepamplona.com\\\/actualidad\\\/#organization\"},\"image\":{\"@id\":\"https:\\\/\\\/www.laguiadepamplona.com\\\/actualidad\\\/el-debate-internacional-sobre-las-buenas-practicas-de-las-ciudades-en-sus-fortificaciones-militares-se-trasladara-a-pamplona-la-semana-que-viene\\\/#primaryimage\"},\"thumbnailUrl\":\"\",\"keywords\":[\"actualidad\",\"ayto pamplona\",\"Ayuntamiento de Pamplona\",\"Congreso Internacional\",\"debate internacional\",\"fortificaciones\",\"Gesti\u00f3n y Desarrollo Sostenible\",\"militares\",\"noticias\",\"pamplona\",\"Patrimonio Fortificado\"],\"articleSection\":[\"Ayto Pamplona\"],\"inLanguage\":\"es\"},{\"@type\":\"WebPage\",\"@id\":\"https:\\\/\\\/www.laguiadepamplona.com\\\/actualidad\\\/el-debate-internacional-sobre-las-buenas-practicas-de-las-ciudades-en-sus-fortificaciones-militares-se-trasladara-a-pamplona-la-semana-que-viene\\\/\",\"url\":\"https:\\\/\\\/www.laguiadepamplona.com\\\/actualidad\\\/el-debate-internacional-sobre-las-buenas-practicas-de-las-ciudades-en-sus-fortificaciones-militares-se-trasladara-a-pamplona-la-semana-que-viene\\\/\",\"name\":\"El debate internacional sobre las buenas pr\u00e1cticas de las ciudades en sus fortificaciones militares se trasladar\u00e1 a Pamplona la semana que viene\",\"isPartOf\":{\"@id\":\"https:\\\/\\\/www.laguiadepamplona.com\\\/actualidad\\\/#website\"},\"primaryImageOfPage\":{\"@id\":\"https:\\\/\\\/www.laguiadepamplona.com\\\/actualidad\\\/el-debate-internacional-sobre-las-buenas-practicas-de-las-ciudades-en-sus-fortificaciones-militares-se-trasladara-a-pamplona-la-semana-que-viene\\\/#primaryimage\"},\"image\":{\"@id\":\"https:\\\/\\\/www.laguiadepamplona.com\\\/actualidad\\\/el-debate-internacional-sobre-las-buenas-practicas-de-las-ciudades-en-sus-fortificaciones-militares-se-trasladara-a-pamplona-la-semana-que-viene\\\/#primaryimage\"},\"thumbnailUrl\":\"\",\"datePublished\":\"2014-10-07T11:01:20+00:00\",\"breadcrumb\":{\"@id\":\"https:\\\/\\\/www.laguiadepamplona.com\\\/actualidad\\\/el-debate-internacional-sobre-las-buenas-practicas-de-las-ciudades-en-sus-fortificaciones-militares-se-trasladara-a-pamplona-la-semana-que-viene\\\/#breadcrumb\"},\"inLanguage\":\"es\",\"potentialAction\":[{\"@type\":\"ReadAction\",\"target\":[\"https:\\\/\\\/www.laguiadepamplona.com\\\/actualidad\\\/el-debate-internacional-sobre-las-buenas-practicas-de-las-ciudades-en-sus-fortificaciones-militares-se-trasladara-a-pamplona-la-semana-que-viene\\\/\"]}]},{\"@type\":\"ImageObject\",\"inLanguage\":\"es\",\"@id\":\"https:\\\/\\\/www.laguiadepamplona.com\\\/actualidad\\\/el-debate-internacional-sobre-las-buenas-practicas-de-las-ciudades-en-sus-fortificaciones-militares-se-trasladara-a-pamplona-la-semana-que-viene\\\/#primaryimage\",\"url\":\"\",\"contentUrl\":\"\"},{\"@type\":\"BreadcrumbList\",\"@id\":\"https:\\\/\\\/www.laguiadepamplona.com\\\/actualidad\\\/el-debate-internacional-sobre-las-buenas-practicas-de-las-ciudades-en-sus-fortificaciones-militares-se-trasladara-a-pamplona-la-semana-que-viene\\\/#breadcrumb\",\"itemListElement\":[{\"@type\":\"ListItem\",\"position\":1,\"name\":\"Portada\",\"item\":\"https:\\\/\\\/www.laguiadepamplona.com\\\/actualidad\\\/\"},{\"@type\":\"ListItem\",\"position\":2,\"name\":\"El debate internacional sobre las buenas pr\u00e1cticas de las ciudades en sus fortificaciones militares se trasladar\u00e1 a Pamplona la semana que viene\"}]},{\"@type\":\"WebSite\",\"@id\":\"https:\\\/\\\/www.laguiadepamplona.com\\\/actualidad\\\/#website\",\"url\":\"https:\\\/\\\/www.laguiadepamplona.com\\\/actualidad\\\/\",\"name\":\"La gu\u00eda de Pamplona\",\"description\":\"Noticias de Pamplona\",\"publisher\":{\"@id\":\"https:\\\/\\\/www.laguiadepamplona.com\\\/actualidad\\\/#organization\"},\"potentialAction\":[{\"@type\":\"SearchAction\",\"target\":{\"@type\":\"EntryPoint\",\"urlTemplate\":\"https:\\\/\\\/www.laguiadepamplona.com\\\/actualidad\\\/?s={search_term_string}\"},\"query-input\":{\"@type\":\"PropertyValueSpecification\",\"valueRequired\":true,\"valueName\":\"search_term_string\"}}],\"inLanguage\":\"es\"},{\"@type\":\"Organization\",\"@id\":\"https:\\\/\\\/www.laguiadepamplona.com\\\/actualidad\\\/#organization\",\"name\":\"La Gu\u00eda de Pamplona \\\/ Noticias\",\"url\":\"https:\\\/\\\/www.laguiadepamplona.com\\\/actualidad\\\/\",\"logo\":{\"@type\":\"ImageObject\",\"inLanguage\":\"es\",\"@id\":\"https:\\\/\\\/www.laguiadepamplona.com\\\/actualidad\\\/#\\\/schema\\\/logo\\\/image\\\/\",\"url\":\"https:\\\/\\\/www.laguiadepamplona.com\\\/actualidad\\\/wp-content\\\/uploads\\\/2018\\\/11\\\/logo-laguiadepamplona18-web1.png\",\"contentUrl\":\"https:\\\/\\\/www.laguiadepamplona.com\\\/actualidad\\\/wp-content\\\/uploads\\\/2018\\\/11\\\/logo-laguiadepamplona18-web1.png\",\"width\":600,\"height\":196,\"caption\":\"La Gu\u00eda de Pamplona \\\/ Noticias\"},\"image\":{\"@id\":\"https:\\\/\\\/www.laguiadepamplona.com\\\/actualidad\\\/#\\\/schema\\\/logo\\\/image\\\/\"},\"sameAs\":[\"https:\\\/\\\/www.facebook.com\\\/laguiadepamplonacom-133175176762273\\\/?ref=hl\",\"https:\\\/\\\/x.com\\\/LaGuiadPamplona\",\"https:\\\/\\\/www.instagram.com\\\/la_guia_de_pamplona\\\/\",\"https:\\\/\\\/www.youtube.com\\\/user\\\/laguiadepamplona\"]},{\"@type\":\"Person\",\"@id\":\"https:\\\/\\\/www.laguiadepamplona.com\\\/actualidad\\\/#\\\/schema\\\/person\\\/efe887376f0213d4657c93adc50b1fdb\",\"name\":\"La Gu\u00eda de Pamplona\",\"image\":{\"@type\":\"ImageObject\",\"inLanguage\":\"es\",\"@id\":\"https:\\\/\\\/secure.gravatar.com\\\/avatar\\\/b6992f131dc8d30ab0dff15446e9d346d9dbd95992de0fef795073f5ea83a81c?s=96&d=mm&r=g\",\"url\":\"https:\\\/\\\/secure.gravatar.com\\\/avatar\\\/b6992f131dc8d30ab0dff15446e9d346d9dbd95992de0fef795073f5ea83a81c?s=96&d=mm&r=g\",\"contentUrl\":\"https:\\\/\\\/secure.gravatar.com\\\/avatar\\\/b6992f131dc8d30ab0dff15446e9d346d9dbd95992de0fef795073f5ea83a81c?s=96&d=mm&r=g\",\"caption\":\"La Gu\u00eda de Pamplona\"}}]}<\/script>\n<!-- \/ Yoast SEO plugin. -->","yoast_head_json":{"title":"El debate internacional sobre las buenas pr\u00e1cticas de las ciudades en sus fortificaciones militares se trasladar\u00e1 a Pamplona la semana que viene","robots":{"index":"index","follow":"follow","max-snippet":"max-snippet:-1","max-image-preview":"max-image-preview:large","max-video-preview":"max-video-preview:-1"},"canonical":"https:\/\/www.laguiadepamplona.com\/actualidad\/el-debate-internacional-sobre-las-buenas-practicas-de-las-ciudades-en-sus-fortificaciones-militares-se-trasladara-a-pamplona-la-semana-que-viene\/","og_locale":"es_ES","og_type":"article","og_title":"El debate internacional sobre las buenas pr\u00e1cticas de las ciudades en sus fortificaciones militares se trasladar\u00e1 a Pamplona la semana que viene","og_description":"Estudiosos, investigadores, asociaciones y fundaciones, entre otros, abordar\u00e1n la oportunidad que este patrimonio supone para las ciudades El pr\u00f3ximo mi\u00e9rcoles comenzar\u00e1 en el Palacio del Condestable el Congreso Internacional sobre...","og_url":"https:\/\/www.laguiadepamplona.com\/actualidad\/el-debate-internacional-sobre-las-buenas-practicas-de-las-ciudades-en-sus-fortificaciones-militares-se-trasladara-a-pamplona-la-semana-que-viene\/","og_site_name":"La Gu\u00eda de Pamplona","article_publisher":"https:\/\/www.facebook.com\/laguiadepamplonacom-133175176762273\/?ref=hl","article_published_time":"2014-10-07T11:01:20+00:00","author":"La Gu\u00eda de Pamplona","twitter_card":"summary_large_image","twitter_creator":"@LaGuiadPamplona","twitter_site":"@LaGuiadPamplona","twitter_misc":{"Escrito por":"La Gu\u00eda de Pamplona","Tiempo de lectura":"4 minutos"},"schema":{"@context":"https:\/\/schema.org","@graph":[{"@type":"Article","@id":"https:\/\/www.laguiadepamplona.com\/actualidad\/el-debate-internacional-sobre-las-buenas-practicas-de-las-ciudades-en-sus-fortificaciones-militares-se-trasladara-a-pamplona-la-semana-que-viene\/#article","isPartOf":{"@id":"https:\/\/www.laguiadepamplona.com\/actualidad\/el-debate-internacional-sobre-las-buenas-practicas-de-las-ciudades-en-sus-fortificaciones-militares-se-trasladara-a-pamplona-la-semana-que-viene\/"},"author":{"name":"La Gu\u00eda de Pamplona","@id":"https:\/\/www.laguiadepamplona.com\/actualidad\/#\/schema\/person\/efe887376f0213d4657c93adc50b1fdb"},"headline":"El debate internacional sobre las buenas pr\u00e1cticas de las ciudades en sus fortificaciones militares se trasladar\u00e1 a Pamplona la semana que viene","datePublished":"2014-10-07T11:01:20+00:00","mainEntityOfPage":{"@id":"https:\/\/www.laguiadepamplona.com\/actualidad\/el-debate-internacional-sobre-las-buenas-practicas-de-las-ciudades-en-sus-fortificaciones-militares-se-trasladara-a-pamplona-la-semana-que-viene\/"},"wordCount":899,"publisher":{"@id":"https:\/\/www.laguiadepamplona.com\/actualidad\/#organization"},"image":{"@id":"https:\/\/www.laguiadepamplona.com\/actualidad\/el-debate-internacional-sobre-las-buenas-practicas-de-las-ciudades-en-sus-fortificaciones-militares-se-trasladara-a-pamplona-la-semana-que-viene\/#primaryimage"},"thumbnailUrl":"","keywords":["actualidad","ayto pamplona","Ayuntamiento de Pamplona","Congreso Internacional","debate internacional","fortificaciones","Gesti\u00f3n y Desarrollo Sostenible","militares","noticias","pamplona","Patrimonio Fortificado"],"articleSection":["Ayto Pamplona"],"inLanguage":"es"},{"@type":"WebPage","@id":"https:\/\/www.laguiadepamplona.com\/actualidad\/el-debate-internacional-sobre-las-buenas-practicas-de-las-ciudades-en-sus-fortificaciones-militares-se-trasladara-a-pamplona-la-semana-que-viene\/","url":"https:\/\/www.laguiadepamplona.com\/actualidad\/el-debate-internacional-sobre-las-buenas-practicas-de-las-ciudades-en-sus-fortificaciones-militares-se-trasladara-a-pamplona-la-semana-que-viene\/","name":"El debate internacional sobre las buenas pr\u00e1cticas de las ciudades en sus fortificaciones militares se trasladar\u00e1 a Pamplona la semana que viene","isPartOf":{"@id":"https:\/\/www.laguiadepamplona.com\/actualidad\/#website"},"primaryImageOfPage":{"@id":"https:\/\/www.laguiadepamplona.com\/actualidad\/el-debate-internacional-sobre-las-buenas-practicas-de-las-ciudades-en-sus-fortificaciones-militares-se-trasladara-a-pamplona-la-semana-que-viene\/#primaryimage"},"image":{"@id":"https:\/\/www.laguiadepamplona.com\/actualidad\/el-debate-internacional-sobre-las-buenas-practicas-de-las-ciudades-en-sus-fortificaciones-militares-se-trasladara-a-pamplona-la-semana-que-viene\/#primaryimage"},"thumbnailUrl":"","datePublished":"2014-10-07T11:01:20+00:00","breadcrumb":{"@id":"https:\/\/www.laguiadepamplona.com\/actualidad\/el-debate-internacional-sobre-las-buenas-practicas-de-las-ciudades-en-sus-fortificaciones-militares-se-trasladara-a-pamplona-la-semana-que-viene\/#breadcrumb"},"inLanguage":"es","potentialAction":[{"@type":"ReadAction","target":["https:\/\/www.laguiadepamplona.com\/actualidad\/el-debate-internacional-sobre-las-buenas-practicas-de-las-ciudades-en-sus-fortificaciones-militares-se-trasladara-a-pamplona-la-semana-que-viene\/"]}]},{"@type":"ImageObject","inLanguage":"es","@id":"https:\/\/www.laguiadepamplona.com\/actualidad\/el-debate-internacional-sobre-las-buenas-practicas-de-las-ciudades-en-sus-fortificaciones-militares-se-trasladara-a-pamplona-la-semana-que-viene\/#primaryimage","url":"","contentUrl":""},{"@type":"BreadcrumbList","@id":"https:\/\/www.laguiadepamplona.com\/actualidad\/el-debate-internacional-sobre-las-buenas-practicas-de-las-ciudades-en-sus-fortificaciones-militares-se-trasladara-a-pamplona-la-semana-que-viene\/#breadcrumb","itemListElement":[{"@type":"ListItem","position":1,"name":"Portada","item":"https:\/\/www.laguiadepamplona.com\/actualidad\/"},{"@type":"ListItem","position":2,"name":"El debate internacional sobre las buenas pr\u00e1cticas de las ciudades en sus fortificaciones militares se trasladar\u00e1 a Pamplona la semana que viene"}]},{"@type":"WebSite","@id":"https:\/\/www.laguiadepamplona.com\/actualidad\/#website","url":"https:\/\/www.laguiadepamplona.com\/actualidad\/","name":"La gu\u00eda de Pamplona","description":"Noticias de Pamplona","publisher":{"@id":"https:\/\/www.laguiadepamplona.com\/actualidad\/#organization"},"potentialAction":[{"@type":"SearchAction","target":{"@type":"EntryPoint","urlTemplate":"https:\/\/www.laguiadepamplona.com\/actualidad\/?s={search_term_string}"},"query-input":{"@type":"PropertyValueSpecification","valueRequired":true,"valueName":"search_term_string"}}],"inLanguage":"es"},{"@type":"Organization","@id":"https:\/\/www.laguiadepamplona.com\/actualidad\/#organization","name":"La Gu\u00eda de Pamplona \/ Noticias","url":"https:\/\/www.laguiadepamplona.com\/actualidad\/","logo":{"@type":"ImageObject","inLanguage":"es","@id":"https:\/\/www.laguiadepamplona.com\/actualidad\/#\/schema\/logo\/image\/","url":"https:\/\/www.laguiadepamplona.com\/actualidad\/wp-content\/uploads\/2018\/11\/logo-laguiadepamplona18-web1.png","contentUrl":"https:\/\/www.laguiadepamplona.com\/actualidad\/wp-content\/uploads\/2018\/11\/logo-laguiadepamplona18-web1.png","width":600,"height":196,"caption":"La Gu\u00eda de Pamplona \/ Noticias"},"image":{"@id":"https:\/\/www.laguiadepamplona.com\/actualidad\/#\/schema\/logo\/image\/"},"sameAs":["https:\/\/www.facebook.com\/laguiadepamplonacom-133175176762273\/?ref=hl","https:\/\/x.com\/LaGuiadPamplona","https:\/\/www.instagram.com\/la_guia_de_pamplona\/","https:\/\/www.youtube.com\/user\/laguiadepamplona"]},{"@type":"Person","@id":"https:\/\/www.laguiadepamplona.com\/actualidad\/#\/schema\/person\/efe887376f0213d4657c93adc50b1fdb","name":"La Gu\u00eda de Pamplona","image":{"@type":"ImageObject","inLanguage":"es","@id":"https:\/\/secure.gravatar.com\/avatar\/b6992f131dc8d30ab0dff15446e9d346d9dbd95992de0fef795073f5ea83a81c?s=96&d=mm&r=g","url":"https:\/\/secure.gravatar.com\/avatar\/b6992f131dc8d30ab0dff15446e9d346d9dbd95992de0fef795073f5ea83a81c?s=96&d=mm&r=g","contentUrl":"https:\/\/secure.gravatar.com\/avatar\/b6992f131dc8d30ab0dff15446e9d346d9dbd95992de0fef795073f5ea83a81c?s=96&d=mm&r=g","caption":"La Gu\u00eda de Pamplona"}}]}},"post_mailing_queue_ids":[],"_links":{"self":[{"href":"https:\/\/www.laguiadepamplona.com\/actualidad\/wp-json\/wp\/v2\/posts\/3319","targetHints":{"allow":["GET"]}}],"collection":[{"href":"https:\/\/www.laguiadepamplona.com\/actualidad\/wp-json\/wp\/v2\/posts"}],"about":[{"href":"https:\/\/www.laguiadepamplona.com\/actualidad\/wp-json\/wp\/v2\/types\/post"}],"author":[{"embeddable":true,"href":"https:\/\/www.laguiadepamplona.com\/actualidad\/wp-json\/wp\/v2\/users\/1"}],"replies":[{"embeddable":true,"href":"https:\/\/www.laguiadepamplona.com\/actualidad\/wp-json\/wp\/v2\/comments?post=3319"}],"version-history":[{"count":0,"href":"https:\/\/www.laguiadepamplona.com\/actualidad\/wp-json\/wp\/v2\/posts\/3319\/revisions"}],"wp:featuredmedia":[{"embeddable":true,"href":"https:\/\/www.laguiadepamplona.com\/actualidad\/wp-json\/"}],"wp:attachment":[{"href":"https:\/\/www.laguiadepamplona.com\/actualidad\/wp-json\/wp\/v2\/media?parent=3319"}],"wp:term":[{"taxonomy":"category","embeddable":true,"href":"https:\/\/www.laguiadepamplona.com\/actualidad\/wp-json\/wp\/v2\/categories?post=3319"},{"taxonomy":"post_tag","embeddable":true,"href":"https:\/\/www.laguiadepamplona.com\/actualidad\/wp-json\/wp\/v2\/tags?post=3319"}],"curies":[{"name":"wp","href":"https:\/\/api.w.org\/{rel}","templated":true}]}}