{"id":3315,"date":"2014-10-06T16:37:22","date_gmt":"2014-10-06T14:37:22","guid":{"rendered":"http:\/\/laguiadepamplona.com\/actualidad\/?p=3315"},"modified":"2014-10-06T16:37:22","modified_gmt":"2014-10-06T14:37:22","slug":"un-ciervo-hiere-con-dos-cornadas-a-un-trabajador-municipal-en-los-fosos-de-la-taconera","status":"publish","type":"post","link":"https:\/\/www.laguiadepamplona.com\/actualidad\/un-ciervo-hiere-con-dos-cornadas-a-un-trabajador-municipal-en-los-fosos-de-la-taconera\/","title":{"rendered":"Un ciervo hiere con dos cornadas a un trabajador municipal en los fosos de la Taconera"},"content":{"rendered":"<h4>Las cornadas, en el hombro y la pierna, no son en principio de car\u00e1cter grave<\/h4>\n<p><a href=\"http:\/\/laguiadepamplona.com\/actualidad\/wp-content\/uploads\/2014\/10\/ciervo.jpg\"><img loading=\"lazy\" decoding=\"async\" class=\"alignleft size-medium wp-image-3317\" src=\"http:\/\/laguiadepamplona.com\/actualidad\/wp-content\/uploads\/2014\/10\/ciervo-300x225.jpg\" alt=\"ciervo\" width=\"300\" height=\"225\" \/><\/a>Un trabajador del Ayuntamiento de Pamplona ha resultado herido esta ma\u00f1ana en los fosos de la Taconera, tras ser atacado por uno de los ciervos que all\u00ed habitan. El trabajador, de 35 a\u00f1os, ha sufrido dos cornadas por parte del animal en el hombro y en la pierna. En principio, las heridas no son de car\u00e1cter grave y se le ha realizado un esc\u00e1ner para valorar su estado general tras el ataque.<\/p>\n<p>Los hechos han ocurrido a primera hora de la ma\u00f1ana, en torno a las 9 horas, cuando el empleado municipal acced\u00eda a los fosos de la Taconera para realizar su habitual labor de limpieza de la zona y para dejar la comida a los animales. All\u00ed se ha encontrado con el animal, que le ha atacado.<\/p>\n<p>En el minizoo de la Taconera, conviven dos ciervos machos, que se encuentran en periodo de berrea, adem\u00e1s de varias hembras. Habitualmente est\u00e1n separados del resto de animales en la zona alta del revell\u00edn, pero al parecer, en la tarde de ayer hubo un enfrentamiento entre los dos machos. El dominante expuls\u00f3 al otro de la zona y le arroj\u00f3 a los fosos.<\/p>\n<p>Sobre las nueve y cuarto de la ma\u00f1ana, Polic\u00eda Municipal ha recibido la llamada de un particular que ha visto c\u00f3mo un ciervo atacaba a una persona. Al lugar han acudido tres patrullas de Polic\u00eda Municipal y personal de ambulancias. Entre los operarios de jardines que trabajan en la zona, otros cuidadores y la polic\u00eda han logrado con gestos y gritos que el ciervo se apartara de la v\u00edctima y que esta pudiera refugiarse en un peque\u00f1o muro en el lateral de los fosos, fuera del alcance del animal. El trabajador ha sido trasladado al Complejo Hospitalario de Navarra con dos heridas por asta de ciervo y varias magulladoras.<\/p>\n","protected":false},"excerpt":{"rendered":"<p>Las cornadas, en el hombro y la pierna, no son en principio de car\u00e1cter grave Un trabajador del Ayuntamiento de Pamplona ha resultado herido esta ma\u00f1ana en los fosos de&#8230;<\/p>\n","protected":false},"author":1,"featured_media":3317,"comment_status":"open","ping_status":"open","sticky":false,"template":"","format":"standard","meta":{"footnotes":""},"categories":[2],"tags":[5,2785,6,509,2786,2787,2788,2789,1582,8,9,2790],"class_list":["post-3315","post","type-post","status-publish","format-standard","has-post-thumbnail","hentry","category-ayuntamiento-pamplona","tag-actualidad","tag-ataque","tag-ayto-pamplona","tag-ayuntamiento-de-pamplona","tag-ciervo","tag-cornadas","tag-fosos-taconera","tag-hiere","tag-municipal","tag-noticias","tag-pamplona","tag-trabajador"],"yoast_head":"<!-- This site is optimized with the Yoast SEO plugin v27.5 - https:\/\/yoast.com\/product\/yoast-seo-wordpress\/ -->\n<title>Un ciervo hiere con dos cornadas a un trabajador municipal en los fosos de la Taconera<\/title>\n<meta name=\"robots\" content=\"index, follow, max-snippet:-1, max-image-preview:large, max-video-preview:-1\" \/>\n<link rel=\"canonical\" href=\"https:\/\/www.laguiadepamplona.com\/actualidad\/un-ciervo-hiere-con-dos-cornadas-a-un-trabajador-municipal-en-los-fosos-de-la-taconera\/\" \/>\n<meta property=\"og:locale\" content=\"es_ES\" \/>\n<meta property=\"og:type\" content=\"article\" \/>\n<meta property=\"og:title\" content=\"Un ciervo hiere con dos cornadas a un trabajador municipal en los fosos de la Taconera\" \/>\n<meta property=\"og:description\" content=\"Las cornadas, en el hombro y la pierna, no son en principio de car\u00e1cter grave Un trabajador del Ayuntamiento de Pamplona ha resultado herido esta ma\u00f1ana en los fosos de...\" \/>\n<meta property=\"og:url\" content=\"https:\/\/www.laguiadepamplona.com\/actualidad\/un-ciervo-hiere-con-dos-cornadas-a-un-trabajador-municipal-en-los-fosos-de-la-taconera\/\" \/>\n<meta property=\"og:site_name\" content=\"La Gu\u00eda de Pamplona\" \/>\n<meta property=\"article:publisher\" content=\"https:\/\/www.facebook.com\/laguiadepamplonacom-133175176762273\/?ref=hl\" \/>\n<meta property=\"article:published_time\" content=\"2014-10-06T14:37:22+00:00\" \/>\n<meta name=\"author\" content=\"La Gu\u00eda de Pamplona\" \/>\n<meta name=\"twitter:card\" content=\"summary_large_image\" \/>\n<meta name=\"twitter:creator\" content=\"@LaGuiadPamplona\" \/>\n<meta name=\"twitter:site\" content=\"@LaGuiadPamplona\" \/>\n<meta name=\"twitter:label1\" content=\"Escrito por\" \/>\n\t<meta name=\"twitter:data1\" content=\"La Gu\u00eda de Pamplona\" \/>\n\t<meta name=\"twitter:label2\" content=\"Tiempo de lectura\" \/>\n\t<meta name=\"twitter:data2\" content=\"2 minutos\" \/>\n<script type=\"application\/ld+json\" class=\"yoast-schema-graph\">{\"@context\":\"https:\\\/\\\/schema.org\",\"@graph\":[{\"@type\":\"Article\",\"@id\":\"https:\\\/\\\/www.laguiadepamplona.com\\\/actualidad\\\/un-ciervo-hiere-con-dos-cornadas-a-un-trabajador-municipal-en-los-fosos-de-la-taconera\\\/#article\",\"isPartOf\":{\"@id\":\"https:\\\/\\\/www.laguiadepamplona.com\\\/actualidad\\\/un-ciervo-hiere-con-dos-cornadas-a-un-trabajador-municipal-en-los-fosos-de-la-taconera\\\/\"},\"author\":{\"name\":\"La Gu\u00eda de Pamplona\",\"@id\":\"https:\\\/\\\/www.laguiadepamplona.com\\\/actualidad\\\/#\\\/schema\\\/person\\\/efe887376f0213d4657c93adc50b1fdb\"},\"headline\":\"Un ciervo hiere con dos cornadas a un trabajador municipal en los fosos de la Taconera\",\"datePublished\":\"2014-10-06T14:37:22+00:00\",\"mainEntityOfPage\":{\"@id\":\"https:\\\/\\\/www.laguiadepamplona.com\\\/actualidad\\\/un-ciervo-hiere-con-dos-cornadas-a-un-trabajador-municipal-en-los-fosos-de-la-taconera\\\/\"},\"wordCount\":346,\"commentCount\":0,\"publisher\":{\"@id\":\"https:\\\/\\\/www.laguiadepamplona.com\\\/actualidad\\\/#organization\"},\"image\":{\"@id\":\"https:\\\/\\\/www.laguiadepamplona.com\\\/actualidad\\\/un-ciervo-hiere-con-dos-cornadas-a-un-trabajador-municipal-en-los-fosos-de-la-taconera\\\/#primaryimage\"},\"thumbnailUrl\":\"\",\"keywords\":[\"actualidad\",\"ataque\",\"ayto pamplona\",\"Ayuntamiento de Pamplona\",\"ciervo\",\"cornadas\",\"fosos taconera\",\"hiere\",\"municipal\",\"noticias\",\"pamplona\",\"trabajador\"],\"articleSection\":[\"Ayto Pamplona\"],\"inLanguage\":\"es\",\"potentialAction\":[{\"@type\":\"CommentAction\",\"name\":\"Comment\",\"target\":[\"https:\\\/\\\/www.laguiadepamplona.com\\\/actualidad\\\/un-ciervo-hiere-con-dos-cornadas-a-un-trabajador-municipal-en-los-fosos-de-la-taconera\\\/#respond\"]}]},{\"@type\":\"WebPage\",\"@id\":\"https:\\\/\\\/www.laguiadepamplona.com\\\/actualidad\\\/un-ciervo-hiere-con-dos-cornadas-a-un-trabajador-municipal-en-los-fosos-de-la-taconera\\\/\",\"url\":\"https:\\\/\\\/www.laguiadepamplona.com\\\/actualidad\\\/un-ciervo-hiere-con-dos-cornadas-a-un-trabajador-municipal-en-los-fosos-de-la-taconera\\\/\",\"name\":\"Un ciervo hiere con dos cornadas a un trabajador municipal en los fosos de la Taconera\",\"isPartOf\":{\"@id\":\"https:\\\/\\\/www.laguiadepamplona.com\\\/actualidad\\\/#website\"},\"primaryImageOfPage\":{\"@id\":\"https:\\\/\\\/www.laguiadepamplona.com\\\/actualidad\\\/un-ciervo-hiere-con-dos-cornadas-a-un-trabajador-municipal-en-los-fosos-de-la-taconera\\\/#primaryimage\"},\"image\":{\"@id\":\"https:\\\/\\\/www.laguiadepamplona.com\\\/actualidad\\\/un-ciervo-hiere-con-dos-cornadas-a-un-trabajador-municipal-en-los-fosos-de-la-taconera\\\/#primaryimage\"},\"thumbnailUrl\":\"\",\"datePublished\":\"2014-10-06T14:37:22+00:00\",\"breadcrumb\":{\"@id\":\"https:\\\/\\\/www.laguiadepamplona.com\\\/actualidad\\\/un-ciervo-hiere-con-dos-cornadas-a-un-trabajador-municipal-en-los-fosos-de-la-taconera\\\/#breadcrumb\"},\"inLanguage\":\"es\",\"potentialAction\":[{\"@type\":\"ReadAction\",\"target\":[\"https:\\\/\\\/www.laguiadepamplona.com\\\/actualidad\\\/un-ciervo-hiere-con-dos-cornadas-a-un-trabajador-municipal-en-los-fosos-de-la-taconera\\\/\"]}]},{\"@type\":\"ImageObject\",\"inLanguage\":\"es\",\"@id\":\"https:\\\/\\\/www.laguiadepamplona.com\\\/actualidad\\\/un-ciervo-hiere-con-dos-cornadas-a-un-trabajador-municipal-en-los-fosos-de-la-taconera\\\/#primaryimage\",\"url\":\"\",\"contentUrl\":\"\"},{\"@type\":\"BreadcrumbList\",\"@id\":\"https:\\\/\\\/www.laguiadepamplona.com\\\/actualidad\\\/un-ciervo-hiere-con-dos-cornadas-a-un-trabajador-municipal-en-los-fosos-de-la-taconera\\\/#breadcrumb\",\"itemListElement\":[{\"@type\":\"ListItem\",\"position\":1,\"name\":\"Portada\",\"item\":\"https:\\\/\\\/www.laguiadepamplona.com\\\/actualidad\\\/\"},{\"@type\":\"ListItem\",\"position\":2,\"name\":\"Un ciervo hiere con dos cornadas a un trabajador municipal en los fosos de la Taconera\"}]},{\"@type\":\"WebSite\",\"@id\":\"https:\\\/\\\/www.laguiadepamplona.com\\\/actualidad\\\/#website\",\"url\":\"https:\\\/\\\/www.laguiadepamplona.com\\\/actualidad\\\/\",\"name\":\"La gu\u00eda de Pamplona\",\"description\":\"Noticias de Pamplona\",\"publisher\":{\"@id\":\"https:\\\/\\\/www.laguiadepamplona.com\\\/actualidad\\\/#organization\"},\"potentialAction\":[{\"@type\":\"SearchAction\",\"target\":{\"@type\":\"EntryPoint\",\"urlTemplate\":\"https:\\\/\\\/www.laguiadepamplona.com\\\/actualidad\\\/?s={search_term_string}\"},\"query-input\":{\"@type\":\"PropertyValueSpecification\",\"valueRequired\":true,\"valueName\":\"search_term_string\"}}],\"inLanguage\":\"es\"},{\"@type\":\"Organization\",\"@id\":\"https:\\\/\\\/www.laguiadepamplona.com\\\/actualidad\\\/#organization\",\"name\":\"La Gu\u00eda de Pamplona \\\/ Noticias\",\"url\":\"https:\\\/\\\/www.laguiadepamplona.com\\\/actualidad\\\/\",\"logo\":{\"@type\":\"ImageObject\",\"inLanguage\":\"es\",\"@id\":\"https:\\\/\\\/www.laguiadepamplona.com\\\/actualidad\\\/#\\\/schema\\\/logo\\\/image\\\/\",\"url\":\"https:\\\/\\\/www.laguiadepamplona.com\\\/actualidad\\\/wp-content\\\/uploads\\\/2018\\\/11\\\/logo-laguiadepamplona18-web1.png\",\"contentUrl\":\"https:\\\/\\\/www.laguiadepamplona.com\\\/actualidad\\\/wp-content\\\/uploads\\\/2018\\\/11\\\/logo-laguiadepamplona18-web1.png\",\"width\":600,\"height\":196,\"caption\":\"La Gu\u00eda de Pamplona \\\/ Noticias\"},\"image\":{\"@id\":\"https:\\\/\\\/www.laguiadepamplona.com\\\/actualidad\\\/#\\\/schema\\\/logo\\\/image\\\/\"},\"sameAs\":[\"https:\\\/\\\/www.facebook.com\\\/laguiadepamplonacom-133175176762273\\\/?ref=hl\",\"https:\\\/\\\/x.com\\\/LaGuiadPamplona\",\"https:\\\/\\\/www.instagram.com\\\/la_guia_de_pamplona\\\/\",\"https:\\\/\\\/www.youtube.com\\\/user\\\/laguiadepamplona\"]},{\"@type\":\"Person\",\"@id\":\"https:\\\/\\\/www.laguiadepamplona.com\\\/actualidad\\\/#\\\/schema\\\/person\\\/efe887376f0213d4657c93adc50b1fdb\",\"name\":\"La Gu\u00eda de Pamplona\",\"image\":{\"@type\":\"ImageObject\",\"inLanguage\":\"es\",\"@id\":\"https:\\\/\\\/secure.gravatar.com\\\/avatar\\\/b6992f131dc8d30ab0dff15446e9d346d9dbd95992de0fef795073f5ea83a81c?s=96&d=mm&r=g\",\"url\":\"https:\\\/\\\/secure.gravatar.com\\\/avatar\\\/b6992f131dc8d30ab0dff15446e9d346d9dbd95992de0fef795073f5ea83a81c?s=96&d=mm&r=g\",\"contentUrl\":\"https:\\\/\\\/secure.gravatar.com\\\/avatar\\\/b6992f131dc8d30ab0dff15446e9d346d9dbd95992de0fef795073f5ea83a81c?s=96&d=mm&r=g\",\"caption\":\"La Gu\u00eda de Pamplona\"}}]}<\/script>\n<!-- \/ Yoast SEO plugin. -->","yoast_head_json":{"title":"Un ciervo hiere con dos cornadas a un trabajador municipal en los fosos de la Taconera","robots":{"index":"index","follow":"follow","max-snippet":"max-snippet:-1","max-image-preview":"max-image-preview:large","max-video-preview":"max-video-preview:-1"},"canonical":"https:\/\/www.laguiadepamplona.com\/actualidad\/un-ciervo-hiere-con-dos-cornadas-a-un-trabajador-municipal-en-los-fosos-de-la-taconera\/","og_locale":"es_ES","og_type":"article","og_title":"Un ciervo hiere con dos cornadas a un trabajador municipal en los fosos de la Taconera","og_description":"Las cornadas, en el hombro y la pierna, no son en principio de car\u00e1cter grave Un trabajador del Ayuntamiento de Pamplona ha resultado herido esta ma\u00f1ana en los fosos de...","og_url":"https:\/\/www.laguiadepamplona.com\/actualidad\/un-ciervo-hiere-con-dos-cornadas-a-un-trabajador-municipal-en-los-fosos-de-la-taconera\/","og_site_name":"La Gu\u00eda de Pamplona","article_publisher":"https:\/\/www.facebook.com\/laguiadepamplonacom-133175176762273\/?ref=hl","article_published_time":"2014-10-06T14:37:22+00:00","author":"La Gu\u00eda de Pamplona","twitter_card":"summary_large_image","twitter_creator":"@LaGuiadPamplona","twitter_site":"@LaGuiadPamplona","twitter_misc":{"Escrito por":"La Gu\u00eda de Pamplona","Tiempo de lectura":"2 minutos"},"schema":{"@context":"https:\/\/schema.org","@graph":[{"@type":"Article","@id":"https:\/\/www.laguiadepamplona.com\/actualidad\/un-ciervo-hiere-con-dos-cornadas-a-un-trabajador-municipal-en-los-fosos-de-la-taconera\/#article","isPartOf":{"@id":"https:\/\/www.laguiadepamplona.com\/actualidad\/un-ciervo-hiere-con-dos-cornadas-a-un-trabajador-municipal-en-los-fosos-de-la-taconera\/"},"author":{"name":"La Gu\u00eda de Pamplona","@id":"https:\/\/www.laguiadepamplona.com\/actualidad\/#\/schema\/person\/efe887376f0213d4657c93adc50b1fdb"},"headline":"Un ciervo hiere con dos cornadas a un trabajador municipal en los fosos de la Taconera","datePublished":"2014-10-06T14:37:22+00:00","mainEntityOfPage":{"@id":"https:\/\/www.laguiadepamplona.com\/actualidad\/un-ciervo-hiere-con-dos-cornadas-a-un-trabajador-municipal-en-los-fosos-de-la-taconera\/"},"wordCount":346,"commentCount":0,"publisher":{"@id":"https:\/\/www.laguiadepamplona.com\/actualidad\/#organization"},"image":{"@id":"https:\/\/www.laguiadepamplona.com\/actualidad\/un-ciervo-hiere-con-dos-cornadas-a-un-trabajador-municipal-en-los-fosos-de-la-taconera\/#primaryimage"},"thumbnailUrl":"","keywords":["actualidad","ataque","ayto pamplona","Ayuntamiento de Pamplona","ciervo","cornadas","fosos taconera","hiere","municipal","noticias","pamplona","trabajador"],"articleSection":["Ayto Pamplona"],"inLanguage":"es","potentialAction":[{"@type":"CommentAction","name":"Comment","target":["https:\/\/www.laguiadepamplona.com\/actualidad\/un-ciervo-hiere-con-dos-cornadas-a-un-trabajador-municipal-en-los-fosos-de-la-taconera\/#respond"]}]},{"@type":"WebPage","@id":"https:\/\/www.laguiadepamplona.com\/actualidad\/un-ciervo-hiere-con-dos-cornadas-a-un-trabajador-municipal-en-los-fosos-de-la-taconera\/","url":"https:\/\/www.laguiadepamplona.com\/actualidad\/un-ciervo-hiere-con-dos-cornadas-a-un-trabajador-municipal-en-los-fosos-de-la-taconera\/","name":"Un ciervo hiere con dos cornadas a un trabajador municipal en los fosos de la Taconera","isPartOf":{"@id":"https:\/\/www.laguiadepamplona.com\/actualidad\/#website"},"primaryImageOfPage":{"@id":"https:\/\/www.laguiadepamplona.com\/actualidad\/un-ciervo-hiere-con-dos-cornadas-a-un-trabajador-municipal-en-los-fosos-de-la-taconera\/#primaryimage"},"image":{"@id":"https:\/\/www.laguiadepamplona.com\/actualidad\/un-ciervo-hiere-con-dos-cornadas-a-un-trabajador-municipal-en-los-fosos-de-la-taconera\/#primaryimage"},"thumbnailUrl":"","datePublished":"2014-10-06T14:37:22+00:00","breadcrumb":{"@id":"https:\/\/www.laguiadepamplona.com\/actualidad\/un-ciervo-hiere-con-dos-cornadas-a-un-trabajador-municipal-en-los-fosos-de-la-taconera\/#breadcrumb"},"inLanguage":"es","potentialAction":[{"@type":"ReadAction","target":["https:\/\/www.laguiadepamplona.com\/actualidad\/un-ciervo-hiere-con-dos-cornadas-a-un-trabajador-municipal-en-los-fosos-de-la-taconera\/"]}]},{"@type":"ImageObject","inLanguage":"es","@id":"https:\/\/www.laguiadepamplona.com\/actualidad\/un-ciervo-hiere-con-dos-cornadas-a-un-trabajador-municipal-en-los-fosos-de-la-taconera\/#primaryimage","url":"","contentUrl":""},{"@type":"BreadcrumbList","@id":"https:\/\/www.laguiadepamplona.com\/actualidad\/un-ciervo-hiere-con-dos-cornadas-a-un-trabajador-municipal-en-los-fosos-de-la-taconera\/#breadcrumb","itemListElement":[{"@type":"ListItem","position":1,"name":"Portada","item":"https:\/\/www.laguiadepamplona.com\/actualidad\/"},{"@type":"ListItem","position":2,"name":"Un ciervo hiere con dos cornadas a un trabajador municipal en los fosos de la Taconera"}]},{"@type":"WebSite","@id":"https:\/\/www.laguiadepamplona.com\/actualidad\/#website","url":"https:\/\/www.laguiadepamplona.com\/actualidad\/","name":"La gu\u00eda de Pamplona","description":"Noticias de Pamplona","publisher":{"@id":"https:\/\/www.laguiadepamplona.com\/actualidad\/#organization"},"potentialAction":[{"@type":"SearchAction","target":{"@type":"EntryPoint","urlTemplate":"https:\/\/www.laguiadepamplona.com\/actualidad\/?s={search_term_string}"},"query-input":{"@type":"PropertyValueSpecification","valueRequired":true,"valueName":"search_term_string"}}],"inLanguage":"es"},{"@type":"Organization","@id":"https:\/\/www.laguiadepamplona.com\/actualidad\/#organization","name":"La Gu\u00eda de Pamplona \/ Noticias","url":"https:\/\/www.laguiadepamplona.com\/actualidad\/","logo":{"@type":"ImageObject","inLanguage":"es","@id":"https:\/\/www.laguiadepamplona.com\/actualidad\/#\/schema\/logo\/image\/","url":"https:\/\/www.laguiadepamplona.com\/actualidad\/wp-content\/uploads\/2018\/11\/logo-laguiadepamplona18-web1.png","contentUrl":"https:\/\/www.laguiadepamplona.com\/actualidad\/wp-content\/uploads\/2018\/11\/logo-laguiadepamplona18-web1.png","width":600,"height":196,"caption":"La Gu\u00eda de Pamplona \/ Noticias"},"image":{"@id":"https:\/\/www.laguiadepamplona.com\/actualidad\/#\/schema\/logo\/image\/"},"sameAs":["https:\/\/www.facebook.com\/laguiadepamplonacom-133175176762273\/?ref=hl","https:\/\/x.com\/LaGuiadPamplona","https:\/\/www.instagram.com\/la_guia_de_pamplona\/","https:\/\/www.youtube.com\/user\/laguiadepamplona"]},{"@type":"Person","@id":"https:\/\/www.laguiadepamplona.com\/actualidad\/#\/schema\/person\/efe887376f0213d4657c93adc50b1fdb","name":"La Gu\u00eda de Pamplona","image":{"@type":"ImageObject","inLanguage":"es","@id":"https:\/\/secure.gravatar.com\/avatar\/b6992f131dc8d30ab0dff15446e9d346d9dbd95992de0fef795073f5ea83a81c?s=96&d=mm&r=g","url":"https:\/\/secure.gravatar.com\/avatar\/b6992f131dc8d30ab0dff15446e9d346d9dbd95992de0fef795073f5ea83a81c?s=96&d=mm&r=g","contentUrl":"https:\/\/secure.gravatar.com\/avatar\/b6992f131dc8d30ab0dff15446e9d346d9dbd95992de0fef795073f5ea83a81c?s=96&d=mm&r=g","caption":"La Gu\u00eda de Pamplona"}}]}},"post_mailing_queue_ids":[],"_links":{"self":[{"href":"https:\/\/www.laguiadepamplona.com\/actualidad\/wp-json\/wp\/v2\/posts\/3315","targetHints":{"allow":["GET"]}}],"collection":[{"href":"https:\/\/www.laguiadepamplona.com\/actualidad\/wp-json\/wp\/v2\/posts"}],"about":[{"href":"https:\/\/www.laguiadepamplona.com\/actualidad\/wp-json\/wp\/v2\/types\/post"}],"author":[{"embeddable":true,"href":"https:\/\/www.laguiadepamplona.com\/actualidad\/wp-json\/wp\/v2\/users\/1"}],"replies":[{"embeddable":true,"href":"https:\/\/www.laguiadepamplona.com\/actualidad\/wp-json\/wp\/v2\/comments?post=3315"}],"version-history":[{"count":0,"href":"https:\/\/www.laguiadepamplona.com\/actualidad\/wp-json\/wp\/v2\/posts\/3315\/revisions"}],"wp:featuredmedia":[{"embeddable":true,"href":"https:\/\/www.laguiadepamplona.com\/actualidad\/wp-json\/"}],"wp:attachment":[{"href":"https:\/\/www.laguiadepamplona.com\/actualidad\/wp-json\/wp\/v2\/media?parent=3315"}],"wp:term":[{"taxonomy":"category","embeddable":true,"href":"https:\/\/www.laguiadepamplona.com\/actualidad\/wp-json\/wp\/v2\/categories?post=3315"},{"taxonomy":"post_tag","embeddable":true,"href":"https:\/\/www.laguiadepamplona.com\/actualidad\/wp-json\/wp\/v2\/tags?post=3315"}],"curies":[{"name":"wp","href":"https:\/\/api.w.org\/{rel}","templated":true}]}}