{"id":32716,"date":"2021-01-13T14:02:07","date_gmt":"2021-01-13T12:02:07","guid":{"rendered":"https:\/\/www.laguiadepamplona.es\/actualidad\/?p=32716"},"modified":"2021-01-13T14:20:35","modified_gmt":"2021-01-13T12:20:35","slug":"aprobada-la-licitacion-del-contrato-para-gestionar-nueve-aseos-publicos-municipales-de-la-ciudad-la-casa-de-la-banos-de-la-calle-eslava-y-las-duchas-de-antoniutti","status":"publish","type":"post","link":"https:\/\/www.laguiadepamplona.com\/actualidad\/aprobada-la-licitacion-del-contrato-para-gestionar-nueve-aseos-publicos-municipales-de-la-ciudad-la-casa-de-la-banos-de-la-calle-eslava-y-las-duchas-de-antoniutti\/","title":{"rendered":"Aprobada la licitaci\u00f3n del contrato para gestionar nueve aseos p\u00fablicos municipales de la ciudad, la Casa de la Ba\u00f1os de la calle Eslava y las duchas de Antoniutti"},"content":{"rendered":"<h5>La gesti\u00f3n del aseo de Sarasate se licita aparte, con menos pr\u00f3rrogas, pues su futuro est\u00e1 pendiente de las posibles obras de reurbanizaci\u00f3n de la zona<\/h5>\n<p><!--more--><\/p>\n<p>La Junta de Gobierno Local del Ayuntamiento de Pamplona ha aprobado esta ma\u00f1ana la licitaci\u00f3n del contrato para la gesti\u00f3n de nueve aseos p\u00fablicos municipales, de la Casa de Ba\u00f1os y de las duchas de Antoniutti. El contrato se licita para el periodo comprendido entre el 1 de mayo de 2021 y el 30 de abril de 2022, con opci\u00f3n a cuatro pr\u00f3rrogas anuales m\u00e1s, por un importe de 1.030.563,04 euros. En un expediente aparte se ha aprobado tambi\u00e9n licitar la gesti\u00f3n del aseo del paseo de Sarasate. En este caso \u00fanicamente se incluye una pr\u00f3rroga anual, debido a que el futuro de ese aseo est\u00e1 pendiente del posible proyecto de reurbanizaci\u00f3n y peatonalizaci\u00f3n que se pueda acometer en la zona.<\/p>\n<p><script async src=\"\/\/pagead2.googlesyndication.com\/pagead\/js\/adsbygoogle.js\"><\/script><br \/>\n<!-- Noticias La Guia de Pamplona --><br \/>\n<ins class=\"adsbygoogle\"\nstyle=\"display:block\"\ndata-ad-client=\"ca-pub-6943679897239327\"\ndata-ad-slot=\"7048180777\"\ndata-ad-format=\"auto\"><\/ins><br \/>\n<script>\n(adsbygoogle = window.adsbygoogle || []).push({});\n<\/script><\/p>\n<p>La primera de las licitaciones aprobadas incluye los nueve aseos p\u00fablicos municipales ubicados en la plaza del Castillo, la plaza de la Cruz, Bosquecillo, plaza de los Fueros, parque de Antoniutti, Media Luna, parque del Mundo y Landaben, as\u00ed como la Casa de Ba\u00f1os de la calle Eslava y las duchas de Antoniutti. El contrato establece los diferentes horarios de apertura, seg\u00fan el periodo del a\u00f1o (horarios de verano, horarios de invierno, horarios especiales y Sanfermines). Adem\u00e1s, la gesti\u00f3n de los aseos incluye el mantenimiento continuo de las debidas condiciones de limpieza y desinfecci\u00f3n, la realizaci\u00f3n de operaciones sencillas de reparaci\u00f3n y la reposici\u00f3n del material espec\u00edfico de aseos necesario. El acceso a los nueve aseos p\u00fablicos municipales seguir\u00e1 siendo libre y gratuito.<\/p>\n<p>La gesti\u00f3n de la Casa de Ba\u00f1os abarca la limpieza y desinfecci\u00f3n necesarias en las instalaciones, la reposici\u00f3n del material y la realizaci\u00f3n de tareas como el control diario de la temperatura del agua, la purga semanal de los acumuladores o el tratamiento trimestral de descalcificaci\u00f3n, entre otras. El uso de las cabinas de ducha y ba\u00f1o est\u00e1 sujeto al pago previo de los precios aprobados por el Ayuntamiento (o a la presentaci\u00f3n previa del bono expedido por las Unidades de Barrio municipales). Se presta, asimismo, servicio de lavado y secado de ropa en las lavadores y secadoras existentes en la Casa de Ba\u00f1os. Las duchas de Antoniutti abrir\u00e1n \u00fanicamente del 5 al 15 de julio, entre las 8 y las 13 horas y las 15 y las 20 horas. La entidad gestora se encargar\u00e1 del mantenimiento de las condiciones de limpieza y desinfecci\u00f3n, a trav\u00e9s de una serie de trabajos diarios establecidos, as\u00ed como del cobro de los precios p\u00fablicos determinados para el uso de ese servicio de ducha.<\/p>\n<p><script async src=\"\/\/pagead2.googlesyndication.com\/pagead\/js\/adsbygoogle.js\"><\/script><br \/>\n<!-- Noticias La Guia de Pamplona --><br \/>\n<ins class=\"adsbygoogle\"\nstyle=\"display:block\"\ndata-ad-client=\"ca-pub-6943679897239327\"\ndata-ad-slot=\"7048180777\"\ndata-ad-format=\"auto\"><\/ins><br \/>\n<script>\n(adsbygoogle = window.adsbygoogle || []).push({});\n<\/script><\/p>\n<p><strong>Aseos de acceso libre y gratuito<\/strong><\/p>\n<p>La licitaci\u00f3n del contrato de gesti\u00f3n del aseo p\u00fablico del paseo de Sarasate se ha cuantificado en 141.286,94 euros anuales. Adem\u00e1s del a\u00f1o de contrato, se ha establecido una pr\u00f3rroga anual m\u00e1s, hasta el 30 de abril de 2023. Al igual que en los otros nueve aseos p\u00fablicos municipales, la gesti\u00f3n del servicio tiene que ver con la apertura al p\u00fablico en los horarios establecidos en cada \u00e9poca del a\u00f1o, en el mantenimiento de la limpieza y la desinfecci\u00f3n y en la reposici\u00f3n del material de aseo necesario. El aseo de Sarasate seguir\u00e1 siendo de acceso libre y gratuito.<\/p>\n<p>Ambos contratos aprobados esta ma\u00f1ana pretenden facilitar la prestaci\u00f3n del servicio de aseos en Pamplona y mantener las instalaciones destinadas a ese fin en las debidas condiciones de higiene y salubridad, con m\u00e9todos, pr\u00e1cticas y productos respetuosos con el medio ambiente y la salud laboral. El plazo de presentaci\u00f3n de ofertas para las entidades interesadas comenzar\u00e1 una vez que se publique la licitaci\u00f3n en el Portal de Contrataci\u00f3n de Navarra. Los criterios de adjudicaci\u00f3n son comunes, valor\u00e1ndose con 20 puntos el plan de trabajo, con 50 puntos la oferta econ\u00f3mica, con 15 puntos los criterios ambientales y con otros 15 los criterios sociales.<\/p>\n","protected":false},"excerpt":{"rendered":"<p>La gesti\u00f3n del aseo de Sarasate se licita aparte, con menos pr\u00f3rrogas, pues su futuro est\u00e1 pendiente de las posibles obras de reurbanizaci\u00f3n de la zona<\/p>\n","protected":false},"author":1,"featured_media":32717,"comment_status":"open","ping_status":"closed","sticky":false,"template":"","format":"standard","meta":{"footnotes":""},"categories":[2],"tags":[],"class_list":["post-32716","post","type-post","status-publish","format-standard","has-post-thumbnail","hentry","category-ayuntamiento-pamplona"],"yoast_head":"<!-- This site is optimized with the Yoast SEO plugin v27.5 - https:\/\/yoast.com\/product\/yoast-seo-wordpress\/ -->\n<title>Aprobada la licitaci\u00f3n del contrato para gestionar nueve aseos p\u00fablicos municipales de la ciudad, la Casa de la Ba\u00f1os de la calle Eslava y las duchas de Antoniutti<\/title>\n<meta name=\"description\" content=\"La gesti\u00f3n del aseo de Sarasate se licita aparte, con menos pr\u00f3rrogas, pues su futuro est\u00e1 pendiente de las posibles obras de reurbanizaci\u00f3n de la zona\" \/>\n<meta name=\"robots\" content=\"index, follow, max-snippet:-1, max-image-preview:large, max-video-preview:-1\" \/>\n<link rel=\"canonical\" href=\"https:\/\/www.laguiadepamplona.com\/actualidad\/aprobada-la-licitacion-del-contrato-para-gestionar-nueve-aseos-publicos-municipales-de-la-ciudad-la-casa-de-la-banos-de-la-calle-eslava-y-las-duchas-de-antoniutti\/\" \/>\n<meta property=\"og:locale\" content=\"es_ES\" \/>\n<meta property=\"og:type\" content=\"article\" \/>\n<meta property=\"og:title\" content=\"Aprobada la licitaci\u00f3n del contrato para gestionar nueve aseos p\u00fablicos municipales de la ciudad, la Casa de la Ba\u00f1os de la calle Eslava y las duchas de Antoniutti\" \/>\n<meta property=\"og:description\" content=\"La gesti\u00f3n del aseo de Sarasate se licita aparte, con menos pr\u00f3rrogas, pues su futuro est\u00e1 pendiente de las posibles obras de reurbanizaci\u00f3n de la zona\" \/>\n<meta property=\"og:url\" content=\"https:\/\/www.laguiadepamplona.com\/actualidad\/aprobada-la-licitacion-del-contrato-para-gestionar-nueve-aseos-publicos-municipales-de-la-ciudad-la-casa-de-la-banos-de-la-calle-eslava-y-las-duchas-de-antoniutti\/\" \/>\n<meta property=\"og:site_name\" content=\"La Gu\u00eda de Pamplona\" \/>\n<meta property=\"article:publisher\" content=\"https:\/\/www.facebook.com\/laguiadepamplonacom-133175176762273\/?ref=hl\" \/>\n<meta property=\"article:published_time\" content=\"2021-01-13T12:02:07+00:00\" \/>\n<meta property=\"article:modified_time\" content=\"2021-01-13T12:20:35+00:00\" \/>\n<meta property=\"og:image\" content=\"https:\/\/www.laguiadepamplona.com\/actualidad\/wp-content\/uploads\/2021\/01\/aseos-publicos-pamplona.jpg\" \/>\n\t<meta property=\"og:image:width\" content=\"1920\" \/>\n\t<meta property=\"og:image:height\" content=\"1440\" \/>\n\t<meta property=\"og:image:type\" content=\"image\/jpeg\" \/>\n<meta name=\"author\" content=\"La Gu\u00eda de Pamplona\" \/>\n<meta name=\"twitter:card\" content=\"summary_large_image\" \/>\n<meta name=\"twitter:creator\" content=\"@LaGuiadPamplona\" \/>\n<meta name=\"twitter:site\" content=\"@LaGuiadPamplona\" \/>\n<meta name=\"twitter:label1\" content=\"Escrito por\" \/>\n\t<meta name=\"twitter:data1\" content=\"La Gu\u00eda de Pamplona\" \/>\n\t<meta name=\"twitter:label2\" content=\"Tiempo de lectura\" \/>\n\t<meta name=\"twitter:data2\" content=\"3 minutos\" \/>\n<script type=\"application\/ld+json\" class=\"yoast-schema-graph\">{\"@context\":\"https:\\\/\\\/schema.org\",\"@graph\":[{\"@type\":\"Article\",\"@id\":\"https:\\\/\\\/www.laguiadepamplona.com\\\/actualidad\\\/aprobada-la-licitacion-del-contrato-para-gestionar-nueve-aseos-publicos-municipales-de-la-ciudad-la-casa-de-la-banos-de-la-calle-eslava-y-las-duchas-de-antoniutti\\\/#article\",\"isPartOf\":{\"@id\":\"https:\\\/\\\/www.laguiadepamplona.com\\\/actualidad\\\/aprobada-la-licitacion-del-contrato-para-gestionar-nueve-aseos-publicos-municipales-de-la-ciudad-la-casa-de-la-banos-de-la-calle-eslava-y-las-duchas-de-antoniutti\\\/\"},\"author\":{\"name\":\"La Gu\u00eda de Pamplona\",\"@id\":\"https:\\\/\\\/www.laguiadepamplona.com\\\/actualidad\\\/#\\\/schema\\\/person\\\/efe887376f0213d4657c93adc50b1fdb\"},\"headline\":\"Aprobada la licitaci\u00f3n del contrato para gestionar nueve aseos p\u00fablicos municipales de la ciudad, la Casa de la Ba\u00f1os de la calle Eslava y las duchas de Antoniutti\",\"datePublished\":\"2021-01-13T12:02:07+00:00\",\"dateModified\":\"2021-01-13T12:20:35+00:00\",\"mainEntityOfPage\":{\"@id\":\"https:\\\/\\\/www.laguiadepamplona.com\\\/actualidad\\\/aprobada-la-licitacion-del-contrato-para-gestionar-nueve-aseos-publicos-municipales-de-la-ciudad-la-casa-de-la-banos-de-la-calle-eslava-y-las-duchas-de-antoniutti\\\/\"},\"wordCount\":725,\"commentCount\":0,\"publisher\":{\"@id\":\"https:\\\/\\\/www.laguiadepamplona.com\\\/actualidad\\\/#organization\"},\"image\":{\"@id\":\"https:\\\/\\\/www.laguiadepamplona.com\\\/actualidad\\\/aprobada-la-licitacion-del-contrato-para-gestionar-nueve-aseos-publicos-municipales-de-la-ciudad-la-casa-de-la-banos-de-la-calle-eslava-y-las-duchas-de-antoniutti\\\/#primaryimage\"},\"thumbnailUrl\":\"https:\\\/\\\/www.laguiadepamplona.com\\\/actualidad\\\/wp-content\\\/uploads\\\/2021\\\/01\\\/aseos-publicos-pamplona.jpg\",\"articleSection\":[\"Ayto Pamplona\"],\"inLanguage\":\"es\",\"potentialAction\":[{\"@type\":\"CommentAction\",\"name\":\"Comment\",\"target\":[\"https:\\\/\\\/www.laguiadepamplona.com\\\/actualidad\\\/aprobada-la-licitacion-del-contrato-para-gestionar-nueve-aseos-publicos-municipales-de-la-ciudad-la-casa-de-la-banos-de-la-calle-eslava-y-las-duchas-de-antoniutti\\\/#respond\"]}]},{\"@type\":\"WebPage\",\"@id\":\"https:\\\/\\\/www.laguiadepamplona.com\\\/actualidad\\\/aprobada-la-licitacion-del-contrato-para-gestionar-nueve-aseos-publicos-municipales-de-la-ciudad-la-casa-de-la-banos-de-la-calle-eslava-y-las-duchas-de-antoniutti\\\/\",\"url\":\"https:\\\/\\\/www.laguiadepamplona.com\\\/actualidad\\\/aprobada-la-licitacion-del-contrato-para-gestionar-nueve-aseos-publicos-municipales-de-la-ciudad-la-casa-de-la-banos-de-la-calle-eslava-y-las-duchas-de-antoniutti\\\/\",\"name\":\"Aprobada la licitaci\u00f3n del contrato para gestionar nueve aseos p\u00fablicos municipales de la ciudad, la Casa de la Ba\u00f1os de la calle Eslava y las duchas de Antoniutti\",\"isPartOf\":{\"@id\":\"https:\\\/\\\/www.laguiadepamplona.com\\\/actualidad\\\/#website\"},\"primaryImageOfPage\":{\"@id\":\"https:\\\/\\\/www.laguiadepamplona.com\\\/actualidad\\\/aprobada-la-licitacion-del-contrato-para-gestionar-nueve-aseos-publicos-municipales-de-la-ciudad-la-casa-de-la-banos-de-la-calle-eslava-y-las-duchas-de-antoniutti\\\/#primaryimage\"},\"image\":{\"@id\":\"https:\\\/\\\/www.laguiadepamplona.com\\\/actualidad\\\/aprobada-la-licitacion-del-contrato-para-gestionar-nueve-aseos-publicos-municipales-de-la-ciudad-la-casa-de-la-banos-de-la-calle-eslava-y-las-duchas-de-antoniutti\\\/#primaryimage\"},\"thumbnailUrl\":\"https:\\\/\\\/www.laguiadepamplona.com\\\/actualidad\\\/wp-content\\\/uploads\\\/2021\\\/01\\\/aseos-publicos-pamplona.jpg\",\"datePublished\":\"2021-01-13T12:02:07+00:00\",\"dateModified\":\"2021-01-13T12:20:35+00:00\",\"description\":\"La gesti\u00f3n del aseo de Sarasate se licita aparte, con menos pr\u00f3rrogas, pues su futuro est\u00e1 pendiente de las posibles obras de reurbanizaci\u00f3n de la zona\",\"breadcrumb\":{\"@id\":\"https:\\\/\\\/www.laguiadepamplona.com\\\/actualidad\\\/aprobada-la-licitacion-del-contrato-para-gestionar-nueve-aseos-publicos-municipales-de-la-ciudad-la-casa-de-la-banos-de-la-calle-eslava-y-las-duchas-de-antoniutti\\\/#breadcrumb\"},\"inLanguage\":\"es\",\"potentialAction\":[{\"@type\":\"ReadAction\",\"target\":[\"https:\\\/\\\/www.laguiadepamplona.com\\\/actualidad\\\/aprobada-la-licitacion-del-contrato-para-gestionar-nueve-aseos-publicos-municipales-de-la-ciudad-la-casa-de-la-banos-de-la-calle-eslava-y-las-duchas-de-antoniutti\\\/\"]}]},{\"@type\":\"ImageObject\",\"inLanguage\":\"es\",\"@id\":\"https:\\\/\\\/www.laguiadepamplona.com\\\/actualidad\\\/aprobada-la-licitacion-del-contrato-para-gestionar-nueve-aseos-publicos-municipales-de-la-ciudad-la-casa-de-la-banos-de-la-calle-eslava-y-las-duchas-de-antoniutti\\\/#primaryimage\",\"url\":\"https:\\\/\\\/www.laguiadepamplona.com\\\/actualidad\\\/wp-content\\\/uploads\\\/2021\\\/01\\\/aseos-publicos-pamplona.jpg\",\"contentUrl\":\"https:\\\/\\\/www.laguiadepamplona.com\\\/actualidad\\\/wp-content\\\/uploads\\\/2021\\\/01\\\/aseos-publicos-pamplona.jpg\",\"width\":1920,\"height\":1440},{\"@type\":\"BreadcrumbList\",\"@id\":\"https:\\\/\\\/www.laguiadepamplona.com\\\/actualidad\\\/aprobada-la-licitacion-del-contrato-para-gestionar-nueve-aseos-publicos-municipales-de-la-ciudad-la-casa-de-la-banos-de-la-calle-eslava-y-las-duchas-de-antoniutti\\\/#breadcrumb\",\"itemListElement\":[{\"@type\":\"ListItem\",\"position\":1,\"name\":\"Portada\",\"item\":\"https:\\\/\\\/www.laguiadepamplona.com\\\/actualidad\\\/\"},{\"@type\":\"ListItem\",\"position\":2,\"name\":\"Aprobada la licitaci\u00f3n del contrato para gestionar nueve aseos p\u00fablicos municipales de la ciudad, la Casa de la Ba\u00f1os de la calle Eslava y las duchas de Antoniutti\"}]},{\"@type\":\"WebSite\",\"@id\":\"https:\\\/\\\/www.laguiadepamplona.com\\\/actualidad\\\/#website\",\"url\":\"https:\\\/\\\/www.laguiadepamplona.com\\\/actualidad\\\/\",\"name\":\"La gu\u00eda de Pamplona\",\"description\":\"Noticias de Pamplona\",\"publisher\":{\"@id\":\"https:\\\/\\\/www.laguiadepamplona.com\\\/actualidad\\\/#organization\"},\"potentialAction\":[{\"@type\":\"SearchAction\",\"target\":{\"@type\":\"EntryPoint\",\"urlTemplate\":\"https:\\\/\\\/www.laguiadepamplona.com\\\/actualidad\\\/?s={search_term_string}\"},\"query-input\":{\"@type\":\"PropertyValueSpecification\",\"valueRequired\":true,\"valueName\":\"search_term_string\"}}],\"inLanguage\":\"es\"},{\"@type\":\"Organization\",\"@id\":\"https:\\\/\\\/www.laguiadepamplona.com\\\/actualidad\\\/#organization\",\"name\":\"La Gu\u00eda de Pamplona \\\/ Noticias\",\"url\":\"https:\\\/\\\/www.laguiadepamplona.com\\\/actualidad\\\/\",\"logo\":{\"@type\":\"ImageObject\",\"inLanguage\":\"es\",\"@id\":\"https:\\\/\\\/www.laguiadepamplona.com\\\/actualidad\\\/#\\\/schema\\\/logo\\\/image\\\/\",\"url\":\"https:\\\/\\\/www.laguiadepamplona.com\\\/actualidad\\\/wp-content\\\/uploads\\\/2018\\\/11\\\/logo-laguiadepamplona18-web1.png\",\"contentUrl\":\"https:\\\/\\\/www.laguiadepamplona.com\\\/actualidad\\\/wp-content\\\/uploads\\\/2018\\\/11\\\/logo-laguiadepamplona18-web1.png\",\"width\":600,\"height\":196,\"caption\":\"La Gu\u00eda de Pamplona \\\/ Noticias\"},\"image\":{\"@id\":\"https:\\\/\\\/www.laguiadepamplona.com\\\/actualidad\\\/#\\\/schema\\\/logo\\\/image\\\/\"},\"sameAs\":[\"https:\\\/\\\/www.facebook.com\\\/laguiadepamplonacom-133175176762273\\\/?ref=hl\",\"https:\\\/\\\/x.com\\\/LaGuiadPamplona\",\"https:\\\/\\\/www.instagram.com\\\/la_guia_de_pamplona\\\/\",\"https:\\\/\\\/www.youtube.com\\\/user\\\/laguiadepamplona\"]},{\"@type\":\"Person\",\"@id\":\"https:\\\/\\\/www.laguiadepamplona.com\\\/actualidad\\\/#\\\/schema\\\/person\\\/efe887376f0213d4657c93adc50b1fdb\",\"name\":\"La Gu\u00eda de Pamplona\",\"image\":{\"@type\":\"ImageObject\",\"inLanguage\":\"es\",\"@id\":\"https:\\\/\\\/secure.gravatar.com\\\/avatar\\\/b6992f131dc8d30ab0dff15446e9d346d9dbd95992de0fef795073f5ea83a81c?s=96&d=mm&r=g\",\"url\":\"https:\\\/\\\/secure.gravatar.com\\\/avatar\\\/b6992f131dc8d30ab0dff15446e9d346d9dbd95992de0fef795073f5ea83a81c?s=96&d=mm&r=g\",\"contentUrl\":\"https:\\\/\\\/secure.gravatar.com\\\/avatar\\\/b6992f131dc8d30ab0dff15446e9d346d9dbd95992de0fef795073f5ea83a81c?s=96&d=mm&r=g\",\"caption\":\"La Gu\u00eda de Pamplona\"}}]}<\/script>\n<!-- \/ Yoast SEO plugin. -->","yoast_head_json":{"title":"Aprobada la licitaci\u00f3n del contrato para gestionar nueve aseos p\u00fablicos municipales de la ciudad, la Casa de la Ba\u00f1os de la calle Eslava y las duchas de Antoniutti","description":"La gesti\u00f3n del aseo de Sarasate se licita aparte, con menos pr\u00f3rrogas, pues su futuro est\u00e1 pendiente de las posibles obras de reurbanizaci\u00f3n de la zona","robots":{"index":"index","follow":"follow","max-snippet":"max-snippet:-1","max-image-preview":"max-image-preview:large","max-video-preview":"max-video-preview:-1"},"canonical":"https:\/\/www.laguiadepamplona.com\/actualidad\/aprobada-la-licitacion-del-contrato-para-gestionar-nueve-aseos-publicos-municipales-de-la-ciudad-la-casa-de-la-banos-de-la-calle-eslava-y-las-duchas-de-antoniutti\/","og_locale":"es_ES","og_type":"article","og_title":"Aprobada la licitaci\u00f3n del contrato para gestionar nueve aseos p\u00fablicos municipales de la ciudad, la Casa de la Ba\u00f1os de la calle Eslava y las duchas de Antoniutti","og_description":"La gesti\u00f3n del aseo de Sarasate se licita aparte, con menos pr\u00f3rrogas, pues su futuro est\u00e1 pendiente de las posibles obras de reurbanizaci\u00f3n de la zona","og_url":"https:\/\/www.laguiadepamplona.com\/actualidad\/aprobada-la-licitacion-del-contrato-para-gestionar-nueve-aseos-publicos-municipales-de-la-ciudad-la-casa-de-la-banos-de-la-calle-eslava-y-las-duchas-de-antoniutti\/","og_site_name":"La Gu\u00eda de Pamplona","article_publisher":"https:\/\/www.facebook.com\/laguiadepamplonacom-133175176762273\/?ref=hl","article_published_time":"2021-01-13T12:02:07+00:00","article_modified_time":"2021-01-13T12:20:35+00:00","og_image":[{"width":1920,"height":1440,"url":"https:\/\/www.laguiadepamplona.com\/actualidad\/wp-content\/uploads\/2021\/01\/aseos-publicos-pamplona.jpg","type":"image\/jpeg"}],"author":"La Gu\u00eda de Pamplona","twitter_card":"summary_large_image","twitter_creator":"@LaGuiadPamplona","twitter_site":"@LaGuiadPamplona","twitter_misc":{"Escrito por":"La Gu\u00eda de Pamplona","Tiempo de lectura":"3 minutos"},"schema":{"@context":"https:\/\/schema.org","@graph":[{"@type":"Article","@id":"https:\/\/www.laguiadepamplona.com\/actualidad\/aprobada-la-licitacion-del-contrato-para-gestionar-nueve-aseos-publicos-municipales-de-la-ciudad-la-casa-de-la-banos-de-la-calle-eslava-y-las-duchas-de-antoniutti\/#article","isPartOf":{"@id":"https:\/\/www.laguiadepamplona.com\/actualidad\/aprobada-la-licitacion-del-contrato-para-gestionar-nueve-aseos-publicos-municipales-de-la-ciudad-la-casa-de-la-banos-de-la-calle-eslava-y-las-duchas-de-antoniutti\/"},"author":{"name":"La Gu\u00eda de Pamplona","@id":"https:\/\/www.laguiadepamplona.com\/actualidad\/#\/schema\/person\/efe887376f0213d4657c93adc50b1fdb"},"headline":"Aprobada la licitaci\u00f3n del contrato para gestionar nueve aseos p\u00fablicos municipales de la ciudad, la Casa de la Ba\u00f1os de la calle Eslava y las duchas de Antoniutti","datePublished":"2021-01-13T12:02:07+00:00","dateModified":"2021-01-13T12:20:35+00:00","mainEntityOfPage":{"@id":"https:\/\/www.laguiadepamplona.com\/actualidad\/aprobada-la-licitacion-del-contrato-para-gestionar-nueve-aseos-publicos-municipales-de-la-ciudad-la-casa-de-la-banos-de-la-calle-eslava-y-las-duchas-de-antoniutti\/"},"wordCount":725,"commentCount":0,"publisher":{"@id":"https:\/\/www.laguiadepamplona.com\/actualidad\/#organization"},"image":{"@id":"https:\/\/www.laguiadepamplona.com\/actualidad\/aprobada-la-licitacion-del-contrato-para-gestionar-nueve-aseos-publicos-municipales-de-la-ciudad-la-casa-de-la-banos-de-la-calle-eslava-y-las-duchas-de-antoniutti\/#primaryimage"},"thumbnailUrl":"https:\/\/www.laguiadepamplona.com\/actualidad\/wp-content\/uploads\/2021\/01\/aseos-publicos-pamplona.jpg","articleSection":["Ayto Pamplona"],"inLanguage":"es","potentialAction":[{"@type":"CommentAction","name":"Comment","target":["https:\/\/www.laguiadepamplona.com\/actualidad\/aprobada-la-licitacion-del-contrato-para-gestionar-nueve-aseos-publicos-municipales-de-la-ciudad-la-casa-de-la-banos-de-la-calle-eslava-y-las-duchas-de-antoniutti\/#respond"]}]},{"@type":"WebPage","@id":"https:\/\/www.laguiadepamplona.com\/actualidad\/aprobada-la-licitacion-del-contrato-para-gestionar-nueve-aseos-publicos-municipales-de-la-ciudad-la-casa-de-la-banos-de-la-calle-eslava-y-las-duchas-de-antoniutti\/","url":"https:\/\/www.laguiadepamplona.com\/actualidad\/aprobada-la-licitacion-del-contrato-para-gestionar-nueve-aseos-publicos-municipales-de-la-ciudad-la-casa-de-la-banos-de-la-calle-eslava-y-las-duchas-de-antoniutti\/","name":"Aprobada la licitaci\u00f3n del contrato para gestionar nueve aseos p\u00fablicos municipales de la ciudad, la Casa de la Ba\u00f1os de la calle Eslava y las duchas de Antoniutti","isPartOf":{"@id":"https:\/\/www.laguiadepamplona.com\/actualidad\/#website"},"primaryImageOfPage":{"@id":"https:\/\/www.laguiadepamplona.com\/actualidad\/aprobada-la-licitacion-del-contrato-para-gestionar-nueve-aseos-publicos-municipales-de-la-ciudad-la-casa-de-la-banos-de-la-calle-eslava-y-las-duchas-de-antoniutti\/#primaryimage"},"image":{"@id":"https:\/\/www.laguiadepamplona.com\/actualidad\/aprobada-la-licitacion-del-contrato-para-gestionar-nueve-aseos-publicos-municipales-de-la-ciudad-la-casa-de-la-banos-de-la-calle-eslava-y-las-duchas-de-antoniutti\/#primaryimage"},"thumbnailUrl":"https:\/\/www.laguiadepamplona.com\/actualidad\/wp-content\/uploads\/2021\/01\/aseos-publicos-pamplona.jpg","datePublished":"2021-01-13T12:02:07+00:00","dateModified":"2021-01-13T12:20:35+00:00","description":"La gesti\u00f3n del aseo de Sarasate se licita aparte, con menos pr\u00f3rrogas, pues su futuro est\u00e1 pendiente de las posibles obras de reurbanizaci\u00f3n de la zona","breadcrumb":{"@id":"https:\/\/www.laguiadepamplona.com\/actualidad\/aprobada-la-licitacion-del-contrato-para-gestionar-nueve-aseos-publicos-municipales-de-la-ciudad-la-casa-de-la-banos-de-la-calle-eslava-y-las-duchas-de-antoniutti\/#breadcrumb"},"inLanguage":"es","potentialAction":[{"@type":"ReadAction","target":["https:\/\/www.laguiadepamplona.com\/actualidad\/aprobada-la-licitacion-del-contrato-para-gestionar-nueve-aseos-publicos-municipales-de-la-ciudad-la-casa-de-la-banos-de-la-calle-eslava-y-las-duchas-de-antoniutti\/"]}]},{"@type":"ImageObject","inLanguage":"es","@id":"https:\/\/www.laguiadepamplona.com\/actualidad\/aprobada-la-licitacion-del-contrato-para-gestionar-nueve-aseos-publicos-municipales-de-la-ciudad-la-casa-de-la-banos-de-la-calle-eslava-y-las-duchas-de-antoniutti\/#primaryimage","url":"https:\/\/www.laguiadepamplona.com\/actualidad\/wp-content\/uploads\/2021\/01\/aseos-publicos-pamplona.jpg","contentUrl":"https:\/\/www.laguiadepamplona.com\/actualidad\/wp-content\/uploads\/2021\/01\/aseos-publicos-pamplona.jpg","width":1920,"height":1440},{"@type":"BreadcrumbList","@id":"https:\/\/www.laguiadepamplona.com\/actualidad\/aprobada-la-licitacion-del-contrato-para-gestionar-nueve-aseos-publicos-municipales-de-la-ciudad-la-casa-de-la-banos-de-la-calle-eslava-y-las-duchas-de-antoniutti\/#breadcrumb","itemListElement":[{"@type":"ListItem","position":1,"name":"Portada","item":"https:\/\/www.laguiadepamplona.com\/actualidad\/"},{"@type":"ListItem","position":2,"name":"Aprobada la licitaci\u00f3n del contrato para gestionar nueve aseos p\u00fablicos municipales de la ciudad, la Casa de la Ba\u00f1os de la calle Eslava y las duchas de Antoniutti"}]},{"@type":"WebSite","@id":"https:\/\/www.laguiadepamplona.com\/actualidad\/#website","url":"https:\/\/www.laguiadepamplona.com\/actualidad\/","name":"La gu\u00eda de Pamplona","description":"Noticias de Pamplona","publisher":{"@id":"https:\/\/www.laguiadepamplona.com\/actualidad\/#organization"},"potentialAction":[{"@type":"SearchAction","target":{"@type":"EntryPoint","urlTemplate":"https:\/\/www.laguiadepamplona.com\/actualidad\/?s={search_term_string}"},"query-input":{"@type":"PropertyValueSpecification","valueRequired":true,"valueName":"search_term_string"}}],"inLanguage":"es"},{"@type":"Organization","@id":"https:\/\/www.laguiadepamplona.com\/actualidad\/#organization","name":"La Gu\u00eda de Pamplona \/ Noticias","url":"https:\/\/www.laguiadepamplona.com\/actualidad\/","logo":{"@type":"ImageObject","inLanguage":"es","@id":"https:\/\/www.laguiadepamplona.com\/actualidad\/#\/schema\/logo\/image\/","url":"https:\/\/www.laguiadepamplona.com\/actualidad\/wp-content\/uploads\/2018\/11\/logo-laguiadepamplona18-web1.png","contentUrl":"https:\/\/www.laguiadepamplona.com\/actualidad\/wp-content\/uploads\/2018\/11\/logo-laguiadepamplona18-web1.png","width":600,"height":196,"caption":"La Gu\u00eda de Pamplona \/ Noticias"},"image":{"@id":"https:\/\/www.laguiadepamplona.com\/actualidad\/#\/schema\/logo\/image\/"},"sameAs":["https:\/\/www.facebook.com\/laguiadepamplonacom-133175176762273\/?ref=hl","https:\/\/x.com\/LaGuiadPamplona","https:\/\/www.instagram.com\/la_guia_de_pamplona\/","https:\/\/www.youtube.com\/user\/laguiadepamplona"]},{"@type":"Person","@id":"https:\/\/www.laguiadepamplona.com\/actualidad\/#\/schema\/person\/efe887376f0213d4657c93adc50b1fdb","name":"La Gu\u00eda de Pamplona","image":{"@type":"ImageObject","inLanguage":"es","@id":"https:\/\/secure.gravatar.com\/avatar\/b6992f131dc8d30ab0dff15446e9d346d9dbd95992de0fef795073f5ea83a81c?s=96&d=mm&r=g","url":"https:\/\/secure.gravatar.com\/avatar\/b6992f131dc8d30ab0dff15446e9d346d9dbd95992de0fef795073f5ea83a81c?s=96&d=mm&r=g","contentUrl":"https:\/\/secure.gravatar.com\/avatar\/b6992f131dc8d30ab0dff15446e9d346d9dbd95992de0fef795073f5ea83a81c?s=96&d=mm&r=g","caption":"La Gu\u00eda de Pamplona"}}]}},"post_mailing_queue_ids":[],"_links":{"self":[{"href":"https:\/\/www.laguiadepamplona.com\/actualidad\/wp-json\/wp\/v2\/posts\/32716","targetHints":{"allow":["GET"]}}],"collection":[{"href":"https:\/\/www.laguiadepamplona.com\/actualidad\/wp-json\/wp\/v2\/posts"}],"about":[{"href":"https:\/\/www.laguiadepamplona.com\/actualidad\/wp-json\/wp\/v2\/types\/post"}],"author":[{"embeddable":true,"href":"https:\/\/www.laguiadepamplona.com\/actualidad\/wp-json\/wp\/v2\/users\/1"}],"replies":[{"embeddable":true,"href":"https:\/\/www.laguiadepamplona.com\/actualidad\/wp-json\/wp\/v2\/comments?post=32716"}],"version-history":[{"count":0,"href":"https:\/\/www.laguiadepamplona.com\/actualidad\/wp-json\/wp\/v2\/posts\/32716\/revisions"}],"wp:featuredmedia":[{"embeddable":true,"href":"https:\/\/www.laguiadepamplona.com\/actualidad\/wp-json\/wp\/v2\/media\/32717"}],"wp:attachment":[{"href":"https:\/\/www.laguiadepamplona.com\/actualidad\/wp-json\/wp\/v2\/media?parent=32716"}],"wp:term":[{"taxonomy":"category","embeddable":true,"href":"https:\/\/www.laguiadepamplona.com\/actualidad\/wp-json\/wp\/v2\/categories?post=32716"},{"taxonomy":"post_tag","embeddable":true,"href":"https:\/\/www.laguiadepamplona.com\/actualidad\/wp-json\/wp\/v2\/tags?post=32716"}],"curies":[{"name":"wp","href":"https:\/\/api.w.org\/{rel}","templated":true}]}}