{"id":32707,"date":"2021-01-12T16:21:45","date_gmt":"2021-01-12T14:21:45","guid":{"rendered":"https:\/\/www.laguiadepamplona.es\/actualidad\/?p=32707"},"modified":"2021-01-12T16:21:45","modified_gmt":"2021-01-12T14:21:45","slug":"ayuntamiento-de-pamplona-y-uned-colaboraran-en-un-proyecto-de-investigacion-sobre-las-principales-problematicas-eticas-que-surgen-en-los-servicios-sociales","status":"publish","type":"post","link":"https:\/\/www.laguiadepamplona.com\/actualidad\/ayuntamiento-de-pamplona-y-uned-colaboraran-en-un-proyecto-de-investigacion-sobre-las-principales-problematicas-eticas-que-surgen-en-los-servicios-sociales\/","title":{"rendered":"Ayuntamiento de Pamplona y UNED colaborar\u00e1n en un proyecto de investigaci\u00f3n sobre las principales problem\u00e1ticas \u00e9ticas que surgen en los Servicios Sociales"},"content":{"rendered":"<h5>Este acuerdo se enmarca en un convenio marco m\u00e1s amplio para colaborar en la organizaci\u00f3n y realizaci\u00f3n de acciones formativas y culturales<\/h5>\n<p><!--more--><\/p>\n<p>La concejala delegada de Servicios Sociales, Acci\u00f3n Comunitaria y Deporte, Mar\u00eda Caballero, y la directora del Centro Asociado de la UNED en Pamplona, Carmen Jusu\u00e9, han firmado un convenio para la colaboraci\u00f3n en un proyecto de investigaci\u00f3n sobre los servicios sociales. El estudio trata de realizar un diagn\u00f3stico sobre las principales problem\u00e1ticas \u00e9ticas que surgen en los Servicios Sociales de Navarra.<\/p>\n<p><script async src=\"\/\/pagead2.googlesyndication.com\/pagead\/js\/adsbygoogle.js\"><\/script><br \/>\n<!-- Noticias La Guia de Pamplona --><br \/>\n<ins class=\"adsbygoogle\"\nstyle=\"display:block\"\ndata-ad-client=\"ca-pub-6943679897239327\"\ndata-ad-slot=\"7048180777\"\ndata-ad-format=\"auto\"><\/ins><br \/>\n<script>\n(adsbygoogle = window.adsbygoogle || []).push({});\n<\/script><\/p>\n<p>Los servicios sociales municipales de Pamplona con un elemento clave dentro de los servicios sociales de la Comunidad Foral, por lo que se propone realizar la investigaci\u00f3n centr\u00e1ndola en esos servicios del Ayuntamiento de Pamplona. El proyecto de investigaci\u00f3n, titulado \u2018Cuestiones \u00e9ticas en los Servicios Sociales de Navarra: Diagn\u00f3stico y propuestas de mejora\u2019 y liderado por la profesora \u2013 tutora de la UNED en Pamplona, Mar\u00eda Jes\u00fas \u00dariz Pem\u00e1n, parte de la base de la necesidad de convertir la \u00e9tica en el eje de las intervenciones profesionales que se realizan desde los Servicios Sociales. Para ello, se pretende realizar un primer estudio exploratorio para diagnosticar cu\u00e1les son las principales cuestiones \u00e9ticas que se suscitan entre las y los profesionales, as\u00ed como para crear unos primeros espacios de reflexi\u00f3n \u00e9tica en torno a esas problem\u00e1ticas.<\/p>\n<p>El Ayuntamiento de Pamplona se compromete a enviar por correo electr\u00f3nico a la plantilla de profesionales que trabajan en los servicios sociales municipales los cuestionarios de este estudio, invit\u00e1ndoles a que participen en esta investigaci\u00f3n. Para ello, podr\u00e1n rellenar de forma voluntaria y an\u00f3nima un cuestionario online con diversas preguntas, as\u00ed como establecer contacto con el equipo investigador para ser entrevistados. El equipo investigador de la UNED se compromete a dar cuenta de los resultados a la direcci\u00f3n del \u00e1rea de Servicios Sociales del Ayuntamiento.<\/p>\n<p><script async src=\"\/\/pagead2.googlesyndication.com\/pagead\/js\/adsbygoogle.js\"><\/script><br \/>\n<!-- Noticias La Guia de Pamplona --><br \/>\n<ins class=\"adsbygoogle\"\nstyle=\"display:block\"\ndata-ad-client=\"ca-pub-6943679897239327\"\ndata-ad-slot=\"7048180777\"\ndata-ad-format=\"auto\"><\/ins><br \/>\n<script>\n(adsbygoogle = window.adsbygoogle || []).push({});\n<\/script><\/p>\n<p><strong>Convenio marco para la colaboraci\u00f3n acad\u00e9mica, cultural y cient\u00edfica<\/strong><\/p>\n<p>Este acuerdo se enmarca en un convenio marco m\u00e1s amplio, tambi\u00e9n firmado esta ma\u00f1ana, en el que se establecen y desarrollan las relaciones acad\u00e9micas, culturales y cient\u00edficas entre el \u00e1rea de Servicios Sociales, Acci\u00f3n Comunitaria y Deporte del Ayuntamiento y UNED Pamplona. A trav\u00e9s de ese convenio marco se potenciar\u00e1 la organizaci\u00f3n y realizaci\u00f3n de acciones formativas concertadas, como conferencias, congresos, reuniones, seminarios, jornadas y cursos), mediante el intercambio de experiencias y conocimientos, de formadores y expertos, recursos did\u00e1cticos, infraestructuras docentes\u2026 en \u00e1reas de inter\u00e9s com\u00fan para ambas entidades.<\/p>\n<p>Asimismo, se promover\u00e1 la realizaci\u00f3n conjunta de estudios y proyectos de investigaci\u00f3n, as\u00ed como la publicaci\u00f3n de libros y trabajos de investigaci\u00f3n, y se articular\u00e1n sistemas de prestaci\u00f3n mutua de servicios sobre temas de inter\u00e9s com\u00fan. Por \u00faltimo, se fomentar\u00e1 la colaboraci\u00f3n para la organizaci\u00f3n conjunta de actividades culturales, as\u00ed como para la utilizaci\u00f3n de las instalaciones que para tal fin dispongan ambas partes.<\/p>\n<p>Ninguno de los dos convenios firmados esta ma\u00f1ana supone coste econ\u00f3mico para el Ayuntamiento de Pamplona. El diagn\u00f3stico sobre las problem\u00e1ticas \u00e9ticas en los Servicios Sociales de Navarra est\u00e1 financiado por la Fundaci\u00f3n La Caixa &#8211; Fundaci\u00f3n Caja Navarra y el convenio marco \u00fanicamente refleja posibles colaboraciones en el desarrollo de actividades y eventos que se plasmar\u00e1n en convenios espec\u00edficos que detallar\u00e1n la programaci\u00f3n de objetivos y actuaciones previstas acordadas.<\/p>\n","protected":false},"excerpt":{"rendered":"<p>Este acuerdo se enmarca en un convenio marco m\u00e1s amplio para colaborar en la organizaci\u00f3n y realizaci\u00f3n de acciones formativas y culturales<\/p>\n","protected":false},"author":1,"featured_media":32708,"comment_status":"open","ping_status":"closed","sticky":false,"template":"","format":"standard","meta":{"footnotes":""},"categories":[2],"tags":[],"class_list":["post-32707","post","type-post","status-publish","format-standard","has-post-thumbnail","hentry","category-ayuntamiento-pamplona"],"yoast_head":"<!-- This site is optimized with the Yoast SEO plugin v27.5 - https:\/\/yoast.com\/product\/yoast-seo-wordpress\/ -->\n<title>Ayuntamiento de Pamplona y UNED colaborar\u00e1n en un proyecto de investigaci\u00f3n sobre las principales problem\u00e1ticas \u00e9ticas que surgen en los Servicios Sociales<\/title>\n<meta name=\"description\" content=\"Este acuerdo se enmarca en un convenio marco m\u00e1s amplio para colaborar en la organizaci\u00f3n y realizaci\u00f3n de acciones formativas y culturales\" \/>\n<meta name=\"robots\" content=\"index, follow, max-snippet:-1, max-image-preview:large, max-video-preview:-1\" \/>\n<link rel=\"canonical\" href=\"https:\/\/www.laguiadepamplona.com\/actualidad\/ayuntamiento-de-pamplona-y-uned-colaboraran-en-un-proyecto-de-investigacion-sobre-las-principales-problematicas-eticas-que-surgen-en-los-servicios-sociales\/\" \/>\n<meta property=\"og:locale\" content=\"es_ES\" \/>\n<meta property=\"og:type\" content=\"article\" \/>\n<meta property=\"og:title\" content=\"Ayuntamiento de Pamplona y UNED colaborar\u00e1n en un proyecto de investigaci\u00f3n sobre las principales problem\u00e1ticas \u00e9ticas que surgen en los Servicios Sociales\" \/>\n<meta property=\"og:description\" content=\"Este acuerdo se enmarca en un convenio marco m\u00e1s amplio para colaborar en la organizaci\u00f3n y realizaci\u00f3n de acciones formativas y culturales\" \/>\n<meta property=\"og:url\" content=\"https:\/\/www.laguiadepamplona.com\/actualidad\/ayuntamiento-de-pamplona-y-uned-colaboraran-en-un-proyecto-de-investigacion-sobre-las-principales-problematicas-eticas-que-surgen-en-los-servicios-sociales\/\" \/>\n<meta property=\"og:site_name\" content=\"La Gu\u00eda de Pamplona\" \/>\n<meta property=\"article:publisher\" content=\"https:\/\/www.facebook.com\/laguiadepamplonacom-133175176762273\/?ref=hl\" \/>\n<meta property=\"article:published_time\" content=\"2021-01-12T14:21:45+00:00\" \/>\n<meta property=\"og:image\" content=\"https:\/\/www.laguiadepamplona.com\/actualidad\/wp-content\/uploads\/2021\/01\/uned_JGV6442.jpg\" \/>\n\t<meta property=\"og:image:width\" content=\"1920\" \/>\n\t<meta property=\"og:image:height\" content=\"1280\" \/>\n\t<meta property=\"og:image:type\" content=\"image\/jpeg\" \/>\n<meta name=\"author\" content=\"La Gu\u00eda de Pamplona\" \/>\n<meta name=\"twitter:card\" content=\"summary_large_image\" \/>\n<meta name=\"twitter:creator\" content=\"@LaGuiadPamplona\" \/>\n<meta name=\"twitter:site\" content=\"@LaGuiadPamplona\" \/>\n<meta name=\"twitter:label1\" content=\"Escrito por\" \/>\n\t<meta name=\"twitter:data1\" content=\"La Gu\u00eda de Pamplona\" \/>\n\t<meta name=\"twitter:label2\" content=\"Tiempo de lectura\" \/>\n\t<meta name=\"twitter:data2\" content=\"3 minutos\" \/>\n<script type=\"application\/ld+json\" class=\"yoast-schema-graph\">{\"@context\":\"https:\\\/\\\/schema.org\",\"@graph\":[{\"@type\":\"Article\",\"@id\":\"https:\\\/\\\/www.laguiadepamplona.com\\\/actualidad\\\/ayuntamiento-de-pamplona-y-uned-colaboraran-en-un-proyecto-de-investigacion-sobre-las-principales-problematicas-eticas-que-surgen-en-los-servicios-sociales\\\/#article\",\"isPartOf\":{\"@id\":\"https:\\\/\\\/www.laguiadepamplona.com\\\/actualidad\\\/ayuntamiento-de-pamplona-y-uned-colaboraran-en-un-proyecto-de-investigacion-sobre-las-principales-problematicas-eticas-que-surgen-en-los-servicios-sociales\\\/\"},\"author\":{\"name\":\"La Gu\u00eda de Pamplona\",\"@id\":\"https:\\\/\\\/www.laguiadepamplona.com\\\/actualidad\\\/#\\\/schema\\\/person\\\/efe887376f0213d4657c93adc50b1fdb\"},\"headline\":\"Ayuntamiento de Pamplona y UNED colaborar\u00e1n en un proyecto de investigaci\u00f3n sobre las principales problem\u00e1ticas \u00e9ticas que surgen en los Servicios Sociales\",\"datePublished\":\"2021-01-12T14:21:45+00:00\",\"mainEntityOfPage\":{\"@id\":\"https:\\\/\\\/www.laguiadepamplona.com\\\/actualidad\\\/ayuntamiento-de-pamplona-y-uned-colaboraran-en-un-proyecto-de-investigacion-sobre-las-principales-problematicas-eticas-que-surgen-en-los-servicios-sociales\\\/\"},\"wordCount\":619,\"commentCount\":0,\"publisher\":{\"@id\":\"https:\\\/\\\/www.laguiadepamplona.com\\\/actualidad\\\/#organization\"},\"image\":{\"@id\":\"https:\\\/\\\/www.laguiadepamplona.com\\\/actualidad\\\/ayuntamiento-de-pamplona-y-uned-colaboraran-en-un-proyecto-de-investigacion-sobre-las-principales-problematicas-eticas-que-surgen-en-los-servicios-sociales\\\/#primaryimage\"},\"thumbnailUrl\":\"https:\\\/\\\/www.laguiadepamplona.com\\\/actualidad\\\/wp-content\\\/uploads\\\/2021\\\/01\\\/uned_JGV6442.jpg\",\"articleSection\":[\"Ayto Pamplona\"],\"inLanguage\":\"es\",\"potentialAction\":[{\"@type\":\"CommentAction\",\"name\":\"Comment\",\"target\":[\"https:\\\/\\\/www.laguiadepamplona.com\\\/actualidad\\\/ayuntamiento-de-pamplona-y-uned-colaboraran-en-un-proyecto-de-investigacion-sobre-las-principales-problematicas-eticas-que-surgen-en-los-servicios-sociales\\\/#respond\"]}]},{\"@type\":\"WebPage\",\"@id\":\"https:\\\/\\\/www.laguiadepamplona.com\\\/actualidad\\\/ayuntamiento-de-pamplona-y-uned-colaboraran-en-un-proyecto-de-investigacion-sobre-las-principales-problematicas-eticas-que-surgen-en-los-servicios-sociales\\\/\",\"url\":\"https:\\\/\\\/www.laguiadepamplona.com\\\/actualidad\\\/ayuntamiento-de-pamplona-y-uned-colaboraran-en-un-proyecto-de-investigacion-sobre-las-principales-problematicas-eticas-que-surgen-en-los-servicios-sociales\\\/\",\"name\":\"Ayuntamiento de Pamplona y UNED colaborar\u00e1n en un proyecto de investigaci\u00f3n sobre las principales problem\u00e1ticas \u00e9ticas que surgen en los Servicios Sociales\",\"isPartOf\":{\"@id\":\"https:\\\/\\\/www.laguiadepamplona.com\\\/actualidad\\\/#website\"},\"primaryImageOfPage\":{\"@id\":\"https:\\\/\\\/www.laguiadepamplona.com\\\/actualidad\\\/ayuntamiento-de-pamplona-y-uned-colaboraran-en-un-proyecto-de-investigacion-sobre-las-principales-problematicas-eticas-que-surgen-en-los-servicios-sociales\\\/#primaryimage\"},\"image\":{\"@id\":\"https:\\\/\\\/www.laguiadepamplona.com\\\/actualidad\\\/ayuntamiento-de-pamplona-y-uned-colaboraran-en-un-proyecto-de-investigacion-sobre-las-principales-problematicas-eticas-que-surgen-en-los-servicios-sociales\\\/#primaryimage\"},\"thumbnailUrl\":\"https:\\\/\\\/www.laguiadepamplona.com\\\/actualidad\\\/wp-content\\\/uploads\\\/2021\\\/01\\\/uned_JGV6442.jpg\",\"datePublished\":\"2021-01-12T14:21:45+00:00\",\"description\":\"Este acuerdo se enmarca en un convenio marco m\u00e1s amplio para colaborar en la organizaci\u00f3n y realizaci\u00f3n de acciones formativas y culturales\",\"breadcrumb\":{\"@id\":\"https:\\\/\\\/www.laguiadepamplona.com\\\/actualidad\\\/ayuntamiento-de-pamplona-y-uned-colaboraran-en-un-proyecto-de-investigacion-sobre-las-principales-problematicas-eticas-que-surgen-en-los-servicios-sociales\\\/#breadcrumb\"},\"inLanguage\":\"es\",\"potentialAction\":[{\"@type\":\"ReadAction\",\"target\":[\"https:\\\/\\\/www.laguiadepamplona.com\\\/actualidad\\\/ayuntamiento-de-pamplona-y-uned-colaboraran-en-un-proyecto-de-investigacion-sobre-las-principales-problematicas-eticas-que-surgen-en-los-servicios-sociales\\\/\"]}]},{\"@type\":\"ImageObject\",\"inLanguage\":\"es\",\"@id\":\"https:\\\/\\\/www.laguiadepamplona.com\\\/actualidad\\\/ayuntamiento-de-pamplona-y-uned-colaboraran-en-un-proyecto-de-investigacion-sobre-las-principales-problematicas-eticas-que-surgen-en-los-servicios-sociales\\\/#primaryimage\",\"url\":\"https:\\\/\\\/www.laguiadepamplona.com\\\/actualidad\\\/wp-content\\\/uploads\\\/2021\\\/01\\\/uned_JGV6442.jpg\",\"contentUrl\":\"https:\\\/\\\/www.laguiadepamplona.com\\\/actualidad\\\/wp-content\\\/uploads\\\/2021\\\/01\\\/uned_JGV6442.jpg\",\"width\":1920,\"height\":1280,\"caption\":\"A* Jes\u00fas Garzaron F* 2021_01_12 T* Firma de convenio Mar\u00eda Caballero y UNED L* Zapater\u00eda 40\"},{\"@type\":\"BreadcrumbList\",\"@id\":\"https:\\\/\\\/www.laguiadepamplona.com\\\/actualidad\\\/ayuntamiento-de-pamplona-y-uned-colaboraran-en-un-proyecto-de-investigacion-sobre-las-principales-problematicas-eticas-que-surgen-en-los-servicios-sociales\\\/#breadcrumb\",\"itemListElement\":[{\"@type\":\"ListItem\",\"position\":1,\"name\":\"Portada\",\"item\":\"https:\\\/\\\/www.laguiadepamplona.com\\\/actualidad\\\/\"},{\"@type\":\"ListItem\",\"position\":2,\"name\":\"Ayuntamiento de Pamplona y UNED colaborar\u00e1n en un proyecto de investigaci\u00f3n sobre las principales problem\u00e1ticas \u00e9ticas que surgen en los Servicios Sociales\"}]},{\"@type\":\"WebSite\",\"@id\":\"https:\\\/\\\/www.laguiadepamplona.com\\\/actualidad\\\/#website\",\"url\":\"https:\\\/\\\/www.laguiadepamplona.com\\\/actualidad\\\/\",\"name\":\"La gu\u00eda de Pamplona\",\"description\":\"Noticias de Pamplona\",\"publisher\":{\"@id\":\"https:\\\/\\\/www.laguiadepamplona.com\\\/actualidad\\\/#organization\"},\"potentialAction\":[{\"@type\":\"SearchAction\",\"target\":{\"@type\":\"EntryPoint\",\"urlTemplate\":\"https:\\\/\\\/www.laguiadepamplona.com\\\/actualidad\\\/?s={search_term_string}\"},\"query-input\":{\"@type\":\"PropertyValueSpecification\",\"valueRequired\":true,\"valueName\":\"search_term_string\"}}],\"inLanguage\":\"es\"},{\"@type\":\"Organization\",\"@id\":\"https:\\\/\\\/www.laguiadepamplona.com\\\/actualidad\\\/#organization\",\"name\":\"La Gu\u00eda de Pamplona \\\/ Noticias\",\"url\":\"https:\\\/\\\/www.laguiadepamplona.com\\\/actualidad\\\/\",\"logo\":{\"@type\":\"ImageObject\",\"inLanguage\":\"es\",\"@id\":\"https:\\\/\\\/www.laguiadepamplona.com\\\/actualidad\\\/#\\\/schema\\\/logo\\\/image\\\/\",\"url\":\"https:\\\/\\\/www.laguiadepamplona.com\\\/actualidad\\\/wp-content\\\/uploads\\\/2018\\\/11\\\/logo-laguiadepamplona18-web1.png\",\"contentUrl\":\"https:\\\/\\\/www.laguiadepamplona.com\\\/actualidad\\\/wp-content\\\/uploads\\\/2018\\\/11\\\/logo-laguiadepamplona18-web1.png\",\"width\":600,\"height\":196,\"caption\":\"La Gu\u00eda de Pamplona \\\/ Noticias\"},\"image\":{\"@id\":\"https:\\\/\\\/www.laguiadepamplona.com\\\/actualidad\\\/#\\\/schema\\\/logo\\\/image\\\/\"},\"sameAs\":[\"https:\\\/\\\/www.facebook.com\\\/laguiadepamplonacom-133175176762273\\\/?ref=hl\",\"https:\\\/\\\/x.com\\\/LaGuiadPamplona\",\"https:\\\/\\\/www.instagram.com\\\/la_guia_de_pamplona\\\/\",\"https:\\\/\\\/www.youtube.com\\\/user\\\/laguiadepamplona\"]},{\"@type\":\"Person\",\"@id\":\"https:\\\/\\\/www.laguiadepamplona.com\\\/actualidad\\\/#\\\/schema\\\/person\\\/efe887376f0213d4657c93adc50b1fdb\",\"name\":\"La Gu\u00eda de Pamplona\",\"image\":{\"@type\":\"ImageObject\",\"inLanguage\":\"es\",\"@id\":\"https:\\\/\\\/secure.gravatar.com\\\/avatar\\\/b6992f131dc8d30ab0dff15446e9d346d9dbd95992de0fef795073f5ea83a81c?s=96&d=mm&r=g\",\"url\":\"https:\\\/\\\/secure.gravatar.com\\\/avatar\\\/b6992f131dc8d30ab0dff15446e9d346d9dbd95992de0fef795073f5ea83a81c?s=96&d=mm&r=g\",\"contentUrl\":\"https:\\\/\\\/secure.gravatar.com\\\/avatar\\\/b6992f131dc8d30ab0dff15446e9d346d9dbd95992de0fef795073f5ea83a81c?s=96&d=mm&r=g\",\"caption\":\"La Gu\u00eda de Pamplona\"}}]}<\/script>\n<!-- \/ Yoast SEO plugin. -->","yoast_head_json":{"title":"Ayuntamiento de Pamplona y UNED colaborar\u00e1n en un proyecto de investigaci\u00f3n sobre las principales problem\u00e1ticas \u00e9ticas que surgen en los Servicios Sociales","description":"Este acuerdo se enmarca en un convenio marco m\u00e1s amplio para colaborar en la organizaci\u00f3n y realizaci\u00f3n de acciones formativas y culturales","robots":{"index":"index","follow":"follow","max-snippet":"max-snippet:-1","max-image-preview":"max-image-preview:large","max-video-preview":"max-video-preview:-1"},"canonical":"https:\/\/www.laguiadepamplona.com\/actualidad\/ayuntamiento-de-pamplona-y-uned-colaboraran-en-un-proyecto-de-investigacion-sobre-las-principales-problematicas-eticas-que-surgen-en-los-servicios-sociales\/","og_locale":"es_ES","og_type":"article","og_title":"Ayuntamiento de Pamplona y UNED colaborar\u00e1n en un proyecto de investigaci\u00f3n sobre las principales problem\u00e1ticas \u00e9ticas que surgen en los Servicios Sociales","og_description":"Este acuerdo se enmarca en un convenio marco m\u00e1s amplio para colaborar en la organizaci\u00f3n y realizaci\u00f3n de acciones formativas y culturales","og_url":"https:\/\/www.laguiadepamplona.com\/actualidad\/ayuntamiento-de-pamplona-y-uned-colaboraran-en-un-proyecto-de-investigacion-sobre-las-principales-problematicas-eticas-que-surgen-en-los-servicios-sociales\/","og_site_name":"La Gu\u00eda de Pamplona","article_publisher":"https:\/\/www.facebook.com\/laguiadepamplonacom-133175176762273\/?ref=hl","article_published_time":"2021-01-12T14:21:45+00:00","og_image":[{"width":1920,"height":1280,"url":"https:\/\/www.laguiadepamplona.com\/actualidad\/wp-content\/uploads\/2021\/01\/uned_JGV6442.jpg","type":"image\/jpeg"}],"author":"La Gu\u00eda de Pamplona","twitter_card":"summary_large_image","twitter_creator":"@LaGuiadPamplona","twitter_site":"@LaGuiadPamplona","twitter_misc":{"Escrito por":"La Gu\u00eda de Pamplona","Tiempo de lectura":"3 minutos"},"schema":{"@context":"https:\/\/schema.org","@graph":[{"@type":"Article","@id":"https:\/\/www.laguiadepamplona.com\/actualidad\/ayuntamiento-de-pamplona-y-uned-colaboraran-en-un-proyecto-de-investigacion-sobre-las-principales-problematicas-eticas-que-surgen-en-los-servicios-sociales\/#article","isPartOf":{"@id":"https:\/\/www.laguiadepamplona.com\/actualidad\/ayuntamiento-de-pamplona-y-uned-colaboraran-en-un-proyecto-de-investigacion-sobre-las-principales-problematicas-eticas-que-surgen-en-los-servicios-sociales\/"},"author":{"name":"La Gu\u00eda de Pamplona","@id":"https:\/\/www.laguiadepamplona.com\/actualidad\/#\/schema\/person\/efe887376f0213d4657c93adc50b1fdb"},"headline":"Ayuntamiento de Pamplona y UNED colaborar\u00e1n en un proyecto de investigaci\u00f3n sobre las principales problem\u00e1ticas \u00e9ticas que surgen en los Servicios Sociales","datePublished":"2021-01-12T14:21:45+00:00","mainEntityOfPage":{"@id":"https:\/\/www.laguiadepamplona.com\/actualidad\/ayuntamiento-de-pamplona-y-uned-colaboraran-en-un-proyecto-de-investigacion-sobre-las-principales-problematicas-eticas-que-surgen-en-los-servicios-sociales\/"},"wordCount":619,"commentCount":0,"publisher":{"@id":"https:\/\/www.laguiadepamplona.com\/actualidad\/#organization"},"image":{"@id":"https:\/\/www.laguiadepamplona.com\/actualidad\/ayuntamiento-de-pamplona-y-uned-colaboraran-en-un-proyecto-de-investigacion-sobre-las-principales-problematicas-eticas-que-surgen-en-los-servicios-sociales\/#primaryimage"},"thumbnailUrl":"https:\/\/www.laguiadepamplona.com\/actualidad\/wp-content\/uploads\/2021\/01\/uned_JGV6442.jpg","articleSection":["Ayto Pamplona"],"inLanguage":"es","potentialAction":[{"@type":"CommentAction","name":"Comment","target":["https:\/\/www.laguiadepamplona.com\/actualidad\/ayuntamiento-de-pamplona-y-uned-colaboraran-en-un-proyecto-de-investigacion-sobre-las-principales-problematicas-eticas-que-surgen-en-los-servicios-sociales\/#respond"]}]},{"@type":"WebPage","@id":"https:\/\/www.laguiadepamplona.com\/actualidad\/ayuntamiento-de-pamplona-y-uned-colaboraran-en-un-proyecto-de-investigacion-sobre-las-principales-problematicas-eticas-que-surgen-en-los-servicios-sociales\/","url":"https:\/\/www.laguiadepamplona.com\/actualidad\/ayuntamiento-de-pamplona-y-uned-colaboraran-en-un-proyecto-de-investigacion-sobre-las-principales-problematicas-eticas-que-surgen-en-los-servicios-sociales\/","name":"Ayuntamiento de Pamplona y UNED colaborar\u00e1n en un proyecto de investigaci\u00f3n sobre las principales problem\u00e1ticas \u00e9ticas que surgen en los Servicios Sociales","isPartOf":{"@id":"https:\/\/www.laguiadepamplona.com\/actualidad\/#website"},"primaryImageOfPage":{"@id":"https:\/\/www.laguiadepamplona.com\/actualidad\/ayuntamiento-de-pamplona-y-uned-colaboraran-en-un-proyecto-de-investigacion-sobre-las-principales-problematicas-eticas-que-surgen-en-los-servicios-sociales\/#primaryimage"},"image":{"@id":"https:\/\/www.laguiadepamplona.com\/actualidad\/ayuntamiento-de-pamplona-y-uned-colaboraran-en-un-proyecto-de-investigacion-sobre-las-principales-problematicas-eticas-que-surgen-en-los-servicios-sociales\/#primaryimage"},"thumbnailUrl":"https:\/\/www.laguiadepamplona.com\/actualidad\/wp-content\/uploads\/2021\/01\/uned_JGV6442.jpg","datePublished":"2021-01-12T14:21:45+00:00","description":"Este acuerdo se enmarca en un convenio marco m\u00e1s amplio para colaborar en la organizaci\u00f3n y realizaci\u00f3n de acciones formativas y culturales","breadcrumb":{"@id":"https:\/\/www.laguiadepamplona.com\/actualidad\/ayuntamiento-de-pamplona-y-uned-colaboraran-en-un-proyecto-de-investigacion-sobre-las-principales-problematicas-eticas-que-surgen-en-los-servicios-sociales\/#breadcrumb"},"inLanguage":"es","potentialAction":[{"@type":"ReadAction","target":["https:\/\/www.laguiadepamplona.com\/actualidad\/ayuntamiento-de-pamplona-y-uned-colaboraran-en-un-proyecto-de-investigacion-sobre-las-principales-problematicas-eticas-que-surgen-en-los-servicios-sociales\/"]}]},{"@type":"ImageObject","inLanguage":"es","@id":"https:\/\/www.laguiadepamplona.com\/actualidad\/ayuntamiento-de-pamplona-y-uned-colaboraran-en-un-proyecto-de-investigacion-sobre-las-principales-problematicas-eticas-que-surgen-en-los-servicios-sociales\/#primaryimage","url":"https:\/\/www.laguiadepamplona.com\/actualidad\/wp-content\/uploads\/2021\/01\/uned_JGV6442.jpg","contentUrl":"https:\/\/www.laguiadepamplona.com\/actualidad\/wp-content\/uploads\/2021\/01\/uned_JGV6442.jpg","width":1920,"height":1280,"caption":"A* Jes\u00fas Garzaron F* 2021_01_12 T* Firma de convenio Mar\u00eda Caballero y UNED L* Zapater\u00eda 40"},{"@type":"BreadcrumbList","@id":"https:\/\/www.laguiadepamplona.com\/actualidad\/ayuntamiento-de-pamplona-y-uned-colaboraran-en-un-proyecto-de-investigacion-sobre-las-principales-problematicas-eticas-que-surgen-en-los-servicios-sociales\/#breadcrumb","itemListElement":[{"@type":"ListItem","position":1,"name":"Portada","item":"https:\/\/www.laguiadepamplona.com\/actualidad\/"},{"@type":"ListItem","position":2,"name":"Ayuntamiento de Pamplona y UNED colaborar\u00e1n en un proyecto de investigaci\u00f3n sobre las principales problem\u00e1ticas \u00e9ticas que surgen en los Servicios Sociales"}]},{"@type":"WebSite","@id":"https:\/\/www.laguiadepamplona.com\/actualidad\/#website","url":"https:\/\/www.laguiadepamplona.com\/actualidad\/","name":"La gu\u00eda de Pamplona","description":"Noticias de Pamplona","publisher":{"@id":"https:\/\/www.laguiadepamplona.com\/actualidad\/#organization"},"potentialAction":[{"@type":"SearchAction","target":{"@type":"EntryPoint","urlTemplate":"https:\/\/www.laguiadepamplona.com\/actualidad\/?s={search_term_string}"},"query-input":{"@type":"PropertyValueSpecification","valueRequired":true,"valueName":"search_term_string"}}],"inLanguage":"es"},{"@type":"Organization","@id":"https:\/\/www.laguiadepamplona.com\/actualidad\/#organization","name":"La Gu\u00eda de Pamplona \/ Noticias","url":"https:\/\/www.laguiadepamplona.com\/actualidad\/","logo":{"@type":"ImageObject","inLanguage":"es","@id":"https:\/\/www.laguiadepamplona.com\/actualidad\/#\/schema\/logo\/image\/","url":"https:\/\/www.laguiadepamplona.com\/actualidad\/wp-content\/uploads\/2018\/11\/logo-laguiadepamplona18-web1.png","contentUrl":"https:\/\/www.laguiadepamplona.com\/actualidad\/wp-content\/uploads\/2018\/11\/logo-laguiadepamplona18-web1.png","width":600,"height":196,"caption":"La Gu\u00eda de Pamplona \/ Noticias"},"image":{"@id":"https:\/\/www.laguiadepamplona.com\/actualidad\/#\/schema\/logo\/image\/"},"sameAs":["https:\/\/www.facebook.com\/laguiadepamplonacom-133175176762273\/?ref=hl","https:\/\/x.com\/LaGuiadPamplona","https:\/\/www.instagram.com\/la_guia_de_pamplona\/","https:\/\/www.youtube.com\/user\/laguiadepamplona"]},{"@type":"Person","@id":"https:\/\/www.laguiadepamplona.com\/actualidad\/#\/schema\/person\/efe887376f0213d4657c93adc50b1fdb","name":"La Gu\u00eda de Pamplona","image":{"@type":"ImageObject","inLanguage":"es","@id":"https:\/\/secure.gravatar.com\/avatar\/b6992f131dc8d30ab0dff15446e9d346d9dbd95992de0fef795073f5ea83a81c?s=96&d=mm&r=g","url":"https:\/\/secure.gravatar.com\/avatar\/b6992f131dc8d30ab0dff15446e9d346d9dbd95992de0fef795073f5ea83a81c?s=96&d=mm&r=g","contentUrl":"https:\/\/secure.gravatar.com\/avatar\/b6992f131dc8d30ab0dff15446e9d346d9dbd95992de0fef795073f5ea83a81c?s=96&d=mm&r=g","caption":"La Gu\u00eda de Pamplona"}}]}},"post_mailing_queue_ids":[],"_links":{"self":[{"href":"https:\/\/www.laguiadepamplona.com\/actualidad\/wp-json\/wp\/v2\/posts\/32707","targetHints":{"allow":["GET"]}}],"collection":[{"href":"https:\/\/www.laguiadepamplona.com\/actualidad\/wp-json\/wp\/v2\/posts"}],"about":[{"href":"https:\/\/www.laguiadepamplona.com\/actualidad\/wp-json\/wp\/v2\/types\/post"}],"author":[{"embeddable":true,"href":"https:\/\/www.laguiadepamplona.com\/actualidad\/wp-json\/wp\/v2\/users\/1"}],"replies":[{"embeddable":true,"href":"https:\/\/www.laguiadepamplona.com\/actualidad\/wp-json\/wp\/v2\/comments?post=32707"}],"version-history":[{"count":0,"href":"https:\/\/www.laguiadepamplona.com\/actualidad\/wp-json\/wp\/v2\/posts\/32707\/revisions"}],"wp:featuredmedia":[{"embeddable":true,"href":"https:\/\/www.laguiadepamplona.com\/actualidad\/wp-json\/wp\/v2\/media\/32708"}],"wp:attachment":[{"href":"https:\/\/www.laguiadepamplona.com\/actualidad\/wp-json\/wp\/v2\/media?parent=32707"}],"wp:term":[{"taxonomy":"category","embeddable":true,"href":"https:\/\/www.laguiadepamplona.com\/actualidad\/wp-json\/wp\/v2\/categories?post=32707"},{"taxonomy":"post_tag","embeddable":true,"href":"https:\/\/www.laguiadepamplona.com\/actualidad\/wp-json\/wp\/v2\/tags?post=32707"}],"curies":[{"name":"wp","href":"https:\/\/api.w.org\/{rel}","templated":true}]}}