{"id":32705,"date":"2021-01-12T16:18:29","date_gmt":"2021-01-12T14:18:29","guid":{"rendered":"https:\/\/www.laguiadepamplona.es\/actualidad\/?p=32705"},"modified":"2021-01-12T16:18:29","modified_gmt":"2021-01-12T14:18:29","slug":"danz-espacio-de-danza-comienza-este-miercoles-con-la-actuacion-de-la-faktoria-internacional-choreographic-centre-en-civivox-iturrama","status":"publish","type":"post","link":"https:\/\/www.laguiadepamplona.com\/actualidad\/danz-espacio-de-danza-comienza-este-miercoles-con-la-actuacion-de-la-faktoria-internacional-choreographic-centre-en-civivox-iturrama\/","title":{"rendered":"\u2018Danz. Espacio de danza\u2019 comienza este mi\u00e9rcoles con la actuaci\u00f3n de La Faktor\u00eda Internacional Choreographic Centre en Civivox Iturrama"},"content":{"rendered":"<h5>El ciclo incluye la actuaci\u00f3n de Atena y Laura Morales y para p\u00fablico familiar una propuesta de Zig Zag Danza y una conferencia bailada con Toni Jodar<\/h5>\n<p><!--more--><\/p>\n<p>\u2018Danz. Espacio de danza\u2019 organizado por el Ayuntamiento de Pamplona va a presentar este mes de enero en Civivox Iturrama los espect\u00e1culos de La Faktor\u00eda Internacional Choreographic Centre, de Laura Morales con Julius Gilbert, de la Compa\u00f1\u00eda Art\u00edstica Atena y de Zig Zag Danza, adem\u00e1s de una conferencia bailada con Toni Jodar. Las entradas cuestan 3 euros y se pueden adquirir con inscripci\u00f3n previa en <a href=\"http:\/\/www.pamplonaescultura.es\" target=\"_blank\" rel=\"noopener\">www.pamplonaescultura.es<\/a>, cualquier centro Civivox o el tel\u00e9fono 010 y 948420100.<\/p>\n<p>Comenzar\u00e1 ma\u00f1ana mi\u00e9rcoles, 13 de enero, con \u2018Trabajos en proceso (cara B)\u2019, una muestra experimental del trabajo \u2018en proceso\u2019 de algunos de los grupos de la Faktor\u00eda International Choreographic Centre, centro de creaci\u00f3n y ense\u00f1anzas profesionales de danza contempor\u00e1nea. Se presentan estos trabajos p\u00fablicamente con la intenci\u00f3n de interactuar con el p\u00fablico que, de este modo, se implica en el proceso creativo y expresivo. La Faktor\u00eda International Choreographic Centre regresar\u00e1 al escenario de Civivox Iturrama el mi\u00e9rcoles 20 de enero. En ambas ocasiones la actuaci\u00f3n comienza a las 19.30 horas.<\/p>\n<p><script async src=\"\/\/pagead2.googlesyndication.com\/pagead\/js\/adsbygoogle.js\"><\/script><br \/>\n<!-- Noticias La Guia de Pamplona --><br \/>\n<ins class=\"adsbygoogle\"\nstyle=\"display:block\"\ndata-ad-client=\"ca-pub-6943679897239327\"\ndata-ad-slot=\"7048180777\"\ndata-ad-format=\"auto\"><\/ins><br \/>\n<script>\n(adsbygoogle = window.adsbygoogle || []).push({});\n<\/script><\/p>\n<p><strong>Diferentes propuestas que presentan la danza actual<\/strong><\/p>\n<p>El jueves, 14 de enero, ser\u00e1 el turno de Laura Palmer y Julius Gilbert que presentar\u00e1n la obra \u2018Me. Laura Palmer\u2019 a las 19.30 horas. La popular serie televisiva de los 90, Twin Peaks es el imaginario del que parte el \u00faltimo trabajo de la polifac\u00e9tica bailarina y creadora sevillana Laura Morales. La obra habla del g\u00e9nero, la mujer y su emancipaci\u00f3n, narrando c\u00f3mo un crimen revela la aut\u00e9ntica identidad de una ciudad.<\/p>\n<p>La metodolog\u00eda empleada en este trabajo es la cinematograf\u00eda de la serie de televisi\u00f3n en la que se inspiran tanto para la creaci\u00f3n de los personajes, como para la creaci\u00f3n de la atm\u00f3sfera, la banda sonora y la escenograf\u00eda. El espect\u00e1culo se convierte en una investigaci\u00f3n de las diferentes cualidades f\u00edsicas que el cuerpo humano desarrolla ante un contacto de opresi\u00f3n. De este modo, se crean m\u00faltiples posibilidades de presi\u00f3n f\u00edsica para ver c\u00f3mo esa acci\u00f3n de reducci\u00f3n afecta a la totalidad del cuerpo humano.<\/p>\n<p>La Compa\u00f1\u00eda Art\u00edstica Atena pondr\u00e1 en escena \u2018Momentos Meraki\u2019, inspirada en la colecci\u00f3n de cuadros \u201cMeraki: miradas de mujer\u201d creada por el alumnado de su escuela de artes esc\u00e9nicas y teniendo en cuenta el significado de la palabra griega meraki: \u201chacer algo con amor y creatividad, poniendo el alma en ello\u201d. En el espect\u00e1culo, la compa\u00f1\u00eda lleva al movimiento la idea pl\u00e1stica inicial, presentando en el escenario la transformaci\u00f3n del t\u00e9rmino \u2018empoderamiento\u2019, entendido como una distribuci\u00f3n equitativa donde el foco no recae en otorgar poder a la mujer, sino que el otro ceda parte de su poder buscando el equilibrio e inclusi\u00f3n entre todas las personas.<\/p>\n<p>A trav\u00e9s de un viaje por diferentes ambientes espaciales se invita al p\u00fablico a reflexionar sobre el papel de la mujer en el mundo art\u00edstico a lo largo de los a\u00f1os. Al mismo tiempo, la propia escena se convierte en un \u2018espejo\u2019 mostrando al el reflejo y la visi\u00f3n de esta nueva conceptualizaci\u00f3n de la sociedad. Ser\u00e1 el 21 de enero a las 19.30 horas.<\/p>\n<p><script async src=\"\/\/pagead2.googlesyndication.com\/pagead\/js\/adsbygoogle.js\"><\/script><br \/>\n<!-- Noticias La Guia de Pamplona --><br \/>\n<ins class=\"adsbygoogle\"\nstyle=\"display:block\"\ndata-ad-client=\"ca-pub-6943679897239327\"\ndata-ad-slot=\"7048180777\"\ndata-ad-format=\"auto\"><\/ins><br \/>\n<script>\n(adsbygoogle = window.adsbygoogle || []).push({});\n<\/script><\/p>\n<p><strong>Programaci\u00f3n especial para p\u00fablico familiar<\/strong><\/p>\n<p>\u2018Danz. Espacio de danza\u2019 ha reservado un espacio para la programaci\u00f3n familiar con propuestas a partir de las 18 horas. El s\u00e1bado 16 de enero se pondr\u00e1 en escena \u2018Una conferencia bailada. Tendencias actuales\u2019 de la mano de Explica Danza y Toni Jodar. Es una performance pedag\u00f3gica para todos los p\u00fablicos, pero dirigida principalmente a mayores de 12 a\u00f1os o menores en compa\u00f1\u00eda de una persona adulta. Durante la actuaci\u00f3n, un bailar\u00edn explica la danza desde la palabra, el movimiento, las im\u00e1genes y la experiencia profesional. El nuevo \u2018relato\u2019 de Toni Jodar se presenta en su formato habitual, entre la conferencia y el espect\u00e1culo. Habla de la historia reciente y las tendencias actuales, rememorando a los maestros que han marcado sus experiencias profesionales y el momento actual de la danza en el que prima la hibridaci\u00f3n y el contacto con las artes pl\u00e1sticas, la revisi\u00f3n de historias y territorios, el gusto por el movimiento, y el humor.<\/p>\n<p>El s\u00e1bado 23 de enero estar\u00e1 en el Civivox Iturrama Zigzag Danza con \u2018Jard\u00edn secreto (DanZ)\u2019, Premio Oh! de las artes esc\u00e9nicas a la mejor composici\u00f3n musical original. El grupo presenta un jard\u00edn en el que fluye el infinito ciclo de la vida, estimulando los sentidos de los m\u00e1s peque\u00f1os ante los que se despliega un universo visual y sonoro que se transforma de forma constante. Un trabajo po\u00e9tico de movimiento est\u00e1tico y de quietud din\u00e1mica, porque todo est\u00e1 parado y nada se detiene.<\/p>\n","protected":false},"excerpt":{"rendered":"<p>El ciclo incluye la actuaci\u00f3n de Atena y Laura Morales y para p\u00fablico familiar una propuesta de Zig Zag Danza y una conferencia bailada con Toni Jodar<\/p>\n","protected":false},"author":1,"featured_media":28184,"comment_status":"open","ping_status":"closed","sticky":false,"template":"","format":"standard","meta":{"footnotes":""},"categories":[2],"tags":[],"class_list":["post-32705","post","type-post","status-publish","format-standard","has-post-thumbnail","hentry","category-ayuntamiento-pamplona"],"yoast_head":"<!-- This site is optimized with the Yoast SEO plugin v27.5 - https:\/\/yoast.com\/product\/yoast-seo-wordpress\/ -->\n<title>\u2018Danz. Espacio de danza\u2019 comienza este mi\u00e9rcoles con la actuaci\u00f3n de La Faktor\u00eda Internacional Choreographic Centre en Civivox Iturrama<\/title>\n<meta name=\"description\" content=\"El ciclo incluye la actuaci\u00f3n de Atena y Laura Morales y para p\u00fablico familiar una propuesta de Zig Zag Danza y una conferencia bailada con Toni Jodar\" \/>\n<meta name=\"robots\" content=\"index, follow, max-snippet:-1, max-image-preview:large, max-video-preview:-1\" \/>\n<link rel=\"canonical\" href=\"https:\/\/www.laguiadepamplona.com\/actualidad\/danz-espacio-de-danza-comienza-este-miercoles-con-la-actuacion-de-la-faktoria-internacional-choreographic-centre-en-civivox-iturrama\/\" \/>\n<meta property=\"og:locale\" content=\"es_ES\" \/>\n<meta property=\"og:type\" content=\"article\" \/>\n<meta property=\"og:title\" content=\"\u2018Danz. Espacio de danza\u2019 comienza este mi\u00e9rcoles con la actuaci\u00f3n de La Faktor\u00eda Internacional Choreographic Centre en Civivox Iturrama\" \/>\n<meta property=\"og:description\" content=\"El ciclo incluye la actuaci\u00f3n de Atena y Laura Morales y para p\u00fablico familiar una propuesta de Zig Zag Danza y una conferencia bailada con Toni Jodar\" \/>\n<meta property=\"og:url\" content=\"https:\/\/www.laguiadepamplona.com\/actualidad\/danz-espacio-de-danza-comienza-este-miercoles-con-la-actuacion-de-la-faktoria-internacional-choreographic-centre-en-civivox-iturrama\/\" \/>\n<meta property=\"og:site_name\" content=\"La Gu\u00eda de Pamplona\" \/>\n<meta property=\"article:publisher\" content=\"https:\/\/www.facebook.com\/laguiadepamplonacom-133175176762273\/?ref=hl\" \/>\n<meta property=\"article:published_time\" content=\"2021-01-12T14:18:29+00:00\" \/>\n<meta property=\"og:image\" content=\"https:\/\/www.laguiadepamplona.com\/actualidad\/wp-content\/uploads\/2020\/02\/civivox-iturrama-2020.jpeg\" \/>\n\t<meta property=\"og:image:width\" content=\"1920\" \/>\n\t<meta property=\"og:image:height\" content=\"1187\" \/>\n\t<meta property=\"og:image:type\" content=\"image\/jpeg\" \/>\n<meta name=\"author\" content=\"La Gu\u00eda de Pamplona\" \/>\n<meta name=\"twitter:card\" content=\"summary_large_image\" \/>\n<meta name=\"twitter:creator\" content=\"@LaGuiadPamplona\" \/>\n<meta name=\"twitter:site\" content=\"@LaGuiadPamplona\" \/>\n<meta name=\"twitter:label1\" content=\"Escrito por\" \/>\n\t<meta name=\"twitter:data1\" content=\"La Gu\u00eda de Pamplona\" \/>\n\t<meta name=\"twitter:label2\" content=\"Tiempo de lectura\" \/>\n\t<meta name=\"twitter:data2\" content=\"4 minutos\" \/>\n<script type=\"application\/ld+json\" class=\"yoast-schema-graph\">{\"@context\":\"https:\\\/\\\/schema.org\",\"@graph\":[{\"@type\":\"Article\",\"@id\":\"https:\\\/\\\/www.laguiadepamplona.com\\\/actualidad\\\/danz-espacio-de-danza-comienza-este-miercoles-con-la-actuacion-de-la-faktoria-internacional-choreographic-centre-en-civivox-iturrama\\\/#article\",\"isPartOf\":{\"@id\":\"https:\\\/\\\/www.laguiadepamplona.com\\\/actualidad\\\/danz-espacio-de-danza-comienza-este-miercoles-con-la-actuacion-de-la-faktoria-internacional-choreographic-centre-en-civivox-iturrama\\\/\"},\"author\":{\"name\":\"La Gu\u00eda de Pamplona\",\"@id\":\"https:\\\/\\\/www.laguiadepamplona.com\\\/actualidad\\\/#\\\/schema\\\/person\\\/efe887376f0213d4657c93adc50b1fdb\"},\"headline\":\"\u2018Danz. Espacio de danza\u2019 comienza este mi\u00e9rcoles con la actuaci\u00f3n de La Faktor\u00eda Internacional Choreographic Centre en Civivox Iturrama\",\"datePublished\":\"2021-01-12T14:18:29+00:00\",\"mainEntityOfPage\":{\"@id\":\"https:\\\/\\\/www.laguiadepamplona.com\\\/actualidad\\\/danz-espacio-de-danza-comienza-este-miercoles-con-la-actuacion-de-la-faktoria-internacional-choreographic-centre-en-civivox-iturrama\\\/\"},\"wordCount\":869,\"commentCount\":0,\"publisher\":{\"@id\":\"https:\\\/\\\/www.laguiadepamplona.com\\\/actualidad\\\/#organization\"},\"image\":{\"@id\":\"https:\\\/\\\/www.laguiadepamplona.com\\\/actualidad\\\/danz-espacio-de-danza-comienza-este-miercoles-con-la-actuacion-de-la-faktoria-internacional-choreographic-centre-en-civivox-iturrama\\\/#primaryimage\"},\"thumbnailUrl\":\"https:\\\/\\\/www.laguiadepamplona.com\\\/actualidad\\\/wp-content\\\/uploads\\\/2020\\\/02\\\/civivox-iturrama-2020.jpeg\",\"articleSection\":[\"Ayto Pamplona\"],\"inLanguage\":\"es\",\"potentialAction\":[{\"@type\":\"CommentAction\",\"name\":\"Comment\",\"target\":[\"https:\\\/\\\/www.laguiadepamplona.com\\\/actualidad\\\/danz-espacio-de-danza-comienza-este-miercoles-con-la-actuacion-de-la-faktoria-internacional-choreographic-centre-en-civivox-iturrama\\\/#respond\"]}]},{\"@type\":\"WebPage\",\"@id\":\"https:\\\/\\\/www.laguiadepamplona.com\\\/actualidad\\\/danz-espacio-de-danza-comienza-este-miercoles-con-la-actuacion-de-la-faktoria-internacional-choreographic-centre-en-civivox-iturrama\\\/\",\"url\":\"https:\\\/\\\/www.laguiadepamplona.com\\\/actualidad\\\/danz-espacio-de-danza-comienza-este-miercoles-con-la-actuacion-de-la-faktoria-internacional-choreographic-centre-en-civivox-iturrama\\\/\",\"name\":\"\u2018Danz. Espacio de danza\u2019 comienza este mi\u00e9rcoles con la actuaci\u00f3n de La Faktor\u00eda Internacional Choreographic Centre en Civivox Iturrama\",\"isPartOf\":{\"@id\":\"https:\\\/\\\/www.laguiadepamplona.com\\\/actualidad\\\/#website\"},\"primaryImageOfPage\":{\"@id\":\"https:\\\/\\\/www.laguiadepamplona.com\\\/actualidad\\\/danz-espacio-de-danza-comienza-este-miercoles-con-la-actuacion-de-la-faktoria-internacional-choreographic-centre-en-civivox-iturrama\\\/#primaryimage\"},\"image\":{\"@id\":\"https:\\\/\\\/www.laguiadepamplona.com\\\/actualidad\\\/danz-espacio-de-danza-comienza-este-miercoles-con-la-actuacion-de-la-faktoria-internacional-choreographic-centre-en-civivox-iturrama\\\/#primaryimage\"},\"thumbnailUrl\":\"https:\\\/\\\/www.laguiadepamplona.com\\\/actualidad\\\/wp-content\\\/uploads\\\/2020\\\/02\\\/civivox-iturrama-2020.jpeg\",\"datePublished\":\"2021-01-12T14:18:29+00:00\",\"description\":\"El ciclo incluye la actuaci\u00f3n de Atena y Laura Morales y para p\u00fablico familiar una propuesta de Zig Zag Danza y una conferencia bailada con Toni Jodar\",\"breadcrumb\":{\"@id\":\"https:\\\/\\\/www.laguiadepamplona.com\\\/actualidad\\\/danz-espacio-de-danza-comienza-este-miercoles-con-la-actuacion-de-la-faktoria-internacional-choreographic-centre-en-civivox-iturrama\\\/#breadcrumb\"},\"inLanguage\":\"es\",\"potentialAction\":[{\"@type\":\"ReadAction\",\"target\":[\"https:\\\/\\\/www.laguiadepamplona.com\\\/actualidad\\\/danz-espacio-de-danza-comienza-este-miercoles-con-la-actuacion-de-la-faktoria-internacional-choreographic-centre-en-civivox-iturrama\\\/\"]}]},{\"@type\":\"ImageObject\",\"inLanguage\":\"es\",\"@id\":\"https:\\\/\\\/www.laguiadepamplona.com\\\/actualidad\\\/danz-espacio-de-danza-comienza-este-miercoles-con-la-actuacion-de-la-faktoria-internacional-choreographic-centre-en-civivox-iturrama\\\/#primaryimage\",\"url\":\"https:\\\/\\\/www.laguiadepamplona.com\\\/actualidad\\\/wp-content\\\/uploads\\\/2020\\\/02\\\/civivox-iturrama-2020.jpeg\",\"contentUrl\":\"https:\\\/\\\/www.laguiadepamplona.com\\\/actualidad\\\/wp-content\\\/uploads\\\/2020\\\/02\\\/civivox-iturrama-2020.jpeg\",\"width\":1920,\"height\":1187,\"caption\":\"dav\"},{\"@type\":\"BreadcrumbList\",\"@id\":\"https:\\\/\\\/www.laguiadepamplona.com\\\/actualidad\\\/danz-espacio-de-danza-comienza-este-miercoles-con-la-actuacion-de-la-faktoria-internacional-choreographic-centre-en-civivox-iturrama\\\/#breadcrumb\",\"itemListElement\":[{\"@type\":\"ListItem\",\"position\":1,\"name\":\"Portada\",\"item\":\"https:\\\/\\\/www.laguiadepamplona.com\\\/actualidad\\\/\"},{\"@type\":\"ListItem\",\"position\":2,\"name\":\"\u2018Danz. Espacio de danza\u2019 comienza este mi\u00e9rcoles con la actuaci\u00f3n de La Faktor\u00eda Internacional Choreographic Centre en Civivox Iturrama\"}]},{\"@type\":\"WebSite\",\"@id\":\"https:\\\/\\\/www.laguiadepamplona.com\\\/actualidad\\\/#website\",\"url\":\"https:\\\/\\\/www.laguiadepamplona.com\\\/actualidad\\\/\",\"name\":\"La gu\u00eda de Pamplona\",\"description\":\"Noticias de Pamplona\",\"publisher\":{\"@id\":\"https:\\\/\\\/www.laguiadepamplona.com\\\/actualidad\\\/#organization\"},\"potentialAction\":[{\"@type\":\"SearchAction\",\"target\":{\"@type\":\"EntryPoint\",\"urlTemplate\":\"https:\\\/\\\/www.laguiadepamplona.com\\\/actualidad\\\/?s={search_term_string}\"},\"query-input\":{\"@type\":\"PropertyValueSpecification\",\"valueRequired\":true,\"valueName\":\"search_term_string\"}}],\"inLanguage\":\"es\"},{\"@type\":\"Organization\",\"@id\":\"https:\\\/\\\/www.laguiadepamplona.com\\\/actualidad\\\/#organization\",\"name\":\"La Gu\u00eda de Pamplona \\\/ Noticias\",\"url\":\"https:\\\/\\\/www.laguiadepamplona.com\\\/actualidad\\\/\",\"logo\":{\"@type\":\"ImageObject\",\"inLanguage\":\"es\",\"@id\":\"https:\\\/\\\/www.laguiadepamplona.com\\\/actualidad\\\/#\\\/schema\\\/logo\\\/image\\\/\",\"url\":\"https:\\\/\\\/www.laguiadepamplona.com\\\/actualidad\\\/wp-content\\\/uploads\\\/2018\\\/11\\\/logo-laguiadepamplona18-web1.png\",\"contentUrl\":\"https:\\\/\\\/www.laguiadepamplona.com\\\/actualidad\\\/wp-content\\\/uploads\\\/2018\\\/11\\\/logo-laguiadepamplona18-web1.png\",\"width\":600,\"height\":196,\"caption\":\"La Gu\u00eda de Pamplona \\\/ Noticias\"},\"image\":{\"@id\":\"https:\\\/\\\/www.laguiadepamplona.com\\\/actualidad\\\/#\\\/schema\\\/logo\\\/image\\\/\"},\"sameAs\":[\"https:\\\/\\\/www.facebook.com\\\/laguiadepamplonacom-133175176762273\\\/?ref=hl\",\"https:\\\/\\\/x.com\\\/LaGuiadPamplona\",\"https:\\\/\\\/www.instagram.com\\\/la_guia_de_pamplona\\\/\",\"https:\\\/\\\/www.youtube.com\\\/user\\\/laguiadepamplona\"]},{\"@type\":\"Person\",\"@id\":\"https:\\\/\\\/www.laguiadepamplona.com\\\/actualidad\\\/#\\\/schema\\\/person\\\/efe887376f0213d4657c93adc50b1fdb\",\"name\":\"La Gu\u00eda de Pamplona\",\"image\":{\"@type\":\"ImageObject\",\"inLanguage\":\"es\",\"@id\":\"https:\\\/\\\/secure.gravatar.com\\\/avatar\\\/b6992f131dc8d30ab0dff15446e9d346d9dbd95992de0fef795073f5ea83a81c?s=96&d=mm&r=g\",\"url\":\"https:\\\/\\\/secure.gravatar.com\\\/avatar\\\/b6992f131dc8d30ab0dff15446e9d346d9dbd95992de0fef795073f5ea83a81c?s=96&d=mm&r=g\",\"contentUrl\":\"https:\\\/\\\/secure.gravatar.com\\\/avatar\\\/b6992f131dc8d30ab0dff15446e9d346d9dbd95992de0fef795073f5ea83a81c?s=96&d=mm&r=g\",\"caption\":\"La Gu\u00eda de Pamplona\"}}]}<\/script>\n<!-- \/ Yoast SEO plugin. -->","yoast_head_json":{"title":"\u2018Danz. Espacio de danza\u2019 comienza este mi\u00e9rcoles con la actuaci\u00f3n de La Faktor\u00eda Internacional Choreographic Centre en Civivox Iturrama","description":"El ciclo incluye la actuaci\u00f3n de Atena y Laura Morales y para p\u00fablico familiar una propuesta de Zig Zag Danza y una conferencia bailada con Toni Jodar","robots":{"index":"index","follow":"follow","max-snippet":"max-snippet:-1","max-image-preview":"max-image-preview:large","max-video-preview":"max-video-preview:-1"},"canonical":"https:\/\/www.laguiadepamplona.com\/actualidad\/danz-espacio-de-danza-comienza-este-miercoles-con-la-actuacion-de-la-faktoria-internacional-choreographic-centre-en-civivox-iturrama\/","og_locale":"es_ES","og_type":"article","og_title":"\u2018Danz. Espacio de danza\u2019 comienza este mi\u00e9rcoles con la actuaci\u00f3n de La Faktor\u00eda Internacional Choreographic Centre en Civivox Iturrama","og_description":"El ciclo incluye la actuaci\u00f3n de Atena y Laura Morales y para p\u00fablico familiar una propuesta de Zig Zag Danza y una conferencia bailada con Toni Jodar","og_url":"https:\/\/www.laguiadepamplona.com\/actualidad\/danz-espacio-de-danza-comienza-este-miercoles-con-la-actuacion-de-la-faktoria-internacional-choreographic-centre-en-civivox-iturrama\/","og_site_name":"La Gu\u00eda de Pamplona","article_publisher":"https:\/\/www.facebook.com\/laguiadepamplonacom-133175176762273\/?ref=hl","article_published_time":"2021-01-12T14:18:29+00:00","og_image":[{"width":1920,"height":1187,"url":"https:\/\/www.laguiadepamplona.com\/actualidad\/wp-content\/uploads\/2020\/02\/civivox-iturrama-2020.jpeg","type":"image\/jpeg"}],"author":"La Gu\u00eda de Pamplona","twitter_card":"summary_large_image","twitter_creator":"@LaGuiadPamplona","twitter_site":"@LaGuiadPamplona","twitter_misc":{"Escrito por":"La Gu\u00eda de Pamplona","Tiempo de lectura":"4 minutos"},"schema":{"@context":"https:\/\/schema.org","@graph":[{"@type":"Article","@id":"https:\/\/www.laguiadepamplona.com\/actualidad\/danz-espacio-de-danza-comienza-este-miercoles-con-la-actuacion-de-la-faktoria-internacional-choreographic-centre-en-civivox-iturrama\/#article","isPartOf":{"@id":"https:\/\/www.laguiadepamplona.com\/actualidad\/danz-espacio-de-danza-comienza-este-miercoles-con-la-actuacion-de-la-faktoria-internacional-choreographic-centre-en-civivox-iturrama\/"},"author":{"name":"La Gu\u00eda de Pamplona","@id":"https:\/\/www.laguiadepamplona.com\/actualidad\/#\/schema\/person\/efe887376f0213d4657c93adc50b1fdb"},"headline":"\u2018Danz. Espacio de danza\u2019 comienza este mi\u00e9rcoles con la actuaci\u00f3n de La Faktor\u00eda Internacional Choreographic Centre en Civivox Iturrama","datePublished":"2021-01-12T14:18:29+00:00","mainEntityOfPage":{"@id":"https:\/\/www.laguiadepamplona.com\/actualidad\/danz-espacio-de-danza-comienza-este-miercoles-con-la-actuacion-de-la-faktoria-internacional-choreographic-centre-en-civivox-iturrama\/"},"wordCount":869,"commentCount":0,"publisher":{"@id":"https:\/\/www.laguiadepamplona.com\/actualidad\/#organization"},"image":{"@id":"https:\/\/www.laguiadepamplona.com\/actualidad\/danz-espacio-de-danza-comienza-este-miercoles-con-la-actuacion-de-la-faktoria-internacional-choreographic-centre-en-civivox-iturrama\/#primaryimage"},"thumbnailUrl":"https:\/\/www.laguiadepamplona.com\/actualidad\/wp-content\/uploads\/2020\/02\/civivox-iturrama-2020.jpeg","articleSection":["Ayto Pamplona"],"inLanguage":"es","potentialAction":[{"@type":"CommentAction","name":"Comment","target":["https:\/\/www.laguiadepamplona.com\/actualidad\/danz-espacio-de-danza-comienza-este-miercoles-con-la-actuacion-de-la-faktoria-internacional-choreographic-centre-en-civivox-iturrama\/#respond"]}]},{"@type":"WebPage","@id":"https:\/\/www.laguiadepamplona.com\/actualidad\/danz-espacio-de-danza-comienza-este-miercoles-con-la-actuacion-de-la-faktoria-internacional-choreographic-centre-en-civivox-iturrama\/","url":"https:\/\/www.laguiadepamplona.com\/actualidad\/danz-espacio-de-danza-comienza-este-miercoles-con-la-actuacion-de-la-faktoria-internacional-choreographic-centre-en-civivox-iturrama\/","name":"\u2018Danz. Espacio de danza\u2019 comienza este mi\u00e9rcoles con la actuaci\u00f3n de La Faktor\u00eda Internacional Choreographic Centre en Civivox Iturrama","isPartOf":{"@id":"https:\/\/www.laguiadepamplona.com\/actualidad\/#website"},"primaryImageOfPage":{"@id":"https:\/\/www.laguiadepamplona.com\/actualidad\/danz-espacio-de-danza-comienza-este-miercoles-con-la-actuacion-de-la-faktoria-internacional-choreographic-centre-en-civivox-iturrama\/#primaryimage"},"image":{"@id":"https:\/\/www.laguiadepamplona.com\/actualidad\/danz-espacio-de-danza-comienza-este-miercoles-con-la-actuacion-de-la-faktoria-internacional-choreographic-centre-en-civivox-iturrama\/#primaryimage"},"thumbnailUrl":"https:\/\/www.laguiadepamplona.com\/actualidad\/wp-content\/uploads\/2020\/02\/civivox-iturrama-2020.jpeg","datePublished":"2021-01-12T14:18:29+00:00","description":"El ciclo incluye la actuaci\u00f3n de Atena y Laura Morales y para p\u00fablico familiar una propuesta de Zig Zag Danza y una conferencia bailada con Toni Jodar","breadcrumb":{"@id":"https:\/\/www.laguiadepamplona.com\/actualidad\/danz-espacio-de-danza-comienza-este-miercoles-con-la-actuacion-de-la-faktoria-internacional-choreographic-centre-en-civivox-iturrama\/#breadcrumb"},"inLanguage":"es","potentialAction":[{"@type":"ReadAction","target":["https:\/\/www.laguiadepamplona.com\/actualidad\/danz-espacio-de-danza-comienza-este-miercoles-con-la-actuacion-de-la-faktoria-internacional-choreographic-centre-en-civivox-iturrama\/"]}]},{"@type":"ImageObject","inLanguage":"es","@id":"https:\/\/www.laguiadepamplona.com\/actualidad\/danz-espacio-de-danza-comienza-este-miercoles-con-la-actuacion-de-la-faktoria-internacional-choreographic-centre-en-civivox-iturrama\/#primaryimage","url":"https:\/\/www.laguiadepamplona.com\/actualidad\/wp-content\/uploads\/2020\/02\/civivox-iturrama-2020.jpeg","contentUrl":"https:\/\/www.laguiadepamplona.com\/actualidad\/wp-content\/uploads\/2020\/02\/civivox-iturrama-2020.jpeg","width":1920,"height":1187,"caption":"dav"},{"@type":"BreadcrumbList","@id":"https:\/\/www.laguiadepamplona.com\/actualidad\/danz-espacio-de-danza-comienza-este-miercoles-con-la-actuacion-de-la-faktoria-internacional-choreographic-centre-en-civivox-iturrama\/#breadcrumb","itemListElement":[{"@type":"ListItem","position":1,"name":"Portada","item":"https:\/\/www.laguiadepamplona.com\/actualidad\/"},{"@type":"ListItem","position":2,"name":"\u2018Danz. Espacio de danza\u2019 comienza este mi\u00e9rcoles con la actuaci\u00f3n de La Faktor\u00eda Internacional Choreographic Centre en Civivox Iturrama"}]},{"@type":"WebSite","@id":"https:\/\/www.laguiadepamplona.com\/actualidad\/#website","url":"https:\/\/www.laguiadepamplona.com\/actualidad\/","name":"La gu\u00eda de Pamplona","description":"Noticias de Pamplona","publisher":{"@id":"https:\/\/www.laguiadepamplona.com\/actualidad\/#organization"},"potentialAction":[{"@type":"SearchAction","target":{"@type":"EntryPoint","urlTemplate":"https:\/\/www.laguiadepamplona.com\/actualidad\/?s={search_term_string}"},"query-input":{"@type":"PropertyValueSpecification","valueRequired":true,"valueName":"search_term_string"}}],"inLanguage":"es"},{"@type":"Organization","@id":"https:\/\/www.laguiadepamplona.com\/actualidad\/#organization","name":"La Gu\u00eda de Pamplona \/ Noticias","url":"https:\/\/www.laguiadepamplona.com\/actualidad\/","logo":{"@type":"ImageObject","inLanguage":"es","@id":"https:\/\/www.laguiadepamplona.com\/actualidad\/#\/schema\/logo\/image\/","url":"https:\/\/www.laguiadepamplona.com\/actualidad\/wp-content\/uploads\/2018\/11\/logo-laguiadepamplona18-web1.png","contentUrl":"https:\/\/www.laguiadepamplona.com\/actualidad\/wp-content\/uploads\/2018\/11\/logo-laguiadepamplona18-web1.png","width":600,"height":196,"caption":"La Gu\u00eda de Pamplona \/ Noticias"},"image":{"@id":"https:\/\/www.laguiadepamplona.com\/actualidad\/#\/schema\/logo\/image\/"},"sameAs":["https:\/\/www.facebook.com\/laguiadepamplonacom-133175176762273\/?ref=hl","https:\/\/x.com\/LaGuiadPamplona","https:\/\/www.instagram.com\/la_guia_de_pamplona\/","https:\/\/www.youtube.com\/user\/laguiadepamplona"]},{"@type":"Person","@id":"https:\/\/www.laguiadepamplona.com\/actualidad\/#\/schema\/person\/efe887376f0213d4657c93adc50b1fdb","name":"La Gu\u00eda de Pamplona","image":{"@type":"ImageObject","inLanguage":"es","@id":"https:\/\/secure.gravatar.com\/avatar\/b6992f131dc8d30ab0dff15446e9d346d9dbd95992de0fef795073f5ea83a81c?s=96&d=mm&r=g","url":"https:\/\/secure.gravatar.com\/avatar\/b6992f131dc8d30ab0dff15446e9d346d9dbd95992de0fef795073f5ea83a81c?s=96&d=mm&r=g","contentUrl":"https:\/\/secure.gravatar.com\/avatar\/b6992f131dc8d30ab0dff15446e9d346d9dbd95992de0fef795073f5ea83a81c?s=96&d=mm&r=g","caption":"La Gu\u00eda de Pamplona"}}]}},"post_mailing_queue_ids":[],"_links":{"self":[{"href":"https:\/\/www.laguiadepamplona.com\/actualidad\/wp-json\/wp\/v2\/posts\/32705","targetHints":{"allow":["GET"]}}],"collection":[{"href":"https:\/\/www.laguiadepamplona.com\/actualidad\/wp-json\/wp\/v2\/posts"}],"about":[{"href":"https:\/\/www.laguiadepamplona.com\/actualidad\/wp-json\/wp\/v2\/types\/post"}],"author":[{"embeddable":true,"href":"https:\/\/www.laguiadepamplona.com\/actualidad\/wp-json\/wp\/v2\/users\/1"}],"replies":[{"embeddable":true,"href":"https:\/\/www.laguiadepamplona.com\/actualidad\/wp-json\/wp\/v2\/comments?post=32705"}],"version-history":[{"count":0,"href":"https:\/\/www.laguiadepamplona.com\/actualidad\/wp-json\/wp\/v2\/posts\/32705\/revisions"}],"wp:featuredmedia":[{"embeddable":true,"href":"https:\/\/www.laguiadepamplona.com\/actualidad\/wp-json\/wp\/v2\/media\/28184"}],"wp:attachment":[{"href":"https:\/\/www.laguiadepamplona.com\/actualidad\/wp-json\/wp\/v2\/media?parent=32705"}],"wp:term":[{"taxonomy":"category","embeddable":true,"href":"https:\/\/www.laguiadepamplona.com\/actualidad\/wp-json\/wp\/v2\/categories?post=32705"},{"taxonomy":"post_tag","embeddable":true,"href":"https:\/\/www.laguiadepamplona.com\/actualidad\/wp-json\/wp\/v2\/tags?post=32705"}],"curies":[{"name":"wp","href":"https:\/\/api.w.org\/{rel}","templated":true}]}}