{"id":32695,"date":"2021-01-11T17:59:10","date_gmt":"2021-01-11T15:59:10","guid":{"rendered":"https:\/\/www.laguiadepamplona.es\/actualidad\/?p=32695"},"modified":"2021-01-11T17:59:10","modified_gmt":"2021-01-11T15:59:10","slug":"el-jurado-del-concurso-de-ideas-sobre-el-monumento-a-los-caidos-debera-valorar-todas-las-propuestas-arquitectonicas-presentadas","status":"publish","type":"post","link":"https:\/\/www.laguiadepamplona.com\/actualidad\/el-jurado-del-concurso-de-ideas-sobre-el-monumento-a-los-caidos-debera-valorar-todas-las-propuestas-arquitectonicas-presentadas\/","title":{"rendered":"El jurado del concurso de ideas sobre el Monumento a los Ca\u00eddos deber\u00e1 valorar todas las propuestas arquitect\u00f3nicas presentadas"},"content":{"rendered":"<h5>El Ayuntamiento de Pamplona no recurrir\u00e1 la resoluci\u00f3n judicial que apoya la anulaci\u00f3n del acuerdo que estableci\u00f3 la primera selecci\u00f3n de proyectos<\/h5>\n<p><!--more--><\/p>\n<p>El Ayuntamiento de Pamplona no recurrir\u00e1 la sentencia del juzgado Contencioso Administrativo n\u00famero 2 de Pamplona del pasado mes de diciembre sobre el concurso de ideas para transformar el Monumento a los Ca\u00eddos y su entorno urbano. La decisi\u00f3n de no apelar, acordada por los grupos municipales el pasado viernes en Junta de Portavoces, deber\u00e1 aprobarse en el Pleno del pr\u00f3ximo jueves 14 de enero y har\u00e1 que el concurso se retrotraiga a la fase de valoraci\u00f3n de todas las propuestas presentadas al concurso.<\/p>\n<p><script async src=\"\/\/pagead2.googlesyndication.com\/pagead\/js\/adsbygoogle.js\"><\/script><br \/>\n<!-- Noticias La Guia de Pamplona --><br \/>\n<ins class=\"adsbygoogle\"\nstyle=\"display:block\"\ndata-ad-client=\"ca-pub-6943679897239327\"\ndata-ad-slot=\"7048180777\"\ndata-ad-format=\"auto\"><\/ins><br \/>\n<script>\n(adsbygoogle = window.adsbygoogle || []).push({});\n<\/script><\/p>\n<p>La sentencia del Contencioso Administrativo, refrendaba a su vez la posici\u00f3n del Tribunal Administrativo de Navarra que, 13 meses antes, establec\u00eda la anulabilidad del acuerdo del jurado que en su momento seleccion\u00f3 las 7 propuestas que pasaron a la segunda fase, de entre el conjunto de las presentadas. El argumento fundamental en ambas resoluciones legales es la falta de la obligada motivaci\u00f3n exigible a los actos administrativos, una motivaci\u00f3n que seg\u00fan la resoluci\u00f3n del TAN determinaba \u201cla anulabilidad del acto administrativo impugnado\u201d (el acuerdo de Gerencia de Urbanismo de 13 de febrero de 2019 con el fallo del jurado) porque \u201cda lugar a indefensi\u00f3n, puesto que los interesados no conocieron las razones de las decisiones adoptadas\u201d.<\/p>\n<p>El siguiente paso del Consistorio ser\u00e1 dar traslado del acuerdo de Pleno al jurado del concurso de ideas de forma que se proceda a completar la valoraci\u00f3n del conjunto de proyectos presentados.<\/p>\n<p><script async src=\"\/\/pagead2.googlesyndication.com\/pagead\/js\/adsbygoogle.js\"><\/script><br \/>\n<!-- Noticias La Guia de Pamplona --><br \/>\n<ins class=\"adsbygoogle\"\nstyle=\"display:block\"\ndata-ad-client=\"ca-pub-6943679897239327\"\ndata-ad-slot=\"7048180777\"\ndata-ad-format=\"auto\"><\/ins><br \/>\n<script>\n(adsbygoogle = window.adsbygoogle || []).push({});\n<\/script><\/p>\n","protected":false},"excerpt":{"rendered":"<p>El Ayuntamiento de Pamplona no recurrir\u00e1 la resoluci\u00f3n judicial que apoya la anulaci\u00f3n del acuerdo que estableci\u00f3 la primera selecci\u00f3n de proyectos<\/p>\n","protected":false},"author":1,"featured_media":32696,"comment_status":"open","ping_status":"closed","sticky":false,"template":"","format":"standard","meta":{"footnotes":""},"categories":[2],"tags":[],"class_list":["post-32695","post","type-post","status-publish","format-standard","has-post-thumbnail","hentry","category-ayuntamiento-pamplona"],"yoast_head":"<!-- This site is optimized with the Yoast SEO plugin v27.5 - https:\/\/yoast.com\/product\/yoast-seo-wordpress\/ -->\n<title>El jurado del concurso de ideas sobre el Monumento a los Ca\u00eddos deber\u00e1 valorar todas las propuestas arquitect\u00f3nicas presentadas<\/title>\n<meta name=\"description\" content=\"El Ayuntamiento de Pamplona no recurrir\u00e1 la resoluci\u00f3n judicial que apoya la anulaci\u00f3n del acuerdo que estableci\u00f3 la primera selecci\u00f3n de proyectos\" \/>\n<meta name=\"robots\" content=\"index, follow, max-snippet:-1, max-image-preview:large, max-video-preview:-1\" \/>\n<link rel=\"canonical\" href=\"https:\/\/www.laguiadepamplona.com\/actualidad\/el-jurado-del-concurso-de-ideas-sobre-el-monumento-a-los-caidos-debera-valorar-todas-las-propuestas-arquitectonicas-presentadas\/\" \/>\n<meta property=\"og:locale\" content=\"es_ES\" \/>\n<meta property=\"og:type\" content=\"article\" \/>\n<meta property=\"og:title\" content=\"El jurado del concurso de ideas sobre el Monumento a los Ca\u00eddos deber\u00e1 valorar todas las propuestas arquitect\u00f3nicas presentadas\" \/>\n<meta property=\"og:description\" content=\"El Ayuntamiento de Pamplona no recurrir\u00e1 la resoluci\u00f3n judicial que apoya la anulaci\u00f3n del acuerdo que estableci\u00f3 la primera selecci\u00f3n de proyectos\" \/>\n<meta property=\"og:url\" content=\"https:\/\/www.laguiadepamplona.com\/actualidad\/el-jurado-del-concurso-de-ideas-sobre-el-monumento-a-los-caidos-debera-valorar-todas-las-propuestas-arquitectonicas-presentadas\/\" \/>\n<meta property=\"og:site_name\" content=\"La Gu\u00eda de Pamplona\" \/>\n<meta property=\"article:publisher\" content=\"https:\/\/www.facebook.com\/laguiadepamplonacom-133175176762273\/?ref=hl\" \/>\n<meta property=\"article:published_time\" content=\"2021-01-11T15:59:10+00:00\" \/>\n<meta property=\"og:image\" content=\"https:\/\/www.laguiadepamplona.com\/actualidad\/wp-content\/uploads\/2021\/01\/ensanche_caidos_fuente_1.jpg\" \/>\n\t<meta property=\"og:image:width\" content=\"1920\" \/>\n\t<meta property=\"og:image:height\" content=\"1139\" \/>\n\t<meta property=\"og:image:type\" content=\"image\/jpeg\" \/>\n<meta name=\"author\" content=\"La Gu\u00eda de Pamplona\" \/>\n<meta name=\"twitter:card\" content=\"summary_large_image\" \/>\n<meta name=\"twitter:creator\" content=\"@LaGuiadPamplona\" \/>\n<meta name=\"twitter:site\" content=\"@LaGuiadPamplona\" \/>\n<meta name=\"twitter:label1\" content=\"Escrito por\" \/>\n\t<meta name=\"twitter:data1\" content=\"La Gu\u00eda de Pamplona\" \/>\n\t<meta name=\"twitter:label2\" content=\"Tiempo de lectura\" \/>\n\t<meta name=\"twitter:data2\" content=\"1 minuto\" \/>\n<script type=\"application\/ld+json\" class=\"yoast-schema-graph\">{\"@context\":\"https:\\\/\\\/schema.org\",\"@graph\":[{\"@type\":\"Article\",\"@id\":\"https:\\\/\\\/www.laguiadepamplona.com\\\/actualidad\\\/el-jurado-del-concurso-de-ideas-sobre-el-monumento-a-los-caidos-debera-valorar-todas-las-propuestas-arquitectonicas-presentadas\\\/#article\",\"isPartOf\":{\"@id\":\"https:\\\/\\\/www.laguiadepamplona.com\\\/actualidad\\\/el-jurado-del-concurso-de-ideas-sobre-el-monumento-a-los-caidos-debera-valorar-todas-las-propuestas-arquitectonicas-presentadas\\\/\"},\"author\":{\"name\":\"La Gu\u00eda de Pamplona\",\"@id\":\"https:\\\/\\\/www.laguiadepamplona.com\\\/actualidad\\\/#\\\/schema\\\/person\\\/efe887376f0213d4657c93adc50b1fdb\"},\"headline\":\"El jurado del concurso de ideas sobre el Monumento a los Ca\u00eddos deber\u00e1 valorar todas las propuestas arquitect\u00f3nicas presentadas\",\"datePublished\":\"2021-01-11T15:59:10+00:00\",\"mainEntityOfPage\":{\"@id\":\"https:\\\/\\\/www.laguiadepamplona.com\\\/actualidad\\\/el-jurado-del-concurso-de-ideas-sobre-el-monumento-a-los-caidos-debera-valorar-todas-las-propuestas-arquitectonicas-presentadas\\\/\"},\"wordCount\":285,\"commentCount\":0,\"publisher\":{\"@id\":\"https:\\\/\\\/www.laguiadepamplona.com\\\/actualidad\\\/#organization\"},\"image\":{\"@id\":\"https:\\\/\\\/www.laguiadepamplona.com\\\/actualidad\\\/el-jurado-del-concurso-de-ideas-sobre-el-monumento-a-los-caidos-debera-valorar-todas-las-propuestas-arquitectonicas-presentadas\\\/#primaryimage\"},\"thumbnailUrl\":\"https:\\\/\\\/www.laguiadepamplona.com\\\/actualidad\\\/wp-content\\\/uploads\\\/2021\\\/01\\\/ensanche_caidos_fuente_1.jpg\",\"articleSection\":[\"Ayto Pamplona\"],\"inLanguage\":\"es\",\"potentialAction\":[{\"@type\":\"CommentAction\",\"name\":\"Comment\",\"target\":[\"https:\\\/\\\/www.laguiadepamplona.com\\\/actualidad\\\/el-jurado-del-concurso-de-ideas-sobre-el-monumento-a-los-caidos-debera-valorar-todas-las-propuestas-arquitectonicas-presentadas\\\/#respond\"]}]},{\"@type\":\"WebPage\",\"@id\":\"https:\\\/\\\/www.laguiadepamplona.com\\\/actualidad\\\/el-jurado-del-concurso-de-ideas-sobre-el-monumento-a-los-caidos-debera-valorar-todas-las-propuestas-arquitectonicas-presentadas\\\/\",\"url\":\"https:\\\/\\\/www.laguiadepamplona.com\\\/actualidad\\\/el-jurado-del-concurso-de-ideas-sobre-el-monumento-a-los-caidos-debera-valorar-todas-las-propuestas-arquitectonicas-presentadas\\\/\",\"name\":\"El jurado del concurso de ideas sobre el Monumento a los Ca\u00eddos deber\u00e1 valorar todas las propuestas arquitect\u00f3nicas presentadas\",\"isPartOf\":{\"@id\":\"https:\\\/\\\/www.laguiadepamplona.com\\\/actualidad\\\/#website\"},\"primaryImageOfPage\":{\"@id\":\"https:\\\/\\\/www.laguiadepamplona.com\\\/actualidad\\\/el-jurado-del-concurso-de-ideas-sobre-el-monumento-a-los-caidos-debera-valorar-todas-las-propuestas-arquitectonicas-presentadas\\\/#primaryimage\"},\"image\":{\"@id\":\"https:\\\/\\\/www.laguiadepamplona.com\\\/actualidad\\\/el-jurado-del-concurso-de-ideas-sobre-el-monumento-a-los-caidos-debera-valorar-todas-las-propuestas-arquitectonicas-presentadas\\\/#primaryimage\"},\"thumbnailUrl\":\"https:\\\/\\\/www.laguiadepamplona.com\\\/actualidad\\\/wp-content\\\/uploads\\\/2021\\\/01\\\/ensanche_caidos_fuente_1.jpg\",\"datePublished\":\"2021-01-11T15:59:10+00:00\",\"description\":\"El Ayuntamiento de Pamplona no recurrir\u00e1 la resoluci\u00f3n judicial que apoya la anulaci\u00f3n del acuerdo que estableci\u00f3 la primera selecci\u00f3n de proyectos\",\"breadcrumb\":{\"@id\":\"https:\\\/\\\/www.laguiadepamplona.com\\\/actualidad\\\/el-jurado-del-concurso-de-ideas-sobre-el-monumento-a-los-caidos-debera-valorar-todas-las-propuestas-arquitectonicas-presentadas\\\/#breadcrumb\"},\"inLanguage\":\"es\",\"potentialAction\":[{\"@type\":\"ReadAction\",\"target\":[\"https:\\\/\\\/www.laguiadepamplona.com\\\/actualidad\\\/el-jurado-del-concurso-de-ideas-sobre-el-monumento-a-los-caidos-debera-valorar-todas-las-propuestas-arquitectonicas-presentadas\\\/\"]}]},{\"@type\":\"ImageObject\",\"inLanguage\":\"es\",\"@id\":\"https:\\\/\\\/www.laguiadepamplona.com\\\/actualidad\\\/el-jurado-del-concurso-de-ideas-sobre-el-monumento-a-los-caidos-debera-valorar-todas-las-propuestas-arquitectonicas-presentadas\\\/#primaryimage\",\"url\":\"https:\\\/\\\/www.laguiadepamplona.com\\\/actualidad\\\/wp-content\\\/uploads\\\/2021\\\/01\\\/ensanche_caidos_fuente_1.jpg\",\"contentUrl\":\"https:\\\/\\\/www.laguiadepamplona.com\\\/actualidad\\\/wp-content\\\/uploads\\\/2021\\\/01\\\/ensanche_caidos_fuente_1.jpg\",\"width\":1920,\"height\":1139,\"caption\":\"Ensanche Los Ca\u00eddos\"},{\"@type\":\"BreadcrumbList\",\"@id\":\"https:\\\/\\\/www.laguiadepamplona.com\\\/actualidad\\\/el-jurado-del-concurso-de-ideas-sobre-el-monumento-a-los-caidos-debera-valorar-todas-las-propuestas-arquitectonicas-presentadas\\\/#breadcrumb\",\"itemListElement\":[{\"@type\":\"ListItem\",\"position\":1,\"name\":\"Portada\",\"item\":\"https:\\\/\\\/www.laguiadepamplona.com\\\/actualidad\\\/\"},{\"@type\":\"ListItem\",\"position\":2,\"name\":\"El jurado del concurso de ideas sobre el Monumento a los Ca\u00eddos deber\u00e1 valorar todas las propuestas arquitect\u00f3nicas presentadas\"}]},{\"@type\":\"WebSite\",\"@id\":\"https:\\\/\\\/www.laguiadepamplona.com\\\/actualidad\\\/#website\",\"url\":\"https:\\\/\\\/www.laguiadepamplona.com\\\/actualidad\\\/\",\"name\":\"La gu\u00eda de Pamplona\",\"description\":\"Noticias de Pamplona\",\"publisher\":{\"@id\":\"https:\\\/\\\/www.laguiadepamplona.com\\\/actualidad\\\/#organization\"},\"potentialAction\":[{\"@type\":\"SearchAction\",\"target\":{\"@type\":\"EntryPoint\",\"urlTemplate\":\"https:\\\/\\\/www.laguiadepamplona.com\\\/actualidad\\\/?s={search_term_string}\"},\"query-input\":{\"@type\":\"PropertyValueSpecification\",\"valueRequired\":true,\"valueName\":\"search_term_string\"}}],\"inLanguage\":\"es\"},{\"@type\":\"Organization\",\"@id\":\"https:\\\/\\\/www.laguiadepamplona.com\\\/actualidad\\\/#organization\",\"name\":\"La Gu\u00eda de Pamplona \\\/ Noticias\",\"url\":\"https:\\\/\\\/www.laguiadepamplona.com\\\/actualidad\\\/\",\"logo\":{\"@type\":\"ImageObject\",\"inLanguage\":\"es\",\"@id\":\"https:\\\/\\\/www.laguiadepamplona.com\\\/actualidad\\\/#\\\/schema\\\/logo\\\/image\\\/\",\"url\":\"https:\\\/\\\/www.laguiadepamplona.com\\\/actualidad\\\/wp-content\\\/uploads\\\/2018\\\/11\\\/logo-laguiadepamplona18-web1.png\",\"contentUrl\":\"https:\\\/\\\/www.laguiadepamplona.com\\\/actualidad\\\/wp-content\\\/uploads\\\/2018\\\/11\\\/logo-laguiadepamplona18-web1.png\",\"width\":600,\"height\":196,\"caption\":\"La Gu\u00eda de Pamplona \\\/ Noticias\"},\"image\":{\"@id\":\"https:\\\/\\\/www.laguiadepamplona.com\\\/actualidad\\\/#\\\/schema\\\/logo\\\/image\\\/\"},\"sameAs\":[\"https:\\\/\\\/www.facebook.com\\\/laguiadepamplonacom-133175176762273\\\/?ref=hl\",\"https:\\\/\\\/x.com\\\/LaGuiadPamplona\",\"https:\\\/\\\/www.instagram.com\\\/la_guia_de_pamplona\\\/\",\"https:\\\/\\\/www.youtube.com\\\/user\\\/laguiadepamplona\"]},{\"@type\":\"Person\",\"@id\":\"https:\\\/\\\/www.laguiadepamplona.com\\\/actualidad\\\/#\\\/schema\\\/person\\\/efe887376f0213d4657c93adc50b1fdb\",\"name\":\"La Gu\u00eda de Pamplona\",\"image\":{\"@type\":\"ImageObject\",\"inLanguage\":\"es\",\"@id\":\"https:\\\/\\\/secure.gravatar.com\\\/avatar\\\/b6992f131dc8d30ab0dff15446e9d346d9dbd95992de0fef795073f5ea83a81c?s=96&d=mm&r=g\",\"url\":\"https:\\\/\\\/secure.gravatar.com\\\/avatar\\\/b6992f131dc8d30ab0dff15446e9d346d9dbd95992de0fef795073f5ea83a81c?s=96&d=mm&r=g\",\"contentUrl\":\"https:\\\/\\\/secure.gravatar.com\\\/avatar\\\/b6992f131dc8d30ab0dff15446e9d346d9dbd95992de0fef795073f5ea83a81c?s=96&d=mm&r=g\",\"caption\":\"La Gu\u00eda de Pamplona\"}}]}<\/script>\n<!-- \/ Yoast SEO plugin. -->","yoast_head_json":{"title":"El jurado del concurso de ideas sobre el Monumento a los Ca\u00eddos deber\u00e1 valorar todas las propuestas arquitect\u00f3nicas presentadas","description":"El Ayuntamiento de Pamplona no recurrir\u00e1 la resoluci\u00f3n judicial que apoya la anulaci\u00f3n del acuerdo que estableci\u00f3 la primera selecci\u00f3n de proyectos","robots":{"index":"index","follow":"follow","max-snippet":"max-snippet:-1","max-image-preview":"max-image-preview:large","max-video-preview":"max-video-preview:-1"},"canonical":"https:\/\/www.laguiadepamplona.com\/actualidad\/el-jurado-del-concurso-de-ideas-sobre-el-monumento-a-los-caidos-debera-valorar-todas-las-propuestas-arquitectonicas-presentadas\/","og_locale":"es_ES","og_type":"article","og_title":"El jurado del concurso de ideas sobre el Monumento a los Ca\u00eddos deber\u00e1 valorar todas las propuestas arquitect\u00f3nicas presentadas","og_description":"El Ayuntamiento de Pamplona no recurrir\u00e1 la resoluci\u00f3n judicial que apoya la anulaci\u00f3n del acuerdo que estableci\u00f3 la primera selecci\u00f3n de proyectos","og_url":"https:\/\/www.laguiadepamplona.com\/actualidad\/el-jurado-del-concurso-de-ideas-sobre-el-monumento-a-los-caidos-debera-valorar-todas-las-propuestas-arquitectonicas-presentadas\/","og_site_name":"La Gu\u00eda de Pamplona","article_publisher":"https:\/\/www.facebook.com\/laguiadepamplonacom-133175176762273\/?ref=hl","article_published_time":"2021-01-11T15:59:10+00:00","og_image":[{"width":1920,"height":1139,"url":"https:\/\/www.laguiadepamplona.com\/actualidad\/wp-content\/uploads\/2021\/01\/ensanche_caidos_fuente_1.jpg","type":"image\/jpeg"}],"author":"La Gu\u00eda de Pamplona","twitter_card":"summary_large_image","twitter_creator":"@LaGuiadPamplona","twitter_site":"@LaGuiadPamplona","twitter_misc":{"Escrito por":"La Gu\u00eda de Pamplona","Tiempo de lectura":"1 minuto"},"schema":{"@context":"https:\/\/schema.org","@graph":[{"@type":"Article","@id":"https:\/\/www.laguiadepamplona.com\/actualidad\/el-jurado-del-concurso-de-ideas-sobre-el-monumento-a-los-caidos-debera-valorar-todas-las-propuestas-arquitectonicas-presentadas\/#article","isPartOf":{"@id":"https:\/\/www.laguiadepamplona.com\/actualidad\/el-jurado-del-concurso-de-ideas-sobre-el-monumento-a-los-caidos-debera-valorar-todas-las-propuestas-arquitectonicas-presentadas\/"},"author":{"name":"La Gu\u00eda de Pamplona","@id":"https:\/\/www.laguiadepamplona.com\/actualidad\/#\/schema\/person\/efe887376f0213d4657c93adc50b1fdb"},"headline":"El jurado del concurso de ideas sobre el Monumento a los Ca\u00eddos deber\u00e1 valorar todas las propuestas arquitect\u00f3nicas presentadas","datePublished":"2021-01-11T15:59:10+00:00","mainEntityOfPage":{"@id":"https:\/\/www.laguiadepamplona.com\/actualidad\/el-jurado-del-concurso-de-ideas-sobre-el-monumento-a-los-caidos-debera-valorar-todas-las-propuestas-arquitectonicas-presentadas\/"},"wordCount":285,"commentCount":0,"publisher":{"@id":"https:\/\/www.laguiadepamplona.com\/actualidad\/#organization"},"image":{"@id":"https:\/\/www.laguiadepamplona.com\/actualidad\/el-jurado-del-concurso-de-ideas-sobre-el-monumento-a-los-caidos-debera-valorar-todas-las-propuestas-arquitectonicas-presentadas\/#primaryimage"},"thumbnailUrl":"https:\/\/www.laguiadepamplona.com\/actualidad\/wp-content\/uploads\/2021\/01\/ensanche_caidos_fuente_1.jpg","articleSection":["Ayto Pamplona"],"inLanguage":"es","potentialAction":[{"@type":"CommentAction","name":"Comment","target":["https:\/\/www.laguiadepamplona.com\/actualidad\/el-jurado-del-concurso-de-ideas-sobre-el-monumento-a-los-caidos-debera-valorar-todas-las-propuestas-arquitectonicas-presentadas\/#respond"]}]},{"@type":"WebPage","@id":"https:\/\/www.laguiadepamplona.com\/actualidad\/el-jurado-del-concurso-de-ideas-sobre-el-monumento-a-los-caidos-debera-valorar-todas-las-propuestas-arquitectonicas-presentadas\/","url":"https:\/\/www.laguiadepamplona.com\/actualidad\/el-jurado-del-concurso-de-ideas-sobre-el-monumento-a-los-caidos-debera-valorar-todas-las-propuestas-arquitectonicas-presentadas\/","name":"El jurado del concurso de ideas sobre el Monumento a los Ca\u00eddos deber\u00e1 valorar todas las propuestas arquitect\u00f3nicas presentadas","isPartOf":{"@id":"https:\/\/www.laguiadepamplona.com\/actualidad\/#website"},"primaryImageOfPage":{"@id":"https:\/\/www.laguiadepamplona.com\/actualidad\/el-jurado-del-concurso-de-ideas-sobre-el-monumento-a-los-caidos-debera-valorar-todas-las-propuestas-arquitectonicas-presentadas\/#primaryimage"},"image":{"@id":"https:\/\/www.laguiadepamplona.com\/actualidad\/el-jurado-del-concurso-de-ideas-sobre-el-monumento-a-los-caidos-debera-valorar-todas-las-propuestas-arquitectonicas-presentadas\/#primaryimage"},"thumbnailUrl":"https:\/\/www.laguiadepamplona.com\/actualidad\/wp-content\/uploads\/2021\/01\/ensanche_caidos_fuente_1.jpg","datePublished":"2021-01-11T15:59:10+00:00","description":"El Ayuntamiento de Pamplona no recurrir\u00e1 la resoluci\u00f3n judicial que apoya la anulaci\u00f3n del acuerdo que estableci\u00f3 la primera selecci\u00f3n de proyectos","breadcrumb":{"@id":"https:\/\/www.laguiadepamplona.com\/actualidad\/el-jurado-del-concurso-de-ideas-sobre-el-monumento-a-los-caidos-debera-valorar-todas-las-propuestas-arquitectonicas-presentadas\/#breadcrumb"},"inLanguage":"es","potentialAction":[{"@type":"ReadAction","target":["https:\/\/www.laguiadepamplona.com\/actualidad\/el-jurado-del-concurso-de-ideas-sobre-el-monumento-a-los-caidos-debera-valorar-todas-las-propuestas-arquitectonicas-presentadas\/"]}]},{"@type":"ImageObject","inLanguage":"es","@id":"https:\/\/www.laguiadepamplona.com\/actualidad\/el-jurado-del-concurso-de-ideas-sobre-el-monumento-a-los-caidos-debera-valorar-todas-las-propuestas-arquitectonicas-presentadas\/#primaryimage","url":"https:\/\/www.laguiadepamplona.com\/actualidad\/wp-content\/uploads\/2021\/01\/ensanche_caidos_fuente_1.jpg","contentUrl":"https:\/\/www.laguiadepamplona.com\/actualidad\/wp-content\/uploads\/2021\/01\/ensanche_caidos_fuente_1.jpg","width":1920,"height":1139,"caption":"Ensanche Los Ca\u00eddos"},{"@type":"BreadcrumbList","@id":"https:\/\/www.laguiadepamplona.com\/actualidad\/el-jurado-del-concurso-de-ideas-sobre-el-monumento-a-los-caidos-debera-valorar-todas-las-propuestas-arquitectonicas-presentadas\/#breadcrumb","itemListElement":[{"@type":"ListItem","position":1,"name":"Portada","item":"https:\/\/www.laguiadepamplona.com\/actualidad\/"},{"@type":"ListItem","position":2,"name":"El jurado del concurso de ideas sobre el Monumento a los Ca\u00eddos deber\u00e1 valorar todas las propuestas arquitect\u00f3nicas presentadas"}]},{"@type":"WebSite","@id":"https:\/\/www.laguiadepamplona.com\/actualidad\/#website","url":"https:\/\/www.laguiadepamplona.com\/actualidad\/","name":"La gu\u00eda de Pamplona","description":"Noticias de Pamplona","publisher":{"@id":"https:\/\/www.laguiadepamplona.com\/actualidad\/#organization"},"potentialAction":[{"@type":"SearchAction","target":{"@type":"EntryPoint","urlTemplate":"https:\/\/www.laguiadepamplona.com\/actualidad\/?s={search_term_string}"},"query-input":{"@type":"PropertyValueSpecification","valueRequired":true,"valueName":"search_term_string"}}],"inLanguage":"es"},{"@type":"Organization","@id":"https:\/\/www.laguiadepamplona.com\/actualidad\/#organization","name":"La Gu\u00eda de Pamplona \/ Noticias","url":"https:\/\/www.laguiadepamplona.com\/actualidad\/","logo":{"@type":"ImageObject","inLanguage":"es","@id":"https:\/\/www.laguiadepamplona.com\/actualidad\/#\/schema\/logo\/image\/","url":"https:\/\/www.laguiadepamplona.com\/actualidad\/wp-content\/uploads\/2018\/11\/logo-laguiadepamplona18-web1.png","contentUrl":"https:\/\/www.laguiadepamplona.com\/actualidad\/wp-content\/uploads\/2018\/11\/logo-laguiadepamplona18-web1.png","width":600,"height":196,"caption":"La Gu\u00eda de Pamplona \/ Noticias"},"image":{"@id":"https:\/\/www.laguiadepamplona.com\/actualidad\/#\/schema\/logo\/image\/"},"sameAs":["https:\/\/www.facebook.com\/laguiadepamplonacom-133175176762273\/?ref=hl","https:\/\/x.com\/LaGuiadPamplona","https:\/\/www.instagram.com\/la_guia_de_pamplona\/","https:\/\/www.youtube.com\/user\/laguiadepamplona"]},{"@type":"Person","@id":"https:\/\/www.laguiadepamplona.com\/actualidad\/#\/schema\/person\/efe887376f0213d4657c93adc50b1fdb","name":"La Gu\u00eda de Pamplona","image":{"@type":"ImageObject","inLanguage":"es","@id":"https:\/\/secure.gravatar.com\/avatar\/b6992f131dc8d30ab0dff15446e9d346d9dbd95992de0fef795073f5ea83a81c?s=96&d=mm&r=g","url":"https:\/\/secure.gravatar.com\/avatar\/b6992f131dc8d30ab0dff15446e9d346d9dbd95992de0fef795073f5ea83a81c?s=96&d=mm&r=g","contentUrl":"https:\/\/secure.gravatar.com\/avatar\/b6992f131dc8d30ab0dff15446e9d346d9dbd95992de0fef795073f5ea83a81c?s=96&d=mm&r=g","caption":"La Gu\u00eda de Pamplona"}}]}},"post_mailing_queue_ids":[],"_links":{"self":[{"href":"https:\/\/www.laguiadepamplona.com\/actualidad\/wp-json\/wp\/v2\/posts\/32695","targetHints":{"allow":["GET"]}}],"collection":[{"href":"https:\/\/www.laguiadepamplona.com\/actualidad\/wp-json\/wp\/v2\/posts"}],"about":[{"href":"https:\/\/www.laguiadepamplona.com\/actualidad\/wp-json\/wp\/v2\/types\/post"}],"author":[{"embeddable":true,"href":"https:\/\/www.laguiadepamplona.com\/actualidad\/wp-json\/wp\/v2\/users\/1"}],"replies":[{"embeddable":true,"href":"https:\/\/www.laguiadepamplona.com\/actualidad\/wp-json\/wp\/v2\/comments?post=32695"}],"version-history":[{"count":0,"href":"https:\/\/www.laguiadepamplona.com\/actualidad\/wp-json\/wp\/v2\/posts\/32695\/revisions"}],"wp:featuredmedia":[{"embeddable":true,"href":"https:\/\/www.laguiadepamplona.com\/actualidad\/wp-json\/wp\/v2\/media\/32696"}],"wp:attachment":[{"href":"https:\/\/www.laguiadepamplona.com\/actualidad\/wp-json\/wp\/v2\/media?parent=32695"}],"wp:term":[{"taxonomy":"category","embeddable":true,"href":"https:\/\/www.laguiadepamplona.com\/actualidad\/wp-json\/wp\/v2\/categories?post=32695"},{"taxonomy":"post_tag","embeddable":true,"href":"https:\/\/www.laguiadepamplona.com\/actualidad\/wp-json\/wp\/v2\/tags?post=32695"}],"curies":[{"name":"wp","href":"https:\/\/api.w.org\/{rel}","templated":true}]}}