{"id":32654,"date":"2021-01-08T17:54:11","date_gmt":"2021-01-08T15:54:11","guid":{"rendered":"https:\/\/www.laguiadepamplona.es\/actualidad\/?p=32654"},"modified":"2021-01-08T17:54:11","modified_gmt":"2021-01-08T15:54:11","slug":"el-ayuntamiento-publica-la-convocatoria-de-ayudas-de-emergencia-social-con-630-000-euros-cifra-que-podria-duplicarse-de-acuerdo-al-presupuesto-municipal-de-2021","status":"publish","type":"post","link":"https:\/\/www.laguiadepamplona.com\/actualidad\/el-ayuntamiento-publica-la-convocatoria-de-ayudas-de-emergencia-social-con-630-000-euros-cifra-que-podria-duplicarse-de-acuerdo-al-presupuesto-municipal-de-2021\/","title":{"rendered":"El Ayuntamiento publica la convocatoria de ayudas de emergencia social con 630.000 euros, cifra que podr\u00eda duplicarse de acuerdo al presupuesto municipal de 2021"},"content":{"rendered":"<h5>En 2020 se concedieron 1,2 millones de euros en una convocatoria que se lanz\u00f3 antes de aprobarse el presupuesto para atender solicitudes desde principios de enero<\/h5>\n<p><!--more--><\/p>\n<p>El Ayuntamiento de Pamplona ha publicado hoy la Convocatoria de subvenciones, en r\u00e9gimen de evaluaci\u00f3n individualizada, destinadas a la concesi\u00f3n de prestaciones econ\u00f3micas directas a personas y\/o situaci\u00f3n de emergencia social para el a\u00f1o 2021. El texto aprobado recoge una dotaci\u00f3n inicial de 630.000 euros, una cantidad que podr\u00eda hasta duplicarse teniendo en cuenta el presupuesto municipal finalmente aprobado para este a\u00f1o.<\/p>\n<p>Estas ayudas se destinan a personas y familias de Pamplona con carencias econ\u00f3micas contrastadas que conllevan dificultades para cubrir sus necesidades b\u00e1sicas, principalmente, de alojamiento, suministros y nutrici\u00f3n e higiene. La aprobaci\u00f3n de la convocatoria para su r\u00e1pida publicaci\u00f3n se puso en marcha unos d\u00edas antes de que se aprobara el presupuesto para agilizar la atenci\u00f3n y poder empezar a aprobar las solicitudes desde los primeros d\u00edas de enero. Por esta raz\u00f3n, se prev\u00e9 que el presupuesto inicial se vea incrementado seg\u00fan sean las necesidades que se vayan presentando.<\/p>\n<p><script async src=\"\/\/pagead2.googlesyndication.com\/pagead\/js\/adsbygoogle.js\"><\/script><br \/>\n<!-- Noticias La Guia de Pamplona --><br \/>\n<ins class=\"adsbygoogle\"\nstyle=\"display:block\"\ndata-ad-client=\"ca-pub-6943679897239327\"\ndata-ad-slot=\"7048180777\"\ndata-ad-format=\"auto\"><\/ins><br \/>\n<script>\n(adsbygoogle = window.adsbygoogle || []).push({});\n<\/script><\/p>\n<p><strong>Aumentan las ayudas el 70% entre 2019 y 2020<\/strong><\/p>\n<p>El a\u00f1o pasado, el Consistorio pamplon\u00e9s concedi\u00f3 1.195.903 euros en ayudas de emergencia social, frente a los 699.888 euros de 2019, lo que supone un incremento del 70%. El mes de mayo marc\u00f3 un record al aprobarse 159.717 euros, la mayor cantidad abonada en un mes de la que se tiene registro. El mismo mes de 2019 se hizo un abono total de 92.705 euros, lo que signific\u00f3 un incremento del 72%.<\/p>\n<p>Adem\u00e1s de en mayo, se han realizado pagos por encima de 100.000 euros en abril con 124.970 euros, septiembre con 121.500 euros, julio con 118.622 euros y noviembre con 116.225. Los siguientes meses con m\u00e1s abonos han sido marzo con 97.197 euros, octubre con 93.353 euros junio con 89.407 y febrero con 86.260 euros. En diciembre la cifra se situ\u00f3 en 72.117 euros, agosto en 71.999 euros y en enero en 56.671 euros.<\/p>\n<p><script async src=\"\/\/pagead2.googlesyndication.com\/pagead\/js\/adsbygoogle.js\"><\/script><br \/>\n<!-- Noticias La Guia de Pamplona --><br \/>\n<ins class=\"adsbygoogle\"\nstyle=\"display:block\"\ndata-ad-client=\"ca-pub-6943679897239327\"\ndata-ad-slot=\"7048180777\"\ndata-ad-format=\"auto\"><\/ins><br \/>\n<script>\n(adsbygoogle = window.adsbygoogle || []).push({});\n<\/script><\/p>\n<p><strong>Ayudas principalmente para pagos de vivienda, alimentaci\u00f3n y energ\u00eda<\/strong><\/p>\n<p>Las ayudas de esta convocatoria p\u00fablica est\u00e1n dirigidas a apoyar a personas y familias para hacer frente al pago del alquiler de la vivienda, pr\u00e9stamos hipotecarios o deudas de la comunidad; al abono de suministros b\u00e1sicos de agua y basuras, electricidad, gas o calefacci\u00f3n; a la compra de productos de alimentaci\u00f3n diaria e higiene; y a gastos de formaci\u00f3n para la capacitaci\u00f3n personal. Tambi\u00e9n para acceder a recursos de prevenci\u00f3n de situaciones de riesgo o desprotecci\u00f3n infantil.<\/p>\n<p>Las ayudas econ\u00f3micas se conceden por orden de solicitud entre las que cumplen los requisitos establecidos previa valoraci\u00f3n social y a propuesta del personal profesional t\u00e9cnico establecido para ello en los servicios sociales municipales. La convocatoria permanece abierta todo el a\u00f1o siempre que hay consignaci\u00f3n presupuestaria. Las solicitudes deber\u00e1n presentarse a partir del lunes en el Registro General del Ayuntamiento de Pamplona, (calle Mayor n\u00famero 2, planta baja \u2013 Palacio del Condestable), en sus registros auxiliares o en cualquiera de los previstos en el Procedimiento Administrativo Com\u00fan de las Administraciones P\u00fablicas.<\/p>\n<p><script async src=\"\/\/pagead2.googlesyndication.com\/pagead\/js\/adsbygoogle.js\"><\/script><br \/>\n<!-- Noticias La Guia de Pamplona --><br \/>\n<ins class=\"adsbygoogle\"\nstyle=\"display:block\"\ndata-ad-client=\"ca-pub-6943679897239327\"\ndata-ad-slot=\"7048180777\"\ndata-ad-format=\"auto\"><\/ins><br \/>\n<script>\n(adsbygoogle = window.adsbygoogle || []).push({});\n<\/script><br \/>\n<strong>Menos de 500 euros para unidades familiares de una persona o de 700 euros para dos<\/strong><\/p>\n<p>Para poder acceder a esta convocatoria, los recursos econ\u00f3micos mensuales de la unidad familiar no deben superar los 500 euros mensuales para unidades de una persona; 700 euros para dos personas; 940 euros para tres personas y 1.220 para cuatro personas.<\/p>\n<p>Adem\u00e1s, es requisito tener m\u00e1s de 18 a\u00f1os, residencia efectiva en Pamplona (encontrarse empadronado en la ciudad con un m\u00ednimo de seis meses de antig\u00fcedad) y estar implicado en un proceso de intervenci\u00f3n social a trav\u00e9s de los programas del \u00c1rea de Servicios Sociales. Asimismo, han tenido que haber solicitado todas aquellas prestaciones a las que pudieran tener derecho (renta garantizada, prestaciones del Servicio Estatal de Empleo y\/o de la Seguridad Social, pensi\u00f3n alimenticia a favor de los menores, becas comedor y libros), as\u00ed como cualquier otra prestaci\u00f3n, recurso o servicio que pueda favorecer la cobertura de la emergencia existente.<\/p>\n<p>La cuant\u00eda m\u00e1xima a conceder en el a\u00f1o no podr\u00e1 superar el m\u00e1ximo anual de 860 euros para unidades familiares de 1 persona; 960 para dos personas; 1.060 para tres personas; 1.160 para cuatro personas; y 1.250 para cinco o m\u00e1s personas. Por solicitud, se conceder\u00e1 hasta un m\u00e1ximo del 50% de la cuant\u00eda m\u00e1xima establecida con car\u00e1cter general para el a\u00f1o.<\/p>\n","protected":false},"excerpt":{"rendered":"<p>En 2020 se concedieron 1,2 millones de euros en una convocatoria que se lanz\u00f3 antes de aprobarse el presupuesto para atender solicitudes desde principios de enero<\/p>\n","protected":false},"author":1,"featured_media":21939,"comment_status":"open","ping_status":"closed","sticky":false,"template":"","format":"standard","meta":{"footnotes":""},"categories":[2],"tags":[],"class_list":["post-32654","post","type-post","status-publish","format-standard","has-post-thumbnail","hentry","category-ayuntamiento-pamplona"],"yoast_head":"<!-- This site is optimized with the Yoast SEO plugin v27.5 - https:\/\/yoast.com\/product\/yoast-seo-wordpress\/ -->\n<title>El Ayuntamiento publica la convocatoria de ayudas de emergencia social con 630.000 euros, cifra que podr\u00eda duplicarse de acuerdo al presupuesto municipal de 2021<\/title>\n<meta name=\"description\" content=\"En 2020 se concedieron 1,2 millones de euros en una convocatoria que se lanz\u00f3 antes de aprobarse el presupuesto para atender solicitudes desde principios de enero\" \/>\n<meta name=\"robots\" content=\"index, follow, max-snippet:-1, max-image-preview:large, max-video-preview:-1\" \/>\n<link rel=\"canonical\" href=\"https:\/\/www.laguiadepamplona.com\/actualidad\/el-ayuntamiento-publica-la-convocatoria-de-ayudas-de-emergencia-social-con-630-000-euros-cifra-que-podria-duplicarse-de-acuerdo-al-presupuesto-municipal-de-2021\/\" \/>\n<meta property=\"og:locale\" content=\"es_ES\" \/>\n<meta property=\"og:type\" content=\"article\" \/>\n<meta property=\"og:title\" content=\"El Ayuntamiento publica la convocatoria de ayudas de emergencia social con 630.000 euros, cifra que podr\u00eda duplicarse de acuerdo al presupuesto municipal de 2021\" \/>\n<meta property=\"og:description\" content=\"En 2020 se concedieron 1,2 millones de euros en una convocatoria que se lanz\u00f3 antes de aprobarse el presupuesto para atender solicitudes desde principios de enero\" \/>\n<meta property=\"og:url\" content=\"https:\/\/www.laguiadepamplona.com\/actualidad\/el-ayuntamiento-publica-la-convocatoria-de-ayudas-de-emergencia-social-con-630-000-euros-cifra-que-podria-duplicarse-de-acuerdo-al-presupuesto-municipal-de-2021\/\" \/>\n<meta property=\"og:site_name\" content=\"La Gu\u00eda de Pamplona\" \/>\n<meta property=\"article:publisher\" content=\"https:\/\/www.facebook.com\/laguiadepamplonacom-133175176762273\/?ref=hl\" \/>\n<meta property=\"article:published_time\" content=\"2021-01-08T15:54:11+00:00\" \/>\n<meta property=\"og:image\" content=\"https:\/\/www.laguiadepamplona.com\/actualidad\/wp-content\/uploads\/2019\/05\/ayuntamiento-pamplona-laguiadepamplona.jpg\" \/>\n\t<meta property=\"og:image:width\" content=\"1920\" \/>\n\t<meta property=\"og:image:height\" content=\"1100\" \/>\n\t<meta property=\"og:image:type\" content=\"image\/jpeg\" \/>\n<meta name=\"author\" content=\"La Gu\u00eda de Pamplona\" \/>\n<meta name=\"twitter:card\" content=\"summary_large_image\" \/>\n<meta name=\"twitter:creator\" content=\"@LaGuiadPamplona\" \/>\n<meta name=\"twitter:site\" content=\"@LaGuiadPamplona\" \/>\n<meta name=\"twitter:label1\" content=\"Escrito por\" \/>\n\t<meta name=\"twitter:data1\" content=\"La Gu\u00eda de Pamplona\" \/>\n\t<meta name=\"twitter:label2\" content=\"Tiempo de lectura\" \/>\n\t<meta name=\"twitter:data2\" content=\"4 minutos\" \/>\n<script type=\"application\/ld+json\" class=\"yoast-schema-graph\">{\"@context\":\"https:\\\/\\\/schema.org\",\"@graph\":[{\"@type\":\"Article\",\"@id\":\"https:\\\/\\\/www.laguiadepamplona.com\\\/actualidad\\\/el-ayuntamiento-publica-la-convocatoria-de-ayudas-de-emergencia-social-con-630-000-euros-cifra-que-podria-duplicarse-de-acuerdo-al-presupuesto-municipal-de-2021\\\/#article\",\"isPartOf\":{\"@id\":\"https:\\\/\\\/www.laguiadepamplona.com\\\/actualidad\\\/el-ayuntamiento-publica-la-convocatoria-de-ayudas-de-emergencia-social-con-630-000-euros-cifra-que-podria-duplicarse-de-acuerdo-al-presupuesto-municipal-de-2021\\\/\"},\"author\":{\"name\":\"La Gu\u00eda de Pamplona\",\"@id\":\"https:\\\/\\\/www.laguiadepamplona.com\\\/actualidad\\\/#\\\/schema\\\/person\\\/efe887376f0213d4657c93adc50b1fdb\"},\"headline\":\"El Ayuntamiento publica la convocatoria de ayudas de emergencia social con 630.000 euros, cifra que podr\u00eda duplicarse de acuerdo al presupuesto municipal de 2021\",\"datePublished\":\"2021-01-08T15:54:11+00:00\",\"mainEntityOfPage\":{\"@id\":\"https:\\\/\\\/www.laguiadepamplona.com\\\/actualidad\\\/el-ayuntamiento-publica-la-convocatoria-de-ayudas-de-emergencia-social-con-630-000-euros-cifra-que-podria-duplicarse-de-acuerdo-al-presupuesto-municipal-de-2021\\\/\"},\"wordCount\":775,\"commentCount\":0,\"publisher\":{\"@id\":\"https:\\\/\\\/www.laguiadepamplona.com\\\/actualidad\\\/#organization\"},\"image\":{\"@id\":\"https:\\\/\\\/www.laguiadepamplona.com\\\/actualidad\\\/el-ayuntamiento-publica-la-convocatoria-de-ayudas-de-emergencia-social-con-630-000-euros-cifra-que-podria-duplicarse-de-acuerdo-al-presupuesto-municipal-de-2021\\\/#primaryimage\"},\"thumbnailUrl\":\"https:\\\/\\\/www.laguiadepamplona.com\\\/actualidad\\\/wp-content\\\/uploads\\\/2019\\\/05\\\/ayuntamiento-pamplona-laguiadepamplona.jpg\",\"articleSection\":[\"Ayto Pamplona\"],\"inLanguage\":\"es\",\"potentialAction\":[{\"@type\":\"CommentAction\",\"name\":\"Comment\",\"target\":[\"https:\\\/\\\/www.laguiadepamplona.com\\\/actualidad\\\/el-ayuntamiento-publica-la-convocatoria-de-ayudas-de-emergencia-social-con-630-000-euros-cifra-que-podria-duplicarse-de-acuerdo-al-presupuesto-municipal-de-2021\\\/#respond\"]}]},{\"@type\":\"WebPage\",\"@id\":\"https:\\\/\\\/www.laguiadepamplona.com\\\/actualidad\\\/el-ayuntamiento-publica-la-convocatoria-de-ayudas-de-emergencia-social-con-630-000-euros-cifra-que-podria-duplicarse-de-acuerdo-al-presupuesto-municipal-de-2021\\\/\",\"url\":\"https:\\\/\\\/www.laguiadepamplona.com\\\/actualidad\\\/el-ayuntamiento-publica-la-convocatoria-de-ayudas-de-emergencia-social-con-630-000-euros-cifra-que-podria-duplicarse-de-acuerdo-al-presupuesto-municipal-de-2021\\\/\",\"name\":\"El Ayuntamiento publica la convocatoria de ayudas de emergencia social con 630.000 euros, cifra que podr\u00eda duplicarse de acuerdo al presupuesto municipal de 2021\",\"isPartOf\":{\"@id\":\"https:\\\/\\\/www.laguiadepamplona.com\\\/actualidad\\\/#website\"},\"primaryImageOfPage\":{\"@id\":\"https:\\\/\\\/www.laguiadepamplona.com\\\/actualidad\\\/el-ayuntamiento-publica-la-convocatoria-de-ayudas-de-emergencia-social-con-630-000-euros-cifra-que-podria-duplicarse-de-acuerdo-al-presupuesto-municipal-de-2021\\\/#primaryimage\"},\"image\":{\"@id\":\"https:\\\/\\\/www.laguiadepamplona.com\\\/actualidad\\\/el-ayuntamiento-publica-la-convocatoria-de-ayudas-de-emergencia-social-con-630-000-euros-cifra-que-podria-duplicarse-de-acuerdo-al-presupuesto-municipal-de-2021\\\/#primaryimage\"},\"thumbnailUrl\":\"https:\\\/\\\/www.laguiadepamplona.com\\\/actualidad\\\/wp-content\\\/uploads\\\/2019\\\/05\\\/ayuntamiento-pamplona-laguiadepamplona.jpg\",\"datePublished\":\"2021-01-08T15:54:11+00:00\",\"description\":\"En 2020 se concedieron 1,2 millones de euros en una convocatoria que se lanz\u00f3 antes de aprobarse el presupuesto para atender solicitudes desde principios de enero\",\"breadcrumb\":{\"@id\":\"https:\\\/\\\/www.laguiadepamplona.com\\\/actualidad\\\/el-ayuntamiento-publica-la-convocatoria-de-ayudas-de-emergencia-social-con-630-000-euros-cifra-que-podria-duplicarse-de-acuerdo-al-presupuesto-municipal-de-2021\\\/#breadcrumb\"},\"inLanguage\":\"es\",\"potentialAction\":[{\"@type\":\"ReadAction\",\"target\":[\"https:\\\/\\\/www.laguiadepamplona.com\\\/actualidad\\\/el-ayuntamiento-publica-la-convocatoria-de-ayudas-de-emergencia-social-con-630-000-euros-cifra-que-podria-duplicarse-de-acuerdo-al-presupuesto-municipal-de-2021\\\/\"]}]},{\"@type\":\"ImageObject\",\"inLanguage\":\"es\",\"@id\":\"https:\\\/\\\/www.laguiadepamplona.com\\\/actualidad\\\/el-ayuntamiento-publica-la-convocatoria-de-ayudas-de-emergencia-social-con-630-000-euros-cifra-que-podria-duplicarse-de-acuerdo-al-presupuesto-municipal-de-2021\\\/#primaryimage\",\"url\":\"https:\\\/\\\/www.laguiadepamplona.com\\\/actualidad\\\/wp-content\\\/uploads\\\/2019\\\/05\\\/ayuntamiento-pamplona-laguiadepamplona.jpg\",\"contentUrl\":\"https:\\\/\\\/www.laguiadepamplona.com\\\/actualidad\\\/wp-content\\\/uploads\\\/2019\\\/05\\\/ayuntamiento-pamplona-laguiadepamplona.jpg\",\"width\":1920,\"height\":1100},{\"@type\":\"BreadcrumbList\",\"@id\":\"https:\\\/\\\/www.laguiadepamplona.com\\\/actualidad\\\/el-ayuntamiento-publica-la-convocatoria-de-ayudas-de-emergencia-social-con-630-000-euros-cifra-que-podria-duplicarse-de-acuerdo-al-presupuesto-municipal-de-2021\\\/#breadcrumb\",\"itemListElement\":[{\"@type\":\"ListItem\",\"position\":1,\"name\":\"Portada\",\"item\":\"https:\\\/\\\/www.laguiadepamplona.com\\\/actualidad\\\/\"},{\"@type\":\"ListItem\",\"position\":2,\"name\":\"El Ayuntamiento publica la convocatoria de ayudas de emergencia social con 630.000 euros, cifra que podr\u00eda duplicarse de acuerdo al presupuesto municipal de 2021\"}]},{\"@type\":\"WebSite\",\"@id\":\"https:\\\/\\\/www.laguiadepamplona.com\\\/actualidad\\\/#website\",\"url\":\"https:\\\/\\\/www.laguiadepamplona.com\\\/actualidad\\\/\",\"name\":\"La gu\u00eda de Pamplona\",\"description\":\"Noticias de Pamplona\",\"publisher\":{\"@id\":\"https:\\\/\\\/www.laguiadepamplona.com\\\/actualidad\\\/#organization\"},\"potentialAction\":[{\"@type\":\"SearchAction\",\"target\":{\"@type\":\"EntryPoint\",\"urlTemplate\":\"https:\\\/\\\/www.laguiadepamplona.com\\\/actualidad\\\/?s={search_term_string}\"},\"query-input\":{\"@type\":\"PropertyValueSpecification\",\"valueRequired\":true,\"valueName\":\"search_term_string\"}}],\"inLanguage\":\"es\"},{\"@type\":\"Organization\",\"@id\":\"https:\\\/\\\/www.laguiadepamplona.com\\\/actualidad\\\/#organization\",\"name\":\"La Gu\u00eda de Pamplona \\\/ Noticias\",\"url\":\"https:\\\/\\\/www.laguiadepamplona.com\\\/actualidad\\\/\",\"logo\":{\"@type\":\"ImageObject\",\"inLanguage\":\"es\",\"@id\":\"https:\\\/\\\/www.laguiadepamplona.com\\\/actualidad\\\/#\\\/schema\\\/logo\\\/image\\\/\",\"url\":\"https:\\\/\\\/www.laguiadepamplona.com\\\/actualidad\\\/wp-content\\\/uploads\\\/2018\\\/11\\\/logo-laguiadepamplona18-web1.png\",\"contentUrl\":\"https:\\\/\\\/www.laguiadepamplona.com\\\/actualidad\\\/wp-content\\\/uploads\\\/2018\\\/11\\\/logo-laguiadepamplona18-web1.png\",\"width\":600,\"height\":196,\"caption\":\"La Gu\u00eda de Pamplona \\\/ Noticias\"},\"image\":{\"@id\":\"https:\\\/\\\/www.laguiadepamplona.com\\\/actualidad\\\/#\\\/schema\\\/logo\\\/image\\\/\"},\"sameAs\":[\"https:\\\/\\\/www.facebook.com\\\/laguiadepamplonacom-133175176762273\\\/?ref=hl\",\"https:\\\/\\\/x.com\\\/LaGuiadPamplona\",\"https:\\\/\\\/www.instagram.com\\\/la_guia_de_pamplona\\\/\",\"https:\\\/\\\/www.youtube.com\\\/user\\\/laguiadepamplona\"]},{\"@type\":\"Person\",\"@id\":\"https:\\\/\\\/www.laguiadepamplona.com\\\/actualidad\\\/#\\\/schema\\\/person\\\/efe887376f0213d4657c93adc50b1fdb\",\"name\":\"La Gu\u00eda de Pamplona\",\"image\":{\"@type\":\"ImageObject\",\"inLanguage\":\"es\",\"@id\":\"https:\\\/\\\/secure.gravatar.com\\\/avatar\\\/b6992f131dc8d30ab0dff15446e9d346d9dbd95992de0fef795073f5ea83a81c?s=96&d=mm&r=g\",\"url\":\"https:\\\/\\\/secure.gravatar.com\\\/avatar\\\/b6992f131dc8d30ab0dff15446e9d346d9dbd95992de0fef795073f5ea83a81c?s=96&d=mm&r=g\",\"contentUrl\":\"https:\\\/\\\/secure.gravatar.com\\\/avatar\\\/b6992f131dc8d30ab0dff15446e9d346d9dbd95992de0fef795073f5ea83a81c?s=96&d=mm&r=g\",\"caption\":\"La Gu\u00eda de Pamplona\"}}]}<\/script>\n<!-- \/ Yoast SEO plugin. -->","yoast_head_json":{"title":"El Ayuntamiento publica la convocatoria de ayudas de emergencia social con 630.000 euros, cifra que podr\u00eda duplicarse de acuerdo al presupuesto municipal de 2021","description":"En 2020 se concedieron 1,2 millones de euros en una convocatoria que se lanz\u00f3 antes de aprobarse el presupuesto para atender solicitudes desde principios de enero","robots":{"index":"index","follow":"follow","max-snippet":"max-snippet:-1","max-image-preview":"max-image-preview:large","max-video-preview":"max-video-preview:-1"},"canonical":"https:\/\/www.laguiadepamplona.com\/actualidad\/el-ayuntamiento-publica-la-convocatoria-de-ayudas-de-emergencia-social-con-630-000-euros-cifra-que-podria-duplicarse-de-acuerdo-al-presupuesto-municipal-de-2021\/","og_locale":"es_ES","og_type":"article","og_title":"El Ayuntamiento publica la convocatoria de ayudas de emergencia social con 630.000 euros, cifra que podr\u00eda duplicarse de acuerdo al presupuesto municipal de 2021","og_description":"En 2020 se concedieron 1,2 millones de euros en una convocatoria que se lanz\u00f3 antes de aprobarse el presupuesto para atender solicitudes desde principios de enero","og_url":"https:\/\/www.laguiadepamplona.com\/actualidad\/el-ayuntamiento-publica-la-convocatoria-de-ayudas-de-emergencia-social-con-630-000-euros-cifra-que-podria-duplicarse-de-acuerdo-al-presupuesto-municipal-de-2021\/","og_site_name":"La Gu\u00eda de Pamplona","article_publisher":"https:\/\/www.facebook.com\/laguiadepamplonacom-133175176762273\/?ref=hl","article_published_time":"2021-01-08T15:54:11+00:00","og_image":[{"width":1920,"height":1100,"url":"https:\/\/www.laguiadepamplona.com\/actualidad\/wp-content\/uploads\/2019\/05\/ayuntamiento-pamplona-laguiadepamplona.jpg","type":"image\/jpeg"}],"author":"La Gu\u00eda de Pamplona","twitter_card":"summary_large_image","twitter_creator":"@LaGuiadPamplona","twitter_site":"@LaGuiadPamplona","twitter_misc":{"Escrito por":"La Gu\u00eda de Pamplona","Tiempo de lectura":"4 minutos"},"schema":{"@context":"https:\/\/schema.org","@graph":[{"@type":"Article","@id":"https:\/\/www.laguiadepamplona.com\/actualidad\/el-ayuntamiento-publica-la-convocatoria-de-ayudas-de-emergencia-social-con-630-000-euros-cifra-que-podria-duplicarse-de-acuerdo-al-presupuesto-municipal-de-2021\/#article","isPartOf":{"@id":"https:\/\/www.laguiadepamplona.com\/actualidad\/el-ayuntamiento-publica-la-convocatoria-de-ayudas-de-emergencia-social-con-630-000-euros-cifra-que-podria-duplicarse-de-acuerdo-al-presupuesto-municipal-de-2021\/"},"author":{"name":"La Gu\u00eda de Pamplona","@id":"https:\/\/www.laguiadepamplona.com\/actualidad\/#\/schema\/person\/efe887376f0213d4657c93adc50b1fdb"},"headline":"El Ayuntamiento publica la convocatoria de ayudas de emergencia social con 630.000 euros, cifra que podr\u00eda duplicarse de acuerdo al presupuesto municipal de 2021","datePublished":"2021-01-08T15:54:11+00:00","mainEntityOfPage":{"@id":"https:\/\/www.laguiadepamplona.com\/actualidad\/el-ayuntamiento-publica-la-convocatoria-de-ayudas-de-emergencia-social-con-630-000-euros-cifra-que-podria-duplicarse-de-acuerdo-al-presupuesto-municipal-de-2021\/"},"wordCount":775,"commentCount":0,"publisher":{"@id":"https:\/\/www.laguiadepamplona.com\/actualidad\/#organization"},"image":{"@id":"https:\/\/www.laguiadepamplona.com\/actualidad\/el-ayuntamiento-publica-la-convocatoria-de-ayudas-de-emergencia-social-con-630-000-euros-cifra-que-podria-duplicarse-de-acuerdo-al-presupuesto-municipal-de-2021\/#primaryimage"},"thumbnailUrl":"https:\/\/www.laguiadepamplona.com\/actualidad\/wp-content\/uploads\/2019\/05\/ayuntamiento-pamplona-laguiadepamplona.jpg","articleSection":["Ayto Pamplona"],"inLanguage":"es","potentialAction":[{"@type":"CommentAction","name":"Comment","target":["https:\/\/www.laguiadepamplona.com\/actualidad\/el-ayuntamiento-publica-la-convocatoria-de-ayudas-de-emergencia-social-con-630-000-euros-cifra-que-podria-duplicarse-de-acuerdo-al-presupuesto-municipal-de-2021\/#respond"]}]},{"@type":"WebPage","@id":"https:\/\/www.laguiadepamplona.com\/actualidad\/el-ayuntamiento-publica-la-convocatoria-de-ayudas-de-emergencia-social-con-630-000-euros-cifra-que-podria-duplicarse-de-acuerdo-al-presupuesto-municipal-de-2021\/","url":"https:\/\/www.laguiadepamplona.com\/actualidad\/el-ayuntamiento-publica-la-convocatoria-de-ayudas-de-emergencia-social-con-630-000-euros-cifra-que-podria-duplicarse-de-acuerdo-al-presupuesto-municipal-de-2021\/","name":"El Ayuntamiento publica la convocatoria de ayudas de emergencia social con 630.000 euros, cifra que podr\u00eda duplicarse de acuerdo al presupuesto municipal de 2021","isPartOf":{"@id":"https:\/\/www.laguiadepamplona.com\/actualidad\/#website"},"primaryImageOfPage":{"@id":"https:\/\/www.laguiadepamplona.com\/actualidad\/el-ayuntamiento-publica-la-convocatoria-de-ayudas-de-emergencia-social-con-630-000-euros-cifra-que-podria-duplicarse-de-acuerdo-al-presupuesto-municipal-de-2021\/#primaryimage"},"image":{"@id":"https:\/\/www.laguiadepamplona.com\/actualidad\/el-ayuntamiento-publica-la-convocatoria-de-ayudas-de-emergencia-social-con-630-000-euros-cifra-que-podria-duplicarse-de-acuerdo-al-presupuesto-municipal-de-2021\/#primaryimage"},"thumbnailUrl":"https:\/\/www.laguiadepamplona.com\/actualidad\/wp-content\/uploads\/2019\/05\/ayuntamiento-pamplona-laguiadepamplona.jpg","datePublished":"2021-01-08T15:54:11+00:00","description":"En 2020 se concedieron 1,2 millones de euros en una convocatoria que se lanz\u00f3 antes de aprobarse el presupuesto para atender solicitudes desde principios de enero","breadcrumb":{"@id":"https:\/\/www.laguiadepamplona.com\/actualidad\/el-ayuntamiento-publica-la-convocatoria-de-ayudas-de-emergencia-social-con-630-000-euros-cifra-que-podria-duplicarse-de-acuerdo-al-presupuesto-municipal-de-2021\/#breadcrumb"},"inLanguage":"es","potentialAction":[{"@type":"ReadAction","target":["https:\/\/www.laguiadepamplona.com\/actualidad\/el-ayuntamiento-publica-la-convocatoria-de-ayudas-de-emergencia-social-con-630-000-euros-cifra-que-podria-duplicarse-de-acuerdo-al-presupuesto-municipal-de-2021\/"]}]},{"@type":"ImageObject","inLanguage":"es","@id":"https:\/\/www.laguiadepamplona.com\/actualidad\/el-ayuntamiento-publica-la-convocatoria-de-ayudas-de-emergencia-social-con-630-000-euros-cifra-que-podria-duplicarse-de-acuerdo-al-presupuesto-municipal-de-2021\/#primaryimage","url":"https:\/\/www.laguiadepamplona.com\/actualidad\/wp-content\/uploads\/2019\/05\/ayuntamiento-pamplona-laguiadepamplona.jpg","contentUrl":"https:\/\/www.laguiadepamplona.com\/actualidad\/wp-content\/uploads\/2019\/05\/ayuntamiento-pamplona-laguiadepamplona.jpg","width":1920,"height":1100},{"@type":"BreadcrumbList","@id":"https:\/\/www.laguiadepamplona.com\/actualidad\/el-ayuntamiento-publica-la-convocatoria-de-ayudas-de-emergencia-social-con-630-000-euros-cifra-que-podria-duplicarse-de-acuerdo-al-presupuesto-municipal-de-2021\/#breadcrumb","itemListElement":[{"@type":"ListItem","position":1,"name":"Portada","item":"https:\/\/www.laguiadepamplona.com\/actualidad\/"},{"@type":"ListItem","position":2,"name":"El Ayuntamiento publica la convocatoria de ayudas de emergencia social con 630.000 euros, cifra que podr\u00eda duplicarse de acuerdo al presupuesto municipal de 2021"}]},{"@type":"WebSite","@id":"https:\/\/www.laguiadepamplona.com\/actualidad\/#website","url":"https:\/\/www.laguiadepamplona.com\/actualidad\/","name":"La gu\u00eda de Pamplona","description":"Noticias de Pamplona","publisher":{"@id":"https:\/\/www.laguiadepamplona.com\/actualidad\/#organization"},"potentialAction":[{"@type":"SearchAction","target":{"@type":"EntryPoint","urlTemplate":"https:\/\/www.laguiadepamplona.com\/actualidad\/?s={search_term_string}"},"query-input":{"@type":"PropertyValueSpecification","valueRequired":true,"valueName":"search_term_string"}}],"inLanguage":"es"},{"@type":"Organization","@id":"https:\/\/www.laguiadepamplona.com\/actualidad\/#organization","name":"La Gu\u00eda de Pamplona \/ Noticias","url":"https:\/\/www.laguiadepamplona.com\/actualidad\/","logo":{"@type":"ImageObject","inLanguage":"es","@id":"https:\/\/www.laguiadepamplona.com\/actualidad\/#\/schema\/logo\/image\/","url":"https:\/\/www.laguiadepamplona.com\/actualidad\/wp-content\/uploads\/2018\/11\/logo-laguiadepamplona18-web1.png","contentUrl":"https:\/\/www.laguiadepamplona.com\/actualidad\/wp-content\/uploads\/2018\/11\/logo-laguiadepamplona18-web1.png","width":600,"height":196,"caption":"La Gu\u00eda de Pamplona \/ Noticias"},"image":{"@id":"https:\/\/www.laguiadepamplona.com\/actualidad\/#\/schema\/logo\/image\/"},"sameAs":["https:\/\/www.facebook.com\/laguiadepamplonacom-133175176762273\/?ref=hl","https:\/\/x.com\/LaGuiadPamplona","https:\/\/www.instagram.com\/la_guia_de_pamplona\/","https:\/\/www.youtube.com\/user\/laguiadepamplona"]},{"@type":"Person","@id":"https:\/\/www.laguiadepamplona.com\/actualidad\/#\/schema\/person\/efe887376f0213d4657c93adc50b1fdb","name":"La Gu\u00eda de Pamplona","image":{"@type":"ImageObject","inLanguage":"es","@id":"https:\/\/secure.gravatar.com\/avatar\/b6992f131dc8d30ab0dff15446e9d346d9dbd95992de0fef795073f5ea83a81c?s=96&d=mm&r=g","url":"https:\/\/secure.gravatar.com\/avatar\/b6992f131dc8d30ab0dff15446e9d346d9dbd95992de0fef795073f5ea83a81c?s=96&d=mm&r=g","contentUrl":"https:\/\/secure.gravatar.com\/avatar\/b6992f131dc8d30ab0dff15446e9d346d9dbd95992de0fef795073f5ea83a81c?s=96&d=mm&r=g","caption":"La Gu\u00eda de Pamplona"}}]}},"post_mailing_queue_ids":[],"_links":{"self":[{"href":"https:\/\/www.laguiadepamplona.com\/actualidad\/wp-json\/wp\/v2\/posts\/32654","targetHints":{"allow":["GET"]}}],"collection":[{"href":"https:\/\/www.laguiadepamplona.com\/actualidad\/wp-json\/wp\/v2\/posts"}],"about":[{"href":"https:\/\/www.laguiadepamplona.com\/actualidad\/wp-json\/wp\/v2\/types\/post"}],"author":[{"embeddable":true,"href":"https:\/\/www.laguiadepamplona.com\/actualidad\/wp-json\/wp\/v2\/users\/1"}],"replies":[{"embeddable":true,"href":"https:\/\/www.laguiadepamplona.com\/actualidad\/wp-json\/wp\/v2\/comments?post=32654"}],"version-history":[{"count":0,"href":"https:\/\/www.laguiadepamplona.com\/actualidad\/wp-json\/wp\/v2\/posts\/32654\/revisions"}],"wp:featuredmedia":[{"embeddable":true,"href":"https:\/\/www.laguiadepamplona.com\/actualidad\/wp-json\/wp\/v2\/media\/21939"}],"wp:attachment":[{"href":"https:\/\/www.laguiadepamplona.com\/actualidad\/wp-json\/wp\/v2\/media?parent=32654"}],"wp:term":[{"taxonomy":"category","embeddable":true,"href":"https:\/\/www.laguiadepamplona.com\/actualidad\/wp-json\/wp\/v2\/categories?post=32654"},{"taxonomy":"post_tag","embeddable":true,"href":"https:\/\/www.laguiadepamplona.com\/actualidad\/wp-json\/wp\/v2\/tags?post=32654"}],"curies":[{"name":"wp","href":"https:\/\/api.w.org\/{rel}","templated":true}]}}