{"id":32652,"date":"2021-01-08T12:32:10","date_gmt":"2021-01-08T10:32:10","guid":{"rendered":"https:\/\/www.laguiadepamplona.es\/actualidad\/?p=32652"},"modified":"2021-01-08T12:32:10","modified_gmt":"2021-01-08T10:32:10","slug":"urtarrijazz21-ofrece-este-mes-conciertos-de-zugardi-rag-band-juanma-urriza-laukotea-mikel-andueza-y-javier-lopez-jaso-miguel-villar-quartet-y-josetxo-goia-aribe","status":"publish","type":"post","link":"https:\/\/www.laguiadepamplona.com\/actualidad\/urtarrijazz21-ofrece-este-mes-conciertos-de-zugardi-rag-band-juanma-urriza-laukotea-mikel-andueza-y-javier-lopez-jaso-miguel-villar-quartet-y-josetxo-goia-aribe\/","title":{"rendered":"Urtarrijazz\u201921 ofrece este mes conciertos de Zugardi Rag Band, Juanma Urriza Laukotea, Mikel Andueza y Javier L\u00f3pez Jaso, Miguel Villar Quartet y Josetxo Goia-Aribe"},"content":{"rendered":"<h5>El ciclo comienza este viernes con el aforo completo para el concierto de Zugardi Rag Band y contin\u00faa el martes con la conferencia de Pachi Tapiz<\/h5>\n<p><!--more--><\/p>\n<p>\u2018Urtarrijazz\u201921. Un enero de jazz local\u2019 ofrece este mes conciertos de Zugardi Rag Band, Juanma Urriza Laukotea, Mikel Andueza y Javier L\u00f3pez Jaso, Miguel Villar Quartet y Josetxo Goia-Aribe, adem\u00e1s de dos conferencias de Pachi Tapiz. Todas las actividades se desarrollan en Civivox San Jorge y tienen entrada gratuita salvo el concierto que cierra el ciclo de Josetxo Goia-Aribe cuyas entradas tienen un precio de tres euros. En los cuatro conciertos gratuitos y en las dos conferencias es obligatorio realizar inscripci\u00f3n previa en cualquier centro de la red Civivox, en el tel\u00e9fono 010 o en el registro online de <a href=\"http:\/\/www.pamplonaescultura.es\" target=\"_blank\" rel=\"noopener\">www.pamplonaescultura.es<\/a>.<\/p>\n<p>El ciclo comienza este viernes con el aforo completo para el concierto de Zugardi Rag Band, un conjunto de viento metal, viento madera, voz y percusi\u00f3n compuesto por catorce m\u00fasicos procedentes de Zizur Mayor, Pamplona, Villava, Bara\u00f1\u00e1in, Anso\u00e1in y Burlada. Esta agrupaci\u00f3n ha creado un repertorio con cl\u00e1sicos del music hall de los a\u00f1os 20 y 30 del siglo XX, la \u00e9poca dorada de los musicales de Broadway y los espect\u00e1culos con m\u00fasica en vivo. Tambi\u00e9n hay espacio para temas del ragtime.<\/p>\n<p>La programaci\u00f3n continuar\u00e1 el martes, 12 de enero, con una conferencia de Pachi Tapiz a las siete y media de la tarde sobre big bands y grandes formaciones de jazz. En la charla se har\u00e1 un repaso por la historia de estos grupos, as\u00ed como por su modo de plantear la creaci\u00f3n jazz\u00edstica. Comenzar\u00e1 casi en los inicios del jazz y llegar\u00e1 hasta nuestros d\u00edas. Duke Ellington, Count Basie, Woody Herman, Sun Ra o Maria Schneider ser\u00e1n algunos de los artistas sobre los que se hablar\u00e1 y sonar\u00e1n durante la charla.<\/p>\n<p><script async src=\"\/\/pagead2.googlesyndication.com\/pagead\/js\/adsbygoogle.js\"><\/script><br \/>\n<!-- Noticias La Guia de Pamplona --><br \/>\n<ins class=\"adsbygoogle\"\nstyle=\"display:block\"\ndata-ad-client=\"ca-pub-6943679897239327\"\ndata-ad-slot=\"7048180777\"\ndata-ad-format=\"auto\"><\/ins><br \/>\n<script>\n(adsbygoogle = window.adsbygoogle || []).push({});\n<\/script><\/p>\n<p><strong>15 de enero concierto de Juanma Urriza Laukotea y el d\u00eda 19 charla sobre Charlie Parker<\/strong><\/p>\n<p>El proyecto Juanma Urriza Laukotea se pone en marcha en 2018 y toma cuerpo en \u2018Mamel\u2019, un disco de agradecimientos y amor por lo vivido lleno de recuerdos. El \u00e1lbum hace referencia a recuerdos de personas, lugares, momentos, familia, folklore, tierra o ra\u00edces plasmados en m\u00fasica. En el repertorio se encuentra una variada gama de colores musicales, entre los que hay temas originales, tradicionales y versiones de pop-rock. El grupo est\u00e1 compuesto por Juanma Urriza (bater\u00eda y composici\u00f3n); Satxa Soriazu (piano); Kike Arza (contrabajo) y Alberto Arteta (saxo). El concierto se celebrar\u00e1 el 15 de enero a las siete y media de la tarde.<\/p>\n<p>\u2018Charlie Parker: un p\u00e1jaro que vol\u00f3 muy alto\u2019 es el t\u00edtulo de la segunda conferencia del ciclo, tambi\u00e9n de la mano de Pachi Tapiz. En 2020 se ha cumplido el centenario del nacimiento de Charlie Parker, \u2018Bird\u2019. Un m\u00fasico que vivi\u00f3 r\u00e1pido, muri\u00f3 joven y revolucion\u00f3 el jazz. En la charla se repasar\u00e1 su carrera y se escuchar\u00e1n algunos de los momentos m\u00e1s destacables de la misma. Ser\u00e1 el 19 de enero a las siete y media de la tarde.<\/p>\n<p><script async src=\"\/\/pagead2.googlesyndication.com\/pagead\/js\/adsbygoogle.js\"><\/script><br \/>\n<!-- Noticias La Guia de Pamplona --><br \/>\n<ins class=\"adsbygoogle\"\nstyle=\"display:block\"\ndata-ad-client=\"ca-pub-6943679897239327\"\ndata-ad-slot=\"7048180777\"\ndata-ad-format=\"auto\"><\/ins><br \/>\n<script>\n(adsbygoogle = window.adsbygoogle || []).push({});\n<\/script><\/p>\n<p><strong>Siguientes conciertos del ciclo<\/strong><\/p>\n<p>Mikel Andueza y Javier L\u00f3pez Jaso subir\u00e1n al escenario de Civivox San Jorge el 22 de enero para presentar \u2018Encuentros\u2019. Este d\u00fao surge para explotar nuevas sonoridades impulsado por dos m\u00fasicos de trayectorias muy diversas pero unidas por el nexo en com\u00fan del jazz y la innovaci\u00f3n, sin rehuir en ning\u00fan momento de la tradici\u00f3n musical y jazz\u00edstica. El resultado es una amalgama de sonoridades y matices ambientes con ambientes sugerentes adem\u00e1s de melod\u00edas y ritmos tradicionales, brasile\u00f1os o folkl\u00f3ricos.<\/p>\n<p>La siguiente semana, el d\u00eda 29, ser\u00e1 el turno de Miguel Villar Quartet y \u2018Ap\u00e1trida\u2019. Miguel \u2018Pintxo\u2019 Villar presenta un cuarteto formado por Toni Saigi, joven y brillante pianista; Marc Cuevas, uno de los contrabajistas m\u00e1s s\u00f3lidos e inquietos de la escena; y Oriol Roca, baterista imaginativo y personal. El grupo interpreta las composiciones m\u00e1s frescas y profundas de Miguel Villar. Las numerosas grabaciones y actuaciones hechas durante a\u00f1os por estos m\u00fasicos con diferentes formaciones permiten un directo cargado de emotividad, dinamismo y sorpresa, donde cada m\u00fasico expresa su visi\u00f3n musical sin complejos y con libertad.<\/p>\n<p>Urtarrijazz\u201921 finalizar\u00e1 el 30 de enero con el concierto \u2018Sarasateando\u2019 de Josetxo Goia-Aribe. A partir de un estudio pormenorizado sobre la vida y obra del compositor y violinista pamplon\u00e9s Pablo Sarasate, los m\u00fasicos toman algunas de sus composiciones m\u00e1s populares para crear una lectura contempor\u00e1nea con una clara voluntad transgresora. La forma y materializaci\u00f3n de lo escrito y compuesto no lo sustenta un viol\u00edn sino un saxo tenor, un piano, un contrabajo y percusi\u00f3n. Es un proyecto en el que est\u00e1n presentes muchas de las variables est\u00e9ticas que engloban la llamada m\u00fasica moderna, el jazz y las nuevas m\u00fasicas. Subir\u00e1n al escenario Josetxo Goia-Aribe (saxo tenor), Javier Olabarrieta (piano), Josemi Garz\u00f3n (contrabajo) y Gonzalo del Val (bater\u00eda).<\/p>\n","protected":false},"excerpt":{"rendered":"<p>El ciclo comienza este viernes con el aforo completo para el concierto de Zugardi Rag Band y contin\u00faa el martes con la conferencia de Pachi Tapiz<\/p>\n","protected":false},"author":1,"featured_media":11047,"comment_status":"open","ping_status":"closed","sticky":false,"template":"","format":"standard","meta":{"footnotes":""},"categories":[2],"tags":[],"class_list":["post-32652","post","type-post","status-publish","format-standard","has-post-thumbnail","hentry","category-ayuntamiento-pamplona"],"yoast_head":"<!-- This site is optimized with the Yoast SEO plugin v27.5 - https:\/\/yoast.com\/product\/yoast-seo-wordpress\/ -->\n<title>Urtarrijazz\u201921 ofrece este mes conciertos de Zugardi Rag Band, Juanma Urriza Laukotea, Mikel Andueza y Javier L\u00f3pez Jaso, Miguel Villar Quartet y Josetxo Goia-Aribe<\/title>\n<meta name=\"description\" content=\"El ciclo comienza este viernes con el aforo completo para el concierto de Zugardi Rag Band y contin\u00faa el martes con la conferencia de Pachi Tapiz\" \/>\n<meta name=\"robots\" content=\"index, follow, max-snippet:-1, max-image-preview:large, max-video-preview:-1\" \/>\n<link rel=\"canonical\" href=\"https:\/\/www.laguiadepamplona.com\/actualidad\/urtarrijazz21-ofrece-este-mes-conciertos-de-zugardi-rag-band-juanma-urriza-laukotea-mikel-andueza-y-javier-lopez-jaso-miguel-villar-quartet-y-josetxo-goia-aribe\/\" \/>\n<meta property=\"og:locale\" content=\"es_ES\" \/>\n<meta property=\"og:type\" content=\"article\" \/>\n<meta property=\"og:title\" content=\"Urtarrijazz\u201921 ofrece este mes conciertos de Zugardi Rag Band, Juanma Urriza Laukotea, Mikel Andueza y Javier L\u00f3pez Jaso, Miguel Villar Quartet y Josetxo Goia-Aribe\" \/>\n<meta property=\"og:description\" content=\"El ciclo comienza este viernes con el aforo completo para el concierto de Zugardi Rag Band y contin\u00faa el martes con la conferencia de Pachi Tapiz\" \/>\n<meta property=\"og:url\" content=\"https:\/\/www.laguiadepamplona.com\/actualidad\/urtarrijazz21-ofrece-este-mes-conciertos-de-zugardi-rag-band-juanma-urriza-laukotea-mikel-andueza-y-javier-lopez-jaso-miguel-villar-quartet-y-josetxo-goia-aribe\/\" \/>\n<meta property=\"og:site_name\" content=\"La Gu\u00eda de Pamplona\" \/>\n<meta property=\"article:publisher\" content=\"https:\/\/www.facebook.com\/laguiadepamplonacom-133175176762273\/?ref=hl\" \/>\n<meta property=\"article:published_time\" content=\"2021-01-08T10:32:10+00:00\" \/>\n<meta property=\"og:image\" content=\"https:\/\/www.laguiadepamplona.com\/actualidad\/wp-content\/uploads\/2016\/12\/civivox-san-jorge.jpg\" \/>\n\t<meta property=\"og:image:width\" content=\"900\" \/>\n\t<meta property=\"og:image:height\" content=\"675\" \/>\n\t<meta property=\"og:image:type\" content=\"image\/jpeg\" \/>\n<meta name=\"author\" content=\"La Gu\u00eda de Pamplona\" \/>\n<meta name=\"twitter:card\" content=\"summary_large_image\" \/>\n<meta name=\"twitter:creator\" content=\"@LaGuiadPamplona\" \/>\n<meta name=\"twitter:site\" content=\"@LaGuiadPamplona\" \/>\n<meta name=\"twitter:label1\" content=\"Escrito por\" \/>\n\t<meta name=\"twitter:data1\" content=\"La Gu\u00eda de Pamplona\" \/>\n\t<meta name=\"twitter:label2\" content=\"Tiempo de lectura\" \/>\n\t<meta name=\"twitter:data2\" content=\"4 minutos\" \/>\n<script type=\"application\/ld+json\" class=\"yoast-schema-graph\">{\"@context\":\"https:\\\/\\\/schema.org\",\"@graph\":[{\"@type\":\"Article\",\"@id\":\"https:\\\/\\\/www.laguiadepamplona.com\\\/actualidad\\\/urtarrijazz21-ofrece-este-mes-conciertos-de-zugardi-rag-band-juanma-urriza-laukotea-mikel-andueza-y-javier-lopez-jaso-miguel-villar-quartet-y-josetxo-goia-aribe\\\/#article\",\"isPartOf\":{\"@id\":\"https:\\\/\\\/www.laguiadepamplona.com\\\/actualidad\\\/urtarrijazz21-ofrece-este-mes-conciertos-de-zugardi-rag-band-juanma-urriza-laukotea-mikel-andueza-y-javier-lopez-jaso-miguel-villar-quartet-y-josetxo-goia-aribe\\\/\"},\"author\":{\"name\":\"La Gu\u00eda de Pamplona\",\"@id\":\"https:\\\/\\\/www.laguiadepamplona.com\\\/actualidad\\\/#\\\/schema\\\/person\\\/efe887376f0213d4657c93adc50b1fdb\"},\"headline\":\"Urtarrijazz\u201921 ofrece este mes conciertos de Zugardi Rag Band, Juanma Urriza Laukotea, Mikel Andueza y Javier L\u00f3pez Jaso, Miguel Villar Quartet y Josetxo Goia-Aribe\",\"datePublished\":\"2021-01-08T10:32:10+00:00\",\"mainEntityOfPage\":{\"@id\":\"https:\\\/\\\/www.laguiadepamplona.com\\\/actualidad\\\/urtarrijazz21-ofrece-este-mes-conciertos-de-zugardi-rag-band-juanma-urriza-laukotea-mikel-andueza-y-javier-lopez-jaso-miguel-villar-quartet-y-josetxo-goia-aribe\\\/\"},\"wordCount\":879,\"commentCount\":0,\"publisher\":{\"@id\":\"https:\\\/\\\/www.laguiadepamplona.com\\\/actualidad\\\/#organization\"},\"image\":{\"@id\":\"https:\\\/\\\/www.laguiadepamplona.com\\\/actualidad\\\/urtarrijazz21-ofrece-este-mes-conciertos-de-zugardi-rag-band-juanma-urriza-laukotea-mikel-andueza-y-javier-lopez-jaso-miguel-villar-quartet-y-josetxo-goia-aribe\\\/#primaryimage\"},\"thumbnailUrl\":\"https:\\\/\\\/www.laguiadepamplona.com\\\/actualidad\\\/wp-content\\\/uploads\\\/2016\\\/12\\\/civivox-san-jorge.jpg\",\"articleSection\":[\"Ayto Pamplona\"],\"inLanguage\":\"es\",\"potentialAction\":[{\"@type\":\"CommentAction\",\"name\":\"Comment\",\"target\":[\"https:\\\/\\\/www.laguiadepamplona.com\\\/actualidad\\\/urtarrijazz21-ofrece-este-mes-conciertos-de-zugardi-rag-band-juanma-urriza-laukotea-mikel-andueza-y-javier-lopez-jaso-miguel-villar-quartet-y-josetxo-goia-aribe\\\/#respond\"]}]},{\"@type\":\"WebPage\",\"@id\":\"https:\\\/\\\/www.laguiadepamplona.com\\\/actualidad\\\/urtarrijazz21-ofrece-este-mes-conciertos-de-zugardi-rag-band-juanma-urriza-laukotea-mikel-andueza-y-javier-lopez-jaso-miguel-villar-quartet-y-josetxo-goia-aribe\\\/\",\"url\":\"https:\\\/\\\/www.laguiadepamplona.com\\\/actualidad\\\/urtarrijazz21-ofrece-este-mes-conciertos-de-zugardi-rag-band-juanma-urriza-laukotea-mikel-andueza-y-javier-lopez-jaso-miguel-villar-quartet-y-josetxo-goia-aribe\\\/\",\"name\":\"Urtarrijazz\u201921 ofrece este mes conciertos de Zugardi Rag Band, Juanma Urriza Laukotea, Mikel Andueza y Javier L\u00f3pez Jaso, Miguel Villar Quartet y Josetxo Goia-Aribe\",\"isPartOf\":{\"@id\":\"https:\\\/\\\/www.laguiadepamplona.com\\\/actualidad\\\/#website\"},\"primaryImageOfPage\":{\"@id\":\"https:\\\/\\\/www.laguiadepamplona.com\\\/actualidad\\\/urtarrijazz21-ofrece-este-mes-conciertos-de-zugardi-rag-band-juanma-urriza-laukotea-mikel-andueza-y-javier-lopez-jaso-miguel-villar-quartet-y-josetxo-goia-aribe\\\/#primaryimage\"},\"image\":{\"@id\":\"https:\\\/\\\/www.laguiadepamplona.com\\\/actualidad\\\/urtarrijazz21-ofrece-este-mes-conciertos-de-zugardi-rag-band-juanma-urriza-laukotea-mikel-andueza-y-javier-lopez-jaso-miguel-villar-quartet-y-josetxo-goia-aribe\\\/#primaryimage\"},\"thumbnailUrl\":\"https:\\\/\\\/www.laguiadepamplona.com\\\/actualidad\\\/wp-content\\\/uploads\\\/2016\\\/12\\\/civivox-san-jorge.jpg\",\"datePublished\":\"2021-01-08T10:32:10+00:00\",\"description\":\"El ciclo comienza este viernes con el aforo completo para el concierto de Zugardi Rag Band y contin\u00faa el martes con la conferencia de Pachi Tapiz\",\"breadcrumb\":{\"@id\":\"https:\\\/\\\/www.laguiadepamplona.com\\\/actualidad\\\/urtarrijazz21-ofrece-este-mes-conciertos-de-zugardi-rag-band-juanma-urriza-laukotea-mikel-andueza-y-javier-lopez-jaso-miguel-villar-quartet-y-josetxo-goia-aribe\\\/#breadcrumb\"},\"inLanguage\":\"es\",\"potentialAction\":[{\"@type\":\"ReadAction\",\"target\":[\"https:\\\/\\\/www.laguiadepamplona.com\\\/actualidad\\\/urtarrijazz21-ofrece-este-mes-conciertos-de-zugardi-rag-band-juanma-urriza-laukotea-mikel-andueza-y-javier-lopez-jaso-miguel-villar-quartet-y-josetxo-goia-aribe\\\/\"]}]},{\"@type\":\"ImageObject\",\"inLanguage\":\"es\",\"@id\":\"https:\\\/\\\/www.laguiadepamplona.com\\\/actualidad\\\/urtarrijazz21-ofrece-este-mes-conciertos-de-zugardi-rag-band-juanma-urriza-laukotea-mikel-andueza-y-javier-lopez-jaso-miguel-villar-quartet-y-josetxo-goia-aribe\\\/#primaryimage\",\"url\":\"https:\\\/\\\/www.laguiadepamplona.com\\\/actualidad\\\/wp-content\\\/uploads\\\/2016\\\/12\\\/civivox-san-jorge.jpg\",\"contentUrl\":\"https:\\\/\\\/www.laguiadepamplona.com\\\/actualidad\\\/wp-content\\\/uploads\\\/2016\\\/12\\\/civivox-san-jorge.jpg\",\"width\":900,\"height\":675},{\"@type\":\"BreadcrumbList\",\"@id\":\"https:\\\/\\\/www.laguiadepamplona.com\\\/actualidad\\\/urtarrijazz21-ofrece-este-mes-conciertos-de-zugardi-rag-band-juanma-urriza-laukotea-mikel-andueza-y-javier-lopez-jaso-miguel-villar-quartet-y-josetxo-goia-aribe\\\/#breadcrumb\",\"itemListElement\":[{\"@type\":\"ListItem\",\"position\":1,\"name\":\"Portada\",\"item\":\"https:\\\/\\\/www.laguiadepamplona.com\\\/actualidad\\\/\"},{\"@type\":\"ListItem\",\"position\":2,\"name\":\"Urtarrijazz\u201921 ofrece este mes conciertos de Zugardi Rag Band, Juanma Urriza Laukotea, Mikel Andueza y Javier L\u00f3pez Jaso, Miguel Villar Quartet y Josetxo Goia-Aribe\"}]},{\"@type\":\"WebSite\",\"@id\":\"https:\\\/\\\/www.laguiadepamplona.com\\\/actualidad\\\/#website\",\"url\":\"https:\\\/\\\/www.laguiadepamplona.com\\\/actualidad\\\/\",\"name\":\"La gu\u00eda de Pamplona\",\"description\":\"Noticias de Pamplona\",\"publisher\":{\"@id\":\"https:\\\/\\\/www.laguiadepamplona.com\\\/actualidad\\\/#organization\"},\"potentialAction\":[{\"@type\":\"SearchAction\",\"target\":{\"@type\":\"EntryPoint\",\"urlTemplate\":\"https:\\\/\\\/www.laguiadepamplona.com\\\/actualidad\\\/?s={search_term_string}\"},\"query-input\":{\"@type\":\"PropertyValueSpecification\",\"valueRequired\":true,\"valueName\":\"search_term_string\"}}],\"inLanguage\":\"es\"},{\"@type\":\"Organization\",\"@id\":\"https:\\\/\\\/www.laguiadepamplona.com\\\/actualidad\\\/#organization\",\"name\":\"La Gu\u00eda de Pamplona \\\/ Noticias\",\"url\":\"https:\\\/\\\/www.laguiadepamplona.com\\\/actualidad\\\/\",\"logo\":{\"@type\":\"ImageObject\",\"inLanguage\":\"es\",\"@id\":\"https:\\\/\\\/www.laguiadepamplona.com\\\/actualidad\\\/#\\\/schema\\\/logo\\\/image\\\/\",\"url\":\"https:\\\/\\\/www.laguiadepamplona.com\\\/actualidad\\\/wp-content\\\/uploads\\\/2018\\\/11\\\/logo-laguiadepamplona18-web1.png\",\"contentUrl\":\"https:\\\/\\\/www.laguiadepamplona.com\\\/actualidad\\\/wp-content\\\/uploads\\\/2018\\\/11\\\/logo-laguiadepamplona18-web1.png\",\"width\":600,\"height\":196,\"caption\":\"La Gu\u00eda de Pamplona \\\/ Noticias\"},\"image\":{\"@id\":\"https:\\\/\\\/www.laguiadepamplona.com\\\/actualidad\\\/#\\\/schema\\\/logo\\\/image\\\/\"},\"sameAs\":[\"https:\\\/\\\/www.facebook.com\\\/laguiadepamplonacom-133175176762273\\\/?ref=hl\",\"https:\\\/\\\/x.com\\\/LaGuiadPamplona\",\"https:\\\/\\\/www.instagram.com\\\/la_guia_de_pamplona\\\/\",\"https:\\\/\\\/www.youtube.com\\\/user\\\/laguiadepamplona\"]},{\"@type\":\"Person\",\"@id\":\"https:\\\/\\\/www.laguiadepamplona.com\\\/actualidad\\\/#\\\/schema\\\/person\\\/efe887376f0213d4657c93adc50b1fdb\",\"name\":\"La Gu\u00eda de Pamplona\",\"image\":{\"@type\":\"ImageObject\",\"inLanguage\":\"es\",\"@id\":\"https:\\\/\\\/secure.gravatar.com\\\/avatar\\\/b6992f131dc8d30ab0dff15446e9d346d9dbd95992de0fef795073f5ea83a81c?s=96&d=mm&r=g\",\"url\":\"https:\\\/\\\/secure.gravatar.com\\\/avatar\\\/b6992f131dc8d30ab0dff15446e9d346d9dbd95992de0fef795073f5ea83a81c?s=96&d=mm&r=g\",\"contentUrl\":\"https:\\\/\\\/secure.gravatar.com\\\/avatar\\\/b6992f131dc8d30ab0dff15446e9d346d9dbd95992de0fef795073f5ea83a81c?s=96&d=mm&r=g\",\"caption\":\"La Gu\u00eda de Pamplona\"}}]}<\/script>\n<!-- \/ Yoast SEO plugin. -->","yoast_head_json":{"title":"Urtarrijazz\u201921 ofrece este mes conciertos de Zugardi Rag Band, Juanma Urriza Laukotea, Mikel Andueza y Javier L\u00f3pez Jaso, Miguel Villar Quartet y Josetxo Goia-Aribe","description":"El ciclo comienza este viernes con el aforo completo para el concierto de Zugardi Rag Band y contin\u00faa el martes con la conferencia de Pachi Tapiz","robots":{"index":"index","follow":"follow","max-snippet":"max-snippet:-1","max-image-preview":"max-image-preview:large","max-video-preview":"max-video-preview:-1"},"canonical":"https:\/\/www.laguiadepamplona.com\/actualidad\/urtarrijazz21-ofrece-este-mes-conciertos-de-zugardi-rag-band-juanma-urriza-laukotea-mikel-andueza-y-javier-lopez-jaso-miguel-villar-quartet-y-josetxo-goia-aribe\/","og_locale":"es_ES","og_type":"article","og_title":"Urtarrijazz\u201921 ofrece este mes conciertos de Zugardi Rag Band, Juanma Urriza Laukotea, Mikel Andueza y Javier L\u00f3pez Jaso, Miguel Villar Quartet y Josetxo Goia-Aribe","og_description":"El ciclo comienza este viernes con el aforo completo para el concierto de Zugardi Rag Band y contin\u00faa el martes con la conferencia de Pachi Tapiz","og_url":"https:\/\/www.laguiadepamplona.com\/actualidad\/urtarrijazz21-ofrece-este-mes-conciertos-de-zugardi-rag-band-juanma-urriza-laukotea-mikel-andueza-y-javier-lopez-jaso-miguel-villar-quartet-y-josetxo-goia-aribe\/","og_site_name":"La Gu\u00eda de Pamplona","article_publisher":"https:\/\/www.facebook.com\/laguiadepamplonacom-133175176762273\/?ref=hl","article_published_time":"2021-01-08T10:32:10+00:00","og_image":[{"width":900,"height":675,"url":"https:\/\/www.laguiadepamplona.com\/actualidad\/wp-content\/uploads\/2016\/12\/civivox-san-jorge.jpg","type":"image\/jpeg"}],"author":"La Gu\u00eda de Pamplona","twitter_card":"summary_large_image","twitter_creator":"@LaGuiadPamplona","twitter_site":"@LaGuiadPamplona","twitter_misc":{"Escrito por":"La Gu\u00eda de Pamplona","Tiempo de lectura":"4 minutos"},"schema":{"@context":"https:\/\/schema.org","@graph":[{"@type":"Article","@id":"https:\/\/www.laguiadepamplona.com\/actualidad\/urtarrijazz21-ofrece-este-mes-conciertos-de-zugardi-rag-band-juanma-urriza-laukotea-mikel-andueza-y-javier-lopez-jaso-miguel-villar-quartet-y-josetxo-goia-aribe\/#article","isPartOf":{"@id":"https:\/\/www.laguiadepamplona.com\/actualidad\/urtarrijazz21-ofrece-este-mes-conciertos-de-zugardi-rag-band-juanma-urriza-laukotea-mikel-andueza-y-javier-lopez-jaso-miguel-villar-quartet-y-josetxo-goia-aribe\/"},"author":{"name":"La Gu\u00eda de Pamplona","@id":"https:\/\/www.laguiadepamplona.com\/actualidad\/#\/schema\/person\/efe887376f0213d4657c93adc50b1fdb"},"headline":"Urtarrijazz\u201921 ofrece este mes conciertos de Zugardi Rag Band, Juanma Urriza Laukotea, Mikel Andueza y Javier L\u00f3pez Jaso, Miguel Villar Quartet y Josetxo Goia-Aribe","datePublished":"2021-01-08T10:32:10+00:00","mainEntityOfPage":{"@id":"https:\/\/www.laguiadepamplona.com\/actualidad\/urtarrijazz21-ofrece-este-mes-conciertos-de-zugardi-rag-band-juanma-urriza-laukotea-mikel-andueza-y-javier-lopez-jaso-miguel-villar-quartet-y-josetxo-goia-aribe\/"},"wordCount":879,"commentCount":0,"publisher":{"@id":"https:\/\/www.laguiadepamplona.com\/actualidad\/#organization"},"image":{"@id":"https:\/\/www.laguiadepamplona.com\/actualidad\/urtarrijazz21-ofrece-este-mes-conciertos-de-zugardi-rag-band-juanma-urriza-laukotea-mikel-andueza-y-javier-lopez-jaso-miguel-villar-quartet-y-josetxo-goia-aribe\/#primaryimage"},"thumbnailUrl":"https:\/\/www.laguiadepamplona.com\/actualidad\/wp-content\/uploads\/2016\/12\/civivox-san-jorge.jpg","articleSection":["Ayto Pamplona"],"inLanguage":"es","potentialAction":[{"@type":"CommentAction","name":"Comment","target":["https:\/\/www.laguiadepamplona.com\/actualidad\/urtarrijazz21-ofrece-este-mes-conciertos-de-zugardi-rag-band-juanma-urriza-laukotea-mikel-andueza-y-javier-lopez-jaso-miguel-villar-quartet-y-josetxo-goia-aribe\/#respond"]}]},{"@type":"WebPage","@id":"https:\/\/www.laguiadepamplona.com\/actualidad\/urtarrijazz21-ofrece-este-mes-conciertos-de-zugardi-rag-band-juanma-urriza-laukotea-mikel-andueza-y-javier-lopez-jaso-miguel-villar-quartet-y-josetxo-goia-aribe\/","url":"https:\/\/www.laguiadepamplona.com\/actualidad\/urtarrijazz21-ofrece-este-mes-conciertos-de-zugardi-rag-band-juanma-urriza-laukotea-mikel-andueza-y-javier-lopez-jaso-miguel-villar-quartet-y-josetxo-goia-aribe\/","name":"Urtarrijazz\u201921 ofrece este mes conciertos de Zugardi Rag Band, Juanma Urriza Laukotea, Mikel Andueza y Javier L\u00f3pez Jaso, Miguel Villar Quartet y Josetxo Goia-Aribe","isPartOf":{"@id":"https:\/\/www.laguiadepamplona.com\/actualidad\/#website"},"primaryImageOfPage":{"@id":"https:\/\/www.laguiadepamplona.com\/actualidad\/urtarrijazz21-ofrece-este-mes-conciertos-de-zugardi-rag-band-juanma-urriza-laukotea-mikel-andueza-y-javier-lopez-jaso-miguel-villar-quartet-y-josetxo-goia-aribe\/#primaryimage"},"image":{"@id":"https:\/\/www.laguiadepamplona.com\/actualidad\/urtarrijazz21-ofrece-este-mes-conciertos-de-zugardi-rag-band-juanma-urriza-laukotea-mikel-andueza-y-javier-lopez-jaso-miguel-villar-quartet-y-josetxo-goia-aribe\/#primaryimage"},"thumbnailUrl":"https:\/\/www.laguiadepamplona.com\/actualidad\/wp-content\/uploads\/2016\/12\/civivox-san-jorge.jpg","datePublished":"2021-01-08T10:32:10+00:00","description":"El ciclo comienza este viernes con el aforo completo para el concierto de Zugardi Rag Band y contin\u00faa el martes con la conferencia de Pachi Tapiz","breadcrumb":{"@id":"https:\/\/www.laguiadepamplona.com\/actualidad\/urtarrijazz21-ofrece-este-mes-conciertos-de-zugardi-rag-band-juanma-urriza-laukotea-mikel-andueza-y-javier-lopez-jaso-miguel-villar-quartet-y-josetxo-goia-aribe\/#breadcrumb"},"inLanguage":"es","potentialAction":[{"@type":"ReadAction","target":["https:\/\/www.laguiadepamplona.com\/actualidad\/urtarrijazz21-ofrece-este-mes-conciertos-de-zugardi-rag-band-juanma-urriza-laukotea-mikel-andueza-y-javier-lopez-jaso-miguel-villar-quartet-y-josetxo-goia-aribe\/"]}]},{"@type":"ImageObject","inLanguage":"es","@id":"https:\/\/www.laguiadepamplona.com\/actualidad\/urtarrijazz21-ofrece-este-mes-conciertos-de-zugardi-rag-band-juanma-urriza-laukotea-mikel-andueza-y-javier-lopez-jaso-miguel-villar-quartet-y-josetxo-goia-aribe\/#primaryimage","url":"https:\/\/www.laguiadepamplona.com\/actualidad\/wp-content\/uploads\/2016\/12\/civivox-san-jorge.jpg","contentUrl":"https:\/\/www.laguiadepamplona.com\/actualidad\/wp-content\/uploads\/2016\/12\/civivox-san-jorge.jpg","width":900,"height":675},{"@type":"BreadcrumbList","@id":"https:\/\/www.laguiadepamplona.com\/actualidad\/urtarrijazz21-ofrece-este-mes-conciertos-de-zugardi-rag-band-juanma-urriza-laukotea-mikel-andueza-y-javier-lopez-jaso-miguel-villar-quartet-y-josetxo-goia-aribe\/#breadcrumb","itemListElement":[{"@type":"ListItem","position":1,"name":"Portada","item":"https:\/\/www.laguiadepamplona.com\/actualidad\/"},{"@type":"ListItem","position":2,"name":"Urtarrijazz\u201921 ofrece este mes conciertos de Zugardi Rag Band, Juanma Urriza Laukotea, Mikel Andueza y Javier L\u00f3pez Jaso, Miguel Villar Quartet y Josetxo Goia-Aribe"}]},{"@type":"WebSite","@id":"https:\/\/www.laguiadepamplona.com\/actualidad\/#website","url":"https:\/\/www.laguiadepamplona.com\/actualidad\/","name":"La gu\u00eda de Pamplona","description":"Noticias de Pamplona","publisher":{"@id":"https:\/\/www.laguiadepamplona.com\/actualidad\/#organization"},"potentialAction":[{"@type":"SearchAction","target":{"@type":"EntryPoint","urlTemplate":"https:\/\/www.laguiadepamplona.com\/actualidad\/?s={search_term_string}"},"query-input":{"@type":"PropertyValueSpecification","valueRequired":true,"valueName":"search_term_string"}}],"inLanguage":"es"},{"@type":"Organization","@id":"https:\/\/www.laguiadepamplona.com\/actualidad\/#organization","name":"La Gu\u00eda de Pamplona \/ Noticias","url":"https:\/\/www.laguiadepamplona.com\/actualidad\/","logo":{"@type":"ImageObject","inLanguage":"es","@id":"https:\/\/www.laguiadepamplona.com\/actualidad\/#\/schema\/logo\/image\/","url":"https:\/\/www.laguiadepamplona.com\/actualidad\/wp-content\/uploads\/2018\/11\/logo-laguiadepamplona18-web1.png","contentUrl":"https:\/\/www.laguiadepamplona.com\/actualidad\/wp-content\/uploads\/2018\/11\/logo-laguiadepamplona18-web1.png","width":600,"height":196,"caption":"La Gu\u00eda de Pamplona \/ Noticias"},"image":{"@id":"https:\/\/www.laguiadepamplona.com\/actualidad\/#\/schema\/logo\/image\/"},"sameAs":["https:\/\/www.facebook.com\/laguiadepamplonacom-133175176762273\/?ref=hl","https:\/\/x.com\/LaGuiadPamplona","https:\/\/www.instagram.com\/la_guia_de_pamplona\/","https:\/\/www.youtube.com\/user\/laguiadepamplona"]},{"@type":"Person","@id":"https:\/\/www.laguiadepamplona.com\/actualidad\/#\/schema\/person\/efe887376f0213d4657c93adc50b1fdb","name":"La Gu\u00eda de Pamplona","image":{"@type":"ImageObject","inLanguage":"es","@id":"https:\/\/secure.gravatar.com\/avatar\/b6992f131dc8d30ab0dff15446e9d346d9dbd95992de0fef795073f5ea83a81c?s=96&d=mm&r=g","url":"https:\/\/secure.gravatar.com\/avatar\/b6992f131dc8d30ab0dff15446e9d346d9dbd95992de0fef795073f5ea83a81c?s=96&d=mm&r=g","contentUrl":"https:\/\/secure.gravatar.com\/avatar\/b6992f131dc8d30ab0dff15446e9d346d9dbd95992de0fef795073f5ea83a81c?s=96&d=mm&r=g","caption":"La Gu\u00eda de Pamplona"}}]}},"post_mailing_queue_ids":[],"_links":{"self":[{"href":"https:\/\/www.laguiadepamplona.com\/actualidad\/wp-json\/wp\/v2\/posts\/32652","targetHints":{"allow":["GET"]}}],"collection":[{"href":"https:\/\/www.laguiadepamplona.com\/actualidad\/wp-json\/wp\/v2\/posts"}],"about":[{"href":"https:\/\/www.laguiadepamplona.com\/actualidad\/wp-json\/wp\/v2\/types\/post"}],"author":[{"embeddable":true,"href":"https:\/\/www.laguiadepamplona.com\/actualidad\/wp-json\/wp\/v2\/users\/1"}],"replies":[{"embeddable":true,"href":"https:\/\/www.laguiadepamplona.com\/actualidad\/wp-json\/wp\/v2\/comments?post=32652"}],"version-history":[{"count":0,"href":"https:\/\/www.laguiadepamplona.com\/actualidad\/wp-json\/wp\/v2\/posts\/32652\/revisions"}],"wp:featuredmedia":[{"embeddable":true,"href":"https:\/\/www.laguiadepamplona.com\/actualidad\/wp-json\/wp\/v2\/media\/11047"}],"wp:attachment":[{"href":"https:\/\/www.laguiadepamplona.com\/actualidad\/wp-json\/wp\/v2\/media?parent=32652"}],"wp:term":[{"taxonomy":"category","embeddable":true,"href":"https:\/\/www.laguiadepamplona.com\/actualidad\/wp-json\/wp\/v2\/categories?post=32652"},{"taxonomy":"post_tag","embeddable":true,"href":"https:\/\/www.laguiadepamplona.com\/actualidad\/wp-json\/wp\/v2\/tags?post=32652"}],"curies":[{"name":"wp","href":"https:\/\/api.w.org\/{rel}","templated":true}]}}