{"id":32644,"date":"2021-01-08T11:04:45","date_gmt":"2021-01-08T09:04:45","guid":{"rendered":"https:\/\/www.laguiadepamplona.es\/actualidad\/?p=32644"},"modified":"2021-01-08T11:04:45","modified_gmt":"2021-01-08T09:04:45","slug":"pamplona-activa-su-plan-de-actuacion-de-nevadas-ante-la-prevision-de-precipitaciones-en-forma-de-nieve-desde-manana-sabado","status":"publish","type":"post","link":"https:\/\/www.laguiadepamplona.com\/actualidad\/pamplona-activa-su-plan-de-actuacion-de-nevadas-ante-la-prevision-de-precipitaciones-en-forma-de-nieve-desde-manana-sabado\/","title":{"rendered":"Pamplona activa su Plan de Actuaci\u00f3n de Nevadas ante la previsi\u00f3n de precipitaciones en forma de nieve desde ma\u00f1ana s\u00e1bado"},"content":{"rendered":"<h5>El nivel de alerta del Plan se ir\u00e1 adaptando en las pr\u00f3ximas horas y d\u00edas a la evoluci\u00f3n del temporal<\/h5>\n<p><!--more--><\/p>\n<p>El Plan de Actuaci\u00f3n de Nevadas 2020-2021, dise\u00f1ado por el Ayuntamiento de Pamplona, ha activado su primer nivel de alerta, el nivel \u2018cero\u2019, cuyo objetivo fundamental es la coordinaci\u00f3n de todos los medios disponibles para tomar las medidas de prevenci\u00f3n necesarias para hacer frente a las afecciones que puedan generar la presencia de hielo y nieve en la v\u00eda p\u00fablica. El dispositivo cuenta con un meteor\u00f3logo con el que se analizan constantemente las variaciones de las predicciones para Pamplona, lo que permite la adaptaci\u00f3n constante del nivel de alerta a la evoluci\u00f3n del temporal. El Plan tiene preparados para actuar tres camiones y cinco todoterrenos quitanieves con salero esparcidor, y un equipo humano que se encarga de mantener transitables las aceras.<\/p>\n<p>Una vez activado el Plan, y cuando la situaci\u00f3n lo requiera, la empresa adjudicataria de la limpieza viaria, FCC, ser\u00e1 la que se encargue de despejar las calzadas a trav\u00e9s de tres circuitos previamente definidos para camiones y otros tres para las unidades todoterreno. Por su parte, las empresas adjudicatarias de los servicios de jardines (UTE Jardines, Eulen y Erri Berri), junto con FCC y Tasubinsa, se encargar\u00e1n de la limpieza de aceras que no corresponda a vecinos y comerciantes, as\u00ed como de zonas peatonales, sendas, o plazas. Como novedad, este a\u00f1o el Plan incorpora en cada uno de los equipos quitanieves un port\u00f3fono de la red Tertra del Gobierno de Navarra. Esto permitir\u00e1 la constante comunicaci\u00f3n de esas unidades con el resto del operativo facilitando la coordinaci\u00f3n, y ganando en efectividad. El plan municipal est\u00e1 coordinado en todos sus puntos con el Plan de Nieves del Gobierno de Navarra.<\/p>\n<p><script async src=\"\/\/pagead2.googlesyndication.com\/pagead\/js\/adsbygoogle.js\"><\/script><br \/>\n<!-- Noticias La Guia de Pamplona --><br \/>\n<ins class=\"adsbygoogle\"\nstyle=\"display:block\"\ndata-ad-client=\"ca-pub-6943679897239327\"\ndata-ad-slot=\"7048180777\"\ndata-ad-format=\"auto\"><\/ins><br \/>\n<script>\n(adsbygoogle = window.adsbygoogle || []).push({});\n<\/script><\/p>\n<p><strong>Consejos para evitar accidentes y ca\u00eddas<\/strong><\/p>\n<p>Ante el temporal de hielo y nieve, desde el \u00e1rea de Seguridad Ciudadana del Ayuntamiento de Pamplona se recomienda a todos los ciudadanos que extremen las precauciones en la v\u00eda p\u00fablica para evitar resbalones y accidentes. El mensaje va dirigido especialmente a las personas mayores, a las que se recomienda que, para evitar riesgos, eviten salir de casa si no es estrictamente necesario.<\/p>\n<p>Desde el \u00e1rea de Seguridad Ciudadana tambi\u00e9n se recuerda que, ante la presencia de nieve y hielo, hay que cambiar la forma de conducci\u00f3n y es necesario extremar las precauciones, ya que las condiciones de la v\u00eda pueden hacer que cambien las respuestas de los veh\u00edculos. En este sentido, se recuerda el peligro oculto que, tanto para autom\u00f3viles como para peatones, puede suponer la presencia de hielo en carreteras y aceras, ya que muchas veces las placas no son apreciables a simple vista.<\/p>\n<p><script async src=\"\/\/pagead2.googlesyndication.com\/pagead\/js\/adsbygoogle.js\"><\/script><br \/>\n<!-- Noticias La Guia de Pamplona --><br \/>\n<ins class=\"adsbygoogle\"\nstyle=\"display:block\"\ndata-ad-client=\"ca-pub-6943679897239327\"\ndata-ad-slot=\"7048180777\"\ndata-ad-format=\"auto\"><\/ins><br \/>\n<script>\n(adsbygoogle = window.adsbygoogle || []).push({});\n<\/script><\/p>\n<p><strong>Tres niveles m\u00e1s de emergencia, que se activan en funci\u00f3n de la cantidad de nieve ca\u00edda<\/strong><\/p>\n<p>El Plan de Actuaci\u00f3n de Nevadas de Pamplona establece un sistema de respuesta ante cualquier situaci\u00f3n derivada de heladas o la presencia de nieve en la v\u00eda p\u00fablica y recoge el modo de actuar ante cualquier problema que puedan causar estas afecciones meteorol\u00f3gicas. El nivel de alerta \u2018cero\u2019 activado esta ma\u00f1ana por el anuncio de la llegada de la nieve ya ha sido activado hasta en tres ocasiones en los \u00faltimos d\u00edas, en los que ha nevado ligeramente llegando incluso a cuajar en la capital.<\/p>\n<p>Este Plan contempla cuatro posibles situaciones de emergencia, desde el nivel o fase \u2018cero\u2019 hasta el 3. El nivel 1 se activa cuando la predicci\u00f3n meteorol\u00f3gica se cumple y por lo tanto la situaci\u00f3n climatol\u00f3gica adversa es real. Es el momento en el que se implementa el operativo acordado. Esta fase se podr\u00e1 activar cuando no exista nevada pero s\u00ed hielo, o bien la nevada justamente cuaje (menos de 2 cm). La activaci\u00f3n de esta fase ser\u00e1 declarada por la Direcci\u00f3n T\u00e9cnica del Plan.<\/p>\n<p>La fase de emergencia nivel 2 se activa cuando la nevada es generalizada (entre 2 y 20 cent\u00edmetros de espesor), pero se puede hacer frente a ella con los servicios municipales ordinarios, los denominados equipos b\u00e1sicos de actuaci\u00f3n. Una vez notificada la activaci\u00f3n de la emergencia se procede la movilizaci\u00f3n de los medios en funci\u00f3n de la magnitud real de los problemas y de las previsiones existentes. En cualquier momento, la Direcci\u00f3n T\u00e9cnica puede convocar al \u00d3rgano de Coordinaci\u00f3n Permanente. La Direcci\u00f3n T\u00e9cnica del Plan y los responsables de Protecci\u00f3n Civil llevar\u00e1n el control de los medios intervinientes en la limpieza de viales y de itinerarios peatonales de manera directa o a trav\u00e9s de la comunicaci\u00f3n de los diferentes responsables de los servicios implicados en el Plan. El objetivo es la coordinaci\u00f3n de las operaciones necesarias para el restablecimiento de la normalidad, disponiendo y gestionando todos los recursos necesarios. As\u00ed mismo se controlar\u00e1n y atender\u00e1n, seg\u00fan su prioridad, las peticiones puntuales de instituciones, particulares o del propio operativo. Esta fase del Plan tambi\u00e9n contempla el traslado de informaci\u00f3n en tiempo real a la poblaci\u00f3n, con especial atenci\u00f3n a la circulaci\u00f3n vial y peatonal.<\/p>\n<p><script async src=\"\/\/pagead2.googlesyndication.com\/pagead\/js\/adsbygoogle.js\"><\/script><br \/>\n<!-- Noticias La Guia de Pamplona --><br \/>\n<ins class=\"adsbygoogle\"\nstyle=\"display:block\"\ndata-ad-client=\"ca-pub-6943679897239327\"\ndata-ad-slot=\"7048180777\"\ndata-ad-format=\"auto\"><\/ins><br \/>\n<script>\n(adsbygoogle = window.adsbygoogle || []).push({});\n<\/script><\/p>\n<p>La fase de emergencia nivel 3 se activa cuando la nevada es generalizada (por encima de los 20 cent\u00edmetros de espesor) y sus efectos producen alteraciones graves en la prestaci\u00f3n de servicios, por lo que se hace necesario recurrir a la movilizaci\u00f3n de recursos adicionales extra. Desde el \u00e1rea de Seguridad Ciudadana del Ayuntamiento de Pamplona se coordinar\u00e1 con SOS Navarra la estrategia y el operativo a implementar priorizando los servicios esenciales. En este nivel se movilizar\u00e1n todas las m\u00e1quinas adscritas al Plan y la limpieza de determinados itinerarios peatonales, valor\u00e1ndose la posibilidad de incorporar medios externos. Se prever\u00e1 tambi\u00e9n la posibilidad de que se disponga de todo el personal de los servicios implicados, incluyendo refuerzos, prolongaciones y adelantos de jornadas. Dependiendo de la magnitud de la previsi\u00f3n o del desarrollo del suceso, se podr\u00e1 convocar un Centro de Coordinaci\u00f3n Operativa Municipal para el seguimiento, con el objetivo final. El objetivo es la coordinaci\u00f3n de las operaciones necesarias para el restablecimiento de la normalidad. Esta fase del Plan tambi\u00e9n contempla el traslado de informaci\u00f3n en tiempo real a la poblaci\u00f3n sobre circulaci\u00f3n vial y peatonal a trav\u00e9s de los medios de comunicaci\u00f3n, p\u00e1ginas web y redes sociales municipales.<\/p>\n","protected":false},"excerpt":{"rendered":"<p>El nivel de alerta del Plan se ir\u00e1 adaptando en las pr\u00f3ximas horas y d\u00edas a la evoluci\u00f3n del temporal<\/p>\n","protected":false},"author":1,"featured_media":32645,"comment_status":"open","ping_status":"closed","sticky":false,"template":"","format":"standard","meta":{"footnotes":""},"categories":[2],"tags":[],"class_list":["post-32644","post","type-post","status-publish","format-standard","has-post-thumbnail","hentry","category-ayuntamiento-pamplona"],"yoast_head":"<!-- This site is optimized with the Yoast SEO plugin v27.5 - https:\/\/yoast.com\/product\/yoast-seo-wordpress\/ -->\n<title>Pamplona activa su Plan de Actuaci\u00f3n de Nevadas ante la previsi\u00f3n de precipitaciones en forma de nieve desde ma\u00f1ana s\u00e1bado<\/title>\n<meta name=\"description\" content=\"El nivel de alerta del Plan se ir\u00e1 adaptando en las pr\u00f3ximas horas y d\u00edas a la evoluci\u00f3n del temporal\" \/>\n<meta name=\"robots\" content=\"index, follow, max-snippet:-1, max-image-preview:large, max-video-preview:-1\" \/>\n<link rel=\"canonical\" href=\"https:\/\/www.laguiadepamplona.com\/actualidad\/pamplona-activa-su-plan-de-actuacion-de-nevadas-ante-la-prevision-de-precipitaciones-en-forma-de-nieve-desde-manana-sabado\/\" \/>\n<meta property=\"og:locale\" content=\"es_ES\" \/>\n<meta property=\"og:type\" content=\"article\" \/>\n<meta property=\"og:title\" content=\"Pamplona activa su Plan de Actuaci\u00f3n de Nevadas ante la previsi\u00f3n de precipitaciones en forma de nieve desde ma\u00f1ana s\u00e1bado\" \/>\n<meta property=\"og:description\" content=\"El nivel de alerta del Plan se ir\u00e1 adaptando en las pr\u00f3ximas horas y d\u00edas a la evoluci\u00f3n del temporal\" \/>\n<meta property=\"og:url\" content=\"https:\/\/www.laguiadepamplona.com\/actualidad\/pamplona-activa-su-plan-de-actuacion-de-nevadas-ante-la-prevision-de-precipitaciones-en-forma-de-nieve-desde-manana-sabado\/\" \/>\n<meta property=\"og:site_name\" content=\"La Gu\u00eda de Pamplona\" \/>\n<meta property=\"article:publisher\" content=\"https:\/\/www.facebook.com\/laguiadepamplonacom-133175176762273\/?ref=hl\" \/>\n<meta property=\"article:published_time\" content=\"2021-01-08T09:04:45+00:00\" \/>\n<meta property=\"og:image\" content=\"https:\/\/www.laguiadepamplona.com\/actualidad\/wp-content\/uploads\/2021\/01\/dispositivonevada_jmg9236_.jpg\" \/>\n\t<meta property=\"og:image:width\" content=\"1920\" \/>\n\t<meta property=\"og:image:height\" content=\"1280\" \/>\n\t<meta property=\"og:image:type\" content=\"image\/jpeg\" \/>\n<meta name=\"author\" content=\"La Gu\u00eda de Pamplona\" \/>\n<meta name=\"twitter:card\" content=\"summary_large_image\" \/>\n<meta name=\"twitter:creator\" content=\"@LaGuiadPamplona\" \/>\n<meta name=\"twitter:site\" content=\"@LaGuiadPamplona\" \/>\n<meta name=\"twitter:label1\" content=\"Escrito por\" \/>\n\t<meta name=\"twitter:data1\" content=\"La Gu\u00eda de Pamplona\" \/>\n\t<meta name=\"twitter:label2\" content=\"Tiempo de lectura\" \/>\n\t<meta name=\"twitter:data2\" content=\"5 minutos\" \/>\n<script type=\"application\/ld+json\" class=\"yoast-schema-graph\">{\"@context\":\"https:\\\/\\\/schema.org\",\"@graph\":[{\"@type\":\"Article\",\"@id\":\"https:\\\/\\\/www.laguiadepamplona.com\\\/actualidad\\\/pamplona-activa-su-plan-de-actuacion-de-nevadas-ante-la-prevision-de-precipitaciones-en-forma-de-nieve-desde-manana-sabado\\\/#article\",\"isPartOf\":{\"@id\":\"https:\\\/\\\/www.laguiadepamplona.com\\\/actualidad\\\/pamplona-activa-su-plan-de-actuacion-de-nevadas-ante-la-prevision-de-precipitaciones-en-forma-de-nieve-desde-manana-sabado\\\/\"},\"author\":{\"name\":\"La Gu\u00eda de Pamplona\",\"@id\":\"https:\\\/\\\/www.laguiadepamplona.com\\\/actualidad\\\/#\\\/schema\\\/person\\\/efe887376f0213d4657c93adc50b1fdb\"},\"headline\":\"Pamplona activa su Plan de Actuaci\u00f3n de Nevadas ante la previsi\u00f3n de precipitaciones en forma de nieve desde ma\u00f1ana s\u00e1bado\",\"datePublished\":\"2021-01-08T09:04:45+00:00\",\"mainEntityOfPage\":{\"@id\":\"https:\\\/\\\/www.laguiadepamplona.com\\\/actualidad\\\/pamplona-activa-su-plan-de-actuacion-de-nevadas-ante-la-prevision-de-precipitaciones-en-forma-de-nieve-desde-manana-sabado\\\/\"},\"wordCount\":1120,\"commentCount\":0,\"publisher\":{\"@id\":\"https:\\\/\\\/www.laguiadepamplona.com\\\/actualidad\\\/#organization\"},\"image\":{\"@id\":\"https:\\\/\\\/www.laguiadepamplona.com\\\/actualidad\\\/pamplona-activa-su-plan-de-actuacion-de-nevadas-ante-la-prevision-de-precipitaciones-en-forma-de-nieve-desde-manana-sabado\\\/#primaryimage\"},\"thumbnailUrl\":\"https:\\\/\\\/www.laguiadepamplona.com\\\/actualidad\\\/wp-content\\\/uploads\\\/2021\\\/01\\\/dispositivonevada_jmg9236_.jpg\",\"articleSection\":[\"Ayto Pamplona\"],\"inLanguage\":\"es\",\"potentialAction\":[{\"@type\":\"CommentAction\",\"name\":\"Comment\",\"target\":[\"https:\\\/\\\/www.laguiadepamplona.com\\\/actualidad\\\/pamplona-activa-su-plan-de-actuacion-de-nevadas-ante-la-prevision-de-precipitaciones-en-forma-de-nieve-desde-manana-sabado\\\/#respond\"]}]},{\"@type\":\"WebPage\",\"@id\":\"https:\\\/\\\/www.laguiadepamplona.com\\\/actualidad\\\/pamplona-activa-su-plan-de-actuacion-de-nevadas-ante-la-prevision-de-precipitaciones-en-forma-de-nieve-desde-manana-sabado\\\/\",\"url\":\"https:\\\/\\\/www.laguiadepamplona.com\\\/actualidad\\\/pamplona-activa-su-plan-de-actuacion-de-nevadas-ante-la-prevision-de-precipitaciones-en-forma-de-nieve-desde-manana-sabado\\\/\",\"name\":\"Pamplona activa su Plan de Actuaci\u00f3n de Nevadas ante la previsi\u00f3n de precipitaciones en forma de nieve desde ma\u00f1ana s\u00e1bado\",\"isPartOf\":{\"@id\":\"https:\\\/\\\/www.laguiadepamplona.com\\\/actualidad\\\/#website\"},\"primaryImageOfPage\":{\"@id\":\"https:\\\/\\\/www.laguiadepamplona.com\\\/actualidad\\\/pamplona-activa-su-plan-de-actuacion-de-nevadas-ante-la-prevision-de-precipitaciones-en-forma-de-nieve-desde-manana-sabado\\\/#primaryimage\"},\"image\":{\"@id\":\"https:\\\/\\\/www.laguiadepamplona.com\\\/actualidad\\\/pamplona-activa-su-plan-de-actuacion-de-nevadas-ante-la-prevision-de-precipitaciones-en-forma-de-nieve-desde-manana-sabado\\\/#primaryimage\"},\"thumbnailUrl\":\"https:\\\/\\\/www.laguiadepamplona.com\\\/actualidad\\\/wp-content\\\/uploads\\\/2021\\\/01\\\/dispositivonevada_jmg9236_.jpg\",\"datePublished\":\"2021-01-08T09:04:45+00:00\",\"description\":\"El nivel de alerta del Plan se ir\u00e1 adaptando en las pr\u00f3ximas horas y d\u00edas a la evoluci\u00f3n del temporal\",\"breadcrumb\":{\"@id\":\"https:\\\/\\\/www.laguiadepamplona.com\\\/actualidad\\\/pamplona-activa-su-plan-de-actuacion-de-nevadas-ante-la-prevision-de-precipitaciones-en-forma-de-nieve-desde-manana-sabado\\\/#breadcrumb\"},\"inLanguage\":\"es\",\"potentialAction\":[{\"@type\":\"ReadAction\",\"target\":[\"https:\\\/\\\/www.laguiadepamplona.com\\\/actualidad\\\/pamplona-activa-su-plan-de-actuacion-de-nevadas-ante-la-prevision-de-precipitaciones-en-forma-de-nieve-desde-manana-sabado\\\/\"]}]},{\"@type\":\"ImageObject\",\"inLanguage\":\"es\",\"@id\":\"https:\\\/\\\/www.laguiadepamplona.com\\\/actualidad\\\/pamplona-activa-su-plan-de-actuacion-de-nevadas-ante-la-prevision-de-precipitaciones-en-forma-de-nieve-desde-manana-sabado\\\/#primaryimage\",\"url\":\"https:\\\/\\\/www.laguiadepamplona.com\\\/actualidad\\\/wp-content\\\/uploads\\\/2021\\\/01\\\/dispositivonevada_jmg9236_.jpg\",\"contentUrl\":\"https:\\\/\\\/www.laguiadepamplona.com\\\/actualidad\\\/wp-content\\\/uploads\\\/2021\\\/01\\\/dispositivonevada_jmg9236_.jpg\",\"width\":1920,\"height\":1280,\"caption\":\"A* Jes\u00fas Garzaron F* 2020_11_24 T* Dispositivo para las nevadas L* Trinitarios\"},{\"@type\":\"BreadcrumbList\",\"@id\":\"https:\\\/\\\/www.laguiadepamplona.com\\\/actualidad\\\/pamplona-activa-su-plan-de-actuacion-de-nevadas-ante-la-prevision-de-precipitaciones-en-forma-de-nieve-desde-manana-sabado\\\/#breadcrumb\",\"itemListElement\":[{\"@type\":\"ListItem\",\"position\":1,\"name\":\"Portada\",\"item\":\"https:\\\/\\\/www.laguiadepamplona.com\\\/actualidad\\\/\"},{\"@type\":\"ListItem\",\"position\":2,\"name\":\"Pamplona activa su Plan de Actuaci\u00f3n de Nevadas ante la previsi\u00f3n de precipitaciones en forma de nieve desde ma\u00f1ana s\u00e1bado\"}]},{\"@type\":\"WebSite\",\"@id\":\"https:\\\/\\\/www.laguiadepamplona.com\\\/actualidad\\\/#website\",\"url\":\"https:\\\/\\\/www.laguiadepamplona.com\\\/actualidad\\\/\",\"name\":\"La gu\u00eda de Pamplona\",\"description\":\"Noticias de Pamplona\",\"publisher\":{\"@id\":\"https:\\\/\\\/www.laguiadepamplona.com\\\/actualidad\\\/#organization\"},\"potentialAction\":[{\"@type\":\"SearchAction\",\"target\":{\"@type\":\"EntryPoint\",\"urlTemplate\":\"https:\\\/\\\/www.laguiadepamplona.com\\\/actualidad\\\/?s={search_term_string}\"},\"query-input\":{\"@type\":\"PropertyValueSpecification\",\"valueRequired\":true,\"valueName\":\"search_term_string\"}}],\"inLanguage\":\"es\"},{\"@type\":\"Organization\",\"@id\":\"https:\\\/\\\/www.laguiadepamplona.com\\\/actualidad\\\/#organization\",\"name\":\"La Gu\u00eda de Pamplona \\\/ Noticias\",\"url\":\"https:\\\/\\\/www.laguiadepamplona.com\\\/actualidad\\\/\",\"logo\":{\"@type\":\"ImageObject\",\"inLanguage\":\"es\",\"@id\":\"https:\\\/\\\/www.laguiadepamplona.com\\\/actualidad\\\/#\\\/schema\\\/logo\\\/image\\\/\",\"url\":\"https:\\\/\\\/www.laguiadepamplona.com\\\/actualidad\\\/wp-content\\\/uploads\\\/2018\\\/11\\\/logo-laguiadepamplona18-web1.png\",\"contentUrl\":\"https:\\\/\\\/www.laguiadepamplona.com\\\/actualidad\\\/wp-content\\\/uploads\\\/2018\\\/11\\\/logo-laguiadepamplona18-web1.png\",\"width\":600,\"height\":196,\"caption\":\"La Gu\u00eda de Pamplona \\\/ Noticias\"},\"image\":{\"@id\":\"https:\\\/\\\/www.laguiadepamplona.com\\\/actualidad\\\/#\\\/schema\\\/logo\\\/image\\\/\"},\"sameAs\":[\"https:\\\/\\\/www.facebook.com\\\/laguiadepamplonacom-133175176762273\\\/?ref=hl\",\"https:\\\/\\\/x.com\\\/LaGuiadPamplona\",\"https:\\\/\\\/www.instagram.com\\\/la_guia_de_pamplona\\\/\",\"https:\\\/\\\/www.youtube.com\\\/user\\\/laguiadepamplona\"]},{\"@type\":\"Person\",\"@id\":\"https:\\\/\\\/www.laguiadepamplona.com\\\/actualidad\\\/#\\\/schema\\\/person\\\/efe887376f0213d4657c93adc50b1fdb\",\"name\":\"La Gu\u00eda de Pamplona\",\"image\":{\"@type\":\"ImageObject\",\"inLanguage\":\"es\",\"@id\":\"https:\\\/\\\/secure.gravatar.com\\\/avatar\\\/b6992f131dc8d30ab0dff15446e9d346d9dbd95992de0fef795073f5ea83a81c?s=96&d=mm&r=g\",\"url\":\"https:\\\/\\\/secure.gravatar.com\\\/avatar\\\/b6992f131dc8d30ab0dff15446e9d346d9dbd95992de0fef795073f5ea83a81c?s=96&d=mm&r=g\",\"contentUrl\":\"https:\\\/\\\/secure.gravatar.com\\\/avatar\\\/b6992f131dc8d30ab0dff15446e9d346d9dbd95992de0fef795073f5ea83a81c?s=96&d=mm&r=g\",\"caption\":\"La Gu\u00eda de Pamplona\"}}]}<\/script>\n<!-- \/ Yoast SEO plugin. -->","yoast_head_json":{"title":"Pamplona activa su Plan de Actuaci\u00f3n de Nevadas ante la previsi\u00f3n de precipitaciones en forma de nieve desde ma\u00f1ana s\u00e1bado","description":"El nivel de alerta del Plan se ir\u00e1 adaptando en las pr\u00f3ximas horas y d\u00edas a la evoluci\u00f3n del temporal","robots":{"index":"index","follow":"follow","max-snippet":"max-snippet:-1","max-image-preview":"max-image-preview:large","max-video-preview":"max-video-preview:-1"},"canonical":"https:\/\/www.laguiadepamplona.com\/actualidad\/pamplona-activa-su-plan-de-actuacion-de-nevadas-ante-la-prevision-de-precipitaciones-en-forma-de-nieve-desde-manana-sabado\/","og_locale":"es_ES","og_type":"article","og_title":"Pamplona activa su Plan de Actuaci\u00f3n de Nevadas ante la previsi\u00f3n de precipitaciones en forma de nieve desde ma\u00f1ana s\u00e1bado","og_description":"El nivel de alerta del Plan se ir\u00e1 adaptando en las pr\u00f3ximas horas y d\u00edas a la evoluci\u00f3n del temporal","og_url":"https:\/\/www.laguiadepamplona.com\/actualidad\/pamplona-activa-su-plan-de-actuacion-de-nevadas-ante-la-prevision-de-precipitaciones-en-forma-de-nieve-desde-manana-sabado\/","og_site_name":"La Gu\u00eda de Pamplona","article_publisher":"https:\/\/www.facebook.com\/laguiadepamplonacom-133175176762273\/?ref=hl","article_published_time":"2021-01-08T09:04:45+00:00","og_image":[{"width":1920,"height":1280,"url":"https:\/\/www.laguiadepamplona.com\/actualidad\/wp-content\/uploads\/2021\/01\/dispositivonevada_jmg9236_.jpg","type":"image\/jpeg"}],"author":"La Gu\u00eda de Pamplona","twitter_card":"summary_large_image","twitter_creator":"@LaGuiadPamplona","twitter_site":"@LaGuiadPamplona","twitter_misc":{"Escrito por":"La Gu\u00eda de Pamplona","Tiempo de lectura":"5 minutos"},"schema":{"@context":"https:\/\/schema.org","@graph":[{"@type":"Article","@id":"https:\/\/www.laguiadepamplona.com\/actualidad\/pamplona-activa-su-plan-de-actuacion-de-nevadas-ante-la-prevision-de-precipitaciones-en-forma-de-nieve-desde-manana-sabado\/#article","isPartOf":{"@id":"https:\/\/www.laguiadepamplona.com\/actualidad\/pamplona-activa-su-plan-de-actuacion-de-nevadas-ante-la-prevision-de-precipitaciones-en-forma-de-nieve-desde-manana-sabado\/"},"author":{"name":"La Gu\u00eda de Pamplona","@id":"https:\/\/www.laguiadepamplona.com\/actualidad\/#\/schema\/person\/efe887376f0213d4657c93adc50b1fdb"},"headline":"Pamplona activa su Plan de Actuaci\u00f3n de Nevadas ante la previsi\u00f3n de precipitaciones en forma de nieve desde ma\u00f1ana s\u00e1bado","datePublished":"2021-01-08T09:04:45+00:00","mainEntityOfPage":{"@id":"https:\/\/www.laguiadepamplona.com\/actualidad\/pamplona-activa-su-plan-de-actuacion-de-nevadas-ante-la-prevision-de-precipitaciones-en-forma-de-nieve-desde-manana-sabado\/"},"wordCount":1120,"commentCount":0,"publisher":{"@id":"https:\/\/www.laguiadepamplona.com\/actualidad\/#organization"},"image":{"@id":"https:\/\/www.laguiadepamplona.com\/actualidad\/pamplona-activa-su-plan-de-actuacion-de-nevadas-ante-la-prevision-de-precipitaciones-en-forma-de-nieve-desde-manana-sabado\/#primaryimage"},"thumbnailUrl":"https:\/\/www.laguiadepamplona.com\/actualidad\/wp-content\/uploads\/2021\/01\/dispositivonevada_jmg9236_.jpg","articleSection":["Ayto Pamplona"],"inLanguage":"es","potentialAction":[{"@type":"CommentAction","name":"Comment","target":["https:\/\/www.laguiadepamplona.com\/actualidad\/pamplona-activa-su-plan-de-actuacion-de-nevadas-ante-la-prevision-de-precipitaciones-en-forma-de-nieve-desde-manana-sabado\/#respond"]}]},{"@type":"WebPage","@id":"https:\/\/www.laguiadepamplona.com\/actualidad\/pamplona-activa-su-plan-de-actuacion-de-nevadas-ante-la-prevision-de-precipitaciones-en-forma-de-nieve-desde-manana-sabado\/","url":"https:\/\/www.laguiadepamplona.com\/actualidad\/pamplona-activa-su-plan-de-actuacion-de-nevadas-ante-la-prevision-de-precipitaciones-en-forma-de-nieve-desde-manana-sabado\/","name":"Pamplona activa su Plan de Actuaci\u00f3n de Nevadas ante la previsi\u00f3n de precipitaciones en forma de nieve desde ma\u00f1ana s\u00e1bado","isPartOf":{"@id":"https:\/\/www.laguiadepamplona.com\/actualidad\/#website"},"primaryImageOfPage":{"@id":"https:\/\/www.laguiadepamplona.com\/actualidad\/pamplona-activa-su-plan-de-actuacion-de-nevadas-ante-la-prevision-de-precipitaciones-en-forma-de-nieve-desde-manana-sabado\/#primaryimage"},"image":{"@id":"https:\/\/www.laguiadepamplona.com\/actualidad\/pamplona-activa-su-plan-de-actuacion-de-nevadas-ante-la-prevision-de-precipitaciones-en-forma-de-nieve-desde-manana-sabado\/#primaryimage"},"thumbnailUrl":"https:\/\/www.laguiadepamplona.com\/actualidad\/wp-content\/uploads\/2021\/01\/dispositivonevada_jmg9236_.jpg","datePublished":"2021-01-08T09:04:45+00:00","description":"El nivel de alerta del Plan se ir\u00e1 adaptando en las pr\u00f3ximas horas y d\u00edas a la evoluci\u00f3n del temporal","breadcrumb":{"@id":"https:\/\/www.laguiadepamplona.com\/actualidad\/pamplona-activa-su-plan-de-actuacion-de-nevadas-ante-la-prevision-de-precipitaciones-en-forma-de-nieve-desde-manana-sabado\/#breadcrumb"},"inLanguage":"es","potentialAction":[{"@type":"ReadAction","target":["https:\/\/www.laguiadepamplona.com\/actualidad\/pamplona-activa-su-plan-de-actuacion-de-nevadas-ante-la-prevision-de-precipitaciones-en-forma-de-nieve-desde-manana-sabado\/"]}]},{"@type":"ImageObject","inLanguage":"es","@id":"https:\/\/www.laguiadepamplona.com\/actualidad\/pamplona-activa-su-plan-de-actuacion-de-nevadas-ante-la-prevision-de-precipitaciones-en-forma-de-nieve-desde-manana-sabado\/#primaryimage","url":"https:\/\/www.laguiadepamplona.com\/actualidad\/wp-content\/uploads\/2021\/01\/dispositivonevada_jmg9236_.jpg","contentUrl":"https:\/\/www.laguiadepamplona.com\/actualidad\/wp-content\/uploads\/2021\/01\/dispositivonevada_jmg9236_.jpg","width":1920,"height":1280,"caption":"A* Jes\u00fas Garzaron F* 2020_11_24 T* Dispositivo para las nevadas L* Trinitarios"},{"@type":"BreadcrumbList","@id":"https:\/\/www.laguiadepamplona.com\/actualidad\/pamplona-activa-su-plan-de-actuacion-de-nevadas-ante-la-prevision-de-precipitaciones-en-forma-de-nieve-desde-manana-sabado\/#breadcrumb","itemListElement":[{"@type":"ListItem","position":1,"name":"Portada","item":"https:\/\/www.laguiadepamplona.com\/actualidad\/"},{"@type":"ListItem","position":2,"name":"Pamplona activa su Plan de Actuaci\u00f3n de Nevadas ante la previsi\u00f3n de precipitaciones en forma de nieve desde ma\u00f1ana s\u00e1bado"}]},{"@type":"WebSite","@id":"https:\/\/www.laguiadepamplona.com\/actualidad\/#website","url":"https:\/\/www.laguiadepamplona.com\/actualidad\/","name":"La gu\u00eda de Pamplona","description":"Noticias de Pamplona","publisher":{"@id":"https:\/\/www.laguiadepamplona.com\/actualidad\/#organization"},"potentialAction":[{"@type":"SearchAction","target":{"@type":"EntryPoint","urlTemplate":"https:\/\/www.laguiadepamplona.com\/actualidad\/?s={search_term_string}"},"query-input":{"@type":"PropertyValueSpecification","valueRequired":true,"valueName":"search_term_string"}}],"inLanguage":"es"},{"@type":"Organization","@id":"https:\/\/www.laguiadepamplona.com\/actualidad\/#organization","name":"La Gu\u00eda de Pamplona \/ Noticias","url":"https:\/\/www.laguiadepamplona.com\/actualidad\/","logo":{"@type":"ImageObject","inLanguage":"es","@id":"https:\/\/www.laguiadepamplona.com\/actualidad\/#\/schema\/logo\/image\/","url":"https:\/\/www.laguiadepamplona.com\/actualidad\/wp-content\/uploads\/2018\/11\/logo-laguiadepamplona18-web1.png","contentUrl":"https:\/\/www.laguiadepamplona.com\/actualidad\/wp-content\/uploads\/2018\/11\/logo-laguiadepamplona18-web1.png","width":600,"height":196,"caption":"La Gu\u00eda de Pamplona \/ Noticias"},"image":{"@id":"https:\/\/www.laguiadepamplona.com\/actualidad\/#\/schema\/logo\/image\/"},"sameAs":["https:\/\/www.facebook.com\/laguiadepamplonacom-133175176762273\/?ref=hl","https:\/\/x.com\/LaGuiadPamplona","https:\/\/www.instagram.com\/la_guia_de_pamplona\/","https:\/\/www.youtube.com\/user\/laguiadepamplona"]},{"@type":"Person","@id":"https:\/\/www.laguiadepamplona.com\/actualidad\/#\/schema\/person\/efe887376f0213d4657c93adc50b1fdb","name":"La Gu\u00eda de Pamplona","image":{"@type":"ImageObject","inLanguage":"es","@id":"https:\/\/secure.gravatar.com\/avatar\/b6992f131dc8d30ab0dff15446e9d346d9dbd95992de0fef795073f5ea83a81c?s=96&d=mm&r=g","url":"https:\/\/secure.gravatar.com\/avatar\/b6992f131dc8d30ab0dff15446e9d346d9dbd95992de0fef795073f5ea83a81c?s=96&d=mm&r=g","contentUrl":"https:\/\/secure.gravatar.com\/avatar\/b6992f131dc8d30ab0dff15446e9d346d9dbd95992de0fef795073f5ea83a81c?s=96&d=mm&r=g","caption":"La Gu\u00eda de Pamplona"}}]}},"post_mailing_queue_ids":[],"_links":{"self":[{"href":"https:\/\/www.laguiadepamplona.com\/actualidad\/wp-json\/wp\/v2\/posts\/32644","targetHints":{"allow":["GET"]}}],"collection":[{"href":"https:\/\/www.laguiadepamplona.com\/actualidad\/wp-json\/wp\/v2\/posts"}],"about":[{"href":"https:\/\/www.laguiadepamplona.com\/actualidad\/wp-json\/wp\/v2\/types\/post"}],"author":[{"embeddable":true,"href":"https:\/\/www.laguiadepamplona.com\/actualidad\/wp-json\/wp\/v2\/users\/1"}],"replies":[{"embeddable":true,"href":"https:\/\/www.laguiadepamplona.com\/actualidad\/wp-json\/wp\/v2\/comments?post=32644"}],"version-history":[{"count":0,"href":"https:\/\/www.laguiadepamplona.com\/actualidad\/wp-json\/wp\/v2\/posts\/32644\/revisions"}],"wp:featuredmedia":[{"embeddable":true,"href":"https:\/\/www.laguiadepamplona.com\/actualidad\/wp-json\/wp\/v2\/media\/32645"}],"wp:attachment":[{"href":"https:\/\/www.laguiadepamplona.com\/actualidad\/wp-json\/wp\/v2\/media?parent=32644"}],"wp:term":[{"taxonomy":"category","embeddable":true,"href":"https:\/\/www.laguiadepamplona.com\/actualidad\/wp-json\/wp\/v2\/categories?post=32644"},{"taxonomy":"post_tag","embeddable":true,"href":"https:\/\/www.laguiadepamplona.com\/actualidad\/wp-json\/wp\/v2\/tags?post=32644"}],"curies":[{"name":"wp","href":"https:\/\/api.w.org\/{rel}","templated":true}]}}