{"id":32640,"date":"2021-01-07T16:41:58","date_gmt":"2021-01-07T14:41:58","guid":{"rendered":"https:\/\/www.laguiadepamplona.es\/actualidad\/?p=32640"},"modified":"2021-01-07T16:41:58","modified_gmt":"2021-01-07T14:41:58","slug":"la-escuela-de-sostenibilidad-del-ayuntamiento-de-pamplona-centra-su-programacion-de-invierno-en-los-efectos-del-cambio-climatico","status":"publish","type":"post","link":"https:\/\/www.laguiadepamplona.com\/actualidad\/la-escuela-de-sostenibilidad-del-ayuntamiento-de-pamplona-centra-su-programacion-de-invierno-en-los-efectos-del-cambio-climatico\/","title":{"rendered":"La Escuela de Sostenibilidad del Ayuntamiento de Pamplona centra su programaci\u00f3n de invierno en los efectos del cambio clim\u00e1tico"},"content":{"rendered":"<h5>Ya est\u00e1n abiertas las inscripciones para las m\u00e1s de treinta actividades ofertadas, entre las que se encuentran talleres, charlas o exposiciones<\/h5>\n<p><!--more--><\/p>\n<p>El Museo de Educaci\u00f3n Ambiental del Ayuntamiento de Pamplona ofrece para los pr\u00f3ximos meses m\u00e1s de treinta actividades en torno al desaf\u00edo del cambio clim\u00e1tico, en una llamada a la ciudadan\u00eda a actuar de otra manera, para valorar lo desconocido, desde el punto de vista de la responsabilidad personal. La programaci\u00f3n la conforman m\u00e1s de 30 actividades gratuitas, entre las que se encuentran talleres, cursos, charlas o exposiciones. Todas se llevar\u00e1n a cabo con medidas para evitar la propagaci\u00f3n del virus, y precisan de una inscripci\u00f3n previa a trav\u00e9s del tel\u00e9fono de informaci\u00f3n ciudadana 010 o 948.420.100.<\/p>\n<p><script async src=\"\/\/pagead2.googlesyndication.com\/pagead\/js\/adsbygoogle.js\"><\/script><br \/>\n<!-- Noticias La Guia de Pamplona --><br \/>\n<ins class=\"adsbygoogle\"\nstyle=\"display:block\"\ndata-ad-client=\"ca-pub-6943679897239327\"\ndata-ad-slot=\"7048180777\"\ndata-ad-format=\"auto\"><\/ins><br \/>\n<script>\n(adsbygoogle = window.adsbygoogle || []).push({});\n<\/script><\/p>\n<p>La relaci\u00f3n entre la ciudad y el cambio clim\u00e1tico ser\u00e1 uno de los temas que se aborde en las charlas programadas. El d\u00eda 28 de enero, a partir de las siete de la tarde, el director de la Agencia Energ\u00e9tica del Ayuntamiento de Pamplona, Javier Zardoya, y la t\u00e9cnica municipal Marta Torres presentar\u00e1n \u2018La ciudad resiliente ante el cambio clim\u00e1tico\u2019, exponiendo ejemplos de mitigaci\u00f3n que se pueden encontrar en otras ciudades europeas, y planteando los escenarios a los que se puede enfrentar Pamplona. Desde una perspectiva m\u00e1s global, el periodista especializado en ciencias ambientales I\u00f1aki Petxarroman analizar\u00e1 en euskera las claves para adaptarse al cambio clim\u00e1tico. La cita ser\u00e1 el 2 de febrero a las siete de la tarde. Por su parte, el investigador en ecolog\u00eda, escritor y divulgador Andreu Escriv\u00e1 plantear\u00e1 el 18 de marzo a la misma hora la cuesti\u00f3n \u2018\u00bfY ahora qu\u00e9 hago yo?\u2019, con el an\u00e1lisis sobre c\u00f3mo evitar la culpa clim\u00e1tica para pasar a la acci\u00f3n.<\/p>\n<p>Tras un proceso participativo llevado a cabo por el Ayuntamiento de Pamplona, en el que la ciudadan\u00eda y los diferentes agentes de la ciudad han hecho sus aportaciones, el mi\u00e9rcoles 3 de marzo se presentar\u00e1 la Estrategia de Transici\u00f3n Energ\u00e9tica y Cambio Clim\u00e1tico 2030. Se dar\u00e1 a conocer la hoja de ruta a tomar para reducir las emisiones de gases de efecto invernadero y adaptarnos a los cambios clim\u00e1ticos a largo plazo. Una estrategia para permitir que la sociedad se adapte a los efectos del cambio clim\u00e1tico.<\/p>\n<p><script async src=\"\/\/pagead2.googlesyndication.com\/pagead\/js\/adsbygoogle.js\"><\/script><br \/>\n<!-- Noticias La Guia de Pamplona --><br \/>\n<ins class=\"adsbygoogle\"\nstyle=\"display:block\"\ndata-ad-client=\"ca-pub-6943679897239327\"\ndata-ad-slot=\"7048180777\"\ndata-ad-format=\"auto\"><\/ins><br \/>\n<script>\n(adsbygoogle = window.adsbygoogle || []).push({});\n<\/script><\/p>\n<p><strong>Un grupo de trabajo para abordar las oportunidades de la transici\u00f3n energ\u00e9tica<\/strong><\/p>\n<p>Durante los pr\u00f3ximos meses contin\u00faa la propuesta del equipo de Educaci\u00f3n Ambiental del Ayuntamiento de Pamplona que est\u00e1 abordando, a trav\u00e9s de un grupo de trabajo abierto a la ciudadan\u00eda, las maneras en las que la sociedad actual puede enfrentarse al reto clim\u00e1tico a trav\u00e9s de la transici\u00f3n ecol\u00f3gica. Se trata de encuentros mensuales desde enero hasta mayo a los que los interesados se pueden apuntar en el tel\u00e9fono de informaci\u00f3n ciudadana 010 o 948.420.100. La cita de febrero se centrar\u00e1 en el debate sobre los modos de transporte, con el an\u00e1lisis de si los cambios en el movimiento pueden abrir caminos hacia la transici\u00f3n ecol\u00f3gica. En marzo se dar\u00e1n pautas sobre c\u00f3mo el modo en el que la ciudadan\u00eda ocupa su tiempo libre puede convertirse en una acci\u00f3n contra el cambio clim\u00e1tico. Las dos \u00faltimas citas de este grupo servir\u00e1n para realizar reflexiones generales sobre todo lo que se ha ido viendo a lo largo del curso.<\/p>\n<p><script async src=\"\/\/pagead2.googlesyndication.com\/pagead\/js\/adsbygoogle.js\"><\/script><br \/>\n<!-- Noticias La Guia de Pamplona --><br \/>\n<ins class=\"adsbygoogle\"\nstyle=\"display:block\"\ndata-ad-client=\"ca-pub-6943679897239327\"\ndata-ad-slot=\"7048180777\"\ndata-ad-format=\"auto\"><\/ins><br \/>\n<script>\n(adsbygoogle = window.adsbygoogle || []).push({});\n<\/script><\/p>\n<p><strong>Talleres, cursos y salidas para conocer c\u00f3mo est\u00e1 afectando el cambio clim\u00e1tico a Pamplona<\/strong><\/p>\n<p>Como ya es habitual, las actividades de la Escuela de Sostenibilidad incorporan diferentes propuestas al aire libre. A trav\u00e9s de una bici-ruta, el pr\u00f3ximo 25 de marzo se mostrar\u00e1 a los que participen en la actividad c\u00f3mo la ciudad est\u00e1 haciendo frente al cambio clim\u00e1tico. Se dar\u00e1n a conocer in-situ las medidas que el Ayuntamiento de Pamplona est\u00e1 llevando a cabo en este sentido, tanto en materia de adaptaci\u00f3n como en lo referido a la mitigaci\u00f3n de las emisiones. El programa de actividades de los meses de invierno tambi\u00e9n incorpora una salida para el pr\u00f3ximo 17 de marzo en la que se plantea un an\u00e1lisis del cambio clim\u00e1tico a trav\u00e9s de la observaci\u00f3n de la flora.<\/p>\n<p>Las propuestas al aire libre tambi\u00e9n recogen varios talleres en los que se ense\u00f1ar\u00e1n a los participantes las propiedades de las plantas medicinales que se encuentran en el entorno de Pamplona, las claves para poner en marcha una huerta urbana o la manera m\u00e1s adecuada de podar manzanos y perales.<\/p>\n<p>Dibujar el medio ambiente con los m\u00e1s peque\u00f1os o dar la bienvenida a la primavera son dos de las propuestas destinadas a toda la familia que se impartir\u00e1n tanto en castellano como en euskera. Adem\u00e1s, bajo el lema \u2018somos lo que comemos\u2019 un chef explicar\u00e1 algunas de las claves para cocinar de manera sostenible. Completan la oferta un taller para aprender a elaborar nuestra propia mascarilla de tela y dos propuestas para aprender c\u00f3mo poner a punto las bicicletas.<\/p>\n<p><script async src=\"\/\/pagead2.googlesyndication.com\/pagead\/js\/adsbygoogle.js\"><\/script><br \/>\n<!-- Noticias La Guia de Pamplona --><br \/>\n<ins class=\"adsbygoogle\"\nstyle=\"display:block\"\ndata-ad-client=\"ca-pub-6943679897239327\"\ndata-ad-slot=\"7048180777\"\ndata-ad-format=\"auto\"><\/ins><br \/>\n<script>\n(adsbygoogle = window.adsbygoogle || []).push({});\n<\/script><\/p>\n<p><strong>El cambio clim\u00e1tico tambi\u00e9n a trav\u00e9s del arte y la econom\u00eda local<\/strong><\/p>\n<p>La programaci\u00f3n de la Escuela de Sostenibilidad para los pr\u00f3ximos meses se completa con el ya habitual mercadillo de intercambio sin dinero, que tendr\u00e1 lugar las semanas de cada mes, y con dos exposiciones. La primera, \u2018El cambio clim\u00e1tico no tiene gracia\u2019, se puede visitar en el Museo de Educaci\u00f3n Ambiental desde el 12 de enero hasta el 26 de febrero. Entre el 1 y el 29 de marzo se expone \u2018Pamplona: ciudad como ecosistema\u2019, un proyecto art\u00edstico en el que se recolectan objetos que hacen referencia a la ciudad como ecosistema.<\/p>\n<p>El Museo de Educaci\u00f3n Ambiental ha adaptado sus espacios y las condiciones de los eventos a la normativa actual para poder ofrecer un espacio seguro. Todas las actividades tienen un aforo limitado y precisan de inscripci\u00f3n previa. El formato de las mismas se adaptar\u00e1 en todo momento a la normativa sanitaria vigente. Debido a la situaci\u00f3n generada por la pandemia, la programaci\u00f3n puede sufrir cambios, por lo que es recomendable inscribirse al bolet\u00edn informativo semanal del Museo de Educaci\u00f3n Ambiental en <a href=\"http:\/\/educacionambiental.pamplona.es\/\" target=\"_blank\" rel=\"noopener\">http:\/\/educacionambiental.pamplona.es\/<\/a><\/p>\n<p>&nbsp;<br \/>\n[qodef_button size=\u00bblarge\u00bb type=\u00bb\u00bb text=\u00bbEscuela de sostenibilidad invierno 2021.pdf\u00bb custom_class=\u00bb\u00bb icon_pack=\u00bbfont_elegant\u00bb fa_icon=\u00bbicon_download\u00bb link=\u00bbhttp:\/\/educacionambiental.pamplona.es\/wp-content\/uploads\/2020\/12\/ES_invierno-2021.pdf\u00bb target=\u00bb_blank\u00bb color=\u00bbffffff\u00bb hover_color=\u00bb\u00bb background_color=\u00bb\u00bb hover_background_color=\u00bb\u00bb border_color=\u00bb\u00bb hover_border_color=\u00bb\u00bb font_size=\u00bb\u00bb font_weight=\u00bb\u00bb margin=\u00bb\u00bb]\n&nbsp;<\/p>\n","protected":false},"excerpt":{"rendered":"<p>Ya est\u00e1n abiertas las inscripciones para las m\u00e1s de treinta actividades ofertadas, entre las que se encuentran talleres, charlas o exposiciones<\/p>\n","protected":false},"author":1,"featured_media":32641,"comment_status":"open","ping_status":"closed","sticky":false,"template":"","format":"standard","meta":{"footnotes":""},"categories":[2],"tags":[],"class_list":["post-32640","post","type-post","status-publish","format-standard","has-post-thumbnail","hentry","category-ayuntamiento-pamplona"],"yoast_head":"<!-- This site is optimized with the Yoast SEO plugin v27.5 - https:\/\/yoast.com\/product\/yoast-seo-wordpress\/ -->\n<title>La Escuela de Sostenibilidad del Ayuntamiento de Pamplona centra su programaci\u00f3n de invierno en los efectos del cambio clim\u00e1tico<\/title>\n<meta name=\"description\" content=\"Ya est\u00e1n abiertas las inscripciones para las m\u00e1s de treinta actividades ofertadas, entre las que se encuentran talleres, charlas o exposiciones\" \/>\n<meta name=\"robots\" content=\"index, follow, max-snippet:-1, max-image-preview:large, max-video-preview:-1\" \/>\n<link rel=\"canonical\" href=\"https:\/\/www.laguiadepamplona.com\/actualidad\/la-escuela-de-sostenibilidad-del-ayuntamiento-de-pamplona-centra-su-programacion-de-invierno-en-los-efectos-del-cambio-climatico\/\" \/>\n<meta property=\"og:locale\" content=\"es_ES\" \/>\n<meta property=\"og:type\" content=\"article\" \/>\n<meta property=\"og:title\" content=\"La Escuela de Sostenibilidad del Ayuntamiento de Pamplona centra su programaci\u00f3n de invierno en los efectos del cambio clim\u00e1tico\" \/>\n<meta property=\"og:description\" content=\"Ya est\u00e1n abiertas las inscripciones para las m\u00e1s de treinta actividades ofertadas, entre las que se encuentran talleres, charlas o exposiciones\" \/>\n<meta property=\"og:url\" content=\"https:\/\/www.laguiadepamplona.com\/actualidad\/la-escuela-de-sostenibilidad-del-ayuntamiento-de-pamplona-centra-su-programacion-de-invierno-en-los-efectos-del-cambio-climatico\/\" \/>\n<meta property=\"og:site_name\" content=\"La Gu\u00eda de Pamplona\" \/>\n<meta property=\"article:publisher\" content=\"https:\/\/www.facebook.com\/laguiadepamplonacom-133175176762273\/?ref=hl\" \/>\n<meta property=\"article:published_time\" content=\"2021-01-07T14:41:58+00:00\" \/>\n<meta property=\"og:image\" content=\"https:\/\/www.laguiadepamplona.com\/actualidad\/wp-content\/uploads\/2021\/01\/museo-educacion-ambiental-invierno-21.jpg\" \/>\n\t<meta property=\"og:image:width\" content=\"1176\" \/>\n\t<meta property=\"og:image:height\" content=\"714\" \/>\n\t<meta property=\"og:image:type\" content=\"image\/jpeg\" \/>\n<meta name=\"author\" content=\"La Gu\u00eda de Pamplona\" \/>\n<meta name=\"twitter:card\" content=\"summary_large_image\" \/>\n<meta name=\"twitter:creator\" content=\"@LaGuiadPamplona\" \/>\n<meta name=\"twitter:site\" content=\"@LaGuiadPamplona\" \/>\n<meta name=\"twitter:label1\" content=\"Escrito por\" \/>\n\t<meta name=\"twitter:data1\" content=\"La Gu\u00eda de Pamplona\" \/>\n\t<meta name=\"twitter:label2\" content=\"Tiempo de lectura\" \/>\n\t<meta name=\"twitter:data2\" content=\"6 minutos\" \/>\n<script type=\"application\/ld+json\" class=\"yoast-schema-graph\">{\"@context\":\"https:\\\/\\\/schema.org\",\"@graph\":[{\"@type\":\"Article\",\"@id\":\"https:\\\/\\\/www.laguiadepamplona.com\\\/actualidad\\\/la-escuela-de-sostenibilidad-del-ayuntamiento-de-pamplona-centra-su-programacion-de-invierno-en-los-efectos-del-cambio-climatico\\\/#article\",\"isPartOf\":{\"@id\":\"https:\\\/\\\/www.laguiadepamplona.com\\\/actualidad\\\/la-escuela-de-sostenibilidad-del-ayuntamiento-de-pamplona-centra-su-programacion-de-invierno-en-los-efectos-del-cambio-climatico\\\/\"},\"author\":{\"name\":\"La Gu\u00eda de Pamplona\",\"@id\":\"https:\\\/\\\/www.laguiadepamplona.com\\\/actualidad\\\/#\\\/schema\\\/person\\\/efe887376f0213d4657c93adc50b1fdb\"},\"headline\":\"La Escuela de Sostenibilidad del Ayuntamiento de Pamplona centra su programaci\u00f3n de invierno en los efectos del cambio clim\u00e1tico\",\"datePublished\":\"2021-01-07T14:41:58+00:00\",\"mainEntityOfPage\":{\"@id\":\"https:\\\/\\\/www.laguiadepamplona.com\\\/actualidad\\\/la-escuela-de-sostenibilidad-del-ayuntamiento-de-pamplona-centra-su-programacion-de-invierno-en-los-efectos-del-cambio-climatico\\\/\"},\"wordCount\":1144,\"commentCount\":0,\"publisher\":{\"@id\":\"https:\\\/\\\/www.laguiadepamplona.com\\\/actualidad\\\/#organization\"},\"image\":{\"@id\":\"https:\\\/\\\/www.laguiadepamplona.com\\\/actualidad\\\/la-escuela-de-sostenibilidad-del-ayuntamiento-de-pamplona-centra-su-programacion-de-invierno-en-los-efectos-del-cambio-climatico\\\/#primaryimage\"},\"thumbnailUrl\":\"https:\\\/\\\/www.laguiadepamplona.com\\\/actualidad\\\/wp-content\\\/uploads\\\/2021\\\/01\\\/museo-educacion-ambiental-invierno-21.jpg\",\"articleSection\":[\"Ayto Pamplona\"],\"inLanguage\":\"es\",\"potentialAction\":[{\"@type\":\"CommentAction\",\"name\":\"Comment\",\"target\":[\"https:\\\/\\\/www.laguiadepamplona.com\\\/actualidad\\\/la-escuela-de-sostenibilidad-del-ayuntamiento-de-pamplona-centra-su-programacion-de-invierno-en-los-efectos-del-cambio-climatico\\\/#respond\"]}]},{\"@type\":\"WebPage\",\"@id\":\"https:\\\/\\\/www.laguiadepamplona.com\\\/actualidad\\\/la-escuela-de-sostenibilidad-del-ayuntamiento-de-pamplona-centra-su-programacion-de-invierno-en-los-efectos-del-cambio-climatico\\\/\",\"url\":\"https:\\\/\\\/www.laguiadepamplona.com\\\/actualidad\\\/la-escuela-de-sostenibilidad-del-ayuntamiento-de-pamplona-centra-su-programacion-de-invierno-en-los-efectos-del-cambio-climatico\\\/\",\"name\":\"La Escuela de Sostenibilidad del Ayuntamiento de Pamplona centra su programaci\u00f3n de invierno en los efectos del cambio clim\u00e1tico\",\"isPartOf\":{\"@id\":\"https:\\\/\\\/www.laguiadepamplona.com\\\/actualidad\\\/#website\"},\"primaryImageOfPage\":{\"@id\":\"https:\\\/\\\/www.laguiadepamplona.com\\\/actualidad\\\/la-escuela-de-sostenibilidad-del-ayuntamiento-de-pamplona-centra-su-programacion-de-invierno-en-los-efectos-del-cambio-climatico\\\/#primaryimage\"},\"image\":{\"@id\":\"https:\\\/\\\/www.laguiadepamplona.com\\\/actualidad\\\/la-escuela-de-sostenibilidad-del-ayuntamiento-de-pamplona-centra-su-programacion-de-invierno-en-los-efectos-del-cambio-climatico\\\/#primaryimage\"},\"thumbnailUrl\":\"https:\\\/\\\/www.laguiadepamplona.com\\\/actualidad\\\/wp-content\\\/uploads\\\/2021\\\/01\\\/museo-educacion-ambiental-invierno-21.jpg\",\"datePublished\":\"2021-01-07T14:41:58+00:00\",\"description\":\"Ya est\u00e1n abiertas las inscripciones para las m\u00e1s de treinta actividades ofertadas, entre las que se encuentran talleres, charlas o exposiciones\",\"breadcrumb\":{\"@id\":\"https:\\\/\\\/www.laguiadepamplona.com\\\/actualidad\\\/la-escuela-de-sostenibilidad-del-ayuntamiento-de-pamplona-centra-su-programacion-de-invierno-en-los-efectos-del-cambio-climatico\\\/#breadcrumb\"},\"inLanguage\":\"es\",\"potentialAction\":[{\"@type\":\"ReadAction\",\"target\":[\"https:\\\/\\\/www.laguiadepamplona.com\\\/actualidad\\\/la-escuela-de-sostenibilidad-del-ayuntamiento-de-pamplona-centra-su-programacion-de-invierno-en-los-efectos-del-cambio-climatico\\\/\"]}]},{\"@type\":\"ImageObject\",\"inLanguage\":\"es\",\"@id\":\"https:\\\/\\\/www.laguiadepamplona.com\\\/actualidad\\\/la-escuela-de-sostenibilidad-del-ayuntamiento-de-pamplona-centra-su-programacion-de-invierno-en-los-efectos-del-cambio-climatico\\\/#primaryimage\",\"url\":\"https:\\\/\\\/www.laguiadepamplona.com\\\/actualidad\\\/wp-content\\\/uploads\\\/2021\\\/01\\\/museo-educacion-ambiental-invierno-21.jpg\",\"contentUrl\":\"https:\\\/\\\/www.laguiadepamplona.com\\\/actualidad\\\/wp-content\\\/uploads\\\/2021\\\/01\\\/museo-educacion-ambiental-invierno-21.jpg\",\"width\":1176,\"height\":714},{\"@type\":\"BreadcrumbList\",\"@id\":\"https:\\\/\\\/www.laguiadepamplona.com\\\/actualidad\\\/la-escuela-de-sostenibilidad-del-ayuntamiento-de-pamplona-centra-su-programacion-de-invierno-en-los-efectos-del-cambio-climatico\\\/#breadcrumb\",\"itemListElement\":[{\"@type\":\"ListItem\",\"position\":1,\"name\":\"Portada\",\"item\":\"https:\\\/\\\/www.laguiadepamplona.com\\\/actualidad\\\/\"},{\"@type\":\"ListItem\",\"position\":2,\"name\":\"La Escuela de Sostenibilidad del Ayuntamiento de Pamplona centra su programaci\u00f3n de invierno en los efectos del cambio clim\u00e1tico\"}]},{\"@type\":\"WebSite\",\"@id\":\"https:\\\/\\\/www.laguiadepamplona.com\\\/actualidad\\\/#website\",\"url\":\"https:\\\/\\\/www.laguiadepamplona.com\\\/actualidad\\\/\",\"name\":\"La gu\u00eda de Pamplona\",\"description\":\"Noticias de Pamplona\",\"publisher\":{\"@id\":\"https:\\\/\\\/www.laguiadepamplona.com\\\/actualidad\\\/#organization\"},\"potentialAction\":[{\"@type\":\"SearchAction\",\"target\":{\"@type\":\"EntryPoint\",\"urlTemplate\":\"https:\\\/\\\/www.laguiadepamplona.com\\\/actualidad\\\/?s={search_term_string}\"},\"query-input\":{\"@type\":\"PropertyValueSpecification\",\"valueRequired\":true,\"valueName\":\"search_term_string\"}}],\"inLanguage\":\"es\"},{\"@type\":\"Organization\",\"@id\":\"https:\\\/\\\/www.laguiadepamplona.com\\\/actualidad\\\/#organization\",\"name\":\"La Gu\u00eda de Pamplona \\\/ Noticias\",\"url\":\"https:\\\/\\\/www.laguiadepamplona.com\\\/actualidad\\\/\",\"logo\":{\"@type\":\"ImageObject\",\"inLanguage\":\"es\",\"@id\":\"https:\\\/\\\/www.laguiadepamplona.com\\\/actualidad\\\/#\\\/schema\\\/logo\\\/image\\\/\",\"url\":\"https:\\\/\\\/www.laguiadepamplona.com\\\/actualidad\\\/wp-content\\\/uploads\\\/2018\\\/11\\\/logo-laguiadepamplona18-web1.png\",\"contentUrl\":\"https:\\\/\\\/www.laguiadepamplona.com\\\/actualidad\\\/wp-content\\\/uploads\\\/2018\\\/11\\\/logo-laguiadepamplona18-web1.png\",\"width\":600,\"height\":196,\"caption\":\"La Gu\u00eda de Pamplona \\\/ Noticias\"},\"image\":{\"@id\":\"https:\\\/\\\/www.laguiadepamplona.com\\\/actualidad\\\/#\\\/schema\\\/logo\\\/image\\\/\"},\"sameAs\":[\"https:\\\/\\\/www.facebook.com\\\/laguiadepamplonacom-133175176762273\\\/?ref=hl\",\"https:\\\/\\\/x.com\\\/LaGuiadPamplona\",\"https:\\\/\\\/www.instagram.com\\\/la_guia_de_pamplona\\\/\",\"https:\\\/\\\/www.youtube.com\\\/user\\\/laguiadepamplona\"]},{\"@type\":\"Person\",\"@id\":\"https:\\\/\\\/www.laguiadepamplona.com\\\/actualidad\\\/#\\\/schema\\\/person\\\/efe887376f0213d4657c93adc50b1fdb\",\"name\":\"La Gu\u00eda de Pamplona\",\"image\":{\"@type\":\"ImageObject\",\"inLanguage\":\"es\",\"@id\":\"https:\\\/\\\/secure.gravatar.com\\\/avatar\\\/b6992f131dc8d30ab0dff15446e9d346d9dbd95992de0fef795073f5ea83a81c?s=96&d=mm&r=g\",\"url\":\"https:\\\/\\\/secure.gravatar.com\\\/avatar\\\/b6992f131dc8d30ab0dff15446e9d346d9dbd95992de0fef795073f5ea83a81c?s=96&d=mm&r=g\",\"contentUrl\":\"https:\\\/\\\/secure.gravatar.com\\\/avatar\\\/b6992f131dc8d30ab0dff15446e9d346d9dbd95992de0fef795073f5ea83a81c?s=96&d=mm&r=g\",\"caption\":\"La Gu\u00eda de Pamplona\"}}]}<\/script>\n<!-- \/ Yoast SEO plugin. -->","yoast_head_json":{"title":"La Escuela de Sostenibilidad del Ayuntamiento de Pamplona centra su programaci\u00f3n de invierno en los efectos del cambio clim\u00e1tico","description":"Ya est\u00e1n abiertas las inscripciones para las m\u00e1s de treinta actividades ofertadas, entre las que se encuentran talleres, charlas o exposiciones","robots":{"index":"index","follow":"follow","max-snippet":"max-snippet:-1","max-image-preview":"max-image-preview:large","max-video-preview":"max-video-preview:-1"},"canonical":"https:\/\/www.laguiadepamplona.com\/actualidad\/la-escuela-de-sostenibilidad-del-ayuntamiento-de-pamplona-centra-su-programacion-de-invierno-en-los-efectos-del-cambio-climatico\/","og_locale":"es_ES","og_type":"article","og_title":"La Escuela de Sostenibilidad del Ayuntamiento de Pamplona centra su programaci\u00f3n de invierno en los efectos del cambio clim\u00e1tico","og_description":"Ya est\u00e1n abiertas las inscripciones para las m\u00e1s de treinta actividades ofertadas, entre las que se encuentran talleres, charlas o exposiciones","og_url":"https:\/\/www.laguiadepamplona.com\/actualidad\/la-escuela-de-sostenibilidad-del-ayuntamiento-de-pamplona-centra-su-programacion-de-invierno-en-los-efectos-del-cambio-climatico\/","og_site_name":"La Gu\u00eda de Pamplona","article_publisher":"https:\/\/www.facebook.com\/laguiadepamplonacom-133175176762273\/?ref=hl","article_published_time":"2021-01-07T14:41:58+00:00","og_image":[{"width":1176,"height":714,"url":"https:\/\/www.laguiadepamplona.com\/actualidad\/wp-content\/uploads\/2021\/01\/museo-educacion-ambiental-invierno-21.jpg","type":"image\/jpeg"}],"author":"La Gu\u00eda de Pamplona","twitter_card":"summary_large_image","twitter_creator":"@LaGuiadPamplona","twitter_site":"@LaGuiadPamplona","twitter_misc":{"Escrito por":"La Gu\u00eda de Pamplona","Tiempo de lectura":"6 minutos"},"schema":{"@context":"https:\/\/schema.org","@graph":[{"@type":"Article","@id":"https:\/\/www.laguiadepamplona.com\/actualidad\/la-escuela-de-sostenibilidad-del-ayuntamiento-de-pamplona-centra-su-programacion-de-invierno-en-los-efectos-del-cambio-climatico\/#article","isPartOf":{"@id":"https:\/\/www.laguiadepamplona.com\/actualidad\/la-escuela-de-sostenibilidad-del-ayuntamiento-de-pamplona-centra-su-programacion-de-invierno-en-los-efectos-del-cambio-climatico\/"},"author":{"name":"La Gu\u00eda de Pamplona","@id":"https:\/\/www.laguiadepamplona.com\/actualidad\/#\/schema\/person\/efe887376f0213d4657c93adc50b1fdb"},"headline":"La Escuela de Sostenibilidad del Ayuntamiento de Pamplona centra su programaci\u00f3n de invierno en los efectos del cambio clim\u00e1tico","datePublished":"2021-01-07T14:41:58+00:00","mainEntityOfPage":{"@id":"https:\/\/www.laguiadepamplona.com\/actualidad\/la-escuela-de-sostenibilidad-del-ayuntamiento-de-pamplona-centra-su-programacion-de-invierno-en-los-efectos-del-cambio-climatico\/"},"wordCount":1144,"commentCount":0,"publisher":{"@id":"https:\/\/www.laguiadepamplona.com\/actualidad\/#organization"},"image":{"@id":"https:\/\/www.laguiadepamplona.com\/actualidad\/la-escuela-de-sostenibilidad-del-ayuntamiento-de-pamplona-centra-su-programacion-de-invierno-en-los-efectos-del-cambio-climatico\/#primaryimage"},"thumbnailUrl":"https:\/\/www.laguiadepamplona.com\/actualidad\/wp-content\/uploads\/2021\/01\/museo-educacion-ambiental-invierno-21.jpg","articleSection":["Ayto Pamplona"],"inLanguage":"es","potentialAction":[{"@type":"CommentAction","name":"Comment","target":["https:\/\/www.laguiadepamplona.com\/actualidad\/la-escuela-de-sostenibilidad-del-ayuntamiento-de-pamplona-centra-su-programacion-de-invierno-en-los-efectos-del-cambio-climatico\/#respond"]}]},{"@type":"WebPage","@id":"https:\/\/www.laguiadepamplona.com\/actualidad\/la-escuela-de-sostenibilidad-del-ayuntamiento-de-pamplona-centra-su-programacion-de-invierno-en-los-efectos-del-cambio-climatico\/","url":"https:\/\/www.laguiadepamplona.com\/actualidad\/la-escuela-de-sostenibilidad-del-ayuntamiento-de-pamplona-centra-su-programacion-de-invierno-en-los-efectos-del-cambio-climatico\/","name":"La Escuela de Sostenibilidad del Ayuntamiento de Pamplona centra su programaci\u00f3n de invierno en los efectos del cambio clim\u00e1tico","isPartOf":{"@id":"https:\/\/www.laguiadepamplona.com\/actualidad\/#website"},"primaryImageOfPage":{"@id":"https:\/\/www.laguiadepamplona.com\/actualidad\/la-escuela-de-sostenibilidad-del-ayuntamiento-de-pamplona-centra-su-programacion-de-invierno-en-los-efectos-del-cambio-climatico\/#primaryimage"},"image":{"@id":"https:\/\/www.laguiadepamplona.com\/actualidad\/la-escuela-de-sostenibilidad-del-ayuntamiento-de-pamplona-centra-su-programacion-de-invierno-en-los-efectos-del-cambio-climatico\/#primaryimage"},"thumbnailUrl":"https:\/\/www.laguiadepamplona.com\/actualidad\/wp-content\/uploads\/2021\/01\/museo-educacion-ambiental-invierno-21.jpg","datePublished":"2021-01-07T14:41:58+00:00","description":"Ya est\u00e1n abiertas las inscripciones para las m\u00e1s de treinta actividades ofertadas, entre las que se encuentran talleres, charlas o exposiciones","breadcrumb":{"@id":"https:\/\/www.laguiadepamplona.com\/actualidad\/la-escuela-de-sostenibilidad-del-ayuntamiento-de-pamplona-centra-su-programacion-de-invierno-en-los-efectos-del-cambio-climatico\/#breadcrumb"},"inLanguage":"es","potentialAction":[{"@type":"ReadAction","target":["https:\/\/www.laguiadepamplona.com\/actualidad\/la-escuela-de-sostenibilidad-del-ayuntamiento-de-pamplona-centra-su-programacion-de-invierno-en-los-efectos-del-cambio-climatico\/"]}]},{"@type":"ImageObject","inLanguage":"es","@id":"https:\/\/www.laguiadepamplona.com\/actualidad\/la-escuela-de-sostenibilidad-del-ayuntamiento-de-pamplona-centra-su-programacion-de-invierno-en-los-efectos-del-cambio-climatico\/#primaryimage","url":"https:\/\/www.laguiadepamplona.com\/actualidad\/wp-content\/uploads\/2021\/01\/museo-educacion-ambiental-invierno-21.jpg","contentUrl":"https:\/\/www.laguiadepamplona.com\/actualidad\/wp-content\/uploads\/2021\/01\/museo-educacion-ambiental-invierno-21.jpg","width":1176,"height":714},{"@type":"BreadcrumbList","@id":"https:\/\/www.laguiadepamplona.com\/actualidad\/la-escuela-de-sostenibilidad-del-ayuntamiento-de-pamplona-centra-su-programacion-de-invierno-en-los-efectos-del-cambio-climatico\/#breadcrumb","itemListElement":[{"@type":"ListItem","position":1,"name":"Portada","item":"https:\/\/www.laguiadepamplona.com\/actualidad\/"},{"@type":"ListItem","position":2,"name":"La Escuela de Sostenibilidad del Ayuntamiento de Pamplona centra su programaci\u00f3n de invierno en los efectos del cambio clim\u00e1tico"}]},{"@type":"WebSite","@id":"https:\/\/www.laguiadepamplona.com\/actualidad\/#website","url":"https:\/\/www.laguiadepamplona.com\/actualidad\/","name":"La gu\u00eda de Pamplona","description":"Noticias de Pamplona","publisher":{"@id":"https:\/\/www.laguiadepamplona.com\/actualidad\/#organization"},"potentialAction":[{"@type":"SearchAction","target":{"@type":"EntryPoint","urlTemplate":"https:\/\/www.laguiadepamplona.com\/actualidad\/?s={search_term_string}"},"query-input":{"@type":"PropertyValueSpecification","valueRequired":true,"valueName":"search_term_string"}}],"inLanguage":"es"},{"@type":"Organization","@id":"https:\/\/www.laguiadepamplona.com\/actualidad\/#organization","name":"La Gu\u00eda de Pamplona \/ Noticias","url":"https:\/\/www.laguiadepamplona.com\/actualidad\/","logo":{"@type":"ImageObject","inLanguage":"es","@id":"https:\/\/www.laguiadepamplona.com\/actualidad\/#\/schema\/logo\/image\/","url":"https:\/\/www.laguiadepamplona.com\/actualidad\/wp-content\/uploads\/2018\/11\/logo-laguiadepamplona18-web1.png","contentUrl":"https:\/\/www.laguiadepamplona.com\/actualidad\/wp-content\/uploads\/2018\/11\/logo-laguiadepamplona18-web1.png","width":600,"height":196,"caption":"La Gu\u00eda de Pamplona \/ Noticias"},"image":{"@id":"https:\/\/www.laguiadepamplona.com\/actualidad\/#\/schema\/logo\/image\/"},"sameAs":["https:\/\/www.facebook.com\/laguiadepamplonacom-133175176762273\/?ref=hl","https:\/\/x.com\/LaGuiadPamplona","https:\/\/www.instagram.com\/la_guia_de_pamplona\/","https:\/\/www.youtube.com\/user\/laguiadepamplona"]},{"@type":"Person","@id":"https:\/\/www.laguiadepamplona.com\/actualidad\/#\/schema\/person\/efe887376f0213d4657c93adc50b1fdb","name":"La Gu\u00eda de Pamplona","image":{"@type":"ImageObject","inLanguage":"es","@id":"https:\/\/secure.gravatar.com\/avatar\/b6992f131dc8d30ab0dff15446e9d346d9dbd95992de0fef795073f5ea83a81c?s=96&d=mm&r=g","url":"https:\/\/secure.gravatar.com\/avatar\/b6992f131dc8d30ab0dff15446e9d346d9dbd95992de0fef795073f5ea83a81c?s=96&d=mm&r=g","contentUrl":"https:\/\/secure.gravatar.com\/avatar\/b6992f131dc8d30ab0dff15446e9d346d9dbd95992de0fef795073f5ea83a81c?s=96&d=mm&r=g","caption":"La Gu\u00eda de Pamplona"}}]}},"post_mailing_queue_ids":[],"_links":{"self":[{"href":"https:\/\/www.laguiadepamplona.com\/actualidad\/wp-json\/wp\/v2\/posts\/32640","targetHints":{"allow":["GET"]}}],"collection":[{"href":"https:\/\/www.laguiadepamplona.com\/actualidad\/wp-json\/wp\/v2\/posts"}],"about":[{"href":"https:\/\/www.laguiadepamplona.com\/actualidad\/wp-json\/wp\/v2\/types\/post"}],"author":[{"embeddable":true,"href":"https:\/\/www.laguiadepamplona.com\/actualidad\/wp-json\/wp\/v2\/users\/1"}],"replies":[{"embeddable":true,"href":"https:\/\/www.laguiadepamplona.com\/actualidad\/wp-json\/wp\/v2\/comments?post=32640"}],"version-history":[{"count":0,"href":"https:\/\/www.laguiadepamplona.com\/actualidad\/wp-json\/wp\/v2\/posts\/32640\/revisions"}],"wp:featuredmedia":[{"embeddable":true,"href":"https:\/\/www.laguiadepamplona.com\/actualidad\/wp-json\/wp\/v2\/media\/32641"}],"wp:attachment":[{"href":"https:\/\/www.laguiadepamplona.com\/actualidad\/wp-json\/wp\/v2\/media?parent=32640"}],"wp:term":[{"taxonomy":"category","embeddable":true,"href":"https:\/\/www.laguiadepamplona.com\/actualidad\/wp-json\/wp\/v2\/categories?post=32640"},{"taxonomy":"post_tag","embeddable":true,"href":"https:\/\/www.laguiadepamplona.com\/actualidad\/wp-json\/wp\/v2\/tags?post=32640"}],"curies":[{"name":"wp","href":"https:\/\/api.w.org\/{rel}","templated":true}]}}