{"id":32634,"date":"2021-01-07T16:33:10","date_gmt":"2021-01-07T14:33:10","guid":{"rendered":"https:\/\/www.laguiadepamplona.es\/actualidad\/?p=32634"},"modified":"2021-01-07T16:33:10","modified_gmt":"2021-01-07T14:33:10","slug":"el-sabado-9-de-enero-comienza-el-ano-de-cine-con-etiquetas-de-la-casa-de-la-juventud-con-la-hipercritica-social-de-la-pelicula-el-caballero-oscuro","status":"publish","type":"post","link":"https:\/\/www.laguiadepamplona.com\/actualidad\/el-sabado-9-de-enero-comienza-el-ano-de-cine-con-etiquetas-de-la-casa-de-la-juventud-con-la-hipercritica-social-de-la-pelicula-el-caballero-oscuro\/","title":{"rendered":"El s\u00e1bado 9 de enero comienza el a\u00f1o de \u2018cine con etiquetas\u2019 de la Casa de la Juventud con la hipercr\u00edtica social de la pel\u00edcula \u2018El Caballero oscuro\u2019"},"content":{"rendered":"<h5>El ciclo CineTag ofrecer\u00e1 seis filmes entre enero y marzo para debatir sobre problemas contempor\u00e1neos<\/h5>\n<p><!--more--><\/p>\n<p>Este s\u00e1bado comienza la cuarta edici\u00f3n de \u2018CineTag en, la Casa de la Juventud, el ciclo de cine \u2019con etiqueta\u2019 destinado a reflexionar sobre el mundo contempor\u00e1neo. Las propuestas, hasta el 13 de marzo es la proyecci\u00f3n de seis filmes en otras tantas tardes de s\u00e1bado. Como es habitual, las personas encargadas de presentarlas y de moderar el posterior coloquio ser\u00e1n la periodista Francis Mauch y el cin\u00e9filo Arturo Barcenilla.<\/p>\n<p><script async src=\"\/\/pagead2.googlesyndication.com\/pagead\/js\/adsbygoogle.js\"><\/script><br \/>\n<!-- Noticias La Guia de Pamplona --><br \/>\n<ins class=\"adsbygoogle\"\nstyle=\"display:block\"\ndata-ad-client=\"ca-pub-6943679897239327\"\ndata-ad-slot=\"7048180777\"\ndata-ad-format=\"auto\"><\/ins><br \/>\n<script>\n(adsbygoogle = window.adsbygoogle || []).push({});\n<\/script><\/p>\n<p>La primera sesi\u00f3n ser\u00e1, este pr\u00f3ximo s\u00e1bado, la proyecci\u00f3n de la multipremiada cinta \u2018El caballero oscuro\u2019 del realizador Christopher Nolan (EEUU, 2008, 152\u2019). Batman se propone destruir el crimen organizado en la ciudad de Gotham cuando aparece en el horizonte un personaje aterrador: Joker. M\u00e1s all\u00e1 del cine fant\u00e1stico de h\u00e9roes y villanos, el argumento cartograf\u00eda la sociedad actual y sus problemas para preguntarse qu\u00e9 lugar ocupa en ella una figura como la de Batman. Este mes el ciclo tendr\u00e1 continuidad con el filme \u2018Yo, Tonya, de Craig Gillespie (EEUU, 2017, 121\u2019) un biopic sobre la historia de la patinadora ol\u00edmpica estadounidense de los a\u00f1os 90 Tonya Harding. La cinta tambi\u00e9n cosech\u00f3 un buen manojo de galardones, entre ellos Oscar, Globos de Oro, BAFTA y premios de asociaciones de cr\u00edticos, sindicatos de productores etc.<\/p>\n<p>El bullying, la infancia, las relaciones familiares conflictivas, los trastornos de personalidad o el racismo, ser\u00e1n temas a examen a trav\u00e9s de las sucesivas sesiones del trimestre que propone CineTag. En febrero las proyecciones ser\u00e1n la sueca \u2018D\u00e9jame entrar\u2019 (Tomas Alfredson, 2008), la brit\u00e1nica \u2018Nuestro \u00faltimo verano en Escocia\u2019 (Andy Hamilton y Guy Jenkin, 2014) y la norteamericana \u2018M\u00faltiple\u2019 (M. Night Shyamalan, 2016), los d\u00edas 6, 20 y 27, respectivamente. La sesi\u00f3n programada en marzo ser\u00e1 el s\u00e1bado 13 con \u2018D\u00e9jame salir\u2019 (Jordan Peele, 2017).<\/p>\n<p><script async src=\"\/\/pagead2.googlesyndication.com\/pagead\/js\/adsbygoogle.js\"><\/script><br \/>\n<!-- Noticias La Guia de Pamplona --><br \/>\n<ins class=\"adsbygoogle\"\nstyle=\"display:block\"\ndata-ad-client=\"ca-pub-6943679897239327\"\ndata-ad-slot=\"7048180777\"\ndata-ad-format=\"auto\"><\/ins><br \/>\n<script>\n(adsbygoogle = window.adsbygoogle || []).push({});\n<\/script><\/p>\n<p>Todas las citas del ciclo tendr\u00e1n lugar en el Sal\u00f3n de Actos de la Casa de la Juventud a las 18 horas. La entrada ser\u00e1 libre, aunque ser\u00e1 necesario retirar invitaciones antes de cada proyecci\u00f3n (hasta media hora antes de su inicio). En todo momento se respetar\u00e1n las medidas de seguridad sanitaria vigentes de aforo, uso de mascarillas y desinfecci\u00f3n de manos. A la entrada de la Casa se realizar\u00e1 una toma de temperatura.<\/p>\n<p>CineTag naci\u00f3 a principios de 2020 con el objetivo de fomentar la reflexi\u00f3n sobre aspectos de la sociedad actual, usando el cine como herramienta para el an\u00e1lisis. A trav\u00e9s de la selecci\u00f3n de t\u00edtulos, la actividad busca resaltar no solo los aportes est\u00e9ticos, culturales y art\u00edsticos de las pel\u00edculas, sino tambi\u00e9n aprender a analizar los aspectos \u00e9ticos que emanan de ellas. De cada filme proyectado se extraen los temas (tags o etiquetas en ingl\u00e9s) que mejor puedan invitar a su an\u00e1lisis.<\/p>\n<p><script async src=\"\/\/pagead2.googlesyndication.com\/pagead\/js\/adsbygoogle.js\"><\/script><br \/>\n<!-- Noticias La Guia de Pamplona --><br \/>\n<ins class=\"adsbygoogle\"\nstyle=\"display:block\"\ndata-ad-client=\"ca-pub-6943679897239327\"\ndata-ad-slot=\"7048180777\"\ndata-ad-format=\"auto\"><\/ins><br \/>\n<script>\n(adsbygoogle = window.adsbygoogle || []).push({});\n<\/script><\/p>\n<h3><span style=\"color: #ff0000;\">El listado completo de pel\u00edculas y sus fechas de exhibici\u00f3n es el siguiente:<\/span><\/h3>\n<ul>\n<li>9 de enero<\/li>\n<\/ul>\n<p><strong>El caballero oscuro <\/strong>(Christopher Nolan, 2008)<\/p>\n<p>No recomendada menores de 13 a\u00f1os<\/p>\n<p>Tags: Superh\u00e9roes, orden-caos, teor\u00eda de juegos<\/p>\n<ul>\n<li>23 de enero<\/li>\n<\/ul>\n<p><strong>Yo, Tonya <\/strong>(Craig Gillespie, 2017)<\/p>\n<p>No recomendada menores de 16 a\u00f1os<\/p>\n<p>Tags: Privilegios de clase, competitividad, maltrato<\/p>\n<ul>\n<li>6 de febrero<\/li>\n<\/ul>\n<p><strong>D\u00e9jame entrar (<\/strong>Tomas Alfredson, 2008)<\/p>\n<p>No recomendada para menores de 12 a\u00f1os<\/p>\n<p>Tags: Infancia, vampiros, bullying<\/p>\n<ul>\n<li>20 de febrero<\/li>\n<\/ul>\n<p><strong>Nuestro \u00faltimo verano en Escocia <\/strong>(Andy Hamilton y Guy Jenkin, 2014)<\/p>\n<p>Apta para todos los p\u00fablicos<\/p>\n<p>Tags: Relaciones intergeneracionales, crisis familiar, duelo<\/p>\n<ul>\n<li>27 de febrero<\/li>\n<\/ul>\n<p><strong>M\u00faltiple <\/strong>(M. Night Shyamalan, 2016)<\/p>\n<p>No recomendado menores de 16 a\u00f1os<\/p>\n<p>Tags: Psicolog\u00eda, trastornos de identidad, censura cultural<\/p>\n<ul>\n<li>13 de marzo<\/li>\n<\/ul>\n<p><strong>D\u00e9jame salir <\/strong>(Jordan Peele, 2017)<\/p>\n<p>No recomendado menores de 16 a\u00f1os<\/p>\n<p>Tags: Terror, racismo, estereotipos<\/p>\n","protected":false},"excerpt":{"rendered":"<p>El ciclo CineTag ofrecer\u00e1 seis filmes entre enero y marzo para debatir sobre problemas contempor\u00e1neos<\/p>\n","protected":false},"author":1,"featured_media":32635,"comment_status":"open","ping_status":"closed","sticky":false,"template":"","format":"standard","meta":{"footnotes":""},"categories":[2],"tags":[],"class_list":["post-32634","post","type-post","status-publish","format-standard","has-post-thumbnail","hentry","category-ayuntamiento-pamplona"],"yoast_head":"<!-- This site is optimized with the Yoast SEO plugin v27.5 - https:\/\/yoast.com\/product\/yoast-seo-wordpress\/ -->\n<title>El s\u00e1bado 9 de enero comienza el a\u00f1o de \u2018cine con etiquetas\u2019 de la Casa de la Juventud con la hipercr\u00edtica social de la pel\u00edcula \u2018El Caballero oscuro\u2019<\/title>\n<meta name=\"robots\" content=\"index, follow, max-snippet:-1, max-image-preview:large, max-video-preview:-1\" \/>\n<link rel=\"canonical\" href=\"https:\/\/www.laguiadepamplona.com\/actualidad\/el-sabado-9-de-enero-comienza-el-ano-de-cine-con-etiquetas-de-la-casa-de-la-juventud-con-la-hipercritica-social-de-la-pelicula-el-caballero-oscuro\/\" \/>\n<meta property=\"og:locale\" content=\"es_ES\" \/>\n<meta property=\"og:type\" content=\"article\" \/>\n<meta property=\"og:title\" content=\"El s\u00e1bado 9 de enero comienza el a\u00f1o de \u2018cine con etiquetas\u2019 de la Casa de la Juventud con la hipercr\u00edtica social de la pel\u00edcula \u2018El Caballero oscuro\u2019\" \/>\n<meta property=\"og:description\" content=\"El ciclo CineTag ofrecer\u00e1 seis filmes entre enero y marzo para debatir sobre problemas contempor\u00e1neos\" \/>\n<meta property=\"og:url\" content=\"https:\/\/www.laguiadepamplona.com\/actualidad\/el-sabado-9-de-enero-comienza-el-ano-de-cine-con-etiquetas-de-la-casa-de-la-juventud-con-la-hipercritica-social-de-la-pelicula-el-caballero-oscuro\/\" \/>\n<meta property=\"og:site_name\" content=\"La Gu\u00eda de Pamplona\" \/>\n<meta property=\"article:publisher\" content=\"https:\/\/www.facebook.com\/laguiadepamplonacom-133175176762273\/?ref=hl\" \/>\n<meta property=\"article:published_time\" content=\"2021-01-07T14:33:10+00:00\" \/>\n<meta property=\"og:image\" content=\"https:\/\/www.laguiadepamplona.com\/actualidad\/wp-content\/uploads\/2021\/01\/el-caballero-oscuro.jpg\" \/>\n\t<meta property=\"og:image:width\" content=\"1600\" \/>\n\t<meta property=\"og:image:height\" content=\"1000\" \/>\n\t<meta property=\"og:image:type\" content=\"image\/jpeg\" \/>\n<meta name=\"author\" content=\"La Gu\u00eda de Pamplona\" \/>\n<meta name=\"twitter:card\" content=\"summary_large_image\" \/>\n<meta name=\"twitter:creator\" content=\"@LaGuiadPamplona\" \/>\n<meta name=\"twitter:site\" content=\"@LaGuiadPamplona\" \/>\n<meta name=\"twitter:label1\" content=\"Escrito por\" \/>\n\t<meta name=\"twitter:data1\" content=\"La Gu\u00eda de Pamplona\" \/>\n\t<meta name=\"twitter:label2\" content=\"Tiempo de lectura\" \/>\n\t<meta name=\"twitter:data2\" content=\"3 minutos\" \/>\n<script type=\"application\/ld+json\" class=\"yoast-schema-graph\">{\"@context\":\"https:\\\/\\\/schema.org\",\"@graph\":[{\"@type\":\"Article\",\"@id\":\"https:\\\/\\\/www.laguiadepamplona.com\\\/actualidad\\\/el-sabado-9-de-enero-comienza-el-ano-de-cine-con-etiquetas-de-la-casa-de-la-juventud-con-la-hipercritica-social-de-la-pelicula-el-caballero-oscuro\\\/#article\",\"isPartOf\":{\"@id\":\"https:\\\/\\\/www.laguiadepamplona.com\\\/actualidad\\\/el-sabado-9-de-enero-comienza-el-ano-de-cine-con-etiquetas-de-la-casa-de-la-juventud-con-la-hipercritica-social-de-la-pelicula-el-caballero-oscuro\\\/\"},\"author\":{\"name\":\"La Gu\u00eda de Pamplona\",\"@id\":\"https:\\\/\\\/www.laguiadepamplona.com\\\/actualidad\\\/#\\\/schema\\\/person\\\/efe887376f0213d4657c93adc50b1fdb\"},\"headline\":\"El s\u00e1bado 9 de enero comienza el a\u00f1o de \u2018cine con etiquetas\u2019 de la Casa de la Juventud con la hipercr\u00edtica social de la pel\u00edcula \u2018El Caballero oscuro\u2019\",\"datePublished\":\"2021-01-07T14:33:10+00:00\",\"mainEntityOfPage\":{\"@id\":\"https:\\\/\\\/www.laguiadepamplona.com\\\/actualidad\\\/el-sabado-9-de-enero-comienza-el-ano-de-cine-con-etiquetas-de-la-casa-de-la-juventud-con-la-hipercritica-social-de-la-pelicula-el-caballero-oscuro\\\/\"},\"wordCount\":654,\"commentCount\":0,\"publisher\":{\"@id\":\"https:\\\/\\\/www.laguiadepamplona.com\\\/actualidad\\\/#organization\"},\"image\":{\"@id\":\"https:\\\/\\\/www.laguiadepamplona.com\\\/actualidad\\\/el-sabado-9-de-enero-comienza-el-ano-de-cine-con-etiquetas-de-la-casa-de-la-juventud-con-la-hipercritica-social-de-la-pelicula-el-caballero-oscuro\\\/#primaryimage\"},\"thumbnailUrl\":\"https:\\\/\\\/www.laguiadepamplona.com\\\/actualidad\\\/wp-content\\\/uploads\\\/2021\\\/01\\\/el-caballero-oscuro.jpg\",\"articleSection\":[\"Ayto Pamplona\"],\"inLanguage\":\"es\",\"potentialAction\":[{\"@type\":\"CommentAction\",\"name\":\"Comment\",\"target\":[\"https:\\\/\\\/www.laguiadepamplona.com\\\/actualidad\\\/el-sabado-9-de-enero-comienza-el-ano-de-cine-con-etiquetas-de-la-casa-de-la-juventud-con-la-hipercritica-social-de-la-pelicula-el-caballero-oscuro\\\/#respond\"]}]},{\"@type\":\"WebPage\",\"@id\":\"https:\\\/\\\/www.laguiadepamplona.com\\\/actualidad\\\/el-sabado-9-de-enero-comienza-el-ano-de-cine-con-etiquetas-de-la-casa-de-la-juventud-con-la-hipercritica-social-de-la-pelicula-el-caballero-oscuro\\\/\",\"url\":\"https:\\\/\\\/www.laguiadepamplona.com\\\/actualidad\\\/el-sabado-9-de-enero-comienza-el-ano-de-cine-con-etiquetas-de-la-casa-de-la-juventud-con-la-hipercritica-social-de-la-pelicula-el-caballero-oscuro\\\/\",\"name\":\"El s\u00e1bado 9 de enero comienza el a\u00f1o de \u2018cine con etiquetas\u2019 de la Casa de la Juventud con la hipercr\u00edtica social de la pel\u00edcula \u2018El Caballero oscuro\u2019\",\"isPartOf\":{\"@id\":\"https:\\\/\\\/www.laguiadepamplona.com\\\/actualidad\\\/#website\"},\"primaryImageOfPage\":{\"@id\":\"https:\\\/\\\/www.laguiadepamplona.com\\\/actualidad\\\/el-sabado-9-de-enero-comienza-el-ano-de-cine-con-etiquetas-de-la-casa-de-la-juventud-con-la-hipercritica-social-de-la-pelicula-el-caballero-oscuro\\\/#primaryimage\"},\"image\":{\"@id\":\"https:\\\/\\\/www.laguiadepamplona.com\\\/actualidad\\\/el-sabado-9-de-enero-comienza-el-ano-de-cine-con-etiquetas-de-la-casa-de-la-juventud-con-la-hipercritica-social-de-la-pelicula-el-caballero-oscuro\\\/#primaryimage\"},\"thumbnailUrl\":\"https:\\\/\\\/www.laguiadepamplona.com\\\/actualidad\\\/wp-content\\\/uploads\\\/2021\\\/01\\\/el-caballero-oscuro.jpg\",\"datePublished\":\"2021-01-07T14:33:10+00:00\",\"breadcrumb\":{\"@id\":\"https:\\\/\\\/www.laguiadepamplona.com\\\/actualidad\\\/el-sabado-9-de-enero-comienza-el-ano-de-cine-con-etiquetas-de-la-casa-de-la-juventud-con-la-hipercritica-social-de-la-pelicula-el-caballero-oscuro\\\/#breadcrumb\"},\"inLanguage\":\"es\",\"potentialAction\":[{\"@type\":\"ReadAction\",\"target\":[\"https:\\\/\\\/www.laguiadepamplona.com\\\/actualidad\\\/el-sabado-9-de-enero-comienza-el-ano-de-cine-con-etiquetas-de-la-casa-de-la-juventud-con-la-hipercritica-social-de-la-pelicula-el-caballero-oscuro\\\/\"]}]},{\"@type\":\"ImageObject\",\"inLanguage\":\"es\",\"@id\":\"https:\\\/\\\/www.laguiadepamplona.com\\\/actualidad\\\/el-sabado-9-de-enero-comienza-el-ano-de-cine-con-etiquetas-de-la-casa-de-la-juventud-con-la-hipercritica-social-de-la-pelicula-el-caballero-oscuro\\\/#primaryimage\",\"url\":\"https:\\\/\\\/www.laguiadepamplona.com\\\/actualidad\\\/wp-content\\\/uploads\\\/2021\\\/01\\\/el-caballero-oscuro.jpg\",\"contentUrl\":\"https:\\\/\\\/www.laguiadepamplona.com\\\/actualidad\\\/wp-content\\\/uploads\\\/2021\\\/01\\\/el-caballero-oscuro.jpg\",\"width\":1600,\"height\":1000},{\"@type\":\"BreadcrumbList\",\"@id\":\"https:\\\/\\\/www.laguiadepamplona.com\\\/actualidad\\\/el-sabado-9-de-enero-comienza-el-ano-de-cine-con-etiquetas-de-la-casa-de-la-juventud-con-la-hipercritica-social-de-la-pelicula-el-caballero-oscuro\\\/#breadcrumb\",\"itemListElement\":[{\"@type\":\"ListItem\",\"position\":1,\"name\":\"Portada\",\"item\":\"https:\\\/\\\/www.laguiadepamplona.com\\\/actualidad\\\/\"},{\"@type\":\"ListItem\",\"position\":2,\"name\":\"El s\u00e1bado 9 de enero comienza el a\u00f1o de \u2018cine con etiquetas\u2019 de la Casa de la Juventud con la hipercr\u00edtica social de la pel\u00edcula \u2018El Caballero oscuro\u2019\"}]},{\"@type\":\"WebSite\",\"@id\":\"https:\\\/\\\/www.laguiadepamplona.com\\\/actualidad\\\/#website\",\"url\":\"https:\\\/\\\/www.laguiadepamplona.com\\\/actualidad\\\/\",\"name\":\"La gu\u00eda de Pamplona\",\"description\":\"Noticias de Pamplona\",\"publisher\":{\"@id\":\"https:\\\/\\\/www.laguiadepamplona.com\\\/actualidad\\\/#organization\"},\"potentialAction\":[{\"@type\":\"SearchAction\",\"target\":{\"@type\":\"EntryPoint\",\"urlTemplate\":\"https:\\\/\\\/www.laguiadepamplona.com\\\/actualidad\\\/?s={search_term_string}\"},\"query-input\":{\"@type\":\"PropertyValueSpecification\",\"valueRequired\":true,\"valueName\":\"search_term_string\"}}],\"inLanguage\":\"es\"},{\"@type\":\"Organization\",\"@id\":\"https:\\\/\\\/www.laguiadepamplona.com\\\/actualidad\\\/#organization\",\"name\":\"La Gu\u00eda de Pamplona \\\/ Noticias\",\"url\":\"https:\\\/\\\/www.laguiadepamplona.com\\\/actualidad\\\/\",\"logo\":{\"@type\":\"ImageObject\",\"inLanguage\":\"es\",\"@id\":\"https:\\\/\\\/www.laguiadepamplona.com\\\/actualidad\\\/#\\\/schema\\\/logo\\\/image\\\/\",\"url\":\"https:\\\/\\\/www.laguiadepamplona.com\\\/actualidad\\\/wp-content\\\/uploads\\\/2018\\\/11\\\/logo-laguiadepamplona18-web1.png\",\"contentUrl\":\"https:\\\/\\\/www.laguiadepamplona.com\\\/actualidad\\\/wp-content\\\/uploads\\\/2018\\\/11\\\/logo-laguiadepamplona18-web1.png\",\"width\":600,\"height\":196,\"caption\":\"La Gu\u00eda de Pamplona \\\/ Noticias\"},\"image\":{\"@id\":\"https:\\\/\\\/www.laguiadepamplona.com\\\/actualidad\\\/#\\\/schema\\\/logo\\\/image\\\/\"},\"sameAs\":[\"https:\\\/\\\/www.facebook.com\\\/laguiadepamplonacom-133175176762273\\\/?ref=hl\",\"https:\\\/\\\/x.com\\\/LaGuiadPamplona\",\"https:\\\/\\\/www.instagram.com\\\/la_guia_de_pamplona\\\/\",\"https:\\\/\\\/www.youtube.com\\\/user\\\/laguiadepamplona\"]},{\"@type\":\"Person\",\"@id\":\"https:\\\/\\\/www.laguiadepamplona.com\\\/actualidad\\\/#\\\/schema\\\/person\\\/efe887376f0213d4657c93adc50b1fdb\",\"name\":\"La Gu\u00eda de Pamplona\",\"image\":{\"@type\":\"ImageObject\",\"inLanguage\":\"es\",\"@id\":\"https:\\\/\\\/secure.gravatar.com\\\/avatar\\\/b6992f131dc8d30ab0dff15446e9d346d9dbd95992de0fef795073f5ea83a81c?s=96&d=mm&r=g\",\"url\":\"https:\\\/\\\/secure.gravatar.com\\\/avatar\\\/b6992f131dc8d30ab0dff15446e9d346d9dbd95992de0fef795073f5ea83a81c?s=96&d=mm&r=g\",\"contentUrl\":\"https:\\\/\\\/secure.gravatar.com\\\/avatar\\\/b6992f131dc8d30ab0dff15446e9d346d9dbd95992de0fef795073f5ea83a81c?s=96&d=mm&r=g\",\"caption\":\"La Gu\u00eda de Pamplona\"}}]}<\/script>\n<!-- \/ Yoast SEO plugin. -->","yoast_head_json":{"title":"El s\u00e1bado 9 de enero comienza el a\u00f1o de \u2018cine con etiquetas\u2019 de la Casa de la Juventud con la hipercr\u00edtica social de la pel\u00edcula \u2018El Caballero oscuro\u2019","robots":{"index":"index","follow":"follow","max-snippet":"max-snippet:-1","max-image-preview":"max-image-preview:large","max-video-preview":"max-video-preview:-1"},"canonical":"https:\/\/www.laguiadepamplona.com\/actualidad\/el-sabado-9-de-enero-comienza-el-ano-de-cine-con-etiquetas-de-la-casa-de-la-juventud-con-la-hipercritica-social-de-la-pelicula-el-caballero-oscuro\/","og_locale":"es_ES","og_type":"article","og_title":"El s\u00e1bado 9 de enero comienza el a\u00f1o de \u2018cine con etiquetas\u2019 de la Casa de la Juventud con la hipercr\u00edtica social de la pel\u00edcula \u2018El Caballero oscuro\u2019","og_description":"El ciclo CineTag ofrecer\u00e1 seis filmes entre enero y marzo para debatir sobre problemas contempor\u00e1neos","og_url":"https:\/\/www.laguiadepamplona.com\/actualidad\/el-sabado-9-de-enero-comienza-el-ano-de-cine-con-etiquetas-de-la-casa-de-la-juventud-con-la-hipercritica-social-de-la-pelicula-el-caballero-oscuro\/","og_site_name":"La Gu\u00eda de Pamplona","article_publisher":"https:\/\/www.facebook.com\/laguiadepamplonacom-133175176762273\/?ref=hl","article_published_time":"2021-01-07T14:33:10+00:00","og_image":[{"width":1600,"height":1000,"url":"https:\/\/www.laguiadepamplona.com\/actualidad\/wp-content\/uploads\/2021\/01\/el-caballero-oscuro.jpg","type":"image\/jpeg"}],"author":"La Gu\u00eda de Pamplona","twitter_card":"summary_large_image","twitter_creator":"@LaGuiadPamplona","twitter_site":"@LaGuiadPamplona","twitter_misc":{"Escrito por":"La Gu\u00eda de Pamplona","Tiempo de lectura":"3 minutos"},"schema":{"@context":"https:\/\/schema.org","@graph":[{"@type":"Article","@id":"https:\/\/www.laguiadepamplona.com\/actualidad\/el-sabado-9-de-enero-comienza-el-ano-de-cine-con-etiquetas-de-la-casa-de-la-juventud-con-la-hipercritica-social-de-la-pelicula-el-caballero-oscuro\/#article","isPartOf":{"@id":"https:\/\/www.laguiadepamplona.com\/actualidad\/el-sabado-9-de-enero-comienza-el-ano-de-cine-con-etiquetas-de-la-casa-de-la-juventud-con-la-hipercritica-social-de-la-pelicula-el-caballero-oscuro\/"},"author":{"name":"La Gu\u00eda de Pamplona","@id":"https:\/\/www.laguiadepamplona.com\/actualidad\/#\/schema\/person\/efe887376f0213d4657c93adc50b1fdb"},"headline":"El s\u00e1bado 9 de enero comienza el a\u00f1o de \u2018cine con etiquetas\u2019 de la Casa de la Juventud con la hipercr\u00edtica social de la pel\u00edcula \u2018El Caballero oscuro\u2019","datePublished":"2021-01-07T14:33:10+00:00","mainEntityOfPage":{"@id":"https:\/\/www.laguiadepamplona.com\/actualidad\/el-sabado-9-de-enero-comienza-el-ano-de-cine-con-etiquetas-de-la-casa-de-la-juventud-con-la-hipercritica-social-de-la-pelicula-el-caballero-oscuro\/"},"wordCount":654,"commentCount":0,"publisher":{"@id":"https:\/\/www.laguiadepamplona.com\/actualidad\/#organization"},"image":{"@id":"https:\/\/www.laguiadepamplona.com\/actualidad\/el-sabado-9-de-enero-comienza-el-ano-de-cine-con-etiquetas-de-la-casa-de-la-juventud-con-la-hipercritica-social-de-la-pelicula-el-caballero-oscuro\/#primaryimage"},"thumbnailUrl":"https:\/\/www.laguiadepamplona.com\/actualidad\/wp-content\/uploads\/2021\/01\/el-caballero-oscuro.jpg","articleSection":["Ayto Pamplona"],"inLanguage":"es","potentialAction":[{"@type":"CommentAction","name":"Comment","target":["https:\/\/www.laguiadepamplona.com\/actualidad\/el-sabado-9-de-enero-comienza-el-ano-de-cine-con-etiquetas-de-la-casa-de-la-juventud-con-la-hipercritica-social-de-la-pelicula-el-caballero-oscuro\/#respond"]}]},{"@type":"WebPage","@id":"https:\/\/www.laguiadepamplona.com\/actualidad\/el-sabado-9-de-enero-comienza-el-ano-de-cine-con-etiquetas-de-la-casa-de-la-juventud-con-la-hipercritica-social-de-la-pelicula-el-caballero-oscuro\/","url":"https:\/\/www.laguiadepamplona.com\/actualidad\/el-sabado-9-de-enero-comienza-el-ano-de-cine-con-etiquetas-de-la-casa-de-la-juventud-con-la-hipercritica-social-de-la-pelicula-el-caballero-oscuro\/","name":"El s\u00e1bado 9 de enero comienza el a\u00f1o de \u2018cine con etiquetas\u2019 de la Casa de la Juventud con la hipercr\u00edtica social de la pel\u00edcula \u2018El Caballero oscuro\u2019","isPartOf":{"@id":"https:\/\/www.laguiadepamplona.com\/actualidad\/#website"},"primaryImageOfPage":{"@id":"https:\/\/www.laguiadepamplona.com\/actualidad\/el-sabado-9-de-enero-comienza-el-ano-de-cine-con-etiquetas-de-la-casa-de-la-juventud-con-la-hipercritica-social-de-la-pelicula-el-caballero-oscuro\/#primaryimage"},"image":{"@id":"https:\/\/www.laguiadepamplona.com\/actualidad\/el-sabado-9-de-enero-comienza-el-ano-de-cine-con-etiquetas-de-la-casa-de-la-juventud-con-la-hipercritica-social-de-la-pelicula-el-caballero-oscuro\/#primaryimage"},"thumbnailUrl":"https:\/\/www.laguiadepamplona.com\/actualidad\/wp-content\/uploads\/2021\/01\/el-caballero-oscuro.jpg","datePublished":"2021-01-07T14:33:10+00:00","breadcrumb":{"@id":"https:\/\/www.laguiadepamplona.com\/actualidad\/el-sabado-9-de-enero-comienza-el-ano-de-cine-con-etiquetas-de-la-casa-de-la-juventud-con-la-hipercritica-social-de-la-pelicula-el-caballero-oscuro\/#breadcrumb"},"inLanguage":"es","potentialAction":[{"@type":"ReadAction","target":["https:\/\/www.laguiadepamplona.com\/actualidad\/el-sabado-9-de-enero-comienza-el-ano-de-cine-con-etiquetas-de-la-casa-de-la-juventud-con-la-hipercritica-social-de-la-pelicula-el-caballero-oscuro\/"]}]},{"@type":"ImageObject","inLanguage":"es","@id":"https:\/\/www.laguiadepamplona.com\/actualidad\/el-sabado-9-de-enero-comienza-el-ano-de-cine-con-etiquetas-de-la-casa-de-la-juventud-con-la-hipercritica-social-de-la-pelicula-el-caballero-oscuro\/#primaryimage","url":"https:\/\/www.laguiadepamplona.com\/actualidad\/wp-content\/uploads\/2021\/01\/el-caballero-oscuro.jpg","contentUrl":"https:\/\/www.laguiadepamplona.com\/actualidad\/wp-content\/uploads\/2021\/01\/el-caballero-oscuro.jpg","width":1600,"height":1000},{"@type":"BreadcrumbList","@id":"https:\/\/www.laguiadepamplona.com\/actualidad\/el-sabado-9-de-enero-comienza-el-ano-de-cine-con-etiquetas-de-la-casa-de-la-juventud-con-la-hipercritica-social-de-la-pelicula-el-caballero-oscuro\/#breadcrumb","itemListElement":[{"@type":"ListItem","position":1,"name":"Portada","item":"https:\/\/www.laguiadepamplona.com\/actualidad\/"},{"@type":"ListItem","position":2,"name":"El s\u00e1bado 9 de enero comienza el a\u00f1o de \u2018cine con etiquetas\u2019 de la Casa de la Juventud con la hipercr\u00edtica social de la pel\u00edcula \u2018El Caballero oscuro\u2019"}]},{"@type":"WebSite","@id":"https:\/\/www.laguiadepamplona.com\/actualidad\/#website","url":"https:\/\/www.laguiadepamplona.com\/actualidad\/","name":"La gu\u00eda de Pamplona","description":"Noticias de Pamplona","publisher":{"@id":"https:\/\/www.laguiadepamplona.com\/actualidad\/#organization"},"potentialAction":[{"@type":"SearchAction","target":{"@type":"EntryPoint","urlTemplate":"https:\/\/www.laguiadepamplona.com\/actualidad\/?s={search_term_string}"},"query-input":{"@type":"PropertyValueSpecification","valueRequired":true,"valueName":"search_term_string"}}],"inLanguage":"es"},{"@type":"Organization","@id":"https:\/\/www.laguiadepamplona.com\/actualidad\/#organization","name":"La Gu\u00eda de Pamplona \/ Noticias","url":"https:\/\/www.laguiadepamplona.com\/actualidad\/","logo":{"@type":"ImageObject","inLanguage":"es","@id":"https:\/\/www.laguiadepamplona.com\/actualidad\/#\/schema\/logo\/image\/","url":"https:\/\/www.laguiadepamplona.com\/actualidad\/wp-content\/uploads\/2018\/11\/logo-laguiadepamplona18-web1.png","contentUrl":"https:\/\/www.laguiadepamplona.com\/actualidad\/wp-content\/uploads\/2018\/11\/logo-laguiadepamplona18-web1.png","width":600,"height":196,"caption":"La Gu\u00eda de Pamplona \/ Noticias"},"image":{"@id":"https:\/\/www.laguiadepamplona.com\/actualidad\/#\/schema\/logo\/image\/"},"sameAs":["https:\/\/www.facebook.com\/laguiadepamplonacom-133175176762273\/?ref=hl","https:\/\/x.com\/LaGuiadPamplona","https:\/\/www.instagram.com\/la_guia_de_pamplona\/","https:\/\/www.youtube.com\/user\/laguiadepamplona"]},{"@type":"Person","@id":"https:\/\/www.laguiadepamplona.com\/actualidad\/#\/schema\/person\/efe887376f0213d4657c93adc50b1fdb","name":"La Gu\u00eda de Pamplona","image":{"@type":"ImageObject","inLanguage":"es","@id":"https:\/\/secure.gravatar.com\/avatar\/b6992f131dc8d30ab0dff15446e9d346d9dbd95992de0fef795073f5ea83a81c?s=96&d=mm&r=g","url":"https:\/\/secure.gravatar.com\/avatar\/b6992f131dc8d30ab0dff15446e9d346d9dbd95992de0fef795073f5ea83a81c?s=96&d=mm&r=g","contentUrl":"https:\/\/secure.gravatar.com\/avatar\/b6992f131dc8d30ab0dff15446e9d346d9dbd95992de0fef795073f5ea83a81c?s=96&d=mm&r=g","caption":"La Gu\u00eda de Pamplona"}}]}},"post_mailing_queue_ids":[],"_links":{"self":[{"href":"https:\/\/www.laguiadepamplona.com\/actualidad\/wp-json\/wp\/v2\/posts\/32634","targetHints":{"allow":["GET"]}}],"collection":[{"href":"https:\/\/www.laguiadepamplona.com\/actualidad\/wp-json\/wp\/v2\/posts"}],"about":[{"href":"https:\/\/www.laguiadepamplona.com\/actualidad\/wp-json\/wp\/v2\/types\/post"}],"author":[{"embeddable":true,"href":"https:\/\/www.laguiadepamplona.com\/actualidad\/wp-json\/wp\/v2\/users\/1"}],"replies":[{"embeddable":true,"href":"https:\/\/www.laguiadepamplona.com\/actualidad\/wp-json\/wp\/v2\/comments?post=32634"}],"version-history":[{"count":0,"href":"https:\/\/www.laguiadepamplona.com\/actualidad\/wp-json\/wp\/v2\/posts\/32634\/revisions"}],"wp:featuredmedia":[{"embeddable":true,"href":"https:\/\/www.laguiadepamplona.com\/actualidad\/wp-json\/wp\/v2\/media\/32635"}],"wp:attachment":[{"href":"https:\/\/www.laguiadepamplona.com\/actualidad\/wp-json\/wp\/v2\/media?parent=32634"}],"wp:term":[{"taxonomy":"category","embeddable":true,"href":"https:\/\/www.laguiadepamplona.com\/actualidad\/wp-json\/wp\/v2\/categories?post=32634"},{"taxonomy":"post_tag","embeddable":true,"href":"https:\/\/www.laguiadepamplona.com\/actualidad\/wp-json\/wp\/v2\/tags?post=32634"}],"curies":[{"name":"wp","href":"https:\/\/api.w.org\/{rel}","templated":true}]}}