{"id":32612,"date":"2021-01-04T19:49:37","date_gmt":"2021-01-04T17:49:37","guid":{"rendered":"https:\/\/www.laguiadepamplona.es\/actualidad\/?p=32612"},"modified":"2021-01-04T19:49:37","modified_gmt":"2021-01-04T17:49:37","slug":"el-ayuntamiento-pintara-proximamente-en-rojo-las-ultimas-intersecciones-pendientes-de-las-16-previstas-para-aumentar-la-seguridad-en-los-cruces-entre-vehiculos-y-bicis-en-vias-de-gran-capacidad","status":"publish","type":"post","link":"https:\/\/www.laguiadepamplona.com\/actualidad\/el-ayuntamiento-pintara-proximamente-en-rojo-las-ultimas-intersecciones-pendientes-de-las-16-previstas-para-aumentar-la-seguridad-en-los-cruces-entre-vehiculos-y-bicis-en-vias-de-gran-capacidad\/","title":{"rendered":"El Ayuntamiento pintar\u00e1 pr\u00f3ximamente en rojo las \u00faltimas intersecciones pendientes de las 16 previstas para aumentar la seguridad en los cruces entre veh\u00edculos y bicis en v\u00edas de gran capacidad"},"content":{"rendered":"<h5>Est\u00e1n situadas en Yanguas y Miranda, P\u00edo XII y las avenidas del Ej\u00e9rcito y Bayona y, en algunos casos se han dotado de otros elementos de seguridad<\/h5>\n<p><!--more--><\/p>\n<p>El Ayuntamiento de Pamplona terminar\u00e1 en los pr\u00f3ximos d\u00edas \u2013cuando el tiempo lo permita- la se\u00f1alizaci\u00f3n en color rojo los espacios de obligada coexistencia entre coches y bicicletas en 16 puntos concretos de la ciudad con el objetivo de aumentar la seguridad. Esas intersecciones se encuentran en la avenida del Ej\u00e9rcito y la continuaci\u00f3n por avenida Bayona; en la intersecci\u00f3n entre Yanguas y Miranda y la calle Estella y en una de las v\u00edas de mayor capacidad de la ciudad: la avenida P\u00edo XII.<\/p>\n<p><script async src=\"\/\/pagead2.googlesyndication.com\/pagead\/js\/adsbygoogle.js\"><\/script><br \/>\n<!-- Noticias La Guia de Pamplona --><br \/>\n<ins class=\"adsbygoogle\"\nstyle=\"display:block\"\ndata-ad-client=\"ca-pub-6943679897239327\"\ndata-ad-slot=\"7048180777\"\ndata-ad-format=\"auto\"><\/ins><br \/>\n<script>\n(adsbygoogle = window.adsbygoogle || []).push({});\n<\/script><\/p>\n<p>Salvo en las intersecciones entre P\u00edo XII y avenida del Ej\u00e9rcito, se ha pintado el pavimento de las zonas en las que se produce una intersecci\u00f3n entre el trazado del carril bici y las calzadas por las que discurre el tr\u00e1fico rodado, una situaci\u00f3n que conlleva una especial necesidad de atenci\u00f3n en todos los agentes de movilidad urbana. Estas intervenciones de \u2018urbanismo t\u00e1ctico\u2019 se acometieron a finales del a\u00f1o pasado y est\u00e1n encaminadas a mejorar la seguridad general.<\/p>\n<p>Con la se\u00f1alizaci\u00f3n de la intersecci\u00f3n en un color llamativo se trata de identificar un espacio concreto, instalar un refuerzo visual que recuerde a los distintos conductores la necesidad de una especial precauci\u00f3n en esos puntos, algo a lo que contribuye la elecci\u00f3n del color rojo que, como c\u00f3digo general, se traduce como \u2018alerta\u2019. En esos espacios se pintar\u00e1, adem\u00e1s, en blanco y sobre el pavimento la identificaci\u00f3n de carril bici.<\/p>\n<p>Como elementos de seguridad complementarios, en algunos puntos tambi\u00e9n se ha instalado se\u00f1alizaci\u00f3n vertical destinada a los ciclistas y conductores, y se han acentuado la separaci\u00f3n entre ambos circuitos. En las delimitaciones entre el tr\u00e1fico rodado y el ciclista de unos espacios tan transitados, el Consistorio ha colocado un tipo de separadores de carril llamado \u2019mompes\u2019, unos elementos que presentan una pendiente suave en el lado de circulaci\u00f3n del ciclista, para evitar el choque de las ruedas con el separador, y una pendiente m\u00e1s brusca en el lado de los coches, para dificultar la invasi\u00f3n del carril bici por los veh\u00edculos. Cada l\u00ednea de \u2018mompes\u2019, que est\u00e1n separados por una distancia de 1,60 metros lineales, est\u00e1 precedida por un bolardo negro con bandas reflectantes de color gris dispuestas en el sentido de la circulaci\u00f3n, de nuevo como aviso a los conductores de la existencia de una zona de carril bici. Adem\u00e1s, en aquellas intersecciones que ya dispon\u00edan de sem\u00e1foro para veh\u00edculos tambi\u00e9n se han instalado sem\u00e1foros para bicicletas.<\/p>\n<p>En total, los trabajos en la mejora de se\u00f1alizaci\u00f3n, alguna instalaci\u00f3n semaf\u00f3rica y de separadores y bolardos al final de la actuaci\u00f3n ascender\u00e1 a 41.843 euros.<\/p>\n<p><script async src=\"\/\/pagead2.googlesyndication.com\/pagead\/js\/adsbygoogle.js\"><\/script><br \/>\n<!-- Noticias La Guia de Pamplona --><br \/>\n<ins class=\"adsbygoogle\"\nstyle=\"display:block\"\ndata-ad-client=\"ca-pub-6943679897239327\"\ndata-ad-slot=\"7048180777\"\ndata-ad-format=\"auto\"><\/ins><br \/>\n<script>\n(adsbygoogle = window.adsbygoogle || []).push({});\n<\/script><\/p>\n<p>&nbsp;<\/p>\n<h3><span style=\"color: #ff0000;\">Intersecciones intervenidas<\/span><\/h3>\n<ul>\n<li>En Yanguas y Miranda hasta avenida Ej\u00e9rcito se interviene en 2 intersecciones (los cruces con Paseo Sarasate y calle Estella) realizando se\u00f1alizaci\u00f3n horizontal pintada en rojo para advertir a los veh\u00edculos a motor que atraviesan una infraestructura ciclista y con se\u00f1alizaci\u00f3n vertical para ciclistas, a\u00f1adida a los elementos de separaci\u00f3n de veh\u00edculos con mompes y bolardos. En este tramo tambi\u00e9n se ha colocado se\u00f1alizaci\u00f3n semaf\u00f3rica<\/li>\n<li>En avenida del Ej\u00e9rcito se ha intervenido en 6 intersecciones, las de esa v\u00eda con calle plaza de Baluarte, aparcamiento de Baluarte, vados de general Los Arcos, calle Sandoval y calle Juli\u00e1n Arteaga.<\/li>\n<li>En plaza Juan XXIII con calle cuesta de la Reina, intervenci\u00f3n en una intersecci\u00f3n peatonal doble. En este tramo tambi\u00e9n se ha colocado se\u00f1alizaci\u00f3n semaf\u00f3rica<\/li>\n<li>En avenida de Bayona, en el primer tramo hasta Monasterio Belate en 3 intersecciones; Monasterio de Cilveti, Monasterio de Urdax y Monasterio de Belate. En las intersecciones con Monasterio de Urdax y Belate tambi\u00e9n se ha colocado se\u00f1alizaci\u00f3n semaf\u00f3rica<\/li>\n<li>En avenida de Bayona, segundo tramo hasta plaza Europa, trabajo en 2 intersecciones: Monasterio Belate y Mart\u00edn Azpilcueta.<\/li>\n<\/ul>\n<p>&nbsp;<br \/>\n<script async src=\"\/\/pagead2.googlesyndication.com\/pagead\/js\/adsbygoogle.js\"><\/script><br \/>\n<!-- Noticias La Guia de Pamplona --><br \/>\n<ins class=\"adsbygoogle\"\nstyle=\"display:block\"\ndata-ad-client=\"ca-pub-6943679897239327\"\ndata-ad-slot=\"7048180777\"\ndata-ad-format=\"auto\"><\/ins><br \/>\n<script>\n(adsbygoogle = window.adsbygoogle || []).push({});\n<\/script><\/p>\n<h3><span style=\"color: #ff0000;\">Pendientes de finalizaci\u00f3n<\/span><\/h3>\n<ul>\n<li>En avenida del Ej\u00e9rcito con avenida Pio XII, trabajo en 4 intersecciones, adem\u00e1s del aumento de elementos de separaci\u00f3n.<\/li>\n<li>En todas las intersecciones se\u00f1alizaci\u00f3n en pintura blanca de la identificaci\u00f3n del carril bici.<\/li>\n<\/ul>\n","protected":false},"excerpt":{"rendered":"<p>Est\u00e1n situadas en Yanguas y Miranda, P\u00edo XII y las avenidas del Ej\u00e9rcito y Bayona y, en algunos casos se han dotado de otros elementos de seguridad<\/p>\n","protected":false},"author":1,"featured_media":32613,"comment_status":"open","ping_status":"closed","sticky":false,"template":"","format":"standard","meta":{"footnotes":""},"categories":[2],"tags":[],"class_list":["post-32612","post","type-post","status-publish","format-standard","has-post-thumbnail","hentry","category-ayuntamiento-pamplona"],"yoast_head":"<!-- This site is optimized with the Yoast SEO plugin v27.5 - https:\/\/yoast.com\/product\/yoast-seo-wordpress\/ -->\n<title>El Ayuntamiento pintar\u00e1 pr\u00f3ximamente en rojo las \u00faltimas intersecciones pendientes de las 16 previstas para aumentar la seguridad en los cruces entre veh\u00edculos y bicis en v\u00edas de gran capacidad<\/title>\n<meta name=\"robots\" content=\"index, follow, max-snippet:-1, max-image-preview:large, max-video-preview:-1\" \/>\n<link rel=\"canonical\" href=\"https:\/\/www.laguiadepamplona.com\/actualidad\/el-ayuntamiento-pintara-proximamente-en-rojo-las-ultimas-intersecciones-pendientes-de-las-16-previstas-para-aumentar-la-seguridad-en-los-cruces-entre-vehiculos-y-bicis-en-vias-de-gran-capacidad\/\" \/>\n<meta property=\"og:locale\" content=\"es_ES\" \/>\n<meta property=\"og:type\" content=\"article\" \/>\n<meta property=\"og:title\" content=\"El Ayuntamiento pintar\u00e1 pr\u00f3ximamente en rojo las \u00faltimas intersecciones pendientes de las 16 previstas para aumentar la seguridad en los cruces entre veh\u00edculos y bicis en v\u00edas de gran capacidad\" \/>\n<meta property=\"og:description\" content=\"Est\u00e1n situadas en Yanguas y Miranda, P\u00edo XII y las avenidas del Ej\u00e9rcito y Bayona y, en algunos casos se han dotado de otros elementos de seguridad\" \/>\n<meta property=\"og:url\" content=\"https:\/\/www.laguiadepamplona.com\/actualidad\/el-ayuntamiento-pintara-proximamente-en-rojo-las-ultimas-intersecciones-pendientes-de-las-16-previstas-para-aumentar-la-seguridad-en-los-cruces-entre-vehiculos-y-bicis-en-vias-de-gran-capacidad\/\" \/>\n<meta property=\"og:site_name\" content=\"La Gu\u00eda de Pamplona\" \/>\n<meta property=\"article:publisher\" content=\"https:\/\/www.facebook.com\/laguiadepamplonacom-133175176762273\/?ref=hl\" \/>\n<meta property=\"article:published_time\" content=\"2021-01-04T17:49:37+00:00\" \/>\n<meta property=\"og:image\" content=\"https:\/\/www.laguiadepamplona.com\/actualidad\/wp-content\/uploads\/2021\/01\/carril-bici-rojo.jpg\" \/>\n\t<meta property=\"og:image:width\" content=\"1920\" \/>\n\t<meta property=\"og:image:height\" content=\"1085\" \/>\n\t<meta property=\"og:image:type\" content=\"image\/jpeg\" \/>\n<meta name=\"author\" content=\"La Gu\u00eda de Pamplona\" \/>\n<meta name=\"twitter:card\" content=\"summary_large_image\" \/>\n<meta name=\"twitter:creator\" content=\"@LaGuiadPamplona\" \/>\n<meta name=\"twitter:site\" content=\"@LaGuiadPamplona\" \/>\n<meta name=\"twitter:label1\" content=\"Escrito por\" \/>\n\t<meta name=\"twitter:data1\" content=\"La Gu\u00eda de Pamplona\" \/>\n\t<meta name=\"twitter:label2\" content=\"Tiempo de lectura\" \/>\n\t<meta name=\"twitter:data2\" content=\"4 minutos\" \/>\n<script type=\"application\/ld+json\" class=\"yoast-schema-graph\">{\"@context\":\"https:\\\/\\\/schema.org\",\"@graph\":[{\"@type\":\"Article\",\"@id\":\"https:\\\/\\\/www.laguiadepamplona.com\\\/actualidad\\\/el-ayuntamiento-pintara-proximamente-en-rojo-las-ultimas-intersecciones-pendientes-de-las-16-previstas-para-aumentar-la-seguridad-en-los-cruces-entre-vehiculos-y-bicis-en-vias-de-gran-capacidad\\\/#article\",\"isPartOf\":{\"@id\":\"https:\\\/\\\/www.laguiadepamplona.com\\\/actualidad\\\/el-ayuntamiento-pintara-proximamente-en-rojo-las-ultimas-intersecciones-pendientes-de-las-16-previstas-para-aumentar-la-seguridad-en-los-cruces-entre-vehiculos-y-bicis-en-vias-de-gran-capacidad\\\/\"},\"author\":{\"name\":\"La Gu\u00eda de Pamplona\",\"@id\":\"https:\\\/\\\/www.laguiadepamplona.com\\\/actualidad\\\/#\\\/schema\\\/person\\\/efe887376f0213d4657c93adc50b1fdb\"},\"headline\":\"El Ayuntamiento pintar\u00e1 pr\u00f3ximamente en rojo las \u00faltimas intersecciones pendientes de las 16 previstas para aumentar la seguridad en los cruces entre veh\u00edculos y bicis en v\u00edas de gran capacidad\",\"datePublished\":\"2021-01-04T17:49:37+00:00\",\"mainEntityOfPage\":{\"@id\":\"https:\\\/\\\/www.laguiadepamplona.com\\\/actualidad\\\/el-ayuntamiento-pintara-proximamente-en-rojo-las-ultimas-intersecciones-pendientes-de-las-16-previstas-para-aumentar-la-seguridad-en-los-cruces-entre-vehiculos-y-bicis-en-vias-de-gran-capacidad\\\/\"},\"wordCount\":784,\"commentCount\":0,\"publisher\":{\"@id\":\"https:\\\/\\\/www.laguiadepamplona.com\\\/actualidad\\\/#organization\"},\"image\":{\"@id\":\"https:\\\/\\\/www.laguiadepamplona.com\\\/actualidad\\\/el-ayuntamiento-pintara-proximamente-en-rojo-las-ultimas-intersecciones-pendientes-de-las-16-previstas-para-aumentar-la-seguridad-en-los-cruces-entre-vehiculos-y-bicis-en-vias-de-gran-capacidad\\\/#primaryimage\"},\"thumbnailUrl\":\"https:\\\/\\\/www.laguiadepamplona.com\\\/actualidad\\\/wp-content\\\/uploads\\\/2021\\\/01\\\/carril-bici-rojo.jpg\",\"articleSection\":[\"Ayto Pamplona\"],\"inLanguage\":\"es\",\"potentialAction\":[{\"@type\":\"CommentAction\",\"name\":\"Comment\",\"target\":[\"https:\\\/\\\/www.laguiadepamplona.com\\\/actualidad\\\/el-ayuntamiento-pintara-proximamente-en-rojo-las-ultimas-intersecciones-pendientes-de-las-16-previstas-para-aumentar-la-seguridad-en-los-cruces-entre-vehiculos-y-bicis-en-vias-de-gran-capacidad\\\/#respond\"]}]},{\"@type\":\"WebPage\",\"@id\":\"https:\\\/\\\/www.laguiadepamplona.com\\\/actualidad\\\/el-ayuntamiento-pintara-proximamente-en-rojo-las-ultimas-intersecciones-pendientes-de-las-16-previstas-para-aumentar-la-seguridad-en-los-cruces-entre-vehiculos-y-bicis-en-vias-de-gran-capacidad\\\/\",\"url\":\"https:\\\/\\\/www.laguiadepamplona.com\\\/actualidad\\\/el-ayuntamiento-pintara-proximamente-en-rojo-las-ultimas-intersecciones-pendientes-de-las-16-previstas-para-aumentar-la-seguridad-en-los-cruces-entre-vehiculos-y-bicis-en-vias-de-gran-capacidad\\\/\",\"name\":\"El Ayuntamiento pintar\u00e1 pr\u00f3ximamente en rojo las \u00faltimas intersecciones pendientes de las 16 previstas para aumentar la seguridad en los cruces entre veh\u00edculos y bicis en v\u00edas de gran capacidad\",\"isPartOf\":{\"@id\":\"https:\\\/\\\/www.laguiadepamplona.com\\\/actualidad\\\/#website\"},\"primaryImageOfPage\":{\"@id\":\"https:\\\/\\\/www.laguiadepamplona.com\\\/actualidad\\\/el-ayuntamiento-pintara-proximamente-en-rojo-las-ultimas-intersecciones-pendientes-de-las-16-previstas-para-aumentar-la-seguridad-en-los-cruces-entre-vehiculos-y-bicis-en-vias-de-gran-capacidad\\\/#primaryimage\"},\"image\":{\"@id\":\"https:\\\/\\\/www.laguiadepamplona.com\\\/actualidad\\\/el-ayuntamiento-pintara-proximamente-en-rojo-las-ultimas-intersecciones-pendientes-de-las-16-previstas-para-aumentar-la-seguridad-en-los-cruces-entre-vehiculos-y-bicis-en-vias-de-gran-capacidad\\\/#primaryimage\"},\"thumbnailUrl\":\"https:\\\/\\\/www.laguiadepamplona.com\\\/actualidad\\\/wp-content\\\/uploads\\\/2021\\\/01\\\/carril-bici-rojo.jpg\",\"datePublished\":\"2021-01-04T17:49:37+00:00\",\"breadcrumb\":{\"@id\":\"https:\\\/\\\/www.laguiadepamplona.com\\\/actualidad\\\/el-ayuntamiento-pintara-proximamente-en-rojo-las-ultimas-intersecciones-pendientes-de-las-16-previstas-para-aumentar-la-seguridad-en-los-cruces-entre-vehiculos-y-bicis-en-vias-de-gran-capacidad\\\/#breadcrumb\"},\"inLanguage\":\"es\",\"potentialAction\":[{\"@type\":\"ReadAction\",\"target\":[\"https:\\\/\\\/www.laguiadepamplona.com\\\/actualidad\\\/el-ayuntamiento-pintara-proximamente-en-rojo-las-ultimas-intersecciones-pendientes-de-las-16-previstas-para-aumentar-la-seguridad-en-los-cruces-entre-vehiculos-y-bicis-en-vias-de-gran-capacidad\\\/\"]}]},{\"@type\":\"ImageObject\",\"inLanguage\":\"es\",\"@id\":\"https:\\\/\\\/www.laguiadepamplona.com\\\/actualidad\\\/el-ayuntamiento-pintara-proximamente-en-rojo-las-ultimas-intersecciones-pendientes-de-las-16-previstas-para-aumentar-la-seguridad-en-los-cruces-entre-vehiculos-y-bicis-en-vias-de-gran-capacidad\\\/#primaryimage\",\"url\":\"https:\\\/\\\/www.laguiadepamplona.com\\\/actualidad\\\/wp-content\\\/uploads\\\/2021\\\/01\\\/carril-bici-rojo.jpg\",\"contentUrl\":\"https:\\\/\\\/www.laguiadepamplona.com\\\/actualidad\\\/wp-content\\\/uploads\\\/2021\\\/01\\\/carril-bici-rojo.jpg\",\"width\":1920,\"height\":1085},{\"@type\":\"BreadcrumbList\",\"@id\":\"https:\\\/\\\/www.laguiadepamplona.com\\\/actualidad\\\/el-ayuntamiento-pintara-proximamente-en-rojo-las-ultimas-intersecciones-pendientes-de-las-16-previstas-para-aumentar-la-seguridad-en-los-cruces-entre-vehiculos-y-bicis-en-vias-de-gran-capacidad\\\/#breadcrumb\",\"itemListElement\":[{\"@type\":\"ListItem\",\"position\":1,\"name\":\"Portada\",\"item\":\"https:\\\/\\\/www.laguiadepamplona.com\\\/actualidad\\\/\"},{\"@type\":\"ListItem\",\"position\":2,\"name\":\"El Ayuntamiento pintar\u00e1 pr\u00f3ximamente en rojo las \u00faltimas intersecciones pendientes de las 16 previstas para aumentar la seguridad en los cruces entre veh\u00edculos y bicis en v\u00edas de gran capacidad\"}]},{\"@type\":\"WebSite\",\"@id\":\"https:\\\/\\\/www.laguiadepamplona.com\\\/actualidad\\\/#website\",\"url\":\"https:\\\/\\\/www.laguiadepamplona.com\\\/actualidad\\\/\",\"name\":\"La gu\u00eda de Pamplona\",\"description\":\"Noticias de Pamplona\",\"publisher\":{\"@id\":\"https:\\\/\\\/www.laguiadepamplona.com\\\/actualidad\\\/#organization\"},\"potentialAction\":[{\"@type\":\"SearchAction\",\"target\":{\"@type\":\"EntryPoint\",\"urlTemplate\":\"https:\\\/\\\/www.laguiadepamplona.com\\\/actualidad\\\/?s={search_term_string}\"},\"query-input\":{\"@type\":\"PropertyValueSpecification\",\"valueRequired\":true,\"valueName\":\"search_term_string\"}}],\"inLanguage\":\"es\"},{\"@type\":\"Organization\",\"@id\":\"https:\\\/\\\/www.laguiadepamplona.com\\\/actualidad\\\/#organization\",\"name\":\"La Gu\u00eda de Pamplona \\\/ Noticias\",\"url\":\"https:\\\/\\\/www.laguiadepamplona.com\\\/actualidad\\\/\",\"logo\":{\"@type\":\"ImageObject\",\"inLanguage\":\"es\",\"@id\":\"https:\\\/\\\/www.laguiadepamplona.com\\\/actualidad\\\/#\\\/schema\\\/logo\\\/image\\\/\",\"url\":\"https:\\\/\\\/www.laguiadepamplona.com\\\/actualidad\\\/wp-content\\\/uploads\\\/2018\\\/11\\\/logo-laguiadepamplona18-web1.png\",\"contentUrl\":\"https:\\\/\\\/www.laguiadepamplona.com\\\/actualidad\\\/wp-content\\\/uploads\\\/2018\\\/11\\\/logo-laguiadepamplona18-web1.png\",\"width\":600,\"height\":196,\"caption\":\"La Gu\u00eda de Pamplona \\\/ Noticias\"},\"image\":{\"@id\":\"https:\\\/\\\/www.laguiadepamplona.com\\\/actualidad\\\/#\\\/schema\\\/logo\\\/image\\\/\"},\"sameAs\":[\"https:\\\/\\\/www.facebook.com\\\/laguiadepamplonacom-133175176762273\\\/?ref=hl\",\"https:\\\/\\\/x.com\\\/LaGuiadPamplona\",\"https:\\\/\\\/www.instagram.com\\\/la_guia_de_pamplona\\\/\",\"https:\\\/\\\/www.youtube.com\\\/user\\\/laguiadepamplona\"]},{\"@type\":\"Person\",\"@id\":\"https:\\\/\\\/www.laguiadepamplona.com\\\/actualidad\\\/#\\\/schema\\\/person\\\/efe887376f0213d4657c93adc50b1fdb\",\"name\":\"La Gu\u00eda de Pamplona\",\"image\":{\"@type\":\"ImageObject\",\"inLanguage\":\"es\",\"@id\":\"https:\\\/\\\/secure.gravatar.com\\\/avatar\\\/b6992f131dc8d30ab0dff15446e9d346d9dbd95992de0fef795073f5ea83a81c?s=96&d=mm&r=g\",\"url\":\"https:\\\/\\\/secure.gravatar.com\\\/avatar\\\/b6992f131dc8d30ab0dff15446e9d346d9dbd95992de0fef795073f5ea83a81c?s=96&d=mm&r=g\",\"contentUrl\":\"https:\\\/\\\/secure.gravatar.com\\\/avatar\\\/b6992f131dc8d30ab0dff15446e9d346d9dbd95992de0fef795073f5ea83a81c?s=96&d=mm&r=g\",\"caption\":\"La Gu\u00eda de Pamplona\"}}]}<\/script>\n<!-- \/ Yoast SEO plugin. -->","yoast_head_json":{"title":"El Ayuntamiento pintar\u00e1 pr\u00f3ximamente en rojo las \u00faltimas intersecciones pendientes de las 16 previstas para aumentar la seguridad en los cruces entre veh\u00edculos y bicis en v\u00edas de gran capacidad","robots":{"index":"index","follow":"follow","max-snippet":"max-snippet:-1","max-image-preview":"max-image-preview:large","max-video-preview":"max-video-preview:-1"},"canonical":"https:\/\/www.laguiadepamplona.com\/actualidad\/el-ayuntamiento-pintara-proximamente-en-rojo-las-ultimas-intersecciones-pendientes-de-las-16-previstas-para-aumentar-la-seguridad-en-los-cruces-entre-vehiculos-y-bicis-en-vias-de-gran-capacidad\/","og_locale":"es_ES","og_type":"article","og_title":"El Ayuntamiento pintar\u00e1 pr\u00f3ximamente en rojo las \u00faltimas intersecciones pendientes de las 16 previstas para aumentar la seguridad en los cruces entre veh\u00edculos y bicis en v\u00edas de gran capacidad","og_description":"Est\u00e1n situadas en Yanguas y Miranda, P\u00edo XII y las avenidas del Ej\u00e9rcito y Bayona y, en algunos casos se han dotado de otros elementos de seguridad","og_url":"https:\/\/www.laguiadepamplona.com\/actualidad\/el-ayuntamiento-pintara-proximamente-en-rojo-las-ultimas-intersecciones-pendientes-de-las-16-previstas-para-aumentar-la-seguridad-en-los-cruces-entre-vehiculos-y-bicis-en-vias-de-gran-capacidad\/","og_site_name":"La Gu\u00eda de Pamplona","article_publisher":"https:\/\/www.facebook.com\/laguiadepamplonacom-133175176762273\/?ref=hl","article_published_time":"2021-01-04T17:49:37+00:00","og_image":[{"width":1920,"height":1085,"url":"https:\/\/www.laguiadepamplona.com\/actualidad\/wp-content\/uploads\/2021\/01\/carril-bici-rojo.jpg","type":"image\/jpeg"}],"author":"La Gu\u00eda de Pamplona","twitter_card":"summary_large_image","twitter_creator":"@LaGuiadPamplona","twitter_site":"@LaGuiadPamplona","twitter_misc":{"Escrito por":"La Gu\u00eda de Pamplona","Tiempo de lectura":"4 minutos"},"schema":{"@context":"https:\/\/schema.org","@graph":[{"@type":"Article","@id":"https:\/\/www.laguiadepamplona.com\/actualidad\/el-ayuntamiento-pintara-proximamente-en-rojo-las-ultimas-intersecciones-pendientes-de-las-16-previstas-para-aumentar-la-seguridad-en-los-cruces-entre-vehiculos-y-bicis-en-vias-de-gran-capacidad\/#article","isPartOf":{"@id":"https:\/\/www.laguiadepamplona.com\/actualidad\/el-ayuntamiento-pintara-proximamente-en-rojo-las-ultimas-intersecciones-pendientes-de-las-16-previstas-para-aumentar-la-seguridad-en-los-cruces-entre-vehiculos-y-bicis-en-vias-de-gran-capacidad\/"},"author":{"name":"La Gu\u00eda de Pamplona","@id":"https:\/\/www.laguiadepamplona.com\/actualidad\/#\/schema\/person\/efe887376f0213d4657c93adc50b1fdb"},"headline":"El Ayuntamiento pintar\u00e1 pr\u00f3ximamente en rojo las \u00faltimas intersecciones pendientes de las 16 previstas para aumentar la seguridad en los cruces entre veh\u00edculos y bicis en v\u00edas de gran capacidad","datePublished":"2021-01-04T17:49:37+00:00","mainEntityOfPage":{"@id":"https:\/\/www.laguiadepamplona.com\/actualidad\/el-ayuntamiento-pintara-proximamente-en-rojo-las-ultimas-intersecciones-pendientes-de-las-16-previstas-para-aumentar-la-seguridad-en-los-cruces-entre-vehiculos-y-bicis-en-vias-de-gran-capacidad\/"},"wordCount":784,"commentCount":0,"publisher":{"@id":"https:\/\/www.laguiadepamplona.com\/actualidad\/#organization"},"image":{"@id":"https:\/\/www.laguiadepamplona.com\/actualidad\/el-ayuntamiento-pintara-proximamente-en-rojo-las-ultimas-intersecciones-pendientes-de-las-16-previstas-para-aumentar-la-seguridad-en-los-cruces-entre-vehiculos-y-bicis-en-vias-de-gran-capacidad\/#primaryimage"},"thumbnailUrl":"https:\/\/www.laguiadepamplona.com\/actualidad\/wp-content\/uploads\/2021\/01\/carril-bici-rojo.jpg","articleSection":["Ayto Pamplona"],"inLanguage":"es","potentialAction":[{"@type":"CommentAction","name":"Comment","target":["https:\/\/www.laguiadepamplona.com\/actualidad\/el-ayuntamiento-pintara-proximamente-en-rojo-las-ultimas-intersecciones-pendientes-de-las-16-previstas-para-aumentar-la-seguridad-en-los-cruces-entre-vehiculos-y-bicis-en-vias-de-gran-capacidad\/#respond"]}]},{"@type":"WebPage","@id":"https:\/\/www.laguiadepamplona.com\/actualidad\/el-ayuntamiento-pintara-proximamente-en-rojo-las-ultimas-intersecciones-pendientes-de-las-16-previstas-para-aumentar-la-seguridad-en-los-cruces-entre-vehiculos-y-bicis-en-vias-de-gran-capacidad\/","url":"https:\/\/www.laguiadepamplona.com\/actualidad\/el-ayuntamiento-pintara-proximamente-en-rojo-las-ultimas-intersecciones-pendientes-de-las-16-previstas-para-aumentar-la-seguridad-en-los-cruces-entre-vehiculos-y-bicis-en-vias-de-gran-capacidad\/","name":"El Ayuntamiento pintar\u00e1 pr\u00f3ximamente en rojo las \u00faltimas intersecciones pendientes de las 16 previstas para aumentar la seguridad en los cruces entre veh\u00edculos y bicis en v\u00edas de gran capacidad","isPartOf":{"@id":"https:\/\/www.laguiadepamplona.com\/actualidad\/#website"},"primaryImageOfPage":{"@id":"https:\/\/www.laguiadepamplona.com\/actualidad\/el-ayuntamiento-pintara-proximamente-en-rojo-las-ultimas-intersecciones-pendientes-de-las-16-previstas-para-aumentar-la-seguridad-en-los-cruces-entre-vehiculos-y-bicis-en-vias-de-gran-capacidad\/#primaryimage"},"image":{"@id":"https:\/\/www.laguiadepamplona.com\/actualidad\/el-ayuntamiento-pintara-proximamente-en-rojo-las-ultimas-intersecciones-pendientes-de-las-16-previstas-para-aumentar-la-seguridad-en-los-cruces-entre-vehiculos-y-bicis-en-vias-de-gran-capacidad\/#primaryimage"},"thumbnailUrl":"https:\/\/www.laguiadepamplona.com\/actualidad\/wp-content\/uploads\/2021\/01\/carril-bici-rojo.jpg","datePublished":"2021-01-04T17:49:37+00:00","breadcrumb":{"@id":"https:\/\/www.laguiadepamplona.com\/actualidad\/el-ayuntamiento-pintara-proximamente-en-rojo-las-ultimas-intersecciones-pendientes-de-las-16-previstas-para-aumentar-la-seguridad-en-los-cruces-entre-vehiculos-y-bicis-en-vias-de-gran-capacidad\/#breadcrumb"},"inLanguage":"es","potentialAction":[{"@type":"ReadAction","target":["https:\/\/www.laguiadepamplona.com\/actualidad\/el-ayuntamiento-pintara-proximamente-en-rojo-las-ultimas-intersecciones-pendientes-de-las-16-previstas-para-aumentar-la-seguridad-en-los-cruces-entre-vehiculos-y-bicis-en-vias-de-gran-capacidad\/"]}]},{"@type":"ImageObject","inLanguage":"es","@id":"https:\/\/www.laguiadepamplona.com\/actualidad\/el-ayuntamiento-pintara-proximamente-en-rojo-las-ultimas-intersecciones-pendientes-de-las-16-previstas-para-aumentar-la-seguridad-en-los-cruces-entre-vehiculos-y-bicis-en-vias-de-gran-capacidad\/#primaryimage","url":"https:\/\/www.laguiadepamplona.com\/actualidad\/wp-content\/uploads\/2021\/01\/carril-bici-rojo.jpg","contentUrl":"https:\/\/www.laguiadepamplona.com\/actualidad\/wp-content\/uploads\/2021\/01\/carril-bici-rojo.jpg","width":1920,"height":1085},{"@type":"BreadcrumbList","@id":"https:\/\/www.laguiadepamplona.com\/actualidad\/el-ayuntamiento-pintara-proximamente-en-rojo-las-ultimas-intersecciones-pendientes-de-las-16-previstas-para-aumentar-la-seguridad-en-los-cruces-entre-vehiculos-y-bicis-en-vias-de-gran-capacidad\/#breadcrumb","itemListElement":[{"@type":"ListItem","position":1,"name":"Portada","item":"https:\/\/www.laguiadepamplona.com\/actualidad\/"},{"@type":"ListItem","position":2,"name":"El Ayuntamiento pintar\u00e1 pr\u00f3ximamente en rojo las \u00faltimas intersecciones pendientes de las 16 previstas para aumentar la seguridad en los cruces entre veh\u00edculos y bicis en v\u00edas de gran capacidad"}]},{"@type":"WebSite","@id":"https:\/\/www.laguiadepamplona.com\/actualidad\/#website","url":"https:\/\/www.laguiadepamplona.com\/actualidad\/","name":"La gu\u00eda de Pamplona","description":"Noticias de Pamplona","publisher":{"@id":"https:\/\/www.laguiadepamplona.com\/actualidad\/#organization"},"potentialAction":[{"@type":"SearchAction","target":{"@type":"EntryPoint","urlTemplate":"https:\/\/www.laguiadepamplona.com\/actualidad\/?s={search_term_string}"},"query-input":{"@type":"PropertyValueSpecification","valueRequired":true,"valueName":"search_term_string"}}],"inLanguage":"es"},{"@type":"Organization","@id":"https:\/\/www.laguiadepamplona.com\/actualidad\/#organization","name":"La Gu\u00eda de Pamplona \/ Noticias","url":"https:\/\/www.laguiadepamplona.com\/actualidad\/","logo":{"@type":"ImageObject","inLanguage":"es","@id":"https:\/\/www.laguiadepamplona.com\/actualidad\/#\/schema\/logo\/image\/","url":"https:\/\/www.laguiadepamplona.com\/actualidad\/wp-content\/uploads\/2018\/11\/logo-laguiadepamplona18-web1.png","contentUrl":"https:\/\/www.laguiadepamplona.com\/actualidad\/wp-content\/uploads\/2018\/11\/logo-laguiadepamplona18-web1.png","width":600,"height":196,"caption":"La Gu\u00eda de Pamplona \/ Noticias"},"image":{"@id":"https:\/\/www.laguiadepamplona.com\/actualidad\/#\/schema\/logo\/image\/"},"sameAs":["https:\/\/www.facebook.com\/laguiadepamplonacom-133175176762273\/?ref=hl","https:\/\/x.com\/LaGuiadPamplona","https:\/\/www.instagram.com\/la_guia_de_pamplona\/","https:\/\/www.youtube.com\/user\/laguiadepamplona"]},{"@type":"Person","@id":"https:\/\/www.laguiadepamplona.com\/actualidad\/#\/schema\/person\/efe887376f0213d4657c93adc50b1fdb","name":"La Gu\u00eda de Pamplona","image":{"@type":"ImageObject","inLanguage":"es","@id":"https:\/\/secure.gravatar.com\/avatar\/b6992f131dc8d30ab0dff15446e9d346d9dbd95992de0fef795073f5ea83a81c?s=96&d=mm&r=g","url":"https:\/\/secure.gravatar.com\/avatar\/b6992f131dc8d30ab0dff15446e9d346d9dbd95992de0fef795073f5ea83a81c?s=96&d=mm&r=g","contentUrl":"https:\/\/secure.gravatar.com\/avatar\/b6992f131dc8d30ab0dff15446e9d346d9dbd95992de0fef795073f5ea83a81c?s=96&d=mm&r=g","caption":"La Gu\u00eda de Pamplona"}}]}},"post_mailing_queue_ids":[],"_links":{"self":[{"href":"https:\/\/www.laguiadepamplona.com\/actualidad\/wp-json\/wp\/v2\/posts\/32612","targetHints":{"allow":["GET"]}}],"collection":[{"href":"https:\/\/www.laguiadepamplona.com\/actualidad\/wp-json\/wp\/v2\/posts"}],"about":[{"href":"https:\/\/www.laguiadepamplona.com\/actualidad\/wp-json\/wp\/v2\/types\/post"}],"author":[{"embeddable":true,"href":"https:\/\/www.laguiadepamplona.com\/actualidad\/wp-json\/wp\/v2\/users\/1"}],"replies":[{"embeddable":true,"href":"https:\/\/www.laguiadepamplona.com\/actualidad\/wp-json\/wp\/v2\/comments?post=32612"}],"version-history":[{"count":0,"href":"https:\/\/www.laguiadepamplona.com\/actualidad\/wp-json\/wp\/v2\/posts\/32612\/revisions"}],"wp:featuredmedia":[{"embeddable":true,"href":"https:\/\/www.laguiadepamplona.com\/actualidad\/wp-json\/wp\/v2\/media\/32613"}],"wp:attachment":[{"href":"https:\/\/www.laguiadepamplona.com\/actualidad\/wp-json\/wp\/v2\/media?parent=32612"}],"wp:term":[{"taxonomy":"category","embeddable":true,"href":"https:\/\/www.laguiadepamplona.com\/actualidad\/wp-json\/wp\/v2\/categories?post=32612"},{"taxonomy":"post_tag","embeddable":true,"href":"https:\/\/www.laguiadepamplona.com\/actualidad\/wp-json\/wp\/v2\/tags?post=32612"}],"curies":[{"name":"wp","href":"https:\/\/api.w.org\/{rel}","templated":true}]}}