{"id":3222,"date":"2014-09-29T14:07:48","date_gmt":"2014-09-29T12:07:48","guid":{"rendered":"http:\/\/laguiadepamplona.com\/actualidad\/?p=3222"},"modified":"2014-09-29T14:07:48","modified_gmt":"2014-09-29T12:07:48","slug":"el-ayuntamiento-de-pamplona-mantendra-los-impuestos-las-tasas-y-los-precios-publicos-en-2015","status":"publish","type":"post","link":"https:\/\/www.laguiadepamplona.com\/actualidad\/el-ayuntamiento-de-pamplona-mantendra-los-impuestos-las-tasas-y-los-precios-publicos-en-2015\/","title":{"rendered":"El Ayuntamiento de Pamplona mantendr\u00e1 los impuestos, las tasas y los precios p\u00fablicos en 2015"},"content":{"rendered":"<h4>El proyecto de modificaci\u00f3n de Ordenanzas fiscales y normas reguladoras de precios p\u00fablicos se ha presentado en la Comisi\u00f3n de Presidencia<\/h4>\n<p><a href=\"http:\/\/laguiadepamplona.com\/actualidad\/wp-content\/uploads\/2014\/06\/Ayto_Pamplona.jpg\"><img loading=\"lazy\" decoding=\"async\" class=\"alignleft size-medium wp-image-2063\" src=\"http:\/\/laguiadepamplona.com\/actualidad\/wp-content\/uploads\/2014\/06\/Ayto_Pamplona-300x225.jpg\" alt=\"Ayto_Pamplona\" width=\"300\" height=\"225\" \/><\/a>El Ayuntamiento de Pamplona congelar\u00e1 los impuestos, las tasas y los precios p\u00fablicos en 2015 seg\u00fan se recoge en la exposici\u00f3n de las modificaciones previstas de Ordenanzas fiscales y normas reguladoras de precios p\u00fablicos presentadas esta ma\u00f1ana en la Comisi\u00f3n de Presidencia por la concejala delegada de Servicios Generales, Ana Elizalde. La medida se toma teniendo en cuenta que la previsi\u00f3n apunta a que el \u00cdndice de Precios al Consumo (IPC), cifra que el Consistorio toma habitualmente como referencia para la actualizaci\u00f3n de las tasas, no va a sufir variaciones.<\/p>\n<p>Una vez se elabore el proyecto de modificaci\u00f3n est\u00e1 previsto que sea aprobado inicialmente en la Junta de Gobierno Local la pr\u00f3xima semana, posteriormente ser\u00e1 nuevamente expuesto en la Comisi\u00f3n de Presidencia y a continuaci\u00f3n ser\u00e1 presentado en el Pleno para su aprobaci\u00f3n. El Ayuntamiento cuenta en total con 23 ordenanzas fiscales y 13 normas reguladoras de precios.<\/p>\n<p>Una de las modificaciones presentadas esta ma\u00f1ana es la actualizaci\u00f3n del tipo de gravamen que se aplica en la contribuci\u00f3n urbana lo que permitir\u00e1 mantener la recaudaci\u00f3n total de la contribuci\u00f3n a pesar de que vaya produci\u00e9ndose la depreciaci\u00f3n del valor catastral de los inmuebles de la ciudad. As\u00ed, se modificar\u00e1 el tipo de gravamen proporcionalmente a esa depreciaci\u00f3n por antig\u00fcedad, manteniendo el contribuyente el pago similar al que ha realizado en 2014. Este criterio es el mismo que viene aplic\u00e1ndose a\u00f1os atr\u00e1s.<\/p>\n<p><strong>Modificadas dos ordenanzas y una norma<\/strong><\/p>\n<p>Otra de las modificaciones afecta a la ordenanza fiscal n\u00famero 10 \u2018De las tasas por otorgamiento de licencias y realizaci\u00f3n de actividades administrativas de control en materia urban\u00edstica\u2019 en la que se va a unificar, por cuestiones pr\u00e1cticas, la tasa m\u00ednima de las licencias de obra con tramitaci\u00f3n abreviada y licencias comunicadas que asciende a 118 euros con la de las licencias de obras de construcci\u00f3n, ampliaci\u00f3n, reforma, demolici\u00f3n, movimientos de tierra, corte de arbolado, colocaci\u00f3n de carteles y otros actos sometidos a licencia que es de 118,75 euros.<\/p>\n<p>La ordenanza fiscal 11 \u2018Reguladora de las tasas por otorgamiento de autorizaciones y realizaci\u00f3n de actividades administrativas de control en materia de protecci\u00f3n ambiental y actividades inocuas\u2019 contar\u00e1 en el anexo en el que se indican las tarifas con un nuevo ep\u00edgrafe al que se adjudica el n\u00famero III, pasando los actuales III y IV a ser IV y V, respectivamente. El nuevo ep\u00edgrafe se denomina \u2018Control posterior de declaraci\u00f3n responsable de inicio de actividad en vivienda\u2019 y tiene una tasa de 6,75 euros por cada actuaci\u00f3n, cantidad similar a la de las licencias comunicadas de obras recogidas en la ordenanza fiscal n\u00famero 10. Con esta modificaci\u00f3n se quiere atender los supuestos en los que un particular realiza su trabajo desde casa y no hay un establecimiento propiamente dicho vinculado a la actividad. En este caso, la labor de control municipal es m\u00e1s sencilla que la aplicada al resto de aperturas y se limita a contrastar la documentaci\u00f3n que se presente, al igual que se realiza en el caso de las licencias comunicadas. Por ello se ha optado por equiparar el coste de la actividad administrativa a la de licencia comunicada y por tanto, tambi\u00e9n la tarifa.<\/p>\n<p>Por lo que respecta a las normas fiscales, se modificar\u00e1 la II que es la \u2018Reguladora de precios p\u00fablicos por utilizaci\u00f3n de instalaciones deportivas y de locales e instalaciones escolares municipales\u2019 en la terminolog\u00eda del ep\u00edgrafe 2.2 que dejar\u00e1 de hacer referencia al Consejo Escolar para hablar de direcci\u00f3n del centro escolar. El cambio se realiza ya que la LOMCE ha modificado las funciones de los Consejos Escolares de los centros educativos y se cree m\u00e1s adecuado que sean las direcciones de los centros quienes declaren que la actividad que solicita la autorizaci\u00f3n no interfiere con el normal desarrollo de la actividad escolar y por tanto puede autorizarse.<\/p>\n<p>&nbsp;<\/p>\n","protected":false},"excerpt":{"rendered":"<p>El proyecto de modificaci\u00f3n de Ordenanzas fiscales y normas reguladoras de precios p\u00fablicos se ha presentado en la Comisi\u00f3n de Presidencia El Ayuntamiento de Pamplona congelar\u00e1 los impuestos, las tasas&#8230;<\/p>\n","protected":false},"author":1,"featured_media":2063,"comment_status":"open","ping_status":"open","sticky":false,"template":"","format":"standard","meta":{"footnotes":""},"categories":[2],"tags":[5,6,509,2701,2702,8,2703,9,2704,2705],"class_list":["post-3222","post","type-post","status-publish","format-standard","has-post-thumbnail","hentry","category-ayuntamiento-pamplona","tag-actualidad","tag-ayto-pamplona","tag-ayuntamiento-de-pamplona","tag-mantendra-impuestos","tag-normas-reguladoras-de-precios-publicos","tag-noticias","tag-ordenanzas-fiscales","tag-pamplona","tag-precios-publicos","tag-tasas"],"yoast_head":"<!-- This site is optimized with the Yoast SEO plugin v27.5 - https:\/\/yoast.com\/product\/yoast-seo-wordpress\/ -->\n<title>El Ayuntamiento de Pamplona mantendr\u00e1 los impuestos, las tasas y los precios p\u00fablicos en 2015<\/title>\n<meta name=\"robots\" content=\"index, follow, max-snippet:-1, max-image-preview:large, max-video-preview:-1\" \/>\n<link rel=\"canonical\" href=\"https:\/\/www.laguiadepamplona.com\/actualidad\/el-ayuntamiento-de-pamplona-mantendra-los-impuestos-las-tasas-y-los-precios-publicos-en-2015\/\" \/>\n<meta property=\"og:locale\" content=\"es_ES\" \/>\n<meta property=\"og:type\" content=\"article\" \/>\n<meta property=\"og:title\" content=\"El Ayuntamiento de Pamplona mantendr\u00e1 los impuestos, las tasas y los precios p\u00fablicos en 2015\" \/>\n<meta property=\"og:description\" content=\"El proyecto de modificaci\u00f3n de Ordenanzas fiscales y normas reguladoras de precios p\u00fablicos se ha presentado en la Comisi\u00f3n de Presidencia El Ayuntamiento de Pamplona congelar\u00e1 los impuestos, las tasas...\" \/>\n<meta property=\"og:url\" content=\"https:\/\/www.laguiadepamplona.com\/actualidad\/el-ayuntamiento-de-pamplona-mantendra-los-impuestos-las-tasas-y-los-precios-publicos-en-2015\/\" \/>\n<meta property=\"og:site_name\" content=\"La Gu\u00eda de Pamplona\" \/>\n<meta property=\"article:publisher\" content=\"https:\/\/www.facebook.com\/laguiadepamplonacom-133175176762273\/?ref=hl\" \/>\n<meta property=\"article:published_time\" content=\"2014-09-29T12:07:48+00:00\" \/>\n<meta name=\"author\" content=\"La Gu\u00eda de Pamplona\" \/>\n<meta name=\"twitter:card\" content=\"summary_large_image\" \/>\n<meta name=\"twitter:creator\" content=\"@LaGuiadPamplona\" \/>\n<meta name=\"twitter:site\" content=\"@LaGuiadPamplona\" \/>\n<meta name=\"twitter:label1\" content=\"Escrito por\" \/>\n\t<meta name=\"twitter:data1\" content=\"La Gu\u00eda de Pamplona\" \/>\n\t<meta name=\"twitter:label2\" content=\"Tiempo de lectura\" \/>\n\t<meta name=\"twitter:data2\" content=\"3 minutos\" \/>\n<script type=\"application\/ld+json\" class=\"yoast-schema-graph\">{\"@context\":\"https:\\\/\\\/schema.org\",\"@graph\":[{\"@type\":\"Article\",\"@id\":\"https:\\\/\\\/www.laguiadepamplona.com\\\/actualidad\\\/el-ayuntamiento-de-pamplona-mantendra-los-impuestos-las-tasas-y-los-precios-publicos-en-2015\\\/#article\",\"isPartOf\":{\"@id\":\"https:\\\/\\\/www.laguiadepamplona.com\\\/actualidad\\\/el-ayuntamiento-de-pamplona-mantendra-los-impuestos-las-tasas-y-los-precios-publicos-en-2015\\\/\"},\"author\":{\"name\":\"La Gu\u00eda de Pamplona\",\"@id\":\"https:\\\/\\\/www.laguiadepamplona.com\\\/actualidad\\\/#\\\/schema\\\/person\\\/efe887376f0213d4657c93adc50b1fdb\"},\"headline\":\"El Ayuntamiento de Pamplona mantendr\u00e1 los impuestos, las tasas y los precios p\u00fablicos en 2015\",\"datePublished\":\"2014-09-29T12:07:48+00:00\",\"mainEntityOfPage\":{\"@id\":\"https:\\\/\\\/www.laguiadepamplona.com\\\/actualidad\\\/el-ayuntamiento-de-pamplona-mantendra-los-impuestos-las-tasas-y-los-precios-publicos-en-2015\\\/\"},\"wordCount\":714,\"commentCount\":0,\"publisher\":{\"@id\":\"https:\\\/\\\/www.laguiadepamplona.com\\\/actualidad\\\/#organization\"},\"image\":{\"@id\":\"https:\\\/\\\/www.laguiadepamplona.com\\\/actualidad\\\/el-ayuntamiento-de-pamplona-mantendra-los-impuestos-las-tasas-y-los-precios-publicos-en-2015\\\/#primaryimage\"},\"thumbnailUrl\":\"\",\"keywords\":[\"actualidad\",\"ayto pamplona\",\"Ayuntamiento de Pamplona\",\"mantendr\u00e1 impuestos\",\"normas reguladoras de precios p\u00fablicos\",\"noticias\",\"ordenanzas fiscales\",\"pamplona\",\"precios p\u00fablicos\",\"tasas\"],\"articleSection\":[\"Ayto Pamplona\"],\"inLanguage\":\"es\",\"potentialAction\":[{\"@type\":\"CommentAction\",\"name\":\"Comment\",\"target\":[\"https:\\\/\\\/www.laguiadepamplona.com\\\/actualidad\\\/el-ayuntamiento-de-pamplona-mantendra-los-impuestos-las-tasas-y-los-precios-publicos-en-2015\\\/#respond\"]}]},{\"@type\":\"WebPage\",\"@id\":\"https:\\\/\\\/www.laguiadepamplona.com\\\/actualidad\\\/el-ayuntamiento-de-pamplona-mantendra-los-impuestos-las-tasas-y-los-precios-publicos-en-2015\\\/\",\"url\":\"https:\\\/\\\/www.laguiadepamplona.com\\\/actualidad\\\/el-ayuntamiento-de-pamplona-mantendra-los-impuestos-las-tasas-y-los-precios-publicos-en-2015\\\/\",\"name\":\"El Ayuntamiento de Pamplona mantendr\u00e1 los impuestos, las tasas y los precios p\u00fablicos en 2015\",\"isPartOf\":{\"@id\":\"https:\\\/\\\/www.laguiadepamplona.com\\\/actualidad\\\/#website\"},\"primaryImageOfPage\":{\"@id\":\"https:\\\/\\\/www.laguiadepamplona.com\\\/actualidad\\\/el-ayuntamiento-de-pamplona-mantendra-los-impuestos-las-tasas-y-los-precios-publicos-en-2015\\\/#primaryimage\"},\"image\":{\"@id\":\"https:\\\/\\\/www.laguiadepamplona.com\\\/actualidad\\\/el-ayuntamiento-de-pamplona-mantendra-los-impuestos-las-tasas-y-los-precios-publicos-en-2015\\\/#primaryimage\"},\"thumbnailUrl\":\"\",\"datePublished\":\"2014-09-29T12:07:48+00:00\",\"breadcrumb\":{\"@id\":\"https:\\\/\\\/www.laguiadepamplona.com\\\/actualidad\\\/el-ayuntamiento-de-pamplona-mantendra-los-impuestos-las-tasas-y-los-precios-publicos-en-2015\\\/#breadcrumb\"},\"inLanguage\":\"es\",\"potentialAction\":[{\"@type\":\"ReadAction\",\"target\":[\"https:\\\/\\\/www.laguiadepamplona.com\\\/actualidad\\\/el-ayuntamiento-de-pamplona-mantendra-los-impuestos-las-tasas-y-los-precios-publicos-en-2015\\\/\"]}]},{\"@type\":\"ImageObject\",\"inLanguage\":\"es\",\"@id\":\"https:\\\/\\\/www.laguiadepamplona.com\\\/actualidad\\\/el-ayuntamiento-de-pamplona-mantendra-los-impuestos-las-tasas-y-los-precios-publicos-en-2015\\\/#primaryimage\",\"url\":\"\",\"contentUrl\":\"\"},{\"@type\":\"BreadcrumbList\",\"@id\":\"https:\\\/\\\/www.laguiadepamplona.com\\\/actualidad\\\/el-ayuntamiento-de-pamplona-mantendra-los-impuestos-las-tasas-y-los-precios-publicos-en-2015\\\/#breadcrumb\",\"itemListElement\":[{\"@type\":\"ListItem\",\"position\":1,\"name\":\"Portada\",\"item\":\"https:\\\/\\\/www.laguiadepamplona.com\\\/actualidad\\\/\"},{\"@type\":\"ListItem\",\"position\":2,\"name\":\"El Ayuntamiento de Pamplona mantendr\u00e1 los impuestos, las tasas y los precios p\u00fablicos en 2015\"}]},{\"@type\":\"WebSite\",\"@id\":\"https:\\\/\\\/www.laguiadepamplona.com\\\/actualidad\\\/#website\",\"url\":\"https:\\\/\\\/www.laguiadepamplona.com\\\/actualidad\\\/\",\"name\":\"La gu\u00eda de Pamplona\",\"description\":\"Noticias de Pamplona\",\"publisher\":{\"@id\":\"https:\\\/\\\/www.laguiadepamplona.com\\\/actualidad\\\/#organization\"},\"potentialAction\":[{\"@type\":\"SearchAction\",\"target\":{\"@type\":\"EntryPoint\",\"urlTemplate\":\"https:\\\/\\\/www.laguiadepamplona.com\\\/actualidad\\\/?s={search_term_string}\"},\"query-input\":{\"@type\":\"PropertyValueSpecification\",\"valueRequired\":true,\"valueName\":\"search_term_string\"}}],\"inLanguage\":\"es\"},{\"@type\":\"Organization\",\"@id\":\"https:\\\/\\\/www.laguiadepamplona.com\\\/actualidad\\\/#organization\",\"name\":\"La Gu\u00eda de Pamplona \\\/ Noticias\",\"url\":\"https:\\\/\\\/www.laguiadepamplona.com\\\/actualidad\\\/\",\"logo\":{\"@type\":\"ImageObject\",\"inLanguage\":\"es\",\"@id\":\"https:\\\/\\\/www.laguiadepamplona.com\\\/actualidad\\\/#\\\/schema\\\/logo\\\/image\\\/\",\"url\":\"https:\\\/\\\/www.laguiadepamplona.com\\\/actualidad\\\/wp-content\\\/uploads\\\/2018\\\/11\\\/logo-laguiadepamplona18-web1.png\",\"contentUrl\":\"https:\\\/\\\/www.laguiadepamplona.com\\\/actualidad\\\/wp-content\\\/uploads\\\/2018\\\/11\\\/logo-laguiadepamplona18-web1.png\",\"width\":600,\"height\":196,\"caption\":\"La Gu\u00eda de Pamplona \\\/ Noticias\"},\"image\":{\"@id\":\"https:\\\/\\\/www.laguiadepamplona.com\\\/actualidad\\\/#\\\/schema\\\/logo\\\/image\\\/\"},\"sameAs\":[\"https:\\\/\\\/www.facebook.com\\\/laguiadepamplonacom-133175176762273\\\/?ref=hl\",\"https:\\\/\\\/x.com\\\/LaGuiadPamplona\",\"https:\\\/\\\/www.instagram.com\\\/la_guia_de_pamplona\\\/\",\"https:\\\/\\\/www.youtube.com\\\/user\\\/laguiadepamplona\"]},{\"@type\":\"Person\",\"@id\":\"https:\\\/\\\/www.laguiadepamplona.com\\\/actualidad\\\/#\\\/schema\\\/person\\\/efe887376f0213d4657c93adc50b1fdb\",\"name\":\"La Gu\u00eda de Pamplona\",\"image\":{\"@type\":\"ImageObject\",\"inLanguage\":\"es\",\"@id\":\"https:\\\/\\\/secure.gravatar.com\\\/avatar\\\/b6992f131dc8d30ab0dff15446e9d346d9dbd95992de0fef795073f5ea83a81c?s=96&d=mm&r=g\",\"url\":\"https:\\\/\\\/secure.gravatar.com\\\/avatar\\\/b6992f131dc8d30ab0dff15446e9d346d9dbd95992de0fef795073f5ea83a81c?s=96&d=mm&r=g\",\"contentUrl\":\"https:\\\/\\\/secure.gravatar.com\\\/avatar\\\/b6992f131dc8d30ab0dff15446e9d346d9dbd95992de0fef795073f5ea83a81c?s=96&d=mm&r=g\",\"caption\":\"La Gu\u00eda de Pamplona\"}}]}<\/script>\n<!-- \/ Yoast SEO plugin. -->","yoast_head_json":{"title":"El Ayuntamiento de Pamplona mantendr\u00e1 los impuestos, las tasas y los precios p\u00fablicos en 2015","robots":{"index":"index","follow":"follow","max-snippet":"max-snippet:-1","max-image-preview":"max-image-preview:large","max-video-preview":"max-video-preview:-1"},"canonical":"https:\/\/www.laguiadepamplona.com\/actualidad\/el-ayuntamiento-de-pamplona-mantendra-los-impuestos-las-tasas-y-los-precios-publicos-en-2015\/","og_locale":"es_ES","og_type":"article","og_title":"El Ayuntamiento de Pamplona mantendr\u00e1 los impuestos, las tasas y los precios p\u00fablicos en 2015","og_description":"El proyecto de modificaci\u00f3n de Ordenanzas fiscales y normas reguladoras de precios p\u00fablicos se ha presentado en la Comisi\u00f3n de Presidencia El Ayuntamiento de Pamplona congelar\u00e1 los impuestos, las tasas...","og_url":"https:\/\/www.laguiadepamplona.com\/actualidad\/el-ayuntamiento-de-pamplona-mantendra-los-impuestos-las-tasas-y-los-precios-publicos-en-2015\/","og_site_name":"La Gu\u00eda de Pamplona","article_publisher":"https:\/\/www.facebook.com\/laguiadepamplonacom-133175176762273\/?ref=hl","article_published_time":"2014-09-29T12:07:48+00:00","author":"La Gu\u00eda de Pamplona","twitter_card":"summary_large_image","twitter_creator":"@LaGuiadPamplona","twitter_site":"@LaGuiadPamplona","twitter_misc":{"Escrito por":"La Gu\u00eda de Pamplona","Tiempo de lectura":"3 minutos"},"schema":{"@context":"https:\/\/schema.org","@graph":[{"@type":"Article","@id":"https:\/\/www.laguiadepamplona.com\/actualidad\/el-ayuntamiento-de-pamplona-mantendra-los-impuestos-las-tasas-y-los-precios-publicos-en-2015\/#article","isPartOf":{"@id":"https:\/\/www.laguiadepamplona.com\/actualidad\/el-ayuntamiento-de-pamplona-mantendra-los-impuestos-las-tasas-y-los-precios-publicos-en-2015\/"},"author":{"name":"La Gu\u00eda de Pamplona","@id":"https:\/\/www.laguiadepamplona.com\/actualidad\/#\/schema\/person\/efe887376f0213d4657c93adc50b1fdb"},"headline":"El Ayuntamiento de Pamplona mantendr\u00e1 los impuestos, las tasas y los precios p\u00fablicos en 2015","datePublished":"2014-09-29T12:07:48+00:00","mainEntityOfPage":{"@id":"https:\/\/www.laguiadepamplona.com\/actualidad\/el-ayuntamiento-de-pamplona-mantendra-los-impuestos-las-tasas-y-los-precios-publicos-en-2015\/"},"wordCount":714,"commentCount":0,"publisher":{"@id":"https:\/\/www.laguiadepamplona.com\/actualidad\/#organization"},"image":{"@id":"https:\/\/www.laguiadepamplona.com\/actualidad\/el-ayuntamiento-de-pamplona-mantendra-los-impuestos-las-tasas-y-los-precios-publicos-en-2015\/#primaryimage"},"thumbnailUrl":"","keywords":["actualidad","ayto pamplona","Ayuntamiento de Pamplona","mantendr\u00e1 impuestos","normas reguladoras de precios p\u00fablicos","noticias","ordenanzas fiscales","pamplona","precios p\u00fablicos","tasas"],"articleSection":["Ayto Pamplona"],"inLanguage":"es","potentialAction":[{"@type":"CommentAction","name":"Comment","target":["https:\/\/www.laguiadepamplona.com\/actualidad\/el-ayuntamiento-de-pamplona-mantendra-los-impuestos-las-tasas-y-los-precios-publicos-en-2015\/#respond"]}]},{"@type":"WebPage","@id":"https:\/\/www.laguiadepamplona.com\/actualidad\/el-ayuntamiento-de-pamplona-mantendra-los-impuestos-las-tasas-y-los-precios-publicos-en-2015\/","url":"https:\/\/www.laguiadepamplona.com\/actualidad\/el-ayuntamiento-de-pamplona-mantendra-los-impuestos-las-tasas-y-los-precios-publicos-en-2015\/","name":"El Ayuntamiento de Pamplona mantendr\u00e1 los impuestos, las tasas y los precios p\u00fablicos en 2015","isPartOf":{"@id":"https:\/\/www.laguiadepamplona.com\/actualidad\/#website"},"primaryImageOfPage":{"@id":"https:\/\/www.laguiadepamplona.com\/actualidad\/el-ayuntamiento-de-pamplona-mantendra-los-impuestos-las-tasas-y-los-precios-publicos-en-2015\/#primaryimage"},"image":{"@id":"https:\/\/www.laguiadepamplona.com\/actualidad\/el-ayuntamiento-de-pamplona-mantendra-los-impuestos-las-tasas-y-los-precios-publicos-en-2015\/#primaryimage"},"thumbnailUrl":"","datePublished":"2014-09-29T12:07:48+00:00","breadcrumb":{"@id":"https:\/\/www.laguiadepamplona.com\/actualidad\/el-ayuntamiento-de-pamplona-mantendra-los-impuestos-las-tasas-y-los-precios-publicos-en-2015\/#breadcrumb"},"inLanguage":"es","potentialAction":[{"@type":"ReadAction","target":["https:\/\/www.laguiadepamplona.com\/actualidad\/el-ayuntamiento-de-pamplona-mantendra-los-impuestos-las-tasas-y-los-precios-publicos-en-2015\/"]}]},{"@type":"ImageObject","inLanguage":"es","@id":"https:\/\/www.laguiadepamplona.com\/actualidad\/el-ayuntamiento-de-pamplona-mantendra-los-impuestos-las-tasas-y-los-precios-publicos-en-2015\/#primaryimage","url":"","contentUrl":""},{"@type":"BreadcrumbList","@id":"https:\/\/www.laguiadepamplona.com\/actualidad\/el-ayuntamiento-de-pamplona-mantendra-los-impuestos-las-tasas-y-los-precios-publicos-en-2015\/#breadcrumb","itemListElement":[{"@type":"ListItem","position":1,"name":"Portada","item":"https:\/\/www.laguiadepamplona.com\/actualidad\/"},{"@type":"ListItem","position":2,"name":"El Ayuntamiento de Pamplona mantendr\u00e1 los impuestos, las tasas y los precios p\u00fablicos en 2015"}]},{"@type":"WebSite","@id":"https:\/\/www.laguiadepamplona.com\/actualidad\/#website","url":"https:\/\/www.laguiadepamplona.com\/actualidad\/","name":"La gu\u00eda de Pamplona","description":"Noticias de Pamplona","publisher":{"@id":"https:\/\/www.laguiadepamplona.com\/actualidad\/#organization"},"potentialAction":[{"@type":"SearchAction","target":{"@type":"EntryPoint","urlTemplate":"https:\/\/www.laguiadepamplona.com\/actualidad\/?s={search_term_string}"},"query-input":{"@type":"PropertyValueSpecification","valueRequired":true,"valueName":"search_term_string"}}],"inLanguage":"es"},{"@type":"Organization","@id":"https:\/\/www.laguiadepamplona.com\/actualidad\/#organization","name":"La Gu\u00eda de Pamplona \/ Noticias","url":"https:\/\/www.laguiadepamplona.com\/actualidad\/","logo":{"@type":"ImageObject","inLanguage":"es","@id":"https:\/\/www.laguiadepamplona.com\/actualidad\/#\/schema\/logo\/image\/","url":"https:\/\/www.laguiadepamplona.com\/actualidad\/wp-content\/uploads\/2018\/11\/logo-laguiadepamplona18-web1.png","contentUrl":"https:\/\/www.laguiadepamplona.com\/actualidad\/wp-content\/uploads\/2018\/11\/logo-laguiadepamplona18-web1.png","width":600,"height":196,"caption":"La Gu\u00eda de Pamplona \/ Noticias"},"image":{"@id":"https:\/\/www.laguiadepamplona.com\/actualidad\/#\/schema\/logo\/image\/"},"sameAs":["https:\/\/www.facebook.com\/laguiadepamplonacom-133175176762273\/?ref=hl","https:\/\/x.com\/LaGuiadPamplona","https:\/\/www.instagram.com\/la_guia_de_pamplona\/","https:\/\/www.youtube.com\/user\/laguiadepamplona"]},{"@type":"Person","@id":"https:\/\/www.laguiadepamplona.com\/actualidad\/#\/schema\/person\/efe887376f0213d4657c93adc50b1fdb","name":"La Gu\u00eda de Pamplona","image":{"@type":"ImageObject","inLanguage":"es","@id":"https:\/\/secure.gravatar.com\/avatar\/b6992f131dc8d30ab0dff15446e9d346d9dbd95992de0fef795073f5ea83a81c?s=96&d=mm&r=g","url":"https:\/\/secure.gravatar.com\/avatar\/b6992f131dc8d30ab0dff15446e9d346d9dbd95992de0fef795073f5ea83a81c?s=96&d=mm&r=g","contentUrl":"https:\/\/secure.gravatar.com\/avatar\/b6992f131dc8d30ab0dff15446e9d346d9dbd95992de0fef795073f5ea83a81c?s=96&d=mm&r=g","caption":"La Gu\u00eda de Pamplona"}}]}},"post_mailing_queue_ids":[],"_links":{"self":[{"href":"https:\/\/www.laguiadepamplona.com\/actualidad\/wp-json\/wp\/v2\/posts\/3222","targetHints":{"allow":["GET"]}}],"collection":[{"href":"https:\/\/www.laguiadepamplona.com\/actualidad\/wp-json\/wp\/v2\/posts"}],"about":[{"href":"https:\/\/www.laguiadepamplona.com\/actualidad\/wp-json\/wp\/v2\/types\/post"}],"author":[{"embeddable":true,"href":"https:\/\/www.laguiadepamplona.com\/actualidad\/wp-json\/wp\/v2\/users\/1"}],"replies":[{"embeddable":true,"href":"https:\/\/www.laguiadepamplona.com\/actualidad\/wp-json\/wp\/v2\/comments?post=3222"}],"version-history":[{"count":0,"href":"https:\/\/www.laguiadepamplona.com\/actualidad\/wp-json\/wp\/v2\/posts\/3222\/revisions"}],"wp:featuredmedia":[{"embeddable":true,"href":"https:\/\/www.laguiadepamplona.com\/actualidad\/wp-json\/"}],"wp:attachment":[{"href":"https:\/\/www.laguiadepamplona.com\/actualidad\/wp-json\/wp\/v2\/media?parent=3222"}],"wp:term":[{"taxonomy":"category","embeddable":true,"href":"https:\/\/www.laguiadepamplona.com\/actualidad\/wp-json\/wp\/v2\/categories?post=3222"},{"taxonomy":"post_tag","embeddable":true,"href":"https:\/\/www.laguiadepamplona.com\/actualidad\/wp-json\/wp\/v2\/tags?post=3222"}],"curies":[{"name":"wp","href":"https:\/\/api.w.org\/{rel}","templated":true}]}}