{"id":3173,"date":"2014-09-25T12:46:24","date_gmt":"2014-09-25T10:46:24","guid":{"rendered":"http:\/\/laguiadepamplona.com\/actualidad\/?p=3173"},"modified":"2014-09-25T12:46:24","modified_gmt":"2014-09-25T10:46:24","slug":"la-programacion-de-las-fiestas-de-san-fermin-de-aldapa-arranca-manana-con-actividades-infantiles-en-la-plaza-de-san-francisco-y-un-certamen-musical-interuniversitario","status":"publish","type":"post","link":"https:\/\/www.laguiadepamplona.com\/actualidad\/la-programacion-de-las-fiestas-de-san-fermin-de-aldapa-arranca-manana-con-actividades-infantiles-en-la-plaza-de-san-francisco-y-un-certamen-musical-interuniversitario\/","title":{"rendered":"La programaci\u00f3n de las fiestas de San Ferm\u00edn de Aldapa arranca ma\u00f1ana con actividades infantiles en la plaza de San Francisco y un certamen musical interuniversitario"},"content":{"rendered":"<h4>Las atracciones estar\u00e1n instaladas desde las cinco de la tarde, mientras que los conciertos comenzar\u00e1n a las ocho en la plaza de los Burgos<\/h4>\n<p><a href=\"http:\/\/laguiadepamplona.com\/actualidad\/wp-content\/uploads\/2014\/09\/san-ferm\u00edn-de-aldapa-2.jpg\"><img loading=\"lazy\" decoding=\"async\" class=\"alignleft size-medium wp-image-3055\" src=\"http:\/\/laguiadepamplona.com\/actualidad\/wp-content\/uploads\/2014\/09\/san-ferm\u00edn-de-aldapa-2-300x224.jpg\" alt=\"san-ferm\u00edn-de-aldapa-2\" width=\"300\" height=\"224\" \/><\/a>Los m\u00e1s peque\u00f1os ser\u00e1n ma\u00f1ana protagonistas del arranque de las fiestas de San Ferm\u00edn de Aldapa, ya que la programaci\u00f3n preparada por el Ayuntamiento de Pamplona se inaugura con un parque infantil que estar\u00e1 instalado en la plaza de San Francisco entre las cinco y las ocho de la tarde. Todas las atracciones estar\u00e1n disponibles de forma gratuita.<\/p>\n<p>El parque constar\u00e1 de zonas diferenciadas para las distintas edades. La zona para menores de 6 a\u00f1os incluir\u00e1 un <em>goming<\/em> de tres saltos con arneses, hinchables variados y un recinto con mini-bampers. Para los que tengan entre 6 y 13 a\u00f1os habr\u00e1 tambi\u00e9n <em>goming<\/em> para poder saltar, hinchables y un aerogiro. Finalmente est\u00e1 prevista una zona familiar con carpas con futbolines, mesas de aire y otros juegos. Al terminar las actividades, tendr\u00e1 lugar en la calle Zapater\u00eda un encierro infantil de toricos con ruedas. Tanto el parque infantil como el posterior encierro volver\u00e1n a ofrecerse el s\u00e1bado por la tarde en el mismo horario que ma\u00f1ana.<\/p>\n<p>Por otra parte, a partir de las ocho de la tarde se celebrar\u00e1 en la plaza de los Burgos el III Certamen musical Interuniversitario Grupo 9 de Universidades, iniciativa en la que la Universidad P\u00fablica de Navarra act\u00faa como anfitriona y en la que participan bandas de las universidades de Cantabria, Castilla La Mancha, Extremadura, Islas Baleares, La Rioja, Navarra, Oviedo y Zaragoza. Los grupos, que han resultado ganadores de los cert\u00e1menes organizados previamente en sus respectivos centros, se subir\u00e1n al escenario para protagonizar mini-conciertos de unos 40 minutos de duraci\u00f3n cada uno. El evento est\u00e1 organizado por la UPNA con la colaboraci\u00f3n del Ayuntamiento de Pamplona.<\/p>\n<p>&nbsp;<\/p>\n<p><strong>fiestas san ferm\u00edn de aldapa<\/strong><\/p>\n<p><strong>Viernes 26 de septiembre<\/strong><\/p>\n<ul>\n<li>Parque infantil\n<ul>\n<li>Plaza de San Francisco<\/li>\n<li>De 17 \u00a0a 20 horas<\/li>\n<\/ul>\n<\/li>\n<li>Encierro infantil\n<ul>\n<li>Calle Zapater\u00eda<\/li>\n<li>19.45 horas<\/li>\n<\/ul>\n<\/li>\n<li>III Certamen musical interuniversitario Grupo 9 de Universidades\n<ul>\n<li>Plaza de los Burgos<\/li>\n<li>20 horas: Alienda (Oviedo)<\/li>\n<li>20.40 horas: Veintiuno (Castilla la Mancha)<\/li>\n<li>21.20 horas: Incitis (Islas Baleares)<\/li>\n<li>22 horas: Repi\u00f3n (Cantabria)<\/li>\n<li>22.40 horas: Perdiendo los papeles (Zaragoza)<\/li>\n<li>00.20 horas: Desvelo 12 (La Rioja)<\/li>\n<li>01.00 horas: Corsarias (Navarra)<\/li>\n<li>01.40 horas: Sombras en el sol (Extremadura)<\/li>\n<\/ul>\n<\/li>\n<\/ul>\n<p>&nbsp;<\/p>\n","protected":false},"excerpt":{"rendered":"<p>Las atracciones estar\u00e1n instaladas desde las cinco de la tarde, mientras que los conciertos comenzar\u00e1n a las ocho en la plaza de los Burgos Los m\u00e1s peque\u00f1os ser\u00e1n ma\u00f1ana protagonistas&#8230;<\/p>\n","protected":false},"author":1,"featured_media":3055,"comment_status":"open","ping_status":"open","sticky":false,"template":"","format":"standard","meta":{"footnotes":""},"categories":[2],"tags":[199,1345,5,6,509,2651,844,1358,8,9,2331,2558],"class_list":["post-3173","post","type-post","status-publish","format-standard","has-post-thumbnail","hentry","category-ayuntamiento-pamplona","tag-199","tag-actividades","tag-actualidad","tag-ayto-pamplona","tag-ayuntamiento-de-pamplona","tag-certamen-musical-interuniversitario","tag-fiestas","tag-infantiles","tag-noticias","tag-pamplona","tag-plaza-san-francisco","tag-san-fermin-de-aldapa"],"yoast_head":"<!-- This site is optimized with the Yoast SEO plugin v27.5 - https:\/\/yoast.com\/product\/yoast-seo-wordpress\/ -->\n<title>La programaci\u00f3n de las fiestas de San Ferm\u00edn de Aldapa arranca ma\u00f1ana con actividades infantiles en la plaza de San Francisco y un certamen musical interuniversitario<\/title>\n<meta name=\"robots\" content=\"index, follow, max-snippet:-1, max-image-preview:large, max-video-preview:-1\" \/>\n<link rel=\"canonical\" href=\"https:\/\/www.laguiadepamplona.com\/actualidad\/la-programacion-de-las-fiestas-de-san-fermin-de-aldapa-arranca-manana-con-actividades-infantiles-en-la-plaza-de-san-francisco-y-un-certamen-musical-interuniversitario\/\" \/>\n<meta property=\"og:locale\" content=\"es_ES\" \/>\n<meta property=\"og:type\" content=\"article\" \/>\n<meta property=\"og:title\" content=\"La programaci\u00f3n de las fiestas de San Ferm\u00edn de Aldapa arranca ma\u00f1ana con actividades infantiles en la plaza de San Francisco y un certamen musical interuniversitario\" \/>\n<meta property=\"og:description\" content=\"Las atracciones estar\u00e1n instaladas desde las cinco de la tarde, mientras que los conciertos comenzar\u00e1n a las ocho en la plaza de los Burgos Los m\u00e1s peque\u00f1os ser\u00e1n ma\u00f1ana protagonistas...\" \/>\n<meta property=\"og:url\" content=\"https:\/\/www.laguiadepamplona.com\/actualidad\/la-programacion-de-las-fiestas-de-san-fermin-de-aldapa-arranca-manana-con-actividades-infantiles-en-la-plaza-de-san-francisco-y-un-certamen-musical-interuniversitario\/\" \/>\n<meta property=\"og:site_name\" content=\"La Gu\u00eda de Pamplona\" \/>\n<meta property=\"article:publisher\" content=\"https:\/\/www.facebook.com\/laguiadepamplonacom-133175176762273\/?ref=hl\" \/>\n<meta property=\"article:published_time\" content=\"2014-09-25T10:46:24+00:00\" \/>\n<meta name=\"author\" content=\"La Gu\u00eda de Pamplona\" \/>\n<meta name=\"twitter:card\" content=\"summary_large_image\" \/>\n<meta name=\"twitter:creator\" content=\"@LaGuiadPamplona\" \/>\n<meta name=\"twitter:site\" content=\"@LaGuiadPamplona\" \/>\n<meta name=\"twitter:label1\" content=\"Escrito por\" \/>\n\t<meta name=\"twitter:data1\" content=\"La Gu\u00eda de Pamplona\" \/>\n\t<meta name=\"twitter:label2\" content=\"Tiempo de lectura\" \/>\n\t<meta name=\"twitter:data2\" content=\"2 minutos\" \/>\n<script type=\"application\/ld+json\" class=\"yoast-schema-graph\">{\"@context\":\"https:\\\/\\\/schema.org\",\"@graph\":[{\"@type\":\"Article\",\"@id\":\"https:\\\/\\\/www.laguiadepamplona.com\\\/actualidad\\\/la-programacion-de-las-fiestas-de-san-fermin-de-aldapa-arranca-manana-con-actividades-infantiles-en-la-plaza-de-san-francisco-y-un-certamen-musical-interuniversitario\\\/#article\",\"isPartOf\":{\"@id\":\"https:\\\/\\\/www.laguiadepamplona.com\\\/actualidad\\\/la-programacion-de-las-fiestas-de-san-fermin-de-aldapa-arranca-manana-con-actividades-infantiles-en-la-plaza-de-san-francisco-y-un-certamen-musical-interuniversitario\\\/\"},\"author\":{\"name\":\"La Gu\u00eda de Pamplona\",\"@id\":\"https:\\\/\\\/www.laguiadepamplona.com\\\/actualidad\\\/#\\\/schema\\\/person\\\/efe887376f0213d4657c93adc50b1fdb\"},\"headline\":\"La programaci\u00f3n de las fiestas de San Ferm\u00edn de Aldapa arranca ma\u00f1ana con actividades infantiles en la plaza de San Francisco y un certamen musical interuniversitario\",\"datePublished\":\"2014-09-25T10:46:24+00:00\",\"mainEntityOfPage\":{\"@id\":\"https:\\\/\\\/www.laguiadepamplona.com\\\/actualidad\\\/la-programacion-de-las-fiestas-de-san-fermin-de-aldapa-arranca-manana-con-actividades-infantiles-en-la-plaza-de-san-francisco-y-un-certamen-musical-interuniversitario\\\/\"},\"wordCount\":412,\"commentCount\":0,\"publisher\":{\"@id\":\"https:\\\/\\\/www.laguiadepamplona.com\\\/actualidad\\\/#organization\"},\"image\":{\"@id\":\"https:\\\/\\\/www.laguiadepamplona.com\\\/actualidad\\\/la-programacion-de-las-fiestas-de-san-fermin-de-aldapa-arranca-manana-con-actividades-infantiles-en-la-plaza-de-san-francisco-y-un-certamen-musical-interuniversitario\\\/#primaryimage\"},\"thumbnailUrl\":\"\",\"keywords\":[\"2014\",\"actividades\",\"actualidad\",\"ayto pamplona\",\"Ayuntamiento de Pamplona\",\"certamen musical interuniversitario\",\"fiestas\",\"infantiles\",\"noticias\",\"pamplona\",\"plaza san francisco\",\"San Ferm\u00edn de Aldapa\"],\"articleSection\":[\"Ayto Pamplona\"],\"inLanguage\":\"es\",\"potentialAction\":[{\"@type\":\"CommentAction\",\"name\":\"Comment\",\"target\":[\"https:\\\/\\\/www.laguiadepamplona.com\\\/actualidad\\\/la-programacion-de-las-fiestas-de-san-fermin-de-aldapa-arranca-manana-con-actividades-infantiles-en-la-plaza-de-san-francisco-y-un-certamen-musical-interuniversitario\\\/#respond\"]}]},{\"@type\":\"WebPage\",\"@id\":\"https:\\\/\\\/www.laguiadepamplona.com\\\/actualidad\\\/la-programacion-de-las-fiestas-de-san-fermin-de-aldapa-arranca-manana-con-actividades-infantiles-en-la-plaza-de-san-francisco-y-un-certamen-musical-interuniversitario\\\/\",\"url\":\"https:\\\/\\\/www.laguiadepamplona.com\\\/actualidad\\\/la-programacion-de-las-fiestas-de-san-fermin-de-aldapa-arranca-manana-con-actividades-infantiles-en-la-plaza-de-san-francisco-y-un-certamen-musical-interuniversitario\\\/\",\"name\":\"La programaci\u00f3n de las fiestas de San Ferm\u00edn de Aldapa arranca ma\u00f1ana con actividades infantiles en la plaza de San Francisco y un certamen musical interuniversitario\",\"isPartOf\":{\"@id\":\"https:\\\/\\\/www.laguiadepamplona.com\\\/actualidad\\\/#website\"},\"primaryImageOfPage\":{\"@id\":\"https:\\\/\\\/www.laguiadepamplona.com\\\/actualidad\\\/la-programacion-de-las-fiestas-de-san-fermin-de-aldapa-arranca-manana-con-actividades-infantiles-en-la-plaza-de-san-francisco-y-un-certamen-musical-interuniversitario\\\/#primaryimage\"},\"image\":{\"@id\":\"https:\\\/\\\/www.laguiadepamplona.com\\\/actualidad\\\/la-programacion-de-las-fiestas-de-san-fermin-de-aldapa-arranca-manana-con-actividades-infantiles-en-la-plaza-de-san-francisco-y-un-certamen-musical-interuniversitario\\\/#primaryimage\"},\"thumbnailUrl\":\"\",\"datePublished\":\"2014-09-25T10:46:24+00:00\",\"breadcrumb\":{\"@id\":\"https:\\\/\\\/www.laguiadepamplona.com\\\/actualidad\\\/la-programacion-de-las-fiestas-de-san-fermin-de-aldapa-arranca-manana-con-actividades-infantiles-en-la-plaza-de-san-francisco-y-un-certamen-musical-interuniversitario\\\/#breadcrumb\"},\"inLanguage\":\"es\",\"potentialAction\":[{\"@type\":\"ReadAction\",\"target\":[\"https:\\\/\\\/www.laguiadepamplona.com\\\/actualidad\\\/la-programacion-de-las-fiestas-de-san-fermin-de-aldapa-arranca-manana-con-actividades-infantiles-en-la-plaza-de-san-francisco-y-un-certamen-musical-interuniversitario\\\/\"]}]},{\"@type\":\"ImageObject\",\"inLanguage\":\"es\",\"@id\":\"https:\\\/\\\/www.laguiadepamplona.com\\\/actualidad\\\/la-programacion-de-las-fiestas-de-san-fermin-de-aldapa-arranca-manana-con-actividades-infantiles-en-la-plaza-de-san-francisco-y-un-certamen-musical-interuniversitario\\\/#primaryimage\",\"url\":\"\",\"contentUrl\":\"\"},{\"@type\":\"BreadcrumbList\",\"@id\":\"https:\\\/\\\/www.laguiadepamplona.com\\\/actualidad\\\/la-programacion-de-las-fiestas-de-san-fermin-de-aldapa-arranca-manana-con-actividades-infantiles-en-la-plaza-de-san-francisco-y-un-certamen-musical-interuniversitario\\\/#breadcrumb\",\"itemListElement\":[{\"@type\":\"ListItem\",\"position\":1,\"name\":\"Portada\",\"item\":\"https:\\\/\\\/www.laguiadepamplona.com\\\/actualidad\\\/\"},{\"@type\":\"ListItem\",\"position\":2,\"name\":\"La programaci\u00f3n de las fiestas de San Ferm\u00edn de Aldapa arranca ma\u00f1ana con actividades infantiles en la plaza de San Francisco y un certamen musical interuniversitario\"}]},{\"@type\":\"WebSite\",\"@id\":\"https:\\\/\\\/www.laguiadepamplona.com\\\/actualidad\\\/#website\",\"url\":\"https:\\\/\\\/www.laguiadepamplona.com\\\/actualidad\\\/\",\"name\":\"La gu\u00eda de Pamplona\",\"description\":\"Noticias de Pamplona\",\"publisher\":{\"@id\":\"https:\\\/\\\/www.laguiadepamplona.com\\\/actualidad\\\/#organization\"},\"potentialAction\":[{\"@type\":\"SearchAction\",\"target\":{\"@type\":\"EntryPoint\",\"urlTemplate\":\"https:\\\/\\\/www.laguiadepamplona.com\\\/actualidad\\\/?s={search_term_string}\"},\"query-input\":{\"@type\":\"PropertyValueSpecification\",\"valueRequired\":true,\"valueName\":\"search_term_string\"}}],\"inLanguage\":\"es\"},{\"@type\":\"Organization\",\"@id\":\"https:\\\/\\\/www.laguiadepamplona.com\\\/actualidad\\\/#organization\",\"name\":\"La Gu\u00eda de Pamplona \\\/ Noticias\",\"url\":\"https:\\\/\\\/www.laguiadepamplona.com\\\/actualidad\\\/\",\"logo\":{\"@type\":\"ImageObject\",\"inLanguage\":\"es\",\"@id\":\"https:\\\/\\\/www.laguiadepamplona.com\\\/actualidad\\\/#\\\/schema\\\/logo\\\/image\\\/\",\"url\":\"https:\\\/\\\/www.laguiadepamplona.com\\\/actualidad\\\/wp-content\\\/uploads\\\/2018\\\/11\\\/logo-laguiadepamplona18-web1.png\",\"contentUrl\":\"https:\\\/\\\/www.laguiadepamplona.com\\\/actualidad\\\/wp-content\\\/uploads\\\/2018\\\/11\\\/logo-laguiadepamplona18-web1.png\",\"width\":600,\"height\":196,\"caption\":\"La Gu\u00eda de Pamplona \\\/ Noticias\"},\"image\":{\"@id\":\"https:\\\/\\\/www.laguiadepamplona.com\\\/actualidad\\\/#\\\/schema\\\/logo\\\/image\\\/\"},\"sameAs\":[\"https:\\\/\\\/www.facebook.com\\\/laguiadepamplonacom-133175176762273\\\/?ref=hl\",\"https:\\\/\\\/x.com\\\/LaGuiadPamplona\",\"https:\\\/\\\/www.instagram.com\\\/la_guia_de_pamplona\\\/\",\"https:\\\/\\\/www.youtube.com\\\/user\\\/laguiadepamplona\"]},{\"@type\":\"Person\",\"@id\":\"https:\\\/\\\/www.laguiadepamplona.com\\\/actualidad\\\/#\\\/schema\\\/person\\\/efe887376f0213d4657c93adc50b1fdb\",\"name\":\"La Gu\u00eda de Pamplona\",\"image\":{\"@type\":\"ImageObject\",\"inLanguage\":\"es\",\"@id\":\"https:\\\/\\\/secure.gravatar.com\\\/avatar\\\/b6992f131dc8d30ab0dff15446e9d346d9dbd95992de0fef795073f5ea83a81c?s=96&d=mm&r=g\",\"url\":\"https:\\\/\\\/secure.gravatar.com\\\/avatar\\\/b6992f131dc8d30ab0dff15446e9d346d9dbd95992de0fef795073f5ea83a81c?s=96&d=mm&r=g\",\"contentUrl\":\"https:\\\/\\\/secure.gravatar.com\\\/avatar\\\/b6992f131dc8d30ab0dff15446e9d346d9dbd95992de0fef795073f5ea83a81c?s=96&d=mm&r=g\",\"caption\":\"La Gu\u00eda de Pamplona\"}}]}<\/script>\n<!-- \/ Yoast SEO plugin. -->","yoast_head_json":{"title":"La programaci\u00f3n de las fiestas de San Ferm\u00edn de Aldapa arranca ma\u00f1ana con actividades infantiles en la plaza de San Francisco y un certamen musical interuniversitario","robots":{"index":"index","follow":"follow","max-snippet":"max-snippet:-1","max-image-preview":"max-image-preview:large","max-video-preview":"max-video-preview:-1"},"canonical":"https:\/\/www.laguiadepamplona.com\/actualidad\/la-programacion-de-las-fiestas-de-san-fermin-de-aldapa-arranca-manana-con-actividades-infantiles-en-la-plaza-de-san-francisco-y-un-certamen-musical-interuniversitario\/","og_locale":"es_ES","og_type":"article","og_title":"La programaci\u00f3n de las fiestas de San Ferm\u00edn de Aldapa arranca ma\u00f1ana con actividades infantiles en la plaza de San Francisco y un certamen musical interuniversitario","og_description":"Las atracciones estar\u00e1n instaladas desde las cinco de la tarde, mientras que los conciertos comenzar\u00e1n a las ocho en la plaza de los Burgos Los m\u00e1s peque\u00f1os ser\u00e1n ma\u00f1ana protagonistas...","og_url":"https:\/\/www.laguiadepamplona.com\/actualidad\/la-programacion-de-las-fiestas-de-san-fermin-de-aldapa-arranca-manana-con-actividades-infantiles-en-la-plaza-de-san-francisco-y-un-certamen-musical-interuniversitario\/","og_site_name":"La Gu\u00eda de Pamplona","article_publisher":"https:\/\/www.facebook.com\/laguiadepamplonacom-133175176762273\/?ref=hl","article_published_time":"2014-09-25T10:46:24+00:00","author":"La Gu\u00eda de Pamplona","twitter_card":"summary_large_image","twitter_creator":"@LaGuiadPamplona","twitter_site":"@LaGuiadPamplona","twitter_misc":{"Escrito por":"La Gu\u00eda de Pamplona","Tiempo de lectura":"2 minutos"},"schema":{"@context":"https:\/\/schema.org","@graph":[{"@type":"Article","@id":"https:\/\/www.laguiadepamplona.com\/actualidad\/la-programacion-de-las-fiestas-de-san-fermin-de-aldapa-arranca-manana-con-actividades-infantiles-en-la-plaza-de-san-francisco-y-un-certamen-musical-interuniversitario\/#article","isPartOf":{"@id":"https:\/\/www.laguiadepamplona.com\/actualidad\/la-programacion-de-las-fiestas-de-san-fermin-de-aldapa-arranca-manana-con-actividades-infantiles-en-la-plaza-de-san-francisco-y-un-certamen-musical-interuniversitario\/"},"author":{"name":"La Gu\u00eda de Pamplona","@id":"https:\/\/www.laguiadepamplona.com\/actualidad\/#\/schema\/person\/efe887376f0213d4657c93adc50b1fdb"},"headline":"La programaci\u00f3n de las fiestas de San Ferm\u00edn de Aldapa arranca ma\u00f1ana con actividades infantiles en la plaza de San Francisco y un certamen musical interuniversitario","datePublished":"2014-09-25T10:46:24+00:00","mainEntityOfPage":{"@id":"https:\/\/www.laguiadepamplona.com\/actualidad\/la-programacion-de-las-fiestas-de-san-fermin-de-aldapa-arranca-manana-con-actividades-infantiles-en-la-plaza-de-san-francisco-y-un-certamen-musical-interuniversitario\/"},"wordCount":412,"commentCount":0,"publisher":{"@id":"https:\/\/www.laguiadepamplona.com\/actualidad\/#organization"},"image":{"@id":"https:\/\/www.laguiadepamplona.com\/actualidad\/la-programacion-de-las-fiestas-de-san-fermin-de-aldapa-arranca-manana-con-actividades-infantiles-en-la-plaza-de-san-francisco-y-un-certamen-musical-interuniversitario\/#primaryimage"},"thumbnailUrl":"","keywords":["2014","actividades","actualidad","ayto pamplona","Ayuntamiento de Pamplona","certamen musical interuniversitario","fiestas","infantiles","noticias","pamplona","plaza san francisco","San Ferm\u00edn de Aldapa"],"articleSection":["Ayto Pamplona"],"inLanguage":"es","potentialAction":[{"@type":"CommentAction","name":"Comment","target":["https:\/\/www.laguiadepamplona.com\/actualidad\/la-programacion-de-las-fiestas-de-san-fermin-de-aldapa-arranca-manana-con-actividades-infantiles-en-la-plaza-de-san-francisco-y-un-certamen-musical-interuniversitario\/#respond"]}]},{"@type":"WebPage","@id":"https:\/\/www.laguiadepamplona.com\/actualidad\/la-programacion-de-las-fiestas-de-san-fermin-de-aldapa-arranca-manana-con-actividades-infantiles-en-la-plaza-de-san-francisco-y-un-certamen-musical-interuniversitario\/","url":"https:\/\/www.laguiadepamplona.com\/actualidad\/la-programacion-de-las-fiestas-de-san-fermin-de-aldapa-arranca-manana-con-actividades-infantiles-en-la-plaza-de-san-francisco-y-un-certamen-musical-interuniversitario\/","name":"La programaci\u00f3n de las fiestas de San Ferm\u00edn de Aldapa arranca ma\u00f1ana con actividades infantiles en la plaza de San Francisco y un certamen musical interuniversitario","isPartOf":{"@id":"https:\/\/www.laguiadepamplona.com\/actualidad\/#website"},"primaryImageOfPage":{"@id":"https:\/\/www.laguiadepamplona.com\/actualidad\/la-programacion-de-las-fiestas-de-san-fermin-de-aldapa-arranca-manana-con-actividades-infantiles-en-la-plaza-de-san-francisco-y-un-certamen-musical-interuniversitario\/#primaryimage"},"image":{"@id":"https:\/\/www.laguiadepamplona.com\/actualidad\/la-programacion-de-las-fiestas-de-san-fermin-de-aldapa-arranca-manana-con-actividades-infantiles-en-la-plaza-de-san-francisco-y-un-certamen-musical-interuniversitario\/#primaryimage"},"thumbnailUrl":"","datePublished":"2014-09-25T10:46:24+00:00","breadcrumb":{"@id":"https:\/\/www.laguiadepamplona.com\/actualidad\/la-programacion-de-las-fiestas-de-san-fermin-de-aldapa-arranca-manana-con-actividades-infantiles-en-la-plaza-de-san-francisco-y-un-certamen-musical-interuniversitario\/#breadcrumb"},"inLanguage":"es","potentialAction":[{"@type":"ReadAction","target":["https:\/\/www.laguiadepamplona.com\/actualidad\/la-programacion-de-las-fiestas-de-san-fermin-de-aldapa-arranca-manana-con-actividades-infantiles-en-la-plaza-de-san-francisco-y-un-certamen-musical-interuniversitario\/"]}]},{"@type":"ImageObject","inLanguage":"es","@id":"https:\/\/www.laguiadepamplona.com\/actualidad\/la-programacion-de-las-fiestas-de-san-fermin-de-aldapa-arranca-manana-con-actividades-infantiles-en-la-plaza-de-san-francisco-y-un-certamen-musical-interuniversitario\/#primaryimage","url":"","contentUrl":""},{"@type":"BreadcrumbList","@id":"https:\/\/www.laguiadepamplona.com\/actualidad\/la-programacion-de-las-fiestas-de-san-fermin-de-aldapa-arranca-manana-con-actividades-infantiles-en-la-plaza-de-san-francisco-y-un-certamen-musical-interuniversitario\/#breadcrumb","itemListElement":[{"@type":"ListItem","position":1,"name":"Portada","item":"https:\/\/www.laguiadepamplona.com\/actualidad\/"},{"@type":"ListItem","position":2,"name":"La programaci\u00f3n de las fiestas de San Ferm\u00edn de Aldapa arranca ma\u00f1ana con actividades infantiles en la plaza de San Francisco y un certamen musical interuniversitario"}]},{"@type":"WebSite","@id":"https:\/\/www.laguiadepamplona.com\/actualidad\/#website","url":"https:\/\/www.laguiadepamplona.com\/actualidad\/","name":"La gu\u00eda de Pamplona","description":"Noticias de Pamplona","publisher":{"@id":"https:\/\/www.laguiadepamplona.com\/actualidad\/#organization"},"potentialAction":[{"@type":"SearchAction","target":{"@type":"EntryPoint","urlTemplate":"https:\/\/www.laguiadepamplona.com\/actualidad\/?s={search_term_string}"},"query-input":{"@type":"PropertyValueSpecification","valueRequired":true,"valueName":"search_term_string"}}],"inLanguage":"es"},{"@type":"Organization","@id":"https:\/\/www.laguiadepamplona.com\/actualidad\/#organization","name":"La Gu\u00eda de Pamplona \/ Noticias","url":"https:\/\/www.laguiadepamplona.com\/actualidad\/","logo":{"@type":"ImageObject","inLanguage":"es","@id":"https:\/\/www.laguiadepamplona.com\/actualidad\/#\/schema\/logo\/image\/","url":"https:\/\/www.laguiadepamplona.com\/actualidad\/wp-content\/uploads\/2018\/11\/logo-laguiadepamplona18-web1.png","contentUrl":"https:\/\/www.laguiadepamplona.com\/actualidad\/wp-content\/uploads\/2018\/11\/logo-laguiadepamplona18-web1.png","width":600,"height":196,"caption":"La Gu\u00eda de Pamplona \/ Noticias"},"image":{"@id":"https:\/\/www.laguiadepamplona.com\/actualidad\/#\/schema\/logo\/image\/"},"sameAs":["https:\/\/www.facebook.com\/laguiadepamplonacom-133175176762273\/?ref=hl","https:\/\/x.com\/LaGuiadPamplona","https:\/\/www.instagram.com\/la_guia_de_pamplona\/","https:\/\/www.youtube.com\/user\/laguiadepamplona"]},{"@type":"Person","@id":"https:\/\/www.laguiadepamplona.com\/actualidad\/#\/schema\/person\/efe887376f0213d4657c93adc50b1fdb","name":"La Gu\u00eda de Pamplona","image":{"@type":"ImageObject","inLanguage":"es","@id":"https:\/\/secure.gravatar.com\/avatar\/b6992f131dc8d30ab0dff15446e9d346d9dbd95992de0fef795073f5ea83a81c?s=96&d=mm&r=g","url":"https:\/\/secure.gravatar.com\/avatar\/b6992f131dc8d30ab0dff15446e9d346d9dbd95992de0fef795073f5ea83a81c?s=96&d=mm&r=g","contentUrl":"https:\/\/secure.gravatar.com\/avatar\/b6992f131dc8d30ab0dff15446e9d346d9dbd95992de0fef795073f5ea83a81c?s=96&d=mm&r=g","caption":"La Gu\u00eda de Pamplona"}}]}},"post_mailing_queue_ids":[],"_links":{"self":[{"href":"https:\/\/www.laguiadepamplona.com\/actualidad\/wp-json\/wp\/v2\/posts\/3173","targetHints":{"allow":["GET"]}}],"collection":[{"href":"https:\/\/www.laguiadepamplona.com\/actualidad\/wp-json\/wp\/v2\/posts"}],"about":[{"href":"https:\/\/www.laguiadepamplona.com\/actualidad\/wp-json\/wp\/v2\/types\/post"}],"author":[{"embeddable":true,"href":"https:\/\/www.laguiadepamplona.com\/actualidad\/wp-json\/wp\/v2\/users\/1"}],"replies":[{"embeddable":true,"href":"https:\/\/www.laguiadepamplona.com\/actualidad\/wp-json\/wp\/v2\/comments?post=3173"}],"version-history":[{"count":0,"href":"https:\/\/www.laguiadepamplona.com\/actualidad\/wp-json\/wp\/v2\/posts\/3173\/revisions"}],"wp:featuredmedia":[{"embeddable":true,"href":"https:\/\/www.laguiadepamplona.com\/actualidad\/wp-json\/"}],"wp:attachment":[{"href":"https:\/\/www.laguiadepamplona.com\/actualidad\/wp-json\/wp\/v2\/media?parent=3173"}],"wp:term":[{"taxonomy":"category","embeddable":true,"href":"https:\/\/www.laguiadepamplona.com\/actualidad\/wp-json\/wp\/v2\/categories?post=3173"},{"taxonomy":"post_tag","embeddable":true,"href":"https:\/\/www.laguiadepamplona.com\/actualidad\/wp-json\/wp\/v2\/tags?post=3173"}],"curies":[{"name":"wp","href":"https:\/\/api.w.org\/{rel}","templated":true}]}}