{"id":3057,"date":"2014-09-16T10:16:18","date_gmt":"2014-09-16T10:16:18","guid":{"rendered":"http:\/\/laguiadepamplona.com\/actualidad\/?p=3057"},"modified":"2014-09-16T10:16:18","modified_gmt":"2014-09-16T10:16:18","slug":"la-nueva-ordenanza-del-comercio-no-sedentario-regulara-los-lugares-frecuencia-horario-y-productos-de-todas-las-modalidades-de-venta-ambulante-en-pamplona","status":"publish","type":"post","link":"https:\/\/www.laguiadepamplona.com\/actualidad\/la-nueva-ordenanza-del-comercio-no-sedentario-regulara-los-lugares-frecuencia-horario-y-productos-de-todas-las-modalidades-de-venta-ambulante-en-pamplona\/","title":{"rendered":"La nueva Ordenanza del comercio no sedentario regular\u00e1 los lugares, frecuencia, horario y productos de todas las modalidades de venta ambulante en Pamplona"},"content":{"rendered":"<h4>La Junta de Gobierno Local ha aprobado hoy el proyecto, que incluye mercados peri\u00f3dicos, ocasionales, puestos de venta y m\u00e1quinas autom\u00e1tica<\/h4>\n<p><a href=\"http:\/\/laguiadepamplona.com\/actualidad\/wp-content\/uploads\/2014\/06\/Ayto_Pamplona.jpg\"><img loading=\"lazy\" decoding=\"async\" class=\"alignleft size-medium wp-image-2063\" src=\"http:\/\/laguiadepamplona.com\/actualidad\/wp-content\/uploads\/2014\/06\/Ayto_Pamplona-300x225.jpg\" alt=\"Ayto_Pamplona\" width=\"300\" height=\"225\" \/><\/a>La Junta de Gobierno Local ha aprobado en su sesi\u00f3n de hoy el proyecto de Ordenanza Municipal reguladora del comercio no sedentario, que afectar\u00e1 a todas las variantes de venta ambulante que se llevan a cabo en el t\u00e9rmino de Pamplona, ya sean las realizadas por comerciantes fuera de un establecimiento, en puestos o instalaciones desmontables, en veh\u00edculos o a trav\u00e9s de m\u00e1quinas fijas de venta autom\u00e1tica.<\/p>\n<p>La concejala delegada de Empleo, Comercio y Turismo, Mar\u00eda Caballero, y la directora del \u00e1rea, Silvia Azpilicueta, han presentado hoy en rueda de prensa los detalles del proyecto, que pretende incluir todas las nuevas actividades que tienen lugar actualmente en la v\u00eda p\u00fablica y regularlas correctamente, ya que la ordenanza municipal que existe ahora es del a\u00f1o 1989 y desde entonces ha ido surgiendo una gran diversidad de modalidades de venta ambulante.<\/p>\n<p>La ordenanza afectar\u00e1 concretamente a los mercados de car\u00e1cter peri\u00f3dico, como el mercado festivo que se celebra los s\u00e1bados en la Plaza del Castillo, el mercadillo semanal de Landaben, los mercados mensuales en las zonas comerciales y el mercado de antig\u00fcedades de la plaza de San Jos\u00e9. Asimismo regular\u00e1 los mercados ocasionales que se celebran regularmente, como la Feria de Navidad, la venta ambulante y en recintos feriales tanto en San Ferm\u00edn como en las fiestas de los barrios, el mercado de flores de la plaza de San Francisco por Todos los Santos, la Feria del Libro Viejo y Antiguo, la Feria del Libro de Ocasi\u00f3n, el Mercado Medieval, el D\u00eda del Libro y de la Flor y el Mercado de San Blas. Por \u00faltimo ser\u00e1 aplicable a cualquier venta de art\u00edculos en el marco de eventos concretos, a puestos de venta en la v\u00eda p\u00fablica (casta\u00f1as, helados, etc.) y a las m\u00e1quinas expendedoras autom\u00e1ticas.<\/p>\n<p>El tr\u00e1mite administrativo del proyecto continuar\u00e1 en el Pleno, donde deber\u00e1 aprobarse de forma inicial para someterse despu\u00e9s a informaci\u00f3n p\u00fablica. Si no hubiera alegaciones, se entender\u00e1 aprobado definitivamente y se publicar\u00e1 en el BON. En caso contrario, se aprobar\u00e1 definitivamente en Pleno una vez resueltas las alegaciones y realizadas las modificaciones pertinentes.<\/p>\n<p><strong>Autorizaci\u00f3n municipal previa<\/strong><\/p>\n<p>La norma recoge que, dado que el n\u00famero de autorizaciones para el ejercicio de la venta ambulante es limitado debido a la escasez de suelo p\u00fablico habilitado a tal efecto, todas las actividades requerir\u00e1n de una autorizaci\u00f3n municipal previa que incluir\u00e1 los productos objeto de venta, el lugar y las fechas autorizadas. Esta informaci\u00f3n aparecer\u00e1 recogida en una tarjeta identificativa que deber\u00e1 estar siempre visible en el puesto o veh\u00edculo destinado a la venta. Las autorizaciones ser\u00e1n intransferibles y para un m\u00e1ximo de tres a\u00f1os, y se otorgar\u00e1n directamente salvo si por cualquier circunstancia se limita su n\u00famero, en cuyo caso se conceder\u00e1n mediante licitaci\u00f3n. La Junta de Gobierno podr\u00e1 establecer un n\u00famero m\u00e1ximo de autorizaciones con el objeto de proteger el entorno urbano.<\/p>\n<p>En cuanto a los requisitos para obtener la autorizaci\u00f3n, el nuevo proyecto exige a los solicitantes estar dados de alta en el Impuesto de Actividades Econ\u00f3micas en el \u00e1mbito que corresponda y al corriente de su pago; estar dados de alta en la Seguridad Social o equivalente; cumplir los requisitos higi\u00e9nico-sanitarios y de protecci\u00f3n a los consumidores; pagar la tasa fijada en las ordenanzas fiscales municipales; en caso de ciudadanos extracomunitarios, disponer del oportuno permiso de residencia y trabajo; poseer un seguro de responsabilidad civil que cubra los riesgos de la actividad econ\u00f3mica; y disponer de los permisos espec\u00edficos que regulan cada tipo de mercado seg\u00fan la mercanc\u00eda a vender.<\/p>\n<p><strong>Cinco modalidades<\/strong><\/p>\n<p>La ordenanza distingue diferentes modalidades de venta ambulante: mercados de periodicidad preestablecida que tienen lugar en espacios preestablecidos; mercados ocasionales que se instalan eventualmente con motivo de ferias u otros eventos deportivos, culturales o tradicionales; puestos instalados en la v\u00eda p\u00fablica con enclave fijo y de car\u00e1cter discontinuo, como helados, casta\u00f1as, etc.; venta en veh\u00edculos-tienda y otros.<\/p>\n<p>Con car\u00e1cter general, cada comerciante podr\u00e1 vender \u00fanicamente los productos que se le autoricen expresamente, y la venta s\u00f3lo podr\u00e1 hacerse mediante instalaciones desmontables y que garanticen su seguridad e higiene. Las mercanc\u00edas deber\u00e1n estar elevadas del suelo un m\u00ednimo de 60 cms salvo flores u otros productos autorizados. En cuanto a la ubicaci\u00f3n de los puestos, no podr\u00e1n dificultar la circulaci\u00f3n peatonal ni rodada ni impedir el acceso a cualquier tipo de edificio. La ordenanza recoge con detalle los requisitos especiales a los que se sujetar\u00e1 la venta de alimentos, as\u00ed como los derechos y deberes de los comerciantes en general, que incluyen aspectos que afectan a la seguridad y salubridad de los puestos, la calidad de los productos, los posibles da\u00f1os que ocasionen en la v\u00eda p\u00fablica o los horarios de carga y descarga, entre otros.<\/p>\n<p><strong>Condiciones espec\u00edficas de cada mercado<\/strong><\/p>\n<p>Seg\u00fan el tipo de mercado, el texto establece unas condiciones espec\u00edficas. El mercado festivo de la Plaza del Castillo se celebra en sus porches todos los s\u00e1bados del a\u00f1o de 10 a 15 horas, y se autoriza la venta de objetos de intercambio relacionados con la actividad de coleccionismo de car\u00e1cter l\u00fadico-cultural, como sellos, monedas, postales, cromos, pins, libros, etc., as\u00ed como objetos usados como muebles o adornos. En este apartado de mercados peri\u00f3dicos se alude tambi\u00e9n al mercado de antig\u00fcedades de la plaza de San Jos\u00e9.<\/p>\n<p>En la misma tipolog\u00eda se incluye el mercadillo semanal de Landaben, cuyo funcionamiento ser\u00e1 de 9 a 14 horas con venta de alimentos y productos varios, as\u00ed como otros mercadillos que puedan instalarse en las zonas comerciales de la ciudad con periodicidad mensual, el primer s\u00e1bado de cada mes en el mismo horario. Estos mercadillos se organizar\u00e1n a trav\u00e9s de las asociaciones de comerciantes de cada zona.<\/p>\n<p>Bajo el ep\u00edgrafe de mercados ocasionales se recogen aqu\u00e9llos de car\u00e1cter artesanal, art\u00edstico, agr\u00edcola o ferial que tengan como fin comercializar sus propios art\u00edculos. Adem\u00e1s de las condiciones generales marcadas para todos ellos, la ordenanza detalla otras espec\u00edficas para cada uno. De este modo, la Feria de Navidad se ubicar\u00e1 inicialmente en la Plaza del Castillo con las condiciones que se recojan en la correspondiente convocatoria, y la feria de San Ferm\u00edn, en el parque Taconera y la zona del Bosquecillo. Tambi\u00e9n se establecen las condiciones de la venta ambulante a pie de globos, pa\u00f1uelos, gorros y otros art\u00edculos de fiesta durante las fiestas de San Ferm\u00edn, as\u00ed como las ventas en recintos feriales instalados en Sanfermines y en fiestas de los barrios.<\/p>\n<p>Asimismo el texto alude al mercado de flores que se instala en la plaza de San Francisco con motivo de la festividad de Todos los Santos, y a las ferias del Libro Viejo y Antiguo y del Libro de Ocasi\u00f3n, que se celebran en octubre y junio respectivamente y que se regir\u00e1n por lo acordado en las respectivas autorizaciones. En cuanto al Mercado Medieval que se lleva a cabo en septiembre coincidiendo con la celebraci\u00f3n del Privilegio de la Uni\u00f3n, se extender\u00e1 por varias calles del Casco Antiguo con productos de artesan\u00eda y alimentaci\u00f3n.<\/p>\n<p>Tambi\u00e9n aparecen recogidos en el proyecto de ordenanza el mercado del D\u00eda del Libro y de la Flor, que se instalar\u00e1 en el paseo peatonal de Carlos III con la avenida de Roncesvalles un d\u00eda del mes de septiembre, y el mercado de San Blas, en el que se venden roscos y dulces, excluido el pan, el d\u00eda 3 de febrero en la plaza de San Nicol\u00e1s y la calle San Miguel.<\/p>\n<p>Asimismo el proyecto se refiere a ventas con ocasi\u00f3n de celebraciones espec\u00edficas de eventos deportivos, taurinos o culturales, o de festividades civiles o religiosas, as\u00ed como a ventas en puestos instalados en la v\u00eda p\u00fablica, fijos o m\u00f3viles, con productos como casta\u00f1as, barquillos, churros, flores o helados. Este \u00faltimo producto debe cumplir unos requisitos higi\u00e9nico-sanitarios espec\u00edficos. Por \u00faltimo se recogen ventas en veh\u00edculos-tienda y ventas en m\u00e1quinas autom\u00e1ticas situadas en la v\u00eda p\u00fablica o fuera de los establecimientos, prohibiendo en este caso la comercializaci\u00f3n de tabaco, bebidas alcoh\u00f3licas y cualquier otro producto que entra\u00f1e riesgo de adicci\u00f3n o pueda causar da\u00f1o a los menores.<\/p>\n<p>La ordenanza se completa con el r\u00e9gimen sancionador previsto ante posibles infracciones de la norma y con un art\u00edculo que contempla la constituci\u00f3n de una Junta de Representaci\u00f3n compuesta por comerciantes participantes en los mercados peri\u00f3dicos. Finalmente se emplaza a los titulares de las autorizaciones vigentes de los mercados de Plaza del Castillo, mercado de Landaben y mercado de antig\u00fcedades de la plaza San Jos\u00e9 a presentar la documentaci\u00f3n exigida en el plazo de tres meses desde la entrada en vigor de la ordenanza para poder continuar con su actividad.<\/p>\n<h2><a href=\"http:\/\/laguiadepamplona.com\/actualidad\/wp-content\/uploads\/2014\/09\/ordenanza.pdf\" target=\"_blank\">ordenanza.pdf<\/a><\/h2>\n","protected":false},"excerpt":{"rendered":"<p>La Junta de Gobierno Local ha aprobado hoy el proyecto, que incluye mercados peri\u00f3dicos, ocasionales, puestos de venta y m\u00e1quinas autom\u00e1tica La Junta de Gobierno Local ha aprobado en su&#8230;<\/p>\n","protected":false},"author":1,"featured_media":2063,"comment_status":"open","ping_status":"open","sticky":false,"template":"","format":"standard","meta":{"footnotes":""},"categories":[2],"tags":[5,6,509,8,1637,9,2559],"class_list":["post-3057","post","type-post","status-publish","format-standard","has-post-thumbnail","hentry","category-ayuntamiento-pamplona","tag-actualidad","tag-ayto-pamplona","tag-ayuntamiento-de-pamplona","tag-noticias","tag-ordenanza-municipal","tag-pamplona","tag-reguladora-del-comercio-no-sedentario"],"yoast_head":"<!-- This site is optimized with the Yoast SEO plugin v27.5 - https:\/\/yoast.com\/product\/yoast-seo-wordpress\/ -->\n<title>La nueva Ordenanza del comercio no sedentario regular\u00e1 los lugares, frecuencia, horario y productos de todas las modalidades de venta ambulante en Pamplona<\/title>\n<meta name=\"robots\" content=\"index, follow, max-snippet:-1, max-image-preview:large, max-video-preview:-1\" \/>\n<link rel=\"canonical\" href=\"https:\/\/www.laguiadepamplona.com\/actualidad\/la-nueva-ordenanza-del-comercio-no-sedentario-regulara-los-lugares-frecuencia-horario-y-productos-de-todas-las-modalidades-de-venta-ambulante-en-pamplona\/\" \/>\n<meta property=\"og:locale\" content=\"es_ES\" \/>\n<meta property=\"og:type\" content=\"article\" \/>\n<meta property=\"og:title\" content=\"La nueva Ordenanza del comercio no sedentario regular\u00e1 los lugares, frecuencia, horario y productos de todas las modalidades de venta ambulante en Pamplona\" \/>\n<meta property=\"og:description\" content=\"La Junta de Gobierno Local ha aprobado hoy el proyecto, que incluye mercados peri\u00f3dicos, ocasionales, puestos de venta y m\u00e1quinas autom\u00e1tica La Junta de Gobierno Local ha aprobado en su...\" \/>\n<meta property=\"og:url\" content=\"https:\/\/www.laguiadepamplona.com\/actualidad\/la-nueva-ordenanza-del-comercio-no-sedentario-regulara-los-lugares-frecuencia-horario-y-productos-de-todas-las-modalidades-de-venta-ambulante-en-pamplona\/\" \/>\n<meta property=\"og:site_name\" content=\"La Gu\u00eda de Pamplona\" \/>\n<meta property=\"article:publisher\" content=\"https:\/\/www.facebook.com\/laguiadepamplonacom-133175176762273\/?ref=hl\" \/>\n<meta property=\"article:published_time\" content=\"2014-09-16T10:16:18+00:00\" \/>\n<meta name=\"author\" content=\"La Gu\u00eda de Pamplona\" \/>\n<meta name=\"twitter:card\" content=\"summary_large_image\" \/>\n<meta name=\"twitter:creator\" content=\"@LaGuiadPamplona\" \/>\n<meta name=\"twitter:site\" content=\"@LaGuiadPamplona\" \/>\n<meta name=\"twitter:label1\" content=\"Escrito por\" \/>\n\t<meta name=\"twitter:data1\" content=\"La Gu\u00eda de Pamplona\" \/>\n\t<meta name=\"twitter:label2\" content=\"Tiempo de lectura\" \/>\n\t<meta name=\"twitter:data2\" content=\"8 minutos\" \/>\n<script type=\"application\/ld+json\" class=\"yoast-schema-graph\">{\"@context\":\"https:\\\/\\\/schema.org\",\"@graph\":[{\"@type\":\"Article\",\"@id\":\"https:\\\/\\\/www.laguiadepamplona.com\\\/actualidad\\\/la-nueva-ordenanza-del-comercio-no-sedentario-regulara-los-lugares-frecuencia-horario-y-productos-de-todas-las-modalidades-de-venta-ambulante-en-pamplona\\\/#article\",\"isPartOf\":{\"@id\":\"https:\\\/\\\/www.laguiadepamplona.com\\\/actualidad\\\/la-nueva-ordenanza-del-comercio-no-sedentario-regulara-los-lugares-frecuencia-horario-y-productos-de-todas-las-modalidades-de-venta-ambulante-en-pamplona\\\/\"},\"author\":{\"name\":\"La Gu\u00eda de Pamplona\",\"@id\":\"https:\\\/\\\/www.laguiadepamplona.com\\\/actualidad\\\/#\\\/schema\\\/person\\\/efe887376f0213d4657c93adc50b1fdb\"},\"headline\":\"La nueva Ordenanza del comercio no sedentario regular\u00e1 los lugares, frecuencia, horario y productos de todas las modalidades de venta ambulante en Pamplona\",\"datePublished\":\"2014-09-16T10:16:18+00:00\",\"mainEntityOfPage\":{\"@id\":\"https:\\\/\\\/www.laguiadepamplona.com\\\/actualidad\\\/la-nueva-ordenanza-del-comercio-no-sedentario-regulara-los-lugares-frecuencia-horario-y-productos-de-todas-las-modalidades-de-venta-ambulante-en-pamplona\\\/\"},\"wordCount\":1595,\"commentCount\":0,\"publisher\":{\"@id\":\"https:\\\/\\\/www.laguiadepamplona.com\\\/actualidad\\\/#organization\"},\"image\":{\"@id\":\"https:\\\/\\\/www.laguiadepamplona.com\\\/actualidad\\\/la-nueva-ordenanza-del-comercio-no-sedentario-regulara-los-lugares-frecuencia-horario-y-productos-de-todas-las-modalidades-de-venta-ambulante-en-pamplona\\\/#primaryimage\"},\"thumbnailUrl\":\"\",\"keywords\":[\"actualidad\",\"ayto pamplona\",\"Ayuntamiento de Pamplona\",\"noticias\",\"ordenanza municipal\",\"pamplona\",\"reguladora del comercio no sedentario\"],\"articleSection\":[\"Ayto Pamplona\"],\"inLanguage\":\"es\",\"potentialAction\":[{\"@type\":\"CommentAction\",\"name\":\"Comment\",\"target\":[\"https:\\\/\\\/www.laguiadepamplona.com\\\/actualidad\\\/la-nueva-ordenanza-del-comercio-no-sedentario-regulara-los-lugares-frecuencia-horario-y-productos-de-todas-las-modalidades-de-venta-ambulante-en-pamplona\\\/#respond\"]}]},{\"@type\":\"WebPage\",\"@id\":\"https:\\\/\\\/www.laguiadepamplona.com\\\/actualidad\\\/la-nueva-ordenanza-del-comercio-no-sedentario-regulara-los-lugares-frecuencia-horario-y-productos-de-todas-las-modalidades-de-venta-ambulante-en-pamplona\\\/\",\"url\":\"https:\\\/\\\/www.laguiadepamplona.com\\\/actualidad\\\/la-nueva-ordenanza-del-comercio-no-sedentario-regulara-los-lugares-frecuencia-horario-y-productos-de-todas-las-modalidades-de-venta-ambulante-en-pamplona\\\/\",\"name\":\"La nueva Ordenanza del comercio no sedentario regular\u00e1 los lugares, frecuencia, horario y productos de todas las modalidades de venta ambulante en Pamplona\",\"isPartOf\":{\"@id\":\"https:\\\/\\\/www.laguiadepamplona.com\\\/actualidad\\\/#website\"},\"primaryImageOfPage\":{\"@id\":\"https:\\\/\\\/www.laguiadepamplona.com\\\/actualidad\\\/la-nueva-ordenanza-del-comercio-no-sedentario-regulara-los-lugares-frecuencia-horario-y-productos-de-todas-las-modalidades-de-venta-ambulante-en-pamplona\\\/#primaryimage\"},\"image\":{\"@id\":\"https:\\\/\\\/www.laguiadepamplona.com\\\/actualidad\\\/la-nueva-ordenanza-del-comercio-no-sedentario-regulara-los-lugares-frecuencia-horario-y-productos-de-todas-las-modalidades-de-venta-ambulante-en-pamplona\\\/#primaryimage\"},\"thumbnailUrl\":\"\",\"datePublished\":\"2014-09-16T10:16:18+00:00\",\"breadcrumb\":{\"@id\":\"https:\\\/\\\/www.laguiadepamplona.com\\\/actualidad\\\/la-nueva-ordenanza-del-comercio-no-sedentario-regulara-los-lugares-frecuencia-horario-y-productos-de-todas-las-modalidades-de-venta-ambulante-en-pamplona\\\/#breadcrumb\"},\"inLanguage\":\"es\",\"potentialAction\":[{\"@type\":\"ReadAction\",\"target\":[\"https:\\\/\\\/www.laguiadepamplona.com\\\/actualidad\\\/la-nueva-ordenanza-del-comercio-no-sedentario-regulara-los-lugares-frecuencia-horario-y-productos-de-todas-las-modalidades-de-venta-ambulante-en-pamplona\\\/\"]}]},{\"@type\":\"ImageObject\",\"inLanguage\":\"es\",\"@id\":\"https:\\\/\\\/www.laguiadepamplona.com\\\/actualidad\\\/la-nueva-ordenanza-del-comercio-no-sedentario-regulara-los-lugares-frecuencia-horario-y-productos-de-todas-las-modalidades-de-venta-ambulante-en-pamplona\\\/#primaryimage\",\"url\":\"\",\"contentUrl\":\"\"},{\"@type\":\"BreadcrumbList\",\"@id\":\"https:\\\/\\\/www.laguiadepamplona.com\\\/actualidad\\\/la-nueva-ordenanza-del-comercio-no-sedentario-regulara-los-lugares-frecuencia-horario-y-productos-de-todas-las-modalidades-de-venta-ambulante-en-pamplona\\\/#breadcrumb\",\"itemListElement\":[{\"@type\":\"ListItem\",\"position\":1,\"name\":\"Portada\",\"item\":\"https:\\\/\\\/www.laguiadepamplona.com\\\/actualidad\\\/\"},{\"@type\":\"ListItem\",\"position\":2,\"name\":\"La nueva Ordenanza del comercio no sedentario regular\u00e1 los lugares, frecuencia, horario y productos de todas las modalidades de venta ambulante en Pamplona\"}]},{\"@type\":\"WebSite\",\"@id\":\"https:\\\/\\\/www.laguiadepamplona.com\\\/actualidad\\\/#website\",\"url\":\"https:\\\/\\\/www.laguiadepamplona.com\\\/actualidad\\\/\",\"name\":\"La gu\u00eda de Pamplona\",\"description\":\"Noticias de Pamplona\",\"publisher\":{\"@id\":\"https:\\\/\\\/www.laguiadepamplona.com\\\/actualidad\\\/#organization\"},\"potentialAction\":[{\"@type\":\"SearchAction\",\"target\":{\"@type\":\"EntryPoint\",\"urlTemplate\":\"https:\\\/\\\/www.laguiadepamplona.com\\\/actualidad\\\/?s={search_term_string}\"},\"query-input\":{\"@type\":\"PropertyValueSpecification\",\"valueRequired\":true,\"valueName\":\"search_term_string\"}}],\"inLanguage\":\"es\"},{\"@type\":\"Organization\",\"@id\":\"https:\\\/\\\/www.laguiadepamplona.com\\\/actualidad\\\/#organization\",\"name\":\"La Gu\u00eda de Pamplona \\\/ Noticias\",\"url\":\"https:\\\/\\\/www.laguiadepamplona.com\\\/actualidad\\\/\",\"logo\":{\"@type\":\"ImageObject\",\"inLanguage\":\"es\",\"@id\":\"https:\\\/\\\/www.laguiadepamplona.com\\\/actualidad\\\/#\\\/schema\\\/logo\\\/image\\\/\",\"url\":\"https:\\\/\\\/www.laguiadepamplona.com\\\/actualidad\\\/wp-content\\\/uploads\\\/2018\\\/11\\\/logo-laguiadepamplona18-web1.png\",\"contentUrl\":\"https:\\\/\\\/www.laguiadepamplona.com\\\/actualidad\\\/wp-content\\\/uploads\\\/2018\\\/11\\\/logo-laguiadepamplona18-web1.png\",\"width\":600,\"height\":196,\"caption\":\"La Gu\u00eda de Pamplona \\\/ Noticias\"},\"image\":{\"@id\":\"https:\\\/\\\/www.laguiadepamplona.com\\\/actualidad\\\/#\\\/schema\\\/logo\\\/image\\\/\"},\"sameAs\":[\"https:\\\/\\\/www.facebook.com\\\/laguiadepamplonacom-133175176762273\\\/?ref=hl\",\"https:\\\/\\\/x.com\\\/LaGuiadPamplona\",\"https:\\\/\\\/www.instagram.com\\\/la_guia_de_pamplona\\\/\",\"https:\\\/\\\/www.youtube.com\\\/user\\\/laguiadepamplona\"]},{\"@type\":\"Person\",\"@id\":\"https:\\\/\\\/www.laguiadepamplona.com\\\/actualidad\\\/#\\\/schema\\\/person\\\/efe887376f0213d4657c93adc50b1fdb\",\"name\":\"La Gu\u00eda de Pamplona\",\"image\":{\"@type\":\"ImageObject\",\"inLanguage\":\"es\",\"@id\":\"https:\\\/\\\/secure.gravatar.com\\\/avatar\\\/b6992f131dc8d30ab0dff15446e9d346d9dbd95992de0fef795073f5ea83a81c?s=96&d=mm&r=g\",\"url\":\"https:\\\/\\\/secure.gravatar.com\\\/avatar\\\/b6992f131dc8d30ab0dff15446e9d346d9dbd95992de0fef795073f5ea83a81c?s=96&d=mm&r=g\",\"contentUrl\":\"https:\\\/\\\/secure.gravatar.com\\\/avatar\\\/b6992f131dc8d30ab0dff15446e9d346d9dbd95992de0fef795073f5ea83a81c?s=96&d=mm&r=g\",\"caption\":\"La Gu\u00eda de Pamplona\"}}]}<\/script>\n<!-- \/ Yoast SEO plugin. -->","yoast_head_json":{"title":"La nueva Ordenanza del comercio no sedentario regular\u00e1 los lugares, frecuencia, horario y productos de todas las modalidades de venta ambulante en Pamplona","robots":{"index":"index","follow":"follow","max-snippet":"max-snippet:-1","max-image-preview":"max-image-preview:large","max-video-preview":"max-video-preview:-1"},"canonical":"https:\/\/www.laguiadepamplona.com\/actualidad\/la-nueva-ordenanza-del-comercio-no-sedentario-regulara-los-lugares-frecuencia-horario-y-productos-de-todas-las-modalidades-de-venta-ambulante-en-pamplona\/","og_locale":"es_ES","og_type":"article","og_title":"La nueva Ordenanza del comercio no sedentario regular\u00e1 los lugares, frecuencia, horario y productos de todas las modalidades de venta ambulante en Pamplona","og_description":"La Junta de Gobierno Local ha aprobado hoy el proyecto, que incluye mercados peri\u00f3dicos, ocasionales, puestos de venta y m\u00e1quinas autom\u00e1tica La Junta de Gobierno Local ha aprobado en su...","og_url":"https:\/\/www.laguiadepamplona.com\/actualidad\/la-nueva-ordenanza-del-comercio-no-sedentario-regulara-los-lugares-frecuencia-horario-y-productos-de-todas-las-modalidades-de-venta-ambulante-en-pamplona\/","og_site_name":"La Gu\u00eda de Pamplona","article_publisher":"https:\/\/www.facebook.com\/laguiadepamplonacom-133175176762273\/?ref=hl","article_published_time":"2014-09-16T10:16:18+00:00","author":"La Gu\u00eda de Pamplona","twitter_card":"summary_large_image","twitter_creator":"@LaGuiadPamplona","twitter_site":"@LaGuiadPamplona","twitter_misc":{"Escrito por":"La Gu\u00eda de Pamplona","Tiempo de lectura":"8 minutos"},"schema":{"@context":"https:\/\/schema.org","@graph":[{"@type":"Article","@id":"https:\/\/www.laguiadepamplona.com\/actualidad\/la-nueva-ordenanza-del-comercio-no-sedentario-regulara-los-lugares-frecuencia-horario-y-productos-de-todas-las-modalidades-de-venta-ambulante-en-pamplona\/#article","isPartOf":{"@id":"https:\/\/www.laguiadepamplona.com\/actualidad\/la-nueva-ordenanza-del-comercio-no-sedentario-regulara-los-lugares-frecuencia-horario-y-productos-de-todas-las-modalidades-de-venta-ambulante-en-pamplona\/"},"author":{"name":"La Gu\u00eda de Pamplona","@id":"https:\/\/www.laguiadepamplona.com\/actualidad\/#\/schema\/person\/efe887376f0213d4657c93adc50b1fdb"},"headline":"La nueva Ordenanza del comercio no sedentario regular\u00e1 los lugares, frecuencia, horario y productos de todas las modalidades de venta ambulante en Pamplona","datePublished":"2014-09-16T10:16:18+00:00","mainEntityOfPage":{"@id":"https:\/\/www.laguiadepamplona.com\/actualidad\/la-nueva-ordenanza-del-comercio-no-sedentario-regulara-los-lugares-frecuencia-horario-y-productos-de-todas-las-modalidades-de-venta-ambulante-en-pamplona\/"},"wordCount":1595,"commentCount":0,"publisher":{"@id":"https:\/\/www.laguiadepamplona.com\/actualidad\/#organization"},"image":{"@id":"https:\/\/www.laguiadepamplona.com\/actualidad\/la-nueva-ordenanza-del-comercio-no-sedentario-regulara-los-lugares-frecuencia-horario-y-productos-de-todas-las-modalidades-de-venta-ambulante-en-pamplona\/#primaryimage"},"thumbnailUrl":"","keywords":["actualidad","ayto pamplona","Ayuntamiento de Pamplona","noticias","ordenanza municipal","pamplona","reguladora del comercio no sedentario"],"articleSection":["Ayto Pamplona"],"inLanguage":"es","potentialAction":[{"@type":"CommentAction","name":"Comment","target":["https:\/\/www.laguiadepamplona.com\/actualidad\/la-nueva-ordenanza-del-comercio-no-sedentario-regulara-los-lugares-frecuencia-horario-y-productos-de-todas-las-modalidades-de-venta-ambulante-en-pamplona\/#respond"]}]},{"@type":"WebPage","@id":"https:\/\/www.laguiadepamplona.com\/actualidad\/la-nueva-ordenanza-del-comercio-no-sedentario-regulara-los-lugares-frecuencia-horario-y-productos-de-todas-las-modalidades-de-venta-ambulante-en-pamplona\/","url":"https:\/\/www.laguiadepamplona.com\/actualidad\/la-nueva-ordenanza-del-comercio-no-sedentario-regulara-los-lugares-frecuencia-horario-y-productos-de-todas-las-modalidades-de-venta-ambulante-en-pamplona\/","name":"La nueva Ordenanza del comercio no sedentario regular\u00e1 los lugares, frecuencia, horario y productos de todas las modalidades de venta ambulante en Pamplona","isPartOf":{"@id":"https:\/\/www.laguiadepamplona.com\/actualidad\/#website"},"primaryImageOfPage":{"@id":"https:\/\/www.laguiadepamplona.com\/actualidad\/la-nueva-ordenanza-del-comercio-no-sedentario-regulara-los-lugares-frecuencia-horario-y-productos-de-todas-las-modalidades-de-venta-ambulante-en-pamplona\/#primaryimage"},"image":{"@id":"https:\/\/www.laguiadepamplona.com\/actualidad\/la-nueva-ordenanza-del-comercio-no-sedentario-regulara-los-lugares-frecuencia-horario-y-productos-de-todas-las-modalidades-de-venta-ambulante-en-pamplona\/#primaryimage"},"thumbnailUrl":"","datePublished":"2014-09-16T10:16:18+00:00","breadcrumb":{"@id":"https:\/\/www.laguiadepamplona.com\/actualidad\/la-nueva-ordenanza-del-comercio-no-sedentario-regulara-los-lugares-frecuencia-horario-y-productos-de-todas-las-modalidades-de-venta-ambulante-en-pamplona\/#breadcrumb"},"inLanguage":"es","potentialAction":[{"@type":"ReadAction","target":["https:\/\/www.laguiadepamplona.com\/actualidad\/la-nueva-ordenanza-del-comercio-no-sedentario-regulara-los-lugares-frecuencia-horario-y-productos-de-todas-las-modalidades-de-venta-ambulante-en-pamplona\/"]}]},{"@type":"ImageObject","inLanguage":"es","@id":"https:\/\/www.laguiadepamplona.com\/actualidad\/la-nueva-ordenanza-del-comercio-no-sedentario-regulara-los-lugares-frecuencia-horario-y-productos-de-todas-las-modalidades-de-venta-ambulante-en-pamplona\/#primaryimage","url":"","contentUrl":""},{"@type":"BreadcrumbList","@id":"https:\/\/www.laguiadepamplona.com\/actualidad\/la-nueva-ordenanza-del-comercio-no-sedentario-regulara-los-lugares-frecuencia-horario-y-productos-de-todas-las-modalidades-de-venta-ambulante-en-pamplona\/#breadcrumb","itemListElement":[{"@type":"ListItem","position":1,"name":"Portada","item":"https:\/\/www.laguiadepamplona.com\/actualidad\/"},{"@type":"ListItem","position":2,"name":"La nueva Ordenanza del comercio no sedentario regular\u00e1 los lugares, frecuencia, horario y productos de todas las modalidades de venta ambulante en Pamplona"}]},{"@type":"WebSite","@id":"https:\/\/www.laguiadepamplona.com\/actualidad\/#website","url":"https:\/\/www.laguiadepamplona.com\/actualidad\/","name":"La gu\u00eda de Pamplona","description":"Noticias de Pamplona","publisher":{"@id":"https:\/\/www.laguiadepamplona.com\/actualidad\/#organization"},"potentialAction":[{"@type":"SearchAction","target":{"@type":"EntryPoint","urlTemplate":"https:\/\/www.laguiadepamplona.com\/actualidad\/?s={search_term_string}"},"query-input":{"@type":"PropertyValueSpecification","valueRequired":true,"valueName":"search_term_string"}}],"inLanguage":"es"},{"@type":"Organization","@id":"https:\/\/www.laguiadepamplona.com\/actualidad\/#organization","name":"La Gu\u00eda de Pamplona \/ Noticias","url":"https:\/\/www.laguiadepamplona.com\/actualidad\/","logo":{"@type":"ImageObject","inLanguage":"es","@id":"https:\/\/www.laguiadepamplona.com\/actualidad\/#\/schema\/logo\/image\/","url":"https:\/\/www.laguiadepamplona.com\/actualidad\/wp-content\/uploads\/2018\/11\/logo-laguiadepamplona18-web1.png","contentUrl":"https:\/\/www.laguiadepamplona.com\/actualidad\/wp-content\/uploads\/2018\/11\/logo-laguiadepamplona18-web1.png","width":600,"height":196,"caption":"La Gu\u00eda de Pamplona \/ Noticias"},"image":{"@id":"https:\/\/www.laguiadepamplona.com\/actualidad\/#\/schema\/logo\/image\/"},"sameAs":["https:\/\/www.facebook.com\/laguiadepamplonacom-133175176762273\/?ref=hl","https:\/\/x.com\/LaGuiadPamplona","https:\/\/www.instagram.com\/la_guia_de_pamplona\/","https:\/\/www.youtube.com\/user\/laguiadepamplona"]},{"@type":"Person","@id":"https:\/\/www.laguiadepamplona.com\/actualidad\/#\/schema\/person\/efe887376f0213d4657c93adc50b1fdb","name":"La Gu\u00eda de Pamplona","image":{"@type":"ImageObject","inLanguage":"es","@id":"https:\/\/secure.gravatar.com\/avatar\/b6992f131dc8d30ab0dff15446e9d346d9dbd95992de0fef795073f5ea83a81c?s=96&d=mm&r=g","url":"https:\/\/secure.gravatar.com\/avatar\/b6992f131dc8d30ab0dff15446e9d346d9dbd95992de0fef795073f5ea83a81c?s=96&d=mm&r=g","contentUrl":"https:\/\/secure.gravatar.com\/avatar\/b6992f131dc8d30ab0dff15446e9d346d9dbd95992de0fef795073f5ea83a81c?s=96&d=mm&r=g","caption":"La Gu\u00eda de Pamplona"}}]}},"post_mailing_queue_ids":[],"_links":{"self":[{"href":"https:\/\/www.laguiadepamplona.com\/actualidad\/wp-json\/wp\/v2\/posts\/3057","targetHints":{"allow":["GET"]}}],"collection":[{"href":"https:\/\/www.laguiadepamplona.com\/actualidad\/wp-json\/wp\/v2\/posts"}],"about":[{"href":"https:\/\/www.laguiadepamplona.com\/actualidad\/wp-json\/wp\/v2\/types\/post"}],"author":[{"embeddable":true,"href":"https:\/\/www.laguiadepamplona.com\/actualidad\/wp-json\/wp\/v2\/users\/1"}],"replies":[{"embeddable":true,"href":"https:\/\/www.laguiadepamplona.com\/actualidad\/wp-json\/wp\/v2\/comments?post=3057"}],"version-history":[{"count":0,"href":"https:\/\/www.laguiadepamplona.com\/actualidad\/wp-json\/wp\/v2\/posts\/3057\/revisions"}],"wp:featuredmedia":[{"embeddable":true,"href":"https:\/\/www.laguiadepamplona.com\/actualidad\/wp-json\/"}],"wp:attachment":[{"href":"https:\/\/www.laguiadepamplona.com\/actualidad\/wp-json\/wp\/v2\/media?parent=3057"}],"wp:term":[{"taxonomy":"category","embeddable":true,"href":"https:\/\/www.laguiadepamplona.com\/actualidad\/wp-json\/wp\/v2\/categories?post=3057"},{"taxonomy":"post_tag","embeddable":true,"href":"https:\/\/www.laguiadepamplona.com\/actualidad\/wp-json\/wp\/v2\/tags?post=3057"}],"curies":[{"name":"wp","href":"https:\/\/api.w.org\/{rel}","templated":true}]}}