{"id":3050,"date":"2014-09-16T10:06:10","date_gmt":"2014-09-16T10:06:10","guid":{"rendered":"http:\/\/laguiadepamplona.com\/actualidad\/?p=3050"},"modified":"2014-09-16T10:06:10","modified_gmt":"2014-09-16T10:06:10","slug":"el-ayuntamiento-subvenciona-las-actividades-extraescolares-de-los-dos-ultimos-trimestres-del-curso-pasado-a-43-centros-de-educacion-infantil-y-primaria","status":"publish","type":"post","link":"https:\/\/www.laguiadepamplona.com\/actualidad\/el-ayuntamiento-subvenciona-las-actividades-extraescolares-de-los-dos-ultimos-trimestres-del-curso-pasado-a-43-centros-de-educacion-infantil-y-primaria\/","title":{"rendered":"El Ayuntamiento subvenciona las actividades extraescolares de los dos \u00faltimos trimestres del curso pasado a 43 centros de Educaci\u00f3n Infantil y Primaria"},"content":{"rendered":"<h4>El presupuesto total es de 164.980 euros y la convocatoria incluye tambi\u00e9n ayudas para las extraescolares del primer trimestre del a\u00f1o que viene<\/h4>\n<p><a href=\"http:\/\/laguiadepamplona.com\/actualidad\/wp-content\/uploads\/2014\/09\/materialescolar.jpg\"><img loading=\"lazy\" decoding=\"async\" class=\"alignleft size-medium wp-image-2894\" src=\"http:\/\/laguiadepamplona.com\/actualidad\/wp-content\/uploads\/2014\/09\/materialescolar-300x180.jpg\" alt=\"materialescolar\" width=\"300\" height=\"180\" \/><\/a>El Ayuntamiento de Pamplona ha concedido ayudas para la organizaci\u00f3n de actividades extraescolares a 43 centros de Educaci\u00f3n Infantil y Primaria de Pamplona. La partida para estas ayudas asciende a 164.980 euros, de los que 107.220 se han otorgado ahora para las extraescolares del segundo y tercer trimestre del pasado curso, y los 57.760 euros restante se destinar\u00e1n a las actividades del primer cuatrimestre de este curso 2014 \u2013 2015.<\/p>\n<p>Estas ayudas tienen como objetivos dar soporte a las iniciativas encaminadas a la mejora de la calidad de la ense\u00f1anza mediante la realizaci\u00f3n de actividades complementarias y fomentar el desarrollo de programas de ocio en los centros educativos. La mitad de la subvenci\u00f3n se adjudica en partes iguales para los centros que presentan programa y presupuesto de actividades complementarias y extraescolares. El otro 50% se reparte proporcionalmente al n\u00famero de escolares de cada centro. La excepci\u00f3n son el CEBA Jos\u00e9 Mar\u00eda Iribarren y los centros de Educaci\u00f3n Especial que reciben solo la cantidad correspondiente por centro y no la de n\u00famero de alumnos.<\/p>\n<p>Las ayudas se han repartido entre 25 colegios p\u00fablicos y 18 centros concertados de la ciudad. Entre los p\u00fablicos, las mayores cantidades se han concedido a Patxi Larrainzar (3.433,79 euros), Cardenal Ilund\u00e1in (3.295,11 euros), San Jorge (2.974,42 euros) y Do\u00f1a Mayor (2.916,64 euros). Entre los concertados, San Ignacio (4.124,28 euros), Liceo Monjard\u00edn (4.049,16 euros) y San Cernin (4.040,50 euros) son los colegios que m\u00e1s subvenci\u00f3n han recibido en esta convocatoria.<\/p>\n<p>&nbsp;<\/p>\n<p><strong>Convocatoria de subvenciones para actividades extraescolares y en centros de educaci\u00f3n infantil y primaria. Segundo y tercer trimestres del curso 2013\/14<\/strong><\/p>\n<p><strong>P\u00daBLICOS<\/strong><\/p>\n<ul>\n<li>Amaiur: 373,50 euros<\/li>\n<li>Andr\u00e9s Mu\u00f1oz: 246,74 euros<\/li>\n<li>Azpilaga\u00f1a: 2.266,60 euros<\/li>\n<li>Bernart Etxepare: 665,30 euros<\/li>\n<li>Buztintxuri: 546,84 euros<\/li>\n<li>Cardenal Ilund\u00e1in: 295,11 euros<\/li>\n<li>CEBA Iribarren: 246,74 euros<\/li>\n<li>Do\u00f1a Mayor: 916,64 euros<\/li>\n<li>El Lago de Mendillorri: 018,13 euros<\/li>\n<li>Ermitaga\u00f1a: 353,27 euros<\/li>\n<li>Garc\u00eda Galdeano: 824,56 euros<\/li>\n<li>Hegoalde: 139,47 euros<\/li>\n<li>Iturrama: 818,78 euros<\/li>\n<li>Jos\u00e9 M\u00aa de Huarte: 945,90 euros<\/li>\n<li>Mendigoiti: 943,02 euros<\/li>\n<li>Mendillorri: 344,60 euros<\/li>\n<li>Nicasio de Landa: 434,54 euros<\/li>\n<li>Patxi Larrainzar: 433,79 euros<\/li>\n<li>Rochapea: 497,72 euros<\/li>\n<li>San Francisco: 506,39 euros<\/li>\n<li>San Jorge: 974,42 euros<\/li>\n<li>San Juan de la Cadena: 411,05 euros<\/li>\n<li>Sanduzelai: 422,60 euros<\/li>\n<li>V\u00e1zquez de Mella: 943,02 euros<\/li>\n<li>V\u00edctor Pradera: 1.821,67 euros<\/li>\n<\/ul>\n<p><strong>CONCERTADOS<\/strong><\/p>\n<ul>\n<li>Calasanz: 2.650,84 euros<\/li>\n<li>El Molino: 1.246,74 euros<\/li>\n<li>Esclavas del Sagrado Coraz\u00f3n: 2.543,95 euros<\/li>\n<li>Hijas de Jes\u00fas: 613,28 euros<\/li>\n<li>Jaso Ikastola: 2.483,28 euros<\/li>\n<li>La Compasi\u00f3n: 219,99 euros<\/li>\n<li>Larraona: 650,84 euros<\/li>\n<li>Liceo Monjard\u00edn: 049,16 euros<\/li>\n<li>Miravalles-El Red\u00edn: 532,39 euros<\/li>\n<li>Nuestra Se\u00f1ora del Huerto: 436,68 euros<\/li>\n<li>Sagrado Coraz\u00f3n: 436,68euros<\/li>\n<li>San Cernin: 040,50 euros<\/li>\n<li>San Ignacio: 124,28 euros<\/li>\n<li>Santa Catalina: 1.917,01 euros<\/li>\n<li>Santa Teresa: 2.688,40 euros<\/li>\n<li>Sant\u00edsimo Sacramento: 853,45 euros<\/li>\n<li>Santo Tom\u00e1s: 633,51 euros<\/li>\n<li>Vedruna: 708,62 euros<\/li>\n<\/ul>\n<p><strong>TOTAL<\/strong><strong>: 107.220 euros<\/strong><\/p>\n<p>&nbsp;<\/p>\n","protected":false},"excerpt":{"rendered":"<p>El presupuesto total es de 164.980 euros y la convocatoria incluye tambi\u00e9n ayudas para las extraescolares del primer trimestre del a\u00f1o que viene El Ayuntamiento de Pamplona ha concedido ayudas&#8230;<\/p>\n","protected":false},"author":1,"featured_media":2894,"comment_status":"open","ping_status":"open","sticky":false,"template":"","format":"standard","meta":{"footnotes":""},"categories":[2],"tags":[1345,5,6,477,509,2548,219,2549,1347,8,9,468],"class_list":["post-3050","post","type-post","status-publish","format-standard","has-post-thumbnail","hentry","category-ayuntamiento-pamplona","tag-actividades","tag-actualidad","tag-ayto-pamplona","tag-ayudas","tag-ayuntamiento-de-pamplona","tag-centros-educativos","tag-cursos","tag-educacion-infantil-y-primaria","tag-extraescolares","tag-noticias","tag-pamplona","tag-subvenciones"],"yoast_head":"<!-- This site is optimized with the Yoast SEO plugin v27.5 - https:\/\/yoast.com\/product\/yoast-seo-wordpress\/ -->\n<title>El Ayuntamiento subvenciona las actividades extraescolares de los dos \u00faltimos trimestres del curso pasado a 43 centros de Educaci\u00f3n Infantil y Primaria<\/title>\n<meta name=\"robots\" content=\"index, follow, max-snippet:-1, max-image-preview:large, max-video-preview:-1\" \/>\n<link rel=\"canonical\" href=\"https:\/\/www.laguiadepamplona.com\/actualidad\/el-ayuntamiento-subvenciona-las-actividades-extraescolares-de-los-dos-ultimos-trimestres-del-curso-pasado-a-43-centros-de-educacion-infantil-y-primaria\/\" \/>\n<meta property=\"og:locale\" content=\"es_ES\" \/>\n<meta property=\"og:type\" content=\"article\" \/>\n<meta property=\"og:title\" content=\"El Ayuntamiento subvenciona las actividades extraescolares de los dos \u00faltimos trimestres del curso pasado a 43 centros de Educaci\u00f3n Infantil y Primaria\" \/>\n<meta property=\"og:description\" content=\"El presupuesto total es de 164.980 euros y la convocatoria incluye tambi\u00e9n ayudas para las extraescolares del primer trimestre del a\u00f1o que viene El Ayuntamiento de Pamplona ha concedido ayudas...\" \/>\n<meta property=\"og:url\" content=\"https:\/\/www.laguiadepamplona.com\/actualidad\/el-ayuntamiento-subvenciona-las-actividades-extraescolares-de-los-dos-ultimos-trimestres-del-curso-pasado-a-43-centros-de-educacion-infantil-y-primaria\/\" \/>\n<meta property=\"og:site_name\" content=\"La Gu\u00eda de Pamplona\" \/>\n<meta property=\"article:publisher\" content=\"https:\/\/www.facebook.com\/laguiadepamplonacom-133175176762273\/?ref=hl\" \/>\n<meta property=\"article:published_time\" content=\"2014-09-16T10:06:10+00:00\" \/>\n<meta name=\"author\" content=\"La Gu\u00eda de Pamplona\" \/>\n<meta name=\"twitter:card\" content=\"summary_large_image\" \/>\n<meta name=\"twitter:creator\" content=\"@LaGuiadPamplona\" \/>\n<meta name=\"twitter:site\" content=\"@LaGuiadPamplona\" \/>\n<meta name=\"twitter:label1\" content=\"Escrito por\" \/>\n\t<meta name=\"twitter:data1\" content=\"La Gu\u00eda de Pamplona\" \/>\n\t<meta name=\"twitter:label2\" content=\"Tiempo de lectura\" \/>\n\t<meta name=\"twitter:data2\" content=\"2 minutos\" \/>\n<script type=\"application\/ld+json\" class=\"yoast-schema-graph\">{\"@context\":\"https:\\\/\\\/schema.org\",\"@graph\":[{\"@type\":\"Article\",\"@id\":\"https:\\\/\\\/www.laguiadepamplona.com\\\/actualidad\\\/el-ayuntamiento-subvenciona-las-actividades-extraescolares-de-los-dos-ultimos-trimestres-del-curso-pasado-a-43-centros-de-educacion-infantil-y-primaria\\\/#article\",\"isPartOf\":{\"@id\":\"https:\\\/\\\/www.laguiadepamplona.com\\\/actualidad\\\/el-ayuntamiento-subvenciona-las-actividades-extraescolares-de-los-dos-ultimos-trimestres-del-curso-pasado-a-43-centros-de-educacion-infantil-y-primaria\\\/\"},\"author\":{\"name\":\"La Gu\u00eda de Pamplona\",\"@id\":\"https:\\\/\\\/www.laguiadepamplona.com\\\/actualidad\\\/#\\\/schema\\\/person\\\/efe887376f0213d4657c93adc50b1fdb\"},\"headline\":\"El Ayuntamiento subvenciona las actividades extraescolares de los dos \u00faltimos trimestres del curso pasado a 43 centros de Educaci\u00f3n Infantil y Primaria\",\"datePublished\":\"2014-09-16T10:06:10+00:00\",\"mainEntityOfPage\":{\"@id\":\"https:\\\/\\\/www.laguiadepamplona.com\\\/actualidad\\\/el-ayuntamiento-subvenciona-las-actividades-extraescolares-de-los-dos-ultimos-trimestres-del-curso-pasado-a-43-centros-de-educacion-infantil-y-primaria\\\/\"},\"wordCount\":466,\"commentCount\":0,\"publisher\":{\"@id\":\"https:\\\/\\\/www.laguiadepamplona.com\\\/actualidad\\\/#organization\"},\"image\":{\"@id\":\"https:\\\/\\\/www.laguiadepamplona.com\\\/actualidad\\\/el-ayuntamiento-subvenciona-las-actividades-extraescolares-de-los-dos-ultimos-trimestres-del-curso-pasado-a-43-centros-de-educacion-infantil-y-primaria\\\/#primaryimage\"},\"thumbnailUrl\":\"\",\"keywords\":[\"actividades\",\"actualidad\",\"ayto pamplona\",\"ayudas\",\"Ayuntamiento de Pamplona\",\"centros educativos\",\"cursos\",\"Educaci\u00f3n Infantil y Primaria\",\"extraescolares\",\"noticias\",\"pamplona\",\"subvenciones\"],\"articleSection\":[\"Ayto Pamplona\"],\"inLanguage\":\"es\",\"potentialAction\":[{\"@type\":\"CommentAction\",\"name\":\"Comment\",\"target\":[\"https:\\\/\\\/www.laguiadepamplona.com\\\/actualidad\\\/el-ayuntamiento-subvenciona-las-actividades-extraescolares-de-los-dos-ultimos-trimestres-del-curso-pasado-a-43-centros-de-educacion-infantil-y-primaria\\\/#respond\"]}]},{\"@type\":\"WebPage\",\"@id\":\"https:\\\/\\\/www.laguiadepamplona.com\\\/actualidad\\\/el-ayuntamiento-subvenciona-las-actividades-extraescolares-de-los-dos-ultimos-trimestres-del-curso-pasado-a-43-centros-de-educacion-infantil-y-primaria\\\/\",\"url\":\"https:\\\/\\\/www.laguiadepamplona.com\\\/actualidad\\\/el-ayuntamiento-subvenciona-las-actividades-extraescolares-de-los-dos-ultimos-trimestres-del-curso-pasado-a-43-centros-de-educacion-infantil-y-primaria\\\/\",\"name\":\"El Ayuntamiento subvenciona las actividades extraescolares de los dos \u00faltimos trimestres del curso pasado a 43 centros de Educaci\u00f3n Infantil y Primaria\",\"isPartOf\":{\"@id\":\"https:\\\/\\\/www.laguiadepamplona.com\\\/actualidad\\\/#website\"},\"primaryImageOfPage\":{\"@id\":\"https:\\\/\\\/www.laguiadepamplona.com\\\/actualidad\\\/el-ayuntamiento-subvenciona-las-actividades-extraescolares-de-los-dos-ultimos-trimestres-del-curso-pasado-a-43-centros-de-educacion-infantil-y-primaria\\\/#primaryimage\"},\"image\":{\"@id\":\"https:\\\/\\\/www.laguiadepamplona.com\\\/actualidad\\\/el-ayuntamiento-subvenciona-las-actividades-extraescolares-de-los-dos-ultimos-trimestres-del-curso-pasado-a-43-centros-de-educacion-infantil-y-primaria\\\/#primaryimage\"},\"thumbnailUrl\":\"\",\"datePublished\":\"2014-09-16T10:06:10+00:00\",\"breadcrumb\":{\"@id\":\"https:\\\/\\\/www.laguiadepamplona.com\\\/actualidad\\\/el-ayuntamiento-subvenciona-las-actividades-extraescolares-de-los-dos-ultimos-trimestres-del-curso-pasado-a-43-centros-de-educacion-infantil-y-primaria\\\/#breadcrumb\"},\"inLanguage\":\"es\",\"potentialAction\":[{\"@type\":\"ReadAction\",\"target\":[\"https:\\\/\\\/www.laguiadepamplona.com\\\/actualidad\\\/el-ayuntamiento-subvenciona-las-actividades-extraescolares-de-los-dos-ultimos-trimestres-del-curso-pasado-a-43-centros-de-educacion-infantil-y-primaria\\\/\"]}]},{\"@type\":\"ImageObject\",\"inLanguage\":\"es\",\"@id\":\"https:\\\/\\\/www.laguiadepamplona.com\\\/actualidad\\\/el-ayuntamiento-subvenciona-las-actividades-extraescolares-de-los-dos-ultimos-trimestres-del-curso-pasado-a-43-centros-de-educacion-infantil-y-primaria\\\/#primaryimage\",\"url\":\"\",\"contentUrl\":\"\"},{\"@type\":\"BreadcrumbList\",\"@id\":\"https:\\\/\\\/www.laguiadepamplona.com\\\/actualidad\\\/el-ayuntamiento-subvenciona-las-actividades-extraescolares-de-los-dos-ultimos-trimestres-del-curso-pasado-a-43-centros-de-educacion-infantil-y-primaria\\\/#breadcrumb\",\"itemListElement\":[{\"@type\":\"ListItem\",\"position\":1,\"name\":\"Portada\",\"item\":\"https:\\\/\\\/www.laguiadepamplona.com\\\/actualidad\\\/\"},{\"@type\":\"ListItem\",\"position\":2,\"name\":\"El Ayuntamiento subvenciona las actividades extraescolares de los dos \u00faltimos trimestres del curso pasado a 43 centros de Educaci\u00f3n Infantil y Primaria\"}]},{\"@type\":\"WebSite\",\"@id\":\"https:\\\/\\\/www.laguiadepamplona.com\\\/actualidad\\\/#website\",\"url\":\"https:\\\/\\\/www.laguiadepamplona.com\\\/actualidad\\\/\",\"name\":\"La gu\u00eda de Pamplona\",\"description\":\"Noticias de Pamplona\",\"publisher\":{\"@id\":\"https:\\\/\\\/www.laguiadepamplona.com\\\/actualidad\\\/#organization\"},\"potentialAction\":[{\"@type\":\"SearchAction\",\"target\":{\"@type\":\"EntryPoint\",\"urlTemplate\":\"https:\\\/\\\/www.laguiadepamplona.com\\\/actualidad\\\/?s={search_term_string}\"},\"query-input\":{\"@type\":\"PropertyValueSpecification\",\"valueRequired\":true,\"valueName\":\"search_term_string\"}}],\"inLanguage\":\"es\"},{\"@type\":\"Organization\",\"@id\":\"https:\\\/\\\/www.laguiadepamplona.com\\\/actualidad\\\/#organization\",\"name\":\"La Gu\u00eda de Pamplona \\\/ Noticias\",\"url\":\"https:\\\/\\\/www.laguiadepamplona.com\\\/actualidad\\\/\",\"logo\":{\"@type\":\"ImageObject\",\"inLanguage\":\"es\",\"@id\":\"https:\\\/\\\/www.laguiadepamplona.com\\\/actualidad\\\/#\\\/schema\\\/logo\\\/image\\\/\",\"url\":\"https:\\\/\\\/www.laguiadepamplona.com\\\/actualidad\\\/wp-content\\\/uploads\\\/2018\\\/11\\\/logo-laguiadepamplona18-web1.png\",\"contentUrl\":\"https:\\\/\\\/www.laguiadepamplona.com\\\/actualidad\\\/wp-content\\\/uploads\\\/2018\\\/11\\\/logo-laguiadepamplona18-web1.png\",\"width\":600,\"height\":196,\"caption\":\"La Gu\u00eda de Pamplona \\\/ Noticias\"},\"image\":{\"@id\":\"https:\\\/\\\/www.laguiadepamplona.com\\\/actualidad\\\/#\\\/schema\\\/logo\\\/image\\\/\"},\"sameAs\":[\"https:\\\/\\\/www.facebook.com\\\/laguiadepamplonacom-133175176762273\\\/?ref=hl\",\"https:\\\/\\\/x.com\\\/LaGuiadPamplona\",\"https:\\\/\\\/www.instagram.com\\\/la_guia_de_pamplona\\\/\",\"https:\\\/\\\/www.youtube.com\\\/user\\\/laguiadepamplona\"]},{\"@type\":\"Person\",\"@id\":\"https:\\\/\\\/www.laguiadepamplona.com\\\/actualidad\\\/#\\\/schema\\\/person\\\/efe887376f0213d4657c93adc50b1fdb\",\"name\":\"La Gu\u00eda de Pamplona\",\"image\":{\"@type\":\"ImageObject\",\"inLanguage\":\"es\",\"@id\":\"https:\\\/\\\/secure.gravatar.com\\\/avatar\\\/b6992f131dc8d30ab0dff15446e9d346d9dbd95992de0fef795073f5ea83a81c?s=96&d=mm&r=g\",\"url\":\"https:\\\/\\\/secure.gravatar.com\\\/avatar\\\/b6992f131dc8d30ab0dff15446e9d346d9dbd95992de0fef795073f5ea83a81c?s=96&d=mm&r=g\",\"contentUrl\":\"https:\\\/\\\/secure.gravatar.com\\\/avatar\\\/b6992f131dc8d30ab0dff15446e9d346d9dbd95992de0fef795073f5ea83a81c?s=96&d=mm&r=g\",\"caption\":\"La Gu\u00eda de Pamplona\"}}]}<\/script>\n<!-- \/ Yoast SEO plugin. -->","yoast_head_json":{"title":"El Ayuntamiento subvenciona las actividades extraescolares de los dos \u00faltimos trimestres del curso pasado a 43 centros de Educaci\u00f3n Infantil y Primaria","robots":{"index":"index","follow":"follow","max-snippet":"max-snippet:-1","max-image-preview":"max-image-preview:large","max-video-preview":"max-video-preview:-1"},"canonical":"https:\/\/www.laguiadepamplona.com\/actualidad\/el-ayuntamiento-subvenciona-las-actividades-extraescolares-de-los-dos-ultimos-trimestres-del-curso-pasado-a-43-centros-de-educacion-infantil-y-primaria\/","og_locale":"es_ES","og_type":"article","og_title":"El Ayuntamiento subvenciona las actividades extraescolares de los dos \u00faltimos trimestres del curso pasado a 43 centros de Educaci\u00f3n Infantil y Primaria","og_description":"El presupuesto total es de 164.980 euros y la convocatoria incluye tambi\u00e9n ayudas para las extraescolares del primer trimestre del a\u00f1o que viene El Ayuntamiento de Pamplona ha concedido ayudas...","og_url":"https:\/\/www.laguiadepamplona.com\/actualidad\/el-ayuntamiento-subvenciona-las-actividades-extraescolares-de-los-dos-ultimos-trimestres-del-curso-pasado-a-43-centros-de-educacion-infantil-y-primaria\/","og_site_name":"La Gu\u00eda de Pamplona","article_publisher":"https:\/\/www.facebook.com\/laguiadepamplonacom-133175176762273\/?ref=hl","article_published_time":"2014-09-16T10:06:10+00:00","author":"La Gu\u00eda de Pamplona","twitter_card":"summary_large_image","twitter_creator":"@LaGuiadPamplona","twitter_site":"@LaGuiadPamplona","twitter_misc":{"Escrito por":"La Gu\u00eda de Pamplona","Tiempo de lectura":"2 minutos"},"schema":{"@context":"https:\/\/schema.org","@graph":[{"@type":"Article","@id":"https:\/\/www.laguiadepamplona.com\/actualidad\/el-ayuntamiento-subvenciona-las-actividades-extraescolares-de-los-dos-ultimos-trimestres-del-curso-pasado-a-43-centros-de-educacion-infantil-y-primaria\/#article","isPartOf":{"@id":"https:\/\/www.laguiadepamplona.com\/actualidad\/el-ayuntamiento-subvenciona-las-actividades-extraescolares-de-los-dos-ultimos-trimestres-del-curso-pasado-a-43-centros-de-educacion-infantil-y-primaria\/"},"author":{"name":"La Gu\u00eda de Pamplona","@id":"https:\/\/www.laguiadepamplona.com\/actualidad\/#\/schema\/person\/efe887376f0213d4657c93adc50b1fdb"},"headline":"El Ayuntamiento subvenciona las actividades extraescolares de los dos \u00faltimos trimestres del curso pasado a 43 centros de Educaci\u00f3n Infantil y Primaria","datePublished":"2014-09-16T10:06:10+00:00","mainEntityOfPage":{"@id":"https:\/\/www.laguiadepamplona.com\/actualidad\/el-ayuntamiento-subvenciona-las-actividades-extraescolares-de-los-dos-ultimos-trimestres-del-curso-pasado-a-43-centros-de-educacion-infantil-y-primaria\/"},"wordCount":466,"commentCount":0,"publisher":{"@id":"https:\/\/www.laguiadepamplona.com\/actualidad\/#organization"},"image":{"@id":"https:\/\/www.laguiadepamplona.com\/actualidad\/el-ayuntamiento-subvenciona-las-actividades-extraescolares-de-los-dos-ultimos-trimestres-del-curso-pasado-a-43-centros-de-educacion-infantil-y-primaria\/#primaryimage"},"thumbnailUrl":"","keywords":["actividades","actualidad","ayto pamplona","ayudas","Ayuntamiento de Pamplona","centros educativos","cursos","Educaci\u00f3n Infantil y Primaria","extraescolares","noticias","pamplona","subvenciones"],"articleSection":["Ayto Pamplona"],"inLanguage":"es","potentialAction":[{"@type":"CommentAction","name":"Comment","target":["https:\/\/www.laguiadepamplona.com\/actualidad\/el-ayuntamiento-subvenciona-las-actividades-extraescolares-de-los-dos-ultimos-trimestres-del-curso-pasado-a-43-centros-de-educacion-infantil-y-primaria\/#respond"]}]},{"@type":"WebPage","@id":"https:\/\/www.laguiadepamplona.com\/actualidad\/el-ayuntamiento-subvenciona-las-actividades-extraescolares-de-los-dos-ultimos-trimestres-del-curso-pasado-a-43-centros-de-educacion-infantil-y-primaria\/","url":"https:\/\/www.laguiadepamplona.com\/actualidad\/el-ayuntamiento-subvenciona-las-actividades-extraescolares-de-los-dos-ultimos-trimestres-del-curso-pasado-a-43-centros-de-educacion-infantil-y-primaria\/","name":"El Ayuntamiento subvenciona las actividades extraescolares de los dos \u00faltimos trimestres del curso pasado a 43 centros de Educaci\u00f3n Infantil y Primaria","isPartOf":{"@id":"https:\/\/www.laguiadepamplona.com\/actualidad\/#website"},"primaryImageOfPage":{"@id":"https:\/\/www.laguiadepamplona.com\/actualidad\/el-ayuntamiento-subvenciona-las-actividades-extraescolares-de-los-dos-ultimos-trimestres-del-curso-pasado-a-43-centros-de-educacion-infantil-y-primaria\/#primaryimage"},"image":{"@id":"https:\/\/www.laguiadepamplona.com\/actualidad\/el-ayuntamiento-subvenciona-las-actividades-extraescolares-de-los-dos-ultimos-trimestres-del-curso-pasado-a-43-centros-de-educacion-infantil-y-primaria\/#primaryimage"},"thumbnailUrl":"","datePublished":"2014-09-16T10:06:10+00:00","breadcrumb":{"@id":"https:\/\/www.laguiadepamplona.com\/actualidad\/el-ayuntamiento-subvenciona-las-actividades-extraescolares-de-los-dos-ultimos-trimestres-del-curso-pasado-a-43-centros-de-educacion-infantil-y-primaria\/#breadcrumb"},"inLanguage":"es","potentialAction":[{"@type":"ReadAction","target":["https:\/\/www.laguiadepamplona.com\/actualidad\/el-ayuntamiento-subvenciona-las-actividades-extraescolares-de-los-dos-ultimos-trimestres-del-curso-pasado-a-43-centros-de-educacion-infantil-y-primaria\/"]}]},{"@type":"ImageObject","inLanguage":"es","@id":"https:\/\/www.laguiadepamplona.com\/actualidad\/el-ayuntamiento-subvenciona-las-actividades-extraescolares-de-los-dos-ultimos-trimestres-del-curso-pasado-a-43-centros-de-educacion-infantil-y-primaria\/#primaryimage","url":"","contentUrl":""},{"@type":"BreadcrumbList","@id":"https:\/\/www.laguiadepamplona.com\/actualidad\/el-ayuntamiento-subvenciona-las-actividades-extraescolares-de-los-dos-ultimos-trimestres-del-curso-pasado-a-43-centros-de-educacion-infantil-y-primaria\/#breadcrumb","itemListElement":[{"@type":"ListItem","position":1,"name":"Portada","item":"https:\/\/www.laguiadepamplona.com\/actualidad\/"},{"@type":"ListItem","position":2,"name":"El Ayuntamiento subvenciona las actividades extraescolares de los dos \u00faltimos trimestres del curso pasado a 43 centros de Educaci\u00f3n Infantil y Primaria"}]},{"@type":"WebSite","@id":"https:\/\/www.laguiadepamplona.com\/actualidad\/#website","url":"https:\/\/www.laguiadepamplona.com\/actualidad\/","name":"La gu\u00eda de Pamplona","description":"Noticias de Pamplona","publisher":{"@id":"https:\/\/www.laguiadepamplona.com\/actualidad\/#organization"},"potentialAction":[{"@type":"SearchAction","target":{"@type":"EntryPoint","urlTemplate":"https:\/\/www.laguiadepamplona.com\/actualidad\/?s={search_term_string}"},"query-input":{"@type":"PropertyValueSpecification","valueRequired":true,"valueName":"search_term_string"}}],"inLanguage":"es"},{"@type":"Organization","@id":"https:\/\/www.laguiadepamplona.com\/actualidad\/#organization","name":"La Gu\u00eda de Pamplona \/ Noticias","url":"https:\/\/www.laguiadepamplona.com\/actualidad\/","logo":{"@type":"ImageObject","inLanguage":"es","@id":"https:\/\/www.laguiadepamplona.com\/actualidad\/#\/schema\/logo\/image\/","url":"https:\/\/www.laguiadepamplona.com\/actualidad\/wp-content\/uploads\/2018\/11\/logo-laguiadepamplona18-web1.png","contentUrl":"https:\/\/www.laguiadepamplona.com\/actualidad\/wp-content\/uploads\/2018\/11\/logo-laguiadepamplona18-web1.png","width":600,"height":196,"caption":"La Gu\u00eda de Pamplona \/ Noticias"},"image":{"@id":"https:\/\/www.laguiadepamplona.com\/actualidad\/#\/schema\/logo\/image\/"},"sameAs":["https:\/\/www.facebook.com\/laguiadepamplonacom-133175176762273\/?ref=hl","https:\/\/x.com\/LaGuiadPamplona","https:\/\/www.instagram.com\/la_guia_de_pamplona\/","https:\/\/www.youtube.com\/user\/laguiadepamplona"]},{"@type":"Person","@id":"https:\/\/www.laguiadepamplona.com\/actualidad\/#\/schema\/person\/efe887376f0213d4657c93adc50b1fdb","name":"La Gu\u00eda de Pamplona","image":{"@type":"ImageObject","inLanguage":"es","@id":"https:\/\/secure.gravatar.com\/avatar\/b6992f131dc8d30ab0dff15446e9d346d9dbd95992de0fef795073f5ea83a81c?s=96&d=mm&r=g","url":"https:\/\/secure.gravatar.com\/avatar\/b6992f131dc8d30ab0dff15446e9d346d9dbd95992de0fef795073f5ea83a81c?s=96&d=mm&r=g","contentUrl":"https:\/\/secure.gravatar.com\/avatar\/b6992f131dc8d30ab0dff15446e9d346d9dbd95992de0fef795073f5ea83a81c?s=96&d=mm&r=g","caption":"La Gu\u00eda de Pamplona"}}]}},"post_mailing_queue_ids":[],"_links":{"self":[{"href":"https:\/\/www.laguiadepamplona.com\/actualidad\/wp-json\/wp\/v2\/posts\/3050","targetHints":{"allow":["GET"]}}],"collection":[{"href":"https:\/\/www.laguiadepamplona.com\/actualidad\/wp-json\/wp\/v2\/posts"}],"about":[{"href":"https:\/\/www.laguiadepamplona.com\/actualidad\/wp-json\/wp\/v2\/types\/post"}],"author":[{"embeddable":true,"href":"https:\/\/www.laguiadepamplona.com\/actualidad\/wp-json\/wp\/v2\/users\/1"}],"replies":[{"embeddable":true,"href":"https:\/\/www.laguiadepamplona.com\/actualidad\/wp-json\/wp\/v2\/comments?post=3050"}],"version-history":[{"count":0,"href":"https:\/\/www.laguiadepamplona.com\/actualidad\/wp-json\/wp\/v2\/posts\/3050\/revisions"}],"wp:featuredmedia":[{"embeddable":true,"href":"https:\/\/www.laguiadepamplona.com\/actualidad\/wp-json\/"}],"wp:attachment":[{"href":"https:\/\/www.laguiadepamplona.com\/actualidad\/wp-json\/wp\/v2\/media?parent=3050"}],"wp:term":[{"taxonomy":"category","embeddable":true,"href":"https:\/\/www.laguiadepamplona.com\/actualidad\/wp-json\/wp\/v2\/categories?post=3050"},{"taxonomy":"post_tag","embeddable":true,"href":"https:\/\/www.laguiadepamplona.com\/actualidad\/wp-json\/wp\/v2\/tags?post=3050"}],"curies":[{"name":"wp","href":"https:\/\/api.w.org\/{rel}","templated":true}]}}