{"id":2933,"date":"2014-09-04T11:07:49","date_gmt":"2014-09-04T11:07:49","guid":{"rendered":"http:\/\/laguiadepamplona.com\/actualidad\/?p=2933"},"modified":"2014-09-04T11:07:49","modified_gmt":"2014-09-04T11:07:49","slug":"pamplona-se-prepara-para-trasladarse-a-la-edad-media-con-la-llegada-este-fin-de-semana-del-mercado-medieval-que-ha-aumentado-el-numero-de-puestos","status":"publish","type":"post","link":"https:\/\/www.laguiadepamplona.com\/actualidad\/pamplona-se-prepara-para-trasladarse-a-la-edad-media-con-la-llegada-este-fin-de-semana-del-mercado-medieval-que-ha-aumentado-el-numero-de-puestos\/","title":{"rendered":"Pamplona se prepara para trasladarse a la Edad Media con la llegada este fin de semana del Mercado Medieval, que ha aumentado el n\u00famero de puestos"},"content":{"rendered":"<h4>El mercado abrir\u00e1 el viernes por la tarde y el s\u00e1bado y el domingo, ma\u00f1ana y tarde<\/h4>\n<p><a href=\"http:\/\/laguiadepamplona.com\/actualidad\/wp-content\/uploads\/2014\/09\/mercado_medieval.jpg\"><img loading=\"lazy\" decoding=\"async\" class=\"alignleft size-medium wp-image-2934\" src=\"http:\/\/laguiadepamplona.com\/actualidad\/wp-content\/uploads\/2014\/09\/mercado_medieval-300x171.jpg\" alt=\"mercado_medieval\" width=\"300\" height=\"171\" \/><\/a>Las calles del Casco Antiguo de Pamplona ya se est\u00e1n preparando con pendones y estandartes para revivir la Edad Media y acoger este fin de semana el Mercado Medieval de los Tres Burgos, que este a\u00f1o ha aumentado su oferta llegando a 120 puestos, 18 m\u00e1s que en ediciones anteriores. As\u00ed, habr\u00e1 puestos de artesan\u00eda y de gastronom\u00eda, talleres y muestras de oficios ambientados en la Edad Media, cetrer\u00eda y esquilado. Adem\u00e1s, se colocar\u00e1 una taberna medieval en la plaza de San Francisco y habr\u00e1 actuaciones de m\u00fasica medieval y renacentista con la asociaci\u00f3n Atrilia. La decoraci\u00f3n se completar\u00e1 con tres portales de tela que simbolizar\u00e1n la entrada a cada uno de los burgos hist\u00f3ricos.<\/p>\n<p>El Ayuntamiento de Pamplona ha organizado este mercado dentro de los actos conmemorativos del 591 aniversario del Privilegio de la Uni\u00f3n que se celebra el 8 de septiembre y cuyo programa tambi\u00e9n incluye durante estos d\u00edas la salida de la Comparsa de Gigantes y Cabezudos, que acompa\u00f1ar\u00e1 desfilando a la Corporaci\u00f3n Municipal, un concierto de La Pamplonesa en la Plaza del Castillo, visitas guiadas a la Casa Consistorial o un concierto de la Capilla Renacentista \u2018Michael Navarrus\u2019 de la Coral de C\u00e1mara de Navarra.<\/p>\n<p>El Mercado Medieval de los Tres Burgos, que alcanza su octava edici\u00f3n, abrir\u00e1 sus puertas el viernes de 18 a 21 horas, y el s\u00e1bado y el domingo de 10 a 14 horas por la ma\u00f1ana y de 17 a 21 horas por la tarde. Se instalar\u00e1 en la calle Mercaderes, Plaza Consistorial, calle Nueva, plaza del Consejo, plaza de San Francisco, calle Eslava y calle Mayor, zona de confluencia de la ciudad de la Navarrer\u00eda; del burgo de San Cernin y de la poblaci\u00f3n de San Nicol\u00e1s, los tres espacios cuya organizaci\u00f3n fue regulada en el Privilegio de la Uni\u00f3n otorgado por Carlos III el Noble el 8 de septiembre de 1423.<\/p>\n<p><strong>Puestos, talleres, exhibiciones de oficios de anta\u00f1o y conciertos<\/strong><\/p>\n<p>Los puestos, cuya instalaci\u00f3n correr\u00e1 a cargo de la Asociaci\u00f3n de Alimentos Artesanos de Navarra, ofrecer\u00e1n productos para la compra y tambi\u00e9n exposici\u00f3n de oficios de anta\u00f1o, por lo que los visitantes se encontrar\u00e1n alfareros, ceramistas, copistas, plateros, perfumistas, carpinteros, zapateros o magos. Entre los productos de alimentaci\u00f3n habr\u00e1 chocolates, embutidos, vinos, quesos, pastas, barquillos, mermeladas y hierbas medicinales, y cada puesto contar\u00e1 con una muestra de elementos etnogr\u00e1ficos relativos al producto que vende. Asimismo podr\u00e1n adquirirse jabones, juguetes de madera, perfumes, plater\u00eda, ropa y calzado, entre otras especialidades.<\/p>\n<p>Adem\u00e1s, se han organizado talleres ambientados en la Edad Media sobre flores secas, forja, soplado de vidrio, alfarer\u00eda e instrumentos musicales y exhibiciones de cetrer\u00eda y de esquilado de ovejas. Los artesanos trabajar\u00e1n los materiales de cara al p\u00fablico, y los m\u00e1s peque\u00f1os podr\u00e1n incluso participar en algunas labores, como la alfarer\u00eda. La oferta del mercado se completar\u00e1 con la taberna medieval instalada en la plaza de San Francisco y con diversos cuentacuentos, teatralizaciones y talleres.<\/p>\n<p>En el mismo marco, la Asociaci\u00f3n de Comerciantes del Casco Antiguo se sumar\u00e1 como en a\u00f1os anteriores a la iniciativa sacando sus comercios a la calle los d\u00edas viernes 5 y s\u00e1bado 6, en el mismo horario que el Mercado Medieval, para mostrar a los ciudadanos lo que sus establecimientos ofrecen.<\/p>\n<p>Asimismo, el Mercado Medieval contar\u00e1 con actividades musicales paralelas ya que habr\u00e1 dos recitales de m\u00fasica medieval y renacentista a cargo de la Asociaci\u00f3n Atrilia, que tendr\u00e1n lugar en la Plaza Consistorial el viernes d\u00eda 5 de 18 a 20.30 horas y el s\u00e1bado d\u00eda 6 de 18.30 a 21 horas. Esta formaci\u00f3n la componen j\u00f3venes int\u00e9rpretes bajo la direcci\u00f3n de I\u00f1igo Casal\u00ed. Tambi\u00e9n habr\u00e1 ambientaci\u00f3n musical y teatralizaciones propia del mercado medieval con la actuaci\u00f3n de grupos que llevar\u00e1n su m\u00fasica por el recorrido del mercado.<\/p>\n<p>&nbsp;<\/p>\n<p><strong>Mercado Medieval de los Tres Burgos. Privilegio de la Uni\u00f3n<\/strong><\/p>\n<ul>\n<li><strong>5, 6 y 7 de septiembre<\/strong><\/li>\n<li>Viernes 5 de septiembre, de 18 a 21 horas. S\u00e1bado 6 y domingo 7 de septiembre, de 10 a 14 horas y de 17 a 21 horas<\/li>\n<li>Calle Mercaderes, Plaza Consistorial, calle Nueva, plaza del Consejo, plaza de San Francisco, calle Eslava y calle Mayor<\/li>\n<li>120 puestos de artesan\u00eda y gastronom\u00eda<\/li>\n<li>Conciertos de la Asociaci\u00f3n Atrilia en la Plaza Consistorial. Viernes 5 de 18 a 20.30 horas y s\u00e1bado 6 de 18.30 a 21 horas<\/li>\n<li><strong>Establecimientos comerciales que se suman al Mercado Medieval<\/strong><\/li>\n<li><strong>Calle Mayor<\/strong><\/li>\n<li>La Zapatillera<\/li>\n<li>La Algodonera<\/li>\n<li>El Camerino<\/li>\n<li>Calzados Astrid<\/li>\n<li>Maitagarri<\/li>\n<li>Calzados Yorka<\/li>\n<li>Lislore<\/li>\n<li>Erla<\/li>\n<li>Pavana<\/li>\n<li>Carrefour Express<\/li>\n<li>Skaner<\/li>\n<li><strong>Calle San Saturnino<\/strong><\/li>\n<li>Krabelin<\/li>\n<li>Bar El Momento<\/li>\n<li><strong>Calle Mercaderes <\/strong><\/li>\n<li>Kukuxumusu<\/li>\n<li>Ebano<\/li>\n<li>Xaboiak<\/li>\n<li>Bazar Echeve<\/li>\n<li><strong>Calle Estafeta <\/strong><\/li>\n<li>Cuchilleria Gomez<\/li>\n<li>Garrarte<\/li>\n<li>Kukuxumusu<\/li>\n<li><strong>Calle Navarrer\u00eda <\/strong><\/li>\n<li>La Trastienda De La Navarreria<\/li>\n<li><strong>Calle Santo Domingo<\/strong><\/li>\n<li>Carniceria Jorge Fernandez<\/li>\n<li><strong>Calle Pozoblanco<\/strong><\/li>\n<li>Minx<\/li>\n<li>Pele y Mele<\/li>\n<li><strong>Calle Zapater\u00eda <\/strong><\/li>\n<li>Tejidos San Andres<\/li>\n<li>Mbt Iru\u00f1a<\/li>\n<li>Boom Colors<\/li>\n<li><strong>Calle San Nicol\u00e1s <\/strong><\/li>\n<li>Merinos<\/li>\n<li>Las Botica De Los Perfumes<\/li>\n<li><strong>Plaza Del Castillo <\/strong><\/li>\n<li>Blue Drops<\/li>\n<li>Ellas<\/li>\n<li>Cerveceria Tropicana<\/li>\n<li><strong>Calle Comedias <\/strong><\/li>\n<li>Cris &amp; Co<\/li>\n<\/ul>\n<p>&nbsp;<\/p>\n","protected":false},"excerpt":{"rendered":"<p>El mercado abrir\u00e1 el viernes por la tarde y el s\u00e1bado y el domingo, ma\u00f1ana y tarde Las calles del Casco Antiguo de Pamplona ya se est\u00e1n preparando con pendones&#8230;<\/p>\n","protected":false},"author":1,"featured_media":2934,"comment_status":"open","ping_status":"open","sticky":false,"template":"","format":"standard","meta":{"footnotes":""},"categories":[2],"tags":[5,6,509,2472,2473,2474,8,9],"class_list":["post-2933","post","type-post","status-publish","format-standard","has-post-thumbnail","hentry","category-ayuntamiento-pamplona","tag-actualidad","tag-ayto-pamplona","tag-ayuntamiento-de-pamplona","tag-edad-media","tag-medieval","tag-mercado","tag-noticias","tag-pamplona"],"yoast_head":"<!-- This site is optimized with the Yoast SEO plugin v27.5 - https:\/\/yoast.com\/product\/yoast-seo-wordpress\/ -->\n<title>Pamplona se prepara para trasladarse a la Edad Media con la llegada este fin de semana del Mercado Medieval, que ha aumentado el n\u00famero de puestos<\/title>\n<meta name=\"robots\" content=\"index, follow, max-snippet:-1, max-image-preview:large, max-video-preview:-1\" \/>\n<link rel=\"canonical\" href=\"https:\/\/www.laguiadepamplona.com\/actualidad\/pamplona-se-prepara-para-trasladarse-a-la-edad-media-con-la-llegada-este-fin-de-semana-del-mercado-medieval-que-ha-aumentado-el-numero-de-puestos\/\" \/>\n<meta property=\"og:locale\" content=\"es_ES\" \/>\n<meta property=\"og:type\" content=\"article\" \/>\n<meta property=\"og:title\" content=\"Pamplona se prepara para trasladarse a la Edad Media con la llegada este fin de semana del Mercado Medieval, que ha aumentado el n\u00famero de puestos\" \/>\n<meta property=\"og:description\" content=\"El mercado abrir\u00e1 el viernes por la tarde y el s\u00e1bado y el domingo, ma\u00f1ana y tarde Las calles del Casco Antiguo de Pamplona ya se est\u00e1n preparando con pendones...\" \/>\n<meta property=\"og:url\" content=\"https:\/\/www.laguiadepamplona.com\/actualidad\/pamplona-se-prepara-para-trasladarse-a-la-edad-media-con-la-llegada-este-fin-de-semana-del-mercado-medieval-que-ha-aumentado-el-numero-de-puestos\/\" \/>\n<meta property=\"og:site_name\" content=\"La Gu\u00eda de Pamplona\" \/>\n<meta property=\"article:publisher\" content=\"https:\/\/www.facebook.com\/laguiadepamplonacom-133175176762273\/?ref=hl\" \/>\n<meta property=\"article:published_time\" content=\"2014-09-04T11:07:49+00:00\" \/>\n<meta name=\"author\" content=\"La Gu\u00eda de Pamplona\" \/>\n<meta name=\"twitter:card\" content=\"summary_large_image\" \/>\n<meta name=\"twitter:creator\" content=\"@LaGuiadPamplona\" \/>\n<meta name=\"twitter:site\" content=\"@LaGuiadPamplona\" \/>\n<meta name=\"twitter:label1\" content=\"Escrito por\" \/>\n\t<meta name=\"twitter:data1\" content=\"La Gu\u00eda de Pamplona\" \/>\n\t<meta name=\"twitter:label2\" content=\"Tiempo de lectura\" \/>\n\t<meta name=\"twitter:data2\" content=\"4 minutos\" \/>\n<script type=\"application\/ld+json\" class=\"yoast-schema-graph\">{\"@context\":\"https:\\\/\\\/schema.org\",\"@graph\":[{\"@type\":\"Article\",\"@id\":\"https:\\\/\\\/www.laguiadepamplona.com\\\/actualidad\\\/pamplona-se-prepara-para-trasladarse-a-la-edad-media-con-la-llegada-este-fin-de-semana-del-mercado-medieval-que-ha-aumentado-el-numero-de-puestos\\\/#article\",\"isPartOf\":{\"@id\":\"https:\\\/\\\/www.laguiadepamplona.com\\\/actualidad\\\/pamplona-se-prepara-para-trasladarse-a-la-edad-media-con-la-llegada-este-fin-de-semana-del-mercado-medieval-que-ha-aumentado-el-numero-de-puestos\\\/\"},\"author\":{\"name\":\"La Gu\u00eda de Pamplona\",\"@id\":\"https:\\\/\\\/www.laguiadepamplona.com\\\/actualidad\\\/#\\\/schema\\\/person\\\/efe887376f0213d4657c93adc50b1fdb\"},\"headline\":\"Pamplona se prepara para trasladarse a la Edad Media con la llegada este fin de semana del Mercado Medieval, que ha aumentado el n\u00famero de puestos\",\"datePublished\":\"2014-09-04T11:07:49+00:00\",\"mainEntityOfPage\":{\"@id\":\"https:\\\/\\\/www.laguiadepamplona.com\\\/actualidad\\\/pamplona-se-prepara-para-trasladarse-a-la-edad-media-con-la-llegada-este-fin-de-semana-del-mercado-medieval-que-ha-aumentado-el-numero-de-puestos\\\/\"},\"wordCount\":898,\"commentCount\":0,\"publisher\":{\"@id\":\"https:\\\/\\\/www.laguiadepamplona.com\\\/actualidad\\\/#organization\"},\"image\":{\"@id\":\"https:\\\/\\\/www.laguiadepamplona.com\\\/actualidad\\\/pamplona-se-prepara-para-trasladarse-a-la-edad-media-con-la-llegada-este-fin-de-semana-del-mercado-medieval-que-ha-aumentado-el-numero-de-puestos\\\/#primaryimage\"},\"thumbnailUrl\":\"\",\"keywords\":[\"actualidad\",\"ayto pamplona\",\"Ayuntamiento de Pamplona\",\"edad media\",\"medieval\",\"mercado\",\"noticias\",\"pamplona\"],\"articleSection\":[\"Ayto Pamplona\"],\"inLanguage\":\"es\",\"potentialAction\":[{\"@type\":\"CommentAction\",\"name\":\"Comment\",\"target\":[\"https:\\\/\\\/www.laguiadepamplona.com\\\/actualidad\\\/pamplona-se-prepara-para-trasladarse-a-la-edad-media-con-la-llegada-este-fin-de-semana-del-mercado-medieval-que-ha-aumentado-el-numero-de-puestos\\\/#respond\"]}]},{\"@type\":\"WebPage\",\"@id\":\"https:\\\/\\\/www.laguiadepamplona.com\\\/actualidad\\\/pamplona-se-prepara-para-trasladarse-a-la-edad-media-con-la-llegada-este-fin-de-semana-del-mercado-medieval-que-ha-aumentado-el-numero-de-puestos\\\/\",\"url\":\"https:\\\/\\\/www.laguiadepamplona.com\\\/actualidad\\\/pamplona-se-prepara-para-trasladarse-a-la-edad-media-con-la-llegada-este-fin-de-semana-del-mercado-medieval-que-ha-aumentado-el-numero-de-puestos\\\/\",\"name\":\"Pamplona se prepara para trasladarse a la Edad Media con la llegada este fin de semana del Mercado Medieval, que ha aumentado el n\u00famero de puestos\",\"isPartOf\":{\"@id\":\"https:\\\/\\\/www.laguiadepamplona.com\\\/actualidad\\\/#website\"},\"primaryImageOfPage\":{\"@id\":\"https:\\\/\\\/www.laguiadepamplona.com\\\/actualidad\\\/pamplona-se-prepara-para-trasladarse-a-la-edad-media-con-la-llegada-este-fin-de-semana-del-mercado-medieval-que-ha-aumentado-el-numero-de-puestos\\\/#primaryimage\"},\"image\":{\"@id\":\"https:\\\/\\\/www.laguiadepamplona.com\\\/actualidad\\\/pamplona-se-prepara-para-trasladarse-a-la-edad-media-con-la-llegada-este-fin-de-semana-del-mercado-medieval-que-ha-aumentado-el-numero-de-puestos\\\/#primaryimage\"},\"thumbnailUrl\":\"\",\"datePublished\":\"2014-09-04T11:07:49+00:00\",\"breadcrumb\":{\"@id\":\"https:\\\/\\\/www.laguiadepamplona.com\\\/actualidad\\\/pamplona-se-prepara-para-trasladarse-a-la-edad-media-con-la-llegada-este-fin-de-semana-del-mercado-medieval-que-ha-aumentado-el-numero-de-puestos\\\/#breadcrumb\"},\"inLanguage\":\"es\",\"potentialAction\":[{\"@type\":\"ReadAction\",\"target\":[\"https:\\\/\\\/www.laguiadepamplona.com\\\/actualidad\\\/pamplona-se-prepara-para-trasladarse-a-la-edad-media-con-la-llegada-este-fin-de-semana-del-mercado-medieval-que-ha-aumentado-el-numero-de-puestos\\\/\"]}]},{\"@type\":\"ImageObject\",\"inLanguage\":\"es\",\"@id\":\"https:\\\/\\\/www.laguiadepamplona.com\\\/actualidad\\\/pamplona-se-prepara-para-trasladarse-a-la-edad-media-con-la-llegada-este-fin-de-semana-del-mercado-medieval-que-ha-aumentado-el-numero-de-puestos\\\/#primaryimage\",\"url\":\"\",\"contentUrl\":\"\"},{\"@type\":\"BreadcrumbList\",\"@id\":\"https:\\\/\\\/www.laguiadepamplona.com\\\/actualidad\\\/pamplona-se-prepara-para-trasladarse-a-la-edad-media-con-la-llegada-este-fin-de-semana-del-mercado-medieval-que-ha-aumentado-el-numero-de-puestos\\\/#breadcrumb\",\"itemListElement\":[{\"@type\":\"ListItem\",\"position\":1,\"name\":\"Portada\",\"item\":\"https:\\\/\\\/www.laguiadepamplona.com\\\/actualidad\\\/\"},{\"@type\":\"ListItem\",\"position\":2,\"name\":\"Pamplona se prepara para trasladarse a la Edad Media con la llegada este fin de semana del Mercado Medieval, que ha aumentado el n\u00famero de puestos\"}]},{\"@type\":\"WebSite\",\"@id\":\"https:\\\/\\\/www.laguiadepamplona.com\\\/actualidad\\\/#website\",\"url\":\"https:\\\/\\\/www.laguiadepamplona.com\\\/actualidad\\\/\",\"name\":\"La gu\u00eda de Pamplona\",\"description\":\"Noticias de Pamplona\",\"publisher\":{\"@id\":\"https:\\\/\\\/www.laguiadepamplona.com\\\/actualidad\\\/#organization\"},\"potentialAction\":[{\"@type\":\"SearchAction\",\"target\":{\"@type\":\"EntryPoint\",\"urlTemplate\":\"https:\\\/\\\/www.laguiadepamplona.com\\\/actualidad\\\/?s={search_term_string}\"},\"query-input\":{\"@type\":\"PropertyValueSpecification\",\"valueRequired\":true,\"valueName\":\"search_term_string\"}}],\"inLanguage\":\"es\"},{\"@type\":\"Organization\",\"@id\":\"https:\\\/\\\/www.laguiadepamplona.com\\\/actualidad\\\/#organization\",\"name\":\"La Gu\u00eda de Pamplona \\\/ Noticias\",\"url\":\"https:\\\/\\\/www.laguiadepamplona.com\\\/actualidad\\\/\",\"logo\":{\"@type\":\"ImageObject\",\"inLanguage\":\"es\",\"@id\":\"https:\\\/\\\/www.laguiadepamplona.com\\\/actualidad\\\/#\\\/schema\\\/logo\\\/image\\\/\",\"url\":\"https:\\\/\\\/www.laguiadepamplona.com\\\/actualidad\\\/wp-content\\\/uploads\\\/2018\\\/11\\\/logo-laguiadepamplona18-web1.png\",\"contentUrl\":\"https:\\\/\\\/www.laguiadepamplona.com\\\/actualidad\\\/wp-content\\\/uploads\\\/2018\\\/11\\\/logo-laguiadepamplona18-web1.png\",\"width\":600,\"height\":196,\"caption\":\"La Gu\u00eda de Pamplona \\\/ Noticias\"},\"image\":{\"@id\":\"https:\\\/\\\/www.laguiadepamplona.com\\\/actualidad\\\/#\\\/schema\\\/logo\\\/image\\\/\"},\"sameAs\":[\"https:\\\/\\\/www.facebook.com\\\/laguiadepamplonacom-133175176762273\\\/?ref=hl\",\"https:\\\/\\\/x.com\\\/LaGuiadPamplona\",\"https:\\\/\\\/www.instagram.com\\\/la_guia_de_pamplona\\\/\",\"https:\\\/\\\/www.youtube.com\\\/user\\\/laguiadepamplona\"]},{\"@type\":\"Person\",\"@id\":\"https:\\\/\\\/www.laguiadepamplona.com\\\/actualidad\\\/#\\\/schema\\\/person\\\/efe887376f0213d4657c93adc50b1fdb\",\"name\":\"La Gu\u00eda de Pamplona\",\"image\":{\"@type\":\"ImageObject\",\"inLanguage\":\"es\",\"@id\":\"https:\\\/\\\/secure.gravatar.com\\\/avatar\\\/b6992f131dc8d30ab0dff15446e9d346d9dbd95992de0fef795073f5ea83a81c?s=96&d=mm&r=g\",\"url\":\"https:\\\/\\\/secure.gravatar.com\\\/avatar\\\/b6992f131dc8d30ab0dff15446e9d346d9dbd95992de0fef795073f5ea83a81c?s=96&d=mm&r=g\",\"contentUrl\":\"https:\\\/\\\/secure.gravatar.com\\\/avatar\\\/b6992f131dc8d30ab0dff15446e9d346d9dbd95992de0fef795073f5ea83a81c?s=96&d=mm&r=g\",\"caption\":\"La Gu\u00eda de Pamplona\"}}]}<\/script>\n<!-- \/ Yoast SEO plugin. -->","yoast_head_json":{"title":"Pamplona se prepara para trasladarse a la Edad Media con la llegada este fin de semana del Mercado Medieval, que ha aumentado el n\u00famero de puestos","robots":{"index":"index","follow":"follow","max-snippet":"max-snippet:-1","max-image-preview":"max-image-preview:large","max-video-preview":"max-video-preview:-1"},"canonical":"https:\/\/www.laguiadepamplona.com\/actualidad\/pamplona-se-prepara-para-trasladarse-a-la-edad-media-con-la-llegada-este-fin-de-semana-del-mercado-medieval-que-ha-aumentado-el-numero-de-puestos\/","og_locale":"es_ES","og_type":"article","og_title":"Pamplona se prepara para trasladarse a la Edad Media con la llegada este fin de semana del Mercado Medieval, que ha aumentado el n\u00famero de puestos","og_description":"El mercado abrir\u00e1 el viernes por la tarde y el s\u00e1bado y el domingo, ma\u00f1ana y tarde Las calles del Casco Antiguo de Pamplona ya se est\u00e1n preparando con pendones...","og_url":"https:\/\/www.laguiadepamplona.com\/actualidad\/pamplona-se-prepara-para-trasladarse-a-la-edad-media-con-la-llegada-este-fin-de-semana-del-mercado-medieval-que-ha-aumentado-el-numero-de-puestos\/","og_site_name":"La Gu\u00eda de Pamplona","article_publisher":"https:\/\/www.facebook.com\/laguiadepamplonacom-133175176762273\/?ref=hl","article_published_time":"2014-09-04T11:07:49+00:00","author":"La Gu\u00eda de Pamplona","twitter_card":"summary_large_image","twitter_creator":"@LaGuiadPamplona","twitter_site":"@LaGuiadPamplona","twitter_misc":{"Escrito por":"La Gu\u00eda de Pamplona","Tiempo de lectura":"4 minutos"},"schema":{"@context":"https:\/\/schema.org","@graph":[{"@type":"Article","@id":"https:\/\/www.laguiadepamplona.com\/actualidad\/pamplona-se-prepara-para-trasladarse-a-la-edad-media-con-la-llegada-este-fin-de-semana-del-mercado-medieval-que-ha-aumentado-el-numero-de-puestos\/#article","isPartOf":{"@id":"https:\/\/www.laguiadepamplona.com\/actualidad\/pamplona-se-prepara-para-trasladarse-a-la-edad-media-con-la-llegada-este-fin-de-semana-del-mercado-medieval-que-ha-aumentado-el-numero-de-puestos\/"},"author":{"name":"La Gu\u00eda de Pamplona","@id":"https:\/\/www.laguiadepamplona.com\/actualidad\/#\/schema\/person\/efe887376f0213d4657c93adc50b1fdb"},"headline":"Pamplona se prepara para trasladarse a la Edad Media con la llegada este fin de semana del Mercado Medieval, que ha aumentado el n\u00famero de puestos","datePublished":"2014-09-04T11:07:49+00:00","mainEntityOfPage":{"@id":"https:\/\/www.laguiadepamplona.com\/actualidad\/pamplona-se-prepara-para-trasladarse-a-la-edad-media-con-la-llegada-este-fin-de-semana-del-mercado-medieval-que-ha-aumentado-el-numero-de-puestos\/"},"wordCount":898,"commentCount":0,"publisher":{"@id":"https:\/\/www.laguiadepamplona.com\/actualidad\/#organization"},"image":{"@id":"https:\/\/www.laguiadepamplona.com\/actualidad\/pamplona-se-prepara-para-trasladarse-a-la-edad-media-con-la-llegada-este-fin-de-semana-del-mercado-medieval-que-ha-aumentado-el-numero-de-puestos\/#primaryimage"},"thumbnailUrl":"","keywords":["actualidad","ayto pamplona","Ayuntamiento de Pamplona","edad media","medieval","mercado","noticias","pamplona"],"articleSection":["Ayto Pamplona"],"inLanguage":"es","potentialAction":[{"@type":"CommentAction","name":"Comment","target":["https:\/\/www.laguiadepamplona.com\/actualidad\/pamplona-se-prepara-para-trasladarse-a-la-edad-media-con-la-llegada-este-fin-de-semana-del-mercado-medieval-que-ha-aumentado-el-numero-de-puestos\/#respond"]}]},{"@type":"WebPage","@id":"https:\/\/www.laguiadepamplona.com\/actualidad\/pamplona-se-prepara-para-trasladarse-a-la-edad-media-con-la-llegada-este-fin-de-semana-del-mercado-medieval-que-ha-aumentado-el-numero-de-puestos\/","url":"https:\/\/www.laguiadepamplona.com\/actualidad\/pamplona-se-prepara-para-trasladarse-a-la-edad-media-con-la-llegada-este-fin-de-semana-del-mercado-medieval-que-ha-aumentado-el-numero-de-puestos\/","name":"Pamplona se prepara para trasladarse a la Edad Media con la llegada este fin de semana del Mercado Medieval, que ha aumentado el n\u00famero de puestos","isPartOf":{"@id":"https:\/\/www.laguiadepamplona.com\/actualidad\/#website"},"primaryImageOfPage":{"@id":"https:\/\/www.laguiadepamplona.com\/actualidad\/pamplona-se-prepara-para-trasladarse-a-la-edad-media-con-la-llegada-este-fin-de-semana-del-mercado-medieval-que-ha-aumentado-el-numero-de-puestos\/#primaryimage"},"image":{"@id":"https:\/\/www.laguiadepamplona.com\/actualidad\/pamplona-se-prepara-para-trasladarse-a-la-edad-media-con-la-llegada-este-fin-de-semana-del-mercado-medieval-que-ha-aumentado-el-numero-de-puestos\/#primaryimage"},"thumbnailUrl":"","datePublished":"2014-09-04T11:07:49+00:00","breadcrumb":{"@id":"https:\/\/www.laguiadepamplona.com\/actualidad\/pamplona-se-prepara-para-trasladarse-a-la-edad-media-con-la-llegada-este-fin-de-semana-del-mercado-medieval-que-ha-aumentado-el-numero-de-puestos\/#breadcrumb"},"inLanguage":"es","potentialAction":[{"@type":"ReadAction","target":["https:\/\/www.laguiadepamplona.com\/actualidad\/pamplona-se-prepara-para-trasladarse-a-la-edad-media-con-la-llegada-este-fin-de-semana-del-mercado-medieval-que-ha-aumentado-el-numero-de-puestos\/"]}]},{"@type":"ImageObject","inLanguage":"es","@id":"https:\/\/www.laguiadepamplona.com\/actualidad\/pamplona-se-prepara-para-trasladarse-a-la-edad-media-con-la-llegada-este-fin-de-semana-del-mercado-medieval-que-ha-aumentado-el-numero-de-puestos\/#primaryimage","url":"","contentUrl":""},{"@type":"BreadcrumbList","@id":"https:\/\/www.laguiadepamplona.com\/actualidad\/pamplona-se-prepara-para-trasladarse-a-la-edad-media-con-la-llegada-este-fin-de-semana-del-mercado-medieval-que-ha-aumentado-el-numero-de-puestos\/#breadcrumb","itemListElement":[{"@type":"ListItem","position":1,"name":"Portada","item":"https:\/\/www.laguiadepamplona.com\/actualidad\/"},{"@type":"ListItem","position":2,"name":"Pamplona se prepara para trasladarse a la Edad Media con la llegada este fin de semana del Mercado Medieval, que ha aumentado el n\u00famero de puestos"}]},{"@type":"WebSite","@id":"https:\/\/www.laguiadepamplona.com\/actualidad\/#website","url":"https:\/\/www.laguiadepamplona.com\/actualidad\/","name":"La gu\u00eda de Pamplona","description":"Noticias de Pamplona","publisher":{"@id":"https:\/\/www.laguiadepamplona.com\/actualidad\/#organization"},"potentialAction":[{"@type":"SearchAction","target":{"@type":"EntryPoint","urlTemplate":"https:\/\/www.laguiadepamplona.com\/actualidad\/?s={search_term_string}"},"query-input":{"@type":"PropertyValueSpecification","valueRequired":true,"valueName":"search_term_string"}}],"inLanguage":"es"},{"@type":"Organization","@id":"https:\/\/www.laguiadepamplona.com\/actualidad\/#organization","name":"La Gu\u00eda de Pamplona \/ Noticias","url":"https:\/\/www.laguiadepamplona.com\/actualidad\/","logo":{"@type":"ImageObject","inLanguage":"es","@id":"https:\/\/www.laguiadepamplona.com\/actualidad\/#\/schema\/logo\/image\/","url":"https:\/\/www.laguiadepamplona.com\/actualidad\/wp-content\/uploads\/2018\/11\/logo-laguiadepamplona18-web1.png","contentUrl":"https:\/\/www.laguiadepamplona.com\/actualidad\/wp-content\/uploads\/2018\/11\/logo-laguiadepamplona18-web1.png","width":600,"height":196,"caption":"La Gu\u00eda de Pamplona \/ Noticias"},"image":{"@id":"https:\/\/www.laguiadepamplona.com\/actualidad\/#\/schema\/logo\/image\/"},"sameAs":["https:\/\/www.facebook.com\/laguiadepamplonacom-133175176762273\/?ref=hl","https:\/\/x.com\/LaGuiadPamplona","https:\/\/www.instagram.com\/la_guia_de_pamplona\/","https:\/\/www.youtube.com\/user\/laguiadepamplona"]},{"@type":"Person","@id":"https:\/\/www.laguiadepamplona.com\/actualidad\/#\/schema\/person\/efe887376f0213d4657c93adc50b1fdb","name":"La Gu\u00eda de Pamplona","image":{"@type":"ImageObject","inLanguage":"es","@id":"https:\/\/secure.gravatar.com\/avatar\/b6992f131dc8d30ab0dff15446e9d346d9dbd95992de0fef795073f5ea83a81c?s=96&d=mm&r=g","url":"https:\/\/secure.gravatar.com\/avatar\/b6992f131dc8d30ab0dff15446e9d346d9dbd95992de0fef795073f5ea83a81c?s=96&d=mm&r=g","contentUrl":"https:\/\/secure.gravatar.com\/avatar\/b6992f131dc8d30ab0dff15446e9d346d9dbd95992de0fef795073f5ea83a81c?s=96&d=mm&r=g","caption":"La Gu\u00eda de Pamplona"}}]}},"post_mailing_queue_ids":[],"_links":{"self":[{"href":"https:\/\/www.laguiadepamplona.com\/actualidad\/wp-json\/wp\/v2\/posts\/2933","targetHints":{"allow":["GET"]}}],"collection":[{"href":"https:\/\/www.laguiadepamplona.com\/actualidad\/wp-json\/wp\/v2\/posts"}],"about":[{"href":"https:\/\/www.laguiadepamplona.com\/actualidad\/wp-json\/wp\/v2\/types\/post"}],"author":[{"embeddable":true,"href":"https:\/\/www.laguiadepamplona.com\/actualidad\/wp-json\/wp\/v2\/users\/1"}],"replies":[{"embeddable":true,"href":"https:\/\/www.laguiadepamplona.com\/actualidad\/wp-json\/wp\/v2\/comments?post=2933"}],"version-history":[{"count":0,"href":"https:\/\/www.laguiadepamplona.com\/actualidad\/wp-json\/wp\/v2\/posts\/2933\/revisions"}],"wp:featuredmedia":[{"embeddable":true,"href":"https:\/\/www.laguiadepamplona.com\/actualidad\/wp-json\/"}],"wp:attachment":[{"href":"https:\/\/www.laguiadepamplona.com\/actualidad\/wp-json\/wp\/v2\/media?parent=2933"}],"wp:term":[{"taxonomy":"category","embeddable":true,"href":"https:\/\/www.laguiadepamplona.com\/actualidad\/wp-json\/wp\/v2\/categories?post=2933"},{"taxonomy":"post_tag","embeddable":true,"href":"https:\/\/www.laguiadepamplona.com\/actualidad\/wp-json\/wp\/v2\/tags?post=2933"}],"curies":[{"name":"wp","href":"https:\/\/api.w.org\/{rel}","templated":true}]}}