{"id":2899,"date":"2014-09-01T12:06:32","date_gmt":"2014-09-01T12:06:32","guid":{"rendered":"http:\/\/laguiadepamplona.com\/actualidad\/?p=2899"},"modified":"2014-09-01T12:06:32","modified_gmt":"2014-09-01T12:06:32","slug":"el-sector-publico-local-del-ayuntamiento-de-pamplona-cierra-el-ano-2013-con-superavit-presupuestario","status":"publish","type":"post","link":"https:\/\/www.laguiadepamplona.com\/actualidad\/el-sector-publico-local-del-ayuntamiento-de-pamplona-cierra-el-ano-2013-con-superavit-presupuestario\/","title":{"rendered":"El sector p\u00fablico local del Ayuntamiento de Pamplona cierra el a\u00f1o 2013 con super\u00e1vit presupuestario"},"content":{"rendered":"<h4>El pago a proveedores se realiz\u00f3 el pasado a\u00f1o en un plazo medio de 42,5 d\u00edas<\/h4>\n<p class=\"Textonota\"><a href=\"http:\/\/laguiadepamplona.com\/actualidad\/wp-content\/uploads\/2014\/06\/Ayto_Pamplona.jpg\"><img loading=\"lazy\" decoding=\"async\" class=\"alignleft size-medium wp-image-2063\" src=\"http:\/\/laguiadepamplona.com\/actualidad\/wp-content\/uploads\/2014\/06\/Ayto_Pamplona-300x225.jpg\" alt=\"Ayto_Pamplona\" width=\"300\" height=\"225\" \/><\/a>El sector p\u00fablico local del Ayuntamiento de Pamplona, que conforman el \u00a0propio Ayuntamiento, Gerencia de Urbanismo, Escuelas Infantiles, Pamplona Centro Hist\u00f3rico, ASIMEC, ANIMSA y la Fundaci\u00f3n Teatro Gayarre, ha cerrado 2013 con un super\u00e1vit presupuestario de 153.946 euros, a pesar de la realizaci\u00f3n, por la Gerencia de Urbanismo, de gastos financiados con Remanente de Tesorer\u00eda Afectado por importe total de 7,2 millones de euros. A final de 2013 existe un remanente de tesorer\u00eda para gastos generales consolidado de 6,9 millones de euros.<\/p>\n<p class=\"Textonota\">La concejala delegada de Servicios Generales, Ana Elizalde, y la directora de Hacienda, Nuria Larr\u00e1yoz, han expuesto esta ma\u00f1ana en la Comisi\u00f3n Especial de Cuentas los datos de la Cuenta General del Ayuntamiento de Pamplona del ejercicio 2013. La ejecuci\u00f3n del ejercicio del a\u00f1o pasado ha estado marcada, al igual que el ejercido anterior de 2012 por la pr\u00f3rroga presupuestaria en las cuentas municipales, la aplicaci\u00f3n de los principios y criterios de la ley de estabilidad presupuestaria y sostenibilidad financiera, y la continuidad de las medidas de control de la eficiencia en la utilizaci\u00f3n de los recursos p\u00fablicos. El Consistorio paga a sus proveedores en un plazo medio de 42,5 d\u00edas.<\/p>\n<p class=\"Textonota\">La Cuenta General del Ayuntamiento de Pamplona del ejercicio 2013 incluye las cuentas del propio Ayuntamiento, de sus organismos aut\u00f3nomos Gerencia de Urbanismo y Escuelas Infantiles, as\u00ed como de las sociedades \u00edntegramente participadas por el Consistorio como Comiru\u00f1a, Pamplona Centro Hist\u00f3rico y ASIMEC. El expediente tiene tambi\u00e9n como anexos las cuentas de las sociedades Mercairu\u00f1a y ANIMSA, en cuyo capital el Ayuntamiento participa mayoritariamente, y de las fundaciones Teatro Gayarre y Casa de Misericordia. Todos los informes de auditor\u00edas de las cuentas de las entidades y sociedades incluyen opiniones favorables sobre las propias cuentas y se informa favorablemente sobre el cumplimiento de la legalidad en la gesti\u00f3n.<\/p>\n<p class=\"Textonota\">El endeudamiento en t\u00e9rminos de ley de estabilidad del sector p\u00fablico local del Ayuntamiento de Pamplona es de 109,9 millones de euros. Esa deuda viva corresponde a un 59 % del total de ingresos corrientes consolidados presupuestarios, cuando el m\u00e1ximo legal es del 110%.<\/p>\n<p class=\"ladillonota\"><strong>Remanente de tesorer\u00eda positivo<\/strong><\/p>\n<p class=\"Textonota\">El Ayuntamiento de Pamplona ha liquidado su presupuesto con un remanente de tesorer\u00eda positivo de casi 1,3 millones de euros. El control del gasto de funcionamiento en partidas como personal, compras de bienes y servicios y subvenciones corrientes ha permitido su reducci\u00f3n en unos 11 millones de euros desde 2011. El ahorro bruto del Ayuntamiento de Pamplona ha sido de 18,7 millones, lo que supone un 10,4% de los ingresos corrientes. El ahorro neto, por su parte, ha sido de 9,8 millones de euros.<\/p>\n<p class=\"Textonota\">Las inversiones ejecutadas han ascendido a 16,7 millones de euros (28,4 millones a nivel consolidado). Entre ellas se encuentran los parques de Aranzadi y Trinitarios (con financiaci\u00f3n europea), actuaciones del Plan de Vivienda en el Casco Antiguo, la finalizaci\u00f3n de las obras del ascensor de Echavacoiz, la construcci\u00f3n del club de jubilados del barrio de la Chantrea, renovaci\u00f3n de pavimentos en distintas zonas de la ciudad, reformas en colegios o la restauraci\u00f3n del baluarte del Labrit (con financiaci\u00f3n europea dentro del proyecto Fortius).<\/p>\n<p class=\"Textonota\">Los ingresos corrientes han sido de 179,1 millones de euros (186,2 millones de euros consolidados del sector p\u00fablico local). Ese nivel de ingresos, su estabilidad en los \u00faltimos ejercicios y las medidas de austeridad y eficiencia en el uso de los recursos p\u00fablicos han permitido una gesti\u00f3n de los pagos sin tensiones de tesorer\u00eda y sin tener que recurrir a mecanismos de financiaci\u00f3n extraordinarios.<\/p>\n<p class=\"Textonota\">\n","protected":false},"excerpt":{"rendered":"<p>El pago a proveedores se realiz\u00f3 el pasado a\u00f1o en un plazo medio de 42,5 d\u00edas El sector p\u00fablico local del Ayuntamiento de Pamplona, que conforman el \u00a0propio Ayuntamiento, Gerencia&#8230;<\/p>\n","protected":false},"author":1,"featured_media":2063,"comment_status":"open","ping_status":"open","sticky":false,"template":"","format":"standard","meta":{"footnotes":""},"categories":[2],"tags":[1555,5,6,509,8,9,2449,2450,2451],"class_list":["post-2899","post","type-post","status-publish","format-standard","has-post-thumbnail","hentry","category-ayuntamiento-pamplona","tag-1555","tag-actualidad","tag-ayto-pamplona","tag-ayuntamiento-de-pamplona","tag-noticias","tag-pamplona","tag-presupuestario","tag-sector-publico-local","tag-superavit"],"yoast_head":"<!-- This site is optimized with the Yoast SEO plugin v27.5 - https:\/\/yoast.com\/product\/yoast-seo-wordpress\/ -->\n<title>El sector p\u00fablico local del Ayuntamiento de Pamplona cierra el a\u00f1o 2013 con super\u00e1vit presupuestario<\/title>\n<meta name=\"robots\" content=\"index, follow, max-snippet:-1, max-image-preview:large, max-video-preview:-1\" \/>\n<link rel=\"canonical\" href=\"https:\/\/www.laguiadepamplona.com\/actualidad\/el-sector-publico-local-del-ayuntamiento-de-pamplona-cierra-el-ano-2013-con-superavit-presupuestario\/\" \/>\n<meta property=\"og:locale\" content=\"es_ES\" \/>\n<meta property=\"og:type\" content=\"article\" \/>\n<meta property=\"og:title\" content=\"El sector p\u00fablico local del Ayuntamiento de Pamplona cierra el a\u00f1o 2013 con super\u00e1vit presupuestario\" \/>\n<meta property=\"og:description\" content=\"El pago a proveedores se realiz\u00f3 el pasado a\u00f1o en un plazo medio de 42,5 d\u00edas El sector p\u00fablico local del Ayuntamiento de Pamplona, que conforman el \u00a0propio Ayuntamiento, Gerencia...\" \/>\n<meta property=\"og:url\" content=\"https:\/\/www.laguiadepamplona.com\/actualidad\/el-sector-publico-local-del-ayuntamiento-de-pamplona-cierra-el-ano-2013-con-superavit-presupuestario\/\" \/>\n<meta property=\"og:site_name\" content=\"La Gu\u00eda de Pamplona\" \/>\n<meta property=\"article:publisher\" content=\"https:\/\/www.facebook.com\/laguiadepamplonacom-133175176762273\/?ref=hl\" \/>\n<meta property=\"article:published_time\" content=\"2014-09-01T12:06:32+00:00\" \/>\n<meta name=\"author\" content=\"La Gu\u00eda de Pamplona\" \/>\n<meta name=\"twitter:card\" content=\"summary_large_image\" \/>\n<meta name=\"twitter:creator\" content=\"@LaGuiadPamplona\" \/>\n<meta name=\"twitter:site\" content=\"@LaGuiadPamplona\" \/>\n<meta name=\"twitter:label1\" content=\"Escrito por\" \/>\n\t<meta name=\"twitter:data1\" content=\"La Gu\u00eda de Pamplona\" \/>\n\t<meta name=\"twitter:label2\" content=\"Tiempo de lectura\" \/>\n\t<meta name=\"twitter:data2\" content=\"3 minutos\" \/>\n<script type=\"application\/ld+json\" class=\"yoast-schema-graph\">{\"@context\":\"https:\\\/\\\/schema.org\",\"@graph\":[{\"@type\":\"Article\",\"@id\":\"https:\\\/\\\/www.laguiadepamplona.com\\\/actualidad\\\/el-sector-publico-local-del-ayuntamiento-de-pamplona-cierra-el-ano-2013-con-superavit-presupuestario\\\/#article\",\"isPartOf\":{\"@id\":\"https:\\\/\\\/www.laguiadepamplona.com\\\/actualidad\\\/el-sector-publico-local-del-ayuntamiento-de-pamplona-cierra-el-ano-2013-con-superavit-presupuestario\\\/\"},\"author\":{\"name\":\"La Gu\u00eda de Pamplona\",\"@id\":\"https:\\\/\\\/www.laguiadepamplona.com\\\/actualidad\\\/#\\\/schema\\\/person\\\/efe887376f0213d4657c93adc50b1fdb\"},\"headline\":\"El sector p\u00fablico local del Ayuntamiento de Pamplona cierra el a\u00f1o 2013 con super\u00e1vit presupuestario\",\"datePublished\":\"2014-09-01T12:06:32+00:00\",\"mainEntityOfPage\":{\"@id\":\"https:\\\/\\\/www.laguiadepamplona.com\\\/actualidad\\\/el-sector-publico-local-del-ayuntamiento-de-pamplona-cierra-el-ano-2013-con-superavit-presupuestario\\\/\"},\"wordCount\":631,\"commentCount\":0,\"publisher\":{\"@id\":\"https:\\\/\\\/www.laguiadepamplona.com\\\/actualidad\\\/#organization\"},\"image\":{\"@id\":\"https:\\\/\\\/www.laguiadepamplona.com\\\/actualidad\\\/el-sector-publico-local-del-ayuntamiento-de-pamplona-cierra-el-ano-2013-con-superavit-presupuestario\\\/#primaryimage\"},\"thumbnailUrl\":\"\",\"keywords\":[\"2013\",\"actualidad\",\"ayto pamplona\",\"Ayuntamiento de Pamplona\",\"noticias\",\"pamplona\",\"presupuestario\",\"sector p\u00fablico local\",\"super\u00e1vit\"],\"articleSection\":[\"Ayto Pamplona\"],\"inLanguage\":\"es\",\"potentialAction\":[{\"@type\":\"CommentAction\",\"name\":\"Comment\",\"target\":[\"https:\\\/\\\/www.laguiadepamplona.com\\\/actualidad\\\/el-sector-publico-local-del-ayuntamiento-de-pamplona-cierra-el-ano-2013-con-superavit-presupuestario\\\/#respond\"]}]},{\"@type\":\"WebPage\",\"@id\":\"https:\\\/\\\/www.laguiadepamplona.com\\\/actualidad\\\/el-sector-publico-local-del-ayuntamiento-de-pamplona-cierra-el-ano-2013-con-superavit-presupuestario\\\/\",\"url\":\"https:\\\/\\\/www.laguiadepamplona.com\\\/actualidad\\\/el-sector-publico-local-del-ayuntamiento-de-pamplona-cierra-el-ano-2013-con-superavit-presupuestario\\\/\",\"name\":\"El sector p\u00fablico local del Ayuntamiento de Pamplona cierra el a\u00f1o 2013 con super\u00e1vit presupuestario\",\"isPartOf\":{\"@id\":\"https:\\\/\\\/www.laguiadepamplona.com\\\/actualidad\\\/#website\"},\"primaryImageOfPage\":{\"@id\":\"https:\\\/\\\/www.laguiadepamplona.com\\\/actualidad\\\/el-sector-publico-local-del-ayuntamiento-de-pamplona-cierra-el-ano-2013-con-superavit-presupuestario\\\/#primaryimage\"},\"image\":{\"@id\":\"https:\\\/\\\/www.laguiadepamplona.com\\\/actualidad\\\/el-sector-publico-local-del-ayuntamiento-de-pamplona-cierra-el-ano-2013-con-superavit-presupuestario\\\/#primaryimage\"},\"thumbnailUrl\":\"\",\"datePublished\":\"2014-09-01T12:06:32+00:00\",\"breadcrumb\":{\"@id\":\"https:\\\/\\\/www.laguiadepamplona.com\\\/actualidad\\\/el-sector-publico-local-del-ayuntamiento-de-pamplona-cierra-el-ano-2013-con-superavit-presupuestario\\\/#breadcrumb\"},\"inLanguage\":\"es\",\"potentialAction\":[{\"@type\":\"ReadAction\",\"target\":[\"https:\\\/\\\/www.laguiadepamplona.com\\\/actualidad\\\/el-sector-publico-local-del-ayuntamiento-de-pamplona-cierra-el-ano-2013-con-superavit-presupuestario\\\/\"]}]},{\"@type\":\"ImageObject\",\"inLanguage\":\"es\",\"@id\":\"https:\\\/\\\/www.laguiadepamplona.com\\\/actualidad\\\/el-sector-publico-local-del-ayuntamiento-de-pamplona-cierra-el-ano-2013-con-superavit-presupuestario\\\/#primaryimage\",\"url\":\"\",\"contentUrl\":\"\"},{\"@type\":\"BreadcrumbList\",\"@id\":\"https:\\\/\\\/www.laguiadepamplona.com\\\/actualidad\\\/el-sector-publico-local-del-ayuntamiento-de-pamplona-cierra-el-ano-2013-con-superavit-presupuestario\\\/#breadcrumb\",\"itemListElement\":[{\"@type\":\"ListItem\",\"position\":1,\"name\":\"Portada\",\"item\":\"https:\\\/\\\/www.laguiadepamplona.com\\\/actualidad\\\/\"},{\"@type\":\"ListItem\",\"position\":2,\"name\":\"El sector p\u00fablico local del Ayuntamiento de Pamplona cierra el a\u00f1o 2013 con super\u00e1vit presupuestario\"}]},{\"@type\":\"WebSite\",\"@id\":\"https:\\\/\\\/www.laguiadepamplona.com\\\/actualidad\\\/#website\",\"url\":\"https:\\\/\\\/www.laguiadepamplona.com\\\/actualidad\\\/\",\"name\":\"La gu\u00eda de Pamplona\",\"description\":\"Noticias de Pamplona\",\"publisher\":{\"@id\":\"https:\\\/\\\/www.laguiadepamplona.com\\\/actualidad\\\/#organization\"},\"potentialAction\":[{\"@type\":\"SearchAction\",\"target\":{\"@type\":\"EntryPoint\",\"urlTemplate\":\"https:\\\/\\\/www.laguiadepamplona.com\\\/actualidad\\\/?s={search_term_string}\"},\"query-input\":{\"@type\":\"PropertyValueSpecification\",\"valueRequired\":true,\"valueName\":\"search_term_string\"}}],\"inLanguage\":\"es\"},{\"@type\":\"Organization\",\"@id\":\"https:\\\/\\\/www.laguiadepamplona.com\\\/actualidad\\\/#organization\",\"name\":\"La Gu\u00eda de Pamplona \\\/ Noticias\",\"url\":\"https:\\\/\\\/www.laguiadepamplona.com\\\/actualidad\\\/\",\"logo\":{\"@type\":\"ImageObject\",\"inLanguage\":\"es\",\"@id\":\"https:\\\/\\\/www.laguiadepamplona.com\\\/actualidad\\\/#\\\/schema\\\/logo\\\/image\\\/\",\"url\":\"https:\\\/\\\/www.laguiadepamplona.com\\\/actualidad\\\/wp-content\\\/uploads\\\/2018\\\/11\\\/logo-laguiadepamplona18-web1.png\",\"contentUrl\":\"https:\\\/\\\/www.laguiadepamplona.com\\\/actualidad\\\/wp-content\\\/uploads\\\/2018\\\/11\\\/logo-laguiadepamplona18-web1.png\",\"width\":600,\"height\":196,\"caption\":\"La Gu\u00eda de Pamplona \\\/ Noticias\"},\"image\":{\"@id\":\"https:\\\/\\\/www.laguiadepamplona.com\\\/actualidad\\\/#\\\/schema\\\/logo\\\/image\\\/\"},\"sameAs\":[\"https:\\\/\\\/www.facebook.com\\\/laguiadepamplonacom-133175176762273\\\/?ref=hl\",\"https:\\\/\\\/x.com\\\/LaGuiadPamplona\",\"https:\\\/\\\/www.instagram.com\\\/la_guia_de_pamplona\\\/\",\"https:\\\/\\\/www.youtube.com\\\/user\\\/laguiadepamplona\"]},{\"@type\":\"Person\",\"@id\":\"https:\\\/\\\/www.laguiadepamplona.com\\\/actualidad\\\/#\\\/schema\\\/person\\\/efe887376f0213d4657c93adc50b1fdb\",\"name\":\"La Gu\u00eda de Pamplona\",\"image\":{\"@type\":\"ImageObject\",\"inLanguage\":\"es\",\"@id\":\"https:\\\/\\\/secure.gravatar.com\\\/avatar\\\/b6992f131dc8d30ab0dff15446e9d346d9dbd95992de0fef795073f5ea83a81c?s=96&d=mm&r=g\",\"url\":\"https:\\\/\\\/secure.gravatar.com\\\/avatar\\\/b6992f131dc8d30ab0dff15446e9d346d9dbd95992de0fef795073f5ea83a81c?s=96&d=mm&r=g\",\"contentUrl\":\"https:\\\/\\\/secure.gravatar.com\\\/avatar\\\/b6992f131dc8d30ab0dff15446e9d346d9dbd95992de0fef795073f5ea83a81c?s=96&d=mm&r=g\",\"caption\":\"La Gu\u00eda de Pamplona\"}}]}<\/script>\n<!-- \/ Yoast SEO plugin. -->","yoast_head_json":{"title":"El sector p\u00fablico local del Ayuntamiento de Pamplona cierra el a\u00f1o 2013 con super\u00e1vit presupuestario","robots":{"index":"index","follow":"follow","max-snippet":"max-snippet:-1","max-image-preview":"max-image-preview:large","max-video-preview":"max-video-preview:-1"},"canonical":"https:\/\/www.laguiadepamplona.com\/actualidad\/el-sector-publico-local-del-ayuntamiento-de-pamplona-cierra-el-ano-2013-con-superavit-presupuestario\/","og_locale":"es_ES","og_type":"article","og_title":"El sector p\u00fablico local del Ayuntamiento de Pamplona cierra el a\u00f1o 2013 con super\u00e1vit presupuestario","og_description":"El pago a proveedores se realiz\u00f3 el pasado a\u00f1o en un plazo medio de 42,5 d\u00edas El sector p\u00fablico local del Ayuntamiento de Pamplona, que conforman el \u00a0propio Ayuntamiento, Gerencia...","og_url":"https:\/\/www.laguiadepamplona.com\/actualidad\/el-sector-publico-local-del-ayuntamiento-de-pamplona-cierra-el-ano-2013-con-superavit-presupuestario\/","og_site_name":"La Gu\u00eda de Pamplona","article_publisher":"https:\/\/www.facebook.com\/laguiadepamplonacom-133175176762273\/?ref=hl","article_published_time":"2014-09-01T12:06:32+00:00","author":"La Gu\u00eda de Pamplona","twitter_card":"summary_large_image","twitter_creator":"@LaGuiadPamplona","twitter_site":"@LaGuiadPamplona","twitter_misc":{"Escrito por":"La Gu\u00eda de Pamplona","Tiempo de lectura":"3 minutos"},"schema":{"@context":"https:\/\/schema.org","@graph":[{"@type":"Article","@id":"https:\/\/www.laguiadepamplona.com\/actualidad\/el-sector-publico-local-del-ayuntamiento-de-pamplona-cierra-el-ano-2013-con-superavit-presupuestario\/#article","isPartOf":{"@id":"https:\/\/www.laguiadepamplona.com\/actualidad\/el-sector-publico-local-del-ayuntamiento-de-pamplona-cierra-el-ano-2013-con-superavit-presupuestario\/"},"author":{"name":"La Gu\u00eda de Pamplona","@id":"https:\/\/www.laguiadepamplona.com\/actualidad\/#\/schema\/person\/efe887376f0213d4657c93adc50b1fdb"},"headline":"El sector p\u00fablico local del Ayuntamiento de Pamplona cierra el a\u00f1o 2013 con super\u00e1vit presupuestario","datePublished":"2014-09-01T12:06:32+00:00","mainEntityOfPage":{"@id":"https:\/\/www.laguiadepamplona.com\/actualidad\/el-sector-publico-local-del-ayuntamiento-de-pamplona-cierra-el-ano-2013-con-superavit-presupuestario\/"},"wordCount":631,"commentCount":0,"publisher":{"@id":"https:\/\/www.laguiadepamplona.com\/actualidad\/#organization"},"image":{"@id":"https:\/\/www.laguiadepamplona.com\/actualidad\/el-sector-publico-local-del-ayuntamiento-de-pamplona-cierra-el-ano-2013-con-superavit-presupuestario\/#primaryimage"},"thumbnailUrl":"","keywords":["2013","actualidad","ayto pamplona","Ayuntamiento de Pamplona","noticias","pamplona","presupuestario","sector p\u00fablico local","super\u00e1vit"],"articleSection":["Ayto Pamplona"],"inLanguage":"es","potentialAction":[{"@type":"CommentAction","name":"Comment","target":["https:\/\/www.laguiadepamplona.com\/actualidad\/el-sector-publico-local-del-ayuntamiento-de-pamplona-cierra-el-ano-2013-con-superavit-presupuestario\/#respond"]}]},{"@type":"WebPage","@id":"https:\/\/www.laguiadepamplona.com\/actualidad\/el-sector-publico-local-del-ayuntamiento-de-pamplona-cierra-el-ano-2013-con-superavit-presupuestario\/","url":"https:\/\/www.laguiadepamplona.com\/actualidad\/el-sector-publico-local-del-ayuntamiento-de-pamplona-cierra-el-ano-2013-con-superavit-presupuestario\/","name":"El sector p\u00fablico local del Ayuntamiento de Pamplona cierra el a\u00f1o 2013 con super\u00e1vit presupuestario","isPartOf":{"@id":"https:\/\/www.laguiadepamplona.com\/actualidad\/#website"},"primaryImageOfPage":{"@id":"https:\/\/www.laguiadepamplona.com\/actualidad\/el-sector-publico-local-del-ayuntamiento-de-pamplona-cierra-el-ano-2013-con-superavit-presupuestario\/#primaryimage"},"image":{"@id":"https:\/\/www.laguiadepamplona.com\/actualidad\/el-sector-publico-local-del-ayuntamiento-de-pamplona-cierra-el-ano-2013-con-superavit-presupuestario\/#primaryimage"},"thumbnailUrl":"","datePublished":"2014-09-01T12:06:32+00:00","breadcrumb":{"@id":"https:\/\/www.laguiadepamplona.com\/actualidad\/el-sector-publico-local-del-ayuntamiento-de-pamplona-cierra-el-ano-2013-con-superavit-presupuestario\/#breadcrumb"},"inLanguage":"es","potentialAction":[{"@type":"ReadAction","target":["https:\/\/www.laguiadepamplona.com\/actualidad\/el-sector-publico-local-del-ayuntamiento-de-pamplona-cierra-el-ano-2013-con-superavit-presupuestario\/"]}]},{"@type":"ImageObject","inLanguage":"es","@id":"https:\/\/www.laguiadepamplona.com\/actualidad\/el-sector-publico-local-del-ayuntamiento-de-pamplona-cierra-el-ano-2013-con-superavit-presupuestario\/#primaryimage","url":"","contentUrl":""},{"@type":"BreadcrumbList","@id":"https:\/\/www.laguiadepamplona.com\/actualidad\/el-sector-publico-local-del-ayuntamiento-de-pamplona-cierra-el-ano-2013-con-superavit-presupuestario\/#breadcrumb","itemListElement":[{"@type":"ListItem","position":1,"name":"Portada","item":"https:\/\/www.laguiadepamplona.com\/actualidad\/"},{"@type":"ListItem","position":2,"name":"El sector p\u00fablico local del Ayuntamiento de Pamplona cierra el a\u00f1o 2013 con super\u00e1vit presupuestario"}]},{"@type":"WebSite","@id":"https:\/\/www.laguiadepamplona.com\/actualidad\/#website","url":"https:\/\/www.laguiadepamplona.com\/actualidad\/","name":"La gu\u00eda de Pamplona","description":"Noticias de Pamplona","publisher":{"@id":"https:\/\/www.laguiadepamplona.com\/actualidad\/#organization"},"potentialAction":[{"@type":"SearchAction","target":{"@type":"EntryPoint","urlTemplate":"https:\/\/www.laguiadepamplona.com\/actualidad\/?s={search_term_string}"},"query-input":{"@type":"PropertyValueSpecification","valueRequired":true,"valueName":"search_term_string"}}],"inLanguage":"es"},{"@type":"Organization","@id":"https:\/\/www.laguiadepamplona.com\/actualidad\/#organization","name":"La Gu\u00eda de Pamplona \/ Noticias","url":"https:\/\/www.laguiadepamplona.com\/actualidad\/","logo":{"@type":"ImageObject","inLanguage":"es","@id":"https:\/\/www.laguiadepamplona.com\/actualidad\/#\/schema\/logo\/image\/","url":"https:\/\/www.laguiadepamplona.com\/actualidad\/wp-content\/uploads\/2018\/11\/logo-laguiadepamplona18-web1.png","contentUrl":"https:\/\/www.laguiadepamplona.com\/actualidad\/wp-content\/uploads\/2018\/11\/logo-laguiadepamplona18-web1.png","width":600,"height":196,"caption":"La Gu\u00eda de Pamplona \/ Noticias"},"image":{"@id":"https:\/\/www.laguiadepamplona.com\/actualidad\/#\/schema\/logo\/image\/"},"sameAs":["https:\/\/www.facebook.com\/laguiadepamplonacom-133175176762273\/?ref=hl","https:\/\/x.com\/LaGuiadPamplona","https:\/\/www.instagram.com\/la_guia_de_pamplona\/","https:\/\/www.youtube.com\/user\/laguiadepamplona"]},{"@type":"Person","@id":"https:\/\/www.laguiadepamplona.com\/actualidad\/#\/schema\/person\/efe887376f0213d4657c93adc50b1fdb","name":"La Gu\u00eda de Pamplona","image":{"@type":"ImageObject","inLanguage":"es","@id":"https:\/\/secure.gravatar.com\/avatar\/b6992f131dc8d30ab0dff15446e9d346d9dbd95992de0fef795073f5ea83a81c?s=96&d=mm&r=g","url":"https:\/\/secure.gravatar.com\/avatar\/b6992f131dc8d30ab0dff15446e9d346d9dbd95992de0fef795073f5ea83a81c?s=96&d=mm&r=g","contentUrl":"https:\/\/secure.gravatar.com\/avatar\/b6992f131dc8d30ab0dff15446e9d346d9dbd95992de0fef795073f5ea83a81c?s=96&d=mm&r=g","caption":"La Gu\u00eda de Pamplona"}}]}},"post_mailing_queue_ids":[],"_links":{"self":[{"href":"https:\/\/www.laguiadepamplona.com\/actualidad\/wp-json\/wp\/v2\/posts\/2899","targetHints":{"allow":["GET"]}}],"collection":[{"href":"https:\/\/www.laguiadepamplona.com\/actualidad\/wp-json\/wp\/v2\/posts"}],"about":[{"href":"https:\/\/www.laguiadepamplona.com\/actualidad\/wp-json\/wp\/v2\/types\/post"}],"author":[{"embeddable":true,"href":"https:\/\/www.laguiadepamplona.com\/actualidad\/wp-json\/wp\/v2\/users\/1"}],"replies":[{"embeddable":true,"href":"https:\/\/www.laguiadepamplona.com\/actualidad\/wp-json\/wp\/v2\/comments?post=2899"}],"version-history":[{"count":0,"href":"https:\/\/www.laguiadepamplona.com\/actualidad\/wp-json\/wp\/v2\/posts\/2899\/revisions"}],"wp:featuredmedia":[{"embeddable":true,"href":"https:\/\/www.laguiadepamplona.com\/actualidad\/wp-json\/"}],"wp:attachment":[{"href":"https:\/\/www.laguiadepamplona.com\/actualidad\/wp-json\/wp\/v2\/media?parent=2899"}],"wp:term":[{"taxonomy":"category","embeddable":true,"href":"https:\/\/www.laguiadepamplona.com\/actualidad\/wp-json\/wp\/v2\/categories?post=2899"},{"taxonomy":"post_tag","embeddable":true,"href":"https:\/\/www.laguiadepamplona.com\/actualidad\/wp-json\/wp\/v2\/tags?post=2899"}],"curies":[{"name":"wp","href":"https:\/\/api.w.org\/{rel}","templated":true}]}}