{"id":28940,"date":"2020-03-12T12:25:27","date_gmt":"2020-03-12T10:25:27","guid":{"rendered":"https:\/\/www.laguiadepamplona.es\/actualidad\/?p=28940"},"modified":"2020-03-12T12:25:27","modified_gmt":"2020-03-12T10:25:27","slug":"el-ayuntamiento-destina-175-760-euros-a-subvencionar-actividades-extraescolares-y-complementarias-organizadas-por-los-centros-de-infantil-y-primaria-de-pamplona","status":"publish","type":"post","link":"https:\/\/www.laguiadepamplona.com\/actualidad\/el-ayuntamiento-destina-175-760-euros-a-subvencionar-actividades-extraescolares-y-complementarias-organizadas-por-los-centros-de-infantil-y-primaria-de-pamplona\/","title":{"rendered":"El Ayuntamiento destina 175.760 euros a subvencionar actividades extraescolares y complementarias organizadas por los centros de Infantil y Primaria de Pamplona"},"content":{"rendered":"<h5>Los colegios, tanto p\u00fablicos como concertados, podr\u00e1n solicitar las ayudas hasta el d\u00eda 24 de este mes<\/h5>\n<p><!--more--><\/p>\n<p>El Ayuntamiento de Pamplona ha abierto una convocatoria de ayudas para la realizaci\u00f3n de actividades extraescolares y complementarias para el alumnado de los centros escolares de Infantil y Primaria ubicados en la ciudad. En total, prev\u00e9 destinar 175.760 euros, para subvencionar parte de la programaci\u00f3n que completa el curr\u00edculum escolar durante este curso 2019\/2020. Las ayudas se dirigen tanto a centros p\u00fablicos y concertados como a Centros de Educaci\u00f3n Especial y Centros de Educaci\u00f3n B\u00e1sica para Adultos. Las escuelas y colegios interesados deber\u00e1n presentar la solicitud hasta el d\u00eda 24 de este mes.<\/p>\n<p>Con estas subvenciones, el Consistorio pretende dar soporte a iniciativas educativas, culturales y sociales encaminadas a mejorar la calidad de la ense\u00f1anza a trav\u00e9s de actividades fuera de los centros educativos. Para poder optar a estas ayudas, las extraescolares deber\u00e1n estar protagonizadas por el alumnado y dirigidas por el personal docente del centro. No obstante, no ser\u00e1n subvencionables las actividades que supongan clases regulares de apoyo a cualquier materia curricular o a otras no curriculares como mecanograf\u00eda o inform\u00e1tica, por ejemplo. Tampoco entran en esta convocatoria campamentos, viajes de estudios y excursiones de m\u00e1s de una noche. Asimismo, no podr\u00e1 solicitarse esta esta ayuda para actividades que cuenten con convocatorias de ayudas municipales y auton\u00f3micas.<\/p>\n<p>En la solicitud de ayudas, los centros deber\u00e1n presentar el programa de actividades complementarias que haya previsto para este curso, desde el 1 de septiembre de 2019 hasta el 30 de junio de 2020, junto con el presupuesto de todas ellas. No obstante, las actividades podr\u00e1n ser modificadas en funci\u00f3n de las necesidades del centro y el calendario escolar y sustituidas por otras que consideren de mayor inter\u00e9s.<\/p>\n<p><script async src=\"\/\/pagead2.googlesyndication.com\/pagead\/js\/adsbygoogle.js\"><\/script><br \/>\n<!-- Noticias La Guia de Pamplona --><br \/>\n<ins class=\"adsbygoogle\"\nstyle=\"display:block\"\ndata-ad-client=\"ca-pub-6943679897239327\"\ndata-ad-slot=\"7048180777\"\ndata-ad-format=\"auto\"><\/ins><br \/>\n<script>\n(adsbygoogle = window.adsbygoogle || []).push({});\n<\/script><\/p>\n<p><strong>Reparto de las ayudas<\/strong><\/p>\n<p>Una vez recibidas y evaluadas todas las solicitudes, el Ayuntamiento repartir\u00e1 a partes iguales el 45% del presupuesto de la convocatoria entre todos los centros participantes, lo que supondr\u00e1 79.092 euros en total. El restante 55%, en cambio, se asignar\u00e1 en funci\u00f3n de distintos criterios. As\u00ed, un total de 43.940 euros (es decir, el 25% del presupuesto) se distribuir\u00e1 entre los colegios de manera proporcional al n\u00famero de alumnado total. Otros 43.940 euros se asignar\u00e1n en funci\u00f3n al alumnado desfavorecido de cada centro, atendiendo al censo del propio departamento de Educaci\u00f3n. El 5% restante, es decir, 8.788 euros se repartir\u00e1n a partes iguales entre los centros que incluyan actividades complementarias encaminadas a lograr la igualdad entre ni\u00f1os y ni\u00f1as.<\/p>\n<p>Los centros interesados deber\u00e1n presentar la solicitud de forma telem\u00e1tica a trav\u00e9s de la web municipal <a href=\"http:\/\/www.pamplona.es\" target=\"_blank\" rel=\"noopener noreferrer\">www.pamplona.es<\/a> o bien de forma presencial en los distintos registros oficiales habilitados. La instancia deber\u00e1 ir acompa\u00f1ada de una declaraci\u00f3n responsable y la memoria de los proyectos y actividades para los que solicita la subvenci\u00f3n, entre otros documentos. Una vez finalizado el plazo de presentaci\u00f3n de instancias, el Ayuntamiento dispondr\u00e1 de seis meses para resolver la concesi\u00f3n de las ayudas. La resoluci\u00f3n se publicar\u00e1 en el Bolet\u00edn Oficial de Navarra y en la web municipal.<\/p>\n","protected":false},"excerpt":{"rendered":"<p>Los colegios, tanto p\u00fablicos como concertados, podr\u00e1n solicitar las ayudas hasta el d\u00eda 24 de este mes<\/p>\n","protected":false},"author":1,"featured_media":21939,"comment_status":"open","ping_status":"closed","sticky":false,"template":"","format":"standard","meta":{"footnotes":""},"categories":[2],"tags":[],"class_list":["post-28940","post","type-post","status-publish","format-standard","has-post-thumbnail","hentry","category-ayuntamiento-pamplona"],"yoast_head":"<!-- This site is optimized with the Yoast SEO plugin v27.3 - https:\/\/yoast.com\/product\/yoast-seo-wordpress\/ -->\n<title>El Ayuntamiento destina 175.760 euros a subvencionar actividades extraescolares y complementarias organizadas por los centros de Infantil y Primaria de Pamplona<\/title>\n<meta name=\"description\" content=\"Los colegios, tanto p\u00fablicos como concertados, podr\u00e1n solicitar las ayudas hasta el d\u00eda 24 de este mes.\" \/>\n<meta name=\"robots\" content=\"index, follow, max-snippet:-1, max-image-preview:large, max-video-preview:-1\" \/>\n<link rel=\"canonical\" href=\"https:\/\/www.laguiadepamplona.com\/actualidad\/el-ayuntamiento-destina-175-760-euros-a-subvencionar-actividades-extraescolares-y-complementarias-organizadas-por-los-centros-de-infantil-y-primaria-de-pamplona\/\" \/>\n<meta property=\"og:locale\" content=\"es_ES\" \/>\n<meta property=\"og:type\" content=\"article\" \/>\n<meta property=\"og:title\" content=\"El Ayuntamiento destina 175.760 euros a subvencionar actividades extraescolares y complementarias organizadas por los centros de Infantil y Primaria de Pamplona\" \/>\n<meta property=\"og:description\" content=\"Los colegios, tanto p\u00fablicos como concertados, podr\u00e1n solicitar las ayudas hasta el d\u00eda 24 de este mes.\" \/>\n<meta property=\"og:url\" content=\"https:\/\/www.laguiadepamplona.com\/actualidad\/el-ayuntamiento-destina-175-760-euros-a-subvencionar-actividades-extraescolares-y-complementarias-organizadas-por-los-centros-de-infantil-y-primaria-de-pamplona\/\" \/>\n<meta property=\"og:site_name\" content=\"La Gu\u00eda de Pamplona\" \/>\n<meta property=\"article:publisher\" content=\"https:\/\/www.facebook.com\/laguiadepamplonacom-133175176762273\/?ref=hl\" \/>\n<meta property=\"article:published_time\" content=\"2020-03-12T10:25:27+00:00\" \/>\n<meta property=\"og:image\" content=\"https:\/\/www.laguiadepamplona.com\/actualidad\/wp-content\/uploads\/2019\/05\/ayuntamiento-pamplona-laguiadepamplona.jpg\" \/>\n\t<meta property=\"og:image:width\" content=\"1920\" \/>\n\t<meta property=\"og:image:height\" content=\"1100\" \/>\n\t<meta property=\"og:image:type\" content=\"image\/jpeg\" \/>\n<meta name=\"author\" content=\"La Gu\u00eda de Pamplona\" \/>\n<meta name=\"twitter:card\" content=\"summary_large_image\" \/>\n<meta name=\"twitter:creator\" content=\"@LaGuiadPamplona\" \/>\n<meta name=\"twitter:site\" content=\"@LaGuiadPamplona\" \/>\n<meta name=\"twitter:label1\" content=\"Escrito por\" \/>\n\t<meta name=\"twitter:data1\" content=\"La Gu\u00eda de Pamplona\" \/>\n\t<meta name=\"twitter:label2\" content=\"Tiempo de lectura\" \/>\n\t<meta name=\"twitter:data2\" content=\"3 minutos\" \/>\n<script type=\"application\/ld+json\" class=\"yoast-schema-graph\">{\"@context\":\"https:\\\/\\\/schema.org\",\"@graph\":[{\"@type\":\"Article\",\"@id\":\"https:\\\/\\\/www.laguiadepamplona.com\\\/actualidad\\\/el-ayuntamiento-destina-175-760-euros-a-subvencionar-actividades-extraescolares-y-complementarias-organizadas-por-los-centros-de-infantil-y-primaria-de-pamplona\\\/#article\",\"isPartOf\":{\"@id\":\"https:\\\/\\\/www.laguiadepamplona.com\\\/actualidad\\\/el-ayuntamiento-destina-175-760-euros-a-subvencionar-actividades-extraescolares-y-complementarias-organizadas-por-los-centros-de-infantil-y-primaria-de-pamplona\\\/\"},\"author\":{\"name\":\"La Gu\u00eda de Pamplona\",\"@id\":\"https:\\\/\\\/www.laguiadepamplona.com\\\/actualidad\\\/#\\\/schema\\\/person\\\/efe887376f0213d4657c93adc50b1fdb\"},\"headline\":\"El Ayuntamiento destina 175.760 euros a subvencionar actividades extraescolares y complementarias organizadas por los centros de Infantil y Primaria de Pamplona\",\"datePublished\":\"2020-03-12T10:25:27+00:00\",\"mainEntityOfPage\":{\"@id\":\"https:\\\/\\\/www.laguiadepamplona.com\\\/actualidad\\\/el-ayuntamiento-destina-175-760-euros-a-subvencionar-actividades-extraescolares-y-complementarias-organizadas-por-los-centros-de-infantil-y-primaria-de-pamplona\\\/\"},\"wordCount\":555,\"commentCount\":0,\"publisher\":{\"@id\":\"https:\\\/\\\/www.laguiadepamplona.com\\\/actualidad\\\/#organization\"},\"image\":{\"@id\":\"https:\\\/\\\/www.laguiadepamplona.com\\\/actualidad\\\/el-ayuntamiento-destina-175-760-euros-a-subvencionar-actividades-extraescolares-y-complementarias-organizadas-por-los-centros-de-infantil-y-primaria-de-pamplona\\\/#primaryimage\"},\"thumbnailUrl\":\"https:\\\/\\\/www.laguiadepamplona.com\\\/actualidad\\\/wp-content\\\/uploads\\\/2019\\\/05\\\/ayuntamiento-pamplona-laguiadepamplona.jpg\",\"articleSection\":[\"Ayto Pamplona\"],\"inLanguage\":\"es\",\"potentialAction\":[{\"@type\":\"CommentAction\",\"name\":\"Comment\",\"target\":[\"https:\\\/\\\/www.laguiadepamplona.com\\\/actualidad\\\/el-ayuntamiento-destina-175-760-euros-a-subvencionar-actividades-extraescolares-y-complementarias-organizadas-por-los-centros-de-infantil-y-primaria-de-pamplona\\\/#respond\"]}]},{\"@type\":\"WebPage\",\"@id\":\"https:\\\/\\\/www.laguiadepamplona.com\\\/actualidad\\\/el-ayuntamiento-destina-175-760-euros-a-subvencionar-actividades-extraescolares-y-complementarias-organizadas-por-los-centros-de-infantil-y-primaria-de-pamplona\\\/\",\"url\":\"https:\\\/\\\/www.laguiadepamplona.com\\\/actualidad\\\/el-ayuntamiento-destina-175-760-euros-a-subvencionar-actividades-extraescolares-y-complementarias-organizadas-por-los-centros-de-infantil-y-primaria-de-pamplona\\\/\",\"name\":\"El Ayuntamiento destina 175.760 euros a subvencionar actividades extraescolares y complementarias organizadas por los centros de Infantil y Primaria de Pamplona\",\"isPartOf\":{\"@id\":\"https:\\\/\\\/www.laguiadepamplona.com\\\/actualidad\\\/#website\"},\"primaryImageOfPage\":{\"@id\":\"https:\\\/\\\/www.laguiadepamplona.com\\\/actualidad\\\/el-ayuntamiento-destina-175-760-euros-a-subvencionar-actividades-extraescolares-y-complementarias-organizadas-por-los-centros-de-infantil-y-primaria-de-pamplona\\\/#primaryimage\"},\"image\":{\"@id\":\"https:\\\/\\\/www.laguiadepamplona.com\\\/actualidad\\\/el-ayuntamiento-destina-175-760-euros-a-subvencionar-actividades-extraescolares-y-complementarias-organizadas-por-los-centros-de-infantil-y-primaria-de-pamplona\\\/#primaryimage\"},\"thumbnailUrl\":\"https:\\\/\\\/www.laguiadepamplona.com\\\/actualidad\\\/wp-content\\\/uploads\\\/2019\\\/05\\\/ayuntamiento-pamplona-laguiadepamplona.jpg\",\"datePublished\":\"2020-03-12T10:25:27+00:00\",\"description\":\"Los colegios, tanto p\u00fablicos como concertados, podr\u00e1n solicitar las ayudas hasta el d\u00eda 24 de este mes.\",\"breadcrumb\":{\"@id\":\"https:\\\/\\\/www.laguiadepamplona.com\\\/actualidad\\\/el-ayuntamiento-destina-175-760-euros-a-subvencionar-actividades-extraescolares-y-complementarias-organizadas-por-los-centros-de-infantil-y-primaria-de-pamplona\\\/#breadcrumb\"},\"inLanguage\":\"es\",\"potentialAction\":[{\"@type\":\"ReadAction\",\"target\":[\"https:\\\/\\\/www.laguiadepamplona.com\\\/actualidad\\\/el-ayuntamiento-destina-175-760-euros-a-subvencionar-actividades-extraescolares-y-complementarias-organizadas-por-los-centros-de-infantil-y-primaria-de-pamplona\\\/\"]}]},{\"@type\":\"ImageObject\",\"inLanguage\":\"es\",\"@id\":\"https:\\\/\\\/www.laguiadepamplona.com\\\/actualidad\\\/el-ayuntamiento-destina-175-760-euros-a-subvencionar-actividades-extraescolares-y-complementarias-organizadas-por-los-centros-de-infantil-y-primaria-de-pamplona\\\/#primaryimage\",\"url\":\"https:\\\/\\\/www.laguiadepamplona.com\\\/actualidad\\\/wp-content\\\/uploads\\\/2019\\\/05\\\/ayuntamiento-pamplona-laguiadepamplona.jpg\",\"contentUrl\":\"https:\\\/\\\/www.laguiadepamplona.com\\\/actualidad\\\/wp-content\\\/uploads\\\/2019\\\/05\\\/ayuntamiento-pamplona-laguiadepamplona.jpg\",\"width\":1920,\"height\":1100},{\"@type\":\"BreadcrumbList\",\"@id\":\"https:\\\/\\\/www.laguiadepamplona.com\\\/actualidad\\\/el-ayuntamiento-destina-175-760-euros-a-subvencionar-actividades-extraescolares-y-complementarias-organizadas-por-los-centros-de-infantil-y-primaria-de-pamplona\\\/#breadcrumb\",\"itemListElement\":[{\"@type\":\"ListItem\",\"position\":1,\"name\":\"Portada\",\"item\":\"https:\\\/\\\/www.laguiadepamplona.com\\\/actualidad\\\/\"},{\"@type\":\"ListItem\",\"position\":2,\"name\":\"El Ayuntamiento destina 175.760 euros a subvencionar actividades extraescolares y complementarias organizadas por los centros de Infantil y Primaria de Pamplona\"}]},{\"@type\":\"WebSite\",\"@id\":\"https:\\\/\\\/www.laguiadepamplona.com\\\/actualidad\\\/#website\",\"url\":\"https:\\\/\\\/www.laguiadepamplona.com\\\/actualidad\\\/\",\"name\":\"La gu\u00eda de Pamplona\",\"description\":\"Noticias de Pamplona\",\"publisher\":{\"@id\":\"https:\\\/\\\/www.laguiadepamplona.com\\\/actualidad\\\/#organization\"},\"potentialAction\":[{\"@type\":\"SearchAction\",\"target\":{\"@type\":\"EntryPoint\",\"urlTemplate\":\"https:\\\/\\\/www.laguiadepamplona.com\\\/actualidad\\\/?s={search_term_string}\"},\"query-input\":{\"@type\":\"PropertyValueSpecification\",\"valueRequired\":true,\"valueName\":\"search_term_string\"}}],\"inLanguage\":\"es\"},{\"@type\":\"Organization\",\"@id\":\"https:\\\/\\\/www.laguiadepamplona.com\\\/actualidad\\\/#organization\",\"name\":\"La Gu\u00eda de Pamplona \\\/ Noticias\",\"url\":\"https:\\\/\\\/www.laguiadepamplona.com\\\/actualidad\\\/\",\"logo\":{\"@type\":\"ImageObject\",\"inLanguage\":\"es\",\"@id\":\"https:\\\/\\\/www.laguiadepamplona.com\\\/actualidad\\\/#\\\/schema\\\/logo\\\/image\\\/\",\"url\":\"https:\\\/\\\/www.laguiadepamplona.com\\\/actualidad\\\/wp-content\\\/uploads\\\/2018\\\/11\\\/logo-laguiadepamplona18-web1.png\",\"contentUrl\":\"https:\\\/\\\/www.laguiadepamplona.com\\\/actualidad\\\/wp-content\\\/uploads\\\/2018\\\/11\\\/logo-laguiadepamplona18-web1.png\",\"width\":600,\"height\":196,\"caption\":\"La Gu\u00eda de Pamplona \\\/ Noticias\"},\"image\":{\"@id\":\"https:\\\/\\\/www.laguiadepamplona.com\\\/actualidad\\\/#\\\/schema\\\/logo\\\/image\\\/\"},\"sameAs\":[\"https:\\\/\\\/www.facebook.com\\\/laguiadepamplonacom-133175176762273\\\/?ref=hl\",\"https:\\\/\\\/x.com\\\/LaGuiadPamplona\",\"https:\\\/\\\/www.instagram.com\\\/la_guia_de_pamplona\\\/\",\"https:\\\/\\\/www.youtube.com\\\/user\\\/laguiadepamplona\"]},{\"@type\":\"Person\",\"@id\":\"https:\\\/\\\/www.laguiadepamplona.com\\\/actualidad\\\/#\\\/schema\\\/person\\\/efe887376f0213d4657c93adc50b1fdb\",\"name\":\"La Gu\u00eda de Pamplona\",\"image\":{\"@type\":\"ImageObject\",\"inLanguage\":\"es\",\"@id\":\"https:\\\/\\\/secure.gravatar.com\\\/avatar\\\/b6992f131dc8d30ab0dff15446e9d346d9dbd95992de0fef795073f5ea83a81c?s=96&d=mm&r=g\",\"url\":\"https:\\\/\\\/secure.gravatar.com\\\/avatar\\\/b6992f131dc8d30ab0dff15446e9d346d9dbd95992de0fef795073f5ea83a81c?s=96&d=mm&r=g\",\"contentUrl\":\"https:\\\/\\\/secure.gravatar.com\\\/avatar\\\/b6992f131dc8d30ab0dff15446e9d346d9dbd95992de0fef795073f5ea83a81c?s=96&d=mm&r=g\",\"caption\":\"La Gu\u00eda de Pamplona\"}}]}<\/script>\n<!-- \/ Yoast SEO plugin. -->","yoast_head_json":{"title":"El Ayuntamiento destina 175.760 euros a subvencionar actividades extraescolares y complementarias organizadas por los centros de Infantil y Primaria de Pamplona","description":"Los colegios, tanto p\u00fablicos como concertados, podr\u00e1n solicitar las ayudas hasta el d\u00eda 24 de este mes.","robots":{"index":"index","follow":"follow","max-snippet":"max-snippet:-1","max-image-preview":"max-image-preview:large","max-video-preview":"max-video-preview:-1"},"canonical":"https:\/\/www.laguiadepamplona.com\/actualidad\/el-ayuntamiento-destina-175-760-euros-a-subvencionar-actividades-extraescolares-y-complementarias-organizadas-por-los-centros-de-infantil-y-primaria-de-pamplona\/","og_locale":"es_ES","og_type":"article","og_title":"El Ayuntamiento destina 175.760 euros a subvencionar actividades extraescolares y complementarias organizadas por los centros de Infantil y Primaria de Pamplona","og_description":"Los colegios, tanto p\u00fablicos como concertados, podr\u00e1n solicitar las ayudas hasta el d\u00eda 24 de este mes.","og_url":"https:\/\/www.laguiadepamplona.com\/actualidad\/el-ayuntamiento-destina-175-760-euros-a-subvencionar-actividades-extraescolares-y-complementarias-organizadas-por-los-centros-de-infantil-y-primaria-de-pamplona\/","og_site_name":"La Gu\u00eda de Pamplona","article_publisher":"https:\/\/www.facebook.com\/laguiadepamplonacom-133175176762273\/?ref=hl","article_published_time":"2020-03-12T10:25:27+00:00","og_image":[{"width":1920,"height":1100,"url":"https:\/\/www.laguiadepamplona.com\/actualidad\/wp-content\/uploads\/2019\/05\/ayuntamiento-pamplona-laguiadepamplona.jpg","type":"image\/jpeg"}],"author":"La Gu\u00eda de Pamplona","twitter_card":"summary_large_image","twitter_creator":"@LaGuiadPamplona","twitter_site":"@LaGuiadPamplona","twitter_misc":{"Escrito por":"La Gu\u00eda de Pamplona","Tiempo de lectura":"3 minutos"},"schema":{"@context":"https:\/\/schema.org","@graph":[{"@type":"Article","@id":"https:\/\/www.laguiadepamplona.com\/actualidad\/el-ayuntamiento-destina-175-760-euros-a-subvencionar-actividades-extraescolares-y-complementarias-organizadas-por-los-centros-de-infantil-y-primaria-de-pamplona\/#article","isPartOf":{"@id":"https:\/\/www.laguiadepamplona.com\/actualidad\/el-ayuntamiento-destina-175-760-euros-a-subvencionar-actividades-extraescolares-y-complementarias-organizadas-por-los-centros-de-infantil-y-primaria-de-pamplona\/"},"author":{"name":"La Gu\u00eda de Pamplona","@id":"https:\/\/www.laguiadepamplona.com\/actualidad\/#\/schema\/person\/efe887376f0213d4657c93adc50b1fdb"},"headline":"El Ayuntamiento destina 175.760 euros a subvencionar actividades extraescolares y complementarias organizadas por los centros de Infantil y Primaria de Pamplona","datePublished":"2020-03-12T10:25:27+00:00","mainEntityOfPage":{"@id":"https:\/\/www.laguiadepamplona.com\/actualidad\/el-ayuntamiento-destina-175-760-euros-a-subvencionar-actividades-extraescolares-y-complementarias-organizadas-por-los-centros-de-infantil-y-primaria-de-pamplona\/"},"wordCount":555,"commentCount":0,"publisher":{"@id":"https:\/\/www.laguiadepamplona.com\/actualidad\/#organization"},"image":{"@id":"https:\/\/www.laguiadepamplona.com\/actualidad\/el-ayuntamiento-destina-175-760-euros-a-subvencionar-actividades-extraescolares-y-complementarias-organizadas-por-los-centros-de-infantil-y-primaria-de-pamplona\/#primaryimage"},"thumbnailUrl":"https:\/\/www.laguiadepamplona.com\/actualidad\/wp-content\/uploads\/2019\/05\/ayuntamiento-pamplona-laguiadepamplona.jpg","articleSection":["Ayto Pamplona"],"inLanguage":"es","potentialAction":[{"@type":"CommentAction","name":"Comment","target":["https:\/\/www.laguiadepamplona.com\/actualidad\/el-ayuntamiento-destina-175-760-euros-a-subvencionar-actividades-extraescolares-y-complementarias-organizadas-por-los-centros-de-infantil-y-primaria-de-pamplona\/#respond"]}]},{"@type":"WebPage","@id":"https:\/\/www.laguiadepamplona.com\/actualidad\/el-ayuntamiento-destina-175-760-euros-a-subvencionar-actividades-extraescolares-y-complementarias-organizadas-por-los-centros-de-infantil-y-primaria-de-pamplona\/","url":"https:\/\/www.laguiadepamplona.com\/actualidad\/el-ayuntamiento-destina-175-760-euros-a-subvencionar-actividades-extraescolares-y-complementarias-organizadas-por-los-centros-de-infantil-y-primaria-de-pamplona\/","name":"El Ayuntamiento destina 175.760 euros a subvencionar actividades extraescolares y complementarias organizadas por los centros de Infantil y Primaria de Pamplona","isPartOf":{"@id":"https:\/\/www.laguiadepamplona.com\/actualidad\/#website"},"primaryImageOfPage":{"@id":"https:\/\/www.laguiadepamplona.com\/actualidad\/el-ayuntamiento-destina-175-760-euros-a-subvencionar-actividades-extraescolares-y-complementarias-organizadas-por-los-centros-de-infantil-y-primaria-de-pamplona\/#primaryimage"},"image":{"@id":"https:\/\/www.laguiadepamplona.com\/actualidad\/el-ayuntamiento-destina-175-760-euros-a-subvencionar-actividades-extraescolares-y-complementarias-organizadas-por-los-centros-de-infantil-y-primaria-de-pamplona\/#primaryimage"},"thumbnailUrl":"https:\/\/www.laguiadepamplona.com\/actualidad\/wp-content\/uploads\/2019\/05\/ayuntamiento-pamplona-laguiadepamplona.jpg","datePublished":"2020-03-12T10:25:27+00:00","description":"Los colegios, tanto p\u00fablicos como concertados, podr\u00e1n solicitar las ayudas hasta el d\u00eda 24 de este mes.","breadcrumb":{"@id":"https:\/\/www.laguiadepamplona.com\/actualidad\/el-ayuntamiento-destina-175-760-euros-a-subvencionar-actividades-extraescolares-y-complementarias-organizadas-por-los-centros-de-infantil-y-primaria-de-pamplona\/#breadcrumb"},"inLanguage":"es","potentialAction":[{"@type":"ReadAction","target":["https:\/\/www.laguiadepamplona.com\/actualidad\/el-ayuntamiento-destina-175-760-euros-a-subvencionar-actividades-extraescolares-y-complementarias-organizadas-por-los-centros-de-infantil-y-primaria-de-pamplona\/"]}]},{"@type":"ImageObject","inLanguage":"es","@id":"https:\/\/www.laguiadepamplona.com\/actualidad\/el-ayuntamiento-destina-175-760-euros-a-subvencionar-actividades-extraescolares-y-complementarias-organizadas-por-los-centros-de-infantil-y-primaria-de-pamplona\/#primaryimage","url":"https:\/\/www.laguiadepamplona.com\/actualidad\/wp-content\/uploads\/2019\/05\/ayuntamiento-pamplona-laguiadepamplona.jpg","contentUrl":"https:\/\/www.laguiadepamplona.com\/actualidad\/wp-content\/uploads\/2019\/05\/ayuntamiento-pamplona-laguiadepamplona.jpg","width":1920,"height":1100},{"@type":"BreadcrumbList","@id":"https:\/\/www.laguiadepamplona.com\/actualidad\/el-ayuntamiento-destina-175-760-euros-a-subvencionar-actividades-extraescolares-y-complementarias-organizadas-por-los-centros-de-infantil-y-primaria-de-pamplona\/#breadcrumb","itemListElement":[{"@type":"ListItem","position":1,"name":"Portada","item":"https:\/\/www.laguiadepamplona.com\/actualidad\/"},{"@type":"ListItem","position":2,"name":"El Ayuntamiento destina 175.760 euros a subvencionar actividades extraescolares y complementarias organizadas por los centros de Infantil y Primaria de Pamplona"}]},{"@type":"WebSite","@id":"https:\/\/www.laguiadepamplona.com\/actualidad\/#website","url":"https:\/\/www.laguiadepamplona.com\/actualidad\/","name":"La gu\u00eda de Pamplona","description":"Noticias de Pamplona","publisher":{"@id":"https:\/\/www.laguiadepamplona.com\/actualidad\/#organization"},"potentialAction":[{"@type":"SearchAction","target":{"@type":"EntryPoint","urlTemplate":"https:\/\/www.laguiadepamplona.com\/actualidad\/?s={search_term_string}"},"query-input":{"@type":"PropertyValueSpecification","valueRequired":true,"valueName":"search_term_string"}}],"inLanguage":"es"},{"@type":"Organization","@id":"https:\/\/www.laguiadepamplona.com\/actualidad\/#organization","name":"La Gu\u00eda de Pamplona \/ Noticias","url":"https:\/\/www.laguiadepamplona.com\/actualidad\/","logo":{"@type":"ImageObject","inLanguage":"es","@id":"https:\/\/www.laguiadepamplona.com\/actualidad\/#\/schema\/logo\/image\/","url":"https:\/\/www.laguiadepamplona.com\/actualidad\/wp-content\/uploads\/2018\/11\/logo-laguiadepamplona18-web1.png","contentUrl":"https:\/\/www.laguiadepamplona.com\/actualidad\/wp-content\/uploads\/2018\/11\/logo-laguiadepamplona18-web1.png","width":600,"height":196,"caption":"La Gu\u00eda de Pamplona \/ Noticias"},"image":{"@id":"https:\/\/www.laguiadepamplona.com\/actualidad\/#\/schema\/logo\/image\/"},"sameAs":["https:\/\/www.facebook.com\/laguiadepamplonacom-133175176762273\/?ref=hl","https:\/\/x.com\/LaGuiadPamplona","https:\/\/www.instagram.com\/la_guia_de_pamplona\/","https:\/\/www.youtube.com\/user\/laguiadepamplona"]},{"@type":"Person","@id":"https:\/\/www.laguiadepamplona.com\/actualidad\/#\/schema\/person\/efe887376f0213d4657c93adc50b1fdb","name":"La Gu\u00eda de Pamplona","image":{"@type":"ImageObject","inLanguage":"es","@id":"https:\/\/secure.gravatar.com\/avatar\/b6992f131dc8d30ab0dff15446e9d346d9dbd95992de0fef795073f5ea83a81c?s=96&d=mm&r=g","url":"https:\/\/secure.gravatar.com\/avatar\/b6992f131dc8d30ab0dff15446e9d346d9dbd95992de0fef795073f5ea83a81c?s=96&d=mm&r=g","contentUrl":"https:\/\/secure.gravatar.com\/avatar\/b6992f131dc8d30ab0dff15446e9d346d9dbd95992de0fef795073f5ea83a81c?s=96&d=mm&r=g","caption":"La Gu\u00eda de Pamplona"}}]}},"post_mailing_queue_ids":[],"_links":{"self":[{"href":"https:\/\/www.laguiadepamplona.com\/actualidad\/wp-json\/wp\/v2\/posts\/28940","targetHints":{"allow":["GET"]}}],"collection":[{"href":"https:\/\/www.laguiadepamplona.com\/actualidad\/wp-json\/wp\/v2\/posts"}],"about":[{"href":"https:\/\/www.laguiadepamplona.com\/actualidad\/wp-json\/wp\/v2\/types\/post"}],"author":[{"embeddable":true,"href":"https:\/\/www.laguiadepamplona.com\/actualidad\/wp-json\/wp\/v2\/users\/1"}],"replies":[{"embeddable":true,"href":"https:\/\/www.laguiadepamplona.com\/actualidad\/wp-json\/wp\/v2\/comments?post=28940"}],"version-history":[{"count":0,"href":"https:\/\/www.laguiadepamplona.com\/actualidad\/wp-json\/wp\/v2\/posts\/28940\/revisions"}],"wp:featuredmedia":[{"embeddable":true,"href":"https:\/\/www.laguiadepamplona.com\/actualidad\/wp-json\/wp\/v2\/media\/21939"}],"wp:attachment":[{"href":"https:\/\/www.laguiadepamplona.com\/actualidad\/wp-json\/wp\/v2\/media?parent=28940"}],"wp:term":[{"taxonomy":"category","embeddable":true,"href":"https:\/\/www.laguiadepamplona.com\/actualidad\/wp-json\/wp\/v2\/categories?post=28940"},{"taxonomy":"post_tag","embeddable":true,"href":"https:\/\/www.laguiadepamplona.com\/actualidad\/wp-json\/wp\/v2\/tags?post=28940"}],"curies":[{"name":"wp","href":"https:\/\/api.w.org\/{rel}","templated":true}]}}