{"id":2883,"date":"2014-08-29T11:10:53","date_gmt":"2014-08-29T11:10:53","guid":{"rendered":"http:\/\/laguiadepamplona.com\/actualidad\/?p=2883"},"modified":"2014-08-29T11:10:53","modified_gmt":"2014-08-29T11:10:53","slug":"las-calles-por-las-que-discurrira-la-vuelta-ciclista-a-espana-el-miercoles-se-cerraran-al-trafico-esa-manana-y-en-algunas-no-se-podra-aparcar-desde-la-vispera","status":"publish","type":"post","link":"https:\/\/www.laguiadepamplona.com\/actualidad\/las-calles-por-las-que-discurrira-la-vuelta-ciclista-a-espana-el-miercoles-se-cerraran-al-trafico-esa-manana-y-en-algunas-no-se-podra-aparcar-desde-la-vispera\/","title":{"rendered":"Las calles por las que discurrir\u00e1 la Vuelta Ciclista a Espa\u00f1a el mi\u00e9rcoles se cerrar\u00e1n al tr\u00e1fico esa ma\u00f1ana y en algunas no se podr\u00e1 aparcar desde la v\u00edspera"},"content":{"rendered":"<h4>Polic\u00eda Municipal de Pamplona, que contar\u00e1 con 67 agentes regulando los cruces de las calles, recomienda evitar el recorrido de la carrera<\/h4>\n<p><a href=\"http:\/\/laguiadepamplona.com\/actualidad\/wp-content\/uploads\/2014\/08\/vuelta_ciclista_plano.jpg\"><img loading=\"lazy\" decoding=\"async\" class=\"alignleft size-medium wp-image-2884\" src=\"http:\/\/laguiadepamplona.com\/actualidad\/wp-content\/uploads\/2014\/08\/vuelta_ciclista_plano-300x265.jpg\" alt=\"vuelta_ciclista_plano\" width=\"300\" height=\"265\" \/><\/a>Las calles por las que discurrir\u00e1 la Vuelta Ciclista a Espa\u00f1a, que realizar\u00e1 la salida de su etapa del mi\u00e9rcoles 3 de septiembre en Pamplona, se cerrar\u00e1n al tr\u00e1fico esa ma\u00f1ana y en algunas no se podr\u00e1 aparcar desde la v\u00edspera. La salida ser\u00e1 a las 13:20 horas desde la Plaza del Castillo, y el pelot\u00f3n recorrer\u00e1 en salida neutralizada numerosas calles de la ciudad hasta que abandone Pamplona por la avenida de Zaragoza en direcci\u00f3n Tafalla.<\/p>\n<p>De la Plaza del Castillo, la carrera continuar\u00e1 por la avenida de Carlos III, calle Duque de Ahumada, calle Juan de Labrit, calle Vergel, calle R\u00edo Arga, plaza Sancho Abarca, puente de las Oblatas, calle Biurdana, avenida de Gipuzkoa, calle Taconera, calle Navas de Tolosa, avenida de P\u00edo XII, vuelta del Castillo, plaza de los Fueros y avenida de Zaragoza.El cierre total al tr\u00e1fico de las calles por las que discurre la carrera se realizar\u00e1 a las 12.45 horas del mismo d\u00eda 3, restableci\u00e9ndose la circulaci\u00f3n al paso de los ciclistas.<\/p>\n<p><strong>Alteraciones anteriores a la carrera<\/strong><\/p>\n<p>Adem\u00e1s, en la calle R\u00edo Arga y en la vuelta del Castillo (desde la calle Esqu\u00edroz hasta la plaza de los Fueros) no podr\u00e1n aparcarse veh\u00edculos desde las 15 horas del d\u00eda 2 hasta las 15 horas del d\u00eda 3. Asimismo, en aquellas v\u00edas en las que la organizaci\u00f3n de la Vuelta Ciclista a Espa\u00f1a va a montar escenarios o controlar la llegada de equipos tampoco se podr\u00e1n aparcar veh\u00edculos desde las 0.00 horas de la noche del lunes al martes hasta la finalizaci\u00f3n de los trabajos de desmontaje y en ellas estar\u00e1 prohibida la circulaci\u00f3n desde las 6.30 horas del d\u00eda 3 hasta la finalizaci\u00f3n del evento. Estas calles son paseo de Sarasate, Garc\u00eda Casta\u00f1\u00f3n, Trinidad Fern\u00e1ndez Arenas y Duque de Ahumada.<\/p>\n<p>El tr\u00e1fico en otras calles de la ciudad tambi\u00e9n podr\u00e1 verse afectado, ya que se realizar\u00e1n los desv\u00edos necesarios utilizando v\u00edas alternativas para evitar transitar por la zona afectada. Los principales puntos de cierre al tr\u00e1fico ser\u00e1n la avenida de Baja Navarra en la plaza Pr\u00edncipe de Viana donde no se permitir\u00e1 circular en direcci\u00f3n avenida del Ej\u00e9rcito; en la avenida de P\u00edo XII cruce con Sancho el Fuerte se cortar\u00e1 el acceso a la avenida de P\u00edo XII direcci\u00f3n centro de ciudad; la avenida de Zaragoza se cerrar\u00e1 sentido salida de la ciudad mientras que la entrada permanecer\u00e1 abierta aunque no se permitir\u00e1 el acceso hacia la calle Yanguas y Miranda y la plaza de la Paz; la avenida de Guip\u00fazcoa se cerrar\u00e1 en sentido entrada a la ciudad en el cruce de Cuatro Vientos; y, por \u00faltimo, las calles Vergel y Juan de Labrit ser\u00e1n cerradas al tr\u00e1nsito de veh\u00edculos en sentido entrada al centro.<\/p>\n<p>67 agentes de Polic\u00eda Municipal de Pamplona regular\u00e1n el tr\u00e1fico en todos los cruces del recorrido por v\u00edas urbanas. Desde Polic\u00eda Municipal se recomienda a los conductores que traten de evitar el recorrido de la carrera tomando, tomando v\u00edas alternativas, y agradece la colaboraci\u00f3n ciudadana en este tipo de eventos.<\/p>\n<p>El servicio de Transporte Urbano Comarcal mantendr\u00e1 sus recorridos habituales durante todo el d\u00eda 2. Sin embargo, el d\u00eda 3, y mientras se mantengan las alteraciones de tr\u00e1fico, se modificar\u00e1n las paradas del paseo de Sarasate traslad\u00e1ndose a la calle Navas de Tolosa frente al Parlamento de Navarra.<\/p>\n<p>&nbsp;<\/p>\n<p><strong>Alteraciones de tr\u00e1fico por la Vuelta Ciclista a Espa\u00f1a<\/strong><\/p>\n<ul>\n<li><strong>Prohibido aparcar desde las 0.00 horas de la noche del lunes al martes<\/strong> hasta la finalizaci\u00f3n de los trabajos de desmontaje y prohibido circular desde las 6.30 horas del d\u00eda 3 hasta la finalizaci\u00f3n del evento: paseo de Sarasate, Garc\u00eda Casta\u00f1\u00f3n, Trinidad Fern\u00e1ndez Arenas y Duque de Ahumada<\/li>\n<li><strong>Prohibido aparcar desde las 15 horas del d\u00eda 2 hasta las 15 horas del d\u00eda 3<\/strong> calle R\u00edo Arga y en la vuelta del Castillo (desde la calle Esqu\u00edroz hasta la plaza de los Fueros) no podr\u00e1n aparcarse veh\u00edculos<\/li>\n<li><strong>Prohibido circular el d\u00eda 3 desde las 12.45 horas<\/strong>: Plaza del Castillo, avenida de Carlos III, calle Duque de Ahumada, calle Juan de Labrit, calle Vergel, calle R\u00edo Arga, plaza Sancho Abarca, puente de las Oblatas, calle Biurdana, avenida de Gipuzkoa, calle Taconera, calle Navas de Tolosa, avenida de P\u00edo XII, vuelta del Castillo, plaza de los Fueros y avenida de Zaragoza<\/li>\n<li><strong>Puntos de cierre al tr\u00e1fico el d\u00eda 3 durante la carrera<\/strong>: la avenida de Baja Navarra en la plaza Pr\u00edncipe de Viana donde no se permitir\u00e1 circular en direcci\u00f3n avenida del Ej\u00e9rcito; en la avenida de P\u00edo XII cruce con Sancho el Fuerte se cortar\u00e1 el acceso a la avenida de P\u00edo XII direcci\u00f3n centro de ciudad; la avenida de Zaragoza se cerrar\u00e1 sentido salida de la ciudad mientras que la entrada permanecer\u00e1 abierta aunque no se permitir\u00e1 el acceso hacia la calle Yanguas y Miranda y la plaza de la Paz; la avenida de Guip\u00fazcoa se cerrar\u00e1 en sentido entrada a la ciudad en el cruce de Cuatro Vientos; y, por \u00faltimo, las calles Vergel y Juan de Labrit ser\u00e1n cerradas al tr\u00e1nsito de veh\u00edculos en sentido entrada al centro.<\/li>\n<\/ul>\n<p>&nbsp;<\/p>\n","protected":false},"excerpt":{"rendered":"<p>Polic\u00eda Municipal de Pamplona, que contar\u00e1 con 67 agentes regulando los cruces de las calles, recomienda evitar el recorrido de la carrera Las calles por las que discurrir\u00e1 la Vuelta&#8230;<\/p>\n","protected":false},"author":1,"featured_media":2884,"comment_status":"open","ping_status":"open","sticky":false,"template":"","format":"standard","meta":{"footnotes":""},"categories":[2],"tags":[5,1385,6,509,8,9,1273,2437],"class_list":["post-2883","post","type-post","status-publish","format-standard","has-post-thumbnail","hentry","category-ayuntamiento-pamplona","tag-actualidad","tag-alteraciones","tag-ayto-pamplona","tag-ayuntamiento-de-pamplona","tag-noticias","tag-pamplona","tag-trafico","tag-vuelta-ciclista-espana"],"yoast_head":"<!-- This site is optimized with the Yoast SEO plugin v27.5 - https:\/\/yoast.com\/product\/yoast-seo-wordpress\/ -->\n<title>Las calles por las que discurrir\u00e1 la Vuelta Ciclista a Espa\u00f1a el mi\u00e9rcoles se cerrar\u00e1n al tr\u00e1fico esa ma\u00f1ana y en algunas no se podr\u00e1 aparcar desde la v\u00edspera<\/title>\n<meta name=\"robots\" content=\"index, follow, max-snippet:-1, max-image-preview:large, max-video-preview:-1\" \/>\n<link rel=\"canonical\" href=\"https:\/\/www.laguiadepamplona.com\/actualidad\/las-calles-por-las-que-discurrira-la-vuelta-ciclista-a-espana-el-miercoles-se-cerraran-al-trafico-esa-manana-y-en-algunas-no-se-podra-aparcar-desde-la-vispera\/\" \/>\n<meta property=\"og:locale\" content=\"es_ES\" \/>\n<meta property=\"og:type\" content=\"article\" \/>\n<meta property=\"og:title\" content=\"Las calles por las que discurrir\u00e1 la Vuelta Ciclista a Espa\u00f1a el mi\u00e9rcoles se cerrar\u00e1n al tr\u00e1fico esa ma\u00f1ana y en algunas no se podr\u00e1 aparcar desde la v\u00edspera\" \/>\n<meta property=\"og:description\" content=\"Polic\u00eda Municipal de Pamplona, que contar\u00e1 con 67 agentes regulando los cruces de las calles, recomienda evitar el recorrido de la carrera Las calles por las que discurrir\u00e1 la Vuelta...\" \/>\n<meta property=\"og:url\" content=\"https:\/\/www.laguiadepamplona.com\/actualidad\/las-calles-por-las-que-discurrira-la-vuelta-ciclista-a-espana-el-miercoles-se-cerraran-al-trafico-esa-manana-y-en-algunas-no-se-podra-aparcar-desde-la-vispera\/\" \/>\n<meta property=\"og:site_name\" content=\"La Gu\u00eda de Pamplona\" \/>\n<meta property=\"article:publisher\" content=\"https:\/\/www.facebook.com\/laguiadepamplonacom-133175176762273\/?ref=hl\" \/>\n<meta property=\"article:published_time\" content=\"2014-08-29T11:10:53+00:00\" \/>\n<meta name=\"author\" content=\"La Gu\u00eda de Pamplona\" \/>\n<meta name=\"twitter:card\" content=\"summary_large_image\" \/>\n<meta name=\"twitter:creator\" content=\"@LaGuiadPamplona\" \/>\n<meta name=\"twitter:site\" content=\"@LaGuiadPamplona\" \/>\n<meta name=\"twitter:label1\" content=\"Escrito por\" \/>\n\t<meta name=\"twitter:data1\" content=\"La Gu\u00eda de Pamplona\" \/>\n\t<meta name=\"twitter:label2\" content=\"Tiempo de lectura\" \/>\n\t<meta name=\"twitter:data2\" content=\"5 minutos\" \/>\n<script type=\"application\/ld+json\" class=\"yoast-schema-graph\">{\"@context\":\"https:\\\/\\\/schema.org\",\"@graph\":[{\"@type\":\"Article\",\"@id\":\"https:\\\/\\\/www.laguiadepamplona.com\\\/actualidad\\\/las-calles-por-las-que-discurrira-la-vuelta-ciclista-a-espana-el-miercoles-se-cerraran-al-trafico-esa-manana-y-en-algunas-no-se-podra-aparcar-desde-la-vispera\\\/#article\",\"isPartOf\":{\"@id\":\"https:\\\/\\\/www.laguiadepamplona.com\\\/actualidad\\\/las-calles-por-las-que-discurrira-la-vuelta-ciclista-a-espana-el-miercoles-se-cerraran-al-trafico-esa-manana-y-en-algunas-no-se-podra-aparcar-desde-la-vispera\\\/\"},\"author\":{\"name\":\"La Gu\u00eda de Pamplona\",\"@id\":\"https:\\\/\\\/www.laguiadepamplona.com\\\/actualidad\\\/#\\\/schema\\\/person\\\/efe887376f0213d4657c93adc50b1fdb\"},\"headline\":\"Las calles por las que discurrir\u00e1 la Vuelta Ciclista a Espa\u00f1a el mi\u00e9rcoles se cerrar\u00e1n al tr\u00e1fico esa ma\u00f1ana y en algunas no se podr\u00e1 aparcar desde la v\u00edspera\",\"datePublished\":\"2014-08-29T11:10:53+00:00\",\"mainEntityOfPage\":{\"@id\":\"https:\\\/\\\/www.laguiadepamplona.com\\\/actualidad\\\/las-calles-por-las-que-discurrira-la-vuelta-ciclista-a-espana-el-miercoles-se-cerraran-al-trafico-esa-manana-y-en-algunas-no-se-podra-aparcar-desde-la-vispera\\\/\"},\"wordCount\":967,\"commentCount\":0,\"publisher\":{\"@id\":\"https:\\\/\\\/www.laguiadepamplona.com\\\/actualidad\\\/#organization\"},\"image\":{\"@id\":\"https:\\\/\\\/www.laguiadepamplona.com\\\/actualidad\\\/las-calles-por-las-que-discurrira-la-vuelta-ciclista-a-espana-el-miercoles-se-cerraran-al-trafico-esa-manana-y-en-algunas-no-se-podra-aparcar-desde-la-vispera\\\/#primaryimage\"},\"thumbnailUrl\":\"\",\"keywords\":[\"actualidad\",\"alteraciones\",\"ayto pamplona\",\"Ayuntamiento de Pamplona\",\"noticias\",\"pamplona\",\"tr\u00e1fico\",\"vuelta ciclista espa\u00f1a\"],\"articleSection\":[\"Ayto Pamplona\"],\"inLanguage\":\"es\",\"potentialAction\":[{\"@type\":\"CommentAction\",\"name\":\"Comment\",\"target\":[\"https:\\\/\\\/www.laguiadepamplona.com\\\/actualidad\\\/las-calles-por-las-que-discurrira-la-vuelta-ciclista-a-espana-el-miercoles-se-cerraran-al-trafico-esa-manana-y-en-algunas-no-se-podra-aparcar-desde-la-vispera\\\/#respond\"]}]},{\"@type\":\"WebPage\",\"@id\":\"https:\\\/\\\/www.laguiadepamplona.com\\\/actualidad\\\/las-calles-por-las-que-discurrira-la-vuelta-ciclista-a-espana-el-miercoles-se-cerraran-al-trafico-esa-manana-y-en-algunas-no-se-podra-aparcar-desde-la-vispera\\\/\",\"url\":\"https:\\\/\\\/www.laguiadepamplona.com\\\/actualidad\\\/las-calles-por-las-que-discurrira-la-vuelta-ciclista-a-espana-el-miercoles-se-cerraran-al-trafico-esa-manana-y-en-algunas-no-se-podra-aparcar-desde-la-vispera\\\/\",\"name\":\"Las calles por las que discurrir\u00e1 la Vuelta Ciclista a Espa\u00f1a el mi\u00e9rcoles se cerrar\u00e1n al tr\u00e1fico esa ma\u00f1ana y en algunas no se podr\u00e1 aparcar desde la v\u00edspera\",\"isPartOf\":{\"@id\":\"https:\\\/\\\/www.laguiadepamplona.com\\\/actualidad\\\/#website\"},\"primaryImageOfPage\":{\"@id\":\"https:\\\/\\\/www.laguiadepamplona.com\\\/actualidad\\\/las-calles-por-las-que-discurrira-la-vuelta-ciclista-a-espana-el-miercoles-se-cerraran-al-trafico-esa-manana-y-en-algunas-no-se-podra-aparcar-desde-la-vispera\\\/#primaryimage\"},\"image\":{\"@id\":\"https:\\\/\\\/www.laguiadepamplona.com\\\/actualidad\\\/las-calles-por-las-que-discurrira-la-vuelta-ciclista-a-espana-el-miercoles-se-cerraran-al-trafico-esa-manana-y-en-algunas-no-se-podra-aparcar-desde-la-vispera\\\/#primaryimage\"},\"thumbnailUrl\":\"\",\"datePublished\":\"2014-08-29T11:10:53+00:00\",\"breadcrumb\":{\"@id\":\"https:\\\/\\\/www.laguiadepamplona.com\\\/actualidad\\\/las-calles-por-las-que-discurrira-la-vuelta-ciclista-a-espana-el-miercoles-se-cerraran-al-trafico-esa-manana-y-en-algunas-no-se-podra-aparcar-desde-la-vispera\\\/#breadcrumb\"},\"inLanguage\":\"es\",\"potentialAction\":[{\"@type\":\"ReadAction\",\"target\":[\"https:\\\/\\\/www.laguiadepamplona.com\\\/actualidad\\\/las-calles-por-las-que-discurrira-la-vuelta-ciclista-a-espana-el-miercoles-se-cerraran-al-trafico-esa-manana-y-en-algunas-no-se-podra-aparcar-desde-la-vispera\\\/\"]}]},{\"@type\":\"ImageObject\",\"inLanguage\":\"es\",\"@id\":\"https:\\\/\\\/www.laguiadepamplona.com\\\/actualidad\\\/las-calles-por-las-que-discurrira-la-vuelta-ciclista-a-espana-el-miercoles-se-cerraran-al-trafico-esa-manana-y-en-algunas-no-se-podra-aparcar-desde-la-vispera\\\/#primaryimage\",\"url\":\"\",\"contentUrl\":\"\"},{\"@type\":\"BreadcrumbList\",\"@id\":\"https:\\\/\\\/www.laguiadepamplona.com\\\/actualidad\\\/las-calles-por-las-que-discurrira-la-vuelta-ciclista-a-espana-el-miercoles-se-cerraran-al-trafico-esa-manana-y-en-algunas-no-se-podra-aparcar-desde-la-vispera\\\/#breadcrumb\",\"itemListElement\":[{\"@type\":\"ListItem\",\"position\":1,\"name\":\"Portada\",\"item\":\"https:\\\/\\\/www.laguiadepamplona.com\\\/actualidad\\\/\"},{\"@type\":\"ListItem\",\"position\":2,\"name\":\"Las calles por las que discurrir\u00e1 la Vuelta Ciclista a Espa\u00f1a el mi\u00e9rcoles se cerrar\u00e1n al tr\u00e1fico esa ma\u00f1ana y en algunas no se podr\u00e1 aparcar desde la v\u00edspera\"}]},{\"@type\":\"WebSite\",\"@id\":\"https:\\\/\\\/www.laguiadepamplona.com\\\/actualidad\\\/#website\",\"url\":\"https:\\\/\\\/www.laguiadepamplona.com\\\/actualidad\\\/\",\"name\":\"La gu\u00eda de Pamplona\",\"description\":\"Noticias de Pamplona\",\"publisher\":{\"@id\":\"https:\\\/\\\/www.laguiadepamplona.com\\\/actualidad\\\/#organization\"},\"potentialAction\":[{\"@type\":\"SearchAction\",\"target\":{\"@type\":\"EntryPoint\",\"urlTemplate\":\"https:\\\/\\\/www.laguiadepamplona.com\\\/actualidad\\\/?s={search_term_string}\"},\"query-input\":{\"@type\":\"PropertyValueSpecification\",\"valueRequired\":true,\"valueName\":\"search_term_string\"}}],\"inLanguage\":\"es\"},{\"@type\":\"Organization\",\"@id\":\"https:\\\/\\\/www.laguiadepamplona.com\\\/actualidad\\\/#organization\",\"name\":\"La Gu\u00eda de Pamplona \\\/ Noticias\",\"url\":\"https:\\\/\\\/www.laguiadepamplona.com\\\/actualidad\\\/\",\"logo\":{\"@type\":\"ImageObject\",\"inLanguage\":\"es\",\"@id\":\"https:\\\/\\\/www.laguiadepamplona.com\\\/actualidad\\\/#\\\/schema\\\/logo\\\/image\\\/\",\"url\":\"https:\\\/\\\/www.laguiadepamplona.com\\\/actualidad\\\/wp-content\\\/uploads\\\/2018\\\/11\\\/logo-laguiadepamplona18-web1.png\",\"contentUrl\":\"https:\\\/\\\/www.laguiadepamplona.com\\\/actualidad\\\/wp-content\\\/uploads\\\/2018\\\/11\\\/logo-laguiadepamplona18-web1.png\",\"width\":600,\"height\":196,\"caption\":\"La Gu\u00eda de Pamplona \\\/ Noticias\"},\"image\":{\"@id\":\"https:\\\/\\\/www.laguiadepamplona.com\\\/actualidad\\\/#\\\/schema\\\/logo\\\/image\\\/\"},\"sameAs\":[\"https:\\\/\\\/www.facebook.com\\\/laguiadepamplonacom-133175176762273\\\/?ref=hl\",\"https:\\\/\\\/x.com\\\/LaGuiadPamplona\",\"https:\\\/\\\/www.instagram.com\\\/la_guia_de_pamplona\\\/\",\"https:\\\/\\\/www.youtube.com\\\/user\\\/laguiadepamplona\"]},{\"@type\":\"Person\",\"@id\":\"https:\\\/\\\/www.laguiadepamplona.com\\\/actualidad\\\/#\\\/schema\\\/person\\\/efe887376f0213d4657c93adc50b1fdb\",\"name\":\"La Gu\u00eda de Pamplona\",\"image\":{\"@type\":\"ImageObject\",\"inLanguage\":\"es\",\"@id\":\"https:\\\/\\\/secure.gravatar.com\\\/avatar\\\/b6992f131dc8d30ab0dff15446e9d346d9dbd95992de0fef795073f5ea83a81c?s=96&d=mm&r=g\",\"url\":\"https:\\\/\\\/secure.gravatar.com\\\/avatar\\\/b6992f131dc8d30ab0dff15446e9d346d9dbd95992de0fef795073f5ea83a81c?s=96&d=mm&r=g\",\"contentUrl\":\"https:\\\/\\\/secure.gravatar.com\\\/avatar\\\/b6992f131dc8d30ab0dff15446e9d346d9dbd95992de0fef795073f5ea83a81c?s=96&d=mm&r=g\",\"caption\":\"La Gu\u00eda de Pamplona\"}}]}<\/script>\n<!-- \/ Yoast SEO plugin. -->","yoast_head_json":{"title":"Las calles por las que discurrir\u00e1 la Vuelta Ciclista a Espa\u00f1a el mi\u00e9rcoles se cerrar\u00e1n al tr\u00e1fico esa ma\u00f1ana y en algunas no se podr\u00e1 aparcar desde la v\u00edspera","robots":{"index":"index","follow":"follow","max-snippet":"max-snippet:-1","max-image-preview":"max-image-preview:large","max-video-preview":"max-video-preview:-1"},"canonical":"https:\/\/www.laguiadepamplona.com\/actualidad\/las-calles-por-las-que-discurrira-la-vuelta-ciclista-a-espana-el-miercoles-se-cerraran-al-trafico-esa-manana-y-en-algunas-no-se-podra-aparcar-desde-la-vispera\/","og_locale":"es_ES","og_type":"article","og_title":"Las calles por las que discurrir\u00e1 la Vuelta Ciclista a Espa\u00f1a el mi\u00e9rcoles se cerrar\u00e1n al tr\u00e1fico esa ma\u00f1ana y en algunas no se podr\u00e1 aparcar desde la v\u00edspera","og_description":"Polic\u00eda Municipal de Pamplona, que contar\u00e1 con 67 agentes regulando los cruces de las calles, recomienda evitar el recorrido de la carrera Las calles por las que discurrir\u00e1 la Vuelta...","og_url":"https:\/\/www.laguiadepamplona.com\/actualidad\/las-calles-por-las-que-discurrira-la-vuelta-ciclista-a-espana-el-miercoles-se-cerraran-al-trafico-esa-manana-y-en-algunas-no-se-podra-aparcar-desde-la-vispera\/","og_site_name":"La Gu\u00eda de Pamplona","article_publisher":"https:\/\/www.facebook.com\/laguiadepamplonacom-133175176762273\/?ref=hl","article_published_time":"2014-08-29T11:10:53+00:00","author":"La Gu\u00eda de Pamplona","twitter_card":"summary_large_image","twitter_creator":"@LaGuiadPamplona","twitter_site":"@LaGuiadPamplona","twitter_misc":{"Escrito por":"La Gu\u00eda de Pamplona","Tiempo de lectura":"5 minutos"},"schema":{"@context":"https:\/\/schema.org","@graph":[{"@type":"Article","@id":"https:\/\/www.laguiadepamplona.com\/actualidad\/las-calles-por-las-que-discurrira-la-vuelta-ciclista-a-espana-el-miercoles-se-cerraran-al-trafico-esa-manana-y-en-algunas-no-se-podra-aparcar-desde-la-vispera\/#article","isPartOf":{"@id":"https:\/\/www.laguiadepamplona.com\/actualidad\/las-calles-por-las-que-discurrira-la-vuelta-ciclista-a-espana-el-miercoles-se-cerraran-al-trafico-esa-manana-y-en-algunas-no-se-podra-aparcar-desde-la-vispera\/"},"author":{"name":"La Gu\u00eda de Pamplona","@id":"https:\/\/www.laguiadepamplona.com\/actualidad\/#\/schema\/person\/efe887376f0213d4657c93adc50b1fdb"},"headline":"Las calles por las que discurrir\u00e1 la Vuelta Ciclista a Espa\u00f1a el mi\u00e9rcoles se cerrar\u00e1n al tr\u00e1fico esa ma\u00f1ana y en algunas no se podr\u00e1 aparcar desde la v\u00edspera","datePublished":"2014-08-29T11:10:53+00:00","mainEntityOfPage":{"@id":"https:\/\/www.laguiadepamplona.com\/actualidad\/las-calles-por-las-que-discurrira-la-vuelta-ciclista-a-espana-el-miercoles-se-cerraran-al-trafico-esa-manana-y-en-algunas-no-se-podra-aparcar-desde-la-vispera\/"},"wordCount":967,"commentCount":0,"publisher":{"@id":"https:\/\/www.laguiadepamplona.com\/actualidad\/#organization"},"image":{"@id":"https:\/\/www.laguiadepamplona.com\/actualidad\/las-calles-por-las-que-discurrira-la-vuelta-ciclista-a-espana-el-miercoles-se-cerraran-al-trafico-esa-manana-y-en-algunas-no-se-podra-aparcar-desde-la-vispera\/#primaryimage"},"thumbnailUrl":"","keywords":["actualidad","alteraciones","ayto pamplona","Ayuntamiento de Pamplona","noticias","pamplona","tr\u00e1fico","vuelta ciclista espa\u00f1a"],"articleSection":["Ayto Pamplona"],"inLanguage":"es","potentialAction":[{"@type":"CommentAction","name":"Comment","target":["https:\/\/www.laguiadepamplona.com\/actualidad\/las-calles-por-las-que-discurrira-la-vuelta-ciclista-a-espana-el-miercoles-se-cerraran-al-trafico-esa-manana-y-en-algunas-no-se-podra-aparcar-desde-la-vispera\/#respond"]}]},{"@type":"WebPage","@id":"https:\/\/www.laguiadepamplona.com\/actualidad\/las-calles-por-las-que-discurrira-la-vuelta-ciclista-a-espana-el-miercoles-se-cerraran-al-trafico-esa-manana-y-en-algunas-no-se-podra-aparcar-desde-la-vispera\/","url":"https:\/\/www.laguiadepamplona.com\/actualidad\/las-calles-por-las-que-discurrira-la-vuelta-ciclista-a-espana-el-miercoles-se-cerraran-al-trafico-esa-manana-y-en-algunas-no-se-podra-aparcar-desde-la-vispera\/","name":"Las calles por las que discurrir\u00e1 la Vuelta Ciclista a Espa\u00f1a el mi\u00e9rcoles se cerrar\u00e1n al tr\u00e1fico esa ma\u00f1ana y en algunas no se podr\u00e1 aparcar desde la v\u00edspera","isPartOf":{"@id":"https:\/\/www.laguiadepamplona.com\/actualidad\/#website"},"primaryImageOfPage":{"@id":"https:\/\/www.laguiadepamplona.com\/actualidad\/las-calles-por-las-que-discurrira-la-vuelta-ciclista-a-espana-el-miercoles-se-cerraran-al-trafico-esa-manana-y-en-algunas-no-se-podra-aparcar-desde-la-vispera\/#primaryimage"},"image":{"@id":"https:\/\/www.laguiadepamplona.com\/actualidad\/las-calles-por-las-que-discurrira-la-vuelta-ciclista-a-espana-el-miercoles-se-cerraran-al-trafico-esa-manana-y-en-algunas-no-se-podra-aparcar-desde-la-vispera\/#primaryimage"},"thumbnailUrl":"","datePublished":"2014-08-29T11:10:53+00:00","breadcrumb":{"@id":"https:\/\/www.laguiadepamplona.com\/actualidad\/las-calles-por-las-que-discurrira-la-vuelta-ciclista-a-espana-el-miercoles-se-cerraran-al-trafico-esa-manana-y-en-algunas-no-se-podra-aparcar-desde-la-vispera\/#breadcrumb"},"inLanguage":"es","potentialAction":[{"@type":"ReadAction","target":["https:\/\/www.laguiadepamplona.com\/actualidad\/las-calles-por-las-que-discurrira-la-vuelta-ciclista-a-espana-el-miercoles-se-cerraran-al-trafico-esa-manana-y-en-algunas-no-se-podra-aparcar-desde-la-vispera\/"]}]},{"@type":"ImageObject","inLanguage":"es","@id":"https:\/\/www.laguiadepamplona.com\/actualidad\/las-calles-por-las-que-discurrira-la-vuelta-ciclista-a-espana-el-miercoles-se-cerraran-al-trafico-esa-manana-y-en-algunas-no-se-podra-aparcar-desde-la-vispera\/#primaryimage","url":"","contentUrl":""},{"@type":"BreadcrumbList","@id":"https:\/\/www.laguiadepamplona.com\/actualidad\/las-calles-por-las-que-discurrira-la-vuelta-ciclista-a-espana-el-miercoles-se-cerraran-al-trafico-esa-manana-y-en-algunas-no-se-podra-aparcar-desde-la-vispera\/#breadcrumb","itemListElement":[{"@type":"ListItem","position":1,"name":"Portada","item":"https:\/\/www.laguiadepamplona.com\/actualidad\/"},{"@type":"ListItem","position":2,"name":"Las calles por las que discurrir\u00e1 la Vuelta Ciclista a Espa\u00f1a el mi\u00e9rcoles se cerrar\u00e1n al tr\u00e1fico esa ma\u00f1ana y en algunas no se podr\u00e1 aparcar desde la v\u00edspera"}]},{"@type":"WebSite","@id":"https:\/\/www.laguiadepamplona.com\/actualidad\/#website","url":"https:\/\/www.laguiadepamplona.com\/actualidad\/","name":"La gu\u00eda de Pamplona","description":"Noticias de Pamplona","publisher":{"@id":"https:\/\/www.laguiadepamplona.com\/actualidad\/#organization"},"potentialAction":[{"@type":"SearchAction","target":{"@type":"EntryPoint","urlTemplate":"https:\/\/www.laguiadepamplona.com\/actualidad\/?s={search_term_string}"},"query-input":{"@type":"PropertyValueSpecification","valueRequired":true,"valueName":"search_term_string"}}],"inLanguage":"es"},{"@type":"Organization","@id":"https:\/\/www.laguiadepamplona.com\/actualidad\/#organization","name":"La Gu\u00eda de Pamplona \/ Noticias","url":"https:\/\/www.laguiadepamplona.com\/actualidad\/","logo":{"@type":"ImageObject","inLanguage":"es","@id":"https:\/\/www.laguiadepamplona.com\/actualidad\/#\/schema\/logo\/image\/","url":"https:\/\/www.laguiadepamplona.com\/actualidad\/wp-content\/uploads\/2018\/11\/logo-laguiadepamplona18-web1.png","contentUrl":"https:\/\/www.laguiadepamplona.com\/actualidad\/wp-content\/uploads\/2018\/11\/logo-laguiadepamplona18-web1.png","width":600,"height":196,"caption":"La Gu\u00eda de Pamplona \/ Noticias"},"image":{"@id":"https:\/\/www.laguiadepamplona.com\/actualidad\/#\/schema\/logo\/image\/"},"sameAs":["https:\/\/www.facebook.com\/laguiadepamplonacom-133175176762273\/?ref=hl","https:\/\/x.com\/LaGuiadPamplona","https:\/\/www.instagram.com\/la_guia_de_pamplona\/","https:\/\/www.youtube.com\/user\/laguiadepamplona"]},{"@type":"Person","@id":"https:\/\/www.laguiadepamplona.com\/actualidad\/#\/schema\/person\/efe887376f0213d4657c93adc50b1fdb","name":"La Gu\u00eda de Pamplona","image":{"@type":"ImageObject","inLanguage":"es","@id":"https:\/\/secure.gravatar.com\/avatar\/b6992f131dc8d30ab0dff15446e9d346d9dbd95992de0fef795073f5ea83a81c?s=96&d=mm&r=g","url":"https:\/\/secure.gravatar.com\/avatar\/b6992f131dc8d30ab0dff15446e9d346d9dbd95992de0fef795073f5ea83a81c?s=96&d=mm&r=g","contentUrl":"https:\/\/secure.gravatar.com\/avatar\/b6992f131dc8d30ab0dff15446e9d346d9dbd95992de0fef795073f5ea83a81c?s=96&d=mm&r=g","caption":"La Gu\u00eda de Pamplona"}}]}},"post_mailing_queue_ids":[],"_links":{"self":[{"href":"https:\/\/www.laguiadepamplona.com\/actualidad\/wp-json\/wp\/v2\/posts\/2883","targetHints":{"allow":["GET"]}}],"collection":[{"href":"https:\/\/www.laguiadepamplona.com\/actualidad\/wp-json\/wp\/v2\/posts"}],"about":[{"href":"https:\/\/www.laguiadepamplona.com\/actualidad\/wp-json\/wp\/v2\/types\/post"}],"author":[{"embeddable":true,"href":"https:\/\/www.laguiadepamplona.com\/actualidad\/wp-json\/wp\/v2\/users\/1"}],"replies":[{"embeddable":true,"href":"https:\/\/www.laguiadepamplona.com\/actualidad\/wp-json\/wp\/v2\/comments?post=2883"}],"version-history":[{"count":0,"href":"https:\/\/www.laguiadepamplona.com\/actualidad\/wp-json\/wp\/v2\/posts\/2883\/revisions"}],"wp:featuredmedia":[{"embeddable":true,"href":"https:\/\/www.laguiadepamplona.com\/actualidad\/wp-json\/"}],"wp:attachment":[{"href":"https:\/\/www.laguiadepamplona.com\/actualidad\/wp-json\/wp\/v2\/media?parent=2883"}],"wp:term":[{"taxonomy":"category","embeddable":true,"href":"https:\/\/www.laguiadepamplona.com\/actualidad\/wp-json\/wp\/v2\/categories?post=2883"},{"taxonomy":"post_tag","embeddable":true,"href":"https:\/\/www.laguiadepamplona.com\/actualidad\/wp-json\/wp\/v2\/tags?post=2883"}],"curies":[{"name":"wp","href":"https:\/\/api.w.org\/{rel}","templated":true}]}}