{"id":2880,"date":"2014-08-29T11:09:22","date_gmt":"2014-08-29T11:09:22","guid":{"rendered":"http:\/\/laguiadepamplona.com\/actualidad\/?p=2880"},"modified":"2014-08-29T11:09:22","modified_gmt":"2014-08-29T11:09:22","slug":"el-ayuntamiento-de-pamplona-firma-un-convenio-sobre-proteccion-civil-con-cruz-roja-espanola-asamblea-local-pamplona","status":"publish","type":"post","link":"https:\/\/www.laguiadepamplona.com\/actualidad\/el-ayuntamiento-de-pamplona-firma-un-convenio-sobre-proteccion-civil-con-cruz-roja-espanola-asamblea-local-pamplona\/","title":{"rendered":"El Ayuntamiento de Pamplona firma un convenio sobre protecci\u00f3n civil con Cruz Roja Espa\u00f1ola Asamblea Local Pamplona"},"content":{"rendered":"<h4>Cruz Roja colaborar\u00e1, por ejemplo, en marchas ciclistas y actividades deportivas, recogida de transe\u00fantes o ferias de ganado<\/h4>\n<p><a href=\"http:\/\/laguiadepamplona.com\/actualidad\/wp-content\/uploads\/2014\/08\/convenio_cruz_roja2.jpg\"><img loading=\"lazy\" decoding=\"async\" class=\"alignleft size-medium wp-image-2881\" src=\"http:\/\/laguiadepamplona.com\/actualidad\/wp-content\/uploads\/2014\/08\/convenio_cruz_roja2-300x199.jpg\" alt=\"convenio_cruz_roja2\" width=\"300\" height=\"199\" \/><\/a>El alcalde de Pamplona, Enrique Maya, y el presidente de Cruz Roja Espa\u00f1ola Asamblea Local de Pamplona, Miguel Mart\u00ednez, han firmado esta ma\u00f1ana un convenio de colaboraci\u00f3n entre ambas entidades en materia de protecci\u00f3n civil. El convenio tiene por objeto fomentar una mayor protecci\u00f3n para los ciudadanos de Pamplona y promocionar el voluntariado que participe en labores de protecci\u00f3n civil. El convenio est\u00e1 dotado con 25.250 euros.<\/p>\n<p>Con car\u00e1cter general, Cruz Roja Espa\u00f1ola Asamblea Local de Pamplona colaborar\u00e1 con el Ayuntamiento con los medios y recursos que recoge el convenio, como por ejemplo, en marchas ciclistas y actividades deportivas; en la Cabalgata de Reyes Magos, procesiones y otros desfiles; en ferias de ganado y otras similares; en la recogida y ayuda a personas transe\u00fantes con necesidad de cobijo en noches con climatolog\u00eda adversa; en retirada de contenedores movidos por el viento o en la iluminaci\u00f3n en accidentes u otras situaciones.<\/p>\n<p>Cruz Roja Espa\u00f1ola Asamblea Local de Pamplona es una organizaci\u00f3n sin \u00e1nimo de lucro de car\u00e1cter asistencial y de apoyo a las administraciones p\u00fablicas. Su personal se caracteriza por la especializaci\u00f3n en distintos campos, desde m\u00e9dicos, DUES, trabajadores sociales, psic\u00f3logos, licenciados en derecho, soci\u00f3logos, pedagogos, personal de administraci\u00f3n y contabilidad, personal de servicios, socorristas o auxiliares de transporte de ambulancias. Adem\u00e1s de los recursos humanos, Cruz Roja pone a disposici\u00f3n de la protecci\u00f3n de los ciudadanos los medios t\u00e9cnicos y materiales con los que cuenta, entre ellos ambulancias, otros veh\u00edculos y embarcaciones r\u00edgidas y semirr\u00edgidas.<\/p>\n","protected":false},"excerpt":{"rendered":"<p>Cruz Roja colaborar\u00e1, por ejemplo, en marchas ciclistas y actividades deportivas, recogida de transe\u00fantes o ferias de ganado El alcalde de Pamplona, Enrique Maya, y el presidente de Cruz Roja&#8230;<\/p>\n","protected":false},"author":1,"featured_media":2881,"comment_status":"open","ping_status":"open","sticky":false,"template":"","format":"standard","meta":{"footnotes":""},"categories":[2],"tags":[5,6,509,640,2436,8,9,1791],"class_list":["post-2880","post","type-post","status-publish","format-standard","has-post-thumbnail","hentry","category-ayuntamiento-pamplona","tag-actualidad","tag-ayto-pamplona","tag-ayuntamiento-de-pamplona","tag-convenio","tag-cruz-roja-espanola","tag-noticias","tag-pamplona","tag-proteccion-civil"],"yoast_head":"<!-- This site is optimized with the Yoast SEO plugin v27.5 - https:\/\/yoast.com\/product\/yoast-seo-wordpress\/ -->\n<title>El Ayuntamiento de Pamplona firma un convenio sobre protecci\u00f3n civil con Cruz Roja Espa\u00f1ola Asamblea Local Pamplona<\/title>\n<meta name=\"robots\" content=\"index, follow, max-snippet:-1, max-image-preview:large, max-video-preview:-1\" \/>\n<link rel=\"canonical\" href=\"https:\/\/www.laguiadepamplona.com\/actualidad\/el-ayuntamiento-de-pamplona-firma-un-convenio-sobre-proteccion-civil-con-cruz-roja-espanola-asamblea-local-pamplona\/\" \/>\n<meta property=\"og:locale\" content=\"es_ES\" \/>\n<meta property=\"og:type\" content=\"article\" \/>\n<meta property=\"og:title\" content=\"El Ayuntamiento de Pamplona firma un convenio sobre protecci\u00f3n civil con Cruz Roja Espa\u00f1ola Asamblea Local Pamplona\" \/>\n<meta property=\"og:description\" content=\"Cruz Roja colaborar\u00e1, por ejemplo, en marchas ciclistas y actividades deportivas, recogida de transe\u00fantes o ferias de ganado El alcalde de Pamplona, Enrique Maya, y el presidente de Cruz Roja...\" \/>\n<meta property=\"og:url\" content=\"https:\/\/www.laguiadepamplona.com\/actualidad\/el-ayuntamiento-de-pamplona-firma-un-convenio-sobre-proteccion-civil-con-cruz-roja-espanola-asamblea-local-pamplona\/\" \/>\n<meta property=\"og:site_name\" content=\"La Gu\u00eda de Pamplona\" \/>\n<meta property=\"article:publisher\" content=\"https:\/\/www.facebook.com\/laguiadepamplonacom-133175176762273\/?ref=hl\" \/>\n<meta property=\"article:published_time\" content=\"2014-08-29T11:09:22+00:00\" \/>\n<meta name=\"author\" content=\"La Gu\u00eda de Pamplona\" \/>\n<meta name=\"twitter:card\" content=\"summary_large_image\" \/>\n<meta name=\"twitter:creator\" content=\"@LaGuiadPamplona\" \/>\n<meta name=\"twitter:site\" content=\"@LaGuiadPamplona\" \/>\n<meta name=\"twitter:label1\" content=\"Escrito por\" \/>\n\t<meta name=\"twitter:data1\" content=\"La Gu\u00eda de Pamplona\" \/>\n\t<meta name=\"twitter:label2\" content=\"Tiempo de lectura\" \/>\n\t<meta name=\"twitter:data2\" content=\"1 minuto\" \/>\n<script type=\"application\/ld+json\" class=\"yoast-schema-graph\">{\"@context\":\"https:\\\/\\\/schema.org\",\"@graph\":[{\"@type\":\"Article\",\"@id\":\"https:\\\/\\\/www.laguiadepamplona.com\\\/actualidad\\\/el-ayuntamiento-de-pamplona-firma-un-convenio-sobre-proteccion-civil-con-cruz-roja-espanola-asamblea-local-pamplona\\\/#article\",\"isPartOf\":{\"@id\":\"https:\\\/\\\/www.laguiadepamplona.com\\\/actualidad\\\/el-ayuntamiento-de-pamplona-firma-un-convenio-sobre-proteccion-civil-con-cruz-roja-espanola-asamblea-local-pamplona\\\/\"},\"author\":{\"name\":\"La Gu\u00eda de Pamplona\",\"@id\":\"https:\\\/\\\/www.laguiadepamplona.com\\\/actualidad\\\/#\\\/schema\\\/person\\\/efe887376f0213d4657c93adc50b1fdb\"},\"headline\":\"El Ayuntamiento de Pamplona firma un convenio sobre protecci\u00f3n civil con Cruz Roja Espa\u00f1ola Asamblea Local Pamplona\",\"datePublished\":\"2014-08-29T11:09:22+00:00\",\"mainEntityOfPage\":{\"@id\":\"https:\\\/\\\/www.laguiadepamplona.com\\\/actualidad\\\/el-ayuntamiento-de-pamplona-firma-un-convenio-sobre-proteccion-civil-con-cruz-roja-espanola-asamblea-local-pamplona\\\/\"},\"wordCount\":310,\"commentCount\":0,\"publisher\":{\"@id\":\"https:\\\/\\\/www.laguiadepamplona.com\\\/actualidad\\\/#organization\"},\"image\":{\"@id\":\"https:\\\/\\\/www.laguiadepamplona.com\\\/actualidad\\\/el-ayuntamiento-de-pamplona-firma-un-convenio-sobre-proteccion-civil-con-cruz-roja-espanola-asamblea-local-pamplona\\\/#primaryimage\"},\"thumbnailUrl\":\"\",\"keywords\":[\"actualidad\",\"ayto pamplona\",\"Ayuntamiento de Pamplona\",\"convenio\",\"cruz roja espa\u00f1ola\",\"noticias\",\"pamplona\",\"protecci\u00f3n civil\"],\"articleSection\":[\"Ayto Pamplona\"],\"inLanguage\":\"es\",\"potentialAction\":[{\"@type\":\"CommentAction\",\"name\":\"Comment\",\"target\":[\"https:\\\/\\\/www.laguiadepamplona.com\\\/actualidad\\\/el-ayuntamiento-de-pamplona-firma-un-convenio-sobre-proteccion-civil-con-cruz-roja-espanola-asamblea-local-pamplona\\\/#respond\"]}]},{\"@type\":\"WebPage\",\"@id\":\"https:\\\/\\\/www.laguiadepamplona.com\\\/actualidad\\\/el-ayuntamiento-de-pamplona-firma-un-convenio-sobre-proteccion-civil-con-cruz-roja-espanola-asamblea-local-pamplona\\\/\",\"url\":\"https:\\\/\\\/www.laguiadepamplona.com\\\/actualidad\\\/el-ayuntamiento-de-pamplona-firma-un-convenio-sobre-proteccion-civil-con-cruz-roja-espanola-asamblea-local-pamplona\\\/\",\"name\":\"El Ayuntamiento de Pamplona firma un convenio sobre protecci\u00f3n civil con Cruz Roja Espa\u00f1ola Asamblea Local Pamplona\",\"isPartOf\":{\"@id\":\"https:\\\/\\\/www.laguiadepamplona.com\\\/actualidad\\\/#website\"},\"primaryImageOfPage\":{\"@id\":\"https:\\\/\\\/www.laguiadepamplona.com\\\/actualidad\\\/el-ayuntamiento-de-pamplona-firma-un-convenio-sobre-proteccion-civil-con-cruz-roja-espanola-asamblea-local-pamplona\\\/#primaryimage\"},\"image\":{\"@id\":\"https:\\\/\\\/www.laguiadepamplona.com\\\/actualidad\\\/el-ayuntamiento-de-pamplona-firma-un-convenio-sobre-proteccion-civil-con-cruz-roja-espanola-asamblea-local-pamplona\\\/#primaryimage\"},\"thumbnailUrl\":\"\",\"datePublished\":\"2014-08-29T11:09:22+00:00\",\"breadcrumb\":{\"@id\":\"https:\\\/\\\/www.laguiadepamplona.com\\\/actualidad\\\/el-ayuntamiento-de-pamplona-firma-un-convenio-sobre-proteccion-civil-con-cruz-roja-espanola-asamblea-local-pamplona\\\/#breadcrumb\"},\"inLanguage\":\"es\",\"potentialAction\":[{\"@type\":\"ReadAction\",\"target\":[\"https:\\\/\\\/www.laguiadepamplona.com\\\/actualidad\\\/el-ayuntamiento-de-pamplona-firma-un-convenio-sobre-proteccion-civil-con-cruz-roja-espanola-asamblea-local-pamplona\\\/\"]}]},{\"@type\":\"ImageObject\",\"inLanguage\":\"es\",\"@id\":\"https:\\\/\\\/www.laguiadepamplona.com\\\/actualidad\\\/el-ayuntamiento-de-pamplona-firma-un-convenio-sobre-proteccion-civil-con-cruz-roja-espanola-asamblea-local-pamplona\\\/#primaryimage\",\"url\":\"\",\"contentUrl\":\"\"},{\"@type\":\"BreadcrumbList\",\"@id\":\"https:\\\/\\\/www.laguiadepamplona.com\\\/actualidad\\\/el-ayuntamiento-de-pamplona-firma-un-convenio-sobre-proteccion-civil-con-cruz-roja-espanola-asamblea-local-pamplona\\\/#breadcrumb\",\"itemListElement\":[{\"@type\":\"ListItem\",\"position\":1,\"name\":\"Portada\",\"item\":\"https:\\\/\\\/www.laguiadepamplona.com\\\/actualidad\\\/\"},{\"@type\":\"ListItem\",\"position\":2,\"name\":\"El Ayuntamiento de Pamplona firma un convenio sobre protecci\u00f3n civil con Cruz Roja Espa\u00f1ola Asamblea Local Pamplona\"}]},{\"@type\":\"WebSite\",\"@id\":\"https:\\\/\\\/www.laguiadepamplona.com\\\/actualidad\\\/#website\",\"url\":\"https:\\\/\\\/www.laguiadepamplona.com\\\/actualidad\\\/\",\"name\":\"La gu\u00eda de Pamplona\",\"description\":\"Noticias de Pamplona\",\"publisher\":{\"@id\":\"https:\\\/\\\/www.laguiadepamplona.com\\\/actualidad\\\/#organization\"},\"potentialAction\":[{\"@type\":\"SearchAction\",\"target\":{\"@type\":\"EntryPoint\",\"urlTemplate\":\"https:\\\/\\\/www.laguiadepamplona.com\\\/actualidad\\\/?s={search_term_string}\"},\"query-input\":{\"@type\":\"PropertyValueSpecification\",\"valueRequired\":true,\"valueName\":\"search_term_string\"}}],\"inLanguage\":\"es\"},{\"@type\":\"Organization\",\"@id\":\"https:\\\/\\\/www.laguiadepamplona.com\\\/actualidad\\\/#organization\",\"name\":\"La Gu\u00eda de Pamplona \\\/ Noticias\",\"url\":\"https:\\\/\\\/www.laguiadepamplona.com\\\/actualidad\\\/\",\"logo\":{\"@type\":\"ImageObject\",\"inLanguage\":\"es\",\"@id\":\"https:\\\/\\\/www.laguiadepamplona.com\\\/actualidad\\\/#\\\/schema\\\/logo\\\/image\\\/\",\"url\":\"https:\\\/\\\/www.laguiadepamplona.com\\\/actualidad\\\/wp-content\\\/uploads\\\/2018\\\/11\\\/logo-laguiadepamplona18-web1.png\",\"contentUrl\":\"https:\\\/\\\/www.laguiadepamplona.com\\\/actualidad\\\/wp-content\\\/uploads\\\/2018\\\/11\\\/logo-laguiadepamplona18-web1.png\",\"width\":600,\"height\":196,\"caption\":\"La Gu\u00eda de Pamplona \\\/ Noticias\"},\"image\":{\"@id\":\"https:\\\/\\\/www.laguiadepamplona.com\\\/actualidad\\\/#\\\/schema\\\/logo\\\/image\\\/\"},\"sameAs\":[\"https:\\\/\\\/www.facebook.com\\\/laguiadepamplonacom-133175176762273\\\/?ref=hl\",\"https:\\\/\\\/x.com\\\/LaGuiadPamplona\",\"https:\\\/\\\/www.instagram.com\\\/la_guia_de_pamplona\\\/\",\"https:\\\/\\\/www.youtube.com\\\/user\\\/laguiadepamplona\"]},{\"@type\":\"Person\",\"@id\":\"https:\\\/\\\/www.laguiadepamplona.com\\\/actualidad\\\/#\\\/schema\\\/person\\\/efe887376f0213d4657c93adc50b1fdb\",\"name\":\"La Gu\u00eda de Pamplona\",\"image\":{\"@type\":\"ImageObject\",\"inLanguage\":\"es\",\"@id\":\"https:\\\/\\\/secure.gravatar.com\\\/avatar\\\/b6992f131dc8d30ab0dff15446e9d346d9dbd95992de0fef795073f5ea83a81c?s=96&d=mm&r=g\",\"url\":\"https:\\\/\\\/secure.gravatar.com\\\/avatar\\\/b6992f131dc8d30ab0dff15446e9d346d9dbd95992de0fef795073f5ea83a81c?s=96&d=mm&r=g\",\"contentUrl\":\"https:\\\/\\\/secure.gravatar.com\\\/avatar\\\/b6992f131dc8d30ab0dff15446e9d346d9dbd95992de0fef795073f5ea83a81c?s=96&d=mm&r=g\",\"caption\":\"La Gu\u00eda de Pamplona\"}}]}<\/script>\n<!-- \/ Yoast SEO plugin. -->","yoast_head_json":{"title":"El Ayuntamiento de Pamplona firma un convenio sobre protecci\u00f3n civil con Cruz Roja Espa\u00f1ola Asamblea Local Pamplona","robots":{"index":"index","follow":"follow","max-snippet":"max-snippet:-1","max-image-preview":"max-image-preview:large","max-video-preview":"max-video-preview:-1"},"canonical":"https:\/\/www.laguiadepamplona.com\/actualidad\/el-ayuntamiento-de-pamplona-firma-un-convenio-sobre-proteccion-civil-con-cruz-roja-espanola-asamblea-local-pamplona\/","og_locale":"es_ES","og_type":"article","og_title":"El Ayuntamiento de Pamplona firma un convenio sobre protecci\u00f3n civil con Cruz Roja Espa\u00f1ola Asamblea Local Pamplona","og_description":"Cruz Roja colaborar\u00e1, por ejemplo, en marchas ciclistas y actividades deportivas, recogida de transe\u00fantes o ferias de ganado El alcalde de Pamplona, Enrique Maya, y el presidente de Cruz Roja...","og_url":"https:\/\/www.laguiadepamplona.com\/actualidad\/el-ayuntamiento-de-pamplona-firma-un-convenio-sobre-proteccion-civil-con-cruz-roja-espanola-asamblea-local-pamplona\/","og_site_name":"La Gu\u00eda de Pamplona","article_publisher":"https:\/\/www.facebook.com\/laguiadepamplonacom-133175176762273\/?ref=hl","article_published_time":"2014-08-29T11:09:22+00:00","author":"La Gu\u00eda de Pamplona","twitter_card":"summary_large_image","twitter_creator":"@LaGuiadPamplona","twitter_site":"@LaGuiadPamplona","twitter_misc":{"Escrito por":"La Gu\u00eda de Pamplona","Tiempo de lectura":"1 minuto"},"schema":{"@context":"https:\/\/schema.org","@graph":[{"@type":"Article","@id":"https:\/\/www.laguiadepamplona.com\/actualidad\/el-ayuntamiento-de-pamplona-firma-un-convenio-sobre-proteccion-civil-con-cruz-roja-espanola-asamblea-local-pamplona\/#article","isPartOf":{"@id":"https:\/\/www.laguiadepamplona.com\/actualidad\/el-ayuntamiento-de-pamplona-firma-un-convenio-sobre-proteccion-civil-con-cruz-roja-espanola-asamblea-local-pamplona\/"},"author":{"name":"La Gu\u00eda de Pamplona","@id":"https:\/\/www.laguiadepamplona.com\/actualidad\/#\/schema\/person\/efe887376f0213d4657c93adc50b1fdb"},"headline":"El Ayuntamiento de Pamplona firma un convenio sobre protecci\u00f3n civil con Cruz Roja Espa\u00f1ola Asamblea Local Pamplona","datePublished":"2014-08-29T11:09:22+00:00","mainEntityOfPage":{"@id":"https:\/\/www.laguiadepamplona.com\/actualidad\/el-ayuntamiento-de-pamplona-firma-un-convenio-sobre-proteccion-civil-con-cruz-roja-espanola-asamblea-local-pamplona\/"},"wordCount":310,"commentCount":0,"publisher":{"@id":"https:\/\/www.laguiadepamplona.com\/actualidad\/#organization"},"image":{"@id":"https:\/\/www.laguiadepamplona.com\/actualidad\/el-ayuntamiento-de-pamplona-firma-un-convenio-sobre-proteccion-civil-con-cruz-roja-espanola-asamblea-local-pamplona\/#primaryimage"},"thumbnailUrl":"","keywords":["actualidad","ayto pamplona","Ayuntamiento de Pamplona","convenio","cruz roja espa\u00f1ola","noticias","pamplona","protecci\u00f3n civil"],"articleSection":["Ayto Pamplona"],"inLanguage":"es","potentialAction":[{"@type":"CommentAction","name":"Comment","target":["https:\/\/www.laguiadepamplona.com\/actualidad\/el-ayuntamiento-de-pamplona-firma-un-convenio-sobre-proteccion-civil-con-cruz-roja-espanola-asamblea-local-pamplona\/#respond"]}]},{"@type":"WebPage","@id":"https:\/\/www.laguiadepamplona.com\/actualidad\/el-ayuntamiento-de-pamplona-firma-un-convenio-sobre-proteccion-civil-con-cruz-roja-espanola-asamblea-local-pamplona\/","url":"https:\/\/www.laguiadepamplona.com\/actualidad\/el-ayuntamiento-de-pamplona-firma-un-convenio-sobre-proteccion-civil-con-cruz-roja-espanola-asamblea-local-pamplona\/","name":"El Ayuntamiento de Pamplona firma un convenio sobre protecci\u00f3n civil con Cruz Roja Espa\u00f1ola Asamblea Local Pamplona","isPartOf":{"@id":"https:\/\/www.laguiadepamplona.com\/actualidad\/#website"},"primaryImageOfPage":{"@id":"https:\/\/www.laguiadepamplona.com\/actualidad\/el-ayuntamiento-de-pamplona-firma-un-convenio-sobre-proteccion-civil-con-cruz-roja-espanola-asamblea-local-pamplona\/#primaryimage"},"image":{"@id":"https:\/\/www.laguiadepamplona.com\/actualidad\/el-ayuntamiento-de-pamplona-firma-un-convenio-sobre-proteccion-civil-con-cruz-roja-espanola-asamblea-local-pamplona\/#primaryimage"},"thumbnailUrl":"","datePublished":"2014-08-29T11:09:22+00:00","breadcrumb":{"@id":"https:\/\/www.laguiadepamplona.com\/actualidad\/el-ayuntamiento-de-pamplona-firma-un-convenio-sobre-proteccion-civil-con-cruz-roja-espanola-asamblea-local-pamplona\/#breadcrumb"},"inLanguage":"es","potentialAction":[{"@type":"ReadAction","target":["https:\/\/www.laguiadepamplona.com\/actualidad\/el-ayuntamiento-de-pamplona-firma-un-convenio-sobre-proteccion-civil-con-cruz-roja-espanola-asamblea-local-pamplona\/"]}]},{"@type":"ImageObject","inLanguage":"es","@id":"https:\/\/www.laguiadepamplona.com\/actualidad\/el-ayuntamiento-de-pamplona-firma-un-convenio-sobre-proteccion-civil-con-cruz-roja-espanola-asamblea-local-pamplona\/#primaryimage","url":"","contentUrl":""},{"@type":"BreadcrumbList","@id":"https:\/\/www.laguiadepamplona.com\/actualidad\/el-ayuntamiento-de-pamplona-firma-un-convenio-sobre-proteccion-civil-con-cruz-roja-espanola-asamblea-local-pamplona\/#breadcrumb","itemListElement":[{"@type":"ListItem","position":1,"name":"Portada","item":"https:\/\/www.laguiadepamplona.com\/actualidad\/"},{"@type":"ListItem","position":2,"name":"El Ayuntamiento de Pamplona firma un convenio sobre protecci\u00f3n civil con Cruz Roja Espa\u00f1ola Asamblea Local Pamplona"}]},{"@type":"WebSite","@id":"https:\/\/www.laguiadepamplona.com\/actualidad\/#website","url":"https:\/\/www.laguiadepamplona.com\/actualidad\/","name":"La gu\u00eda de Pamplona","description":"Noticias de Pamplona","publisher":{"@id":"https:\/\/www.laguiadepamplona.com\/actualidad\/#organization"},"potentialAction":[{"@type":"SearchAction","target":{"@type":"EntryPoint","urlTemplate":"https:\/\/www.laguiadepamplona.com\/actualidad\/?s={search_term_string}"},"query-input":{"@type":"PropertyValueSpecification","valueRequired":true,"valueName":"search_term_string"}}],"inLanguage":"es"},{"@type":"Organization","@id":"https:\/\/www.laguiadepamplona.com\/actualidad\/#organization","name":"La Gu\u00eda de Pamplona \/ Noticias","url":"https:\/\/www.laguiadepamplona.com\/actualidad\/","logo":{"@type":"ImageObject","inLanguage":"es","@id":"https:\/\/www.laguiadepamplona.com\/actualidad\/#\/schema\/logo\/image\/","url":"https:\/\/www.laguiadepamplona.com\/actualidad\/wp-content\/uploads\/2018\/11\/logo-laguiadepamplona18-web1.png","contentUrl":"https:\/\/www.laguiadepamplona.com\/actualidad\/wp-content\/uploads\/2018\/11\/logo-laguiadepamplona18-web1.png","width":600,"height":196,"caption":"La Gu\u00eda de Pamplona \/ Noticias"},"image":{"@id":"https:\/\/www.laguiadepamplona.com\/actualidad\/#\/schema\/logo\/image\/"},"sameAs":["https:\/\/www.facebook.com\/laguiadepamplonacom-133175176762273\/?ref=hl","https:\/\/x.com\/LaGuiadPamplona","https:\/\/www.instagram.com\/la_guia_de_pamplona\/","https:\/\/www.youtube.com\/user\/laguiadepamplona"]},{"@type":"Person","@id":"https:\/\/www.laguiadepamplona.com\/actualidad\/#\/schema\/person\/efe887376f0213d4657c93adc50b1fdb","name":"La Gu\u00eda de Pamplona","image":{"@type":"ImageObject","inLanguage":"es","@id":"https:\/\/secure.gravatar.com\/avatar\/b6992f131dc8d30ab0dff15446e9d346d9dbd95992de0fef795073f5ea83a81c?s=96&d=mm&r=g","url":"https:\/\/secure.gravatar.com\/avatar\/b6992f131dc8d30ab0dff15446e9d346d9dbd95992de0fef795073f5ea83a81c?s=96&d=mm&r=g","contentUrl":"https:\/\/secure.gravatar.com\/avatar\/b6992f131dc8d30ab0dff15446e9d346d9dbd95992de0fef795073f5ea83a81c?s=96&d=mm&r=g","caption":"La Gu\u00eda de Pamplona"}}]}},"post_mailing_queue_ids":[],"_links":{"self":[{"href":"https:\/\/www.laguiadepamplona.com\/actualidad\/wp-json\/wp\/v2\/posts\/2880","targetHints":{"allow":["GET"]}}],"collection":[{"href":"https:\/\/www.laguiadepamplona.com\/actualidad\/wp-json\/wp\/v2\/posts"}],"about":[{"href":"https:\/\/www.laguiadepamplona.com\/actualidad\/wp-json\/wp\/v2\/types\/post"}],"author":[{"embeddable":true,"href":"https:\/\/www.laguiadepamplona.com\/actualidad\/wp-json\/wp\/v2\/users\/1"}],"replies":[{"embeddable":true,"href":"https:\/\/www.laguiadepamplona.com\/actualidad\/wp-json\/wp\/v2\/comments?post=2880"}],"version-history":[{"count":0,"href":"https:\/\/www.laguiadepamplona.com\/actualidad\/wp-json\/wp\/v2\/posts\/2880\/revisions"}],"wp:featuredmedia":[{"embeddable":true,"href":"https:\/\/www.laguiadepamplona.com\/actualidad\/wp-json\/"}],"wp:attachment":[{"href":"https:\/\/www.laguiadepamplona.com\/actualidad\/wp-json\/wp\/v2\/media?parent=2880"}],"wp:term":[{"taxonomy":"category","embeddable":true,"href":"https:\/\/www.laguiadepamplona.com\/actualidad\/wp-json\/wp\/v2\/categories?post=2880"},{"taxonomy":"post_tag","embeddable":true,"href":"https:\/\/www.laguiadepamplona.com\/actualidad\/wp-json\/wp\/v2\/tags?post=2880"}],"curies":[{"name":"wp","href":"https:\/\/api.w.org\/{rel}","templated":true}]}}