{"id":2857,"date":"2014-08-28T10:42:39","date_gmt":"2014-08-28T10:42:39","guid":{"rendered":"http:\/\/laguiadepamplona.com\/actualidad\/?p=2857"},"modified":"2014-08-28T10:42:39","modified_gmt":"2014-08-28T10:42:39","slug":"la-cantautora-joana-serrat-protagoniza-manana-un-concierto-de-musica-folk-con-el-que-cierra-el-ciclo-estival-de-musica-independiente-de-ciudadela","status":"publish","type":"post","link":"https:\/\/www.laguiadepamplona.com\/actualidad\/la-cantautora-joana-serrat-protagoniza-manana-un-concierto-de-musica-folk-con-el-que-cierra-el-ciclo-estival-de-musica-independiente-de-ciudadela\/","title":{"rendered":"La cantautora Joana Serrat protagoniza ma\u00f1ana un concierto de m\u00fasica folk con el que cierra el ciclo estival de m\u00fasica independiente de Ciudadela"},"content":{"rendered":"<h4>El recital comenzar\u00e1 a las nueve de la noche en el escenario exterior de la Sala de Armas con entrada libre<\/h4>\n<p><a href=\"http:\/\/laguiadepamplona.com\/actualidad\/wp-content\/uploads\/2014\/08\/joana-serrat.jpg\"><img loading=\"lazy\" decoding=\"async\" class=\"alignleft size-medium wp-image-2858\" src=\"http:\/\/laguiadepamplona.com\/actualidad\/wp-content\/uploads\/2014\/08\/joana-serrat-300x199.jpg\" alt=\"joana serrat\" width=\"300\" height=\"199\" \/><\/a>Un concierto de la cantautora Joana Serrat cerrar\u00e1 ma\u00f1ana viernes el ciclo Alternativa indie, que se ha venido celebrando las noches de los viernes de agosto en el recinto de la Ciudadela. A partir de las nueve de la noche, la artista catalana presentar\u00e1 al p\u00fablico pamplon\u00e9s su m\u00fasica de estilo folk de ra\u00edces americanas, en un concierto de acceso gratuito.<\/p>\n<p>Joana Serrat comenz\u00f3 su carrera musical a principios de 2008 con la aparici\u00f3n de su primer disco \u2018Liffey\u2019, de corte intimista. Al a\u00f1o siguiente edit\u00f3 ella misma su siguiente trabajo, \u2018Hit the pavement\u2019, tras lo cual se alej\u00f3 unos a\u00f1os de los escenarios en un periodo de reflexi\u00f3n que desemboc\u00f3 en 2012 en su tercer disco, \u2018The Relief Sessions\u2019, en el que incorpora temas en catal\u00e1n y con el que le lleg\u00f3 el reconocimiento musical. Su \u00faltimo trabajo, \u2018Dear great canyon\u2019, es de 2014.<\/p>\n<p>Su m\u00fasica refleja su atracci\u00f3n desde ni\u00f1a por el folk y el rock de origen estadounidense, ya que creci\u00f3 entre canciones de Roy Orbison, Neil Young, Bruce Springsteen o Bob Dylan, entre otros. Este \u00faltimo cantante y compositor se convirti\u00f3 durante a\u00f1os en una gran referencia art\u00edstica para ella.<\/p>\n<p>El ciclo Alternativa indie, organizado por el Ayuntamiento de Pamplona a trav\u00e9s de la red Civivox y dentro del programa estival \u2018Ciudadelarte\u2019, ha tra\u00eddo al escenario al aire libre de la Sala de Armas durante el mes de agosto a los grupos Inocua, Joe la Reina y Wilhelm and the Dancing Animals.<\/p>\n<p>&nbsp;<\/p>\n<p><strong>conciertos alternativa indie<\/strong><\/p>\n<ul>\n<li><strong>Joana Serrat<\/strong><\/li>\n<li>Viernes 29 de agosto. 21 horas<\/li>\n<li>Ciudadela<\/li>\n<li>Entrada libre<\/li>\n<\/ul>\n<p>&nbsp;<\/p>\n","protected":false},"excerpt":{"rendered":"<p>El recital comenzar\u00e1 a las nueve de la noche en el escenario exterior de la Sala de Armas con entrada libre Un concierto de la cantautora Joana Serrat cerrar\u00e1 ma\u00f1ana&#8230;<\/p>\n","protected":false},"author":1,"featured_media":2858,"comment_status":"open","ping_status":"open","sticky":false,"template":"","format":"standard","meta":{"footnotes":""},"categories":[2],"tags":[5,2418,6,509,2419,42,1464,2420,1435,8,9],"class_list":["post-2857","post","type-post","status-publish","format-standard","has-post-thumbnail","hentry","category-ayuntamiento-pamplona","tag-actualidad","tag-alternativa-indie","tag-ayto-pamplona","tag-ayuntamiento-de-pamplona","tag-cantautora-joana-serrat","tag-ciudadela","tag-concierto","tag-independiente","tag-musica-folk","tag-noticias","tag-pamplona"],"yoast_head":"<!-- This site is optimized with the Yoast SEO plugin v27.3 - https:\/\/yoast.com\/product\/yoast-seo-wordpress\/ -->\n<title>La cantautora Joana Serrat protagoniza ma\u00f1ana un concierto de m\u00fasica folk con el que cierra el ciclo estival de m\u00fasica independiente de Ciudadela<\/title>\n<meta name=\"robots\" content=\"index, follow, max-snippet:-1, max-image-preview:large, max-video-preview:-1\" \/>\n<link rel=\"canonical\" href=\"https:\/\/www.laguiadepamplona.com\/actualidad\/la-cantautora-joana-serrat-protagoniza-manana-un-concierto-de-musica-folk-con-el-que-cierra-el-ciclo-estival-de-musica-independiente-de-ciudadela\/\" \/>\n<meta property=\"og:locale\" content=\"es_ES\" \/>\n<meta property=\"og:type\" content=\"article\" \/>\n<meta property=\"og:title\" content=\"La cantautora Joana Serrat protagoniza ma\u00f1ana un concierto de m\u00fasica folk con el que cierra el ciclo estival de m\u00fasica independiente de Ciudadela\" \/>\n<meta property=\"og:description\" content=\"El recital comenzar\u00e1 a las nueve de la noche en el escenario exterior de la Sala de Armas con entrada libre Un concierto de la cantautora Joana Serrat cerrar\u00e1 ma\u00f1ana...\" \/>\n<meta property=\"og:url\" content=\"https:\/\/www.laguiadepamplona.com\/actualidad\/la-cantautora-joana-serrat-protagoniza-manana-un-concierto-de-musica-folk-con-el-que-cierra-el-ciclo-estival-de-musica-independiente-de-ciudadela\/\" \/>\n<meta property=\"og:site_name\" content=\"La Gu\u00eda de Pamplona\" \/>\n<meta property=\"article:publisher\" content=\"https:\/\/www.facebook.com\/laguiadepamplonacom-133175176762273\/?ref=hl\" \/>\n<meta property=\"article:published_time\" content=\"2014-08-28T10:42:39+00:00\" \/>\n<meta name=\"author\" content=\"La Gu\u00eda de Pamplona\" \/>\n<meta name=\"twitter:card\" content=\"summary_large_image\" \/>\n<meta name=\"twitter:creator\" content=\"@LaGuiadPamplona\" \/>\n<meta name=\"twitter:site\" content=\"@LaGuiadPamplona\" \/>\n<meta name=\"twitter:label1\" content=\"Escrito por\" \/>\n\t<meta name=\"twitter:data1\" content=\"La Gu\u00eda de Pamplona\" \/>\n\t<meta name=\"twitter:label2\" content=\"Tiempo de lectura\" \/>\n\t<meta name=\"twitter:data2\" content=\"1 minuto\" \/>\n<script type=\"application\/ld+json\" class=\"yoast-schema-graph\">{\"@context\":\"https:\\\/\\\/schema.org\",\"@graph\":[{\"@type\":\"Article\",\"@id\":\"https:\\\/\\\/www.laguiadepamplona.com\\\/actualidad\\\/la-cantautora-joana-serrat-protagoniza-manana-un-concierto-de-musica-folk-con-el-que-cierra-el-ciclo-estival-de-musica-independiente-de-ciudadela\\\/#article\",\"isPartOf\":{\"@id\":\"https:\\\/\\\/www.laguiadepamplona.com\\\/actualidad\\\/la-cantautora-joana-serrat-protagoniza-manana-un-concierto-de-musica-folk-con-el-que-cierra-el-ciclo-estival-de-musica-independiente-de-ciudadela\\\/\"},\"author\":{\"name\":\"La Gu\u00eda de Pamplona\",\"@id\":\"https:\\\/\\\/www.laguiadepamplona.com\\\/actualidad\\\/#\\\/schema\\\/person\\\/efe887376f0213d4657c93adc50b1fdb\"},\"headline\":\"La cantautora Joana Serrat protagoniza ma\u00f1ana un concierto de m\u00fasica folk con el que cierra el ciclo estival de m\u00fasica independiente de Ciudadela\",\"datePublished\":\"2014-08-28T10:42:39+00:00\",\"mainEntityOfPage\":{\"@id\":\"https:\\\/\\\/www.laguiadepamplona.com\\\/actualidad\\\/la-cantautora-joana-serrat-protagoniza-manana-un-concierto-de-musica-folk-con-el-que-cierra-el-ciclo-estival-de-musica-independiente-de-ciudadela\\\/\"},\"wordCount\":321,\"commentCount\":0,\"publisher\":{\"@id\":\"https:\\\/\\\/www.laguiadepamplona.com\\\/actualidad\\\/#organization\"},\"image\":{\"@id\":\"https:\\\/\\\/www.laguiadepamplona.com\\\/actualidad\\\/la-cantautora-joana-serrat-protagoniza-manana-un-concierto-de-musica-folk-con-el-que-cierra-el-ciclo-estival-de-musica-independiente-de-ciudadela\\\/#primaryimage\"},\"thumbnailUrl\":\"\",\"keywords\":[\"actualidad\",\"alternativa indie\",\"ayto pamplona\",\"Ayuntamiento de Pamplona\",\"cantautora Joana Serrat\",\"ciudadela\",\"concierto\",\"independiente\",\"m\u00fasica folk\",\"noticias\",\"pamplona\"],\"articleSection\":[\"Ayto Pamplona\"],\"inLanguage\":\"es\",\"potentialAction\":[{\"@type\":\"CommentAction\",\"name\":\"Comment\",\"target\":[\"https:\\\/\\\/www.laguiadepamplona.com\\\/actualidad\\\/la-cantautora-joana-serrat-protagoniza-manana-un-concierto-de-musica-folk-con-el-que-cierra-el-ciclo-estival-de-musica-independiente-de-ciudadela\\\/#respond\"]}]},{\"@type\":\"WebPage\",\"@id\":\"https:\\\/\\\/www.laguiadepamplona.com\\\/actualidad\\\/la-cantautora-joana-serrat-protagoniza-manana-un-concierto-de-musica-folk-con-el-que-cierra-el-ciclo-estival-de-musica-independiente-de-ciudadela\\\/\",\"url\":\"https:\\\/\\\/www.laguiadepamplona.com\\\/actualidad\\\/la-cantautora-joana-serrat-protagoniza-manana-un-concierto-de-musica-folk-con-el-que-cierra-el-ciclo-estival-de-musica-independiente-de-ciudadela\\\/\",\"name\":\"La cantautora Joana Serrat protagoniza ma\u00f1ana un concierto de m\u00fasica folk con el que cierra el ciclo estival de m\u00fasica independiente de Ciudadela\",\"isPartOf\":{\"@id\":\"https:\\\/\\\/www.laguiadepamplona.com\\\/actualidad\\\/#website\"},\"primaryImageOfPage\":{\"@id\":\"https:\\\/\\\/www.laguiadepamplona.com\\\/actualidad\\\/la-cantautora-joana-serrat-protagoniza-manana-un-concierto-de-musica-folk-con-el-que-cierra-el-ciclo-estival-de-musica-independiente-de-ciudadela\\\/#primaryimage\"},\"image\":{\"@id\":\"https:\\\/\\\/www.laguiadepamplona.com\\\/actualidad\\\/la-cantautora-joana-serrat-protagoniza-manana-un-concierto-de-musica-folk-con-el-que-cierra-el-ciclo-estival-de-musica-independiente-de-ciudadela\\\/#primaryimage\"},\"thumbnailUrl\":\"\",\"datePublished\":\"2014-08-28T10:42:39+00:00\",\"breadcrumb\":{\"@id\":\"https:\\\/\\\/www.laguiadepamplona.com\\\/actualidad\\\/la-cantautora-joana-serrat-protagoniza-manana-un-concierto-de-musica-folk-con-el-que-cierra-el-ciclo-estival-de-musica-independiente-de-ciudadela\\\/#breadcrumb\"},\"inLanguage\":\"es\",\"potentialAction\":[{\"@type\":\"ReadAction\",\"target\":[\"https:\\\/\\\/www.laguiadepamplona.com\\\/actualidad\\\/la-cantautora-joana-serrat-protagoniza-manana-un-concierto-de-musica-folk-con-el-que-cierra-el-ciclo-estival-de-musica-independiente-de-ciudadela\\\/\"]}]},{\"@type\":\"ImageObject\",\"inLanguage\":\"es\",\"@id\":\"https:\\\/\\\/www.laguiadepamplona.com\\\/actualidad\\\/la-cantautora-joana-serrat-protagoniza-manana-un-concierto-de-musica-folk-con-el-que-cierra-el-ciclo-estival-de-musica-independiente-de-ciudadela\\\/#primaryimage\",\"url\":\"\",\"contentUrl\":\"\"},{\"@type\":\"BreadcrumbList\",\"@id\":\"https:\\\/\\\/www.laguiadepamplona.com\\\/actualidad\\\/la-cantautora-joana-serrat-protagoniza-manana-un-concierto-de-musica-folk-con-el-que-cierra-el-ciclo-estival-de-musica-independiente-de-ciudadela\\\/#breadcrumb\",\"itemListElement\":[{\"@type\":\"ListItem\",\"position\":1,\"name\":\"Portada\",\"item\":\"https:\\\/\\\/www.laguiadepamplona.com\\\/actualidad\\\/\"},{\"@type\":\"ListItem\",\"position\":2,\"name\":\"La cantautora Joana Serrat protagoniza ma\u00f1ana un concierto de m\u00fasica folk con el que cierra el ciclo estival de m\u00fasica independiente de Ciudadela\"}]},{\"@type\":\"WebSite\",\"@id\":\"https:\\\/\\\/www.laguiadepamplona.com\\\/actualidad\\\/#website\",\"url\":\"https:\\\/\\\/www.laguiadepamplona.com\\\/actualidad\\\/\",\"name\":\"La gu\u00eda de Pamplona\",\"description\":\"Noticias de Pamplona\",\"publisher\":{\"@id\":\"https:\\\/\\\/www.laguiadepamplona.com\\\/actualidad\\\/#organization\"},\"potentialAction\":[{\"@type\":\"SearchAction\",\"target\":{\"@type\":\"EntryPoint\",\"urlTemplate\":\"https:\\\/\\\/www.laguiadepamplona.com\\\/actualidad\\\/?s={search_term_string}\"},\"query-input\":{\"@type\":\"PropertyValueSpecification\",\"valueRequired\":true,\"valueName\":\"search_term_string\"}}],\"inLanguage\":\"es\"},{\"@type\":\"Organization\",\"@id\":\"https:\\\/\\\/www.laguiadepamplona.com\\\/actualidad\\\/#organization\",\"name\":\"La Gu\u00eda de Pamplona \\\/ Noticias\",\"url\":\"https:\\\/\\\/www.laguiadepamplona.com\\\/actualidad\\\/\",\"logo\":{\"@type\":\"ImageObject\",\"inLanguage\":\"es\",\"@id\":\"https:\\\/\\\/www.laguiadepamplona.com\\\/actualidad\\\/#\\\/schema\\\/logo\\\/image\\\/\",\"url\":\"https:\\\/\\\/www.laguiadepamplona.com\\\/actualidad\\\/wp-content\\\/uploads\\\/2018\\\/11\\\/logo-laguiadepamplona18-web1.png\",\"contentUrl\":\"https:\\\/\\\/www.laguiadepamplona.com\\\/actualidad\\\/wp-content\\\/uploads\\\/2018\\\/11\\\/logo-laguiadepamplona18-web1.png\",\"width\":600,\"height\":196,\"caption\":\"La Gu\u00eda de Pamplona \\\/ Noticias\"},\"image\":{\"@id\":\"https:\\\/\\\/www.laguiadepamplona.com\\\/actualidad\\\/#\\\/schema\\\/logo\\\/image\\\/\"},\"sameAs\":[\"https:\\\/\\\/www.facebook.com\\\/laguiadepamplonacom-133175176762273\\\/?ref=hl\",\"https:\\\/\\\/x.com\\\/LaGuiadPamplona\",\"https:\\\/\\\/www.instagram.com\\\/la_guia_de_pamplona\\\/\",\"https:\\\/\\\/www.youtube.com\\\/user\\\/laguiadepamplona\"]},{\"@type\":\"Person\",\"@id\":\"https:\\\/\\\/www.laguiadepamplona.com\\\/actualidad\\\/#\\\/schema\\\/person\\\/efe887376f0213d4657c93adc50b1fdb\",\"name\":\"La Gu\u00eda de Pamplona\",\"image\":{\"@type\":\"ImageObject\",\"inLanguage\":\"es\",\"@id\":\"https:\\\/\\\/secure.gravatar.com\\\/avatar\\\/b6992f131dc8d30ab0dff15446e9d346d9dbd95992de0fef795073f5ea83a81c?s=96&d=mm&r=g\",\"url\":\"https:\\\/\\\/secure.gravatar.com\\\/avatar\\\/b6992f131dc8d30ab0dff15446e9d346d9dbd95992de0fef795073f5ea83a81c?s=96&d=mm&r=g\",\"contentUrl\":\"https:\\\/\\\/secure.gravatar.com\\\/avatar\\\/b6992f131dc8d30ab0dff15446e9d346d9dbd95992de0fef795073f5ea83a81c?s=96&d=mm&r=g\",\"caption\":\"La Gu\u00eda de Pamplona\"}}]}<\/script>\n<!-- \/ Yoast SEO plugin. -->","yoast_head_json":{"title":"La cantautora Joana Serrat protagoniza ma\u00f1ana un concierto de m\u00fasica folk con el que cierra el ciclo estival de m\u00fasica independiente de Ciudadela","robots":{"index":"index","follow":"follow","max-snippet":"max-snippet:-1","max-image-preview":"max-image-preview:large","max-video-preview":"max-video-preview:-1"},"canonical":"https:\/\/www.laguiadepamplona.com\/actualidad\/la-cantautora-joana-serrat-protagoniza-manana-un-concierto-de-musica-folk-con-el-que-cierra-el-ciclo-estival-de-musica-independiente-de-ciudadela\/","og_locale":"es_ES","og_type":"article","og_title":"La cantautora Joana Serrat protagoniza ma\u00f1ana un concierto de m\u00fasica folk con el que cierra el ciclo estival de m\u00fasica independiente de Ciudadela","og_description":"El recital comenzar\u00e1 a las nueve de la noche en el escenario exterior de la Sala de Armas con entrada libre Un concierto de la cantautora Joana Serrat cerrar\u00e1 ma\u00f1ana...","og_url":"https:\/\/www.laguiadepamplona.com\/actualidad\/la-cantautora-joana-serrat-protagoniza-manana-un-concierto-de-musica-folk-con-el-que-cierra-el-ciclo-estival-de-musica-independiente-de-ciudadela\/","og_site_name":"La Gu\u00eda de Pamplona","article_publisher":"https:\/\/www.facebook.com\/laguiadepamplonacom-133175176762273\/?ref=hl","article_published_time":"2014-08-28T10:42:39+00:00","author":"La Gu\u00eda de Pamplona","twitter_card":"summary_large_image","twitter_creator":"@LaGuiadPamplona","twitter_site":"@LaGuiadPamplona","twitter_misc":{"Escrito por":"La Gu\u00eda de Pamplona","Tiempo de lectura":"1 minuto"},"schema":{"@context":"https:\/\/schema.org","@graph":[{"@type":"Article","@id":"https:\/\/www.laguiadepamplona.com\/actualidad\/la-cantautora-joana-serrat-protagoniza-manana-un-concierto-de-musica-folk-con-el-que-cierra-el-ciclo-estival-de-musica-independiente-de-ciudadela\/#article","isPartOf":{"@id":"https:\/\/www.laguiadepamplona.com\/actualidad\/la-cantautora-joana-serrat-protagoniza-manana-un-concierto-de-musica-folk-con-el-que-cierra-el-ciclo-estival-de-musica-independiente-de-ciudadela\/"},"author":{"name":"La Gu\u00eda de Pamplona","@id":"https:\/\/www.laguiadepamplona.com\/actualidad\/#\/schema\/person\/efe887376f0213d4657c93adc50b1fdb"},"headline":"La cantautora Joana Serrat protagoniza ma\u00f1ana un concierto de m\u00fasica folk con el que cierra el ciclo estival de m\u00fasica independiente de Ciudadela","datePublished":"2014-08-28T10:42:39+00:00","mainEntityOfPage":{"@id":"https:\/\/www.laguiadepamplona.com\/actualidad\/la-cantautora-joana-serrat-protagoniza-manana-un-concierto-de-musica-folk-con-el-que-cierra-el-ciclo-estival-de-musica-independiente-de-ciudadela\/"},"wordCount":321,"commentCount":0,"publisher":{"@id":"https:\/\/www.laguiadepamplona.com\/actualidad\/#organization"},"image":{"@id":"https:\/\/www.laguiadepamplona.com\/actualidad\/la-cantautora-joana-serrat-protagoniza-manana-un-concierto-de-musica-folk-con-el-que-cierra-el-ciclo-estival-de-musica-independiente-de-ciudadela\/#primaryimage"},"thumbnailUrl":"","keywords":["actualidad","alternativa indie","ayto pamplona","Ayuntamiento de Pamplona","cantautora Joana Serrat","ciudadela","concierto","independiente","m\u00fasica folk","noticias","pamplona"],"articleSection":["Ayto Pamplona"],"inLanguage":"es","potentialAction":[{"@type":"CommentAction","name":"Comment","target":["https:\/\/www.laguiadepamplona.com\/actualidad\/la-cantautora-joana-serrat-protagoniza-manana-un-concierto-de-musica-folk-con-el-que-cierra-el-ciclo-estival-de-musica-independiente-de-ciudadela\/#respond"]}]},{"@type":"WebPage","@id":"https:\/\/www.laguiadepamplona.com\/actualidad\/la-cantautora-joana-serrat-protagoniza-manana-un-concierto-de-musica-folk-con-el-que-cierra-el-ciclo-estival-de-musica-independiente-de-ciudadela\/","url":"https:\/\/www.laguiadepamplona.com\/actualidad\/la-cantautora-joana-serrat-protagoniza-manana-un-concierto-de-musica-folk-con-el-que-cierra-el-ciclo-estival-de-musica-independiente-de-ciudadela\/","name":"La cantautora Joana Serrat protagoniza ma\u00f1ana un concierto de m\u00fasica folk con el que cierra el ciclo estival de m\u00fasica independiente de Ciudadela","isPartOf":{"@id":"https:\/\/www.laguiadepamplona.com\/actualidad\/#website"},"primaryImageOfPage":{"@id":"https:\/\/www.laguiadepamplona.com\/actualidad\/la-cantautora-joana-serrat-protagoniza-manana-un-concierto-de-musica-folk-con-el-que-cierra-el-ciclo-estival-de-musica-independiente-de-ciudadela\/#primaryimage"},"image":{"@id":"https:\/\/www.laguiadepamplona.com\/actualidad\/la-cantautora-joana-serrat-protagoniza-manana-un-concierto-de-musica-folk-con-el-que-cierra-el-ciclo-estival-de-musica-independiente-de-ciudadela\/#primaryimage"},"thumbnailUrl":"","datePublished":"2014-08-28T10:42:39+00:00","breadcrumb":{"@id":"https:\/\/www.laguiadepamplona.com\/actualidad\/la-cantautora-joana-serrat-protagoniza-manana-un-concierto-de-musica-folk-con-el-que-cierra-el-ciclo-estival-de-musica-independiente-de-ciudadela\/#breadcrumb"},"inLanguage":"es","potentialAction":[{"@type":"ReadAction","target":["https:\/\/www.laguiadepamplona.com\/actualidad\/la-cantautora-joana-serrat-protagoniza-manana-un-concierto-de-musica-folk-con-el-que-cierra-el-ciclo-estival-de-musica-independiente-de-ciudadela\/"]}]},{"@type":"ImageObject","inLanguage":"es","@id":"https:\/\/www.laguiadepamplona.com\/actualidad\/la-cantautora-joana-serrat-protagoniza-manana-un-concierto-de-musica-folk-con-el-que-cierra-el-ciclo-estival-de-musica-independiente-de-ciudadela\/#primaryimage","url":"","contentUrl":""},{"@type":"BreadcrumbList","@id":"https:\/\/www.laguiadepamplona.com\/actualidad\/la-cantautora-joana-serrat-protagoniza-manana-un-concierto-de-musica-folk-con-el-que-cierra-el-ciclo-estival-de-musica-independiente-de-ciudadela\/#breadcrumb","itemListElement":[{"@type":"ListItem","position":1,"name":"Portada","item":"https:\/\/www.laguiadepamplona.com\/actualidad\/"},{"@type":"ListItem","position":2,"name":"La cantautora Joana Serrat protagoniza ma\u00f1ana un concierto de m\u00fasica folk con el que cierra el ciclo estival de m\u00fasica independiente de Ciudadela"}]},{"@type":"WebSite","@id":"https:\/\/www.laguiadepamplona.com\/actualidad\/#website","url":"https:\/\/www.laguiadepamplona.com\/actualidad\/","name":"La gu\u00eda de Pamplona","description":"Noticias de Pamplona","publisher":{"@id":"https:\/\/www.laguiadepamplona.com\/actualidad\/#organization"},"potentialAction":[{"@type":"SearchAction","target":{"@type":"EntryPoint","urlTemplate":"https:\/\/www.laguiadepamplona.com\/actualidad\/?s={search_term_string}"},"query-input":{"@type":"PropertyValueSpecification","valueRequired":true,"valueName":"search_term_string"}}],"inLanguage":"es"},{"@type":"Organization","@id":"https:\/\/www.laguiadepamplona.com\/actualidad\/#organization","name":"La Gu\u00eda de Pamplona \/ Noticias","url":"https:\/\/www.laguiadepamplona.com\/actualidad\/","logo":{"@type":"ImageObject","inLanguage":"es","@id":"https:\/\/www.laguiadepamplona.com\/actualidad\/#\/schema\/logo\/image\/","url":"https:\/\/www.laguiadepamplona.com\/actualidad\/wp-content\/uploads\/2018\/11\/logo-laguiadepamplona18-web1.png","contentUrl":"https:\/\/www.laguiadepamplona.com\/actualidad\/wp-content\/uploads\/2018\/11\/logo-laguiadepamplona18-web1.png","width":600,"height":196,"caption":"La Gu\u00eda de Pamplona \/ Noticias"},"image":{"@id":"https:\/\/www.laguiadepamplona.com\/actualidad\/#\/schema\/logo\/image\/"},"sameAs":["https:\/\/www.facebook.com\/laguiadepamplonacom-133175176762273\/?ref=hl","https:\/\/x.com\/LaGuiadPamplona","https:\/\/www.instagram.com\/la_guia_de_pamplona\/","https:\/\/www.youtube.com\/user\/laguiadepamplona"]},{"@type":"Person","@id":"https:\/\/www.laguiadepamplona.com\/actualidad\/#\/schema\/person\/efe887376f0213d4657c93adc50b1fdb","name":"La Gu\u00eda de Pamplona","image":{"@type":"ImageObject","inLanguage":"es","@id":"https:\/\/secure.gravatar.com\/avatar\/b6992f131dc8d30ab0dff15446e9d346d9dbd95992de0fef795073f5ea83a81c?s=96&d=mm&r=g","url":"https:\/\/secure.gravatar.com\/avatar\/b6992f131dc8d30ab0dff15446e9d346d9dbd95992de0fef795073f5ea83a81c?s=96&d=mm&r=g","contentUrl":"https:\/\/secure.gravatar.com\/avatar\/b6992f131dc8d30ab0dff15446e9d346d9dbd95992de0fef795073f5ea83a81c?s=96&d=mm&r=g","caption":"La Gu\u00eda de Pamplona"}}]}},"post_mailing_queue_ids":[],"_links":{"self":[{"href":"https:\/\/www.laguiadepamplona.com\/actualidad\/wp-json\/wp\/v2\/posts\/2857","targetHints":{"allow":["GET"]}}],"collection":[{"href":"https:\/\/www.laguiadepamplona.com\/actualidad\/wp-json\/wp\/v2\/posts"}],"about":[{"href":"https:\/\/www.laguiadepamplona.com\/actualidad\/wp-json\/wp\/v2\/types\/post"}],"author":[{"embeddable":true,"href":"https:\/\/www.laguiadepamplona.com\/actualidad\/wp-json\/wp\/v2\/users\/1"}],"replies":[{"embeddable":true,"href":"https:\/\/www.laguiadepamplona.com\/actualidad\/wp-json\/wp\/v2\/comments?post=2857"}],"version-history":[{"count":0,"href":"https:\/\/www.laguiadepamplona.com\/actualidad\/wp-json\/wp\/v2\/posts\/2857\/revisions"}],"wp:featuredmedia":[{"embeddable":true,"href":"https:\/\/www.laguiadepamplona.com\/actualidad\/wp-json\/"}],"wp:attachment":[{"href":"https:\/\/www.laguiadepamplona.com\/actualidad\/wp-json\/wp\/v2\/media?parent=2857"}],"wp:term":[{"taxonomy":"category","embeddable":true,"href":"https:\/\/www.laguiadepamplona.com\/actualidad\/wp-json\/wp\/v2\/categories?post=2857"},{"taxonomy":"post_tag","embeddable":true,"href":"https:\/\/www.laguiadepamplona.com\/actualidad\/wp-json\/wp\/v2\/tags?post=2857"}],"curies":[{"name":"wp","href":"https:\/\/api.w.org\/{rel}","templated":true}]}}