{"id":2847,"date":"2014-08-27T10:58:34","date_gmt":"2014-08-27T10:58:34","guid":{"rendered":"http:\/\/laguiadepamplona.com\/actualidad\/?p=2847"},"modified":"2014-08-27T10:58:34","modified_gmt":"2014-08-27T10:58:34","slug":"el-lunes-comienza-una-nueva-campana-de-arga-vivo-que-ofrecera-descensos-diarios-en-canoa-y-en-piragua-para-jovenes-hasta-el-31-de-octubre","status":"publish","type":"post","link":"https:\/\/www.laguiadepamplona.com\/actualidad\/el-lunes-comienza-una-nueva-campana-de-arga-vivo-que-ofrecera-descensos-diarios-en-canoa-y-en-piragua-para-jovenes-hasta-el-31-de-octubre\/","title":{"rendered":"El lunes comienza una nueva campa\u00f1a de \u2018Arga vivo\u2019 que ofrecer\u00e1 descensos diarios en canoa y en piragua para j\u00f3venes hasta el 31 de octubre"},"content":{"rendered":"<h4>Durante la campa\u00f1a de primavera de este a\u00f1o participaron 1.217 personas cuando el total del a\u00f1o pasado alcanz\u00f3 los 1.600 participantes<\/h4>\n<p class=\"Textonota\"><a href=\"http:\/\/laguiadepamplona.com\/actualidad\/wp-content\/uploads\/2014\/08\/arga_vivo_2.jpg\"><img loading=\"lazy\" decoding=\"async\" class=\"alignleft size-medium wp-image-2848\" src=\"http:\/\/laguiadepamplona.com\/actualidad\/wp-content\/uploads\/2014\/08\/arga_vivo_2-300x225.jpg\" alt=\"arga_vivo_2\" width=\"300\" height=\"225\" \/><\/a>El pr\u00f3ximo lunes, 1 de septiembre, comienza la campa\u00f1a de oto\u00f1o del programa \u2018Arga vivo\u2019 que ofrecer\u00e1 descensos en canoa y cursillos de pirag\u00fcismo hasta el 31 de octubre. Organizado por el Ayuntamiento de Pamplona, est\u00e1 dirigido a j\u00f3venes de 14 a 30 a\u00f1os y alcanza este a\u00f1o su vig\u00e9simo cuarta edici\u00f3n. Las salidas se realizan diariamente, de lunes a domingo, tanto en sesiones de ma\u00f1ana a las 10 como de tarde a partir de las 15.30 horas.<\/p>\n<p class=\"Textonota\">Durante la pasada campa\u00f1a de primavera, que se realiz\u00f3 del 28 de abril al 30 de junio, participaron en esta actividad 1.217<b> <\/b>personas repartidas en 60 grupos. De ellos, 32 estuvieron formados por escolares mientras que 28 eran de j\u00f3venes o de asociaciones juveniles. Esta cifra es superior a la del a\u00f1o pasado, que sum\u00f3 1.600 participantes entre primavera y oto\u00f1o.<\/p>\n<p class=\"ladillonota\"><strong>5,60 euros incluido el material<\/strong><\/p>\n<p class=\"Textonota\"><a href=\"http:\/\/laguiadepamplona.com\/actualidad\/wp-content\/uploads\/2014\/08\/arga_vivo_3.jpg\"><img loading=\"lazy\" decoding=\"async\" class=\"alignleft size-medium wp-image-2849\" src=\"http:\/\/laguiadepamplona.com\/actualidad\/wp-content\/uploads\/2014\/08\/arga_vivo_3-300x225.jpg\" alt=\"arga_vivo_3\" width=\"300\" height=\"225\" \/><\/a>Las inscripciones cuestan 5,60 euros e incluyen gu\u00eda, embarcaci\u00f3n, casco, chaleco, neopreno y seguro de asistencia. Los participantes, que tienen que saber nadar, deben acudir con ba\u00f1ador y calzado que se pueda mojar. Pueden apuntarse j\u00f3venes de 14 a 30 a\u00f1os individualmente o en grupos, formados, por ejemplo, por alumnos de 1\u00ba a 4\u00ba de la ESO y de 1\u00ba y 2\u00ba de Bachillerato, as\u00ed como de otras modalidades formativas como grados medios de formaci\u00f3n profesional o art\u00edstica. El grupo m\u00ednimo es de 4 personas.<\/p>\n<p class=\"Textonota\">Las reservas se pueden hacer en los tel\u00e9fonos de la empresa Nattura, encargada de los descensos, que son 948 131044 y 671 247596, de 10 a 14 horas por la ma\u00f1ana y de 17 a 19 horas por la tarde. Para m\u00e1s informaci\u00f3n se puede contactar con la direcci\u00f3n de correo electr\u00f3nico <a href=\"mailto:info@nattura.com\">info@nattura.com<\/a> o en la web <a href=\"http:\/\/www.nattura.com\/\">www.nattura.com<\/a>.<\/p>\n<p class=\"ladillonota\"><strong>Programa con aspectos deportivos y contenidos educativos<\/strong><\/p>\n<p class=\"Textonota\">Los participantes pueden elegir entre dos posibilidades, cada una de ellas de unas tres horas de duraci\u00f3n. Una son los recorridos en canoas biplaza por el tramo del r\u00edo Arga que va desde el parque de Larr\u00e1inzar, junto a Burlada, hasta el Club de Remo junto al puente de Curtidores en la Rochapea. La segunda opci\u00f3n ofrece cursos de iniciaci\u00f3n al pirag\u00fcismo para adquirir conocimientos b\u00e1sicos de esta t\u00e9cnica deportiva, tanto a nivel te\u00f3rico como pr\u00e1ctico.<\/p>\n<p class=\"Textonota\">El programa, adem\u00e1s de los aspectos deportivos, est\u00e1 dotado de contenidos educativos. As\u00ed, se inicia por una parte a los participantes en las t\u00e9cnicas b\u00e1sicas del manejo de la canoa y la piragua y por otra, se les imparten nociones sobre la historia de la ciudad, sobre la flora y fauna predominante en el r\u00edo, sobre el nuevo parque de Aranzadi o sobre las murallas.<\/p>\n<p class=\"Textonota\">\n","protected":false},"excerpt":{"rendered":"<p>Durante la campa\u00f1a de primavera de este a\u00f1o participaron 1.217 personas cuando el total del a\u00f1o pasado alcanz\u00f3 los 1.600 participantes El pr\u00f3ximo lunes, 1 de septiembre, comienza la campa\u00f1a&#8230;<\/p>\n","protected":false},"author":1,"featured_media":2848,"comment_status":"open","ping_status":"open","sticky":false,"template":"","format":"standard","meta":{"footnotes":""},"categories":[2],"tags":[5,541,6,509,1152,2413,2414,1093,8,9,2415],"class_list":["post-2847","post","type-post","status-publish","format-standard","has-post-thumbnail","hentry","category-ayuntamiento-pamplona","tag-actualidad","tag-arga-vivo","tag-ayto-pamplona","tag-ayuntamiento-de-pamplona","tag-campana","tag-canoa","tag-descensos","tag-jovenes","tag-noticias","tag-pamplona","tag-piragua"],"yoast_head":"<!-- This site is optimized with the Yoast SEO plugin v27.5 - https:\/\/yoast.com\/product\/yoast-seo-wordpress\/ -->\n<title>El lunes comienza una nueva campa\u00f1a de \u2018Arga vivo\u2019 que ofrecer\u00e1 descensos diarios en canoa y en piragua para j\u00f3venes hasta el 31 de octubre<\/title>\n<meta name=\"robots\" content=\"index, follow, max-snippet:-1, max-image-preview:large, max-video-preview:-1\" \/>\n<link rel=\"canonical\" href=\"https:\/\/www.laguiadepamplona.com\/actualidad\/el-lunes-comienza-una-nueva-campana-de-arga-vivo-que-ofrecera-descensos-diarios-en-canoa-y-en-piragua-para-jovenes-hasta-el-31-de-octubre\/\" \/>\n<meta property=\"og:locale\" content=\"es_ES\" \/>\n<meta property=\"og:type\" content=\"article\" \/>\n<meta property=\"og:title\" content=\"El lunes comienza una nueva campa\u00f1a de \u2018Arga vivo\u2019 que ofrecer\u00e1 descensos diarios en canoa y en piragua para j\u00f3venes hasta el 31 de octubre\" \/>\n<meta property=\"og:description\" content=\"Durante la campa\u00f1a de primavera de este a\u00f1o participaron 1.217 personas cuando el total del a\u00f1o pasado alcanz\u00f3 los 1.600 participantes El pr\u00f3ximo lunes, 1 de septiembre, comienza la campa\u00f1a...\" \/>\n<meta property=\"og:url\" content=\"https:\/\/www.laguiadepamplona.com\/actualidad\/el-lunes-comienza-una-nueva-campana-de-arga-vivo-que-ofrecera-descensos-diarios-en-canoa-y-en-piragua-para-jovenes-hasta-el-31-de-octubre\/\" \/>\n<meta property=\"og:site_name\" content=\"La Gu\u00eda de Pamplona\" \/>\n<meta property=\"article:publisher\" content=\"https:\/\/www.facebook.com\/laguiadepamplonacom-133175176762273\/?ref=hl\" \/>\n<meta property=\"article:published_time\" content=\"2014-08-27T10:58:34+00:00\" \/>\n<meta name=\"author\" content=\"La Gu\u00eda de Pamplona\" \/>\n<meta name=\"twitter:card\" content=\"summary_large_image\" \/>\n<meta name=\"twitter:creator\" content=\"@LaGuiadPamplona\" \/>\n<meta name=\"twitter:site\" content=\"@LaGuiadPamplona\" \/>\n<meta name=\"twitter:label1\" content=\"Escrito por\" \/>\n\t<meta name=\"twitter:data1\" content=\"La Gu\u00eda de Pamplona\" \/>\n\t<meta name=\"twitter:label2\" content=\"Tiempo de lectura\" \/>\n\t<meta name=\"twitter:data2\" content=\"2 minutos\" \/>\n<script type=\"application\/ld+json\" class=\"yoast-schema-graph\">{\"@context\":\"https:\\\/\\\/schema.org\",\"@graph\":[{\"@type\":\"Article\",\"@id\":\"https:\\\/\\\/www.laguiadepamplona.com\\\/actualidad\\\/el-lunes-comienza-una-nueva-campana-de-arga-vivo-que-ofrecera-descensos-diarios-en-canoa-y-en-piragua-para-jovenes-hasta-el-31-de-octubre\\\/#article\",\"isPartOf\":{\"@id\":\"https:\\\/\\\/www.laguiadepamplona.com\\\/actualidad\\\/el-lunes-comienza-una-nueva-campana-de-arga-vivo-que-ofrecera-descensos-diarios-en-canoa-y-en-piragua-para-jovenes-hasta-el-31-de-octubre\\\/\"},\"author\":{\"name\":\"La Gu\u00eda de Pamplona\",\"@id\":\"https:\\\/\\\/www.laguiadepamplona.com\\\/actualidad\\\/#\\\/schema\\\/person\\\/efe887376f0213d4657c93adc50b1fdb\"},\"headline\":\"El lunes comienza una nueva campa\u00f1a de \u2018Arga vivo\u2019 que ofrecer\u00e1 descensos diarios en canoa y en piragua para j\u00f3venes hasta el 31 de octubre\",\"datePublished\":\"2014-08-27T10:58:34+00:00\",\"mainEntityOfPage\":{\"@id\":\"https:\\\/\\\/www.laguiadepamplona.com\\\/actualidad\\\/el-lunes-comienza-una-nueva-campana-de-arga-vivo-que-ofrecera-descensos-diarios-en-canoa-y-en-piragua-para-jovenes-hasta-el-31-de-octubre\\\/\"},\"wordCount\":499,\"commentCount\":0,\"publisher\":{\"@id\":\"https:\\\/\\\/www.laguiadepamplona.com\\\/actualidad\\\/#organization\"},\"image\":{\"@id\":\"https:\\\/\\\/www.laguiadepamplona.com\\\/actualidad\\\/el-lunes-comienza-una-nueva-campana-de-arga-vivo-que-ofrecera-descensos-diarios-en-canoa-y-en-piragua-para-jovenes-hasta-el-31-de-octubre\\\/#primaryimage\"},\"thumbnailUrl\":\"\",\"keywords\":[\"actualidad\",\"arga vivo\",\"ayto pamplona\",\"Ayuntamiento de Pamplona\",\"campa\u00f1a\",\"canoa\",\"descensos\",\"j\u00f3venes\",\"noticias\",\"pamplona\",\"piragua\"],\"articleSection\":[\"Ayto Pamplona\"],\"inLanguage\":\"es\",\"potentialAction\":[{\"@type\":\"CommentAction\",\"name\":\"Comment\",\"target\":[\"https:\\\/\\\/www.laguiadepamplona.com\\\/actualidad\\\/el-lunes-comienza-una-nueva-campana-de-arga-vivo-que-ofrecera-descensos-diarios-en-canoa-y-en-piragua-para-jovenes-hasta-el-31-de-octubre\\\/#respond\"]}]},{\"@type\":\"WebPage\",\"@id\":\"https:\\\/\\\/www.laguiadepamplona.com\\\/actualidad\\\/el-lunes-comienza-una-nueva-campana-de-arga-vivo-que-ofrecera-descensos-diarios-en-canoa-y-en-piragua-para-jovenes-hasta-el-31-de-octubre\\\/\",\"url\":\"https:\\\/\\\/www.laguiadepamplona.com\\\/actualidad\\\/el-lunes-comienza-una-nueva-campana-de-arga-vivo-que-ofrecera-descensos-diarios-en-canoa-y-en-piragua-para-jovenes-hasta-el-31-de-octubre\\\/\",\"name\":\"El lunes comienza una nueva campa\u00f1a de \u2018Arga vivo\u2019 que ofrecer\u00e1 descensos diarios en canoa y en piragua para j\u00f3venes hasta el 31 de octubre\",\"isPartOf\":{\"@id\":\"https:\\\/\\\/www.laguiadepamplona.com\\\/actualidad\\\/#website\"},\"primaryImageOfPage\":{\"@id\":\"https:\\\/\\\/www.laguiadepamplona.com\\\/actualidad\\\/el-lunes-comienza-una-nueva-campana-de-arga-vivo-que-ofrecera-descensos-diarios-en-canoa-y-en-piragua-para-jovenes-hasta-el-31-de-octubre\\\/#primaryimage\"},\"image\":{\"@id\":\"https:\\\/\\\/www.laguiadepamplona.com\\\/actualidad\\\/el-lunes-comienza-una-nueva-campana-de-arga-vivo-que-ofrecera-descensos-diarios-en-canoa-y-en-piragua-para-jovenes-hasta-el-31-de-octubre\\\/#primaryimage\"},\"thumbnailUrl\":\"\",\"datePublished\":\"2014-08-27T10:58:34+00:00\",\"breadcrumb\":{\"@id\":\"https:\\\/\\\/www.laguiadepamplona.com\\\/actualidad\\\/el-lunes-comienza-una-nueva-campana-de-arga-vivo-que-ofrecera-descensos-diarios-en-canoa-y-en-piragua-para-jovenes-hasta-el-31-de-octubre\\\/#breadcrumb\"},\"inLanguage\":\"es\",\"potentialAction\":[{\"@type\":\"ReadAction\",\"target\":[\"https:\\\/\\\/www.laguiadepamplona.com\\\/actualidad\\\/el-lunes-comienza-una-nueva-campana-de-arga-vivo-que-ofrecera-descensos-diarios-en-canoa-y-en-piragua-para-jovenes-hasta-el-31-de-octubre\\\/\"]}]},{\"@type\":\"ImageObject\",\"inLanguage\":\"es\",\"@id\":\"https:\\\/\\\/www.laguiadepamplona.com\\\/actualidad\\\/el-lunes-comienza-una-nueva-campana-de-arga-vivo-que-ofrecera-descensos-diarios-en-canoa-y-en-piragua-para-jovenes-hasta-el-31-de-octubre\\\/#primaryimage\",\"url\":\"\",\"contentUrl\":\"\"},{\"@type\":\"BreadcrumbList\",\"@id\":\"https:\\\/\\\/www.laguiadepamplona.com\\\/actualidad\\\/el-lunes-comienza-una-nueva-campana-de-arga-vivo-que-ofrecera-descensos-diarios-en-canoa-y-en-piragua-para-jovenes-hasta-el-31-de-octubre\\\/#breadcrumb\",\"itemListElement\":[{\"@type\":\"ListItem\",\"position\":1,\"name\":\"Portada\",\"item\":\"https:\\\/\\\/www.laguiadepamplona.com\\\/actualidad\\\/\"},{\"@type\":\"ListItem\",\"position\":2,\"name\":\"El lunes comienza una nueva campa\u00f1a de \u2018Arga vivo\u2019 que ofrecer\u00e1 descensos diarios en canoa y en piragua para j\u00f3venes hasta el 31 de octubre\"}]},{\"@type\":\"WebSite\",\"@id\":\"https:\\\/\\\/www.laguiadepamplona.com\\\/actualidad\\\/#website\",\"url\":\"https:\\\/\\\/www.laguiadepamplona.com\\\/actualidad\\\/\",\"name\":\"La gu\u00eda de Pamplona\",\"description\":\"Noticias de Pamplona\",\"publisher\":{\"@id\":\"https:\\\/\\\/www.laguiadepamplona.com\\\/actualidad\\\/#organization\"},\"potentialAction\":[{\"@type\":\"SearchAction\",\"target\":{\"@type\":\"EntryPoint\",\"urlTemplate\":\"https:\\\/\\\/www.laguiadepamplona.com\\\/actualidad\\\/?s={search_term_string}\"},\"query-input\":{\"@type\":\"PropertyValueSpecification\",\"valueRequired\":true,\"valueName\":\"search_term_string\"}}],\"inLanguage\":\"es\"},{\"@type\":\"Organization\",\"@id\":\"https:\\\/\\\/www.laguiadepamplona.com\\\/actualidad\\\/#organization\",\"name\":\"La Gu\u00eda de Pamplona \\\/ Noticias\",\"url\":\"https:\\\/\\\/www.laguiadepamplona.com\\\/actualidad\\\/\",\"logo\":{\"@type\":\"ImageObject\",\"inLanguage\":\"es\",\"@id\":\"https:\\\/\\\/www.laguiadepamplona.com\\\/actualidad\\\/#\\\/schema\\\/logo\\\/image\\\/\",\"url\":\"https:\\\/\\\/www.laguiadepamplona.com\\\/actualidad\\\/wp-content\\\/uploads\\\/2018\\\/11\\\/logo-laguiadepamplona18-web1.png\",\"contentUrl\":\"https:\\\/\\\/www.laguiadepamplona.com\\\/actualidad\\\/wp-content\\\/uploads\\\/2018\\\/11\\\/logo-laguiadepamplona18-web1.png\",\"width\":600,\"height\":196,\"caption\":\"La Gu\u00eda de Pamplona \\\/ Noticias\"},\"image\":{\"@id\":\"https:\\\/\\\/www.laguiadepamplona.com\\\/actualidad\\\/#\\\/schema\\\/logo\\\/image\\\/\"},\"sameAs\":[\"https:\\\/\\\/www.facebook.com\\\/laguiadepamplonacom-133175176762273\\\/?ref=hl\",\"https:\\\/\\\/x.com\\\/LaGuiadPamplona\",\"https:\\\/\\\/www.instagram.com\\\/la_guia_de_pamplona\\\/\",\"https:\\\/\\\/www.youtube.com\\\/user\\\/laguiadepamplona\"]},{\"@type\":\"Person\",\"@id\":\"https:\\\/\\\/www.laguiadepamplona.com\\\/actualidad\\\/#\\\/schema\\\/person\\\/efe887376f0213d4657c93adc50b1fdb\",\"name\":\"La Gu\u00eda de Pamplona\",\"image\":{\"@type\":\"ImageObject\",\"inLanguage\":\"es\",\"@id\":\"https:\\\/\\\/secure.gravatar.com\\\/avatar\\\/b6992f131dc8d30ab0dff15446e9d346d9dbd95992de0fef795073f5ea83a81c?s=96&d=mm&r=g\",\"url\":\"https:\\\/\\\/secure.gravatar.com\\\/avatar\\\/b6992f131dc8d30ab0dff15446e9d346d9dbd95992de0fef795073f5ea83a81c?s=96&d=mm&r=g\",\"contentUrl\":\"https:\\\/\\\/secure.gravatar.com\\\/avatar\\\/b6992f131dc8d30ab0dff15446e9d346d9dbd95992de0fef795073f5ea83a81c?s=96&d=mm&r=g\",\"caption\":\"La Gu\u00eda de Pamplona\"}}]}<\/script>\n<!-- \/ Yoast SEO plugin. -->","yoast_head_json":{"title":"El lunes comienza una nueva campa\u00f1a de \u2018Arga vivo\u2019 que ofrecer\u00e1 descensos diarios en canoa y en piragua para j\u00f3venes hasta el 31 de octubre","robots":{"index":"index","follow":"follow","max-snippet":"max-snippet:-1","max-image-preview":"max-image-preview:large","max-video-preview":"max-video-preview:-1"},"canonical":"https:\/\/www.laguiadepamplona.com\/actualidad\/el-lunes-comienza-una-nueva-campana-de-arga-vivo-que-ofrecera-descensos-diarios-en-canoa-y-en-piragua-para-jovenes-hasta-el-31-de-octubre\/","og_locale":"es_ES","og_type":"article","og_title":"El lunes comienza una nueva campa\u00f1a de \u2018Arga vivo\u2019 que ofrecer\u00e1 descensos diarios en canoa y en piragua para j\u00f3venes hasta el 31 de octubre","og_description":"Durante la campa\u00f1a de primavera de este a\u00f1o participaron 1.217 personas cuando el total del a\u00f1o pasado alcanz\u00f3 los 1.600 participantes El pr\u00f3ximo lunes, 1 de septiembre, comienza la campa\u00f1a...","og_url":"https:\/\/www.laguiadepamplona.com\/actualidad\/el-lunes-comienza-una-nueva-campana-de-arga-vivo-que-ofrecera-descensos-diarios-en-canoa-y-en-piragua-para-jovenes-hasta-el-31-de-octubre\/","og_site_name":"La Gu\u00eda de Pamplona","article_publisher":"https:\/\/www.facebook.com\/laguiadepamplonacom-133175176762273\/?ref=hl","article_published_time":"2014-08-27T10:58:34+00:00","author":"La Gu\u00eda de Pamplona","twitter_card":"summary_large_image","twitter_creator":"@LaGuiadPamplona","twitter_site":"@LaGuiadPamplona","twitter_misc":{"Escrito por":"La Gu\u00eda de Pamplona","Tiempo de lectura":"2 minutos"},"schema":{"@context":"https:\/\/schema.org","@graph":[{"@type":"Article","@id":"https:\/\/www.laguiadepamplona.com\/actualidad\/el-lunes-comienza-una-nueva-campana-de-arga-vivo-que-ofrecera-descensos-diarios-en-canoa-y-en-piragua-para-jovenes-hasta-el-31-de-octubre\/#article","isPartOf":{"@id":"https:\/\/www.laguiadepamplona.com\/actualidad\/el-lunes-comienza-una-nueva-campana-de-arga-vivo-que-ofrecera-descensos-diarios-en-canoa-y-en-piragua-para-jovenes-hasta-el-31-de-octubre\/"},"author":{"name":"La Gu\u00eda de Pamplona","@id":"https:\/\/www.laguiadepamplona.com\/actualidad\/#\/schema\/person\/efe887376f0213d4657c93adc50b1fdb"},"headline":"El lunes comienza una nueva campa\u00f1a de \u2018Arga vivo\u2019 que ofrecer\u00e1 descensos diarios en canoa y en piragua para j\u00f3venes hasta el 31 de octubre","datePublished":"2014-08-27T10:58:34+00:00","mainEntityOfPage":{"@id":"https:\/\/www.laguiadepamplona.com\/actualidad\/el-lunes-comienza-una-nueva-campana-de-arga-vivo-que-ofrecera-descensos-diarios-en-canoa-y-en-piragua-para-jovenes-hasta-el-31-de-octubre\/"},"wordCount":499,"commentCount":0,"publisher":{"@id":"https:\/\/www.laguiadepamplona.com\/actualidad\/#organization"},"image":{"@id":"https:\/\/www.laguiadepamplona.com\/actualidad\/el-lunes-comienza-una-nueva-campana-de-arga-vivo-que-ofrecera-descensos-diarios-en-canoa-y-en-piragua-para-jovenes-hasta-el-31-de-octubre\/#primaryimage"},"thumbnailUrl":"","keywords":["actualidad","arga vivo","ayto pamplona","Ayuntamiento de Pamplona","campa\u00f1a","canoa","descensos","j\u00f3venes","noticias","pamplona","piragua"],"articleSection":["Ayto Pamplona"],"inLanguage":"es","potentialAction":[{"@type":"CommentAction","name":"Comment","target":["https:\/\/www.laguiadepamplona.com\/actualidad\/el-lunes-comienza-una-nueva-campana-de-arga-vivo-que-ofrecera-descensos-diarios-en-canoa-y-en-piragua-para-jovenes-hasta-el-31-de-octubre\/#respond"]}]},{"@type":"WebPage","@id":"https:\/\/www.laguiadepamplona.com\/actualidad\/el-lunes-comienza-una-nueva-campana-de-arga-vivo-que-ofrecera-descensos-diarios-en-canoa-y-en-piragua-para-jovenes-hasta-el-31-de-octubre\/","url":"https:\/\/www.laguiadepamplona.com\/actualidad\/el-lunes-comienza-una-nueva-campana-de-arga-vivo-que-ofrecera-descensos-diarios-en-canoa-y-en-piragua-para-jovenes-hasta-el-31-de-octubre\/","name":"El lunes comienza una nueva campa\u00f1a de \u2018Arga vivo\u2019 que ofrecer\u00e1 descensos diarios en canoa y en piragua para j\u00f3venes hasta el 31 de octubre","isPartOf":{"@id":"https:\/\/www.laguiadepamplona.com\/actualidad\/#website"},"primaryImageOfPage":{"@id":"https:\/\/www.laguiadepamplona.com\/actualidad\/el-lunes-comienza-una-nueva-campana-de-arga-vivo-que-ofrecera-descensos-diarios-en-canoa-y-en-piragua-para-jovenes-hasta-el-31-de-octubre\/#primaryimage"},"image":{"@id":"https:\/\/www.laguiadepamplona.com\/actualidad\/el-lunes-comienza-una-nueva-campana-de-arga-vivo-que-ofrecera-descensos-diarios-en-canoa-y-en-piragua-para-jovenes-hasta-el-31-de-octubre\/#primaryimage"},"thumbnailUrl":"","datePublished":"2014-08-27T10:58:34+00:00","breadcrumb":{"@id":"https:\/\/www.laguiadepamplona.com\/actualidad\/el-lunes-comienza-una-nueva-campana-de-arga-vivo-que-ofrecera-descensos-diarios-en-canoa-y-en-piragua-para-jovenes-hasta-el-31-de-octubre\/#breadcrumb"},"inLanguage":"es","potentialAction":[{"@type":"ReadAction","target":["https:\/\/www.laguiadepamplona.com\/actualidad\/el-lunes-comienza-una-nueva-campana-de-arga-vivo-que-ofrecera-descensos-diarios-en-canoa-y-en-piragua-para-jovenes-hasta-el-31-de-octubre\/"]}]},{"@type":"ImageObject","inLanguage":"es","@id":"https:\/\/www.laguiadepamplona.com\/actualidad\/el-lunes-comienza-una-nueva-campana-de-arga-vivo-que-ofrecera-descensos-diarios-en-canoa-y-en-piragua-para-jovenes-hasta-el-31-de-octubre\/#primaryimage","url":"","contentUrl":""},{"@type":"BreadcrumbList","@id":"https:\/\/www.laguiadepamplona.com\/actualidad\/el-lunes-comienza-una-nueva-campana-de-arga-vivo-que-ofrecera-descensos-diarios-en-canoa-y-en-piragua-para-jovenes-hasta-el-31-de-octubre\/#breadcrumb","itemListElement":[{"@type":"ListItem","position":1,"name":"Portada","item":"https:\/\/www.laguiadepamplona.com\/actualidad\/"},{"@type":"ListItem","position":2,"name":"El lunes comienza una nueva campa\u00f1a de \u2018Arga vivo\u2019 que ofrecer\u00e1 descensos diarios en canoa y en piragua para j\u00f3venes hasta el 31 de octubre"}]},{"@type":"WebSite","@id":"https:\/\/www.laguiadepamplona.com\/actualidad\/#website","url":"https:\/\/www.laguiadepamplona.com\/actualidad\/","name":"La gu\u00eda de Pamplona","description":"Noticias de Pamplona","publisher":{"@id":"https:\/\/www.laguiadepamplona.com\/actualidad\/#organization"},"potentialAction":[{"@type":"SearchAction","target":{"@type":"EntryPoint","urlTemplate":"https:\/\/www.laguiadepamplona.com\/actualidad\/?s={search_term_string}"},"query-input":{"@type":"PropertyValueSpecification","valueRequired":true,"valueName":"search_term_string"}}],"inLanguage":"es"},{"@type":"Organization","@id":"https:\/\/www.laguiadepamplona.com\/actualidad\/#organization","name":"La Gu\u00eda de Pamplona \/ Noticias","url":"https:\/\/www.laguiadepamplona.com\/actualidad\/","logo":{"@type":"ImageObject","inLanguage":"es","@id":"https:\/\/www.laguiadepamplona.com\/actualidad\/#\/schema\/logo\/image\/","url":"https:\/\/www.laguiadepamplona.com\/actualidad\/wp-content\/uploads\/2018\/11\/logo-laguiadepamplona18-web1.png","contentUrl":"https:\/\/www.laguiadepamplona.com\/actualidad\/wp-content\/uploads\/2018\/11\/logo-laguiadepamplona18-web1.png","width":600,"height":196,"caption":"La Gu\u00eda de Pamplona \/ Noticias"},"image":{"@id":"https:\/\/www.laguiadepamplona.com\/actualidad\/#\/schema\/logo\/image\/"},"sameAs":["https:\/\/www.facebook.com\/laguiadepamplonacom-133175176762273\/?ref=hl","https:\/\/x.com\/LaGuiadPamplona","https:\/\/www.instagram.com\/la_guia_de_pamplona\/","https:\/\/www.youtube.com\/user\/laguiadepamplona"]},{"@type":"Person","@id":"https:\/\/www.laguiadepamplona.com\/actualidad\/#\/schema\/person\/efe887376f0213d4657c93adc50b1fdb","name":"La Gu\u00eda de Pamplona","image":{"@type":"ImageObject","inLanguage":"es","@id":"https:\/\/secure.gravatar.com\/avatar\/b6992f131dc8d30ab0dff15446e9d346d9dbd95992de0fef795073f5ea83a81c?s=96&d=mm&r=g","url":"https:\/\/secure.gravatar.com\/avatar\/b6992f131dc8d30ab0dff15446e9d346d9dbd95992de0fef795073f5ea83a81c?s=96&d=mm&r=g","contentUrl":"https:\/\/secure.gravatar.com\/avatar\/b6992f131dc8d30ab0dff15446e9d346d9dbd95992de0fef795073f5ea83a81c?s=96&d=mm&r=g","caption":"La Gu\u00eda de Pamplona"}}]}},"post_mailing_queue_ids":[],"_links":{"self":[{"href":"https:\/\/www.laguiadepamplona.com\/actualidad\/wp-json\/wp\/v2\/posts\/2847","targetHints":{"allow":["GET"]}}],"collection":[{"href":"https:\/\/www.laguiadepamplona.com\/actualidad\/wp-json\/wp\/v2\/posts"}],"about":[{"href":"https:\/\/www.laguiadepamplona.com\/actualidad\/wp-json\/wp\/v2\/types\/post"}],"author":[{"embeddable":true,"href":"https:\/\/www.laguiadepamplona.com\/actualidad\/wp-json\/wp\/v2\/users\/1"}],"replies":[{"embeddable":true,"href":"https:\/\/www.laguiadepamplona.com\/actualidad\/wp-json\/wp\/v2\/comments?post=2847"}],"version-history":[{"count":0,"href":"https:\/\/www.laguiadepamplona.com\/actualidad\/wp-json\/wp\/v2\/posts\/2847\/revisions"}],"wp:featuredmedia":[{"embeddable":true,"href":"https:\/\/www.laguiadepamplona.com\/actualidad\/wp-json\/"}],"wp:attachment":[{"href":"https:\/\/www.laguiadepamplona.com\/actualidad\/wp-json\/wp\/v2\/media?parent=2847"}],"wp:term":[{"taxonomy":"category","embeddable":true,"href":"https:\/\/www.laguiadepamplona.com\/actualidad\/wp-json\/wp\/v2\/categories?post=2847"},{"taxonomy":"post_tag","embeddable":true,"href":"https:\/\/www.laguiadepamplona.com\/actualidad\/wp-json\/wp\/v2\/tags?post=2847"}],"curies":[{"name":"wp","href":"https:\/\/api.w.org\/{rel}","templated":true}]}}