{"id":2820,"date":"2014-08-25T11:46:45","date_gmt":"2014-08-25T11:46:45","guid":{"rendered":"http:\/\/laguiadepamplona.com\/actualidad\/?p=2820"},"modified":"2014-08-25T11:46:45","modified_gmt":"2014-08-25T11:46:45","slug":"paranojazz-cierra-manana-en-ciudadela-el-ciclo-veraniego-de-jazz-con-un-espectaculo-basado-en-bandas-sonoras-de-peliculas","status":"publish","type":"post","link":"https:\/\/www.laguiadepamplona.com\/actualidad\/paranojazz-cierra-manana-en-ciudadela-el-ciclo-veraniego-de-jazz-con-un-espectaculo-basado-en-bandas-sonoras-de-peliculas\/","title":{"rendered":"Paranojazz cierra ma\u00f1ana en Ciudadela el ciclo veraniego de jazz con un espect\u00e1culo basado en bandas sonoras de pel\u00edculas"},"content":{"rendered":"<h4>El concierto \u2018Cinema Jazz\u2019 tendr\u00e1 lugar en el escenario exterior de la Sala de Armas a partir de las ocho de la tarde<\/h4>\n<p><a href=\"http:\/\/laguiadepamplona.com\/actualidad\/wp-content\/uploads\/2014\/08\/paranojazz_start.jpg\"><img loading=\"lazy\" decoding=\"async\" class=\"alignleft size-medium wp-image-2821\" src=\"http:\/\/laguiadepamplona.com\/actualidad\/wp-content\/uploads\/2014\/08\/paranojazz_start-300x200.jpg\" alt=\"paranojazz_start\" width=\"300\" height=\"200\" \/><\/a>El grupo Paranojazz protagonizar\u00e1 ma\u00f1ana el \u00faltimo concierto del ciclo de jazz que ha acogido la Ciudadela durante todos los martes del mes de agosto. A partir de las ocho de la tarde, presentar\u00e1n en el escenario exterior de la Sala de Armas \u2018Cinema Jazz\u2019, un espect\u00e1culo basado en m\u00fasica de pel\u00edculas que estar\u00e1 interpretado por \u00cd\u00f1igo Porto con la arm\u00f3nica y Diego Belzunegui al piano. El acceso es libre.<\/p>\n<p>El concierto de ma\u00f1ana supone una revisi\u00f3n de la gran relaci\u00f3n que han mantenido el s\u00e9ptimo arte y el jazz desde principios del siglo XX, y es que numerosos standards del jazz son temas que pertenecen a pel\u00edculas de la \u00e9poca dorada de Hollywood. El repertorio plantear\u00e1 piezas de dos tipos: por un lado, m\u00fasica de cine realizada expresamente para determinados filmes y compuesta por m\u00fasicos del jazz; por otro, temas de bandas sonoras a los que se les ha hecho una revisi\u00f3n jazz\u00edstica.<\/p>\n<p>El recital cuenta con una puesta en escena in\u00e9dita y con la originalidad de unir la arm\u00f3nica y el piano como instrumentos mel\u00f3dicos, sin dejar de lado la improvisaci\u00f3n, la principal se\u00f1a de identidad de este g\u00e9nero musical.<\/p>\n<p>Paranojazz naci\u00f3 en Bara\u00f1\u00e1in a comienzos del a\u00f1o 2000, y sus componentes ofrecen en sus espect\u00e1culos temas propios y versiones, siempre desde la \u00f3ptica del jazz. Diego Belzunegui estudi\u00f3 piano en Pamplona y el Pa\u00eds Vasco, obteniendo la licenciatura en Grado Superior de M\u00fasica, especialidad de Piano Jazz, por el Conservatorio Superior de M\u00fasica del Pa\u00eds Vasco Musikene en el 2009. Ha tocado en festivales espa\u00f1oles de jazz como el de San Sebasti\u00e1n 2005, Ezcaray 2006 o Munillas 2005, y ha colaborado en grabaciones de varios discos. \u00cd\u00f1igo Porto, multiinstrumentista autodidacta, toca la tuba, la concertina, el bandone\u00f3n, el bajo el\u00e9ctrico y la arm\u00f3nica, y participa habitualmente en numerosas actividades musicales formativas y te\u00f3ricas. Ha formado parte de los grupos Embretango, Keltiar Aldea, Arm\u00f3nica LeWhisky o Zorongo, entre otros, y ha participado en diversas grabaciones con la arm\u00f3nica como m\u00fasico invitado.<\/p>\n<p>Este ciclo de jazz se incluye dentro de las actividades del programa de verano organizado por el Ayuntamiento de Pamplona \u2018Ciudadelarte\u2019, y ha contado a lo largo del mes de agosto con la actuaci\u00f3n de los grupos Jorge Abad\u00edas and I\u00f1aki Rodr\u00edguez Quartet, Alberto Arteta Group y Tommy Caggiani Therion Project.<\/p>\n<p>&nbsp;<\/p>\n<p><strong>ciclo de jazz &#8211; ciudadela<\/strong><\/p>\n<ul>\n<li><strong>\u2018Afternoon in Paris\u2019. Paranojazz<\/strong><\/li>\n<li>Int\u00e9rpretes:\u00cd\u00f1igo Porto (arm\u00f3nica) y Diego Belzunegui (piano)<\/li>\n<li>Martes 26 de agosto. 20 horas<\/li>\n<li>Entrada libre<\/li>\n<\/ul>\n<p>&nbsp;<\/p>\n","protected":false},"excerpt":{"rendered":"<p>El concierto \u2018Cinema Jazz\u2019 tendr\u00e1 lugar en el escenario exterior de la Sala de Armas a partir de las ocho de la tarde El grupo Paranojazz protagonizar\u00e1 ma\u00f1ana el \u00faltimo&#8230;<\/p>\n","protected":false},"author":1,"featured_media":2821,"comment_status":"open","ping_status":"open","sticky":false,"template":"","format":"standard","meta":{"footnotes":""},"categories":[2],"tags":[5,6,509,2389,2390,42,8,9,2391],"class_list":["post-2820","post","type-post","status-publish","format-standard","has-post-thumbnail","hentry","category-ayuntamiento-pamplona","tag-actualidad","tag-ayto-pamplona","tag-ayuntamiento-de-pamplona","tag-bandas-sonoras","tag-ciclo-jazz","tag-ciudadela","tag-noticias","tag-pamplona","tag-paranojazz"],"yoast_head":"<!-- This site is optimized with the Yoast SEO plugin v27.5 - https:\/\/yoast.com\/product\/yoast-seo-wordpress\/ -->\n<title>Paranojazz cierra ma\u00f1ana en Ciudadela el ciclo veraniego de jazz con un espect\u00e1culo basado en bandas sonoras de pel\u00edculas<\/title>\n<meta name=\"robots\" content=\"index, follow, max-snippet:-1, max-image-preview:large, max-video-preview:-1\" \/>\n<link rel=\"canonical\" href=\"https:\/\/www.laguiadepamplona.com\/actualidad\/paranojazz-cierra-manana-en-ciudadela-el-ciclo-veraniego-de-jazz-con-un-espectaculo-basado-en-bandas-sonoras-de-peliculas\/\" \/>\n<meta property=\"og:locale\" content=\"es_ES\" \/>\n<meta property=\"og:type\" content=\"article\" \/>\n<meta property=\"og:title\" content=\"Paranojazz cierra ma\u00f1ana en Ciudadela el ciclo veraniego de jazz con un espect\u00e1culo basado en bandas sonoras de pel\u00edculas\" \/>\n<meta property=\"og:description\" content=\"El concierto \u2018Cinema Jazz\u2019 tendr\u00e1 lugar en el escenario exterior de la Sala de Armas a partir de las ocho de la tarde El grupo Paranojazz protagonizar\u00e1 ma\u00f1ana el \u00faltimo...\" \/>\n<meta property=\"og:url\" content=\"https:\/\/www.laguiadepamplona.com\/actualidad\/paranojazz-cierra-manana-en-ciudadela-el-ciclo-veraniego-de-jazz-con-un-espectaculo-basado-en-bandas-sonoras-de-peliculas\/\" \/>\n<meta property=\"og:site_name\" content=\"La Gu\u00eda de Pamplona\" \/>\n<meta property=\"article:publisher\" content=\"https:\/\/www.facebook.com\/laguiadepamplonacom-133175176762273\/?ref=hl\" \/>\n<meta property=\"article:published_time\" content=\"2014-08-25T11:46:45+00:00\" \/>\n<meta name=\"author\" content=\"La Gu\u00eda de Pamplona\" \/>\n<meta name=\"twitter:card\" content=\"summary_large_image\" \/>\n<meta name=\"twitter:creator\" content=\"@LaGuiadPamplona\" \/>\n<meta name=\"twitter:site\" content=\"@LaGuiadPamplona\" \/>\n<meta name=\"twitter:label1\" content=\"Escrito por\" \/>\n\t<meta name=\"twitter:data1\" content=\"La Gu\u00eda de Pamplona\" \/>\n\t<meta name=\"twitter:label2\" content=\"Tiempo de lectura\" \/>\n\t<meta name=\"twitter:data2\" content=\"2 minutos\" \/>\n<script type=\"application\/ld+json\" class=\"yoast-schema-graph\">{\"@context\":\"https:\\\/\\\/schema.org\",\"@graph\":[{\"@type\":\"Article\",\"@id\":\"https:\\\/\\\/www.laguiadepamplona.com\\\/actualidad\\\/paranojazz-cierra-manana-en-ciudadela-el-ciclo-veraniego-de-jazz-con-un-espectaculo-basado-en-bandas-sonoras-de-peliculas\\\/#article\",\"isPartOf\":{\"@id\":\"https:\\\/\\\/www.laguiadepamplona.com\\\/actualidad\\\/paranojazz-cierra-manana-en-ciudadela-el-ciclo-veraniego-de-jazz-con-un-espectaculo-basado-en-bandas-sonoras-de-peliculas\\\/\"},\"author\":{\"name\":\"La Gu\u00eda de Pamplona\",\"@id\":\"https:\\\/\\\/www.laguiadepamplona.com\\\/actualidad\\\/#\\\/schema\\\/person\\\/efe887376f0213d4657c93adc50b1fdb\"},\"headline\":\"Paranojazz cierra ma\u00f1ana en Ciudadela el ciclo veraniego de jazz con un espect\u00e1culo basado en bandas sonoras de pel\u00edculas\",\"datePublished\":\"2014-08-25T11:46:45+00:00\",\"mainEntityOfPage\":{\"@id\":\"https:\\\/\\\/www.laguiadepamplona.com\\\/actualidad\\\/paranojazz-cierra-manana-en-ciudadela-el-ciclo-veraniego-de-jazz-con-un-espectaculo-basado-en-bandas-sonoras-de-peliculas\\\/\"},\"wordCount\":492,\"commentCount\":0,\"publisher\":{\"@id\":\"https:\\\/\\\/www.laguiadepamplona.com\\\/actualidad\\\/#organization\"},\"image\":{\"@id\":\"https:\\\/\\\/www.laguiadepamplona.com\\\/actualidad\\\/paranojazz-cierra-manana-en-ciudadela-el-ciclo-veraniego-de-jazz-con-un-espectaculo-basado-en-bandas-sonoras-de-peliculas\\\/#primaryimage\"},\"thumbnailUrl\":\"\",\"keywords\":[\"actualidad\",\"ayto pamplona\",\"Ayuntamiento de Pamplona\",\"bandas sonoras\",\"ciclo jazz\",\"ciudadela\",\"noticias\",\"pamplona\",\"Paranojazz\"],\"articleSection\":[\"Ayto Pamplona\"],\"inLanguage\":\"es\",\"potentialAction\":[{\"@type\":\"CommentAction\",\"name\":\"Comment\",\"target\":[\"https:\\\/\\\/www.laguiadepamplona.com\\\/actualidad\\\/paranojazz-cierra-manana-en-ciudadela-el-ciclo-veraniego-de-jazz-con-un-espectaculo-basado-en-bandas-sonoras-de-peliculas\\\/#respond\"]}]},{\"@type\":\"WebPage\",\"@id\":\"https:\\\/\\\/www.laguiadepamplona.com\\\/actualidad\\\/paranojazz-cierra-manana-en-ciudadela-el-ciclo-veraniego-de-jazz-con-un-espectaculo-basado-en-bandas-sonoras-de-peliculas\\\/\",\"url\":\"https:\\\/\\\/www.laguiadepamplona.com\\\/actualidad\\\/paranojazz-cierra-manana-en-ciudadela-el-ciclo-veraniego-de-jazz-con-un-espectaculo-basado-en-bandas-sonoras-de-peliculas\\\/\",\"name\":\"Paranojazz cierra ma\u00f1ana en Ciudadela el ciclo veraniego de jazz con un espect\u00e1culo basado en bandas sonoras de pel\u00edculas\",\"isPartOf\":{\"@id\":\"https:\\\/\\\/www.laguiadepamplona.com\\\/actualidad\\\/#website\"},\"primaryImageOfPage\":{\"@id\":\"https:\\\/\\\/www.laguiadepamplona.com\\\/actualidad\\\/paranojazz-cierra-manana-en-ciudadela-el-ciclo-veraniego-de-jazz-con-un-espectaculo-basado-en-bandas-sonoras-de-peliculas\\\/#primaryimage\"},\"image\":{\"@id\":\"https:\\\/\\\/www.laguiadepamplona.com\\\/actualidad\\\/paranojazz-cierra-manana-en-ciudadela-el-ciclo-veraniego-de-jazz-con-un-espectaculo-basado-en-bandas-sonoras-de-peliculas\\\/#primaryimage\"},\"thumbnailUrl\":\"\",\"datePublished\":\"2014-08-25T11:46:45+00:00\",\"breadcrumb\":{\"@id\":\"https:\\\/\\\/www.laguiadepamplona.com\\\/actualidad\\\/paranojazz-cierra-manana-en-ciudadela-el-ciclo-veraniego-de-jazz-con-un-espectaculo-basado-en-bandas-sonoras-de-peliculas\\\/#breadcrumb\"},\"inLanguage\":\"es\",\"potentialAction\":[{\"@type\":\"ReadAction\",\"target\":[\"https:\\\/\\\/www.laguiadepamplona.com\\\/actualidad\\\/paranojazz-cierra-manana-en-ciudadela-el-ciclo-veraniego-de-jazz-con-un-espectaculo-basado-en-bandas-sonoras-de-peliculas\\\/\"]}]},{\"@type\":\"ImageObject\",\"inLanguage\":\"es\",\"@id\":\"https:\\\/\\\/www.laguiadepamplona.com\\\/actualidad\\\/paranojazz-cierra-manana-en-ciudadela-el-ciclo-veraniego-de-jazz-con-un-espectaculo-basado-en-bandas-sonoras-de-peliculas\\\/#primaryimage\",\"url\":\"\",\"contentUrl\":\"\"},{\"@type\":\"BreadcrumbList\",\"@id\":\"https:\\\/\\\/www.laguiadepamplona.com\\\/actualidad\\\/paranojazz-cierra-manana-en-ciudadela-el-ciclo-veraniego-de-jazz-con-un-espectaculo-basado-en-bandas-sonoras-de-peliculas\\\/#breadcrumb\",\"itemListElement\":[{\"@type\":\"ListItem\",\"position\":1,\"name\":\"Portada\",\"item\":\"https:\\\/\\\/www.laguiadepamplona.com\\\/actualidad\\\/\"},{\"@type\":\"ListItem\",\"position\":2,\"name\":\"Paranojazz cierra ma\u00f1ana en Ciudadela el ciclo veraniego de jazz con un espect\u00e1culo basado en bandas sonoras de pel\u00edculas\"}]},{\"@type\":\"WebSite\",\"@id\":\"https:\\\/\\\/www.laguiadepamplona.com\\\/actualidad\\\/#website\",\"url\":\"https:\\\/\\\/www.laguiadepamplona.com\\\/actualidad\\\/\",\"name\":\"La gu\u00eda de Pamplona\",\"description\":\"Noticias de Pamplona\",\"publisher\":{\"@id\":\"https:\\\/\\\/www.laguiadepamplona.com\\\/actualidad\\\/#organization\"},\"potentialAction\":[{\"@type\":\"SearchAction\",\"target\":{\"@type\":\"EntryPoint\",\"urlTemplate\":\"https:\\\/\\\/www.laguiadepamplona.com\\\/actualidad\\\/?s={search_term_string}\"},\"query-input\":{\"@type\":\"PropertyValueSpecification\",\"valueRequired\":true,\"valueName\":\"search_term_string\"}}],\"inLanguage\":\"es\"},{\"@type\":\"Organization\",\"@id\":\"https:\\\/\\\/www.laguiadepamplona.com\\\/actualidad\\\/#organization\",\"name\":\"La Gu\u00eda de Pamplona \\\/ Noticias\",\"url\":\"https:\\\/\\\/www.laguiadepamplona.com\\\/actualidad\\\/\",\"logo\":{\"@type\":\"ImageObject\",\"inLanguage\":\"es\",\"@id\":\"https:\\\/\\\/www.laguiadepamplona.com\\\/actualidad\\\/#\\\/schema\\\/logo\\\/image\\\/\",\"url\":\"https:\\\/\\\/www.laguiadepamplona.com\\\/actualidad\\\/wp-content\\\/uploads\\\/2018\\\/11\\\/logo-laguiadepamplona18-web1.png\",\"contentUrl\":\"https:\\\/\\\/www.laguiadepamplona.com\\\/actualidad\\\/wp-content\\\/uploads\\\/2018\\\/11\\\/logo-laguiadepamplona18-web1.png\",\"width\":600,\"height\":196,\"caption\":\"La Gu\u00eda de Pamplona \\\/ Noticias\"},\"image\":{\"@id\":\"https:\\\/\\\/www.laguiadepamplona.com\\\/actualidad\\\/#\\\/schema\\\/logo\\\/image\\\/\"},\"sameAs\":[\"https:\\\/\\\/www.facebook.com\\\/laguiadepamplonacom-133175176762273\\\/?ref=hl\",\"https:\\\/\\\/x.com\\\/LaGuiadPamplona\",\"https:\\\/\\\/www.instagram.com\\\/la_guia_de_pamplona\\\/\",\"https:\\\/\\\/www.youtube.com\\\/user\\\/laguiadepamplona\"]},{\"@type\":\"Person\",\"@id\":\"https:\\\/\\\/www.laguiadepamplona.com\\\/actualidad\\\/#\\\/schema\\\/person\\\/efe887376f0213d4657c93adc50b1fdb\",\"name\":\"La Gu\u00eda de Pamplona\",\"image\":{\"@type\":\"ImageObject\",\"inLanguage\":\"es\",\"@id\":\"https:\\\/\\\/secure.gravatar.com\\\/avatar\\\/b6992f131dc8d30ab0dff15446e9d346d9dbd95992de0fef795073f5ea83a81c?s=96&d=mm&r=g\",\"url\":\"https:\\\/\\\/secure.gravatar.com\\\/avatar\\\/b6992f131dc8d30ab0dff15446e9d346d9dbd95992de0fef795073f5ea83a81c?s=96&d=mm&r=g\",\"contentUrl\":\"https:\\\/\\\/secure.gravatar.com\\\/avatar\\\/b6992f131dc8d30ab0dff15446e9d346d9dbd95992de0fef795073f5ea83a81c?s=96&d=mm&r=g\",\"caption\":\"La Gu\u00eda de Pamplona\"}}]}<\/script>\n<!-- \/ Yoast SEO plugin. -->","yoast_head_json":{"title":"Paranojazz cierra ma\u00f1ana en Ciudadela el ciclo veraniego de jazz con un espect\u00e1culo basado en bandas sonoras de pel\u00edculas","robots":{"index":"index","follow":"follow","max-snippet":"max-snippet:-1","max-image-preview":"max-image-preview:large","max-video-preview":"max-video-preview:-1"},"canonical":"https:\/\/www.laguiadepamplona.com\/actualidad\/paranojazz-cierra-manana-en-ciudadela-el-ciclo-veraniego-de-jazz-con-un-espectaculo-basado-en-bandas-sonoras-de-peliculas\/","og_locale":"es_ES","og_type":"article","og_title":"Paranojazz cierra ma\u00f1ana en Ciudadela el ciclo veraniego de jazz con un espect\u00e1culo basado en bandas sonoras de pel\u00edculas","og_description":"El concierto \u2018Cinema Jazz\u2019 tendr\u00e1 lugar en el escenario exterior de la Sala de Armas a partir de las ocho de la tarde El grupo Paranojazz protagonizar\u00e1 ma\u00f1ana el \u00faltimo...","og_url":"https:\/\/www.laguiadepamplona.com\/actualidad\/paranojazz-cierra-manana-en-ciudadela-el-ciclo-veraniego-de-jazz-con-un-espectaculo-basado-en-bandas-sonoras-de-peliculas\/","og_site_name":"La Gu\u00eda de Pamplona","article_publisher":"https:\/\/www.facebook.com\/laguiadepamplonacom-133175176762273\/?ref=hl","article_published_time":"2014-08-25T11:46:45+00:00","author":"La Gu\u00eda de Pamplona","twitter_card":"summary_large_image","twitter_creator":"@LaGuiadPamplona","twitter_site":"@LaGuiadPamplona","twitter_misc":{"Escrito por":"La Gu\u00eda de Pamplona","Tiempo de lectura":"2 minutos"},"schema":{"@context":"https:\/\/schema.org","@graph":[{"@type":"Article","@id":"https:\/\/www.laguiadepamplona.com\/actualidad\/paranojazz-cierra-manana-en-ciudadela-el-ciclo-veraniego-de-jazz-con-un-espectaculo-basado-en-bandas-sonoras-de-peliculas\/#article","isPartOf":{"@id":"https:\/\/www.laguiadepamplona.com\/actualidad\/paranojazz-cierra-manana-en-ciudadela-el-ciclo-veraniego-de-jazz-con-un-espectaculo-basado-en-bandas-sonoras-de-peliculas\/"},"author":{"name":"La Gu\u00eda de Pamplona","@id":"https:\/\/www.laguiadepamplona.com\/actualidad\/#\/schema\/person\/efe887376f0213d4657c93adc50b1fdb"},"headline":"Paranojazz cierra ma\u00f1ana en Ciudadela el ciclo veraniego de jazz con un espect\u00e1culo basado en bandas sonoras de pel\u00edculas","datePublished":"2014-08-25T11:46:45+00:00","mainEntityOfPage":{"@id":"https:\/\/www.laguiadepamplona.com\/actualidad\/paranojazz-cierra-manana-en-ciudadela-el-ciclo-veraniego-de-jazz-con-un-espectaculo-basado-en-bandas-sonoras-de-peliculas\/"},"wordCount":492,"commentCount":0,"publisher":{"@id":"https:\/\/www.laguiadepamplona.com\/actualidad\/#organization"},"image":{"@id":"https:\/\/www.laguiadepamplona.com\/actualidad\/paranojazz-cierra-manana-en-ciudadela-el-ciclo-veraniego-de-jazz-con-un-espectaculo-basado-en-bandas-sonoras-de-peliculas\/#primaryimage"},"thumbnailUrl":"","keywords":["actualidad","ayto pamplona","Ayuntamiento de Pamplona","bandas sonoras","ciclo jazz","ciudadela","noticias","pamplona","Paranojazz"],"articleSection":["Ayto Pamplona"],"inLanguage":"es","potentialAction":[{"@type":"CommentAction","name":"Comment","target":["https:\/\/www.laguiadepamplona.com\/actualidad\/paranojazz-cierra-manana-en-ciudadela-el-ciclo-veraniego-de-jazz-con-un-espectaculo-basado-en-bandas-sonoras-de-peliculas\/#respond"]}]},{"@type":"WebPage","@id":"https:\/\/www.laguiadepamplona.com\/actualidad\/paranojazz-cierra-manana-en-ciudadela-el-ciclo-veraniego-de-jazz-con-un-espectaculo-basado-en-bandas-sonoras-de-peliculas\/","url":"https:\/\/www.laguiadepamplona.com\/actualidad\/paranojazz-cierra-manana-en-ciudadela-el-ciclo-veraniego-de-jazz-con-un-espectaculo-basado-en-bandas-sonoras-de-peliculas\/","name":"Paranojazz cierra ma\u00f1ana en Ciudadela el ciclo veraniego de jazz con un espect\u00e1culo basado en bandas sonoras de pel\u00edculas","isPartOf":{"@id":"https:\/\/www.laguiadepamplona.com\/actualidad\/#website"},"primaryImageOfPage":{"@id":"https:\/\/www.laguiadepamplona.com\/actualidad\/paranojazz-cierra-manana-en-ciudadela-el-ciclo-veraniego-de-jazz-con-un-espectaculo-basado-en-bandas-sonoras-de-peliculas\/#primaryimage"},"image":{"@id":"https:\/\/www.laguiadepamplona.com\/actualidad\/paranojazz-cierra-manana-en-ciudadela-el-ciclo-veraniego-de-jazz-con-un-espectaculo-basado-en-bandas-sonoras-de-peliculas\/#primaryimage"},"thumbnailUrl":"","datePublished":"2014-08-25T11:46:45+00:00","breadcrumb":{"@id":"https:\/\/www.laguiadepamplona.com\/actualidad\/paranojazz-cierra-manana-en-ciudadela-el-ciclo-veraniego-de-jazz-con-un-espectaculo-basado-en-bandas-sonoras-de-peliculas\/#breadcrumb"},"inLanguage":"es","potentialAction":[{"@type":"ReadAction","target":["https:\/\/www.laguiadepamplona.com\/actualidad\/paranojazz-cierra-manana-en-ciudadela-el-ciclo-veraniego-de-jazz-con-un-espectaculo-basado-en-bandas-sonoras-de-peliculas\/"]}]},{"@type":"ImageObject","inLanguage":"es","@id":"https:\/\/www.laguiadepamplona.com\/actualidad\/paranojazz-cierra-manana-en-ciudadela-el-ciclo-veraniego-de-jazz-con-un-espectaculo-basado-en-bandas-sonoras-de-peliculas\/#primaryimage","url":"","contentUrl":""},{"@type":"BreadcrumbList","@id":"https:\/\/www.laguiadepamplona.com\/actualidad\/paranojazz-cierra-manana-en-ciudadela-el-ciclo-veraniego-de-jazz-con-un-espectaculo-basado-en-bandas-sonoras-de-peliculas\/#breadcrumb","itemListElement":[{"@type":"ListItem","position":1,"name":"Portada","item":"https:\/\/www.laguiadepamplona.com\/actualidad\/"},{"@type":"ListItem","position":2,"name":"Paranojazz cierra ma\u00f1ana en Ciudadela el ciclo veraniego de jazz con un espect\u00e1culo basado en bandas sonoras de pel\u00edculas"}]},{"@type":"WebSite","@id":"https:\/\/www.laguiadepamplona.com\/actualidad\/#website","url":"https:\/\/www.laguiadepamplona.com\/actualidad\/","name":"La gu\u00eda de Pamplona","description":"Noticias de Pamplona","publisher":{"@id":"https:\/\/www.laguiadepamplona.com\/actualidad\/#organization"},"potentialAction":[{"@type":"SearchAction","target":{"@type":"EntryPoint","urlTemplate":"https:\/\/www.laguiadepamplona.com\/actualidad\/?s={search_term_string}"},"query-input":{"@type":"PropertyValueSpecification","valueRequired":true,"valueName":"search_term_string"}}],"inLanguage":"es"},{"@type":"Organization","@id":"https:\/\/www.laguiadepamplona.com\/actualidad\/#organization","name":"La Gu\u00eda de Pamplona \/ Noticias","url":"https:\/\/www.laguiadepamplona.com\/actualidad\/","logo":{"@type":"ImageObject","inLanguage":"es","@id":"https:\/\/www.laguiadepamplona.com\/actualidad\/#\/schema\/logo\/image\/","url":"https:\/\/www.laguiadepamplona.com\/actualidad\/wp-content\/uploads\/2018\/11\/logo-laguiadepamplona18-web1.png","contentUrl":"https:\/\/www.laguiadepamplona.com\/actualidad\/wp-content\/uploads\/2018\/11\/logo-laguiadepamplona18-web1.png","width":600,"height":196,"caption":"La Gu\u00eda de Pamplona \/ Noticias"},"image":{"@id":"https:\/\/www.laguiadepamplona.com\/actualidad\/#\/schema\/logo\/image\/"},"sameAs":["https:\/\/www.facebook.com\/laguiadepamplonacom-133175176762273\/?ref=hl","https:\/\/x.com\/LaGuiadPamplona","https:\/\/www.instagram.com\/la_guia_de_pamplona\/","https:\/\/www.youtube.com\/user\/laguiadepamplona"]},{"@type":"Person","@id":"https:\/\/www.laguiadepamplona.com\/actualidad\/#\/schema\/person\/efe887376f0213d4657c93adc50b1fdb","name":"La Gu\u00eda de Pamplona","image":{"@type":"ImageObject","inLanguage":"es","@id":"https:\/\/secure.gravatar.com\/avatar\/b6992f131dc8d30ab0dff15446e9d346d9dbd95992de0fef795073f5ea83a81c?s=96&d=mm&r=g","url":"https:\/\/secure.gravatar.com\/avatar\/b6992f131dc8d30ab0dff15446e9d346d9dbd95992de0fef795073f5ea83a81c?s=96&d=mm&r=g","contentUrl":"https:\/\/secure.gravatar.com\/avatar\/b6992f131dc8d30ab0dff15446e9d346d9dbd95992de0fef795073f5ea83a81c?s=96&d=mm&r=g","caption":"La Gu\u00eda de Pamplona"}}]}},"post_mailing_queue_ids":[],"_links":{"self":[{"href":"https:\/\/www.laguiadepamplona.com\/actualidad\/wp-json\/wp\/v2\/posts\/2820","targetHints":{"allow":["GET"]}}],"collection":[{"href":"https:\/\/www.laguiadepamplona.com\/actualidad\/wp-json\/wp\/v2\/posts"}],"about":[{"href":"https:\/\/www.laguiadepamplona.com\/actualidad\/wp-json\/wp\/v2\/types\/post"}],"author":[{"embeddable":true,"href":"https:\/\/www.laguiadepamplona.com\/actualidad\/wp-json\/wp\/v2\/users\/1"}],"replies":[{"embeddable":true,"href":"https:\/\/www.laguiadepamplona.com\/actualidad\/wp-json\/wp\/v2\/comments?post=2820"}],"version-history":[{"count":0,"href":"https:\/\/www.laguiadepamplona.com\/actualidad\/wp-json\/wp\/v2\/posts\/2820\/revisions"}],"wp:featuredmedia":[{"embeddable":true,"href":"https:\/\/www.laguiadepamplona.com\/actualidad\/wp-json\/"}],"wp:attachment":[{"href":"https:\/\/www.laguiadepamplona.com\/actualidad\/wp-json\/wp\/v2\/media?parent=2820"}],"wp:term":[{"taxonomy":"category","embeddable":true,"href":"https:\/\/www.laguiadepamplona.com\/actualidad\/wp-json\/wp\/v2\/categories?post=2820"},{"taxonomy":"post_tag","embeddable":true,"href":"https:\/\/www.laguiadepamplona.com\/actualidad\/wp-json\/wp\/v2\/tags?post=2820"}],"curies":[{"name":"wp","href":"https:\/\/api.w.org\/{rel}","templated":true}]}}