{"id":2797,"date":"2014-08-22T11:26:10","date_gmt":"2014-08-22T11:26:10","guid":{"rendered":"http:\/\/laguiadepamplona.com\/actualidad\/?p=2797"},"modified":"2014-08-22T11:26:10","modified_gmt":"2014-08-22T11:26:10","slug":"el-ayuntamiento-convoca-por-primera-vez-ayudas-para-la-redaccion-de-anteproyectos-de-rehabilitacion-en-casco-antiguo-y-zonas-vulnerables-especificas","status":"publish","type":"post","link":"https:\/\/www.laguiadepamplona.com\/actualidad\/el-ayuntamiento-convoca-por-primera-vez-ayudas-para-la-redaccion-de-anteproyectos-de-rehabilitacion-en-casco-antiguo-y-zonas-vulnerables-especificas\/","title":{"rendered":"El Ayuntamiento convoca por primera vez ayudas para la redacci\u00f3n de anteproyectos de rehabilitaci\u00f3n en Casco Antiguo y zonas vulnerables espec\u00edficas"},"content":{"rendered":"<h4>Fuera del Casco Antiguo la convocatoria incluye edificios de zonas de <a name=\"OLE_LINK1\"><\/a>Soto Lezkairu, Grupo Urdanoz, Grupo Oscoz y Santa Engracia<\/h4>\n<p class=\"Textonota\"><a href=\"http:\/\/laguiadepamplona.com\/actualidad\/wp-content\/uploads\/2014\/08\/ambito_casco_antiguo_zonas_vulnerables-1.jpg\"><img loading=\"lazy\" decoding=\"async\" class=\"alignleft size-medium wp-image-2810\" src=\"http:\/\/laguiadepamplona.com\/actualidad\/wp-content\/uploads\/2014\/08\/ambito_casco_antiguo_zonas_vulnerables-1-300x219.jpg\" alt=\"Microsoft Word - delimitaci\u00f3n\" width=\"300\" height=\"219\" \/><\/a>El Ayuntamiento de Pamplona ha publicado por primera vez una convocatoria de ayudas para la redacci\u00f3n de anteproyectos de rehabilitaci\u00f3n de edificios en Casco Antiguo y zonas vulnerables de Pamplona durante 2014. Se entienden por zonas vulnerables algunas calles de Soto Lezkairu, Grupo Urdanoz, Grupo Oscoz y Santa Engracia que aparecen delimitadas en la convocatoria publicada hoy en el Bolet\u00edn Oficial de Navarra n\u00famero 164.<\/p>\n<p class=\"Textonota\">La convocatoria est\u00e1 dotada con una presupuesto de 100.000 euros y su objetivo es apoyar a las comunidades de propietarios de las zonas mencionadas que quieran realizar proyectos de rehabilitaci\u00f3n en sus edificios, ayud\u00e1ndoles a centrar las propuestas que posteriormente presentar\u00e1n en la convocatoria de ayudas para la realizaci\u00f3n de las obras de rehabilitaci\u00f3n. Gracias a esta convocatoria los vecinos podr\u00e1n realizar estudios que les permitan conocer el estado de conservaci\u00f3n de su edificio, el alcance de la actuaci\u00f3n que deben realizar, la previsi\u00f3n presupuestaria y la posibilidad de realizar obras que permitan la obtenci\u00f3n de ayudas a la rehabilitaci\u00f3n. Entre las ayudas a las que pueden optar posteriormente se encuentran, por ejemplo, las dirigidas a la rehabilitaci\u00f3n integral de edificios en el Casco Antiguo y los Ensanches y a las que el Ayuntamiento de Pamplona destina este a\u00f1o 3.224.365 euros.<\/p>\n<p class=\"ladillonota\"><strong>Resoluci\u00f3n de expedientes por orden de presentaci\u00f3n<\/strong><\/p>\n<p class=\"Textonota\">Las solicitudes se podr\u00e1n presentar en cualquiera de los registros del Ayuntamiento de Pamplona, (calle Mayor, n\u00famero 2, planta baja &#8211; Palacio del Condestable) o por cualquiera de los medios previstos en la Ley de R\u00e9gimen Jur\u00eddico y del Procedimiento Administrativo Com\u00fan. El plazo de presentaci\u00f3n es de tres meses desde la publicaci\u00f3n en el BON y los expedientes ser\u00e1n tramitados y resueltos seg\u00fan el orden de entrada de los mismos y mientras exista presupuesto para atenderlos.<\/p>\n<p class=\"Textonota\">Entre la documentaci\u00f3n que deben presentar las comunidades de vecinos se encuentra la memoria con la descripci\u00f3n del proyecto que deber\u00e1 recoger, al menos, las necesidades de adecuaci\u00f3n estructural, funcional y est\u00e9tica del edificio; las necesidades de adecuaci\u00f3n urban\u00edstica del edificio; la propuesta de actuaci\u00f3n de rehabilitaci\u00f3n; la justificaci\u00f3n del cumplimiento de la normativa urban\u00edstica y el avance del presupuesto y desglose del mismo. En el caso de las zonas vulnerables y en grupos de edificios que precisen intervenci\u00f3n de car\u00e1cter unitario, el \u00e1mbito del anteproyecto vendr\u00e1 delimitado por las exigencias de los servicios t\u00e9cnicos municipales, pudiendo afectar a varios edificios.<\/p>\n<p class=\"Textonota\">El pago de las ayudas se realizar\u00e1, previa justificaci\u00f3n, el 75% del importe de las facturas efectivamente pagadas sin exceder de 600 euros por vivienda en un mes desde la aprobaci\u00f3n del anteproyecto por el Ayuntamiento y el 25% restante tras la presentaci\u00f3n del proyecto de rehabilitaci\u00f3n del edificio si se realiza en el plazo de dos meses desde la fecha de aprobaci\u00f3n del anteproyecto.<\/p>\n<h2 class=\"Textonota\"><a href=\"http:\/\/laguiadepamplona.com\/actualidad\/wp-content\/uploads\/2014\/08\/ambito_casco_antiguo_zonas_vulnerables.pdf\">ambito_casco_antiguo_zonas_vulnerables.pdf<\/a><\/h2>\n","protected":false},"excerpt":{"rendered":"<p>Fuera del Casco Antiguo la convocatoria incluye edificios de zonas de Soto Lezkairu, Grupo Urdanoz, Grupo Oscoz y Santa Engracia El Ayuntamiento de Pamplona ha publicado por primera vez una&#8230;<\/p>\n","protected":false},"author":1,"featured_media":2810,"comment_status":"open","ping_status":"open","sticky":false,"template":"","format":"standard","meta":{"footnotes":""},"categories":[2],"tags":[5,6,477,509,955,8,9,778,2373],"class_list":["post-2797","post","type-post","status-publish","format-standard","has-post-thumbnail","hentry","category-ayuntamiento-pamplona","tag-actualidad","tag-ayto-pamplona","tag-ayudas","tag-ayuntamiento-de-pamplona","tag-casco-antiguo","tag-noticias","tag-pamplona","tag-rehabilitacion","tag-zonas-vulnerables"],"yoast_head":"<!-- This site is optimized with the Yoast SEO plugin v27.5 - https:\/\/yoast.com\/product\/yoast-seo-wordpress\/ -->\n<title>El Ayuntamiento convoca por primera vez ayudas para la redacci\u00f3n de anteproyectos de rehabilitaci\u00f3n en Casco Antiguo y zonas vulnerables espec\u00edficas<\/title>\n<meta name=\"robots\" content=\"index, follow, max-snippet:-1, max-image-preview:large, max-video-preview:-1\" \/>\n<link rel=\"canonical\" href=\"https:\/\/www.laguiadepamplona.com\/actualidad\/el-ayuntamiento-convoca-por-primera-vez-ayudas-para-la-redaccion-de-anteproyectos-de-rehabilitacion-en-casco-antiguo-y-zonas-vulnerables-especificas\/\" \/>\n<meta property=\"og:locale\" content=\"es_ES\" \/>\n<meta property=\"og:type\" content=\"article\" \/>\n<meta property=\"og:title\" content=\"El Ayuntamiento convoca por primera vez ayudas para la redacci\u00f3n de anteproyectos de rehabilitaci\u00f3n en Casco Antiguo y zonas vulnerables espec\u00edficas\" \/>\n<meta property=\"og:description\" content=\"Fuera del Casco Antiguo la convocatoria incluye edificios de zonas de Soto Lezkairu, Grupo Urdanoz, Grupo Oscoz y Santa Engracia El Ayuntamiento de Pamplona ha publicado por primera vez una...\" \/>\n<meta property=\"og:url\" content=\"https:\/\/www.laguiadepamplona.com\/actualidad\/el-ayuntamiento-convoca-por-primera-vez-ayudas-para-la-redaccion-de-anteproyectos-de-rehabilitacion-en-casco-antiguo-y-zonas-vulnerables-especificas\/\" \/>\n<meta property=\"og:site_name\" content=\"La Gu\u00eda de Pamplona\" \/>\n<meta property=\"article:publisher\" content=\"https:\/\/www.facebook.com\/laguiadepamplonacom-133175176762273\/?ref=hl\" \/>\n<meta property=\"article:published_time\" content=\"2014-08-22T11:26:10+00:00\" \/>\n<meta name=\"author\" content=\"La Gu\u00eda de Pamplona\" \/>\n<meta name=\"twitter:card\" content=\"summary_large_image\" \/>\n<meta name=\"twitter:creator\" content=\"@LaGuiadPamplona\" \/>\n<meta name=\"twitter:site\" content=\"@LaGuiadPamplona\" \/>\n<meta name=\"twitter:label1\" content=\"Escrito por\" \/>\n\t<meta name=\"twitter:data1\" content=\"La Gu\u00eda de Pamplona\" \/>\n\t<meta name=\"twitter:label2\" content=\"Tiempo de lectura\" \/>\n\t<meta name=\"twitter:data2\" content=\"3 minutos\" \/>\n<script type=\"application\/ld+json\" class=\"yoast-schema-graph\">{\"@context\":\"https:\\\/\\\/schema.org\",\"@graph\":[{\"@type\":\"Article\",\"@id\":\"https:\\\/\\\/www.laguiadepamplona.com\\\/actualidad\\\/el-ayuntamiento-convoca-por-primera-vez-ayudas-para-la-redaccion-de-anteproyectos-de-rehabilitacion-en-casco-antiguo-y-zonas-vulnerables-especificas\\\/#article\",\"isPartOf\":{\"@id\":\"https:\\\/\\\/www.laguiadepamplona.com\\\/actualidad\\\/el-ayuntamiento-convoca-por-primera-vez-ayudas-para-la-redaccion-de-anteproyectos-de-rehabilitacion-en-casco-antiguo-y-zonas-vulnerables-especificas\\\/\"},\"author\":{\"name\":\"La Gu\u00eda de Pamplona\",\"@id\":\"https:\\\/\\\/www.laguiadepamplona.com\\\/actualidad\\\/#\\\/schema\\\/person\\\/efe887376f0213d4657c93adc50b1fdb\"},\"headline\":\"El Ayuntamiento convoca por primera vez ayudas para la redacci\u00f3n de anteproyectos de rehabilitaci\u00f3n en Casco Antiguo y zonas vulnerables espec\u00edficas\",\"datePublished\":\"2014-08-22T11:26:10+00:00\",\"mainEntityOfPage\":{\"@id\":\"https:\\\/\\\/www.laguiadepamplona.com\\\/actualidad\\\/el-ayuntamiento-convoca-por-primera-vez-ayudas-para-la-redaccion-de-anteproyectos-de-rehabilitacion-en-casco-antiguo-y-zonas-vulnerables-especificas\\\/\"},\"wordCount\":544,\"commentCount\":0,\"publisher\":{\"@id\":\"https:\\\/\\\/www.laguiadepamplona.com\\\/actualidad\\\/#organization\"},\"image\":{\"@id\":\"https:\\\/\\\/www.laguiadepamplona.com\\\/actualidad\\\/el-ayuntamiento-convoca-por-primera-vez-ayudas-para-la-redaccion-de-anteproyectos-de-rehabilitacion-en-casco-antiguo-y-zonas-vulnerables-especificas\\\/#primaryimage\"},\"thumbnailUrl\":\"\",\"keywords\":[\"actualidad\",\"ayto pamplona\",\"ayudas\",\"Ayuntamiento de Pamplona\",\"Casco Antiguo\",\"noticias\",\"pamplona\",\"rehabilitaci\u00f3n\",\"zonas vulnerables\"],\"articleSection\":[\"Ayto Pamplona\"],\"inLanguage\":\"es\",\"potentialAction\":[{\"@type\":\"CommentAction\",\"name\":\"Comment\",\"target\":[\"https:\\\/\\\/www.laguiadepamplona.com\\\/actualidad\\\/el-ayuntamiento-convoca-por-primera-vez-ayudas-para-la-redaccion-de-anteproyectos-de-rehabilitacion-en-casco-antiguo-y-zonas-vulnerables-especificas\\\/#respond\"]}]},{\"@type\":\"WebPage\",\"@id\":\"https:\\\/\\\/www.laguiadepamplona.com\\\/actualidad\\\/el-ayuntamiento-convoca-por-primera-vez-ayudas-para-la-redaccion-de-anteproyectos-de-rehabilitacion-en-casco-antiguo-y-zonas-vulnerables-especificas\\\/\",\"url\":\"https:\\\/\\\/www.laguiadepamplona.com\\\/actualidad\\\/el-ayuntamiento-convoca-por-primera-vez-ayudas-para-la-redaccion-de-anteproyectos-de-rehabilitacion-en-casco-antiguo-y-zonas-vulnerables-especificas\\\/\",\"name\":\"El Ayuntamiento convoca por primera vez ayudas para la redacci\u00f3n de anteproyectos de rehabilitaci\u00f3n en Casco Antiguo y zonas vulnerables espec\u00edficas\",\"isPartOf\":{\"@id\":\"https:\\\/\\\/www.laguiadepamplona.com\\\/actualidad\\\/#website\"},\"primaryImageOfPage\":{\"@id\":\"https:\\\/\\\/www.laguiadepamplona.com\\\/actualidad\\\/el-ayuntamiento-convoca-por-primera-vez-ayudas-para-la-redaccion-de-anteproyectos-de-rehabilitacion-en-casco-antiguo-y-zonas-vulnerables-especificas\\\/#primaryimage\"},\"image\":{\"@id\":\"https:\\\/\\\/www.laguiadepamplona.com\\\/actualidad\\\/el-ayuntamiento-convoca-por-primera-vez-ayudas-para-la-redaccion-de-anteproyectos-de-rehabilitacion-en-casco-antiguo-y-zonas-vulnerables-especificas\\\/#primaryimage\"},\"thumbnailUrl\":\"\",\"datePublished\":\"2014-08-22T11:26:10+00:00\",\"breadcrumb\":{\"@id\":\"https:\\\/\\\/www.laguiadepamplona.com\\\/actualidad\\\/el-ayuntamiento-convoca-por-primera-vez-ayudas-para-la-redaccion-de-anteproyectos-de-rehabilitacion-en-casco-antiguo-y-zonas-vulnerables-especificas\\\/#breadcrumb\"},\"inLanguage\":\"es\",\"potentialAction\":[{\"@type\":\"ReadAction\",\"target\":[\"https:\\\/\\\/www.laguiadepamplona.com\\\/actualidad\\\/el-ayuntamiento-convoca-por-primera-vez-ayudas-para-la-redaccion-de-anteproyectos-de-rehabilitacion-en-casco-antiguo-y-zonas-vulnerables-especificas\\\/\"]}]},{\"@type\":\"ImageObject\",\"inLanguage\":\"es\",\"@id\":\"https:\\\/\\\/www.laguiadepamplona.com\\\/actualidad\\\/el-ayuntamiento-convoca-por-primera-vez-ayudas-para-la-redaccion-de-anteproyectos-de-rehabilitacion-en-casco-antiguo-y-zonas-vulnerables-especificas\\\/#primaryimage\",\"url\":\"\",\"contentUrl\":\"\"},{\"@type\":\"BreadcrumbList\",\"@id\":\"https:\\\/\\\/www.laguiadepamplona.com\\\/actualidad\\\/el-ayuntamiento-convoca-por-primera-vez-ayudas-para-la-redaccion-de-anteproyectos-de-rehabilitacion-en-casco-antiguo-y-zonas-vulnerables-especificas\\\/#breadcrumb\",\"itemListElement\":[{\"@type\":\"ListItem\",\"position\":1,\"name\":\"Portada\",\"item\":\"https:\\\/\\\/www.laguiadepamplona.com\\\/actualidad\\\/\"},{\"@type\":\"ListItem\",\"position\":2,\"name\":\"El Ayuntamiento convoca por primera vez ayudas para la redacci\u00f3n de anteproyectos de rehabilitaci\u00f3n en Casco Antiguo y zonas vulnerables espec\u00edficas\"}]},{\"@type\":\"WebSite\",\"@id\":\"https:\\\/\\\/www.laguiadepamplona.com\\\/actualidad\\\/#website\",\"url\":\"https:\\\/\\\/www.laguiadepamplona.com\\\/actualidad\\\/\",\"name\":\"La gu\u00eda de Pamplona\",\"description\":\"Noticias de Pamplona\",\"publisher\":{\"@id\":\"https:\\\/\\\/www.laguiadepamplona.com\\\/actualidad\\\/#organization\"},\"potentialAction\":[{\"@type\":\"SearchAction\",\"target\":{\"@type\":\"EntryPoint\",\"urlTemplate\":\"https:\\\/\\\/www.laguiadepamplona.com\\\/actualidad\\\/?s={search_term_string}\"},\"query-input\":{\"@type\":\"PropertyValueSpecification\",\"valueRequired\":true,\"valueName\":\"search_term_string\"}}],\"inLanguage\":\"es\"},{\"@type\":\"Organization\",\"@id\":\"https:\\\/\\\/www.laguiadepamplona.com\\\/actualidad\\\/#organization\",\"name\":\"La Gu\u00eda de Pamplona \\\/ Noticias\",\"url\":\"https:\\\/\\\/www.laguiadepamplona.com\\\/actualidad\\\/\",\"logo\":{\"@type\":\"ImageObject\",\"inLanguage\":\"es\",\"@id\":\"https:\\\/\\\/www.laguiadepamplona.com\\\/actualidad\\\/#\\\/schema\\\/logo\\\/image\\\/\",\"url\":\"https:\\\/\\\/www.laguiadepamplona.com\\\/actualidad\\\/wp-content\\\/uploads\\\/2018\\\/11\\\/logo-laguiadepamplona18-web1.png\",\"contentUrl\":\"https:\\\/\\\/www.laguiadepamplona.com\\\/actualidad\\\/wp-content\\\/uploads\\\/2018\\\/11\\\/logo-laguiadepamplona18-web1.png\",\"width\":600,\"height\":196,\"caption\":\"La Gu\u00eda de Pamplona \\\/ Noticias\"},\"image\":{\"@id\":\"https:\\\/\\\/www.laguiadepamplona.com\\\/actualidad\\\/#\\\/schema\\\/logo\\\/image\\\/\"},\"sameAs\":[\"https:\\\/\\\/www.facebook.com\\\/laguiadepamplonacom-133175176762273\\\/?ref=hl\",\"https:\\\/\\\/x.com\\\/LaGuiadPamplona\",\"https:\\\/\\\/www.instagram.com\\\/la_guia_de_pamplona\\\/\",\"https:\\\/\\\/www.youtube.com\\\/user\\\/laguiadepamplona\"]},{\"@type\":\"Person\",\"@id\":\"https:\\\/\\\/www.laguiadepamplona.com\\\/actualidad\\\/#\\\/schema\\\/person\\\/efe887376f0213d4657c93adc50b1fdb\",\"name\":\"La Gu\u00eda de Pamplona\",\"image\":{\"@type\":\"ImageObject\",\"inLanguage\":\"es\",\"@id\":\"https:\\\/\\\/secure.gravatar.com\\\/avatar\\\/b6992f131dc8d30ab0dff15446e9d346d9dbd95992de0fef795073f5ea83a81c?s=96&d=mm&r=g\",\"url\":\"https:\\\/\\\/secure.gravatar.com\\\/avatar\\\/b6992f131dc8d30ab0dff15446e9d346d9dbd95992de0fef795073f5ea83a81c?s=96&d=mm&r=g\",\"contentUrl\":\"https:\\\/\\\/secure.gravatar.com\\\/avatar\\\/b6992f131dc8d30ab0dff15446e9d346d9dbd95992de0fef795073f5ea83a81c?s=96&d=mm&r=g\",\"caption\":\"La Gu\u00eda de Pamplona\"}}]}<\/script>\n<!-- \/ Yoast SEO plugin. -->","yoast_head_json":{"title":"El Ayuntamiento convoca por primera vez ayudas para la redacci\u00f3n de anteproyectos de rehabilitaci\u00f3n en Casco Antiguo y zonas vulnerables espec\u00edficas","robots":{"index":"index","follow":"follow","max-snippet":"max-snippet:-1","max-image-preview":"max-image-preview:large","max-video-preview":"max-video-preview:-1"},"canonical":"https:\/\/www.laguiadepamplona.com\/actualidad\/el-ayuntamiento-convoca-por-primera-vez-ayudas-para-la-redaccion-de-anteproyectos-de-rehabilitacion-en-casco-antiguo-y-zonas-vulnerables-especificas\/","og_locale":"es_ES","og_type":"article","og_title":"El Ayuntamiento convoca por primera vez ayudas para la redacci\u00f3n de anteproyectos de rehabilitaci\u00f3n en Casco Antiguo y zonas vulnerables espec\u00edficas","og_description":"Fuera del Casco Antiguo la convocatoria incluye edificios de zonas de Soto Lezkairu, Grupo Urdanoz, Grupo Oscoz y Santa Engracia El Ayuntamiento de Pamplona ha publicado por primera vez una...","og_url":"https:\/\/www.laguiadepamplona.com\/actualidad\/el-ayuntamiento-convoca-por-primera-vez-ayudas-para-la-redaccion-de-anteproyectos-de-rehabilitacion-en-casco-antiguo-y-zonas-vulnerables-especificas\/","og_site_name":"La Gu\u00eda de Pamplona","article_publisher":"https:\/\/www.facebook.com\/laguiadepamplonacom-133175176762273\/?ref=hl","article_published_time":"2014-08-22T11:26:10+00:00","author":"La Gu\u00eda de Pamplona","twitter_card":"summary_large_image","twitter_creator":"@LaGuiadPamplona","twitter_site":"@LaGuiadPamplona","twitter_misc":{"Escrito por":"La Gu\u00eda de Pamplona","Tiempo de lectura":"3 minutos"},"schema":{"@context":"https:\/\/schema.org","@graph":[{"@type":"Article","@id":"https:\/\/www.laguiadepamplona.com\/actualidad\/el-ayuntamiento-convoca-por-primera-vez-ayudas-para-la-redaccion-de-anteproyectos-de-rehabilitacion-en-casco-antiguo-y-zonas-vulnerables-especificas\/#article","isPartOf":{"@id":"https:\/\/www.laguiadepamplona.com\/actualidad\/el-ayuntamiento-convoca-por-primera-vez-ayudas-para-la-redaccion-de-anteproyectos-de-rehabilitacion-en-casco-antiguo-y-zonas-vulnerables-especificas\/"},"author":{"name":"La Gu\u00eda de Pamplona","@id":"https:\/\/www.laguiadepamplona.com\/actualidad\/#\/schema\/person\/efe887376f0213d4657c93adc50b1fdb"},"headline":"El Ayuntamiento convoca por primera vez ayudas para la redacci\u00f3n de anteproyectos de rehabilitaci\u00f3n en Casco Antiguo y zonas vulnerables espec\u00edficas","datePublished":"2014-08-22T11:26:10+00:00","mainEntityOfPage":{"@id":"https:\/\/www.laguiadepamplona.com\/actualidad\/el-ayuntamiento-convoca-por-primera-vez-ayudas-para-la-redaccion-de-anteproyectos-de-rehabilitacion-en-casco-antiguo-y-zonas-vulnerables-especificas\/"},"wordCount":544,"commentCount":0,"publisher":{"@id":"https:\/\/www.laguiadepamplona.com\/actualidad\/#organization"},"image":{"@id":"https:\/\/www.laguiadepamplona.com\/actualidad\/el-ayuntamiento-convoca-por-primera-vez-ayudas-para-la-redaccion-de-anteproyectos-de-rehabilitacion-en-casco-antiguo-y-zonas-vulnerables-especificas\/#primaryimage"},"thumbnailUrl":"","keywords":["actualidad","ayto pamplona","ayudas","Ayuntamiento de Pamplona","Casco Antiguo","noticias","pamplona","rehabilitaci\u00f3n","zonas vulnerables"],"articleSection":["Ayto Pamplona"],"inLanguage":"es","potentialAction":[{"@type":"CommentAction","name":"Comment","target":["https:\/\/www.laguiadepamplona.com\/actualidad\/el-ayuntamiento-convoca-por-primera-vez-ayudas-para-la-redaccion-de-anteproyectos-de-rehabilitacion-en-casco-antiguo-y-zonas-vulnerables-especificas\/#respond"]}]},{"@type":"WebPage","@id":"https:\/\/www.laguiadepamplona.com\/actualidad\/el-ayuntamiento-convoca-por-primera-vez-ayudas-para-la-redaccion-de-anteproyectos-de-rehabilitacion-en-casco-antiguo-y-zonas-vulnerables-especificas\/","url":"https:\/\/www.laguiadepamplona.com\/actualidad\/el-ayuntamiento-convoca-por-primera-vez-ayudas-para-la-redaccion-de-anteproyectos-de-rehabilitacion-en-casco-antiguo-y-zonas-vulnerables-especificas\/","name":"El Ayuntamiento convoca por primera vez ayudas para la redacci\u00f3n de anteproyectos de rehabilitaci\u00f3n en Casco Antiguo y zonas vulnerables espec\u00edficas","isPartOf":{"@id":"https:\/\/www.laguiadepamplona.com\/actualidad\/#website"},"primaryImageOfPage":{"@id":"https:\/\/www.laguiadepamplona.com\/actualidad\/el-ayuntamiento-convoca-por-primera-vez-ayudas-para-la-redaccion-de-anteproyectos-de-rehabilitacion-en-casco-antiguo-y-zonas-vulnerables-especificas\/#primaryimage"},"image":{"@id":"https:\/\/www.laguiadepamplona.com\/actualidad\/el-ayuntamiento-convoca-por-primera-vez-ayudas-para-la-redaccion-de-anteproyectos-de-rehabilitacion-en-casco-antiguo-y-zonas-vulnerables-especificas\/#primaryimage"},"thumbnailUrl":"","datePublished":"2014-08-22T11:26:10+00:00","breadcrumb":{"@id":"https:\/\/www.laguiadepamplona.com\/actualidad\/el-ayuntamiento-convoca-por-primera-vez-ayudas-para-la-redaccion-de-anteproyectos-de-rehabilitacion-en-casco-antiguo-y-zonas-vulnerables-especificas\/#breadcrumb"},"inLanguage":"es","potentialAction":[{"@type":"ReadAction","target":["https:\/\/www.laguiadepamplona.com\/actualidad\/el-ayuntamiento-convoca-por-primera-vez-ayudas-para-la-redaccion-de-anteproyectos-de-rehabilitacion-en-casco-antiguo-y-zonas-vulnerables-especificas\/"]}]},{"@type":"ImageObject","inLanguage":"es","@id":"https:\/\/www.laguiadepamplona.com\/actualidad\/el-ayuntamiento-convoca-por-primera-vez-ayudas-para-la-redaccion-de-anteproyectos-de-rehabilitacion-en-casco-antiguo-y-zonas-vulnerables-especificas\/#primaryimage","url":"","contentUrl":""},{"@type":"BreadcrumbList","@id":"https:\/\/www.laguiadepamplona.com\/actualidad\/el-ayuntamiento-convoca-por-primera-vez-ayudas-para-la-redaccion-de-anteproyectos-de-rehabilitacion-en-casco-antiguo-y-zonas-vulnerables-especificas\/#breadcrumb","itemListElement":[{"@type":"ListItem","position":1,"name":"Portada","item":"https:\/\/www.laguiadepamplona.com\/actualidad\/"},{"@type":"ListItem","position":2,"name":"El Ayuntamiento convoca por primera vez ayudas para la redacci\u00f3n de anteproyectos de rehabilitaci\u00f3n en Casco Antiguo y zonas vulnerables espec\u00edficas"}]},{"@type":"WebSite","@id":"https:\/\/www.laguiadepamplona.com\/actualidad\/#website","url":"https:\/\/www.laguiadepamplona.com\/actualidad\/","name":"La gu\u00eda de Pamplona","description":"Noticias de Pamplona","publisher":{"@id":"https:\/\/www.laguiadepamplona.com\/actualidad\/#organization"},"potentialAction":[{"@type":"SearchAction","target":{"@type":"EntryPoint","urlTemplate":"https:\/\/www.laguiadepamplona.com\/actualidad\/?s={search_term_string}"},"query-input":{"@type":"PropertyValueSpecification","valueRequired":true,"valueName":"search_term_string"}}],"inLanguage":"es"},{"@type":"Organization","@id":"https:\/\/www.laguiadepamplona.com\/actualidad\/#organization","name":"La Gu\u00eda de Pamplona \/ Noticias","url":"https:\/\/www.laguiadepamplona.com\/actualidad\/","logo":{"@type":"ImageObject","inLanguage":"es","@id":"https:\/\/www.laguiadepamplona.com\/actualidad\/#\/schema\/logo\/image\/","url":"https:\/\/www.laguiadepamplona.com\/actualidad\/wp-content\/uploads\/2018\/11\/logo-laguiadepamplona18-web1.png","contentUrl":"https:\/\/www.laguiadepamplona.com\/actualidad\/wp-content\/uploads\/2018\/11\/logo-laguiadepamplona18-web1.png","width":600,"height":196,"caption":"La Gu\u00eda de Pamplona \/ Noticias"},"image":{"@id":"https:\/\/www.laguiadepamplona.com\/actualidad\/#\/schema\/logo\/image\/"},"sameAs":["https:\/\/www.facebook.com\/laguiadepamplonacom-133175176762273\/?ref=hl","https:\/\/x.com\/LaGuiadPamplona","https:\/\/www.instagram.com\/la_guia_de_pamplona\/","https:\/\/www.youtube.com\/user\/laguiadepamplona"]},{"@type":"Person","@id":"https:\/\/www.laguiadepamplona.com\/actualidad\/#\/schema\/person\/efe887376f0213d4657c93adc50b1fdb","name":"La Gu\u00eda de Pamplona","image":{"@type":"ImageObject","inLanguage":"es","@id":"https:\/\/secure.gravatar.com\/avatar\/b6992f131dc8d30ab0dff15446e9d346d9dbd95992de0fef795073f5ea83a81c?s=96&d=mm&r=g","url":"https:\/\/secure.gravatar.com\/avatar\/b6992f131dc8d30ab0dff15446e9d346d9dbd95992de0fef795073f5ea83a81c?s=96&d=mm&r=g","contentUrl":"https:\/\/secure.gravatar.com\/avatar\/b6992f131dc8d30ab0dff15446e9d346d9dbd95992de0fef795073f5ea83a81c?s=96&d=mm&r=g","caption":"La Gu\u00eda de Pamplona"}}]}},"post_mailing_queue_ids":[],"_links":{"self":[{"href":"https:\/\/www.laguiadepamplona.com\/actualidad\/wp-json\/wp\/v2\/posts\/2797","targetHints":{"allow":["GET"]}}],"collection":[{"href":"https:\/\/www.laguiadepamplona.com\/actualidad\/wp-json\/wp\/v2\/posts"}],"about":[{"href":"https:\/\/www.laguiadepamplona.com\/actualidad\/wp-json\/wp\/v2\/types\/post"}],"author":[{"embeddable":true,"href":"https:\/\/www.laguiadepamplona.com\/actualidad\/wp-json\/wp\/v2\/users\/1"}],"replies":[{"embeddable":true,"href":"https:\/\/www.laguiadepamplona.com\/actualidad\/wp-json\/wp\/v2\/comments?post=2797"}],"version-history":[{"count":0,"href":"https:\/\/www.laguiadepamplona.com\/actualidad\/wp-json\/wp\/v2\/posts\/2797\/revisions"}],"wp:featuredmedia":[{"embeddable":true,"href":"https:\/\/www.laguiadepamplona.com\/actualidad\/wp-json\/"}],"wp:attachment":[{"href":"https:\/\/www.laguiadepamplona.com\/actualidad\/wp-json\/wp\/v2\/media?parent=2797"}],"wp:term":[{"taxonomy":"category","embeddable":true,"href":"https:\/\/www.laguiadepamplona.com\/actualidad\/wp-json\/wp\/v2\/categories?post=2797"},{"taxonomy":"post_tag","embeddable":true,"href":"https:\/\/www.laguiadepamplona.com\/actualidad\/wp-json\/wp\/v2\/tags?post=2797"}],"curies":[{"name":"wp","href":"https:\/\/api.w.org\/{rel}","templated":true}]}}