{"id":2717,"date":"2014-08-14T11:03:53","date_gmt":"2014-08-14T11:03:53","guid":{"rendered":"http:\/\/laguiadepamplona.com\/actualidad\/?p=2717"},"modified":"2014-08-14T11:03:53","modified_gmt":"2014-08-14T11:03:53","slug":"penultima-semana-de-catas-de-vino-y-queso-en-el-edificio-de-los-ascensores-de-descalzos-el-lunes-el-martes-y-el-miercoles","status":"publish","type":"post","link":"https:\/\/www.laguiadepamplona.com\/actualidad\/penultima-semana-de-catas-de-vino-y-queso-en-el-edificio-de-los-ascensores-de-descalzos-el-lunes-el-martes-y-el-miercoles\/","title":{"rendered":"Pen\u00faltima semana de catas de vino y queso en el edificio de los ascensores de Descalzos el lunes, el martes y el mi\u00e9rcoles"},"content":{"rendered":"<h4>Se catan seis vinos y tres quesos y las entradas se venden al precio de 6 euros en la Oficina de Turismo<\/h4>\n<p><a href=\"http:\/\/laguiadepamplona.com\/actualidad\/wp-content\/uploads\/2014\/08\/catas-vino-2.jpg\"><img loading=\"lazy\" decoding=\"async\" class=\"alignleft size-medium wp-image-2534\" src=\"http:\/\/laguiadepamplona.com\/actualidad\/wp-content\/uploads\/2014\/08\/catas-vino-2-300x200.jpg\" alt=\"catas vino 2\" width=\"300\" height=\"200\" \/><\/a>El lunes, el martes y el mi\u00e9rcoles de la semana que viene tendr\u00e1n que lugar nuevas sesiones de las catas de vino y queso que el Ayuntamiento de Pamplona organiza este verano dentro del programa de actividades \u2018Ciudadelarte\u2019. Las catas se desarrollan en la sala de exposiciones del edificio de los ascensores de Descalzos a las 20 horas. Para participar es necesario comprar los tiques al precio de 6 euros en la Oficina de Turismo (c\/ San Saturnino, 2).<\/p>\n<p>Las catas consisten en la degustaci\u00f3n de seis vinos, de los que dos son blancos, uno rosado, dos tintos y un moscatel, todos ellos vinos de Denominaci\u00f3n de Origen Navarra, y tambi\u00e9n de tres quesos Idiazabal y Roncal, igualmente de Denominaci\u00f3n de Origen Navarra. La sesi\u00f3n est\u00e1 impartida por Migueltxo Go\u00f1i, experto catador de vinos y formador de la Denominaci\u00f3n de Origen Navarra. Las catas tienen una duraci\u00f3n aproximada de una hora y se ofertan 60 plazas en cada sesi\u00f3n. El programa de catas cuenta con la colaboraci\u00f3n de Reyno Gourmet y DO Navarra.<\/p>\n<p><strong>Variedades de tinto, blanco, rosado y moscatel<\/strong><\/p>\n<p>El lunes se catar\u00e1n un chardonnay de Bodegas Piedemonte, un Cuv\u00e9e Allier de Bodegas Nekeas, un rosado de Bodegas Sada, un tinto elaborado con peque\u00f1as producciones de garnacha por Bodegas Marco Real, un crianza Condado de Almara de Bodegas Macaya y un moscatel navarro.<\/p>\n<p>El martes se probar\u00e1n vinos blancos de Bodegas Beramendi (3F 2013) y Bodegas Monjard\u00edn (chardonnay), un rosado de 2013 de Bodegas Vega del Castillo (rosado 2013), dos tintos de Bodegas Irache (Prado de Irache) y de Bodegas Macaya (Condado de Almara, crianza 2009) y, por \u00faltimo, un moscatel.<\/p>\n<p>El \u00faltimo d\u00eda, el mi\u00e9rcoles, de nuevo seis vinos para catar: un blanco de Bodegas Pr\u00edncipe de Viana (chardonnay 2013), un blanco de Bodegas Nekeas (Cuv\u00e9e Allier), un rosado de Bodegas Inurrieta (Mediod\u00eda 2013), un tinto de Bodegas Marco Real (tempranillo), un tinto de Bodegas Sada (crianza 2011) y un moscatel.<\/p>\n<p>&nbsp;<\/p>\n<p><strong>Catas de vinos. Lunes, martes y mi\u00e9rcoles. 20 horas<\/strong><\/p>\n<ul>\n<li><strong>Lugar<\/strong>: sala de exposiciones del edificio de los ascensores de la calle Descalzos<\/li>\n<li><strong>Horario:<\/strong> de 20 a 21 horas aproximadamente<\/li>\n<li><strong>Precio<\/strong>: entradas a 6 euros que se pueden adquirir en la Oficina de Turismo de la Plaza Consistorial<\/li>\n<li><strong>Quesos:<\/strong> D.O. Idiazabal y Roncal<\/li>\n<li><strong>Vinos lunes 18<\/strong>: Bodegas Piedemonte (chardonnay 2013), Bodegas Nekeas (Cuv\u00e9e Allier), Bodegas Sada (rosado 2013), Bodegas Marco Real (peque\u00f1as producciones garnacha 2012), Bodegas Macaya (Condado de Almara, crianza 2009) y moscatel<\/li>\n<li><strong>Vinos martes 19<\/strong>: Bodegas Beramendi (3F 2013), Bodegas Monjard\u00edn (chardonnay), Bodegas Vega del Castillo (rosado 2013), Bodegas Irache (Prado de Irache), Bodegas Macaya (Condado de Almara, crianza 2009) y moscatel<\/li>\n<li><strong>Vinos mi\u00e9rcoles 20: <\/strong>Bodegas Pr\u00edncipe de Viana (chardonnay 2013), Bodegas Nekeas (Cuv\u00e9e Allier), Bodegas Inurrieta (Mediod\u00eda 2013), Bodegas Marco Real (tempranillo), Bodegas Sada (crianza 2011) y moscatel<\/li>\n<\/ul>\n<p>&nbsp;<\/p>\n","protected":false},"excerpt":{"rendered":"<p>Se catan seis vinos y tres quesos y las entradas se venden al precio de 6 euros en la Oficina de Turismo El lunes, el martes y el mi\u00e9rcoles de&#8230;<\/p>\n","protected":false},"author":1,"featured_media":2534,"comment_status":"open","ping_status":"open","sticky":false,"template":"","format":"standard","meta":{"footnotes":""},"categories":[2],"tags":[5,6,509,2317,2318,8,9,2319],"class_list":["post-2717","post","type-post","status-publish","format-standard","has-post-thumbnail","hentry","category-ayuntamiento-pamplona","tag-actualidad","tag-ayto-pamplona","tag-ayuntamiento-de-pamplona","tag-catas-vino","tag-edificio-ascensores-descalzos","tag-noticias","tag-pamplona","tag-queso"],"yoast_head":"<!-- This site is optimized with the Yoast SEO plugin v27.5 - https:\/\/yoast.com\/product\/yoast-seo-wordpress\/ -->\n<title>Pen\u00faltima semana de catas de vino y queso en el edificio de los ascensores de Descalzos el lunes, el martes y el mi\u00e9rcoles<\/title>\n<meta name=\"robots\" content=\"index, follow, max-snippet:-1, max-image-preview:large, max-video-preview:-1\" \/>\n<link rel=\"canonical\" href=\"https:\/\/www.laguiadepamplona.com\/actualidad\/penultima-semana-de-catas-de-vino-y-queso-en-el-edificio-de-los-ascensores-de-descalzos-el-lunes-el-martes-y-el-miercoles\/\" \/>\n<meta property=\"og:locale\" content=\"es_ES\" \/>\n<meta property=\"og:type\" content=\"article\" \/>\n<meta property=\"og:title\" content=\"Pen\u00faltima semana de catas de vino y queso en el edificio de los ascensores de Descalzos el lunes, el martes y el mi\u00e9rcoles\" \/>\n<meta property=\"og:description\" content=\"Se catan seis vinos y tres quesos y las entradas se venden al precio de 6 euros en la Oficina de Turismo El lunes, el martes y el mi\u00e9rcoles de...\" \/>\n<meta property=\"og:url\" content=\"https:\/\/www.laguiadepamplona.com\/actualidad\/penultima-semana-de-catas-de-vino-y-queso-en-el-edificio-de-los-ascensores-de-descalzos-el-lunes-el-martes-y-el-miercoles\/\" \/>\n<meta property=\"og:site_name\" content=\"La Gu\u00eda de Pamplona\" \/>\n<meta property=\"article:publisher\" content=\"https:\/\/www.facebook.com\/laguiadepamplonacom-133175176762273\/?ref=hl\" \/>\n<meta property=\"article:published_time\" content=\"2014-08-14T11:03:53+00:00\" \/>\n<meta name=\"author\" content=\"La Gu\u00eda de Pamplona\" \/>\n<meta name=\"twitter:card\" content=\"summary_large_image\" \/>\n<meta name=\"twitter:creator\" content=\"@LaGuiadPamplona\" \/>\n<meta name=\"twitter:site\" content=\"@LaGuiadPamplona\" \/>\n<meta name=\"twitter:label1\" content=\"Escrito por\" \/>\n\t<meta name=\"twitter:data1\" content=\"La Gu\u00eda de Pamplona\" \/>\n\t<meta name=\"twitter:label2\" content=\"Tiempo de lectura\" \/>\n\t<meta name=\"twitter:data2\" content=\"2 minutos\" \/>\n<script type=\"application\/ld+json\" class=\"yoast-schema-graph\">{\"@context\":\"https:\\\/\\\/schema.org\",\"@graph\":[{\"@type\":\"Article\",\"@id\":\"https:\\\/\\\/www.laguiadepamplona.com\\\/actualidad\\\/penultima-semana-de-catas-de-vino-y-queso-en-el-edificio-de-los-ascensores-de-descalzos-el-lunes-el-martes-y-el-miercoles\\\/#article\",\"isPartOf\":{\"@id\":\"https:\\\/\\\/www.laguiadepamplona.com\\\/actualidad\\\/penultima-semana-de-catas-de-vino-y-queso-en-el-edificio-de-los-ascensores-de-descalzos-el-lunes-el-martes-y-el-miercoles\\\/\"},\"author\":{\"name\":\"La Gu\u00eda de Pamplona\",\"@id\":\"https:\\\/\\\/www.laguiadepamplona.com\\\/actualidad\\\/#\\\/schema\\\/person\\\/efe887376f0213d4657c93adc50b1fdb\"},\"headline\":\"Pen\u00faltima semana de catas de vino y queso en el edificio de los ascensores de Descalzos el lunes, el martes y el mi\u00e9rcoles\",\"datePublished\":\"2014-08-14T11:03:53+00:00\",\"mainEntityOfPage\":{\"@id\":\"https:\\\/\\\/www.laguiadepamplona.com\\\/actualidad\\\/penultima-semana-de-catas-de-vino-y-queso-en-el-edificio-de-los-ascensores-de-descalzos-el-lunes-el-martes-y-el-miercoles\\\/\"},\"wordCount\":514,\"commentCount\":0,\"publisher\":{\"@id\":\"https:\\\/\\\/www.laguiadepamplona.com\\\/actualidad\\\/#organization\"},\"image\":{\"@id\":\"https:\\\/\\\/www.laguiadepamplona.com\\\/actualidad\\\/penultima-semana-de-catas-de-vino-y-queso-en-el-edificio-de-los-ascensores-de-descalzos-el-lunes-el-martes-y-el-miercoles\\\/#primaryimage\"},\"thumbnailUrl\":\"\",\"keywords\":[\"actualidad\",\"ayto pamplona\",\"Ayuntamiento de Pamplona\",\"catas vino\",\"edificio ascensores descalzos\",\"noticias\",\"pamplona\",\"queso\"],\"articleSection\":[\"Ayto Pamplona\"],\"inLanguage\":\"es\",\"potentialAction\":[{\"@type\":\"CommentAction\",\"name\":\"Comment\",\"target\":[\"https:\\\/\\\/www.laguiadepamplona.com\\\/actualidad\\\/penultima-semana-de-catas-de-vino-y-queso-en-el-edificio-de-los-ascensores-de-descalzos-el-lunes-el-martes-y-el-miercoles\\\/#respond\"]}]},{\"@type\":\"WebPage\",\"@id\":\"https:\\\/\\\/www.laguiadepamplona.com\\\/actualidad\\\/penultima-semana-de-catas-de-vino-y-queso-en-el-edificio-de-los-ascensores-de-descalzos-el-lunes-el-martes-y-el-miercoles\\\/\",\"url\":\"https:\\\/\\\/www.laguiadepamplona.com\\\/actualidad\\\/penultima-semana-de-catas-de-vino-y-queso-en-el-edificio-de-los-ascensores-de-descalzos-el-lunes-el-martes-y-el-miercoles\\\/\",\"name\":\"Pen\u00faltima semana de catas de vino y queso en el edificio de los ascensores de Descalzos el lunes, el martes y el mi\u00e9rcoles\",\"isPartOf\":{\"@id\":\"https:\\\/\\\/www.laguiadepamplona.com\\\/actualidad\\\/#website\"},\"primaryImageOfPage\":{\"@id\":\"https:\\\/\\\/www.laguiadepamplona.com\\\/actualidad\\\/penultima-semana-de-catas-de-vino-y-queso-en-el-edificio-de-los-ascensores-de-descalzos-el-lunes-el-martes-y-el-miercoles\\\/#primaryimage\"},\"image\":{\"@id\":\"https:\\\/\\\/www.laguiadepamplona.com\\\/actualidad\\\/penultima-semana-de-catas-de-vino-y-queso-en-el-edificio-de-los-ascensores-de-descalzos-el-lunes-el-martes-y-el-miercoles\\\/#primaryimage\"},\"thumbnailUrl\":\"\",\"datePublished\":\"2014-08-14T11:03:53+00:00\",\"breadcrumb\":{\"@id\":\"https:\\\/\\\/www.laguiadepamplona.com\\\/actualidad\\\/penultima-semana-de-catas-de-vino-y-queso-en-el-edificio-de-los-ascensores-de-descalzos-el-lunes-el-martes-y-el-miercoles\\\/#breadcrumb\"},\"inLanguage\":\"es\",\"potentialAction\":[{\"@type\":\"ReadAction\",\"target\":[\"https:\\\/\\\/www.laguiadepamplona.com\\\/actualidad\\\/penultima-semana-de-catas-de-vino-y-queso-en-el-edificio-de-los-ascensores-de-descalzos-el-lunes-el-martes-y-el-miercoles\\\/\"]}]},{\"@type\":\"ImageObject\",\"inLanguage\":\"es\",\"@id\":\"https:\\\/\\\/www.laguiadepamplona.com\\\/actualidad\\\/penultima-semana-de-catas-de-vino-y-queso-en-el-edificio-de-los-ascensores-de-descalzos-el-lunes-el-martes-y-el-miercoles\\\/#primaryimage\",\"url\":\"\",\"contentUrl\":\"\"},{\"@type\":\"BreadcrumbList\",\"@id\":\"https:\\\/\\\/www.laguiadepamplona.com\\\/actualidad\\\/penultima-semana-de-catas-de-vino-y-queso-en-el-edificio-de-los-ascensores-de-descalzos-el-lunes-el-martes-y-el-miercoles\\\/#breadcrumb\",\"itemListElement\":[{\"@type\":\"ListItem\",\"position\":1,\"name\":\"Portada\",\"item\":\"https:\\\/\\\/www.laguiadepamplona.com\\\/actualidad\\\/\"},{\"@type\":\"ListItem\",\"position\":2,\"name\":\"Pen\u00faltima semana de catas de vino y queso en el edificio de los ascensores de Descalzos el lunes, el martes y el mi\u00e9rcoles\"}]},{\"@type\":\"WebSite\",\"@id\":\"https:\\\/\\\/www.laguiadepamplona.com\\\/actualidad\\\/#website\",\"url\":\"https:\\\/\\\/www.laguiadepamplona.com\\\/actualidad\\\/\",\"name\":\"La gu\u00eda de Pamplona\",\"description\":\"Noticias de Pamplona\",\"publisher\":{\"@id\":\"https:\\\/\\\/www.laguiadepamplona.com\\\/actualidad\\\/#organization\"},\"potentialAction\":[{\"@type\":\"SearchAction\",\"target\":{\"@type\":\"EntryPoint\",\"urlTemplate\":\"https:\\\/\\\/www.laguiadepamplona.com\\\/actualidad\\\/?s={search_term_string}\"},\"query-input\":{\"@type\":\"PropertyValueSpecification\",\"valueRequired\":true,\"valueName\":\"search_term_string\"}}],\"inLanguage\":\"es\"},{\"@type\":\"Organization\",\"@id\":\"https:\\\/\\\/www.laguiadepamplona.com\\\/actualidad\\\/#organization\",\"name\":\"La Gu\u00eda de Pamplona \\\/ Noticias\",\"url\":\"https:\\\/\\\/www.laguiadepamplona.com\\\/actualidad\\\/\",\"logo\":{\"@type\":\"ImageObject\",\"inLanguage\":\"es\",\"@id\":\"https:\\\/\\\/www.laguiadepamplona.com\\\/actualidad\\\/#\\\/schema\\\/logo\\\/image\\\/\",\"url\":\"https:\\\/\\\/www.laguiadepamplona.com\\\/actualidad\\\/wp-content\\\/uploads\\\/2018\\\/11\\\/logo-laguiadepamplona18-web1.png\",\"contentUrl\":\"https:\\\/\\\/www.laguiadepamplona.com\\\/actualidad\\\/wp-content\\\/uploads\\\/2018\\\/11\\\/logo-laguiadepamplona18-web1.png\",\"width\":600,\"height\":196,\"caption\":\"La Gu\u00eda de Pamplona \\\/ Noticias\"},\"image\":{\"@id\":\"https:\\\/\\\/www.laguiadepamplona.com\\\/actualidad\\\/#\\\/schema\\\/logo\\\/image\\\/\"},\"sameAs\":[\"https:\\\/\\\/www.facebook.com\\\/laguiadepamplonacom-133175176762273\\\/?ref=hl\",\"https:\\\/\\\/x.com\\\/LaGuiadPamplona\",\"https:\\\/\\\/www.instagram.com\\\/la_guia_de_pamplona\\\/\",\"https:\\\/\\\/www.youtube.com\\\/user\\\/laguiadepamplona\"]},{\"@type\":\"Person\",\"@id\":\"https:\\\/\\\/www.laguiadepamplona.com\\\/actualidad\\\/#\\\/schema\\\/person\\\/efe887376f0213d4657c93adc50b1fdb\",\"name\":\"La Gu\u00eda de Pamplona\",\"image\":{\"@type\":\"ImageObject\",\"inLanguage\":\"es\",\"@id\":\"https:\\\/\\\/secure.gravatar.com\\\/avatar\\\/b6992f131dc8d30ab0dff15446e9d346d9dbd95992de0fef795073f5ea83a81c?s=96&d=mm&r=g\",\"url\":\"https:\\\/\\\/secure.gravatar.com\\\/avatar\\\/b6992f131dc8d30ab0dff15446e9d346d9dbd95992de0fef795073f5ea83a81c?s=96&d=mm&r=g\",\"contentUrl\":\"https:\\\/\\\/secure.gravatar.com\\\/avatar\\\/b6992f131dc8d30ab0dff15446e9d346d9dbd95992de0fef795073f5ea83a81c?s=96&d=mm&r=g\",\"caption\":\"La Gu\u00eda de Pamplona\"}}]}<\/script>\n<!-- \/ Yoast SEO plugin. -->","yoast_head_json":{"title":"Pen\u00faltima semana de catas de vino y queso en el edificio de los ascensores de Descalzos el lunes, el martes y el mi\u00e9rcoles","robots":{"index":"index","follow":"follow","max-snippet":"max-snippet:-1","max-image-preview":"max-image-preview:large","max-video-preview":"max-video-preview:-1"},"canonical":"https:\/\/www.laguiadepamplona.com\/actualidad\/penultima-semana-de-catas-de-vino-y-queso-en-el-edificio-de-los-ascensores-de-descalzos-el-lunes-el-martes-y-el-miercoles\/","og_locale":"es_ES","og_type":"article","og_title":"Pen\u00faltima semana de catas de vino y queso en el edificio de los ascensores de Descalzos el lunes, el martes y el mi\u00e9rcoles","og_description":"Se catan seis vinos y tres quesos y las entradas se venden al precio de 6 euros en la Oficina de Turismo El lunes, el martes y el mi\u00e9rcoles de...","og_url":"https:\/\/www.laguiadepamplona.com\/actualidad\/penultima-semana-de-catas-de-vino-y-queso-en-el-edificio-de-los-ascensores-de-descalzos-el-lunes-el-martes-y-el-miercoles\/","og_site_name":"La Gu\u00eda de Pamplona","article_publisher":"https:\/\/www.facebook.com\/laguiadepamplonacom-133175176762273\/?ref=hl","article_published_time":"2014-08-14T11:03:53+00:00","author":"La Gu\u00eda de Pamplona","twitter_card":"summary_large_image","twitter_creator":"@LaGuiadPamplona","twitter_site":"@LaGuiadPamplona","twitter_misc":{"Escrito por":"La Gu\u00eda de Pamplona","Tiempo de lectura":"2 minutos"},"schema":{"@context":"https:\/\/schema.org","@graph":[{"@type":"Article","@id":"https:\/\/www.laguiadepamplona.com\/actualidad\/penultima-semana-de-catas-de-vino-y-queso-en-el-edificio-de-los-ascensores-de-descalzos-el-lunes-el-martes-y-el-miercoles\/#article","isPartOf":{"@id":"https:\/\/www.laguiadepamplona.com\/actualidad\/penultima-semana-de-catas-de-vino-y-queso-en-el-edificio-de-los-ascensores-de-descalzos-el-lunes-el-martes-y-el-miercoles\/"},"author":{"name":"La Gu\u00eda de Pamplona","@id":"https:\/\/www.laguiadepamplona.com\/actualidad\/#\/schema\/person\/efe887376f0213d4657c93adc50b1fdb"},"headline":"Pen\u00faltima semana de catas de vino y queso en el edificio de los ascensores de Descalzos el lunes, el martes y el mi\u00e9rcoles","datePublished":"2014-08-14T11:03:53+00:00","mainEntityOfPage":{"@id":"https:\/\/www.laguiadepamplona.com\/actualidad\/penultima-semana-de-catas-de-vino-y-queso-en-el-edificio-de-los-ascensores-de-descalzos-el-lunes-el-martes-y-el-miercoles\/"},"wordCount":514,"commentCount":0,"publisher":{"@id":"https:\/\/www.laguiadepamplona.com\/actualidad\/#organization"},"image":{"@id":"https:\/\/www.laguiadepamplona.com\/actualidad\/penultima-semana-de-catas-de-vino-y-queso-en-el-edificio-de-los-ascensores-de-descalzos-el-lunes-el-martes-y-el-miercoles\/#primaryimage"},"thumbnailUrl":"","keywords":["actualidad","ayto pamplona","Ayuntamiento de Pamplona","catas vino","edificio ascensores descalzos","noticias","pamplona","queso"],"articleSection":["Ayto Pamplona"],"inLanguage":"es","potentialAction":[{"@type":"CommentAction","name":"Comment","target":["https:\/\/www.laguiadepamplona.com\/actualidad\/penultima-semana-de-catas-de-vino-y-queso-en-el-edificio-de-los-ascensores-de-descalzos-el-lunes-el-martes-y-el-miercoles\/#respond"]}]},{"@type":"WebPage","@id":"https:\/\/www.laguiadepamplona.com\/actualidad\/penultima-semana-de-catas-de-vino-y-queso-en-el-edificio-de-los-ascensores-de-descalzos-el-lunes-el-martes-y-el-miercoles\/","url":"https:\/\/www.laguiadepamplona.com\/actualidad\/penultima-semana-de-catas-de-vino-y-queso-en-el-edificio-de-los-ascensores-de-descalzos-el-lunes-el-martes-y-el-miercoles\/","name":"Pen\u00faltima semana de catas de vino y queso en el edificio de los ascensores de Descalzos el lunes, el martes y el mi\u00e9rcoles","isPartOf":{"@id":"https:\/\/www.laguiadepamplona.com\/actualidad\/#website"},"primaryImageOfPage":{"@id":"https:\/\/www.laguiadepamplona.com\/actualidad\/penultima-semana-de-catas-de-vino-y-queso-en-el-edificio-de-los-ascensores-de-descalzos-el-lunes-el-martes-y-el-miercoles\/#primaryimage"},"image":{"@id":"https:\/\/www.laguiadepamplona.com\/actualidad\/penultima-semana-de-catas-de-vino-y-queso-en-el-edificio-de-los-ascensores-de-descalzos-el-lunes-el-martes-y-el-miercoles\/#primaryimage"},"thumbnailUrl":"","datePublished":"2014-08-14T11:03:53+00:00","breadcrumb":{"@id":"https:\/\/www.laguiadepamplona.com\/actualidad\/penultima-semana-de-catas-de-vino-y-queso-en-el-edificio-de-los-ascensores-de-descalzos-el-lunes-el-martes-y-el-miercoles\/#breadcrumb"},"inLanguage":"es","potentialAction":[{"@type":"ReadAction","target":["https:\/\/www.laguiadepamplona.com\/actualidad\/penultima-semana-de-catas-de-vino-y-queso-en-el-edificio-de-los-ascensores-de-descalzos-el-lunes-el-martes-y-el-miercoles\/"]}]},{"@type":"ImageObject","inLanguage":"es","@id":"https:\/\/www.laguiadepamplona.com\/actualidad\/penultima-semana-de-catas-de-vino-y-queso-en-el-edificio-de-los-ascensores-de-descalzos-el-lunes-el-martes-y-el-miercoles\/#primaryimage","url":"","contentUrl":""},{"@type":"BreadcrumbList","@id":"https:\/\/www.laguiadepamplona.com\/actualidad\/penultima-semana-de-catas-de-vino-y-queso-en-el-edificio-de-los-ascensores-de-descalzos-el-lunes-el-martes-y-el-miercoles\/#breadcrumb","itemListElement":[{"@type":"ListItem","position":1,"name":"Portada","item":"https:\/\/www.laguiadepamplona.com\/actualidad\/"},{"@type":"ListItem","position":2,"name":"Pen\u00faltima semana de catas de vino y queso en el edificio de los ascensores de Descalzos el lunes, el martes y el mi\u00e9rcoles"}]},{"@type":"WebSite","@id":"https:\/\/www.laguiadepamplona.com\/actualidad\/#website","url":"https:\/\/www.laguiadepamplona.com\/actualidad\/","name":"La gu\u00eda de Pamplona","description":"Noticias de Pamplona","publisher":{"@id":"https:\/\/www.laguiadepamplona.com\/actualidad\/#organization"},"potentialAction":[{"@type":"SearchAction","target":{"@type":"EntryPoint","urlTemplate":"https:\/\/www.laguiadepamplona.com\/actualidad\/?s={search_term_string}"},"query-input":{"@type":"PropertyValueSpecification","valueRequired":true,"valueName":"search_term_string"}}],"inLanguage":"es"},{"@type":"Organization","@id":"https:\/\/www.laguiadepamplona.com\/actualidad\/#organization","name":"La Gu\u00eda de Pamplona \/ Noticias","url":"https:\/\/www.laguiadepamplona.com\/actualidad\/","logo":{"@type":"ImageObject","inLanguage":"es","@id":"https:\/\/www.laguiadepamplona.com\/actualidad\/#\/schema\/logo\/image\/","url":"https:\/\/www.laguiadepamplona.com\/actualidad\/wp-content\/uploads\/2018\/11\/logo-laguiadepamplona18-web1.png","contentUrl":"https:\/\/www.laguiadepamplona.com\/actualidad\/wp-content\/uploads\/2018\/11\/logo-laguiadepamplona18-web1.png","width":600,"height":196,"caption":"La Gu\u00eda de Pamplona \/ Noticias"},"image":{"@id":"https:\/\/www.laguiadepamplona.com\/actualidad\/#\/schema\/logo\/image\/"},"sameAs":["https:\/\/www.facebook.com\/laguiadepamplonacom-133175176762273\/?ref=hl","https:\/\/x.com\/LaGuiadPamplona","https:\/\/www.instagram.com\/la_guia_de_pamplona\/","https:\/\/www.youtube.com\/user\/laguiadepamplona"]},{"@type":"Person","@id":"https:\/\/www.laguiadepamplona.com\/actualidad\/#\/schema\/person\/efe887376f0213d4657c93adc50b1fdb","name":"La Gu\u00eda de Pamplona","image":{"@type":"ImageObject","inLanguage":"es","@id":"https:\/\/secure.gravatar.com\/avatar\/b6992f131dc8d30ab0dff15446e9d346d9dbd95992de0fef795073f5ea83a81c?s=96&d=mm&r=g","url":"https:\/\/secure.gravatar.com\/avatar\/b6992f131dc8d30ab0dff15446e9d346d9dbd95992de0fef795073f5ea83a81c?s=96&d=mm&r=g","contentUrl":"https:\/\/secure.gravatar.com\/avatar\/b6992f131dc8d30ab0dff15446e9d346d9dbd95992de0fef795073f5ea83a81c?s=96&d=mm&r=g","caption":"La Gu\u00eda de Pamplona"}}]}},"post_mailing_queue_ids":[],"_links":{"self":[{"href":"https:\/\/www.laguiadepamplona.com\/actualidad\/wp-json\/wp\/v2\/posts\/2717","targetHints":{"allow":["GET"]}}],"collection":[{"href":"https:\/\/www.laguiadepamplona.com\/actualidad\/wp-json\/wp\/v2\/posts"}],"about":[{"href":"https:\/\/www.laguiadepamplona.com\/actualidad\/wp-json\/wp\/v2\/types\/post"}],"author":[{"embeddable":true,"href":"https:\/\/www.laguiadepamplona.com\/actualidad\/wp-json\/wp\/v2\/users\/1"}],"replies":[{"embeddable":true,"href":"https:\/\/www.laguiadepamplona.com\/actualidad\/wp-json\/wp\/v2\/comments?post=2717"}],"version-history":[{"count":0,"href":"https:\/\/www.laguiadepamplona.com\/actualidad\/wp-json\/wp\/v2\/posts\/2717\/revisions"}],"wp:featuredmedia":[{"embeddable":true,"href":"https:\/\/www.laguiadepamplona.com\/actualidad\/wp-json\/"}],"wp:attachment":[{"href":"https:\/\/www.laguiadepamplona.com\/actualidad\/wp-json\/wp\/v2\/media?parent=2717"}],"wp:term":[{"taxonomy":"category","embeddable":true,"href":"https:\/\/www.laguiadepamplona.com\/actualidad\/wp-json\/wp\/v2\/categories?post=2717"},{"taxonomy":"post_tag","embeddable":true,"href":"https:\/\/www.laguiadepamplona.com\/actualidad\/wp-json\/wp\/v2\/tags?post=2717"}],"curies":[{"name":"wp","href":"https:\/\/api.w.org\/{rel}","templated":true}]}}