{"id":26961,"date":"2019-12-18T18:23:34","date_gmt":"2019-12-18T16:23:34","guid":{"rendered":"https:\/\/www.laguiadepamplona.es\/actualidad\/?p=26961"},"modified":"2019-12-18T18:23:46","modified_gmt":"2019-12-18T16:23:46","slug":"la-feria-de-navidad-de-la-plaza-del-castillo-ofrece-desde-este-viernes-27-casetas-de-venta-de-productos-artesanos-y-espacios-para-el-comercio-justo-y-la-presencia-de-ong","status":"publish","type":"post","link":"https:\/\/www.laguiadepamplona.com\/actualidad\/la-feria-de-navidad-de-la-plaza-del-castillo-ofrece-desde-este-viernes-27-casetas-de-venta-de-productos-artesanos-y-espacios-para-el-comercio-justo-y-la-presencia-de-ong\/","title":{"rendered":"La Feria de Navidad de la Plaza del Castillo ofrece, desde este viernes, 27 casetas de venta de productos artesanos y espacios para el comercio justo y la presencia de ONG"},"content":{"rendered":"<h5>El horario de la feria ser\u00e1 hasta el 5 de enero, excepto 25 de diciembre y 1 de enero, de 11 a 14 y de 17 a 20 horas<\/h5>\n<p><!--more--><\/p>\n<p>Un a\u00f1o m\u00e1s la Feria de Navidad, organizada por el Ayuntamiento de Pamplona, regresar\u00e1 a la Plaza del Castillo a partir de este viernes, 20 de diciembre. La concejala delegada de Gobierno Estrat\u00e9gico, Comercio y Turismo, <strong>Ana Elizalde<\/strong>, visitar\u00e1 <strong><u>los puestos a las 18 horas<\/u><\/strong>. A las 27 casetas de exposici\u00f3n y venta de productos artesanos este a\u00f1o se van a unir dos espacios en los que estar\u00e1n presentes el comercio justo y diversas ONG para dar a conocer sus iniciativas y, en algunos casos, poner a la venta sus productos.<\/p>\n<p><script async src=\"\/\/pagead2.googlesyndication.com\/pagead\/js\/adsbygoogle.js\"><\/script><br \/>\n<!-- Noticias La Guia de Pamplona --><br \/>\n<ins class=\"adsbygoogle\"\nstyle=\"display:block\"\ndata-ad-client=\"ca-pub-6943679897239327\"\ndata-ad-slot=\"7048180777\"\ndata-ad-format=\"auto\"><\/ins><br \/>\n<script>\n(adsbygoogle = window.adsbygoogle || []).push({});\n<\/script><\/p>\n<p>Las casetas de madera estar\u00e1n colocadas en un espacio emblem\u00e1tico del centro de la ciudad y rodeadas de la decoraci\u00f3n y la iluminaci\u00f3n t\u00edpicas de estas fechas del a\u00f1o. La Feria permanecer\u00e1 abierta hasta el 5 de enero, en horario de ma\u00f1ana y tarde de 11 a 14 y de 17 a 20 horas. \u00danicamente cerrar\u00e1 los mi\u00e9rcoles 25 de diciembre y 1 de enero. En los puestos se podr\u00e1n encontrar productos de alimentaci\u00f3n como chocolates, pastas, quesos, productos derivados del pato, mermeladas, barquillos o embutidos. Habr\u00e1 tambi\u00e9n otros productos con otro tipo de elaboraci\u00f3n, no alimentarios, como objetos y detalles en plata, marroquiner\u00eda y cuero, cer\u00e1mica decorada, artesan\u00eda textil, elementos de alfarer\u00eda, lanas o trabajos en vidrio.<\/p>\n<p>Adem\u00e1s de los puestos de venta de productos, se instalar\u00e1n dos casetas para acoger la presencia de las ONG. Una, de comercio justo, estar\u00e1 gestionada y atendida por Setem Navarra, y aglutinar\u00e1 a las distintas organizaciones que se dedican a promocionar el comercio justo en la ciudad. En la otra estar\u00e1n presentes el d\u00eda de la apertura M\u00e9dicos del Mundo; el 21 y 22 de diciembre la Fundaci\u00f3n Ilund\u00e1in Haritz Berri; al d\u00eda siguiente Sos Himalaya que repetir\u00e1 el d\u00eda 30; los d\u00edas 24, 29 y el 31 de diciembre Kibera Pride; el 26 de diciembre la Fundaci\u00f3n Gaztelan; el 27 Fundaci\u00f3n Secretariado Gitano y el 29 de diciembre Alboan. Ya en enero, el d\u00eda 2 participar\u00e1 Manos Unidas, al d\u00eda siguiente Nuevo Futuro y, para terminar, 4 y 5 de enero, Par\u00eds 365.<\/p>\n<p>La feria est\u00e1 organizada por el Ayuntamiento de Pamplona y la gesti\u00f3n de los puestos ha reca\u00eddo en la Asociaci\u00f3n de Elaboradores de Alimentos Artesanos, entidad adjudicataria del contrato correspondiente.<\/p>\n","protected":false},"excerpt":{"rendered":"<p>El horario de la feria ser\u00e1 hasta el 5 de enero, excepto 25 de diciembre y 1 de enero, de 11 a 14 y de 17 a 20 horas<\/p>\n","protected":false},"author":1,"featured_media":19965,"comment_status":"open","ping_status":"closed","sticky":false,"template":"","format":"standard","meta":{"footnotes":""},"categories":[2],"tags":[],"class_list":["post-26961","post","type-post","status-publish","format-standard","has-post-thumbnail","hentry","category-ayuntamiento-pamplona"],"yoast_head":"<!-- This site is optimized with the Yoast SEO plugin v27.5 - https:\/\/yoast.com\/product\/yoast-seo-wordpress\/ -->\n<title>La Feria de Navidad de la Plaza del Castillo ofrece, desde este viernes, 27 casetas de venta de productos artesanos y espacios para el comercio justo y la presencia de ONG<\/title>\n<meta name=\"robots\" content=\"index, follow, max-snippet:-1, max-image-preview:large, max-video-preview:-1\" \/>\n<link rel=\"canonical\" href=\"https:\/\/www.laguiadepamplona.com\/actualidad\/la-feria-de-navidad-de-la-plaza-del-castillo-ofrece-desde-este-viernes-27-casetas-de-venta-de-productos-artesanos-y-espacios-para-el-comercio-justo-y-la-presencia-de-ong\/\" \/>\n<meta property=\"og:locale\" content=\"es_ES\" \/>\n<meta property=\"og:type\" content=\"article\" \/>\n<meta property=\"og:title\" content=\"La Feria de Navidad de la Plaza del Castillo ofrece, desde este viernes, 27 casetas de venta de productos artesanos y espacios para el comercio justo y la presencia de ONG\" \/>\n<meta property=\"og:description\" content=\"El horario de la feria ser\u00e1 hasta el 5 de enero, excepto 25 de diciembre y 1 de enero, de 11 a 14 y de 17 a 20 horas\" \/>\n<meta property=\"og:url\" content=\"https:\/\/www.laguiadepamplona.com\/actualidad\/la-feria-de-navidad-de-la-plaza-del-castillo-ofrece-desde-este-viernes-27-casetas-de-venta-de-productos-artesanos-y-espacios-para-el-comercio-justo-y-la-presencia-de-ong\/\" \/>\n<meta property=\"og:site_name\" content=\"La Gu\u00eda de Pamplona\" \/>\n<meta property=\"article:publisher\" content=\"https:\/\/www.facebook.com\/laguiadepamplonacom-133175176762273\/?ref=hl\" \/>\n<meta property=\"article:published_time\" content=\"2019-12-18T16:23:34+00:00\" \/>\n<meta property=\"article:modified_time\" content=\"2019-12-18T16:23:46+00:00\" \/>\n<meta property=\"og:image\" content=\"https:\/\/www.laguiadepamplona.com\/actualidad\/wp-content\/uploads\/2019\/01\/plaza-castillo-navidad-18.jpg\" \/>\n\t<meta property=\"og:image:width\" content=\"1000\" \/>\n\t<meta property=\"og:image:height\" content=\"563\" \/>\n\t<meta property=\"og:image:type\" content=\"image\/jpeg\" \/>\n<meta name=\"author\" content=\"La Gu\u00eda de Pamplona\" \/>\n<meta name=\"twitter:card\" content=\"summary_large_image\" \/>\n<meta name=\"twitter:creator\" content=\"@LaGuiadPamplona\" \/>\n<meta name=\"twitter:site\" content=\"@LaGuiadPamplona\" \/>\n<meta name=\"twitter:label1\" content=\"Escrito por\" \/>\n\t<meta name=\"twitter:data1\" content=\"La Gu\u00eda de Pamplona\" \/>\n\t<meta name=\"twitter:label2\" content=\"Tiempo de lectura\" \/>\n\t<meta name=\"twitter:data2\" content=\"2 minutos\" \/>\n<script type=\"application\/ld+json\" class=\"yoast-schema-graph\">{\"@context\":\"https:\\\/\\\/schema.org\",\"@graph\":[{\"@type\":\"Article\",\"@id\":\"https:\\\/\\\/www.laguiadepamplona.com\\\/actualidad\\\/la-feria-de-navidad-de-la-plaza-del-castillo-ofrece-desde-este-viernes-27-casetas-de-venta-de-productos-artesanos-y-espacios-para-el-comercio-justo-y-la-presencia-de-ong\\\/#article\",\"isPartOf\":{\"@id\":\"https:\\\/\\\/www.laguiadepamplona.com\\\/actualidad\\\/la-feria-de-navidad-de-la-plaza-del-castillo-ofrece-desde-este-viernes-27-casetas-de-venta-de-productos-artesanos-y-espacios-para-el-comercio-justo-y-la-presencia-de-ong\\\/\"},\"author\":{\"name\":\"La Gu\u00eda de Pamplona\",\"@id\":\"https:\\\/\\\/www.laguiadepamplona.com\\\/actualidad\\\/#\\\/schema\\\/person\\\/efe887376f0213d4657c93adc50b1fdb\"},\"headline\":\"La Feria de Navidad de la Plaza del Castillo ofrece, desde este viernes, 27 casetas de venta de productos artesanos y espacios para el comercio justo y la presencia de ONG\",\"datePublished\":\"2019-12-18T16:23:34+00:00\",\"dateModified\":\"2019-12-18T16:23:46+00:00\",\"mainEntityOfPage\":{\"@id\":\"https:\\\/\\\/www.laguiadepamplona.com\\\/actualidad\\\/la-feria-de-navidad-de-la-plaza-del-castillo-ofrece-desde-este-viernes-27-casetas-de-venta-de-productos-artesanos-y-espacios-para-el-comercio-justo-y-la-presencia-de-ong\\\/\"},\"wordCount\":442,\"commentCount\":0,\"publisher\":{\"@id\":\"https:\\\/\\\/www.laguiadepamplona.com\\\/actualidad\\\/#organization\"},\"image\":{\"@id\":\"https:\\\/\\\/www.laguiadepamplona.com\\\/actualidad\\\/la-feria-de-navidad-de-la-plaza-del-castillo-ofrece-desde-este-viernes-27-casetas-de-venta-de-productos-artesanos-y-espacios-para-el-comercio-justo-y-la-presencia-de-ong\\\/#primaryimage\"},\"thumbnailUrl\":\"https:\\\/\\\/www.laguiadepamplona.com\\\/actualidad\\\/wp-content\\\/uploads\\\/2019\\\/01\\\/plaza-castillo-navidad-18.jpg\",\"articleSection\":[\"Ayto Pamplona\"],\"inLanguage\":\"es\",\"potentialAction\":[{\"@type\":\"CommentAction\",\"name\":\"Comment\",\"target\":[\"https:\\\/\\\/www.laguiadepamplona.com\\\/actualidad\\\/la-feria-de-navidad-de-la-plaza-del-castillo-ofrece-desde-este-viernes-27-casetas-de-venta-de-productos-artesanos-y-espacios-para-el-comercio-justo-y-la-presencia-de-ong\\\/#respond\"]}]},{\"@type\":\"WebPage\",\"@id\":\"https:\\\/\\\/www.laguiadepamplona.com\\\/actualidad\\\/la-feria-de-navidad-de-la-plaza-del-castillo-ofrece-desde-este-viernes-27-casetas-de-venta-de-productos-artesanos-y-espacios-para-el-comercio-justo-y-la-presencia-de-ong\\\/\",\"url\":\"https:\\\/\\\/www.laguiadepamplona.com\\\/actualidad\\\/la-feria-de-navidad-de-la-plaza-del-castillo-ofrece-desde-este-viernes-27-casetas-de-venta-de-productos-artesanos-y-espacios-para-el-comercio-justo-y-la-presencia-de-ong\\\/\",\"name\":\"La Feria de Navidad de la Plaza del Castillo ofrece, desde este viernes, 27 casetas de venta de productos artesanos y espacios para el comercio justo y la presencia de ONG\",\"isPartOf\":{\"@id\":\"https:\\\/\\\/www.laguiadepamplona.com\\\/actualidad\\\/#website\"},\"primaryImageOfPage\":{\"@id\":\"https:\\\/\\\/www.laguiadepamplona.com\\\/actualidad\\\/la-feria-de-navidad-de-la-plaza-del-castillo-ofrece-desde-este-viernes-27-casetas-de-venta-de-productos-artesanos-y-espacios-para-el-comercio-justo-y-la-presencia-de-ong\\\/#primaryimage\"},\"image\":{\"@id\":\"https:\\\/\\\/www.laguiadepamplona.com\\\/actualidad\\\/la-feria-de-navidad-de-la-plaza-del-castillo-ofrece-desde-este-viernes-27-casetas-de-venta-de-productos-artesanos-y-espacios-para-el-comercio-justo-y-la-presencia-de-ong\\\/#primaryimage\"},\"thumbnailUrl\":\"https:\\\/\\\/www.laguiadepamplona.com\\\/actualidad\\\/wp-content\\\/uploads\\\/2019\\\/01\\\/plaza-castillo-navidad-18.jpg\",\"datePublished\":\"2019-12-18T16:23:34+00:00\",\"dateModified\":\"2019-12-18T16:23:46+00:00\",\"breadcrumb\":{\"@id\":\"https:\\\/\\\/www.laguiadepamplona.com\\\/actualidad\\\/la-feria-de-navidad-de-la-plaza-del-castillo-ofrece-desde-este-viernes-27-casetas-de-venta-de-productos-artesanos-y-espacios-para-el-comercio-justo-y-la-presencia-de-ong\\\/#breadcrumb\"},\"inLanguage\":\"es\",\"potentialAction\":[{\"@type\":\"ReadAction\",\"target\":[\"https:\\\/\\\/www.laguiadepamplona.com\\\/actualidad\\\/la-feria-de-navidad-de-la-plaza-del-castillo-ofrece-desde-este-viernes-27-casetas-de-venta-de-productos-artesanos-y-espacios-para-el-comercio-justo-y-la-presencia-de-ong\\\/\"]}]},{\"@type\":\"ImageObject\",\"inLanguage\":\"es\",\"@id\":\"https:\\\/\\\/www.laguiadepamplona.com\\\/actualidad\\\/la-feria-de-navidad-de-la-plaza-del-castillo-ofrece-desde-este-viernes-27-casetas-de-venta-de-productos-artesanos-y-espacios-para-el-comercio-justo-y-la-presencia-de-ong\\\/#primaryimage\",\"url\":\"https:\\\/\\\/www.laguiadepamplona.com\\\/actualidad\\\/wp-content\\\/uploads\\\/2019\\\/01\\\/plaza-castillo-navidad-18.jpg\",\"contentUrl\":\"https:\\\/\\\/www.laguiadepamplona.com\\\/actualidad\\\/wp-content\\\/uploads\\\/2019\\\/01\\\/plaza-castillo-navidad-18.jpg\",\"width\":1000,\"height\":563},{\"@type\":\"BreadcrumbList\",\"@id\":\"https:\\\/\\\/www.laguiadepamplona.com\\\/actualidad\\\/la-feria-de-navidad-de-la-plaza-del-castillo-ofrece-desde-este-viernes-27-casetas-de-venta-de-productos-artesanos-y-espacios-para-el-comercio-justo-y-la-presencia-de-ong\\\/#breadcrumb\",\"itemListElement\":[{\"@type\":\"ListItem\",\"position\":1,\"name\":\"Portada\",\"item\":\"https:\\\/\\\/www.laguiadepamplona.com\\\/actualidad\\\/\"},{\"@type\":\"ListItem\",\"position\":2,\"name\":\"La Feria de Navidad de la Plaza del Castillo ofrece, desde este viernes, 27 casetas de venta de productos artesanos y espacios para el comercio justo y la presencia de ONG\"}]},{\"@type\":\"WebSite\",\"@id\":\"https:\\\/\\\/www.laguiadepamplona.com\\\/actualidad\\\/#website\",\"url\":\"https:\\\/\\\/www.laguiadepamplona.com\\\/actualidad\\\/\",\"name\":\"La gu\u00eda de Pamplona\",\"description\":\"Noticias de Pamplona\",\"publisher\":{\"@id\":\"https:\\\/\\\/www.laguiadepamplona.com\\\/actualidad\\\/#organization\"},\"potentialAction\":[{\"@type\":\"SearchAction\",\"target\":{\"@type\":\"EntryPoint\",\"urlTemplate\":\"https:\\\/\\\/www.laguiadepamplona.com\\\/actualidad\\\/?s={search_term_string}\"},\"query-input\":{\"@type\":\"PropertyValueSpecification\",\"valueRequired\":true,\"valueName\":\"search_term_string\"}}],\"inLanguage\":\"es\"},{\"@type\":\"Organization\",\"@id\":\"https:\\\/\\\/www.laguiadepamplona.com\\\/actualidad\\\/#organization\",\"name\":\"La Gu\u00eda de Pamplona \\\/ Noticias\",\"url\":\"https:\\\/\\\/www.laguiadepamplona.com\\\/actualidad\\\/\",\"logo\":{\"@type\":\"ImageObject\",\"inLanguage\":\"es\",\"@id\":\"https:\\\/\\\/www.laguiadepamplona.com\\\/actualidad\\\/#\\\/schema\\\/logo\\\/image\\\/\",\"url\":\"https:\\\/\\\/www.laguiadepamplona.com\\\/actualidad\\\/wp-content\\\/uploads\\\/2018\\\/11\\\/logo-laguiadepamplona18-web1.png\",\"contentUrl\":\"https:\\\/\\\/www.laguiadepamplona.com\\\/actualidad\\\/wp-content\\\/uploads\\\/2018\\\/11\\\/logo-laguiadepamplona18-web1.png\",\"width\":600,\"height\":196,\"caption\":\"La Gu\u00eda de Pamplona \\\/ Noticias\"},\"image\":{\"@id\":\"https:\\\/\\\/www.laguiadepamplona.com\\\/actualidad\\\/#\\\/schema\\\/logo\\\/image\\\/\"},\"sameAs\":[\"https:\\\/\\\/www.facebook.com\\\/laguiadepamplonacom-133175176762273\\\/?ref=hl\",\"https:\\\/\\\/x.com\\\/LaGuiadPamplona\",\"https:\\\/\\\/www.instagram.com\\\/la_guia_de_pamplona\\\/\",\"https:\\\/\\\/www.youtube.com\\\/user\\\/laguiadepamplona\"]},{\"@type\":\"Person\",\"@id\":\"https:\\\/\\\/www.laguiadepamplona.com\\\/actualidad\\\/#\\\/schema\\\/person\\\/efe887376f0213d4657c93adc50b1fdb\",\"name\":\"La Gu\u00eda de Pamplona\",\"image\":{\"@type\":\"ImageObject\",\"inLanguage\":\"es\",\"@id\":\"https:\\\/\\\/secure.gravatar.com\\\/avatar\\\/b6992f131dc8d30ab0dff15446e9d346d9dbd95992de0fef795073f5ea83a81c?s=96&d=mm&r=g\",\"url\":\"https:\\\/\\\/secure.gravatar.com\\\/avatar\\\/b6992f131dc8d30ab0dff15446e9d346d9dbd95992de0fef795073f5ea83a81c?s=96&d=mm&r=g\",\"contentUrl\":\"https:\\\/\\\/secure.gravatar.com\\\/avatar\\\/b6992f131dc8d30ab0dff15446e9d346d9dbd95992de0fef795073f5ea83a81c?s=96&d=mm&r=g\",\"caption\":\"La Gu\u00eda de Pamplona\"}}]}<\/script>\n<!-- \/ Yoast SEO plugin. -->","yoast_head_json":{"title":"La Feria de Navidad de la Plaza del Castillo ofrece, desde este viernes, 27 casetas de venta de productos artesanos y espacios para el comercio justo y la presencia de ONG","robots":{"index":"index","follow":"follow","max-snippet":"max-snippet:-1","max-image-preview":"max-image-preview:large","max-video-preview":"max-video-preview:-1"},"canonical":"https:\/\/www.laguiadepamplona.com\/actualidad\/la-feria-de-navidad-de-la-plaza-del-castillo-ofrece-desde-este-viernes-27-casetas-de-venta-de-productos-artesanos-y-espacios-para-el-comercio-justo-y-la-presencia-de-ong\/","og_locale":"es_ES","og_type":"article","og_title":"La Feria de Navidad de la Plaza del Castillo ofrece, desde este viernes, 27 casetas de venta de productos artesanos y espacios para el comercio justo y la presencia de ONG","og_description":"El horario de la feria ser\u00e1 hasta el 5 de enero, excepto 25 de diciembre y 1 de enero, de 11 a 14 y de 17 a 20 horas","og_url":"https:\/\/www.laguiadepamplona.com\/actualidad\/la-feria-de-navidad-de-la-plaza-del-castillo-ofrece-desde-este-viernes-27-casetas-de-venta-de-productos-artesanos-y-espacios-para-el-comercio-justo-y-la-presencia-de-ong\/","og_site_name":"La Gu\u00eda de Pamplona","article_publisher":"https:\/\/www.facebook.com\/laguiadepamplonacom-133175176762273\/?ref=hl","article_published_time":"2019-12-18T16:23:34+00:00","article_modified_time":"2019-12-18T16:23:46+00:00","og_image":[{"width":1000,"height":563,"url":"https:\/\/www.laguiadepamplona.com\/actualidad\/wp-content\/uploads\/2019\/01\/plaza-castillo-navidad-18.jpg","type":"image\/jpeg"}],"author":"La Gu\u00eda de Pamplona","twitter_card":"summary_large_image","twitter_creator":"@LaGuiadPamplona","twitter_site":"@LaGuiadPamplona","twitter_misc":{"Escrito por":"La Gu\u00eda de Pamplona","Tiempo de lectura":"2 minutos"},"schema":{"@context":"https:\/\/schema.org","@graph":[{"@type":"Article","@id":"https:\/\/www.laguiadepamplona.com\/actualidad\/la-feria-de-navidad-de-la-plaza-del-castillo-ofrece-desde-este-viernes-27-casetas-de-venta-de-productos-artesanos-y-espacios-para-el-comercio-justo-y-la-presencia-de-ong\/#article","isPartOf":{"@id":"https:\/\/www.laguiadepamplona.com\/actualidad\/la-feria-de-navidad-de-la-plaza-del-castillo-ofrece-desde-este-viernes-27-casetas-de-venta-de-productos-artesanos-y-espacios-para-el-comercio-justo-y-la-presencia-de-ong\/"},"author":{"name":"La Gu\u00eda de Pamplona","@id":"https:\/\/www.laguiadepamplona.com\/actualidad\/#\/schema\/person\/efe887376f0213d4657c93adc50b1fdb"},"headline":"La Feria de Navidad de la Plaza del Castillo ofrece, desde este viernes, 27 casetas de venta de productos artesanos y espacios para el comercio justo y la presencia de ONG","datePublished":"2019-12-18T16:23:34+00:00","dateModified":"2019-12-18T16:23:46+00:00","mainEntityOfPage":{"@id":"https:\/\/www.laguiadepamplona.com\/actualidad\/la-feria-de-navidad-de-la-plaza-del-castillo-ofrece-desde-este-viernes-27-casetas-de-venta-de-productos-artesanos-y-espacios-para-el-comercio-justo-y-la-presencia-de-ong\/"},"wordCount":442,"commentCount":0,"publisher":{"@id":"https:\/\/www.laguiadepamplona.com\/actualidad\/#organization"},"image":{"@id":"https:\/\/www.laguiadepamplona.com\/actualidad\/la-feria-de-navidad-de-la-plaza-del-castillo-ofrece-desde-este-viernes-27-casetas-de-venta-de-productos-artesanos-y-espacios-para-el-comercio-justo-y-la-presencia-de-ong\/#primaryimage"},"thumbnailUrl":"https:\/\/www.laguiadepamplona.com\/actualidad\/wp-content\/uploads\/2019\/01\/plaza-castillo-navidad-18.jpg","articleSection":["Ayto Pamplona"],"inLanguage":"es","potentialAction":[{"@type":"CommentAction","name":"Comment","target":["https:\/\/www.laguiadepamplona.com\/actualidad\/la-feria-de-navidad-de-la-plaza-del-castillo-ofrece-desde-este-viernes-27-casetas-de-venta-de-productos-artesanos-y-espacios-para-el-comercio-justo-y-la-presencia-de-ong\/#respond"]}]},{"@type":"WebPage","@id":"https:\/\/www.laguiadepamplona.com\/actualidad\/la-feria-de-navidad-de-la-plaza-del-castillo-ofrece-desde-este-viernes-27-casetas-de-venta-de-productos-artesanos-y-espacios-para-el-comercio-justo-y-la-presencia-de-ong\/","url":"https:\/\/www.laguiadepamplona.com\/actualidad\/la-feria-de-navidad-de-la-plaza-del-castillo-ofrece-desde-este-viernes-27-casetas-de-venta-de-productos-artesanos-y-espacios-para-el-comercio-justo-y-la-presencia-de-ong\/","name":"La Feria de Navidad de la Plaza del Castillo ofrece, desde este viernes, 27 casetas de venta de productos artesanos y espacios para el comercio justo y la presencia de ONG","isPartOf":{"@id":"https:\/\/www.laguiadepamplona.com\/actualidad\/#website"},"primaryImageOfPage":{"@id":"https:\/\/www.laguiadepamplona.com\/actualidad\/la-feria-de-navidad-de-la-plaza-del-castillo-ofrece-desde-este-viernes-27-casetas-de-venta-de-productos-artesanos-y-espacios-para-el-comercio-justo-y-la-presencia-de-ong\/#primaryimage"},"image":{"@id":"https:\/\/www.laguiadepamplona.com\/actualidad\/la-feria-de-navidad-de-la-plaza-del-castillo-ofrece-desde-este-viernes-27-casetas-de-venta-de-productos-artesanos-y-espacios-para-el-comercio-justo-y-la-presencia-de-ong\/#primaryimage"},"thumbnailUrl":"https:\/\/www.laguiadepamplona.com\/actualidad\/wp-content\/uploads\/2019\/01\/plaza-castillo-navidad-18.jpg","datePublished":"2019-12-18T16:23:34+00:00","dateModified":"2019-12-18T16:23:46+00:00","breadcrumb":{"@id":"https:\/\/www.laguiadepamplona.com\/actualidad\/la-feria-de-navidad-de-la-plaza-del-castillo-ofrece-desde-este-viernes-27-casetas-de-venta-de-productos-artesanos-y-espacios-para-el-comercio-justo-y-la-presencia-de-ong\/#breadcrumb"},"inLanguage":"es","potentialAction":[{"@type":"ReadAction","target":["https:\/\/www.laguiadepamplona.com\/actualidad\/la-feria-de-navidad-de-la-plaza-del-castillo-ofrece-desde-este-viernes-27-casetas-de-venta-de-productos-artesanos-y-espacios-para-el-comercio-justo-y-la-presencia-de-ong\/"]}]},{"@type":"ImageObject","inLanguage":"es","@id":"https:\/\/www.laguiadepamplona.com\/actualidad\/la-feria-de-navidad-de-la-plaza-del-castillo-ofrece-desde-este-viernes-27-casetas-de-venta-de-productos-artesanos-y-espacios-para-el-comercio-justo-y-la-presencia-de-ong\/#primaryimage","url":"https:\/\/www.laguiadepamplona.com\/actualidad\/wp-content\/uploads\/2019\/01\/plaza-castillo-navidad-18.jpg","contentUrl":"https:\/\/www.laguiadepamplona.com\/actualidad\/wp-content\/uploads\/2019\/01\/plaza-castillo-navidad-18.jpg","width":1000,"height":563},{"@type":"BreadcrumbList","@id":"https:\/\/www.laguiadepamplona.com\/actualidad\/la-feria-de-navidad-de-la-plaza-del-castillo-ofrece-desde-este-viernes-27-casetas-de-venta-de-productos-artesanos-y-espacios-para-el-comercio-justo-y-la-presencia-de-ong\/#breadcrumb","itemListElement":[{"@type":"ListItem","position":1,"name":"Portada","item":"https:\/\/www.laguiadepamplona.com\/actualidad\/"},{"@type":"ListItem","position":2,"name":"La Feria de Navidad de la Plaza del Castillo ofrece, desde este viernes, 27 casetas de venta de productos artesanos y espacios para el comercio justo y la presencia de ONG"}]},{"@type":"WebSite","@id":"https:\/\/www.laguiadepamplona.com\/actualidad\/#website","url":"https:\/\/www.laguiadepamplona.com\/actualidad\/","name":"La gu\u00eda de Pamplona","description":"Noticias de Pamplona","publisher":{"@id":"https:\/\/www.laguiadepamplona.com\/actualidad\/#organization"},"potentialAction":[{"@type":"SearchAction","target":{"@type":"EntryPoint","urlTemplate":"https:\/\/www.laguiadepamplona.com\/actualidad\/?s={search_term_string}"},"query-input":{"@type":"PropertyValueSpecification","valueRequired":true,"valueName":"search_term_string"}}],"inLanguage":"es"},{"@type":"Organization","@id":"https:\/\/www.laguiadepamplona.com\/actualidad\/#organization","name":"La Gu\u00eda de Pamplona \/ Noticias","url":"https:\/\/www.laguiadepamplona.com\/actualidad\/","logo":{"@type":"ImageObject","inLanguage":"es","@id":"https:\/\/www.laguiadepamplona.com\/actualidad\/#\/schema\/logo\/image\/","url":"https:\/\/www.laguiadepamplona.com\/actualidad\/wp-content\/uploads\/2018\/11\/logo-laguiadepamplona18-web1.png","contentUrl":"https:\/\/www.laguiadepamplona.com\/actualidad\/wp-content\/uploads\/2018\/11\/logo-laguiadepamplona18-web1.png","width":600,"height":196,"caption":"La Gu\u00eda de Pamplona \/ Noticias"},"image":{"@id":"https:\/\/www.laguiadepamplona.com\/actualidad\/#\/schema\/logo\/image\/"},"sameAs":["https:\/\/www.facebook.com\/laguiadepamplonacom-133175176762273\/?ref=hl","https:\/\/x.com\/LaGuiadPamplona","https:\/\/www.instagram.com\/la_guia_de_pamplona\/","https:\/\/www.youtube.com\/user\/laguiadepamplona"]},{"@type":"Person","@id":"https:\/\/www.laguiadepamplona.com\/actualidad\/#\/schema\/person\/efe887376f0213d4657c93adc50b1fdb","name":"La Gu\u00eda de Pamplona","image":{"@type":"ImageObject","inLanguage":"es","@id":"https:\/\/secure.gravatar.com\/avatar\/b6992f131dc8d30ab0dff15446e9d346d9dbd95992de0fef795073f5ea83a81c?s=96&d=mm&r=g","url":"https:\/\/secure.gravatar.com\/avatar\/b6992f131dc8d30ab0dff15446e9d346d9dbd95992de0fef795073f5ea83a81c?s=96&d=mm&r=g","contentUrl":"https:\/\/secure.gravatar.com\/avatar\/b6992f131dc8d30ab0dff15446e9d346d9dbd95992de0fef795073f5ea83a81c?s=96&d=mm&r=g","caption":"La Gu\u00eda de Pamplona"}}]}},"post_mailing_queue_ids":[],"_links":{"self":[{"href":"https:\/\/www.laguiadepamplona.com\/actualidad\/wp-json\/wp\/v2\/posts\/26961","targetHints":{"allow":["GET"]}}],"collection":[{"href":"https:\/\/www.laguiadepamplona.com\/actualidad\/wp-json\/wp\/v2\/posts"}],"about":[{"href":"https:\/\/www.laguiadepamplona.com\/actualidad\/wp-json\/wp\/v2\/types\/post"}],"author":[{"embeddable":true,"href":"https:\/\/www.laguiadepamplona.com\/actualidad\/wp-json\/wp\/v2\/users\/1"}],"replies":[{"embeddable":true,"href":"https:\/\/www.laguiadepamplona.com\/actualidad\/wp-json\/wp\/v2\/comments?post=26961"}],"version-history":[{"count":0,"href":"https:\/\/www.laguiadepamplona.com\/actualidad\/wp-json\/wp\/v2\/posts\/26961\/revisions"}],"wp:featuredmedia":[{"embeddable":true,"href":"https:\/\/www.laguiadepamplona.com\/actualidad\/wp-json\/wp\/v2\/media\/19965"}],"wp:attachment":[{"href":"https:\/\/www.laguiadepamplona.com\/actualidad\/wp-json\/wp\/v2\/media?parent=26961"}],"wp:term":[{"taxonomy":"category","embeddable":true,"href":"https:\/\/www.laguiadepamplona.com\/actualidad\/wp-json\/wp\/v2\/categories?post=26961"},{"taxonomy":"post_tag","embeddable":true,"href":"https:\/\/www.laguiadepamplona.com\/actualidad\/wp-json\/wp\/v2\/tags?post=26961"}],"curies":[{"name":"wp","href":"https:\/\/api.w.org\/{rel}","templated":true}]}}