{"id":2693,"date":"2014-08-13T11:58:02","date_gmt":"2014-08-13T11:58:02","guid":{"rendered":"http:\/\/laguiadepamplona.com\/actualidad\/?p=2693"},"modified":"2014-08-13T11:58:02","modified_gmt":"2014-08-13T11:58:02","slug":"un-panorama-sobre-el-flamenco-que-se-esta-haciendo-en-pamplona-llega-manana-a-la-ciudadela-de-la-mano-de-la-experimentacion-de-orai-dentro-del-ciclo-sabikerando","status":"publish","type":"post","link":"https:\/\/www.laguiadepamplona.com\/actualidad\/un-panorama-sobre-el-flamenco-que-se-esta-haciendo-en-pamplona-llega-manana-a-la-ciudadela-de-la-mano-de-la-experimentacion-de-orai-dentro-del-ciclo-sabikerando\/","title":{"rendered":"Un panorama sobre el flamenco que se est\u00e1 haciendo en Pamplona llega ma\u00f1ana a la Ciudadela, de la mano de la experimentaci\u00f3n de Orai, dentro del ciclo Sabikerando"},"content":{"rendered":"<h4>La propuesta es, adem\u00e1s, un proyecto de investigaci\u00f3n y experimentaci\u00f3n<\/h4>\n<p><a href=\"http:\/\/laguiadepamplona.com\/actualidad\/wp-content\/uploads\/2014\/08\/sabikerando-orai.jpg\"><img loading=\"lazy\" decoding=\"async\" class=\"alignleft size-medium wp-image-2713\" src=\"http:\/\/laguiadepamplona.com\/actualidad\/wp-content\/uploads\/2014\/08\/sabikerando-orai-300x153.jpg\" alt=\"sabikerando orai\" width=\"300\" height=\"153\" \/><\/a>Este jueves contin\u00faa el ciclo \u2018Sabikerando. Haciendo Sabicas\u2019, el espacio que \u2018Ciudadelarte\u2019 reserva como homenaje estival al guitarrista pamplon\u00e9s Agust\u00edn Castell\u00f3n Campos. Y lo hace con la actuaci\u00f3n de \u2018Orai\u2019 una formaci\u00f3n pamplonesa que combina la experiencia y la trayectoria de algunos de sus integrantes, con nuevos valores. Recoge variaciones y armon\u00edas hacia la Bossanova y al Jazz, en l\u00edneas mel\u00f3dicas muy identificables y expresivas, soportadas en una voz flamenca gitana.<\/p>\n<p>\u2018Orai\u2019 es una idea de investigaci\u00f3n de flamenco en colaboraci\u00f3n con la escuela de baile Raquel Fern\u00e1ndez. La parte musical est\u00e1 formada por Juan Mu\u00f1oz \u2018El Jolis\u2019 (voz), el percusionista Keko Galindo, Javi V\u00e1zquez al teclado, los guitarristas pamploneses Pedro Planillo y Rafael Borja, y la violinista Claudia Oses. Su interacci\u00f3n, a trav\u00e9s de temas de Pedro Planillo como \u2018Alas m\u00e1gicas\u2019 o \u2018Arc\u00e1ngel\u2019, de versiones de repertorio o de m\u00fasica popular flamenca, quiere mostrar una panor\u00e1mica de lo que se est\u00e1 haciendo actualmente en flamenco en la ciudad. Los asistentes al espect\u00e1culo de ma\u00f1ana podr\u00e1n escuchar flamenco-fusi\u00f3n, tangos, buler\u00edas, temas instrumentales&#8230;.<\/p>\n<p>La actividad, de entrada libre, comenzar\u00e1 en el escenario exterior de la Sala de Armas a las 20 horas y durar\u00e1n de 60 a 75 minutos. La pr\u00f3xima actuaci\u00f3n de Sabikerando, que ser\u00e1 la que cierre el ciclo tendr\u00e1 lugar el pr\u00f3ximo jueves 21 de agosto con el espect\u00e1culo del catal\u00e1n Juan Rafael Cort\u00e9s Santiago \u2018Duquende\u2019.<\/p>\n<p>Este ciclo municipal se realiza en coordinaci\u00f3n con la Federaci\u00f3n de Asociaciones Gitanas de Navarra \u2018Gaz Kal\u00f3\u2019. El ciclo, adem\u00e1s ser un tributo al guitarrista pretende es convertir a la Ciudadela en punto de encuentro entre comunidades. Todos los espect\u00e1culos se incluyen en el programa Ciudadelarte, dentro del proyecto de valorizaci\u00f3n tur\u00edstica y cultural de las fortificaciones de Pamplona y Bayona, <em>Fortius<\/em>, que est\u00e1 subvencionado por fondos FEDER. Fortius forma parte del Programa Operativo Territorial Espa\u00f1a-Francia-Andorra (POCTEFA), gestionado a trav\u00e9s de la Comunidad de Trabajo de los Pirineos (CTP).<\/p>\n<p><strong>\u2018sabikerando\u2019. homenaje a sabicas<\/strong><\/p>\n<ul>\n<li><strong>Lugar:<\/strong>Escenario de la Sala de Armas de la Ciudadela<\/li>\n<li><strong>Hora:<\/strong> 20 horas<\/li>\n<li>Entrada libre<\/li>\n<li>Jueves 14 de agosto<\/li>\n<li><strong>Orai <\/strong>(m\u00fasica flamenca)<\/li>\n<li>Interpretes: Juan Mu\u00f1oz \u2018El Jolis\u2019 (voz), el percusionista Keko Galindo, Javi V\u00e1zquez al teclado, los guitarristas Pedro Planillo y Rafael Borja, y la violinista Claudia Oses.<\/li>\n<\/ul>\n<p>&nbsp;<\/p>\n<ul>\n<li>Jueves 21 de agosto<\/li>\n<li><strong>Juan Rafael Cort\u00e9s Santiago \u2018Duquende\u2019\u2019<\/strong> (cante flamenco)<\/li>\n<\/ul>\n<p>&nbsp;<\/p>\n","protected":false},"excerpt":{"rendered":"<p>La propuesta es, adem\u00e1s, un proyecto de investigaci\u00f3n y experimentaci\u00f3n Este jueves contin\u00faa el ciclo \u2018Sabikerando. Haciendo Sabicas\u2019, el espacio que \u2018Ciudadelarte\u2019 reserva como homenaje estival al guitarrista pamplon\u00e9s Agust\u00edn&#8230;<\/p>\n","protected":false},"author":1,"featured_media":2713,"comment_status":"open","ping_status":"open","sticky":false,"template":"","format":"standard","meta":{"footnotes":""},"categories":[2],"tags":[199,5,6,509,2057,2211,8,2306,9,2213],"class_list":["post-2693","post","type-post","status-publish","format-standard","has-post-thumbnail","hentry","category-ayuntamiento-pamplona","tag-199","tag-actualidad","tag-ayto-pamplona","tag-ayuntamiento-de-pamplona","tag-ciudadelarte","tag-haciendo-sabicas","tag-noticias","tag-orai-musica-flamenca","tag-pamplona","tag-sabikerando"],"yoast_head":"<!-- This site is optimized with the Yoast SEO plugin v27.5 - https:\/\/yoast.com\/product\/yoast-seo-wordpress\/ -->\n<title>Un panorama sobre el flamenco que se est\u00e1 haciendo en Pamplona llega ma\u00f1ana a la Ciudadela, de la mano de la experimentaci\u00f3n de Orai, dentro del ciclo Sabikerando<\/title>\n<meta name=\"robots\" content=\"index, follow, max-snippet:-1, max-image-preview:large, max-video-preview:-1\" \/>\n<link rel=\"canonical\" href=\"https:\/\/www.laguiadepamplona.com\/actualidad\/un-panorama-sobre-el-flamenco-que-se-esta-haciendo-en-pamplona-llega-manana-a-la-ciudadela-de-la-mano-de-la-experimentacion-de-orai-dentro-del-ciclo-sabikerando\/\" \/>\n<meta property=\"og:locale\" content=\"es_ES\" \/>\n<meta property=\"og:type\" content=\"article\" \/>\n<meta property=\"og:title\" content=\"Un panorama sobre el flamenco que se est\u00e1 haciendo en Pamplona llega ma\u00f1ana a la Ciudadela, de la mano de la experimentaci\u00f3n de Orai, dentro del ciclo Sabikerando\" \/>\n<meta property=\"og:description\" content=\"La propuesta es, adem\u00e1s, un proyecto de investigaci\u00f3n y experimentaci\u00f3n Este jueves contin\u00faa el ciclo \u2018Sabikerando. Haciendo Sabicas\u2019, el espacio que \u2018Ciudadelarte\u2019 reserva como homenaje estival al guitarrista pamplon\u00e9s Agust\u00edn...\" \/>\n<meta property=\"og:url\" content=\"https:\/\/www.laguiadepamplona.com\/actualidad\/un-panorama-sobre-el-flamenco-que-se-esta-haciendo-en-pamplona-llega-manana-a-la-ciudadela-de-la-mano-de-la-experimentacion-de-orai-dentro-del-ciclo-sabikerando\/\" \/>\n<meta property=\"og:site_name\" content=\"La Gu\u00eda de Pamplona\" \/>\n<meta property=\"article:publisher\" content=\"https:\/\/www.facebook.com\/laguiadepamplonacom-133175176762273\/?ref=hl\" \/>\n<meta property=\"article:published_time\" content=\"2014-08-13T11:58:02+00:00\" \/>\n<meta name=\"author\" content=\"La Gu\u00eda de Pamplona\" \/>\n<meta name=\"twitter:card\" content=\"summary_large_image\" \/>\n<meta name=\"twitter:creator\" content=\"@LaGuiadPamplona\" \/>\n<meta name=\"twitter:site\" content=\"@LaGuiadPamplona\" \/>\n<meta name=\"twitter:label1\" content=\"Escrito por\" \/>\n\t<meta name=\"twitter:data1\" content=\"La Gu\u00eda de Pamplona\" \/>\n\t<meta name=\"twitter:label2\" content=\"Tiempo de lectura\" \/>\n\t<meta name=\"twitter:data2\" content=\"2 minutos\" \/>\n<script type=\"application\/ld+json\" class=\"yoast-schema-graph\">{\"@context\":\"https:\\\/\\\/schema.org\",\"@graph\":[{\"@type\":\"Article\",\"@id\":\"https:\\\/\\\/www.laguiadepamplona.com\\\/actualidad\\\/un-panorama-sobre-el-flamenco-que-se-esta-haciendo-en-pamplona-llega-manana-a-la-ciudadela-de-la-mano-de-la-experimentacion-de-orai-dentro-del-ciclo-sabikerando\\\/#article\",\"isPartOf\":{\"@id\":\"https:\\\/\\\/www.laguiadepamplona.com\\\/actualidad\\\/un-panorama-sobre-el-flamenco-que-se-esta-haciendo-en-pamplona-llega-manana-a-la-ciudadela-de-la-mano-de-la-experimentacion-de-orai-dentro-del-ciclo-sabikerando\\\/\"},\"author\":{\"name\":\"La Gu\u00eda de Pamplona\",\"@id\":\"https:\\\/\\\/www.laguiadepamplona.com\\\/actualidad\\\/#\\\/schema\\\/person\\\/efe887376f0213d4657c93adc50b1fdb\"},\"headline\":\"Un panorama sobre el flamenco que se est\u00e1 haciendo en Pamplona llega ma\u00f1ana a la Ciudadela, de la mano de la experimentaci\u00f3n de Orai, dentro del ciclo Sabikerando\",\"datePublished\":\"2014-08-13T11:58:02+00:00\",\"mainEntityOfPage\":{\"@id\":\"https:\\\/\\\/www.laguiadepamplona.com\\\/actualidad\\\/un-panorama-sobre-el-flamenco-que-se-esta-haciendo-en-pamplona-llega-manana-a-la-ciudadela-de-la-mano-de-la-experimentacion-de-orai-dentro-del-ciclo-sabikerando\\\/\"},\"wordCount\":462,\"commentCount\":0,\"publisher\":{\"@id\":\"https:\\\/\\\/www.laguiadepamplona.com\\\/actualidad\\\/#organization\"},\"image\":{\"@id\":\"https:\\\/\\\/www.laguiadepamplona.com\\\/actualidad\\\/un-panorama-sobre-el-flamenco-que-se-esta-haciendo-en-pamplona-llega-manana-a-la-ciudadela-de-la-mano-de-la-experimentacion-de-orai-dentro-del-ciclo-sabikerando\\\/#primaryimage\"},\"thumbnailUrl\":\"\",\"keywords\":[\"2014\",\"actualidad\",\"ayto pamplona\",\"Ayuntamiento de Pamplona\",\"ciudadelarte\",\"Haciendo Sabicas\",\"noticias\",\"orai m\u00fasica flamenca\",\"pamplona\",\"Sabikerando\"],\"articleSection\":[\"Ayto Pamplona\"],\"inLanguage\":\"es\",\"potentialAction\":[{\"@type\":\"CommentAction\",\"name\":\"Comment\",\"target\":[\"https:\\\/\\\/www.laguiadepamplona.com\\\/actualidad\\\/un-panorama-sobre-el-flamenco-que-se-esta-haciendo-en-pamplona-llega-manana-a-la-ciudadela-de-la-mano-de-la-experimentacion-de-orai-dentro-del-ciclo-sabikerando\\\/#respond\"]}]},{\"@type\":\"WebPage\",\"@id\":\"https:\\\/\\\/www.laguiadepamplona.com\\\/actualidad\\\/un-panorama-sobre-el-flamenco-que-se-esta-haciendo-en-pamplona-llega-manana-a-la-ciudadela-de-la-mano-de-la-experimentacion-de-orai-dentro-del-ciclo-sabikerando\\\/\",\"url\":\"https:\\\/\\\/www.laguiadepamplona.com\\\/actualidad\\\/un-panorama-sobre-el-flamenco-que-se-esta-haciendo-en-pamplona-llega-manana-a-la-ciudadela-de-la-mano-de-la-experimentacion-de-orai-dentro-del-ciclo-sabikerando\\\/\",\"name\":\"Un panorama sobre el flamenco que se est\u00e1 haciendo en Pamplona llega ma\u00f1ana a la Ciudadela, de la mano de la experimentaci\u00f3n de Orai, dentro del ciclo Sabikerando\",\"isPartOf\":{\"@id\":\"https:\\\/\\\/www.laguiadepamplona.com\\\/actualidad\\\/#website\"},\"primaryImageOfPage\":{\"@id\":\"https:\\\/\\\/www.laguiadepamplona.com\\\/actualidad\\\/un-panorama-sobre-el-flamenco-que-se-esta-haciendo-en-pamplona-llega-manana-a-la-ciudadela-de-la-mano-de-la-experimentacion-de-orai-dentro-del-ciclo-sabikerando\\\/#primaryimage\"},\"image\":{\"@id\":\"https:\\\/\\\/www.laguiadepamplona.com\\\/actualidad\\\/un-panorama-sobre-el-flamenco-que-se-esta-haciendo-en-pamplona-llega-manana-a-la-ciudadela-de-la-mano-de-la-experimentacion-de-orai-dentro-del-ciclo-sabikerando\\\/#primaryimage\"},\"thumbnailUrl\":\"\",\"datePublished\":\"2014-08-13T11:58:02+00:00\",\"breadcrumb\":{\"@id\":\"https:\\\/\\\/www.laguiadepamplona.com\\\/actualidad\\\/un-panorama-sobre-el-flamenco-que-se-esta-haciendo-en-pamplona-llega-manana-a-la-ciudadela-de-la-mano-de-la-experimentacion-de-orai-dentro-del-ciclo-sabikerando\\\/#breadcrumb\"},\"inLanguage\":\"es\",\"potentialAction\":[{\"@type\":\"ReadAction\",\"target\":[\"https:\\\/\\\/www.laguiadepamplona.com\\\/actualidad\\\/un-panorama-sobre-el-flamenco-que-se-esta-haciendo-en-pamplona-llega-manana-a-la-ciudadela-de-la-mano-de-la-experimentacion-de-orai-dentro-del-ciclo-sabikerando\\\/\"]}]},{\"@type\":\"ImageObject\",\"inLanguage\":\"es\",\"@id\":\"https:\\\/\\\/www.laguiadepamplona.com\\\/actualidad\\\/un-panorama-sobre-el-flamenco-que-se-esta-haciendo-en-pamplona-llega-manana-a-la-ciudadela-de-la-mano-de-la-experimentacion-de-orai-dentro-del-ciclo-sabikerando\\\/#primaryimage\",\"url\":\"\",\"contentUrl\":\"\"},{\"@type\":\"BreadcrumbList\",\"@id\":\"https:\\\/\\\/www.laguiadepamplona.com\\\/actualidad\\\/un-panorama-sobre-el-flamenco-que-se-esta-haciendo-en-pamplona-llega-manana-a-la-ciudadela-de-la-mano-de-la-experimentacion-de-orai-dentro-del-ciclo-sabikerando\\\/#breadcrumb\",\"itemListElement\":[{\"@type\":\"ListItem\",\"position\":1,\"name\":\"Portada\",\"item\":\"https:\\\/\\\/www.laguiadepamplona.com\\\/actualidad\\\/\"},{\"@type\":\"ListItem\",\"position\":2,\"name\":\"Un panorama sobre el flamenco que se est\u00e1 haciendo en Pamplona llega ma\u00f1ana a la Ciudadela, de la mano de la experimentaci\u00f3n de Orai, dentro del ciclo Sabikerando\"}]},{\"@type\":\"WebSite\",\"@id\":\"https:\\\/\\\/www.laguiadepamplona.com\\\/actualidad\\\/#website\",\"url\":\"https:\\\/\\\/www.laguiadepamplona.com\\\/actualidad\\\/\",\"name\":\"La gu\u00eda de Pamplona\",\"description\":\"Noticias de Pamplona\",\"publisher\":{\"@id\":\"https:\\\/\\\/www.laguiadepamplona.com\\\/actualidad\\\/#organization\"},\"potentialAction\":[{\"@type\":\"SearchAction\",\"target\":{\"@type\":\"EntryPoint\",\"urlTemplate\":\"https:\\\/\\\/www.laguiadepamplona.com\\\/actualidad\\\/?s={search_term_string}\"},\"query-input\":{\"@type\":\"PropertyValueSpecification\",\"valueRequired\":true,\"valueName\":\"search_term_string\"}}],\"inLanguage\":\"es\"},{\"@type\":\"Organization\",\"@id\":\"https:\\\/\\\/www.laguiadepamplona.com\\\/actualidad\\\/#organization\",\"name\":\"La Gu\u00eda de Pamplona \\\/ Noticias\",\"url\":\"https:\\\/\\\/www.laguiadepamplona.com\\\/actualidad\\\/\",\"logo\":{\"@type\":\"ImageObject\",\"inLanguage\":\"es\",\"@id\":\"https:\\\/\\\/www.laguiadepamplona.com\\\/actualidad\\\/#\\\/schema\\\/logo\\\/image\\\/\",\"url\":\"https:\\\/\\\/www.laguiadepamplona.com\\\/actualidad\\\/wp-content\\\/uploads\\\/2018\\\/11\\\/logo-laguiadepamplona18-web1.png\",\"contentUrl\":\"https:\\\/\\\/www.laguiadepamplona.com\\\/actualidad\\\/wp-content\\\/uploads\\\/2018\\\/11\\\/logo-laguiadepamplona18-web1.png\",\"width\":600,\"height\":196,\"caption\":\"La Gu\u00eda de Pamplona \\\/ Noticias\"},\"image\":{\"@id\":\"https:\\\/\\\/www.laguiadepamplona.com\\\/actualidad\\\/#\\\/schema\\\/logo\\\/image\\\/\"},\"sameAs\":[\"https:\\\/\\\/www.facebook.com\\\/laguiadepamplonacom-133175176762273\\\/?ref=hl\",\"https:\\\/\\\/x.com\\\/LaGuiadPamplona\",\"https:\\\/\\\/www.instagram.com\\\/la_guia_de_pamplona\\\/\",\"https:\\\/\\\/www.youtube.com\\\/user\\\/laguiadepamplona\"]},{\"@type\":\"Person\",\"@id\":\"https:\\\/\\\/www.laguiadepamplona.com\\\/actualidad\\\/#\\\/schema\\\/person\\\/efe887376f0213d4657c93adc50b1fdb\",\"name\":\"La Gu\u00eda de Pamplona\",\"image\":{\"@type\":\"ImageObject\",\"inLanguage\":\"es\",\"@id\":\"https:\\\/\\\/secure.gravatar.com\\\/avatar\\\/b6992f131dc8d30ab0dff15446e9d346d9dbd95992de0fef795073f5ea83a81c?s=96&d=mm&r=g\",\"url\":\"https:\\\/\\\/secure.gravatar.com\\\/avatar\\\/b6992f131dc8d30ab0dff15446e9d346d9dbd95992de0fef795073f5ea83a81c?s=96&d=mm&r=g\",\"contentUrl\":\"https:\\\/\\\/secure.gravatar.com\\\/avatar\\\/b6992f131dc8d30ab0dff15446e9d346d9dbd95992de0fef795073f5ea83a81c?s=96&d=mm&r=g\",\"caption\":\"La Gu\u00eda de Pamplona\"}}]}<\/script>\n<!-- \/ Yoast SEO plugin. -->","yoast_head_json":{"title":"Un panorama sobre el flamenco que se est\u00e1 haciendo en Pamplona llega ma\u00f1ana a la Ciudadela, de la mano de la experimentaci\u00f3n de Orai, dentro del ciclo Sabikerando","robots":{"index":"index","follow":"follow","max-snippet":"max-snippet:-1","max-image-preview":"max-image-preview:large","max-video-preview":"max-video-preview:-1"},"canonical":"https:\/\/www.laguiadepamplona.com\/actualidad\/un-panorama-sobre-el-flamenco-que-se-esta-haciendo-en-pamplona-llega-manana-a-la-ciudadela-de-la-mano-de-la-experimentacion-de-orai-dentro-del-ciclo-sabikerando\/","og_locale":"es_ES","og_type":"article","og_title":"Un panorama sobre el flamenco que se est\u00e1 haciendo en Pamplona llega ma\u00f1ana a la Ciudadela, de la mano de la experimentaci\u00f3n de Orai, dentro del ciclo Sabikerando","og_description":"La propuesta es, adem\u00e1s, un proyecto de investigaci\u00f3n y experimentaci\u00f3n Este jueves contin\u00faa el ciclo \u2018Sabikerando. Haciendo Sabicas\u2019, el espacio que \u2018Ciudadelarte\u2019 reserva como homenaje estival al guitarrista pamplon\u00e9s Agust\u00edn...","og_url":"https:\/\/www.laguiadepamplona.com\/actualidad\/un-panorama-sobre-el-flamenco-que-se-esta-haciendo-en-pamplona-llega-manana-a-la-ciudadela-de-la-mano-de-la-experimentacion-de-orai-dentro-del-ciclo-sabikerando\/","og_site_name":"La Gu\u00eda de Pamplona","article_publisher":"https:\/\/www.facebook.com\/laguiadepamplonacom-133175176762273\/?ref=hl","article_published_time":"2014-08-13T11:58:02+00:00","author":"La Gu\u00eda de Pamplona","twitter_card":"summary_large_image","twitter_creator":"@LaGuiadPamplona","twitter_site":"@LaGuiadPamplona","twitter_misc":{"Escrito por":"La Gu\u00eda de Pamplona","Tiempo de lectura":"2 minutos"},"schema":{"@context":"https:\/\/schema.org","@graph":[{"@type":"Article","@id":"https:\/\/www.laguiadepamplona.com\/actualidad\/un-panorama-sobre-el-flamenco-que-se-esta-haciendo-en-pamplona-llega-manana-a-la-ciudadela-de-la-mano-de-la-experimentacion-de-orai-dentro-del-ciclo-sabikerando\/#article","isPartOf":{"@id":"https:\/\/www.laguiadepamplona.com\/actualidad\/un-panorama-sobre-el-flamenco-que-se-esta-haciendo-en-pamplona-llega-manana-a-la-ciudadela-de-la-mano-de-la-experimentacion-de-orai-dentro-del-ciclo-sabikerando\/"},"author":{"name":"La Gu\u00eda de Pamplona","@id":"https:\/\/www.laguiadepamplona.com\/actualidad\/#\/schema\/person\/efe887376f0213d4657c93adc50b1fdb"},"headline":"Un panorama sobre el flamenco que se est\u00e1 haciendo en Pamplona llega ma\u00f1ana a la Ciudadela, de la mano de la experimentaci\u00f3n de Orai, dentro del ciclo Sabikerando","datePublished":"2014-08-13T11:58:02+00:00","mainEntityOfPage":{"@id":"https:\/\/www.laguiadepamplona.com\/actualidad\/un-panorama-sobre-el-flamenco-que-se-esta-haciendo-en-pamplona-llega-manana-a-la-ciudadela-de-la-mano-de-la-experimentacion-de-orai-dentro-del-ciclo-sabikerando\/"},"wordCount":462,"commentCount":0,"publisher":{"@id":"https:\/\/www.laguiadepamplona.com\/actualidad\/#organization"},"image":{"@id":"https:\/\/www.laguiadepamplona.com\/actualidad\/un-panorama-sobre-el-flamenco-que-se-esta-haciendo-en-pamplona-llega-manana-a-la-ciudadela-de-la-mano-de-la-experimentacion-de-orai-dentro-del-ciclo-sabikerando\/#primaryimage"},"thumbnailUrl":"","keywords":["2014","actualidad","ayto pamplona","Ayuntamiento de Pamplona","ciudadelarte","Haciendo Sabicas","noticias","orai m\u00fasica flamenca","pamplona","Sabikerando"],"articleSection":["Ayto Pamplona"],"inLanguage":"es","potentialAction":[{"@type":"CommentAction","name":"Comment","target":["https:\/\/www.laguiadepamplona.com\/actualidad\/un-panorama-sobre-el-flamenco-que-se-esta-haciendo-en-pamplona-llega-manana-a-la-ciudadela-de-la-mano-de-la-experimentacion-de-orai-dentro-del-ciclo-sabikerando\/#respond"]}]},{"@type":"WebPage","@id":"https:\/\/www.laguiadepamplona.com\/actualidad\/un-panorama-sobre-el-flamenco-que-se-esta-haciendo-en-pamplona-llega-manana-a-la-ciudadela-de-la-mano-de-la-experimentacion-de-orai-dentro-del-ciclo-sabikerando\/","url":"https:\/\/www.laguiadepamplona.com\/actualidad\/un-panorama-sobre-el-flamenco-que-se-esta-haciendo-en-pamplona-llega-manana-a-la-ciudadela-de-la-mano-de-la-experimentacion-de-orai-dentro-del-ciclo-sabikerando\/","name":"Un panorama sobre el flamenco que se est\u00e1 haciendo en Pamplona llega ma\u00f1ana a la Ciudadela, de la mano de la experimentaci\u00f3n de Orai, dentro del ciclo Sabikerando","isPartOf":{"@id":"https:\/\/www.laguiadepamplona.com\/actualidad\/#website"},"primaryImageOfPage":{"@id":"https:\/\/www.laguiadepamplona.com\/actualidad\/un-panorama-sobre-el-flamenco-que-se-esta-haciendo-en-pamplona-llega-manana-a-la-ciudadela-de-la-mano-de-la-experimentacion-de-orai-dentro-del-ciclo-sabikerando\/#primaryimage"},"image":{"@id":"https:\/\/www.laguiadepamplona.com\/actualidad\/un-panorama-sobre-el-flamenco-que-se-esta-haciendo-en-pamplona-llega-manana-a-la-ciudadela-de-la-mano-de-la-experimentacion-de-orai-dentro-del-ciclo-sabikerando\/#primaryimage"},"thumbnailUrl":"","datePublished":"2014-08-13T11:58:02+00:00","breadcrumb":{"@id":"https:\/\/www.laguiadepamplona.com\/actualidad\/un-panorama-sobre-el-flamenco-que-se-esta-haciendo-en-pamplona-llega-manana-a-la-ciudadela-de-la-mano-de-la-experimentacion-de-orai-dentro-del-ciclo-sabikerando\/#breadcrumb"},"inLanguage":"es","potentialAction":[{"@type":"ReadAction","target":["https:\/\/www.laguiadepamplona.com\/actualidad\/un-panorama-sobre-el-flamenco-que-se-esta-haciendo-en-pamplona-llega-manana-a-la-ciudadela-de-la-mano-de-la-experimentacion-de-orai-dentro-del-ciclo-sabikerando\/"]}]},{"@type":"ImageObject","inLanguage":"es","@id":"https:\/\/www.laguiadepamplona.com\/actualidad\/un-panorama-sobre-el-flamenco-que-se-esta-haciendo-en-pamplona-llega-manana-a-la-ciudadela-de-la-mano-de-la-experimentacion-de-orai-dentro-del-ciclo-sabikerando\/#primaryimage","url":"","contentUrl":""},{"@type":"BreadcrumbList","@id":"https:\/\/www.laguiadepamplona.com\/actualidad\/un-panorama-sobre-el-flamenco-que-se-esta-haciendo-en-pamplona-llega-manana-a-la-ciudadela-de-la-mano-de-la-experimentacion-de-orai-dentro-del-ciclo-sabikerando\/#breadcrumb","itemListElement":[{"@type":"ListItem","position":1,"name":"Portada","item":"https:\/\/www.laguiadepamplona.com\/actualidad\/"},{"@type":"ListItem","position":2,"name":"Un panorama sobre el flamenco que se est\u00e1 haciendo en Pamplona llega ma\u00f1ana a la Ciudadela, de la mano de la experimentaci\u00f3n de Orai, dentro del ciclo Sabikerando"}]},{"@type":"WebSite","@id":"https:\/\/www.laguiadepamplona.com\/actualidad\/#website","url":"https:\/\/www.laguiadepamplona.com\/actualidad\/","name":"La gu\u00eda de Pamplona","description":"Noticias de Pamplona","publisher":{"@id":"https:\/\/www.laguiadepamplona.com\/actualidad\/#organization"},"potentialAction":[{"@type":"SearchAction","target":{"@type":"EntryPoint","urlTemplate":"https:\/\/www.laguiadepamplona.com\/actualidad\/?s={search_term_string}"},"query-input":{"@type":"PropertyValueSpecification","valueRequired":true,"valueName":"search_term_string"}}],"inLanguage":"es"},{"@type":"Organization","@id":"https:\/\/www.laguiadepamplona.com\/actualidad\/#organization","name":"La Gu\u00eda de Pamplona \/ Noticias","url":"https:\/\/www.laguiadepamplona.com\/actualidad\/","logo":{"@type":"ImageObject","inLanguage":"es","@id":"https:\/\/www.laguiadepamplona.com\/actualidad\/#\/schema\/logo\/image\/","url":"https:\/\/www.laguiadepamplona.com\/actualidad\/wp-content\/uploads\/2018\/11\/logo-laguiadepamplona18-web1.png","contentUrl":"https:\/\/www.laguiadepamplona.com\/actualidad\/wp-content\/uploads\/2018\/11\/logo-laguiadepamplona18-web1.png","width":600,"height":196,"caption":"La Gu\u00eda de Pamplona \/ Noticias"},"image":{"@id":"https:\/\/www.laguiadepamplona.com\/actualidad\/#\/schema\/logo\/image\/"},"sameAs":["https:\/\/www.facebook.com\/laguiadepamplonacom-133175176762273\/?ref=hl","https:\/\/x.com\/LaGuiadPamplona","https:\/\/www.instagram.com\/la_guia_de_pamplona\/","https:\/\/www.youtube.com\/user\/laguiadepamplona"]},{"@type":"Person","@id":"https:\/\/www.laguiadepamplona.com\/actualidad\/#\/schema\/person\/efe887376f0213d4657c93adc50b1fdb","name":"La Gu\u00eda de Pamplona","image":{"@type":"ImageObject","inLanguage":"es","@id":"https:\/\/secure.gravatar.com\/avatar\/b6992f131dc8d30ab0dff15446e9d346d9dbd95992de0fef795073f5ea83a81c?s=96&d=mm&r=g","url":"https:\/\/secure.gravatar.com\/avatar\/b6992f131dc8d30ab0dff15446e9d346d9dbd95992de0fef795073f5ea83a81c?s=96&d=mm&r=g","contentUrl":"https:\/\/secure.gravatar.com\/avatar\/b6992f131dc8d30ab0dff15446e9d346d9dbd95992de0fef795073f5ea83a81c?s=96&d=mm&r=g","caption":"La Gu\u00eda de Pamplona"}}]}},"post_mailing_queue_ids":[],"_links":{"self":[{"href":"https:\/\/www.laguiadepamplona.com\/actualidad\/wp-json\/wp\/v2\/posts\/2693","targetHints":{"allow":["GET"]}}],"collection":[{"href":"https:\/\/www.laguiadepamplona.com\/actualidad\/wp-json\/wp\/v2\/posts"}],"about":[{"href":"https:\/\/www.laguiadepamplona.com\/actualidad\/wp-json\/wp\/v2\/types\/post"}],"author":[{"embeddable":true,"href":"https:\/\/www.laguiadepamplona.com\/actualidad\/wp-json\/wp\/v2\/users\/1"}],"replies":[{"embeddable":true,"href":"https:\/\/www.laguiadepamplona.com\/actualidad\/wp-json\/wp\/v2\/comments?post=2693"}],"version-history":[{"count":0,"href":"https:\/\/www.laguiadepamplona.com\/actualidad\/wp-json\/wp\/v2\/posts\/2693\/revisions"}],"wp:featuredmedia":[{"embeddable":true,"href":"https:\/\/www.laguiadepamplona.com\/actualidad\/wp-json\/"}],"wp:attachment":[{"href":"https:\/\/www.laguiadepamplona.com\/actualidad\/wp-json\/wp\/v2\/media?parent=2693"}],"wp:term":[{"taxonomy":"category","embeddable":true,"href":"https:\/\/www.laguiadepamplona.com\/actualidad\/wp-json\/wp\/v2\/categories?post=2693"},{"taxonomy":"post_tag","embeddable":true,"href":"https:\/\/www.laguiadepamplona.com\/actualidad\/wp-json\/wp\/v2\/tags?post=2693"}],"curies":[{"name":"wp","href":"https:\/\/api.w.org\/{rel}","templated":true}]}}