{"id":26845,"date":"2019-12-16T16:49:46","date_gmt":"2019-12-16T14:49:46","guid":{"rendered":"https:\/\/www.laguiadepamplona.es\/actualidad\/?p=26845"},"modified":"2019-12-16T16:49:58","modified_gmt":"2019-12-16T14:49:58","slug":"el-edil-arturo-lecumberri-deja-su-puesto-de-corporativo-por-motivos-personales-una-renuncia-que-conocera-el-pleno-formalmente-el-proximo-viernes-20-de-diciembre","status":"publish","type":"post","link":"https:\/\/www.laguiadepamplona.com\/actualidad\/el-edil-arturo-lecumberri-deja-su-puesto-de-corporativo-por-motivos-personales-una-renuncia-que-conocera-el-pleno-formalmente-el-proximo-viernes-20-de-diciembre\/","title":{"rendered":"El edil Arturo Lecumberri deja su puesto de corporativo por motivos personales, una renuncia que conocer\u00e1 el Pleno formalmente el pr\u00f3ximo viernes 20 de diciembre"},"content":{"rendered":"<h5>Fernando Villanueva volver\u00e1 al Consistorio como edil del grupo municipal de Navarra Suma<\/h5>\n<p><!--more--><\/p>\n<p>El concejal especial de Juventud del Ayuntamiento de Pamplona, Arturo Lecumberri, deja su puesto en la Corporaci\u00f3n por motivos personales Este pr\u00f3ximo viernes el Pleno conocer\u00e1 formalmente la renuncia del edil que entr\u00f3 a formar parte de la Corporaci\u00f3n desde la lista que Navarra Suma present\u00f3 a las elecciones del pasado mes de mayo.<\/p>\n<p><script async src=\"\/\/pagead2.googlesyndication.com\/pagead\/js\/adsbygoogle.js\"><\/script><br \/>\n<!-- Noticias La Guia de Pamplona --><br \/>\n<ins class=\"adsbygoogle\"\nstyle=\"display:block\"\ndata-ad-client=\"ca-pub-6943679897239327\"\ndata-ad-slot=\"7048180777\"\ndata-ad-format=\"auto\"><\/ins><br \/>\n<script>\n(adsbygoogle = window.adsbygoogle || []).push({});\n<\/script><\/p>\n<p>El siguiente nombre en esa candidatura y el llamado a la sustituci\u00f3n es el de Fernando Villanueva Mesa, que no es la primera vez que asume una responsabilidad como concejal. Villanueva es licenciado en Medicina y Cirug\u00eda por la Universidad de Navarra y desempe\u00f1\u00f3 ese mismo puesto en la pasada legislatura, por Uni\u00f3n del Pueblo Navarro. Una vez que llegue al Ayuntamiento de Pamplona la correspondiente certificaci\u00f3n de la Junta Electoral sobre Villanueva, este tendr\u00e1 que tomar posesi\u00f3n de manera oficial en la siguiente sesi\u00f3n plenaria.<\/p>\n","protected":false},"excerpt":{"rendered":"<p>Fernando Villanueva volver\u00e1 al Consistorio como edil del grupo municipal de Navarra Suma<\/p>\n","protected":false},"author":1,"featured_media":21939,"comment_status":"open","ping_status":"closed","sticky":false,"template":"","format":"standard","meta":{"footnotes":""},"categories":[2],"tags":[],"class_list":["post-26845","post","type-post","status-publish","format-standard","has-post-thumbnail","hentry","category-ayuntamiento-pamplona"],"yoast_head":"<!-- This site is optimized with the Yoast SEO plugin v27.5 - https:\/\/yoast.com\/product\/yoast-seo-wordpress\/ -->\n<title>El edil Arturo Lecumberri deja su puesto de corporativo por motivos personales, una renuncia que conocer\u00e1 el Pleno formalmente el pr\u00f3ximo viernes 20 de diciembre<\/title>\n<meta name=\"robots\" content=\"index, follow, max-snippet:-1, max-image-preview:large, max-video-preview:-1\" \/>\n<link rel=\"canonical\" href=\"https:\/\/www.laguiadepamplona.com\/actualidad\/el-edil-arturo-lecumberri-deja-su-puesto-de-corporativo-por-motivos-personales-una-renuncia-que-conocera-el-pleno-formalmente-el-proximo-viernes-20-de-diciembre\/\" \/>\n<meta property=\"og:locale\" content=\"es_ES\" \/>\n<meta property=\"og:type\" content=\"article\" \/>\n<meta property=\"og:title\" content=\"El edil Arturo Lecumberri deja su puesto de corporativo por motivos personales, una renuncia que conocer\u00e1 el Pleno formalmente el pr\u00f3ximo viernes 20 de diciembre\" \/>\n<meta property=\"og:description\" content=\"Fernando Villanueva volver\u00e1 al Consistorio como edil del grupo municipal de Navarra Suma\" \/>\n<meta property=\"og:url\" content=\"https:\/\/www.laguiadepamplona.com\/actualidad\/el-edil-arturo-lecumberri-deja-su-puesto-de-corporativo-por-motivos-personales-una-renuncia-que-conocera-el-pleno-formalmente-el-proximo-viernes-20-de-diciembre\/\" \/>\n<meta property=\"og:site_name\" content=\"La Gu\u00eda de Pamplona\" \/>\n<meta property=\"article:publisher\" content=\"https:\/\/www.facebook.com\/laguiadepamplonacom-133175176762273\/?ref=hl\" \/>\n<meta property=\"article:published_time\" content=\"2019-12-16T14:49:46+00:00\" \/>\n<meta property=\"article:modified_time\" content=\"2019-12-16T14:49:58+00:00\" \/>\n<meta property=\"og:image\" content=\"https:\/\/www.laguiadepamplona.com\/actualidad\/wp-content\/uploads\/2019\/05\/ayuntamiento-pamplona-laguiadepamplona.jpg\" \/>\n\t<meta property=\"og:image:width\" content=\"1920\" \/>\n\t<meta property=\"og:image:height\" content=\"1100\" \/>\n\t<meta property=\"og:image:type\" content=\"image\/jpeg\" \/>\n<meta name=\"author\" content=\"La Gu\u00eda de Pamplona\" \/>\n<meta name=\"twitter:card\" content=\"summary_large_image\" \/>\n<meta name=\"twitter:creator\" content=\"@LaGuiadPamplona\" \/>\n<meta name=\"twitter:site\" content=\"@LaGuiadPamplona\" \/>\n<meta name=\"twitter:label1\" content=\"Escrito por\" \/>\n\t<meta name=\"twitter:data1\" content=\"La Gu\u00eda de Pamplona\" \/>\n\t<meta name=\"twitter:label2\" content=\"Tiempo de lectura\" \/>\n\t<meta name=\"twitter:data2\" content=\"1 minuto\" \/>\n<script type=\"application\/ld+json\" class=\"yoast-schema-graph\">{\"@context\":\"https:\\\/\\\/schema.org\",\"@graph\":[{\"@type\":\"Article\",\"@id\":\"https:\\\/\\\/www.laguiadepamplona.com\\\/actualidad\\\/el-edil-arturo-lecumberri-deja-su-puesto-de-corporativo-por-motivos-personales-una-renuncia-que-conocera-el-pleno-formalmente-el-proximo-viernes-20-de-diciembre\\\/#article\",\"isPartOf\":{\"@id\":\"https:\\\/\\\/www.laguiadepamplona.com\\\/actualidad\\\/el-edil-arturo-lecumberri-deja-su-puesto-de-corporativo-por-motivos-personales-una-renuncia-que-conocera-el-pleno-formalmente-el-proximo-viernes-20-de-diciembre\\\/\"},\"author\":{\"name\":\"La Gu\u00eda de Pamplona\",\"@id\":\"https:\\\/\\\/www.laguiadepamplona.com\\\/actualidad\\\/#\\\/schema\\\/person\\\/efe887376f0213d4657c93adc50b1fdb\"},\"headline\":\"El edil Arturo Lecumberri deja su puesto de corporativo por motivos personales, una renuncia que conocer\u00e1 el Pleno formalmente el pr\u00f3ximo viernes 20 de diciembre\",\"datePublished\":\"2019-12-16T14:49:46+00:00\",\"dateModified\":\"2019-12-16T14:49:58+00:00\",\"mainEntityOfPage\":{\"@id\":\"https:\\\/\\\/www.laguiadepamplona.com\\\/actualidad\\\/el-edil-arturo-lecumberri-deja-su-puesto-de-corporativo-por-motivos-personales-una-renuncia-que-conocera-el-pleno-formalmente-el-proximo-viernes-20-de-diciembre\\\/\"},\"wordCount\":187,\"commentCount\":0,\"publisher\":{\"@id\":\"https:\\\/\\\/www.laguiadepamplona.com\\\/actualidad\\\/#organization\"},\"image\":{\"@id\":\"https:\\\/\\\/www.laguiadepamplona.com\\\/actualidad\\\/el-edil-arturo-lecumberri-deja-su-puesto-de-corporativo-por-motivos-personales-una-renuncia-que-conocera-el-pleno-formalmente-el-proximo-viernes-20-de-diciembre\\\/#primaryimage\"},\"thumbnailUrl\":\"https:\\\/\\\/www.laguiadepamplona.com\\\/actualidad\\\/wp-content\\\/uploads\\\/2019\\\/05\\\/ayuntamiento-pamplona-laguiadepamplona.jpg\",\"articleSection\":[\"Ayto Pamplona\"],\"inLanguage\":\"es\",\"potentialAction\":[{\"@type\":\"CommentAction\",\"name\":\"Comment\",\"target\":[\"https:\\\/\\\/www.laguiadepamplona.com\\\/actualidad\\\/el-edil-arturo-lecumberri-deja-su-puesto-de-corporativo-por-motivos-personales-una-renuncia-que-conocera-el-pleno-formalmente-el-proximo-viernes-20-de-diciembre\\\/#respond\"]}]},{\"@type\":\"WebPage\",\"@id\":\"https:\\\/\\\/www.laguiadepamplona.com\\\/actualidad\\\/el-edil-arturo-lecumberri-deja-su-puesto-de-corporativo-por-motivos-personales-una-renuncia-que-conocera-el-pleno-formalmente-el-proximo-viernes-20-de-diciembre\\\/\",\"url\":\"https:\\\/\\\/www.laguiadepamplona.com\\\/actualidad\\\/el-edil-arturo-lecumberri-deja-su-puesto-de-corporativo-por-motivos-personales-una-renuncia-que-conocera-el-pleno-formalmente-el-proximo-viernes-20-de-diciembre\\\/\",\"name\":\"El edil Arturo Lecumberri deja su puesto de corporativo por motivos personales, una renuncia que conocer\u00e1 el Pleno formalmente el pr\u00f3ximo viernes 20 de diciembre\",\"isPartOf\":{\"@id\":\"https:\\\/\\\/www.laguiadepamplona.com\\\/actualidad\\\/#website\"},\"primaryImageOfPage\":{\"@id\":\"https:\\\/\\\/www.laguiadepamplona.com\\\/actualidad\\\/el-edil-arturo-lecumberri-deja-su-puesto-de-corporativo-por-motivos-personales-una-renuncia-que-conocera-el-pleno-formalmente-el-proximo-viernes-20-de-diciembre\\\/#primaryimage\"},\"image\":{\"@id\":\"https:\\\/\\\/www.laguiadepamplona.com\\\/actualidad\\\/el-edil-arturo-lecumberri-deja-su-puesto-de-corporativo-por-motivos-personales-una-renuncia-que-conocera-el-pleno-formalmente-el-proximo-viernes-20-de-diciembre\\\/#primaryimage\"},\"thumbnailUrl\":\"https:\\\/\\\/www.laguiadepamplona.com\\\/actualidad\\\/wp-content\\\/uploads\\\/2019\\\/05\\\/ayuntamiento-pamplona-laguiadepamplona.jpg\",\"datePublished\":\"2019-12-16T14:49:46+00:00\",\"dateModified\":\"2019-12-16T14:49:58+00:00\",\"breadcrumb\":{\"@id\":\"https:\\\/\\\/www.laguiadepamplona.com\\\/actualidad\\\/el-edil-arturo-lecumberri-deja-su-puesto-de-corporativo-por-motivos-personales-una-renuncia-que-conocera-el-pleno-formalmente-el-proximo-viernes-20-de-diciembre\\\/#breadcrumb\"},\"inLanguage\":\"es\",\"potentialAction\":[{\"@type\":\"ReadAction\",\"target\":[\"https:\\\/\\\/www.laguiadepamplona.com\\\/actualidad\\\/el-edil-arturo-lecumberri-deja-su-puesto-de-corporativo-por-motivos-personales-una-renuncia-que-conocera-el-pleno-formalmente-el-proximo-viernes-20-de-diciembre\\\/\"]}]},{\"@type\":\"ImageObject\",\"inLanguage\":\"es\",\"@id\":\"https:\\\/\\\/www.laguiadepamplona.com\\\/actualidad\\\/el-edil-arturo-lecumberri-deja-su-puesto-de-corporativo-por-motivos-personales-una-renuncia-que-conocera-el-pleno-formalmente-el-proximo-viernes-20-de-diciembre\\\/#primaryimage\",\"url\":\"https:\\\/\\\/www.laguiadepamplona.com\\\/actualidad\\\/wp-content\\\/uploads\\\/2019\\\/05\\\/ayuntamiento-pamplona-laguiadepamplona.jpg\",\"contentUrl\":\"https:\\\/\\\/www.laguiadepamplona.com\\\/actualidad\\\/wp-content\\\/uploads\\\/2019\\\/05\\\/ayuntamiento-pamplona-laguiadepamplona.jpg\",\"width\":1920,\"height\":1100},{\"@type\":\"BreadcrumbList\",\"@id\":\"https:\\\/\\\/www.laguiadepamplona.com\\\/actualidad\\\/el-edil-arturo-lecumberri-deja-su-puesto-de-corporativo-por-motivos-personales-una-renuncia-que-conocera-el-pleno-formalmente-el-proximo-viernes-20-de-diciembre\\\/#breadcrumb\",\"itemListElement\":[{\"@type\":\"ListItem\",\"position\":1,\"name\":\"Portada\",\"item\":\"https:\\\/\\\/www.laguiadepamplona.com\\\/actualidad\\\/\"},{\"@type\":\"ListItem\",\"position\":2,\"name\":\"El edil Arturo Lecumberri deja su puesto de corporativo por motivos personales, una renuncia que conocer\u00e1 el Pleno formalmente el pr\u00f3ximo viernes 20 de diciembre\"}]},{\"@type\":\"WebSite\",\"@id\":\"https:\\\/\\\/www.laguiadepamplona.com\\\/actualidad\\\/#website\",\"url\":\"https:\\\/\\\/www.laguiadepamplona.com\\\/actualidad\\\/\",\"name\":\"La gu\u00eda de Pamplona\",\"description\":\"Noticias de Pamplona\",\"publisher\":{\"@id\":\"https:\\\/\\\/www.laguiadepamplona.com\\\/actualidad\\\/#organization\"},\"potentialAction\":[{\"@type\":\"SearchAction\",\"target\":{\"@type\":\"EntryPoint\",\"urlTemplate\":\"https:\\\/\\\/www.laguiadepamplona.com\\\/actualidad\\\/?s={search_term_string}\"},\"query-input\":{\"@type\":\"PropertyValueSpecification\",\"valueRequired\":true,\"valueName\":\"search_term_string\"}}],\"inLanguage\":\"es\"},{\"@type\":\"Organization\",\"@id\":\"https:\\\/\\\/www.laguiadepamplona.com\\\/actualidad\\\/#organization\",\"name\":\"La Gu\u00eda de Pamplona \\\/ Noticias\",\"url\":\"https:\\\/\\\/www.laguiadepamplona.com\\\/actualidad\\\/\",\"logo\":{\"@type\":\"ImageObject\",\"inLanguage\":\"es\",\"@id\":\"https:\\\/\\\/www.laguiadepamplona.com\\\/actualidad\\\/#\\\/schema\\\/logo\\\/image\\\/\",\"url\":\"https:\\\/\\\/www.laguiadepamplona.com\\\/actualidad\\\/wp-content\\\/uploads\\\/2018\\\/11\\\/logo-laguiadepamplona18-web1.png\",\"contentUrl\":\"https:\\\/\\\/www.laguiadepamplona.com\\\/actualidad\\\/wp-content\\\/uploads\\\/2018\\\/11\\\/logo-laguiadepamplona18-web1.png\",\"width\":600,\"height\":196,\"caption\":\"La Gu\u00eda de Pamplona \\\/ Noticias\"},\"image\":{\"@id\":\"https:\\\/\\\/www.laguiadepamplona.com\\\/actualidad\\\/#\\\/schema\\\/logo\\\/image\\\/\"},\"sameAs\":[\"https:\\\/\\\/www.facebook.com\\\/laguiadepamplonacom-133175176762273\\\/?ref=hl\",\"https:\\\/\\\/x.com\\\/LaGuiadPamplona\",\"https:\\\/\\\/www.instagram.com\\\/la_guia_de_pamplona\\\/\",\"https:\\\/\\\/www.youtube.com\\\/user\\\/laguiadepamplona\"]},{\"@type\":\"Person\",\"@id\":\"https:\\\/\\\/www.laguiadepamplona.com\\\/actualidad\\\/#\\\/schema\\\/person\\\/efe887376f0213d4657c93adc50b1fdb\",\"name\":\"La Gu\u00eda de Pamplona\",\"image\":{\"@type\":\"ImageObject\",\"inLanguage\":\"es\",\"@id\":\"https:\\\/\\\/secure.gravatar.com\\\/avatar\\\/b6992f131dc8d30ab0dff15446e9d346d9dbd95992de0fef795073f5ea83a81c?s=96&d=mm&r=g\",\"url\":\"https:\\\/\\\/secure.gravatar.com\\\/avatar\\\/b6992f131dc8d30ab0dff15446e9d346d9dbd95992de0fef795073f5ea83a81c?s=96&d=mm&r=g\",\"contentUrl\":\"https:\\\/\\\/secure.gravatar.com\\\/avatar\\\/b6992f131dc8d30ab0dff15446e9d346d9dbd95992de0fef795073f5ea83a81c?s=96&d=mm&r=g\",\"caption\":\"La Gu\u00eda de Pamplona\"}}]}<\/script>\n<!-- \/ Yoast SEO plugin. -->","yoast_head_json":{"title":"El edil Arturo Lecumberri deja su puesto de corporativo por motivos personales, una renuncia que conocer\u00e1 el Pleno formalmente el pr\u00f3ximo viernes 20 de diciembre","robots":{"index":"index","follow":"follow","max-snippet":"max-snippet:-1","max-image-preview":"max-image-preview:large","max-video-preview":"max-video-preview:-1"},"canonical":"https:\/\/www.laguiadepamplona.com\/actualidad\/el-edil-arturo-lecumberri-deja-su-puesto-de-corporativo-por-motivos-personales-una-renuncia-que-conocera-el-pleno-formalmente-el-proximo-viernes-20-de-diciembre\/","og_locale":"es_ES","og_type":"article","og_title":"El edil Arturo Lecumberri deja su puesto de corporativo por motivos personales, una renuncia que conocer\u00e1 el Pleno formalmente el pr\u00f3ximo viernes 20 de diciembre","og_description":"Fernando Villanueva volver\u00e1 al Consistorio como edil del grupo municipal de Navarra Suma","og_url":"https:\/\/www.laguiadepamplona.com\/actualidad\/el-edil-arturo-lecumberri-deja-su-puesto-de-corporativo-por-motivos-personales-una-renuncia-que-conocera-el-pleno-formalmente-el-proximo-viernes-20-de-diciembre\/","og_site_name":"La Gu\u00eda de Pamplona","article_publisher":"https:\/\/www.facebook.com\/laguiadepamplonacom-133175176762273\/?ref=hl","article_published_time":"2019-12-16T14:49:46+00:00","article_modified_time":"2019-12-16T14:49:58+00:00","og_image":[{"width":1920,"height":1100,"url":"https:\/\/www.laguiadepamplona.com\/actualidad\/wp-content\/uploads\/2019\/05\/ayuntamiento-pamplona-laguiadepamplona.jpg","type":"image\/jpeg"}],"author":"La Gu\u00eda de Pamplona","twitter_card":"summary_large_image","twitter_creator":"@LaGuiadPamplona","twitter_site":"@LaGuiadPamplona","twitter_misc":{"Escrito por":"La Gu\u00eda de Pamplona","Tiempo de lectura":"1 minuto"},"schema":{"@context":"https:\/\/schema.org","@graph":[{"@type":"Article","@id":"https:\/\/www.laguiadepamplona.com\/actualidad\/el-edil-arturo-lecumberri-deja-su-puesto-de-corporativo-por-motivos-personales-una-renuncia-que-conocera-el-pleno-formalmente-el-proximo-viernes-20-de-diciembre\/#article","isPartOf":{"@id":"https:\/\/www.laguiadepamplona.com\/actualidad\/el-edil-arturo-lecumberri-deja-su-puesto-de-corporativo-por-motivos-personales-una-renuncia-que-conocera-el-pleno-formalmente-el-proximo-viernes-20-de-diciembre\/"},"author":{"name":"La Gu\u00eda de Pamplona","@id":"https:\/\/www.laguiadepamplona.com\/actualidad\/#\/schema\/person\/efe887376f0213d4657c93adc50b1fdb"},"headline":"El edil Arturo Lecumberri deja su puesto de corporativo por motivos personales, una renuncia que conocer\u00e1 el Pleno formalmente el pr\u00f3ximo viernes 20 de diciembre","datePublished":"2019-12-16T14:49:46+00:00","dateModified":"2019-12-16T14:49:58+00:00","mainEntityOfPage":{"@id":"https:\/\/www.laguiadepamplona.com\/actualidad\/el-edil-arturo-lecumberri-deja-su-puesto-de-corporativo-por-motivos-personales-una-renuncia-que-conocera-el-pleno-formalmente-el-proximo-viernes-20-de-diciembre\/"},"wordCount":187,"commentCount":0,"publisher":{"@id":"https:\/\/www.laguiadepamplona.com\/actualidad\/#organization"},"image":{"@id":"https:\/\/www.laguiadepamplona.com\/actualidad\/el-edil-arturo-lecumberri-deja-su-puesto-de-corporativo-por-motivos-personales-una-renuncia-que-conocera-el-pleno-formalmente-el-proximo-viernes-20-de-diciembre\/#primaryimage"},"thumbnailUrl":"https:\/\/www.laguiadepamplona.com\/actualidad\/wp-content\/uploads\/2019\/05\/ayuntamiento-pamplona-laguiadepamplona.jpg","articleSection":["Ayto Pamplona"],"inLanguage":"es","potentialAction":[{"@type":"CommentAction","name":"Comment","target":["https:\/\/www.laguiadepamplona.com\/actualidad\/el-edil-arturo-lecumberri-deja-su-puesto-de-corporativo-por-motivos-personales-una-renuncia-que-conocera-el-pleno-formalmente-el-proximo-viernes-20-de-diciembre\/#respond"]}]},{"@type":"WebPage","@id":"https:\/\/www.laguiadepamplona.com\/actualidad\/el-edil-arturo-lecumberri-deja-su-puesto-de-corporativo-por-motivos-personales-una-renuncia-que-conocera-el-pleno-formalmente-el-proximo-viernes-20-de-diciembre\/","url":"https:\/\/www.laguiadepamplona.com\/actualidad\/el-edil-arturo-lecumberri-deja-su-puesto-de-corporativo-por-motivos-personales-una-renuncia-que-conocera-el-pleno-formalmente-el-proximo-viernes-20-de-diciembre\/","name":"El edil Arturo Lecumberri deja su puesto de corporativo por motivos personales, una renuncia que conocer\u00e1 el Pleno formalmente el pr\u00f3ximo viernes 20 de diciembre","isPartOf":{"@id":"https:\/\/www.laguiadepamplona.com\/actualidad\/#website"},"primaryImageOfPage":{"@id":"https:\/\/www.laguiadepamplona.com\/actualidad\/el-edil-arturo-lecumberri-deja-su-puesto-de-corporativo-por-motivos-personales-una-renuncia-que-conocera-el-pleno-formalmente-el-proximo-viernes-20-de-diciembre\/#primaryimage"},"image":{"@id":"https:\/\/www.laguiadepamplona.com\/actualidad\/el-edil-arturo-lecumberri-deja-su-puesto-de-corporativo-por-motivos-personales-una-renuncia-que-conocera-el-pleno-formalmente-el-proximo-viernes-20-de-diciembre\/#primaryimage"},"thumbnailUrl":"https:\/\/www.laguiadepamplona.com\/actualidad\/wp-content\/uploads\/2019\/05\/ayuntamiento-pamplona-laguiadepamplona.jpg","datePublished":"2019-12-16T14:49:46+00:00","dateModified":"2019-12-16T14:49:58+00:00","breadcrumb":{"@id":"https:\/\/www.laguiadepamplona.com\/actualidad\/el-edil-arturo-lecumberri-deja-su-puesto-de-corporativo-por-motivos-personales-una-renuncia-que-conocera-el-pleno-formalmente-el-proximo-viernes-20-de-diciembre\/#breadcrumb"},"inLanguage":"es","potentialAction":[{"@type":"ReadAction","target":["https:\/\/www.laguiadepamplona.com\/actualidad\/el-edil-arturo-lecumberri-deja-su-puesto-de-corporativo-por-motivos-personales-una-renuncia-que-conocera-el-pleno-formalmente-el-proximo-viernes-20-de-diciembre\/"]}]},{"@type":"ImageObject","inLanguage":"es","@id":"https:\/\/www.laguiadepamplona.com\/actualidad\/el-edil-arturo-lecumberri-deja-su-puesto-de-corporativo-por-motivos-personales-una-renuncia-que-conocera-el-pleno-formalmente-el-proximo-viernes-20-de-diciembre\/#primaryimage","url":"https:\/\/www.laguiadepamplona.com\/actualidad\/wp-content\/uploads\/2019\/05\/ayuntamiento-pamplona-laguiadepamplona.jpg","contentUrl":"https:\/\/www.laguiadepamplona.com\/actualidad\/wp-content\/uploads\/2019\/05\/ayuntamiento-pamplona-laguiadepamplona.jpg","width":1920,"height":1100},{"@type":"BreadcrumbList","@id":"https:\/\/www.laguiadepamplona.com\/actualidad\/el-edil-arturo-lecumberri-deja-su-puesto-de-corporativo-por-motivos-personales-una-renuncia-que-conocera-el-pleno-formalmente-el-proximo-viernes-20-de-diciembre\/#breadcrumb","itemListElement":[{"@type":"ListItem","position":1,"name":"Portada","item":"https:\/\/www.laguiadepamplona.com\/actualidad\/"},{"@type":"ListItem","position":2,"name":"El edil Arturo Lecumberri deja su puesto de corporativo por motivos personales, una renuncia que conocer\u00e1 el Pleno formalmente el pr\u00f3ximo viernes 20 de diciembre"}]},{"@type":"WebSite","@id":"https:\/\/www.laguiadepamplona.com\/actualidad\/#website","url":"https:\/\/www.laguiadepamplona.com\/actualidad\/","name":"La gu\u00eda de Pamplona","description":"Noticias de Pamplona","publisher":{"@id":"https:\/\/www.laguiadepamplona.com\/actualidad\/#organization"},"potentialAction":[{"@type":"SearchAction","target":{"@type":"EntryPoint","urlTemplate":"https:\/\/www.laguiadepamplona.com\/actualidad\/?s={search_term_string}"},"query-input":{"@type":"PropertyValueSpecification","valueRequired":true,"valueName":"search_term_string"}}],"inLanguage":"es"},{"@type":"Organization","@id":"https:\/\/www.laguiadepamplona.com\/actualidad\/#organization","name":"La Gu\u00eda de Pamplona \/ Noticias","url":"https:\/\/www.laguiadepamplona.com\/actualidad\/","logo":{"@type":"ImageObject","inLanguage":"es","@id":"https:\/\/www.laguiadepamplona.com\/actualidad\/#\/schema\/logo\/image\/","url":"https:\/\/www.laguiadepamplona.com\/actualidad\/wp-content\/uploads\/2018\/11\/logo-laguiadepamplona18-web1.png","contentUrl":"https:\/\/www.laguiadepamplona.com\/actualidad\/wp-content\/uploads\/2018\/11\/logo-laguiadepamplona18-web1.png","width":600,"height":196,"caption":"La Gu\u00eda de Pamplona \/ Noticias"},"image":{"@id":"https:\/\/www.laguiadepamplona.com\/actualidad\/#\/schema\/logo\/image\/"},"sameAs":["https:\/\/www.facebook.com\/laguiadepamplonacom-133175176762273\/?ref=hl","https:\/\/x.com\/LaGuiadPamplona","https:\/\/www.instagram.com\/la_guia_de_pamplona\/","https:\/\/www.youtube.com\/user\/laguiadepamplona"]},{"@type":"Person","@id":"https:\/\/www.laguiadepamplona.com\/actualidad\/#\/schema\/person\/efe887376f0213d4657c93adc50b1fdb","name":"La Gu\u00eda de Pamplona","image":{"@type":"ImageObject","inLanguage":"es","@id":"https:\/\/secure.gravatar.com\/avatar\/b6992f131dc8d30ab0dff15446e9d346d9dbd95992de0fef795073f5ea83a81c?s=96&d=mm&r=g","url":"https:\/\/secure.gravatar.com\/avatar\/b6992f131dc8d30ab0dff15446e9d346d9dbd95992de0fef795073f5ea83a81c?s=96&d=mm&r=g","contentUrl":"https:\/\/secure.gravatar.com\/avatar\/b6992f131dc8d30ab0dff15446e9d346d9dbd95992de0fef795073f5ea83a81c?s=96&d=mm&r=g","caption":"La Gu\u00eda de Pamplona"}}]}},"post_mailing_queue_ids":[],"_links":{"self":[{"href":"https:\/\/www.laguiadepamplona.com\/actualidad\/wp-json\/wp\/v2\/posts\/26845","targetHints":{"allow":["GET"]}}],"collection":[{"href":"https:\/\/www.laguiadepamplona.com\/actualidad\/wp-json\/wp\/v2\/posts"}],"about":[{"href":"https:\/\/www.laguiadepamplona.com\/actualidad\/wp-json\/wp\/v2\/types\/post"}],"author":[{"embeddable":true,"href":"https:\/\/www.laguiadepamplona.com\/actualidad\/wp-json\/wp\/v2\/users\/1"}],"replies":[{"embeddable":true,"href":"https:\/\/www.laguiadepamplona.com\/actualidad\/wp-json\/wp\/v2\/comments?post=26845"}],"version-history":[{"count":0,"href":"https:\/\/www.laguiadepamplona.com\/actualidad\/wp-json\/wp\/v2\/posts\/26845\/revisions"}],"wp:featuredmedia":[{"embeddable":true,"href":"https:\/\/www.laguiadepamplona.com\/actualidad\/wp-json\/wp\/v2\/media\/21939"}],"wp:attachment":[{"href":"https:\/\/www.laguiadepamplona.com\/actualidad\/wp-json\/wp\/v2\/media?parent=26845"}],"wp:term":[{"taxonomy":"category","embeddable":true,"href":"https:\/\/www.laguiadepamplona.com\/actualidad\/wp-json\/wp\/v2\/categories?post=26845"},{"taxonomy":"post_tag","embeddable":true,"href":"https:\/\/www.laguiadepamplona.com\/actualidad\/wp-json\/wp\/v2\/tags?post=26845"}],"curies":[{"name":"wp","href":"https:\/\/api.w.org\/{rel}","templated":true}]}}