{"id":26839,"date":"2019-12-16T16:48:40","date_gmt":"2019-12-16T14:48:40","guid":{"rendered":"https:\/\/www.laguiadepamplona.es\/actualidad\/?p=26839"},"modified":"2019-12-16T16:49:02","modified_gmt":"2019-12-16T14:49:02","slug":"13-mujeres-reciben-diplomas-por-formarse-en-atencion-de-personas-con-demencia-con-el-ayuntamiento-de-pamplona-y-la-asociacion-de-familiares-de-enfermos-de-alzheimer","status":"publish","type":"post","link":"https:\/\/www.laguiadepamplona.com\/actualidad\/13-mujeres-reciben-diplomas-por-formarse-en-atencion-de-personas-con-demencia-con-el-ayuntamiento-de-pamplona-y-la-asociacion-de-familiares-de-enfermos-de-alzheimer\/","title":{"rendered":"13 mujeres reciben diplomas por formarse en Atenci\u00f3n de personas con demencia con el Ayuntamiento de Pamplona y la Asociaci\u00f3n de familiares de enfermos de Alzheimer"},"content":{"rendered":"<h5>En esta edici\u00f3n se incorporan pr\u00e1cticas en el Servicio de Atenci\u00f3n a Domicilio a unos cursos en los que la inserci\u00f3n de promedio ronda el 80%<\/h5>\n<p><!--more--><\/p>\n<p>Esta ma\u00f1ana se ha clausurado la sexta edici\u00f3n de la `Formaci\u00f3n para la Atenci\u00f3n de personas con demencia en el domicilio\u2019 en los locales municipales de calle Artica s\/n. Trece mujeres han superado la formaci\u00f3n de 125 horas que comenz\u00f3 el pasado mes de octubre. Les han entregado sus diplomas la directora del \u00c1rea de Servicios Sociales, Acci\u00f3n Comunitaria y Deporte, Olivia Elizari, la presidenta de la Asociaci\u00f3n de Familiares de Enfermos de Alzheimer de Navarra (AFAN), Aurora Lozano, adem\u00e1s de la t\u00e9cnica de empleo municipal del Equipo de Inserci\u00f3n Sociolaboral (EISOL), Sagrario Subir\u00e1n.<\/p>\n<p><script async src=\"\/\/pagead2.googlesyndication.com\/pagead\/js\/adsbygoogle.js\"><\/script><br \/>\n<!-- Noticias La Guia de Pamplona --><br \/>\n<ins class=\"adsbygoogle\"\nstyle=\"display:block\"\ndata-ad-client=\"ca-pub-6943679897239327\"\ndata-ad-slot=\"7048180777\"\ndata-ad-format=\"auto\"><\/ins><br \/>\n<script>\n(adsbygoogle = window.adsbygoogle || []).push({});\n<\/script><\/p>\n<p>La idea es mantener una acci\u00f3n formativa al a\u00f1o en este campo para aumentar la empleabilidad de las alumnas en un campo que ofrece empleo de forma estable. La inserci\u00f3n del alumnado de esta iniciativa en anteriores ediciones se encuentra alrededor del 80%. Por otra parte, la cualificaci\u00f3n de las personas que se dedican a atender a personas con demencia en sus hogares mejora, adem\u00e1s, la situaci\u00f3n de los familiares de personas con Alzheimer y la calidad del cuidado a los enfermos.<\/p>\n<p>Estas formaciones tienen su origen en un Convenio firmado en el a\u00f1o 2014 entre el Ayuntamiento de Pamplona y la Asociaci\u00f3n de Familiares de Enfermos de Alzheimer de Navarra (AFAN) y que se renov\u00f3 en 2018 con horizonte 2023. El presupuesto anual, financiado en su totalidad por el Ayuntamiento de Pamplona, es de 6.000 euros. Este a\u00f1o, como novedad, el Servicio municipal de Atenci\u00f3n a Domicilio se ha incorporado como espacio de pr\u00e1cticas para el alumnado.<\/p>\n<p>La Asociaci\u00f3n de Familiares de Enfermos de Alzheimer de Navarra, es una asociaci\u00f3n sin \u00e1nimo de lucro que cuenta con dos sedes en Pamplona y Tudela que tienen como objetivo proporcionar <strong>informaci\u00f3n, formaci\u00f3n y apoyo para hacer m\u00e1s llevadera la enfermedad, as\u00ed como apoyar todas las iniciativas que investiguen sobre la enfermedad de Alzheimer y otras demencias.<\/strong><\/p>\n<p><script async src=\"\/\/pagead2.googlesyndication.com\/pagead\/js\/adsbygoogle.js\"><\/script><br \/>\n<!-- Noticias La Guia de Pamplona --><br \/>\n<ins class=\"adsbygoogle\"\nstyle=\"display:block\"\ndata-ad-client=\"ca-pub-6943679897239327\"\ndata-ad-slot=\"7048180777\"\ndata-ad-format=\"auto\"><\/ins><br \/>\n<script>\n(adsbygoogle = window.adsbygoogle || []).push({});\n<\/script><\/p>\n<p><strong>Acceder a un trabajo que la sociedad necesita<\/strong><\/p>\n<p>El curso se ha impartido con una metodolog\u00eda activa y participativa y mediante el empleo de t\u00e9cnicas audiovisuales en clases te\u00f3ricas y sesiones pr\u00e1cticas. En total el alumnado ha recibido 126 horas de formaci\u00f3n, 80 de ellas a cargo de dos expertas de AFAN, una psic\u00f3loga y una enfermera.<\/p>\n<p>Entre los temas abordados en esta parte del curso han estado las estrategias de comunicaci\u00f3n, la estimulaci\u00f3n cognitiva, el impacto de la dolencia en la familia o el duelo anticipado. Fundaci\u00f3n Gaztelan se ha encargado de otras 32 con contenidos relativos a empleo dom\u00e9stico y competencias transversales. Como novedad \u00e9ste a\u00f1o se han comenzado a desarrollar pr\u00e1cticas en el SAD, Servicio de Atenci\u00f3n Domiciliaria del Ayuntamiento de Pamplona con una duraci\u00f3n de 10 horas.<\/p>\n<p>Adem\u00e1s, en el transcurso de la formaci\u00f3n, se han mantenido sesiones con personal t\u00e9cnico del Equipo Municipal de Atenci\u00f3n a Domicilio sobre los recursos que existen en torno a las personas con demencia, y con personal t\u00e9cnico de EISOL sobre cualificaciones profesionales para las mujeres que deseen seguir form\u00e1ndose en el \u00e1rea de la dependencia.<\/p>\n<p>La cualificaci\u00f3n en este campo abre un itinerario de inserci\u00f3n laboral en un campo que demanda empleo. El de las personas participantes se desarrollar\u00e1 a trav\u00e9s del Servicio Municipal de Intermediaci\u00f3n Laboral de EISOL (SMIL) que mediar\u00e1 entre las ofertas generadas en el sector, adem\u00e1s de las que se derivan desde AFAN, cuyos asociados buscan personas cuidadoras.<\/p>\n<p><script async src=\"\/\/pagead2.googlesyndication.com\/pagead\/js\/adsbygoogle.js\"><\/script><br \/>\n<!-- Noticias La Guia de Pamplona --><br \/>\n<ins class=\"adsbygoogle\"\nstyle=\"display:block\"\ndata-ad-client=\"ca-pub-6943679897239327\"\ndata-ad-slot=\"7048180777\"\ndata-ad-format=\"auto\"><\/ins><br \/>\n<script>\n(adsbygoogle = window.adsbygoogle || []).push({});\n<\/script><\/p>\n<h3><span style=\"color: #ff0000;\">El alumnado que ha recibido diploma<\/span><\/h3>\n<p><strong>Patience Okojie<\/strong><\/p>\n<p><strong>Annia Sosa Jauregui<\/strong><\/p>\n<p><strong>Ramona Torres Pineda<\/strong><\/p>\n<p><strong>Elva Noguera<\/strong><\/p>\n<p><strong>Lina Patricia Gonz\u00e1lez D\u00edaz<\/strong><\/p>\n<p><strong>Shirley Brenda Mamani Huaytari<\/strong><\/p>\n<p><strong>Dulce Mar\u00eda Encarnaci\u00f3n Garc\u00eda<\/strong><\/p>\n<p><strong>Rosa Elvira Palencia Rivera<\/strong><\/p>\n<p><strong>Sor Cecilia Carias Castellano<\/strong><\/p>\n<p><strong>Siham Kessab<\/strong><\/p>\n<p><strong>Esther Julia Mena Ram\u00edrez<\/strong><\/p>\n<p><strong>Evangelina Arboleda Hoyos<\/strong><\/p>\n<p><strong>Nerea Garcia Ibero<\/strong><\/p>\n","protected":false},"excerpt":{"rendered":"<p>En esta edici\u00f3n se incorporan pr\u00e1cticas en el Servicio de Atenci\u00f3n a Domicilio a unos cursos en los que la inserci\u00f3n de promedio ronda el 80%<\/p>\n","protected":false},"author":1,"featured_media":26841,"comment_status":"open","ping_status":"closed","sticky":false,"template":"","format":"standard","meta":{"footnotes":""},"categories":[2],"tags":[],"class_list":["post-26839","post","type-post","status-publish","format-standard","has-post-thumbnail","hentry","category-ayuntamiento-pamplona"],"yoast_head":"<!-- This site is optimized with the Yoast SEO plugin v27.5 - https:\/\/yoast.com\/product\/yoast-seo-wordpress\/ -->\n<title>13 mujeres reciben diplomas por formarse en Atenci\u00f3n de personas con demencia con el Ayuntamiento de Pamplona y la Asociaci\u00f3n de familiares de enfermos de Alzheimer<\/title>\n<meta name=\"robots\" content=\"index, follow, max-snippet:-1, max-image-preview:large, max-video-preview:-1\" \/>\n<link rel=\"canonical\" href=\"https:\/\/www.laguiadepamplona.com\/actualidad\/13-mujeres-reciben-diplomas-por-formarse-en-atencion-de-personas-con-demencia-con-el-ayuntamiento-de-pamplona-y-la-asociacion-de-familiares-de-enfermos-de-alzheimer\/\" \/>\n<meta property=\"og:locale\" content=\"es_ES\" \/>\n<meta property=\"og:type\" content=\"article\" \/>\n<meta property=\"og:title\" content=\"13 mujeres reciben diplomas por formarse en Atenci\u00f3n de personas con demencia con el Ayuntamiento de Pamplona y la Asociaci\u00f3n de familiares de enfermos de Alzheimer\" \/>\n<meta property=\"og:description\" content=\"En esta edici\u00f3n se incorporan pr\u00e1cticas en el Servicio de Atenci\u00f3n a Domicilio a unos cursos en los que la inserci\u00f3n de promedio ronda el 80%\" \/>\n<meta property=\"og:url\" content=\"https:\/\/www.laguiadepamplona.com\/actualidad\/13-mujeres-reciben-diplomas-por-formarse-en-atencion-de-personas-con-demencia-con-el-ayuntamiento-de-pamplona-y-la-asociacion-de-familiares-de-enfermos-de-alzheimer\/\" \/>\n<meta property=\"og:site_name\" content=\"La Gu\u00eda de Pamplona\" \/>\n<meta property=\"article:publisher\" content=\"https:\/\/www.facebook.com\/laguiadepamplonacom-133175176762273\/?ref=hl\" \/>\n<meta property=\"article:published_time\" content=\"2019-12-16T14:48:40+00:00\" \/>\n<meta property=\"article:modified_time\" content=\"2019-12-16T14:49:02+00:00\" \/>\n<meta property=\"og:image\" content=\"https:\/\/www.laguiadepamplona.com\/actualidad\/wp-content\/uploads\/2019\/12\/19.12.16_clausura_curso_cuidadoras_demencia_AFAN.jpg\" \/>\n\t<meta property=\"og:image:width\" content=\"1920\" \/>\n\t<meta property=\"og:image:height\" content=\"1280\" \/>\n\t<meta property=\"og:image:type\" content=\"image\/jpeg\" \/>\n<meta name=\"author\" content=\"La Gu\u00eda de Pamplona\" \/>\n<meta name=\"twitter:card\" content=\"summary_large_image\" \/>\n<meta name=\"twitter:creator\" content=\"@LaGuiadPamplona\" \/>\n<meta name=\"twitter:site\" content=\"@LaGuiadPamplona\" \/>\n<meta name=\"twitter:label1\" content=\"Escrito por\" \/>\n\t<meta name=\"twitter:data1\" content=\"La Gu\u00eda de Pamplona\" \/>\n\t<meta name=\"twitter:label2\" content=\"Tiempo de lectura\" \/>\n\t<meta name=\"twitter:data2\" content=\"3 minutos\" \/>\n<script type=\"application\/ld+json\" class=\"yoast-schema-graph\">{\"@context\":\"https:\\\/\\\/schema.org\",\"@graph\":[{\"@type\":\"Article\",\"@id\":\"https:\\\/\\\/www.laguiadepamplona.com\\\/actualidad\\\/13-mujeres-reciben-diplomas-por-formarse-en-atencion-de-personas-con-demencia-con-el-ayuntamiento-de-pamplona-y-la-asociacion-de-familiares-de-enfermos-de-alzheimer\\\/#article\",\"isPartOf\":{\"@id\":\"https:\\\/\\\/www.laguiadepamplona.com\\\/actualidad\\\/13-mujeres-reciben-diplomas-por-formarse-en-atencion-de-personas-con-demencia-con-el-ayuntamiento-de-pamplona-y-la-asociacion-de-familiares-de-enfermos-de-alzheimer\\\/\"},\"author\":{\"name\":\"La Gu\u00eda de Pamplona\",\"@id\":\"https:\\\/\\\/www.laguiadepamplona.com\\\/actualidad\\\/#\\\/schema\\\/person\\\/efe887376f0213d4657c93adc50b1fdb\"},\"headline\":\"13 mujeres reciben diplomas por formarse en Atenci\u00f3n de personas con demencia con el Ayuntamiento de Pamplona y la Asociaci\u00f3n de familiares de enfermos de Alzheimer\",\"datePublished\":\"2019-12-16T14:48:40+00:00\",\"dateModified\":\"2019-12-16T14:49:02+00:00\",\"mainEntityOfPage\":{\"@id\":\"https:\\\/\\\/www.laguiadepamplona.com\\\/actualidad\\\/13-mujeres-reciben-diplomas-por-formarse-en-atencion-de-personas-con-demencia-con-el-ayuntamiento-de-pamplona-y-la-asociacion-de-familiares-de-enfermos-de-alzheimer\\\/\"},\"wordCount\":705,\"commentCount\":0,\"publisher\":{\"@id\":\"https:\\\/\\\/www.laguiadepamplona.com\\\/actualidad\\\/#organization\"},\"image\":{\"@id\":\"https:\\\/\\\/www.laguiadepamplona.com\\\/actualidad\\\/13-mujeres-reciben-diplomas-por-formarse-en-atencion-de-personas-con-demencia-con-el-ayuntamiento-de-pamplona-y-la-asociacion-de-familiares-de-enfermos-de-alzheimer\\\/#primaryimage\"},\"thumbnailUrl\":\"https:\\\/\\\/www.laguiadepamplona.com\\\/actualidad\\\/wp-content\\\/uploads\\\/2019\\\/12\\\/19.12.16_clausura_curso_cuidadoras_demencia_AFAN.jpg\",\"articleSection\":[\"Ayto Pamplona\"],\"inLanguage\":\"es\",\"potentialAction\":[{\"@type\":\"CommentAction\",\"name\":\"Comment\",\"target\":[\"https:\\\/\\\/www.laguiadepamplona.com\\\/actualidad\\\/13-mujeres-reciben-diplomas-por-formarse-en-atencion-de-personas-con-demencia-con-el-ayuntamiento-de-pamplona-y-la-asociacion-de-familiares-de-enfermos-de-alzheimer\\\/#respond\"]}]},{\"@type\":\"WebPage\",\"@id\":\"https:\\\/\\\/www.laguiadepamplona.com\\\/actualidad\\\/13-mujeres-reciben-diplomas-por-formarse-en-atencion-de-personas-con-demencia-con-el-ayuntamiento-de-pamplona-y-la-asociacion-de-familiares-de-enfermos-de-alzheimer\\\/\",\"url\":\"https:\\\/\\\/www.laguiadepamplona.com\\\/actualidad\\\/13-mujeres-reciben-diplomas-por-formarse-en-atencion-de-personas-con-demencia-con-el-ayuntamiento-de-pamplona-y-la-asociacion-de-familiares-de-enfermos-de-alzheimer\\\/\",\"name\":\"13 mujeres reciben diplomas por formarse en Atenci\u00f3n de personas con demencia con el Ayuntamiento de Pamplona y la Asociaci\u00f3n de familiares de enfermos de Alzheimer\",\"isPartOf\":{\"@id\":\"https:\\\/\\\/www.laguiadepamplona.com\\\/actualidad\\\/#website\"},\"primaryImageOfPage\":{\"@id\":\"https:\\\/\\\/www.laguiadepamplona.com\\\/actualidad\\\/13-mujeres-reciben-diplomas-por-formarse-en-atencion-de-personas-con-demencia-con-el-ayuntamiento-de-pamplona-y-la-asociacion-de-familiares-de-enfermos-de-alzheimer\\\/#primaryimage\"},\"image\":{\"@id\":\"https:\\\/\\\/www.laguiadepamplona.com\\\/actualidad\\\/13-mujeres-reciben-diplomas-por-formarse-en-atencion-de-personas-con-demencia-con-el-ayuntamiento-de-pamplona-y-la-asociacion-de-familiares-de-enfermos-de-alzheimer\\\/#primaryimage\"},\"thumbnailUrl\":\"https:\\\/\\\/www.laguiadepamplona.com\\\/actualidad\\\/wp-content\\\/uploads\\\/2019\\\/12\\\/19.12.16_clausura_curso_cuidadoras_demencia_AFAN.jpg\",\"datePublished\":\"2019-12-16T14:48:40+00:00\",\"dateModified\":\"2019-12-16T14:49:02+00:00\",\"breadcrumb\":{\"@id\":\"https:\\\/\\\/www.laguiadepamplona.com\\\/actualidad\\\/13-mujeres-reciben-diplomas-por-formarse-en-atencion-de-personas-con-demencia-con-el-ayuntamiento-de-pamplona-y-la-asociacion-de-familiares-de-enfermos-de-alzheimer\\\/#breadcrumb\"},\"inLanguage\":\"es\",\"potentialAction\":[{\"@type\":\"ReadAction\",\"target\":[\"https:\\\/\\\/www.laguiadepamplona.com\\\/actualidad\\\/13-mujeres-reciben-diplomas-por-formarse-en-atencion-de-personas-con-demencia-con-el-ayuntamiento-de-pamplona-y-la-asociacion-de-familiares-de-enfermos-de-alzheimer\\\/\"]}]},{\"@type\":\"ImageObject\",\"inLanguage\":\"es\",\"@id\":\"https:\\\/\\\/www.laguiadepamplona.com\\\/actualidad\\\/13-mujeres-reciben-diplomas-por-formarse-en-atencion-de-personas-con-demencia-con-el-ayuntamiento-de-pamplona-y-la-asociacion-de-familiares-de-enfermos-de-alzheimer\\\/#primaryimage\",\"url\":\"https:\\\/\\\/www.laguiadepamplona.com\\\/actualidad\\\/wp-content\\\/uploads\\\/2019\\\/12\\\/19.12.16_clausura_curso_cuidadoras_demencia_AFAN.jpg\",\"contentUrl\":\"https:\\\/\\\/www.laguiadepamplona.com\\\/actualidad\\\/wp-content\\\/uploads\\\/2019\\\/12\\\/19.12.16_clausura_curso_cuidadoras_demencia_AFAN.jpg\",\"width\":1920,\"height\":1280},{\"@type\":\"BreadcrumbList\",\"@id\":\"https:\\\/\\\/www.laguiadepamplona.com\\\/actualidad\\\/13-mujeres-reciben-diplomas-por-formarse-en-atencion-de-personas-con-demencia-con-el-ayuntamiento-de-pamplona-y-la-asociacion-de-familiares-de-enfermos-de-alzheimer\\\/#breadcrumb\",\"itemListElement\":[{\"@type\":\"ListItem\",\"position\":1,\"name\":\"Portada\",\"item\":\"https:\\\/\\\/www.laguiadepamplona.com\\\/actualidad\\\/\"},{\"@type\":\"ListItem\",\"position\":2,\"name\":\"13 mujeres reciben diplomas por formarse en Atenci\u00f3n de personas con demencia con el Ayuntamiento de Pamplona y la Asociaci\u00f3n de familiares de enfermos de Alzheimer\"}]},{\"@type\":\"WebSite\",\"@id\":\"https:\\\/\\\/www.laguiadepamplona.com\\\/actualidad\\\/#website\",\"url\":\"https:\\\/\\\/www.laguiadepamplona.com\\\/actualidad\\\/\",\"name\":\"La gu\u00eda de Pamplona\",\"description\":\"Noticias de Pamplona\",\"publisher\":{\"@id\":\"https:\\\/\\\/www.laguiadepamplona.com\\\/actualidad\\\/#organization\"},\"potentialAction\":[{\"@type\":\"SearchAction\",\"target\":{\"@type\":\"EntryPoint\",\"urlTemplate\":\"https:\\\/\\\/www.laguiadepamplona.com\\\/actualidad\\\/?s={search_term_string}\"},\"query-input\":{\"@type\":\"PropertyValueSpecification\",\"valueRequired\":true,\"valueName\":\"search_term_string\"}}],\"inLanguage\":\"es\"},{\"@type\":\"Organization\",\"@id\":\"https:\\\/\\\/www.laguiadepamplona.com\\\/actualidad\\\/#organization\",\"name\":\"La Gu\u00eda de Pamplona \\\/ Noticias\",\"url\":\"https:\\\/\\\/www.laguiadepamplona.com\\\/actualidad\\\/\",\"logo\":{\"@type\":\"ImageObject\",\"inLanguage\":\"es\",\"@id\":\"https:\\\/\\\/www.laguiadepamplona.com\\\/actualidad\\\/#\\\/schema\\\/logo\\\/image\\\/\",\"url\":\"https:\\\/\\\/www.laguiadepamplona.com\\\/actualidad\\\/wp-content\\\/uploads\\\/2018\\\/11\\\/logo-laguiadepamplona18-web1.png\",\"contentUrl\":\"https:\\\/\\\/www.laguiadepamplona.com\\\/actualidad\\\/wp-content\\\/uploads\\\/2018\\\/11\\\/logo-laguiadepamplona18-web1.png\",\"width\":600,\"height\":196,\"caption\":\"La Gu\u00eda de Pamplona \\\/ Noticias\"},\"image\":{\"@id\":\"https:\\\/\\\/www.laguiadepamplona.com\\\/actualidad\\\/#\\\/schema\\\/logo\\\/image\\\/\"},\"sameAs\":[\"https:\\\/\\\/www.facebook.com\\\/laguiadepamplonacom-133175176762273\\\/?ref=hl\",\"https:\\\/\\\/x.com\\\/LaGuiadPamplona\",\"https:\\\/\\\/www.instagram.com\\\/la_guia_de_pamplona\\\/\",\"https:\\\/\\\/www.youtube.com\\\/user\\\/laguiadepamplona\"]},{\"@type\":\"Person\",\"@id\":\"https:\\\/\\\/www.laguiadepamplona.com\\\/actualidad\\\/#\\\/schema\\\/person\\\/efe887376f0213d4657c93adc50b1fdb\",\"name\":\"La Gu\u00eda de Pamplona\",\"image\":{\"@type\":\"ImageObject\",\"inLanguage\":\"es\",\"@id\":\"https:\\\/\\\/secure.gravatar.com\\\/avatar\\\/b6992f131dc8d30ab0dff15446e9d346d9dbd95992de0fef795073f5ea83a81c?s=96&d=mm&r=g\",\"url\":\"https:\\\/\\\/secure.gravatar.com\\\/avatar\\\/b6992f131dc8d30ab0dff15446e9d346d9dbd95992de0fef795073f5ea83a81c?s=96&d=mm&r=g\",\"contentUrl\":\"https:\\\/\\\/secure.gravatar.com\\\/avatar\\\/b6992f131dc8d30ab0dff15446e9d346d9dbd95992de0fef795073f5ea83a81c?s=96&d=mm&r=g\",\"caption\":\"La Gu\u00eda de Pamplona\"}}]}<\/script>\n<!-- \/ Yoast SEO plugin. -->","yoast_head_json":{"title":"13 mujeres reciben diplomas por formarse en Atenci\u00f3n de personas con demencia con el Ayuntamiento de Pamplona y la Asociaci\u00f3n de familiares de enfermos de Alzheimer","robots":{"index":"index","follow":"follow","max-snippet":"max-snippet:-1","max-image-preview":"max-image-preview:large","max-video-preview":"max-video-preview:-1"},"canonical":"https:\/\/www.laguiadepamplona.com\/actualidad\/13-mujeres-reciben-diplomas-por-formarse-en-atencion-de-personas-con-demencia-con-el-ayuntamiento-de-pamplona-y-la-asociacion-de-familiares-de-enfermos-de-alzheimer\/","og_locale":"es_ES","og_type":"article","og_title":"13 mujeres reciben diplomas por formarse en Atenci\u00f3n de personas con demencia con el Ayuntamiento de Pamplona y la Asociaci\u00f3n de familiares de enfermos de Alzheimer","og_description":"En esta edici\u00f3n se incorporan pr\u00e1cticas en el Servicio de Atenci\u00f3n a Domicilio a unos cursos en los que la inserci\u00f3n de promedio ronda el 80%","og_url":"https:\/\/www.laguiadepamplona.com\/actualidad\/13-mujeres-reciben-diplomas-por-formarse-en-atencion-de-personas-con-demencia-con-el-ayuntamiento-de-pamplona-y-la-asociacion-de-familiares-de-enfermos-de-alzheimer\/","og_site_name":"La Gu\u00eda de Pamplona","article_publisher":"https:\/\/www.facebook.com\/laguiadepamplonacom-133175176762273\/?ref=hl","article_published_time":"2019-12-16T14:48:40+00:00","article_modified_time":"2019-12-16T14:49:02+00:00","og_image":[{"width":1920,"height":1280,"url":"https:\/\/www.laguiadepamplona.com\/actualidad\/wp-content\/uploads\/2019\/12\/19.12.16_clausura_curso_cuidadoras_demencia_AFAN.jpg","type":"image\/jpeg"}],"author":"La Gu\u00eda de Pamplona","twitter_card":"summary_large_image","twitter_creator":"@LaGuiadPamplona","twitter_site":"@LaGuiadPamplona","twitter_misc":{"Escrito por":"La Gu\u00eda de Pamplona","Tiempo de lectura":"3 minutos"},"schema":{"@context":"https:\/\/schema.org","@graph":[{"@type":"Article","@id":"https:\/\/www.laguiadepamplona.com\/actualidad\/13-mujeres-reciben-diplomas-por-formarse-en-atencion-de-personas-con-demencia-con-el-ayuntamiento-de-pamplona-y-la-asociacion-de-familiares-de-enfermos-de-alzheimer\/#article","isPartOf":{"@id":"https:\/\/www.laguiadepamplona.com\/actualidad\/13-mujeres-reciben-diplomas-por-formarse-en-atencion-de-personas-con-demencia-con-el-ayuntamiento-de-pamplona-y-la-asociacion-de-familiares-de-enfermos-de-alzheimer\/"},"author":{"name":"La Gu\u00eda de Pamplona","@id":"https:\/\/www.laguiadepamplona.com\/actualidad\/#\/schema\/person\/efe887376f0213d4657c93adc50b1fdb"},"headline":"13 mujeres reciben diplomas por formarse en Atenci\u00f3n de personas con demencia con el Ayuntamiento de Pamplona y la Asociaci\u00f3n de familiares de enfermos de Alzheimer","datePublished":"2019-12-16T14:48:40+00:00","dateModified":"2019-12-16T14:49:02+00:00","mainEntityOfPage":{"@id":"https:\/\/www.laguiadepamplona.com\/actualidad\/13-mujeres-reciben-diplomas-por-formarse-en-atencion-de-personas-con-demencia-con-el-ayuntamiento-de-pamplona-y-la-asociacion-de-familiares-de-enfermos-de-alzheimer\/"},"wordCount":705,"commentCount":0,"publisher":{"@id":"https:\/\/www.laguiadepamplona.com\/actualidad\/#organization"},"image":{"@id":"https:\/\/www.laguiadepamplona.com\/actualidad\/13-mujeres-reciben-diplomas-por-formarse-en-atencion-de-personas-con-demencia-con-el-ayuntamiento-de-pamplona-y-la-asociacion-de-familiares-de-enfermos-de-alzheimer\/#primaryimage"},"thumbnailUrl":"https:\/\/www.laguiadepamplona.com\/actualidad\/wp-content\/uploads\/2019\/12\/19.12.16_clausura_curso_cuidadoras_demencia_AFAN.jpg","articleSection":["Ayto Pamplona"],"inLanguage":"es","potentialAction":[{"@type":"CommentAction","name":"Comment","target":["https:\/\/www.laguiadepamplona.com\/actualidad\/13-mujeres-reciben-diplomas-por-formarse-en-atencion-de-personas-con-demencia-con-el-ayuntamiento-de-pamplona-y-la-asociacion-de-familiares-de-enfermos-de-alzheimer\/#respond"]}]},{"@type":"WebPage","@id":"https:\/\/www.laguiadepamplona.com\/actualidad\/13-mujeres-reciben-diplomas-por-formarse-en-atencion-de-personas-con-demencia-con-el-ayuntamiento-de-pamplona-y-la-asociacion-de-familiares-de-enfermos-de-alzheimer\/","url":"https:\/\/www.laguiadepamplona.com\/actualidad\/13-mujeres-reciben-diplomas-por-formarse-en-atencion-de-personas-con-demencia-con-el-ayuntamiento-de-pamplona-y-la-asociacion-de-familiares-de-enfermos-de-alzheimer\/","name":"13 mujeres reciben diplomas por formarse en Atenci\u00f3n de personas con demencia con el Ayuntamiento de Pamplona y la Asociaci\u00f3n de familiares de enfermos de Alzheimer","isPartOf":{"@id":"https:\/\/www.laguiadepamplona.com\/actualidad\/#website"},"primaryImageOfPage":{"@id":"https:\/\/www.laguiadepamplona.com\/actualidad\/13-mujeres-reciben-diplomas-por-formarse-en-atencion-de-personas-con-demencia-con-el-ayuntamiento-de-pamplona-y-la-asociacion-de-familiares-de-enfermos-de-alzheimer\/#primaryimage"},"image":{"@id":"https:\/\/www.laguiadepamplona.com\/actualidad\/13-mujeres-reciben-diplomas-por-formarse-en-atencion-de-personas-con-demencia-con-el-ayuntamiento-de-pamplona-y-la-asociacion-de-familiares-de-enfermos-de-alzheimer\/#primaryimage"},"thumbnailUrl":"https:\/\/www.laguiadepamplona.com\/actualidad\/wp-content\/uploads\/2019\/12\/19.12.16_clausura_curso_cuidadoras_demencia_AFAN.jpg","datePublished":"2019-12-16T14:48:40+00:00","dateModified":"2019-12-16T14:49:02+00:00","breadcrumb":{"@id":"https:\/\/www.laguiadepamplona.com\/actualidad\/13-mujeres-reciben-diplomas-por-formarse-en-atencion-de-personas-con-demencia-con-el-ayuntamiento-de-pamplona-y-la-asociacion-de-familiares-de-enfermos-de-alzheimer\/#breadcrumb"},"inLanguage":"es","potentialAction":[{"@type":"ReadAction","target":["https:\/\/www.laguiadepamplona.com\/actualidad\/13-mujeres-reciben-diplomas-por-formarse-en-atencion-de-personas-con-demencia-con-el-ayuntamiento-de-pamplona-y-la-asociacion-de-familiares-de-enfermos-de-alzheimer\/"]}]},{"@type":"ImageObject","inLanguage":"es","@id":"https:\/\/www.laguiadepamplona.com\/actualidad\/13-mujeres-reciben-diplomas-por-formarse-en-atencion-de-personas-con-demencia-con-el-ayuntamiento-de-pamplona-y-la-asociacion-de-familiares-de-enfermos-de-alzheimer\/#primaryimage","url":"https:\/\/www.laguiadepamplona.com\/actualidad\/wp-content\/uploads\/2019\/12\/19.12.16_clausura_curso_cuidadoras_demencia_AFAN.jpg","contentUrl":"https:\/\/www.laguiadepamplona.com\/actualidad\/wp-content\/uploads\/2019\/12\/19.12.16_clausura_curso_cuidadoras_demencia_AFAN.jpg","width":1920,"height":1280},{"@type":"BreadcrumbList","@id":"https:\/\/www.laguiadepamplona.com\/actualidad\/13-mujeres-reciben-diplomas-por-formarse-en-atencion-de-personas-con-demencia-con-el-ayuntamiento-de-pamplona-y-la-asociacion-de-familiares-de-enfermos-de-alzheimer\/#breadcrumb","itemListElement":[{"@type":"ListItem","position":1,"name":"Portada","item":"https:\/\/www.laguiadepamplona.com\/actualidad\/"},{"@type":"ListItem","position":2,"name":"13 mujeres reciben diplomas por formarse en Atenci\u00f3n de personas con demencia con el Ayuntamiento de Pamplona y la Asociaci\u00f3n de familiares de enfermos de Alzheimer"}]},{"@type":"WebSite","@id":"https:\/\/www.laguiadepamplona.com\/actualidad\/#website","url":"https:\/\/www.laguiadepamplona.com\/actualidad\/","name":"La gu\u00eda de Pamplona","description":"Noticias de Pamplona","publisher":{"@id":"https:\/\/www.laguiadepamplona.com\/actualidad\/#organization"},"potentialAction":[{"@type":"SearchAction","target":{"@type":"EntryPoint","urlTemplate":"https:\/\/www.laguiadepamplona.com\/actualidad\/?s={search_term_string}"},"query-input":{"@type":"PropertyValueSpecification","valueRequired":true,"valueName":"search_term_string"}}],"inLanguage":"es"},{"@type":"Organization","@id":"https:\/\/www.laguiadepamplona.com\/actualidad\/#organization","name":"La Gu\u00eda de Pamplona \/ Noticias","url":"https:\/\/www.laguiadepamplona.com\/actualidad\/","logo":{"@type":"ImageObject","inLanguage":"es","@id":"https:\/\/www.laguiadepamplona.com\/actualidad\/#\/schema\/logo\/image\/","url":"https:\/\/www.laguiadepamplona.com\/actualidad\/wp-content\/uploads\/2018\/11\/logo-laguiadepamplona18-web1.png","contentUrl":"https:\/\/www.laguiadepamplona.com\/actualidad\/wp-content\/uploads\/2018\/11\/logo-laguiadepamplona18-web1.png","width":600,"height":196,"caption":"La Gu\u00eda de Pamplona \/ Noticias"},"image":{"@id":"https:\/\/www.laguiadepamplona.com\/actualidad\/#\/schema\/logo\/image\/"},"sameAs":["https:\/\/www.facebook.com\/laguiadepamplonacom-133175176762273\/?ref=hl","https:\/\/x.com\/LaGuiadPamplona","https:\/\/www.instagram.com\/la_guia_de_pamplona\/","https:\/\/www.youtube.com\/user\/laguiadepamplona"]},{"@type":"Person","@id":"https:\/\/www.laguiadepamplona.com\/actualidad\/#\/schema\/person\/efe887376f0213d4657c93adc50b1fdb","name":"La Gu\u00eda de Pamplona","image":{"@type":"ImageObject","inLanguage":"es","@id":"https:\/\/secure.gravatar.com\/avatar\/b6992f131dc8d30ab0dff15446e9d346d9dbd95992de0fef795073f5ea83a81c?s=96&d=mm&r=g","url":"https:\/\/secure.gravatar.com\/avatar\/b6992f131dc8d30ab0dff15446e9d346d9dbd95992de0fef795073f5ea83a81c?s=96&d=mm&r=g","contentUrl":"https:\/\/secure.gravatar.com\/avatar\/b6992f131dc8d30ab0dff15446e9d346d9dbd95992de0fef795073f5ea83a81c?s=96&d=mm&r=g","caption":"La Gu\u00eda de Pamplona"}}]}},"post_mailing_queue_ids":[],"_links":{"self":[{"href":"https:\/\/www.laguiadepamplona.com\/actualidad\/wp-json\/wp\/v2\/posts\/26839","targetHints":{"allow":["GET"]}}],"collection":[{"href":"https:\/\/www.laguiadepamplona.com\/actualidad\/wp-json\/wp\/v2\/posts"}],"about":[{"href":"https:\/\/www.laguiadepamplona.com\/actualidad\/wp-json\/wp\/v2\/types\/post"}],"author":[{"embeddable":true,"href":"https:\/\/www.laguiadepamplona.com\/actualidad\/wp-json\/wp\/v2\/users\/1"}],"replies":[{"embeddable":true,"href":"https:\/\/www.laguiadepamplona.com\/actualidad\/wp-json\/wp\/v2\/comments?post=26839"}],"version-history":[{"count":0,"href":"https:\/\/www.laguiadepamplona.com\/actualidad\/wp-json\/wp\/v2\/posts\/26839\/revisions"}],"wp:featuredmedia":[{"embeddable":true,"href":"https:\/\/www.laguiadepamplona.com\/actualidad\/wp-json\/wp\/v2\/media\/26841"}],"wp:attachment":[{"href":"https:\/\/www.laguiadepamplona.com\/actualidad\/wp-json\/wp\/v2\/media?parent=26839"}],"wp:term":[{"taxonomy":"category","embeddable":true,"href":"https:\/\/www.laguiadepamplona.com\/actualidad\/wp-json\/wp\/v2\/categories?post=26839"},{"taxonomy":"post_tag","embeddable":true,"href":"https:\/\/www.laguiadepamplona.com\/actualidad\/wp-json\/wp\/v2\/tags?post=26839"}],"curies":[{"name":"wp","href":"https:\/\/api.w.org\/{rel}","templated":true}]}}