{"id":26829,"date":"2019-12-16T16:45:32","date_gmt":"2019-12-16T14:45:32","guid":{"rendered":"https:\/\/www.laguiadepamplona.es\/actualidad\/?p=26829"},"modified":"2019-12-16T16:45:49","modified_gmt":"2019-12-16T14:45:49","slug":"una-profesora-y-una-periodista-reflexionaran-manana-en-el-inap-sobre-el-papel-que-tienen-de-las-mujeres-en-la-transmision-del-euskera","status":"publish","type":"post","link":"https:\/\/www.laguiadepamplona.com\/actualidad\/una-profesora-y-una-periodista-reflexionaran-manana-en-el-inap-sobre-el-papel-que-tienen-de-las-mujeres-en-la-transmision-del-euskera\/","title":{"rendered":"Una profesora y una periodista reflexionar\u00e1n ma\u00f1ana en el INAP sobre el papel que tienen de las mujeres en la transmisi\u00f3n del euskera"},"content":{"rendered":"<h5>El encuentro entre Idurre Eskisabel y Reyes Ilintxeta forma parte de las actividades \u2018Hemen baditu 14\/ Aqu\u00ed ya 14\u2019 que quiere homenajear a 14 mujeres<\/h5>\n<p><!--more--><\/p>\n<p>Ma\u00f1ana, martes 17 de diciembre, la sede del Instituto Navarro de Administraci\u00f3n P\u00fablica (calle Navarrer\u00eda, 39) acoger\u00e1 un encuentro entre Idurre Eskisabel, profesora de la UPV y la periodista Reyes Ilintxeta. Ambas conversar\u00e1n sobre c\u00f3mo pasar de la teor\u00eda a la pr\u00e1ctica la actual reflexi\u00f3n sobre lengua y g\u00e9nero y debatir\u00e1n, junto con las personas presentes, sobre el papel que tienen las mujeres en la transmisi\u00f3n del euskera y el peso de la construcci\u00f3n del g\u00e9nero en la percepci\u00f3n y uso del lenguaje.<\/p>\n<p><script async src=\"\/\/pagead2.googlesyndication.com\/pagead\/js\/adsbygoogle.js\"><\/script><br \/>\n<!-- Noticias La Guia de Pamplona --><br \/>\n<ins class=\"adsbygoogle\"\nstyle=\"display:block\"\ndata-ad-client=\"ca-pub-6943679897239327\"\ndata-ad-slot=\"7048180777\"\ndata-ad-format=\"auto\"><\/ins><br \/>\n<script>\n(adsbygoogle = window.adsbygoogle || []).push({});\n<\/script><\/p>\n<p>La actividad est\u00e1 dentro del programa \u2018Hemen baditu 14\/ Aqu\u00ed ya 14\u2019 que organiza en torno al D\u00eda Internacional del Euskera (3 de diciembre) organiza el Ayuntamiento de Pamplona con el impulso del grupo Nombrar Mujeres en Pamplona.<\/p>\n<p>Idurre Eskisabel, adem\u00e1s de profesora universitaria y feminista, recientemente ha publicado junto con Lorea Agirre un ensayo \u201cTrikua esnatu da\u201d que aborda justamente el tema propuesto en la actividad: el g\u00e9nero y el euskera. Reyes Ilintxeta, licencida en Periodismo por la Universidad de Navarra, trabaja en Euskeralherria Irratia y es columnista en Diario de Noticias.<\/p>\n<p>La de ma\u00f1ana ser\u00e1 la \u00faltima actividad del programa \u2018Hemen baditun 14 \u2013 Aqu\u00ed ya 14\u2019, aunque hasta el pr\u00f3ximo viernes se podr\u00e1 visitar la exposici\u00f3n del mismo t\u00edtulo ubicada en Civivox Condestable (calle Mayor, 2) que homenajea precisamente a 14 mujeres que han trabajado a favor del euskera durante el siglo XX. En enero de 2020 exposici\u00f3n se trasladar\u00e1 a la Casa de la Mujeres.<\/p>\n<p><script async src=\"\/\/pagead2.googlesyndication.com\/pagead\/js\/adsbygoogle.js\"><\/script><br \/>\n<!-- Noticias La Guia de Pamplona --><br \/>\n<ins class=\"adsbygoogle\"\nstyle=\"display:block\"\ndata-ad-client=\"ca-pub-6943679897239327\"\ndata-ad-slot=\"7048180777\"\ndata-ad-format=\"auto\"><\/ins><br \/>\n<script>\n(adsbygoogle = window.adsbygoogle || []).push({});\n<\/script><\/p>\n<p>La muestra re\u00fane a catorce mujeres con diferentes perfiles personales y profesionales por su labor de fomento y normalizaci\u00f3n de este idioma en \u00e1mbitos como la ense\u00f1anza y la investigaci\u00f3n, la m\u00fasica, el periodismo, la escritura y el bertsolarismo, el cine, la administraci\u00f3n, el comercio o la conservaci\u00f3n de la memoria y el testimonio de la propia lengua, tanto en el espacio dom\u00e9stico como en el p\u00fablico. Sus nombres: Perpetua Saragueta, Maritxu Viscarret, Feli Setoain, Mikaela Labayen, Petra Azpiroz, Paulina Urkiola, Luzia Go\u00f1i, Mikela Gastesi, Ceferina Fontellas, Ana Mar\u00eda Echaide, Mirentxu Loyarte, Xole Erbiti, Pakita Zabaleta y Sagrario Aleman.<\/p>\n","protected":false},"excerpt":{"rendered":"<p>El encuentro entre Idurre Eskisabel y Reyes Ilintxeta forma parte de las actividades \u2018Hemen baditu 14\/ Aqu\u00ed ya 14\u2019 que quiere homenajear a 14 mujeres<\/p>\n","protected":false},"author":1,"featured_media":21939,"comment_status":"open","ping_status":"closed","sticky":false,"template":"","format":"standard","meta":{"footnotes":""},"categories":[2],"tags":[],"class_list":["post-26829","post","type-post","status-publish","format-standard","has-post-thumbnail","hentry","category-ayuntamiento-pamplona"],"yoast_head":"<!-- This site is optimized with the Yoast SEO plugin v27.5 - https:\/\/yoast.com\/product\/yoast-seo-wordpress\/ -->\n<title>Una profesora y una periodista reflexionar\u00e1n ma\u00f1ana en el INAP sobre el papel que tienen de las mujeres en la transmisi\u00f3n del euskera<\/title>\n<meta name=\"robots\" content=\"index, follow, max-snippet:-1, max-image-preview:large, max-video-preview:-1\" \/>\n<link rel=\"canonical\" href=\"https:\/\/www.laguiadepamplona.com\/actualidad\/una-profesora-y-una-periodista-reflexionaran-manana-en-el-inap-sobre-el-papel-que-tienen-de-las-mujeres-en-la-transmision-del-euskera\/\" \/>\n<meta property=\"og:locale\" content=\"es_ES\" \/>\n<meta property=\"og:type\" content=\"article\" \/>\n<meta property=\"og:title\" content=\"Una profesora y una periodista reflexionar\u00e1n ma\u00f1ana en el INAP sobre el papel que tienen de las mujeres en la transmisi\u00f3n del euskera\" \/>\n<meta property=\"og:description\" content=\"El encuentro entre Idurre Eskisabel y Reyes Ilintxeta forma parte de las actividades \u2018Hemen baditu 14\/ Aqu\u00ed ya 14\u2019 que quiere homenajear a 14 mujeres\" \/>\n<meta property=\"og:url\" content=\"https:\/\/www.laguiadepamplona.com\/actualidad\/una-profesora-y-una-periodista-reflexionaran-manana-en-el-inap-sobre-el-papel-que-tienen-de-las-mujeres-en-la-transmision-del-euskera\/\" \/>\n<meta property=\"og:site_name\" content=\"La Gu\u00eda de Pamplona\" \/>\n<meta property=\"article:publisher\" content=\"https:\/\/www.facebook.com\/laguiadepamplonacom-133175176762273\/?ref=hl\" \/>\n<meta property=\"article:published_time\" content=\"2019-12-16T14:45:32+00:00\" \/>\n<meta property=\"article:modified_time\" content=\"2019-12-16T14:45:49+00:00\" \/>\n<meta property=\"og:image\" content=\"https:\/\/www.laguiadepamplona.com\/actualidad\/wp-content\/uploads\/2019\/05\/ayuntamiento-pamplona-laguiadepamplona.jpg\" \/>\n\t<meta property=\"og:image:width\" content=\"1920\" \/>\n\t<meta property=\"og:image:height\" content=\"1100\" \/>\n\t<meta property=\"og:image:type\" content=\"image\/jpeg\" \/>\n<meta name=\"author\" content=\"La Gu\u00eda de Pamplona\" \/>\n<meta name=\"twitter:card\" content=\"summary_large_image\" \/>\n<meta name=\"twitter:creator\" content=\"@LaGuiadPamplona\" \/>\n<meta name=\"twitter:site\" content=\"@LaGuiadPamplona\" \/>\n<meta name=\"twitter:label1\" content=\"Escrito por\" \/>\n\t<meta name=\"twitter:data1\" content=\"La Gu\u00eda de Pamplona\" \/>\n\t<meta name=\"twitter:label2\" content=\"Tiempo de lectura\" \/>\n\t<meta name=\"twitter:data2\" content=\"2 minutos\" \/>\n<script type=\"application\/ld+json\" class=\"yoast-schema-graph\">{\"@context\":\"https:\\\/\\\/schema.org\",\"@graph\":[{\"@type\":\"Article\",\"@id\":\"https:\\\/\\\/www.laguiadepamplona.com\\\/actualidad\\\/una-profesora-y-una-periodista-reflexionaran-manana-en-el-inap-sobre-el-papel-que-tienen-de-las-mujeres-en-la-transmision-del-euskera\\\/#article\",\"isPartOf\":{\"@id\":\"https:\\\/\\\/www.laguiadepamplona.com\\\/actualidad\\\/una-profesora-y-una-periodista-reflexionaran-manana-en-el-inap-sobre-el-papel-que-tienen-de-las-mujeres-en-la-transmision-del-euskera\\\/\"},\"author\":{\"name\":\"La Gu\u00eda de Pamplona\",\"@id\":\"https:\\\/\\\/www.laguiadepamplona.com\\\/actualidad\\\/#\\\/schema\\\/person\\\/efe887376f0213d4657c93adc50b1fdb\"},\"headline\":\"Una profesora y una periodista reflexionar\u00e1n ma\u00f1ana en el INAP sobre el papel que tienen de las mujeres en la transmisi\u00f3n del euskera\",\"datePublished\":\"2019-12-16T14:45:32+00:00\",\"dateModified\":\"2019-12-16T14:45:49+00:00\",\"mainEntityOfPage\":{\"@id\":\"https:\\\/\\\/www.laguiadepamplona.com\\\/actualidad\\\/una-profesora-y-una-periodista-reflexionaran-manana-en-el-inap-sobre-el-papel-que-tienen-de-las-mujeres-en-la-transmision-del-euskera\\\/\"},\"wordCount\":412,\"commentCount\":0,\"publisher\":{\"@id\":\"https:\\\/\\\/www.laguiadepamplona.com\\\/actualidad\\\/#organization\"},\"image\":{\"@id\":\"https:\\\/\\\/www.laguiadepamplona.com\\\/actualidad\\\/una-profesora-y-una-periodista-reflexionaran-manana-en-el-inap-sobre-el-papel-que-tienen-de-las-mujeres-en-la-transmision-del-euskera\\\/#primaryimage\"},\"thumbnailUrl\":\"https:\\\/\\\/www.laguiadepamplona.com\\\/actualidad\\\/wp-content\\\/uploads\\\/2019\\\/05\\\/ayuntamiento-pamplona-laguiadepamplona.jpg\",\"articleSection\":[\"Ayto Pamplona\"],\"inLanguage\":\"es\",\"potentialAction\":[{\"@type\":\"CommentAction\",\"name\":\"Comment\",\"target\":[\"https:\\\/\\\/www.laguiadepamplona.com\\\/actualidad\\\/una-profesora-y-una-periodista-reflexionaran-manana-en-el-inap-sobre-el-papel-que-tienen-de-las-mujeres-en-la-transmision-del-euskera\\\/#respond\"]}]},{\"@type\":\"WebPage\",\"@id\":\"https:\\\/\\\/www.laguiadepamplona.com\\\/actualidad\\\/una-profesora-y-una-periodista-reflexionaran-manana-en-el-inap-sobre-el-papel-que-tienen-de-las-mujeres-en-la-transmision-del-euskera\\\/\",\"url\":\"https:\\\/\\\/www.laguiadepamplona.com\\\/actualidad\\\/una-profesora-y-una-periodista-reflexionaran-manana-en-el-inap-sobre-el-papel-que-tienen-de-las-mujeres-en-la-transmision-del-euskera\\\/\",\"name\":\"Una profesora y una periodista reflexionar\u00e1n ma\u00f1ana en el INAP sobre el papel que tienen de las mujeres en la transmisi\u00f3n del euskera\",\"isPartOf\":{\"@id\":\"https:\\\/\\\/www.laguiadepamplona.com\\\/actualidad\\\/#website\"},\"primaryImageOfPage\":{\"@id\":\"https:\\\/\\\/www.laguiadepamplona.com\\\/actualidad\\\/una-profesora-y-una-periodista-reflexionaran-manana-en-el-inap-sobre-el-papel-que-tienen-de-las-mujeres-en-la-transmision-del-euskera\\\/#primaryimage\"},\"image\":{\"@id\":\"https:\\\/\\\/www.laguiadepamplona.com\\\/actualidad\\\/una-profesora-y-una-periodista-reflexionaran-manana-en-el-inap-sobre-el-papel-que-tienen-de-las-mujeres-en-la-transmision-del-euskera\\\/#primaryimage\"},\"thumbnailUrl\":\"https:\\\/\\\/www.laguiadepamplona.com\\\/actualidad\\\/wp-content\\\/uploads\\\/2019\\\/05\\\/ayuntamiento-pamplona-laguiadepamplona.jpg\",\"datePublished\":\"2019-12-16T14:45:32+00:00\",\"dateModified\":\"2019-12-16T14:45:49+00:00\",\"breadcrumb\":{\"@id\":\"https:\\\/\\\/www.laguiadepamplona.com\\\/actualidad\\\/una-profesora-y-una-periodista-reflexionaran-manana-en-el-inap-sobre-el-papel-que-tienen-de-las-mujeres-en-la-transmision-del-euskera\\\/#breadcrumb\"},\"inLanguage\":\"es\",\"potentialAction\":[{\"@type\":\"ReadAction\",\"target\":[\"https:\\\/\\\/www.laguiadepamplona.com\\\/actualidad\\\/una-profesora-y-una-periodista-reflexionaran-manana-en-el-inap-sobre-el-papel-que-tienen-de-las-mujeres-en-la-transmision-del-euskera\\\/\"]}]},{\"@type\":\"ImageObject\",\"inLanguage\":\"es\",\"@id\":\"https:\\\/\\\/www.laguiadepamplona.com\\\/actualidad\\\/una-profesora-y-una-periodista-reflexionaran-manana-en-el-inap-sobre-el-papel-que-tienen-de-las-mujeres-en-la-transmision-del-euskera\\\/#primaryimage\",\"url\":\"https:\\\/\\\/www.laguiadepamplona.com\\\/actualidad\\\/wp-content\\\/uploads\\\/2019\\\/05\\\/ayuntamiento-pamplona-laguiadepamplona.jpg\",\"contentUrl\":\"https:\\\/\\\/www.laguiadepamplona.com\\\/actualidad\\\/wp-content\\\/uploads\\\/2019\\\/05\\\/ayuntamiento-pamplona-laguiadepamplona.jpg\",\"width\":1920,\"height\":1100},{\"@type\":\"BreadcrumbList\",\"@id\":\"https:\\\/\\\/www.laguiadepamplona.com\\\/actualidad\\\/una-profesora-y-una-periodista-reflexionaran-manana-en-el-inap-sobre-el-papel-que-tienen-de-las-mujeres-en-la-transmision-del-euskera\\\/#breadcrumb\",\"itemListElement\":[{\"@type\":\"ListItem\",\"position\":1,\"name\":\"Portada\",\"item\":\"https:\\\/\\\/www.laguiadepamplona.com\\\/actualidad\\\/\"},{\"@type\":\"ListItem\",\"position\":2,\"name\":\"Una profesora y una periodista reflexionar\u00e1n ma\u00f1ana en el INAP sobre el papel que tienen de las mujeres en la transmisi\u00f3n del euskera\"}]},{\"@type\":\"WebSite\",\"@id\":\"https:\\\/\\\/www.laguiadepamplona.com\\\/actualidad\\\/#website\",\"url\":\"https:\\\/\\\/www.laguiadepamplona.com\\\/actualidad\\\/\",\"name\":\"La gu\u00eda de Pamplona\",\"description\":\"Noticias de Pamplona\",\"publisher\":{\"@id\":\"https:\\\/\\\/www.laguiadepamplona.com\\\/actualidad\\\/#organization\"},\"potentialAction\":[{\"@type\":\"SearchAction\",\"target\":{\"@type\":\"EntryPoint\",\"urlTemplate\":\"https:\\\/\\\/www.laguiadepamplona.com\\\/actualidad\\\/?s={search_term_string}\"},\"query-input\":{\"@type\":\"PropertyValueSpecification\",\"valueRequired\":true,\"valueName\":\"search_term_string\"}}],\"inLanguage\":\"es\"},{\"@type\":\"Organization\",\"@id\":\"https:\\\/\\\/www.laguiadepamplona.com\\\/actualidad\\\/#organization\",\"name\":\"La Gu\u00eda de Pamplona \\\/ Noticias\",\"url\":\"https:\\\/\\\/www.laguiadepamplona.com\\\/actualidad\\\/\",\"logo\":{\"@type\":\"ImageObject\",\"inLanguage\":\"es\",\"@id\":\"https:\\\/\\\/www.laguiadepamplona.com\\\/actualidad\\\/#\\\/schema\\\/logo\\\/image\\\/\",\"url\":\"https:\\\/\\\/www.laguiadepamplona.com\\\/actualidad\\\/wp-content\\\/uploads\\\/2018\\\/11\\\/logo-laguiadepamplona18-web1.png\",\"contentUrl\":\"https:\\\/\\\/www.laguiadepamplona.com\\\/actualidad\\\/wp-content\\\/uploads\\\/2018\\\/11\\\/logo-laguiadepamplona18-web1.png\",\"width\":600,\"height\":196,\"caption\":\"La Gu\u00eda de Pamplona \\\/ Noticias\"},\"image\":{\"@id\":\"https:\\\/\\\/www.laguiadepamplona.com\\\/actualidad\\\/#\\\/schema\\\/logo\\\/image\\\/\"},\"sameAs\":[\"https:\\\/\\\/www.facebook.com\\\/laguiadepamplonacom-133175176762273\\\/?ref=hl\",\"https:\\\/\\\/x.com\\\/LaGuiadPamplona\",\"https:\\\/\\\/www.instagram.com\\\/la_guia_de_pamplona\\\/\",\"https:\\\/\\\/www.youtube.com\\\/user\\\/laguiadepamplona\"]},{\"@type\":\"Person\",\"@id\":\"https:\\\/\\\/www.laguiadepamplona.com\\\/actualidad\\\/#\\\/schema\\\/person\\\/efe887376f0213d4657c93adc50b1fdb\",\"name\":\"La Gu\u00eda de Pamplona\",\"image\":{\"@type\":\"ImageObject\",\"inLanguage\":\"es\",\"@id\":\"https:\\\/\\\/secure.gravatar.com\\\/avatar\\\/b6992f131dc8d30ab0dff15446e9d346d9dbd95992de0fef795073f5ea83a81c?s=96&d=mm&r=g\",\"url\":\"https:\\\/\\\/secure.gravatar.com\\\/avatar\\\/b6992f131dc8d30ab0dff15446e9d346d9dbd95992de0fef795073f5ea83a81c?s=96&d=mm&r=g\",\"contentUrl\":\"https:\\\/\\\/secure.gravatar.com\\\/avatar\\\/b6992f131dc8d30ab0dff15446e9d346d9dbd95992de0fef795073f5ea83a81c?s=96&d=mm&r=g\",\"caption\":\"La Gu\u00eda de Pamplona\"}}]}<\/script>\n<!-- \/ Yoast SEO plugin. -->","yoast_head_json":{"title":"Una profesora y una periodista reflexionar\u00e1n ma\u00f1ana en el INAP sobre el papel que tienen de las mujeres en la transmisi\u00f3n del euskera","robots":{"index":"index","follow":"follow","max-snippet":"max-snippet:-1","max-image-preview":"max-image-preview:large","max-video-preview":"max-video-preview:-1"},"canonical":"https:\/\/www.laguiadepamplona.com\/actualidad\/una-profesora-y-una-periodista-reflexionaran-manana-en-el-inap-sobre-el-papel-que-tienen-de-las-mujeres-en-la-transmision-del-euskera\/","og_locale":"es_ES","og_type":"article","og_title":"Una profesora y una periodista reflexionar\u00e1n ma\u00f1ana en el INAP sobre el papel que tienen de las mujeres en la transmisi\u00f3n del euskera","og_description":"El encuentro entre Idurre Eskisabel y Reyes Ilintxeta forma parte de las actividades \u2018Hemen baditu 14\/ Aqu\u00ed ya 14\u2019 que quiere homenajear a 14 mujeres","og_url":"https:\/\/www.laguiadepamplona.com\/actualidad\/una-profesora-y-una-periodista-reflexionaran-manana-en-el-inap-sobre-el-papel-que-tienen-de-las-mujeres-en-la-transmision-del-euskera\/","og_site_name":"La Gu\u00eda de Pamplona","article_publisher":"https:\/\/www.facebook.com\/laguiadepamplonacom-133175176762273\/?ref=hl","article_published_time":"2019-12-16T14:45:32+00:00","article_modified_time":"2019-12-16T14:45:49+00:00","og_image":[{"width":1920,"height":1100,"url":"https:\/\/www.laguiadepamplona.com\/actualidad\/wp-content\/uploads\/2019\/05\/ayuntamiento-pamplona-laguiadepamplona.jpg","type":"image\/jpeg"}],"author":"La Gu\u00eda de Pamplona","twitter_card":"summary_large_image","twitter_creator":"@LaGuiadPamplona","twitter_site":"@LaGuiadPamplona","twitter_misc":{"Escrito por":"La Gu\u00eda de Pamplona","Tiempo de lectura":"2 minutos"},"schema":{"@context":"https:\/\/schema.org","@graph":[{"@type":"Article","@id":"https:\/\/www.laguiadepamplona.com\/actualidad\/una-profesora-y-una-periodista-reflexionaran-manana-en-el-inap-sobre-el-papel-que-tienen-de-las-mujeres-en-la-transmision-del-euskera\/#article","isPartOf":{"@id":"https:\/\/www.laguiadepamplona.com\/actualidad\/una-profesora-y-una-periodista-reflexionaran-manana-en-el-inap-sobre-el-papel-que-tienen-de-las-mujeres-en-la-transmision-del-euskera\/"},"author":{"name":"La Gu\u00eda de Pamplona","@id":"https:\/\/www.laguiadepamplona.com\/actualidad\/#\/schema\/person\/efe887376f0213d4657c93adc50b1fdb"},"headline":"Una profesora y una periodista reflexionar\u00e1n ma\u00f1ana en el INAP sobre el papel que tienen de las mujeres en la transmisi\u00f3n del euskera","datePublished":"2019-12-16T14:45:32+00:00","dateModified":"2019-12-16T14:45:49+00:00","mainEntityOfPage":{"@id":"https:\/\/www.laguiadepamplona.com\/actualidad\/una-profesora-y-una-periodista-reflexionaran-manana-en-el-inap-sobre-el-papel-que-tienen-de-las-mujeres-en-la-transmision-del-euskera\/"},"wordCount":412,"commentCount":0,"publisher":{"@id":"https:\/\/www.laguiadepamplona.com\/actualidad\/#organization"},"image":{"@id":"https:\/\/www.laguiadepamplona.com\/actualidad\/una-profesora-y-una-periodista-reflexionaran-manana-en-el-inap-sobre-el-papel-que-tienen-de-las-mujeres-en-la-transmision-del-euskera\/#primaryimage"},"thumbnailUrl":"https:\/\/www.laguiadepamplona.com\/actualidad\/wp-content\/uploads\/2019\/05\/ayuntamiento-pamplona-laguiadepamplona.jpg","articleSection":["Ayto Pamplona"],"inLanguage":"es","potentialAction":[{"@type":"CommentAction","name":"Comment","target":["https:\/\/www.laguiadepamplona.com\/actualidad\/una-profesora-y-una-periodista-reflexionaran-manana-en-el-inap-sobre-el-papel-que-tienen-de-las-mujeres-en-la-transmision-del-euskera\/#respond"]}]},{"@type":"WebPage","@id":"https:\/\/www.laguiadepamplona.com\/actualidad\/una-profesora-y-una-periodista-reflexionaran-manana-en-el-inap-sobre-el-papel-que-tienen-de-las-mujeres-en-la-transmision-del-euskera\/","url":"https:\/\/www.laguiadepamplona.com\/actualidad\/una-profesora-y-una-periodista-reflexionaran-manana-en-el-inap-sobre-el-papel-que-tienen-de-las-mujeres-en-la-transmision-del-euskera\/","name":"Una profesora y una periodista reflexionar\u00e1n ma\u00f1ana en el INAP sobre el papel que tienen de las mujeres en la transmisi\u00f3n del euskera","isPartOf":{"@id":"https:\/\/www.laguiadepamplona.com\/actualidad\/#website"},"primaryImageOfPage":{"@id":"https:\/\/www.laguiadepamplona.com\/actualidad\/una-profesora-y-una-periodista-reflexionaran-manana-en-el-inap-sobre-el-papel-que-tienen-de-las-mujeres-en-la-transmision-del-euskera\/#primaryimage"},"image":{"@id":"https:\/\/www.laguiadepamplona.com\/actualidad\/una-profesora-y-una-periodista-reflexionaran-manana-en-el-inap-sobre-el-papel-que-tienen-de-las-mujeres-en-la-transmision-del-euskera\/#primaryimage"},"thumbnailUrl":"https:\/\/www.laguiadepamplona.com\/actualidad\/wp-content\/uploads\/2019\/05\/ayuntamiento-pamplona-laguiadepamplona.jpg","datePublished":"2019-12-16T14:45:32+00:00","dateModified":"2019-12-16T14:45:49+00:00","breadcrumb":{"@id":"https:\/\/www.laguiadepamplona.com\/actualidad\/una-profesora-y-una-periodista-reflexionaran-manana-en-el-inap-sobre-el-papel-que-tienen-de-las-mujeres-en-la-transmision-del-euskera\/#breadcrumb"},"inLanguage":"es","potentialAction":[{"@type":"ReadAction","target":["https:\/\/www.laguiadepamplona.com\/actualidad\/una-profesora-y-una-periodista-reflexionaran-manana-en-el-inap-sobre-el-papel-que-tienen-de-las-mujeres-en-la-transmision-del-euskera\/"]}]},{"@type":"ImageObject","inLanguage":"es","@id":"https:\/\/www.laguiadepamplona.com\/actualidad\/una-profesora-y-una-periodista-reflexionaran-manana-en-el-inap-sobre-el-papel-que-tienen-de-las-mujeres-en-la-transmision-del-euskera\/#primaryimage","url":"https:\/\/www.laguiadepamplona.com\/actualidad\/wp-content\/uploads\/2019\/05\/ayuntamiento-pamplona-laguiadepamplona.jpg","contentUrl":"https:\/\/www.laguiadepamplona.com\/actualidad\/wp-content\/uploads\/2019\/05\/ayuntamiento-pamplona-laguiadepamplona.jpg","width":1920,"height":1100},{"@type":"BreadcrumbList","@id":"https:\/\/www.laguiadepamplona.com\/actualidad\/una-profesora-y-una-periodista-reflexionaran-manana-en-el-inap-sobre-el-papel-que-tienen-de-las-mujeres-en-la-transmision-del-euskera\/#breadcrumb","itemListElement":[{"@type":"ListItem","position":1,"name":"Portada","item":"https:\/\/www.laguiadepamplona.com\/actualidad\/"},{"@type":"ListItem","position":2,"name":"Una profesora y una periodista reflexionar\u00e1n ma\u00f1ana en el INAP sobre el papel que tienen de las mujeres en la transmisi\u00f3n del euskera"}]},{"@type":"WebSite","@id":"https:\/\/www.laguiadepamplona.com\/actualidad\/#website","url":"https:\/\/www.laguiadepamplona.com\/actualidad\/","name":"La gu\u00eda de Pamplona","description":"Noticias de Pamplona","publisher":{"@id":"https:\/\/www.laguiadepamplona.com\/actualidad\/#organization"},"potentialAction":[{"@type":"SearchAction","target":{"@type":"EntryPoint","urlTemplate":"https:\/\/www.laguiadepamplona.com\/actualidad\/?s={search_term_string}"},"query-input":{"@type":"PropertyValueSpecification","valueRequired":true,"valueName":"search_term_string"}}],"inLanguage":"es"},{"@type":"Organization","@id":"https:\/\/www.laguiadepamplona.com\/actualidad\/#organization","name":"La Gu\u00eda de Pamplona \/ Noticias","url":"https:\/\/www.laguiadepamplona.com\/actualidad\/","logo":{"@type":"ImageObject","inLanguage":"es","@id":"https:\/\/www.laguiadepamplona.com\/actualidad\/#\/schema\/logo\/image\/","url":"https:\/\/www.laguiadepamplona.com\/actualidad\/wp-content\/uploads\/2018\/11\/logo-laguiadepamplona18-web1.png","contentUrl":"https:\/\/www.laguiadepamplona.com\/actualidad\/wp-content\/uploads\/2018\/11\/logo-laguiadepamplona18-web1.png","width":600,"height":196,"caption":"La Gu\u00eda de Pamplona \/ Noticias"},"image":{"@id":"https:\/\/www.laguiadepamplona.com\/actualidad\/#\/schema\/logo\/image\/"},"sameAs":["https:\/\/www.facebook.com\/laguiadepamplonacom-133175176762273\/?ref=hl","https:\/\/x.com\/LaGuiadPamplona","https:\/\/www.instagram.com\/la_guia_de_pamplona\/","https:\/\/www.youtube.com\/user\/laguiadepamplona"]},{"@type":"Person","@id":"https:\/\/www.laguiadepamplona.com\/actualidad\/#\/schema\/person\/efe887376f0213d4657c93adc50b1fdb","name":"La Gu\u00eda de Pamplona","image":{"@type":"ImageObject","inLanguage":"es","@id":"https:\/\/secure.gravatar.com\/avatar\/b6992f131dc8d30ab0dff15446e9d346d9dbd95992de0fef795073f5ea83a81c?s=96&d=mm&r=g","url":"https:\/\/secure.gravatar.com\/avatar\/b6992f131dc8d30ab0dff15446e9d346d9dbd95992de0fef795073f5ea83a81c?s=96&d=mm&r=g","contentUrl":"https:\/\/secure.gravatar.com\/avatar\/b6992f131dc8d30ab0dff15446e9d346d9dbd95992de0fef795073f5ea83a81c?s=96&d=mm&r=g","caption":"La Gu\u00eda de Pamplona"}}]}},"post_mailing_queue_ids":[],"_links":{"self":[{"href":"https:\/\/www.laguiadepamplona.com\/actualidad\/wp-json\/wp\/v2\/posts\/26829","targetHints":{"allow":["GET"]}}],"collection":[{"href":"https:\/\/www.laguiadepamplona.com\/actualidad\/wp-json\/wp\/v2\/posts"}],"about":[{"href":"https:\/\/www.laguiadepamplona.com\/actualidad\/wp-json\/wp\/v2\/types\/post"}],"author":[{"embeddable":true,"href":"https:\/\/www.laguiadepamplona.com\/actualidad\/wp-json\/wp\/v2\/users\/1"}],"replies":[{"embeddable":true,"href":"https:\/\/www.laguiadepamplona.com\/actualidad\/wp-json\/wp\/v2\/comments?post=26829"}],"version-history":[{"count":0,"href":"https:\/\/www.laguiadepamplona.com\/actualidad\/wp-json\/wp\/v2\/posts\/26829\/revisions"}],"wp:featuredmedia":[{"embeddable":true,"href":"https:\/\/www.laguiadepamplona.com\/actualidad\/wp-json\/wp\/v2\/media\/21939"}],"wp:attachment":[{"href":"https:\/\/www.laguiadepamplona.com\/actualidad\/wp-json\/wp\/v2\/media?parent=26829"}],"wp:term":[{"taxonomy":"category","embeddable":true,"href":"https:\/\/www.laguiadepamplona.com\/actualidad\/wp-json\/wp\/v2\/categories?post=26829"},{"taxonomy":"post_tag","embeddable":true,"href":"https:\/\/www.laguiadepamplona.com\/actualidad\/wp-json\/wp\/v2\/tags?post=26829"}],"curies":[{"name":"wp","href":"https:\/\/api.w.org\/{rel}","templated":true}]}}