{"id":26819,"date":"2019-12-16T16:42:42","date_gmt":"2019-12-16T14:42:42","guid":{"rendered":"https:\/\/www.laguiadepamplona.es\/actualidad\/?p=26819"},"modified":"2019-12-16T16:42:57","modified_gmt":"2019-12-16T14:42:57","slug":"el-ayuntamiento-preve-destinar-el-ano-que-viene-307-725-euros-a-atender-a-menores-y-mujeres-en-dificultad-social-en-muchos-casos-con-problemas-de-violencia-de-genero","status":"publish","type":"post","link":"https:\/\/www.laguiadepamplona.com\/actualidad\/el-ayuntamiento-preve-destinar-el-ano-que-viene-307-725-euros-a-atender-a-menores-y-mujeres-en-dificultad-social-en-muchos-casos-con-problemas-de-violencia-de-genero\/","title":{"rendered":"El Ayuntamiento prev\u00e9 destinar el a\u00f1o que viene 307.725 euros a atender a menores y mujeres en dificultad social, en muchos casos con problemas de violencia de g\u00e9nero"},"content":{"rendered":"<h5>La Junta de Gobierno Local aprueba las condiciones de licitaci\u00f3n de un contrato de gesti\u00f3n que el pasado d\u00eda 1 acog\u00eda a 28 mujeres y 36 menores<\/h5>\n<p><!--more--><\/p>\n<p>La Junta de Gobierno Local del Ayuntamiento de Pamplona ha aprobado esta ma\u00f1ana iniciar el procedimiento de licitaci\u00f3n del programa de atenci\u00f3n integral de las mujeres y sus hijos e hijas en dificultad social y\/o con problem\u00e1tica de violencia de g\u00e9nero. Este programa se dirige fundamentalmente a trabajar con mujeres que encajan en ese perfil y a las que se apoya y asesora para lograr su incorporaci\u00f3n sociolaboral y que alcancen una mayor estabilidad, tanto en lo personal, como en aspectos b\u00e1sicos de alojamiento o cobertura econ\u00f3mica, siempre teniendo en cuenta la perspectiva de g\u00e9nero.<\/p>\n<p><script async src=\"\/\/pagead2.googlesyndication.com\/pagead\/js\/adsbygoogle.js\"><\/script><br \/>\n<!-- Noticias La Guia de Pamplona --><br \/>\n<ins class=\"adsbygoogle\"\nstyle=\"display:block\"\ndata-ad-client=\"ca-pub-6943679897239327\"\ndata-ad-slot=\"7048180777\"\ndata-ad-format=\"auto\"><\/ins><br \/>\n<script>\n(adsbygoogle = window.adsbygoogle || []).push({});\n<\/script><\/p>\n<p>Entre enero y noviembre de 2019, a trav\u00e9s de este programa se ha atendido a 41 mujeres y 51 menores. En el balance provisional de este a\u00f1o, 13 mujeres han salido del programa por fin de su proceso, y otras 17 se han incorporado a sus prestaciones. Concretamente el 1 de diciembre estaban siendo atendidos 28 mujeres y 36 menores.<\/p>\n<p>El contrato, una vez adjudicado, tendr\u00e1 vigencia del 1 de enero de 2020, hasta el 31 de diciembre de ese mismo a\u00f1o, aunque est\u00e1 prevista la posibilidad de pr\u00f3rroga durante cuatro anualidades m\u00e1s. El importe de salida de la licitaci\u00f3n es de 307.725 euros (IVA excluido) para este primer a\u00f1o (1.538.626 millones de euros para los cuatro a\u00f1os). La licitaci\u00f3n aparecer\u00e1 pr\u00f3ximamente en el Portal de Contrataci\u00f3n de Navarra y en el Diario oficial de la Uni\u00f3n Europea (DOUE).<\/p>\n<p>Esta l\u00ednea de trabajo del \u00c1rea de Servicios Sociales, Acci\u00f3n Comunitaria y Deporte se enmarca en las necesidades identificadas por el Servicio Municipal de Atenci\u00f3n a la Mujer (SMAM), un servicio especializado del Ayuntamiento de Pamplona, adscrito al \u00c1rea de Servicios Sociales Acci\u00f3n Comunitaria y Deporte, que presta una atenci\u00f3n integral y global a las mujeres que presentan problem\u00e1ticas relacionadas con violencia de g\u00e9nero, situaciones de desigualdad o desequilibro por raz\u00f3n de g\u00e9nero y requieren medidas espec\u00edficas de protecci\u00f3n y apoyo.<\/p>\n<p>El SMAM se encuentra ubicado en la avenida Marcelo Celayeta, 51- bajo (edificio de La Carbonilla). Adem\u00e1s, se puede contactar con su personal por tel\u00e9fono en el 948420940 o v\u00eda mail: <a href=\"mailto:SMAM@pamplona.es\">SMAM@pamplona.es<\/a>. En los 10 primeros meses del a\u00f1o el SMAM ha atendido a 558 personas. De ellas, 226 acud\u00edan al servicio por vez primera.<\/p>\n<p><script async src=\"\/\/pagead2.googlesyndication.com\/pagead\/js\/adsbygoogle.js\"><\/script><br \/>\n<!-- Noticias La Guia de Pamplona --><br \/>\n<ins class=\"adsbygoogle\"\nstyle=\"display:block\"\ndata-ad-client=\"ca-pub-6943679897239327\"\ndata-ad-slot=\"7048180777\"\ndata-ad-format=\"auto\"><\/ins><br \/>\n<script>\n(adsbygoogle = window.adsbygoogle || []).push({});\n<\/script><\/p>\n<p><strong>Proteger y ayudar a mujeres y sus hijas e hijos<\/strong><\/p>\n<p>El contrato cuya licitaci\u00f3n se ha aprobado hoy tiene por objeto facilitar la gesti\u00f3n de atenci\u00f3n psico-social y educativa. La poblaci\u00f3n a la que se destina son mujeres con hijos e hijas que deban afrontar solas, o con apoyos insuficientes, carencias en diversos \u00e1mbitos: el personal, el familiar, la precariedad econ\u00f3mica, la escasa formaci\u00f3n y desempleo o la precariedad laboral, y la falta de alojamiento.<\/p>\n<p>Este contrato se enmarca espec\u00edficamente en DUO, el programa municipal \u2018Date una oportunidad. Tienes apoyos\u2019, que comenz\u00f3 su andadura en 1996 y que gener\u00f3 una l\u00ednea de trabajo espec\u00edfico con mujeres gestantes en el a\u00f1o 2001. Hoy el equipo profesional que gestiona DUO est\u00e1 compuesto por 8 personas que trabajan a jornada completa<\/p>\n<p>Para poder participar en el programa por derivaci\u00f3n del SMAM, esas mujeres deben encontrarse en alguna de las siguientes situaciones: padecer violencia de g\u00e9nero que no requiera especiales medidas de seguridad, pero s\u00ed una intervenci\u00f3n dirigida a la recuperaci\u00f3n de la propia mujer y de sus hijos e hijas; estar inmersas en procesos de separaci\u00f3n con convivencia conflictiva o no apropiada para los hijos; encontrarse en procesos de abandono de la prostituci\u00f3n; necesidad de adoptar medidas de protecci\u00f3n (separaci\u00f3n) hacia los menores por la detecci\u00f3n de indicios de maltrato o abusos sexuales por parte del progenitor; o mujeres gestantes o con hijos menores de cuatro meses que no cuentan con recursos econ\u00f3micos y de vivienda propios y que deben afrontar su embarazo y maternidad en solitario por carecer de apoyos familiares y\/o sociales, o por resultar estos insuficientes.<\/p>\n<p>&nbsp;<\/p>\n","protected":false},"excerpt":{"rendered":"<p>La Junta de Gobierno Local aprueba las condiciones de licitaci\u00f3n de un contrato de gesti\u00f3n que el pasado d\u00eda 1 acog\u00eda a 28 mujeres y 36 menores<\/p>\n","protected":false},"author":1,"featured_media":21939,"comment_status":"open","ping_status":"closed","sticky":false,"template":"","format":"standard","meta":{"footnotes":""},"categories":[2],"tags":[],"class_list":["post-26819","post","type-post","status-publish","format-standard","has-post-thumbnail","hentry","category-ayuntamiento-pamplona"],"yoast_head":"<!-- This site is optimized with the Yoast SEO plugin v27.5 - https:\/\/yoast.com\/product\/yoast-seo-wordpress\/ -->\n<title>El Ayuntamiento prev\u00e9 destinar el a\u00f1o que viene 307.725 euros a atender a menores y mujeres en dificultad social, en muchos casos con problemas de violencia de g\u00e9nero<\/title>\n<meta name=\"robots\" content=\"index, follow, max-snippet:-1, max-image-preview:large, max-video-preview:-1\" \/>\n<link rel=\"canonical\" href=\"https:\/\/www.laguiadepamplona.com\/actualidad\/el-ayuntamiento-preve-destinar-el-ano-que-viene-307-725-euros-a-atender-a-menores-y-mujeres-en-dificultad-social-en-muchos-casos-con-problemas-de-violencia-de-genero\/\" \/>\n<meta property=\"og:locale\" content=\"es_ES\" \/>\n<meta property=\"og:type\" content=\"article\" \/>\n<meta property=\"og:title\" content=\"El Ayuntamiento prev\u00e9 destinar el a\u00f1o que viene 307.725 euros a atender a menores y mujeres en dificultad social, en muchos casos con problemas de violencia de g\u00e9nero\" \/>\n<meta property=\"og:description\" content=\"La Junta de Gobierno Local aprueba las condiciones de licitaci\u00f3n de un contrato de gesti\u00f3n que el pasado d\u00eda 1 acog\u00eda a 28 mujeres y 36 menores\" \/>\n<meta property=\"og:url\" content=\"https:\/\/www.laguiadepamplona.com\/actualidad\/el-ayuntamiento-preve-destinar-el-ano-que-viene-307-725-euros-a-atender-a-menores-y-mujeres-en-dificultad-social-en-muchos-casos-con-problemas-de-violencia-de-genero\/\" \/>\n<meta property=\"og:site_name\" content=\"La Gu\u00eda de Pamplona\" \/>\n<meta property=\"article:publisher\" content=\"https:\/\/www.facebook.com\/laguiadepamplonacom-133175176762273\/?ref=hl\" \/>\n<meta property=\"article:published_time\" content=\"2019-12-16T14:42:42+00:00\" \/>\n<meta property=\"article:modified_time\" content=\"2019-12-16T14:42:57+00:00\" \/>\n<meta property=\"og:image\" content=\"https:\/\/www.laguiadepamplona.com\/actualidad\/wp-content\/uploads\/2019\/05\/ayuntamiento-pamplona-laguiadepamplona.jpg\" \/>\n\t<meta property=\"og:image:width\" content=\"1920\" \/>\n\t<meta property=\"og:image:height\" content=\"1100\" \/>\n\t<meta property=\"og:image:type\" content=\"image\/jpeg\" \/>\n<meta name=\"author\" content=\"La Gu\u00eda de Pamplona\" \/>\n<meta name=\"twitter:card\" content=\"summary_large_image\" \/>\n<meta name=\"twitter:creator\" content=\"@LaGuiadPamplona\" \/>\n<meta name=\"twitter:site\" content=\"@LaGuiadPamplona\" \/>\n<meta name=\"twitter:label1\" content=\"Escrito por\" \/>\n\t<meta name=\"twitter:data1\" content=\"La Gu\u00eda de Pamplona\" \/>\n\t<meta name=\"twitter:label2\" content=\"Tiempo de lectura\" \/>\n\t<meta name=\"twitter:data2\" content=\"4 minutos\" \/>\n<script type=\"application\/ld+json\" class=\"yoast-schema-graph\">{\"@context\":\"https:\\\/\\\/schema.org\",\"@graph\":[{\"@type\":\"Article\",\"@id\":\"https:\\\/\\\/www.laguiadepamplona.com\\\/actualidad\\\/el-ayuntamiento-preve-destinar-el-ano-que-viene-307-725-euros-a-atender-a-menores-y-mujeres-en-dificultad-social-en-muchos-casos-con-problemas-de-violencia-de-genero\\\/#article\",\"isPartOf\":{\"@id\":\"https:\\\/\\\/www.laguiadepamplona.com\\\/actualidad\\\/el-ayuntamiento-preve-destinar-el-ano-que-viene-307-725-euros-a-atender-a-menores-y-mujeres-en-dificultad-social-en-muchos-casos-con-problemas-de-violencia-de-genero\\\/\"},\"author\":{\"name\":\"La Gu\u00eda de Pamplona\",\"@id\":\"https:\\\/\\\/www.laguiadepamplona.com\\\/actualidad\\\/#\\\/schema\\\/person\\\/efe887376f0213d4657c93adc50b1fdb\"},\"headline\":\"El Ayuntamiento prev\u00e9 destinar el a\u00f1o que viene 307.725 euros a atender a menores y mujeres en dificultad social, en muchos casos con problemas de violencia de g\u00e9nero\",\"datePublished\":\"2019-12-16T14:42:42+00:00\",\"dateModified\":\"2019-12-16T14:42:57+00:00\",\"mainEntityOfPage\":{\"@id\":\"https:\\\/\\\/www.laguiadepamplona.com\\\/actualidad\\\/el-ayuntamiento-preve-destinar-el-ano-que-viene-307-725-euros-a-atender-a-menores-y-mujeres-en-dificultad-social-en-muchos-casos-con-problemas-de-violencia-de-genero\\\/\"},\"wordCount\":735,\"commentCount\":0,\"publisher\":{\"@id\":\"https:\\\/\\\/www.laguiadepamplona.com\\\/actualidad\\\/#organization\"},\"image\":{\"@id\":\"https:\\\/\\\/www.laguiadepamplona.com\\\/actualidad\\\/el-ayuntamiento-preve-destinar-el-ano-que-viene-307-725-euros-a-atender-a-menores-y-mujeres-en-dificultad-social-en-muchos-casos-con-problemas-de-violencia-de-genero\\\/#primaryimage\"},\"thumbnailUrl\":\"https:\\\/\\\/www.laguiadepamplona.com\\\/actualidad\\\/wp-content\\\/uploads\\\/2019\\\/05\\\/ayuntamiento-pamplona-laguiadepamplona.jpg\",\"articleSection\":[\"Ayto Pamplona\"],\"inLanguage\":\"es\",\"potentialAction\":[{\"@type\":\"CommentAction\",\"name\":\"Comment\",\"target\":[\"https:\\\/\\\/www.laguiadepamplona.com\\\/actualidad\\\/el-ayuntamiento-preve-destinar-el-ano-que-viene-307-725-euros-a-atender-a-menores-y-mujeres-en-dificultad-social-en-muchos-casos-con-problemas-de-violencia-de-genero\\\/#respond\"]}]},{\"@type\":\"WebPage\",\"@id\":\"https:\\\/\\\/www.laguiadepamplona.com\\\/actualidad\\\/el-ayuntamiento-preve-destinar-el-ano-que-viene-307-725-euros-a-atender-a-menores-y-mujeres-en-dificultad-social-en-muchos-casos-con-problemas-de-violencia-de-genero\\\/\",\"url\":\"https:\\\/\\\/www.laguiadepamplona.com\\\/actualidad\\\/el-ayuntamiento-preve-destinar-el-ano-que-viene-307-725-euros-a-atender-a-menores-y-mujeres-en-dificultad-social-en-muchos-casos-con-problemas-de-violencia-de-genero\\\/\",\"name\":\"El Ayuntamiento prev\u00e9 destinar el a\u00f1o que viene 307.725 euros a atender a menores y mujeres en dificultad social, en muchos casos con problemas de violencia de g\u00e9nero\",\"isPartOf\":{\"@id\":\"https:\\\/\\\/www.laguiadepamplona.com\\\/actualidad\\\/#website\"},\"primaryImageOfPage\":{\"@id\":\"https:\\\/\\\/www.laguiadepamplona.com\\\/actualidad\\\/el-ayuntamiento-preve-destinar-el-ano-que-viene-307-725-euros-a-atender-a-menores-y-mujeres-en-dificultad-social-en-muchos-casos-con-problemas-de-violencia-de-genero\\\/#primaryimage\"},\"image\":{\"@id\":\"https:\\\/\\\/www.laguiadepamplona.com\\\/actualidad\\\/el-ayuntamiento-preve-destinar-el-ano-que-viene-307-725-euros-a-atender-a-menores-y-mujeres-en-dificultad-social-en-muchos-casos-con-problemas-de-violencia-de-genero\\\/#primaryimage\"},\"thumbnailUrl\":\"https:\\\/\\\/www.laguiadepamplona.com\\\/actualidad\\\/wp-content\\\/uploads\\\/2019\\\/05\\\/ayuntamiento-pamplona-laguiadepamplona.jpg\",\"datePublished\":\"2019-12-16T14:42:42+00:00\",\"dateModified\":\"2019-12-16T14:42:57+00:00\",\"breadcrumb\":{\"@id\":\"https:\\\/\\\/www.laguiadepamplona.com\\\/actualidad\\\/el-ayuntamiento-preve-destinar-el-ano-que-viene-307-725-euros-a-atender-a-menores-y-mujeres-en-dificultad-social-en-muchos-casos-con-problemas-de-violencia-de-genero\\\/#breadcrumb\"},\"inLanguage\":\"es\",\"potentialAction\":[{\"@type\":\"ReadAction\",\"target\":[\"https:\\\/\\\/www.laguiadepamplona.com\\\/actualidad\\\/el-ayuntamiento-preve-destinar-el-ano-que-viene-307-725-euros-a-atender-a-menores-y-mujeres-en-dificultad-social-en-muchos-casos-con-problemas-de-violencia-de-genero\\\/\"]}]},{\"@type\":\"ImageObject\",\"inLanguage\":\"es\",\"@id\":\"https:\\\/\\\/www.laguiadepamplona.com\\\/actualidad\\\/el-ayuntamiento-preve-destinar-el-ano-que-viene-307-725-euros-a-atender-a-menores-y-mujeres-en-dificultad-social-en-muchos-casos-con-problemas-de-violencia-de-genero\\\/#primaryimage\",\"url\":\"https:\\\/\\\/www.laguiadepamplona.com\\\/actualidad\\\/wp-content\\\/uploads\\\/2019\\\/05\\\/ayuntamiento-pamplona-laguiadepamplona.jpg\",\"contentUrl\":\"https:\\\/\\\/www.laguiadepamplona.com\\\/actualidad\\\/wp-content\\\/uploads\\\/2019\\\/05\\\/ayuntamiento-pamplona-laguiadepamplona.jpg\",\"width\":1920,\"height\":1100},{\"@type\":\"BreadcrumbList\",\"@id\":\"https:\\\/\\\/www.laguiadepamplona.com\\\/actualidad\\\/el-ayuntamiento-preve-destinar-el-ano-que-viene-307-725-euros-a-atender-a-menores-y-mujeres-en-dificultad-social-en-muchos-casos-con-problemas-de-violencia-de-genero\\\/#breadcrumb\",\"itemListElement\":[{\"@type\":\"ListItem\",\"position\":1,\"name\":\"Portada\",\"item\":\"https:\\\/\\\/www.laguiadepamplona.com\\\/actualidad\\\/\"},{\"@type\":\"ListItem\",\"position\":2,\"name\":\"El Ayuntamiento prev\u00e9 destinar el a\u00f1o que viene 307.725 euros a atender a menores y mujeres en dificultad social, en muchos casos con problemas de violencia de g\u00e9nero\"}]},{\"@type\":\"WebSite\",\"@id\":\"https:\\\/\\\/www.laguiadepamplona.com\\\/actualidad\\\/#website\",\"url\":\"https:\\\/\\\/www.laguiadepamplona.com\\\/actualidad\\\/\",\"name\":\"La gu\u00eda de Pamplona\",\"description\":\"Noticias de Pamplona\",\"publisher\":{\"@id\":\"https:\\\/\\\/www.laguiadepamplona.com\\\/actualidad\\\/#organization\"},\"potentialAction\":[{\"@type\":\"SearchAction\",\"target\":{\"@type\":\"EntryPoint\",\"urlTemplate\":\"https:\\\/\\\/www.laguiadepamplona.com\\\/actualidad\\\/?s={search_term_string}\"},\"query-input\":{\"@type\":\"PropertyValueSpecification\",\"valueRequired\":true,\"valueName\":\"search_term_string\"}}],\"inLanguage\":\"es\"},{\"@type\":\"Organization\",\"@id\":\"https:\\\/\\\/www.laguiadepamplona.com\\\/actualidad\\\/#organization\",\"name\":\"La Gu\u00eda de Pamplona \\\/ Noticias\",\"url\":\"https:\\\/\\\/www.laguiadepamplona.com\\\/actualidad\\\/\",\"logo\":{\"@type\":\"ImageObject\",\"inLanguage\":\"es\",\"@id\":\"https:\\\/\\\/www.laguiadepamplona.com\\\/actualidad\\\/#\\\/schema\\\/logo\\\/image\\\/\",\"url\":\"https:\\\/\\\/www.laguiadepamplona.com\\\/actualidad\\\/wp-content\\\/uploads\\\/2018\\\/11\\\/logo-laguiadepamplona18-web1.png\",\"contentUrl\":\"https:\\\/\\\/www.laguiadepamplona.com\\\/actualidad\\\/wp-content\\\/uploads\\\/2018\\\/11\\\/logo-laguiadepamplona18-web1.png\",\"width\":600,\"height\":196,\"caption\":\"La Gu\u00eda de Pamplona \\\/ Noticias\"},\"image\":{\"@id\":\"https:\\\/\\\/www.laguiadepamplona.com\\\/actualidad\\\/#\\\/schema\\\/logo\\\/image\\\/\"},\"sameAs\":[\"https:\\\/\\\/www.facebook.com\\\/laguiadepamplonacom-133175176762273\\\/?ref=hl\",\"https:\\\/\\\/x.com\\\/LaGuiadPamplona\",\"https:\\\/\\\/www.instagram.com\\\/la_guia_de_pamplona\\\/\",\"https:\\\/\\\/www.youtube.com\\\/user\\\/laguiadepamplona\"]},{\"@type\":\"Person\",\"@id\":\"https:\\\/\\\/www.laguiadepamplona.com\\\/actualidad\\\/#\\\/schema\\\/person\\\/efe887376f0213d4657c93adc50b1fdb\",\"name\":\"La Gu\u00eda de Pamplona\",\"image\":{\"@type\":\"ImageObject\",\"inLanguage\":\"es\",\"@id\":\"https:\\\/\\\/secure.gravatar.com\\\/avatar\\\/b6992f131dc8d30ab0dff15446e9d346d9dbd95992de0fef795073f5ea83a81c?s=96&d=mm&r=g\",\"url\":\"https:\\\/\\\/secure.gravatar.com\\\/avatar\\\/b6992f131dc8d30ab0dff15446e9d346d9dbd95992de0fef795073f5ea83a81c?s=96&d=mm&r=g\",\"contentUrl\":\"https:\\\/\\\/secure.gravatar.com\\\/avatar\\\/b6992f131dc8d30ab0dff15446e9d346d9dbd95992de0fef795073f5ea83a81c?s=96&d=mm&r=g\",\"caption\":\"La Gu\u00eda de Pamplona\"}}]}<\/script>\n<!-- \/ Yoast SEO plugin. -->","yoast_head_json":{"title":"El Ayuntamiento prev\u00e9 destinar el a\u00f1o que viene 307.725 euros a atender a menores y mujeres en dificultad social, en muchos casos con problemas de violencia de g\u00e9nero","robots":{"index":"index","follow":"follow","max-snippet":"max-snippet:-1","max-image-preview":"max-image-preview:large","max-video-preview":"max-video-preview:-1"},"canonical":"https:\/\/www.laguiadepamplona.com\/actualidad\/el-ayuntamiento-preve-destinar-el-ano-que-viene-307-725-euros-a-atender-a-menores-y-mujeres-en-dificultad-social-en-muchos-casos-con-problemas-de-violencia-de-genero\/","og_locale":"es_ES","og_type":"article","og_title":"El Ayuntamiento prev\u00e9 destinar el a\u00f1o que viene 307.725 euros a atender a menores y mujeres en dificultad social, en muchos casos con problemas de violencia de g\u00e9nero","og_description":"La Junta de Gobierno Local aprueba las condiciones de licitaci\u00f3n de un contrato de gesti\u00f3n que el pasado d\u00eda 1 acog\u00eda a 28 mujeres y 36 menores","og_url":"https:\/\/www.laguiadepamplona.com\/actualidad\/el-ayuntamiento-preve-destinar-el-ano-que-viene-307-725-euros-a-atender-a-menores-y-mujeres-en-dificultad-social-en-muchos-casos-con-problemas-de-violencia-de-genero\/","og_site_name":"La Gu\u00eda de Pamplona","article_publisher":"https:\/\/www.facebook.com\/laguiadepamplonacom-133175176762273\/?ref=hl","article_published_time":"2019-12-16T14:42:42+00:00","article_modified_time":"2019-12-16T14:42:57+00:00","og_image":[{"width":1920,"height":1100,"url":"https:\/\/www.laguiadepamplona.com\/actualidad\/wp-content\/uploads\/2019\/05\/ayuntamiento-pamplona-laguiadepamplona.jpg","type":"image\/jpeg"}],"author":"La Gu\u00eda de Pamplona","twitter_card":"summary_large_image","twitter_creator":"@LaGuiadPamplona","twitter_site":"@LaGuiadPamplona","twitter_misc":{"Escrito por":"La Gu\u00eda de Pamplona","Tiempo de lectura":"4 minutos"},"schema":{"@context":"https:\/\/schema.org","@graph":[{"@type":"Article","@id":"https:\/\/www.laguiadepamplona.com\/actualidad\/el-ayuntamiento-preve-destinar-el-ano-que-viene-307-725-euros-a-atender-a-menores-y-mujeres-en-dificultad-social-en-muchos-casos-con-problemas-de-violencia-de-genero\/#article","isPartOf":{"@id":"https:\/\/www.laguiadepamplona.com\/actualidad\/el-ayuntamiento-preve-destinar-el-ano-que-viene-307-725-euros-a-atender-a-menores-y-mujeres-en-dificultad-social-en-muchos-casos-con-problemas-de-violencia-de-genero\/"},"author":{"name":"La Gu\u00eda de Pamplona","@id":"https:\/\/www.laguiadepamplona.com\/actualidad\/#\/schema\/person\/efe887376f0213d4657c93adc50b1fdb"},"headline":"El Ayuntamiento prev\u00e9 destinar el a\u00f1o que viene 307.725 euros a atender a menores y mujeres en dificultad social, en muchos casos con problemas de violencia de g\u00e9nero","datePublished":"2019-12-16T14:42:42+00:00","dateModified":"2019-12-16T14:42:57+00:00","mainEntityOfPage":{"@id":"https:\/\/www.laguiadepamplona.com\/actualidad\/el-ayuntamiento-preve-destinar-el-ano-que-viene-307-725-euros-a-atender-a-menores-y-mujeres-en-dificultad-social-en-muchos-casos-con-problemas-de-violencia-de-genero\/"},"wordCount":735,"commentCount":0,"publisher":{"@id":"https:\/\/www.laguiadepamplona.com\/actualidad\/#organization"},"image":{"@id":"https:\/\/www.laguiadepamplona.com\/actualidad\/el-ayuntamiento-preve-destinar-el-ano-que-viene-307-725-euros-a-atender-a-menores-y-mujeres-en-dificultad-social-en-muchos-casos-con-problemas-de-violencia-de-genero\/#primaryimage"},"thumbnailUrl":"https:\/\/www.laguiadepamplona.com\/actualidad\/wp-content\/uploads\/2019\/05\/ayuntamiento-pamplona-laguiadepamplona.jpg","articleSection":["Ayto Pamplona"],"inLanguage":"es","potentialAction":[{"@type":"CommentAction","name":"Comment","target":["https:\/\/www.laguiadepamplona.com\/actualidad\/el-ayuntamiento-preve-destinar-el-ano-que-viene-307-725-euros-a-atender-a-menores-y-mujeres-en-dificultad-social-en-muchos-casos-con-problemas-de-violencia-de-genero\/#respond"]}]},{"@type":"WebPage","@id":"https:\/\/www.laguiadepamplona.com\/actualidad\/el-ayuntamiento-preve-destinar-el-ano-que-viene-307-725-euros-a-atender-a-menores-y-mujeres-en-dificultad-social-en-muchos-casos-con-problemas-de-violencia-de-genero\/","url":"https:\/\/www.laguiadepamplona.com\/actualidad\/el-ayuntamiento-preve-destinar-el-ano-que-viene-307-725-euros-a-atender-a-menores-y-mujeres-en-dificultad-social-en-muchos-casos-con-problemas-de-violencia-de-genero\/","name":"El Ayuntamiento prev\u00e9 destinar el a\u00f1o que viene 307.725 euros a atender a menores y mujeres en dificultad social, en muchos casos con problemas de violencia de g\u00e9nero","isPartOf":{"@id":"https:\/\/www.laguiadepamplona.com\/actualidad\/#website"},"primaryImageOfPage":{"@id":"https:\/\/www.laguiadepamplona.com\/actualidad\/el-ayuntamiento-preve-destinar-el-ano-que-viene-307-725-euros-a-atender-a-menores-y-mujeres-en-dificultad-social-en-muchos-casos-con-problemas-de-violencia-de-genero\/#primaryimage"},"image":{"@id":"https:\/\/www.laguiadepamplona.com\/actualidad\/el-ayuntamiento-preve-destinar-el-ano-que-viene-307-725-euros-a-atender-a-menores-y-mujeres-en-dificultad-social-en-muchos-casos-con-problemas-de-violencia-de-genero\/#primaryimage"},"thumbnailUrl":"https:\/\/www.laguiadepamplona.com\/actualidad\/wp-content\/uploads\/2019\/05\/ayuntamiento-pamplona-laguiadepamplona.jpg","datePublished":"2019-12-16T14:42:42+00:00","dateModified":"2019-12-16T14:42:57+00:00","breadcrumb":{"@id":"https:\/\/www.laguiadepamplona.com\/actualidad\/el-ayuntamiento-preve-destinar-el-ano-que-viene-307-725-euros-a-atender-a-menores-y-mujeres-en-dificultad-social-en-muchos-casos-con-problemas-de-violencia-de-genero\/#breadcrumb"},"inLanguage":"es","potentialAction":[{"@type":"ReadAction","target":["https:\/\/www.laguiadepamplona.com\/actualidad\/el-ayuntamiento-preve-destinar-el-ano-que-viene-307-725-euros-a-atender-a-menores-y-mujeres-en-dificultad-social-en-muchos-casos-con-problemas-de-violencia-de-genero\/"]}]},{"@type":"ImageObject","inLanguage":"es","@id":"https:\/\/www.laguiadepamplona.com\/actualidad\/el-ayuntamiento-preve-destinar-el-ano-que-viene-307-725-euros-a-atender-a-menores-y-mujeres-en-dificultad-social-en-muchos-casos-con-problemas-de-violencia-de-genero\/#primaryimage","url":"https:\/\/www.laguiadepamplona.com\/actualidad\/wp-content\/uploads\/2019\/05\/ayuntamiento-pamplona-laguiadepamplona.jpg","contentUrl":"https:\/\/www.laguiadepamplona.com\/actualidad\/wp-content\/uploads\/2019\/05\/ayuntamiento-pamplona-laguiadepamplona.jpg","width":1920,"height":1100},{"@type":"BreadcrumbList","@id":"https:\/\/www.laguiadepamplona.com\/actualidad\/el-ayuntamiento-preve-destinar-el-ano-que-viene-307-725-euros-a-atender-a-menores-y-mujeres-en-dificultad-social-en-muchos-casos-con-problemas-de-violencia-de-genero\/#breadcrumb","itemListElement":[{"@type":"ListItem","position":1,"name":"Portada","item":"https:\/\/www.laguiadepamplona.com\/actualidad\/"},{"@type":"ListItem","position":2,"name":"El Ayuntamiento prev\u00e9 destinar el a\u00f1o que viene 307.725 euros a atender a menores y mujeres en dificultad social, en muchos casos con problemas de violencia de g\u00e9nero"}]},{"@type":"WebSite","@id":"https:\/\/www.laguiadepamplona.com\/actualidad\/#website","url":"https:\/\/www.laguiadepamplona.com\/actualidad\/","name":"La gu\u00eda de Pamplona","description":"Noticias de Pamplona","publisher":{"@id":"https:\/\/www.laguiadepamplona.com\/actualidad\/#organization"},"potentialAction":[{"@type":"SearchAction","target":{"@type":"EntryPoint","urlTemplate":"https:\/\/www.laguiadepamplona.com\/actualidad\/?s={search_term_string}"},"query-input":{"@type":"PropertyValueSpecification","valueRequired":true,"valueName":"search_term_string"}}],"inLanguage":"es"},{"@type":"Organization","@id":"https:\/\/www.laguiadepamplona.com\/actualidad\/#organization","name":"La Gu\u00eda de Pamplona \/ Noticias","url":"https:\/\/www.laguiadepamplona.com\/actualidad\/","logo":{"@type":"ImageObject","inLanguage":"es","@id":"https:\/\/www.laguiadepamplona.com\/actualidad\/#\/schema\/logo\/image\/","url":"https:\/\/www.laguiadepamplona.com\/actualidad\/wp-content\/uploads\/2018\/11\/logo-laguiadepamplona18-web1.png","contentUrl":"https:\/\/www.laguiadepamplona.com\/actualidad\/wp-content\/uploads\/2018\/11\/logo-laguiadepamplona18-web1.png","width":600,"height":196,"caption":"La Gu\u00eda de Pamplona \/ Noticias"},"image":{"@id":"https:\/\/www.laguiadepamplona.com\/actualidad\/#\/schema\/logo\/image\/"},"sameAs":["https:\/\/www.facebook.com\/laguiadepamplonacom-133175176762273\/?ref=hl","https:\/\/x.com\/LaGuiadPamplona","https:\/\/www.instagram.com\/la_guia_de_pamplona\/","https:\/\/www.youtube.com\/user\/laguiadepamplona"]},{"@type":"Person","@id":"https:\/\/www.laguiadepamplona.com\/actualidad\/#\/schema\/person\/efe887376f0213d4657c93adc50b1fdb","name":"La Gu\u00eda de Pamplona","image":{"@type":"ImageObject","inLanguage":"es","@id":"https:\/\/secure.gravatar.com\/avatar\/b6992f131dc8d30ab0dff15446e9d346d9dbd95992de0fef795073f5ea83a81c?s=96&d=mm&r=g","url":"https:\/\/secure.gravatar.com\/avatar\/b6992f131dc8d30ab0dff15446e9d346d9dbd95992de0fef795073f5ea83a81c?s=96&d=mm&r=g","contentUrl":"https:\/\/secure.gravatar.com\/avatar\/b6992f131dc8d30ab0dff15446e9d346d9dbd95992de0fef795073f5ea83a81c?s=96&d=mm&r=g","caption":"La Gu\u00eda de Pamplona"}}]}},"post_mailing_queue_ids":[],"_links":{"self":[{"href":"https:\/\/www.laguiadepamplona.com\/actualidad\/wp-json\/wp\/v2\/posts\/26819","targetHints":{"allow":["GET"]}}],"collection":[{"href":"https:\/\/www.laguiadepamplona.com\/actualidad\/wp-json\/wp\/v2\/posts"}],"about":[{"href":"https:\/\/www.laguiadepamplona.com\/actualidad\/wp-json\/wp\/v2\/types\/post"}],"author":[{"embeddable":true,"href":"https:\/\/www.laguiadepamplona.com\/actualidad\/wp-json\/wp\/v2\/users\/1"}],"replies":[{"embeddable":true,"href":"https:\/\/www.laguiadepamplona.com\/actualidad\/wp-json\/wp\/v2\/comments?post=26819"}],"version-history":[{"count":0,"href":"https:\/\/www.laguiadepamplona.com\/actualidad\/wp-json\/wp\/v2\/posts\/26819\/revisions"}],"wp:featuredmedia":[{"embeddable":true,"href":"https:\/\/www.laguiadepamplona.com\/actualidad\/wp-json\/wp\/v2\/media\/21939"}],"wp:attachment":[{"href":"https:\/\/www.laguiadepamplona.com\/actualidad\/wp-json\/wp\/v2\/media?parent=26819"}],"wp:term":[{"taxonomy":"category","embeddable":true,"href":"https:\/\/www.laguiadepamplona.com\/actualidad\/wp-json\/wp\/v2\/categories?post=26819"},{"taxonomy":"post_tag","embeddable":true,"href":"https:\/\/www.laguiadepamplona.com\/actualidad\/wp-json\/wp\/v2\/tags?post=26819"}],"curies":[{"name":"wp","href":"https:\/\/api.w.org\/{rel}","templated":true}]}}